{"id":962172,"date":"2017-12-03T15:06:25","date_gmt":"2017-12-03T15:06:25","guid":{"rendered":"http:\/\/www.eldigitaldeasturias.com\/noticias\/?p=962172"},"modified":"2017-12-03T15:06:25","modified_gmt":"2017-12-03T15:06:25","slug":"la-contratacion-de-personas-con-discapacidad-marca-un-nuevo-record-historico","status":"publish","type":"post","link":"https:\/\/www.eldigitaldeasturias.com\/noticias\/la-contratacion-de-personas-con-discapacidad-marca-un-nuevo-record-historico\/","title":{"rendered":"La contrataci\u00f3n de personas con discapacidad marca un nuevo record hist\u00f3rico"},"content":{"rendered":"<p><img loading=\"lazy\" decoding=\"async\" class=\"alignleft size-medium wp-image-962173\" src=\"https:\/\/www.eldigitaldeasturias.com\/noticias\/wp-content\/uploads\/2017\/12\/040917Afiliados-SS-360x239.jpg\" alt=\"\" width=\"360\" height=\"239\" srcset=\"https:\/\/www.eldigitaldeasturias.com\/noticias\/wp-content\/uploads\/2017\/12\/040917Afiliados-SS-360x239.jpg 360w, https:\/\/www.eldigitaldeasturias.com\/noticias\/wp-content\/uploads\/2017\/12\/040917Afiliados-SS.jpg 496w\" sizes=\"auto, (max-width: 360px) 100vw, 360px\" \/>En los diez primeros meses de 2017 se han firmado 258.637 contratos con personas con discapacidad, lo que supone un incremento del 16,46% respecto al mismo periodo de 2016, a\u00f1o que hasta ahora ostentaba el r\u00e9cord de la serie hist\u00f3rica.<\/p>\n<p>\u200bEn el D\u00eda Internacional de las Personas con Discapacidad, los datos de contrataci\u00f3n entre personas con discapacidad muestran un incremento sostenido de la contrataci\u00f3n de este colectivo en todas las Comunidades Aut\u00f3nomas.<\/p>\n<p>Asimismo, se registra un peso cada vez mayor peso de la contrataci\u00f3n indefinida, que hasta octubre de 2017 creci\u00f3 un 17,06%.<\/p>\n<p>La contrataci\u00f3n de personas con discapacidad ha crecido ininterrumpidamente desde 2012, y en 2014 se superaron por primera vez los 200.000 contratos. As\u00ed, entre 2012 y 2016 se han firmado un total de 1.299.467 contratos de personas con discapacidad.<\/p>\n","protected":false},"excerpt":{"rendered":"<p>En los diez primeros meses de 2017 se han firmado 258.637 contratos con personas con discapacidad, lo que supone un incremento del 16,46% respecto al mismo periodo de 2016, a\u00f1o que hasta ahora ostentaba el r\u00e9cord de la serie hist\u00f3rica. \u200bEn el D\u00eda Internacional de las Personas con Discapacidad, los datos de contrataci\u00f3n entre personas [&hellip;]<\/p>\n","protected":false},"author":1,"featured_media":962173,"comment_status":"closed","ping_status":"closed","sticky":false,"template":"","format":"standard","meta":{"footnotes":""},"categories":[187],"tags":[],"class_list":["post-962172","post","type-post","status-publish","format-standard","has-post-thumbnail","hentry","category-economia"],"aioseo_notices":[],"aioseo_head":"\n\t\t<!-- All in One SEO Pro 4.9.6.2 - aioseo.com -->\n\t<meta name=\"description\" content=\"En los diez primeros meses de 2017 se han firmado 258.637 contratos con personas con discapacidad, lo que supone un incremento del 16,46% respecto al mismo periodo de 2016, a\u00f1o que hasta ahora ostentaba el r\u00e9cord de la serie hist\u00f3rica. \u200bEn el D\u00eda Internacional de las Personas con Discapacidad, los datos de contrataci\u00f3n entre personas\" \/>\n\t<meta name=\"robots\" content=\"max-image-preview:large\" \/>\n\t<meta name=\"author\" content=\"El Digital de Asturias\"\/>\n\t<meta name=\"google-site-verification\" content=\"UA-38556648-1\" \/>\n\t<meta name=\"msvalidate.01\" content=\"7dfe9f3f1b24437ab69f4f2559babe99\" \/>\n\t<meta name=\"keywords\" content=\"econom\u00eda\" \/>\n\t<link rel=\"canonical\" href=\"https:\/\/www.eldigitaldeasturias.com\/noticias\/la-contratacion-de-personas-con-discapacidad-marca-un-nuevo-record-historico\/\" \/>\n\t<meta name=\"generator\" content=\"All in One SEO Pro (AIOSEO) 4.9.6.2\" \/>\n\t\t<meta property=\"og:locale\" content=\"es_ES\" \/>\n\t\t<meta property=\"og:site_name\" content=\"El Digital de Asturias\" \/>\n\t\t<meta property=\"og:type\" content=\"article\" \/>\n\t\t<meta property=\"og:title\" content=\"La contrataci\u00f3n de personas con discapacidad marca un nuevo record hist\u00f3rico - El Digital de Asturias\" \/>\n\t\t<meta property=\"og:description\" content=\"En los diez primeros meses de 2017 se han firmado 258.637 contratos con personas con discapacidad, lo que supone un incremento del 16,46% respecto al mismo periodo de 2016, a\u00f1o que hasta ahora ostentaba el r\u00e9cord de la serie hist\u00f3rica. \u200bEn el D\u00eda Internacional de las Personas con Discapacidad, los datos de contrataci\u00f3n entre personas\" \/>\n\t\t<meta property=\"og:url\" content=\"https:\/\/www.eldigitaldeasturias.com\/noticias\/la-contratacion-de-personas-con-discapacidad-marca-un-nuevo-record-historico\/\" \/>\n\t\t<meta property=\"og:image\" content=\"https:\/\/www.eldigitaldeasturias.com\/noticias\/wp-content\/uploads\/2017\/12\/040917Afiliados-SS.jpg\" \/>\n\t\t<meta property=\"og:image:secure_url\" content=\"https:\/\/www.eldigitaldeasturias.com\/noticias\/wp-content\/uploads\/2017\/12\/040917Afiliados-SS.jpg\" \/>\n\t\t<meta property=\"og:image:width\" content=\"496\" \/>\n\t\t<meta property=\"og:image:height\" content=\"329\" \/>\n\t\t<meta property=\"article:tag\" content=\"econom\u00eda\" \/>\n\t\t<meta property=\"article:published_time\" content=\"2017-12-03T15:06:25+00:00\" \/>\n\t\t<meta property=\"article:modified_time\" content=\"2017-12-03T15:06:25+00:00\" \/>\n\t\t<meta property=\"article:publisher\" content=\"https:\/\/facebook.com\/eldigitaldeasturias\" \/>\n\t\t<meta name=\"twitter:card\" content=\"summary_large_image\" \/>\n\t\t<meta name=\"twitter:title\" content=\"La contrataci\u00f3n de personas con discapacidad marca un nuevo record hist\u00f3rico - El Digital de Asturias\" \/>\n\t\t<meta name=\"twitter:description\" content=\"En los diez primeros meses de 2017 se han firmado 258.637 contratos con personas con discapacidad, lo que supone un incremento del 16,46% respecto al mismo periodo de 2016, a\u00f1o que hasta ahora ostentaba el r\u00e9cord de la serie hist\u00f3rica. \u200bEn el D\u00eda Internacional de las Personas con Discapacidad, los datos de contrataci\u00f3n entre personas\" \/>\n\t\t<meta name=\"twitter:image\" content=\"https:\/\/www.eldigitaldeasturias.com\/noticias\/wp-content\/uploads\/2017\/12\/040917Afiliados-SS.jpg\" \/>\n\t\t<meta name=\"twitter:label1\" content=\"Escrito por\" \/>\n\t\t<meta name=\"twitter:data1\" content=\"El Digital de Asturias\" \/>\n\t\t<meta name=\"twitter:label2\" content=\"Tiempo de lectura estimado\" \/>\n\t\t<meta name=\"twitter:data2\" content=\"1 minuto\" \/>\n\t\t<script type=\"application\/ld+json\" class=\"aioseo-schema\">\n\t\t\t{\"@context\":\"https:\\\/\\\/schema.org\",\"@graph\":[{\"@type\":\"BlogPosting\",\"@id\":\"https:\\\/\\\/www.eldigitaldeasturias.com\\\/noticias\\\/la-contratacion-de-personas-con-discapacidad-marca-un-nuevo-record-historico\\\/#blogposting\",\"name\":\"La contrataci\\u00f3n de personas con discapacidad marca un nuevo record hist\\u00f3rico - El Digital de Asturias\",\"headline\":\"La contrataci\\u00f3n de personas con discapacidad marca un nuevo record hist\\u00f3rico\",\"author\":{\"@id\":\"https:\\\/\\\/www.eldigitaldeasturias.com\\\/noticias\\\/author\\\/admin\\\/#author\"},\"publisher\":{\"@id\":\"https:\\\/\\\/www.eldigitaldeasturias.com\\\/noticias\\\/#organization\"},\"image\":{\"@type\":\"ImageObject\",\"url\":\"https:\\\/\\\/www.eldigitaldeasturias.com\\\/noticias\\\/wp-content\\\/uploads\\\/2017\\\/12\\\/040917Afiliados-SS.jpg\",\"width\":496,\"height\":329},\"datePublished\":\"2017-12-03T15:06:25+01:00\",\"dateModified\":\"2017-12-03T15:06:25+01:00\",\"inLanguage\":\"es-ES\",\"mainEntityOfPage\":{\"@id\":\"https:\\\/\\\/www.eldigitaldeasturias.com\\\/noticias\\\/la-contratacion-de-personas-con-discapacidad-marca-un-nuevo-record-historico\\\/#webpage\"},\"isPartOf\":{\"@id\":\"https:\\\/\\\/www.eldigitaldeasturias.com\\\/noticias\\\/la-contratacion-de-personas-con-discapacidad-marca-un-nuevo-record-historico\\\/#webpage\"},\"articleSection\":\"Econom\\u00eda\"},{\"@type\":\"BreadcrumbList\",\"@id\":\"https:\\\/\\\/www.eldigitaldeasturias.com\\\/noticias\\\/la-contratacion-de-personas-con-discapacidad-marca-un-nuevo-record-historico\\\/#breadcrumblist\",\"itemListElement\":[{\"@type\":\"ListItem\",\"@id\":\"https:\\\/\\\/www.eldigitaldeasturias.com\\\/noticias#listItem\",\"position\":1,\"name\":\"Home\",\"item\":\"https:\\\/\\\/www.eldigitaldeasturias.com\\\/noticias\",\"nextItem\":{\"@type\":\"ListItem\",\"@id\":\"https:\\\/\\\/www.eldigitaldeasturias.com\\\/noticias\\\/category\\\/economia\\\/#listItem\",\"name\":\"Econom\\u00eda\"}},{\"@type\":\"ListItem\",\"@id\":\"https:\\\/\\\/www.eldigitaldeasturias.com\\\/noticias\\\/category\\\/economia\\\/#listItem\",\"position\":2,\"name\":\"Econom\\u00eda\",\"item\":\"https:\\\/\\\/www.eldigitaldeasturias.com\\\/noticias\\\/category\\\/economia\\\/\",\"nextItem\":{\"@type\":\"ListItem\",\"@id\":\"https:\\\/\\\/www.eldigitaldeasturias.com\\\/noticias\\\/la-contratacion-de-personas-con-discapacidad-marca-un-nuevo-record-historico\\\/#listItem\",\"name\":\"La contrataci\\u00f3n de personas con discapacidad marca un nuevo record hist\\u00f3rico\"},\"previousItem\":{\"@type\":\"ListItem\",\"@id\":\"https:\\\/\\\/www.eldigitaldeasturias.com\\\/noticias#listItem\",\"name\":\"Home\"}},{\"@type\":\"ListItem\",\"@id\":\"https:\\\/\\\/www.eldigitaldeasturias.com\\\/noticias\\\/la-contratacion-de-personas-con-discapacidad-marca-un-nuevo-record-historico\\\/#listItem\",\"position\":3,\"name\":\"La contrataci\\u00f3n de personas con discapacidad marca un nuevo record hist\\u00f3rico\",\"previousItem\":{\"@type\":\"ListItem\",\"@id\":\"https:\\\/\\\/www.eldigitaldeasturias.com\\\/noticias\\\/category\\\/economia\\\/#listItem\",\"name\":\"Econom\\u00eda\"}}]},{\"@type\":\"Organization\",\"@id\":\"https:\\\/\\\/www.eldigitaldeasturias.com\\\/noticias\\\/#organization\",\"name\":\"El Digital de Asturias\",\"description\":\"Hemeroteca\",\"url\":\"https:\\\/\\\/www.eldigitaldeasturias.com\\\/noticias\\\/\",\"email\":\"info@eldigitaldeasturias.com\",\"telephone\":\"+34652131393\",\"logo\":{\"@type\":\"ImageObject\",\"url\":\"https:\\\/\\\/www.eldigitaldeasturias.com\\\/noticias\\\/wp-content\\\/uploads\\\/2020\\\/12\\\/EDA.jpg\",\"@id\":\"https:\\\/\\\/www.eldigitaldeasturias.com\\\/noticias\\\/la-contratacion-de-personas-con-discapacidad-marca-un-nuevo-record-historico\\\/#organizationLogo\",\"width\":649,\"height\":297},\"image\":{\"@id\":\"https:\\\/\\\/www.eldigitaldeasturias.com\\\/noticias\\\/la-contratacion-de-personas-con-discapacidad-marca-un-nuevo-record-historico\\\/#organizationLogo\"},\"sameAs\":[\"https:\\\/\\\/facebook.com\\\/eldigitaldeasturias\",\"https:\\\/\\\/www.youtube.com\\\/channel\\\/UCZP-2wLEB9Rv6erhFmqVnvg\"],\"address\":{\"@id\":\"https:\\\/\\\/www.eldigitaldeasturias.com\\\/noticias\\\/#postaladdress\",\"@type\":\"PostalAddress\",\"streetAddress\":\"san antonio 4,\",\"postalCode\":\"33430\",\"addressLocality\":\"Cand\\u00e1s\",\"addressRegion\":\"Asturias\",\"addressCountry\":\"ES\"}},{\"@type\":\"Person\",\"@id\":\"https:\\\/\\\/www.eldigitaldeasturias.com\\\/noticias\\\/author\\\/admin\\\/#author\",\"url\":\"https:\\\/\\\/www.eldigitaldeasturias.com\\\/noticias\\\/author\\\/admin\\\/\",\"name\":\"El Digital de Asturias\",\"image\":{\"@type\":\"ImageObject\",\"@id\":\"https:\\\/\\\/www.eldigitaldeasturias.com\\\/noticias\\\/la-contratacion-de-personas-con-discapacidad-marca-un-nuevo-record-historico\\\/#authorImage\",\"url\":\"https:\\\/\\\/www.eldigitaldeasturias.com\\\/noticias\\\/wp-content\\\/litespeed\\\/avatar\\\/18677e78aa0546b92d9dbf31ec7d7668.jpg?ver=1777290358\",\"width\":96,\"height\":96,\"caption\":\"El Digital de Asturias\"}},{\"@type\":\"WebPage\",\"@id\":\"https:\\\/\\\/www.eldigitaldeasturias.com\\\/noticias\\\/la-contratacion-de-personas-con-discapacidad-marca-un-nuevo-record-historico\\\/#webpage\",\"url\":\"https:\\\/\\\/www.eldigitaldeasturias.com\\\/noticias\\\/la-contratacion-de-personas-con-discapacidad-marca-un-nuevo-record-historico\\\/\",\"name\":\"La contrataci\\u00f3n de personas con discapacidad marca un nuevo record hist\\u00f3rico - El Digital de Asturias\",\"description\":\"En los diez primeros meses de 2017 se han firmado 258.637 contratos con personas con discapacidad, lo que supone un incremento del 16,46% respecto al mismo periodo de 2016, a\\u00f1o que hasta ahora ostentaba el r\\u00e9cord de la serie hist\\u00f3rica. \\u200bEn el D\\u00eda Internacional de las Personas con Discapacidad, los datos de contrataci\\u00f3n entre personas\",\"inLanguage\":\"es-ES\",\"isPartOf\":{\"@id\":\"https:\\\/\\\/www.eldigitaldeasturias.com\\\/noticias\\\/#website\"},\"breadcrumb\":{\"@id\":\"https:\\\/\\\/www.eldigitaldeasturias.com\\\/noticias\\\/la-contratacion-de-personas-con-discapacidad-marca-un-nuevo-record-historico\\\/#breadcrumblist\"},\"author\":{\"@id\":\"https:\\\/\\\/www.eldigitaldeasturias.com\\\/noticias\\\/author\\\/admin\\\/#author\"},\"creator\":{\"@id\":\"https:\\\/\\\/www.eldigitaldeasturias.com\\\/noticias\\\/author\\\/admin\\\/#author\"},\"image\":{\"@type\":\"ImageObject\",\"url\":\"https:\\\/\\\/www.eldigitaldeasturias.com\\\/noticias\\\/wp-content\\\/uploads\\\/2017\\\/12\\\/040917Afiliados-SS.jpg\",\"@id\":\"https:\\\/\\\/www.eldigitaldeasturias.com\\\/noticias\\\/la-contratacion-de-personas-con-discapacidad-marca-un-nuevo-record-historico\\\/#mainImage\",\"width\":496,\"height\":329},\"primaryImageOfPage\":{\"@id\":\"https:\\\/\\\/www.eldigitaldeasturias.com\\\/noticias\\\/la-contratacion-de-personas-con-discapacidad-marca-un-nuevo-record-historico\\\/#mainImage\"},\"datePublished\":\"2017-12-03T15:06:25+01:00\",\"dateModified\":\"2017-12-03T15:06:25+01:00\"},{\"@type\":\"WebSite\",\"@id\":\"https:\\\/\\\/www.eldigitaldeasturias.com\\\/noticias\\\/#website\",\"url\":\"https:\\\/\\\/www.eldigitaldeasturias.com\\\/noticias\\\/\",\"name\":\"El Digital de Asturias - Diario de actualidad y noticias\",\"alternateName\":\"El Digital de Asturias - Diario de actualidad y noticias\",\"description\":\"Hemeroteca\",\"inLanguage\":\"es-ES\",\"publisher\":{\"@id\":\"https:\\\/\\\/www.eldigitaldeasturias.com\\\/noticias\\\/#organization\"}}]}\n\t\t<\/script>\n\t\t<!-- All in One SEO Pro -->\r\n\t\t<title>La contrataci\u00f3n de personas con discapacidad marca un nuevo record hist\u00f3rico - El Digital de Asturias<\/title>\n\n","aioseo_head_json":{"title":"La contrataci\u00f3n de personas con discapacidad marca un nuevo record hist\u00f3rico - El Digital de Asturias","description":"En los diez primeros meses de 2017 se han firmado 258.637 contratos con personas con discapacidad, lo que supone un incremento del 16,46% respecto al mismo periodo de 2016, a\u00f1o que hasta ahora ostentaba el r\u00e9cord de la serie hist\u00f3rica. \u200bEn el D\u00eda Internacional de las Personas con Discapacidad, los datos de contrataci\u00f3n entre personas","canonical_url":"https:\/\/www.eldigitaldeasturias.com\/noticias\/la-contratacion-de-personas-con-discapacidad-marca-un-nuevo-record-historico\/","robots":"max-image-preview:large","keywords":"econom\u00eda","webmasterTools":{"google-site-verification":"UA-38556648-1","msvalidate.01":"7dfe9f3f1b24437ab69f4f2559babe99","miscellaneous":""},"schema":{"@context":"https:\/\/schema.org","@graph":[{"@type":"BlogPosting","@id":"https:\/\/www.eldigitaldeasturias.com\/noticias\/la-contratacion-de-personas-con-discapacidad-marca-un-nuevo-record-historico\/#blogposting","name":"La contrataci\u00f3n de personas con discapacidad marca un nuevo record hist\u00f3rico - El Digital de Asturias","headline":"La contrataci\u00f3n de personas con discapacidad marca un nuevo record hist\u00f3rico","author":{"@id":"https:\/\/www.eldigitaldeasturias.com\/noticias\/author\/admin\/#author"},"publisher":{"@id":"https:\/\/www.eldigitaldeasturias.com\/noticias\/#organization"},"image":{"@type":"ImageObject","url":"https:\/\/www.eldigitaldeasturias.com\/noticias\/wp-content\/uploads\/2017\/12\/040917Afiliados-SS.jpg","width":496,"height":329},"datePublished":"2017-12-03T15:06:25+01:00","dateModified":"2017-12-03T15:06:25+01:00","inLanguage":"es-ES","mainEntityOfPage":{"@id":"https:\/\/www.eldigitaldeasturias.com\/noticias\/la-contratacion-de-personas-con-discapacidad-marca-un-nuevo-record-historico\/#webpage"},"isPartOf":{"@id":"https:\/\/www.eldigitaldeasturias.com\/noticias\/la-contratacion-de-personas-con-discapacidad-marca-un-nuevo-record-historico\/#webpage"},"articleSection":"Econom\u00eda"},{"@type":"BreadcrumbList","@id":"https:\/\/www.eldigitaldeasturias.com\/noticias\/la-contratacion-de-personas-con-discapacidad-marca-un-nuevo-record-historico\/#breadcrumblist","itemListElement":[{"@type":"ListItem","@id":"https:\/\/www.eldigitaldeasturias.com\/noticias#listItem","position":1,"name":"Home","item":"https:\/\/www.eldigitaldeasturias.com\/noticias","nextItem":{"@type":"ListItem","@id":"https:\/\/www.eldigitaldeasturias.com\/noticias\/category\/economia\/#listItem","name":"Econom\u00eda"}},{"@type":"ListItem","@id":"https:\/\/www.eldigitaldeasturias.com\/noticias\/category\/economia\/#listItem","position":2,"name":"Econom\u00eda","item":"https:\/\/www.eldigitaldeasturias.com\/noticias\/category\/economia\/","nextItem":{"@type":"ListItem","@id":"https:\/\/www.eldigitaldeasturias.com\/noticias\/la-contratacion-de-personas-con-discapacidad-marca-un-nuevo-record-historico\/#listItem","name":"La contrataci\u00f3n de personas con discapacidad marca un nuevo record hist\u00f3rico"},"previousItem":{"@type":"ListItem","@id":"https:\/\/www.eldigitaldeasturias.com\/noticias#listItem","name":"Home"}},{"@type":"ListItem","@id":"https:\/\/www.eldigitaldeasturias.com\/noticias\/la-contratacion-de-personas-con-discapacidad-marca-un-nuevo-record-historico\/#listItem","position":3,"name":"La contrataci\u00f3n de personas con discapacidad marca un nuevo record hist\u00f3rico","previousItem":{"@type":"ListItem","@id":"https:\/\/www.eldigitaldeasturias.com\/noticias\/category\/economia\/#listItem","name":"Econom\u00eda"}}]},{"@type":"Organization","@id":"https:\/\/www.eldigitaldeasturias.com\/noticias\/#organization","name":"El Digital de Asturias","description":"Hemeroteca","url":"https:\/\/www.eldigitaldeasturias.com\/noticias\/","email":"info@eldigitaldeasturias.com","telephone":"+34652131393","logo":{"@type":"ImageObject","url":"https:\/\/www.eldigitaldeasturias.com\/noticias\/wp-content\/uploads\/2020\/12\/EDA.jpg","@id":"https:\/\/www.eldigitaldeasturias.com\/noticias\/la-contratacion-de-personas-con-discapacidad-marca-un-nuevo-record-historico\/#organizationLogo","width":649,"height":297},"image":{"@id":"https:\/\/www.eldigitaldeasturias.com\/noticias\/la-contratacion-de-personas-con-discapacidad-marca-un-nuevo-record-historico\/#organizationLogo"},"sameAs":["https:\/\/facebook.com\/eldigitaldeasturias","https:\/\/www.youtube.com\/channel\/UCZP-2wLEB9Rv6erhFmqVnvg"],"address":{"@id":"https:\/\/www.eldigitaldeasturias.com\/noticias\/#postaladdress","@type":"PostalAddress","streetAddress":"san antonio 4,","postalCode":"33430","addressLocality":"Cand\u00e1s","addressRegion":"Asturias","addressCountry":"ES"}},{"@type":"Person","@id":"https:\/\/www.eldigitaldeasturias.com\/noticias\/author\/admin\/#author","url":"https:\/\/www.eldigitaldeasturias.com\/noticias\/author\/admin\/","name":"El Digital de Asturias","image":{"@type":"ImageObject","@id":"https:\/\/www.eldigitaldeasturias.com\/noticias\/la-contratacion-de-personas-con-discapacidad-marca-un-nuevo-record-historico\/#authorImage","url":"https:\/\/www.eldigitaldeasturias.com\/noticias\/wp-content\/litespeed\/avatar\/18677e78aa0546b92d9dbf31ec7d7668.jpg?ver=1777290358","width":96,"height":96,"caption":"El Digital de Asturias"}},{"@type":"WebPage","@id":"https:\/\/www.eldigitaldeasturias.com\/noticias\/la-contratacion-de-personas-con-discapacidad-marca-un-nuevo-record-historico\/#webpage","url":"https:\/\/www.eldigitaldeasturias.com\/noticias\/la-contratacion-de-personas-con-discapacidad-marca-un-nuevo-record-historico\/","name":"La contrataci\u00f3n de personas con discapacidad marca un nuevo record hist\u00f3rico - El Digital de Asturias","description":"En los diez primeros meses de 2017 se han firmado 258.637 contratos con personas con discapacidad, lo que supone un incremento del 16,46% respecto al mismo periodo de 2016, a\u00f1o que hasta ahora ostentaba el r\u00e9cord de la serie hist\u00f3rica. \u200bEn el D\u00eda Internacional de las Personas con Discapacidad, los datos de contrataci\u00f3n entre personas","inLanguage":"es-ES","isPartOf":{"@id":"https:\/\/www.eldigitaldeasturias.com\/noticias\/#website"},"breadcrumb":{"@id":"https:\/\/www.eldigitaldeasturias.com\/noticias\/la-contratacion-de-personas-con-discapacidad-marca-un-nuevo-record-historico\/#breadcrumblist"},"author":{"@id":"https:\/\/www.eldigitaldeasturias.com\/noticias\/author\/admin\/#author"},"creator":{"@id":"https:\/\/www.eldigitaldeasturias.com\/noticias\/author\/admin\/#author"},"image":{"@type":"ImageObject","url":"https:\/\/www.eldigitaldeasturias.com\/noticias\/wp-content\/uploads\/2017\/12\/040917Afiliados-SS.jpg","@id":"https:\/\/www.eldigitaldeasturias.com\/noticias\/la-contratacion-de-personas-con-discapacidad-marca-un-nuevo-record-historico\/#mainImage","width":496,"height":329},"primaryImageOfPage":{"@id":"https:\/\/www.eldigitaldeasturias.com\/noticias\/la-contratacion-de-personas-con-discapacidad-marca-un-nuevo-record-historico\/#mainImage"},"datePublished":"2017-12-03T15:06:25+01:00","dateModified":"2017-12-03T15:06:25+01:00"},{"@type":"WebSite","@id":"https:\/\/www.eldigitaldeasturias.com\/noticias\/#website","url":"https:\/\/www.eldigitaldeasturias.com\/noticias\/","name":"El Digital de Asturias - Diario de actualidad y noticias","alternateName":"El Digital de Asturias - Diario de actualidad y noticias","description":"Hemeroteca","inLanguage":"es-ES","publisher":{"@id":"https:\/\/www.eldigitaldeasturias.com\/noticias\/#organization"}}]},"og:locale":"es_ES","og:site_name":"El Digital de Asturias","og:type":"article","og:title":"La contrataci\u00f3n de personas con discapacidad marca un nuevo record hist\u00f3rico - El Digital de Asturias","og:description":"En los diez primeros meses de 2017 se han firmado 258.637 contratos con personas con discapacidad, lo que supone un incremento del 16,46% respecto al mismo periodo de 2016, a\u00f1o que hasta ahora ostentaba el r\u00e9cord de la serie hist\u00f3rica. \u200bEn el D\u00eda Internacional de las Personas con Discapacidad, los datos de contrataci\u00f3n entre personas","og:url":"https:\/\/www.eldigitaldeasturias.com\/noticias\/la-contratacion-de-personas-con-discapacidad-marca-un-nuevo-record-historico\/","og:image":"https:\/\/www.eldigitaldeasturias.com\/noticias\/wp-content\/uploads\/2017\/12\/040917Afiliados-SS.jpg","og:image:secure_url":"https:\/\/www.eldigitaldeasturias.com\/noticias\/wp-content\/uploads\/2017\/12\/040917Afiliados-SS.jpg","og:image:width":496,"og:image:height":329,"article:tag":["econom\u00eda"],"article:published_time":"2017-12-03T15:06:25+00:00","article:modified_time":"2017-12-03T15:06:25+00:00","article:publisher":"https:\/\/facebook.com\/eldigitaldeasturias","twitter:card":"summary_large_image","twitter:title":"La contrataci\u00f3n de personas con discapacidad marca un nuevo record hist\u00f3rico - El Digital de Asturias","twitter:description":"En los diez primeros meses de 2017 se han firmado 258.637 contratos con personas con discapacidad, lo que supone un incremento del 16,46% respecto al mismo periodo de 2016, a\u00f1o que hasta ahora ostentaba el r\u00e9cord de la serie hist\u00f3rica. \u200bEn el D\u00eda Internacional de las Personas con Discapacidad, los datos de contrataci\u00f3n entre personas","twitter:image":"https:\/\/www.eldigitaldeasturias.com\/noticias\/wp-content\/uploads\/2017\/12\/040917Afiliados-SS.jpg","twitter:label1":"Escrito por","twitter:data1":"El Digital de Asturias","twitter:label2":"Tiempo de lectura estimado","twitter:data2":"1 minuto"},"aioseo_meta_data":{"post_id":"962172","title":null,"description":null,"keywords":null,"keyphrases":null,"primary_term":null,"canonical_url":null,"og_title":null,"og_description":null,"og_object_type":"default","og_image_type":"default","og_image_url":null,"og_image_width":null,"og_image_height":null,"og_image_custom_url":null,"og_image_custom_fields":null,"og_video":null,"og_custom_url":null,"og_article_section":null,"og_article_tags":null,"twitter_use_og":false,"twitter_card":"default","twitter_image_type":"default","twitter_image_url":null,"twitter_image_custom_url":null,"twitter_image_custom_fields":null,"twitter_title":null,"twitter_description":null,"schema":{"blockGraphs":[],"customGraphs":[],"default":{"data":{"Article":[],"Course":[],"Dataset":[],"FAQPage":[],"Movie":[],"Person":[],"Product":[],"ProductReview":[],"Car":[],"Recipe":[],"Service":[],"SoftwareApplication":[],"WebPage":[]},"graphName":"","isEnabled":true},"graphs":[],"defaultGraph":"","defaultPostTypeGraph":""},"schema_type":null,"schema_type_options":null,"pillar_content":false,"robots_default":true,"robots_noindex":false,"robots_noarchive":false,"robots_nosnippet":false,"robots_nofollow":false,"robots_noimageindex":false,"robots_noodp":false,"robots_notranslate":false,"robots_max_snippet":null,"robots_max_videopreview":null,"robots_max_imagepreview":"large","priority":null,"frequency":null,"local_seo":null,"seo_analyzer_scan_date":"2025-12-07 11:29:10","breadcrumb_settings":null,"limit_modified_date":false,"open_ai":null,"ai":null,"created":"2020-12-21 12:47:38","updated":"2025-12-07 11:29:10"},"aioseo_breadcrumb":"<div class=\"aioseo-breadcrumbs\"><span class=\"aioseo-breadcrumb\">\n\t<a href=\"https:\/\/www.eldigitaldeasturias.com\/noticias\" title=\"Home\">Home<\/a>\n<\/span><span class=\"aioseo-breadcrumb-separator\">\u2013<\/span><span class=\"aioseo-breadcrumb\">\n\t<a href=\"https:\/\/www.eldigitaldeasturias.com\/noticias\/category\/economia\/\" title=\"Econom\u00eda\">Econom\u00eda<\/a>\n<\/span><span class=\"aioseo-breadcrumb-separator\">\u2013<\/span><span class=\"aioseo-breadcrumb\">\n\t<a href=\"https:\/\/www.eldigitaldeasturias.com\/noticias\/la-contratacion-de-personas-con-discapacidad-marca-un-nuevo-record-historico\/\" title=\"La contrataci\u00f3n de personas con discapacidad marca un nuevo record hist\u00f3rico\">La contrataci\u00f3n de personas con discapacidad marca un nuevo record hist\u00f3rico<\/a>\n<\/span><\/div>","aioseo_breadcrumb_json":[{"label":"Home","link":"https:\/\/www.eldigitaldeasturias.com\/noticias"},{"label":"Econom\u00eda","link":"https:\/\/www.eldigitaldeasturias.com\/noticias\/category\/economia\/"},{"label":"La contrataci\u00f3n de personas con discapacidad marca un nuevo record hist\u00f3rico","link":"https:\/\/www.eldigitaldeasturias.com\/noticias\/la-contratacion-de-personas-con-discapacidad-marca-un-nuevo-record-historico\/"}],"_links":{"self":[{"href":"https:\/\/www.eldigitaldeasturias.com\/noticias\/wp-json\/wp\/v2\/posts\/962172","targetHints":{"allow":["GET"]}}],"collection":[{"href":"https:\/\/www.eldigitaldeasturias.com\/noticias\/wp-json\/wp\/v2\/posts"}],"about":[{"href":"https:\/\/www.eldigitaldeasturias.com\/noticias\/wp-json\/wp\/v2\/types\/post"}],"author":[{"embeddable":true,"href":"https:\/\/www.eldigitaldeasturias.com\/noticias\/wp-json\/wp\/v2\/users\/1"}],"replies":[{"embeddable":true,"href":"https:\/\/www.eldigitaldeasturias.com\/noticias\/wp-json\/wp\/v2\/comments?post=962172"}],"version-history":[{"count":0,"href":"https:\/\/www.eldigitaldeasturias.com\/noticias\/wp-json\/wp\/v2\/posts\/962172\/revisions"}],"wp:featuredmedia":[{"embeddable":true,"href":"https:\/\/www.eldigitaldeasturias.com\/noticias\/wp-json\/wp\/v2\/media\/962173"}],"wp:attachment":[{"href":"https:\/\/www.eldigitaldeasturias.com\/noticias\/wp-json\/wp\/v2\/media?parent=962172"}],"wp:term":[{"taxonomy":"category","embeddable":true,"href":"https:\/\/www.eldigitaldeasturias.com\/noticias\/wp-json\/wp\/v2\/categories?post=962172"},{"taxonomy":"post_tag","embeddable":true,"href":"https:\/\/www.eldigitaldeasturias.com\/noticias\/wp-json\/wp\/v2\/tags?post=962172"}],"curies":[{"name":"wp","href":"https:\/\/api.w.org\/{rel}","templated":true}]}}