{"id":962027,"date":"2017-12-01T20:53:41","date_gmt":"2017-12-01T20:53:41","guid":{"rendered":"http:\/\/www.eldigitaldeasturias.com\/noticias\/?p=962027"},"modified":"2017-12-01T20:54:01","modified_gmt":"2017-12-01T20:54:01","slug":"aena-pone-en-marcha-el-plan-invierno","status":"publish","type":"post","link":"https:\/\/www.eldigitaldeasturias.com\/noticias\/aena-pone-en-marcha-el-plan-invierno\/","title":{"rendered":"Aena pone en marcha el Plan Invierno"},"content":{"rendered":"<p><img loading=\"lazy\" decoding=\"async\" class=\"alignleft size-medium wp-image-962028\" src=\"https:\/\/www.eldigitaldeasturias.com\/noticias\/wp-content\/uploads\/2017\/12\/171201PlandeInvierno01-360x144.jpg\" alt=\"\" width=\"360\" height=\"144\" \/>Aena ha puesto en marcha el \u2018Plan de Actuaciones Invernales frente a contingencias de hielo y nieve\u2019, m\u00e1s conocido como Plan Invierno, en los 19 aeropuertos de la red que durante los pr\u00f3ximos meses tienen riesgo de sufrir condiciones climatol\u00f3gicas adversas.<\/p>\n<p>En dicho Plan, Aena establece los procedimientos que deben seguir los aeropuertos ante este tipo de contingencias con el objetivo de que el hielo y la nieve no afecten a las operaciones programadas o se minimice la influencia que las mismas puedan tener en el tr\u00e1fico a\u00e9reo de los aeropuertos.<\/p>\n<p>Para una adecuada aplicaci\u00f3n del Plan de Invierno, los procedimientos que contempla se actualizan regularmente, la maquinaria y medios t\u00e9cnicos se revisan peri\u00f3dicamente y el personal implicado recibe una formaci\u00f3n continuada que se intensifica en la temporada anterior a la llegada de la temporada invernal. En este plan operacional participa tanto personal de Aena como de otros agentes implicados, entre los que est\u00e1n las compa\u00f1\u00edas a\u00e9reas y los agentes handling de asistencia en tierra.<\/p>\n<p>Los aeropuertos incluidos en el Plan Invierno son: Albacete, Barcelona-El Prat, Bilbao, Burgos, Girona-Costa Brava, Federico Garc\u00eda Lorca Granada-Ja\u00e9n, Huesca-Pirineos, Le\u00f3n, Logro\u00f1o-Agoncillo, Adolfo Su\u00e1rez Madrid-Barajas, Madrid-Cuatro Vientos, Palma de Mallorca, Pamplona, Salamanca, San Sebasti\u00e1n, Santiago, Valladolid, Vitoria y Zaragoza.<\/p>\n<p>En cuanto al resto de instalaciones de la red de Aena, en ellas se mantiene un nivel de respuesta ante este tipo de inclemencias meteorol\u00f3gicas que var\u00eda en funci\u00f3n de sus necesidades operativas y de su ubicaci\u00f3n geogr\u00e1fica.<\/p>\n<p>Durante la temporada de invierno los trabajos preventivos se centran en el seguimiento exhaustivo de las condiciones meteorol\u00f3gicas; el chequeo continuado del estado del pavimento en pistas, calles de rodaje y plataforma; asegurar la disponibilidad de equipos y material fundente y realizar mediciones peri\u00f3dicas del coeficiente de rozamiento.<\/p>\n<p>Adem\u00e1s, en los aeropuertos que son base militar o aer\u00f3dromo de utilizaci\u00f3n conjunta (Albacete, Le\u00f3n, Salamanca, Valladolid y Zaragoza), las actuaciones preventivas previas y las tareas de limpieza del campo de vuelo en caso de hielo y nieve se coordinan con la autoridad militar.<\/p>\n<p>Para la presente campa\u00f1a del Plan de Actuaciones Invernales 2017-2018 Aena cuenta con un presupuesto total que ronda los 2,3 millones de euros.<\/p>\n<p><strong>Equipamiento y formaci\u00f3n de personal<\/strong><\/p>\n<p>Los aeropuertos de la red de Aena cuentan con medios propios y medios contratados a empresas externas para la retirada de la nieve y el hielo.<\/p>\n<p>Para esta campa\u00f1a Aena dispone de m\u00e1s de 100 veh\u00edculos propios destinados a la retirada de nieve y hielo, as\u00ed como otros veh\u00edculos implementados con cuchillas y esparcidores de urea. Entre ellos destacan, por ejemplo, 22 veh\u00edculos medidores de coeficiente de rozamiento, 23 camiones con cuchilla quitanieves con esparcidor de fundente, 4 camiones esparcidores de fundente l\u00edquido y 17 barredoras (con cuchilla quitanieves o sopladoras), as\u00ed como camiones contra incendios, tractores y veh\u00edculos 4&#215;4 equipados con cuchillas quitanieves.<\/p>\n<p>A estos medios se suman los del expediente para la ejecuci\u00f3n del Plan de Actuaciones Invernales en el Aeropuerto Adolfo Su\u00e1rez Madrid-Barajas, que recoge, entre otros, 9 camiones equipados con cuchilla y cepillo barredor y soplador, 3 esparcidores de fundente l\u00edquido, 9 camiones equipados con cuchilla y esparcidor de fundente, 2 fresadoras, 6 palas cargadoras, 14 mini-excavadoras, 5 camiones con caja, 2 veh\u00edculos todo terreno con cuchilla y 2 veh\u00edculos destinados a inspecci\u00f3n y control.<\/p>\n<blockquote><p><strong><em>Adem\u00e1s, las instalaciones de Aena disponen de una capacidad de almacenamiento de fundentes propios de m\u00e1s de 450 toneladas.<\/em><\/strong><\/p><\/blockquote>\n<p>En cuanto a la formaci\u00f3n de personal, desde 2003 se viene impartiendo formaci\u00f3n relacionada con el Plan de Invierno a todos los colectivos implicados en este tipo de contingencias con el objetivo de lograr una correcta ejecuci\u00f3n. As\u00ed, desde 2003 hasta hoy se ha preparado a m\u00e1s de 6.300 personas, sumando cerca de 92.700 horas de formaci\u00f3n. En concreto, en la campa\u00f1as de 2016 y 2017 recibieron formaci\u00f3n un total de 1.728 trabajadores con cerca de 5.500 horas de preparaci\u00f3n y en el \u00faltimo a\u00f1o han recibido formaci\u00f3n espec\u00edfica 888 trabajadores.<\/p>\n<p>Las acciones formativas van destinadas principalmente al personal de los Servicios de Extinci\u00f3n de Incendios de los aeropuertos en lo referente a su participaci\u00f3n en el procedimiento de retirada de nieve y hielo (por ejemplo, manejo y utilizaci\u00f3n de veh\u00edculos quitanieves y esparcidor de fundente), as\u00ed como al personal que participa en las actividades relativas a la utilizaci\u00f3n de los equipos medidores del coeficiente de rozamiento en pistas (empleo del veh\u00edculo, mantenimiento y calibraci\u00f3n).<\/p>\n<p><strong>Protocolo de actuaci\u00f3n<\/strong><\/p>\n<p>El servicio de meteorolog\u00eda del Aeropuerto, con las predicciones realizadas por la Agencia Estatal de Meteorolog\u00eda, comunica las posibles condiciones adversas, y la oficina de operaciones alerta a todos los equipos implicados.<\/p>\n<p>Si las pistas y la plataforma est\u00e1n h\u00famedas y a\u00fan no se ha producido acumulaci\u00f3n de nieve o formaci\u00f3n de hielo, se procede al esparcido fundente s\u00f3lido o l\u00edquido o bien una combinaci\u00f3n de ambos como tratamiento preventivo. En el caso de que haya presencia de hielo o nieve, el fundente se emplea como descongelante para eliminarlo y se procede despu\u00e9s a limpiar con medios mec\u00e1nicos (cuchillas quitanieves o barredoras) los restos de nieve o hielo que hayan quedado en las zonas afectadas.<\/p>\n<p>Si las pistas y plataforma est\u00e1n cubiertas de nieve se limpian con veh\u00edculos que disponen de cuchillas quitanieves y esparcidores de fundente s\u00f3lido o bien fundente l\u00edquido. Tambi\u00e9n se utilizan veh\u00edculos barredoras de pista y ocasionalmente los camiones del servicio de extinci\u00f3n de incendios fuera de l\u00ednea o en reserva en los que se instala una cuchilla quitanieves espec\u00edfica para su uso en aeropuertos.<\/p>\n<p>A continuaci\u00f3n, los veh\u00edculos medidores de fricci\u00f3n comprueban el coeficiente de rozamiento de las pistas para verificar que es el adecuado. Si el resultado es positivo, se comunica a todos los implicados que el aeropuerto vuelve a estar operativo.<\/p>\n<p>Los fundentes, tanto de tipo s\u00f3lido como l\u00edquido, que se utilizan en las pistas y la plataforma son de tipo no corrosivo con el fin de no producir da\u00f1os en las aeronaves e infraestructuras.<\/p>\n<p>En las aceras y zonas de paso de los usuarios, si es necesario, se aplica urea o bien otro tipo de fundente similar.<\/p>\n<p>Puede ocurrir que las aeronaves necesiten acudir al servicio de deshielo que o bien lo tienen las propias compa\u00f1\u00edas o lo tienen contratado con un agente de asistencia en tierra.<\/p>\n","protected":false},"excerpt":{"rendered":"<p>Aena ha puesto en marcha el \u2018Plan de Actuaciones Invernales frente a contingencias de hielo y nieve\u2019, m\u00e1s conocido como Plan Invierno, en los 19 aeropuertos de la red que durante los pr\u00f3ximos meses tienen riesgo de sufrir condiciones climatol\u00f3gicas adversas. En dicho Plan, Aena establece los procedimientos que deben seguir los aeropuertos ante este [&hellip;]<\/p>\n","protected":false},"author":1,"featured_media":962028,"comment_status":"closed","ping_status":"closed","sticky":false,"template":"","format":"standard","meta":{"footnotes":""},"categories":[1],"tags":[],"class_list":["post-962027","post","type-post","status-publish","format-standard","has-post-thumbnail","hentry","category-actualidad"],"aioseo_notices":[],"aioseo_head":"\n\t\t<!-- All in One SEO Pro 5.0.1 - aioseo.com -->\n\t<meta name=\"description\" content=\"Aena ha puesto en marcha el \u2018Plan de Actuaciones Invernales frente a contingencias de hielo y nieve\u2019, m\u00e1s conocido como Plan Invierno, en los 19 aeropuertos de la red que durante los pr\u00f3ximos meses tienen riesgo de sufrir condiciones climatol\u00f3gicas adversas. En dicho Plan, Aena establece los procedimientos que deben seguir los aeropuertos ante este\" \/>\n\t<meta name=\"robots\" content=\"max-image-preview:large\" \/>\n\t<meta name=\"author\" content=\"El Digital de Asturias\"\/>\n\t<meta name=\"google-site-verification\" content=\"UA-38556648-1\" \/>\n\t<meta name=\"msvalidate.01\" content=\"7dfe9f3f1b24437ab69f4f2559babe99\" \/>\n\t<meta name=\"keywords\" content=\"actualidad\" \/>\n\t<link rel=\"canonical\" href=\"https:\/\/www.eldigitaldeasturias.com\/noticias\/aena-pone-en-marcha-el-plan-invierno\/\" \/>\n\t<meta name=\"generator\" content=\"All in One SEO Pro (AIOSEO) 5.0.1\" \/>\n\t\t<meta property=\"og:locale\" content=\"es_ES\" \/>\n\t\t<meta property=\"og:site_name\" content=\"El Digital de Asturias\" \/>\n\t\t<meta property=\"og:type\" content=\"article\" \/>\n\t\t<meta property=\"og:title\" content=\"Aena pone en marcha el Plan Invierno - El Digital de Asturias\" \/>\n\t\t<meta property=\"og:description\" content=\"Aena ha puesto en marcha el \u2018Plan de Actuaciones Invernales frente a contingencias de hielo y nieve\u2019, m\u00e1s conocido como Plan Invierno, en los 19 aeropuertos de la red que durante los pr\u00f3ximos meses tienen riesgo de sufrir condiciones climatol\u00f3gicas adversas. En dicho Plan, Aena establece los procedimientos que deben seguir los aeropuertos ante este\" \/>\n\t\t<meta property=\"og:url\" content=\"https:\/\/www.eldigitaldeasturias.com\/noticias\/aena-pone-en-marcha-el-plan-invierno\/\" \/>\n\t\t<meta property=\"article:tag\" content=\"actualidad\" \/>\n\t\t<meta property=\"article:published_time\" content=\"2017-12-01T20:53:41+00:00\" \/>\n\t\t<meta property=\"article:modified_time\" content=\"2017-12-01T20:54:01+00:00\" \/>\n\t\t<meta property=\"article:publisher\" content=\"https:\/\/facebook.com\/eldigitaldeasturias\" \/>\n\t\t<meta name=\"twitter:card\" content=\"summary_large_image\" \/>\n\t\t<meta name=\"twitter:title\" content=\"Aena pone en marcha el Plan Invierno - El Digital de Asturias\" \/>\n\t\t<meta name=\"twitter:description\" content=\"Aena ha puesto en marcha el \u2018Plan de Actuaciones Invernales frente a contingencias de hielo y nieve\u2019, m\u00e1s conocido como Plan Invierno, en los 19 aeropuertos de la red que durante los pr\u00f3ximos meses tienen riesgo de sufrir condiciones climatol\u00f3gicas adversas. En dicho Plan, Aena establece los procedimientos que deben seguir los aeropuertos ante este\" \/>\n\t\t<meta name=\"twitter:image\" content=\"https:\/\/www.eldigitaldeasturias.com\/noticias\/wp-content\/uploads\/2020\/12\/EDA-1.jpg\" \/>\n\t\t<meta name=\"twitter:label1\" content=\"Escrito por\" \/>\n\t\t<meta name=\"twitter:data1\" content=\"El Digital de Asturias\" \/>\n\t\t<meta name=\"twitter:label2\" content=\"Tiempo de lectura estimado\" \/>\n\t\t<meta name=\"twitter:data2\" content=\"6 minutos\" \/>\n\t\t<script type=\"application\/ld+json\" class=\"aioseo-schema\">\n\t\t\t{\"@context\":\"https:\\\/\\\/schema.org\",\"@graph\":[{\"@type\":\"BlogPosting\",\"@id\":\"https:\\\/\\\/www.eldigitaldeasturias.com\\\/noticias\\\/aena-pone-en-marcha-el-plan-invierno\\\/#blogposting\",\"name\":\"Aena pone en marcha el Plan Invierno - El Digital de Asturias\",\"headline\":\"Aena pone en marcha el Plan Invierno\",\"author\":{\"@id\":\"https:\\\/\\\/www.eldigitaldeasturias.com\\\/noticias\\\/author\\\/admin\\\/#author\"},\"publisher\":{\"@id\":\"https:\\\/\\\/www.eldigitaldeasturias.com\\\/noticias\\\/#organization\"},\"image\":{\"@type\":\"ImageObject\",\"url\":962028},\"datePublished\":\"2017-12-01T20:53:41+01:00\",\"dateModified\":\"2017-12-01T20:54:01+01:00\",\"inLanguage\":\"es-ES\",\"mainEntityOfPage\":{\"@id\":\"https:\\\/\\\/www.eldigitaldeasturias.com\\\/noticias\\\/aena-pone-en-marcha-el-plan-invierno\\\/#webpage\"},\"isPartOf\":{\"@id\":\"https:\\\/\\\/www.eldigitaldeasturias.com\\\/noticias\\\/aena-pone-en-marcha-el-plan-invierno\\\/#webpage\"},\"articleSection\":\"Actualidad\"},{\"@type\":\"BreadcrumbList\",\"@id\":\"https:\\\/\\\/www.eldigitaldeasturias.com\\\/noticias\\\/aena-pone-en-marcha-el-plan-invierno\\\/#breadcrumblist\",\"itemListElement\":[{\"@type\":\"ListItem\",\"@id\":\"https:\\\/\\\/www.eldigitaldeasturias.com\\\/noticias#listItem\",\"position\":1,\"name\":\"Home\",\"item\":\"https:\\\/\\\/www.eldigitaldeasturias.com\\\/noticias\",\"nextItem\":{\"@type\":\"ListItem\",\"@id\":\"https:\\\/\\\/www.eldigitaldeasturias.com\\\/noticias\\\/category\\\/actualidad\\\/#listItem\",\"name\":\"Actualidad\"}},{\"@type\":\"ListItem\",\"@id\":\"https:\\\/\\\/www.eldigitaldeasturias.com\\\/noticias\\\/category\\\/actualidad\\\/#listItem\",\"position\":2,\"name\":\"Actualidad\",\"item\":\"https:\\\/\\\/www.eldigitaldeasturias.com\\\/noticias\\\/category\\\/actualidad\\\/\",\"nextItem\":{\"@type\":\"ListItem\",\"@id\":\"https:\\\/\\\/www.eldigitaldeasturias.com\\\/noticias\\\/aena-pone-en-marcha-el-plan-invierno\\\/#listItem\",\"name\":\"Aena pone en marcha el Plan Invierno\"},\"previousItem\":{\"@type\":\"ListItem\",\"@id\":\"https:\\\/\\\/www.eldigitaldeasturias.com\\\/noticias#listItem\",\"name\":\"Home\"}},{\"@type\":\"ListItem\",\"@id\":\"https:\\\/\\\/www.eldigitaldeasturias.com\\\/noticias\\\/aena-pone-en-marcha-el-plan-invierno\\\/#listItem\",\"position\":3,\"name\":\"Aena pone en marcha el Plan Invierno\",\"previousItem\":{\"@type\":\"ListItem\",\"@id\":\"https:\\\/\\\/www.eldigitaldeasturias.com\\\/noticias\\\/category\\\/actualidad\\\/#listItem\",\"name\":\"Actualidad\"}}]},{\"@type\":\"Organization\",\"@id\":\"https:\\\/\\\/www.eldigitaldeasturias.com\\\/noticias\\\/#organization\",\"name\":\"El Digital de Asturias\",\"description\":\"Hemeroteca\",\"url\":\"https:\\\/\\\/www.eldigitaldeasturias.com\\\/noticias\\\/\",\"email\":\"info@eldigitaldeasturias.com\",\"telephone\":\"+34652131393\",\"logo\":{\"@type\":\"ImageObject\",\"url\":\"https:\\\/\\\/www.eldigitaldeasturias.com\\\/noticias\\\/wp-content\\\/uploads\\\/2020\\\/12\\\/EDA.jpg\",\"@id\":\"https:\\\/\\\/www.eldigitaldeasturias.com\\\/noticias\\\/aena-pone-en-marcha-el-plan-invierno\\\/#organizationLogo\"},\"image\":{\"@id\":\"https:\\\/\\\/www.eldigitaldeasturias.com\\\/noticias\\\/aena-pone-en-marcha-el-plan-invierno\\\/#organizationLogo\"},\"sameAs\":[\"https:\\\/\\\/facebook.com\\\/eldigitaldeasturias\",\"https:\\\/\\\/www.youtube.com\\\/channel\\\/UCZP-2wLEB9Rv6erhFmqVnvg\"],\"address\":{\"@id\":\"https:\\\/\\\/www.eldigitaldeasturias.com\\\/noticias\\\/#postaladdress\",\"@type\":\"PostalAddress\",\"streetAddress\":\"san antonio 4\",\"postalCode\":\"33430\",\"addressLocality\":\"Cand\\u00e1s\",\"addressRegion\":\"Asturias\",\"addressCountry\":\"ES\"}},{\"@type\":\"Person\",\"@id\":\"https:\\\/\\\/www.eldigitaldeasturias.com\\\/noticias\\\/author\\\/admin\\\/#author\",\"url\":\"https:\\\/\\\/www.eldigitaldeasturias.com\\\/noticias\\\/author\\\/admin\\\/\",\"name\":\"El Digital de Asturias\",\"image\":{\"@type\":\"ImageObject\",\"@id\":\"https:\\\/\\\/www.eldigitaldeasturias.com\\\/noticias\\\/aena-pone-en-marcha-el-plan-invierno\\\/#authorImage\",\"url\":\"https:\\\/\\\/secure.gravatar.com\\\/avatar\\\/df2aeffc32bcd13f8d26072ef8a91b623d677766deac7f97ca815868cd41bf5e?s=96&d=mm&r=g\",\"width\":96,\"height\":96,\"caption\":\"El Digital de Asturias\"}},{\"@type\":\"WebPage\",\"@id\":\"https:\\\/\\\/www.eldigitaldeasturias.com\\\/noticias\\\/aena-pone-en-marcha-el-plan-invierno\\\/#webpage\",\"url\":\"https:\\\/\\\/www.eldigitaldeasturias.com\\\/noticias\\\/aena-pone-en-marcha-el-plan-invierno\\\/\",\"name\":\"Aena pone en marcha el Plan Invierno - El Digital de Asturias\",\"description\":\"Aena ha puesto en marcha el \\u2018Plan de Actuaciones Invernales frente a contingencias de hielo y nieve\\u2019, m\\u00e1s conocido como Plan Invierno, en los 19 aeropuertos de la red que durante los pr\\u00f3ximos meses tienen riesgo de sufrir condiciones climatol\\u00f3gicas adversas. En dicho Plan, Aena establece los procedimientos que deben seguir los aeropuertos ante este\",\"inLanguage\":\"es-ES\",\"isPartOf\":{\"@id\":\"https:\\\/\\\/www.eldigitaldeasturias.com\\\/noticias\\\/#website\"},\"breadcrumb\":{\"@id\":\"https:\\\/\\\/www.eldigitaldeasturias.com\\\/noticias\\\/aena-pone-en-marcha-el-plan-invierno\\\/#breadcrumblist\"},\"author\":{\"@id\":\"https:\\\/\\\/www.eldigitaldeasturias.com\\\/noticias\\\/author\\\/admin\\\/#author\"},\"creator\":{\"@id\":\"https:\\\/\\\/www.eldigitaldeasturias.com\\\/noticias\\\/author\\\/admin\\\/#author\"},\"image\":{\"@type\":\"ImageObject\",\"url\":962028,\"@id\":\"https:\\\/\\\/www.eldigitaldeasturias.com\\\/noticias\\\/aena-pone-en-marcha-el-plan-invierno\\\/#mainImage\"},\"primaryImageOfPage\":{\"@id\":\"https:\\\/\\\/www.eldigitaldeasturias.com\\\/noticias\\\/aena-pone-en-marcha-el-plan-invierno\\\/#mainImage\"},\"datePublished\":\"2017-12-01T20:53:41+01:00\",\"dateModified\":\"2017-12-01T20:54:01+01:00\"},{\"@type\":\"WebSite\",\"@id\":\"https:\\\/\\\/www.eldigitaldeasturias.com\\\/noticias\\\/#website\",\"url\":\"https:\\\/\\\/www.eldigitaldeasturias.com\\\/noticias\\\/\",\"name\":\"El Digital de Asturias - Diario de actualidad y noticias\",\"alternateName\":\"El Digital de Asturias - Diario de actualidad y noticias\",\"description\":\"Hemeroteca\",\"inLanguage\":\"es-ES\",\"publisher\":{\"@id\":\"https:\\\/\\\/www.eldigitaldeasturias.com\\\/noticias\\\/#organization\"}}]}\n\t\t<\/script>\n\t\t<!-- All in One SEO Pro -->\r\n\t\t<title>Aena pone en marcha el Plan Invierno - El Digital de Asturias<\/title>\n\n","aioseo_head_json":{"title":"Aena pone en marcha el Plan Invierno - El Digital de Asturias","description":"Aena ha puesto en marcha el \u2018Plan de Actuaciones Invernales frente a contingencias de hielo y nieve\u2019, m\u00e1s conocido como Plan Invierno, en los 19 aeropuertos de la red que durante los pr\u00f3ximos meses tienen riesgo de sufrir condiciones climatol\u00f3gicas adversas. En dicho Plan, Aena establece los procedimientos que deben seguir los aeropuertos ante este","canonical_url":"https:\/\/www.eldigitaldeasturias.com\/noticias\/aena-pone-en-marcha-el-plan-invierno\/","robots":"max-image-preview:large","keywords":"actualidad","webmasterTools":{"google-site-verification":"UA-38556648-1","msvalidate.01":"7dfe9f3f1b24437ab69f4f2559babe99","miscellaneous":""},"schema":{"@context":"https:\/\/schema.org","@graph":[{"@type":"BlogPosting","@id":"https:\/\/www.eldigitaldeasturias.com\/noticias\/aena-pone-en-marcha-el-plan-invierno\/#blogposting","name":"Aena pone en marcha el Plan Invierno - El Digital de Asturias","headline":"Aena pone en marcha el Plan Invierno","author":{"@id":"https:\/\/www.eldigitaldeasturias.com\/noticias\/author\/admin\/#author"},"publisher":{"@id":"https:\/\/www.eldigitaldeasturias.com\/noticias\/#organization"},"image":{"@type":"ImageObject","url":962028},"datePublished":"2017-12-01T20:53:41+01:00","dateModified":"2017-12-01T20:54:01+01:00","inLanguage":"es-ES","mainEntityOfPage":{"@id":"https:\/\/www.eldigitaldeasturias.com\/noticias\/aena-pone-en-marcha-el-plan-invierno\/#webpage"},"isPartOf":{"@id":"https:\/\/www.eldigitaldeasturias.com\/noticias\/aena-pone-en-marcha-el-plan-invierno\/#webpage"},"articleSection":"Actualidad"},{"@type":"BreadcrumbList","@id":"https:\/\/www.eldigitaldeasturias.com\/noticias\/aena-pone-en-marcha-el-plan-invierno\/#breadcrumblist","itemListElement":[{"@type":"ListItem","@id":"https:\/\/www.eldigitaldeasturias.com\/noticias#listItem","position":1,"name":"Home","item":"https:\/\/www.eldigitaldeasturias.com\/noticias","nextItem":{"@type":"ListItem","@id":"https:\/\/www.eldigitaldeasturias.com\/noticias\/category\/actualidad\/#listItem","name":"Actualidad"}},{"@type":"ListItem","@id":"https:\/\/www.eldigitaldeasturias.com\/noticias\/category\/actualidad\/#listItem","position":2,"name":"Actualidad","item":"https:\/\/www.eldigitaldeasturias.com\/noticias\/category\/actualidad\/","nextItem":{"@type":"ListItem","@id":"https:\/\/www.eldigitaldeasturias.com\/noticias\/aena-pone-en-marcha-el-plan-invierno\/#listItem","name":"Aena pone en marcha el Plan Invierno"},"previousItem":{"@type":"ListItem","@id":"https:\/\/www.eldigitaldeasturias.com\/noticias#listItem","name":"Home"}},{"@type":"ListItem","@id":"https:\/\/www.eldigitaldeasturias.com\/noticias\/aena-pone-en-marcha-el-plan-invierno\/#listItem","position":3,"name":"Aena pone en marcha el Plan Invierno","previousItem":{"@type":"ListItem","@id":"https:\/\/www.eldigitaldeasturias.com\/noticias\/category\/actualidad\/#listItem","name":"Actualidad"}}]},{"@type":"Organization","@id":"https:\/\/www.eldigitaldeasturias.com\/noticias\/#organization","name":"El Digital de Asturias","description":"Hemeroteca","url":"https:\/\/www.eldigitaldeasturias.com\/noticias\/","email":"info@eldigitaldeasturias.com","telephone":"+34652131393","logo":{"@type":"ImageObject","url":"https:\/\/www.eldigitaldeasturias.com\/noticias\/wp-content\/uploads\/2020\/12\/EDA.jpg","@id":"https:\/\/www.eldigitaldeasturias.com\/noticias\/aena-pone-en-marcha-el-plan-invierno\/#organizationLogo"},"image":{"@id":"https:\/\/www.eldigitaldeasturias.com\/noticias\/aena-pone-en-marcha-el-plan-invierno\/#organizationLogo"},"sameAs":["https:\/\/facebook.com\/eldigitaldeasturias","https:\/\/www.youtube.com\/channel\/UCZP-2wLEB9Rv6erhFmqVnvg"],"address":{"@id":"https:\/\/www.eldigitaldeasturias.com\/noticias\/#postaladdress","@type":"PostalAddress","streetAddress":"san antonio 4","postalCode":"33430","addressLocality":"Cand\u00e1s","addressRegion":"Asturias","addressCountry":"ES"}},{"@type":"Person","@id":"https:\/\/www.eldigitaldeasturias.com\/noticias\/author\/admin\/#author","url":"https:\/\/www.eldigitaldeasturias.com\/noticias\/author\/admin\/","name":"El Digital de Asturias","image":{"@type":"ImageObject","@id":"https:\/\/www.eldigitaldeasturias.com\/noticias\/aena-pone-en-marcha-el-plan-invierno\/#authorImage","url":"https:\/\/secure.gravatar.com\/avatar\/df2aeffc32bcd13f8d26072ef8a91b623d677766deac7f97ca815868cd41bf5e?s=96&d=mm&r=g","width":96,"height":96,"caption":"El Digital de Asturias"}},{"@type":"WebPage","@id":"https:\/\/www.eldigitaldeasturias.com\/noticias\/aena-pone-en-marcha-el-plan-invierno\/#webpage","url":"https:\/\/www.eldigitaldeasturias.com\/noticias\/aena-pone-en-marcha-el-plan-invierno\/","name":"Aena pone en marcha el Plan Invierno - El Digital de Asturias","description":"Aena ha puesto en marcha el \u2018Plan de Actuaciones Invernales frente a contingencias de hielo y nieve\u2019, m\u00e1s conocido como Plan Invierno, en los 19 aeropuertos de la red que durante los pr\u00f3ximos meses tienen riesgo de sufrir condiciones climatol\u00f3gicas adversas. En dicho Plan, Aena establece los procedimientos que deben seguir los aeropuertos ante este","inLanguage":"es-ES","isPartOf":{"@id":"https:\/\/www.eldigitaldeasturias.com\/noticias\/#website"},"breadcrumb":{"@id":"https:\/\/www.eldigitaldeasturias.com\/noticias\/aena-pone-en-marcha-el-plan-invierno\/#breadcrumblist"},"author":{"@id":"https:\/\/www.eldigitaldeasturias.com\/noticias\/author\/admin\/#author"},"creator":{"@id":"https:\/\/www.eldigitaldeasturias.com\/noticias\/author\/admin\/#author"},"image":{"@type":"ImageObject","url":962028,"@id":"https:\/\/www.eldigitaldeasturias.com\/noticias\/aena-pone-en-marcha-el-plan-invierno\/#mainImage"},"primaryImageOfPage":{"@id":"https:\/\/www.eldigitaldeasturias.com\/noticias\/aena-pone-en-marcha-el-plan-invierno\/#mainImage"},"datePublished":"2017-12-01T20:53:41+01:00","dateModified":"2017-12-01T20:54:01+01:00"},{"@type":"WebSite","@id":"https:\/\/www.eldigitaldeasturias.com\/noticias\/#website","url":"https:\/\/www.eldigitaldeasturias.com\/noticias\/","name":"El Digital de Asturias - Diario de actualidad y noticias","alternateName":"El Digital de Asturias - Diario de actualidad y noticias","description":"Hemeroteca","inLanguage":"es-ES","publisher":{"@id":"https:\/\/www.eldigitaldeasturias.com\/noticias\/#organization"}}]},"og:locale":"es_ES","og:site_name":"El Digital de Asturias","og:type":"article","og:title":"Aena pone en marcha el Plan Invierno - El Digital de Asturias","og:description":"Aena ha puesto en marcha el \u2018Plan de Actuaciones Invernales frente a contingencias de hielo y nieve\u2019, m\u00e1s conocido como Plan Invierno, en los 19 aeropuertos de la red que durante los pr\u00f3ximos meses tienen riesgo de sufrir condiciones climatol\u00f3gicas adversas. En dicho Plan, Aena establece los procedimientos que deben seguir los aeropuertos ante este","og:url":"https:\/\/www.eldigitaldeasturias.com\/noticias\/aena-pone-en-marcha-el-plan-invierno\/","article:tag":["actualidad"],"article:published_time":"2017-12-01T20:53:41+00:00","article:modified_time":"2017-12-01T20:54:01+00:00","article:publisher":"https:\/\/facebook.com\/eldigitaldeasturias","twitter:card":"summary_large_image","twitter:title":"Aena pone en marcha el Plan Invierno - El Digital de Asturias","twitter:description":"Aena ha puesto en marcha el \u2018Plan de Actuaciones Invernales frente a contingencias de hielo y nieve\u2019, m\u00e1s conocido como Plan Invierno, en los 19 aeropuertos de la red que durante los pr\u00f3ximos meses tienen riesgo de sufrir condiciones climatol\u00f3gicas adversas. En dicho Plan, Aena establece los procedimientos que deben seguir los aeropuertos ante este","twitter:image":"https:\/\/www.eldigitaldeasturias.com\/noticias\/wp-content\/uploads\/2020\/12\/EDA-1.jpg","twitter:label1":"Escrito por","twitter:data1":"El Digital de Asturias","twitter:label2":"Tiempo de lectura estimado","twitter:data2":"6 minutos"},"aioseo_meta_data":{"post_id":"962027","title":null,"description":null,"keywords":null,"keyphrases":null,"primary_term":null,"canonical_url":null,"og_title":null,"og_description":null,"og_object_type":"default","og_image_type":"default","og_image_url":null,"og_image_width":null,"og_image_height":null,"og_image_custom_url":null,"og_image_custom_fields":null,"og_video":null,"og_custom_url":null,"og_article_section":null,"og_article_tags":null,"twitter_use_og":false,"twitter_card":"default","twitter_image_type":"default","twitter_image_url":null,"twitter_image_custom_url":null,"twitter_image_custom_fields":null,"twitter_title":null,"twitter_description":null,"schema":{"blockGraphs":[],"customGraphs":[],"default":{"data":{"Article":[],"Course":[],"Dataset":[],"FAQPage":[],"Movie":[],"Person":[],"Product":[],"ProductReview":[],"Car":[],"Recipe":[],"Service":[],"SoftwareApplication":[],"WebPage":[]},"graphName":"","isEnabled":true},"graphs":[],"defaultGraph":"","defaultPostTypeGraph":""},"schema_type":null,"schema_type_options":null,"pillar_content":false,"robots_default":true,"robots_noindex":false,"robots_noarchive":false,"robots_nosnippet":false,"robots_nofollow":false,"robots_noimageindex":false,"robots_noodp":false,"robots_notranslate":false,"robots_max_snippet":null,"robots_max_videopreview":null,"robots_max_imagepreview":"large","priority":null,"frequency":null,"local_seo":null,"seo_analyzer_scan_date":"2025-12-07 10:57:02","breadcrumb_settings":null,"limit_modified_date":false,"open_ai":null,"ai":null,"created":"2020-12-21 12:47:39","updated":"2025-12-07 10:57:02","focus_keyword":null,"additional_keywords":null,"truseo_locale":null},"aioseo_breadcrumb":"<div class=\"aioseo-breadcrumbs\"><span class=\"aioseo-breadcrumb\">\n\t<a href=\"https:\/\/www.eldigitaldeasturias.com\/noticias\" title=\"Home\">Home<\/a>\n<\/span><span class=\"aioseo-breadcrumb-separator\">\u2013<\/span><span class=\"aioseo-breadcrumb\">\n\t<a href=\"https:\/\/www.eldigitaldeasturias.com\/noticias\/category\/actualidad\/\" title=\"Actualidad\">Actualidad<\/a>\n<\/span><span class=\"aioseo-breadcrumb-separator\">\u2013<\/span><span class=\"aioseo-breadcrumb\">\n\t<a href=\"https:\/\/www.eldigitaldeasturias.com\/noticias\/aena-pone-en-marcha-el-plan-invierno\/\" title=\"Aena pone en marcha el Plan Invierno\">Aena pone en marcha el Plan Invierno<\/a>\n<\/span><\/div>","aioseo_breadcrumb_json":[{"label":"Home","link":"https:\/\/www.eldigitaldeasturias.com\/noticias"},{"label":"Actualidad","link":"https:\/\/www.eldigitaldeasturias.com\/noticias\/category\/actualidad\/"},{"label":"Aena pone en marcha el Plan Invierno","link":"https:\/\/www.eldigitaldeasturias.com\/noticias\/aena-pone-en-marcha-el-plan-invierno\/"}],"_links":{"self":[{"href":"https:\/\/www.eldigitaldeasturias.com\/noticias\/wp-json\/wp\/v2\/posts\/962027","targetHints":{"allow":["GET"]}}],"collection":[{"href":"https:\/\/www.eldigitaldeasturias.com\/noticias\/wp-json\/wp\/v2\/posts"}],"about":[{"href":"https:\/\/www.eldigitaldeasturias.com\/noticias\/wp-json\/wp\/v2\/types\/post"}],"author":[{"embeddable":true,"href":"https:\/\/www.eldigitaldeasturias.com\/noticias\/wp-json\/wp\/v2\/users\/1"}],"replies":[{"embeddable":true,"href":"https:\/\/www.eldigitaldeasturias.com\/noticias\/wp-json\/wp\/v2\/comments?post=962027"}],"version-history":[{"count":0,"href":"https:\/\/www.eldigitaldeasturias.com\/noticias\/wp-json\/wp\/v2\/posts\/962027\/revisions"}],"wp:attachment":[{"href":"https:\/\/www.eldigitaldeasturias.com\/noticias\/wp-json\/wp\/v2\/media?parent=962027"}],"wp:term":[{"taxonomy":"category","embeddable":true,"href":"https:\/\/www.eldigitaldeasturias.com\/noticias\/wp-json\/wp\/v2\/categories?post=962027"},{"taxonomy":"post_tag","embeddable":true,"href":"https:\/\/www.eldigitaldeasturias.com\/noticias\/wp-json\/wp\/v2\/tags?post=962027"}],"curies":[{"name":"wp","href":"https:\/\/api.w.org\/{rel}","templated":true}]}}