{"id":961967,"date":"2017-12-01T15:20:16","date_gmt":"2017-12-01T15:20:16","guid":{"rendered":"http:\/\/www.eldigitaldeasturias.com\/noticias\/?p=961967"},"modified":"2017-12-01T15:20:16","modified_gmt":"2017-12-01T15:20:16","slug":"agenda-digital-anuncia-un-paquete-de-medidas-para-el-impulso-del-5g","status":"publish","type":"post","link":"https:\/\/www.eldigitaldeasturias.com\/noticias\/agenda-digital-anuncia-un-paquete-de-medidas-para-el-impulso-del-5g\/","title":{"rendered":"Agenda Digital anuncia un paquete de medidas para el impulso del 5G"},"content":{"rendered":"<p><img loading=\"lazy\" decoding=\"async\" class=\"alignleft size-medium wp-image-961968\" src=\"https:\/\/www.eldigitaldeasturias.com\/noticias\/wp-content\/uploads\/2017\/12\/ciudades-tecnologicas-360x239.jpg\" alt=\"\" width=\"360\" height=\"239\" srcset=\"https:\/\/www.eldigitaldeasturias.com\/noticias\/wp-content\/uploads\/2017\/12\/ciudades-tecnologicas-360x239.jpg 360w, https:\/\/www.eldigitaldeasturias.com\/noticias\/wp-content\/uploads\/2017\/12\/ciudades-tecnologicas.jpg 496w\" sizes=\"auto, (max-width: 360px) 100vw, 360px\" \/>El Ministerio de Energ\u00eda, Turismo y Agenda Digital ha anunciado un paquete de medidas para favorecer el desarrollo de la tecnolog\u00eda 5G en Espa\u00f1a. Entre ellas est\u00e1 la convocatoria de ayudas p\u00fablicas para fomentar la puesta en marcha de proyectos piloto y soluciones tecnol\u00f3gicas innovadoras basadas en 5G.<\/p>\n<p>Adem\u00e1s, a principios del a\u00f1o que viene se proceder\u00e1 a la licitaci\u00f3n de las primeras bandas de frecuencia identificadas para 5G, 3,6 GHz (3.600 MHz-3.800 MHz) y 1,5 GHz (1.452-1.492 MHz), con el objetivo de que los operadores puedan comenzar a realizar los primeros proyectos innovadores de 5G.<\/p>\n<p>Ambas medidas se derivan del Plan Nacional 5G, que ha publicado hoy el Ministerio de Energ\u00eda, Turismo y Agenda Digital, y que supone la hoja de ruta para situar a Espa\u00f1a entre los pa\u00edses m\u00e1s avanzados en el desarrollo de esta nueva tecnolog\u00eda.<\/p>\n<p>La tecnolog\u00eda 5G es la piedra angular de la transformaci\u00f3n digital y se estima que su introducci\u00f3n en los sectores de la automoci\u00f3n, la salud, el transporte y los servicios p\u00fablicos en Espa\u00f1a tenga un impacto econ\u00f3mico de hasta 14.600 millones de euros antes del 2025.<\/p>\n<p>La implantaci\u00f3n de la tecnolog\u00eda 5G facilitar\u00e1 la prestaci\u00f3n de servicios que requieran gran ancho de banda en movilidad y dar\u00e1 un impulso a las aplicaciones del Internet de las Cosas, como el coche conectado, el transporte inteligente o la digitalizaci\u00f3n del entorno rural.<\/p>\n<p>El Plan Nacional 5G, que toma como base las aportaciones y los resultados de la consulta p\u00fablica realizada el pasado mes de julio, es plenamente compatible con la hoja de ruta de la Uni\u00f3n Europea para el despliegue de la nueva generaci\u00f3n de redes y servicios de telecomunicaciones inal\u00e1mbricas.<\/p>\n<p>Con la publicaci\u00f3n de este documento, se cumple el objetivo fijado por la Uni\u00f3n Europea de desarrollar antes de finales de 2017 las planificaciones nacionales para el despliegue de 5G.<\/p>\n","protected":false},"excerpt":{"rendered":"<p>El Ministerio de Energ\u00eda, Turismo y Agenda Digital ha anunciado un paquete de medidas para favorecer el desarrollo de la tecnolog\u00eda 5G en Espa\u00f1a. Entre ellas est\u00e1 la convocatoria de ayudas p\u00fablicas para fomentar la puesta en marcha de proyectos piloto y soluciones tecnol\u00f3gicas innovadoras basadas en 5G. Adem\u00e1s, a principios del a\u00f1o que viene [&hellip;]<\/p>\n","protected":false},"author":1,"featured_media":961968,"comment_status":"closed","ping_status":"closed","sticky":false,"template":"","format":"standard","meta":{"footnotes":""},"categories":[187],"tags":[],"class_list":["post-961967","post","type-post","status-publish","format-standard","has-post-thumbnail","hentry","category-economia"],"aioseo_notices":[],"aioseo_head":"\n\t\t<!-- All in One SEO Pro 4.9.6.2 - aioseo.com -->\n\t<meta name=\"description\" content=\"El Ministerio de Energ\u00eda, Turismo y Agenda Digital ha anunciado un paquete de medidas para favorecer el desarrollo de la tecnolog\u00eda 5G en Espa\u00f1a. Entre ellas est\u00e1 la convocatoria de ayudas p\u00fablicas para fomentar la puesta en marcha de proyectos piloto y soluciones tecnol\u00f3gicas innovadoras basadas en 5G. Adem\u00e1s, a principios del a\u00f1o que viene\" \/>\n\t<meta name=\"robots\" content=\"max-image-preview:large\" \/>\n\t<meta name=\"author\" content=\"El Digital de Asturias\"\/>\n\t<meta name=\"google-site-verification\" content=\"UA-38556648-1\" \/>\n\t<meta name=\"msvalidate.01\" content=\"7dfe9f3f1b24437ab69f4f2559babe99\" \/>\n\t<meta name=\"keywords\" content=\"econom\u00eda\" \/>\n\t<link rel=\"canonical\" href=\"https:\/\/www.eldigitaldeasturias.com\/noticias\/agenda-digital-anuncia-un-paquete-de-medidas-para-el-impulso-del-5g\/\" \/>\n\t<meta name=\"generator\" content=\"All in One SEO Pro (AIOSEO) 4.9.6.2\" \/>\n\t\t<meta property=\"og:locale\" content=\"es_ES\" \/>\n\t\t<meta property=\"og:site_name\" content=\"El Digital de Asturias\" \/>\n\t\t<meta property=\"og:type\" content=\"article\" \/>\n\t\t<meta property=\"og:title\" content=\"Agenda Digital anuncia un paquete de medidas para el impulso del 5G - El Digital de Asturias\" \/>\n\t\t<meta property=\"og:description\" content=\"El Ministerio de Energ\u00eda, Turismo y Agenda Digital ha anunciado un paquete de medidas para favorecer el desarrollo de la tecnolog\u00eda 5G en Espa\u00f1a. Entre ellas est\u00e1 la convocatoria de ayudas p\u00fablicas para fomentar la puesta en marcha de proyectos piloto y soluciones tecnol\u00f3gicas innovadoras basadas en 5G. Adem\u00e1s, a principios del a\u00f1o que viene\" \/>\n\t\t<meta property=\"og:url\" content=\"https:\/\/www.eldigitaldeasturias.com\/noticias\/agenda-digital-anuncia-un-paquete-de-medidas-para-el-impulso-del-5g\/\" \/>\n\t\t<meta property=\"og:image\" content=\"https:\/\/www.eldigitaldeasturias.com\/noticias\/wp-content\/uploads\/2017\/12\/ciudades-tecnologicas.jpg\" \/>\n\t\t<meta property=\"og:image:secure_url\" content=\"https:\/\/www.eldigitaldeasturias.com\/noticias\/wp-content\/uploads\/2017\/12\/ciudades-tecnologicas.jpg\" \/>\n\t\t<meta property=\"og:image:width\" content=\"496\" \/>\n\t\t<meta property=\"og:image:height\" content=\"329\" \/>\n\t\t<meta property=\"article:tag\" content=\"econom\u00eda\" \/>\n\t\t<meta property=\"article:published_time\" content=\"2017-12-01T15:20:16+00:00\" \/>\n\t\t<meta property=\"article:modified_time\" content=\"2017-12-01T15:20:16+00:00\" \/>\n\t\t<meta property=\"article:publisher\" content=\"https:\/\/facebook.com\/eldigitaldeasturias\" \/>\n\t\t<meta name=\"twitter:card\" content=\"summary_large_image\" \/>\n\t\t<meta name=\"twitter:title\" content=\"Agenda Digital anuncia un paquete de medidas para el impulso del 5G - El Digital de Asturias\" \/>\n\t\t<meta name=\"twitter:description\" content=\"El Ministerio de Energ\u00eda, Turismo y Agenda Digital ha anunciado un paquete de medidas para favorecer el desarrollo de la tecnolog\u00eda 5G en Espa\u00f1a. Entre ellas est\u00e1 la convocatoria de ayudas p\u00fablicas para fomentar la puesta en marcha de proyectos piloto y soluciones tecnol\u00f3gicas innovadoras basadas en 5G. Adem\u00e1s, a principios del a\u00f1o que viene\" \/>\n\t\t<meta name=\"twitter:image\" content=\"https:\/\/www.eldigitaldeasturias.com\/noticias\/wp-content\/uploads\/2017\/12\/ciudades-tecnologicas.jpg\" \/>\n\t\t<meta name=\"twitter:label1\" content=\"Escrito por\" \/>\n\t\t<meta name=\"twitter:data1\" content=\"El Digital de Asturias\" \/>\n\t\t<meta name=\"twitter:label2\" content=\"Tiempo de lectura estimado\" \/>\n\t\t<meta name=\"twitter:data2\" content=\"2 minutos\" \/>\n\t\t<script type=\"application\/ld+json\" class=\"aioseo-schema\">\n\t\t\t{\"@context\":\"https:\\\/\\\/schema.org\",\"@graph\":[{\"@type\":\"BlogPosting\",\"@id\":\"https:\\\/\\\/www.eldigitaldeasturias.com\\\/noticias\\\/agenda-digital-anuncia-un-paquete-de-medidas-para-el-impulso-del-5g\\\/#blogposting\",\"name\":\"Agenda Digital anuncia un paquete de medidas para el impulso del 5G - El Digital de Asturias\",\"headline\":\"Agenda Digital anuncia un paquete de medidas para el impulso del 5G\",\"author\":{\"@id\":\"https:\\\/\\\/www.eldigitaldeasturias.com\\\/noticias\\\/author\\\/admin\\\/#author\"},\"publisher\":{\"@id\":\"https:\\\/\\\/www.eldigitaldeasturias.com\\\/noticias\\\/#organization\"},\"image\":{\"@type\":\"ImageObject\",\"url\":\"https:\\\/\\\/www.eldigitaldeasturias.com\\\/noticias\\\/wp-content\\\/uploads\\\/2017\\\/12\\\/ciudades-tecnologicas.jpg\",\"width\":496,\"height\":329},\"datePublished\":\"2017-12-01T15:20:16+01:00\",\"dateModified\":\"2017-12-01T15:20:16+01:00\",\"inLanguage\":\"es-ES\",\"mainEntityOfPage\":{\"@id\":\"https:\\\/\\\/www.eldigitaldeasturias.com\\\/noticias\\\/agenda-digital-anuncia-un-paquete-de-medidas-para-el-impulso-del-5g\\\/#webpage\"},\"isPartOf\":{\"@id\":\"https:\\\/\\\/www.eldigitaldeasturias.com\\\/noticias\\\/agenda-digital-anuncia-un-paquete-de-medidas-para-el-impulso-del-5g\\\/#webpage\"},\"articleSection\":\"Econom\\u00eda\"},{\"@type\":\"BreadcrumbList\",\"@id\":\"https:\\\/\\\/www.eldigitaldeasturias.com\\\/noticias\\\/agenda-digital-anuncia-un-paquete-de-medidas-para-el-impulso-del-5g\\\/#breadcrumblist\",\"itemListElement\":[{\"@type\":\"ListItem\",\"@id\":\"https:\\\/\\\/www.eldigitaldeasturias.com\\\/noticias#listItem\",\"position\":1,\"name\":\"Home\",\"item\":\"https:\\\/\\\/www.eldigitaldeasturias.com\\\/noticias\",\"nextItem\":{\"@type\":\"ListItem\",\"@id\":\"https:\\\/\\\/www.eldigitaldeasturias.com\\\/noticias\\\/category\\\/economia\\\/#listItem\",\"name\":\"Econom\\u00eda\"}},{\"@type\":\"ListItem\",\"@id\":\"https:\\\/\\\/www.eldigitaldeasturias.com\\\/noticias\\\/category\\\/economia\\\/#listItem\",\"position\":2,\"name\":\"Econom\\u00eda\",\"item\":\"https:\\\/\\\/www.eldigitaldeasturias.com\\\/noticias\\\/category\\\/economia\\\/\",\"nextItem\":{\"@type\":\"ListItem\",\"@id\":\"https:\\\/\\\/www.eldigitaldeasturias.com\\\/noticias\\\/agenda-digital-anuncia-un-paquete-de-medidas-para-el-impulso-del-5g\\\/#listItem\",\"name\":\"Agenda Digital anuncia un paquete de medidas para el impulso del 5G\"},\"previousItem\":{\"@type\":\"ListItem\",\"@id\":\"https:\\\/\\\/www.eldigitaldeasturias.com\\\/noticias#listItem\",\"name\":\"Home\"}},{\"@type\":\"ListItem\",\"@id\":\"https:\\\/\\\/www.eldigitaldeasturias.com\\\/noticias\\\/agenda-digital-anuncia-un-paquete-de-medidas-para-el-impulso-del-5g\\\/#listItem\",\"position\":3,\"name\":\"Agenda Digital anuncia un paquete de medidas para el impulso del 5G\",\"previousItem\":{\"@type\":\"ListItem\",\"@id\":\"https:\\\/\\\/www.eldigitaldeasturias.com\\\/noticias\\\/category\\\/economia\\\/#listItem\",\"name\":\"Econom\\u00eda\"}}]},{\"@type\":\"Organization\",\"@id\":\"https:\\\/\\\/www.eldigitaldeasturias.com\\\/noticias\\\/#organization\",\"name\":\"El Digital de Asturias\",\"description\":\"Hemeroteca\",\"url\":\"https:\\\/\\\/www.eldigitaldeasturias.com\\\/noticias\\\/\",\"email\":\"info@eldigitaldeasturias.com\",\"telephone\":\"+34652131393\",\"logo\":{\"@type\":\"ImageObject\",\"url\":\"https:\\\/\\\/www.eldigitaldeasturias.com\\\/noticias\\\/wp-content\\\/uploads\\\/2020\\\/12\\\/EDA.jpg\",\"@id\":\"https:\\\/\\\/www.eldigitaldeasturias.com\\\/noticias\\\/agenda-digital-anuncia-un-paquete-de-medidas-para-el-impulso-del-5g\\\/#organizationLogo\",\"width\":649,\"height\":297},\"image\":{\"@id\":\"https:\\\/\\\/www.eldigitaldeasturias.com\\\/noticias\\\/agenda-digital-anuncia-un-paquete-de-medidas-para-el-impulso-del-5g\\\/#organizationLogo\"},\"sameAs\":[\"https:\\\/\\\/facebook.com\\\/eldigitaldeasturias\",\"https:\\\/\\\/www.youtube.com\\\/channel\\\/UCZP-2wLEB9Rv6erhFmqVnvg\"],\"address\":{\"@id\":\"https:\\\/\\\/www.eldigitaldeasturias.com\\\/noticias\\\/#postaladdress\",\"@type\":\"PostalAddress\",\"streetAddress\":\"san antonio 4,\",\"postalCode\":\"33430\",\"addressLocality\":\"Cand\\u00e1s\",\"addressRegion\":\"Asturias\",\"addressCountry\":\"ES\"}},{\"@type\":\"Person\",\"@id\":\"https:\\\/\\\/www.eldigitaldeasturias.com\\\/noticias\\\/author\\\/admin\\\/#author\",\"url\":\"https:\\\/\\\/www.eldigitaldeasturias.com\\\/noticias\\\/author\\\/admin\\\/\",\"name\":\"El Digital de Asturias\",\"image\":{\"@type\":\"ImageObject\",\"@id\":\"https:\\\/\\\/www.eldigitaldeasturias.com\\\/noticias\\\/agenda-digital-anuncia-un-paquete-de-medidas-para-el-impulso-del-5g\\\/#authorImage\",\"url\":\"https:\\\/\\\/www.eldigitaldeasturias.com\\\/noticias\\\/wp-content\\\/litespeed\\\/avatar\\\/18677e78aa0546b92d9dbf31ec7d7668.jpg?ver=1777290358\",\"width\":96,\"height\":96,\"caption\":\"El Digital de Asturias\"}},{\"@type\":\"WebPage\",\"@id\":\"https:\\\/\\\/www.eldigitaldeasturias.com\\\/noticias\\\/agenda-digital-anuncia-un-paquete-de-medidas-para-el-impulso-del-5g\\\/#webpage\",\"url\":\"https:\\\/\\\/www.eldigitaldeasturias.com\\\/noticias\\\/agenda-digital-anuncia-un-paquete-de-medidas-para-el-impulso-del-5g\\\/\",\"name\":\"Agenda Digital anuncia un paquete de medidas para el impulso del 5G - El Digital de Asturias\",\"description\":\"El Ministerio de Energ\\u00eda, Turismo y Agenda Digital ha anunciado un paquete de medidas para favorecer el desarrollo de la tecnolog\\u00eda 5G en Espa\\u00f1a. Entre ellas est\\u00e1 la convocatoria de ayudas p\\u00fablicas para fomentar la puesta en marcha de proyectos piloto y soluciones tecnol\\u00f3gicas innovadoras basadas en 5G. Adem\\u00e1s, a principios del a\\u00f1o que viene\",\"inLanguage\":\"es-ES\",\"isPartOf\":{\"@id\":\"https:\\\/\\\/www.eldigitaldeasturias.com\\\/noticias\\\/#website\"},\"breadcrumb\":{\"@id\":\"https:\\\/\\\/www.eldigitaldeasturias.com\\\/noticias\\\/agenda-digital-anuncia-un-paquete-de-medidas-para-el-impulso-del-5g\\\/#breadcrumblist\"},\"author\":{\"@id\":\"https:\\\/\\\/www.eldigitaldeasturias.com\\\/noticias\\\/author\\\/admin\\\/#author\"},\"creator\":{\"@id\":\"https:\\\/\\\/www.eldigitaldeasturias.com\\\/noticias\\\/author\\\/admin\\\/#author\"},\"image\":{\"@type\":\"ImageObject\",\"url\":\"https:\\\/\\\/www.eldigitaldeasturias.com\\\/noticias\\\/wp-content\\\/uploads\\\/2017\\\/12\\\/ciudades-tecnologicas.jpg\",\"@id\":\"https:\\\/\\\/www.eldigitaldeasturias.com\\\/noticias\\\/agenda-digital-anuncia-un-paquete-de-medidas-para-el-impulso-del-5g\\\/#mainImage\",\"width\":496,\"height\":329},\"primaryImageOfPage\":{\"@id\":\"https:\\\/\\\/www.eldigitaldeasturias.com\\\/noticias\\\/agenda-digital-anuncia-un-paquete-de-medidas-para-el-impulso-del-5g\\\/#mainImage\"},\"datePublished\":\"2017-12-01T15:20:16+01:00\",\"dateModified\":\"2017-12-01T15:20:16+01:00\"},{\"@type\":\"WebSite\",\"@id\":\"https:\\\/\\\/www.eldigitaldeasturias.com\\\/noticias\\\/#website\",\"url\":\"https:\\\/\\\/www.eldigitaldeasturias.com\\\/noticias\\\/\",\"name\":\"El Digital de Asturias - Diario de actualidad y noticias\",\"alternateName\":\"El Digital de Asturias - Diario de actualidad y noticias\",\"description\":\"Hemeroteca\",\"inLanguage\":\"es-ES\",\"publisher\":{\"@id\":\"https:\\\/\\\/www.eldigitaldeasturias.com\\\/noticias\\\/#organization\"}}]}\n\t\t<\/script>\n\t\t<!-- All in One SEO Pro -->\r\n\t\t<title>Agenda Digital anuncia un paquete de medidas para el impulso del 5G - El Digital de Asturias<\/title>\n\n","aioseo_head_json":{"title":"Agenda Digital anuncia un paquete de medidas para el impulso del 5G - El Digital de Asturias","description":"El Ministerio de Energ\u00eda, Turismo y Agenda Digital ha anunciado un paquete de medidas para favorecer el desarrollo de la tecnolog\u00eda 5G en Espa\u00f1a. Entre ellas est\u00e1 la convocatoria de ayudas p\u00fablicas para fomentar la puesta en marcha de proyectos piloto y soluciones tecnol\u00f3gicas innovadoras basadas en 5G. Adem\u00e1s, a principios del a\u00f1o que viene","canonical_url":"https:\/\/www.eldigitaldeasturias.com\/noticias\/agenda-digital-anuncia-un-paquete-de-medidas-para-el-impulso-del-5g\/","robots":"max-image-preview:large","keywords":"econom\u00eda","webmasterTools":{"google-site-verification":"UA-38556648-1","msvalidate.01":"7dfe9f3f1b24437ab69f4f2559babe99","miscellaneous":""},"schema":{"@context":"https:\/\/schema.org","@graph":[{"@type":"BlogPosting","@id":"https:\/\/www.eldigitaldeasturias.com\/noticias\/agenda-digital-anuncia-un-paquete-de-medidas-para-el-impulso-del-5g\/#blogposting","name":"Agenda Digital anuncia un paquete de medidas para el impulso del 5G - El Digital de Asturias","headline":"Agenda Digital anuncia un paquete de medidas para el impulso del 5G","author":{"@id":"https:\/\/www.eldigitaldeasturias.com\/noticias\/author\/admin\/#author"},"publisher":{"@id":"https:\/\/www.eldigitaldeasturias.com\/noticias\/#organization"},"image":{"@type":"ImageObject","url":"https:\/\/www.eldigitaldeasturias.com\/noticias\/wp-content\/uploads\/2017\/12\/ciudades-tecnologicas.jpg","width":496,"height":329},"datePublished":"2017-12-01T15:20:16+01:00","dateModified":"2017-12-01T15:20:16+01:00","inLanguage":"es-ES","mainEntityOfPage":{"@id":"https:\/\/www.eldigitaldeasturias.com\/noticias\/agenda-digital-anuncia-un-paquete-de-medidas-para-el-impulso-del-5g\/#webpage"},"isPartOf":{"@id":"https:\/\/www.eldigitaldeasturias.com\/noticias\/agenda-digital-anuncia-un-paquete-de-medidas-para-el-impulso-del-5g\/#webpage"},"articleSection":"Econom\u00eda"},{"@type":"BreadcrumbList","@id":"https:\/\/www.eldigitaldeasturias.com\/noticias\/agenda-digital-anuncia-un-paquete-de-medidas-para-el-impulso-del-5g\/#breadcrumblist","itemListElement":[{"@type":"ListItem","@id":"https:\/\/www.eldigitaldeasturias.com\/noticias#listItem","position":1,"name":"Home","item":"https:\/\/www.eldigitaldeasturias.com\/noticias","nextItem":{"@type":"ListItem","@id":"https:\/\/www.eldigitaldeasturias.com\/noticias\/category\/economia\/#listItem","name":"Econom\u00eda"}},{"@type":"ListItem","@id":"https:\/\/www.eldigitaldeasturias.com\/noticias\/category\/economia\/#listItem","position":2,"name":"Econom\u00eda","item":"https:\/\/www.eldigitaldeasturias.com\/noticias\/category\/economia\/","nextItem":{"@type":"ListItem","@id":"https:\/\/www.eldigitaldeasturias.com\/noticias\/agenda-digital-anuncia-un-paquete-de-medidas-para-el-impulso-del-5g\/#listItem","name":"Agenda Digital anuncia un paquete de medidas para el impulso del 5G"},"previousItem":{"@type":"ListItem","@id":"https:\/\/www.eldigitaldeasturias.com\/noticias#listItem","name":"Home"}},{"@type":"ListItem","@id":"https:\/\/www.eldigitaldeasturias.com\/noticias\/agenda-digital-anuncia-un-paquete-de-medidas-para-el-impulso-del-5g\/#listItem","position":3,"name":"Agenda Digital anuncia un paquete de medidas para el impulso del 5G","previousItem":{"@type":"ListItem","@id":"https:\/\/www.eldigitaldeasturias.com\/noticias\/category\/economia\/#listItem","name":"Econom\u00eda"}}]},{"@type":"Organization","@id":"https:\/\/www.eldigitaldeasturias.com\/noticias\/#organization","name":"El Digital de Asturias","description":"Hemeroteca","url":"https:\/\/www.eldigitaldeasturias.com\/noticias\/","email":"info@eldigitaldeasturias.com","telephone":"+34652131393","logo":{"@type":"ImageObject","url":"https:\/\/www.eldigitaldeasturias.com\/noticias\/wp-content\/uploads\/2020\/12\/EDA.jpg","@id":"https:\/\/www.eldigitaldeasturias.com\/noticias\/agenda-digital-anuncia-un-paquete-de-medidas-para-el-impulso-del-5g\/#organizationLogo","width":649,"height":297},"image":{"@id":"https:\/\/www.eldigitaldeasturias.com\/noticias\/agenda-digital-anuncia-un-paquete-de-medidas-para-el-impulso-del-5g\/#organizationLogo"},"sameAs":["https:\/\/facebook.com\/eldigitaldeasturias","https:\/\/www.youtube.com\/channel\/UCZP-2wLEB9Rv6erhFmqVnvg"],"address":{"@id":"https:\/\/www.eldigitaldeasturias.com\/noticias\/#postaladdress","@type":"PostalAddress","streetAddress":"san antonio 4,","postalCode":"33430","addressLocality":"Cand\u00e1s","addressRegion":"Asturias","addressCountry":"ES"}},{"@type":"Person","@id":"https:\/\/www.eldigitaldeasturias.com\/noticias\/author\/admin\/#author","url":"https:\/\/www.eldigitaldeasturias.com\/noticias\/author\/admin\/","name":"El Digital de Asturias","image":{"@type":"ImageObject","@id":"https:\/\/www.eldigitaldeasturias.com\/noticias\/agenda-digital-anuncia-un-paquete-de-medidas-para-el-impulso-del-5g\/#authorImage","url":"https:\/\/www.eldigitaldeasturias.com\/noticias\/wp-content\/litespeed\/avatar\/18677e78aa0546b92d9dbf31ec7d7668.jpg?ver=1777290358","width":96,"height":96,"caption":"El Digital de Asturias"}},{"@type":"WebPage","@id":"https:\/\/www.eldigitaldeasturias.com\/noticias\/agenda-digital-anuncia-un-paquete-de-medidas-para-el-impulso-del-5g\/#webpage","url":"https:\/\/www.eldigitaldeasturias.com\/noticias\/agenda-digital-anuncia-un-paquete-de-medidas-para-el-impulso-del-5g\/","name":"Agenda Digital anuncia un paquete de medidas para el impulso del 5G - El Digital de Asturias","description":"El Ministerio de Energ\u00eda, Turismo y Agenda Digital ha anunciado un paquete de medidas para favorecer el desarrollo de la tecnolog\u00eda 5G en Espa\u00f1a. Entre ellas est\u00e1 la convocatoria de ayudas p\u00fablicas para fomentar la puesta en marcha de proyectos piloto y soluciones tecnol\u00f3gicas innovadoras basadas en 5G. Adem\u00e1s, a principios del a\u00f1o que viene","inLanguage":"es-ES","isPartOf":{"@id":"https:\/\/www.eldigitaldeasturias.com\/noticias\/#website"},"breadcrumb":{"@id":"https:\/\/www.eldigitaldeasturias.com\/noticias\/agenda-digital-anuncia-un-paquete-de-medidas-para-el-impulso-del-5g\/#breadcrumblist"},"author":{"@id":"https:\/\/www.eldigitaldeasturias.com\/noticias\/author\/admin\/#author"},"creator":{"@id":"https:\/\/www.eldigitaldeasturias.com\/noticias\/author\/admin\/#author"},"image":{"@type":"ImageObject","url":"https:\/\/www.eldigitaldeasturias.com\/noticias\/wp-content\/uploads\/2017\/12\/ciudades-tecnologicas.jpg","@id":"https:\/\/www.eldigitaldeasturias.com\/noticias\/agenda-digital-anuncia-un-paquete-de-medidas-para-el-impulso-del-5g\/#mainImage","width":496,"height":329},"primaryImageOfPage":{"@id":"https:\/\/www.eldigitaldeasturias.com\/noticias\/agenda-digital-anuncia-un-paquete-de-medidas-para-el-impulso-del-5g\/#mainImage"},"datePublished":"2017-12-01T15:20:16+01:00","dateModified":"2017-12-01T15:20:16+01:00"},{"@type":"WebSite","@id":"https:\/\/www.eldigitaldeasturias.com\/noticias\/#website","url":"https:\/\/www.eldigitaldeasturias.com\/noticias\/","name":"El Digital de Asturias - Diario de actualidad y noticias","alternateName":"El Digital de Asturias - Diario de actualidad y noticias","description":"Hemeroteca","inLanguage":"es-ES","publisher":{"@id":"https:\/\/www.eldigitaldeasturias.com\/noticias\/#organization"}}]},"og:locale":"es_ES","og:site_name":"El Digital de Asturias","og:type":"article","og:title":"Agenda Digital anuncia un paquete de medidas para el impulso del 5G - El Digital de Asturias","og:description":"El Ministerio de Energ\u00eda, Turismo y Agenda Digital ha anunciado un paquete de medidas para favorecer el desarrollo de la tecnolog\u00eda 5G en Espa\u00f1a. Entre ellas est\u00e1 la convocatoria de ayudas p\u00fablicas para fomentar la puesta en marcha de proyectos piloto y soluciones tecnol\u00f3gicas innovadoras basadas en 5G. Adem\u00e1s, a principios del a\u00f1o que viene","og:url":"https:\/\/www.eldigitaldeasturias.com\/noticias\/agenda-digital-anuncia-un-paquete-de-medidas-para-el-impulso-del-5g\/","og:image":"https:\/\/www.eldigitaldeasturias.com\/noticias\/wp-content\/uploads\/2017\/12\/ciudades-tecnologicas.jpg","og:image:secure_url":"https:\/\/www.eldigitaldeasturias.com\/noticias\/wp-content\/uploads\/2017\/12\/ciudades-tecnologicas.jpg","og:image:width":496,"og:image:height":329,"article:tag":["econom\u00eda"],"article:published_time":"2017-12-01T15:20:16+00:00","article:modified_time":"2017-12-01T15:20:16+00:00","article:publisher":"https:\/\/facebook.com\/eldigitaldeasturias","twitter:card":"summary_large_image","twitter:title":"Agenda Digital anuncia un paquete de medidas para el impulso del 5G - El Digital de Asturias","twitter:description":"El Ministerio de Energ\u00eda, Turismo y Agenda Digital ha anunciado un paquete de medidas para favorecer el desarrollo de la tecnolog\u00eda 5G en Espa\u00f1a. Entre ellas est\u00e1 la convocatoria de ayudas p\u00fablicas para fomentar la puesta en marcha de proyectos piloto y soluciones tecnol\u00f3gicas innovadoras basadas en 5G. Adem\u00e1s, a principios del a\u00f1o que viene","twitter:image":"https:\/\/www.eldigitaldeasturias.com\/noticias\/wp-content\/uploads\/2017\/12\/ciudades-tecnologicas.jpg","twitter:label1":"Escrito por","twitter:data1":"El Digital de Asturias","twitter:label2":"Tiempo de lectura estimado","twitter:data2":"2 minutos"},"aioseo_meta_data":{"post_id":"961967","title":null,"description":null,"keywords":null,"keyphrases":null,"primary_term":null,"canonical_url":null,"og_title":null,"og_description":null,"og_object_type":"default","og_image_type":"default","og_image_url":null,"og_image_width":null,"og_image_height":null,"og_image_custom_url":null,"og_image_custom_fields":null,"og_video":null,"og_custom_url":null,"og_article_section":null,"og_article_tags":null,"twitter_use_og":false,"twitter_card":"default","twitter_image_type":"default","twitter_image_url":null,"twitter_image_custom_url":null,"twitter_image_custom_fields":null,"twitter_title":null,"twitter_description":null,"schema":{"blockGraphs":[],"customGraphs":[],"default":{"data":{"Article":[],"Course":[],"Dataset":[],"FAQPage":[],"Movie":[],"Person":[],"Product":[],"ProductReview":[],"Car":[],"Recipe":[],"Service":[],"SoftwareApplication":[],"WebPage":[]},"graphName":"","isEnabled":true},"graphs":[],"defaultGraph":"","defaultPostTypeGraph":""},"schema_type":null,"schema_type_options":null,"pillar_content":false,"robots_default":true,"robots_noindex":false,"robots_noarchive":false,"robots_nosnippet":false,"robots_nofollow":false,"robots_noimageindex":false,"robots_noodp":false,"robots_notranslate":false,"robots_max_snippet":null,"robots_max_videopreview":null,"robots_max_imagepreview":"large","priority":null,"frequency":null,"local_seo":null,"seo_analyzer_scan_date":"2025-12-07 10:45:12","breadcrumb_settings":null,"limit_modified_date":false,"open_ai":null,"ai":null,"created":"2020-12-21 12:47:39","updated":"2025-12-07 10:45:12"},"aioseo_breadcrumb":"<div class=\"aioseo-breadcrumbs\"><span class=\"aioseo-breadcrumb\">\n\t<a href=\"https:\/\/www.eldigitaldeasturias.com\/noticias\" title=\"Home\">Home<\/a>\n<\/span><span class=\"aioseo-breadcrumb-separator\">\u2013<\/span><span class=\"aioseo-breadcrumb\">\n\t<a href=\"https:\/\/www.eldigitaldeasturias.com\/noticias\/category\/economia\/\" title=\"Econom\u00eda\">Econom\u00eda<\/a>\n<\/span><span class=\"aioseo-breadcrumb-separator\">\u2013<\/span><span class=\"aioseo-breadcrumb\">\n\t<a href=\"https:\/\/www.eldigitaldeasturias.com\/noticias\/agenda-digital-anuncia-un-paquete-de-medidas-para-el-impulso-del-5g\/\" title=\"Agenda Digital anuncia un paquete de medidas para el impulso del 5G\">Agenda Digital anuncia un paquete de medidas para el impulso del 5G<\/a>\n<\/span><\/div>","aioseo_breadcrumb_json":[{"label":"Home","link":"https:\/\/www.eldigitaldeasturias.com\/noticias"},{"label":"Econom\u00eda","link":"https:\/\/www.eldigitaldeasturias.com\/noticias\/category\/economia\/"},{"label":"Agenda Digital anuncia un paquete de medidas para el impulso del 5G","link":"https:\/\/www.eldigitaldeasturias.com\/noticias\/agenda-digital-anuncia-un-paquete-de-medidas-para-el-impulso-del-5g\/"}],"_links":{"self":[{"href":"https:\/\/www.eldigitaldeasturias.com\/noticias\/wp-json\/wp\/v2\/posts\/961967","targetHints":{"allow":["GET"]}}],"collection":[{"href":"https:\/\/www.eldigitaldeasturias.com\/noticias\/wp-json\/wp\/v2\/posts"}],"about":[{"href":"https:\/\/www.eldigitaldeasturias.com\/noticias\/wp-json\/wp\/v2\/types\/post"}],"author":[{"embeddable":true,"href":"https:\/\/www.eldigitaldeasturias.com\/noticias\/wp-json\/wp\/v2\/users\/1"}],"replies":[{"embeddable":true,"href":"https:\/\/www.eldigitaldeasturias.com\/noticias\/wp-json\/wp\/v2\/comments?post=961967"}],"version-history":[{"count":0,"href":"https:\/\/www.eldigitaldeasturias.com\/noticias\/wp-json\/wp\/v2\/posts\/961967\/revisions"}],"wp:featuredmedia":[{"embeddable":true,"href":"https:\/\/www.eldigitaldeasturias.com\/noticias\/wp-json\/wp\/v2\/media\/961968"}],"wp:attachment":[{"href":"https:\/\/www.eldigitaldeasturias.com\/noticias\/wp-json\/wp\/v2\/media?parent=961967"}],"wp:term":[{"taxonomy":"category","embeddable":true,"href":"https:\/\/www.eldigitaldeasturias.com\/noticias\/wp-json\/wp\/v2\/categories?post=961967"},{"taxonomy":"post_tag","embeddable":true,"href":"https:\/\/www.eldigitaldeasturias.com\/noticias\/wp-json\/wp\/v2\/tags?post=961967"}],"curies":[{"name":"wp","href":"https:\/\/api.w.org\/{rel}","templated":true}]}}