{"id":961964,"date":"2017-12-01T15:17:03","date_gmt":"2017-12-01T15:17:03","guid":{"rendered":"http:\/\/www.eldigitaldeasturias.com\/noticias\/?p=961964"},"modified":"2017-12-01T15:17:03","modified_gmt":"2017-12-01T15:17:03","slug":"justicia-digital-se-pone-en-marcha-en-la-sala-de-lo-penal-del-tribunal-supremo","status":"publish","type":"post","link":"https:\/\/www.eldigitaldeasturias.com\/noticias\/justicia-digital-se-pone-en-marcha-en-la-sala-de-lo-penal-del-tribunal-supremo\/","title":{"rendered":"Justicia digital se pone en marcha en la Sala de lo Penal del Tribunal Supremo"},"content":{"rendered":"<p><img loading=\"lazy\" decoding=\"async\" class=\"alignleft size-medium wp-image-961965\" src=\"https:\/\/www.eldigitaldeasturias.com\/noticias\/wp-content\/uploads\/2017\/12\/28012016_SedeJusticia-360x239.jpg\" alt=\"\" width=\"360\" height=\"239\" \/>El Ministerio de Justicia ha ampliado a las cuatro secciones de la Sala de lo Penal del Tribunal Supremo la puesta en funcionamiento del sistema que permite la tramitaci\u00f3n electr\u00f3nica de los procedimientos judiciales. Justicia digital, que arranc\u00f3 en mayo en la Sala de lo Social, se extender\u00e1 de forma progresiva al resto de \u00f3rganos jurisdiccionales del Supremo.<\/p>\n<p>A partir de ahora, adem\u00e1s de la comunicaci\u00f3n electr\u00f3nica con los profesionales para la pr\u00e1ctica de notificaciones y escritos, las operaciones de firma y consulta de documentos se realizar\u00e1n \u00edntegramente en digital, lo que contribuir\u00e1 a agilizar la tramitaci\u00f3n y a dotar de mayores garant\u00edas a todos los actos jur\u00eddicos.<\/p>\n<p>El despliegue de Justicia digital en la Sala de lo Penal ha requerido de una intensa actividad preparatoria que ha incluido actuaciones organizativas, como la elaboraci\u00f3n del Manual de Operativas para Justicia Digital que adecua los procesos a las nuevas herramientas de trabajo y actuaciones tecnol\u00f3gicas como el despliegue de una nueva versi\u00f3n del sistema de gesti\u00f3n procesal Minerva que posibilita la tramitaci\u00f3n electr\u00f3nica.<\/p>\n<p>Por otro lado, se han distribuido tarjetas criptogr\u00e1ficas y certificados de seud\u00f3nimo a los usuarios autorizados para la firma electr\u00f3nica de los documentos. Adem\u00e1s, se dotar\u00e1 a los magistrados y letrados de la Administraci\u00f3n de Justicia de la Sala de lo Penal de los dispositivos necesarios que permitan trabajar en movilidad y en digital con todas las garant\u00edas de seguridad.<\/p>\n<p>En lo que se refiere a actuaciones de formaci\u00f3n y soporte, Justicia ha impartido formaci\u00f3n espec\u00edfica a los usuarios en el manejo de las nuevas herramientas y ha reforzado el personal de soporte en el Tribunal Supremo. Asimismo, el equipo tecnol\u00f3gico de apoyo del Ministerio de Justicia gestionar\u00e1 las incidencias que no puedan solventarse en la sede para asegurar el funcionamiento estable del nuevo sistema de tramitaci\u00f3n electr\u00f3nica.<\/p>\n<p>El seguimiento de los trabajos para la estabilizaci\u00f3n de Justicia digital se est\u00e1 realizando a trav\u00e9s de un Grupo T\u00e9cnico de Implantaci\u00f3n compuesto por responsables del Tribunal Supremo y por equipos de personal t\u00e9cnico y organizativo del Ministerio de Justicia.<\/p>\n","protected":false},"excerpt":{"rendered":"<p>El Ministerio de Justicia ha ampliado a las cuatro secciones de la Sala de lo Penal del Tribunal Supremo la puesta en funcionamiento del sistema que permite la tramitaci\u00f3n electr\u00f3nica de los procedimientos judiciales. Justicia digital, que arranc\u00f3 en mayo en la Sala de lo Social, se extender\u00e1 de forma progresiva al resto de \u00f3rganos [&hellip;]<\/p>\n","protected":false},"author":1,"featured_media":961965,"comment_status":"closed","ping_status":"closed","sticky":false,"template":"","format":"standard","meta":{"footnotes":""},"categories":[1],"tags":[],"class_list":["post-961964","post","type-post","status-publish","format-standard","has-post-thumbnail","hentry","category-actualidad"],"aioseo_notices":[],"aioseo_head":"\n\t\t<!-- All in One SEO Pro 5.0.1 - aioseo.com -->\n\t<meta name=\"description\" content=\"El Ministerio de Justicia ha ampliado a las cuatro secciones de la Sala de lo Penal del Tribunal Supremo la puesta en funcionamiento del sistema que permite la tramitaci\u00f3n electr\u00f3nica de los procedimientos judiciales. Justicia digital, que arranc\u00f3 en mayo en la Sala de lo Social, se extender\u00e1 de forma progresiva al resto de \u00f3rganos\" \/>\n\t<meta name=\"robots\" content=\"max-image-preview:large\" \/>\n\t<meta name=\"author\" content=\"El Digital de Asturias\"\/>\n\t<meta name=\"google-site-verification\" content=\"UA-38556648-1\" \/>\n\t<meta name=\"msvalidate.01\" content=\"7dfe9f3f1b24437ab69f4f2559babe99\" \/>\n\t<meta name=\"keywords\" content=\"actualidad\" \/>\n\t<link rel=\"canonical\" href=\"https:\/\/www.eldigitaldeasturias.com\/noticias\/justicia-digital-se-pone-en-marcha-en-la-sala-de-lo-penal-del-tribunal-supremo\/\" \/>\n\t<meta name=\"generator\" content=\"All in One SEO Pro (AIOSEO) 5.0.1\" \/>\n\t\t<meta property=\"og:locale\" content=\"es_ES\" \/>\n\t\t<meta property=\"og:site_name\" content=\"El Digital de Asturias\" \/>\n\t\t<meta property=\"og:type\" content=\"article\" \/>\n\t\t<meta property=\"og:title\" content=\"Justicia digital se pone en marcha en la Sala de lo Penal del Tribunal Supremo - El Digital de Asturias\" \/>\n\t\t<meta property=\"og:description\" content=\"El Ministerio de Justicia ha ampliado a las cuatro secciones de la Sala de lo Penal del Tribunal Supremo la puesta en funcionamiento del sistema que permite la tramitaci\u00f3n electr\u00f3nica de los procedimientos judiciales. Justicia digital, que arranc\u00f3 en mayo en la Sala de lo Social, se extender\u00e1 de forma progresiva al resto de \u00f3rganos\" \/>\n\t\t<meta property=\"og:url\" content=\"https:\/\/www.eldigitaldeasturias.com\/noticias\/justicia-digital-se-pone-en-marcha-en-la-sala-de-lo-penal-del-tribunal-supremo\/\" \/>\n\t\t<meta property=\"article:tag\" content=\"actualidad\" \/>\n\t\t<meta property=\"article:published_time\" content=\"2017-12-01T15:17:03+00:00\" \/>\n\t\t<meta property=\"article:modified_time\" content=\"2017-12-01T15:17:03+00:00\" \/>\n\t\t<meta property=\"article:publisher\" content=\"https:\/\/facebook.com\/eldigitaldeasturias\" \/>\n\t\t<meta name=\"twitter:card\" content=\"summary_large_image\" \/>\n\t\t<meta name=\"twitter:title\" content=\"Justicia digital se pone en marcha en la Sala de lo Penal del Tribunal Supremo - El Digital de Asturias\" \/>\n\t\t<meta name=\"twitter:description\" content=\"El Ministerio de Justicia ha ampliado a las cuatro secciones de la Sala de lo Penal del Tribunal Supremo la puesta en funcionamiento del sistema que permite la tramitaci\u00f3n electr\u00f3nica de los procedimientos judiciales. Justicia digital, que arranc\u00f3 en mayo en la Sala de lo Social, se extender\u00e1 de forma progresiva al resto de \u00f3rganos\" \/>\n\t\t<meta name=\"twitter:image\" content=\"https:\/\/www.eldigitaldeasturias.com\/noticias\/wp-content\/uploads\/2020\/12\/EDA-1.jpg\" \/>\n\t\t<meta name=\"twitter:label1\" content=\"Escrito por\" \/>\n\t\t<meta name=\"twitter:data1\" content=\"El Digital de Asturias\" \/>\n\t\t<meta name=\"twitter:label2\" content=\"Tiempo de lectura estimado\" \/>\n\t\t<meta name=\"twitter:data2\" content=\"2 minutos\" \/>\n\t\t<script type=\"application\/ld+json\" class=\"aioseo-schema\">\n\t\t\t{\"@context\":\"https:\\\/\\\/schema.org\",\"@graph\":[{\"@type\":\"BlogPosting\",\"@id\":\"https:\\\/\\\/www.eldigitaldeasturias.com\\\/noticias\\\/justicia-digital-se-pone-en-marcha-en-la-sala-de-lo-penal-del-tribunal-supremo\\\/#blogposting\",\"name\":\"Justicia digital se pone en marcha en la Sala de lo Penal del Tribunal Supremo - El Digital de Asturias\",\"headline\":\"Justicia digital se pone en marcha en la Sala de lo Penal del Tribunal Supremo\",\"author\":{\"@id\":\"https:\\\/\\\/www.eldigitaldeasturias.com\\\/noticias\\\/author\\\/admin\\\/#author\"},\"publisher\":{\"@id\":\"https:\\\/\\\/www.eldigitaldeasturias.com\\\/noticias\\\/#organization\"},\"image\":{\"@type\":\"ImageObject\",\"url\":961965},\"datePublished\":\"2017-12-01T15:17:03+01:00\",\"dateModified\":\"2017-12-01T15:17:03+01:00\",\"inLanguage\":\"es-ES\",\"mainEntityOfPage\":{\"@id\":\"https:\\\/\\\/www.eldigitaldeasturias.com\\\/noticias\\\/justicia-digital-se-pone-en-marcha-en-la-sala-de-lo-penal-del-tribunal-supremo\\\/#webpage\"},\"isPartOf\":{\"@id\":\"https:\\\/\\\/www.eldigitaldeasturias.com\\\/noticias\\\/justicia-digital-se-pone-en-marcha-en-la-sala-de-lo-penal-del-tribunal-supremo\\\/#webpage\"},\"articleSection\":\"Actualidad\"},{\"@type\":\"BreadcrumbList\",\"@id\":\"https:\\\/\\\/www.eldigitaldeasturias.com\\\/noticias\\\/justicia-digital-se-pone-en-marcha-en-la-sala-de-lo-penal-del-tribunal-supremo\\\/#breadcrumblist\",\"itemListElement\":[{\"@type\":\"ListItem\",\"@id\":\"https:\\\/\\\/www.eldigitaldeasturias.com\\\/noticias#listItem\",\"position\":1,\"name\":\"Home\",\"item\":\"https:\\\/\\\/www.eldigitaldeasturias.com\\\/noticias\",\"nextItem\":{\"@type\":\"ListItem\",\"@id\":\"https:\\\/\\\/www.eldigitaldeasturias.com\\\/noticias\\\/category\\\/actualidad\\\/#listItem\",\"name\":\"Actualidad\"}},{\"@type\":\"ListItem\",\"@id\":\"https:\\\/\\\/www.eldigitaldeasturias.com\\\/noticias\\\/category\\\/actualidad\\\/#listItem\",\"position\":2,\"name\":\"Actualidad\",\"item\":\"https:\\\/\\\/www.eldigitaldeasturias.com\\\/noticias\\\/category\\\/actualidad\\\/\",\"nextItem\":{\"@type\":\"ListItem\",\"@id\":\"https:\\\/\\\/www.eldigitaldeasturias.com\\\/noticias\\\/justicia-digital-se-pone-en-marcha-en-la-sala-de-lo-penal-del-tribunal-supremo\\\/#listItem\",\"name\":\"Justicia digital se pone en marcha en la Sala de lo Penal del Tribunal Supremo\"},\"previousItem\":{\"@type\":\"ListItem\",\"@id\":\"https:\\\/\\\/www.eldigitaldeasturias.com\\\/noticias#listItem\",\"name\":\"Home\"}},{\"@type\":\"ListItem\",\"@id\":\"https:\\\/\\\/www.eldigitaldeasturias.com\\\/noticias\\\/justicia-digital-se-pone-en-marcha-en-la-sala-de-lo-penal-del-tribunal-supremo\\\/#listItem\",\"position\":3,\"name\":\"Justicia digital se pone en marcha en la Sala de lo Penal del Tribunal Supremo\",\"previousItem\":{\"@type\":\"ListItem\",\"@id\":\"https:\\\/\\\/www.eldigitaldeasturias.com\\\/noticias\\\/category\\\/actualidad\\\/#listItem\",\"name\":\"Actualidad\"}}]},{\"@type\":\"Organization\",\"@id\":\"https:\\\/\\\/www.eldigitaldeasturias.com\\\/noticias\\\/#organization\",\"name\":\"El Digital de Asturias\",\"description\":\"Hemeroteca\",\"url\":\"https:\\\/\\\/www.eldigitaldeasturias.com\\\/noticias\\\/\",\"email\":\"info@eldigitaldeasturias.com\",\"telephone\":\"+34652131393\",\"logo\":{\"@type\":\"ImageObject\",\"url\":\"https:\\\/\\\/www.eldigitaldeasturias.com\\\/noticias\\\/wp-content\\\/uploads\\\/2020\\\/12\\\/EDA.jpg\",\"@id\":\"https:\\\/\\\/www.eldigitaldeasturias.com\\\/noticias\\\/justicia-digital-se-pone-en-marcha-en-la-sala-de-lo-penal-del-tribunal-supremo\\\/#organizationLogo\"},\"image\":{\"@id\":\"https:\\\/\\\/www.eldigitaldeasturias.com\\\/noticias\\\/justicia-digital-se-pone-en-marcha-en-la-sala-de-lo-penal-del-tribunal-supremo\\\/#organizationLogo\"},\"sameAs\":[\"https:\\\/\\\/facebook.com\\\/eldigitaldeasturias\",\"https:\\\/\\\/www.youtube.com\\\/channel\\\/UCZP-2wLEB9Rv6erhFmqVnvg\"],\"address\":{\"@id\":\"https:\\\/\\\/www.eldigitaldeasturias.com\\\/noticias\\\/#postaladdress\",\"@type\":\"PostalAddress\",\"streetAddress\":\"san antonio 4\",\"postalCode\":\"33430\",\"addressLocality\":\"Cand\\u00e1s\",\"addressRegion\":\"Asturias\",\"addressCountry\":\"ES\"}},{\"@type\":\"Person\",\"@id\":\"https:\\\/\\\/www.eldigitaldeasturias.com\\\/noticias\\\/author\\\/admin\\\/#author\",\"url\":\"https:\\\/\\\/www.eldigitaldeasturias.com\\\/noticias\\\/author\\\/admin\\\/\",\"name\":\"El Digital de Asturias\",\"image\":{\"@type\":\"ImageObject\",\"@id\":\"https:\\\/\\\/www.eldigitaldeasturias.com\\\/noticias\\\/justicia-digital-se-pone-en-marcha-en-la-sala-de-lo-penal-del-tribunal-supremo\\\/#authorImage\",\"url\":\"https:\\\/\\\/secure.gravatar.com\\\/avatar\\\/df2aeffc32bcd13f8d26072ef8a91b623d677766deac7f97ca815868cd41bf5e?s=96&d=mm&r=g\",\"width\":96,\"height\":96,\"caption\":\"El Digital de Asturias\"}},{\"@type\":\"WebPage\",\"@id\":\"https:\\\/\\\/www.eldigitaldeasturias.com\\\/noticias\\\/justicia-digital-se-pone-en-marcha-en-la-sala-de-lo-penal-del-tribunal-supremo\\\/#webpage\",\"url\":\"https:\\\/\\\/www.eldigitaldeasturias.com\\\/noticias\\\/justicia-digital-se-pone-en-marcha-en-la-sala-de-lo-penal-del-tribunal-supremo\\\/\",\"name\":\"Justicia digital se pone en marcha en la Sala de lo Penal del Tribunal Supremo - El Digital de Asturias\",\"description\":\"El Ministerio de Justicia ha ampliado a las cuatro secciones de la Sala de lo Penal del Tribunal Supremo la puesta en funcionamiento del sistema que permite la tramitaci\\u00f3n electr\\u00f3nica de los procedimientos judiciales. Justicia digital, que arranc\\u00f3 en mayo en la Sala de lo Social, se extender\\u00e1 de forma progresiva al resto de \\u00f3rganos\",\"inLanguage\":\"es-ES\",\"isPartOf\":{\"@id\":\"https:\\\/\\\/www.eldigitaldeasturias.com\\\/noticias\\\/#website\"},\"breadcrumb\":{\"@id\":\"https:\\\/\\\/www.eldigitaldeasturias.com\\\/noticias\\\/justicia-digital-se-pone-en-marcha-en-la-sala-de-lo-penal-del-tribunal-supremo\\\/#breadcrumblist\"},\"author\":{\"@id\":\"https:\\\/\\\/www.eldigitaldeasturias.com\\\/noticias\\\/author\\\/admin\\\/#author\"},\"creator\":{\"@id\":\"https:\\\/\\\/www.eldigitaldeasturias.com\\\/noticias\\\/author\\\/admin\\\/#author\"},\"image\":{\"@type\":\"ImageObject\",\"url\":961965,\"@id\":\"https:\\\/\\\/www.eldigitaldeasturias.com\\\/noticias\\\/justicia-digital-se-pone-en-marcha-en-la-sala-de-lo-penal-del-tribunal-supremo\\\/#mainImage\"},\"primaryImageOfPage\":{\"@id\":\"https:\\\/\\\/www.eldigitaldeasturias.com\\\/noticias\\\/justicia-digital-se-pone-en-marcha-en-la-sala-de-lo-penal-del-tribunal-supremo\\\/#mainImage\"},\"datePublished\":\"2017-12-01T15:17:03+01:00\",\"dateModified\":\"2017-12-01T15:17:03+01:00\"},{\"@type\":\"WebSite\",\"@id\":\"https:\\\/\\\/www.eldigitaldeasturias.com\\\/noticias\\\/#website\",\"url\":\"https:\\\/\\\/www.eldigitaldeasturias.com\\\/noticias\\\/\",\"name\":\"El Digital de Asturias - Diario de actualidad y noticias\",\"alternateName\":\"El Digital de Asturias - Diario de actualidad y noticias\",\"description\":\"Hemeroteca\",\"inLanguage\":\"es-ES\",\"publisher\":{\"@id\":\"https:\\\/\\\/www.eldigitaldeasturias.com\\\/noticias\\\/#organization\"}}]}\n\t\t<\/script>\n\t\t<!-- All in One SEO Pro -->\r\n\t\t<title>Justicia digital se pone en marcha en la Sala de lo Penal del Tribunal Supremo - El Digital de Asturias<\/title>\n\n","aioseo_head_json":{"title":"Justicia digital se pone en marcha en la Sala de lo Penal del Tribunal Supremo - El Digital de Asturias","description":"El Ministerio de Justicia ha ampliado a las cuatro secciones de la Sala de lo Penal del Tribunal Supremo la puesta en funcionamiento del sistema que permite la tramitaci\u00f3n electr\u00f3nica de los procedimientos judiciales. Justicia digital, que arranc\u00f3 en mayo en la Sala de lo Social, se extender\u00e1 de forma progresiva al resto de \u00f3rganos","canonical_url":"https:\/\/www.eldigitaldeasturias.com\/noticias\/justicia-digital-se-pone-en-marcha-en-la-sala-de-lo-penal-del-tribunal-supremo\/","robots":"max-image-preview:large","keywords":"actualidad","webmasterTools":{"google-site-verification":"UA-38556648-1","msvalidate.01":"7dfe9f3f1b24437ab69f4f2559babe99","miscellaneous":""},"schema":{"@context":"https:\/\/schema.org","@graph":[{"@type":"BlogPosting","@id":"https:\/\/www.eldigitaldeasturias.com\/noticias\/justicia-digital-se-pone-en-marcha-en-la-sala-de-lo-penal-del-tribunal-supremo\/#blogposting","name":"Justicia digital se pone en marcha en la Sala de lo Penal del Tribunal Supremo - El Digital de Asturias","headline":"Justicia digital se pone en marcha en la Sala de lo Penal del Tribunal Supremo","author":{"@id":"https:\/\/www.eldigitaldeasturias.com\/noticias\/author\/admin\/#author"},"publisher":{"@id":"https:\/\/www.eldigitaldeasturias.com\/noticias\/#organization"},"image":{"@type":"ImageObject","url":961965},"datePublished":"2017-12-01T15:17:03+01:00","dateModified":"2017-12-01T15:17:03+01:00","inLanguage":"es-ES","mainEntityOfPage":{"@id":"https:\/\/www.eldigitaldeasturias.com\/noticias\/justicia-digital-se-pone-en-marcha-en-la-sala-de-lo-penal-del-tribunal-supremo\/#webpage"},"isPartOf":{"@id":"https:\/\/www.eldigitaldeasturias.com\/noticias\/justicia-digital-se-pone-en-marcha-en-la-sala-de-lo-penal-del-tribunal-supremo\/#webpage"},"articleSection":"Actualidad"},{"@type":"BreadcrumbList","@id":"https:\/\/www.eldigitaldeasturias.com\/noticias\/justicia-digital-se-pone-en-marcha-en-la-sala-de-lo-penal-del-tribunal-supremo\/#breadcrumblist","itemListElement":[{"@type":"ListItem","@id":"https:\/\/www.eldigitaldeasturias.com\/noticias#listItem","position":1,"name":"Home","item":"https:\/\/www.eldigitaldeasturias.com\/noticias","nextItem":{"@type":"ListItem","@id":"https:\/\/www.eldigitaldeasturias.com\/noticias\/category\/actualidad\/#listItem","name":"Actualidad"}},{"@type":"ListItem","@id":"https:\/\/www.eldigitaldeasturias.com\/noticias\/category\/actualidad\/#listItem","position":2,"name":"Actualidad","item":"https:\/\/www.eldigitaldeasturias.com\/noticias\/category\/actualidad\/","nextItem":{"@type":"ListItem","@id":"https:\/\/www.eldigitaldeasturias.com\/noticias\/justicia-digital-se-pone-en-marcha-en-la-sala-de-lo-penal-del-tribunal-supremo\/#listItem","name":"Justicia digital se pone en marcha en la Sala de lo Penal del Tribunal Supremo"},"previousItem":{"@type":"ListItem","@id":"https:\/\/www.eldigitaldeasturias.com\/noticias#listItem","name":"Home"}},{"@type":"ListItem","@id":"https:\/\/www.eldigitaldeasturias.com\/noticias\/justicia-digital-se-pone-en-marcha-en-la-sala-de-lo-penal-del-tribunal-supremo\/#listItem","position":3,"name":"Justicia digital se pone en marcha en la Sala de lo Penal del Tribunal Supremo","previousItem":{"@type":"ListItem","@id":"https:\/\/www.eldigitaldeasturias.com\/noticias\/category\/actualidad\/#listItem","name":"Actualidad"}}]},{"@type":"Organization","@id":"https:\/\/www.eldigitaldeasturias.com\/noticias\/#organization","name":"El Digital de Asturias","description":"Hemeroteca","url":"https:\/\/www.eldigitaldeasturias.com\/noticias\/","email":"info@eldigitaldeasturias.com","telephone":"+34652131393","logo":{"@type":"ImageObject","url":"https:\/\/www.eldigitaldeasturias.com\/noticias\/wp-content\/uploads\/2020\/12\/EDA.jpg","@id":"https:\/\/www.eldigitaldeasturias.com\/noticias\/justicia-digital-se-pone-en-marcha-en-la-sala-de-lo-penal-del-tribunal-supremo\/#organizationLogo"},"image":{"@id":"https:\/\/www.eldigitaldeasturias.com\/noticias\/justicia-digital-se-pone-en-marcha-en-la-sala-de-lo-penal-del-tribunal-supremo\/#organizationLogo"},"sameAs":["https:\/\/facebook.com\/eldigitaldeasturias","https:\/\/www.youtube.com\/channel\/UCZP-2wLEB9Rv6erhFmqVnvg"],"address":{"@id":"https:\/\/www.eldigitaldeasturias.com\/noticias\/#postaladdress","@type":"PostalAddress","streetAddress":"san antonio 4","postalCode":"33430","addressLocality":"Cand\u00e1s","addressRegion":"Asturias","addressCountry":"ES"}},{"@type":"Person","@id":"https:\/\/www.eldigitaldeasturias.com\/noticias\/author\/admin\/#author","url":"https:\/\/www.eldigitaldeasturias.com\/noticias\/author\/admin\/","name":"El Digital de Asturias","image":{"@type":"ImageObject","@id":"https:\/\/www.eldigitaldeasturias.com\/noticias\/justicia-digital-se-pone-en-marcha-en-la-sala-de-lo-penal-del-tribunal-supremo\/#authorImage","url":"https:\/\/secure.gravatar.com\/avatar\/df2aeffc32bcd13f8d26072ef8a91b623d677766deac7f97ca815868cd41bf5e?s=96&d=mm&r=g","width":96,"height":96,"caption":"El Digital de Asturias"}},{"@type":"WebPage","@id":"https:\/\/www.eldigitaldeasturias.com\/noticias\/justicia-digital-se-pone-en-marcha-en-la-sala-de-lo-penal-del-tribunal-supremo\/#webpage","url":"https:\/\/www.eldigitaldeasturias.com\/noticias\/justicia-digital-se-pone-en-marcha-en-la-sala-de-lo-penal-del-tribunal-supremo\/","name":"Justicia digital se pone en marcha en la Sala de lo Penal del Tribunal Supremo - El Digital de Asturias","description":"El Ministerio de Justicia ha ampliado a las cuatro secciones de la Sala de lo Penal del Tribunal Supremo la puesta en funcionamiento del sistema que permite la tramitaci\u00f3n electr\u00f3nica de los procedimientos judiciales. Justicia digital, que arranc\u00f3 en mayo en la Sala de lo Social, se extender\u00e1 de forma progresiva al resto de \u00f3rganos","inLanguage":"es-ES","isPartOf":{"@id":"https:\/\/www.eldigitaldeasturias.com\/noticias\/#website"},"breadcrumb":{"@id":"https:\/\/www.eldigitaldeasturias.com\/noticias\/justicia-digital-se-pone-en-marcha-en-la-sala-de-lo-penal-del-tribunal-supremo\/#breadcrumblist"},"author":{"@id":"https:\/\/www.eldigitaldeasturias.com\/noticias\/author\/admin\/#author"},"creator":{"@id":"https:\/\/www.eldigitaldeasturias.com\/noticias\/author\/admin\/#author"},"image":{"@type":"ImageObject","url":961965,"@id":"https:\/\/www.eldigitaldeasturias.com\/noticias\/justicia-digital-se-pone-en-marcha-en-la-sala-de-lo-penal-del-tribunal-supremo\/#mainImage"},"primaryImageOfPage":{"@id":"https:\/\/www.eldigitaldeasturias.com\/noticias\/justicia-digital-se-pone-en-marcha-en-la-sala-de-lo-penal-del-tribunal-supremo\/#mainImage"},"datePublished":"2017-12-01T15:17:03+01:00","dateModified":"2017-12-01T15:17:03+01:00"},{"@type":"WebSite","@id":"https:\/\/www.eldigitaldeasturias.com\/noticias\/#website","url":"https:\/\/www.eldigitaldeasturias.com\/noticias\/","name":"El Digital de Asturias - Diario de actualidad y noticias","alternateName":"El Digital de Asturias - Diario de actualidad y noticias","description":"Hemeroteca","inLanguage":"es-ES","publisher":{"@id":"https:\/\/www.eldigitaldeasturias.com\/noticias\/#organization"}}]},"og:locale":"es_ES","og:site_name":"El Digital de Asturias","og:type":"article","og:title":"Justicia digital se pone en marcha en la Sala de lo Penal del Tribunal Supremo - El Digital de Asturias","og:description":"El Ministerio de Justicia ha ampliado a las cuatro secciones de la Sala de lo Penal del Tribunal Supremo la puesta en funcionamiento del sistema que permite la tramitaci\u00f3n electr\u00f3nica de los procedimientos judiciales. Justicia digital, que arranc\u00f3 en mayo en la Sala de lo Social, se extender\u00e1 de forma progresiva al resto de \u00f3rganos","og:url":"https:\/\/www.eldigitaldeasturias.com\/noticias\/justicia-digital-se-pone-en-marcha-en-la-sala-de-lo-penal-del-tribunal-supremo\/","article:tag":["actualidad"],"article:published_time":"2017-12-01T15:17:03+00:00","article:modified_time":"2017-12-01T15:17:03+00:00","article:publisher":"https:\/\/facebook.com\/eldigitaldeasturias","twitter:card":"summary_large_image","twitter:title":"Justicia digital se pone en marcha en la Sala de lo Penal del Tribunal Supremo - El Digital de Asturias","twitter:description":"El Ministerio de Justicia ha ampliado a las cuatro secciones de la Sala de lo Penal del Tribunal Supremo la puesta en funcionamiento del sistema que permite la tramitaci\u00f3n electr\u00f3nica de los procedimientos judiciales. Justicia digital, que arranc\u00f3 en mayo en la Sala de lo Social, se extender\u00e1 de forma progresiva al resto de \u00f3rganos","twitter:image":"https:\/\/www.eldigitaldeasturias.com\/noticias\/wp-content\/uploads\/2020\/12\/EDA-1.jpg","twitter:label1":"Escrito por","twitter:data1":"El Digital de Asturias","twitter:label2":"Tiempo de lectura estimado","twitter:data2":"2 minutos"},"aioseo_meta_data":{"post_id":"961964","title":null,"description":null,"keywords":null,"keyphrases":null,"primary_term":null,"canonical_url":null,"og_title":null,"og_description":null,"og_object_type":"default","og_image_type":"default","og_image_url":null,"og_image_width":null,"og_image_height":null,"og_image_custom_url":null,"og_image_custom_fields":null,"og_video":null,"og_custom_url":null,"og_article_section":null,"og_article_tags":null,"twitter_use_og":false,"twitter_card":"default","twitter_image_type":"default","twitter_image_url":null,"twitter_image_custom_url":null,"twitter_image_custom_fields":null,"twitter_title":null,"twitter_description":null,"schema":{"blockGraphs":[],"customGraphs":[],"default":{"data":{"Article":[],"Course":[],"Dataset":[],"FAQPage":[],"Movie":[],"Person":[],"Product":[],"ProductReview":[],"Car":[],"Recipe":[],"Service":[],"SoftwareApplication":[],"WebPage":[]},"graphName":"","isEnabled":true},"graphs":[],"defaultGraph":"","defaultPostTypeGraph":""},"schema_type":null,"schema_type_options":null,"pillar_content":false,"robots_default":true,"robots_noindex":false,"robots_noarchive":false,"robots_nosnippet":false,"robots_nofollow":false,"robots_noimageindex":false,"robots_noodp":false,"robots_notranslate":false,"robots_max_snippet":null,"robots_max_videopreview":null,"robots_max_imagepreview":"large","priority":null,"frequency":null,"local_seo":null,"seo_analyzer_scan_date":"2025-12-07 10:45:12","breadcrumb_settings":null,"limit_modified_date":false,"open_ai":null,"ai":null,"created":"2020-12-21 12:47:39","updated":"2025-12-07 10:45:12","focus_keyword":null,"additional_keywords":null,"truseo_locale":null},"aioseo_breadcrumb":"<div class=\"aioseo-breadcrumbs\"><span class=\"aioseo-breadcrumb\">\n\t<a href=\"https:\/\/www.eldigitaldeasturias.com\/noticias\" title=\"Home\">Home<\/a>\n<\/span><span class=\"aioseo-breadcrumb-separator\">\u2013<\/span><span class=\"aioseo-breadcrumb\">\n\t<a href=\"https:\/\/www.eldigitaldeasturias.com\/noticias\/category\/actualidad\/\" title=\"Actualidad\">Actualidad<\/a>\n<\/span><span class=\"aioseo-breadcrumb-separator\">\u2013<\/span><span class=\"aioseo-breadcrumb\">\n\t<a href=\"https:\/\/www.eldigitaldeasturias.com\/noticias\/justicia-digital-se-pone-en-marcha-en-la-sala-de-lo-penal-del-tribunal-supremo\/\" title=\"Justicia digital se pone en marcha en la Sala de lo Penal del Tribunal Supremo\">Justicia digital se pone en marcha en la Sala de lo Penal del Tribunal Supremo<\/a>\n<\/span><\/div>","aioseo_breadcrumb_json":[{"label":"Home","link":"https:\/\/www.eldigitaldeasturias.com\/noticias"},{"label":"Actualidad","link":"https:\/\/www.eldigitaldeasturias.com\/noticias\/category\/actualidad\/"},{"label":"Justicia digital se pone en marcha en la Sala de lo Penal del Tribunal Supremo","link":"https:\/\/www.eldigitaldeasturias.com\/noticias\/justicia-digital-se-pone-en-marcha-en-la-sala-de-lo-penal-del-tribunal-supremo\/"}],"_links":{"self":[{"href":"https:\/\/www.eldigitaldeasturias.com\/noticias\/wp-json\/wp\/v2\/posts\/961964","targetHints":{"allow":["GET"]}}],"collection":[{"href":"https:\/\/www.eldigitaldeasturias.com\/noticias\/wp-json\/wp\/v2\/posts"}],"about":[{"href":"https:\/\/www.eldigitaldeasturias.com\/noticias\/wp-json\/wp\/v2\/types\/post"}],"author":[{"embeddable":true,"href":"https:\/\/www.eldigitaldeasturias.com\/noticias\/wp-json\/wp\/v2\/users\/1"}],"replies":[{"embeddable":true,"href":"https:\/\/www.eldigitaldeasturias.com\/noticias\/wp-json\/wp\/v2\/comments?post=961964"}],"version-history":[{"count":0,"href":"https:\/\/www.eldigitaldeasturias.com\/noticias\/wp-json\/wp\/v2\/posts\/961964\/revisions"}],"wp:attachment":[{"href":"https:\/\/www.eldigitaldeasturias.com\/noticias\/wp-json\/wp\/v2\/media?parent=961964"}],"wp:term":[{"taxonomy":"category","embeddable":true,"href":"https:\/\/www.eldigitaldeasturias.com\/noticias\/wp-json\/wp\/v2\/categories?post=961964"},{"taxonomy":"post_tag","embeddable":true,"href":"https:\/\/www.eldigitaldeasturias.com\/noticias\/wp-json\/wp\/v2\/tags?post=961964"}],"curies":[{"name":"wp","href":"https:\/\/api.w.org\/{rel}","templated":true}]}}