{"id":961756,"date":"2017-11-29T22:33:40","date_gmt":"2017-11-29T22:33:40","guid":{"rendered":"http:\/\/www.eldigitaldeasturias.com\/noticias\/?p=961756"},"modified":"2017-11-29T22:33:40","modified_gmt":"2017-11-29T22:33:40","slug":"dominguez-de-posada-muestra-su-apoyo-y-respeto-a-las-fcse","status":"publish","type":"post","link":"https:\/\/www.eldigitaldeasturias.com\/noticias\/dominguez-de-posada-muestra-su-apoyo-y-respeto-a-las-fcse\/","title":{"rendered":"Dom\u00ednguez de Posada muestra su apoyo y respeto a las FCSE"},"content":{"rendered":"<p><img loading=\"lazy\" decoding=\"async\" class=\"alignleft size-medium wp-image-730260\" src=\"https:\/\/www.eldigitaldeasturias.com\/noticias\/wp-content\/uploads\/2014\/12\/8626658w-360x252.jpg\" alt=\"\" width=\"360\" height=\"252\" \/>La senadora de FORO, Rosa Dom\u00ednguez de Posada, ha votado hoy en contra de la pretensi\u00f3n de Podemos, Comprom\u00eds, PDcAT y Bildu: \u201cPretender la creaci\u00f3n de una Comisi\u00f3n de Investigaci\u00f3n sobre la actuaci\u00f3n policial del 1 de octubre en Catalu\u00f1a es una astracanada\u201d, dijo al respecto.<\/p>\n<p>\u201cLas Fuerzas y Cuerpos de Seguridad del Estado (FCSE) est\u00e1n comprometidos con la seguridad de Espa\u00f1a y de los espa\u00f1oles, dedicando su vida a salvaguardar la convivencia y la seguridad de los ciudadanos, y merecen por ello el respeto del conjunto de la sociedad espa\u00f1ola\u201d, dijo Dom\u00ednguez de Posada.<\/p>\n<p>Para ella, \u201cel desaf\u00edo independentista ha estado perfectamente planificado y dirigido desde la Generalidad para lograr que el refer\u00e9ndum ilegal se convirtiera en el acto desencadenante de la obligada respuesta de las FCSE ante la previsible falta de colaboraci\u00f3n de los Mossos d\u2019Escuadra para cumplir las decisiones judiciales de cierre de los colegios electorales\u201d.<\/p>\n<p>A los polic\u00edas y guardias civiles \u201cse les ha insultado, agredido, destrozado sus veh\u00edculos, se les ha rodeado durante horas para bloquear sus salidas, se les ha expulsado de hoteles y todo ello con la finalidad de impedir a los agentes el ejercicio leg\u00edtimo de sus funciones. En Catalu\u00f1a se ha pervertido el lenguaje hasta el extremo de calificar como \u2018violencia asesina\u2019 el uso leg\u00edtimo de la fuerza en defensa de la legalidad\u201d, a\u00f1adi\u00f3.<\/p>\n<p>\u201cAfortunadamente \u2013concluy\u00f3 Rosa Dom\u00ednguez de Posada-, pasados los d\u00edas y calmadas las aguas, los ciudadanos espa\u00f1oles y la prensa internacional han reconocido la manipulaci\u00f3n y la mentira. Por tanto, se\u00f1or\u00edas, no cuenten con el voto de FORO para esta astracanada\u201d.<\/p>\n","protected":false},"excerpt":{"rendered":"<p>La senadora de FORO, Rosa Dom\u00ednguez de Posada, ha votado hoy en contra de la pretensi\u00f3n de Podemos, Comprom\u00eds, PDcAT y Bildu: \u201cPretender la creaci\u00f3n de una Comisi\u00f3n de Investigaci\u00f3n sobre la actuaci\u00f3n policial del 1 de octubre en Catalu\u00f1a es una astracanada\u201d, dijo al respecto. \u201cLas Fuerzas y Cuerpos de Seguridad del Estado (FCSE) [&hellip;]<\/p>\n","protected":false},"author":1,"featured_media":431579,"comment_status":"closed","ping_status":"closed","sticky":false,"template":"","format":"standard","meta":{"footnotes":""},"categories":[1],"tags":[],"class_list":["post-961756","post","type-post","status-publish","format-standard","has-post-thumbnail","hentry","category-actualidad"],"aioseo_notices":[],"aioseo_head":"\n\t\t<!-- All in One SEO Pro 5.0.1 - aioseo.com -->\n\t<meta name=\"description\" content=\"La senadora de FORO, Rosa Dom\u00ednguez de Posada, ha votado hoy en contra de la pretensi\u00f3n de Podemos, Comprom\u00eds, PDcAT y Bildu: \u201cPretender la creaci\u00f3n de una Comisi\u00f3n de Investigaci\u00f3n sobre la actuaci\u00f3n policial del 1 de octubre en Catalu\u00f1a es una astracanada\u201d, dijo al respecto. \u201cLas Fuerzas y Cuerpos de Seguridad del Estado (FCSE)\" \/>\n\t<meta name=\"robots\" content=\"max-image-preview:large\" \/>\n\t<meta name=\"author\" content=\"El Digital de Asturias\"\/>\n\t<meta name=\"google-site-verification\" content=\"UA-38556648-1\" \/>\n\t<meta name=\"msvalidate.01\" content=\"7dfe9f3f1b24437ab69f4f2559babe99\" \/>\n\t<meta name=\"keywords\" content=\"actualidad\" \/>\n\t<link rel=\"canonical\" href=\"https:\/\/www.eldigitaldeasturias.com\/noticias\/dominguez-de-posada-muestra-su-apoyo-y-respeto-a-las-fcse\/\" \/>\n\t<meta name=\"generator\" content=\"All in One SEO Pro (AIOSEO) 5.0.1\" \/>\n\t\t<meta property=\"og:locale\" content=\"es_ES\" \/>\n\t\t<meta property=\"og:site_name\" content=\"El Digital de Asturias\" \/>\n\t\t<meta property=\"og:type\" content=\"article\" \/>\n\t\t<meta property=\"og:title\" content=\"Dom\u00ednguez de Posada muestra su apoyo y respeto a las FCSE - El Digital de Asturias\" \/>\n\t\t<meta property=\"og:description\" content=\"La senadora de FORO, Rosa Dom\u00ednguez de Posada, ha votado hoy en contra de la pretensi\u00f3n de Podemos, Comprom\u00eds, PDcAT y Bildu: \u201cPretender la creaci\u00f3n de una Comisi\u00f3n de Investigaci\u00f3n sobre la actuaci\u00f3n policial del 1 de octubre en Catalu\u00f1a es una astracanada\u201d, dijo al respecto. \u201cLas Fuerzas y Cuerpos de Seguridad del Estado (FCSE)\" \/>\n\t\t<meta property=\"og:url\" content=\"https:\/\/www.eldigitaldeasturias.com\/noticias\/dominguez-de-posada-muestra-su-apoyo-y-respeto-a-las-fcse\/\" \/>\n\t\t<meta property=\"article:tag\" content=\"actualidad\" \/>\n\t\t<meta property=\"article:published_time\" content=\"2017-11-29T22:33:40+00:00\" \/>\n\t\t<meta property=\"article:modified_time\" content=\"2017-11-29T22:33:40+00:00\" \/>\n\t\t<meta property=\"article:publisher\" content=\"https:\/\/facebook.com\/eldigitaldeasturias\" \/>\n\t\t<meta name=\"twitter:card\" content=\"summary_large_image\" \/>\n\t\t<meta name=\"twitter:title\" content=\"Dom\u00ednguez de Posada muestra su apoyo y respeto a las FCSE - El Digital de Asturias\" \/>\n\t\t<meta name=\"twitter:description\" content=\"La senadora de FORO, Rosa Dom\u00ednguez de Posada, ha votado hoy en contra de la pretensi\u00f3n de Podemos, Comprom\u00eds, PDcAT y Bildu: \u201cPretender la creaci\u00f3n de una Comisi\u00f3n de Investigaci\u00f3n sobre la actuaci\u00f3n policial del 1 de octubre en Catalu\u00f1a es una astracanada\u201d, dijo al respecto. \u201cLas Fuerzas y Cuerpos de Seguridad del Estado (FCSE)\" \/>\n\t\t<meta name=\"twitter:image\" content=\"https:\/\/www.eldigitaldeasturias.com\/noticias\/wp-content\/uploads\/2020\/12\/EDA-1.jpg\" \/>\n\t\t<meta name=\"twitter:label1\" content=\"Escrito por\" \/>\n\t\t<meta name=\"twitter:data1\" content=\"El Digital de Asturias\" \/>\n\t\t<meta name=\"twitter:label2\" content=\"Tiempo de lectura estimado\" \/>\n\t\t<meta name=\"twitter:data2\" content=\"1 minuto\" \/>\n\t\t<script type=\"application\/ld+json\" class=\"aioseo-schema\">\n\t\t\t{\"@context\":\"https:\\\/\\\/schema.org\",\"@graph\":[{\"@type\":\"BlogPosting\",\"@id\":\"https:\\\/\\\/www.eldigitaldeasturias.com\\\/noticias\\\/dominguez-de-posada-muestra-su-apoyo-y-respeto-a-las-fcse\\\/#blogposting\",\"name\":\"Dom\\u00ednguez de Posada muestra su apoyo y respeto a las FCSE - El Digital de Asturias\",\"headline\":\"Dom\\u00ednguez de Posada muestra su apoyo y respeto a las FCSE\",\"author\":{\"@id\":\"https:\\\/\\\/www.eldigitaldeasturias.com\\\/noticias\\\/author\\\/admin\\\/#author\"},\"publisher\":{\"@id\":\"https:\\\/\\\/www.eldigitaldeasturias.com\\\/noticias\\\/#organization\"},\"image\":{\"@type\":\"ImageObject\",\"url\":431579},\"datePublished\":\"2017-11-29T22:33:40+01:00\",\"dateModified\":\"2017-11-29T22:33:40+01:00\",\"inLanguage\":\"es-ES\",\"mainEntityOfPage\":{\"@id\":\"https:\\\/\\\/www.eldigitaldeasturias.com\\\/noticias\\\/dominguez-de-posada-muestra-su-apoyo-y-respeto-a-las-fcse\\\/#webpage\"},\"isPartOf\":{\"@id\":\"https:\\\/\\\/www.eldigitaldeasturias.com\\\/noticias\\\/dominguez-de-posada-muestra-su-apoyo-y-respeto-a-las-fcse\\\/#webpage\"},\"articleSection\":\"Actualidad\"},{\"@type\":\"BreadcrumbList\",\"@id\":\"https:\\\/\\\/www.eldigitaldeasturias.com\\\/noticias\\\/dominguez-de-posada-muestra-su-apoyo-y-respeto-a-las-fcse\\\/#breadcrumblist\",\"itemListElement\":[{\"@type\":\"ListItem\",\"@id\":\"https:\\\/\\\/www.eldigitaldeasturias.com\\\/noticias#listItem\",\"position\":1,\"name\":\"Home\",\"item\":\"https:\\\/\\\/www.eldigitaldeasturias.com\\\/noticias\",\"nextItem\":{\"@type\":\"ListItem\",\"@id\":\"https:\\\/\\\/www.eldigitaldeasturias.com\\\/noticias\\\/category\\\/actualidad\\\/#listItem\",\"name\":\"Actualidad\"}},{\"@type\":\"ListItem\",\"@id\":\"https:\\\/\\\/www.eldigitaldeasturias.com\\\/noticias\\\/category\\\/actualidad\\\/#listItem\",\"position\":2,\"name\":\"Actualidad\",\"item\":\"https:\\\/\\\/www.eldigitaldeasturias.com\\\/noticias\\\/category\\\/actualidad\\\/\",\"nextItem\":{\"@type\":\"ListItem\",\"@id\":\"https:\\\/\\\/www.eldigitaldeasturias.com\\\/noticias\\\/dominguez-de-posada-muestra-su-apoyo-y-respeto-a-las-fcse\\\/#listItem\",\"name\":\"Dom\\u00ednguez de Posada muestra su apoyo y respeto a las FCSE\"},\"previousItem\":{\"@type\":\"ListItem\",\"@id\":\"https:\\\/\\\/www.eldigitaldeasturias.com\\\/noticias#listItem\",\"name\":\"Home\"}},{\"@type\":\"ListItem\",\"@id\":\"https:\\\/\\\/www.eldigitaldeasturias.com\\\/noticias\\\/dominguez-de-posada-muestra-su-apoyo-y-respeto-a-las-fcse\\\/#listItem\",\"position\":3,\"name\":\"Dom\\u00ednguez de Posada muestra su apoyo y respeto a las FCSE\",\"previousItem\":{\"@type\":\"ListItem\",\"@id\":\"https:\\\/\\\/www.eldigitaldeasturias.com\\\/noticias\\\/category\\\/actualidad\\\/#listItem\",\"name\":\"Actualidad\"}}]},{\"@type\":\"Organization\",\"@id\":\"https:\\\/\\\/www.eldigitaldeasturias.com\\\/noticias\\\/#organization\",\"name\":\"El Digital de Asturias\",\"description\":\"Hemeroteca\",\"url\":\"https:\\\/\\\/www.eldigitaldeasturias.com\\\/noticias\\\/\",\"email\":\"info@eldigitaldeasturias.com\",\"telephone\":\"+34652131393\",\"logo\":{\"@type\":\"ImageObject\",\"url\":\"https:\\\/\\\/www.eldigitaldeasturias.com\\\/noticias\\\/wp-content\\\/uploads\\\/2020\\\/12\\\/EDA.jpg\",\"@id\":\"https:\\\/\\\/www.eldigitaldeasturias.com\\\/noticias\\\/dominguez-de-posada-muestra-su-apoyo-y-respeto-a-las-fcse\\\/#organizationLogo\"},\"image\":{\"@id\":\"https:\\\/\\\/www.eldigitaldeasturias.com\\\/noticias\\\/dominguez-de-posada-muestra-su-apoyo-y-respeto-a-las-fcse\\\/#organizationLogo\"},\"sameAs\":[\"https:\\\/\\\/facebook.com\\\/eldigitaldeasturias\",\"https:\\\/\\\/www.youtube.com\\\/channel\\\/UCZP-2wLEB9Rv6erhFmqVnvg\"],\"address\":{\"@id\":\"https:\\\/\\\/www.eldigitaldeasturias.com\\\/noticias\\\/#postaladdress\",\"@type\":\"PostalAddress\",\"streetAddress\":\"san antonio 4\",\"postalCode\":\"33430\",\"addressLocality\":\"Cand\\u00e1s\",\"addressRegion\":\"Asturias\",\"addressCountry\":\"ES\"}},{\"@type\":\"Person\",\"@id\":\"https:\\\/\\\/www.eldigitaldeasturias.com\\\/noticias\\\/author\\\/admin\\\/#author\",\"url\":\"https:\\\/\\\/www.eldigitaldeasturias.com\\\/noticias\\\/author\\\/admin\\\/\",\"name\":\"El Digital de Asturias\",\"image\":{\"@type\":\"ImageObject\",\"@id\":\"https:\\\/\\\/www.eldigitaldeasturias.com\\\/noticias\\\/dominguez-de-posada-muestra-su-apoyo-y-respeto-a-las-fcse\\\/#authorImage\",\"url\":\"https:\\\/\\\/secure.gravatar.com\\\/avatar\\\/df2aeffc32bcd13f8d26072ef8a91b623d677766deac7f97ca815868cd41bf5e?s=96&d=mm&r=g\",\"width\":96,\"height\":96,\"caption\":\"El Digital de Asturias\"}},{\"@type\":\"WebPage\",\"@id\":\"https:\\\/\\\/www.eldigitaldeasturias.com\\\/noticias\\\/dominguez-de-posada-muestra-su-apoyo-y-respeto-a-las-fcse\\\/#webpage\",\"url\":\"https:\\\/\\\/www.eldigitaldeasturias.com\\\/noticias\\\/dominguez-de-posada-muestra-su-apoyo-y-respeto-a-las-fcse\\\/\",\"name\":\"Dom\\u00ednguez de Posada muestra su apoyo y respeto a las FCSE - El Digital de Asturias\",\"description\":\"La senadora de FORO, Rosa Dom\\u00ednguez de Posada, ha votado hoy en contra de la pretensi\\u00f3n de Podemos, Comprom\\u00eds, PDcAT y Bildu: \\u201cPretender la creaci\\u00f3n de una Comisi\\u00f3n de Investigaci\\u00f3n sobre la actuaci\\u00f3n policial del 1 de octubre en Catalu\\u00f1a es una astracanada\\u201d, dijo al respecto. \\u201cLas Fuerzas y Cuerpos de Seguridad del Estado (FCSE)\",\"inLanguage\":\"es-ES\",\"isPartOf\":{\"@id\":\"https:\\\/\\\/www.eldigitaldeasturias.com\\\/noticias\\\/#website\"},\"breadcrumb\":{\"@id\":\"https:\\\/\\\/www.eldigitaldeasturias.com\\\/noticias\\\/dominguez-de-posada-muestra-su-apoyo-y-respeto-a-las-fcse\\\/#breadcrumblist\"},\"author\":{\"@id\":\"https:\\\/\\\/www.eldigitaldeasturias.com\\\/noticias\\\/author\\\/admin\\\/#author\"},\"creator\":{\"@id\":\"https:\\\/\\\/www.eldigitaldeasturias.com\\\/noticias\\\/author\\\/admin\\\/#author\"},\"image\":{\"@type\":\"ImageObject\",\"url\":431579,\"@id\":\"https:\\\/\\\/www.eldigitaldeasturias.com\\\/noticias\\\/dominguez-de-posada-muestra-su-apoyo-y-respeto-a-las-fcse\\\/#mainImage\"},\"primaryImageOfPage\":{\"@id\":\"https:\\\/\\\/www.eldigitaldeasturias.com\\\/noticias\\\/dominguez-de-posada-muestra-su-apoyo-y-respeto-a-las-fcse\\\/#mainImage\"},\"datePublished\":\"2017-11-29T22:33:40+01:00\",\"dateModified\":\"2017-11-29T22:33:40+01:00\"},{\"@type\":\"WebSite\",\"@id\":\"https:\\\/\\\/www.eldigitaldeasturias.com\\\/noticias\\\/#website\",\"url\":\"https:\\\/\\\/www.eldigitaldeasturias.com\\\/noticias\\\/\",\"name\":\"El Digital de Asturias - Diario de actualidad y noticias\",\"alternateName\":\"El Digital de Asturias - Diario de actualidad y noticias\",\"description\":\"Hemeroteca\",\"inLanguage\":\"es-ES\",\"publisher\":{\"@id\":\"https:\\\/\\\/www.eldigitaldeasturias.com\\\/noticias\\\/#organization\"}}]}\n\t\t<\/script>\n\t\t<!-- All in One SEO Pro -->\r\n\t\t<title>Dom\u00ednguez de Posada muestra su apoyo y respeto a las FCSE - El Digital de Asturias<\/title>\n\n","aioseo_head_json":{"title":"Dom\u00ednguez de Posada muestra su apoyo y respeto a las FCSE - El Digital de Asturias","description":"La senadora de FORO, Rosa Dom\u00ednguez de Posada, ha votado hoy en contra de la pretensi\u00f3n de Podemos, Comprom\u00eds, PDcAT y Bildu: \u201cPretender la creaci\u00f3n de una Comisi\u00f3n de Investigaci\u00f3n sobre la actuaci\u00f3n policial del 1 de octubre en Catalu\u00f1a es una astracanada\u201d, dijo al respecto. \u201cLas Fuerzas y Cuerpos de Seguridad del Estado (FCSE)","canonical_url":"https:\/\/www.eldigitaldeasturias.com\/noticias\/dominguez-de-posada-muestra-su-apoyo-y-respeto-a-las-fcse\/","robots":"max-image-preview:large","keywords":"actualidad","webmasterTools":{"google-site-verification":"UA-38556648-1","msvalidate.01":"7dfe9f3f1b24437ab69f4f2559babe99","miscellaneous":""},"schema":{"@context":"https:\/\/schema.org","@graph":[{"@type":"BlogPosting","@id":"https:\/\/www.eldigitaldeasturias.com\/noticias\/dominguez-de-posada-muestra-su-apoyo-y-respeto-a-las-fcse\/#blogposting","name":"Dom\u00ednguez de Posada muestra su apoyo y respeto a las FCSE - El Digital de Asturias","headline":"Dom\u00ednguez de Posada muestra su apoyo y respeto a las FCSE","author":{"@id":"https:\/\/www.eldigitaldeasturias.com\/noticias\/author\/admin\/#author"},"publisher":{"@id":"https:\/\/www.eldigitaldeasturias.com\/noticias\/#organization"},"image":{"@type":"ImageObject","url":431579},"datePublished":"2017-11-29T22:33:40+01:00","dateModified":"2017-11-29T22:33:40+01:00","inLanguage":"es-ES","mainEntityOfPage":{"@id":"https:\/\/www.eldigitaldeasturias.com\/noticias\/dominguez-de-posada-muestra-su-apoyo-y-respeto-a-las-fcse\/#webpage"},"isPartOf":{"@id":"https:\/\/www.eldigitaldeasturias.com\/noticias\/dominguez-de-posada-muestra-su-apoyo-y-respeto-a-las-fcse\/#webpage"},"articleSection":"Actualidad"},{"@type":"BreadcrumbList","@id":"https:\/\/www.eldigitaldeasturias.com\/noticias\/dominguez-de-posada-muestra-su-apoyo-y-respeto-a-las-fcse\/#breadcrumblist","itemListElement":[{"@type":"ListItem","@id":"https:\/\/www.eldigitaldeasturias.com\/noticias#listItem","position":1,"name":"Home","item":"https:\/\/www.eldigitaldeasturias.com\/noticias","nextItem":{"@type":"ListItem","@id":"https:\/\/www.eldigitaldeasturias.com\/noticias\/category\/actualidad\/#listItem","name":"Actualidad"}},{"@type":"ListItem","@id":"https:\/\/www.eldigitaldeasturias.com\/noticias\/category\/actualidad\/#listItem","position":2,"name":"Actualidad","item":"https:\/\/www.eldigitaldeasturias.com\/noticias\/category\/actualidad\/","nextItem":{"@type":"ListItem","@id":"https:\/\/www.eldigitaldeasturias.com\/noticias\/dominguez-de-posada-muestra-su-apoyo-y-respeto-a-las-fcse\/#listItem","name":"Dom\u00ednguez de Posada muestra su apoyo y respeto a las FCSE"},"previousItem":{"@type":"ListItem","@id":"https:\/\/www.eldigitaldeasturias.com\/noticias#listItem","name":"Home"}},{"@type":"ListItem","@id":"https:\/\/www.eldigitaldeasturias.com\/noticias\/dominguez-de-posada-muestra-su-apoyo-y-respeto-a-las-fcse\/#listItem","position":3,"name":"Dom\u00ednguez de Posada muestra su apoyo y respeto a las FCSE","previousItem":{"@type":"ListItem","@id":"https:\/\/www.eldigitaldeasturias.com\/noticias\/category\/actualidad\/#listItem","name":"Actualidad"}}]},{"@type":"Organization","@id":"https:\/\/www.eldigitaldeasturias.com\/noticias\/#organization","name":"El Digital de Asturias","description":"Hemeroteca","url":"https:\/\/www.eldigitaldeasturias.com\/noticias\/","email":"info@eldigitaldeasturias.com","telephone":"+34652131393","logo":{"@type":"ImageObject","url":"https:\/\/www.eldigitaldeasturias.com\/noticias\/wp-content\/uploads\/2020\/12\/EDA.jpg","@id":"https:\/\/www.eldigitaldeasturias.com\/noticias\/dominguez-de-posada-muestra-su-apoyo-y-respeto-a-las-fcse\/#organizationLogo"},"image":{"@id":"https:\/\/www.eldigitaldeasturias.com\/noticias\/dominguez-de-posada-muestra-su-apoyo-y-respeto-a-las-fcse\/#organizationLogo"},"sameAs":["https:\/\/facebook.com\/eldigitaldeasturias","https:\/\/www.youtube.com\/channel\/UCZP-2wLEB9Rv6erhFmqVnvg"],"address":{"@id":"https:\/\/www.eldigitaldeasturias.com\/noticias\/#postaladdress","@type":"PostalAddress","streetAddress":"san antonio 4","postalCode":"33430","addressLocality":"Cand\u00e1s","addressRegion":"Asturias","addressCountry":"ES"}},{"@type":"Person","@id":"https:\/\/www.eldigitaldeasturias.com\/noticias\/author\/admin\/#author","url":"https:\/\/www.eldigitaldeasturias.com\/noticias\/author\/admin\/","name":"El Digital de Asturias","image":{"@type":"ImageObject","@id":"https:\/\/www.eldigitaldeasturias.com\/noticias\/dominguez-de-posada-muestra-su-apoyo-y-respeto-a-las-fcse\/#authorImage","url":"https:\/\/secure.gravatar.com\/avatar\/df2aeffc32bcd13f8d26072ef8a91b623d677766deac7f97ca815868cd41bf5e?s=96&d=mm&r=g","width":96,"height":96,"caption":"El Digital de Asturias"}},{"@type":"WebPage","@id":"https:\/\/www.eldigitaldeasturias.com\/noticias\/dominguez-de-posada-muestra-su-apoyo-y-respeto-a-las-fcse\/#webpage","url":"https:\/\/www.eldigitaldeasturias.com\/noticias\/dominguez-de-posada-muestra-su-apoyo-y-respeto-a-las-fcse\/","name":"Dom\u00ednguez de Posada muestra su apoyo y respeto a las FCSE - El Digital de Asturias","description":"La senadora de FORO, Rosa Dom\u00ednguez de Posada, ha votado hoy en contra de la pretensi\u00f3n de Podemos, Comprom\u00eds, PDcAT y Bildu: \u201cPretender la creaci\u00f3n de una Comisi\u00f3n de Investigaci\u00f3n sobre la actuaci\u00f3n policial del 1 de octubre en Catalu\u00f1a es una astracanada\u201d, dijo al respecto. \u201cLas Fuerzas y Cuerpos de Seguridad del Estado (FCSE)","inLanguage":"es-ES","isPartOf":{"@id":"https:\/\/www.eldigitaldeasturias.com\/noticias\/#website"},"breadcrumb":{"@id":"https:\/\/www.eldigitaldeasturias.com\/noticias\/dominguez-de-posada-muestra-su-apoyo-y-respeto-a-las-fcse\/#breadcrumblist"},"author":{"@id":"https:\/\/www.eldigitaldeasturias.com\/noticias\/author\/admin\/#author"},"creator":{"@id":"https:\/\/www.eldigitaldeasturias.com\/noticias\/author\/admin\/#author"},"image":{"@type":"ImageObject","url":431579,"@id":"https:\/\/www.eldigitaldeasturias.com\/noticias\/dominguez-de-posada-muestra-su-apoyo-y-respeto-a-las-fcse\/#mainImage"},"primaryImageOfPage":{"@id":"https:\/\/www.eldigitaldeasturias.com\/noticias\/dominguez-de-posada-muestra-su-apoyo-y-respeto-a-las-fcse\/#mainImage"},"datePublished":"2017-11-29T22:33:40+01:00","dateModified":"2017-11-29T22:33:40+01:00"},{"@type":"WebSite","@id":"https:\/\/www.eldigitaldeasturias.com\/noticias\/#website","url":"https:\/\/www.eldigitaldeasturias.com\/noticias\/","name":"El Digital de Asturias - Diario de actualidad y noticias","alternateName":"El Digital de Asturias - Diario de actualidad y noticias","description":"Hemeroteca","inLanguage":"es-ES","publisher":{"@id":"https:\/\/www.eldigitaldeasturias.com\/noticias\/#organization"}}]},"og:locale":"es_ES","og:site_name":"El Digital de Asturias","og:type":"article","og:title":"Dom\u00ednguez de Posada muestra su apoyo y respeto a las FCSE - El Digital de Asturias","og:description":"La senadora de FORO, Rosa Dom\u00ednguez de Posada, ha votado hoy en contra de la pretensi\u00f3n de Podemos, Comprom\u00eds, PDcAT y Bildu: \u201cPretender la creaci\u00f3n de una Comisi\u00f3n de Investigaci\u00f3n sobre la actuaci\u00f3n policial del 1 de octubre en Catalu\u00f1a es una astracanada\u201d, dijo al respecto. \u201cLas Fuerzas y Cuerpos de Seguridad del Estado (FCSE)","og:url":"https:\/\/www.eldigitaldeasturias.com\/noticias\/dominguez-de-posada-muestra-su-apoyo-y-respeto-a-las-fcse\/","article:tag":["actualidad"],"article:published_time":"2017-11-29T22:33:40+00:00","article:modified_time":"2017-11-29T22:33:40+00:00","article:publisher":"https:\/\/facebook.com\/eldigitaldeasturias","twitter:card":"summary_large_image","twitter:title":"Dom\u00ednguez de Posada muestra su apoyo y respeto a las FCSE - El Digital de Asturias","twitter:description":"La senadora de FORO, Rosa Dom\u00ednguez de Posada, ha votado hoy en contra de la pretensi\u00f3n de Podemos, Comprom\u00eds, PDcAT y Bildu: \u201cPretender la creaci\u00f3n de una Comisi\u00f3n de Investigaci\u00f3n sobre la actuaci\u00f3n policial del 1 de octubre en Catalu\u00f1a es una astracanada\u201d, dijo al respecto. \u201cLas Fuerzas y Cuerpos de Seguridad del Estado (FCSE)","twitter:image":"https:\/\/www.eldigitaldeasturias.com\/noticias\/wp-content\/uploads\/2020\/12\/EDA-1.jpg","twitter:label1":"Escrito por","twitter:data1":"El Digital de Asturias","twitter:label2":"Tiempo de lectura estimado","twitter:data2":"1 minuto"},"aioseo_meta_data":{"post_id":"961756","title":null,"description":null,"keywords":null,"keyphrases":null,"primary_term":null,"canonical_url":null,"og_title":null,"og_description":null,"og_object_type":"default","og_image_type":"default","og_image_url":null,"og_image_width":null,"og_image_height":null,"og_image_custom_url":null,"og_image_custom_fields":null,"og_video":null,"og_custom_url":null,"og_article_section":null,"og_article_tags":null,"twitter_use_og":false,"twitter_card":"default","twitter_image_type":"default","twitter_image_url":null,"twitter_image_custom_url":null,"twitter_image_custom_fields":null,"twitter_title":null,"twitter_description":null,"schema":{"blockGraphs":[],"customGraphs":[],"default":{"data":{"Article":[],"Course":[],"Dataset":[],"FAQPage":[],"Movie":[],"Person":[],"Product":[],"ProductReview":[],"Car":[],"Recipe":[],"Service":[],"SoftwareApplication":[],"WebPage":[]},"graphName":"","isEnabled":true},"graphs":[]},"schema_type":null,"schema_type_options":null,"pillar_content":false,"robots_default":true,"robots_noindex":false,"robots_noarchive":false,"robots_nosnippet":false,"robots_nofollow":false,"robots_noimageindex":false,"robots_noodp":false,"robots_notranslate":false,"robots_max_snippet":null,"robots_max_videopreview":null,"robots_max_imagepreview":"large","priority":null,"frequency":null,"local_seo":null,"seo_analyzer_scan_date":"2025-12-07 10:01:15","breadcrumb_settings":null,"limit_modified_date":false,"open_ai":null,"ai":null,"created":"2020-12-21 12:48:35","updated":"2025-12-07 10:01:15","focus_keyword":null,"additional_keywords":null,"truseo_locale":null},"aioseo_breadcrumb":"<div class=\"aioseo-breadcrumbs\"><span class=\"aioseo-breadcrumb\">\n\t<a href=\"https:\/\/www.eldigitaldeasturias.com\/noticias\" title=\"Home\">Home<\/a>\n<\/span><span class=\"aioseo-breadcrumb-separator\">\u2013<\/span><span class=\"aioseo-breadcrumb\">\n\t<a href=\"https:\/\/www.eldigitaldeasturias.com\/noticias\/category\/actualidad\/\" title=\"Actualidad\">Actualidad<\/a>\n<\/span><span class=\"aioseo-breadcrumb-separator\">\u2013<\/span><span class=\"aioseo-breadcrumb\">\n\t<a href=\"https:\/\/www.eldigitaldeasturias.com\/noticias\/dominguez-de-posada-muestra-su-apoyo-y-respeto-a-las-fcse\/\" title=\"Dom\u00ednguez de Posada muestra su apoyo y respeto a las FCSE\">Dom\u00ednguez de Posada muestra su apoyo y respeto a las FCSE<\/a>\n<\/span><\/div>","aioseo_breadcrumb_json":[{"label":"Home","link":"https:\/\/www.eldigitaldeasturias.com\/noticias"},{"label":"Actualidad","link":"https:\/\/www.eldigitaldeasturias.com\/noticias\/category\/actualidad\/"},{"label":"Dom\u00ednguez de Posada muestra su apoyo y respeto a las FCSE","link":"https:\/\/www.eldigitaldeasturias.com\/noticias\/dominguez-de-posada-muestra-su-apoyo-y-respeto-a-las-fcse\/"}],"_links":{"self":[{"href":"https:\/\/www.eldigitaldeasturias.com\/noticias\/wp-json\/wp\/v2\/posts\/961756","targetHints":{"allow":["GET"]}}],"collection":[{"href":"https:\/\/www.eldigitaldeasturias.com\/noticias\/wp-json\/wp\/v2\/posts"}],"about":[{"href":"https:\/\/www.eldigitaldeasturias.com\/noticias\/wp-json\/wp\/v2\/types\/post"}],"author":[{"embeddable":true,"href":"https:\/\/www.eldigitaldeasturias.com\/noticias\/wp-json\/wp\/v2\/users\/1"}],"replies":[{"embeddable":true,"href":"https:\/\/www.eldigitaldeasturias.com\/noticias\/wp-json\/wp\/v2\/comments?post=961756"}],"version-history":[{"count":0,"href":"https:\/\/www.eldigitaldeasturias.com\/noticias\/wp-json\/wp\/v2\/posts\/961756\/revisions"}],"wp:attachment":[{"href":"https:\/\/www.eldigitaldeasturias.com\/noticias\/wp-json\/wp\/v2\/media?parent=961756"}],"wp:term":[{"taxonomy":"category","embeddable":true,"href":"https:\/\/www.eldigitaldeasturias.com\/noticias\/wp-json\/wp\/v2\/categories?post=961756"},{"taxonomy":"post_tag","embeddable":true,"href":"https:\/\/www.eldigitaldeasturias.com\/noticias\/wp-json\/wp\/v2\/tags?post=961756"}],"curies":[{"name":"wp","href":"https:\/\/api.w.org\/{rel}","templated":true}]}}