{"id":961680,"date":"2017-11-29T11:30:47","date_gmt":"2017-11-29T11:30:47","guid":{"rendered":"http:\/\/www.eldigitaldeasturias.com\/noticias\/?p=961680"},"modified":"2017-11-29T11:30:47","modified_gmt":"2017-11-29T11:30:47","slug":"espana-condena-el-nuevo-lanzamiento-de-un-misil-balistico-por-la-republica-popular-democratica-de-corea","status":"publish","type":"post","link":"https:\/\/www.eldigitaldeasturias.com\/noticias\/espana-condena-el-nuevo-lanzamiento-de-un-misil-balistico-por-la-republica-popular-democratica-de-corea\/","title":{"rendered":"Espa\u00f1a condena el nuevo lanzamiento de un misil bal\u00edstico por la Rep\u00fablica Popular Democr\u00e1tica de Corea"},"content":{"rendered":"<p><img loading=\"lazy\" decoding=\"async\" class=\"alignleft size-medium wp-image-958670\" src=\"https:\/\/www.eldigitaldeasturias.com\/noticias\/wp-content\/uploads\/2017\/11\/Exteriores2_Interior-360x239.jpg\" alt=\"\" width=\"360\" height=\"239\" \/>Espa\u00f1a expresa su m\u00e1s rotunda condena ante el nuevo acto de provocaci\u00f3n de la Rep\u00fablica Popular Democr\u00e1tica de Corea (RPDC) que ha supuesto el lanzamiento, ayer martes, de un misil bal\u00edstico.<\/p>\n<p>\u200bLa RPDC viola as\u00ed, una vez m\u00e1s, las resoluciones del Consejo de Seguridad de Naciones Unidas que le exigen abandonar su programa de proliferaci\u00f3n nuclear y bal\u00edstica. Este acto irresponsable constituye un eslab\u00f3n m\u00e1s en la ya larga cadena de actos amenazadores hacia los pa\u00edses vecinos, hacia la regi\u00f3n del Pac\u00edfico y hacia la comunidad internacional en su conjunto.<\/p>\n<p>La RPDC debe poner fin de manera inmediata a estas inadmisibles provocaciones. Solo el respeto de la legalidad internacional por parte de la RPDC y la desnuclearizaci\u00f3n completa, irreversible y verificable de la pen\u00ednsula coreana podr\u00e1n garantizar la paz, la seguridad y la estabilidad que todos los pa\u00edses de la regi\u00f3n desean. Espa\u00f1a reitera su pleno apoyo a las medidas restrictivas adoptadas por la UE contra la RPDC y expresa su solidaridad y aliento a los pa\u00edses amigos en la regi\u00f3n o fuera de ella que se sienten amenazados por estos actos agresivos y desafiantes.<\/p>\n","protected":false},"excerpt":{"rendered":"<p>Espa\u00f1a expresa su m\u00e1s rotunda condena ante el nuevo acto de provocaci\u00f3n de la Rep\u00fablica Popular Democr\u00e1tica de Corea (RPDC) que ha supuesto el lanzamiento, ayer martes, de un misil bal\u00edstico. \u200bLa RPDC viola as\u00ed, una vez m\u00e1s, las resoluciones del Consejo de Seguridad de Naciones Unidas que le exigen abandonar su programa de proliferaci\u00f3n [&hellip;]<\/p>\n","protected":false},"author":1,"featured_media":958670,"comment_status":"closed","ping_status":"closed","sticky":false,"template":"","format":"standard","meta":{"footnotes":""},"categories":[1],"tags":[],"class_list":["post-961680","post","type-post","status-publish","format-standard","has-post-thumbnail","hentry","category-actualidad"],"aioseo_notices":[],"aioseo_head":"\n\t\t<!-- All in One SEO Pro 5.0.1 - aioseo.com -->\n\t<meta name=\"description\" content=\"Espa\u00f1a expresa su m\u00e1s rotunda condena ante el nuevo acto de provocaci\u00f3n de la Rep\u00fablica Popular Democr\u00e1tica de Corea (RPDC) que ha supuesto el lanzamiento, ayer martes, de un misil bal\u00edstico. \u200bLa RPDC viola as\u00ed, una vez m\u00e1s, las resoluciones del Consejo de Seguridad de Naciones Unidas que le exigen abandonar su programa de proliferaci\u00f3n\" \/>\n\t<meta name=\"robots\" content=\"max-image-preview:large\" \/>\n\t<meta name=\"author\" content=\"El Digital de Asturias\"\/>\n\t<meta name=\"google-site-verification\" content=\"UA-38556648-1\" \/>\n\t<meta name=\"msvalidate.01\" content=\"7dfe9f3f1b24437ab69f4f2559babe99\" \/>\n\t<meta name=\"keywords\" content=\"actualidad\" \/>\n\t<link rel=\"canonical\" href=\"https:\/\/www.eldigitaldeasturias.com\/noticias\/espana-condena-el-nuevo-lanzamiento-de-un-misil-balistico-por-la-republica-popular-democratica-de-corea\/\" \/>\n\t<meta name=\"generator\" content=\"All in One SEO Pro (AIOSEO) 5.0.1\" \/>\n\t\t<meta property=\"og:locale\" content=\"es_ES\" \/>\n\t\t<meta property=\"og:site_name\" content=\"El Digital de Asturias\" \/>\n\t\t<meta property=\"og:type\" content=\"article\" \/>\n\t\t<meta property=\"og:title\" content=\"Espa\u00f1a condena el nuevo lanzamiento de un misil bal\u00edstico por la Rep\u00fablica Popular Democr\u00e1tica de Corea - El Digital de Asturias\" \/>\n\t\t<meta property=\"og:description\" content=\"Espa\u00f1a expresa su m\u00e1s rotunda condena ante el nuevo acto de provocaci\u00f3n de la Rep\u00fablica Popular Democr\u00e1tica de Corea (RPDC) que ha supuesto el lanzamiento, ayer martes, de un misil bal\u00edstico. \u200bLa RPDC viola as\u00ed, una vez m\u00e1s, las resoluciones del Consejo de Seguridad de Naciones Unidas que le exigen abandonar su programa de proliferaci\u00f3n\" \/>\n\t\t<meta property=\"og:url\" content=\"https:\/\/www.eldigitaldeasturias.com\/noticias\/espana-condena-el-nuevo-lanzamiento-de-un-misil-balistico-por-la-republica-popular-democratica-de-corea\/\" \/>\n\t\t<meta property=\"article:tag\" content=\"actualidad\" \/>\n\t\t<meta property=\"article:published_time\" content=\"2017-11-29T11:30:47+00:00\" \/>\n\t\t<meta property=\"article:modified_time\" content=\"2017-11-29T11:30:47+00:00\" \/>\n\t\t<meta property=\"article:publisher\" content=\"https:\/\/facebook.com\/eldigitaldeasturias\" \/>\n\t\t<meta name=\"twitter:card\" content=\"summary_large_image\" \/>\n\t\t<meta name=\"twitter:title\" content=\"Espa\u00f1a condena el nuevo lanzamiento de un misil bal\u00edstico por la Rep\u00fablica Popular Democr\u00e1tica de Corea - El Digital de Asturias\" \/>\n\t\t<meta name=\"twitter:description\" content=\"Espa\u00f1a expresa su m\u00e1s rotunda condena ante el nuevo acto de provocaci\u00f3n de la Rep\u00fablica Popular Democr\u00e1tica de Corea (RPDC) que ha supuesto el lanzamiento, ayer martes, de un misil bal\u00edstico. \u200bLa RPDC viola as\u00ed, una vez m\u00e1s, las resoluciones del Consejo de Seguridad de Naciones Unidas que le exigen abandonar su programa de proliferaci\u00f3n\" \/>\n\t\t<meta name=\"twitter:image\" content=\"https:\/\/www.eldigitaldeasturias.com\/noticias\/wp-content\/uploads\/2020\/12\/EDA-1.jpg\" \/>\n\t\t<meta name=\"twitter:label1\" content=\"Escrito por\" \/>\n\t\t<meta name=\"twitter:data1\" content=\"El Digital de Asturias\" \/>\n\t\t<meta name=\"twitter:label2\" content=\"Tiempo de lectura estimado\" \/>\n\t\t<meta name=\"twitter:data2\" content=\"1 minuto\" \/>\n\t\t<script type=\"application\/ld+json\" class=\"aioseo-schema\">\n\t\t\t{\"@context\":\"https:\\\/\\\/schema.org\",\"@graph\":[{\"@type\":\"BlogPosting\",\"@id\":\"https:\\\/\\\/www.eldigitaldeasturias.com\\\/noticias\\\/espana-condena-el-nuevo-lanzamiento-de-un-misil-balistico-por-la-republica-popular-democratica-de-corea\\\/#blogposting\",\"name\":\"Espa\\u00f1a condena el nuevo lanzamiento de un misil bal\\u00edstico por la Rep\\u00fablica Popular Democr\\u00e1tica de Corea - El Digital de Asturias\",\"headline\":\"Espa\\u00f1a condena el nuevo lanzamiento de un misil bal\\u00edstico por la Rep\\u00fablica Popular Democr\\u00e1tica de Corea\",\"author\":{\"@id\":\"https:\\\/\\\/www.eldigitaldeasturias.com\\\/noticias\\\/author\\\/admin\\\/#author\"},\"publisher\":{\"@id\":\"https:\\\/\\\/www.eldigitaldeasturias.com\\\/noticias\\\/#organization\"},\"image\":{\"@type\":\"ImageObject\",\"url\":958670},\"datePublished\":\"2017-11-29T11:30:47+01:00\",\"dateModified\":\"2017-11-29T11:30:47+01:00\",\"inLanguage\":\"es-ES\",\"mainEntityOfPage\":{\"@id\":\"https:\\\/\\\/www.eldigitaldeasturias.com\\\/noticias\\\/espana-condena-el-nuevo-lanzamiento-de-un-misil-balistico-por-la-republica-popular-democratica-de-corea\\\/#webpage\"},\"isPartOf\":{\"@id\":\"https:\\\/\\\/www.eldigitaldeasturias.com\\\/noticias\\\/espana-condena-el-nuevo-lanzamiento-de-un-misil-balistico-por-la-republica-popular-democratica-de-corea\\\/#webpage\"},\"articleSection\":\"Actualidad\"},{\"@type\":\"BreadcrumbList\",\"@id\":\"https:\\\/\\\/www.eldigitaldeasturias.com\\\/noticias\\\/espana-condena-el-nuevo-lanzamiento-de-un-misil-balistico-por-la-republica-popular-democratica-de-corea\\\/#breadcrumblist\",\"itemListElement\":[{\"@type\":\"ListItem\",\"@id\":\"https:\\\/\\\/www.eldigitaldeasturias.com\\\/noticias#listItem\",\"position\":1,\"name\":\"Home\",\"item\":\"https:\\\/\\\/www.eldigitaldeasturias.com\\\/noticias\",\"nextItem\":{\"@type\":\"ListItem\",\"@id\":\"https:\\\/\\\/www.eldigitaldeasturias.com\\\/noticias\\\/category\\\/actualidad\\\/#listItem\",\"name\":\"Actualidad\"}},{\"@type\":\"ListItem\",\"@id\":\"https:\\\/\\\/www.eldigitaldeasturias.com\\\/noticias\\\/category\\\/actualidad\\\/#listItem\",\"position\":2,\"name\":\"Actualidad\",\"item\":\"https:\\\/\\\/www.eldigitaldeasturias.com\\\/noticias\\\/category\\\/actualidad\\\/\",\"nextItem\":{\"@type\":\"ListItem\",\"@id\":\"https:\\\/\\\/www.eldigitaldeasturias.com\\\/noticias\\\/espana-condena-el-nuevo-lanzamiento-de-un-misil-balistico-por-la-republica-popular-democratica-de-corea\\\/#listItem\",\"name\":\"Espa\\u00f1a condena el nuevo lanzamiento de un misil bal\\u00edstico por la Rep\\u00fablica Popular Democr\\u00e1tica de Corea\"},\"previousItem\":{\"@type\":\"ListItem\",\"@id\":\"https:\\\/\\\/www.eldigitaldeasturias.com\\\/noticias#listItem\",\"name\":\"Home\"}},{\"@type\":\"ListItem\",\"@id\":\"https:\\\/\\\/www.eldigitaldeasturias.com\\\/noticias\\\/espana-condena-el-nuevo-lanzamiento-de-un-misil-balistico-por-la-republica-popular-democratica-de-corea\\\/#listItem\",\"position\":3,\"name\":\"Espa\\u00f1a condena el nuevo lanzamiento de un misil bal\\u00edstico por la Rep\\u00fablica Popular Democr\\u00e1tica de Corea\",\"previousItem\":{\"@type\":\"ListItem\",\"@id\":\"https:\\\/\\\/www.eldigitaldeasturias.com\\\/noticias\\\/category\\\/actualidad\\\/#listItem\",\"name\":\"Actualidad\"}}]},{\"@type\":\"Organization\",\"@id\":\"https:\\\/\\\/www.eldigitaldeasturias.com\\\/noticias\\\/#organization\",\"name\":\"El Digital de Asturias\",\"description\":\"Hemeroteca\",\"url\":\"https:\\\/\\\/www.eldigitaldeasturias.com\\\/noticias\\\/\",\"email\":\"info@eldigitaldeasturias.com\",\"telephone\":\"+34652131393\",\"logo\":{\"@type\":\"ImageObject\",\"url\":\"https:\\\/\\\/www.eldigitaldeasturias.com\\\/noticias\\\/wp-content\\\/uploads\\\/2020\\\/12\\\/EDA.jpg\",\"@id\":\"https:\\\/\\\/www.eldigitaldeasturias.com\\\/noticias\\\/espana-condena-el-nuevo-lanzamiento-de-un-misil-balistico-por-la-republica-popular-democratica-de-corea\\\/#organizationLogo\"},\"image\":{\"@id\":\"https:\\\/\\\/www.eldigitaldeasturias.com\\\/noticias\\\/espana-condena-el-nuevo-lanzamiento-de-un-misil-balistico-por-la-republica-popular-democratica-de-corea\\\/#organizationLogo\"},\"sameAs\":[\"https:\\\/\\\/facebook.com\\\/eldigitaldeasturias\",\"https:\\\/\\\/www.youtube.com\\\/channel\\\/UCZP-2wLEB9Rv6erhFmqVnvg\"],\"address\":{\"@id\":\"https:\\\/\\\/www.eldigitaldeasturias.com\\\/noticias\\\/#postaladdress\",\"@type\":\"PostalAddress\",\"streetAddress\":\"san antonio 4\",\"postalCode\":\"33430\",\"addressLocality\":\"Cand\\u00e1s\",\"addressRegion\":\"Asturias\",\"addressCountry\":\"ES\"}},{\"@type\":\"Person\",\"@id\":\"https:\\\/\\\/www.eldigitaldeasturias.com\\\/noticias\\\/author\\\/admin\\\/#author\",\"url\":\"https:\\\/\\\/www.eldigitaldeasturias.com\\\/noticias\\\/author\\\/admin\\\/\",\"name\":\"El Digital de Asturias\",\"image\":{\"@type\":\"ImageObject\",\"@id\":\"https:\\\/\\\/www.eldigitaldeasturias.com\\\/noticias\\\/espana-condena-el-nuevo-lanzamiento-de-un-misil-balistico-por-la-republica-popular-democratica-de-corea\\\/#authorImage\",\"url\":\"https:\\\/\\\/secure.gravatar.com\\\/avatar\\\/df2aeffc32bcd13f8d26072ef8a91b623d677766deac7f97ca815868cd41bf5e?s=96&d=mm&r=g\",\"width\":96,\"height\":96,\"caption\":\"El Digital de Asturias\"}},{\"@type\":\"WebPage\",\"@id\":\"https:\\\/\\\/www.eldigitaldeasturias.com\\\/noticias\\\/espana-condena-el-nuevo-lanzamiento-de-un-misil-balistico-por-la-republica-popular-democratica-de-corea\\\/#webpage\",\"url\":\"https:\\\/\\\/www.eldigitaldeasturias.com\\\/noticias\\\/espana-condena-el-nuevo-lanzamiento-de-un-misil-balistico-por-la-republica-popular-democratica-de-corea\\\/\",\"name\":\"Espa\\u00f1a condena el nuevo lanzamiento de un misil bal\\u00edstico por la Rep\\u00fablica Popular Democr\\u00e1tica de Corea - El Digital de Asturias\",\"description\":\"Espa\\u00f1a expresa su m\\u00e1s rotunda condena ante el nuevo acto de provocaci\\u00f3n de la Rep\\u00fablica Popular Democr\\u00e1tica de Corea (RPDC) que ha supuesto el lanzamiento, ayer martes, de un misil bal\\u00edstico. \\u200bLa RPDC viola as\\u00ed, una vez m\\u00e1s, las resoluciones del Consejo de Seguridad de Naciones Unidas que le exigen abandonar su programa de proliferaci\\u00f3n\",\"inLanguage\":\"es-ES\",\"isPartOf\":{\"@id\":\"https:\\\/\\\/www.eldigitaldeasturias.com\\\/noticias\\\/#website\"},\"breadcrumb\":{\"@id\":\"https:\\\/\\\/www.eldigitaldeasturias.com\\\/noticias\\\/espana-condena-el-nuevo-lanzamiento-de-un-misil-balistico-por-la-republica-popular-democratica-de-corea\\\/#breadcrumblist\"},\"author\":{\"@id\":\"https:\\\/\\\/www.eldigitaldeasturias.com\\\/noticias\\\/author\\\/admin\\\/#author\"},\"creator\":{\"@id\":\"https:\\\/\\\/www.eldigitaldeasturias.com\\\/noticias\\\/author\\\/admin\\\/#author\"},\"image\":{\"@type\":\"ImageObject\",\"url\":958670,\"@id\":\"https:\\\/\\\/www.eldigitaldeasturias.com\\\/noticias\\\/espana-condena-el-nuevo-lanzamiento-de-un-misil-balistico-por-la-republica-popular-democratica-de-corea\\\/#mainImage\"},\"primaryImageOfPage\":{\"@id\":\"https:\\\/\\\/www.eldigitaldeasturias.com\\\/noticias\\\/espana-condena-el-nuevo-lanzamiento-de-un-misil-balistico-por-la-republica-popular-democratica-de-corea\\\/#mainImage\"},\"datePublished\":\"2017-11-29T11:30:47+01:00\",\"dateModified\":\"2017-11-29T11:30:47+01:00\"},{\"@type\":\"WebSite\",\"@id\":\"https:\\\/\\\/www.eldigitaldeasturias.com\\\/noticias\\\/#website\",\"url\":\"https:\\\/\\\/www.eldigitaldeasturias.com\\\/noticias\\\/\",\"name\":\"El Digital de Asturias - Diario de actualidad y noticias\",\"alternateName\":\"El Digital de Asturias - Diario de actualidad y noticias\",\"description\":\"Hemeroteca\",\"inLanguage\":\"es-ES\",\"publisher\":{\"@id\":\"https:\\\/\\\/www.eldigitaldeasturias.com\\\/noticias\\\/#organization\"}}]}\n\t\t<\/script>\n\t\t<!-- All in One SEO Pro -->\r\n\t\t<title>Espa\u00f1a condena el nuevo lanzamiento de un misil bal\u00edstico por la Rep\u00fablica Popular Democr\u00e1tica de Corea - El Digital de Asturias<\/title>\n\n","aioseo_head_json":{"title":"Espa\u00f1a condena el nuevo lanzamiento de un misil bal\u00edstico por la Rep\u00fablica Popular Democr\u00e1tica de Corea - El Digital de Asturias","description":"Espa\u00f1a expresa su m\u00e1s rotunda condena ante el nuevo acto de provocaci\u00f3n de la Rep\u00fablica Popular Democr\u00e1tica de Corea (RPDC) que ha supuesto el lanzamiento, ayer martes, de un misil bal\u00edstico. \u200bLa RPDC viola as\u00ed, una vez m\u00e1s, las resoluciones del Consejo de Seguridad de Naciones Unidas que le exigen abandonar su programa de proliferaci\u00f3n","canonical_url":"https:\/\/www.eldigitaldeasturias.com\/noticias\/espana-condena-el-nuevo-lanzamiento-de-un-misil-balistico-por-la-republica-popular-democratica-de-corea\/","robots":"max-image-preview:large","keywords":"actualidad","webmasterTools":{"google-site-verification":"UA-38556648-1","msvalidate.01":"7dfe9f3f1b24437ab69f4f2559babe99","miscellaneous":""},"schema":{"@context":"https:\/\/schema.org","@graph":[{"@type":"BlogPosting","@id":"https:\/\/www.eldigitaldeasturias.com\/noticias\/espana-condena-el-nuevo-lanzamiento-de-un-misil-balistico-por-la-republica-popular-democratica-de-corea\/#blogposting","name":"Espa\u00f1a condena el nuevo lanzamiento de un misil bal\u00edstico por la Rep\u00fablica Popular Democr\u00e1tica de Corea - El Digital de Asturias","headline":"Espa\u00f1a condena el nuevo lanzamiento de un misil bal\u00edstico por la Rep\u00fablica Popular Democr\u00e1tica de Corea","author":{"@id":"https:\/\/www.eldigitaldeasturias.com\/noticias\/author\/admin\/#author"},"publisher":{"@id":"https:\/\/www.eldigitaldeasturias.com\/noticias\/#organization"},"image":{"@type":"ImageObject","url":958670},"datePublished":"2017-11-29T11:30:47+01:00","dateModified":"2017-11-29T11:30:47+01:00","inLanguage":"es-ES","mainEntityOfPage":{"@id":"https:\/\/www.eldigitaldeasturias.com\/noticias\/espana-condena-el-nuevo-lanzamiento-de-un-misil-balistico-por-la-republica-popular-democratica-de-corea\/#webpage"},"isPartOf":{"@id":"https:\/\/www.eldigitaldeasturias.com\/noticias\/espana-condena-el-nuevo-lanzamiento-de-un-misil-balistico-por-la-republica-popular-democratica-de-corea\/#webpage"},"articleSection":"Actualidad"},{"@type":"BreadcrumbList","@id":"https:\/\/www.eldigitaldeasturias.com\/noticias\/espana-condena-el-nuevo-lanzamiento-de-un-misil-balistico-por-la-republica-popular-democratica-de-corea\/#breadcrumblist","itemListElement":[{"@type":"ListItem","@id":"https:\/\/www.eldigitaldeasturias.com\/noticias#listItem","position":1,"name":"Home","item":"https:\/\/www.eldigitaldeasturias.com\/noticias","nextItem":{"@type":"ListItem","@id":"https:\/\/www.eldigitaldeasturias.com\/noticias\/category\/actualidad\/#listItem","name":"Actualidad"}},{"@type":"ListItem","@id":"https:\/\/www.eldigitaldeasturias.com\/noticias\/category\/actualidad\/#listItem","position":2,"name":"Actualidad","item":"https:\/\/www.eldigitaldeasturias.com\/noticias\/category\/actualidad\/","nextItem":{"@type":"ListItem","@id":"https:\/\/www.eldigitaldeasturias.com\/noticias\/espana-condena-el-nuevo-lanzamiento-de-un-misil-balistico-por-la-republica-popular-democratica-de-corea\/#listItem","name":"Espa\u00f1a condena el nuevo lanzamiento de un misil bal\u00edstico por la Rep\u00fablica Popular Democr\u00e1tica de Corea"},"previousItem":{"@type":"ListItem","@id":"https:\/\/www.eldigitaldeasturias.com\/noticias#listItem","name":"Home"}},{"@type":"ListItem","@id":"https:\/\/www.eldigitaldeasturias.com\/noticias\/espana-condena-el-nuevo-lanzamiento-de-un-misil-balistico-por-la-republica-popular-democratica-de-corea\/#listItem","position":3,"name":"Espa\u00f1a condena el nuevo lanzamiento de un misil bal\u00edstico por la Rep\u00fablica Popular Democr\u00e1tica de Corea","previousItem":{"@type":"ListItem","@id":"https:\/\/www.eldigitaldeasturias.com\/noticias\/category\/actualidad\/#listItem","name":"Actualidad"}}]},{"@type":"Organization","@id":"https:\/\/www.eldigitaldeasturias.com\/noticias\/#organization","name":"El Digital de Asturias","description":"Hemeroteca","url":"https:\/\/www.eldigitaldeasturias.com\/noticias\/","email":"info@eldigitaldeasturias.com","telephone":"+34652131393","logo":{"@type":"ImageObject","url":"https:\/\/www.eldigitaldeasturias.com\/noticias\/wp-content\/uploads\/2020\/12\/EDA.jpg","@id":"https:\/\/www.eldigitaldeasturias.com\/noticias\/espana-condena-el-nuevo-lanzamiento-de-un-misil-balistico-por-la-republica-popular-democratica-de-corea\/#organizationLogo"},"image":{"@id":"https:\/\/www.eldigitaldeasturias.com\/noticias\/espana-condena-el-nuevo-lanzamiento-de-un-misil-balistico-por-la-republica-popular-democratica-de-corea\/#organizationLogo"},"sameAs":["https:\/\/facebook.com\/eldigitaldeasturias","https:\/\/www.youtube.com\/channel\/UCZP-2wLEB9Rv6erhFmqVnvg"],"address":{"@id":"https:\/\/www.eldigitaldeasturias.com\/noticias\/#postaladdress","@type":"PostalAddress","streetAddress":"san antonio 4","postalCode":"33430","addressLocality":"Cand\u00e1s","addressRegion":"Asturias","addressCountry":"ES"}},{"@type":"Person","@id":"https:\/\/www.eldigitaldeasturias.com\/noticias\/author\/admin\/#author","url":"https:\/\/www.eldigitaldeasturias.com\/noticias\/author\/admin\/","name":"El Digital de Asturias","image":{"@type":"ImageObject","@id":"https:\/\/www.eldigitaldeasturias.com\/noticias\/espana-condena-el-nuevo-lanzamiento-de-un-misil-balistico-por-la-republica-popular-democratica-de-corea\/#authorImage","url":"https:\/\/secure.gravatar.com\/avatar\/df2aeffc32bcd13f8d26072ef8a91b623d677766deac7f97ca815868cd41bf5e?s=96&d=mm&r=g","width":96,"height":96,"caption":"El Digital de Asturias"}},{"@type":"WebPage","@id":"https:\/\/www.eldigitaldeasturias.com\/noticias\/espana-condena-el-nuevo-lanzamiento-de-un-misil-balistico-por-la-republica-popular-democratica-de-corea\/#webpage","url":"https:\/\/www.eldigitaldeasturias.com\/noticias\/espana-condena-el-nuevo-lanzamiento-de-un-misil-balistico-por-la-republica-popular-democratica-de-corea\/","name":"Espa\u00f1a condena el nuevo lanzamiento de un misil bal\u00edstico por la Rep\u00fablica Popular Democr\u00e1tica de Corea - El Digital de Asturias","description":"Espa\u00f1a expresa su m\u00e1s rotunda condena ante el nuevo acto de provocaci\u00f3n de la Rep\u00fablica Popular Democr\u00e1tica de Corea (RPDC) que ha supuesto el lanzamiento, ayer martes, de un misil bal\u00edstico. \u200bLa RPDC viola as\u00ed, una vez m\u00e1s, las resoluciones del Consejo de Seguridad de Naciones Unidas que le exigen abandonar su programa de proliferaci\u00f3n","inLanguage":"es-ES","isPartOf":{"@id":"https:\/\/www.eldigitaldeasturias.com\/noticias\/#website"},"breadcrumb":{"@id":"https:\/\/www.eldigitaldeasturias.com\/noticias\/espana-condena-el-nuevo-lanzamiento-de-un-misil-balistico-por-la-republica-popular-democratica-de-corea\/#breadcrumblist"},"author":{"@id":"https:\/\/www.eldigitaldeasturias.com\/noticias\/author\/admin\/#author"},"creator":{"@id":"https:\/\/www.eldigitaldeasturias.com\/noticias\/author\/admin\/#author"},"image":{"@type":"ImageObject","url":958670,"@id":"https:\/\/www.eldigitaldeasturias.com\/noticias\/espana-condena-el-nuevo-lanzamiento-de-un-misil-balistico-por-la-republica-popular-democratica-de-corea\/#mainImage"},"primaryImageOfPage":{"@id":"https:\/\/www.eldigitaldeasturias.com\/noticias\/espana-condena-el-nuevo-lanzamiento-de-un-misil-balistico-por-la-republica-popular-democratica-de-corea\/#mainImage"},"datePublished":"2017-11-29T11:30:47+01:00","dateModified":"2017-11-29T11:30:47+01:00"},{"@type":"WebSite","@id":"https:\/\/www.eldigitaldeasturias.com\/noticias\/#website","url":"https:\/\/www.eldigitaldeasturias.com\/noticias\/","name":"El Digital de Asturias - Diario de actualidad y noticias","alternateName":"El Digital de Asturias - Diario de actualidad y noticias","description":"Hemeroteca","inLanguage":"es-ES","publisher":{"@id":"https:\/\/www.eldigitaldeasturias.com\/noticias\/#organization"}}]},"og:locale":"es_ES","og:site_name":"El Digital de Asturias","og:type":"article","og:title":"Espa\u00f1a condena el nuevo lanzamiento de un misil bal\u00edstico por la Rep\u00fablica Popular Democr\u00e1tica de Corea - El Digital de Asturias","og:description":"Espa\u00f1a expresa su m\u00e1s rotunda condena ante el nuevo acto de provocaci\u00f3n de la Rep\u00fablica Popular Democr\u00e1tica de Corea (RPDC) que ha supuesto el lanzamiento, ayer martes, de un misil bal\u00edstico. \u200bLa RPDC viola as\u00ed, una vez m\u00e1s, las resoluciones del Consejo de Seguridad de Naciones Unidas que le exigen abandonar su programa de proliferaci\u00f3n","og:url":"https:\/\/www.eldigitaldeasturias.com\/noticias\/espana-condena-el-nuevo-lanzamiento-de-un-misil-balistico-por-la-republica-popular-democratica-de-corea\/","article:tag":["actualidad"],"article:published_time":"2017-11-29T11:30:47+00:00","article:modified_time":"2017-11-29T11:30:47+00:00","article:publisher":"https:\/\/facebook.com\/eldigitaldeasturias","twitter:card":"summary_large_image","twitter:title":"Espa\u00f1a condena el nuevo lanzamiento de un misil bal\u00edstico por la Rep\u00fablica Popular Democr\u00e1tica de Corea - El Digital de Asturias","twitter:description":"Espa\u00f1a expresa su m\u00e1s rotunda condena ante el nuevo acto de provocaci\u00f3n de la Rep\u00fablica Popular Democr\u00e1tica de Corea (RPDC) que ha supuesto el lanzamiento, ayer martes, de un misil bal\u00edstico. \u200bLa RPDC viola as\u00ed, una vez m\u00e1s, las resoluciones del Consejo de Seguridad de Naciones Unidas que le exigen abandonar su programa de proliferaci\u00f3n","twitter:image":"https:\/\/www.eldigitaldeasturias.com\/noticias\/wp-content\/uploads\/2020\/12\/EDA-1.jpg","twitter:label1":"Escrito por","twitter:data1":"El Digital de Asturias","twitter:label2":"Tiempo de lectura estimado","twitter:data2":"1 minuto"},"aioseo_meta_data":{"post_id":"961680","title":null,"description":null,"keywords":null,"keyphrases":null,"primary_term":null,"canonical_url":null,"og_title":null,"og_description":null,"og_object_type":"default","og_image_type":"default","og_image_url":null,"og_image_width":null,"og_image_height":null,"og_image_custom_url":null,"og_image_custom_fields":null,"og_video":null,"og_custom_url":null,"og_article_section":null,"og_article_tags":null,"twitter_use_og":false,"twitter_card":"default","twitter_image_type":"default","twitter_image_url":null,"twitter_image_custom_url":null,"twitter_image_custom_fields":null,"twitter_title":null,"twitter_description":null,"schema":{"blockGraphs":[],"customGraphs":[],"default":{"data":{"Article":[],"Course":[],"Dataset":[],"FAQPage":[],"Movie":[],"Person":[],"Product":[],"ProductReview":[],"Car":[],"Recipe":[],"Service":[],"SoftwareApplication":[],"WebPage":[]},"graphName":"","isEnabled":true},"graphs":[],"defaultGraph":"","defaultPostTypeGraph":""},"schema_type":null,"schema_type_options":null,"pillar_content":false,"robots_default":true,"robots_noindex":false,"robots_noarchive":false,"robots_nosnippet":false,"robots_nofollow":false,"robots_noimageindex":false,"robots_noodp":false,"robots_notranslate":false,"robots_max_snippet":null,"robots_max_videopreview":null,"robots_max_imagepreview":"large","priority":null,"frequency":null,"local_seo":null,"seo_analyzer_scan_date":"2025-12-07 09:44:15","breadcrumb_settings":null,"limit_modified_date":false,"open_ai":null,"ai":null,"created":"2020-12-21 12:48:36","updated":"2025-12-07 09:44:15","focus_keyword":null,"additional_keywords":null,"truseo_locale":null},"aioseo_breadcrumb":"<div class=\"aioseo-breadcrumbs\"><span class=\"aioseo-breadcrumb\">\n\t<a href=\"https:\/\/www.eldigitaldeasturias.com\/noticias\" title=\"Home\">Home<\/a>\n<\/span><span class=\"aioseo-breadcrumb-separator\">\u2013<\/span><span class=\"aioseo-breadcrumb\">\n\t<a href=\"https:\/\/www.eldigitaldeasturias.com\/noticias\/category\/actualidad\/\" title=\"Actualidad\">Actualidad<\/a>\n<\/span><span class=\"aioseo-breadcrumb-separator\">\u2013<\/span><span class=\"aioseo-breadcrumb\">\n\t<a href=\"https:\/\/www.eldigitaldeasturias.com\/noticias\/espana-condena-el-nuevo-lanzamiento-de-un-misil-balistico-por-la-republica-popular-democratica-de-corea\/\" title=\"Espa\u00f1a condena el nuevo lanzamiento de un misil bal\u00edstico por la Rep\u00fablica Popular Democr\u00e1tica de Corea\">Espa\u00f1a condena el nuevo lanzamiento de un misil bal\u00edstico por la Rep\u00fablica Popular Democr\u00e1tica de Corea<\/a>\n<\/span><\/div>","aioseo_breadcrumb_json":[{"label":"Home","link":"https:\/\/www.eldigitaldeasturias.com\/noticias"},{"label":"Actualidad","link":"https:\/\/www.eldigitaldeasturias.com\/noticias\/category\/actualidad\/"},{"label":"Espa\u00f1a condena el nuevo lanzamiento de un misil bal\u00edstico por la Rep\u00fablica Popular Democr\u00e1tica de Corea","link":"https:\/\/www.eldigitaldeasturias.com\/noticias\/espana-condena-el-nuevo-lanzamiento-de-un-misil-balistico-por-la-republica-popular-democratica-de-corea\/"}],"_links":{"self":[{"href":"https:\/\/www.eldigitaldeasturias.com\/noticias\/wp-json\/wp\/v2\/posts\/961680","targetHints":{"allow":["GET"]}}],"collection":[{"href":"https:\/\/www.eldigitaldeasturias.com\/noticias\/wp-json\/wp\/v2\/posts"}],"about":[{"href":"https:\/\/www.eldigitaldeasturias.com\/noticias\/wp-json\/wp\/v2\/types\/post"}],"author":[{"embeddable":true,"href":"https:\/\/www.eldigitaldeasturias.com\/noticias\/wp-json\/wp\/v2\/users\/1"}],"replies":[{"embeddable":true,"href":"https:\/\/www.eldigitaldeasturias.com\/noticias\/wp-json\/wp\/v2\/comments?post=961680"}],"version-history":[{"count":0,"href":"https:\/\/www.eldigitaldeasturias.com\/noticias\/wp-json\/wp\/v2\/posts\/961680\/revisions"}],"wp:attachment":[{"href":"https:\/\/www.eldigitaldeasturias.com\/noticias\/wp-json\/wp\/v2\/media?parent=961680"}],"wp:term":[{"taxonomy":"category","embeddable":true,"href":"https:\/\/www.eldigitaldeasturias.com\/noticias\/wp-json\/wp\/v2\/categories?post=961680"},{"taxonomy":"post_tag","embeddable":true,"href":"https:\/\/www.eldigitaldeasturias.com\/noticias\/wp-json\/wp\/v2\/tags?post=961680"}],"curies":[{"name":"wp","href":"https:\/\/api.w.org\/{rel}","templated":true}]}}