{"id":961638,"date":"2017-11-28T21:19:59","date_gmt":"2017-11-28T21:19:59","guid":{"rendered":"http:\/\/www.eldigitaldeasturias.com\/noticias\/?p=961638"},"modified":"2017-11-28T21:19:59","modified_gmt":"2017-11-28T21:19:59","slug":"tejerina-el-gobierno-lleva-actuando-desde-el-comienzo-de-la-sequia-para-minimizar-el-impacto-de-la-falta-de-agua-en-espana","status":"publish","type":"post","link":"https:\/\/www.eldigitaldeasturias.com\/noticias\/tejerina-el-gobierno-lleva-actuando-desde-el-comienzo-de-la-sequia-para-minimizar-el-impacto-de-la-falta-de-agua-en-espana\/","title":{"rendered":"Tejerina: \u00abEl Gobierno lleva actuando desde el comienzo de la sequ\u00eda para minimizar el impacto de la falta de agua en Espa\u00f1a\u00bb"},"content":{"rendered":"<p><img loading=\"lazy\" decoding=\"async\" class=\"alignleft size-medium wp-image-961639\" src=\"https:\/\/www.eldigitaldeasturias.com\/noticias\/wp-content\/uploads\/2017\/11\/281117-Tejerina-360x239.jpg\" alt=\"\" width=\"360\" height=\"239\" \/>La ministra de Agricultura y Pesca, Alimentaci\u00f3n y Medio Ambiente, Isabel Garc\u00eda Tejerina, ha afirmado, en el Pleno del Senado, que el Gobierno lleva actuando desde el comienzo de la sequ\u00eda para minimizar el impacto de la falta de agua en toda Espa\u00f1a. Y seguir\u00e1 haci\u00e9ndolo, ha subrayado, hasta d\u00f3nde sea legal y f\u00edsicamente posible.<br \/>\nEn respuesta a la pregunta del grupo socialista sobre el riego de frutales en Almer\u00eda, la ministra ha recordado que el trasvase Negrat\u00edn-Almanzora, regulado por una Ley de 1999, permite llevar un m\u00e1ximo de 50hm3 al a\u00f1o de la cuenca de Guadalquivir a las Cuencas Mediterr\u00e1neas andaluzas, para regar 24.000 hect\u00e1reas. Una Ley que tambi\u00e9n fija como condici\u00f3n para el trasvase, que el volumen de agua en el embalse del Negrat\u00edn exceda de 210 hm3 y que el volumen embalsado en el Sistema de Regulaci\u00f3n General del Guadalquivir supere el 30%.<\/p>\n<p>Esta segunda condici\u00f3n, ha se\u00f1alado Garc\u00eda Tejerina, no se cumple a fecha 1 de noviembre, al encontrarse la cuenca del Guadalquivir en situaci\u00f3n de alerta y la Ley, ha apuntado la ministra, proh\u00edbe a la Comisi\u00f3n T\u00e9cnica del Trasvase autorizar nuevos trasvases hasta que se recupere la situaci\u00f3n en la cuenca cedente.<\/p>\n<p>Sin embargo, ha planteado que lo que s\u00ed cabe en el marco legal es que los regantes puedan llegar a acuerdos de cesi\u00f3n de derechos con otras comunidades, algo permitido en la normativa y que no es un trasvase, sino una cesi\u00f3n de agua por parte de usuarios que la tienen concedida. A este respecto ha recordado que ya se realiz\u00f3 un primer contrato de este tipo con la comunidad de regantes del Genil-Cabra por un volumen de 3 hm3.<\/p>\n<p>Regad\u00edo de bajo almanzora<br \/>\nEn relaci\u00f3n con los regantes de Bajo Almanzora, Garc\u00eda Tejerina ha explicado que reciben agua de la desaladora de Carboneras, cuya actividad este Gobierno ha incrementado hasta 7 hm3 para finales de este a\u00f1o.<\/p>\n<p>Tambi\u00e9n esperamos, ha se\u00f1alado la ministra, que los regantes puedan recibir en el futuro agua de la desaladora de Bajo Almanzora. Una desaladora, ha apuntado, que si hubiera sido construida en el margen derecha del Almanzora, donde se hab\u00eda proyectado inicialmente y d\u00f3nde recomendaban los t\u00e9cnicos, y no en una zona inundable con defensas insuficientes y un coste de 63 millones de euros, es m\u00e1s que posible que hubiera suministrado agua de calidad desde 2012. Una decisi\u00f3n, ha resaltado, que no adopt\u00f3 este Gobierno.<\/p>\n<p>Hace pocas semanas, ha indicado Garc\u00eda Tejerina, se ha considerado la no existencia de prejudicialidad penal en relaci\u00f3n con la desaladora, lo que permite plantear un proyecto de reconstrucci\u00f3n.<\/p>\n","protected":false},"excerpt":{"rendered":"<p>La ministra de Agricultura y Pesca, Alimentaci\u00f3n y Medio Ambiente, Isabel Garc\u00eda Tejerina, ha afirmado, en el Pleno del Senado, que el Gobierno lleva actuando desde el comienzo de la sequ\u00eda para minimizar el impacto de la falta de agua en toda Espa\u00f1a. Y seguir\u00e1 haci\u00e9ndolo, ha subrayado, hasta d\u00f3nde sea legal y f\u00edsicamente posible. [&hellip;]<\/p>\n","protected":false},"author":1,"featured_media":961639,"comment_status":"closed","ping_status":"closed","sticky":false,"template":"","format":"standard","meta":{"footnotes":""},"categories":[1],"tags":[],"class_list":["post-961638","post","type-post","status-publish","format-standard","has-post-thumbnail","hentry","category-actualidad"],"aioseo_notices":[],"aioseo_head":"\n\t\t<!-- All in One SEO Pro 5.0.1 - aioseo.com -->\n\t<meta name=\"description\" content=\"La ministra de Agricultura y Pesca, Alimentaci\u00f3n y Medio Ambiente, Isabel Garc\u00eda Tejerina, ha afirmado, en el Pleno del Senado, que el Gobierno lleva actuando desde el comienzo de la sequ\u00eda para minimizar el impacto de la falta de agua en toda Espa\u00f1a. Y seguir\u00e1 haci\u00e9ndolo, ha subrayado, hasta d\u00f3nde sea legal y f\u00edsicamente posible.\" \/>\n\t<meta name=\"robots\" content=\"max-image-preview:large\" \/>\n\t<meta name=\"author\" content=\"El Digital de Asturias\"\/>\n\t<meta name=\"google-site-verification\" content=\"UA-38556648-1\" \/>\n\t<meta name=\"msvalidate.01\" content=\"7dfe9f3f1b24437ab69f4f2559babe99\" \/>\n\t<meta name=\"keywords\" content=\"actualidad\" \/>\n\t<link rel=\"canonical\" href=\"https:\/\/www.eldigitaldeasturias.com\/noticias\/tejerina-el-gobierno-lleva-actuando-desde-el-comienzo-de-la-sequia-para-minimizar-el-impacto-de-la-falta-de-agua-en-espana\/\" \/>\n\t<meta name=\"generator\" content=\"All in One SEO Pro (AIOSEO) 5.0.1\" \/>\n\t\t<meta property=\"og:locale\" content=\"es_ES\" \/>\n\t\t<meta property=\"og:site_name\" content=\"El Digital de Asturias\" \/>\n\t\t<meta property=\"og:type\" content=\"article\" \/>\n\t\t<meta property=\"og:title\" content=\"Tejerina: \u00abEl Gobierno lleva actuando desde el comienzo de la sequ\u00eda para minimizar el impacto de la falta de agua en Espa\u00f1a\u00bb - El Digital de Asturias\" \/>\n\t\t<meta property=\"og:description\" content=\"La ministra de Agricultura y Pesca, Alimentaci\u00f3n y Medio Ambiente, Isabel Garc\u00eda Tejerina, ha afirmado, en el Pleno del Senado, que el Gobierno lleva actuando desde el comienzo de la sequ\u00eda para minimizar el impacto de la falta de agua en toda Espa\u00f1a. Y seguir\u00e1 haci\u00e9ndolo, ha subrayado, hasta d\u00f3nde sea legal y f\u00edsicamente posible.\" \/>\n\t\t<meta property=\"og:url\" content=\"https:\/\/www.eldigitaldeasturias.com\/noticias\/tejerina-el-gobierno-lleva-actuando-desde-el-comienzo-de-la-sequia-para-minimizar-el-impacto-de-la-falta-de-agua-en-espana\/\" \/>\n\t\t<meta property=\"article:tag\" content=\"actualidad\" \/>\n\t\t<meta property=\"article:published_time\" content=\"2017-11-28T21:19:59+00:00\" \/>\n\t\t<meta property=\"article:modified_time\" content=\"2017-11-28T21:19:59+00:00\" \/>\n\t\t<meta property=\"article:publisher\" content=\"https:\/\/facebook.com\/eldigitaldeasturias\" \/>\n\t\t<meta name=\"twitter:card\" content=\"summary_large_image\" \/>\n\t\t<meta name=\"twitter:title\" content=\"Tejerina: \u00abEl Gobierno lleva actuando desde el comienzo de la sequ\u00eda para minimizar el impacto de la falta de agua en Espa\u00f1a\u00bb - El Digital de Asturias\" \/>\n\t\t<meta name=\"twitter:description\" content=\"La ministra de Agricultura y Pesca, Alimentaci\u00f3n y Medio Ambiente, Isabel Garc\u00eda Tejerina, ha afirmado, en el Pleno del Senado, que el Gobierno lleva actuando desde el comienzo de la sequ\u00eda para minimizar el impacto de la falta de agua en toda Espa\u00f1a. Y seguir\u00e1 haci\u00e9ndolo, ha subrayado, hasta d\u00f3nde sea legal y f\u00edsicamente posible.\" \/>\n\t\t<meta name=\"twitter:image\" content=\"https:\/\/www.eldigitaldeasturias.com\/noticias\/wp-content\/uploads\/2020\/12\/EDA-1.jpg\" \/>\n\t\t<meta name=\"twitter:label1\" content=\"Escrito por\" \/>\n\t\t<meta name=\"twitter:data1\" content=\"El Digital de Asturias\" \/>\n\t\t<meta name=\"twitter:label2\" content=\"Tiempo de lectura estimado\" \/>\n\t\t<meta name=\"twitter:data2\" content=\"2 minutos\" \/>\n\t\t<script type=\"application\/ld+json\" class=\"aioseo-schema\">\n\t\t\t{\"@context\":\"https:\\\/\\\/schema.org\",\"@graph\":[{\"@type\":\"BlogPosting\",\"@id\":\"https:\\\/\\\/www.eldigitaldeasturias.com\\\/noticias\\\/tejerina-el-gobierno-lleva-actuando-desde-el-comienzo-de-la-sequia-para-minimizar-el-impacto-de-la-falta-de-agua-en-espana\\\/#blogposting\",\"name\":\"Tejerina: \\u00abEl Gobierno lleva actuando desde el comienzo de la sequ\\u00eda para minimizar el impacto de la falta de agua en Espa\\u00f1a\\u00bb - El Digital de Asturias\",\"headline\":\"Tejerina: \\u00abEl Gobierno lleva actuando desde el comienzo de la sequ\\u00eda para minimizar el impacto de la falta de agua en Espa\\u00f1a\\u00bb\",\"author\":{\"@id\":\"https:\\\/\\\/www.eldigitaldeasturias.com\\\/noticias\\\/author\\\/admin\\\/#author\"},\"publisher\":{\"@id\":\"https:\\\/\\\/www.eldigitaldeasturias.com\\\/noticias\\\/#organization\"},\"image\":{\"@type\":\"ImageObject\",\"url\":961639},\"datePublished\":\"2017-11-28T21:19:59+01:00\",\"dateModified\":\"2017-11-28T21:19:59+01:00\",\"inLanguage\":\"es-ES\",\"mainEntityOfPage\":{\"@id\":\"https:\\\/\\\/www.eldigitaldeasturias.com\\\/noticias\\\/tejerina-el-gobierno-lleva-actuando-desde-el-comienzo-de-la-sequia-para-minimizar-el-impacto-de-la-falta-de-agua-en-espana\\\/#webpage\"},\"isPartOf\":{\"@id\":\"https:\\\/\\\/www.eldigitaldeasturias.com\\\/noticias\\\/tejerina-el-gobierno-lleva-actuando-desde-el-comienzo-de-la-sequia-para-minimizar-el-impacto-de-la-falta-de-agua-en-espana\\\/#webpage\"},\"articleSection\":\"Actualidad\"},{\"@type\":\"BreadcrumbList\",\"@id\":\"https:\\\/\\\/www.eldigitaldeasturias.com\\\/noticias\\\/tejerina-el-gobierno-lleva-actuando-desde-el-comienzo-de-la-sequia-para-minimizar-el-impacto-de-la-falta-de-agua-en-espana\\\/#breadcrumblist\",\"itemListElement\":[{\"@type\":\"ListItem\",\"@id\":\"https:\\\/\\\/www.eldigitaldeasturias.com\\\/noticias#listItem\",\"position\":1,\"name\":\"Home\",\"item\":\"https:\\\/\\\/www.eldigitaldeasturias.com\\\/noticias\",\"nextItem\":{\"@type\":\"ListItem\",\"@id\":\"https:\\\/\\\/www.eldigitaldeasturias.com\\\/noticias\\\/category\\\/actualidad\\\/#listItem\",\"name\":\"Actualidad\"}},{\"@type\":\"ListItem\",\"@id\":\"https:\\\/\\\/www.eldigitaldeasturias.com\\\/noticias\\\/category\\\/actualidad\\\/#listItem\",\"position\":2,\"name\":\"Actualidad\",\"item\":\"https:\\\/\\\/www.eldigitaldeasturias.com\\\/noticias\\\/category\\\/actualidad\\\/\",\"nextItem\":{\"@type\":\"ListItem\",\"@id\":\"https:\\\/\\\/www.eldigitaldeasturias.com\\\/noticias\\\/tejerina-el-gobierno-lleva-actuando-desde-el-comienzo-de-la-sequia-para-minimizar-el-impacto-de-la-falta-de-agua-en-espana\\\/#listItem\",\"name\":\"Tejerina: \\u00abEl Gobierno lleva actuando desde el comienzo de la sequ\\u00eda para minimizar el impacto de la falta de agua en Espa\\u00f1a\\u00bb\"},\"previousItem\":{\"@type\":\"ListItem\",\"@id\":\"https:\\\/\\\/www.eldigitaldeasturias.com\\\/noticias#listItem\",\"name\":\"Home\"}},{\"@type\":\"ListItem\",\"@id\":\"https:\\\/\\\/www.eldigitaldeasturias.com\\\/noticias\\\/tejerina-el-gobierno-lleva-actuando-desde-el-comienzo-de-la-sequia-para-minimizar-el-impacto-de-la-falta-de-agua-en-espana\\\/#listItem\",\"position\":3,\"name\":\"Tejerina: \\u00abEl Gobierno lleva actuando desde el comienzo de la sequ\\u00eda para minimizar el impacto de la falta de agua en Espa\\u00f1a\\u00bb\",\"previousItem\":{\"@type\":\"ListItem\",\"@id\":\"https:\\\/\\\/www.eldigitaldeasturias.com\\\/noticias\\\/category\\\/actualidad\\\/#listItem\",\"name\":\"Actualidad\"}}]},{\"@type\":\"Organization\",\"@id\":\"https:\\\/\\\/www.eldigitaldeasturias.com\\\/noticias\\\/#organization\",\"name\":\"El Digital de Asturias\",\"description\":\"Hemeroteca\",\"url\":\"https:\\\/\\\/www.eldigitaldeasturias.com\\\/noticias\\\/\",\"email\":\"info@eldigitaldeasturias.com\",\"telephone\":\"+34652131393\",\"logo\":{\"@type\":\"ImageObject\",\"url\":\"https:\\\/\\\/www.eldigitaldeasturias.com\\\/noticias\\\/wp-content\\\/uploads\\\/2020\\\/12\\\/EDA.jpg\",\"@id\":\"https:\\\/\\\/www.eldigitaldeasturias.com\\\/noticias\\\/tejerina-el-gobierno-lleva-actuando-desde-el-comienzo-de-la-sequia-para-minimizar-el-impacto-de-la-falta-de-agua-en-espana\\\/#organizationLogo\"},\"image\":{\"@id\":\"https:\\\/\\\/www.eldigitaldeasturias.com\\\/noticias\\\/tejerina-el-gobierno-lleva-actuando-desde-el-comienzo-de-la-sequia-para-minimizar-el-impacto-de-la-falta-de-agua-en-espana\\\/#organizationLogo\"},\"sameAs\":[\"https:\\\/\\\/facebook.com\\\/eldigitaldeasturias\",\"https:\\\/\\\/www.youtube.com\\\/channel\\\/UCZP-2wLEB9Rv6erhFmqVnvg\"],\"address\":{\"@id\":\"https:\\\/\\\/www.eldigitaldeasturias.com\\\/noticias\\\/#postaladdress\",\"@type\":\"PostalAddress\",\"streetAddress\":\"san antonio 4\",\"postalCode\":\"33430\",\"addressLocality\":\"Cand\\u00e1s\",\"addressRegion\":\"Asturias\",\"addressCountry\":\"ES\"}},{\"@type\":\"Person\",\"@id\":\"https:\\\/\\\/www.eldigitaldeasturias.com\\\/noticias\\\/author\\\/admin\\\/#author\",\"url\":\"https:\\\/\\\/www.eldigitaldeasturias.com\\\/noticias\\\/author\\\/admin\\\/\",\"name\":\"El Digital de Asturias\",\"image\":{\"@type\":\"ImageObject\",\"@id\":\"https:\\\/\\\/www.eldigitaldeasturias.com\\\/noticias\\\/tejerina-el-gobierno-lleva-actuando-desde-el-comienzo-de-la-sequia-para-minimizar-el-impacto-de-la-falta-de-agua-en-espana\\\/#authorImage\",\"url\":\"https:\\\/\\\/secure.gravatar.com\\\/avatar\\\/df2aeffc32bcd13f8d26072ef8a91b623d677766deac7f97ca815868cd41bf5e?s=96&d=mm&r=g\",\"width\":96,\"height\":96,\"caption\":\"El Digital de Asturias\"}},{\"@type\":\"WebPage\",\"@id\":\"https:\\\/\\\/www.eldigitaldeasturias.com\\\/noticias\\\/tejerina-el-gobierno-lleva-actuando-desde-el-comienzo-de-la-sequia-para-minimizar-el-impacto-de-la-falta-de-agua-en-espana\\\/#webpage\",\"url\":\"https:\\\/\\\/www.eldigitaldeasturias.com\\\/noticias\\\/tejerina-el-gobierno-lleva-actuando-desde-el-comienzo-de-la-sequia-para-minimizar-el-impacto-de-la-falta-de-agua-en-espana\\\/\",\"name\":\"Tejerina: \\u00abEl Gobierno lleva actuando desde el comienzo de la sequ\\u00eda para minimizar el impacto de la falta de agua en Espa\\u00f1a\\u00bb - El Digital de Asturias\",\"description\":\"La ministra de Agricultura y Pesca, Alimentaci\\u00f3n y Medio Ambiente, Isabel Garc\\u00eda Tejerina, ha afirmado, en el Pleno del Senado, que el Gobierno lleva actuando desde el comienzo de la sequ\\u00eda para minimizar el impacto de la falta de agua en toda Espa\\u00f1a. Y seguir\\u00e1 haci\\u00e9ndolo, ha subrayado, hasta d\\u00f3nde sea legal y f\\u00edsicamente posible.\",\"inLanguage\":\"es-ES\",\"isPartOf\":{\"@id\":\"https:\\\/\\\/www.eldigitaldeasturias.com\\\/noticias\\\/#website\"},\"breadcrumb\":{\"@id\":\"https:\\\/\\\/www.eldigitaldeasturias.com\\\/noticias\\\/tejerina-el-gobierno-lleva-actuando-desde-el-comienzo-de-la-sequia-para-minimizar-el-impacto-de-la-falta-de-agua-en-espana\\\/#breadcrumblist\"},\"author\":{\"@id\":\"https:\\\/\\\/www.eldigitaldeasturias.com\\\/noticias\\\/author\\\/admin\\\/#author\"},\"creator\":{\"@id\":\"https:\\\/\\\/www.eldigitaldeasturias.com\\\/noticias\\\/author\\\/admin\\\/#author\"},\"image\":{\"@type\":\"ImageObject\",\"url\":961639,\"@id\":\"https:\\\/\\\/www.eldigitaldeasturias.com\\\/noticias\\\/tejerina-el-gobierno-lleva-actuando-desde-el-comienzo-de-la-sequia-para-minimizar-el-impacto-de-la-falta-de-agua-en-espana\\\/#mainImage\"},\"primaryImageOfPage\":{\"@id\":\"https:\\\/\\\/www.eldigitaldeasturias.com\\\/noticias\\\/tejerina-el-gobierno-lleva-actuando-desde-el-comienzo-de-la-sequia-para-minimizar-el-impacto-de-la-falta-de-agua-en-espana\\\/#mainImage\"},\"datePublished\":\"2017-11-28T21:19:59+01:00\",\"dateModified\":\"2017-11-28T21:19:59+01:00\"},{\"@type\":\"WebSite\",\"@id\":\"https:\\\/\\\/www.eldigitaldeasturias.com\\\/noticias\\\/#website\",\"url\":\"https:\\\/\\\/www.eldigitaldeasturias.com\\\/noticias\\\/\",\"name\":\"El Digital de Asturias - Diario de actualidad y noticias\",\"alternateName\":\"El Digital de Asturias - Diario de actualidad y noticias\",\"description\":\"Hemeroteca\",\"inLanguage\":\"es-ES\",\"publisher\":{\"@id\":\"https:\\\/\\\/www.eldigitaldeasturias.com\\\/noticias\\\/#organization\"}}]}\n\t\t<\/script>\n\t\t<!-- All in One SEO Pro -->\r\n\t\t<title>Tejerina: \u00abEl Gobierno lleva actuando desde el comienzo de la sequ\u00eda para minimizar el impacto de la falta de agua en Espa\u00f1a\u00bb - El Digital de Asturias<\/title>\n\n","aioseo_head_json":{"title":"Tejerina: \u00abEl Gobierno lleva actuando desde el comienzo de la sequ\u00eda para minimizar el impacto de la falta de agua en Espa\u00f1a\u00bb - El Digital de Asturias","description":"La ministra de Agricultura y Pesca, Alimentaci\u00f3n y Medio Ambiente, Isabel Garc\u00eda Tejerina, ha afirmado, en el Pleno del Senado, que el Gobierno lleva actuando desde el comienzo de la sequ\u00eda para minimizar el impacto de la falta de agua en toda Espa\u00f1a. Y seguir\u00e1 haci\u00e9ndolo, ha subrayado, hasta d\u00f3nde sea legal y f\u00edsicamente posible.","canonical_url":"https:\/\/www.eldigitaldeasturias.com\/noticias\/tejerina-el-gobierno-lleva-actuando-desde-el-comienzo-de-la-sequia-para-minimizar-el-impacto-de-la-falta-de-agua-en-espana\/","robots":"max-image-preview:large","keywords":"actualidad","webmasterTools":{"google-site-verification":"UA-38556648-1","msvalidate.01":"7dfe9f3f1b24437ab69f4f2559babe99","miscellaneous":""},"schema":{"@context":"https:\/\/schema.org","@graph":[{"@type":"BlogPosting","@id":"https:\/\/www.eldigitaldeasturias.com\/noticias\/tejerina-el-gobierno-lleva-actuando-desde-el-comienzo-de-la-sequia-para-minimizar-el-impacto-de-la-falta-de-agua-en-espana\/#blogposting","name":"Tejerina: \u00abEl Gobierno lleva actuando desde el comienzo de la sequ\u00eda para minimizar el impacto de la falta de agua en Espa\u00f1a\u00bb - El Digital de Asturias","headline":"Tejerina: \u00abEl Gobierno lleva actuando desde el comienzo de la sequ\u00eda para minimizar el impacto de la falta de agua en Espa\u00f1a\u00bb","author":{"@id":"https:\/\/www.eldigitaldeasturias.com\/noticias\/author\/admin\/#author"},"publisher":{"@id":"https:\/\/www.eldigitaldeasturias.com\/noticias\/#organization"},"image":{"@type":"ImageObject","url":961639},"datePublished":"2017-11-28T21:19:59+01:00","dateModified":"2017-11-28T21:19:59+01:00","inLanguage":"es-ES","mainEntityOfPage":{"@id":"https:\/\/www.eldigitaldeasturias.com\/noticias\/tejerina-el-gobierno-lleva-actuando-desde-el-comienzo-de-la-sequia-para-minimizar-el-impacto-de-la-falta-de-agua-en-espana\/#webpage"},"isPartOf":{"@id":"https:\/\/www.eldigitaldeasturias.com\/noticias\/tejerina-el-gobierno-lleva-actuando-desde-el-comienzo-de-la-sequia-para-minimizar-el-impacto-de-la-falta-de-agua-en-espana\/#webpage"},"articleSection":"Actualidad"},{"@type":"BreadcrumbList","@id":"https:\/\/www.eldigitaldeasturias.com\/noticias\/tejerina-el-gobierno-lleva-actuando-desde-el-comienzo-de-la-sequia-para-minimizar-el-impacto-de-la-falta-de-agua-en-espana\/#breadcrumblist","itemListElement":[{"@type":"ListItem","@id":"https:\/\/www.eldigitaldeasturias.com\/noticias#listItem","position":1,"name":"Home","item":"https:\/\/www.eldigitaldeasturias.com\/noticias","nextItem":{"@type":"ListItem","@id":"https:\/\/www.eldigitaldeasturias.com\/noticias\/category\/actualidad\/#listItem","name":"Actualidad"}},{"@type":"ListItem","@id":"https:\/\/www.eldigitaldeasturias.com\/noticias\/category\/actualidad\/#listItem","position":2,"name":"Actualidad","item":"https:\/\/www.eldigitaldeasturias.com\/noticias\/category\/actualidad\/","nextItem":{"@type":"ListItem","@id":"https:\/\/www.eldigitaldeasturias.com\/noticias\/tejerina-el-gobierno-lleva-actuando-desde-el-comienzo-de-la-sequia-para-minimizar-el-impacto-de-la-falta-de-agua-en-espana\/#listItem","name":"Tejerina: \u00abEl Gobierno lleva actuando desde el comienzo de la sequ\u00eda para minimizar el impacto de la falta de agua en Espa\u00f1a\u00bb"},"previousItem":{"@type":"ListItem","@id":"https:\/\/www.eldigitaldeasturias.com\/noticias#listItem","name":"Home"}},{"@type":"ListItem","@id":"https:\/\/www.eldigitaldeasturias.com\/noticias\/tejerina-el-gobierno-lleva-actuando-desde-el-comienzo-de-la-sequia-para-minimizar-el-impacto-de-la-falta-de-agua-en-espana\/#listItem","position":3,"name":"Tejerina: \u00abEl Gobierno lleva actuando desde el comienzo de la sequ\u00eda para minimizar el impacto de la falta de agua en Espa\u00f1a\u00bb","previousItem":{"@type":"ListItem","@id":"https:\/\/www.eldigitaldeasturias.com\/noticias\/category\/actualidad\/#listItem","name":"Actualidad"}}]},{"@type":"Organization","@id":"https:\/\/www.eldigitaldeasturias.com\/noticias\/#organization","name":"El Digital de Asturias","description":"Hemeroteca","url":"https:\/\/www.eldigitaldeasturias.com\/noticias\/","email":"info@eldigitaldeasturias.com","telephone":"+34652131393","logo":{"@type":"ImageObject","url":"https:\/\/www.eldigitaldeasturias.com\/noticias\/wp-content\/uploads\/2020\/12\/EDA.jpg","@id":"https:\/\/www.eldigitaldeasturias.com\/noticias\/tejerina-el-gobierno-lleva-actuando-desde-el-comienzo-de-la-sequia-para-minimizar-el-impacto-de-la-falta-de-agua-en-espana\/#organizationLogo"},"image":{"@id":"https:\/\/www.eldigitaldeasturias.com\/noticias\/tejerina-el-gobierno-lleva-actuando-desde-el-comienzo-de-la-sequia-para-minimizar-el-impacto-de-la-falta-de-agua-en-espana\/#organizationLogo"},"sameAs":["https:\/\/facebook.com\/eldigitaldeasturias","https:\/\/www.youtube.com\/channel\/UCZP-2wLEB9Rv6erhFmqVnvg"],"address":{"@id":"https:\/\/www.eldigitaldeasturias.com\/noticias\/#postaladdress","@type":"PostalAddress","streetAddress":"san antonio 4","postalCode":"33430","addressLocality":"Cand\u00e1s","addressRegion":"Asturias","addressCountry":"ES"}},{"@type":"Person","@id":"https:\/\/www.eldigitaldeasturias.com\/noticias\/author\/admin\/#author","url":"https:\/\/www.eldigitaldeasturias.com\/noticias\/author\/admin\/","name":"El Digital de Asturias","image":{"@type":"ImageObject","@id":"https:\/\/www.eldigitaldeasturias.com\/noticias\/tejerina-el-gobierno-lleva-actuando-desde-el-comienzo-de-la-sequia-para-minimizar-el-impacto-de-la-falta-de-agua-en-espana\/#authorImage","url":"https:\/\/secure.gravatar.com\/avatar\/df2aeffc32bcd13f8d26072ef8a91b623d677766deac7f97ca815868cd41bf5e?s=96&d=mm&r=g","width":96,"height":96,"caption":"El Digital de Asturias"}},{"@type":"WebPage","@id":"https:\/\/www.eldigitaldeasturias.com\/noticias\/tejerina-el-gobierno-lleva-actuando-desde-el-comienzo-de-la-sequia-para-minimizar-el-impacto-de-la-falta-de-agua-en-espana\/#webpage","url":"https:\/\/www.eldigitaldeasturias.com\/noticias\/tejerina-el-gobierno-lleva-actuando-desde-el-comienzo-de-la-sequia-para-minimizar-el-impacto-de-la-falta-de-agua-en-espana\/","name":"Tejerina: \u00abEl Gobierno lleva actuando desde el comienzo de la sequ\u00eda para minimizar el impacto de la falta de agua en Espa\u00f1a\u00bb - El Digital de Asturias","description":"La ministra de Agricultura y Pesca, Alimentaci\u00f3n y Medio Ambiente, Isabel Garc\u00eda Tejerina, ha afirmado, en el Pleno del Senado, que el Gobierno lleva actuando desde el comienzo de la sequ\u00eda para minimizar el impacto de la falta de agua en toda Espa\u00f1a. Y seguir\u00e1 haci\u00e9ndolo, ha subrayado, hasta d\u00f3nde sea legal y f\u00edsicamente posible.","inLanguage":"es-ES","isPartOf":{"@id":"https:\/\/www.eldigitaldeasturias.com\/noticias\/#website"},"breadcrumb":{"@id":"https:\/\/www.eldigitaldeasturias.com\/noticias\/tejerina-el-gobierno-lleva-actuando-desde-el-comienzo-de-la-sequia-para-minimizar-el-impacto-de-la-falta-de-agua-en-espana\/#breadcrumblist"},"author":{"@id":"https:\/\/www.eldigitaldeasturias.com\/noticias\/author\/admin\/#author"},"creator":{"@id":"https:\/\/www.eldigitaldeasturias.com\/noticias\/author\/admin\/#author"},"image":{"@type":"ImageObject","url":961639,"@id":"https:\/\/www.eldigitaldeasturias.com\/noticias\/tejerina-el-gobierno-lleva-actuando-desde-el-comienzo-de-la-sequia-para-minimizar-el-impacto-de-la-falta-de-agua-en-espana\/#mainImage"},"primaryImageOfPage":{"@id":"https:\/\/www.eldigitaldeasturias.com\/noticias\/tejerina-el-gobierno-lleva-actuando-desde-el-comienzo-de-la-sequia-para-minimizar-el-impacto-de-la-falta-de-agua-en-espana\/#mainImage"},"datePublished":"2017-11-28T21:19:59+01:00","dateModified":"2017-11-28T21:19:59+01:00"},{"@type":"WebSite","@id":"https:\/\/www.eldigitaldeasturias.com\/noticias\/#website","url":"https:\/\/www.eldigitaldeasturias.com\/noticias\/","name":"El Digital de Asturias - Diario de actualidad y noticias","alternateName":"El Digital de Asturias - Diario de actualidad y noticias","description":"Hemeroteca","inLanguage":"es-ES","publisher":{"@id":"https:\/\/www.eldigitaldeasturias.com\/noticias\/#organization"}}]},"og:locale":"es_ES","og:site_name":"El Digital de Asturias","og:type":"article","og:title":"Tejerina: \u00abEl Gobierno lleva actuando desde el comienzo de la sequ\u00eda para minimizar el impacto de la falta de agua en Espa\u00f1a\u00bb - El Digital de Asturias","og:description":"La ministra de Agricultura y Pesca, Alimentaci\u00f3n y Medio Ambiente, Isabel Garc\u00eda Tejerina, ha afirmado, en el Pleno del Senado, que el Gobierno lleva actuando desde el comienzo de la sequ\u00eda para minimizar el impacto de la falta de agua en toda Espa\u00f1a. Y seguir\u00e1 haci\u00e9ndolo, ha subrayado, hasta d\u00f3nde sea legal y f\u00edsicamente posible.","og:url":"https:\/\/www.eldigitaldeasturias.com\/noticias\/tejerina-el-gobierno-lleva-actuando-desde-el-comienzo-de-la-sequia-para-minimizar-el-impacto-de-la-falta-de-agua-en-espana\/","article:tag":["actualidad"],"article:published_time":"2017-11-28T21:19:59+00:00","article:modified_time":"2017-11-28T21:19:59+00:00","article:publisher":"https:\/\/facebook.com\/eldigitaldeasturias","twitter:card":"summary_large_image","twitter:title":"Tejerina: \u00abEl Gobierno lleva actuando desde el comienzo de la sequ\u00eda para minimizar el impacto de la falta de agua en Espa\u00f1a\u00bb - El Digital de Asturias","twitter:description":"La ministra de Agricultura y Pesca, Alimentaci\u00f3n y Medio Ambiente, Isabel Garc\u00eda Tejerina, ha afirmado, en el Pleno del Senado, que el Gobierno lleva actuando desde el comienzo de la sequ\u00eda para minimizar el impacto de la falta de agua en toda Espa\u00f1a. Y seguir\u00e1 haci\u00e9ndolo, ha subrayado, hasta d\u00f3nde sea legal y f\u00edsicamente posible.","twitter:image":"https:\/\/www.eldigitaldeasturias.com\/noticias\/wp-content\/uploads\/2020\/12\/EDA-1.jpg","twitter:label1":"Escrito por","twitter:data1":"El Digital de Asturias","twitter:label2":"Tiempo de lectura estimado","twitter:data2":"2 minutos"},"aioseo_meta_data":{"post_id":"961638","title":null,"description":null,"keywords":null,"keyphrases":null,"primary_term":null,"canonical_url":null,"og_title":null,"og_description":null,"og_object_type":"default","og_image_type":"default","og_image_url":null,"og_image_width":null,"og_image_height":null,"og_image_custom_url":null,"og_image_custom_fields":null,"og_video":null,"og_custom_url":null,"og_article_section":null,"og_article_tags":null,"twitter_use_og":false,"twitter_card":"default","twitter_image_type":"default","twitter_image_url":null,"twitter_image_custom_url":null,"twitter_image_custom_fields":null,"twitter_title":null,"twitter_description":null,"schema":{"blockGraphs":[],"customGraphs":[],"default":{"data":{"Article":[],"Course":[],"Dataset":[],"FAQPage":[],"Movie":[],"Person":[],"Product":[],"ProductReview":[],"Car":[],"Recipe":[],"Service":[],"SoftwareApplication":[],"WebPage":[]},"graphName":"","isEnabled":true},"graphs":[],"defaultGraph":"","defaultPostTypeGraph":""},"schema_type":null,"schema_type_options":null,"pillar_content":false,"robots_default":true,"robots_noindex":false,"robots_noarchive":false,"robots_nosnippet":false,"robots_nofollow":false,"robots_noimageindex":false,"robots_noodp":false,"robots_notranslate":false,"robots_max_snippet":null,"robots_max_videopreview":null,"robots_max_imagepreview":"large","priority":null,"frequency":null,"local_seo":null,"seo_analyzer_scan_date":"2025-12-07 09:36:07","breadcrumb_settings":null,"limit_modified_date":false,"open_ai":null,"ai":null,"created":"2020-12-21 12:48:36","updated":"2025-12-07 09:36:07","focus_keyword":null,"additional_keywords":null,"truseo_locale":null},"aioseo_breadcrumb":"<div class=\"aioseo-breadcrumbs\"><span class=\"aioseo-breadcrumb\">\n\t<a href=\"https:\/\/www.eldigitaldeasturias.com\/noticias\" title=\"Home\">Home<\/a>\n<\/span><span class=\"aioseo-breadcrumb-separator\">\u2013<\/span><span class=\"aioseo-breadcrumb\">\n\t<a href=\"https:\/\/www.eldigitaldeasturias.com\/noticias\/category\/actualidad\/\" title=\"Actualidad\">Actualidad<\/a>\n<\/span><span class=\"aioseo-breadcrumb-separator\">\u2013<\/span><span class=\"aioseo-breadcrumb\">\n\t<a href=\"https:\/\/www.eldigitaldeasturias.com\/noticias\/tejerina-el-gobierno-lleva-actuando-desde-el-comienzo-de-la-sequia-para-minimizar-el-impacto-de-la-falta-de-agua-en-espana\/\" title=\"Tejerina: \u00abEl Gobierno lleva actuando desde el comienzo de la sequ\u00eda para minimizar el impacto de la falta de agua en Espa\u00f1a\u00bb\">Tejerina: \u00abEl Gobierno lleva actuando desde el comienzo de la sequ\u00eda para minimizar el impacto de la falta de agua en Espa\u00f1a\u00bb<\/a>\n<\/span><\/div>","aioseo_breadcrumb_json":[{"label":"Home","link":"https:\/\/www.eldigitaldeasturias.com\/noticias"},{"label":"Actualidad","link":"https:\/\/www.eldigitaldeasturias.com\/noticias\/category\/actualidad\/"},{"label":"Tejerina: \u00abEl Gobierno lleva actuando desde el comienzo de la sequ\u00eda para minimizar el impacto de la falta de agua en Espa\u00f1a\u00bb","link":"https:\/\/www.eldigitaldeasturias.com\/noticias\/tejerina-el-gobierno-lleva-actuando-desde-el-comienzo-de-la-sequia-para-minimizar-el-impacto-de-la-falta-de-agua-en-espana\/"}],"_links":{"self":[{"href":"https:\/\/www.eldigitaldeasturias.com\/noticias\/wp-json\/wp\/v2\/posts\/961638","targetHints":{"allow":["GET"]}}],"collection":[{"href":"https:\/\/www.eldigitaldeasturias.com\/noticias\/wp-json\/wp\/v2\/posts"}],"about":[{"href":"https:\/\/www.eldigitaldeasturias.com\/noticias\/wp-json\/wp\/v2\/types\/post"}],"author":[{"embeddable":true,"href":"https:\/\/www.eldigitaldeasturias.com\/noticias\/wp-json\/wp\/v2\/users\/1"}],"replies":[{"embeddable":true,"href":"https:\/\/www.eldigitaldeasturias.com\/noticias\/wp-json\/wp\/v2\/comments?post=961638"}],"version-history":[{"count":0,"href":"https:\/\/www.eldigitaldeasturias.com\/noticias\/wp-json\/wp\/v2\/posts\/961638\/revisions"}],"wp:attachment":[{"href":"https:\/\/www.eldigitaldeasturias.com\/noticias\/wp-json\/wp\/v2\/media?parent=961638"}],"wp:term":[{"taxonomy":"category","embeddable":true,"href":"https:\/\/www.eldigitaldeasturias.com\/noticias\/wp-json\/wp\/v2\/categories?post=961638"},{"taxonomy":"post_tag","embeddable":true,"href":"https:\/\/www.eldigitaldeasturias.com\/noticias\/wp-json\/wp\/v2\/tags?post=961638"}],"curies":[{"name":"wp","href":"https:\/\/api.w.org\/{rel}","templated":true}]}}