{"id":961618,"date":"2017-11-28T18:54:36","date_gmt":"2017-11-28T18:54:36","guid":{"rendered":"http:\/\/www.eldigitaldeasturias.com\/noticias\/?p=961618"},"modified":"2017-11-28T18:54:36","modified_gmt":"2017-11-28T18:54:36","slug":"fomento-tomara-medidas-para-mejor-la-situacion-en-el-sector-del-taxi","status":"publish","type":"post","link":"https:\/\/www.eldigitaldeasturias.com\/noticias\/fomento-tomara-medidas-para-mejor-la-situacion-en-el-sector-del-taxi\/","title":{"rendered":"Fomento tomar\u00e1 medidas para mejor la situaci\u00f3n en el sector del taxi"},"content":{"rendered":"<p><img loading=\"lazy\" decoding=\"async\" class=\"alignleft size-medium wp-image-803408\" src=\"https:\/\/www.eldigitaldeasturias.com\/noticias\/wp-content\/uploads\/2015\/08\/taxi-360x228.jpg\" alt=\"\" width=\"360\" height=\"228\" srcset=\"https:\/\/www.eldigitaldeasturias.com\/noticias\/wp-content\/uploads\/2015\/08\/taxi-360x228.jpg 360w, https:\/\/www.eldigitaldeasturias.com\/noticias\/wp-content\/uploads\/2015\/08\/taxi-768x487.jpg 768w, https:\/\/www.eldigitaldeasturias.com\/noticias\/wp-content\/uploads\/2015\/08\/taxi-650x412.jpg 650w, https:\/\/www.eldigitaldeasturias.com\/noticias\/wp-content\/uploads\/2015\/08\/taxi-269x170.jpg 269w, https:\/\/www.eldigitaldeasturias.com\/noticias\/wp-content\/uploads\/2015\/08\/taxi.jpg 800w\" sizes=\"auto, (max-width: 360px) 100vw, 360px\" \/>El Ministerio de Fomento ultima el desarrollo de una serie de medidas urgentes destinadas a mejorar la situaci\u00f3n en el sector del taxi y en el del alquiler de veh\u00edculos con conductor (VTC).<\/p>\n<p>Para mejorar la situaci\u00f3n en el sector del taxi, asegurar su convivencia ordenada con el del alquiler de veh\u00edculos con conductor y analizar el impacto de las recientes sentencias judiciales que est\u00e1n otorgando nuevas autorizaciones VTC aunque se est\u00e9 superando el ratio del 1\/30, Fomento ha mantenido diversas reuniones con el sector para abordar estas medidas y reitera su voluntad de di\u00e1logo.<\/p>\n<p><strong>Competencias en el sector del taxi y de VTC<\/strong><\/p>\n<p>La regulaci\u00f3n del sector del taxi y la gesti\u00f3n y otorgamiento de las licencias es competencia de los ayuntamientos quienes, junto con las comunidades aut\u00f3nomas, aprueban las tarifas y el n\u00famero de licencias. A estos tambi\u00e9n corresponde la inspecci\u00f3n de los servicios del taxi.<\/p>\n<p>Por su parte, el Ministerio de Fomento no tiene competencias en la regulaci\u00f3n del sector ni en el otorgamiento de las licencias.<br \/>\nPor lo que respecta al arrendamiento de veh\u00edculos con conductor (VTC), la regulaci\u00f3n de este sector y su desarrollo normativo es competencia del Ministerio de Fomento.<\/p>\n<p>La gesti\u00f3n de las autorizaciones y su otorgamiento es responsabilidad de las comunidades aut\u00f3nomas por delegaci\u00f3n del Estado y a estas tambi\u00e9n corresponde la inspecci\u00f3n de estos servicios.<\/p>\n<p><strong>Ley \u00d3mnibus<\/strong><\/p>\n<p>Las recientes sentencias que otorgan nuevas licencias de VTC son consecuencia del vac\u00edo legal que se produjo tras la aprobaci\u00f3n en 2009 de la Ley \u00d3mnibus. El actual Gobierno ha resuelto este vac\u00edo con la aprobaci\u00f3n de la modificaci\u00f3n de la LOTT en 2013 y con su Reglamento de desarrollo en 2015.<\/p>\n<p>Las autorizaciones de licencias VTC obtenidas por sentencia corresponden a recursos presentados entre 2009 y 2013 y, en menor medida, hasta la fecha de aprobaci\u00f3n definitiva del reglamento de desarrollo de la Ley. Gracias a la nueva regulaci\u00f3n del a\u00f1o 2013 en materia de arrendamiento de veh\u00edculos con conductor, se solucion\u00f3 el problema de la inseguridad jur\u00eddica, evitando que prosperen los recursos para obtener licencias por la v\u00eda judicial presentados a partir de entonces.<\/p>\n<p>Tras la nueva regulaci\u00f3n en el sector se restableci\u00f3 la proporci\u00f3n concreta de 1 autorizaci\u00f3n de VTC frente a 30 licencias de taxi. Por tanto, las administraciones auton\u00f3micas no han otorgado autorizaciones cuando se ha llegado al l\u00edmite del criterio del 1\/30.Personaci\u00f3n en los procedimientos judiciales<\/p>\n<p>La Administraci\u00f3n General del Estado se ha personado en los procedimientos judiciales activos relativos al vac\u00edo legal creado por la Ley \u00d3mnibus con el objetivo de evitar la concesi\u00f3n de nuevas licencias VTC por esta v\u00eda, y defender\u00e1 el actual marco normativo ante el contencioso abierto por la CNMC con objeto de mantener la prohibici\u00f3n de concesi\u00f3n de nuevas autorizaciones de VTC por estar superado el l\u00edmite del 1\/30.<\/p>\n<p><strong>Nuevo Real Decreto<\/strong><\/p>\n<p>El Ministerio de Fomento trabaja en un proyecto de Real Decreto para garantizar un convivencia ordenada y equilibrada entre ambos sectores que en estos momentos se encuentra pendiente del dictamen del Consejo de Estado y que se elevar\u00e1 pr\u00f3ximamente al Consejo de Ministros.<\/p>\n<p>Este nuevo Real Decreto est\u00e1 orientado a mejorar la situaci\u00f3n en el sector del taxi y en el del alquiler de veh\u00edculos con conductor dada la relevancia que para la movilidad ciudadana tiene el transporte p\u00fablico de viajeros.<\/p>\n<p>Asimismo, impedir\u00e1 las pr\u00e1cticas especulativas de aquellos que han solicitado licencias de VTC con objeto de lucrarse con su inmediata reventa. De esta forma, se impedir\u00e1 la transmisi\u00f3n de autorizaciones hasta pasados 2 a\u00f1os desde su otorgamiento.<\/p>\n<p>La norma tambi\u00e9n contemplar\u00e1 la creaci\u00f3n de un registro \u00fanico a nivel estatal en el que deber\u00e1n registrarse los servicios de VTC de manera previa a su prestaci\u00f3n.<\/p>\n<p>Con ello, se pretende garantizar la exigencia del requisito de contrataci\u00f3n previa que rige para este tipo de veh\u00edculos, evitando que los mismos capten viajeros circulando por las v\u00edas p\u00fablicas o mientras est\u00e1n estacionados en los sitios de concentraci\u00f3n y generaci\u00f3n de demanda, como son los puertos, los aeropuertos o las estaciones ferroviarias.<\/p>\n<p>De esta manera, tambi\u00e9n se podr\u00e1 realizar un control mucho m\u00e1s eficaz del cumplimiento de la norma de habitualidad, por la que se permite a una autorizaci\u00f3n de VTC realizar hasta un m\u00e1ximo del 20% de los servicios, computado trimestralmente, fuera del territorio de la comunidad aut\u00f3noma que le otorg\u00f3 dicha autorizaci\u00f3n.<\/p>\n<p>As\u00ed, se controlar\u00e1 de una forma m\u00e1s \u00e1gil la obligaci\u00f3n de realizar de manera habitual, en un 80%, los servicios de VTC en el territorio de la comunidad aut\u00f3noma que otorg\u00f3 la autorizaci\u00f3n.<\/p>\n<p>Esta normativa tambi\u00e9n reforzar\u00e1 el cumplimiento de los actuales requisitos de las autorizaciones de VTC, con el objetivo de impedir que pueda interpretarse que no sea necesario su cumplimiento en casos en los que el derecho a obtener dichas autorizaciones se haya adquirido mediante sentencia judicial y no tras la tramitaci\u00f3n del correspondiente procedimiento administrativo.<\/p>\n<p><strong>Refuerzo de la inspecci\u00f3n<\/strong><\/p>\n<p>La inspecci\u00f3n y control de los servicios de VTC seguir\u00e1 siendo un objetivo primordial dentro del Plan Nacional de Inspecci\u00f3n del Transporte por Carretera del 2018, acordado con las comunidades aut\u00f3nomas.<\/p>\n<p>Adem\u00e1s, se reforzar\u00e1 la lucha contra el fraude e intrusismo en la prestaci\u00f3n de este tipo de servicios, impulsando el control del cumplimiento de los requisitos para ejercer la actividad e incidiendo en los nuevos operadores que obtengan las autorizaciones por la v\u00eda de la sentencia judicial.<\/p>\n<p>El Ministerio de Fomento va a seguir impulsando que se produzca un equilibrio ordenado entre la actividad de ambos sectores e insta de nuevo a todas las administraciones a que colaboren, cada una dentro de su marco competencial, a garantizar el cumplimiento de la ley vigente y a reforzar las inspecciones.<\/p>\n<p>&nbsp;<\/p>\n","protected":false},"excerpt":{"rendered":"<p>El Ministerio de Fomento ultima el desarrollo de una serie de medidas urgentes destinadas a mejorar la situaci\u00f3n en el sector del taxi y en el del alquiler de veh\u00edculos con conductor (VTC). Para mejorar la situaci\u00f3n en el sector del taxi, asegurar su convivencia ordenada con el del alquiler de veh\u00edculos con conductor y [&hellip;]<\/p>\n","protected":false},"author":1,"featured_media":803408,"comment_status":"closed","ping_status":"closed","sticky":false,"template":"","format":"standard","meta":{"footnotes":""},"categories":[187],"tags":[],"class_list":["post-961618","post","type-post","status-publish","format-standard","has-post-thumbnail","hentry","category-economia"],"aioseo_notices":[],"aioseo_head":"\n\t\t<!-- All in One SEO Pro 4.9.6.2 - aioseo.com -->\n\t<meta name=\"description\" content=\"El Ministerio de Fomento ultima el desarrollo de una serie de medidas urgentes destinadas a mejorar la situaci\u00f3n en el sector del taxi y en el del alquiler de veh\u00edculos con conductor (VTC). Para mejorar la situaci\u00f3n en el sector del taxi, asegurar su convivencia ordenada con el del alquiler de veh\u00edculos con conductor y\" \/>\n\t<meta name=\"robots\" content=\"max-image-preview:large\" \/>\n\t<meta name=\"author\" content=\"El Digital de Asturias\"\/>\n\t<meta name=\"google-site-verification\" content=\"UA-38556648-1\" \/>\n\t<meta name=\"msvalidate.01\" content=\"7dfe9f3f1b24437ab69f4f2559babe99\" \/>\n\t<meta name=\"keywords\" content=\"econom\u00eda\" \/>\n\t<link rel=\"canonical\" href=\"https:\/\/www.eldigitaldeasturias.com\/noticias\/fomento-tomara-medidas-para-mejor-la-situacion-en-el-sector-del-taxi\/\" \/>\n\t<meta name=\"generator\" content=\"All in One SEO Pro (AIOSEO) 4.9.6.2\" \/>\n\t\t<meta property=\"og:locale\" content=\"es_ES\" \/>\n\t\t<meta property=\"og:site_name\" content=\"El Digital de Asturias\" \/>\n\t\t<meta property=\"og:type\" content=\"article\" \/>\n\t\t<meta property=\"og:title\" content=\"Fomento tomar\u00e1 medidas para mejor la situaci\u00f3n en el sector del taxi - El Digital de Asturias\" \/>\n\t\t<meta property=\"og:description\" content=\"El Ministerio de Fomento ultima el desarrollo de una serie de medidas urgentes destinadas a mejorar la situaci\u00f3n en el sector del taxi y en el del alquiler de veh\u00edculos con conductor (VTC). Para mejorar la situaci\u00f3n en el sector del taxi, asegurar su convivencia ordenada con el del alquiler de veh\u00edculos con conductor y\" \/>\n\t\t<meta property=\"og:url\" content=\"https:\/\/www.eldigitaldeasturias.com\/noticias\/fomento-tomara-medidas-para-mejor-la-situacion-en-el-sector-del-taxi\/\" \/>\n\t\t<meta property=\"og:image\" content=\"https:\/\/www.eldigitaldeasturias.com\/noticias\/wp-content\/uploads\/2015\/08\/taxi.jpg\" \/>\n\t\t<meta property=\"og:image:secure_url\" content=\"https:\/\/www.eldigitaldeasturias.com\/noticias\/wp-content\/uploads\/2015\/08\/taxi.jpg\" \/>\n\t\t<meta property=\"og:image:width\" content=\"800\" \/>\n\t\t<meta property=\"og:image:height\" content=\"507\" \/>\n\t\t<meta property=\"article:tag\" content=\"econom\u00eda\" \/>\n\t\t<meta property=\"article:published_time\" content=\"2017-11-28T18:54:36+00:00\" \/>\n\t\t<meta property=\"article:modified_time\" content=\"2017-11-28T18:54:36+00:00\" \/>\n\t\t<meta property=\"article:publisher\" content=\"https:\/\/facebook.com\/eldigitaldeasturias\" \/>\n\t\t<meta name=\"twitter:card\" content=\"summary_large_image\" \/>\n\t\t<meta name=\"twitter:title\" content=\"Fomento tomar\u00e1 medidas para mejor la situaci\u00f3n en el sector del taxi - El Digital de Asturias\" \/>\n\t\t<meta name=\"twitter:description\" content=\"El Ministerio de Fomento ultima el desarrollo de una serie de medidas urgentes destinadas a mejorar la situaci\u00f3n en el sector del taxi y en el del alquiler de veh\u00edculos con conductor (VTC). Para mejorar la situaci\u00f3n en el sector del taxi, asegurar su convivencia ordenada con el del alquiler de veh\u00edculos con conductor y\" \/>\n\t\t<meta name=\"twitter:image\" content=\"https:\/\/www.eldigitaldeasturias.com\/noticias\/wp-content\/uploads\/2015\/08\/taxi.jpg\" \/>\n\t\t<meta name=\"twitter:label1\" content=\"Escrito por\" \/>\n\t\t<meta name=\"twitter:data1\" content=\"El Digital de Asturias\" \/>\n\t\t<meta name=\"twitter:label2\" content=\"Tiempo de lectura estimado\" \/>\n\t\t<meta name=\"twitter:data2\" content=\"5 minutos\" \/>\n\t\t<script type=\"application\/ld+json\" class=\"aioseo-schema\">\n\t\t\t{\"@context\":\"https:\\\/\\\/schema.org\",\"@graph\":[{\"@type\":\"BlogPosting\",\"@id\":\"https:\\\/\\\/www.eldigitaldeasturias.com\\\/noticias\\\/fomento-tomara-medidas-para-mejor-la-situacion-en-el-sector-del-taxi\\\/#blogposting\",\"name\":\"Fomento tomar\\u00e1 medidas para mejor la situaci\\u00f3n en el sector del taxi - El Digital de Asturias\",\"headline\":\"Fomento tomar\\u00e1 medidas para mejor la situaci\\u00f3n en el sector del taxi\",\"author\":{\"@id\":\"https:\\\/\\\/www.eldigitaldeasturias.com\\\/noticias\\\/author\\\/admin\\\/#author\"},\"publisher\":{\"@id\":\"https:\\\/\\\/www.eldigitaldeasturias.com\\\/noticias\\\/#organization\"},\"image\":{\"@type\":\"ImageObject\",\"url\":\"https:\\\/\\\/www.eldigitaldeasturias.com\\\/noticias\\\/wp-content\\\/uploads\\\/2015\\\/08\\\/taxi.jpg\",\"width\":800,\"height\":507},\"datePublished\":\"2017-11-28T18:54:36+01:00\",\"dateModified\":\"2017-11-28T18:54:36+01:00\",\"inLanguage\":\"es-ES\",\"mainEntityOfPage\":{\"@id\":\"https:\\\/\\\/www.eldigitaldeasturias.com\\\/noticias\\\/fomento-tomara-medidas-para-mejor-la-situacion-en-el-sector-del-taxi\\\/#webpage\"},\"isPartOf\":{\"@id\":\"https:\\\/\\\/www.eldigitaldeasturias.com\\\/noticias\\\/fomento-tomara-medidas-para-mejor-la-situacion-en-el-sector-del-taxi\\\/#webpage\"},\"articleSection\":\"Econom\\u00eda\"},{\"@type\":\"BreadcrumbList\",\"@id\":\"https:\\\/\\\/www.eldigitaldeasturias.com\\\/noticias\\\/fomento-tomara-medidas-para-mejor-la-situacion-en-el-sector-del-taxi\\\/#breadcrumblist\",\"itemListElement\":[{\"@type\":\"ListItem\",\"@id\":\"https:\\\/\\\/www.eldigitaldeasturias.com\\\/noticias#listItem\",\"position\":1,\"name\":\"Home\",\"item\":\"https:\\\/\\\/www.eldigitaldeasturias.com\\\/noticias\",\"nextItem\":{\"@type\":\"ListItem\",\"@id\":\"https:\\\/\\\/www.eldigitaldeasturias.com\\\/noticias\\\/category\\\/economia\\\/#listItem\",\"name\":\"Econom\\u00eda\"}},{\"@type\":\"ListItem\",\"@id\":\"https:\\\/\\\/www.eldigitaldeasturias.com\\\/noticias\\\/category\\\/economia\\\/#listItem\",\"position\":2,\"name\":\"Econom\\u00eda\",\"item\":\"https:\\\/\\\/www.eldigitaldeasturias.com\\\/noticias\\\/category\\\/economia\\\/\",\"nextItem\":{\"@type\":\"ListItem\",\"@id\":\"https:\\\/\\\/www.eldigitaldeasturias.com\\\/noticias\\\/fomento-tomara-medidas-para-mejor-la-situacion-en-el-sector-del-taxi\\\/#listItem\",\"name\":\"Fomento tomar\\u00e1 medidas para mejor la situaci\\u00f3n en el sector del taxi\"},\"previousItem\":{\"@type\":\"ListItem\",\"@id\":\"https:\\\/\\\/www.eldigitaldeasturias.com\\\/noticias#listItem\",\"name\":\"Home\"}},{\"@type\":\"ListItem\",\"@id\":\"https:\\\/\\\/www.eldigitaldeasturias.com\\\/noticias\\\/fomento-tomara-medidas-para-mejor-la-situacion-en-el-sector-del-taxi\\\/#listItem\",\"position\":3,\"name\":\"Fomento tomar\\u00e1 medidas para mejor la situaci\\u00f3n en el sector del taxi\",\"previousItem\":{\"@type\":\"ListItem\",\"@id\":\"https:\\\/\\\/www.eldigitaldeasturias.com\\\/noticias\\\/category\\\/economia\\\/#listItem\",\"name\":\"Econom\\u00eda\"}}]},{\"@type\":\"Organization\",\"@id\":\"https:\\\/\\\/www.eldigitaldeasturias.com\\\/noticias\\\/#organization\",\"name\":\"El Digital de Asturias\",\"description\":\"Hemeroteca\",\"url\":\"https:\\\/\\\/www.eldigitaldeasturias.com\\\/noticias\\\/\",\"email\":\"info@eldigitaldeasturias.com\",\"telephone\":\"+34652131393\",\"logo\":{\"@type\":\"ImageObject\",\"url\":\"https:\\\/\\\/www.eldigitaldeasturias.com\\\/noticias\\\/wp-content\\\/uploads\\\/2020\\\/12\\\/EDA.jpg\",\"@id\":\"https:\\\/\\\/www.eldigitaldeasturias.com\\\/noticias\\\/fomento-tomara-medidas-para-mejor-la-situacion-en-el-sector-del-taxi\\\/#organizationLogo\",\"width\":649,\"height\":297},\"image\":{\"@id\":\"https:\\\/\\\/www.eldigitaldeasturias.com\\\/noticias\\\/fomento-tomara-medidas-para-mejor-la-situacion-en-el-sector-del-taxi\\\/#organizationLogo\"},\"sameAs\":[\"https:\\\/\\\/facebook.com\\\/eldigitaldeasturias\",\"https:\\\/\\\/www.youtube.com\\\/channel\\\/UCZP-2wLEB9Rv6erhFmqVnvg\"],\"address\":{\"@id\":\"https:\\\/\\\/www.eldigitaldeasturias.com\\\/noticias\\\/#postaladdress\",\"@type\":\"PostalAddress\",\"streetAddress\":\"san antonio 4,\",\"postalCode\":\"33430\",\"addressLocality\":\"Cand\\u00e1s\",\"addressRegion\":\"Asturias\",\"addressCountry\":\"ES\"}},{\"@type\":\"Person\",\"@id\":\"https:\\\/\\\/www.eldigitaldeasturias.com\\\/noticias\\\/author\\\/admin\\\/#author\",\"url\":\"https:\\\/\\\/www.eldigitaldeasturias.com\\\/noticias\\\/author\\\/admin\\\/\",\"name\":\"El Digital de Asturias\",\"image\":{\"@type\":\"ImageObject\",\"@id\":\"https:\\\/\\\/www.eldigitaldeasturias.com\\\/noticias\\\/fomento-tomara-medidas-para-mejor-la-situacion-en-el-sector-del-taxi\\\/#authorImage\",\"url\":\"https:\\\/\\\/www.eldigitaldeasturias.com\\\/noticias\\\/wp-content\\\/litespeed\\\/avatar\\\/18677e78aa0546b92d9dbf31ec7d7668.jpg?ver=1777290358\",\"width\":96,\"height\":96,\"caption\":\"El Digital de Asturias\"}},{\"@type\":\"WebPage\",\"@id\":\"https:\\\/\\\/www.eldigitaldeasturias.com\\\/noticias\\\/fomento-tomara-medidas-para-mejor-la-situacion-en-el-sector-del-taxi\\\/#webpage\",\"url\":\"https:\\\/\\\/www.eldigitaldeasturias.com\\\/noticias\\\/fomento-tomara-medidas-para-mejor-la-situacion-en-el-sector-del-taxi\\\/\",\"name\":\"Fomento tomar\\u00e1 medidas para mejor la situaci\\u00f3n en el sector del taxi - El Digital de Asturias\",\"description\":\"El Ministerio de Fomento ultima el desarrollo de una serie de medidas urgentes destinadas a mejorar la situaci\\u00f3n en el sector del taxi y en el del alquiler de veh\\u00edculos con conductor (VTC). Para mejorar la situaci\\u00f3n en el sector del taxi, asegurar su convivencia ordenada con el del alquiler de veh\\u00edculos con conductor y\",\"inLanguage\":\"es-ES\",\"isPartOf\":{\"@id\":\"https:\\\/\\\/www.eldigitaldeasturias.com\\\/noticias\\\/#website\"},\"breadcrumb\":{\"@id\":\"https:\\\/\\\/www.eldigitaldeasturias.com\\\/noticias\\\/fomento-tomara-medidas-para-mejor-la-situacion-en-el-sector-del-taxi\\\/#breadcrumblist\"},\"author\":{\"@id\":\"https:\\\/\\\/www.eldigitaldeasturias.com\\\/noticias\\\/author\\\/admin\\\/#author\"},\"creator\":{\"@id\":\"https:\\\/\\\/www.eldigitaldeasturias.com\\\/noticias\\\/author\\\/admin\\\/#author\"},\"image\":{\"@type\":\"ImageObject\",\"url\":\"https:\\\/\\\/www.eldigitaldeasturias.com\\\/noticias\\\/wp-content\\\/uploads\\\/2015\\\/08\\\/taxi.jpg\",\"@id\":\"https:\\\/\\\/www.eldigitaldeasturias.com\\\/noticias\\\/fomento-tomara-medidas-para-mejor-la-situacion-en-el-sector-del-taxi\\\/#mainImage\",\"width\":800,\"height\":507},\"primaryImageOfPage\":{\"@id\":\"https:\\\/\\\/www.eldigitaldeasturias.com\\\/noticias\\\/fomento-tomara-medidas-para-mejor-la-situacion-en-el-sector-del-taxi\\\/#mainImage\"},\"datePublished\":\"2017-11-28T18:54:36+01:00\",\"dateModified\":\"2017-11-28T18:54:36+01:00\"},{\"@type\":\"WebSite\",\"@id\":\"https:\\\/\\\/www.eldigitaldeasturias.com\\\/noticias\\\/#website\",\"url\":\"https:\\\/\\\/www.eldigitaldeasturias.com\\\/noticias\\\/\",\"name\":\"El Digital de Asturias - Diario de actualidad y noticias\",\"alternateName\":\"El Digital de Asturias - Diario de actualidad y noticias\",\"description\":\"Hemeroteca\",\"inLanguage\":\"es-ES\",\"publisher\":{\"@id\":\"https:\\\/\\\/www.eldigitaldeasturias.com\\\/noticias\\\/#organization\"}}]}\n\t\t<\/script>\n\t\t<!-- All in One SEO Pro -->\r\n\t\t<title>Fomento tomar\u00e1 medidas para mejor la situaci\u00f3n en el sector del taxi - El Digital de Asturias<\/title>\n\n","aioseo_head_json":{"title":"Fomento tomar\u00e1 medidas para mejor la situaci\u00f3n en el sector del taxi - El Digital de Asturias","description":"El Ministerio de Fomento ultima el desarrollo de una serie de medidas urgentes destinadas a mejorar la situaci\u00f3n en el sector del taxi y en el del alquiler de veh\u00edculos con conductor (VTC). Para mejorar la situaci\u00f3n en el sector del taxi, asegurar su convivencia ordenada con el del alquiler de veh\u00edculos con conductor y","canonical_url":"https:\/\/www.eldigitaldeasturias.com\/noticias\/fomento-tomara-medidas-para-mejor-la-situacion-en-el-sector-del-taxi\/","robots":"max-image-preview:large","keywords":"econom\u00eda","webmasterTools":{"google-site-verification":"UA-38556648-1","msvalidate.01":"7dfe9f3f1b24437ab69f4f2559babe99","miscellaneous":""},"schema":{"@context":"https:\/\/schema.org","@graph":[{"@type":"BlogPosting","@id":"https:\/\/www.eldigitaldeasturias.com\/noticias\/fomento-tomara-medidas-para-mejor-la-situacion-en-el-sector-del-taxi\/#blogposting","name":"Fomento tomar\u00e1 medidas para mejor la situaci\u00f3n en el sector del taxi - El Digital de Asturias","headline":"Fomento tomar\u00e1 medidas para mejor la situaci\u00f3n en el sector del taxi","author":{"@id":"https:\/\/www.eldigitaldeasturias.com\/noticias\/author\/admin\/#author"},"publisher":{"@id":"https:\/\/www.eldigitaldeasturias.com\/noticias\/#organization"},"image":{"@type":"ImageObject","url":"https:\/\/www.eldigitaldeasturias.com\/noticias\/wp-content\/uploads\/2015\/08\/taxi.jpg","width":800,"height":507},"datePublished":"2017-11-28T18:54:36+01:00","dateModified":"2017-11-28T18:54:36+01:00","inLanguage":"es-ES","mainEntityOfPage":{"@id":"https:\/\/www.eldigitaldeasturias.com\/noticias\/fomento-tomara-medidas-para-mejor-la-situacion-en-el-sector-del-taxi\/#webpage"},"isPartOf":{"@id":"https:\/\/www.eldigitaldeasturias.com\/noticias\/fomento-tomara-medidas-para-mejor-la-situacion-en-el-sector-del-taxi\/#webpage"},"articleSection":"Econom\u00eda"},{"@type":"BreadcrumbList","@id":"https:\/\/www.eldigitaldeasturias.com\/noticias\/fomento-tomara-medidas-para-mejor-la-situacion-en-el-sector-del-taxi\/#breadcrumblist","itemListElement":[{"@type":"ListItem","@id":"https:\/\/www.eldigitaldeasturias.com\/noticias#listItem","position":1,"name":"Home","item":"https:\/\/www.eldigitaldeasturias.com\/noticias","nextItem":{"@type":"ListItem","@id":"https:\/\/www.eldigitaldeasturias.com\/noticias\/category\/economia\/#listItem","name":"Econom\u00eda"}},{"@type":"ListItem","@id":"https:\/\/www.eldigitaldeasturias.com\/noticias\/category\/economia\/#listItem","position":2,"name":"Econom\u00eda","item":"https:\/\/www.eldigitaldeasturias.com\/noticias\/category\/economia\/","nextItem":{"@type":"ListItem","@id":"https:\/\/www.eldigitaldeasturias.com\/noticias\/fomento-tomara-medidas-para-mejor-la-situacion-en-el-sector-del-taxi\/#listItem","name":"Fomento tomar\u00e1 medidas para mejor la situaci\u00f3n en el sector del taxi"},"previousItem":{"@type":"ListItem","@id":"https:\/\/www.eldigitaldeasturias.com\/noticias#listItem","name":"Home"}},{"@type":"ListItem","@id":"https:\/\/www.eldigitaldeasturias.com\/noticias\/fomento-tomara-medidas-para-mejor-la-situacion-en-el-sector-del-taxi\/#listItem","position":3,"name":"Fomento tomar\u00e1 medidas para mejor la situaci\u00f3n en el sector del taxi","previousItem":{"@type":"ListItem","@id":"https:\/\/www.eldigitaldeasturias.com\/noticias\/category\/economia\/#listItem","name":"Econom\u00eda"}}]},{"@type":"Organization","@id":"https:\/\/www.eldigitaldeasturias.com\/noticias\/#organization","name":"El Digital de Asturias","description":"Hemeroteca","url":"https:\/\/www.eldigitaldeasturias.com\/noticias\/","email":"info@eldigitaldeasturias.com","telephone":"+34652131393","logo":{"@type":"ImageObject","url":"https:\/\/www.eldigitaldeasturias.com\/noticias\/wp-content\/uploads\/2020\/12\/EDA.jpg","@id":"https:\/\/www.eldigitaldeasturias.com\/noticias\/fomento-tomara-medidas-para-mejor-la-situacion-en-el-sector-del-taxi\/#organizationLogo","width":649,"height":297},"image":{"@id":"https:\/\/www.eldigitaldeasturias.com\/noticias\/fomento-tomara-medidas-para-mejor-la-situacion-en-el-sector-del-taxi\/#organizationLogo"},"sameAs":["https:\/\/facebook.com\/eldigitaldeasturias","https:\/\/www.youtube.com\/channel\/UCZP-2wLEB9Rv6erhFmqVnvg"],"address":{"@id":"https:\/\/www.eldigitaldeasturias.com\/noticias\/#postaladdress","@type":"PostalAddress","streetAddress":"san antonio 4,","postalCode":"33430","addressLocality":"Cand\u00e1s","addressRegion":"Asturias","addressCountry":"ES"}},{"@type":"Person","@id":"https:\/\/www.eldigitaldeasturias.com\/noticias\/author\/admin\/#author","url":"https:\/\/www.eldigitaldeasturias.com\/noticias\/author\/admin\/","name":"El Digital de Asturias","image":{"@type":"ImageObject","@id":"https:\/\/www.eldigitaldeasturias.com\/noticias\/fomento-tomara-medidas-para-mejor-la-situacion-en-el-sector-del-taxi\/#authorImage","url":"https:\/\/www.eldigitaldeasturias.com\/noticias\/wp-content\/litespeed\/avatar\/18677e78aa0546b92d9dbf31ec7d7668.jpg?ver=1777290358","width":96,"height":96,"caption":"El Digital de Asturias"}},{"@type":"WebPage","@id":"https:\/\/www.eldigitaldeasturias.com\/noticias\/fomento-tomara-medidas-para-mejor-la-situacion-en-el-sector-del-taxi\/#webpage","url":"https:\/\/www.eldigitaldeasturias.com\/noticias\/fomento-tomara-medidas-para-mejor-la-situacion-en-el-sector-del-taxi\/","name":"Fomento tomar\u00e1 medidas para mejor la situaci\u00f3n en el sector del taxi - El Digital de Asturias","description":"El Ministerio de Fomento ultima el desarrollo de una serie de medidas urgentes destinadas a mejorar la situaci\u00f3n en el sector del taxi y en el del alquiler de veh\u00edculos con conductor (VTC). Para mejorar la situaci\u00f3n en el sector del taxi, asegurar su convivencia ordenada con el del alquiler de veh\u00edculos con conductor y","inLanguage":"es-ES","isPartOf":{"@id":"https:\/\/www.eldigitaldeasturias.com\/noticias\/#website"},"breadcrumb":{"@id":"https:\/\/www.eldigitaldeasturias.com\/noticias\/fomento-tomara-medidas-para-mejor-la-situacion-en-el-sector-del-taxi\/#breadcrumblist"},"author":{"@id":"https:\/\/www.eldigitaldeasturias.com\/noticias\/author\/admin\/#author"},"creator":{"@id":"https:\/\/www.eldigitaldeasturias.com\/noticias\/author\/admin\/#author"},"image":{"@type":"ImageObject","url":"https:\/\/www.eldigitaldeasturias.com\/noticias\/wp-content\/uploads\/2015\/08\/taxi.jpg","@id":"https:\/\/www.eldigitaldeasturias.com\/noticias\/fomento-tomara-medidas-para-mejor-la-situacion-en-el-sector-del-taxi\/#mainImage","width":800,"height":507},"primaryImageOfPage":{"@id":"https:\/\/www.eldigitaldeasturias.com\/noticias\/fomento-tomara-medidas-para-mejor-la-situacion-en-el-sector-del-taxi\/#mainImage"},"datePublished":"2017-11-28T18:54:36+01:00","dateModified":"2017-11-28T18:54:36+01:00"},{"@type":"WebSite","@id":"https:\/\/www.eldigitaldeasturias.com\/noticias\/#website","url":"https:\/\/www.eldigitaldeasturias.com\/noticias\/","name":"El Digital de Asturias - Diario de actualidad y noticias","alternateName":"El Digital de Asturias - Diario de actualidad y noticias","description":"Hemeroteca","inLanguage":"es-ES","publisher":{"@id":"https:\/\/www.eldigitaldeasturias.com\/noticias\/#organization"}}]},"og:locale":"es_ES","og:site_name":"El Digital de Asturias","og:type":"article","og:title":"Fomento tomar\u00e1 medidas para mejor la situaci\u00f3n en el sector del taxi - El Digital de Asturias","og:description":"El Ministerio de Fomento ultima el desarrollo de una serie de medidas urgentes destinadas a mejorar la situaci\u00f3n en el sector del taxi y en el del alquiler de veh\u00edculos con conductor (VTC). Para mejorar la situaci\u00f3n en el sector del taxi, asegurar su convivencia ordenada con el del alquiler de veh\u00edculos con conductor y","og:url":"https:\/\/www.eldigitaldeasturias.com\/noticias\/fomento-tomara-medidas-para-mejor-la-situacion-en-el-sector-del-taxi\/","og:image":"https:\/\/www.eldigitaldeasturias.com\/noticias\/wp-content\/uploads\/2015\/08\/taxi.jpg","og:image:secure_url":"https:\/\/www.eldigitaldeasturias.com\/noticias\/wp-content\/uploads\/2015\/08\/taxi.jpg","og:image:width":800,"og:image:height":507,"article:tag":["econom\u00eda"],"article:published_time":"2017-11-28T18:54:36+00:00","article:modified_time":"2017-11-28T18:54:36+00:00","article:publisher":"https:\/\/facebook.com\/eldigitaldeasturias","twitter:card":"summary_large_image","twitter:title":"Fomento tomar\u00e1 medidas para mejor la situaci\u00f3n en el sector del taxi - El Digital de Asturias","twitter:description":"El Ministerio de Fomento ultima el desarrollo de una serie de medidas urgentes destinadas a mejorar la situaci\u00f3n en el sector del taxi y en el del alquiler de veh\u00edculos con conductor (VTC). Para mejorar la situaci\u00f3n en el sector del taxi, asegurar su convivencia ordenada con el del alquiler de veh\u00edculos con conductor y","twitter:image":"https:\/\/www.eldigitaldeasturias.com\/noticias\/wp-content\/uploads\/2015\/08\/taxi.jpg","twitter:label1":"Escrito por","twitter:data1":"El Digital de Asturias","twitter:label2":"Tiempo de lectura estimado","twitter:data2":"5 minutos"},"aioseo_meta_data":{"post_id":"961618","title":null,"description":null,"keywords":null,"keyphrases":null,"primary_term":null,"canonical_url":null,"og_title":null,"og_description":null,"og_object_type":"default","og_image_type":"default","og_image_url":null,"og_image_width":null,"og_image_height":null,"og_image_custom_url":null,"og_image_custom_fields":null,"og_video":null,"og_custom_url":null,"og_article_section":null,"og_article_tags":null,"twitter_use_og":false,"twitter_card":"default","twitter_image_type":"default","twitter_image_url":null,"twitter_image_custom_url":null,"twitter_image_custom_fields":null,"twitter_title":null,"twitter_description":null,"schema":{"blockGraphs":[],"customGraphs":[],"default":{"data":{"Article":[],"Course":[],"Dataset":[],"FAQPage":[],"Movie":[],"Person":[],"Product":[],"ProductReview":[],"Car":[],"Recipe":[],"Service":[],"SoftwareApplication":[],"WebPage":[]},"graphName":"","isEnabled":true},"graphs":[],"defaultGraph":"","defaultPostTypeGraph":""},"schema_type":null,"schema_type_options":null,"pillar_content":false,"robots_default":true,"robots_noindex":false,"robots_noarchive":false,"robots_nosnippet":false,"robots_nofollow":false,"robots_noimageindex":false,"robots_noodp":false,"robots_notranslate":false,"robots_max_snippet":null,"robots_max_videopreview":null,"robots_max_imagepreview":"large","priority":null,"frequency":null,"local_seo":null,"seo_analyzer_scan_date":"2025-12-07 09:32:07","breadcrumb_settings":null,"limit_modified_date":false,"open_ai":null,"ai":null,"created":"2020-12-21 12:48:36","updated":"2025-12-07 09:32:07"},"aioseo_breadcrumb":"<div class=\"aioseo-breadcrumbs\"><span class=\"aioseo-breadcrumb\">\n\t<a href=\"https:\/\/www.eldigitaldeasturias.com\/noticias\" title=\"Home\">Home<\/a>\n<\/span><span class=\"aioseo-breadcrumb-separator\">\u2013<\/span><span class=\"aioseo-breadcrumb\">\n\t<a href=\"https:\/\/www.eldigitaldeasturias.com\/noticias\/category\/economia\/\" title=\"Econom\u00eda\">Econom\u00eda<\/a>\n<\/span><span class=\"aioseo-breadcrumb-separator\">\u2013<\/span><span class=\"aioseo-breadcrumb\">\n\t<a href=\"https:\/\/www.eldigitaldeasturias.com\/noticias\/fomento-tomara-medidas-para-mejor-la-situacion-en-el-sector-del-taxi\/\" title=\"Fomento tomar\u00e1 medidas para mejor la situaci\u00f3n en el sector del taxi\">Fomento tomar\u00e1 medidas para mejor la situaci\u00f3n en el sector del taxi<\/a>\n<\/span><\/div>","aioseo_breadcrumb_json":[{"label":"Home","link":"https:\/\/www.eldigitaldeasturias.com\/noticias"},{"label":"Econom\u00eda","link":"https:\/\/www.eldigitaldeasturias.com\/noticias\/category\/economia\/"},{"label":"Fomento tomar\u00e1 medidas para mejor la situaci\u00f3n en el sector del taxi","link":"https:\/\/www.eldigitaldeasturias.com\/noticias\/fomento-tomara-medidas-para-mejor-la-situacion-en-el-sector-del-taxi\/"}],"_links":{"self":[{"href":"https:\/\/www.eldigitaldeasturias.com\/noticias\/wp-json\/wp\/v2\/posts\/961618","targetHints":{"allow":["GET"]}}],"collection":[{"href":"https:\/\/www.eldigitaldeasturias.com\/noticias\/wp-json\/wp\/v2\/posts"}],"about":[{"href":"https:\/\/www.eldigitaldeasturias.com\/noticias\/wp-json\/wp\/v2\/types\/post"}],"author":[{"embeddable":true,"href":"https:\/\/www.eldigitaldeasturias.com\/noticias\/wp-json\/wp\/v2\/users\/1"}],"replies":[{"embeddable":true,"href":"https:\/\/www.eldigitaldeasturias.com\/noticias\/wp-json\/wp\/v2\/comments?post=961618"}],"version-history":[{"count":0,"href":"https:\/\/www.eldigitaldeasturias.com\/noticias\/wp-json\/wp\/v2\/posts\/961618\/revisions"}],"wp:featuredmedia":[{"embeddable":true,"href":"https:\/\/www.eldigitaldeasturias.com\/noticias\/wp-json\/wp\/v2\/media\/803408"}],"wp:attachment":[{"href":"https:\/\/www.eldigitaldeasturias.com\/noticias\/wp-json\/wp\/v2\/media?parent=961618"}],"wp:term":[{"taxonomy":"category","embeddable":true,"href":"https:\/\/www.eldigitaldeasturias.com\/noticias\/wp-json\/wp\/v2\/categories?post=961618"},{"taxonomy":"post_tag","embeddable":true,"href":"https:\/\/www.eldigitaldeasturias.com\/noticias\/wp-json\/wp\/v2\/tags?post=961618"}],"curies":[{"name":"wp","href":"https:\/\/api.w.org\/{rel}","templated":true}]}}