{"id":961600,"date":"2017-11-28T18:01:42","date_gmt":"2017-11-28T18:01:42","guid":{"rendered":"http:\/\/www.eldigitaldeasturias.com\/noticias\/?p=961600"},"modified":"2017-11-28T18:01:42","modified_gmt":"2017-11-28T18:01:42","slug":"aumentan-las-prestaciones-economicas-a-familias-e-instituciones","status":"publish","type":"post","link":"https:\/\/www.eldigitaldeasturias.com\/noticias\/aumentan-las-prestaciones-economicas-a-familias-e-instituciones\/","title":{"rendered":"Aumentan las prestaciones econ\u00f3micas a familias e instituciones"},"content":{"rendered":"<p><img loading=\"lazy\" decoding=\"async\" class=\"alignleft size-medium wp-image-822740\" src=\"https:\/\/www.eldigitaldeasturias.com\/noticias\/wp-content\/uploads\/2015\/11\/euros-360x241.jpg\" alt=\"\" width=\"360\" height=\"241\" srcset=\"https:\/\/www.eldigitaldeasturias.com\/noticias\/wp-content\/uploads\/2015\/11\/euros-360x241.jpg 360w, https:\/\/www.eldigitaldeasturias.com\/noticias\/wp-content\/uploads\/2015\/11\/euros-696x466.jpg 696w, https:\/\/www.eldigitaldeasturias.com\/noticias\/wp-content\/uploads\/2015\/11\/euros-627x420.jpg 627w, https:\/\/www.eldigitaldeasturias.com\/noticias\/wp-content\/uploads\/2015\/11\/euros-768x515.jpg 768w, https:\/\/www.eldigitaldeasturias.com\/noticias\/wp-content\/uploads\/2015\/11\/euros-650x436.jpg 650w, https:\/\/www.eldigitaldeasturias.com\/noticias\/wp-content\/uploads\/2015\/11\/euros.jpg 800w\" sizes=\"auto, (max-width: 360px) 100vw, 360px\" \/>Las prestaciones econ\u00f3micas a familias e instituciones totalizaron 107.004,31 millones de euros, con un aumento de un 3,34% respecto al ejercicio anterior. Esta cifra representa un 93,89% del gasto total realizado en el sistema de Seguridad Social.<\/p>\n<p>En un an\u00e1lisis detallado de las distintas prestaciones contributivas, las pensiones (incapacidad permanente, jubilaci\u00f3n, viudedad, orfandad y a favor de familiares) alcanzan un importe de 90.805,84 millones de euros, cifra superior en un 3,42% al a\u00f1o anterior.<\/p>\n<p>En cuanto a las prestaciones por maternidad, paternidad y riesgo durante el embarazo se elevaron hasta los 1.720,68 millones de euros, lo que representa un incremento interanual del 6,85%. En Incapacidad Temporal el gasto realizado alcanza un importe de 4.543,69 millones de euros, un 9,38% m\u00e1s que en el mismo periodo de 2016.<\/p>\n<p>A 31 de octubre las pensiones y prestaciones no contributivas, incluidos los complementos a m\u00ednimos de las pensiones contributivas, alcanzan un importe de 8.734,74 millones de euros, cifra que supone un decremento del 1,16% respecto al ejercicio anterior. De dicho importe, se destina a pensiones no contributivas y m\u00ednimos 7.321,14 millones y a subsidios y otras prestaciones 1.413,60 millones de euros, de los que 1.347,88 millones de euros corresponden a prestaciones familiares.<\/p>\n<p>Por \u00faltimo, como balance, el dato de recaudaci\u00f3n l\u00edquida en t\u00e9rminos de caja del Sistema supuso una recaudaci\u00f3n l\u00edquida que alcanz\u00f3 los 106.548,76 millones de euros. Por su parte, los pagos alcanzaron los 113.844,40 millones de euros.<\/p>\n","protected":false},"excerpt":{"rendered":"<p>Las prestaciones econ\u00f3micas a familias e instituciones totalizaron 107.004,31 millones de euros, con un aumento de un 3,34% respecto al ejercicio anterior. Esta cifra representa un 93,89% del gasto total realizado en el sistema de Seguridad Social. En un an\u00e1lisis detallado de las distintas prestaciones contributivas, las pensiones (incapacidad permanente, jubilaci\u00f3n, viudedad, orfandad y a [&hellip;]<\/p>\n","protected":false},"author":1,"featured_media":822740,"comment_status":"closed","ping_status":"closed","sticky":false,"template":"","format":"standard","meta":{"footnotes":""},"categories":[187],"tags":[],"class_list":["post-961600","post","type-post","status-publish","format-standard","has-post-thumbnail","hentry","category-economia"],"aioseo_notices":[],"aioseo_head":"\n\t\t<!-- All in One SEO Pro 4.9.6.2 - aioseo.com -->\n\t<meta name=\"description\" content=\"Las prestaciones econ\u00f3micas a familias e instituciones totalizaron 107.004,31 millones de euros, con un aumento de un 3,34% respecto al ejercicio anterior. Esta cifra representa un 93,89% del gasto total realizado en el sistema de Seguridad Social. En un an\u00e1lisis detallado de las distintas prestaciones contributivas, las pensiones (incapacidad permanente, jubilaci\u00f3n, viudedad, orfandad y a\" \/>\n\t<meta name=\"robots\" content=\"max-image-preview:large\" \/>\n\t<meta name=\"author\" content=\"El Digital de Asturias\"\/>\n\t<meta name=\"google-site-verification\" content=\"UA-38556648-1\" \/>\n\t<meta name=\"msvalidate.01\" content=\"7dfe9f3f1b24437ab69f4f2559babe99\" \/>\n\t<meta name=\"keywords\" content=\"econom\u00eda\" \/>\n\t<link rel=\"canonical\" href=\"https:\/\/www.eldigitaldeasturias.com\/noticias\/aumentan-las-prestaciones-economicas-a-familias-e-instituciones\/\" \/>\n\t<meta name=\"generator\" content=\"All in One SEO Pro (AIOSEO) 4.9.6.2\" \/>\n\t\t<meta property=\"og:locale\" content=\"es_ES\" \/>\n\t\t<meta property=\"og:site_name\" content=\"El Digital de Asturias\" \/>\n\t\t<meta property=\"og:type\" content=\"article\" \/>\n\t\t<meta property=\"og:title\" content=\"Aumentan las prestaciones econ\u00f3micas a familias e instituciones - El Digital de Asturias\" \/>\n\t\t<meta property=\"og:description\" content=\"Las prestaciones econ\u00f3micas a familias e instituciones totalizaron 107.004,31 millones de euros, con un aumento de un 3,34% respecto al ejercicio anterior. Esta cifra representa un 93,89% del gasto total realizado en el sistema de Seguridad Social. En un an\u00e1lisis detallado de las distintas prestaciones contributivas, las pensiones (incapacidad permanente, jubilaci\u00f3n, viudedad, orfandad y a\" \/>\n\t\t<meta property=\"og:url\" content=\"https:\/\/www.eldigitaldeasturias.com\/noticias\/aumentan-las-prestaciones-economicas-a-familias-e-instituciones\/\" \/>\n\t\t<meta property=\"og:image\" content=\"https:\/\/www.eldigitaldeasturias.com\/noticias\/wp-content\/uploads\/2015\/11\/euros.jpg\" \/>\n\t\t<meta property=\"og:image:secure_url\" content=\"https:\/\/www.eldigitaldeasturias.com\/noticias\/wp-content\/uploads\/2015\/11\/euros.jpg\" \/>\n\t\t<meta property=\"og:image:width\" content=\"800\" \/>\n\t\t<meta property=\"og:image:height\" content=\"536\" \/>\n\t\t<meta property=\"article:tag\" content=\"econom\u00eda\" \/>\n\t\t<meta property=\"article:published_time\" content=\"2017-11-28T18:01:42+00:00\" \/>\n\t\t<meta property=\"article:modified_time\" content=\"2017-11-28T18:01:42+00:00\" \/>\n\t\t<meta property=\"article:publisher\" content=\"https:\/\/facebook.com\/eldigitaldeasturias\" \/>\n\t\t<meta name=\"twitter:card\" content=\"summary_large_image\" \/>\n\t\t<meta name=\"twitter:title\" content=\"Aumentan las prestaciones econ\u00f3micas a familias e instituciones - El Digital de Asturias\" \/>\n\t\t<meta name=\"twitter:description\" content=\"Las prestaciones econ\u00f3micas a familias e instituciones totalizaron 107.004,31 millones de euros, con un aumento de un 3,34% respecto al ejercicio anterior. Esta cifra representa un 93,89% del gasto total realizado en el sistema de Seguridad Social. En un an\u00e1lisis detallado de las distintas prestaciones contributivas, las pensiones (incapacidad permanente, jubilaci\u00f3n, viudedad, orfandad y a\" \/>\n\t\t<meta name=\"twitter:image\" content=\"https:\/\/www.eldigitaldeasturias.com\/noticias\/wp-content\/uploads\/2015\/11\/euros.jpg\" \/>\n\t\t<meta name=\"twitter:label1\" content=\"Escrito por\" \/>\n\t\t<meta name=\"twitter:data1\" content=\"El Digital de Asturias\" \/>\n\t\t<meta name=\"twitter:label2\" content=\"Tiempo de lectura estimado\" \/>\n\t\t<meta name=\"twitter:data2\" content=\"1 minuto\" \/>\n\t\t<script type=\"application\/ld+json\" class=\"aioseo-schema\">\n\t\t\t{\"@context\":\"https:\\\/\\\/schema.org\",\"@graph\":[{\"@type\":\"BlogPosting\",\"@id\":\"https:\\\/\\\/www.eldigitaldeasturias.com\\\/noticias\\\/aumentan-las-prestaciones-economicas-a-familias-e-instituciones\\\/#blogposting\",\"name\":\"Aumentan las prestaciones econ\\u00f3micas a familias e instituciones - El Digital de Asturias\",\"headline\":\"Aumentan las prestaciones econ\\u00f3micas a familias e instituciones\",\"author\":{\"@id\":\"https:\\\/\\\/www.eldigitaldeasturias.com\\\/noticias\\\/author\\\/admin\\\/#author\"},\"publisher\":{\"@id\":\"https:\\\/\\\/www.eldigitaldeasturias.com\\\/noticias\\\/#organization\"},\"image\":{\"@type\":\"ImageObject\",\"url\":\"https:\\\/\\\/www.eldigitaldeasturias.com\\\/noticias\\\/wp-content\\\/uploads\\\/2015\\\/11\\\/euros.jpg\",\"width\":800,\"height\":536,\"caption\":\"euros\"},\"datePublished\":\"2017-11-28T18:01:42+01:00\",\"dateModified\":\"2017-11-28T18:01:42+01:00\",\"inLanguage\":\"es-ES\",\"mainEntityOfPage\":{\"@id\":\"https:\\\/\\\/www.eldigitaldeasturias.com\\\/noticias\\\/aumentan-las-prestaciones-economicas-a-familias-e-instituciones\\\/#webpage\"},\"isPartOf\":{\"@id\":\"https:\\\/\\\/www.eldigitaldeasturias.com\\\/noticias\\\/aumentan-las-prestaciones-economicas-a-familias-e-instituciones\\\/#webpage\"},\"articleSection\":\"Econom\\u00eda\"},{\"@type\":\"BreadcrumbList\",\"@id\":\"https:\\\/\\\/www.eldigitaldeasturias.com\\\/noticias\\\/aumentan-las-prestaciones-economicas-a-familias-e-instituciones\\\/#breadcrumblist\",\"itemListElement\":[{\"@type\":\"ListItem\",\"@id\":\"https:\\\/\\\/www.eldigitaldeasturias.com\\\/noticias#listItem\",\"position\":1,\"name\":\"Home\",\"item\":\"https:\\\/\\\/www.eldigitaldeasturias.com\\\/noticias\",\"nextItem\":{\"@type\":\"ListItem\",\"@id\":\"https:\\\/\\\/www.eldigitaldeasturias.com\\\/noticias\\\/category\\\/economia\\\/#listItem\",\"name\":\"Econom\\u00eda\"}},{\"@type\":\"ListItem\",\"@id\":\"https:\\\/\\\/www.eldigitaldeasturias.com\\\/noticias\\\/category\\\/economia\\\/#listItem\",\"position\":2,\"name\":\"Econom\\u00eda\",\"item\":\"https:\\\/\\\/www.eldigitaldeasturias.com\\\/noticias\\\/category\\\/economia\\\/\",\"nextItem\":{\"@type\":\"ListItem\",\"@id\":\"https:\\\/\\\/www.eldigitaldeasturias.com\\\/noticias\\\/aumentan-las-prestaciones-economicas-a-familias-e-instituciones\\\/#listItem\",\"name\":\"Aumentan las prestaciones econ\\u00f3micas a familias e instituciones\"},\"previousItem\":{\"@type\":\"ListItem\",\"@id\":\"https:\\\/\\\/www.eldigitaldeasturias.com\\\/noticias#listItem\",\"name\":\"Home\"}},{\"@type\":\"ListItem\",\"@id\":\"https:\\\/\\\/www.eldigitaldeasturias.com\\\/noticias\\\/aumentan-las-prestaciones-economicas-a-familias-e-instituciones\\\/#listItem\",\"position\":3,\"name\":\"Aumentan las prestaciones econ\\u00f3micas a familias e instituciones\",\"previousItem\":{\"@type\":\"ListItem\",\"@id\":\"https:\\\/\\\/www.eldigitaldeasturias.com\\\/noticias\\\/category\\\/economia\\\/#listItem\",\"name\":\"Econom\\u00eda\"}}]},{\"@type\":\"Organization\",\"@id\":\"https:\\\/\\\/www.eldigitaldeasturias.com\\\/noticias\\\/#organization\",\"name\":\"El Digital de Asturias\",\"description\":\"Hemeroteca\",\"url\":\"https:\\\/\\\/www.eldigitaldeasturias.com\\\/noticias\\\/\",\"email\":\"info@eldigitaldeasturias.com\",\"telephone\":\"+34652131393\",\"logo\":{\"@type\":\"ImageObject\",\"url\":\"https:\\\/\\\/www.eldigitaldeasturias.com\\\/noticias\\\/wp-content\\\/uploads\\\/2020\\\/12\\\/EDA.jpg\",\"@id\":\"https:\\\/\\\/www.eldigitaldeasturias.com\\\/noticias\\\/aumentan-las-prestaciones-economicas-a-familias-e-instituciones\\\/#organizationLogo\",\"width\":649,\"height\":297},\"image\":{\"@id\":\"https:\\\/\\\/www.eldigitaldeasturias.com\\\/noticias\\\/aumentan-las-prestaciones-economicas-a-familias-e-instituciones\\\/#organizationLogo\"},\"sameAs\":[\"https:\\\/\\\/facebook.com\\\/eldigitaldeasturias\",\"https:\\\/\\\/www.youtube.com\\\/channel\\\/UCZP-2wLEB9Rv6erhFmqVnvg\"],\"address\":{\"@id\":\"https:\\\/\\\/www.eldigitaldeasturias.com\\\/noticias\\\/#postaladdress\",\"@type\":\"PostalAddress\",\"streetAddress\":\"san antonio 4,\",\"postalCode\":\"33430\",\"addressLocality\":\"Cand\\u00e1s\",\"addressRegion\":\"Asturias\",\"addressCountry\":\"ES\"}},{\"@type\":\"Person\",\"@id\":\"https:\\\/\\\/www.eldigitaldeasturias.com\\\/noticias\\\/author\\\/admin\\\/#author\",\"url\":\"https:\\\/\\\/www.eldigitaldeasturias.com\\\/noticias\\\/author\\\/admin\\\/\",\"name\":\"El Digital de Asturias\",\"image\":{\"@type\":\"ImageObject\",\"@id\":\"https:\\\/\\\/www.eldigitaldeasturias.com\\\/noticias\\\/aumentan-las-prestaciones-economicas-a-familias-e-instituciones\\\/#authorImage\",\"url\":\"https:\\\/\\\/www.eldigitaldeasturias.com\\\/noticias\\\/wp-content\\\/litespeed\\\/avatar\\\/18677e78aa0546b92d9dbf31ec7d7668.jpg?ver=1777290358\",\"width\":96,\"height\":96,\"caption\":\"El Digital de Asturias\"}},{\"@type\":\"WebPage\",\"@id\":\"https:\\\/\\\/www.eldigitaldeasturias.com\\\/noticias\\\/aumentan-las-prestaciones-economicas-a-familias-e-instituciones\\\/#webpage\",\"url\":\"https:\\\/\\\/www.eldigitaldeasturias.com\\\/noticias\\\/aumentan-las-prestaciones-economicas-a-familias-e-instituciones\\\/\",\"name\":\"Aumentan las prestaciones econ\\u00f3micas a familias e instituciones - El Digital de Asturias\",\"description\":\"Las prestaciones econ\\u00f3micas a familias e instituciones totalizaron 107.004,31 millones de euros, con un aumento de un 3,34% respecto al ejercicio anterior. Esta cifra representa un 93,89% del gasto total realizado en el sistema de Seguridad Social. En un an\\u00e1lisis detallado de las distintas prestaciones contributivas, las pensiones (incapacidad permanente, jubilaci\\u00f3n, viudedad, orfandad y a\",\"inLanguage\":\"es-ES\",\"isPartOf\":{\"@id\":\"https:\\\/\\\/www.eldigitaldeasturias.com\\\/noticias\\\/#website\"},\"breadcrumb\":{\"@id\":\"https:\\\/\\\/www.eldigitaldeasturias.com\\\/noticias\\\/aumentan-las-prestaciones-economicas-a-familias-e-instituciones\\\/#breadcrumblist\"},\"author\":{\"@id\":\"https:\\\/\\\/www.eldigitaldeasturias.com\\\/noticias\\\/author\\\/admin\\\/#author\"},\"creator\":{\"@id\":\"https:\\\/\\\/www.eldigitaldeasturias.com\\\/noticias\\\/author\\\/admin\\\/#author\"},\"image\":{\"@type\":\"ImageObject\",\"url\":\"https:\\\/\\\/www.eldigitaldeasturias.com\\\/noticias\\\/wp-content\\\/uploads\\\/2015\\\/11\\\/euros.jpg\",\"@id\":\"https:\\\/\\\/www.eldigitaldeasturias.com\\\/noticias\\\/aumentan-las-prestaciones-economicas-a-familias-e-instituciones\\\/#mainImage\",\"width\":800,\"height\":536,\"caption\":\"euros\"},\"primaryImageOfPage\":{\"@id\":\"https:\\\/\\\/www.eldigitaldeasturias.com\\\/noticias\\\/aumentan-las-prestaciones-economicas-a-familias-e-instituciones\\\/#mainImage\"},\"datePublished\":\"2017-11-28T18:01:42+01:00\",\"dateModified\":\"2017-11-28T18:01:42+01:00\"},{\"@type\":\"WebSite\",\"@id\":\"https:\\\/\\\/www.eldigitaldeasturias.com\\\/noticias\\\/#website\",\"url\":\"https:\\\/\\\/www.eldigitaldeasturias.com\\\/noticias\\\/\",\"name\":\"El Digital de Asturias - Diario de actualidad y noticias\",\"alternateName\":\"El Digital de Asturias - Diario de actualidad y noticias\",\"description\":\"Hemeroteca\",\"inLanguage\":\"es-ES\",\"publisher\":{\"@id\":\"https:\\\/\\\/www.eldigitaldeasturias.com\\\/noticias\\\/#organization\"}}]}\n\t\t<\/script>\n\t\t<!-- All in One SEO Pro -->\r\n\t\t<title>Aumentan las prestaciones econ\u00f3micas a familias e instituciones - El Digital de Asturias<\/title>\n\n","aioseo_head_json":{"title":"Aumentan las prestaciones econ\u00f3micas a familias e instituciones - El Digital de Asturias","description":"Las prestaciones econ\u00f3micas a familias e instituciones totalizaron 107.004,31 millones de euros, con un aumento de un 3,34% respecto al ejercicio anterior. Esta cifra representa un 93,89% del gasto total realizado en el sistema de Seguridad Social. En un an\u00e1lisis detallado de las distintas prestaciones contributivas, las pensiones (incapacidad permanente, jubilaci\u00f3n, viudedad, orfandad y a","canonical_url":"https:\/\/www.eldigitaldeasturias.com\/noticias\/aumentan-las-prestaciones-economicas-a-familias-e-instituciones\/","robots":"max-image-preview:large","keywords":"econom\u00eda","webmasterTools":{"google-site-verification":"UA-38556648-1","msvalidate.01":"7dfe9f3f1b24437ab69f4f2559babe99","miscellaneous":""},"schema":{"@context":"https:\/\/schema.org","@graph":[{"@type":"BlogPosting","@id":"https:\/\/www.eldigitaldeasturias.com\/noticias\/aumentan-las-prestaciones-economicas-a-familias-e-instituciones\/#blogposting","name":"Aumentan las prestaciones econ\u00f3micas a familias e instituciones - El Digital de Asturias","headline":"Aumentan las prestaciones econ\u00f3micas a familias e instituciones","author":{"@id":"https:\/\/www.eldigitaldeasturias.com\/noticias\/author\/admin\/#author"},"publisher":{"@id":"https:\/\/www.eldigitaldeasturias.com\/noticias\/#organization"},"image":{"@type":"ImageObject","url":"https:\/\/www.eldigitaldeasturias.com\/noticias\/wp-content\/uploads\/2015\/11\/euros.jpg","width":800,"height":536,"caption":"euros"},"datePublished":"2017-11-28T18:01:42+01:00","dateModified":"2017-11-28T18:01:42+01:00","inLanguage":"es-ES","mainEntityOfPage":{"@id":"https:\/\/www.eldigitaldeasturias.com\/noticias\/aumentan-las-prestaciones-economicas-a-familias-e-instituciones\/#webpage"},"isPartOf":{"@id":"https:\/\/www.eldigitaldeasturias.com\/noticias\/aumentan-las-prestaciones-economicas-a-familias-e-instituciones\/#webpage"},"articleSection":"Econom\u00eda"},{"@type":"BreadcrumbList","@id":"https:\/\/www.eldigitaldeasturias.com\/noticias\/aumentan-las-prestaciones-economicas-a-familias-e-instituciones\/#breadcrumblist","itemListElement":[{"@type":"ListItem","@id":"https:\/\/www.eldigitaldeasturias.com\/noticias#listItem","position":1,"name":"Home","item":"https:\/\/www.eldigitaldeasturias.com\/noticias","nextItem":{"@type":"ListItem","@id":"https:\/\/www.eldigitaldeasturias.com\/noticias\/category\/economia\/#listItem","name":"Econom\u00eda"}},{"@type":"ListItem","@id":"https:\/\/www.eldigitaldeasturias.com\/noticias\/category\/economia\/#listItem","position":2,"name":"Econom\u00eda","item":"https:\/\/www.eldigitaldeasturias.com\/noticias\/category\/economia\/","nextItem":{"@type":"ListItem","@id":"https:\/\/www.eldigitaldeasturias.com\/noticias\/aumentan-las-prestaciones-economicas-a-familias-e-instituciones\/#listItem","name":"Aumentan las prestaciones econ\u00f3micas a familias e instituciones"},"previousItem":{"@type":"ListItem","@id":"https:\/\/www.eldigitaldeasturias.com\/noticias#listItem","name":"Home"}},{"@type":"ListItem","@id":"https:\/\/www.eldigitaldeasturias.com\/noticias\/aumentan-las-prestaciones-economicas-a-familias-e-instituciones\/#listItem","position":3,"name":"Aumentan las prestaciones econ\u00f3micas a familias e instituciones","previousItem":{"@type":"ListItem","@id":"https:\/\/www.eldigitaldeasturias.com\/noticias\/category\/economia\/#listItem","name":"Econom\u00eda"}}]},{"@type":"Organization","@id":"https:\/\/www.eldigitaldeasturias.com\/noticias\/#organization","name":"El Digital de Asturias","description":"Hemeroteca","url":"https:\/\/www.eldigitaldeasturias.com\/noticias\/","email":"info@eldigitaldeasturias.com","telephone":"+34652131393","logo":{"@type":"ImageObject","url":"https:\/\/www.eldigitaldeasturias.com\/noticias\/wp-content\/uploads\/2020\/12\/EDA.jpg","@id":"https:\/\/www.eldigitaldeasturias.com\/noticias\/aumentan-las-prestaciones-economicas-a-familias-e-instituciones\/#organizationLogo","width":649,"height":297},"image":{"@id":"https:\/\/www.eldigitaldeasturias.com\/noticias\/aumentan-las-prestaciones-economicas-a-familias-e-instituciones\/#organizationLogo"},"sameAs":["https:\/\/facebook.com\/eldigitaldeasturias","https:\/\/www.youtube.com\/channel\/UCZP-2wLEB9Rv6erhFmqVnvg"],"address":{"@id":"https:\/\/www.eldigitaldeasturias.com\/noticias\/#postaladdress","@type":"PostalAddress","streetAddress":"san antonio 4,","postalCode":"33430","addressLocality":"Cand\u00e1s","addressRegion":"Asturias","addressCountry":"ES"}},{"@type":"Person","@id":"https:\/\/www.eldigitaldeasturias.com\/noticias\/author\/admin\/#author","url":"https:\/\/www.eldigitaldeasturias.com\/noticias\/author\/admin\/","name":"El Digital de Asturias","image":{"@type":"ImageObject","@id":"https:\/\/www.eldigitaldeasturias.com\/noticias\/aumentan-las-prestaciones-economicas-a-familias-e-instituciones\/#authorImage","url":"https:\/\/www.eldigitaldeasturias.com\/noticias\/wp-content\/litespeed\/avatar\/18677e78aa0546b92d9dbf31ec7d7668.jpg?ver=1777290358","width":96,"height":96,"caption":"El Digital de Asturias"}},{"@type":"WebPage","@id":"https:\/\/www.eldigitaldeasturias.com\/noticias\/aumentan-las-prestaciones-economicas-a-familias-e-instituciones\/#webpage","url":"https:\/\/www.eldigitaldeasturias.com\/noticias\/aumentan-las-prestaciones-economicas-a-familias-e-instituciones\/","name":"Aumentan las prestaciones econ\u00f3micas a familias e instituciones - El Digital de Asturias","description":"Las prestaciones econ\u00f3micas a familias e instituciones totalizaron 107.004,31 millones de euros, con un aumento de un 3,34% respecto al ejercicio anterior. Esta cifra representa un 93,89% del gasto total realizado en el sistema de Seguridad Social. En un an\u00e1lisis detallado de las distintas prestaciones contributivas, las pensiones (incapacidad permanente, jubilaci\u00f3n, viudedad, orfandad y a","inLanguage":"es-ES","isPartOf":{"@id":"https:\/\/www.eldigitaldeasturias.com\/noticias\/#website"},"breadcrumb":{"@id":"https:\/\/www.eldigitaldeasturias.com\/noticias\/aumentan-las-prestaciones-economicas-a-familias-e-instituciones\/#breadcrumblist"},"author":{"@id":"https:\/\/www.eldigitaldeasturias.com\/noticias\/author\/admin\/#author"},"creator":{"@id":"https:\/\/www.eldigitaldeasturias.com\/noticias\/author\/admin\/#author"},"image":{"@type":"ImageObject","url":"https:\/\/www.eldigitaldeasturias.com\/noticias\/wp-content\/uploads\/2015\/11\/euros.jpg","@id":"https:\/\/www.eldigitaldeasturias.com\/noticias\/aumentan-las-prestaciones-economicas-a-familias-e-instituciones\/#mainImage","width":800,"height":536,"caption":"euros"},"primaryImageOfPage":{"@id":"https:\/\/www.eldigitaldeasturias.com\/noticias\/aumentan-las-prestaciones-economicas-a-familias-e-instituciones\/#mainImage"},"datePublished":"2017-11-28T18:01:42+01:00","dateModified":"2017-11-28T18:01:42+01:00"},{"@type":"WebSite","@id":"https:\/\/www.eldigitaldeasturias.com\/noticias\/#website","url":"https:\/\/www.eldigitaldeasturias.com\/noticias\/","name":"El Digital de Asturias - Diario de actualidad y noticias","alternateName":"El Digital de Asturias - Diario de actualidad y noticias","description":"Hemeroteca","inLanguage":"es-ES","publisher":{"@id":"https:\/\/www.eldigitaldeasturias.com\/noticias\/#organization"}}]},"og:locale":"es_ES","og:site_name":"El Digital de Asturias","og:type":"article","og:title":"Aumentan las prestaciones econ\u00f3micas a familias e instituciones - El Digital de Asturias","og:description":"Las prestaciones econ\u00f3micas a familias e instituciones totalizaron 107.004,31 millones de euros, con un aumento de un 3,34% respecto al ejercicio anterior. Esta cifra representa un 93,89% del gasto total realizado en el sistema de Seguridad Social. En un an\u00e1lisis detallado de las distintas prestaciones contributivas, las pensiones (incapacidad permanente, jubilaci\u00f3n, viudedad, orfandad y a","og:url":"https:\/\/www.eldigitaldeasturias.com\/noticias\/aumentan-las-prestaciones-economicas-a-familias-e-instituciones\/","og:image":"https:\/\/www.eldigitaldeasturias.com\/noticias\/wp-content\/uploads\/2015\/11\/euros.jpg","og:image:secure_url":"https:\/\/www.eldigitaldeasturias.com\/noticias\/wp-content\/uploads\/2015\/11\/euros.jpg","og:image:width":800,"og:image:height":536,"article:tag":["econom\u00eda"],"article:published_time":"2017-11-28T18:01:42+00:00","article:modified_time":"2017-11-28T18:01:42+00:00","article:publisher":"https:\/\/facebook.com\/eldigitaldeasturias","twitter:card":"summary_large_image","twitter:title":"Aumentan las prestaciones econ\u00f3micas a familias e instituciones - El Digital de Asturias","twitter:description":"Las prestaciones econ\u00f3micas a familias e instituciones totalizaron 107.004,31 millones de euros, con un aumento de un 3,34% respecto al ejercicio anterior. Esta cifra representa un 93,89% del gasto total realizado en el sistema de Seguridad Social. En un an\u00e1lisis detallado de las distintas prestaciones contributivas, las pensiones (incapacidad permanente, jubilaci\u00f3n, viudedad, orfandad y a","twitter:image":"https:\/\/www.eldigitaldeasturias.com\/noticias\/wp-content\/uploads\/2015\/11\/euros.jpg","twitter:label1":"Escrito por","twitter:data1":"El Digital de Asturias","twitter:label2":"Tiempo de lectura estimado","twitter:data2":"1 minuto"},"aioseo_meta_data":{"post_id":"961600","title":null,"description":null,"keywords":null,"keyphrases":null,"primary_term":null,"canonical_url":null,"og_title":null,"og_description":null,"og_object_type":"default","og_image_type":"default","og_image_url":null,"og_image_width":null,"og_image_height":null,"og_image_custom_url":null,"og_image_custom_fields":null,"og_video":null,"og_custom_url":null,"og_article_section":null,"og_article_tags":null,"twitter_use_og":false,"twitter_card":"default","twitter_image_type":"default","twitter_image_url":null,"twitter_image_custom_url":null,"twitter_image_custom_fields":null,"twitter_title":null,"twitter_description":null,"schema":{"blockGraphs":[],"customGraphs":[],"default":{"data":{"Article":[],"Course":[],"Dataset":[],"FAQPage":[],"Movie":[],"Person":[],"Product":[],"ProductReview":[],"Car":[],"Recipe":[],"Service":[],"SoftwareApplication":[],"WebPage":[]},"graphName":"","isEnabled":true},"graphs":[],"defaultGraph":"","defaultPostTypeGraph":""},"schema_type":null,"schema_type_options":null,"pillar_content":false,"robots_default":true,"robots_noindex":false,"robots_noarchive":false,"robots_nosnippet":false,"robots_nofollow":false,"robots_noimageindex":false,"robots_noodp":false,"robots_notranslate":false,"robots_max_snippet":null,"robots_max_videopreview":null,"robots_max_imagepreview":"large","priority":null,"frequency":null,"local_seo":null,"seo_analyzer_scan_date":"2025-12-07 09:28:04","breadcrumb_settings":null,"limit_modified_date":false,"open_ai":null,"ai":null,"created":"2020-12-21 12:48:36","updated":"2025-12-07 09:28:04"},"aioseo_breadcrumb":"<div class=\"aioseo-breadcrumbs\"><span class=\"aioseo-breadcrumb\">\n\t<a href=\"https:\/\/www.eldigitaldeasturias.com\/noticias\" title=\"Home\">Home<\/a>\n<\/span><span class=\"aioseo-breadcrumb-separator\">\u2013<\/span><span class=\"aioseo-breadcrumb\">\n\t<a href=\"https:\/\/www.eldigitaldeasturias.com\/noticias\/category\/economia\/\" title=\"Econom\u00eda\">Econom\u00eda<\/a>\n<\/span><span class=\"aioseo-breadcrumb-separator\">\u2013<\/span><span class=\"aioseo-breadcrumb\">\n\t<a href=\"https:\/\/www.eldigitaldeasturias.com\/noticias\/aumentan-las-prestaciones-economicas-a-familias-e-instituciones\/\" title=\"Aumentan las prestaciones econ\u00f3micas a familias e instituciones\">Aumentan las prestaciones econ\u00f3micas a familias e instituciones<\/a>\n<\/span><\/div>","aioseo_breadcrumb_json":[{"label":"Home","link":"https:\/\/www.eldigitaldeasturias.com\/noticias"},{"label":"Econom\u00eda","link":"https:\/\/www.eldigitaldeasturias.com\/noticias\/category\/economia\/"},{"label":"Aumentan las prestaciones econ\u00f3micas a familias e instituciones","link":"https:\/\/www.eldigitaldeasturias.com\/noticias\/aumentan-las-prestaciones-economicas-a-familias-e-instituciones\/"}],"_links":{"self":[{"href":"https:\/\/www.eldigitaldeasturias.com\/noticias\/wp-json\/wp\/v2\/posts\/961600","targetHints":{"allow":["GET"]}}],"collection":[{"href":"https:\/\/www.eldigitaldeasturias.com\/noticias\/wp-json\/wp\/v2\/posts"}],"about":[{"href":"https:\/\/www.eldigitaldeasturias.com\/noticias\/wp-json\/wp\/v2\/types\/post"}],"author":[{"embeddable":true,"href":"https:\/\/www.eldigitaldeasturias.com\/noticias\/wp-json\/wp\/v2\/users\/1"}],"replies":[{"embeddable":true,"href":"https:\/\/www.eldigitaldeasturias.com\/noticias\/wp-json\/wp\/v2\/comments?post=961600"}],"version-history":[{"count":0,"href":"https:\/\/www.eldigitaldeasturias.com\/noticias\/wp-json\/wp\/v2\/posts\/961600\/revisions"}],"wp:featuredmedia":[{"embeddable":true,"href":"https:\/\/www.eldigitaldeasturias.com\/noticias\/wp-json\/wp\/v2\/media\/822740"}],"wp:attachment":[{"href":"https:\/\/www.eldigitaldeasturias.com\/noticias\/wp-json\/wp\/v2\/media?parent=961600"}],"wp:term":[{"taxonomy":"category","embeddable":true,"href":"https:\/\/www.eldigitaldeasturias.com\/noticias\/wp-json\/wp\/v2\/categories?post=961600"},{"taxonomy":"post_tag","embeddable":true,"href":"https:\/\/www.eldigitaldeasturias.com\/noticias\/wp-json\/wp\/v2\/tags?post=961600"}],"curies":[{"name":"wp","href":"https:\/\/api.w.org\/{rel}","templated":true}]}}