{"id":961592,"date":"2017-11-28T17:51:21","date_gmt":"2017-11-28T17:51:21","guid":{"rendered":"http:\/\/www.eldigitaldeasturias.com\/noticias\/?p=961592"},"modified":"2017-11-28T17:51:21","modified_gmt":"2017-11-28T17:51:21","slug":"gaston-destaca-el-impulso-que-apl-esta-dando-al-transporte-ferroviario-de-mercancias","status":"publish","type":"post","link":"https:\/\/www.eldigitaldeasturias.com\/noticias\/gaston-destaca-el-impulso-que-apl-esta-dando-al-transporte-ferroviario-de-mercancias\/","title":{"rendered":"Gast\u00f3n destaca el impulso que APL est\u00e1 dando al transporte ferroviario de mercanc\u00edas"},"content":{"rendered":"<p><img loading=\"lazy\" decoding=\"async\" class=\"alignleft size-medium wp-image-961593\" src=\"https:\/\/www.eldigitaldeasturias.com\/noticias\/wp-content\/uploads\/2017\/11\/imagenes_20171128_141309_resized_daf2f356-360x159.jpg\" alt=\"\" width=\"360\" height=\"159\" srcset=\"https:\/\/www.eldigitaldeasturias.com\/noticias\/wp-content\/uploads\/2017\/11\/imagenes_20171128_141309_resized_daf2f356-360x159.jpg 360w, https:\/\/www.eldigitaldeasturias.com\/noticias\/wp-content\/uploads\/2017\/11\/imagenes_20171128_141309_resized_daf2f356-650x288.jpg 650w, https:\/\/www.eldigitaldeasturias.com\/noticias\/wp-content\/uploads\/2017\/11\/imagenes_20171128_141309_resized_daf2f356-250x110.jpg 250w, https:\/\/www.eldigitaldeasturias.com\/noticias\/wp-content\/uploads\/2017\/11\/imagenes_20171128_141309_resized_daf2f356.jpg 700w\" sizes=\"auto, (max-width: 360px) 100vw, 360px\" \/>La voluntad del Gobierno de Arag\u00f3n es seguir apoyando el renacimiento del sector ferroviario destinado a mercanc\u00edas, contando con todas las empresas, p\u00fablicas y privadas, para seguir ganando en intermodalidad y, con ello, en competitividad y calidad del servicio, lo que ya nos est\u00e1 convirtiendo, a trav\u00e9s del trabajo que impulsa Arag\u00f3n Plataforma Log\u00edstica (APL), en una referencia nacional. Este ha sido uno de los argumentos que la consejera de Econom\u00eda, Industria y Empleo, Marta Gast\u00f3n, ha expuesto en la clausura de la jornada celebrada esta ma\u00f1ana en la Sala de la Corona del Edificio Pignatelli, y que ha girado sobre \u201cLas terminales ferroviarias intermodales de mercanc\u00edas como factor de competitividad en el transporte: el caso de Arag\u00f3n\u201d, organizada por el Ejecutivo auton\u00f3mico y la Asociaci\u00f3n de Empresas Ferroviarias Privadas (AEPF).<\/p>\n<p>La consejera Gast\u00f3n ha recordado que la excelencia log\u00edstica es una de las se\u00f1as de identidad de nuestra Comunidad y por ello se ha mostrado satisfecha de recibir en la sede del Gobierno de Arag\u00f3n a las empresas ferroviarias privadas y a los representantes de los Puertos espa\u00f1oles, otro de los elementos clave en el resurgir del tr\u00e1fico ferroviario de mercanc\u00edas en Arag\u00f3n.<\/p>\n<p>Adem\u00e1s de la Terminal Mar\u00edtima de Zaragoza (TMZ) -cuyo impulso y desarrollo fue uno de los protagonistas de la primera mesa de la jornada, corriendo a cargo del gerente de APL, Francisco de la Fuente-, la dotaci\u00f3n de terminales intermodales en la Comunidad facilita que Arag\u00f3n se haya convertido en una referencia para el sector. Gast\u00f3n ha mencionado, entre otras, la Terminal Intermodal de Monz\u00f3n, la gestionada por JCV en Plaza, o incluso otras que est\u00e1n proyectadas, como la de Plhus en Huesca o la ampliaci\u00f3n en Platea.<\/p>\n<p>La intenci\u00f3n final de este esfuerzo conjunto plasmado en APL es, seg\u00fan la consejera, el impulso definitivo del transporte ferroviario de mercanc\u00edas, que acumula un retraso desde la d\u00e9cada de los 60, y redimensionar el carretero, que -aun siendo \u00e1gil y competitivo- ha generado una distribuci\u00f3n modal descompensada y dif\u00edcil de mantener desde el punto de vista medioambiental.<\/p>\n<p>Asimismo, Gast\u00f3n ha destacado el objetivo de extender el tr\u00e1fico ferroviario de mercanc\u00edas desde las terminales aragonesas al \u00e1mbito continental; en primer lugar en Europa y tambi\u00e9n hacia la apertura de nuevos mercados en pa\u00edses de gran potencial como Rusia o China. Finalmente, ha subrayado el compromiso del Gobierno de Arag\u00f3n de acompa\u00f1ar a los agentes econ\u00f3micos del sector para seguir ganando competitividad en la Comundad.<\/p>\n<p>Antes de la clausura de la consejera, De la Fuente ha esxplicado que uno de los objetivos prioritarios en APL es el impulso de la citada colaboraci\u00f3n p\u00fablico privada para trasladar el \u00e9xito materializado en la TMZ a las plataformas de Zaragoza, Huesca y Teruel porque \u201clas infraestructuras son importantes pero a\u00fan lo es m\u00e1s una correcta gesti\u00f3n y estrategia conjunta\u201d.<\/p>\n","protected":false},"excerpt":{"rendered":"<p>La voluntad del Gobierno de Arag\u00f3n es seguir apoyando el renacimiento del sector ferroviario destinado a mercanc\u00edas, contando con todas las empresas, p\u00fablicas y privadas, para seguir ganando en intermodalidad y, con ello, en competitividad y calidad del servicio, lo que ya nos est\u00e1 convirtiendo, a trav\u00e9s del trabajo que impulsa Arag\u00f3n Plataforma Log\u00edstica (APL), [&hellip;]<\/p>\n","protected":false},"author":1,"featured_media":961593,"comment_status":"closed","ping_status":"closed","sticky":false,"template":"","format":"standard","meta":{"footnotes":""},"categories":[187],"tags":[],"class_list":["post-961592","post","type-post","status-publish","format-standard","has-post-thumbnail","hentry","category-economia"],"aioseo_notices":[],"aioseo_head":"\n\t\t<!-- All in One SEO Pro 4.9.6.2 - aioseo.com -->\n\t<meta name=\"description\" content=\"La voluntad del Gobierno de Arag\u00f3n es seguir apoyando el renacimiento del sector ferroviario destinado a mercanc\u00edas, contando con todas las empresas, p\u00fablicas y privadas, para seguir ganando en intermodalidad y, con ello, en competitividad y calidad del servicio, lo que ya nos est\u00e1 convirtiendo, a trav\u00e9s del trabajo que impulsa Arag\u00f3n Plataforma Log\u00edstica (APL),\" \/>\n\t<meta name=\"robots\" content=\"max-image-preview:large\" \/>\n\t<meta name=\"author\" content=\"El Digital de Asturias\"\/>\n\t<meta name=\"google-site-verification\" content=\"UA-38556648-1\" \/>\n\t<meta name=\"msvalidate.01\" content=\"7dfe9f3f1b24437ab69f4f2559babe99\" \/>\n\t<meta name=\"keywords\" content=\"econom\u00eda\" \/>\n\t<link rel=\"canonical\" href=\"https:\/\/www.eldigitaldeasturias.com\/noticias\/gaston-destaca-el-impulso-que-apl-esta-dando-al-transporte-ferroviario-de-mercancias\/\" \/>\n\t<meta name=\"generator\" content=\"All in One SEO Pro (AIOSEO) 4.9.6.2\" \/>\n\t\t<meta property=\"og:locale\" content=\"es_ES\" \/>\n\t\t<meta property=\"og:site_name\" content=\"El Digital de Asturias\" \/>\n\t\t<meta property=\"og:type\" content=\"article\" \/>\n\t\t<meta property=\"og:title\" content=\"Gast\u00f3n destaca el impulso que APL est\u00e1 dando al transporte ferroviario de mercanc\u00edas - El Digital de Asturias\" \/>\n\t\t<meta property=\"og:description\" content=\"La voluntad del Gobierno de Arag\u00f3n es seguir apoyando el renacimiento del sector ferroviario destinado a mercanc\u00edas, contando con todas las empresas, p\u00fablicas y privadas, para seguir ganando en intermodalidad y, con ello, en competitividad y calidad del servicio, lo que ya nos est\u00e1 convirtiendo, a trav\u00e9s del trabajo que impulsa Arag\u00f3n Plataforma Log\u00edstica (APL),\" \/>\n\t\t<meta property=\"og:url\" content=\"https:\/\/www.eldigitaldeasturias.com\/noticias\/gaston-destaca-el-impulso-que-apl-esta-dando-al-transporte-ferroviario-de-mercancias\/\" \/>\n\t\t<meta property=\"og:image\" content=\"https:\/\/www.eldigitaldeasturias.com\/noticias\/wp-content\/uploads\/2017\/11\/imagenes_20171128_141309_resized_daf2f356.jpg\" \/>\n\t\t<meta property=\"og:image:secure_url\" content=\"https:\/\/www.eldigitaldeasturias.com\/noticias\/wp-content\/uploads\/2017\/11\/imagenes_20171128_141309_resized_daf2f356.jpg\" \/>\n\t\t<meta property=\"og:image:width\" content=\"700\" \/>\n\t\t<meta property=\"og:image:height\" content=\"310\" \/>\n\t\t<meta property=\"article:tag\" content=\"econom\u00eda\" \/>\n\t\t<meta property=\"article:published_time\" content=\"2017-11-28T17:51:21+00:00\" \/>\n\t\t<meta property=\"article:modified_time\" content=\"2017-11-28T17:51:21+00:00\" \/>\n\t\t<meta property=\"article:publisher\" content=\"https:\/\/facebook.com\/eldigitaldeasturias\" \/>\n\t\t<meta name=\"twitter:card\" content=\"summary_large_image\" \/>\n\t\t<meta name=\"twitter:title\" content=\"Gast\u00f3n destaca el impulso que APL est\u00e1 dando al transporte ferroviario de mercanc\u00edas - El Digital de Asturias\" \/>\n\t\t<meta name=\"twitter:description\" content=\"La voluntad del Gobierno de Arag\u00f3n es seguir apoyando el renacimiento del sector ferroviario destinado a mercanc\u00edas, contando con todas las empresas, p\u00fablicas y privadas, para seguir ganando en intermodalidad y, con ello, en competitividad y calidad del servicio, lo que ya nos est\u00e1 convirtiendo, a trav\u00e9s del trabajo que impulsa Arag\u00f3n Plataforma Log\u00edstica (APL),\" \/>\n\t\t<meta name=\"twitter:image\" content=\"https:\/\/www.eldigitaldeasturias.com\/noticias\/wp-content\/uploads\/2017\/11\/imagenes_20171128_141309_resized_daf2f356.jpg\" \/>\n\t\t<meta name=\"twitter:label1\" content=\"Escrito por\" \/>\n\t\t<meta name=\"twitter:data1\" content=\"El Digital de Asturias\" \/>\n\t\t<meta name=\"twitter:label2\" content=\"Tiempo de lectura estimado\" \/>\n\t\t<meta name=\"twitter:data2\" content=\"3 minutos\" \/>\n\t\t<script type=\"application\/ld+json\" class=\"aioseo-schema\">\n\t\t\t{\"@context\":\"https:\\\/\\\/schema.org\",\"@graph\":[{\"@type\":\"BlogPosting\",\"@id\":\"https:\\\/\\\/www.eldigitaldeasturias.com\\\/noticias\\\/gaston-destaca-el-impulso-que-apl-esta-dando-al-transporte-ferroviario-de-mercancias\\\/#blogposting\",\"name\":\"Gast\\u00f3n destaca el impulso que APL est\\u00e1 dando al transporte ferroviario de mercanc\\u00edas - El Digital de Asturias\",\"headline\":\"Gast\\u00f3n destaca el impulso que APL est\\u00e1 dando al transporte ferroviario de mercanc\\u00edas\",\"author\":{\"@id\":\"https:\\\/\\\/www.eldigitaldeasturias.com\\\/noticias\\\/author\\\/admin\\\/#author\"},\"publisher\":{\"@id\":\"https:\\\/\\\/www.eldigitaldeasturias.com\\\/noticias\\\/#organization\"},\"image\":{\"@type\":\"ImageObject\",\"url\":\"https:\\\/\\\/www.eldigitaldeasturias.com\\\/noticias\\\/wp-content\\\/uploads\\\/2017\\\/11\\\/imagenes_20171128_141309_resized_daf2f356.jpg\",\"width\":700,\"height\":310},\"datePublished\":\"2017-11-28T17:51:21+01:00\",\"dateModified\":\"2017-11-28T17:51:21+01:00\",\"inLanguage\":\"es-ES\",\"mainEntityOfPage\":{\"@id\":\"https:\\\/\\\/www.eldigitaldeasturias.com\\\/noticias\\\/gaston-destaca-el-impulso-que-apl-esta-dando-al-transporte-ferroviario-de-mercancias\\\/#webpage\"},\"isPartOf\":{\"@id\":\"https:\\\/\\\/www.eldigitaldeasturias.com\\\/noticias\\\/gaston-destaca-el-impulso-que-apl-esta-dando-al-transporte-ferroviario-de-mercancias\\\/#webpage\"},\"articleSection\":\"Econom\\u00eda\"},{\"@type\":\"BreadcrumbList\",\"@id\":\"https:\\\/\\\/www.eldigitaldeasturias.com\\\/noticias\\\/gaston-destaca-el-impulso-que-apl-esta-dando-al-transporte-ferroviario-de-mercancias\\\/#breadcrumblist\",\"itemListElement\":[{\"@type\":\"ListItem\",\"@id\":\"https:\\\/\\\/www.eldigitaldeasturias.com\\\/noticias#listItem\",\"position\":1,\"name\":\"Home\",\"item\":\"https:\\\/\\\/www.eldigitaldeasturias.com\\\/noticias\",\"nextItem\":{\"@type\":\"ListItem\",\"@id\":\"https:\\\/\\\/www.eldigitaldeasturias.com\\\/noticias\\\/category\\\/economia\\\/#listItem\",\"name\":\"Econom\\u00eda\"}},{\"@type\":\"ListItem\",\"@id\":\"https:\\\/\\\/www.eldigitaldeasturias.com\\\/noticias\\\/category\\\/economia\\\/#listItem\",\"position\":2,\"name\":\"Econom\\u00eda\",\"item\":\"https:\\\/\\\/www.eldigitaldeasturias.com\\\/noticias\\\/category\\\/economia\\\/\",\"nextItem\":{\"@type\":\"ListItem\",\"@id\":\"https:\\\/\\\/www.eldigitaldeasturias.com\\\/noticias\\\/gaston-destaca-el-impulso-que-apl-esta-dando-al-transporte-ferroviario-de-mercancias\\\/#listItem\",\"name\":\"Gast\\u00f3n destaca el impulso que APL est\\u00e1 dando al transporte ferroviario de mercanc\\u00edas\"},\"previousItem\":{\"@type\":\"ListItem\",\"@id\":\"https:\\\/\\\/www.eldigitaldeasturias.com\\\/noticias#listItem\",\"name\":\"Home\"}},{\"@type\":\"ListItem\",\"@id\":\"https:\\\/\\\/www.eldigitaldeasturias.com\\\/noticias\\\/gaston-destaca-el-impulso-que-apl-esta-dando-al-transporte-ferroviario-de-mercancias\\\/#listItem\",\"position\":3,\"name\":\"Gast\\u00f3n destaca el impulso que APL est\\u00e1 dando al transporte ferroviario de mercanc\\u00edas\",\"previousItem\":{\"@type\":\"ListItem\",\"@id\":\"https:\\\/\\\/www.eldigitaldeasturias.com\\\/noticias\\\/category\\\/economia\\\/#listItem\",\"name\":\"Econom\\u00eda\"}}]},{\"@type\":\"Organization\",\"@id\":\"https:\\\/\\\/www.eldigitaldeasturias.com\\\/noticias\\\/#organization\",\"name\":\"El Digital de Asturias\",\"description\":\"Hemeroteca\",\"url\":\"https:\\\/\\\/www.eldigitaldeasturias.com\\\/noticias\\\/\",\"email\":\"info@eldigitaldeasturias.com\",\"telephone\":\"+34652131393\",\"logo\":{\"@type\":\"ImageObject\",\"url\":\"https:\\\/\\\/www.eldigitaldeasturias.com\\\/noticias\\\/wp-content\\\/uploads\\\/2020\\\/12\\\/EDA.jpg\",\"@id\":\"https:\\\/\\\/www.eldigitaldeasturias.com\\\/noticias\\\/gaston-destaca-el-impulso-que-apl-esta-dando-al-transporte-ferroviario-de-mercancias\\\/#organizationLogo\",\"width\":649,\"height\":297},\"image\":{\"@id\":\"https:\\\/\\\/www.eldigitaldeasturias.com\\\/noticias\\\/gaston-destaca-el-impulso-que-apl-esta-dando-al-transporte-ferroviario-de-mercancias\\\/#organizationLogo\"},\"sameAs\":[\"https:\\\/\\\/facebook.com\\\/eldigitaldeasturias\",\"https:\\\/\\\/www.youtube.com\\\/channel\\\/UCZP-2wLEB9Rv6erhFmqVnvg\"],\"address\":{\"@id\":\"https:\\\/\\\/www.eldigitaldeasturias.com\\\/noticias\\\/#postaladdress\",\"@type\":\"PostalAddress\",\"streetAddress\":\"san antonio 4,\",\"postalCode\":\"33430\",\"addressLocality\":\"Cand\\u00e1s\",\"addressRegion\":\"Asturias\",\"addressCountry\":\"ES\"}},{\"@type\":\"Person\",\"@id\":\"https:\\\/\\\/www.eldigitaldeasturias.com\\\/noticias\\\/author\\\/admin\\\/#author\",\"url\":\"https:\\\/\\\/www.eldigitaldeasturias.com\\\/noticias\\\/author\\\/admin\\\/\",\"name\":\"El Digital de Asturias\",\"image\":{\"@type\":\"ImageObject\",\"@id\":\"https:\\\/\\\/www.eldigitaldeasturias.com\\\/noticias\\\/gaston-destaca-el-impulso-que-apl-esta-dando-al-transporte-ferroviario-de-mercancias\\\/#authorImage\",\"url\":\"https:\\\/\\\/www.eldigitaldeasturias.com\\\/noticias\\\/wp-content\\\/litespeed\\\/avatar\\\/18677e78aa0546b92d9dbf31ec7d7668.jpg?ver=1777290358\",\"width\":96,\"height\":96,\"caption\":\"El Digital de Asturias\"}},{\"@type\":\"WebPage\",\"@id\":\"https:\\\/\\\/www.eldigitaldeasturias.com\\\/noticias\\\/gaston-destaca-el-impulso-que-apl-esta-dando-al-transporte-ferroviario-de-mercancias\\\/#webpage\",\"url\":\"https:\\\/\\\/www.eldigitaldeasturias.com\\\/noticias\\\/gaston-destaca-el-impulso-que-apl-esta-dando-al-transporte-ferroviario-de-mercancias\\\/\",\"name\":\"Gast\\u00f3n destaca el impulso que APL est\\u00e1 dando al transporte ferroviario de mercanc\\u00edas - El Digital de Asturias\",\"description\":\"La voluntad del Gobierno de Arag\\u00f3n es seguir apoyando el renacimiento del sector ferroviario destinado a mercanc\\u00edas, contando con todas las empresas, p\\u00fablicas y privadas, para seguir ganando en intermodalidad y, con ello, en competitividad y calidad del servicio, lo que ya nos est\\u00e1 convirtiendo, a trav\\u00e9s del trabajo que impulsa Arag\\u00f3n Plataforma Log\\u00edstica (APL),\",\"inLanguage\":\"es-ES\",\"isPartOf\":{\"@id\":\"https:\\\/\\\/www.eldigitaldeasturias.com\\\/noticias\\\/#website\"},\"breadcrumb\":{\"@id\":\"https:\\\/\\\/www.eldigitaldeasturias.com\\\/noticias\\\/gaston-destaca-el-impulso-que-apl-esta-dando-al-transporte-ferroviario-de-mercancias\\\/#breadcrumblist\"},\"author\":{\"@id\":\"https:\\\/\\\/www.eldigitaldeasturias.com\\\/noticias\\\/author\\\/admin\\\/#author\"},\"creator\":{\"@id\":\"https:\\\/\\\/www.eldigitaldeasturias.com\\\/noticias\\\/author\\\/admin\\\/#author\"},\"image\":{\"@type\":\"ImageObject\",\"url\":\"https:\\\/\\\/www.eldigitaldeasturias.com\\\/noticias\\\/wp-content\\\/uploads\\\/2017\\\/11\\\/imagenes_20171128_141309_resized_daf2f356.jpg\",\"@id\":\"https:\\\/\\\/www.eldigitaldeasturias.com\\\/noticias\\\/gaston-destaca-el-impulso-que-apl-esta-dando-al-transporte-ferroviario-de-mercancias\\\/#mainImage\",\"width\":700,\"height\":310},\"primaryImageOfPage\":{\"@id\":\"https:\\\/\\\/www.eldigitaldeasturias.com\\\/noticias\\\/gaston-destaca-el-impulso-que-apl-esta-dando-al-transporte-ferroviario-de-mercancias\\\/#mainImage\"},\"datePublished\":\"2017-11-28T17:51:21+01:00\",\"dateModified\":\"2017-11-28T17:51:21+01:00\"},{\"@type\":\"WebSite\",\"@id\":\"https:\\\/\\\/www.eldigitaldeasturias.com\\\/noticias\\\/#website\",\"url\":\"https:\\\/\\\/www.eldigitaldeasturias.com\\\/noticias\\\/\",\"name\":\"El Digital de Asturias - Diario de actualidad y noticias\",\"alternateName\":\"El Digital de Asturias - Diario de actualidad y noticias\",\"description\":\"Hemeroteca\",\"inLanguage\":\"es-ES\",\"publisher\":{\"@id\":\"https:\\\/\\\/www.eldigitaldeasturias.com\\\/noticias\\\/#organization\"}}]}\n\t\t<\/script>\n\t\t<!-- All in One SEO Pro -->\r\n\t\t<title>Gast\u00f3n destaca el impulso que APL est\u00e1 dando al transporte ferroviario de mercanc\u00edas - El Digital de Asturias<\/title>\n\n","aioseo_head_json":{"title":"Gast\u00f3n destaca el impulso que APL est\u00e1 dando al transporte ferroviario de mercanc\u00edas - El Digital de Asturias","description":"La voluntad del Gobierno de Arag\u00f3n es seguir apoyando el renacimiento del sector ferroviario destinado a mercanc\u00edas, contando con todas las empresas, p\u00fablicas y privadas, para seguir ganando en intermodalidad y, con ello, en competitividad y calidad del servicio, lo que ya nos est\u00e1 convirtiendo, a trav\u00e9s del trabajo que impulsa Arag\u00f3n Plataforma Log\u00edstica (APL),","canonical_url":"https:\/\/www.eldigitaldeasturias.com\/noticias\/gaston-destaca-el-impulso-que-apl-esta-dando-al-transporte-ferroviario-de-mercancias\/","robots":"max-image-preview:large","keywords":"econom\u00eda","webmasterTools":{"google-site-verification":"UA-38556648-1","msvalidate.01":"7dfe9f3f1b24437ab69f4f2559babe99","miscellaneous":""},"schema":{"@context":"https:\/\/schema.org","@graph":[{"@type":"BlogPosting","@id":"https:\/\/www.eldigitaldeasturias.com\/noticias\/gaston-destaca-el-impulso-que-apl-esta-dando-al-transporte-ferroviario-de-mercancias\/#blogposting","name":"Gast\u00f3n destaca el impulso que APL est\u00e1 dando al transporte ferroviario de mercanc\u00edas - El Digital de Asturias","headline":"Gast\u00f3n destaca el impulso que APL est\u00e1 dando al transporte ferroviario de mercanc\u00edas","author":{"@id":"https:\/\/www.eldigitaldeasturias.com\/noticias\/author\/admin\/#author"},"publisher":{"@id":"https:\/\/www.eldigitaldeasturias.com\/noticias\/#organization"},"image":{"@type":"ImageObject","url":"https:\/\/www.eldigitaldeasturias.com\/noticias\/wp-content\/uploads\/2017\/11\/imagenes_20171128_141309_resized_daf2f356.jpg","width":700,"height":310},"datePublished":"2017-11-28T17:51:21+01:00","dateModified":"2017-11-28T17:51:21+01:00","inLanguage":"es-ES","mainEntityOfPage":{"@id":"https:\/\/www.eldigitaldeasturias.com\/noticias\/gaston-destaca-el-impulso-que-apl-esta-dando-al-transporte-ferroviario-de-mercancias\/#webpage"},"isPartOf":{"@id":"https:\/\/www.eldigitaldeasturias.com\/noticias\/gaston-destaca-el-impulso-que-apl-esta-dando-al-transporte-ferroviario-de-mercancias\/#webpage"},"articleSection":"Econom\u00eda"},{"@type":"BreadcrumbList","@id":"https:\/\/www.eldigitaldeasturias.com\/noticias\/gaston-destaca-el-impulso-que-apl-esta-dando-al-transporte-ferroviario-de-mercancias\/#breadcrumblist","itemListElement":[{"@type":"ListItem","@id":"https:\/\/www.eldigitaldeasturias.com\/noticias#listItem","position":1,"name":"Home","item":"https:\/\/www.eldigitaldeasturias.com\/noticias","nextItem":{"@type":"ListItem","@id":"https:\/\/www.eldigitaldeasturias.com\/noticias\/category\/economia\/#listItem","name":"Econom\u00eda"}},{"@type":"ListItem","@id":"https:\/\/www.eldigitaldeasturias.com\/noticias\/category\/economia\/#listItem","position":2,"name":"Econom\u00eda","item":"https:\/\/www.eldigitaldeasturias.com\/noticias\/category\/economia\/","nextItem":{"@type":"ListItem","@id":"https:\/\/www.eldigitaldeasturias.com\/noticias\/gaston-destaca-el-impulso-que-apl-esta-dando-al-transporte-ferroviario-de-mercancias\/#listItem","name":"Gast\u00f3n destaca el impulso que APL est\u00e1 dando al transporte ferroviario de mercanc\u00edas"},"previousItem":{"@type":"ListItem","@id":"https:\/\/www.eldigitaldeasturias.com\/noticias#listItem","name":"Home"}},{"@type":"ListItem","@id":"https:\/\/www.eldigitaldeasturias.com\/noticias\/gaston-destaca-el-impulso-que-apl-esta-dando-al-transporte-ferroviario-de-mercancias\/#listItem","position":3,"name":"Gast\u00f3n destaca el impulso que APL est\u00e1 dando al transporte ferroviario de mercanc\u00edas","previousItem":{"@type":"ListItem","@id":"https:\/\/www.eldigitaldeasturias.com\/noticias\/category\/economia\/#listItem","name":"Econom\u00eda"}}]},{"@type":"Organization","@id":"https:\/\/www.eldigitaldeasturias.com\/noticias\/#organization","name":"El Digital de Asturias","description":"Hemeroteca","url":"https:\/\/www.eldigitaldeasturias.com\/noticias\/","email":"info@eldigitaldeasturias.com","telephone":"+34652131393","logo":{"@type":"ImageObject","url":"https:\/\/www.eldigitaldeasturias.com\/noticias\/wp-content\/uploads\/2020\/12\/EDA.jpg","@id":"https:\/\/www.eldigitaldeasturias.com\/noticias\/gaston-destaca-el-impulso-que-apl-esta-dando-al-transporte-ferroviario-de-mercancias\/#organizationLogo","width":649,"height":297},"image":{"@id":"https:\/\/www.eldigitaldeasturias.com\/noticias\/gaston-destaca-el-impulso-que-apl-esta-dando-al-transporte-ferroviario-de-mercancias\/#organizationLogo"},"sameAs":["https:\/\/facebook.com\/eldigitaldeasturias","https:\/\/www.youtube.com\/channel\/UCZP-2wLEB9Rv6erhFmqVnvg"],"address":{"@id":"https:\/\/www.eldigitaldeasturias.com\/noticias\/#postaladdress","@type":"PostalAddress","streetAddress":"san antonio 4,","postalCode":"33430","addressLocality":"Cand\u00e1s","addressRegion":"Asturias","addressCountry":"ES"}},{"@type":"Person","@id":"https:\/\/www.eldigitaldeasturias.com\/noticias\/author\/admin\/#author","url":"https:\/\/www.eldigitaldeasturias.com\/noticias\/author\/admin\/","name":"El Digital de Asturias","image":{"@type":"ImageObject","@id":"https:\/\/www.eldigitaldeasturias.com\/noticias\/gaston-destaca-el-impulso-que-apl-esta-dando-al-transporte-ferroviario-de-mercancias\/#authorImage","url":"https:\/\/www.eldigitaldeasturias.com\/noticias\/wp-content\/litespeed\/avatar\/18677e78aa0546b92d9dbf31ec7d7668.jpg?ver=1777290358","width":96,"height":96,"caption":"El Digital de Asturias"}},{"@type":"WebPage","@id":"https:\/\/www.eldigitaldeasturias.com\/noticias\/gaston-destaca-el-impulso-que-apl-esta-dando-al-transporte-ferroviario-de-mercancias\/#webpage","url":"https:\/\/www.eldigitaldeasturias.com\/noticias\/gaston-destaca-el-impulso-que-apl-esta-dando-al-transporte-ferroviario-de-mercancias\/","name":"Gast\u00f3n destaca el impulso que APL est\u00e1 dando al transporte ferroviario de mercanc\u00edas - El Digital de Asturias","description":"La voluntad del Gobierno de Arag\u00f3n es seguir apoyando el renacimiento del sector ferroviario destinado a mercanc\u00edas, contando con todas las empresas, p\u00fablicas y privadas, para seguir ganando en intermodalidad y, con ello, en competitividad y calidad del servicio, lo que ya nos est\u00e1 convirtiendo, a trav\u00e9s del trabajo que impulsa Arag\u00f3n Plataforma Log\u00edstica (APL),","inLanguage":"es-ES","isPartOf":{"@id":"https:\/\/www.eldigitaldeasturias.com\/noticias\/#website"},"breadcrumb":{"@id":"https:\/\/www.eldigitaldeasturias.com\/noticias\/gaston-destaca-el-impulso-que-apl-esta-dando-al-transporte-ferroviario-de-mercancias\/#breadcrumblist"},"author":{"@id":"https:\/\/www.eldigitaldeasturias.com\/noticias\/author\/admin\/#author"},"creator":{"@id":"https:\/\/www.eldigitaldeasturias.com\/noticias\/author\/admin\/#author"},"image":{"@type":"ImageObject","url":"https:\/\/www.eldigitaldeasturias.com\/noticias\/wp-content\/uploads\/2017\/11\/imagenes_20171128_141309_resized_daf2f356.jpg","@id":"https:\/\/www.eldigitaldeasturias.com\/noticias\/gaston-destaca-el-impulso-que-apl-esta-dando-al-transporte-ferroviario-de-mercancias\/#mainImage","width":700,"height":310},"primaryImageOfPage":{"@id":"https:\/\/www.eldigitaldeasturias.com\/noticias\/gaston-destaca-el-impulso-que-apl-esta-dando-al-transporte-ferroviario-de-mercancias\/#mainImage"},"datePublished":"2017-11-28T17:51:21+01:00","dateModified":"2017-11-28T17:51:21+01:00"},{"@type":"WebSite","@id":"https:\/\/www.eldigitaldeasturias.com\/noticias\/#website","url":"https:\/\/www.eldigitaldeasturias.com\/noticias\/","name":"El Digital de Asturias - Diario de actualidad y noticias","alternateName":"El Digital de Asturias - Diario de actualidad y noticias","description":"Hemeroteca","inLanguage":"es-ES","publisher":{"@id":"https:\/\/www.eldigitaldeasturias.com\/noticias\/#organization"}}]},"og:locale":"es_ES","og:site_name":"El Digital de Asturias","og:type":"article","og:title":"Gast\u00f3n destaca el impulso que APL est\u00e1 dando al transporte ferroviario de mercanc\u00edas - El Digital de Asturias","og:description":"La voluntad del Gobierno de Arag\u00f3n es seguir apoyando el renacimiento del sector ferroviario destinado a mercanc\u00edas, contando con todas las empresas, p\u00fablicas y privadas, para seguir ganando en intermodalidad y, con ello, en competitividad y calidad del servicio, lo que ya nos est\u00e1 convirtiendo, a trav\u00e9s del trabajo que impulsa Arag\u00f3n Plataforma Log\u00edstica (APL),","og:url":"https:\/\/www.eldigitaldeasturias.com\/noticias\/gaston-destaca-el-impulso-que-apl-esta-dando-al-transporte-ferroviario-de-mercancias\/","og:image":"https:\/\/www.eldigitaldeasturias.com\/noticias\/wp-content\/uploads\/2017\/11\/imagenes_20171128_141309_resized_daf2f356.jpg","og:image:secure_url":"https:\/\/www.eldigitaldeasturias.com\/noticias\/wp-content\/uploads\/2017\/11\/imagenes_20171128_141309_resized_daf2f356.jpg","og:image:width":700,"og:image:height":310,"article:tag":["econom\u00eda"],"article:published_time":"2017-11-28T17:51:21+00:00","article:modified_time":"2017-11-28T17:51:21+00:00","article:publisher":"https:\/\/facebook.com\/eldigitaldeasturias","twitter:card":"summary_large_image","twitter:title":"Gast\u00f3n destaca el impulso que APL est\u00e1 dando al transporte ferroviario de mercanc\u00edas - El Digital de Asturias","twitter:description":"La voluntad del Gobierno de Arag\u00f3n es seguir apoyando el renacimiento del sector ferroviario destinado a mercanc\u00edas, contando con todas las empresas, p\u00fablicas y privadas, para seguir ganando en intermodalidad y, con ello, en competitividad y calidad del servicio, lo que ya nos est\u00e1 convirtiendo, a trav\u00e9s del trabajo que impulsa Arag\u00f3n Plataforma Log\u00edstica (APL),","twitter:image":"https:\/\/www.eldigitaldeasturias.com\/noticias\/wp-content\/uploads\/2017\/11\/imagenes_20171128_141309_resized_daf2f356.jpg","twitter:label1":"Escrito por","twitter:data1":"El Digital de Asturias","twitter:label2":"Tiempo de lectura estimado","twitter:data2":"3 minutos"},"aioseo_meta_data":{"post_id":"961592","title":null,"description":null,"keywords":null,"keyphrases":null,"primary_term":null,"canonical_url":null,"og_title":null,"og_description":null,"og_object_type":"default","og_image_type":"default","og_image_url":null,"og_image_width":null,"og_image_height":null,"og_image_custom_url":null,"og_image_custom_fields":null,"og_video":null,"og_custom_url":null,"og_article_section":null,"og_article_tags":null,"twitter_use_og":false,"twitter_card":"default","twitter_image_type":"default","twitter_image_url":null,"twitter_image_custom_url":null,"twitter_image_custom_fields":null,"twitter_title":null,"twitter_description":null,"schema":{"blockGraphs":[],"customGraphs":[],"default":{"data":{"Article":[],"Course":[],"Dataset":[],"FAQPage":[],"Movie":[],"Person":[],"Product":[],"ProductReview":[],"Car":[],"Recipe":[],"Service":[],"SoftwareApplication":[],"WebPage":[]},"graphName":"","isEnabled":true},"graphs":[],"defaultGraph":"","defaultPostTypeGraph":""},"schema_type":null,"schema_type_options":null,"pillar_content":false,"robots_default":true,"robots_noindex":false,"robots_noarchive":false,"robots_nosnippet":false,"robots_nofollow":false,"robots_noimageindex":false,"robots_noodp":false,"robots_notranslate":false,"robots_max_snippet":null,"robots_max_videopreview":null,"robots_max_imagepreview":"large","priority":null,"frequency":null,"local_seo":null,"seo_analyzer_scan_date":"2025-12-07 09:26:19","breadcrumb_settings":null,"limit_modified_date":false,"open_ai":null,"ai":null,"created":"2020-12-21 12:48:36","updated":"2025-12-07 09:26:19"},"aioseo_breadcrumb":"<div class=\"aioseo-breadcrumbs\"><span class=\"aioseo-breadcrumb\">\n\t<a href=\"https:\/\/www.eldigitaldeasturias.com\/noticias\" title=\"Home\">Home<\/a>\n<\/span><span class=\"aioseo-breadcrumb-separator\">\u2013<\/span><span class=\"aioseo-breadcrumb\">\n\t<a href=\"https:\/\/www.eldigitaldeasturias.com\/noticias\/category\/economia\/\" title=\"Econom\u00eda\">Econom\u00eda<\/a>\n<\/span><span class=\"aioseo-breadcrumb-separator\">\u2013<\/span><span class=\"aioseo-breadcrumb\">\n\t<a href=\"https:\/\/www.eldigitaldeasturias.com\/noticias\/gaston-destaca-el-impulso-que-apl-esta-dando-al-transporte-ferroviario-de-mercancias\/\" title=\"Gast\u00f3n destaca el impulso que APL est\u00e1 dando al transporte ferroviario de mercanc\u00edas\">Gast\u00f3n destaca el impulso que APL est\u00e1 dando al transporte ferroviario de mercanc\u00edas<\/a>\n<\/span><\/div>","aioseo_breadcrumb_json":[{"label":"Home","link":"https:\/\/www.eldigitaldeasturias.com\/noticias"},{"label":"Econom\u00eda","link":"https:\/\/www.eldigitaldeasturias.com\/noticias\/category\/economia\/"},{"label":"Gast\u00f3n destaca el impulso que APL est\u00e1 dando al transporte ferroviario de mercanc\u00edas","link":"https:\/\/www.eldigitaldeasturias.com\/noticias\/gaston-destaca-el-impulso-que-apl-esta-dando-al-transporte-ferroviario-de-mercancias\/"}],"_links":{"self":[{"href":"https:\/\/www.eldigitaldeasturias.com\/noticias\/wp-json\/wp\/v2\/posts\/961592","targetHints":{"allow":["GET"]}}],"collection":[{"href":"https:\/\/www.eldigitaldeasturias.com\/noticias\/wp-json\/wp\/v2\/posts"}],"about":[{"href":"https:\/\/www.eldigitaldeasturias.com\/noticias\/wp-json\/wp\/v2\/types\/post"}],"author":[{"embeddable":true,"href":"https:\/\/www.eldigitaldeasturias.com\/noticias\/wp-json\/wp\/v2\/users\/1"}],"replies":[{"embeddable":true,"href":"https:\/\/www.eldigitaldeasturias.com\/noticias\/wp-json\/wp\/v2\/comments?post=961592"}],"version-history":[{"count":0,"href":"https:\/\/www.eldigitaldeasturias.com\/noticias\/wp-json\/wp\/v2\/posts\/961592\/revisions"}],"wp:featuredmedia":[{"embeddable":true,"href":"https:\/\/www.eldigitaldeasturias.com\/noticias\/wp-json\/wp\/v2\/media\/961593"}],"wp:attachment":[{"href":"https:\/\/www.eldigitaldeasturias.com\/noticias\/wp-json\/wp\/v2\/media?parent=961592"}],"wp:term":[{"taxonomy":"category","embeddable":true,"href":"https:\/\/www.eldigitaldeasturias.com\/noticias\/wp-json\/wp\/v2\/categories?post=961592"},{"taxonomy":"post_tag","embeddable":true,"href":"https:\/\/www.eldigitaldeasturias.com\/noticias\/wp-json\/wp\/v2\/tags?post=961592"}],"curies":[{"name":"wp","href":"https:\/\/api.w.org\/{rel}","templated":true}]}}