{"id":961505,"date":"2017-11-28T11:16:20","date_gmt":"2017-11-28T11:16:20","guid":{"rendered":"http:\/\/www.eldigitaldeasturias.com\/noticias\/?p=961505"},"modified":"2017-11-28T11:16:20","modified_gmt":"2017-11-28T11:16:20","slug":"de-la-serna-participa-en-la-30a-asamblea-de-la-organizacion-maritima-internacional","status":"publish","type":"post","link":"https:\/\/www.eldigitaldeasturias.com\/noticias\/de-la-serna-participa-en-la-30a-asamblea-de-la-organizacion-maritima-internacional\/","title":{"rendered":"De la Serna participa en la 30\u00aa Asamblea de la Organizaci\u00f3n Mar\u00edtima Internacional"},"content":{"rendered":"<p><img loading=\"lazy\" decoding=\"async\" class=\"alignleft size-medium wp-image-961506\" src=\"https:\/\/www.eldigitaldeasturias.com\/noticias\/wp-content\/uploads\/2017\/11\/271117-DeLaSerna-360x239.jpg\" alt=\"\" width=\"360\" height=\"239\" \/>El ministro de Fomento, \u00cd\u00f1igo de la Serna, ha viajado a Londres para participar en la Asamblea General de la Organizaci\u00f3n Mar\u00edtima Internacional (OMI). El titular de Fomento ha acompa\u00f1ado a la Representaci\u00f3n Permanente de Espa\u00f1a ante la OMI encabezada por el embajador Carlos Bastarreche.<\/p>\n<p>En su visita, De la Serna se ha reunido con el secretario general de la OMI, Ki Tack Lim, de la Rep\u00fablica de Corea, para reforzar el compromiso de nuestro pa\u00eds con la labor de la organizaci\u00f3n en beneficio de los intereses del comercio mar\u00edtimo internacional.<\/p>\n<p>Espa\u00f1a forma parte del Consejo de la OMI, integrado por 40 pa\u00edses distribuidos en tres categor\u00edas dependiendo de la implicaci\u00f3n en dicho organismo. Desde 2001, Espa\u00f1a pertenece a la Categor\u00eda \u00abB\u00bb como uno de los pa\u00edses con intereses principales en el comercio mar\u00edtimo internacional y defiende su reelecci\u00f3n como miembro de Consejo.<\/p>\n<p>El ministro de Fomento ha destacado la singularidad de que durante dos periodos de sesiones consecutivos la Asamblea de la OMI haya sido presidida en espa\u00f1ol tras el relevo en la presidencia entre Espa\u00f1a, que la ha ostentado desde 2015, y Chile, que la ha asumido hasta 2019, reforzando el uso de nuestro idioma en los organismos internacionales.<\/p>\n<p>La intervenci\u00f3n del ministro de Fomento ante la sesi\u00f3n inaugural de la Asamblea de la OMI ha coincidido con el 25\u00ba aniversario de la promulgaci\u00f3n en Espa\u00f1a de la Ley de Puertos del Estado y de la Marina Mercante y en su discurso ha destacado la relevancia de esta Ley, que ha permitido que Espa\u00f1a se afiance como \u00e1rea estrat\u00e9gica en el comercio mar\u00edtimo internacional y como plataforma log\u00edstica del sur de Europa.<\/p>\n<p>Tras estos 25 a\u00f1os de modernizaci\u00f3n del sector mar\u00edtimo y portuario espa\u00f1ol, el ministro se ha referido al nuevo Plan de Innovaci\u00f3n para el Transporte y las Infraestructuras recientemente presentado como una apuesta firme y decidida, tanto por la sostenibilidad y la reducci\u00f3n de emisiones en el sector del transporte, como por la integraci\u00f3n de las tecnolog\u00edas de la informaci\u00f3n y de la comunicaci\u00f3n en la gesti\u00f3n del mismo. Adem\u00e1s, ha se\u00f1alado su prop\u00f3sito para que este Plan de Innovaci\u00f3n forme parte de la contribuci\u00f3n de Espa\u00f1a al desarrollo de las nuevas pol\u00edticas que puedan ser auspiciadas en el seno de la Organizaci\u00f3n Mar\u00edtima Internacional en los pr\u00f3ximos a\u00f1os.<\/p>\n<p>Asimismo, el ministro de Fomento ha resaltado los logros llevados a cabo por la OMI en el bienio 2015-2017, en especial respecto a las normas de construcci\u00f3n de buques, reducci\u00f3n de la contaminaci\u00f3n atmosf\u00e9rica ocasionada por estos o los esfuerzos desarrollados para la reducci\u00f3n de gases de efecto invernadero.<\/p>\n<p>Al mismo tiempo, ha demandado que la OMI no escatime esfuerzos en asumir posiciones activas en cuestiones tan relevantes como el reto humanitario constante que implica la migraci\u00f3n mixta en condiciones peligrosas por mar, la b\u00fasqueda de soluciones que hagan de la pesca un sector m\u00e1s seguro y sostenible, o el fortalecimiento de los reg\u00edmenes de supervisi\u00f3n por el estado rector de puerto.<\/p>\n<p>Finalmente, De la Serna ha hecho un llamamiento para que la OMI contribuya activamente a transformar nuestro mundo en favor de las personas, el planeta y la prosperidad, para lo que los objetivos de desarrollo sostenible deben estar presentes en su agenda de trabajo para el pr\u00f3ximo bienio 2017-2019.<\/p>\n<p>En ese sentido, se ha referido a los problemas medioambientales y a la progresiva degradaci\u00f3n del medio marino, que requiere afrontar medidas aperturistas e innovadoras como las propuestas que Espa\u00f1a en esta Asamblea de la OMI para la reducci\u00f3n la contaminaci\u00f3n del mar por pl\u00e1sticos.<\/p>\n<p>Por \u00faltimo, el ministro ha destacado la visi\u00f3n aperturista y solidaria para con el mundo mar\u00edtimo que Espa\u00f1a ha mantenido hist\u00f3ricamente como miembro de la OMI y de su Consejo, esperando seguir contando con el apoyo de todos los pa\u00edses miembros.<\/p>\n","protected":false},"excerpt":{"rendered":"<p>El ministro de Fomento, \u00cd\u00f1igo de la Serna, ha viajado a Londres para participar en la Asamblea General de la Organizaci\u00f3n Mar\u00edtima Internacional (OMI). El titular de Fomento ha acompa\u00f1ado a la Representaci\u00f3n Permanente de Espa\u00f1a ante la OMI encabezada por el embajador Carlos Bastarreche. En su visita, De la Serna se ha reunido con [&hellip;]<\/p>\n","protected":false},"author":1,"featured_media":961506,"comment_status":"closed","ping_status":"closed","sticky":false,"template":"","format":"standard","meta":{"footnotes":""},"categories":[1],"tags":[],"class_list":["post-961505","post","type-post","status-publish","format-standard","has-post-thumbnail","hentry","category-actualidad"],"aioseo_notices":[],"aioseo_head":"\n\t\t<!-- All in One SEO Pro 5.0.1 - aioseo.com -->\n\t<meta name=\"description\" content=\"El ministro de Fomento, \u00cd\u00f1igo de la Serna, ha viajado a Londres para participar en la Asamblea General de la Organizaci\u00f3n Mar\u00edtima Internacional (OMI). El titular de Fomento ha acompa\u00f1ado a la Representaci\u00f3n Permanente de Espa\u00f1a ante la OMI encabezada por el embajador Carlos Bastarreche. En su visita, De la Serna se ha reunido con\" \/>\n\t<meta name=\"robots\" content=\"max-image-preview:large\" \/>\n\t<meta name=\"author\" content=\"El Digital de Asturias\"\/>\n\t<meta name=\"google-site-verification\" content=\"UA-38556648-1\" \/>\n\t<meta name=\"msvalidate.01\" content=\"7dfe9f3f1b24437ab69f4f2559babe99\" \/>\n\t<meta name=\"keywords\" content=\"actualidad\" \/>\n\t<link rel=\"canonical\" href=\"https:\/\/www.eldigitaldeasturias.com\/noticias\/de-la-serna-participa-en-la-30a-asamblea-de-la-organizacion-maritima-internacional\/\" \/>\n\t<meta name=\"generator\" content=\"All in One SEO Pro (AIOSEO) 5.0.1\" \/>\n\t\t<meta property=\"og:locale\" content=\"es_ES\" \/>\n\t\t<meta property=\"og:site_name\" content=\"El Digital de Asturias\" \/>\n\t\t<meta property=\"og:type\" content=\"article\" \/>\n\t\t<meta property=\"og:title\" content=\"De la Serna participa en la 30\u00aa Asamblea de la Organizaci\u00f3n Mar\u00edtima Internacional - El Digital de Asturias\" \/>\n\t\t<meta property=\"og:description\" content=\"El ministro de Fomento, \u00cd\u00f1igo de la Serna, ha viajado a Londres para participar en la Asamblea General de la Organizaci\u00f3n Mar\u00edtima Internacional (OMI). El titular de Fomento ha acompa\u00f1ado a la Representaci\u00f3n Permanente de Espa\u00f1a ante la OMI encabezada por el embajador Carlos Bastarreche. En su visita, De la Serna se ha reunido con\" \/>\n\t\t<meta property=\"og:url\" content=\"https:\/\/www.eldigitaldeasturias.com\/noticias\/de-la-serna-participa-en-la-30a-asamblea-de-la-organizacion-maritima-internacional\/\" \/>\n\t\t<meta property=\"article:tag\" content=\"actualidad\" \/>\n\t\t<meta property=\"article:published_time\" content=\"2017-11-28T11:16:20+00:00\" \/>\n\t\t<meta property=\"article:modified_time\" content=\"2017-11-28T11:16:20+00:00\" \/>\n\t\t<meta property=\"article:publisher\" content=\"https:\/\/facebook.com\/eldigitaldeasturias\" \/>\n\t\t<meta name=\"twitter:card\" content=\"summary_large_image\" \/>\n\t\t<meta name=\"twitter:title\" content=\"De la Serna participa en la 30\u00aa Asamblea de la Organizaci\u00f3n Mar\u00edtima Internacional - El Digital de Asturias\" \/>\n\t\t<meta name=\"twitter:description\" content=\"El ministro de Fomento, \u00cd\u00f1igo de la Serna, ha viajado a Londres para participar en la Asamblea General de la Organizaci\u00f3n Mar\u00edtima Internacional (OMI). El titular de Fomento ha acompa\u00f1ado a la Representaci\u00f3n Permanente de Espa\u00f1a ante la OMI encabezada por el embajador Carlos Bastarreche. En su visita, De la Serna se ha reunido con\" \/>\n\t\t<meta name=\"twitter:image\" content=\"https:\/\/www.eldigitaldeasturias.com\/noticias\/wp-content\/uploads\/2020\/12\/EDA-1.jpg\" \/>\n\t\t<meta name=\"twitter:label1\" content=\"Escrito por\" \/>\n\t\t<meta name=\"twitter:data1\" content=\"El Digital de Asturias\" \/>\n\t\t<meta name=\"twitter:label2\" content=\"Tiempo de lectura estimado\" \/>\n\t\t<meta name=\"twitter:data2\" content=\"3 minutos\" \/>\n\t\t<script type=\"application\/ld+json\" class=\"aioseo-schema\">\n\t\t\t{\"@context\":\"https:\\\/\\\/schema.org\",\"@graph\":[{\"@type\":\"BlogPosting\",\"@id\":\"https:\\\/\\\/www.eldigitaldeasturias.com\\\/noticias\\\/de-la-serna-participa-en-la-30a-asamblea-de-la-organizacion-maritima-internacional\\\/#blogposting\",\"name\":\"De la Serna participa en la 30\\u00aa Asamblea de la Organizaci\\u00f3n Mar\\u00edtima Internacional - El Digital de Asturias\",\"headline\":\"De la Serna participa en la 30\\u00aa Asamblea de la Organizaci\\u00f3n Mar\\u00edtima Internacional\",\"author\":{\"@id\":\"https:\\\/\\\/www.eldigitaldeasturias.com\\\/noticias\\\/author\\\/admin\\\/#author\"},\"publisher\":{\"@id\":\"https:\\\/\\\/www.eldigitaldeasturias.com\\\/noticias\\\/#organization\"},\"image\":{\"@type\":\"ImageObject\",\"url\":961506},\"datePublished\":\"2017-11-28T11:16:20+01:00\",\"dateModified\":\"2017-11-28T11:16:20+01:00\",\"inLanguage\":\"es-ES\",\"mainEntityOfPage\":{\"@id\":\"https:\\\/\\\/www.eldigitaldeasturias.com\\\/noticias\\\/de-la-serna-participa-en-la-30a-asamblea-de-la-organizacion-maritima-internacional\\\/#webpage\"},\"isPartOf\":{\"@id\":\"https:\\\/\\\/www.eldigitaldeasturias.com\\\/noticias\\\/de-la-serna-participa-en-la-30a-asamblea-de-la-organizacion-maritima-internacional\\\/#webpage\"},\"articleSection\":\"Actualidad\"},{\"@type\":\"BreadcrumbList\",\"@id\":\"https:\\\/\\\/www.eldigitaldeasturias.com\\\/noticias\\\/de-la-serna-participa-en-la-30a-asamblea-de-la-organizacion-maritima-internacional\\\/#breadcrumblist\",\"itemListElement\":[{\"@type\":\"ListItem\",\"@id\":\"https:\\\/\\\/www.eldigitaldeasturias.com\\\/noticias#listItem\",\"position\":1,\"name\":\"Home\",\"item\":\"https:\\\/\\\/www.eldigitaldeasturias.com\\\/noticias\",\"nextItem\":{\"@type\":\"ListItem\",\"@id\":\"https:\\\/\\\/www.eldigitaldeasturias.com\\\/noticias\\\/category\\\/actualidad\\\/#listItem\",\"name\":\"Actualidad\"}},{\"@type\":\"ListItem\",\"@id\":\"https:\\\/\\\/www.eldigitaldeasturias.com\\\/noticias\\\/category\\\/actualidad\\\/#listItem\",\"position\":2,\"name\":\"Actualidad\",\"item\":\"https:\\\/\\\/www.eldigitaldeasturias.com\\\/noticias\\\/category\\\/actualidad\\\/\",\"nextItem\":{\"@type\":\"ListItem\",\"@id\":\"https:\\\/\\\/www.eldigitaldeasturias.com\\\/noticias\\\/de-la-serna-participa-en-la-30a-asamblea-de-la-organizacion-maritima-internacional\\\/#listItem\",\"name\":\"De la Serna participa en la 30\\u00aa Asamblea de la Organizaci\\u00f3n Mar\\u00edtima Internacional\"},\"previousItem\":{\"@type\":\"ListItem\",\"@id\":\"https:\\\/\\\/www.eldigitaldeasturias.com\\\/noticias#listItem\",\"name\":\"Home\"}},{\"@type\":\"ListItem\",\"@id\":\"https:\\\/\\\/www.eldigitaldeasturias.com\\\/noticias\\\/de-la-serna-participa-en-la-30a-asamblea-de-la-organizacion-maritima-internacional\\\/#listItem\",\"position\":3,\"name\":\"De la Serna participa en la 30\\u00aa Asamblea de la Organizaci\\u00f3n Mar\\u00edtima Internacional\",\"previousItem\":{\"@type\":\"ListItem\",\"@id\":\"https:\\\/\\\/www.eldigitaldeasturias.com\\\/noticias\\\/category\\\/actualidad\\\/#listItem\",\"name\":\"Actualidad\"}}]},{\"@type\":\"Organization\",\"@id\":\"https:\\\/\\\/www.eldigitaldeasturias.com\\\/noticias\\\/#organization\",\"name\":\"El Digital de Asturias\",\"description\":\"Hemeroteca\",\"url\":\"https:\\\/\\\/www.eldigitaldeasturias.com\\\/noticias\\\/\",\"email\":\"info@eldigitaldeasturias.com\",\"telephone\":\"+34652131393\",\"logo\":{\"@type\":\"ImageObject\",\"url\":\"https:\\\/\\\/www.eldigitaldeasturias.com\\\/noticias\\\/wp-content\\\/uploads\\\/2020\\\/12\\\/EDA.jpg\",\"@id\":\"https:\\\/\\\/www.eldigitaldeasturias.com\\\/noticias\\\/de-la-serna-participa-en-la-30a-asamblea-de-la-organizacion-maritima-internacional\\\/#organizationLogo\"},\"image\":{\"@id\":\"https:\\\/\\\/www.eldigitaldeasturias.com\\\/noticias\\\/de-la-serna-participa-en-la-30a-asamblea-de-la-organizacion-maritima-internacional\\\/#organizationLogo\"},\"sameAs\":[\"https:\\\/\\\/facebook.com\\\/eldigitaldeasturias\",\"https:\\\/\\\/www.youtube.com\\\/channel\\\/UCZP-2wLEB9Rv6erhFmqVnvg\"],\"address\":{\"@id\":\"https:\\\/\\\/www.eldigitaldeasturias.com\\\/noticias\\\/#postaladdress\",\"@type\":\"PostalAddress\",\"streetAddress\":\"san antonio 4\",\"postalCode\":\"33430\",\"addressLocality\":\"Cand\\u00e1s\",\"addressRegion\":\"Asturias\",\"addressCountry\":\"ES\"}},{\"@type\":\"Person\",\"@id\":\"https:\\\/\\\/www.eldigitaldeasturias.com\\\/noticias\\\/author\\\/admin\\\/#author\",\"url\":\"https:\\\/\\\/www.eldigitaldeasturias.com\\\/noticias\\\/author\\\/admin\\\/\",\"name\":\"El Digital de Asturias\",\"image\":{\"@type\":\"ImageObject\",\"@id\":\"https:\\\/\\\/www.eldigitaldeasturias.com\\\/noticias\\\/de-la-serna-participa-en-la-30a-asamblea-de-la-organizacion-maritima-internacional\\\/#authorImage\",\"url\":\"https:\\\/\\\/secure.gravatar.com\\\/avatar\\\/df2aeffc32bcd13f8d26072ef8a91b623d677766deac7f97ca815868cd41bf5e?s=96&d=mm&r=g\",\"width\":96,\"height\":96,\"caption\":\"El Digital de Asturias\"}},{\"@type\":\"WebPage\",\"@id\":\"https:\\\/\\\/www.eldigitaldeasturias.com\\\/noticias\\\/de-la-serna-participa-en-la-30a-asamblea-de-la-organizacion-maritima-internacional\\\/#webpage\",\"url\":\"https:\\\/\\\/www.eldigitaldeasturias.com\\\/noticias\\\/de-la-serna-participa-en-la-30a-asamblea-de-la-organizacion-maritima-internacional\\\/\",\"name\":\"De la Serna participa en la 30\\u00aa Asamblea de la Organizaci\\u00f3n Mar\\u00edtima Internacional - El Digital de Asturias\",\"description\":\"El ministro de Fomento, \\u00cd\\u00f1igo de la Serna, ha viajado a Londres para participar en la Asamblea General de la Organizaci\\u00f3n Mar\\u00edtima Internacional (OMI). El titular de Fomento ha acompa\\u00f1ado a la Representaci\\u00f3n Permanente de Espa\\u00f1a ante la OMI encabezada por el embajador Carlos Bastarreche. En su visita, De la Serna se ha reunido con\",\"inLanguage\":\"es-ES\",\"isPartOf\":{\"@id\":\"https:\\\/\\\/www.eldigitaldeasturias.com\\\/noticias\\\/#website\"},\"breadcrumb\":{\"@id\":\"https:\\\/\\\/www.eldigitaldeasturias.com\\\/noticias\\\/de-la-serna-participa-en-la-30a-asamblea-de-la-organizacion-maritima-internacional\\\/#breadcrumblist\"},\"author\":{\"@id\":\"https:\\\/\\\/www.eldigitaldeasturias.com\\\/noticias\\\/author\\\/admin\\\/#author\"},\"creator\":{\"@id\":\"https:\\\/\\\/www.eldigitaldeasturias.com\\\/noticias\\\/author\\\/admin\\\/#author\"},\"image\":{\"@type\":\"ImageObject\",\"url\":961506,\"@id\":\"https:\\\/\\\/www.eldigitaldeasturias.com\\\/noticias\\\/de-la-serna-participa-en-la-30a-asamblea-de-la-organizacion-maritima-internacional\\\/#mainImage\"},\"primaryImageOfPage\":{\"@id\":\"https:\\\/\\\/www.eldigitaldeasturias.com\\\/noticias\\\/de-la-serna-participa-en-la-30a-asamblea-de-la-organizacion-maritima-internacional\\\/#mainImage\"},\"datePublished\":\"2017-11-28T11:16:20+01:00\",\"dateModified\":\"2017-11-28T11:16:20+01:00\"},{\"@type\":\"WebSite\",\"@id\":\"https:\\\/\\\/www.eldigitaldeasturias.com\\\/noticias\\\/#website\",\"url\":\"https:\\\/\\\/www.eldigitaldeasturias.com\\\/noticias\\\/\",\"name\":\"El Digital de Asturias - Diario de actualidad y noticias\",\"alternateName\":\"El Digital de Asturias - Diario de actualidad y noticias\",\"description\":\"Hemeroteca\",\"inLanguage\":\"es-ES\",\"publisher\":{\"@id\":\"https:\\\/\\\/www.eldigitaldeasturias.com\\\/noticias\\\/#organization\"}}]}\n\t\t<\/script>\n\t\t<!-- All in One SEO Pro -->\r\n\t\t<title>De la Serna participa en la 30\u00aa Asamblea de la Organizaci\u00f3n Mar\u00edtima Internacional - El Digital de Asturias<\/title>\n\n","aioseo_head_json":{"title":"De la Serna participa en la 30\u00aa Asamblea de la Organizaci\u00f3n Mar\u00edtima Internacional - El Digital de Asturias","description":"El ministro de Fomento, \u00cd\u00f1igo de la Serna, ha viajado a Londres para participar en la Asamblea General de la Organizaci\u00f3n Mar\u00edtima Internacional (OMI). El titular de Fomento ha acompa\u00f1ado a la Representaci\u00f3n Permanente de Espa\u00f1a ante la OMI encabezada por el embajador Carlos Bastarreche. En su visita, De la Serna se ha reunido con","canonical_url":"https:\/\/www.eldigitaldeasturias.com\/noticias\/de-la-serna-participa-en-la-30a-asamblea-de-la-organizacion-maritima-internacional\/","robots":"max-image-preview:large","keywords":"actualidad","webmasterTools":{"google-site-verification":"UA-38556648-1","msvalidate.01":"7dfe9f3f1b24437ab69f4f2559babe99","miscellaneous":""},"schema":{"@context":"https:\/\/schema.org","@graph":[{"@type":"BlogPosting","@id":"https:\/\/www.eldigitaldeasturias.com\/noticias\/de-la-serna-participa-en-la-30a-asamblea-de-la-organizacion-maritima-internacional\/#blogposting","name":"De la Serna participa en la 30\u00aa Asamblea de la Organizaci\u00f3n Mar\u00edtima Internacional - El Digital de Asturias","headline":"De la Serna participa en la 30\u00aa Asamblea de la Organizaci\u00f3n Mar\u00edtima Internacional","author":{"@id":"https:\/\/www.eldigitaldeasturias.com\/noticias\/author\/admin\/#author"},"publisher":{"@id":"https:\/\/www.eldigitaldeasturias.com\/noticias\/#organization"},"image":{"@type":"ImageObject","url":961506},"datePublished":"2017-11-28T11:16:20+01:00","dateModified":"2017-11-28T11:16:20+01:00","inLanguage":"es-ES","mainEntityOfPage":{"@id":"https:\/\/www.eldigitaldeasturias.com\/noticias\/de-la-serna-participa-en-la-30a-asamblea-de-la-organizacion-maritima-internacional\/#webpage"},"isPartOf":{"@id":"https:\/\/www.eldigitaldeasturias.com\/noticias\/de-la-serna-participa-en-la-30a-asamblea-de-la-organizacion-maritima-internacional\/#webpage"},"articleSection":"Actualidad"},{"@type":"BreadcrumbList","@id":"https:\/\/www.eldigitaldeasturias.com\/noticias\/de-la-serna-participa-en-la-30a-asamblea-de-la-organizacion-maritima-internacional\/#breadcrumblist","itemListElement":[{"@type":"ListItem","@id":"https:\/\/www.eldigitaldeasturias.com\/noticias#listItem","position":1,"name":"Home","item":"https:\/\/www.eldigitaldeasturias.com\/noticias","nextItem":{"@type":"ListItem","@id":"https:\/\/www.eldigitaldeasturias.com\/noticias\/category\/actualidad\/#listItem","name":"Actualidad"}},{"@type":"ListItem","@id":"https:\/\/www.eldigitaldeasturias.com\/noticias\/category\/actualidad\/#listItem","position":2,"name":"Actualidad","item":"https:\/\/www.eldigitaldeasturias.com\/noticias\/category\/actualidad\/","nextItem":{"@type":"ListItem","@id":"https:\/\/www.eldigitaldeasturias.com\/noticias\/de-la-serna-participa-en-la-30a-asamblea-de-la-organizacion-maritima-internacional\/#listItem","name":"De la Serna participa en la 30\u00aa Asamblea de la Organizaci\u00f3n Mar\u00edtima Internacional"},"previousItem":{"@type":"ListItem","@id":"https:\/\/www.eldigitaldeasturias.com\/noticias#listItem","name":"Home"}},{"@type":"ListItem","@id":"https:\/\/www.eldigitaldeasturias.com\/noticias\/de-la-serna-participa-en-la-30a-asamblea-de-la-organizacion-maritima-internacional\/#listItem","position":3,"name":"De la Serna participa en la 30\u00aa Asamblea de la Organizaci\u00f3n Mar\u00edtima Internacional","previousItem":{"@type":"ListItem","@id":"https:\/\/www.eldigitaldeasturias.com\/noticias\/category\/actualidad\/#listItem","name":"Actualidad"}}]},{"@type":"Organization","@id":"https:\/\/www.eldigitaldeasturias.com\/noticias\/#organization","name":"El Digital de Asturias","description":"Hemeroteca","url":"https:\/\/www.eldigitaldeasturias.com\/noticias\/","email":"info@eldigitaldeasturias.com","telephone":"+34652131393","logo":{"@type":"ImageObject","url":"https:\/\/www.eldigitaldeasturias.com\/noticias\/wp-content\/uploads\/2020\/12\/EDA.jpg","@id":"https:\/\/www.eldigitaldeasturias.com\/noticias\/de-la-serna-participa-en-la-30a-asamblea-de-la-organizacion-maritima-internacional\/#organizationLogo"},"image":{"@id":"https:\/\/www.eldigitaldeasturias.com\/noticias\/de-la-serna-participa-en-la-30a-asamblea-de-la-organizacion-maritima-internacional\/#organizationLogo"},"sameAs":["https:\/\/facebook.com\/eldigitaldeasturias","https:\/\/www.youtube.com\/channel\/UCZP-2wLEB9Rv6erhFmqVnvg"],"address":{"@id":"https:\/\/www.eldigitaldeasturias.com\/noticias\/#postaladdress","@type":"PostalAddress","streetAddress":"san antonio 4","postalCode":"33430","addressLocality":"Cand\u00e1s","addressRegion":"Asturias","addressCountry":"ES"}},{"@type":"Person","@id":"https:\/\/www.eldigitaldeasturias.com\/noticias\/author\/admin\/#author","url":"https:\/\/www.eldigitaldeasturias.com\/noticias\/author\/admin\/","name":"El Digital de Asturias","image":{"@type":"ImageObject","@id":"https:\/\/www.eldigitaldeasturias.com\/noticias\/de-la-serna-participa-en-la-30a-asamblea-de-la-organizacion-maritima-internacional\/#authorImage","url":"https:\/\/secure.gravatar.com\/avatar\/df2aeffc32bcd13f8d26072ef8a91b623d677766deac7f97ca815868cd41bf5e?s=96&d=mm&r=g","width":96,"height":96,"caption":"El Digital de Asturias"}},{"@type":"WebPage","@id":"https:\/\/www.eldigitaldeasturias.com\/noticias\/de-la-serna-participa-en-la-30a-asamblea-de-la-organizacion-maritima-internacional\/#webpage","url":"https:\/\/www.eldigitaldeasturias.com\/noticias\/de-la-serna-participa-en-la-30a-asamblea-de-la-organizacion-maritima-internacional\/","name":"De la Serna participa en la 30\u00aa Asamblea de la Organizaci\u00f3n Mar\u00edtima Internacional - El Digital de Asturias","description":"El ministro de Fomento, \u00cd\u00f1igo de la Serna, ha viajado a Londres para participar en la Asamblea General de la Organizaci\u00f3n Mar\u00edtima Internacional (OMI). El titular de Fomento ha acompa\u00f1ado a la Representaci\u00f3n Permanente de Espa\u00f1a ante la OMI encabezada por el embajador Carlos Bastarreche. En su visita, De la Serna se ha reunido con","inLanguage":"es-ES","isPartOf":{"@id":"https:\/\/www.eldigitaldeasturias.com\/noticias\/#website"},"breadcrumb":{"@id":"https:\/\/www.eldigitaldeasturias.com\/noticias\/de-la-serna-participa-en-la-30a-asamblea-de-la-organizacion-maritima-internacional\/#breadcrumblist"},"author":{"@id":"https:\/\/www.eldigitaldeasturias.com\/noticias\/author\/admin\/#author"},"creator":{"@id":"https:\/\/www.eldigitaldeasturias.com\/noticias\/author\/admin\/#author"},"image":{"@type":"ImageObject","url":961506,"@id":"https:\/\/www.eldigitaldeasturias.com\/noticias\/de-la-serna-participa-en-la-30a-asamblea-de-la-organizacion-maritima-internacional\/#mainImage"},"primaryImageOfPage":{"@id":"https:\/\/www.eldigitaldeasturias.com\/noticias\/de-la-serna-participa-en-la-30a-asamblea-de-la-organizacion-maritima-internacional\/#mainImage"},"datePublished":"2017-11-28T11:16:20+01:00","dateModified":"2017-11-28T11:16:20+01:00"},{"@type":"WebSite","@id":"https:\/\/www.eldigitaldeasturias.com\/noticias\/#website","url":"https:\/\/www.eldigitaldeasturias.com\/noticias\/","name":"El Digital de Asturias - Diario de actualidad y noticias","alternateName":"El Digital de Asturias - Diario de actualidad y noticias","description":"Hemeroteca","inLanguage":"es-ES","publisher":{"@id":"https:\/\/www.eldigitaldeasturias.com\/noticias\/#organization"}}]},"og:locale":"es_ES","og:site_name":"El Digital de Asturias","og:type":"article","og:title":"De la Serna participa en la 30\u00aa Asamblea de la Organizaci\u00f3n Mar\u00edtima Internacional - El Digital de Asturias","og:description":"El ministro de Fomento, \u00cd\u00f1igo de la Serna, ha viajado a Londres para participar en la Asamblea General de la Organizaci\u00f3n Mar\u00edtima Internacional (OMI). El titular de Fomento ha acompa\u00f1ado a la Representaci\u00f3n Permanente de Espa\u00f1a ante la OMI encabezada por el embajador Carlos Bastarreche. En su visita, De la Serna se ha reunido con","og:url":"https:\/\/www.eldigitaldeasturias.com\/noticias\/de-la-serna-participa-en-la-30a-asamblea-de-la-organizacion-maritima-internacional\/","article:tag":["actualidad"],"article:published_time":"2017-11-28T11:16:20+00:00","article:modified_time":"2017-11-28T11:16:20+00:00","article:publisher":"https:\/\/facebook.com\/eldigitaldeasturias","twitter:card":"summary_large_image","twitter:title":"De la Serna participa en la 30\u00aa Asamblea de la Organizaci\u00f3n Mar\u00edtima Internacional - El Digital de Asturias","twitter:description":"El ministro de Fomento, \u00cd\u00f1igo de la Serna, ha viajado a Londres para participar en la Asamblea General de la Organizaci\u00f3n Mar\u00edtima Internacional (OMI). El titular de Fomento ha acompa\u00f1ado a la Representaci\u00f3n Permanente de Espa\u00f1a ante la OMI encabezada por el embajador Carlos Bastarreche. En su visita, De la Serna se ha reunido con","twitter:image":"https:\/\/www.eldigitaldeasturias.com\/noticias\/wp-content\/uploads\/2020\/12\/EDA-1.jpg","twitter:label1":"Escrito por","twitter:data1":"El Digital de Asturias","twitter:label2":"Tiempo de lectura estimado","twitter:data2":"3 minutos"},"aioseo_meta_data":{"post_id":"961505","title":null,"description":null,"keywords":null,"keyphrases":null,"primary_term":null,"canonical_url":null,"og_title":null,"og_description":null,"og_object_type":"default","og_image_type":"default","og_image_url":null,"og_image_width":null,"og_image_height":null,"og_image_custom_url":null,"og_image_custom_fields":null,"og_video":null,"og_custom_url":null,"og_article_section":null,"og_article_tags":null,"twitter_use_og":false,"twitter_card":"default","twitter_image_type":"default","twitter_image_url":null,"twitter_image_custom_url":null,"twitter_image_custom_fields":null,"twitter_title":null,"twitter_description":null,"schema":{"blockGraphs":[],"customGraphs":[],"default":{"data":{"Article":[],"Course":[],"Dataset":[],"FAQPage":[],"Movie":[],"Person":[],"Product":[],"ProductReview":[],"Car":[],"Recipe":[],"Service":[],"SoftwareApplication":[],"WebPage":[]},"graphName":"","isEnabled":true},"graphs":[],"defaultGraph":"","defaultPostTypeGraph":""},"schema_type":null,"schema_type_options":null,"pillar_content":false,"robots_default":true,"robots_noindex":false,"robots_noarchive":false,"robots_nosnippet":false,"robots_nofollow":false,"robots_noimageindex":false,"robots_noodp":false,"robots_notranslate":false,"robots_max_snippet":null,"robots_max_videopreview":null,"robots_max_imagepreview":"large","priority":null,"frequency":null,"local_seo":null,"seo_analyzer_scan_date":"2025-12-07 09:10:13","breadcrumb_settings":null,"limit_modified_date":false,"open_ai":null,"ai":null,"created":"2020-12-21 12:48:36","updated":"2025-12-07 09:10:13","focus_keyword":null,"additional_keywords":null,"truseo_locale":null},"aioseo_breadcrumb":"<div class=\"aioseo-breadcrumbs\"><span class=\"aioseo-breadcrumb\">\n\t<a href=\"https:\/\/www.eldigitaldeasturias.com\/noticias\" title=\"Home\">Home<\/a>\n<\/span><span class=\"aioseo-breadcrumb-separator\">\u2013<\/span><span class=\"aioseo-breadcrumb\">\n\t<a href=\"https:\/\/www.eldigitaldeasturias.com\/noticias\/category\/actualidad\/\" title=\"Actualidad\">Actualidad<\/a>\n<\/span><span class=\"aioseo-breadcrumb-separator\">\u2013<\/span><span class=\"aioseo-breadcrumb\">\n\t<a href=\"https:\/\/www.eldigitaldeasturias.com\/noticias\/de-la-serna-participa-en-la-30a-asamblea-de-la-organizacion-maritima-internacional\/\" title=\"De la Serna participa en la 30\u00aa Asamblea de la Organizaci\u00f3n Mar\u00edtima Internacional\">De la Serna participa en la 30\u00aa Asamblea de la Organizaci\u00f3n Mar\u00edtima Internacional<\/a>\n<\/span><\/div>","aioseo_breadcrumb_json":[{"label":"Home","link":"https:\/\/www.eldigitaldeasturias.com\/noticias"},{"label":"Actualidad","link":"https:\/\/www.eldigitaldeasturias.com\/noticias\/category\/actualidad\/"},{"label":"De la Serna participa en la 30\u00aa Asamblea de la Organizaci\u00f3n Mar\u00edtima Internacional","link":"https:\/\/www.eldigitaldeasturias.com\/noticias\/de-la-serna-participa-en-la-30a-asamblea-de-la-organizacion-maritima-internacional\/"}],"_links":{"self":[{"href":"https:\/\/www.eldigitaldeasturias.com\/noticias\/wp-json\/wp\/v2\/posts\/961505","targetHints":{"allow":["GET"]}}],"collection":[{"href":"https:\/\/www.eldigitaldeasturias.com\/noticias\/wp-json\/wp\/v2\/posts"}],"about":[{"href":"https:\/\/www.eldigitaldeasturias.com\/noticias\/wp-json\/wp\/v2\/types\/post"}],"author":[{"embeddable":true,"href":"https:\/\/www.eldigitaldeasturias.com\/noticias\/wp-json\/wp\/v2\/users\/1"}],"replies":[{"embeddable":true,"href":"https:\/\/www.eldigitaldeasturias.com\/noticias\/wp-json\/wp\/v2\/comments?post=961505"}],"version-history":[{"count":0,"href":"https:\/\/www.eldigitaldeasturias.com\/noticias\/wp-json\/wp\/v2\/posts\/961505\/revisions"}],"wp:attachment":[{"href":"https:\/\/www.eldigitaldeasturias.com\/noticias\/wp-json\/wp\/v2\/media?parent=961505"}],"wp:term":[{"taxonomy":"category","embeddable":true,"href":"https:\/\/www.eldigitaldeasturias.com\/noticias\/wp-json\/wp\/v2\/categories?post=961505"},{"taxonomy":"post_tag","embeddable":true,"href":"https:\/\/www.eldigitaldeasturias.com\/noticias\/wp-json\/wp\/v2\/tags?post=961505"}],"curies":[{"name":"wp","href":"https:\/\/api.w.org\/{rel}","templated":true}]}}