{"id":961446,"date":"2017-11-27T17:32:27","date_gmt":"2017-11-27T17:32:27","guid":{"rendered":"http:\/\/www.eldigitaldeasturias.com\/noticias\/?p=961446"},"modified":"2017-11-27T17:32:27","modified_gmt":"2017-11-27T17:32:27","slug":"gaston-respalda-el-objetivo-de-la-automocion-de-seguir-ganando-competitividad","status":"publish","type":"post","link":"https:\/\/www.eldigitaldeasturias.com\/noticias\/gaston-respalda-el-objetivo-de-la-automocion-de-seguir-ganando-competitividad\/","title":{"rendered":"Gast\u00f3n respalda el objetivo de la automoci\u00f3n de seguir ganando competitividad"},"content":{"rendered":"<p><img loading=\"lazy\" decoding=\"async\" class=\"alignleft size-medium wp-image-961447\" src=\"https:\/\/www.eldigitaldeasturias.com\/noticias\/wp-content\/uploads\/2017\/11\/imagenes_20171127_122021-360x159.jpg\" alt=\"\" width=\"360\" height=\"159\" srcset=\"https:\/\/www.eldigitaldeasturias.com\/noticias\/wp-content\/uploads\/2017\/11\/imagenes_20171127_122021-360x159.jpg 360w, https:\/\/www.eldigitaldeasturias.com\/noticias\/wp-content\/uploads\/2017\/11\/imagenes_20171127_122021-650x288.jpg 650w, https:\/\/www.eldigitaldeasturias.com\/noticias\/wp-content\/uploads\/2017\/11\/imagenes_20171127_122021-250x110.jpg 250w, https:\/\/www.eldigitaldeasturias.com\/noticias\/wp-content\/uploads\/2017\/11\/imagenes_20171127_122021.jpg 700w\" sizes=\"auto, (max-width: 360px) 100vw, 360px\" \/>Las asociaciones de la automoci\u00f3n en Espa\u00f1a han presentado hoy a la Consejera de Econom\u00eda, Industria y Empleo, Marta Gast\u00f3n, las principales conclusiones de la \u2018Agenda Sectorial de la Industria de Automoci\u00f3n\u2019. Se trata de un documento, fruto de la colaboraci\u00f3n p\u00fablico-privada, orientado a la mejora de la competitividad del sector y del conjunto del pa\u00eds con una serie de medidas a las que Gast\u00f3n ha expresado su respaldo en tanto en cuanto pueden contribuir al objetivo prioritario del Gobierno de Arag\u00f3n de creaci\u00f3n de riqueza y empleo de calidad en la Comunidad.<\/p>\n<p>Gast\u00f3n ha recibido en su despacho a Antonio Cobo, Presidente de ANFAC (y director general de Opel Espa\u00f1a); Jos\u00e9 Portilla, director general de SERNAUTO; y Alfonso Villegas, gerente de KPMG en Espa\u00f1a, acompa\u00f1ados por Benito Tesier, presidente del Cl\u00faster de Automoci\u00f3n de Arag\u00f3n (CAAR).<\/p>\n<p>La consejera ha afirmado compartir el objetivo final de las propuestas del sector para ganar competitividad y en definitiva crear riqueza y empleo, dada la importancia de esta industria en la Comunidad Aut\u00f3noma. La automoci\u00f3n cuenta con 1.200 empresas en Arag\u00f3n y supone el 30% del empleo en el conjunto de la industria y m\u00e1s de un tercio de las exportaciones en la Comunidad, con un peso del 6% en el Producto Interior Bruto (PIB) regional y 25.000 puestos de trabajo.<\/p>\n<p>La Agenda Sectorial, elaborada por ANFAC, SERNAUTO y KPMG, incluye una hoja de ruta con propuestas espec\u00edficas para potenciar, a\u00fan m\u00e1s, la industria de automoci\u00f3n en Espa\u00f1a, poniendo en valor su importancia para seguir siendo l\u00edderes a nivel mundial. En este sentido, se proponen \u201c20 medidas para 2020\u201d, dirigidas a encauzar la industria del futuro a trav\u00e9s del incremento de la competitividad. Estas medidas est\u00e1n contempladas dentro de 7 l\u00edneas de acci\u00f3n prioritarias para esta industria: productividad y flexibilidad; log\u00edstica; fiscalidad y financiaci\u00f3n; I+D+i; capital humano; internacionalizaci\u00f3n y regulaci\u00f3n.<\/p>\n<p>Al t\u00e9rmino de la reuni\u00f3n, Gast\u00f3n ha precisado que desde Arag\u00f3n poco se puede hacer por ejemplo para mejorar las f\u00f3rmulas de contrataci\u00f3n, excepto expresar su opini\u00f3n a favor del empleo de calidad, si bien se ha comprometido a prestar toda la colaboraci\u00f3n del Departamento en otras materias de su competencia sobre las que ya se viene trabajando y que tienen posibilidades de mejorar, concretamente en innovaci\u00f3n, internacionalizaci\u00f3n y formaci\u00f3n, todo ello dirigido a favorecer la consolidaci\u00f3n y el crecimiento de las industrias fabricantes de veh\u00edculos y componentes de la automoci\u00f3n y atraer nuevas inversiones.<\/p>\n<p>Asimismo, ha recordado que en esta legislatura se ha conseguido un gran avance y se seguir\u00e1 impulsando otro campo clave para la competitividad tambi\u00e9n de la automoci\u00f3n; la log\u00edstica con una visi\u00f3n integral, que incluye la intermodalidad de los medios de transporte y la mejora de la conectividad \u2013sobre lo que ha recordado los acuerdos alcanzados con los puertos de Valencia o Barcelona- y de las infraestructuras ferroviarias \u2013para lo que aprecia receptividad del propio Ministerio de Fomento-.<\/p>\n<p>Finalmente, ha anunciado que, dentro del proceso abierto del Di\u00e1logo Social, se va a retomar a partir de enero la constituci\u00f3n de la Mesa Aragonesa de la Automoci\u00f3n, para la que cuentan con los fabricantes de veh\u00edculos y sus proveedores de componentes, la propia planta de Opel y los sindicatos, as\u00ed como con representantes de los \u00e1mbitos implicados en innovaci\u00f3n, internacionalizaci\u00f3n o formaci\u00f3n y de la Universidad. La Agenda Sectorial de la Industria de la Automoci\u00f3n, ha a\u00f1adido, puede ser el documento base para los trabajos de esta mesa, que se regionalizar\u00e1n para la consecuci\u00f3n de los objetivos marcados en Arag\u00f3n.<\/p>\n<p>Para las asociaciones del sector, la consecuci\u00f3n de las medidas y objetivos establecidos en la Agenda tendr\u00eda un impacto real y cuantificable sobre la econom\u00eda espa\u00f1ola. Estiman que la actividad a pleno rendimiento de las plantas espa\u00f1olas de veh\u00edculos y de componentes de automoci\u00f3n provocar\u00eda un efector impulsor y de arrastre en todo el tejido econ\u00f3mico, pudiendo obtener m\u00e1s de un 1% de crecimiento del PIB y crear 80.000 empleos directos e indirectos.<\/p>\n<p>El presidente de ANFAC ha reconocido \u201cla cercan\u00eda del Gobierno de Arag\u00f3n\u201d y ha expresado su deseo de seguir colaborando junto a las dem\u00e1s organizaciones para avanzar en la competitividad industrial favoreciendo la inversi\u00f3n en la mejora de los procesos productivos y en los nuevos modelos enfocados a la fabricaci\u00f3n de veh\u00edculos alternativos. Asimismo ha defendido el impulso de las conexiones ferroviarias de Arag\u00f3n con los principales puertos y en particular con el de Valencia a trav\u00e9s de Teruel, \u201cde vital importancia para el sector\u201d, ha dicho.<\/p>\n<p>El director general de SERNAUTO ha destacado que la automoci\u00f3n es un sector altamente comprometido con la innovaci\u00f3n. En este sentido, ha recordado que el a\u00f1o pasado los proveedores invirtieron en I+D+i el 4% de su facturaci\u00f3n (1.350 millones de euros), el triple que la media industrial. Para seguir manteniendo este liderazgo y afrontar con \u00e9xito los retos que se presentan est\u00e1n recabando el apoyo de las administraciones estatal y auton\u00f3micas tanto en I+D+i como en internacionalizaci\u00f3n, cuestiones clave para esta industria.<\/p>\n<p>El gerente de KPMG en Espa\u00f1a ha se\u00f1alado que en 2016 la industria de automoci\u00f3n en Espa\u00f1a alcanz\u00f3 87.000 millones de euros en facturaci\u00f3n o el r\u00e9cord hist\u00f3rico de m\u00e1s de 37.000 millones de euros en valor de lo exportado, aunque se debe seguir trabajando en la senda de la Agenda Sectorial, siendo esencial la coordinaci\u00f3n integral de todos los agentes econ\u00f3micos y sociales implicados. La industria espa\u00f1ola de automoci\u00f3n ocupa actualmente el tercer puesto del entorno europeo en competitividad y el objetivo es ser reconocidos como el segundo pa\u00eds m\u00e1s competitivo sobre la base de la fortaleza innovadora, el capital humano y la capacidad exterior.<\/p>\n<p>Por su parte, el presidente del CAAR ha recordado que para impulsar la inversi\u00f3n en formaci\u00f3n y capacitaci\u00f3n de los trabajadores ya est\u00e1n avanzando conjuntamente con el Gobierno de Arag\u00f3n a trav\u00e9s de programas formativos ad hoc para el sector y en modalidad dual, y con el proyecto de la f\u00e1brica de aprendizaje.<\/p>\n","protected":false},"excerpt":{"rendered":"<p>Las asociaciones de la automoci\u00f3n en Espa\u00f1a han presentado hoy a la Consejera de Econom\u00eda, Industria y Empleo, Marta Gast\u00f3n, las principales conclusiones de la \u2018Agenda Sectorial de la Industria de Automoci\u00f3n\u2019. Se trata de un documento, fruto de la colaboraci\u00f3n p\u00fablico-privada, orientado a la mejora de la competitividad del sector y del conjunto del [&hellip;]<\/p>\n","protected":false},"author":1,"featured_media":961447,"comment_status":"closed","ping_status":"closed","sticky":false,"template":"","format":"standard","meta":{"footnotes":""},"categories":[187],"tags":[],"class_list":["post-961446","post","type-post","status-publish","format-standard","has-post-thumbnail","hentry","category-economia"],"aioseo_notices":[],"aioseo_head":"\n\t\t<!-- All in One SEO Pro 4.9.6.2 - aioseo.com -->\n\t<meta name=\"description\" content=\"Las asociaciones de la automoci\u00f3n en Espa\u00f1a han presentado hoy a la Consejera de Econom\u00eda, Industria y Empleo, Marta Gast\u00f3n, las principales conclusiones de la \u2018Agenda Sectorial de la Industria de Automoci\u00f3n\u2019. Se trata de un documento, fruto de la colaboraci\u00f3n p\u00fablico-privada, orientado a la mejora de la competitividad del sector y del conjunto del\" \/>\n\t<meta name=\"robots\" content=\"max-image-preview:large\" \/>\n\t<meta name=\"author\" content=\"El Digital de Asturias\"\/>\n\t<meta name=\"google-site-verification\" content=\"UA-38556648-1\" \/>\n\t<meta name=\"msvalidate.01\" content=\"7dfe9f3f1b24437ab69f4f2559babe99\" \/>\n\t<meta name=\"keywords\" content=\"econom\u00eda\" \/>\n\t<link rel=\"canonical\" href=\"https:\/\/www.eldigitaldeasturias.com\/noticias\/gaston-respalda-el-objetivo-de-la-automocion-de-seguir-ganando-competitividad\/\" \/>\n\t<meta name=\"generator\" content=\"All in One SEO Pro (AIOSEO) 4.9.6.2\" \/>\n\t\t<meta property=\"og:locale\" content=\"es_ES\" \/>\n\t\t<meta property=\"og:site_name\" content=\"El Digital de Asturias\" \/>\n\t\t<meta property=\"og:type\" content=\"article\" \/>\n\t\t<meta property=\"og:title\" content=\"Gast\u00f3n respalda el objetivo de la automoci\u00f3n de seguir ganando competitividad - El Digital de Asturias\" \/>\n\t\t<meta property=\"og:description\" content=\"Las asociaciones de la automoci\u00f3n en Espa\u00f1a han presentado hoy a la Consejera de Econom\u00eda, Industria y Empleo, Marta Gast\u00f3n, las principales conclusiones de la \u2018Agenda Sectorial de la Industria de Automoci\u00f3n\u2019. Se trata de un documento, fruto de la colaboraci\u00f3n p\u00fablico-privada, orientado a la mejora de la competitividad del sector y del conjunto del\" \/>\n\t\t<meta property=\"og:url\" content=\"https:\/\/www.eldigitaldeasturias.com\/noticias\/gaston-respalda-el-objetivo-de-la-automocion-de-seguir-ganando-competitividad\/\" \/>\n\t\t<meta property=\"og:image\" content=\"https:\/\/www.eldigitaldeasturias.com\/noticias\/wp-content\/uploads\/2017\/11\/imagenes_20171127_122021.jpg\" \/>\n\t\t<meta property=\"og:image:secure_url\" content=\"https:\/\/www.eldigitaldeasturias.com\/noticias\/wp-content\/uploads\/2017\/11\/imagenes_20171127_122021.jpg\" \/>\n\t\t<meta property=\"og:image:width\" content=\"700\" \/>\n\t\t<meta property=\"og:image:height\" content=\"310\" \/>\n\t\t<meta property=\"article:tag\" content=\"econom\u00eda\" \/>\n\t\t<meta property=\"article:published_time\" content=\"2017-11-27T17:32:27+00:00\" \/>\n\t\t<meta property=\"article:modified_time\" content=\"2017-11-27T17:32:27+00:00\" \/>\n\t\t<meta property=\"article:publisher\" content=\"https:\/\/facebook.com\/eldigitaldeasturias\" \/>\n\t\t<meta name=\"twitter:card\" content=\"summary_large_image\" \/>\n\t\t<meta name=\"twitter:title\" content=\"Gast\u00f3n respalda el objetivo de la automoci\u00f3n de seguir ganando competitividad - El Digital de Asturias\" \/>\n\t\t<meta name=\"twitter:description\" content=\"Las asociaciones de la automoci\u00f3n en Espa\u00f1a han presentado hoy a la Consejera de Econom\u00eda, Industria y Empleo, Marta Gast\u00f3n, las principales conclusiones de la \u2018Agenda Sectorial de la Industria de Automoci\u00f3n\u2019. Se trata de un documento, fruto de la colaboraci\u00f3n p\u00fablico-privada, orientado a la mejora de la competitividad del sector y del conjunto del\" \/>\n\t\t<meta name=\"twitter:image\" content=\"https:\/\/www.eldigitaldeasturias.com\/noticias\/wp-content\/uploads\/2017\/11\/imagenes_20171127_122021.jpg\" \/>\n\t\t<meta name=\"twitter:label1\" content=\"Escrito por\" \/>\n\t\t<meta name=\"twitter:data1\" content=\"El Digital de Asturias\" \/>\n\t\t<meta name=\"twitter:label2\" content=\"Tiempo de lectura estimado\" \/>\n\t\t<meta name=\"twitter:data2\" content=\"5 minutos\" \/>\n\t\t<script type=\"application\/ld+json\" class=\"aioseo-schema\">\n\t\t\t{\"@context\":\"https:\\\/\\\/schema.org\",\"@graph\":[{\"@type\":\"BlogPosting\",\"@id\":\"https:\\\/\\\/www.eldigitaldeasturias.com\\\/noticias\\\/gaston-respalda-el-objetivo-de-la-automocion-de-seguir-ganando-competitividad\\\/#blogposting\",\"name\":\"Gast\\u00f3n respalda el objetivo de la automoci\\u00f3n de seguir ganando competitividad - El Digital de Asturias\",\"headline\":\"Gast\\u00f3n respalda el objetivo de la automoci\\u00f3n de seguir ganando competitividad\",\"author\":{\"@id\":\"https:\\\/\\\/www.eldigitaldeasturias.com\\\/noticias\\\/author\\\/admin\\\/#author\"},\"publisher\":{\"@id\":\"https:\\\/\\\/www.eldigitaldeasturias.com\\\/noticias\\\/#organization\"},\"image\":{\"@type\":\"ImageObject\",\"url\":\"https:\\\/\\\/www.eldigitaldeasturias.com\\\/noticias\\\/wp-content\\\/uploads\\\/2017\\\/11\\\/imagenes_20171127_122021.jpg\",\"width\":700,\"height\":310},\"datePublished\":\"2017-11-27T17:32:27+01:00\",\"dateModified\":\"2017-11-27T17:32:27+01:00\",\"inLanguage\":\"es-ES\",\"mainEntityOfPage\":{\"@id\":\"https:\\\/\\\/www.eldigitaldeasturias.com\\\/noticias\\\/gaston-respalda-el-objetivo-de-la-automocion-de-seguir-ganando-competitividad\\\/#webpage\"},\"isPartOf\":{\"@id\":\"https:\\\/\\\/www.eldigitaldeasturias.com\\\/noticias\\\/gaston-respalda-el-objetivo-de-la-automocion-de-seguir-ganando-competitividad\\\/#webpage\"},\"articleSection\":\"Econom\\u00eda\"},{\"@type\":\"BreadcrumbList\",\"@id\":\"https:\\\/\\\/www.eldigitaldeasturias.com\\\/noticias\\\/gaston-respalda-el-objetivo-de-la-automocion-de-seguir-ganando-competitividad\\\/#breadcrumblist\",\"itemListElement\":[{\"@type\":\"ListItem\",\"@id\":\"https:\\\/\\\/www.eldigitaldeasturias.com\\\/noticias#listItem\",\"position\":1,\"name\":\"Home\",\"item\":\"https:\\\/\\\/www.eldigitaldeasturias.com\\\/noticias\",\"nextItem\":{\"@type\":\"ListItem\",\"@id\":\"https:\\\/\\\/www.eldigitaldeasturias.com\\\/noticias\\\/category\\\/economia\\\/#listItem\",\"name\":\"Econom\\u00eda\"}},{\"@type\":\"ListItem\",\"@id\":\"https:\\\/\\\/www.eldigitaldeasturias.com\\\/noticias\\\/category\\\/economia\\\/#listItem\",\"position\":2,\"name\":\"Econom\\u00eda\",\"item\":\"https:\\\/\\\/www.eldigitaldeasturias.com\\\/noticias\\\/category\\\/economia\\\/\",\"nextItem\":{\"@type\":\"ListItem\",\"@id\":\"https:\\\/\\\/www.eldigitaldeasturias.com\\\/noticias\\\/gaston-respalda-el-objetivo-de-la-automocion-de-seguir-ganando-competitividad\\\/#listItem\",\"name\":\"Gast\\u00f3n respalda el objetivo de la automoci\\u00f3n de seguir ganando competitividad\"},\"previousItem\":{\"@type\":\"ListItem\",\"@id\":\"https:\\\/\\\/www.eldigitaldeasturias.com\\\/noticias#listItem\",\"name\":\"Home\"}},{\"@type\":\"ListItem\",\"@id\":\"https:\\\/\\\/www.eldigitaldeasturias.com\\\/noticias\\\/gaston-respalda-el-objetivo-de-la-automocion-de-seguir-ganando-competitividad\\\/#listItem\",\"position\":3,\"name\":\"Gast\\u00f3n respalda el objetivo de la automoci\\u00f3n de seguir ganando competitividad\",\"previousItem\":{\"@type\":\"ListItem\",\"@id\":\"https:\\\/\\\/www.eldigitaldeasturias.com\\\/noticias\\\/category\\\/economia\\\/#listItem\",\"name\":\"Econom\\u00eda\"}}]},{\"@type\":\"Organization\",\"@id\":\"https:\\\/\\\/www.eldigitaldeasturias.com\\\/noticias\\\/#organization\",\"name\":\"El Digital de Asturias\",\"description\":\"Hemeroteca\",\"url\":\"https:\\\/\\\/www.eldigitaldeasturias.com\\\/noticias\\\/\",\"email\":\"info@eldigitaldeasturias.com\",\"telephone\":\"+34652131393\",\"logo\":{\"@type\":\"ImageObject\",\"url\":\"https:\\\/\\\/www.eldigitaldeasturias.com\\\/noticias\\\/wp-content\\\/uploads\\\/2020\\\/12\\\/EDA.jpg\",\"@id\":\"https:\\\/\\\/www.eldigitaldeasturias.com\\\/noticias\\\/gaston-respalda-el-objetivo-de-la-automocion-de-seguir-ganando-competitividad\\\/#organizationLogo\",\"width\":649,\"height\":297},\"image\":{\"@id\":\"https:\\\/\\\/www.eldigitaldeasturias.com\\\/noticias\\\/gaston-respalda-el-objetivo-de-la-automocion-de-seguir-ganando-competitividad\\\/#organizationLogo\"},\"sameAs\":[\"https:\\\/\\\/facebook.com\\\/eldigitaldeasturias\",\"https:\\\/\\\/www.youtube.com\\\/channel\\\/UCZP-2wLEB9Rv6erhFmqVnvg\"],\"address\":{\"@id\":\"https:\\\/\\\/www.eldigitaldeasturias.com\\\/noticias\\\/#postaladdress\",\"@type\":\"PostalAddress\",\"streetAddress\":\"san antonio 4,\",\"postalCode\":\"33430\",\"addressLocality\":\"Cand\\u00e1s\",\"addressRegion\":\"Asturias\",\"addressCountry\":\"ES\"}},{\"@type\":\"Person\",\"@id\":\"https:\\\/\\\/www.eldigitaldeasturias.com\\\/noticias\\\/author\\\/admin\\\/#author\",\"url\":\"https:\\\/\\\/www.eldigitaldeasturias.com\\\/noticias\\\/author\\\/admin\\\/\",\"name\":\"El Digital de Asturias\",\"image\":{\"@type\":\"ImageObject\",\"@id\":\"https:\\\/\\\/www.eldigitaldeasturias.com\\\/noticias\\\/gaston-respalda-el-objetivo-de-la-automocion-de-seguir-ganando-competitividad\\\/#authorImage\",\"url\":\"https:\\\/\\\/www.eldigitaldeasturias.com\\\/noticias\\\/wp-content\\\/litespeed\\\/avatar\\\/18677e78aa0546b92d9dbf31ec7d7668.jpg?ver=1777290358\",\"width\":96,\"height\":96,\"caption\":\"El Digital de Asturias\"}},{\"@type\":\"WebPage\",\"@id\":\"https:\\\/\\\/www.eldigitaldeasturias.com\\\/noticias\\\/gaston-respalda-el-objetivo-de-la-automocion-de-seguir-ganando-competitividad\\\/#webpage\",\"url\":\"https:\\\/\\\/www.eldigitaldeasturias.com\\\/noticias\\\/gaston-respalda-el-objetivo-de-la-automocion-de-seguir-ganando-competitividad\\\/\",\"name\":\"Gast\\u00f3n respalda el objetivo de la automoci\\u00f3n de seguir ganando competitividad - El Digital de Asturias\",\"description\":\"Las asociaciones de la automoci\\u00f3n en Espa\\u00f1a han presentado hoy a la Consejera de Econom\\u00eda, Industria y Empleo, Marta Gast\\u00f3n, las principales conclusiones de la \\u2018Agenda Sectorial de la Industria de Automoci\\u00f3n\\u2019. Se trata de un documento, fruto de la colaboraci\\u00f3n p\\u00fablico-privada, orientado a la mejora de la competitividad del sector y del conjunto del\",\"inLanguage\":\"es-ES\",\"isPartOf\":{\"@id\":\"https:\\\/\\\/www.eldigitaldeasturias.com\\\/noticias\\\/#website\"},\"breadcrumb\":{\"@id\":\"https:\\\/\\\/www.eldigitaldeasturias.com\\\/noticias\\\/gaston-respalda-el-objetivo-de-la-automocion-de-seguir-ganando-competitividad\\\/#breadcrumblist\"},\"author\":{\"@id\":\"https:\\\/\\\/www.eldigitaldeasturias.com\\\/noticias\\\/author\\\/admin\\\/#author\"},\"creator\":{\"@id\":\"https:\\\/\\\/www.eldigitaldeasturias.com\\\/noticias\\\/author\\\/admin\\\/#author\"},\"image\":{\"@type\":\"ImageObject\",\"url\":\"https:\\\/\\\/www.eldigitaldeasturias.com\\\/noticias\\\/wp-content\\\/uploads\\\/2017\\\/11\\\/imagenes_20171127_122021.jpg\",\"@id\":\"https:\\\/\\\/www.eldigitaldeasturias.com\\\/noticias\\\/gaston-respalda-el-objetivo-de-la-automocion-de-seguir-ganando-competitividad\\\/#mainImage\",\"width\":700,\"height\":310},\"primaryImageOfPage\":{\"@id\":\"https:\\\/\\\/www.eldigitaldeasturias.com\\\/noticias\\\/gaston-respalda-el-objetivo-de-la-automocion-de-seguir-ganando-competitividad\\\/#mainImage\"},\"datePublished\":\"2017-11-27T17:32:27+01:00\",\"dateModified\":\"2017-11-27T17:32:27+01:00\"},{\"@type\":\"WebSite\",\"@id\":\"https:\\\/\\\/www.eldigitaldeasturias.com\\\/noticias\\\/#website\",\"url\":\"https:\\\/\\\/www.eldigitaldeasturias.com\\\/noticias\\\/\",\"name\":\"El Digital de Asturias - Diario de actualidad y noticias\",\"alternateName\":\"El Digital de Asturias - Diario de actualidad y noticias\",\"description\":\"Hemeroteca\",\"inLanguage\":\"es-ES\",\"publisher\":{\"@id\":\"https:\\\/\\\/www.eldigitaldeasturias.com\\\/noticias\\\/#organization\"}}]}\n\t\t<\/script>\n\t\t<!-- All in One SEO Pro -->\r\n\t\t<title>Gast\u00f3n respalda el objetivo de la automoci\u00f3n de seguir ganando competitividad - El Digital de Asturias<\/title>\n\n","aioseo_head_json":{"title":"Gast\u00f3n respalda el objetivo de la automoci\u00f3n de seguir ganando competitividad - El Digital de Asturias","description":"Las asociaciones de la automoci\u00f3n en Espa\u00f1a han presentado hoy a la Consejera de Econom\u00eda, Industria y Empleo, Marta Gast\u00f3n, las principales conclusiones de la \u2018Agenda Sectorial de la Industria de Automoci\u00f3n\u2019. Se trata de un documento, fruto de la colaboraci\u00f3n p\u00fablico-privada, orientado a la mejora de la competitividad del sector y del conjunto del","canonical_url":"https:\/\/www.eldigitaldeasturias.com\/noticias\/gaston-respalda-el-objetivo-de-la-automocion-de-seguir-ganando-competitividad\/","robots":"max-image-preview:large","keywords":"econom\u00eda","webmasterTools":{"google-site-verification":"UA-38556648-1","msvalidate.01":"7dfe9f3f1b24437ab69f4f2559babe99","miscellaneous":""},"schema":{"@context":"https:\/\/schema.org","@graph":[{"@type":"BlogPosting","@id":"https:\/\/www.eldigitaldeasturias.com\/noticias\/gaston-respalda-el-objetivo-de-la-automocion-de-seguir-ganando-competitividad\/#blogposting","name":"Gast\u00f3n respalda el objetivo de la automoci\u00f3n de seguir ganando competitividad - El Digital de Asturias","headline":"Gast\u00f3n respalda el objetivo de la automoci\u00f3n de seguir ganando competitividad","author":{"@id":"https:\/\/www.eldigitaldeasturias.com\/noticias\/author\/admin\/#author"},"publisher":{"@id":"https:\/\/www.eldigitaldeasturias.com\/noticias\/#organization"},"image":{"@type":"ImageObject","url":"https:\/\/www.eldigitaldeasturias.com\/noticias\/wp-content\/uploads\/2017\/11\/imagenes_20171127_122021.jpg","width":700,"height":310},"datePublished":"2017-11-27T17:32:27+01:00","dateModified":"2017-11-27T17:32:27+01:00","inLanguage":"es-ES","mainEntityOfPage":{"@id":"https:\/\/www.eldigitaldeasturias.com\/noticias\/gaston-respalda-el-objetivo-de-la-automocion-de-seguir-ganando-competitividad\/#webpage"},"isPartOf":{"@id":"https:\/\/www.eldigitaldeasturias.com\/noticias\/gaston-respalda-el-objetivo-de-la-automocion-de-seguir-ganando-competitividad\/#webpage"},"articleSection":"Econom\u00eda"},{"@type":"BreadcrumbList","@id":"https:\/\/www.eldigitaldeasturias.com\/noticias\/gaston-respalda-el-objetivo-de-la-automocion-de-seguir-ganando-competitividad\/#breadcrumblist","itemListElement":[{"@type":"ListItem","@id":"https:\/\/www.eldigitaldeasturias.com\/noticias#listItem","position":1,"name":"Home","item":"https:\/\/www.eldigitaldeasturias.com\/noticias","nextItem":{"@type":"ListItem","@id":"https:\/\/www.eldigitaldeasturias.com\/noticias\/category\/economia\/#listItem","name":"Econom\u00eda"}},{"@type":"ListItem","@id":"https:\/\/www.eldigitaldeasturias.com\/noticias\/category\/economia\/#listItem","position":2,"name":"Econom\u00eda","item":"https:\/\/www.eldigitaldeasturias.com\/noticias\/category\/economia\/","nextItem":{"@type":"ListItem","@id":"https:\/\/www.eldigitaldeasturias.com\/noticias\/gaston-respalda-el-objetivo-de-la-automocion-de-seguir-ganando-competitividad\/#listItem","name":"Gast\u00f3n respalda el objetivo de la automoci\u00f3n de seguir ganando competitividad"},"previousItem":{"@type":"ListItem","@id":"https:\/\/www.eldigitaldeasturias.com\/noticias#listItem","name":"Home"}},{"@type":"ListItem","@id":"https:\/\/www.eldigitaldeasturias.com\/noticias\/gaston-respalda-el-objetivo-de-la-automocion-de-seguir-ganando-competitividad\/#listItem","position":3,"name":"Gast\u00f3n respalda el objetivo de la automoci\u00f3n de seguir ganando competitividad","previousItem":{"@type":"ListItem","@id":"https:\/\/www.eldigitaldeasturias.com\/noticias\/category\/economia\/#listItem","name":"Econom\u00eda"}}]},{"@type":"Organization","@id":"https:\/\/www.eldigitaldeasturias.com\/noticias\/#organization","name":"El Digital de Asturias","description":"Hemeroteca","url":"https:\/\/www.eldigitaldeasturias.com\/noticias\/","email":"info@eldigitaldeasturias.com","telephone":"+34652131393","logo":{"@type":"ImageObject","url":"https:\/\/www.eldigitaldeasturias.com\/noticias\/wp-content\/uploads\/2020\/12\/EDA.jpg","@id":"https:\/\/www.eldigitaldeasturias.com\/noticias\/gaston-respalda-el-objetivo-de-la-automocion-de-seguir-ganando-competitividad\/#organizationLogo","width":649,"height":297},"image":{"@id":"https:\/\/www.eldigitaldeasturias.com\/noticias\/gaston-respalda-el-objetivo-de-la-automocion-de-seguir-ganando-competitividad\/#organizationLogo"},"sameAs":["https:\/\/facebook.com\/eldigitaldeasturias","https:\/\/www.youtube.com\/channel\/UCZP-2wLEB9Rv6erhFmqVnvg"],"address":{"@id":"https:\/\/www.eldigitaldeasturias.com\/noticias\/#postaladdress","@type":"PostalAddress","streetAddress":"san antonio 4,","postalCode":"33430","addressLocality":"Cand\u00e1s","addressRegion":"Asturias","addressCountry":"ES"}},{"@type":"Person","@id":"https:\/\/www.eldigitaldeasturias.com\/noticias\/author\/admin\/#author","url":"https:\/\/www.eldigitaldeasturias.com\/noticias\/author\/admin\/","name":"El Digital de Asturias","image":{"@type":"ImageObject","@id":"https:\/\/www.eldigitaldeasturias.com\/noticias\/gaston-respalda-el-objetivo-de-la-automocion-de-seguir-ganando-competitividad\/#authorImage","url":"https:\/\/www.eldigitaldeasturias.com\/noticias\/wp-content\/litespeed\/avatar\/18677e78aa0546b92d9dbf31ec7d7668.jpg?ver=1777290358","width":96,"height":96,"caption":"El Digital de Asturias"}},{"@type":"WebPage","@id":"https:\/\/www.eldigitaldeasturias.com\/noticias\/gaston-respalda-el-objetivo-de-la-automocion-de-seguir-ganando-competitividad\/#webpage","url":"https:\/\/www.eldigitaldeasturias.com\/noticias\/gaston-respalda-el-objetivo-de-la-automocion-de-seguir-ganando-competitividad\/","name":"Gast\u00f3n respalda el objetivo de la automoci\u00f3n de seguir ganando competitividad - El Digital de Asturias","description":"Las asociaciones de la automoci\u00f3n en Espa\u00f1a han presentado hoy a la Consejera de Econom\u00eda, Industria y Empleo, Marta Gast\u00f3n, las principales conclusiones de la \u2018Agenda Sectorial de la Industria de Automoci\u00f3n\u2019. Se trata de un documento, fruto de la colaboraci\u00f3n p\u00fablico-privada, orientado a la mejora de la competitividad del sector y del conjunto del","inLanguage":"es-ES","isPartOf":{"@id":"https:\/\/www.eldigitaldeasturias.com\/noticias\/#website"},"breadcrumb":{"@id":"https:\/\/www.eldigitaldeasturias.com\/noticias\/gaston-respalda-el-objetivo-de-la-automocion-de-seguir-ganando-competitividad\/#breadcrumblist"},"author":{"@id":"https:\/\/www.eldigitaldeasturias.com\/noticias\/author\/admin\/#author"},"creator":{"@id":"https:\/\/www.eldigitaldeasturias.com\/noticias\/author\/admin\/#author"},"image":{"@type":"ImageObject","url":"https:\/\/www.eldigitaldeasturias.com\/noticias\/wp-content\/uploads\/2017\/11\/imagenes_20171127_122021.jpg","@id":"https:\/\/www.eldigitaldeasturias.com\/noticias\/gaston-respalda-el-objetivo-de-la-automocion-de-seguir-ganando-competitividad\/#mainImage","width":700,"height":310},"primaryImageOfPage":{"@id":"https:\/\/www.eldigitaldeasturias.com\/noticias\/gaston-respalda-el-objetivo-de-la-automocion-de-seguir-ganando-competitividad\/#mainImage"},"datePublished":"2017-11-27T17:32:27+01:00","dateModified":"2017-11-27T17:32:27+01:00"},{"@type":"WebSite","@id":"https:\/\/www.eldigitaldeasturias.com\/noticias\/#website","url":"https:\/\/www.eldigitaldeasturias.com\/noticias\/","name":"El Digital de Asturias - Diario de actualidad y noticias","alternateName":"El Digital de Asturias - Diario de actualidad y noticias","description":"Hemeroteca","inLanguage":"es-ES","publisher":{"@id":"https:\/\/www.eldigitaldeasturias.com\/noticias\/#organization"}}]},"og:locale":"es_ES","og:site_name":"El Digital de Asturias","og:type":"article","og:title":"Gast\u00f3n respalda el objetivo de la automoci\u00f3n de seguir ganando competitividad - El Digital de Asturias","og:description":"Las asociaciones de la automoci\u00f3n en Espa\u00f1a han presentado hoy a la Consejera de Econom\u00eda, Industria y Empleo, Marta Gast\u00f3n, las principales conclusiones de la \u2018Agenda Sectorial de la Industria de Automoci\u00f3n\u2019. Se trata de un documento, fruto de la colaboraci\u00f3n p\u00fablico-privada, orientado a la mejora de la competitividad del sector y del conjunto del","og:url":"https:\/\/www.eldigitaldeasturias.com\/noticias\/gaston-respalda-el-objetivo-de-la-automocion-de-seguir-ganando-competitividad\/","og:image":"https:\/\/www.eldigitaldeasturias.com\/noticias\/wp-content\/uploads\/2017\/11\/imagenes_20171127_122021.jpg","og:image:secure_url":"https:\/\/www.eldigitaldeasturias.com\/noticias\/wp-content\/uploads\/2017\/11\/imagenes_20171127_122021.jpg","og:image:width":700,"og:image:height":310,"article:tag":["econom\u00eda"],"article:published_time":"2017-11-27T17:32:27+00:00","article:modified_time":"2017-11-27T17:32:27+00:00","article:publisher":"https:\/\/facebook.com\/eldigitaldeasturias","twitter:card":"summary_large_image","twitter:title":"Gast\u00f3n respalda el objetivo de la automoci\u00f3n de seguir ganando competitividad - El Digital de Asturias","twitter:description":"Las asociaciones de la automoci\u00f3n en Espa\u00f1a han presentado hoy a la Consejera de Econom\u00eda, Industria y Empleo, Marta Gast\u00f3n, las principales conclusiones de la \u2018Agenda Sectorial de la Industria de Automoci\u00f3n\u2019. Se trata de un documento, fruto de la colaboraci\u00f3n p\u00fablico-privada, orientado a la mejora de la competitividad del sector y del conjunto del","twitter:image":"https:\/\/www.eldigitaldeasturias.com\/noticias\/wp-content\/uploads\/2017\/11\/imagenes_20171127_122021.jpg","twitter:label1":"Escrito por","twitter:data1":"El Digital de Asturias","twitter:label2":"Tiempo de lectura estimado","twitter:data2":"5 minutos"},"aioseo_meta_data":{"post_id":"961446","title":null,"description":null,"keywords":null,"keyphrases":null,"primary_term":null,"canonical_url":null,"og_title":null,"og_description":null,"og_object_type":"default","og_image_type":"default","og_image_url":null,"og_image_width":null,"og_image_height":null,"og_image_custom_url":null,"og_image_custom_fields":null,"og_video":null,"og_custom_url":null,"og_article_section":null,"og_article_tags":null,"twitter_use_og":false,"twitter_card":"default","twitter_image_type":"default","twitter_image_url":null,"twitter_image_custom_url":null,"twitter_image_custom_fields":null,"twitter_title":null,"twitter_description":null,"schema":{"blockGraphs":[],"customGraphs":[],"default":{"data":{"Article":[],"Course":[],"Dataset":[],"FAQPage":[],"Movie":[],"Person":[],"Product":[],"ProductReview":[],"Car":[],"Recipe":[],"Service":[],"SoftwareApplication":[],"WebPage":[]},"graphName":"","isEnabled":true},"graphs":[],"defaultGraph":"","defaultPostTypeGraph":""},"schema_type":null,"schema_type_options":null,"pillar_content":false,"robots_default":true,"robots_noindex":false,"robots_noarchive":false,"robots_nosnippet":false,"robots_nofollow":false,"robots_noimageindex":false,"robots_noodp":false,"robots_notranslate":false,"robots_max_snippet":null,"robots_max_videopreview":null,"robots_max_imagepreview":"large","priority":null,"frequency":null,"local_seo":null,"seo_analyzer_scan_date":"2025-12-07 08:57:05","breadcrumb_settings":null,"limit_modified_date":false,"open_ai":null,"ai":null,"created":"2020-12-21 12:49:36","updated":"2025-12-07 08:57:05"},"aioseo_breadcrumb":"<div class=\"aioseo-breadcrumbs\"><span class=\"aioseo-breadcrumb\">\n\t<a href=\"https:\/\/www.eldigitaldeasturias.com\/noticias\" title=\"Home\">Home<\/a>\n<\/span><span class=\"aioseo-breadcrumb-separator\">\u2013<\/span><span class=\"aioseo-breadcrumb\">\n\t<a href=\"https:\/\/www.eldigitaldeasturias.com\/noticias\/category\/economia\/\" title=\"Econom\u00eda\">Econom\u00eda<\/a>\n<\/span><span class=\"aioseo-breadcrumb-separator\">\u2013<\/span><span class=\"aioseo-breadcrumb\">\n\t<a href=\"https:\/\/www.eldigitaldeasturias.com\/noticias\/gaston-respalda-el-objetivo-de-la-automocion-de-seguir-ganando-competitividad\/\" title=\"Gast\u00f3n respalda el objetivo de la automoci\u00f3n de seguir ganando competitividad\">Gast\u00f3n respalda el objetivo de la automoci\u00f3n de seguir ganando competitividad<\/a>\n<\/span><\/div>","aioseo_breadcrumb_json":[{"label":"Home","link":"https:\/\/www.eldigitaldeasturias.com\/noticias"},{"label":"Econom\u00eda","link":"https:\/\/www.eldigitaldeasturias.com\/noticias\/category\/economia\/"},{"label":"Gast\u00f3n respalda el objetivo de la automoci\u00f3n de seguir ganando competitividad","link":"https:\/\/www.eldigitaldeasturias.com\/noticias\/gaston-respalda-el-objetivo-de-la-automocion-de-seguir-ganando-competitividad\/"}],"_links":{"self":[{"href":"https:\/\/www.eldigitaldeasturias.com\/noticias\/wp-json\/wp\/v2\/posts\/961446","targetHints":{"allow":["GET"]}}],"collection":[{"href":"https:\/\/www.eldigitaldeasturias.com\/noticias\/wp-json\/wp\/v2\/posts"}],"about":[{"href":"https:\/\/www.eldigitaldeasturias.com\/noticias\/wp-json\/wp\/v2\/types\/post"}],"author":[{"embeddable":true,"href":"https:\/\/www.eldigitaldeasturias.com\/noticias\/wp-json\/wp\/v2\/users\/1"}],"replies":[{"embeddable":true,"href":"https:\/\/www.eldigitaldeasturias.com\/noticias\/wp-json\/wp\/v2\/comments?post=961446"}],"version-history":[{"count":0,"href":"https:\/\/www.eldigitaldeasturias.com\/noticias\/wp-json\/wp\/v2\/posts\/961446\/revisions"}],"wp:featuredmedia":[{"embeddable":true,"href":"https:\/\/www.eldigitaldeasturias.com\/noticias\/wp-json\/wp\/v2\/media\/961447"}],"wp:attachment":[{"href":"https:\/\/www.eldigitaldeasturias.com\/noticias\/wp-json\/wp\/v2\/media?parent=961446"}],"wp:term":[{"taxonomy":"category","embeddable":true,"href":"https:\/\/www.eldigitaldeasturias.com\/noticias\/wp-json\/wp\/v2\/categories?post=961446"},{"taxonomy":"post_tag","embeddable":true,"href":"https:\/\/www.eldigitaldeasturias.com\/noticias\/wp-json\/wp\/v2\/tags?post=961446"}],"curies":[{"name":"wp","href":"https:\/\/api.w.org\/{rel}","templated":true}]}}