{"id":961409,"date":"2017-11-27T14:18:14","date_gmt":"2017-11-27T14:18:14","guid":{"rendered":"http:\/\/www.eldigitaldeasturias.com\/noticias\/?p=961409"},"modified":"2017-11-27T14:18:14","modified_gmt":"2017-11-27T14:18:14","slug":"umivale-alerta-al-sector-energetico-del-repunte-de-la-cifra-de-absentismo","status":"publish","type":"post","link":"https:\/\/www.eldigitaldeasturias.com\/noticias\/umivale-alerta-al-sector-energetico-del-repunte-de-la-cifra-de-absentismo\/","title":{"rendered":"umivale alerta al sector energ\u00e9tico del repunte de la cifra de absentismo"},"content":{"rendered":"<p><img loading=\"lazy\" decoding=\"async\" class=\"alignleft size-medium wp-image-961410\" src=\"https:\/\/www.eldigitaldeasturias.com\/noticias\/wp-content\/uploads\/2017\/11\/WP_20171113_12_13_26-360x171.jpg\" alt=\"\" width=\"360\" height=\"171\" srcset=\"https:\/\/www.eldigitaldeasturias.com\/noticias\/wp-content\/uploads\/2017\/11\/WP_20171113_12_13_26-360x171.jpg 360w, https:\/\/www.eldigitaldeasturias.com\/noticias\/wp-content\/uploads\/2017\/11\/WP_20171113_12_13_26-768x364.jpg 768w, https:\/\/www.eldigitaldeasturias.com\/noticias\/wp-content\/uploads\/2017\/11\/WP_20171113_12_13_26-650x308.jpg 650w, https:\/\/www.eldigitaldeasturias.com\/noticias\/wp-content\/uploads\/2017\/11\/WP_20171113_12_13_26.jpg 1531w\" sizes=\"auto, (max-width: 360px) 100vw, 360px\" \/>\u201cEl absentismo laboral se ha disparado en el sector de la energ\u00eda. Con la salida de la crisis estamos experimentando un claro repunte y necesitamos hacer\u00a0un esfuerzo mayor por parte de todos &#8211; mutuas, empresas y gobernantes- para revertir esta\u00a0tendencia\u201d. \u201cDesde umivale estamos poniendo todo nuestro empe\u00f1o para frenar el dato pero\u00a0necesitamos el apoyo de la sociedad\u201d. As\u00ed de contundente se ha expresado C\u00e9sar Poveda, Director\u00a0de Operaciones de umivale, en la Comisi\u00f3n Sectorial de la Energ\u00eda que anualmente re\u00fane a la mutua con empresas del sector. En esta ocasi\u00f3n se ha organizado conjuntamente con Iberdrola en\u00a0un encuentro que ha tenido lugar en el Campus de Formaci\u00f3n de la compa\u00f1\u00eda el\u00e9ctrica.<\/p>\n<p>Poveda ha destacado que el absentismo laboral por accidentes de trabajo y enfermedad profesional\u00a0en el sector ha aumentado en un 29,3% en el 2017 respecto al segundo semestre del 2016,\u00a0situ\u00e1ndose en un 0,20%, mientras que en absentismo por contingencia com\u00fan el incremento ha\u00a0sido de 4,6%.<\/p>\n<p>El Director de Operaciones ha puesto de manifiesto diferentes t\u00e9cnicas para convertir la gesti\u00f3n del absentismo en una oportunidad de mejora y ha destacado c\u00f3mo el trabajo conjunto de mutua y empresa puede hacer revertir estos datos. Adem\u00e1s ha hecho especial hincapi\u00e9 en los beneficios\u00a0que supone para las empresas ser activos en el cuidado de la salud laboral de sus empleados.<\/p>\n<p>En el encuentro, que ha sido presidido por Antonio Moreno Ucelay, presidente de la Comisi\u00f3n de\u00a0Energ\u00eda de umivale y Director del Servicio de Prevenci\u00f3n Mancomunado del grupo Iberdrola, ha\u00a0explicado con detalle como la reducci\u00f3n de absentismo ha supuesto para Iberdrola un importante\u00a0factor de competitividad.<\/p>\n<p>Como ponente invitado se cont\u00f3 con la participaci\u00f3n de Manuel Pedro Vel\u00e1zquez, Jefe de la\u00a0Inspecci\u00f3n Provincial de Trabajo y Seguridad Social de Bizkaia.<\/p>\n<p>Vel\u00e1zquez, por su parte, ha abordado la gesti\u00f3n de los Riesgos Psicosociales y c\u00f3mo como un\u00a0factor psicosocial se puede convertir en un factor de riesgo, poniendo especial \u00e9nfasis en el acoso\u00a0laboral<\/p>\n","protected":false},"excerpt":{"rendered":"<p>\u201cEl absentismo laboral se ha disparado en el sector de la energ\u00eda. Con la salida de la crisis estamos experimentando un claro repunte y necesitamos hacer\u00a0un esfuerzo mayor por parte de todos &#8211; mutuas, empresas y gobernantes- para revertir esta\u00a0tendencia\u201d. \u201cDesde umivale estamos poniendo todo nuestro empe\u00f1o para frenar el dato pero\u00a0necesitamos el apoyo de [&hellip;]<\/p>\n","protected":false},"author":1,"featured_media":961410,"comment_status":"closed","ping_status":"closed","sticky":false,"template":"","format":"standard","meta":{"footnotes":""},"categories":[187],"tags":[],"class_list":["post-961409","post","type-post","status-publish","format-standard","has-post-thumbnail","hentry","category-economia"],"aioseo_notices":[],"aioseo_head":"\n\t\t<!-- All in One SEO Pro 4.9.6.2 - aioseo.com -->\n\t<meta name=\"description\" content=\"\u201cEl absentismo laboral se ha disparado en el sector de la energ\u00eda. Con la salida de la crisis estamos experimentando un claro repunte y necesitamos hacer un esfuerzo mayor por parte de todos - mutuas, empresas y gobernantes- para revertir esta tendencia\u201d. \u201cDesde umivale estamos poniendo todo nuestro empe\u00f1o para frenar el dato pero necesitamos el apoyo de\" \/>\n\t<meta name=\"robots\" content=\"max-image-preview:large\" \/>\n\t<meta name=\"author\" content=\"El Digital de Asturias\"\/>\n\t<meta name=\"google-site-verification\" content=\"UA-38556648-1\" \/>\n\t<meta name=\"msvalidate.01\" content=\"7dfe9f3f1b24437ab69f4f2559babe99\" \/>\n\t<meta name=\"keywords\" content=\"econom\u00eda\" \/>\n\t<link rel=\"canonical\" href=\"https:\/\/www.eldigitaldeasturias.com\/noticias\/umivale-alerta-al-sector-energetico-del-repunte-de-la-cifra-de-absentismo\/\" \/>\n\t<meta name=\"generator\" content=\"All in One SEO Pro (AIOSEO) 4.9.6.2\" \/>\n\t\t<meta property=\"og:locale\" content=\"es_ES\" \/>\n\t\t<meta property=\"og:site_name\" content=\"El Digital de Asturias\" \/>\n\t\t<meta property=\"og:type\" content=\"article\" \/>\n\t\t<meta property=\"og:title\" content=\"umivale alerta al sector energ\u00e9tico del repunte de la cifra de absentismo - El Digital de Asturias\" \/>\n\t\t<meta property=\"og:description\" content=\"\u201cEl absentismo laboral se ha disparado en el sector de la energ\u00eda. Con la salida de la crisis estamos experimentando un claro repunte y necesitamos hacer un esfuerzo mayor por parte de todos - mutuas, empresas y gobernantes- para revertir esta tendencia\u201d. \u201cDesde umivale estamos poniendo todo nuestro empe\u00f1o para frenar el dato pero necesitamos el apoyo de\" \/>\n\t\t<meta property=\"og:url\" content=\"https:\/\/www.eldigitaldeasturias.com\/noticias\/umivale-alerta-al-sector-energetico-del-repunte-de-la-cifra-de-absentismo\/\" \/>\n\t\t<meta property=\"og:image\" content=\"https:\/\/www.eldigitaldeasturias.com\/noticias\/wp-content\/uploads\/2017\/11\/WP_20171113_12_13_26.jpg\" \/>\n\t\t<meta property=\"og:image:secure_url\" content=\"https:\/\/www.eldigitaldeasturias.com\/noticias\/wp-content\/uploads\/2017\/11\/WP_20171113_12_13_26.jpg\" \/>\n\t\t<meta property=\"og:image:width\" content=\"1531\" \/>\n\t\t<meta property=\"og:image:height\" content=\"726\" \/>\n\t\t<meta property=\"article:tag\" content=\"econom\u00eda\" \/>\n\t\t<meta property=\"article:published_time\" content=\"2017-11-27T14:18:14+00:00\" \/>\n\t\t<meta property=\"article:modified_time\" content=\"2017-11-27T14:18:14+00:00\" \/>\n\t\t<meta property=\"article:publisher\" content=\"https:\/\/facebook.com\/eldigitaldeasturias\" \/>\n\t\t<meta name=\"twitter:card\" content=\"summary_large_image\" \/>\n\t\t<meta name=\"twitter:title\" content=\"umivale alerta al sector energ\u00e9tico del repunte de la cifra de absentismo - El Digital de Asturias\" \/>\n\t\t<meta name=\"twitter:description\" content=\"\u201cEl absentismo laboral se ha disparado en el sector de la energ\u00eda. Con la salida de la crisis estamos experimentando un claro repunte y necesitamos hacer un esfuerzo mayor por parte de todos - mutuas, empresas y gobernantes- para revertir esta tendencia\u201d. \u201cDesde umivale estamos poniendo todo nuestro empe\u00f1o para frenar el dato pero necesitamos el apoyo de\" \/>\n\t\t<meta name=\"twitter:image\" content=\"https:\/\/www.eldigitaldeasturias.com\/noticias\/wp-content\/uploads\/2017\/11\/WP_20171113_12_13_26.jpg\" \/>\n\t\t<meta name=\"twitter:label1\" content=\"Escrito por\" \/>\n\t\t<meta name=\"twitter:data1\" content=\"El Digital de Asturias\" \/>\n\t\t<meta name=\"twitter:label2\" content=\"Tiempo de lectura estimado\" \/>\n\t\t<meta name=\"twitter:data2\" content=\"2 minutos\" \/>\n\t\t<script type=\"application\/ld+json\" class=\"aioseo-schema\">\n\t\t\t{\"@context\":\"https:\\\/\\\/schema.org\",\"@graph\":[{\"@type\":\"BlogPosting\",\"@id\":\"https:\\\/\\\/www.eldigitaldeasturias.com\\\/noticias\\\/umivale-alerta-al-sector-energetico-del-repunte-de-la-cifra-de-absentismo\\\/#blogposting\",\"name\":\"umivale alerta al sector energ\\u00e9tico del repunte de la cifra de absentismo - El Digital de Asturias\",\"headline\":\"umivale alerta al sector energ\\u00e9tico del repunte de la cifra de absentismo\",\"author\":{\"@id\":\"https:\\\/\\\/www.eldigitaldeasturias.com\\\/noticias\\\/author\\\/admin\\\/#author\"},\"publisher\":{\"@id\":\"https:\\\/\\\/www.eldigitaldeasturias.com\\\/noticias\\\/#organization\"},\"image\":{\"@type\":\"ImageObject\",\"url\":\"https:\\\/\\\/www.eldigitaldeasturias.com\\\/noticias\\\/wp-content\\\/uploads\\\/2017\\\/11\\\/WP_20171113_12_13_26.jpg\",\"width\":1531,\"height\":726},\"datePublished\":\"2017-11-27T14:18:14+01:00\",\"dateModified\":\"2017-11-27T14:18:14+01:00\",\"inLanguage\":\"es-ES\",\"mainEntityOfPage\":{\"@id\":\"https:\\\/\\\/www.eldigitaldeasturias.com\\\/noticias\\\/umivale-alerta-al-sector-energetico-del-repunte-de-la-cifra-de-absentismo\\\/#webpage\"},\"isPartOf\":{\"@id\":\"https:\\\/\\\/www.eldigitaldeasturias.com\\\/noticias\\\/umivale-alerta-al-sector-energetico-del-repunte-de-la-cifra-de-absentismo\\\/#webpage\"},\"articleSection\":\"Econom\\u00eda\"},{\"@type\":\"BreadcrumbList\",\"@id\":\"https:\\\/\\\/www.eldigitaldeasturias.com\\\/noticias\\\/umivale-alerta-al-sector-energetico-del-repunte-de-la-cifra-de-absentismo\\\/#breadcrumblist\",\"itemListElement\":[{\"@type\":\"ListItem\",\"@id\":\"https:\\\/\\\/www.eldigitaldeasturias.com\\\/noticias#listItem\",\"position\":1,\"name\":\"Home\",\"item\":\"https:\\\/\\\/www.eldigitaldeasturias.com\\\/noticias\",\"nextItem\":{\"@type\":\"ListItem\",\"@id\":\"https:\\\/\\\/www.eldigitaldeasturias.com\\\/noticias\\\/category\\\/economia\\\/#listItem\",\"name\":\"Econom\\u00eda\"}},{\"@type\":\"ListItem\",\"@id\":\"https:\\\/\\\/www.eldigitaldeasturias.com\\\/noticias\\\/category\\\/economia\\\/#listItem\",\"position\":2,\"name\":\"Econom\\u00eda\",\"item\":\"https:\\\/\\\/www.eldigitaldeasturias.com\\\/noticias\\\/category\\\/economia\\\/\",\"nextItem\":{\"@type\":\"ListItem\",\"@id\":\"https:\\\/\\\/www.eldigitaldeasturias.com\\\/noticias\\\/umivale-alerta-al-sector-energetico-del-repunte-de-la-cifra-de-absentismo\\\/#listItem\",\"name\":\"umivale alerta al sector energ\\u00e9tico del repunte de la cifra de absentismo\"},\"previousItem\":{\"@type\":\"ListItem\",\"@id\":\"https:\\\/\\\/www.eldigitaldeasturias.com\\\/noticias#listItem\",\"name\":\"Home\"}},{\"@type\":\"ListItem\",\"@id\":\"https:\\\/\\\/www.eldigitaldeasturias.com\\\/noticias\\\/umivale-alerta-al-sector-energetico-del-repunte-de-la-cifra-de-absentismo\\\/#listItem\",\"position\":3,\"name\":\"umivale alerta al sector energ\\u00e9tico del repunte de la cifra de absentismo\",\"previousItem\":{\"@type\":\"ListItem\",\"@id\":\"https:\\\/\\\/www.eldigitaldeasturias.com\\\/noticias\\\/category\\\/economia\\\/#listItem\",\"name\":\"Econom\\u00eda\"}}]},{\"@type\":\"Organization\",\"@id\":\"https:\\\/\\\/www.eldigitaldeasturias.com\\\/noticias\\\/#organization\",\"name\":\"El Digital de Asturias\",\"description\":\"Hemeroteca\",\"url\":\"https:\\\/\\\/www.eldigitaldeasturias.com\\\/noticias\\\/\",\"email\":\"info@eldigitaldeasturias.com\",\"telephone\":\"+34652131393\",\"logo\":{\"@type\":\"ImageObject\",\"url\":\"https:\\\/\\\/www.eldigitaldeasturias.com\\\/noticias\\\/wp-content\\\/uploads\\\/2020\\\/12\\\/EDA.jpg\",\"@id\":\"https:\\\/\\\/www.eldigitaldeasturias.com\\\/noticias\\\/umivale-alerta-al-sector-energetico-del-repunte-de-la-cifra-de-absentismo\\\/#organizationLogo\",\"width\":649,\"height\":297},\"image\":{\"@id\":\"https:\\\/\\\/www.eldigitaldeasturias.com\\\/noticias\\\/umivale-alerta-al-sector-energetico-del-repunte-de-la-cifra-de-absentismo\\\/#organizationLogo\"},\"sameAs\":[\"https:\\\/\\\/facebook.com\\\/eldigitaldeasturias\",\"https:\\\/\\\/www.youtube.com\\\/channel\\\/UCZP-2wLEB9Rv6erhFmqVnvg\"],\"address\":{\"@id\":\"https:\\\/\\\/www.eldigitaldeasturias.com\\\/noticias\\\/#postaladdress\",\"@type\":\"PostalAddress\",\"streetAddress\":\"san antonio 4,\",\"postalCode\":\"33430\",\"addressLocality\":\"Cand\\u00e1s\",\"addressRegion\":\"Asturias\",\"addressCountry\":\"ES\"}},{\"@type\":\"Person\",\"@id\":\"https:\\\/\\\/www.eldigitaldeasturias.com\\\/noticias\\\/author\\\/admin\\\/#author\",\"url\":\"https:\\\/\\\/www.eldigitaldeasturias.com\\\/noticias\\\/author\\\/admin\\\/\",\"name\":\"El Digital de Asturias\",\"image\":{\"@type\":\"ImageObject\",\"@id\":\"https:\\\/\\\/www.eldigitaldeasturias.com\\\/noticias\\\/umivale-alerta-al-sector-energetico-del-repunte-de-la-cifra-de-absentismo\\\/#authorImage\",\"url\":\"https:\\\/\\\/www.eldigitaldeasturias.com\\\/noticias\\\/wp-content\\\/litespeed\\\/avatar\\\/18677e78aa0546b92d9dbf31ec7d7668.jpg?ver=1777290358\",\"width\":96,\"height\":96,\"caption\":\"El Digital de Asturias\"}},{\"@type\":\"WebPage\",\"@id\":\"https:\\\/\\\/www.eldigitaldeasturias.com\\\/noticias\\\/umivale-alerta-al-sector-energetico-del-repunte-de-la-cifra-de-absentismo\\\/#webpage\",\"url\":\"https:\\\/\\\/www.eldigitaldeasturias.com\\\/noticias\\\/umivale-alerta-al-sector-energetico-del-repunte-de-la-cifra-de-absentismo\\\/\",\"name\":\"umivale alerta al sector energ\\u00e9tico del repunte de la cifra de absentismo - El Digital de Asturias\",\"description\":\"\\u201cEl absentismo laboral se ha disparado en el sector de la energ\\u00eda. Con la salida de la crisis estamos experimentando un claro repunte y necesitamos hacer un esfuerzo mayor por parte de todos - mutuas, empresas y gobernantes- para revertir esta tendencia\\u201d. \\u201cDesde umivale estamos poniendo todo nuestro empe\\u00f1o para frenar el dato pero necesitamos el apoyo de\",\"inLanguage\":\"es-ES\",\"isPartOf\":{\"@id\":\"https:\\\/\\\/www.eldigitaldeasturias.com\\\/noticias\\\/#website\"},\"breadcrumb\":{\"@id\":\"https:\\\/\\\/www.eldigitaldeasturias.com\\\/noticias\\\/umivale-alerta-al-sector-energetico-del-repunte-de-la-cifra-de-absentismo\\\/#breadcrumblist\"},\"author\":{\"@id\":\"https:\\\/\\\/www.eldigitaldeasturias.com\\\/noticias\\\/author\\\/admin\\\/#author\"},\"creator\":{\"@id\":\"https:\\\/\\\/www.eldigitaldeasturias.com\\\/noticias\\\/author\\\/admin\\\/#author\"},\"image\":{\"@type\":\"ImageObject\",\"url\":\"https:\\\/\\\/www.eldigitaldeasturias.com\\\/noticias\\\/wp-content\\\/uploads\\\/2017\\\/11\\\/WP_20171113_12_13_26.jpg\",\"@id\":\"https:\\\/\\\/www.eldigitaldeasturias.com\\\/noticias\\\/umivale-alerta-al-sector-energetico-del-repunte-de-la-cifra-de-absentismo\\\/#mainImage\",\"width\":1531,\"height\":726},\"primaryImageOfPage\":{\"@id\":\"https:\\\/\\\/www.eldigitaldeasturias.com\\\/noticias\\\/umivale-alerta-al-sector-energetico-del-repunte-de-la-cifra-de-absentismo\\\/#mainImage\"},\"datePublished\":\"2017-11-27T14:18:14+01:00\",\"dateModified\":\"2017-11-27T14:18:14+01:00\"},{\"@type\":\"WebSite\",\"@id\":\"https:\\\/\\\/www.eldigitaldeasturias.com\\\/noticias\\\/#website\",\"url\":\"https:\\\/\\\/www.eldigitaldeasturias.com\\\/noticias\\\/\",\"name\":\"El Digital de Asturias - Diario de actualidad y noticias\",\"alternateName\":\"El Digital de Asturias - Diario de actualidad y noticias\",\"description\":\"Hemeroteca\",\"inLanguage\":\"es-ES\",\"publisher\":{\"@id\":\"https:\\\/\\\/www.eldigitaldeasturias.com\\\/noticias\\\/#organization\"}}]}\n\t\t<\/script>\n\t\t<!-- All in One SEO Pro -->\r\n\t\t<title>umivale alerta al sector energ\u00e9tico del repunte de la cifra de absentismo - El Digital de Asturias<\/title>\n\n","aioseo_head_json":{"title":"umivale alerta al sector energ\u00e9tico del repunte de la cifra de absentismo - El Digital de Asturias","description":"\u201cEl absentismo laboral se ha disparado en el sector de la energ\u00eda. Con la salida de la crisis estamos experimentando un claro repunte y necesitamos hacer un esfuerzo mayor por parte de todos - mutuas, empresas y gobernantes- para revertir esta tendencia\u201d. \u201cDesde umivale estamos poniendo todo nuestro empe\u00f1o para frenar el dato pero necesitamos el apoyo de","canonical_url":"https:\/\/www.eldigitaldeasturias.com\/noticias\/umivale-alerta-al-sector-energetico-del-repunte-de-la-cifra-de-absentismo\/","robots":"max-image-preview:large","keywords":"econom\u00eda","webmasterTools":{"google-site-verification":"UA-38556648-1","msvalidate.01":"7dfe9f3f1b24437ab69f4f2559babe99","miscellaneous":""},"schema":{"@context":"https:\/\/schema.org","@graph":[{"@type":"BlogPosting","@id":"https:\/\/www.eldigitaldeasturias.com\/noticias\/umivale-alerta-al-sector-energetico-del-repunte-de-la-cifra-de-absentismo\/#blogposting","name":"umivale alerta al sector energ\u00e9tico del repunte de la cifra de absentismo - El Digital de Asturias","headline":"umivale alerta al sector energ\u00e9tico del repunte de la cifra de absentismo","author":{"@id":"https:\/\/www.eldigitaldeasturias.com\/noticias\/author\/admin\/#author"},"publisher":{"@id":"https:\/\/www.eldigitaldeasturias.com\/noticias\/#organization"},"image":{"@type":"ImageObject","url":"https:\/\/www.eldigitaldeasturias.com\/noticias\/wp-content\/uploads\/2017\/11\/WP_20171113_12_13_26.jpg","width":1531,"height":726},"datePublished":"2017-11-27T14:18:14+01:00","dateModified":"2017-11-27T14:18:14+01:00","inLanguage":"es-ES","mainEntityOfPage":{"@id":"https:\/\/www.eldigitaldeasturias.com\/noticias\/umivale-alerta-al-sector-energetico-del-repunte-de-la-cifra-de-absentismo\/#webpage"},"isPartOf":{"@id":"https:\/\/www.eldigitaldeasturias.com\/noticias\/umivale-alerta-al-sector-energetico-del-repunte-de-la-cifra-de-absentismo\/#webpage"},"articleSection":"Econom\u00eda"},{"@type":"BreadcrumbList","@id":"https:\/\/www.eldigitaldeasturias.com\/noticias\/umivale-alerta-al-sector-energetico-del-repunte-de-la-cifra-de-absentismo\/#breadcrumblist","itemListElement":[{"@type":"ListItem","@id":"https:\/\/www.eldigitaldeasturias.com\/noticias#listItem","position":1,"name":"Home","item":"https:\/\/www.eldigitaldeasturias.com\/noticias","nextItem":{"@type":"ListItem","@id":"https:\/\/www.eldigitaldeasturias.com\/noticias\/category\/economia\/#listItem","name":"Econom\u00eda"}},{"@type":"ListItem","@id":"https:\/\/www.eldigitaldeasturias.com\/noticias\/category\/economia\/#listItem","position":2,"name":"Econom\u00eda","item":"https:\/\/www.eldigitaldeasturias.com\/noticias\/category\/economia\/","nextItem":{"@type":"ListItem","@id":"https:\/\/www.eldigitaldeasturias.com\/noticias\/umivale-alerta-al-sector-energetico-del-repunte-de-la-cifra-de-absentismo\/#listItem","name":"umivale alerta al sector energ\u00e9tico del repunte de la cifra de absentismo"},"previousItem":{"@type":"ListItem","@id":"https:\/\/www.eldigitaldeasturias.com\/noticias#listItem","name":"Home"}},{"@type":"ListItem","@id":"https:\/\/www.eldigitaldeasturias.com\/noticias\/umivale-alerta-al-sector-energetico-del-repunte-de-la-cifra-de-absentismo\/#listItem","position":3,"name":"umivale alerta al sector energ\u00e9tico del repunte de la cifra de absentismo","previousItem":{"@type":"ListItem","@id":"https:\/\/www.eldigitaldeasturias.com\/noticias\/category\/economia\/#listItem","name":"Econom\u00eda"}}]},{"@type":"Organization","@id":"https:\/\/www.eldigitaldeasturias.com\/noticias\/#organization","name":"El Digital de Asturias","description":"Hemeroteca","url":"https:\/\/www.eldigitaldeasturias.com\/noticias\/","email":"info@eldigitaldeasturias.com","telephone":"+34652131393","logo":{"@type":"ImageObject","url":"https:\/\/www.eldigitaldeasturias.com\/noticias\/wp-content\/uploads\/2020\/12\/EDA.jpg","@id":"https:\/\/www.eldigitaldeasturias.com\/noticias\/umivale-alerta-al-sector-energetico-del-repunte-de-la-cifra-de-absentismo\/#organizationLogo","width":649,"height":297},"image":{"@id":"https:\/\/www.eldigitaldeasturias.com\/noticias\/umivale-alerta-al-sector-energetico-del-repunte-de-la-cifra-de-absentismo\/#organizationLogo"},"sameAs":["https:\/\/facebook.com\/eldigitaldeasturias","https:\/\/www.youtube.com\/channel\/UCZP-2wLEB9Rv6erhFmqVnvg"],"address":{"@id":"https:\/\/www.eldigitaldeasturias.com\/noticias\/#postaladdress","@type":"PostalAddress","streetAddress":"san antonio 4,","postalCode":"33430","addressLocality":"Cand\u00e1s","addressRegion":"Asturias","addressCountry":"ES"}},{"@type":"Person","@id":"https:\/\/www.eldigitaldeasturias.com\/noticias\/author\/admin\/#author","url":"https:\/\/www.eldigitaldeasturias.com\/noticias\/author\/admin\/","name":"El Digital de Asturias","image":{"@type":"ImageObject","@id":"https:\/\/www.eldigitaldeasturias.com\/noticias\/umivale-alerta-al-sector-energetico-del-repunte-de-la-cifra-de-absentismo\/#authorImage","url":"https:\/\/www.eldigitaldeasturias.com\/noticias\/wp-content\/litespeed\/avatar\/18677e78aa0546b92d9dbf31ec7d7668.jpg?ver=1777290358","width":96,"height":96,"caption":"El Digital de Asturias"}},{"@type":"WebPage","@id":"https:\/\/www.eldigitaldeasturias.com\/noticias\/umivale-alerta-al-sector-energetico-del-repunte-de-la-cifra-de-absentismo\/#webpage","url":"https:\/\/www.eldigitaldeasturias.com\/noticias\/umivale-alerta-al-sector-energetico-del-repunte-de-la-cifra-de-absentismo\/","name":"umivale alerta al sector energ\u00e9tico del repunte de la cifra de absentismo - El Digital de Asturias","description":"\u201cEl absentismo laboral se ha disparado en el sector de la energ\u00eda. Con la salida de la crisis estamos experimentando un claro repunte y necesitamos hacer un esfuerzo mayor por parte de todos - mutuas, empresas y gobernantes- para revertir esta tendencia\u201d. \u201cDesde umivale estamos poniendo todo nuestro empe\u00f1o para frenar el dato pero necesitamos el apoyo de","inLanguage":"es-ES","isPartOf":{"@id":"https:\/\/www.eldigitaldeasturias.com\/noticias\/#website"},"breadcrumb":{"@id":"https:\/\/www.eldigitaldeasturias.com\/noticias\/umivale-alerta-al-sector-energetico-del-repunte-de-la-cifra-de-absentismo\/#breadcrumblist"},"author":{"@id":"https:\/\/www.eldigitaldeasturias.com\/noticias\/author\/admin\/#author"},"creator":{"@id":"https:\/\/www.eldigitaldeasturias.com\/noticias\/author\/admin\/#author"},"image":{"@type":"ImageObject","url":"https:\/\/www.eldigitaldeasturias.com\/noticias\/wp-content\/uploads\/2017\/11\/WP_20171113_12_13_26.jpg","@id":"https:\/\/www.eldigitaldeasturias.com\/noticias\/umivale-alerta-al-sector-energetico-del-repunte-de-la-cifra-de-absentismo\/#mainImage","width":1531,"height":726},"primaryImageOfPage":{"@id":"https:\/\/www.eldigitaldeasturias.com\/noticias\/umivale-alerta-al-sector-energetico-del-repunte-de-la-cifra-de-absentismo\/#mainImage"},"datePublished":"2017-11-27T14:18:14+01:00","dateModified":"2017-11-27T14:18:14+01:00"},{"@type":"WebSite","@id":"https:\/\/www.eldigitaldeasturias.com\/noticias\/#website","url":"https:\/\/www.eldigitaldeasturias.com\/noticias\/","name":"El Digital de Asturias - Diario de actualidad y noticias","alternateName":"El Digital de Asturias - Diario de actualidad y noticias","description":"Hemeroteca","inLanguage":"es-ES","publisher":{"@id":"https:\/\/www.eldigitaldeasturias.com\/noticias\/#organization"}}]},"og:locale":"es_ES","og:site_name":"El Digital de Asturias","og:type":"article","og:title":"umivale alerta al sector energ\u00e9tico del repunte de la cifra de absentismo - El Digital de Asturias","og:description":"\u201cEl absentismo laboral se ha disparado en el sector de la energ\u00eda. Con la salida de la crisis estamos experimentando un claro repunte y necesitamos hacer un esfuerzo mayor por parte de todos - mutuas, empresas y gobernantes- para revertir esta tendencia\u201d. \u201cDesde umivale estamos poniendo todo nuestro empe\u00f1o para frenar el dato pero necesitamos el apoyo de","og:url":"https:\/\/www.eldigitaldeasturias.com\/noticias\/umivale-alerta-al-sector-energetico-del-repunte-de-la-cifra-de-absentismo\/","og:image":"https:\/\/www.eldigitaldeasturias.com\/noticias\/wp-content\/uploads\/2017\/11\/WP_20171113_12_13_26.jpg","og:image:secure_url":"https:\/\/www.eldigitaldeasturias.com\/noticias\/wp-content\/uploads\/2017\/11\/WP_20171113_12_13_26.jpg","og:image:width":1531,"og:image:height":726,"article:tag":["econom\u00eda"],"article:published_time":"2017-11-27T14:18:14+00:00","article:modified_time":"2017-11-27T14:18:14+00:00","article:publisher":"https:\/\/facebook.com\/eldigitaldeasturias","twitter:card":"summary_large_image","twitter:title":"umivale alerta al sector energ\u00e9tico del repunte de la cifra de absentismo - El Digital de Asturias","twitter:description":"\u201cEl absentismo laboral se ha disparado en el sector de la energ\u00eda. Con la salida de la crisis estamos experimentando un claro repunte y necesitamos hacer un esfuerzo mayor por parte de todos - mutuas, empresas y gobernantes- para revertir esta tendencia\u201d. \u201cDesde umivale estamos poniendo todo nuestro empe\u00f1o para frenar el dato pero necesitamos el apoyo de","twitter:image":"https:\/\/www.eldigitaldeasturias.com\/noticias\/wp-content\/uploads\/2017\/11\/WP_20171113_12_13_26.jpg","twitter:label1":"Escrito por","twitter:data1":"El Digital de Asturias","twitter:label2":"Tiempo de lectura estimado","twitter:data2":"2 minutos"},"aioseo_meta_data":{"post_id":"961409","title":null,"description":null,"keywords":null,"keyphrases":null,"primary_term":null,"canonical_url":null,"og_title":null,"og_description":null,"og_object_type":"default","og_image_type":"default","og_image_url":null,"og_image_width":null,"og_image_height":null,"og_image_custom_url":null,"og_image_custom_fields":null,"og_video":null,"og_custom_url":null,"og_article_section":null,"og_article_tags":null,"twitter_use_og":false,"twitter_card":"default","twitter_image_type":"default","twitter_image_url":null,"twitter_image_custom_url":null,"twitter_image_custom_fields":null,"twitter_title":null,"twitter_description":null,"schema":{"blockGraphs":[],"customGraphs":[],"default":{"data":{"Article":[],"Course":[],"Dataset":[],"FAQPage":[],"Movie":[],"Person":[],"Product":[],"ProductReview":[],"Car":[],"Recipe":[],"Service":[],"SoftwareApplication":[],"WebPage":[]},"graphName":"","isEnabled":true},"graphs":[],"defaultGraph":"","defaultPostTypeGraph":""},"schema_type":null,"schema_type_options":null,"pillar_content":false,"robots_default":true,"robots_noindex":false,"robots_noarchive":false,"robots_nosnippet":false,"robots_nofollow":false,"robots_noimageindex":false,"robots_noodp":false,"robots_notranslate":false,"robots_max_snippet":null,"robots_max_videopreview":null,"robots_max_imagepreview":"large","priority":null,"frequency":null,"local_seo":null,"seo_analyzer_scan_date":"2025-12-07 08:46:23","breadcrumb_settings":null,"limit_modified_date":false,"open_ai":null,"ai":null,"created":"2020-12-21 12:49:36","updated":"2025-12-07 08:46:23"},"aioseo_breadcrumb":"<div class=\"aioseo-breadcrumbs\"><span class=\"aioseo-breadcrumb\">\n\t<a href=\"https:\/\/www.eldigitaldeasturias.com\/noticias\" title=\"Home\">Home<\/a>\n<\/span><span class=\"aioseo-breadcrumb-separator\">\u2013<\/span><span class=\"aioseo-breadcrumb\">\n\t<a href=\"https:\/\/www.eldigitaldeasturias.com\/noticias\/category\/economia\/\" title=\"Econom\u00eda\">Econom\u00eda<\/a>\n<\/span><span class=\"aioseo-breadcrumb-separator\">\u2013<\/span><span class=\"aioseo-breadcrumb\">\n\t<a href=\"https:\/\/www.eldigitaldeasturias.com\/noticias\/umivale-alerta-al-sector-energetico-del-repunte-de-la-cifra-de-absentismo\/\" title=\"umivale alerta al sector energ\u00e9tico del repunte de la cifra de absentismo\">umivale alerta al sector energ\u00e9tico del repunte de la cifra de absentismo<\/a>\n<\/span><\/div>","aioseo_breadcrumb_json":[{"label":"Home","link":"https:\/\/www.eldigitaldeasturias.com\/noticias"},{"label":"Econom\u00eda","link":"https:\/\/www.eldigitaldeasturias.com\/noticias\/category\/economia\/"},{"label":"umivale alerta al sector energ\u00e9tico del repunte de la cifra de absentismo","link":"https:\/\/www.eldigitaldeasturias.com\/noticias\/umivale-alerta-al-sector-energetico-del-repunte-de-la-cifra-de-absentismo\/"}],"_links":{"self":[{"href":"https:\/\/www.eldigitaldeasturias.com\/noticias\/wp-json\/wp\/v2\/posts\/961409","targetHints":{"allow":["GET"]}}],"collection":[{"href":"https:\/\/www.eldigitaldeasturias.com\/noticias\/wp-json\/wp\/v2\/posts"}],"about":[{"href":"https:\/\/www.eldigitaldeasturias.com\/noticias\/wp-json\/wp\/v2\/types\/post"}],"author":[{"embeddable":true,"href":"https:\/\/www.eldigitaldeasturias.com\/noticias\/wp-json\/wp\/v2\/users\/1"}],"replies":[{"embeddable":true,"href":"https:\/\/www.eldigitaldeasturias.com\/noticias\/wp-json\/wp\/v2\/comments?post=961409"}],"version-history":[{"count":0,"href":"https:\/\/www.eldigitaldeasturias.com\/noticias\/wp-json\/wp\/v2\/posts\/961409\/revisions"}],"wp:featuredmedia":[{"embeddable":true,"href":"https:\/\/www.eldigitaldeasturias.com\/noticias\/wp-json\/wp\/v2\/media\/961410"}],"wp:attachment":[{"href":"https:\/\/www.eldigitaldeasturias.com\/noticias\/wp-json\/wp\/v2\/media?parent=961409"}],"wp:term":[{"taxonomy":"category","embeddable":true,"href":"https:\/\/www.eldigitaldeasturias.com\/noticias\/wp-json\/wp\/v2\/categories?post=961409"},{"taxonomy":"post_tag","embeddable":true,"href":"https:\/\/www.eldigitaldeasturias.com\/noticias\/wp-json\/wp\/v2\/tags?post=961409"}],"curies":[{"name":"wp","href":"https:\/\/api.w.org\/{rel}","templated":true}]}}