{"id":961363,"date":"2017-11-26T22:50:35","date_gmt":"2017-11-26T22:50:35","guid":{"rendered":"http:\/\/www.eldigitaldeasturias.com\/noticias\/?p=961363"},"modified":"2017-11-26T22:50:35","modified_gmt":"2017-11-26T22:50:35","slug":"rivera-nacionalismo-y-populismo-son-dos-caras-de-la-misma-moneda","status":"publish","type":"post","link":"https:\/\/www.eldigitaldeasturias.com\/noticias\/rivera-nacionalismo-y-populismo-son-dos-caras-de-la-misma-moneda\/","title":{"rendered":"Rivera: &#8216;Nacionalismo y populismo son dos caras de la misma moneda\u00bb"},"content":{"rendered":"<p><img loading=\"lazy\" decoding=\"async\" class=\"alignleft size-medium wp-image-961364\" src=\"https:\/\/www.eldigitaldeasturias.com\/noticias\/wp-content\/uploads\/2017\/11\/Albert-360x240.jpg\" alt=\"\" width=\"360\" height=\"240\" \/>\u00abNacionalismo y populismo son dos caras de la misma moneda: quieren liquidar Espa\u00f1a y sacarnos de Europa\u00bb. As\u00ed lo ha dicho el presidente de Ciudadanos (Cs), Albert Rivera, en el acto de presentaci\u00f3n de campa\u00f1a para las elecciones del 21-D. Rivera ha se\u00f1alado que Carles Puigdemont \u201cse ha quitado la careta\u201d tras expresar que, si los separatistas ganan las elecciones, har\u00e1n un refer\u00e9ndum de salida de la Uni\u00f3n Europea. \u201cSi no les das la raz\u00f3n, te llaman fascista\u201d, ha afirmado. \u201cPero Europa, el mejor invento de los \u00faltimos 100 a\u00f1os, se construy\u00f3 para luchar contra el fascismo y por la libertad de todos los pueblos\u201d, ha matizado.<\/p>\n<p>En el acto celebrado en Hospitalet de Llobregat, al que han asistido m\u00e1s de 1.200 personas, Rivera ha justificado que no se puede estar al lado de los que quieren \u201cliquidar nuestro pa\u00eds\u201d. \u201cNo hay que copiar a los separatistas, se\u00f1ores Iceta y S\u00e1nchez, hay que ganarles\u201d, ha a\u00f1adido. Y es que, tal y como ha dicho Rivera, \u201cPedro S\u00e1nchez no se juega la nacionalidad o el pasaporte, pero yo s\u00ed, por eso no se puede pactar con separatistas\u201d.<\/p>\n<p>Por su parte, la l\u00edder del partido en Catalu\u00f1a, In\u00e9s Arrimadas, ha pedido a Pedro S\u00e1nchez y Miquel Iceta que \u201cno pongan palos en las ruedas para acabar con el proc\u00e9s y formar un gobierno nuevo y unido\u201d. Bajo el lema \u201cAhora s\u00ed votaremos\u201d, Arrimadas ha defendido que el de Cs es el \u00fanico proyecto inclusivo \u201cque no se olvida de m\u00e1s de la mitad de los catalanes\u201d. \u201cLa Catalu\u00f1a real est\u00e1 indignada\u201d ha defendido la tambi\u00e9n portavoz nacional de Cs porque \u201cel proc\u00e9s ha sido la peor estrategia para Catalu\u00f1a y las oportunidades se nos van de las manos\u201d.<\/p>\n<p>\u201cEl gobierno no puede seguir generando m\u00e1s problemas a los catalanes\u201d, ha matizado Arrimadas. La l\u00edder de Cs en Catalu\u00f1a ha recordado que \u201calgunos quer\u00edan votar para separarnos\u201d pero ha invitado a los ciudadanos a \u201cacudir en masa a votar para volver a unir a todos los catalanes con sentido com\u00fan\u201d, algo tan b\u00e1sico para Arrimadas pero que, a su parecer, \u201cechamos de menos en Catalu\u00f1a\u201d.<\/p>\n","protected":false},"excerpt":{"rendered":"<p>\u00abNacionalismo y populismo son dos caras de la misma moneda: quieren liquidar Espa\u00f1a y sacarnos de Europa\u00bb. As\u00ed lo ha dicho el presidente de Ciudadanos (Cs), Albert Rivera, en el acto de presentaci\u00f3n de campa\u00f1a para las elecciones del 21-D. Rivera ha se\u00f1alado que Carles Puigdemont \u201cse ha quitado la careta\u201d tras expresar que, si [&hellip;]<\/p>\n","protected":false},"author":1,"featured_media":961364,"comment_status":"closed","ping_status":"closed","sticky":false,"template":"","format":"standard","meta":{"footnotes":""},"categories":[1],"tags":[],"class_list":["post-961363","post","type-post","status-publish","format-standard","has-post-thumbnail","hentry","category-actualidad"],"aioseo_notices":[],"aioseo_head":"\n\t\t<!-- All in One SEO Pro 5.0.1 - aioseo.com -->\n\t<meta name=\"description\" content=\"&quot;Nacionalismo y populismo son dos caras de la misma moneda: quieren liquidar Espa\u00f1a y sacarnos de Europa&quot;. As\u00ed lo ha dicho el presidente de Ciudadanos (Cs), Albert Rivera, en el acto de presentaci\u00f3n de campa\u00f1a para las elecciones del 21-D. Rivera ha se\u00f1alado que Carles Puigdemont \u201cse ha quitado la careta\u201d tras expresar que, si\" \/>\n\t<meta name=\"robots\" content=\"max-image-preview:large\" \/>\n\t<meta name=\"author\" content=\"El Digital de Asturias\"\/>\n\t<meta name=\"google-site-verification\" content=\"UA-38556648-1\" \/>\n\t<meta name=\"msvalidate.01\" content=\"7dfe9f3f1b24437ab69f4f2559babe99\" \/>\n\t<meta name=\"keywords\" content=\"actualidad\" \/>\n\t<link rel=\"canonical\" href=\"https:\/\/www.eldigitaldeasturias.com\/noticias\/rivera-nacionalismo-y-populismo-son-dos-caras-de-la-misma-moneda\/\" \/>\n\t<meta name=\"generator\" content=\"All in One SEO Pro (AIOSEO) 5.0.1\" \/>\n\t\t<meta property=\"og:locale\" content=\"es_ES\" \/>\n\t\t<meta property=\"og:site_name\" content=\"El Digital de Asturias\" \/>\n\t\t<meta property=\"og:type\" content=\"article\" \/>\n\t\t<meta property=\"og:title\" content=\"Rivera: \u2018Nacionalismo y populismo son dos caras de la misma moneda\u00bb - El Digital de Asturias\" \/>\n\t\t<meta property=\"og:description\" content=\"&quot;Nacionalismo y populismo son dos caras de la misma moneda: quieren liquidar Espa\u00f1a y sacarnos de Europa&quot;. As\u00ed lo ha dicho el presidente de Ciudadanos (Cs), Albert Rivera, en el acto de presentaci\u00f3n de campa\u00f1a para las elecciones del 21-D. Rivera ha se\u00f1alado que Carles Puigdemont \u201cse ha quitado la careta\u201d tras expresar que, si\" \/>\n\t\t<meta property=\"og:url\" content=\"https:\/\/www.eldigitaldeasturias.com\/noticias\/rivera-nacionalismo-y-populismo-son-dos-caras-de-la-misma-moneda\/\" \/>\n\t\t<meta property=\"article:tag\" content=\"actualidad\" \/>\n\t\t<meta property=\"article:published_time\" content=\"2017-11-26T22:50:35+00:00\" \/>\n\t\t<meta property=\"article:modified_time\" content=\"2017-11-26T22:50:35+00:00\" \/>\n\t\t<meta property=\"article:publisher\" content=\"https:\/\/facebook.com\/eldigitaldeasturias\" \/>\n\t\t<meta name=\"twitter:card\" content=\"summary_large_image\" \/>\n\t\t<meta name=\"twitter:title\" content=\"Rivera: \u2018Nacionalismo y populismo son dos caras de la misma moneda\u00bb - El Digital de Asturias\" \/>\n\t\t<meta name=\"twitter:description\" content=\"&quot;Nacionalismo y populismo son dos caras de la misma moneda: quieren liquidar Espa\u00f1a y sacarnos de Europa&quot;. As\u00ed lo ha dicho el presidente de Ciudadanos (Cs), Albert Rivera, en el acto de presentaci\u00f3n de campa\u00f1a para las elecciones del 21-D. Rivera ha se\u00f1alado que Carles Puigdemont \u201cse ha quitado la careta\u201d tras expresar que, si\" \/>\n\t\t<meta name=\"twitter:image\" content=\"https:\/\/www.eldigitaldeasturias.com\/noticias\/wp-content\/uploads\/2020\/12\/EDA-1.jpg\" \/>\n\t\t<meta name=\"twitter:label1\" content=\"Escrito por\" \/>\n\t\t<meta name=\"twitter:data1\" content=\"El Digital de Asturias\" \/>\n\t\t<meta name=\"twitter:label2\" content=\"Tiempo de lectura estimado\" \/>\n\t\t<meta name=\"twitter:data2\" content=\"2 minutos\" \/>\n\t\t<script type=\"application\/ld+json\" class=\"aioseo-schema\">\n\t\t\t{\"@context\":\"https:\\\/\\\/schema.org\",\"@graph\":[{\"@type\":\"BlogPosting\",\"@id\":\"https:\\\/\\\/www.eldigitaldeasturias.com\\\/noticias\\\/rivera-nacionalismo-y-populismo-son-dos-caras-de-la-misma-moneda\\\/#blogposting\",\"name\":\"Rivera: \\u2018Nacionalismo y populismo son dos caras de la misma moneda\\u00bb - El Digital de Asturias\",\"headline\":\"Rivera: &#8216;Nacionalismo y populismo son dos caras de la misma moneda\\u00bb\",\"author\":{\"@id\":\"https:\\\/\\\/www.eldigitaldeasturias.com\\\/noticias\\\/author\\\/admin\\\/#author\"},\"publisher\":{\"@id\":\"https:\\\/\\\/www.eldigitaldeasturias.com\\\/noticias\\\/#organization\"},\"image\":{\"@type\":\"ImageObject\",\"url\":961364},\"datePublished\":\"2017-11-26T22:50:35+01:00\",\"dateModified\":\"2017-11-26T22:50:35+01:00\",\"inLanguage\":\"es-ES\",\"mainEntityOfPage\":{\"@id\":\"https:\\\/\\\/www.eldigitaldeasturias.com\\\/noticias\\\/rivera-nacionalismo-y-populismo-son-dos-caras-de-la-misma-moneda\\\/#webpage\"},\"isPartOf\":{\"@id\":\"https:\\\/\\\/www.eldigitaldeasturias.com\\\/noticias\\\/rivera-nacionalismo-y-populismo-son-dos-caras-de-la-misma-moneda\\\/#webpage\"},\"articleSection\":\"Actualidad\"},{\"@type\":\"BreadcrumbList\",\"@id\":\"https:\\\/\\\/www.eldigitaldeasturias.com\\\/noticias\\\/rivera-nacionalismo-y-populismo-son-dos-caras-de-la-misma-moneda\\\/#breadcrumblist\",\"itemListElement\":[{\"@type\":\"ListItem\",\"@id\":\"https:\\\/\\\/www.eldigitaldeasturias.com\\\/noticias#listItem\",\"position\":1,\"name\":\"Home\",\"item\":\"https:\\\/\\\/www.eldigitaldeasturias.com\\\/noticias\",\"nextItem\":{\"@type\":\"ListItem\",\"@id\":\"https:\\\/\\\/www.eldigitaldeasturias.com\\\/noticias\\\/category\\\/actualidad\\\/#listItem\",\"name\":\"Actualidad\"}},{\"@type\":\"ListItem\",\"@id\":\"https:\\\/\\\/www.eldigitaldeasturias.com\\\/noticias\\\/category\\\/actualidad\\\/#listItem\",\"position\":2,\"name\":\"Actualidad\",\"item\":\"https:\\\/\\\/www.eldigitaldeasturias.com\\\/noticias\\\/category\\\/actualidad\\\/\",\"nextItem\":{\"@type\":\"ListItem\",\"@id\":\"https:\\\/\\\/www.eldigitaldeasturias.com\\\/noticias\\\/rivera-nacionalismo-y-populismo-son-dos-caras-de-la-misma-moneda\\\/#listItem\",\"name\":\"Rivera: &#8216;Nacionalismo y populismo son dos caras de la misma moneda\\u00bb\"},\"previousItem\":{\"@type\":\"ListItem\",\"@id\":\"https:\\\/\\\/www.eldigitaldeasturias.com\\\/noticias#listItem\",\"name\":\"Home\"}},{\"@type\":\"ListItem\",\"@id\":\"https:\\\/\\\/www.eldigitaldeasturias.com\\\/noticias\\\/rivera-nacionalismo-y-populismo-son-dos-caras-de-la-misma-moneda\\\/#listItem\",\"position\":3,\"name\":\"Rivera: &#8216;Nacionalismo y populismo son dos caras de la misma moneda\\u00bb\",\"previousItem\":{\"@type\":\"ListItem\",\"@id\":\"https:\\\/\\\/www.eldigitaldeasturias.com\\\/noticias\\\/category\\\/actualidad\\\/#listItem\",\"name\":\"Actualidad\"}}]},{\"@type\":\"Organization\",\"@id\":\"https:\\\/\\\/www.eldigitaldeasturias.com\\\/noticias\\\/#organization\",\"name\":\"El Digital de Asturias\",\"description\":\"Hemeroteca\",\"url\":\"https:\\\/\\\/www.eldigitaldeasturias.com\\\/noticias\\\/\",\"email\":\"info@eldigitaldeasturias.com\",\"telephone\":\"+34652131393\",\"logo\":{\"@type\":\"ImageObject\",\"url\":\"https:\\\/\\\/www.eldigitaldeasturias.com\\\/noticias\\\/wp-content\\\/uploads\\\/2020\\\/12\\\/EDA.jpg\",\"@id\":\"https:\\\/\\\/www.eldigitaldeasturias.com\\\/noticias\\\/rivera-nacionalismo-y-populismo-son-dos-caras-de-la-misma-moneda\\\/#organizationLogo\"},\"image\":{\"@id\":\"https:\\\/\\\/www.eldigitaldeasturias.com\\\/noticias\\\/rivera-nacionalismo-y-populismo-son-dos-caras-de-la-misma-moneda\\\/#organizationLogo\"},\"sameAs\":[\"https:\\\/\\\/facebook.com\\\/eldigitaldeasturias\",\"https:\\\/\\\/www.youtube.com\\\/channel\\\/UCZP-2wLEB9Rv6erhFmqVnvg\"],\"address\":{\"@id\":\"https:\\\/\\\/www.eldigitaldeasturias.com\\\/noticias\\\/#postaladdress\",\"@type\":\"PostalAddress\",\"streetAddress\":\"san antonio 4\",\"postalCode\":\"33430\",\"addressLocality\":\"Cand\\u00e1s\",\"addressRegion\":\"Asturias\",\"addressCountry\":\"ES\"}},{\"@type\":\"Person\",\"@id\":\"https:\\\/\\\/www.eldigitaldeasturias.com\\\/noticias\\\/author\\\/admin\\\/#author\",\"url\":\"https:\\\/\\\/www.eldigitaldeasturias.com\\\/noticias\\\/author\\\/admin\\\/\",\"name\":\"El Digital de Asturias\",\"image\":{\"@type\":\"ImageObject\",\"@id\":\"https:\\\/\\\/www.eldigitaldeasturias.com\\\/noticias\\\/rivera-nacionalismo-y-populismo-son-dos-caras-de-la-misma-moneda\\\/#authorImage\",\"url\":\"https:\\\/\\\/secure.gravatar.com\\\/avatar\\\/df2aeffc32bcd13f8d26072ef8a91b623d677766deac7f97ca815868cd41bf5e?s=96&d=mm&r=g\",\"width\":96,\"height\":96,\"caption\":\"El Digital de Asturias\"}},{\"@type\":\"WebPage\",\"@id\":\"https:\\\/\\\/www.eldigitaldeasturias.com\\\/noticias\\\/rivera-nacionalismo-y-populismo-son-dos-caras-de-la-misma-moneda\\\/#webpage\",\"url\":\"https:\\\/\\\/www.eldigitaldeasturias.com\\\/noticias\\\/rivera-nacionalismo-y-populismo-son-dos-caras-de-la-misma-moneda\\\/\",\"name\":\"Rivera: \\u2018Nacionalismo y populismo son dos caras de la misma moneda\\u00bb - El Digital de Asturias\",\"description\":\"\\\"Nacionalismo y populismo son dos caras de la misma moneda: quieren liquidar Espa\\u00f1a y sacarnos de Europa\\\". As\\u00ed lo ha dicho el presidente de Ciudadanos (Cs), Albert Rivera, en el acto de presentaci\\u00f3n de campa\\u00f1a para las elecciones del 21-D. Rivera ha se\\u00f1alado que Carles Puigdemont \\u201cse ha quitado la careta\\u201d tras expresar que, si\",\"inLanguage\":\"es-ES\",\"isPartOf\":{\"@id\":\"https:\\\/\\\/www.eldigitaldeasturias.com\\\/noticias\\\/#website\"},\"breadcrumb\":{\"@id\":\"https:\\\/\\\/www.eldigitaldeasturias.com\\\/noticias\\\/rivera-nacionalismo-y-populismo-son-dos-caras-de-la-misma-moneda\\\/#breadcrumblist\"},\"author\":{\"@id\":\"https:\\\/\\\/www.eldigitaldeasturias.com\\\/noticias\\\/author\\\/admin\\\/#author\"},\"creator\":{\"@id\":\"https:\\\/\\\/www.eldigitaldeasturias.com\\\/noticias\\\/author\\\/admin\\\/#author\"},\"image\":{\"@type\":\"ImageObject\",\"url\":961364,\"@id\":\"https:\\\/\\\/www.eldigitaldeasturias.com\\\/noticias\\\/rivera-nacionalismo-y-populismo-son-dos-caras-de-la-misma-moneda\\\/#mainImage\"},\"primaryImageOfPage\":{\"@id\":\"https:\\\/\\\/www.eldigitaldeasturias.com\\\/noticias\\\/rivera-nacionalismo-y-populismo-son-dos-caras-de-la-misma-moneda\\\/#mainImage\"},\"datePublished\":\"2017-11-26T22:50:35+01:00\",\"dateModified\":\"2017-11-26T22:50:35+01:00\"},{\"@type\":\"WebSite\",\"@id\":\"https:\\\/\\\/www.eldigitaldeasturias.com\\\/noticias\\\/#website\",\"url\":\"https:\\\/\\\/www.eldigitaldeasturias.com\\\/noticias\\\/\",\"name\":\"El Digital de Asturias - Diario de actualidad y noticias\",\"alternateName\":\"El Digital de Asturias - Diario de actualidad y noticias\",\"description\":\"Hemeroteca\",\"inLanguage\":\"es-ES\",\"publisher\":{\"@id\":\"https:\\\/\\\/www.eldigitaldeasturias.com\\\/noticias\\\/#organization\"}}]}\n\t\t<\/script>\n\t\t<!-- All in One SEO Pro -->\r\n\t\t<title>Rivera: \u2018Nacionalismo y populismo son dos caras de la misma moneda\u00bb - El Digital de Asturias<\/title>\n\n","aioseo_head_json":{"title":"Rivera: \u2018Nacionalismo y populismo son dos caras de la misma moneda\u00bb - El Digital de Asturias","description":"\"Nacionalismo y populismo son dos caras de la misma moneda: quieren liquidar Espa\u00f1a y sacarnos de Europa\". As\u00ed lo ha dicho el presidente de Ciudadanos (Cs), Albert Rivera, en el acto de presentaci\u00f3n de campa\u00f1a para las elecciones del 21-D. Rivera ha se\u00f1alado que Carles Puigdemont \u201cse ha quitado la careta\u201d tras expresar que, si","canonical_url":"https:\/\/www.eldigitaldeasturias.com\/noticias\/rivera-nacionalismo-y-populismo-son-dos-caras-de-la-misma-moneda\/","robots":"max-image-preview:large","keywords":"actualidad","webmasterTools":{"google-site-verification":"UA-38556648-1","msvalidate.01":"7dfe9f3f1b24437ab69f4f2559babe99","miscellaneous":""},"schema":{"@context":"https:\/\/schema.org","@graph":[{"@type":"BlogPosting","@id":"https:\/\/www.eldigitaldeasturias.com\/noticias\/rivera-nacionalismo-y-populismo-son-dos-caras-de-la-misma-moneda\/#blogposting","name":"Rivera: \u2018Nacionalismo y populismo son dos caras de la misma moneda\u00bb - El Digital de Asturias","headline":"Rivera: &#8216;Nacionalismo y populismo son dos caras de la misma moneda\u00bb","author":{"@id":"https:\/\/www.eldigitaldeasturias.com\/noticias\/author\/admin\/#author"},"publisher":{"@id":"https:\/\/www.eldigitaldeasturias.com\/noticias\/#organization"},"image":{"@type":"ImageObject","url":961364},"datePublished":"2017-11-26T22:50:35+01:00","dateModified":"2017-11-26T22:50:35+01:00","inLanguage":"es-ES","mainEntityOfPage":{"@id":"https:\/\/www.eldigitaldeasturias.com\/noticias\/rivera-nacionalismo-y-populismo-son-dos-caras-de-la-misma-moneda\/#webpage"},"isPartOf":{"@id":"https:\/\/www.eldigitaldeasturias.com\/noticias\/rivera-nacionalismo-y-populismo-son-dos-caras-de-la-misma-moneda\/#webpage"},"articleSection":"Actualidad"},{"@type":"BreadcrumbList","@id":"https:\/\/www.eldigitaldeasturias.com\/noticias\/rivera-nacionalismo-y-populismo-son-dos-caras-de-la-misma-moneda\/#breadcrumblist","itemListElement":[{"@type":"ListItem","@id":"https:\/\/www.eldigitaldeasturias.com\/noticias#listItem","position":1,"name":"Home","item":"https:\/\/www.eldigitaldeasturias.com\/noticias","nextItem":{"@type":"ListItem","@id":"https:\/\/www.eldigitaldeasturias.com\/noticias\/category\/actualidad\/#listItem","name":"Actualidad"}},{"@type":"ListItem","@id":"https:\/\/www.eldigitaldeasturias.com\/noticias\/category\/actualidad\/#listItem","position":2,"name":"Actualidad","item":"https:\/\/www.eldigitaldeasturias.com\/noticias\/category\/actualidad\/","nextItem":{"@type":"ListItem","@id":"https:\/\/www.eldigitaldeasturias.com\/noticias\/rivera-nacionalismo-y-populismo-son-dos-caras-de-la-misma-moneda\/#listItem","name":"Rivera: &#8216;Nacionalismo y populismo son dos caras de la misma moneda\u00bb"},"previousItem":{"@type":"ListItem","@id":"https:\/\/www.eldigitaldeasturias.com\/noticias#listItem","name":"Home"}},{"@type":"ListItem","@id":"https:\/\/www.eldigitaldeasturias.com\/noticias\/rivera-nacionalismo-y-populismo-son-dos-caras-de-la-misma-moneda\/#listItem","position":3,"name":"Rivera: &#8216;Nacionalismo y populismo son dos caras de la misma moneda\u00bb","previousItem":{"@type":"ListItem","@id":"https:\/\/www.eldigitaldeasturias.com\/noticias\/category\/actualidad\/#listItem","name":"Actualidad"}}]},{"@type":"Organization","@id":"https:\/\/www.eldigitaldeasturias.com\/noticias\/#organization","name":"El Digital de Asturias","description":"Hemeroteca","url":"https:\/\/www.eldigitaldeasturias.com\/noticias\/","email":"info@eldigitaldeasturias.com","telephone":"+34652131393","logo":{"@type":"ImageObject","url":"https:\/\/www.eldigitaldeasturias.com\/noticias\/wp-content\/uploads\/2020\/12\/EDA.jpg","@id":"https:\/\/www.eldigitaldeasturias.com\/noticias\/rivera-nacionalismo-y-populismo-son-dos-caras-de-la-misma-moneda\/#organizationLogo"},"image":{"@id":"https:\/\/www.eldigitaldeasturias.com\/noticias\/rivera-nacionalismo-y-populismo-son-dos-caras-de-la-misma-moneda\/#organizationLogo"},"sameAs":["https:\/\/facebook.com\/eldigitaldeasturias","https:\/\/www.youtube.com\/channel\/UCZP-2wLEB9Rv6erhFmqVnvg"],"address":{"@id":"https:\/\/www.eldigitaldeasturias.com\/noticias\/#postaladdress","@type":"PostalAddress","streetAddress":"san antonio 4","postalCode":"33430","addressLocality":"Cand\u00e1s","addressRegion":"Asturias","addressCountry":"ES"}},{"@type":"Person","@id":"https:\/\/www.eldigitaldeasturias.com\/noticias\/author\/admin\/#author","url":"https:\/\/www.eldigitaldeasturias.com\/noticias\/author\/admin\/","name":"El Digital de Asturias","image":{"@type":"ImageObject","@id":"https:\/\/www.eldigitaldeasturias.com\/noticias\/rivera-nacionalismo-y-populismo-son-dos-caras-de-la-misma-moneda\/#authorImage","url":"https:\/\/secure.gravatar.com\/avatar\/df2aeffc32bcd13f8d26072ef8a91b623d677766deac7f97ca815868cd41bf5e?s=96&d=mm&r=g","width":96,"height":96,"caption":"El Digital de Asturias"}},{"@type":"WebPage","@id":"https:\/\/www.eldigitaldeasturias.com\/noticias\/rivera-nacionalismo-y-populismo-son-dos-caras-de-la-misma-moneda\/#webpage","url":"https:\/\/www.eldigitaldeasturias.com\/noticias\/rivera-nacionalismo-y-populismo-son-dos-caras-de-la-misma-moneda\/","name":"Rivera: \u2018Nacionalismo y populismo son dos caras de la misma moneda\u00bb - El Digital de Asturias","description":"\"Nacionalismo y populismo son dos caras de la misma moneda: quieren liquidar Espa\u00f1a y sacarnos de Europa\". As\u00ed lo ha dicho el presidente de Ciudadanos (Cs), Albert Rivera, en el acto de presentaci\u00f3n de campa\u00f1a para las elecciones del 21-D. Rivera ha se\u00f1alado que Carles Puigdemont \u201cse ha quitado la careta\u201d tras expresar que, si","inLanguage":"es-ES","isPartOf":{"@id":"https:\/\/www.eldigitaldeasturias.com\/noticias\/#website"},"breadcrumb":{"@id":"https:\/\/www.eldigitaldeasturias.com\/noticias\/rivera-nacionalismo-y-populismo-son-dos-caras-de-la-misma-moneda\/#breadcrumblist"},"author":{"@id":"https:\/\/www.eldigitaldeasturias.com\/noticias\/author\/admin\/#author"},"creator":{"@id":"https:\/\/www.eldigitaldeasturias.com\/noticias\/author\/admin\/#author"},"image":{"@type":"ImageObject","url":961364,"@id":"https:\/\/www.eldigitaldeasturias.com\/noticias\/rivera-nacionalismo-y-populismo-son-dos-caras-de-la-misma-moneda\/#mainImage"},"primaryImageOfPage":{"@id":"https:\/\/www.eldigitaldeasturias.com\/noticias\/rivera-nacionalismo-y-populismo-son-dos-caras-de-la-misma-moneda\/#mainImage"},"datePublished":"2017-11-26T22:50:35+01:00","dateModified":"2017-11-26T22:50:35+01:00"},{"@type":"WebSite","@id":"https:\/\/www.eldigitaldeasturias.com\/noticias\/#website","url":"https:\/\/www.eldigitaldeasturias.com\/noticias\/","name":"El Digital de Asturias - Diario de actualidad y noticias","alternateName":"El Digital de Asturias - Diario de actualidad y noticias","description":"Hemeroteca","inLanguage":"es-ES","publisher":{"@id":"https:\/\/www.eldigitaldeasturias.com\/noticias\/#organization"}}]},"og:locale":"es_ES","og:site_name":"El Digital de Asturias","og:type":"article","og:title":"Rivera: \u2018Nacionalismo y populismo son dos caras de la misma moneda\u00bb - El Digital de Asturias","og:description":"&quot;Nacionalismo y populismo son dos caras de la misma moneda: quieren liquidar Espa\u00f1a y sacarnos de Europa&quot;. As\u00ed lo ha dicho el presidente de Ciudadanos (Cs), Albert Rivera, en el acto de presentaci\u00f3n de campa\u00f1a para las elecciones del 21-D. Rivera ha se\u00f1alado que Carles Puigdemont \u201cse ha quitado la careta\u201d tras expresar que, si","og:url":"https:\/\/www.eldigitaldeasturias.com\/noticias\/rivera-nacionalismo-y-populismo-son-dos-caras-de-la-misma-moneda\/","article:tag":["actualidad"],"article:published_time":"2017-11-26T22:50:35+00:00","article:modified_time":"2017-11-26T22:50:35+00:00","article:publisher":"https:\/\/facebook.com\/eldigitaldeasturias","twitter:card":"summary_large_image","twitter:title":"Rivera: \u2018Nacionalismo y populismo son dos caras de la misma moneda\u00bb - El Digital de Asturias","twitter:description":"&quot;Nacionalismo y populismo son dos caras de la misma moneda: quieren liquidar Espa\u00f1a y sacarnos de Europa&quot;. As\u00ed lo ha dicho el presidente de Ciudadanos (Cs), Albert Rivera, en el acto de presentaci\u00f3n de campa\u00f1a para las elecciones del 21-D. Rivera ha se\u00f1alado que Carles Puigdemont \u201cse ha quitado la careta\u201d tras expresar que, si","twitter:image":"https:\/\/www.eldigitaldeasturias.com\/noticias\/wp-content\/uploads\/2020\/12\/EDA-1.jpg","twitter:label1":"Escrito por","twitter:data1":"El Digital de Asturias","twitter:label2":"Tiempo de lectura estimado","twitter:data2":"2 minutos"},"aioseo_meta_data":{"post_id":"961363","title":null,"description":null,"keywords":null,"keyphrases":null,"primary_term":null,"canonical_url":null,"og_title":null,"og_description":null,"og_object_type":"default","og_image_type":"default","og_image_url":null,"og_image_width":null,"og_image_height":null,"og_image_custom_url":null,"og_image_custom_fields":null,"og_video":null,"og_custom_url":null,"og_article_section":null,"og_article_tags":null,"twitter_use_og":false,"twitter_card":"default","twitter_image_type":"default","twitter_image_url":null,"twitter_image_custom_url":null,"twitter_image_custom_fields":null,"twitter_title":null,"twitter_description":null,"schema":{"blockGraphs":[],"customGraphs":[],"default":{"data":{"Article":[],"Course":[],"Dataset":[],"FAQPage":[],"Movie":[],"Person":[],"Product":[],"ProductReview":[],"Car":[],"Recipe":[],"Service":[],"SoftwareApplication":[],"WebPage":[]},"graphName":"","isEnabled":true},"graphs":[],"defaultGraph":"","defaultPostTypeGraph":""},"schema_type":null,"schema_type_options":null,"pillar_content":false,"robots_default":true,"robots_noindex":false,"robots_noarchive":false,"robots_nosnippet":false,"robots_nofollow":false,"robots_noimageindex":false,"robots_noodp":false,"robots_notranslate":false,"robots_max_snippet":null,"robots_max_videopreview":null,"robots_max_imagepreview":"large","priority":null,"frequency":null,"local_seo":null,"seo_analyzer_scan_date":"2025-12-07 08:39:07","breadcrumb_settings":null,"limit_modified_date":false,"open_ai":null,"ai":null,"created":"2020-12-21 12:49:36","updated":"2025-12-07 08:39:07","focus_keyword":null,"additional_keywords":null,"truseo_locale":null},"aioseo_breadcrumb":"<div class=\"aioseo-breadcrumbs\"><span class=\"aioseo-breadcrumb\">\n\t<a href=\"https:\/\/www.eldigitaldeasturias.com\/noticias\" title=\"Home\">Home<\/a>\n<\/span><span class=\"aioseo-breadcrumb-separator\">\u2013<\/span><span class=\"aioseo-breadcrumb\">\n\t<a href=\"https:\/\/www.eldigitaldeasturias.com\/noticias\/category\/actualidad\/\" title=\"Actualidad\">Actualidad<\/a>\n<\/span><span class=\"aioseo-breadcrumb-separator\">\u2013<\/span><span class=\"aioseo-breadcrumb\">\n\t<a href=\"https:\/\/www.eldigitaldeasturias.com\/noticias\/rivera-nacionalismo-y-populismo-son-dos-caras-de-la-misma-moneda\/\" title=\"Rivera: \u2018Nacionalismo y populismo son dos caras de la misma moneda\u00bb\">Rivera: \u2018Nacionalismo y populismo son dos caras de la misma moneda\u00bb<\/a>\n<\/span><\/div>","aioseo_breadcrumb_json":[{"label":"Home","link":"https:\/\/www.eldigitaldeasturias.com\/noticias"},{"label":"Actualidad","link":"https:\/\/www.eldigitaldeasturias.com\/noticias\/category\/actualidad\/"},{"label":"Rivera: &#8216;Nacionalismo y populismo son dos caras de la misma moneda\u00bb","link":"https:\/\/www.eldigitaldeasturias.com\/noticias\/rivera-nacionalismo-y-populismo-son-dos-caras-de-la-misma-moneda\/"}],"_links":{"self":[{"href":"https:\/\/www.eldigitaldeasturias.com\/noticias\/wp-json\/wp\/v2\/posts\/961363","targetHints":{"allow":["GET"]}}],"collection":[{"href":"https:\/\/www.eldigitaldeasturias.com\/noticias\/wp-json\/wp\/v2\/posts"}],"about":[{"href":"https:\/\/www.eldigitaldeasturias.com\/noticias\/wp-json\/wp\/v2\/types\/post"}],"author":[{"embeddable":true,"href":"https:\/\/www.eldigitaldeasturias.com\/noticias\/wp-json\/wp\/v2\/users\/1"}],"replies":[{"embeddable":true,"href":"https:\/\/www.eldigitaldeasturias.com\/noticias\/wp-json\/wp\/v2\/comments?post=961363"}],"version-history":[{"count":0,"href":"https:\/\/www.eldigitaldeasturias.com\/noticias\/wp-json\/wp\/v2\/posts\/961363\/revisions"}],"wp:attachment":[{"href":"https:\/\/www.eldigitaldeasturias.com\/noticias\/wp-json\/wp\/v2\/media?parent=961363"}],"wp:term":[{"taxonomy":"category","embeddable":true,"href":"https:\/\/www.eldigitaldeasturias.com\/noticias\/wp-json\/wp\/v2\/categories?post=961363"},{"taxonomy":"post_tag","embeddable":true,"href":"https:\/\/www.eldigitaldeasturias.com\/noticias\/wp-json\/wp\/v2\/tags?post=961363"}],"curies":[{"name":"wp","href":"https:\/\/api.w.org\/{rel}","templated":true}]}}