{"id":961265,"date":"2017-11-26T09:23:26","date_gmt":"2017-11-26T09:23:26","guid":{"rendered":"http:\/\/www.eldigitaldeasturias.com\/noticias\/?p=961265"},"modified":"2020-09-28T14:48:45","modified_gmt":"2020-09-28T14:48:45","slug":"patrick-gaonach-schneider-electric-esta-liderando-la-transformacion-digital-del-sector","status":"publish","type":"post","link":"https:\/\/www.eldigitaldeasturias.com\/noticias\/patrick-gaonach-schneider-electric-esta-liderando-la-transformacion-digital-del-sector\/","title":{"rendered":"Patrick Gaonach: \u00bbSchneider Electric est\u00e1 liderando la transformaci\u00f3n digital del sector\u00bb"},"content":{"rendered":"<p><strong><span style=\"color: #ff6600;\"><img loading=\"lazy\" decoding=\"async\" class=\"alignleft size-medium wp-image-961266\" src=\"https:\/\/www.eldigitaldeasturias.com\/noticias\/wp-content\/uploads\/2017\/11\/1511522685_Imagen_Schneider_Electric_Patrick_Gaonach-360x240.jpg\" alt=\"\" width=\"360\" height=\"240\" srcset=\"https:\/\/www.eldigitaldeasturias.com\/noticias\/wp-content\/uploads\/2017\/11\/1511522685_Imagen_Schneider_Electric_Patrick_Gaonach-360x240.jpg 360w, https:\/\/www.eldigitaldeasturias.com\/noticias\/wp-content\/uploads\/2017\/11\/1511522685_Imagen_Schneider_Electric_Patrick_Gaonach-768x512.jpg 768w, https:\/\/www.eldigitaldeasturias.com\/noticias\/wp-content\/uploads\/2017\/11\/1511522685_Imagen_Schneider_Electric_Patrick_Gaonach-650x434.jpg 650w, https:\/\/www.eldigitaldeasturias.com\/noticias\/wp-content\/uploads\/2017\/11\/1511522685_Imagen_Schneider_Electric_Patrick_Gaonach.jpg 1000w\" sizes=\"auto, (max-width: 360px) 100vw, 360px\" \/><span style=\"color: #000000;\">Schneider Electric<\/span><\/span><\/strong><strong>,\u00a0<\/strong>l\u00edder en la transformaci\u00f3n digital de la gesti\u00f3n de la energ\u00eda y la automatizaci\u00f3n, ha reunido los d\u00edas 15 y 16 de noviembre a m\u00e1s de un centenar de altos directivos del sector el\u00e9ctrico espa\u00f1ol, en un evento que con los a\u00f1os se ha consolidado como una cita ineludible para conocer las tendencias del mercado de la distribuci\u00f3n el\u00e9ctrica en Espa\u00f1a.<\/p>\n<p>El encuentro, marcado por un clima de optimismo fruto de los buenos resultados logrados por el sector, puso el foco en los retos de la digitalizaci\u00f3n y el momento de transformaci\u00f3n que vive la distribuci\u00f3n el\u00e9ctrica para dar respuesta a un nuevo perfil de cliente que reclama nuevas experiencias de compra y con necesidades tecnol\u00f3gicas m\u00e1s avanzadas.<\/p>\n<p>\u00abVuestro mejor cliente de hoy puede no ser digital, pero todos coincidimos que el que lo sustituir\u00e1 ma\u00f1ana ser\u00e1 plenamente digital\u00bb,\u00a0explicaba Patrick Gaonach tras repasar algunas de las magnitudes que los equipos de investigaci\u00f3n del grupo han elaborado en sus estudios sobre el comportamiento de mercado. \u00abTampoco soy capaz de imaginarme qu\u00e9 f\u00e1brica, qu\u00e9 red el\u00e9ctrica, qu\u00e9 edificio no estar\u00e1 conectado en los pr\u00f3ximos 5 a\u00f1os. Schneider Electric dispone ya hoy tanto de los productos y soluciones como de las herramientas y plataformas para, de la mano de la distribuci\u00f3n, liderar esta transformaci\u00f3n. Estamos liderando la transformaci\u00f3n digital del sector\u00bb.<\/p>\n<p>Eugenio de la Rosa, recientemente nombrado Vicepresidente de la Distribuci\u00f3n y miembro del Comit\u00e9 de Direcci\u00f3n de Schneider Electric como parte de la estrategia del grupo de aumentar su apuesta y compromiso por la Distribuci\u00f3n, expuso ante los asistentes las principales magnitudes del sector y la previsi\u00f3n de crecimientos sostenidos durante los pr\u00f3ximos dos a\u00f1os, fruto de la producci\u00f3n industrial y bienes de equipo, compraventa de viviendas, aumento de las inversiones en renovables, y sobre todo por el potencial del sector de oficinas, hoteles, edificios comerciales, peque\u00f1o comercio y naves industriales.<\/p>\n<p><strong>Un per\u00edodo de crecimientos moderados y sostenidos permiten abordar los cambios estrat\u00e9gicos que necesita el sector<\/strong><\/p>\n<p>Durante el encuentro, Schneider Electric tuvo la ocasi\u00f3n de compartir con los asistentes algunos datos optimistas del sector, augurando buenas expectativas de crecimiento y de oportunidades:\u00a0<strong>\u00ab<\/strong>La Industria sigue con un nivel razonablemente positivo, facturando un 8% m\u00e1s en el primer semestre; la compraventa de viviendas crece a buen ritmo. En turismo y consumo empieza la recuperaci\u00f3n. Pero sobre todo destaca el potencial del sector de Oficinas, Hoteles, Edificios Comerciales, tiendas, naves y empiezan tambi\u00e9n las inversiones en Hospitales y Educaci\u00f3n\u00bb, ha asegurado Eugenio de la Rosa de Schneider Electric. \u00abLos indicadores auguran una econom\u00eda en expansi\u00f3n con una recuperaci\u00f3n remarcable del consumo privado, con buenas expectativas de crecimiento de la inversi\u00f3n privada, mejora del comportamiento de los bienes de equipo, y aceleraci\u00f3n del crecimiento en la construcci\u00f3n los pr\u00f3ximos a\u00f1os, lo que supondr\u00e1 m\u00e1s oportunidades de negocio para nuestro sector. En concreto en el sector de la Energ\u00eda, hay inversiones en renovaci\u00f3n, en redes inteligentes, y en renovables. En Tecnolog\u00edas de la Informaci\u00f3n, adem\u00e1s del crecimiento de inversi\u00f3n de Data Centers y energ\u00eda segura, se vislumbra un buen crecimiento en servicios. Todo esto, traducido a nuestro sector, significa que tendremos crecimientos seguros y sostenidos los 2 pr\u00f3ximos a\u00f1os y que cabe esperar crecimientos moderados en nuestro sector durante los pr\u00f3ximos 5 a\u00f1os, lo que da estabilidad y nos permite afrontar cambios estrat\u00e9gicos necesarios en nuestras empresas\u00bb, seg\u00fan el directivo.<\/p>\n<p><strong>Digitalizaci\u00f3n, diferenciaci\u00f3n, especializaci\u00f3n y nuevas tecnolog\u00edas<br \/>\nLa digitalizaci\u00f3n, la diferenciaci\u00f3n y la incorporaci\u00f3n de nuevas tecnolog\u00edas\u00a0<\/strong>fueron ejes centrales del debate a lo largo de toda la jornada. As\u00ed\u00a0<strong>lo remarcaba Patrick Gaonach<\/strong>, Zone President de Iberia de Schneider Electric \u00abEstamos viviendo momentos de profundos cambios. La transformaci\u00f3n digital no es una opci\u00f3n y por eso se hace necesario dar m\u00e1s velocidad a la digitalizaci\u00f3n, a la incorporaci\u00f3n de nuevas tecnolog\u00edas. En paralelo necesitamos diferenciarnos m\u00e1s y especializarnos para ser capaces de ofrecer mayor valor a\u00f1adido y mejores experiencias de compra a nuestros clientes\u00bb.<\/p>\n<p>\u00abLa apertura de nuevas oportunidades es exponencial y tenemos que aprovecharla\u00bb, continua Eugenio de la Rosa. \u00abPara diferenciarnos y eliminar la lucha simplemente por precio, ahora es imprescindible la especializaci\u00f3n. Hay que invertir en formaci\u00f3n hacia adentro y hacia afuera, en conectividad y en que el cliente tenga una experiencia atractiva. Schneider Electric tiene la tecnolog\u00eda para hacer conectables y comunicables, y para computar las operaciones en todas las instalaciones\u00bb.<\/p>\n<p>En este sentido, se ha destacado a lo largo de la jornada el ecosistema de soluciones de EcoStruxure, la plataforma de dise\u00f1o abierto y plug-and-play, totalmente habilitada para IoT, con la que Schneider Electric est\u00e1 dando respuesta de forma hol\u00edstica a las necesidades espec\u00edficas de seis \u00e1reas de &#8216;expertise&#8217; -Energ\u00eda, TI, Edificios, Maquinaria, F\u00e1bricas y Red- para cuatro mercados finales: edificios, centros de datos, industrias e infraestructuras. La Plataforma se puede implementar de una manera escalada y modular, adapt\u00e1ndose a las nuevas tecnolog\u00edas y protegiendo as\u00ed la inversi\u00f3n a largo plazo. Su flexibilidad se une a su robustez, contando con las \u00faltimas soluciones altamente probadas de Schneider Electric.<\/p>\n","protected":false},"excerpt":{"rendered":"<p>Schneider Electric,\u00a0l\u00edder en la transformaci\u00f3n digital de la gesti\u00f3n de la energ\u00eda y la automatizaci\u00f3n, ha reunido los d\u00edas 15 y 16 de noviembre a m\u00e1s de un centenar de altos directivos del sector el\u00e9ctrico espa\u00f1ol, en un evento que con los a\u00f1os se ha consolidado como una cita ineludible para conocer las tendencias del [&hellip;]<\/p>\n","protected":false},"author":1,"featured_media":961266,"comment_status":"closed","ping_status":"closed","sticky":false,"template":"","format":"standard","meta":{"footnotes":""},"categories":[187],"tags":[],"class_list":["post-961265","post","type-post","status-publish","format-standard","has-post-thumbnail","hentry","category-economia"],"aioseo_notices":[],"aioseo_head":"\n\t\t<!-- All in One SEO Pro 4.9.6.2 - aioseo.com -->\n\t<meta name=\"description\" content=\"Schneider Electric, l\u00edder en la transformaci\u00f3n digital de la gesti\u00f3n de la energ\u00eda y la automatizaci\u00f3n, ha reunido los d\u00edas 15 y 16 de noviembre a m\u00e1s de un centenar de altos directivos del sector el\u00e9ctrico espa\u00f1ol, en un evento que con los a\u00f1os se ha consolidado como una cita ineludible para conocer las tendencias del\" \/>\n\t<meta name=\"robots\" content=\"max-image-preview:large\" \/>\n\t<meta name=\"author\" content=\"El Digital de Asturias\"\/>\n\t<meta name=\"google-site-verification\" content=\"UA-38556648-1\" \/>\n\t<meta name=\"msvalidate.01\" content=\"7dfe9f3f1b24437ab69f4f2559babe99\" \/>\n\t<meta name=\"keywords\" content=\"econom\u00eda\" \/>\n\t<link rel=\"canonical\" href=\"https:\/\/www.eldigitaldeasturias.com\/noticias\/patrick-gaonach-schneider-electric-esta-liderando-la-transformacion-digital-del-sector\/\" \/>\n\t<meta name=\"generator\" content=\"All in One SEO Pro (AIOSEO) 4.9.6.2\" \/>\n\t\t<meta property=\"og:locale\" content=\"es_ES\" \/>\n\t\t<meta property=\"og:site_name\" content=\"El Digital de Asturias\" \/>\n\t\t<meta property=\"og:type\" content=\"article\" \/>\n\t\t<meta property=\"og:title\" content=\"Patrick Gaonach: \u00bbSchneider Electric est\u00e1 liderando la transformaci\u00f3n digital del sector\u00bb - El Digital de Asturias\" \/>\n\t\t<meta property=\"og:description\" content=\"Schneider Electric, l\u00edder en la transformaci\u00f3n digital de la gesti\u00f3n de la energ\u00eda y la automatizaci\u00f3n, ha reunido los d\u00edas 15 y 16 de noviembre a m\u00e1s de un centenar de altos directivos del sector el\u00e9ctrico espa\u00f1ol, en un evento que con los a\u00f1os se ha consolidado como una cita ineludible para conocer las tendencias del\" \/>\n\t\t<meta property=\"og:url\" content=\"https:\/\/www.eldigitaldeasturias.com\/noticias\/patrick-gaonach-schneider-electric-esta-liderando-la-transformacion-digital-del-sector\/\" \/>\n\t\t<meta property=\"og:image\" content=\"https:\/\/www.eldigitaldeasturias.com\/noticias\/wp-content\/uploads\/2017\/11\/1511522685_Imagen_Schneider_Electric_Patrick_Gaonach.jpg\" \/>\n\t\t<meta property=\"og:image:secure_url\" content=\"https:\/\/www.eldigitaldeasturias.com\/noticias\/wp-content\/uploads\/2017\/11\/1511522685_Imagen_Schneider_Electric_Patrick_Gaonach.jpg\" \/>\n\t\t<meta property=\"og:image:width\" content=\"1000\" \/>\n\t\t<meta property=\"og:image:height\" content=\"667\" \/>\n\t\t<meta property=\"article:tag\" content=\"econom\u00eda\" \/>\n\t\t<meta property=\"article:published_time\" content=\"2017-11-26T09:23:26+00:00\" \/>\n\t\t<meta property=\"article:modified_time\" content=\"2020-09-28T14:48:45+00:00\" \/>\n\t\t<meta property=\"article:publisher\" content=\"https:\/\/facebook.com\/eldigitaldeasturias\" \/>\n\t\t<meta name=\"twitter:card\" content=\"summary_large_image\" \/>\n\t\t<meta name=\"twitter:title\" content=\"Patrick Gaonach: \u00bbSchneider Electric est\u00e1 liderando la transformaci\u00f3n digital del sector\u00bb - El Digital de Asturias\" \/>\n\t\t<meta name=\"twitter:description\" content=\"Schneider Electric, l\u00edder en la transformaci\u00f3n digital de la gesti\u00f3n de la energ\u00eda y la automatizaci\u00f3n, ha reunido los d\u00edas 15 y 16 de noviembre a m\u00e1s de un centenar de altos directivos del sector el\u00e9ctrico espa\u00f1ol, en un evento que con los a\u00f1os se ha consolidado como una cita ineludible para conocer las tendencias del\" \/>\n\t\t<meta name=\"twitter:image\" content=\"https:\/\/www.eldigitaldeasturias.com\/noticias\/wp-content\/uploads\/2017\/11\/1511522685_Imagen_Schneider_Electric_Patrick_Gaonach.jpg\" \/>\n\t\t<meta name=\"twitter:label1\" content=\"Escrito por\" \/>\n\t\t<meta name=\"twitter:data1\" content=\"El Digital de Asturias\" \/>\n\t\t<meta name=\"twitter:label2\" content=\"Tiempo de lectura estimado\" \/>\n\t\t<meta name=\"twitter:data2\" content=\"5 minutos\" \/>\n\t\t<script type=\"application\/ld+json\" class=\"aioseo-schema\">\n\t\t\t{\"@context\":\"https:\\\/\\\/schema.org\",\"@graph\":[{\"@type\":\"BlogPosting\",\"@id\":\"https:\\\/\\\/www.eldigitaldeasturias.com\\\/noticias\\\/patrick-gaonach-schneider-electric-esta-liderando-la-transformacion-digital-del-sector\\\/#blogposting\",\"name\":\"Patrick Gaonach: \\u00bbSchneider Electric est\\u00e1 liderando la transformaci\\u00f3n digital del sector\\u00bb - El Digital de Asturias\",\"headline\":\"Patrick Gaonach: \\u00bbSchneider Electric est\\u00e1 liderando la transformaci\\u00f3n digital del sector\\u00bb\",\"author\":{\"@id\":\"https:\\\/\\\/www.eldigitaldeasturias.com\\\/noticias\\\/author\\\/admin\\\/#author\"},\"publisher\":{\"@id\":\"https:\\\/\\\/www.eldigitaldeasturias.com\\\/noticias\\\/#organization\"},\"image\":{\"@type\":\"ImageObject\",\"url\":\"https:\\\/\\\/www.eldigitaldeasturias.com\\\/noticias\\\/wp-content\\\/uploads\\\/2017\\\/11\\\/1511522685_Imagen_Schneider_Electric_Patrick_Gaonach.jpg\",\"width\":1000,\"height\":667},\"datePublished\":\"2017-11-26T09:23:26+01:00\",\"dateModified\":\"2020-09-28T14:48:45+02:00\",\"inLanguage\":\"es-ES\",\"mainEntityOfPage\":{\"@id\":\"https:\\\/\\\/www.eldigitaldeasturias.com\\\/noticias\\\/patrick-gaonach-schneider-electric-esta-liderando-la-transformacion-digital-del-sector\\\/#webpage\"},\"isPartOf\":{\"@id\":\"https:\\\/\\\/www.eldigitaldeasturias.com\\\/noticias\\\/patrick-gaonach-schneider-electric-esta-liderando-la-transformacion-digital-del-sector\\\/#webpage\"},\"articleSection\":\"Econom\\u00eda\"},{\"@type\":\"BreadcrumbList\",\"@id\":\"https:\\\/\\\/www.eldigitaldeasturias.com\\\/noticias\\\/patrick-gaonach-schneider-electric-esta-liderando-la-transformacion-digital-del-sector\\\/#breadcrumblist\",\"itemListElement\":[{\"@type\":\"ListItem\",\"@id\":\"https:\\\/\\\/www.eldigitaldeasturias.com\\\/noticias#listItem\",\"position\":1,\"name\":\"Home\",\"item\":\"https:\\\/\\\/www.eldigitaldeasturias.com\\\/noticias\",\"nextItem\":{\"@type\":\"ListItem\",\"@id\":\"https:\\\/\\\/www.eldigitaldeasturias.com\\\/noticias\\\/category\\\/economia\\\/#listItem\",\"name\":\"Econom\\u00eda\"}},{\"@type\":\"ListItem\",\"@id\":\"https:\\\/\\\/www.eldigitaldeasturias.com\\\/noticias\\\/category\\\/economia\\\/#listItem\",\"position\":2,\"name\":\"Econom\\u00eda\",\"item\":\"https:\\\/\\\/www.eldigitaldeasturias.com\\\/noticias\\\/category\\\/economia\\\/\",\"nextItem\":{\"@type\":\"ListItem\",\"@id\":\"https:\\\/\\\/www.eldigitaldeasturias.com\\\/noticias\\\/patrick-gaonach-schneider-electric-esta-liderando-la-transformacion-digital-del-sector\\\/#listItem\",\"name\":\"Patrick Gaonach: \\u00bbSchneider Electric est\\u00e1 liderando la transformaci\\u00f3n digital del sector\\u00bb\"},\"previousItem\":{\"@type\":\"ListItem\",\"@id\":\"https:\\\/\\\/www.eldigitaldeasturias.com\\\/noticias#listItem\",\"name\":\"Home\"}},{\"@type\":\"ListItem\",\"@id\":\"https:\\\/\\\/www.eldigitaldeasturias.com\\\/noticias\\\/patrick-gaonach-schneider-electric-esta-liderando-la-transformacion-digital-del-sector\\\/#listItem\",\"position\":3,\"name\":\"Patrick Gaonach: \\u00bbSchneider Electric est\\u00e1 liderando la transformaci\\u00f3n digital del sector\\u00bb\",\"previousItem\":{\"@type\":\"ListItem\",\"@id\":\"https:\\\/\\\/www.eldigitaldeasturias.com\\\/noticias\\\/category\\\/economia\\\/#listItem\",\"name\":\"Econom\\u00eda\"}}]},{\"@type\":\"Organization\",\"@id\":\"https:\\\/\\\/www.eldigitaldeasturias.com\\\/noticias\\\/#organization\",\"name\":\"El Digital de Asturias\",\"description\":\"Hemeroteca\",\"url\":\"https:\\\/\\\/www.eldigitaldeasturias.com\\\/noticias\\\/\",\"email\":\"info@eldigitaldeasturias.com\",\"telephone\":\"+34652131393\",\"logo\":{\"@type\":\"ImageObject\",\"url\":\"https:\\\/\\\/www.eldigitaldeasturias.com\\\/noticias\\\/wp-content\\\/uploads\\\/2020\\\/12\\\/EDA.jpg\",\"@id\":\"https:\\\/\\\/www.eldigitaldeasturias.com\\\/noticias\\\/patrick-gaonach-schneider-electric-esta-liderando-la-transformacion-digital-del-sector\\\/#organizationLogo\",\"width\":649,\"height\":297},\"image\":{\"@id\":\"https:\\\/\\\/www.eldigitaldeasturias.com\\\/noticias\\\/patrick-gaonach-schneider-electric-esta-liderando-la-transformacion-digital-del-sector\\\/#organizationLogo\"},\"sameAs\":[\"https:\\\/\\\/facebook.com\\\/eldigitaldeasturias\",\"https:\\\/\\\/www.youtube.com\\\/channel\\\/UCZP-2wLEB9Rv6erhFmqVnvg\"],\"address\":{\"@id\":\"https:\\\/\\\/www.eldigitaldeasturias.com\\\/noticias\\\/#postaladdress\",\"@type\":\"PostalAddress\",\"streetAddress\":\"san antonio 4,\",\"postalCode\":\"33430\",\"addressLocality\":\"Cand\\u00e1s\",\"addressRegion\":\"Asturias\",\"addressCountry\":\"ES\"}},{\"@type\":\"Person\",\"@id\":\"https:\\\/\\\/www.eldigitaldeasturias.com\\\/noticias\\\/author\\\/admin\\\/#author\",\"url\":\"https:\\\/\\\/www.eldigitaldeasturias.com\\\/noticias\\\/author\\\/admin\\\/\",\"name\":\"El Digital de Asturias\",\"image\":{\"@type\":\"ImageObject\",\"@id\":\"https:\\\/\\\/www.eldigitaldeasturias.com\\\/noticias\\\/patrick-gaonach-schneider-electric-esta-liderando-la-transformacion-digital-del-sector\\\/#authorImage\",\"url\":\"https:\\\/\\\/www.eldigitaldeasturias.com\\\/noticias\\\/wp-content\\\/litespeed\\\/avatar\\\/18677e78aa0546b92d9dbf31ec7d7668.jpg?ver=1777290358\",\"width\":96,\"height\":96,\"caption\":\"El Digital de Asturias\"}},{\"@type\":\"WebPage\",\"@id\":\"https:\\\/\\\/www.eldigitaldeasturias.com\\\/noticias\\\/patrick-gaonach-schneider-electric-esta-liderando-la-transformacion-digital-del-sector\\\/#webpage\",\"url\":\"https:\\\/\\\/www.eldigitaldeasturias.com\\\/noticias\\\/patrick-gaonach-schneider-electric-esta-liderando-la-transformacion-digital-del-sector\\\/\",\"name\":\"Patrick Gaonach: \\u00bbSchneider Electric est\\u00e1 liderando la transformaci\\u00f3n digital del sector\\u00bb - El Digital de Asturias\",\"description\":\"Schneider Electric, l\\u00edder en la transformaci\\u00f3n digital de la gesti\\u00f3n de la energ\\u00eda y la automatizaci\\u00f3n, ha reunido los d\\u00edas 15 y 16 de noviembre a m\\u00e1s de un centenar de altos directivos del sector el\\u00e9ctrico espa\\u00f1ol, en un evento que con los a\\u00f1os se ha consolidado como una cita ineludible para conocer las tendencias del\",\"inLanguage\":\"es-ES\",\"isPartOf\":{\"@id\":\"https:\\\/\\\/www.eldigitaldeasturias.com\\\/noticias\\\/#website\"},\"breadcrumb\":{\"@id\":\"https:\\\/\\\/www.eldigitaldeasturias.com\\\/noticias\\\/patrick-gaonach-schneider-electric-esta-liderando-la-transformacion-digital-del-sector\\\/#breadcrumblist\"},\"author\":{\"@id\":\"https:\\\/\\\/www.eldigitaldeasturias.com\\\/noticias\\\/author\\\/admin\\\/#author\"},\"creator\":{\"@id\":\"https:\\\/\\\/www.eldigitaldeasturias.com\\\/noticias\\\/author\\\/admin\\\/#author\"},\"image\":{\"@type\":\"ImageObject\",\"url\":\"https:\\\/\\\/www.eldigitaldeasturias.com\\\/noticias\\\/wp-content\\\/uploads\\\/2017\\\/11\\\/1511522685_Imagen_Schneider_Electric_Patrick_Gaonach.jpg\",\"@id\":\"https:\\\/\\\/www.eldigitaldeasturias.com\\\/noticias\\\/patrick-gaonach-schneider-electric-esta-liderando-la-transformacion-digital-del-sector\\\/#mainImage\",\"width\":1000,\"height\":667},\"primaryImageOfPage\":{\"@id\":\"https:\\\/\\\/www.eldigitaldeasturias.com\\\/noticias\\\/patrick-gaonach-schneider-electric-esta-liderando-la-transformacion-digital-del-sector\\\/#mainImage\"},\"datePublished\":\"2017-11-26T09:23:26+01:00\",\"dateModified\":\"2020-09-28T14:48:45+02:00\"},{\"@type\":\"WebSite\",\"@id\":\"https:\\\/\\\/www.eldigitaldeasturias.com\\\/noticias\\\/#website\",\"url\":\"https:\\\/\\\/www.eldigitaldeasturias.com\\\/noticias\\\/\",\"name\":\"El Digital de Asturias - Diario de actualidad y noticias\",\"alternateName\":\"El Digital de Asturias - Diario de actualidad y noticias\",\"description\":\"Hemeroteca\",\"inLanguage\":\"es-ES\",\"publisher\":{\"@id\":\"https:\\\/\\\/www.eldigitaldeasturias.com\\\/noticias\\\/#organization\"}}]}\n\t\t<\/script>\n\t\t<!-- All in One SEO Pro -->\r\n\t\t<title>Patrick Gaonach: \u00bbSchneider Electric est\u00e1 liderando la transformaci\u00f3n digital del sector\u00bb - El Digital de Asturias<\/title>\n\n","aioseo_head_json":{"title":"Patrick Gaonach: \u00bbSchneider Electric est\u00e1 liderando la transformaci\u00f3n digital del sector\u00bb - El Digital de Asturias","description":"Schneider Electric, l\u00edder en la transformaci\u00f3n digital de la gesti\u00f3n de la energ\u00eda y la automatizaci\u00f3n, ha reunido los d\u00edas 15 y 16 de noviembre a m\u00e1s de un centenar de altos directivos del sector el\u00e9ctrico espa\u00f1ol, en un evento que con los a\u00f1os se ha consolidado como una cita ineludible para conocer las tendencias del","canonical_url":"https:\/\/www.eldigitaldeasturias.com\/noticias\/patrick-gaonach-schneider-electric-esta-liderando-la-transformacion-digital-del-sector\/","robots":"max-image-preview:large","keywords":"econom\u00eda","webmasterTools":{"google-site-verification":"UA-38556648-1","msvalidate.01":"7dfe9f3f1b24437ab69f4f2559babe99","miscellaneous":""},"schema":{"@context":"https:\/\/schema.org","@graph":[{"@type":"BlogPosting","@id":"https:\/\/www.eldigitaldeasturias.com\/noticias\/patrick-gaonach-schneider-electric-esta-liderando-la-transformacion-digital-del-sector\/#blogposting","name":"Patrick Gaonach: \u00bbSchneider Electric est\u00e1 liderando la transformaci\u00f3n digital del sector\u00bb - El Digital de Asturias","headline":"Patrick Gaonach: \u00bbSchneider Electric est\u00e1 liderando la transformaci\u00f3n digital del sector\u00bb","author":{"@id":"https:\/\/www.eldigitaldeasturias.com\/noticias\/author\/admin\/#author"},"publisher":{"@id":"https:\/\/www.eldigitaldeasturias.com\/noticias\/#organization"},"image":{"@type":"ImageObject","url":"https:\/\/www.eldigitaldeasturias.com\/noticias\/wp-content\/uploads\/2017\/11\/1511522685_Imagen_Schneider_Electric_Patrick_Gaonach.jpg","width":1000,"height":667},"datePublished":"2017-11-26T09:23:26+01:00","dateModified":"2020-09-28T14:48:45+02:00","inLanguage":"es-ES","mainEntityOfPage":{"@id":"https:\/\/www.eldigitaldeasturias.com\/noticias\/patrick-gaonach-schneider-electric-esta-liderando-la-transformacion-digital-del-sector\/#webpage"},"isPartOf":{"@id":"https:\/\/www.eldigitaldeasturias.com\/noticias\/patrick-gaonach-schneider-electric-esta-liderando-la-transformacion-digital-del-sector\/#webpage"},"articleSection":"Econom\u00eda"},{"@type":"BreadcrumbList","@id":"https:\/\/www.eldigitaldeasturias.com\/noticias\/patrick-gaonach-schneider-electric-esta-liderando-la-transformacion-digital-del-sector\/#breadcrumblist","itemListElement":[{"@type":"ListItem","@id":"https:\/\/www.eldigitaldeasturias.com\/noticias#listItem","position":1,"name":"Home","item":"https:\/\/www.eldigitaldeasturias.com\/noticias","nextItem":{"@type":"ListItem","@id":"https:\/\/www.eldigitaldeasturias.com\/noticias\/category\/economia\/#listItem","name":"Econom\u00eda"}},{"@type":"ListItem","@id":"https:\/\/www.eldigitaldeasturias.com\/noticias\/category\/economia\/#listItem","position":2,"name":"Econom\u00eda","item":"https:\/\/www.eldigitaldeasturias.com\/noticias\/category\/economia\/","nextItem":{"@type":"ListItem","@id":"https:\/\/www.eldigitaldeasturias.com\/noticias\/patrick-gaonach-schneider-electric-esta-liderando-la-transformacion-digital-del-sector\/#listItem","name":"Patrick Gaonach: \u00bbSchneider Electric est\u00e1 liderando la transformaci\u00f3n digital del sector\u00bb"},"previousItem":{"@type":"ListItem","@id":"https:\/\/www.eldigitaldeasturias.com\/noticias#listItem","name":"Home"}},{"@type":"ListItem","@id":"https:\/\/www.eldigitaldeasturias.com\/noticias\/patrick-gaonach-schneider-electric-esta-liderando-la-transformacion-digital-del-sector\/#listItem","position":3,"name":"Patrick Gaonach: \u00bbSchneider Electric est\u00e1 liderando la transformaci\u00f3n digital del sector\u00bb","previousItem":{"@type":"ListItem","@id":"https:\/\/www.eldigitaldeasturias.com\/noticias\/category\/economia\/#listItem","name":"Econom\u00eda"}}]},{"@type":"Organization","@id":"https:\/\/www.eldigitaldeasturias.com\/noticias\/#organization","name":"El Digital de Asturias","description":"Hemeroteca","url":"https:\/\/www.eldigitaldeasturias.com\/noticias\/","email":"info@eldigitaldeasturias.com","telephone":"+34652131393","logo":{"@type":"ImageObject","url":"https:\/\/www.eldigitaldeasturias.com\/noticias\/wp-content\/uploads\/2020\/12\/EDA.jpg","@id":"https:\/\/www.eldigitaldeasturias.com\/noticias\/patrick-gaonach-schneider-electric-esta-liderando-la-transformacion-digital-del-sector\/#organizationLogo","width":649,"height":297},"image":{"@id":"https:\/\/www.eldigitaldeasturias.com\/noticias\/patrick-gaonach-schneider-electric-esta-liderando-la-transformacion-digital-del-sector\/#organizationLogo"},"sameAs":["https:\/\/facebook.com\/eldigitaldeasturias","https:\/\/www.youtube.com\/channel\/UCZP-2wLEB9Rv6erhFmqVnvg"],"address":{"@id":"https:\/\/www.eldigitaldeasturias.com\/noticias\/#postaladdress","@type":"PostalAddress","streetAddress":"san antonio 4,","postalCode":"33430","addressLocality":"Cand\u00e1s","addressRegion":"Asturias","addressCountry":"ES"}},{"@type":"Person","@id":"https:\/\/www.eldigitaldeasturias.com\/noticias\/author\/admin\/#author","url":"https:\/\/www.eldigitaldeasturias.com\/noticias\/author\/admin\/","name":"El Digital de Asturias","image":{"@type":"ImageObject","@id":"https:\/\/www.eldigitaldeasturias.com\/noticias\/patrick-gaonach-schneider-electric-esta-liderando-la-transformacion-digital-del-sector\/#authorImage","url":"https:\/\/www.eldigitaldeasturias.com\/noticias\/wp-content\/litespeed\/avatar\/18677e78aa0546b92d9dbf31ec7d7668.jpg?ver=1777290358","width":96,"height":96,"caption":"El Digital de Asturias"}},{"@type":"WebPage","@id":"https:\/\/www.eldigitaldeasturias.com\/noticias\/patrick-gaonach-schneider-electric-esta-liderando-la-transformacion-digital-del-sector\/#webpage","url":"https:\/\/www.eldigitaldeasturias.com\/noticias\/patrick-gaonach-schneider-electric-esta-liderando-la-transformacion-digital-del-sector\/","name":"Patrick Gaonach: \u00bbSchneider Electric est\u00e1 liderando la transformaci\u00f3n digital del sector\u00bb - El Digital de Asturias","description":"Schneider Electric, l\u00edder en la transformaci\u00f3n digital de la gesti\u00f3n de la energ\u00eda y la automatizaci\u00f3n, ha reunido los d\u00edas 15 y 16 de noviembre a m\u00e1s de un centenar de altos directivos del sector el\u00e9ctrico espa\u00f1ol, en un evento que con los a\u00f1os se ha consolidado como una cita ineludible para conocer las tendencias del","inLanguage":"es-ES","isPartOf":{"@id":"https:\/\/www.eldigitaldeasturias.com\/noticias\/#website"},"breadcrumb":{"@id":"https:\/\/www.eldigitaldeasturias.com\/noticias\/patrick-gaonach-schneider-electric-esta-liderando-la-transformacion-digital-del-sector\/#breadcrumblist"},"author":{"@id":"https:\/\/www.eldigitaldeasturias.com\/noticias\/author\/admin\/#author"},"creator":{"@id":"https:\/\/www.eldigitaldeasturias.com\/noticias\/author\/admin\/#author"},"image":{"@type":"ImageObject","url":"https:\/\/www.eldigitaldeasturias.com\/noticias\/wp-content\/uploads\/2017\/11\/1511522685_Imagen_Schneider_Electric_Patrick_Gaonach.jpg","@id":"https:\/\/www.eldigitaldeasturias.com\/noticias\/patrick-gaonach-schneider-electric-esta-liderando-la-transformacion-digital-del-sector\/#mainImage","width":1000,"height":667},"primaryImageOfPage":{"@id":"https:\/\/www.eldigitaldeasturias.com\/noticias\/patrick-gaonach-schneider-electric-esta-liderando-la-transformacion-digital-del-sector\/#mainImage"},"datePublished":"2017-11-26T09:23:26+01:00","dateModified":"2020-09-28T14:48:45+02:00"},{"@type":"WebSite","@id":"https:\/\/www.eldigitaldeasturias.com\/noticias\/#website","url":"https:\/\/www.eldigitaldeasturias.com\/noticias\/","name":"El Digital de Asturias - Diario de actualidad y noticias","alternateName":"El Digital de Asturias - Diario de actualidad y noticias","description":"Hemeroteca","inLanguage":"es-ES","publisher":{"@id":"https:\/\/www.eldigitaldeasturias.com\/noticias\/#organization"}}]},"og:locale":"es_ES","og:site_name":"El Digital de Asturias","og:type":"article","og:title":"Patrick Gaonach: \u00bbSchneider Electric est\u00e1 liderando la transformaci\u00f3n digital del sector\u00bb - El Digital de Asturias","og:description":"Schneider Electric, l\u00edder en la transformaci\u00f3n digital de la gesti\u00f3n de la energ\u00eda y la automatizaci\u00f3n, ha reunido los d\u00edas 15 y 16 de noviembre a m\u00e1s de un centenar de altos directivos del sector el\u00e9ctrico espa\u00f1ol, en un evento que con los a\u00f1os se ha consolidado como una cita ineludible para conocer las tendencias del","og:url":"https:\/\/www.eldigitaldeasturias.com\/noticias\/patrick-gaonach-schneider-electric-esta-liderando-la-transformacion-digital-del-sector\/","og:image":"https:\/\/www.eldigitaldeasturias.com\/noticias\/wp-content\/uploads\/2017\/11\/1511522685_Imagen_Schneider_Electric_Patrick_Gaonach.jpg","og:image:secure_url":"https:\/\/www.eldigitaldeasturias.com\/noticias\/wp-content\/uploads\/2017\/11\/1511522685_Imagen_Schneider_Electric_Patrick_Gaonach.jpg","og:image:width":1000,"og:image:height":667,"article:tag":["econom\u00eda"],"article:published_time":"2017-11-26T09:23:26+00:00","article:modified_time":"2020-09-28T14:48:45+00:00","article:publisher":"https:\/\/facebook.com\/eldigitaldeasturias","twitter:card":"summary_large_image","twitter:title":"Patrick Gaonach: \u00bbSchneider Electric est\u00e1 liderando la transformaci\u00f3n digital del sector\u00bb - El Digital de Asturias","twitter:description":"Schneider Electric, l\u00edder en la transformaci\u00f3n digital de la gesti\u00f3n de la energ\u00eda y la automatizaci\u00f3n, ha reunido los d\u00edas 15 y 16 de noviembre a m\u00e1s de un centenar de altos directivos del sector el\u00e9ctrico espa\u00f1ol, en un evento que con los a\u00f1os se ha consolidado como una cita ineludible para conocer las tendencias del","twitter:image":"https:\/\/www.eldigitaldeasturias.com\/noticias\/wp-content\/uploads\/2017\/11\/1511522685_Imagen_Schneider_Electric_Patrick_Gaonach.jpg","twitter:label1":"Escrito por","twitter:data1":"El Digital de Asturias","twitter:label2":"Tiempo de lectura estimado","twitter:data2":"5 minutos"},"aioseo_meta_data":{"post_id":"961265","title":null,"description":"","keywords":"","keyphrases":null,"primary_term":null,"canonical_url":"","og_title":null,"og_description":null,"og_object_type":"default","og_image_type":"default","og_image_url":null,"og_image_width":null,"og_image_height":null,"og_image_custom_url":null,"og_image_custom_fields":null,"og_video":null,"og_custom_url":null,"og_article_section":null,"og_article_tags":null,"twitter_use_og":false,"twitter_card":"default","twitter_image_type":"default","twitter_image_url":null,"twitter_image_custom_url":null,"twitter_image_custom_fields":null,"twitter_title":null,"twitter_description":null,"schema":{"blockGraphs":[],"customGraphs":[],"default":{"data":{"Article":[],"Course":[],"Dataset":[],"FAQPage":[],"Movie":[],"Person":[],"Product":[],"ProductReview":[],"Car":[],"Recipe":[],"Service":[],"SoftwareApplication":[],"WebPage":[]},"graphName":"","isEnabled":true},"graphs":[],"defaultGraph":"","defaultPostTypeGraph":""},"schema_type":null,"schema_type_options":null,"pillar_content":false,"robots_default":true,"robots_noindex":false,"robots_noarchive":false,"robots_nosnippet":false,"robots_nofollow":false,"robots_noimageindex":false,"robots_noodp":false,"robots_notranslate":false,"robots_max_snippet":null,"robots_max_videopreview":null,"robots_max_imagepreview":"large","priority":null,"frequency":"default","local_seo":null,"seo_analyzer_scan_date":"2025-12-07 08:19:05","breadcrumb_settings":null,"limit_modified_date":false,"open_ai":null,"ai":null,"created":"2020-12-21 12:49:37","updated":"2025-12-07 08:19:05"},"aioseo_breadcrumb":"<div class=\"aioseo-breadcrumbs\"><span class=\"aioseo-breadcrumb\">\n\t<a href=\"https:\/\/www.eldigitaldeasturias.com\/noticias\" title=\"Home\">Home<\/a>\n<\/span><span class=\"aioseo-breadcrumb-separator\">\u2013<\/span><span class=\"aioseo-breadcrumb\">\n\t<a href=\"https:\/\/www.eldigitaldeasturias.com\/noticias\/category\/economia\/\" title=\"Econom\u00eda\">Econom\u00eda<\/a>\n<\/span><span class=\"aioseo-breadcrumb-separator\">\u2013<\/span><span class=\"aioseo-breadcrumb\">\n\t<a href=\"https:\/\/www.eldigitaldeasturias.com\/noticias\/patrick-gaonach-schneider-electric-esta-liderando-la-transformacion-digital-del-sector\/\" title=\"Patrick Gaonach: \u00bbSchneider Electric est\u00e1 liderando la transformaci\u00f3n digital del sector\u00bb\">Patrick Gaonach: \u00bbSchneider Electric est\u00e1 liderando la transformaci\u00f3n digital del sector\u00bb<\/a>\n<\/span><\/div>","aioseo_breadcrumb_json":[{"label":"Home","link":"https:\/\/www.eldigitaldeasturias.com\/noticias"},{"label":"Econom\u00eda","link":"https:\/\/www.eldigitaldeasturias.com\/noticias\/category\/economia\/"},{"label":"Patrick Gaonach: \u00bbSchneider Electric est\u00e1 liderando la transformaci\u00f3n digital del sector\u00bb","link":"https:\/\/www.eldigitaldeasturias.com\/noticias\/patrick-gaonach-schneider-electric-esta-liderando-la-transformacion-digital-del-sector\/"}],"_links":{"self":[{"href":"https:\/\/www.eldigitaldeasturias.com\/noticias\/wp-json\/wp\/v2\/posts\/961265","targetHints":{"allow":["GET"]}}],"collection":[{"href":"https:\/\/www.eldigitaldeasturias.com\/noticias\/wp-json\/wp\/v2\/posts"}],"about":[{"href":"https:\/\/www.eldigitaldeasturias.com\/noticias\/wp-json\/wp\/v2\/types\/post"}],"author":[{"embeddable":true,"href":"https:\/\/www.eldigitaldeasturias.com\/noticias\/wp-json\/wp\/v2\/users\/1"}],"replies":[{"embeddable":true,"href":"https:\/\/www.eldigitaldeasturias.com\/noticias\/wp-json\/wp\/v2\/comments?post=961265"}],"version-history":[{"count":0,"href":"https:\/\/www.eldigitaldeasturias.com\/noticias\/wp-json\/wp\/v2\/posts\/961265\/revisions"}],"wp:featuredmedia":[{"embeddable":true,"href":"https:\/\/www.eldigitaldeasturias.com\/noticias\/wp-json\/wp\/v2\/media\/961266"}],"wp:attachment":[{"href":"https:\/\/www.eldigitaldeasturias.com\/noticias\/wp-json\/wp\/v2\/media?parent=961265"}],"wp:term":[{"taxonomy":"category","embeddable":true,"href":"https:\/\/www.eldigitaldeasturias.com\/noticias\/wp-json\/wp\/v2\/categories?post=961265"},{"taxonomy":"post_tag","embeddable":true,"href":"https:\/\/www.eldigitaldeasturias.com\/noticias\/wp-json\/wp\/v2\/tags?post=961265"}],"curies":[{"name":"wp","href":"https:\/\/api.w.org\/{rel}","templated":true}]}}