{"id":961239,"date":"2017-11-26T08:27:56","date_gmt":"2017-11-26T08:27:56","guid":{"rendered":"http:\/\/www.eldigitaldeasturias.com\/noticias\/?p=961239"},"modified":"2017-11-26T08:27:56","modified_gmt":"2017-11-26T08:27:56","slug":"bito-espana-muestra-su-trabajo-en-la-edicion-mas-internacional-de-logistics-distribution","status":"publish","type":"post","link":"https:\/\/www.eldigitaldeasturias.com\/noticias\/bito-espana-muestra-su-trabajo-en-la-edicion-mas-internacional-de-logistics-distribution\/","title":{"rendered":"BITO Espa\u00f1a muestra su trabajo en la edici\u00f3n m\u00e1s internacional de Logistics &#038; Distribution"},"content":{"rendered":"<div id=\"texto\" class=\"flex mb15\">\n<p><img loading=\"lazy\" decoding=\"async\" class=\"alignleft size-medium wp-image-961240\" src=\"https:\/\/www.eldigitaldeasturias.com\/noticias\/wp-content\/uploads\/2017\/11\/1511370260-360x214.png\" alt=\"\" width=\"360\" height=\"214\" srcset=\"https:\/\/www.eldigitaldeasturias.com\/noticias\/wp-content\/uploads\/2017\/11\/1511370260-360x214.png 360w, https:\/\/www.eldigitaldeasturias.com\/noticias\/wp-content\/uploads\/2017\/11\/1511370260-768x456.png 768w, https:\/\/www.eldigitaldeasturias.com\/noticias\/wp-content\/uploads\/2017\/11\/1511370260-650x386.png 650w, https:\/\/www.eldigitaldeasturias.com\/noticias\/wp-content\/uploads\/2017\/11\/1511370260.png 983w\" sizes=\"auto, (max-width: 360px) 100vw, 360px\" \/>De la misma manera que ya particip\u00f3 en la pasada edici\u00f3n del SIL 2017 en Barcelona, este a\u00f1o tambi\u00e9n ha vuelto a mostrar su marca en el sal\u00f3n de\u00a0<strong>Logistics and Distribution Madrid 2017<\/strong>, que tuvo lugar en las instalaciones de la feria\u00a0<strong>IFEMA<\/strong>, de\u00a0<strong>Madrid<\/strong>.<\/p>\n<p>Esta feria, organizada por\u00a0<strong>Easyfairs<\/strong>, es considerada como el \u00faltimo gran punto de encuentro log\u00edstico antes del cierre del a\u00f1o, bien por su ubicaci\u00f3n, en el centro de la pen\u00ednsula, como por el formato que presenta, que beneficia tanto a empresas como clientes potenciales.<\/p>\n<p>\u201cEs una feria de formato muy \u00e1gil y de tipo est\u00e1ndar que facilita la labor para los proveedores\u201d, explica el Director General de\u00a0<a href=\"https:\/\/www.bito.com\/es-es\/\" target=\"_blank\" rel=\"nofollow noopener\"><strong><span style=\"color: #ff6600;\">BITO<\/span>\u00a0<\/strong><\/a>Espa\u00f1a,\u00a0<strong>Xavier Llin\u00e0s<\/strong>, acerca de la facilidad de organizaci\u00f3n que permite este evento de Easyfairs. Con una duraci\u00f3n breve, esta feria adopta un formato de visitas r\u00e1pidas que permite la creaci\u00f3n de gran cantidad de contactos: \u201cSon dos d\u00edas que posibilitan la recepci\u00f3n de muchas visitas, tanto de nuevos clientes como de los ya conocidos\u201d, resalta Llin\u00e0s.<\/p>\n<p>Al igual que viene haciendo desde 2011,\u00a0<a href=\"https:\/\/www.bito.com\/es-es\/\" target=\"_blank\" rel=\"nofollow noopener\"><strong><span style=\"color: #ff6600;\">BITO<\/span><\/strong><\/a>\u00a0ha estado presente en este a\u00f1o, los d\u00edas 7 y 8 de noviembre, junto a otras 429 empresas, que han creado un gran atractivo de cara a su p\u00fablico objetivo, consiguiendo una cifra r\u00e9cord para la feria de m\u00e1s de 11.500 asistentes.<\/p>\n<p>Del total de empresas, se ha producido un incremento de m\u00e1s del 33% de procedencia extranjera, lo que simboliza el potencial internacional que adopta esta nueva convenci\u00f3n para el sector de la log\u00edstica y el almacenaje.<\/p>\n<p>Con un emplazamiento de gran visibilidad para el p\u00fablico asistente, cercano a una de las principales v\u00edas de paso, BITO pudo mostrar una serie de productos a todos los interesados. Asimismo, los usuarios pudieron comprobar los diferentes niveles de adaptabilidad y personalizaci\u00f3n que ofrece la gama de productos.<\/p>\n<p>Junto a productos como el ya reconocido\u00a0<strong>\u2018Seal &amp; Track\u2019<\/strong>, cuyo uso permite un nuevo grado de privacidad en paqueter\u00eda, se pudo interactuar con diversos modelos de cajas del\u00a0<a href=\"https:\/\/www.bito.com\/es-es\/productos-y-soluciones\/sistemas-y-productos\/cajas-y-contenedores\/\" target=\"_blank\" rel=\"nofollow noopener\"><strong><span style=\"color: #ff6600;\">cat\u00e1logo de BITO<\/span><\/strong><\/a>, permitiendo comprobar el nivel de los acabados y las diferentes dimensiones que se pueden encontrar disponibles.<\/p>\n<p>Todo ello ante la presencia de representantes del equipo de\u00a0<a href=\"https:\/\/www.bito.com\/es-es\/\" target=\"_blank\" rel=\"nofollow noopener\"><span style=\"color: #ff6600;\"><strong>BITO en Espa\u00f1a<\/strong><\/span><\/a>, que se dispusieron a lo largo del stand para poder asesorar y responder cualquier duda que surgiera por parte de los visitantes y ofrecer los servicios profesionales de la empresa para el futuro.<\/p>\n<\/div>\n<div id=\"datos_extra\" class=\"clearblock\">\n<div id=\"datos_contacto\" class=\"g6 flex\"><\/div>\n<\/div>\n","protected":false},"excerpt":{"rendered":"<p>De la misma manera que ya particip\u00f3 en la pasada edici\u00f3n del SIL 2017 en Barcelona, este a\u00f1o tambi\u00e9n ha vuelto a mostrar su marca en el sal\u00f3n de\u00a0Logistics and Distribution Madrid 2017, que tuvo lugar en las instalaciones de la feria\u00a0IFEMA, de\u00a0Madrid. Esta feria, organizada por\u00a0Easyfairs, es considerada como el \u00faltimo gran punto de [&hellip;]<\/p>\n","protected":false},"author":1,"featured_media":961240,"comment_status":"closed","ping_status":"closed","sticky":false,"template":"","format":"standard","meta":{"footnotes":""},"categories":[187],"tags":[],"class_list":["post-961239","post","type-post","status-publish","format-standard","has-post-thumbnail","hentry","category-economia"],"aioseo_notices":[],"aioseo_head":"\n\t\t<!-- All in One SEO Pro 4.9.6.2 - aioseo.com -->\n\t<meta name=\"description\" content=\"De la misma manera que ya particip\u00f3 en la pasada edici\u00f3n del SIL 2017 en Barcelona, este a\u00f1o tambi\u00e9n ha vuelto a mostrar su marca en el sal\u00f3n de Logistics and Distribution Madrid 2017, que tuvo lugar en las instalaciones de la feria IFEMA, de Madrid. Esta feria, organizada por Easyfairs, es considerada como el \u00faltimo gran punto de\" \/>\n\t<meta name=\"robots\" content=\"max-image-preview:large\" \/>\n\t<meta name=\"author\" content=\"El Digital de Asturias\"\/>\n\t<meta name=\"google-site-verification\" content=\"UA-38556648-1\" \/>\n\t<meta name=\"msvalidate.01\" content=\"7dfe9f3f1b24437ab69f4f2559babe99\" \/>\n\t<meta name=\"keywords\" content=\"econom\u00eda\" \/>\n\t<link rel=\"canonical\" href=\"https:\/\/www.eldigitaldeasturias.com\/noticias\/bito-espana-muestra-su-trabajo-en-la-edicion-mas-internacional-de-logistics-distribution\/\" \/>\n\t<meta name=\"generator\" content=\"All in One SEO Pro (AIOSEO) 4.9.6.2\" \/>\n\t\t<meta property=\"og:locale\" content=\"es_ES\" \/>\n\t\t<meta property=\"og:site_name\" content=\"El Digital de Asturias\" \/>\n\t\t<meta property=\"og:type\" content=\"article\" \/>\n\t\t<meta property=\"og:title\" content=\"BITO Espa\u00f1a muestra su trabajo en la edici\u00f3n m\u00e1s internacional de Logistics &amp; Distribution - El Digital de Asturias\" \/>\n\t\t<meta property=\"og:description\" content=\"De la misma manera que ya particip\u00f3 en la pasada edici\u00f3n del SIL 2017 en Barcelona, este a\u00f1o tambi\u00e9n ha vuelto a mostrar su marca en el sal\u00f3n de Logistics and Distribution Madrid 2017, que tuvo lugar en las instalaciones de la feria IFEMA, de Madrid. Esta feria, organizada por Easyfairs, es considerada como el \u00faltimo gran punto de\" \/>\n\t\t<meta property=\"og:url\" content=\"https:\/\/www.eldigitaldeasturias.com\/noticias\/bito-espana-muestra-su-trabajo-en-la-edicion-mas-internacional-de-logistics-distribution\/\" \/>\n\t\t<meta property=\"og:image\" content=\"https:\/\/www.eldigitaldeasturias.com\/noticias\/wp-content\/uploads\/2017\/11\/1511370260.png\" \/>\n\t\t<meta property=\"og:image:secure_url\" content=\"https:\/\/www.eldigitaldeasturias.com\/noticias\/wp-content\/uploads\/2017\/11\/1511370260.png\" \/>\n\t\t<meta property=\"og:image:width\" content=\"983\" \/>\n\t\t<meta property=\"og:image:height\" content=\"584\" \/>\n\t\t<meta property=\"article:tag\" content=\"econom\u00eda\" \/>\n\t\t<meta property=\"article:published_time\" content=\"2017-11-26T08:27:56+00:00\" \/>\n\t\t<meta property=\"article:modified_time\" content=\"2017-11-26T08:27:56+00:00\" \/>\n\t\t<meta property=\"article:publisher\" content=\"https:\/\/facebook.com\/eldigitaldeasturias\" \/>\n\t\t<meta name=\"twitter:card\" content=\"summary_large_image\" \/>\n\t\t<meta name=\"twitter:title\" content=\"BITO Espa\u00f1a muestra su trabajo en la edici\u00f3n m\u00e1s internacional de Logistics &amp; Distribution - El Digital de Asturias\" \/>\n\t\t<meta name=\"twitter:description\" content=\"De la misma manera que ya particip\u00f3 en la pasada edici\u00f3n del SIL 2017 en Barcelona, este a\u00f1o tambi\u00e9n ha vuelto a mostrar su marca en el sal\u00f3n de Logistics and Distribution Madrid 2017, que tuvo lugar en las instalaciones de la feria IFEMA, de Madrid. Esta feria, organizada por Easyfairs, es considerada como el \u00faltimo gran punto de\" \/>\n\t\t<meta name=\"twitter:image\" content=\"https:\/\/www.eldigitaldeasturias.com\/noticias\/wp-content\/uploads\/2017\/11\/1511370260.png\" \/>\n\t\t<meta name=\"twitter:label1\" content=\"Escrito por\" \/>\n\t\t<meta name=\"twitter:data1\" content=\"El Digital de Asturias\" \/>\n\t\t<meta name=\"twitter:label2\" content=\"Tiempo de lectura estimado\" \/>\n\t\t<meta name=\"twitter:data2\" content=\"2 minutos\" \/>\n\t\t<script type=\"application\/ld+json\" class=\"aioseo-schema\">\n\t\t\t{\"@context\":\"https:\\\/\\\/schema.org\",\"@graph\":[{\"@type\":\"BlogPosting\",\"@id\":\"https:\\\/\\\/www.eldigitaldeasturias.com\\\/noticias\\\/bito-espana-muestra-su-trabajo-en-la-edicion-mas-internacional-de-logistics-distribution\\\/#blogposting\",\"name\":\"BITO Espa\\u00f1a muestra su trabajo en la edici\\u00f3n m\\u00e1s internacional de Logistics & Distribution - El Digital de Asturias\",\"headline\":\"BITO Espa\\u00f1a muestra su trabajo en la edici\\u00f3n m\\u00e1s internacional de Logistics &#038; Distribution\",\"author\":{\"@id\":\"https:\\\/\\\/www.eldigitaldeasturias.com\\\/noticias\\\/author\\\/admin\\\/#author\"},\"publisher\":{\"@id\":\"https:\\\/\\\/www.eldigitaldeasturias.com\\\/noticias\\\/#organization\"},\"image\":{\"@type\":\"ImageObject\",\"url\":\"https:\\\/\\\/www.eldigitaldeasturias.com\\\/noticias\\\/wp-content\\\/uploads\\\/2017\\\/11\\\/1511370260.png\",\"width\":983,\"height\":584},\"datePublished\":\"2017-11-26T08:27:56+01:00\",\"dateModified\":\"2017-11-26T08:27:56+01:00\",\"inLanguage\":\"es-ES\",\"mainEntityOfPage\":{\"@id\":\"https:\\\/\\\/www.eldigitaldeasturias.com\\\/noticias\\\/bito-espana-muestra-su-trabajo-en-la-edicion-mas-internacional-de-logistics-distribution\\\/#webpage\"},\"isPartOf\":{\"@id\":\"https:\\\/\\\/www.eldigitaldeasturias.com\\\/noticias\\\/bito-espana-muestra-su-trabajo-en-la-edicion-mas-internacional-de-logistics-distribution\\\/#webpage\"},\"articleSection\":\"Econom\\u00eda\"},{\"@type\":\"BreadcrumbList\",\"@id\":\"https:\\\/\\\/www.eldigitaldeasturias.com\\\/noticias\\\/bito-espana-muestra-su-trabajo-en-la-edicion-mas-internacional-de-logistics-distribution\\\/#breadcrumblist\",\"itemListElement\":[{\"@type\":\"ListItem\",\"@id\":\"https:\\\/\\\/www.eldigitaldeasturias.com\\\/noticias#listItem\",\"position\":1,\"name\":\"Home\",\"item\":\"https:\\\/\\\/www.eldigitaldeasturias.com\\\/noticias\",\"nextItem\":{\"@type\":\"ListItem\",\"@id\":\"https:\\\/\\\/www.eldigitaldeasturias.com\\\/noticias\\\/category\\\/economia\\\/#listItem\",\"name\":\"Econom\\u00eda\"}},{\"@type\":\"ListItem\",\"@id\":\"https:\\\/\\\/www.eldigitaldeasturias.com\\\/noticias\\\/category\\\/economia\\\/#listItem\",\"position\":2,\"name\":\"Econom\\u00eda\",\"item\":\"https:\\\/\\\/www.eldigitaldeasturias.com\\\/noticias\\\/category\\\/economia\\\/\",\"nextItem\":{\"@type\":\"ListItem\",\"@id\":\"https:\\\/\\\/www.eldigitaldeasturias.com\\\/noticias\\\/bito-espana-muestra-su-trabajo-en-la-edicion-mas-internacional-de-logistics-distribution\\\/#listItem\",\"name\":\"BITO Espa\\u00f1a muestra su trabajo en la edici\\u00f3n m\\u00e1s internacional de Logistics &#038; Distribution\"},\"previousItem\":{\"@type\":\"ListItem\",\"@id\":\"https:\\\/\\\/www.eldigitaldeasturias.com\\\/noticias#listItem\",\"name\":\"Home\"}},{\"@type\":\"ListItem\",\"@id\":\"https:\\\/\\\/www.eldigitaldeasturias.com\\\/noticias\\\/bito-espana-muestra-su-trabajo-en-la-edicion-mas-internacional-de-logistics-distribution\\\/#listItem\",\"position\":3,\"name\":\"BITO Espa\\u00f1a muestra su trabajo en la edici\\u00f3n m\\u00e1s internacional de Logistics &#038; Distribution\",\"previousItem\":{\"@type\":\"ListItem\",\"@id\":\"https:\\\/\\\/www.eldigitaldeasturias.com\\\/noticias\\\/category\\\/economia\\\/#listItem\",\"name\":\"Econom\\u00eda\"}}]},{\"@type\":\"Organization\",\"@id\":\"https:\\\/\\\/www.eldigitaldeasturias.com\\\/noticias\\\/#organization\",\"name\":\"El Digital de Asturias\",\"description\":\"Hemeroteca\",\"url\":\"https:\\\/\\\/www.eldigitaldeasturias.com\\\/noticias\\\/\",\"email\":\"info@eldigitaldeasturias.com\",\"telephone\":\"+34652131393\",\"logo\":{\"@type\":\"ImageObject\",\"url\":\"https:\\\/\\\/www.eldigitaldeasturias.com\\\/noticias\\\/wp-content\\\/uploads\\\/2020\\\/12\\\/EDA.jpg\",\"@id\":\"https:\\\/\\\/www.eldigitaldeasturias.com\\\/noticias\\\/bito-espana-muestra-su-trabajo-en-la-edicion-mas-internacional-de-logistics-distribution\\\/#organizationLogo\",\"width\":649,\"height\":297},\"image\":{\"@id\":\"https:\\\/\\\/www.eldigitaldeasturias.com\\\/noticias\\\/bito-espana-muestra-su-trabajo-en-la-edicion-mas-internacional-de-logistics-distribution\\\/#organizationLogo\"},\"sameAs\":[\"https:\\\/\\\/facebook.com\\\/eldigitaldeasturias\",\"https:\\\/\\\/www.youtube.com\\\/channel\\\/UCZP-2wLEB9Rv6erhFmqVnvg\"],\"address\":{\"@id\":\"https:\\\/\\\/www.eldigitaldeasturias.com\\\/noticias\\\/#postaladdress\",\"@type\":\"PostalAddress\",\"streetAddress\":\"san antonio 4,\",\"postalCode\":\"33430\",\"addressLocality\":\"Cand\\u00e1s\",\"addressRegion\":\"Asturias\",\"addressCountry\":\"ES\"}},{\"@type\":\"Person\",\"@id\":\"https:\\\/\\\/www.eldigitaldeasturias.com\\\/noticias\\\/author\\\/admin\\\/#author\",\"url\":\"https:\\\/\\\/www.eldigitaldeasturias.com\\\/noticias\\\/author\\\/admin\\\/\",\"name\":\"El Digital de Asturias\",\"image\":{\"@type\":\"ImageObject\",\"@id\":\"https:\\\/\\\/www.eldigitaldeasturias.com\\\/noticias\\\/bito-espana-muestra-su-trabajo-en-la-edicion-mas-internacional-de-logistics-distribution\\\/#authorImage\",\"url\":\"https:\\\/\\\/www.eldigitaldeasturias.com\\\/noticias\\\/wp-content\\\/litespeed\\\/avatar\\\/18677e78aa0546b92d9dbf31ec7d7668.jpg?ver=1776685526\",\"width\":96,\"height\":96,\"caption\":\"El Digital de Asturias\"}},{\"@type\":\"WebPage\",\"@id\":\"https:\\\/\\\/www.eldigitaldeasturias.com\\\/noticias\\\/bito-espana-muestra-su-trabajo-en-la-edicion-mas-internacional-de-logistics-distribution\\\/#webpage\",\"url\":\"https:\\\/\\\/www.eldigitaldeasturias.com\\\/noticias\\\/bito-espana-muestra-su-trabajo-en-la-edicion-mas-internacional-de-logistics-distribution\\\/\",\"name\":\"BITO Espa\\u00f1a muestra su trabajo en la edici\\u00f3n m\\u00e1s internacional de Logistics & Distribution - El Digital de Asturias\",\"description\":\"De la misma manera que ya particip\\u00f3 en la pasada edici\\u00f3n del SIL 2017 en Barcelona, este a\\u00f1o tambi\\u00e9n ha vuelto a mostrar su marca en el sal\\u00f3n de Logistics and Distribution Madrid 2017, que tuvo lugar en las instalaciones de la feria IFEMA, de Madrid. Esta feria, organizada por Easyfairs, es considerada como el \\u00faltimo gran punto de\",\"inLanguage\":\"es-ES\",\"isPartOf\":{\"@id\":\"https:\\\/\\\/www.eldigitaldeasturias.com\\\/noticias\\\/#website\"},\"breadcrumb\":{\"@id\":\"https:\\\/\\\/www.eldigitaldeasturias.com\\\/noticias\\\/bito-espana-muestra-su-trabajo-en-la-edicion-mas-internacional-de-logistics-distribution\\\/#breadcrumblist\"},\"author\":{\"@id\":\"https:\\\/\\\/www.eldigitaldeasturias.com\\\/noticias\\\/author\\\/admin\\\/#author\"},\"creator\":{\"@id\":\"https:\\\/\\\/www.eldigitaldeasturias.com\\\/noticias\\\/author\\\/admin\\\/#author\"},\"image\":{\"@type\":\"ImageObject\",\"url\":\"https:\\\/\\\/www.eldigitaldeasturias.com\\\/noticias\\\/wp-content\\\/uploads\\\/2017\\\/11\\\/1511370260.png\",\"@id\":\"https:\\\/\\\/www.eldigitaldeasturias.com\\\/noticias\\\/bito-espana-muestra-su-trabajo-en-la-edicion-mas-internacional-de-logistics-distribution\\\/#mainImage\",\"width\":983,\"height\":584},\"primaryImageOfPage\":{\"@id\":\"https:\\\/\\\/www.eldigitaldeasturias.com\\\/noticias\\\/bito-espana-muestra-su-trabajo-en-la-edicion-mas-internacional-de-logistics-distribution\\\/#mainImage\"},\"datePublished\":\"2017-11-26T08:27:56+01:00\",\"dateModified\":\"2017-11-26T08:27:56+01:00\"},{\"@type\":\"WebSite\",\"@id\":\"https:\\\/\\\/www.eldigitaldeasturias.com\\\/noticias\\\/#website\",\"url\":\"https:\\\/\\\/www.eldigitaldeasturias.com\\\/noticias\\\/\",\"name\":\"El Digital de Asturias - Diario de actualidad y noticias\",\"alternateName\":\"El Digital de Asturias - Diario de actualidad y noticias\",\"description\":\"Hemeroteca\",\"inLanguage\":\"es-ES\",\"publisher\":{\"@id\":\"https:\\\/\\\/www.eldigitaldeasturias.com\\\/noticias\\\/#organization\"}}]}\n\t\t<\/script>\n\t\t<!-- All in One SEO Pro -->\r\n\t\t<title>BITO Espa\u00f1a muestra su trabajo en la edici\u00f3n m\u00e1s internacional de Logistics &amp; Distribution - El Digital de Asturias<\/title>\n\n","aioseo_head_json":{"title":"BITO Espa\u00f1a muestra su trabajo en la edici\u00f3n m\u00e1s internacional de Logistics & Distribution - El Digital de Asturias","description":"De la misma manera que ya particip\u00f3 en la pasada edici\u00f3n del SIL 2017 en Barcelona, este a\u00f1o tambi\u00e9n ha vuelto a mostrar su marca en el sal\u00f3n de Logistics and Distribution Madrid 2017, que tuvo lugar en las instalaciones de la feria IFEMA, de Madrid. Esta feria, organizada por Easyfairs, es considerada como el \u00faltimo gran punto de","canonical_url":"https:\/\/www.eldigitaldeasturias.com\/noticias\/bito-espana-muestra-su-trabajo-en-la-edicion-mas-internacional-de-logistics-distribution\/","robots":"max-image-preview:large","keywords":"econom\u00eda","webmasterTools":{"google-site-verification":"UA-38556648-1","msvalidate.01":"7dfe9f3f1b24437ab69f4f2559babe99","miscellaneous":""},"schema":{"@context":"https:\/\/schema.org","@graph":[{"@type":"BlogPosting","@id":"https:\/\/www.eldigitaldeasturias.com\/noticias\/bito-espana-muestra-su-trabajo-en-la-edicion-mas-internacional-de-logistics-distribution\/#blogposting","name":"BITO Espa\u00f1a muestra su trabajo en la edici\u00f3n m\u00e1s internacional de Logistics & Distribution - El Digital de Asturias","headline":"BITO Espa\u00f1a muestra su trabajo en la edici\u00f3n m\u00e1s internacional de Logistics &#038; Distribution","author":{"@id":"https:\/\/www.eldigitaldeasturias.com\/noticias\/author\/admin\/#author"},"publisher":{"@id":"https:\/\/www.eldigitaldeasturias.com\/noticias\/#organization"},"image":{"@type":"ImageObject","url":"https:\/\/www.eldigitaldeasturias.com\/noticias\/wp-content\/uploads\/2017\/11\/1511370260.png","width":983,"height":584},"datePublished":"2017-11-26T08:27:56+01:00","dateModified":"2017-11-26T08:27:56+01:00","inLanguage":"es-ES","mainEntityOfPage":{"@id":"https:\/\/www.eldigitaldeasturias.com\/noticias\/bito-espana-muestra-su-trabajo-en-la-edicion-mas-internacional-de-logistics-distribution\/#webpage"},"isPartOf":{"@id":"https:\/\/www.eldigitaldeasturias.com\/noticias\/bito-espana-muestra-su-trabajo-en-la-edicion-mas-internacional-de-logistics-distribution\/#webpage"},"articleSection":"Econom\u00eda"},{"@type":"BreadcrumbList","@id":"https:\/\/www.eldigitaldeasturias.com\/noticias\/bito-espana-muestra-su-trabajo-en-la-edicion-mas-internacional-de-logistics-distribution\/#breadcrumblist","itemListElement":[{"@type":"ListItem","@id":"https:\/\/www.eldigitaldeasturias.com\/noticias#listItem","position":1,"name":"Home","item":"https:\/\/www.eldigitaldeasturias.com\/noticias","nextItem":{"@type":"ListItem","@id":"https:\/\/www.eldigitaldeasturias.com\/noticias\/category\/economia\/#listItem","name":"Econom\u00eda"}},{"@type":"ListItem","@id":"https:\/\/www.eldigitaldeasturias.com\/noticias\/category\/economia\/#listItem","position":2,"name":"Econom\u00eda","item":"https:\/\/www.eldigitaldeasturias.com\/noticias\/category\/economia\/","nextItem":{"@type":"ListItem","@id":"https:\/\/www.eldigitaldeasturias.com\/noticias\/bito-espana-muestra-su-trabajo-en-la-edicion-mas-internacional-de-logistics-distribution\/#listItem","name":"BITO Espa\u00f1a muestra su trabajo en la edici\u00f3n m\u00e1s internacional de Logistics &#038; Distribution"},"previousItem":{"@type":"ListItem","@id":"https:\/\/www.eldigitaldeasturias.com\/noticias#listItem","name":"Home"}},{"@type":"ListItem","@id":"https:\/\/www.eldigitaldeasturias.com\/noticias\/bito-espana-muestra-su-trabajo-en-la-edicion-mas-internacional-de-logistics-distribution\/#listItem","position":3,"name":"BITO Espa\u00f1a muestra su trabajo en la edici\u00f3n m\u00e1s internacional de Logistics &#038; Distribution","previousItem":{"@type":"ListItem","@id":"https:\/\/www.eldigitaldeasturias.com\/noticias\/category\/economia\/#listItem","name":"Econom\u00eda"}}]},{"@type":"Organization","@id":"https:\/\/www.eldigitaldeasturias.com\/noticias\/#organization","name":"El Digital de Asturias","description":"Hemeroteca","url":"https:\/\/www.eldigitaldeasturias.com\/noticias\/","email":"info@eldigitaldeasturias.com","telephone":"+34652131393","logo":{"@type":"ImageObject","url":"https:\/\/www.eldigitaldeasturias.com\/noticias\/wp-content\/uploads\/2020\/12\/EDA.jpg","@id":"https:\/\/www.eldigitaldeasturias.com\/noticias\/bito-espana-muestra-su-trabajo-en-la-edicion-mas-internacional-de-logistics-distribution\/#organizationLogo","width":649,"height":297},"image":{"@id":"https:\/\/www.eldigitaldeasturias.com\/noticias\/bito-espana-muestra-su-trabajo-en-la-edicion-mas-internacional-de-logistics-distribution\/#organizationLogo"},"sameAs":["https:\/\/facebook.com\/eldigitaldeasturias","https:\/\/www.youtube.com\/channel\/UCZP-2wLEB9Rv6erhFmqVnvg"],"address":{"@id":"https:\/\/www.eldigitaldeasturias.com\/noticias\/#postaladdress","@type":"PostalAddress","streetAddress":"san antonio 4,","postalCode":"33430","addressLocality":"Cand\u00e1s","addressRegion":"Asturias","addressCountry":"ES"}},{"@type":"Person","@id":"https:\/\/www.eldigitaldeasturias.com\/noticias\/author\/admin\/#author","url":"https:\/\/www.eldigitaldeasturias.com\/noticias\/author\/admin\/","name":"El Digital de Asturias","image":{"@type":"ImageObject","@id":"https:\/\/www.eldigitaldeasturias.com\/noticias\/bito-espana-muestra-su-trabajo-en-la-edicion-mas-internacional-de-logistics-distribution\/#authorImage","url":"https:\/\/www.eldigitaldeasturias.com\/noticias\/wp-content\/litespeed\/avatar\/18677e78aa0546b92d9dbf31ec7d7668.jpg?ver=1776685526","width":96,"height":96,"caption":"El Digital de Asturias"}},{"@type":"WebPage","@id":"https:\/\/www.eldigitaldeasturias.com\/noticias\/bito-espana-muestra-su-trabajo-en-la-edicion-mas-internacional-de-logistics-distribution\/#webpage","url":"https:\/\/www.eldigitaldeasturias.com\/noticias\/bito-espana-muestra-su-trabajo-en-la-edicion-mas-internacional-de-logistics-distribution\/","name":"BITO Espa\u00f1a muestra su trabajo en la edici\u00f3n m\u00e1s internacional de Logistics & Distribution - El Digital de Asturias","description":"De la misma manera que ya particip\u00f3 en la pasada edici\u00f3n del SIL 2017 en Barcelona, este a\u00f1o tambi\u00e9n ha vuelto a mostrar su marca en el sal\u00f3n de Logistics and Distribution Madrid 2017, que tuvo lugar en las instalaciones de la feria IFEMA, de Madrid. Esta feria, organizada por Easyfairs, es considerada como el \u00faltimo gran punto de","inLanguage":"es-ES","isPartOf":{"@id":"https:\/\/www.eldigitaldeasturias.com\/noticias\/#website"},"breadcrumb":{"@id":"https:\/\/www.eldigitaldeasturias.com\/noticias\/bito-espana-muestra-su-trabajo-en-la-edicion-mas-internacional-de-logistics-distribution\/#breadcrumblist"},"author":{"@id":"https:\/\/www.eldigitaldeasturias.com\/noticias\/author\/admin\/#author"},"creator":{"@id":"https:\/\/www.eldigitaldeasturias.com\/noticias\/author\/admin\/#author"},"image":{"@type":"ImageObject","url":"https:\/\/www.eldigitaldeasturias.com\/noticias\/wp-content\/uploads\/2017\/11\/1511370260.png","@id":"https:\/\/www.eldigitaldeasturias.com\/noticias\/bito-espana-muestra-su-trabajo-en-la-edicion-mas-internacional-de-logistics-distribution\/#mainImage","width":983,"height":584},"primaryImageOfPage":{"@id":"https:\/\/www.eldigitaldeasturias.com\/noticias\/bito-espana-muestra-su-trabajo-en-la-edicion-mas-internacional-de-logistics-distribution\/#mainImage"},"datePublished":"2017-11-26T08:27:56+01:00","dateModified":"2017-11-26T08:27:56+01:00"},{"@type":"WebSite","@id":"https:\/\/www.eldigitaldeasturias.com\/noticias\/#website","url":"https:\/\/www.eldigitaldeasturias.com\/noticias\/","name":"El Digital de Asturias - Diario de actualidad y noticias","alternateName":"El Digital de Asturias - Diario de actualidad y noticias","description":"Hemeroteca","inLanguage":"es-ES","publisher":{"@id":"https:\/\/www.eldigitaldeasturias.com\/noticias\/#organization"}}]},"og:locale":"es_ES","og:site_name":"El Digital de Asturias","og:type":"article","og:title":"BITO Espa\u00f1a muestra su trabajo en la edici\u00f3n m\u00e1s internacional de Logistics &amp; Distribution - El Digital de Asturias","og:description":"De la misma manera que ya particip\u00f3 en la pasada edici\u00f3n del SIL 2017 en Barcelona, este a\u00f1o tambi\u00e9n ha vuelto a mostrar su marca en el sal\u00f3n de Logistics and Distribution Madrid 2017, que tuvo lugar en las instalaciones de la feria IFEMA, de Madrid. Esta feria, organizada por Easyfairs, es considerada como el \u00faltimo gran punto de","og:url":"https:\/\/www.eldigitaldeasturias.com\/noticias\/bito-espana-muestra-su-trabajo-en-la-edicion-mas-internacional-de-logistics-distribution\/","og:image":"https:\/\/www.eldigitaldeasturias.com\/noticias\/wp-content\/uploads\/2017\/11\/1511370260.png","og:image:secure_url":"https:\/\/www.eldigitaldeasturias.com\/noticias\/wp-content\/uploads\/2017\/11\/1511370260.png","og:image:width":983,"og:image:height":584,"article:tag":["econom\u00eda"],"article:published_time":"2017-11-26T08:27:56+00:00","article:modified_time":"2017-11-26T08:27:56+00:00","article:publisher":"https:\/\/facebook.com\/eldigitaldeasturias","twitter:card":"summary_large_image","twitter:title":"BITO Espa\u00f1a muestra su trabajo en la edici\u00f3n m\u00e1s internacional de Logistics &amp; Distribution - El Digital de Asturias","twitter:description":"De la misma manera que ya particip\u00f3 en la pasada edici\u00f3n del SIL 2017 en Barcelona, este a\u00f1o tambi\u00e9n ha vuelto a mostrar su marca en el sal\u00f3n de Logistics and Distribution Madrid 2017, que tuvo lugar en las instalaciones de la feria IFEMA, de Madrid. Esta feria, organizada por Easyfairs, es considerada como el \u00faltimo gran punto de","twitter:image":"https:\/\/www.eldigitaldeasturias.com\/noticias\/wp-content\/uploads\/2017\/11\/1511370260.png","twitter:label1":"Escrito por","twitter:data1":"El Digital de Asturias","twitter:label2":"Tiempo de lectura estimado","twitter:data2":"2 minutos"},"aioseo_meta_data":{"post_id":"961239","title":null,"description":null,"keywords":null,"keyphrases":null,"primary_term":null,"canonical_url":null,"og_title":null,"og_description":null,"og_object_type":"default","og_image_type":"default","og_image_url":null,"og_image_width":null,"og_image_height":null,"og_image_custom_url":null,"og_image_custom_fields":null,"og_video":null,"og_custom_url":null,"og_article_section":null,"og_article_tags":null,"twitter_use_og":false,"twitter_card":"default","twitter_image_type":"default","twitter_image_url":null,"twitter_image_custom_url":null,"twitter_image_custom_fields":null,"twitter_title":null,"twitter_description":null,"schema":{"blockGraphs":[],"customGraphs":[],"default":{"data":{"Article":[],"Course":[],"Dataset":[],"FAQPage":[],"Movie":[],"Person":[],"Product":[],"ProductReview":[],"Car":[],"Recipe":[],"Service":[],"SoftwareApplication":[],"WebPage":[]},"graphName":"","isEnabled":true},"graphs":[],"defaultGraph":"","defaultPostTypeGraph":""},"schema_type":null,"schema_type_options":null,"pillar_content":false,"robots_default":true,"robots_noindex":false,"robots_noarchive":false,"robots_nosnippet":false,"robots_nofollow":false,"robots_noimageindex":false,"robots_noodp":false,"robots_notranslate":false,"robots_max_snippet":null,"robots_max_videopreview":null,"robots_max_imagepreview":"large","priority":null,"frequency":null,"local_seo":null,"seo_analyzer_scan_date":"2025-12-07 08:15:11","breadcrumb_settings":null,"limit_modified_date":false,"open_ai":null,"ai":null,"created":"2020-12-21 12:49:37","updated":"2025-12-07 08:15:11"},"aioseo_breadcrumb":"<div class=\"aioseo-breadcrumbs\"><span class=\"aioseo-breadcrumb\">\n\t<a href=\"https:\/\/www.eldigitaldeasturias.com\/noticias\" title=\"Home\">Home<\/a>\n<\/span><span class=\"aioseo-breadcrumb-separator\">\u2013<\/span><span class=\"aioseo-breadcrumb\">\n\t<a href=\"https:\/\/www.eldigitaldeasturias.com\/noticias\/category\/economia\/\" title=\"Econom\u00eda\">Econom\u00eda<\/a>\n<\/span><span class=\"aioseo-breadcrumb-separator\">\u2013<\/span><span class=\"aioseo-breadcrumb\">\n\t<a href=\"https:\/\/www.eldigitaldeasturias.com\/noticias\/bito-espana-muestra-su-trabajo-en-la-edicion-mas-internacional-de-logistics-distribution\/\" title=\"BITO Espa\u00f1a muestra su trabajo en la edici\u00f3n m\u00e1s internacional de Logistics &amp; Distribution\">BITO Espa\u00f1a muestra su trabajo en la edici\u00f3n m\u00e1s internacional de Logistics &amp; Distribution<\/a>\n<\/span><\/div>","aioseo_breadcrumb_json":[{"label":"Home","link":"https:\/\/www.eldigitaldeasturias.com\/noticias"},{"label":"Econom\u00eda","link":"https:\/\/www.eldigitaldeasturias.com\/noticias\/category\/economia\/"},{"label":"BITO Espa\u00f1a muestra su trabajo en la edici\u00f3n m\u00e1s internacional de Logistics &#038; Distribution","link":"https:\/\/www.eldigitaldeasturias.com\/noticias\/bito-espana-muestra-su-trabajo-en-la-edicion-mas-internacional-de-logistics-distribution\/"}],"_links":{"self":[{"href":"https:\/\/www.eldigitaldeasturias.com\/noticias\/wp-json\/wp\/v2\/posts\/961239","targetHints":{"allow":["GET"]}}],"collection":[{"href":"https:\/\/www.eldigitaldeasturias.com\/noticias\/wp-json\/wp\/v2\/posts"}],"about":[{"href":"https:\/\/www.eldigitaldeasturias.com\/noticias\/wp-json\/wp\/v2\/types\/post"}],"author":[{"embeddable":true,"href":"https:\/\/www.eldigitaldeasturias.com\/noticias\/wp-json\/wp\/v2\/users\/1"}],"replies":[{"embeddable":true,"href":"https:\/\/www.eldigitaldeasturias.com\/noticias\/wp-json\/wp\/v2\/comments?post=961239"}],"version-history":[{"count":0,"href":"https:\/\/www.eldigitaldeasturias.com\/noticias\/wp-json\/wp\/v2\/posts\/961239\/revisions"}],"wp:featuredmedia":[{"embeddable":true,"href":"https:\/\/www.eldigitaldeasturias.com\/noticias\/wp-json\/wp\/v2\/media\/961240"}],"wp:attachment":[{"href":"https:\/\/www.eldigitaldeasturias.com\/noticias\/wp-json\/wp\/v2\/media?parent=961239"}],"wp:term":[{"taxonomy":"category","embeddable":true,"href":"https:\/\/www.eldigitaldeasturias.com\/noticias\/wp-json\/wp\/v2\/categories?post=961239"},{"taxonomy":"post_tag","embeddable":true,"href":"https:\/\/www.eldigitaldeasturias.com\/noticias\/wp-json\/wp\/v2\/tags?post=961239"}],"curies":[{"name":"wp","href":"https:\/\/api.w.org\/{rel}","templated":true}]}}