{"id":961236,"date":"2017-11-26T08:23:05","date_gmt":"2017-11-26T08:23:05","guid":{"rendered":"http:\/\/www.eldigitaldeasturias.com\/noticias\/?p=961236"},"modified":"2017-11-26T08:23:05","modified_gmt":"2017-11-26T08:23:05","slug":"evolucion-de-los-precios-inmobiliarios-en-2017-por-granmanzana-es","status":"publish","type":"post","link":"https:\/\/www.eldigitaldeasturias.com\/noticias\/evolucion-de-los-precios-inmobiliarios-en-2017-por-granmanzana-es\/","title":{"rendered":"Evoluci\u00f3n de los precios inmobiliarios en 2017, Por GranManzana.es"},"content":{"rendered":"<p><img loading=\"lazy\" decoding=\"async\" class=\"alignleft size-medium wp-image-961237\" src=\"https:\/\/www.eldigitaldeasturias.com\/noticias\/wp-content\/uploads\/2017\/11\/1511283066_8-360x270.jpg\" alt=\"\" width=\"360\" height=\"270\" srcset=\"https:\/\/www.eldigitaldeasturias.com\/noticias\/wp-content\/uploads\/2017\/11\/1511283066_8-360x270.jpg 360w, https:\/\/www.eldigitaldeasturias.com\/noticias\/wp-content\/uploads\/2017\/11\/1511283066_8.jpg 640w, https:\/\/www.eldigitaldeasturias.com\/noticias\/wp-content\/uploads\/2017\/11\/1511283066_8-90x67.jpg 90w\" sizes=\"auto, (max-width: 360px) 100vw, 360px\" \/>Los precios de las viviendas terminadas, tanto nuevas como usadas, experimentaron un\u00a0<strong>aumento del 4,3 % en octubre de este a\u00f1o<\/strong>respecto al mes de octubre de 2016. Lo que se traduce en un punto m\u00e1s que el crecimiento registrado en el mes de septiembre, aunque, en el\u00a0<strong>conjunto global, se registra una disminuci\u00f3n del 38,4 % desde 2007\u00a0<\/strong>(a\u00f1o en el que se alcanzaron m\u00e1ximos hist\u00f3ricos, seg\u00fan los datos aportados por\u00a0<a href=\"https:\/\/www.tinsa.es\/precio-vivienda\/\" target=\"_blank\" rel=\"nofollow noopener\"><strong><span style=\"color: #ff6600;\">Tinsa IMIE<\/span><\/strong><\/a>\u00a0y contrastados con la base de datos de granmanzana.es).<\/p>\n<ul>\n<li>Entre los meses de enero y octubre de 2017, los precios de las viviendas registraron un aumento del 4,8 %, algo que contrasta con la subida del 2,2 % experimentada en los diez primeros meses de 2016.<\/li>\n<li>Las capitales y grandes ciudades han experimentado el mayor incremento durante el mes de octubre. En ellas, la subida es de un 6,4 %. En comparaci\u00f3n con el mismo mes de 2016 y respecto a los diez primeros del a\u00f1o, este aumento es del 7,3 %.<\/li>\n<li>Por su parte, el progreso tambi\u00e9n es positivo en otras \u00e1reas metropolitanas, cuya tasa interanual tiene una subida del 3,2 %. Por otro lado, los peque\u00f1os municipios han registrado una subida de un 2,3 % durante el \u00faltimo a\u00f1o.<\/li>\n<li>Tambi\u00e9n ha subido en torno a un 2% el precio de\u00a0alquiler para pisos y apartamentos<\/li>\n<\/ul>\n<p>El valor de las viviendas en las ciudades costeras del Mediterr\u00e1neo aument\u00f3 el 4,3 %. Mientras que en los peque\u00f1os municipios de la misma zona el incremento fue de un 2,5 %. Lo que significa que la tasa interanual aument\u00f3 en el Mediterr\u00e1neo un 1,9 %, si se compara con 2016. El valor de las\u00a0vivienda en venta en ciudades del interior como C\u00e1ceres\u00a0tambi\u00e9n ha experimentado un aumento de un 1.5%<\/p>\n<p><strong>Variaci\u00f3n desde los m\u00e1ximos de 2007<\/strong><\/p>\n<p>Desde\u00a0<strong>2007, cuando se registraron los m\u00e1ximos hist\u00f3ricos<\/strong>, el precio medio de la vivienda en nuestro pa\u00eds baj\u00f3 alrededor de dos d\u00e9cimas, hasta situarse en el 38,4 % durante el pasado mes de octubre. Aunque hay zonas donde se supera la media del pa\u00eds, como las capitales y grandes ciudades, las \u00e1reas metropolitanas y la zona mediterr\u00e1nea. En cambio, otras zonas manifiestan una variaci\u00f3n m\u00e1s peque\u00f1a respecto a 2007. Se trata de lugares m\u00e1s peque\u00f1os y con poblaciones agrupadas, donde se registr\u00f3 un ajuste del 35,4 %.<\/p>\n<p><strong>Precio de la vivienda por Comunidades Aut\u00f3nomas<\/strong><\/p>\n<p><strong>Catalu\u00f1a y\u00a0Madrid\u00a0son las Comunidades Aut\u00f3nomas donde m\u00e1s ha subido el precio de la vivienda<\/strong>. En la primera de ellas se experiment\u00f3 un aumento del 11,3 %, mientras que en la que alberga la capital este incremento fue del 9 %.<\/p>\n<p>Otras zonas, como\u00a0<strong>Galicia o Canarias, experimentan un crecimiento moderado<\/strong>, de un 2,5 %. A estas dos Comunidades Aut\u00f3nomas les siguen Arag\u00f3n,\u00a0Comunidad Valenciana, Andaluc\u00eda y Asturias, todas ellas con un incremento que ronda el 1 % respecto al a\u00f1o anterior.<\/p>\n<p>Comunidades Aut\u00f3nomas como Pa\u00eds Vasco, Murcia, Cantabria o Extremadura a\u00fan siguen sin sufrir un aumento desmesurado en el precio medio de las viviendas, si se compara con el mismo periodo de 2016.<\/p>\n","protected":false},"excerpt":{"rendered":"<p>Los precios de las viviendas terminadas, tanto nuevas como usadas, experimentaron un\u00a0aumento del 4,3 % en octubre de este a\u00f1orespecto al mes de octubre de 2016. Lo que se traduce en un punto m\u00e1s que el crecimiento registrado en el mes de septiembre, aunque, en el\u00a0conjunto global, se registra una disminuci\u00f3n del 38,4 % desde [&hellip;]<\/p>\n","protected":false},"author":1,"featured_media":961237,"comment_status":"closed","ping_status":"closed","sticky":false,"template":"","format":"standard","meta":{"footnotes":""},"categories":[187],"tags":[],"class_list":["post-961236","post","type-post","status-publish","format-standard","has-post-thumbnail","hentry","category-economia"],"aioseo_notices":[],"aioseo_head":"\n\t\t<!-- All in One SEO Pro 4.9.6.2 - aioseo.com -->\n\t<meta name=\"description\" content=\"Los precios de las viviendas terminadas, tanto nuevas como usadas, experimentaron un aumento del 4,3 % en octubre de este a\u00f1orespecto al mes de octubre de 2016. Lo que se traduce en un punto m\u00e1s que el crecimiento registrado en el mes de septiembre, aunque, en el conjunto global, se registra una disminuci\u00f3n del 38,4 % desde\" \/>\n\t<meta name=\"robots\" content=\"max-image-preview:large\" \/>\n\t<meta name=\"author\" content=\"El Digital de Asturias\"\/>\n\t<meta name=\"google-site-verification\" content=\"UA-38556648-1\" \/>\n\t<meta name=\"msvalidate.01\" content=\"7dfe9f3f1b24437ab69f4f2559babe99\" \/>\n\t<meta name=\"keywords\" content=\"econom\u00eda\" \/>\n\t<link rel=\"canonical\" href=\"https:\/\/www.eldigitaldeasturias.com\/noticias\/evolucion-de-los-precios-inmobiliarios-en-2017-por-granmanzana-es\/\" \/>\n\t<meta name=\"generator\" content=\"All in One SEO Pro (AIOSEO) 4.9.6.2\" \/>\n\t\t<meta property=\"og:locale\" content=\"es_ES\" \/>\n\t\t<meta property=\"og:site_name\" content=\"El Digital de Asturias\" \/>\n\t\t<meta property=\"og:type\" content=\"article\" \/>\n\t\t<meta property=\"og:title\" content=\"Evoluci\u00f3n de los precios inmobiliarios en 2017, Por GranManzana.es - El Digital de Asturias\" \/>\n\t\t<meta property=\"og:description\" content=\"Los precios de las viviendas terminadas, tanto nuevas como usadas, experimentaron un aumento del 4,3 % en octubre de este a\u00f1orespecto al mes de octubre de 2016. Lo que se traduce en un punto m\u00e1s que el crecimiento registrado en el mes de septiembre, aunque, en el conjunto global, se registra una disminuci\u00f3n del 38,4 % desde\" \/>\n\t\t<meta property=\"og:url\" content=\"https:\/\/www.eldigitaldeasturias.com\/noticias\/evolucion-de-los-precios-inmobiliarios-en-2017-por-granmanzana-es\/\" \/>\n\t\t<meta property=\"og:image\" content=\"https:\/\/www.eldigitaldeasturias.com\/noticias\/wp-content\/uploads\/2017\/11\/1511283066_8.jpg\" \/>\n\t\t<meta property=\"og:image:secure_url\" content=\"https:\/\/www.eldigitaldeasturias.com\/noticias\/wp-content\/uploads\/2017\/11\/1511283066_8.jpg\" \/>\n\t\t<meta property=\"og:image:width\" content=\"640\" \/>\n\t\t<meta property=\"og:image:height\" content=\"480\" \/>\n\t\t<meta property=\"article:tag\" content=\"econom\u00eda\" \/>\n\t\t<meta property=\"article:published_time\" content=\"2017-11-26T08:23:05+00:00\" \/>\n\t\t<meta property=\"article:modified_time\" content=\"2017-11-26T08:23:05+00:00\" \/>\n\t\t<meta property=\"article:publisher\" content=\"https:\/\/facebook.com\/eldigitaldeasturias\" \/>\n\t\t<meta name=\"twitter:card\" content=\"summary_large_image\" \/>\n\t\t<meta name=\"twitter:title\" content=\"Evoluci\u00f3n de los precios inmobiliarios en 2017, Por GranManzana.es - El Digital de Asturias\" \/>\n\t\t<meta name=\"twitter:description\" content=\"Los precios de las viviendas terminadas, tanto nuevas como usadas, experimentaron un aumento del 4,3 % en octubre de este a\u00f1orespecto al mes de octubre de 2016. Lo que se traduce en un punto m\u00e1s que el crecimiento registrado en el mes de septiembre, aunque, en el conjunto global, se registra una disminuci\u00f3n del 38,4 % desde\" \/>\n\t\t<meta name=\"twitter:image\" content=\"https:\/\/www.eldigitaldeasturias.com\/noticias\/wp-content\/uploads\/2017\/11\/1511283066_8.jpg\" \/>\n\t\t<meta name=\"twitter:label1\" content=\"Escrito por\" \/>\n\t\t<meta name=\"twitter:data1\" content=\"El Digital de Asturias\" \/>\n\t\t<meta name=\"twitter:label2\" content=\"Tiempo de lectura estimado\" \/>\n\t\t<meta name=\"twitter:data2\" content=\"3 minutos\" \/>\n\t\t<script type=\"application\/ld+json\" class=\"aioseo-schema\">\n\t\t\t{\"@context\":\"https:\\\/\\\/schema.org\",\"@graph\":[{\"@type\":\"BlogPosting\",\"@id\":\"https:\\\/\\\/www.eldigitaldeasturias.com\\\/noticias\\\/evolucion-de-los-precios-inmobiliarios-en-2017-por-granmanzana-es\\\/#blogposting\",\"name\":\"Evoluci\\u00f3n de los precios inmobiliarios en 2017, Por GranManzana.es - El Digital de Asturias\",\"headline\":\"Evoluci\\u00f3n de los precios inmobiliarios en 2017, Por GranManzana.es\",\"author\":{\"@id\":\"https:\\\/\\\/www.eldigitaldeasturias.com\\\/noticias\\\/author\\\/admin\\\/#author\"},\"publisher\":{\"@id\":\"https:\\\/\\\/www.eldigitaldeasturias.com\\\/noticias\\\/#organization\"},\"image\":{\"@type\":\"ImageObject\",\"url\":\"https:\\\/\\\/www.eldigitaldeasturias.com\\\/noticias\\\/wp-content\\\/uploads\\\/2017\\\/11\\\/1511283066_8.jpg\",\"width\":640,\"height\":480},\"datePublished\":\"2017-11-26T08:23:05+01:00\",\"dateModified\":\"2017-11-26T08:23:05+01:00\",\"inLanguage\":\"es-ES\",\"mainEntityOfPage\":{\"@id\":\"https:\\\/\\\/www.eldigitaldeasturias.com\\\/noticias\\\/evolucion-de-los-precios-inmobiliarios-en-2017-por-granmanzana-es\\\/#webpage\"},\"isPartOf\":{\"@id\":\"https:\\\/\\\/www.eldigitaldeasturias.com\\\/noticias\\\/evolucion-de-los-precios-inmobiliarios-en-2017-por-granmanzana-es\\\/#webpage\"},\"articleSection\":\"Econom\\u00eda\"},{\"@type\":\"BreadcrumbList\",\"@id\":\"https:\\\/\\\/www.eldigitaldeasturias.com\\\/noticias\\\/evolucion-de-los-precios-inmobiliarios-en-2017-por-granmanzana-es\\\/#breadcrumblist\",\"itemListElement\":[{\"@type\":\"ListItem\",\"@id\":\"https:\\\/\\\/www.eldigitaldeasturias.com\\\/noticias#listItem\",\"position\":1,\"name\":\"Home\",\"item\":\"https:\\\/\\\/www.eldigitaldeasturias.com\\\/noticias\",\"nextItem\":{\"@type\":\"ListItem\",\"@id\":\"https:\\\/\\\/www.eldigitaldeasturias.com\\\/noticias\\\/category\\\/economia\\\/#listItem\",\"name\":\"Econom\\u00eda\"}},{\"@type\":\"ListItem\",\"@id\":\"https:\\\/\\\/www.eldigitaldeasturias.com\\\/noticias\\\/category\\\/economia\\\/#listItem\",\"position\":2,\"name\":\"Econom\\u00eda\",\"item\":\"https:\\\/\\\/www.eldigitaldeasturias.com\\\/noticias\\\/category\\\/economia\\\/\",\"nextItem\":{\"@type\":\"ListItem\",\"@id\":\"https:\\\/\\\/www.eldigitaldeasturias.com\\\/noticias\\\/evolucion-de-los-precios-inmobiliarios-en-2017-por-granmanzana-es\\\/#listItem\",\"name\":\"Evoluci\\u00f3n de los precios inmobiliarios en 2017, Por GranManzana.es\"},\"previousItem\":{\"@type\":\"ListItem\",\"@id\":\"https:\\\/\\\/www.eldigitaldeasturias.com\\\/noticias#listItem\",\"name\":\"Home\"}},{\"@type\":\"ListItem\",\"@id\":\"https:\\\/\\\/www.eldigitaldeasturias.com\\\/noticias\\\/evolucion-de-los-precios-inmobiliarios-en-2017-por-granmanzana-es\\\/#listItem\",\"position\":3,\"name\":\"Evoluci\\u00f3n de los precios inmobiliarios en 2017, Por GranManzana.es\",\"previousItem\":{\"@type\":\"ListItem\",\"@id\":\"https:\\\/\\\/www.eldigitaldeasturias.com\\\/noticias\\\/category\\\/economia\\\/#listItem\",\"name\":\"Econom\\u00eda\"}}]},{\"@type\":\"Organization\",\"@id\":\"https:\\\/\\\/www.eldigitaldeasturias.com\\\/noticias\\\/#organization\",\"name\":\"El Digital de Asturias\",\"description\":\"Hemeroteca\",\"url\":\"https:\\\/\\\/www.eldigitaldeasturias.com\\\/noticias\\\/\",\"email\":\"info@eldigitaldeasturias.com\",\"telephone\":\"+34652131393\",\"logo\":{\"@type\":\"ImageObject\",\"url\":\"https:\\\/\\\/www.eldigitaldeasturias.com\\\/noticias\\\/wp-content\\\/uploads\\\/2020\\\/12\\\/EDA.jpg\",\"@id\":\"https:\\\/\\\/www.eldigitaldeasturias.com\\\/noticias\\\/evolucion-de-los-precios-inmobiliarios-en-2017-por-granmanzana-es\\\/#organizationLogo\",\"width\":649,\"height\":297},\"image\":{\"@id\":\"https:\\\/\\\/www.eldigitaldeasturias.com\\\/noticias\\\/evolucion-de-los-precios-inmobiliarios-en-2017-por-granmanzana-es\\\/#organizationLogo\"},\"sameAs\":[\"https:\\\/\\\/facebook.com\\\/eldigitaldeasturias\",\"https:\\\/\\\/www.youtube.com\\\/channel\\\/UCZP-2wLEB9Rv6erhFmqVnvg\"],\"address\":{\"@id\":\"https:\\\/\\\/www.eldigitaldeasturias.com\\\/noticias\\\/#postaladdress\",\"@type\":\"PostalAddress\",\"streetAddress\":\"san antonio 4,\",\"postalCode\":\"33430\",\"addressLocality\":\"Cand\\u00e1s\",\"addressRegion\":\"Asturias\",\"addressCountry\":\"ES\"}},{\"@type\":\"Person\",\"@id\":\"https:\\\/\\\/www.eldigitaldeasturias.com\\\/noticias\\\/author\\\/admin\\\/#author\",\"url\":\"https:\\\/\\\/www.eldigitaldeasturias.com\\\/noticias\\\/author\\\/admin\\\/\",\"name\":\"El Digital de Asturias\",\"image\":{\"@type\":\"ImageObject\",\"@id\":\"https:\\\/\\\/www.eldigitaldeasturias.com\\\/noticias\\\/evolucion-de-los-precios-inmobiliarios-en-2017-por-granmanzana-es\\\/#authorImage\",\"url\":\"https:\\\/\\\/www.eldigitaldeasturias.com\\\/noticias\\\/wp-content\\\/litespeed\\\/avatar\\\/18677e78aa0546b92d9dbf31ec7d7668.jpg?ver=1776685526\",\"width\":96,\"height\":96,\"caption\":\"El Digital de Asturias\"}},{\"@type\":\"WebPage\",\"@id\":\"https:\\\/\\\/www.eldigitaldeasturias.com\\\/noticias\\\/evolucion-de-los-precios-inmobiliarios-en-2017-por-granmanzana-es\\\/#webpage\",\"url\":\"https:\\\/\\\/www.eldigitaldeasturias.com\\\/noticias\\\/evolucion-de-los-precios-inmobiliarios-en-2017-por-granmanzana-es\\\/\",\"name\":\"Evoluci\\u00f3n de los precios inmobiliarios en 2017, Por GranManzana.es - El Digital de Asturias\",\"description\":\"Los precios de las viviendas terminadas, tanto nuevas como usadas, experimentaron un aumento del 4,3 % en octubre de este a\\u00f1orespecto al mes de octubre de 2016. Lo que se traduce en un punto m\\u00e1s que el crecimiento registrado en el mes de septiembre, aunque, en el conjunto global, se registra una disminuci\\u00f3n del 38,4 % desde\",\"inLanguage\":\"es-ES\",\"isPartOf\":{\"@id\":\"https:\\\/\\\/www.eldigitaldeasturias.com\\\/noticias\\\/#website\"},\"breadcrumb\":{\"@id\":\"https:\\\/\\\/www.eldigitaldeasturias.com\\\/noticias\\\/evolucion-de-los-precios-inmobiliarios-en-2017-por-granmanzana-es\\\/#breadcrumblist\"},\"author\":{\"@id\":\"https:\\\/\\\/www.eldigitaldeasturias.com\\\/noticias\\\/author\\\/admin\\\/#author\"},\"creator\":{\"@id\":\"https:\\\/\\\/www.eldigitaldeasturias.com\\\/noticias\\\/author\\\/admin\\\/#author\"},\"image\":{\"@type\":\"ImageObject\",\"url\":\"https:\\\/\\\/www.eldigitaldeasturias.com\\\/noticias\\\/wp-content\\\/uploads\\\/2017\\\/11\\\/1511283066_8.jpg\",\"@id\":\"https:\\\/\\\/www.eldigitaldeasturias.com\\\/noticias\\\/evolucion-de-los-precios-inmobiliarios-en-2017-por-granmanzana-es\\\/#mainImage\",\"width\":640,\"height\":480},\"primaryImageOfPage\":{\"@id\":\"https:\\\/\\\/www.eldigitaldeasturias.com\\\/noticias\\\/evolucion-de-los-precios-inmobiliarios-en-2017-por-granmanzana-es\\\/#mainImage\"},\"datePublished\":\"2017-11-26T08:23:05+01:00\",\"dateModified\":\"2017-11-26T08:23:05+01:00\"},{\"@type\":\"WebSite\",\"@id\":\"https:\\\/\\\/www.eldigitaldeasturias.com\\\/noticias\\\/#website\",\"url\":\"https:\\\/\\\/www.eldigitaldeasturias.com\\\/noticias\\\/\",\"name\":\"El Digital de Asturias - Diario de actualidad y noticias\",\"alternateName\":\"El Digital de Asturias - Diario de actualidad y noticias\",\"description\":\"Hemeroteca\",\"inLanguage\":\"es-ES\",\"publisher\":{\"@id\":\"https:\\\/\\\/www.eldigitaldeasturias.com\\\/noticias\\\/#organization\"}}]}\n\t\t<\/script>\n\t\t<!-- All in One SEO Pro -->\r\n\t\t<title>Evoluci\u00f3n de los precios inmobiliarios en 2017, Por GranManzana.es - El Digital de Asturias<\/title>\n\n","aioseo_head_json":{"title":"Evoluci\u00f3n de los precios inmobiliarios en 2017, Por GranManzana.es - El Digital de Asturias","description":"Los precios de las viviendas terminadas, tanto nuevas como usadas, experimentaron un aumento del 4,3 % en octubre de este a\u00f1orespecto al mes de octubre de 2016. Lo que se traduce en un punto m\u00e1s que el crecimiento registrado en el mes de septiembre, aunque, en el conjunto global, se registra una disminuci\u00f3n del 38,4 % desde","canonical_url":"https:\/\/www.eldigitaldeasturias.com\/noticias\/evolucion-de-los-precios-inmobiliarios-en-2017-por-granmanzana-es\/","robots":"max-image-preview:large","keywords":"econom\u00eda","webmasterTools":{"google-site-verification":"UA-38556648-1","msvalidate.01":"7dfe9f3f1b24437ab69f4f2559babe99","miscellaneous":""},"schema":{"@context":"https:\/\/schema.org","@graph":[{"@type":"BlogPosting","@id":"https:\/\/www.eldigitaldeasturias.com\/noticias\/evolucion-de-los-precios-inmobiliarios-en-2017-por-granmanzana-es\/#blogposting","name":"Evoluci\u00f3n de los precios inmobiliarios en 2017, Por GranManzana.es - El Digital de Asturias","headline":"Evoluci\u00f3n de los precios inmobiliarios en 2017, Por GranManzana.es","author":{"@id":"https:\/\/www.eldigitaldeasturias.com\/noticias\/author\/admin\/#author"},"publisher":{"@id":"https:\/\/www.eldigitaldeasturias.com\/noticias\/#organization"},"image":{"@type":"ImageObject","url":"https:\/\/www.eldigitaldeasturias.com\/noticias\/wp-content\/uploads\/2017\/11\/1511283066_8.jpg","width":640,"height":480},"datePublished":"2017-11-26T08:23:05+01:00","dateModified":"2017-11-26T08:23:05+01:00","inLanguage":"es-ES","mainEntityOfPage":{"@id":"https:\/\/www.eldigitaldeasturias.com\/noticias\/evolucion-de-los-precios-inmobiliarios-en-2017-por-granmanzana-es\/#webpage"},"isPartOf":{"@id":"https:\/\/www.eldigitaldeasturias.com\/noticias\/evolucion-de-los-precios-inmobiliarios-en-2017-por-granmanzana-es\/#webpage"},"articleSection":"Econom\u00eda"},{"@type":"BreadcrumbList","@id":"https:\/\/www.eldigitaldeasturias.com\/noticias\/evolucion-de-los-precios-inmobiliarios-en-2017-por-granmanzana-es\/#breadcrumblist","itemListElement":[{"@type":"ListItem","@id":"https:\/\/www.eldigitaldeasturias.com\/noticias#listItem","position":1,"name":"Home","item":"https:\/\/www.eldigitaldeasturias.com\/noticias","nextItem":{"@type":"ListItem","@id":"https:\/\/www.eldigitaldeasturias.com\/noticias\/category\/economia\/#listItem","name":"Econom\u00eda"}},{"@type":"ListItem","@id":"https:\/\/www.eldigitaldeasturias.com\/noticias\/category\/economia\/#listItem","position":2,"name":"Econom\u00eda","item":"https:\/\/www.eldigitaldeasturias.com\/noticias\/category\/economia\/","nextItem":{"@type":"ListItem","@id":"https:\/\/www.eldigitaldeasturias.com\/noticias\/evolucion-de-los-precios-inmobiliarios-en-2017-por-granmanzana-es\/#listItem","name":"Evoluci\u00f3n de los precios inmobiliarios en 2017, Por GranManzana.es"},"previousItem":{"@type":"ListItem","@id":"https:\/\/www.eldigitaldeasturias.com\/noticias#listItem","name":"Home"}},{"@type":"ListItem","@id":"https:\/\/www.eldigitaldeasturias.com\/noticias\/evolucion-de-los-precios-inmobiliarios-en-2017-por-granmanzana-es\/#listItem","position":3,"name":"Evoluci\u00f3n de los precios inmobiliarios en 2017, Por GranManzana.es","previousItem":{"@type":"ListItem","@id":"https:\/\/www.eldigitaldeasturias.com\/noticias\/category\/economia\/#listItem","name":"Econom\u00eda"}}]},{"@type":"Organization","@id":"https:\/\/www.eldigitaldeasturias.com\/noticias\/#organization","name":"El Digital de Asturias","description":"Hemeroteca","url":"https:\/\/www.eldigitaldeasturias.com\/noticias\/","email":"info@eldigitaldeasturias.com","telephone":"+34652131393","logo":{"@type":"ImageObject","url":"https:\/\/www.eldigitaldeasturias.com\/noticias\/wp-content\/uploads\/2020\/12\/EDA.jpg","@id":"https:\/\/www.eldigitaldeasturias.com\/noticias\/evolucion-de-los-precios-inmobiliarios-en-2017-por-granmanzana-es\/#organizationLogo","width":649,"height":297},"image":{"@id":"https:\/\/www.eldigitaldeasturias.com\/noticias\/evolucion-de-los-precios-inmobiliarios-en-2017-por-granmanzana-es\/#organizationLogo"},"sameAs":["https:\/\/facebook.com\/eldigitaldeasturias","https:\/\/www.youtube.com\/channel\/UCZP-2wLEB9Rv6erhFmqVnvg"],"address":{"@id":"https:\/\/www.eldigitaldeasturias.com\/noticias\/#postaladdress","@type":"PostalAddress","streetAddress":"san antonio 4,","postalCode":"33430","addressLocality":"Cand\u00e1s","addressRegion":"Asturias","addressCountry":"ES"}},{"@type":"Person","@id":"https:\/\/www.eldigitaldeasturias.com\/noticias\/author\/admin\/#author","url":"https:\/\/www.eldigitaldeasturias.com\/noticias\/author\/admin\/","name":"El Digital de Asturias","image":{"@type":"ImageObject","@id":"https:\/\/www.eldigitaldeasturias.com\/noticias\/evolucion-de-los-precios-inmobiliarios-en-2017-por-granmanzana-es\/#authorImage","url":"https:\/\/www.eldigitaldeasturias.com\/noticias\/wp-content\/litespeed\/avatar\/18677e78aa0546b92d9dbf31ec7d7668.jpg?ver=1776685526","width":96,"height":96,"caption":"El Digital de Asturias"}},{"@type":"WebPage","@id":"https:\/\/www.eldigitaldeasturias.com\/noticias\/evolucion-de-los-precios-inmobiliarios-en-2017-por-granmanzana-es\/#webpage","url":"https:\/\/www.eldigitaldeasturias.com\/noticias\/evolucion-de-los-precios-inmobiliarios-en-2017-por-granmanzana-es\/","name":"Evoluci\u00f3n de los precios inmobiliarios en 2017, Por GranManzana.es - El Digital de Asturias","description":"Los precios de las viviendas terminadas, tanto nuevas como usadas, experimentaron un aumento del 4,3 % en octubre de este a\u00f1orespecto al mes de octubre de 2016. Lo que se traduce en un punto m\u00e1s que el crecimiento registrado en el mes de septiembre, aunque, en el conjunto global, se registra una disminuci\u00f3n del 38,4 % desde","inLanguage":"es-ES","isPartOf":{"@id":"https:\/\/www.eldigitaldeasturias.com\/noticias\/#website"},"breadcrumb":{"@id":"https:\/\/www.eldigitaldeasturias.com\/noticias\/evolucion-de-los-precios-inmobiliarios-en-2017-por-granmanzana-es\/#breadcrumblist"},"author":{"@id":"https:\/\/www.eldigitaldeasturias.com\/noticias\/author\/admin\/#author"},"creator":{"@id":"https:\/\/www.eldigitaldeasturias.com\/noticias\/author\/admin\/#author"},"image":{"@type":"ImageObject","url":"https:\/\/www.eldigitaldeasturias.com\/noticias\/wp-content\/uploads\/2017\/11\/1511283066_8.jpg","@id":"https:\/\/www.eldigitaldeasturias.com\/noticias\/evolucion-de-los-precios-inmobiliarios-en-2017-por-granmanzana-es\/#mainImage","width":640,"height":480},"primaryImageOfPage":{"@id":"https:\/\/www.eldigitaldeasturias.com\/noticias\/evolucion-de-los-precios-inmobiliarios-en-2017-por-granmanzana-es\/#mainImage"},"datePublished":"2017-11-26T08:23:05+01:00","dateModified":"2017-11-26T08:23:05+01:00"},{"@type":"WebSite","@id":"https:\/\/www.eldigitaldeasturias.com\/noticias\/#website","url":"https:\/\/www.eldigitaldeasturias.com\/noticias\/","name":"El Digital de Asturias - Diario de actualidad y noticias","alternateName":"El Digital de Asturias - Diario de actualidad y noticias","description":"Hemeroteca","inLanguage":"es-ES","publisher":{"@id":"https:\/\/www.eldigitaldeasturias.com\/noticias\/#organization"}}]},"og:locale":"es_ES","og:site_name":"El Digital de Asturias","og:type":"article","og:title":"Evoluci\u00f3n de los precios inmobiliarios en 2017, Por GranManzana.es - El Digital de Asturias","og:description":"Los precios de las viviendas terminadas, tanto nuevas como usadas, experimentaron un aumento del 4,3 % en octubre de este a\u00f1orespecto al mes de octubre de 2016. Lo que se traduce en un punto m\u00e1s que el crecimiento registrado en el mes de septiembre, aunque, en el conjunto global, se registra una disminuci\u00f3n del 38,4 % desde","og:url":"https:\/\/www.eldigitaldeasturias.com\/noticias\/evolucion-de-los-precios-inmobiliarios-en-2017-por-granmanzana-es\/","og:image":"https:\/\/www.eldigitaldeasturias.com\/noticias\/wp-content\/uploads\/2017\/11\/1511283066_8.jpg","og:image:secure_url":"https:\/\/www.eldigitaldeasturias.com\/noticias\/wp-content\/uploads\/2017\/11\/1511283066_8.jpg","og:image:width":640,"og:image:height":480,"article:tag":["econom\u00eda"],"article:published_time":"2017-11-26T08:23:05+00:00","article:modified_time":"2017-11-26T08:23:05+00:00","article:publisher":"https:\/\/facebook.com\/eldigitaldeasturias","twitter:card":"summary_large_image","twitter:title":"Evoluci\u00f3n de los precios inmobiliarios en 2017, Por GranManzana.es - El Digital de Asturias","twitter:description":"Los precios de las viviendas terminadas, tanto nuevas como usadas, experimentaron un aumento del 4,3 % en octubre de este a\u00f1orespecto al mes de octubre de 2016. Lo que se traduce en un punto m\u00e1s que el crecimiento registrado en el mes de septiembre, aunque, en el conjunto global, se registra una disminuci\u00f3n del 38,4 % desde","twitter:image":"https:\/\/www.eldigitaldeasturias.com\/noticias\/wp-content\/uploads\/2017\/11\/1511283066_8.jpg","twitter:label1":"Escrito por","twitter:data1":"El Digital de Asturias","twitter:label2":"Tiempo de lectura estimado","twitter:data2":"3 minutos"},"aioseo_meta_data":{"post_id":"961236","title":null,"description":null,"keywords":null,"keyphrases":null,"primary_term":null,"canonical_url":null,"og_title":null,"og_description":null,"og_object_type":"default","og_image_type":"default","og_image_url":null,"og_image_width":null,"og_image_height":null,"og_image_custom_url":null,"og_image_custom_fields":null,"og_video":null,"og_custom_url":null,"og_article_section":null,"og_article_tags":null,"twitter_use_og":false,"twitter_card":"default","twitter_image_type":"default","twitter_image_url":null,"twitter_image_custom_url":null,"twitter_image_custom_fields":null,"twitter_title":null,"twitter_description":null,"schema":{"blockGraphs":[],"customGraphs":[],"default":{"data":{"Article":[],"Course":[],"Dataset":[],"FAQPage":[],"Movie":[],"Person":[],"Product":[],"ProductReview":[],"Car":[],"Recipe":[],"Service":[],"SoftwareApplication":[],"WebPage":[]},"graphName":"","isEnabled":true},"graphs":[]},"schema_type":null,"schema_type_options":null,"pillar_content":false,"robots_default":true,"robots_noindex":false,"robots_noarchive":false,"robots_nosnippet":false,"robots_nofollow":false,"robots_noimageindex":false,"robots_noodp":false,"robots_notranslate":false,"robots_max_snippet":null,"robots_max_videopreview":null,"robots_max_imagepreview":"large","priority":null,"frequency":null,"local_seo":null,"seo_analyzer_scan_date":"2025-12-07 08:15:10","breadcrumb_settings":null,"limit_modified_date":false,"open_ai":null,"ai":null,"created":"2020-12-21 12:49:37","updated":"2025-12-07 08:15:10"},"aioseo_breadcrumb":"<div class=\"aioseo-breadcrumbs\"><span class=\"aioseo-breadcrumb\">\n\t<a href=\"https:\/\/www.eldigitaldeasturias.com\/noticias\" title=\"Home\">Home<\/a>\n<\/span><span class=\"aioseo-breadcrumb-separator\">\u2013<\/span><span class=\"aioseo-breadcrumb\">\n\t<a href=\"https:\/\/www.eldigitaldeasturias.com\/noticias\/category\/economia\/\" title=\"Econom\u00eda\">Econom\u00eda<\/a>\n<\/span><span class=\"aioseo-breadcrumb-separator\">\u2013<\/span><span class=\"aioseo-breadcrumb\">\n\t<a href=\"https:\/\/www.eldigitaldeasturias.com\/noticias\/evolucion-de-los-precios-inmobiliarios-en-2017-por-granmanzana-es\/\" title=\"Evoluci\u00f3n de los precios inmobiliarios en 2017, Por GranManzana.es\">Evoluci\u00f3n de los precios inmobiliarios en 2017, Por GranManzana.es<\/a>\n<\/span><\/div>","aioseo_breadcrumb_json":[{"label":"Home","link":"https:\/\/www.eldigitaldeasturias.com\/noticias"},{"label":"Econom\u00eda","link":"https:\/\/www.eldigitaldeasturias.com\/noticias\/category\/economia\/"},{"label":"Evoluci\u00f3n de los precios inmobiliarios en 2017, Por GranManzana.es","link":"https:\/\/www.eldigitaldeasturias.com\/noticias\/evolucion-de-los-precios-inmobiliarios-en-2017-por-granmanzana-es\/"}],"_links":{"self":[{"href":"https:\/\/www.eldigitaldeasturias.com\/noticias\/wp-json\/wp\/v2\/posts\/961236","targetHints":{"allow":["GET"]}}],"collection":[{"href":"https:\/\/www.eldigitaldeasturias.com\/noticias\/wp-json\/wp\/v2\/posts"}],"about":[{"href":"https:\/\/www.eldigitaldeasturias.com\/noticias\/wp-json\/wp\/v2\/types\/post"}],"author":[{"embeddable":true,"href":"https:\/\/www.eldigitaldeasturias.com\/noticias\/wp-json\/wp\/v2\/users\/1"}],"replies":[{"embeddable":true,"href":"https:\/\/www.eldigitaldeasturias.com\/noticias\/wp-json\/wp\/v2\/comments?post=961236"}],"version-history":[{"count":0,"href":"https:\/\/www.eldigitaldeasturias.com\/noticias\/wp-json\/wp\/v2\/posts\/961236\/revisions"}],"wp:featuredmedia":[{"embeddable":true,"href":"https:\/\/www.eldigitaldeasturias.com\/noticias\/wp-json\/wp\/v2\/media\/961237"}],"wp:attachment":[{"href":"https:\/\/www.eldigitaldeasturias.com\/noticias\/wp-json\/wp\/v2\/media?parent=961236"}],"wp:term":[{"taxonomy":"category","embeddable":true,"href":"https:\/\/www.eldigitaldeasturias.com\/noticias\/wp-json\/wp\/v2\/categories?post=961236"},{"taxonomy":"post_tag","embeddable":true,"href":"https:\/\/www.eldigitaldeasturias.com\/noticias\/wp-json\/wp\/v2\/tags?post=961236"}],"curies":[{"name":"wp","href":"https:\/\/api.w.org\/{rel}","templated":true}]}}