{"id":961221,"date":"2017-11-25T21:23:42","date_gmt":"2017-11-25T21:23:42","guid":{"rendered":"http:\/\/www.eldigitaldeasturias.com\/noticias\/?p=961221"},"modified":"2017-11-25T21:23:42","modified_gmt":"2017-11-25T21:23:42","slug":"cinco-anos-de-prision-por-abusar-de-la-nina-de-ocho-anos-con-la-que-convivia","status":"publish","type":"post","link":"https:\/\/www.eldigitaldeasturias.com\/noticias\/cinco-anos-de-prision-por-abusar-de-la-nina-de-ocho-anos-con-la-que-convivia\/","title":{"rendered":"Cinco a\u00f1os de prisi\u00f3n por abusar de la ni\u00f1a de ocho a\u00f1os con la que conviv\u00eda"},"content":{"rendered":"<p><img loading=\"lazy\" decoding=\"async\" class=\"alignleft size-medium wp-image-921281\" src=\"https:\/\/www.eldigitaldeasturias.com\/noticias\/wp-content\/uploads\/2017\/01\/juzgado-360x270.jpg\" alt=\"\" width=\"360\" height=\"270\" \/>La Secci\u00f3n Sexta de la Audiencia Provincial de A Coru\u00f1a, con sede en Santiago, ha condenado a cinco a\u00f1os de prisi\u00f3n a un hombre por un delito continuado de abuso sexual cometido sobre una ni\u00f1a de ocho a\u00f1os con la que conviv\u00eda.<\/p>\n<p>La Sala considera probado por el relato de la v\u00edctima, que el acusado se aprovech\u00f3 de la confianza que la ni\u00f1a ten\u00eda en \u00e9l para conseguir que le hiciese tocamientos. Adem\u00e1s de la pena de prisi\u00f3n, el tribunal le proh\u00edbe aproximarse o comunicarse con la v\u00edctima por un periodo de siete a\u00f1os y le impone la obligaci\u00f3n de indemnizarla en 4.000 euros.<\/p>\n","protected":false},"excerpt":{"rendered":"<p>La Secci\u00f3n Sexta de la Audiencia Provincial de A Coru\u00f1a, con sede en Santiago, ha condenado a cinco a\u00f1os de prisi\u00f3n a un hombre por un delito continuado de abuso sexual cometido sobre una ni\u00f1a de ocho a\u00f1os con la que conviv\u00eda. La Sala considera probado por el relato de la v\u00edctima, que el acusado [&hellip;]<\/p>\n","protected":false},"author":1,"featured_media":921281,"comment_status":"closed","ping_status":"closed","sticky":false,"template":"","format":"standard","meta":{"footnotes":""},"categories":[1],"tags":[],"class_list":["post-961221","post","type-post","status-publish","format-standard","has-post-thumbnail","hentry","category-actualidad"],"aioseo_notices":[],"aioseo_head":"\n\t\t<!-- All in One SEO Pro 5.0.1 - aioseo.com -->\n\t<meta name=\"description\" content=\"La Secci\u00f3n Sexta de la Audiencia Provincial de A Coru\u00f1a, con sede en Santiago, ha condenado a cinco a\u00f1os de prisi\u00f3n a un hombre por un delito continuado de abuso sexual cometido sobre una ni\u00f1a de ocho a\u00f1os con la que conviv\u00eda. La Sala considera probado por el relato de la v\u00edctima, que el acusado\" \/>\n\t<meta name=\"robots\" content=\"max-image-preview:large\" \/>\n\t<meta name=\"author\" content=\"El Digital de Asturias\"\/>\n\t<meta name=\"google-site-verification\" content=\"UA-38556648-1\" \/>\n\t<meta name=\"msvalidate.01\" content=\"7dfe9f3f1b24437ab69f4f2559babe99\" \/>\n\t<meta name=\"keywords\" content=\"actualidad\" \/>\n\t<link rel=\"canonical\" href=\"https:\/\/www.eldigitaldeasturias.com\/noticias\/cinco-anos-de-prision-por-abusar-de-la-nina-de-ocho-anos-con-la-que-convivia\/\" \/>\n\t<meta name=\"generator\" content=\"All in One SEO Pro (AIOSEO) 5.0.1\" \/>\n\t\t<meta property=\"og:locale\" content=\"es_ES\" \/>\n\t\t<meta property=\"og:site_name\" content=\"El Digital de Asturias\" \/>\n\t\t<meta property=\"og:type\" content=\"article\" \/>\n\t\t<meta property=\"og:title\" content=\"Cinco a\u00f1os de prisi\u00f3n por abusar de la ni\u00f1a de ocho a\u00f1os con la que conviv\u00eda - El Digital de Asturias\" \/>\n\t\t<meta property=\"og:description\" content=\"La Secci\u00f3n Sexta de la Audiencia Provincial de A Coru\u00f1a, con sede en Santiago, ha condenado a cinco a\u00f1os de prisi\u00f3n a un hombre por un delito continuado de abuso sexual cometido sobre una ni\u00f1a de ocho a\u00f1os con la que conviv\u00eda. La Sala considera probado por el relato de la v\u00edctima, que el acusado\" \/>\n\t\t<meta property=\"og:url\" content=\"https:\/\/www.eldigitaldeasturias.com\/noticias\/cinco-anos-de-prision-por-abusar-de-la-nina-de-ocho-anos-con-la-que-convivia\/\" \/>\n\t\t<meta property=\"article:tag\" content=\"actualidad\" \/>\n\t\t<meta property=\"article:published_time\" content=\"2017-11-25T21:23:42+00:00\" \/>\n\t\t<meta property=\"article:modified_time\" content=\"2017-11-25T21:23:42+00:00\" \/>\n\t\t<meta property=\"article:publisher\" content=\"https:\/\/facebook.com\/eldigitaldeasturias\" \/>\n\t\t<meta name=\"twitter:card\" content=\"summary_large_image\" \/>\n\t\t<meta name=\"twitter:title\" content=\"Cinco a\u00f1os de prisi\u00f3n por abusar de la ni\u00f1a de ocho a\u00f1os con la que conviv\u00eda - El Digital de Asturias\" \/>\n\t\t<meta name=\"twitter:description\" content=\"La Secci\u00f3n Sexta de la Audiencia Provincial de A Coru\u00f1a, con sede en Santiago, ha condenado a cinco a\u00f1os de prisi\u00f3n a un hombre por un delito continuado de abuso sexual cometido sobre una ni\u00f1a de ocho a\u00f1os con la que conviv\u00eda. La Sala considera probado por el relato de la v\u00edctima, que el acusado\" \/>\n\t\t<meta name=\"twitter:image\" content=\"https:\/\/www.eldigitaldeasturias.com\/noticias\/wp-content\/uploads\/2020\/12\/EDA-1.jpg\" \/>\n\t\t<meta name=\"twitter:label1\" content=\"Escrito por\" \/>\n\t\t<meta name=\"twitter:data1\" content=\"El Digital de Asturias\" \/>\n\t\t<meta name=\"twitter:label2\" content=\"Tiempo de lectura estimado\" \/>\n\t\t<meta name=\"twitter:data2\" content=\"1 minuto\" \/>\n\t\t<script type=\"application\/ld+json\" class=\"aioseo-schema\">\n\t\t\t{\"@context\":\"https:\\\/\\\/schema.org\",\"@graph\":[{\"@type\":\"BlogPosting\",\"@id\":\"https:\\\/\\\/www.eldigitaldeasturias.com\\\/noticias\\\/cinco-anos-de-prision-por-abusar-de-la-nina-de-ocho-anos-con-la-que-convivia\\\/#blogposting\",\"name\":\"Cinco a\\u00f1os de prisi\\u00f3n por abusar de la ni\\u00f1a de ocho a\\u00f1os con la que conviv\\u00eda - El Digital de Asturias\",\"headline\":\"Cinco a\\u00f1os de prisi\\u00f3n por abusar de la ni\\u00f1a de ocho a\\u00f1os con la que conviv\\u00eda\",\"author\":{\"@id\":\"https:\\\/\\\/www.eldigitaldeasturias.com\\\/noticias\\\/author\\\/admin\\\/#author\"},\"publisher\":{\"@id\":\"https:\\\/\\\/www.eldigitaldeasturias.com\\\/noticias\\\/#organization\"},\"image\":{\"@type\":\"ImageObject\",\"url\":921281},\"datePublished\":\"2017-11-25T21:23:42+01:00\",\"dateModified\":\"2017-11-25T21:23:42+01:00\",\"inLanguage\":\"es-ES\",\"mainEntityOfPage\":{\"@id\":\"https:\\\/\\\/www.eldigitaldeasturias.com\\\/noticias\\\/cinco-anos-de-prision-por-abusar-de-la-nina-de-ocho-anos-con-la-que-convivia\\\/#webpage\"},\"isPartOf\":{\"@id\":\"https:\\\/\\\/www.eldigitaldeasturias.com\\\/noticias\\\/cinco-anos-de-prision-por-abusar-de-la-nina-de-ocho-anos-con-la-que-convivia\\\/#webpage\"},\"articleSection\":\"Actualidad\"},{\"@type\":\"BreadcrumbList\",\"@id\":\"https:\\\/\\\/www.eldigitaldeasturias.com\\\/noticias\\\/cinco-anos-de-prision-por-abusar-de-la-nina-de-ocho-anos-con-la-que-convivia\\\/#breadcrumblist\",\"itemListElement\":[{\"@type\":\"ListItem\",\"@id\":\"https:\\\/\\\/www.eldigitaldeasturias.com\\\/noticias#listItem\",\"position\":1,\"name\":\"Home\",\"item\":\"https:\\\/\\\/www.eldigitaldeasturias.com\\\/noticias\",\"nextItem\":{\"@type\":\"ListItem\",\"@id\":\"https:\\\/\\\/www.eldigitaldeasturias.com\\\/noticias\\\/category\\\/actualidad\\\/#listItem\",\"name\":\"Actualidad\"}},{\"@type\":\"ListItem\",\"@id\":\"https:\\\/\\\/www.eldigitaldeasturias.com\\\/noticias\\\/category\\\/actualidad\\\/#listItem\",\"position\":2,\"name\":\"Actualidad\",\"item\":\"https:\\\/\\\/www.eldigitaldeasturias.com\\\/noticias\\\/category\\\/actualidad\\\/\",\"nextItem\":{\"@type\":\"ListItem\",\"@id\":\"https:\\\/\\\/www.eldigitaldeasturias.com\\\/noticias\\\/cinco-anos-de-prision-por-abusar-de-la-nina-de-ocho-anos-con-la-que-convivia\\\/#listItem\",\"name\":\"Cinco a\\u00f1os de prisi\\u00f3n por abusar de la ni\\u00f1a de ocho a\\u00f1os con la que conviv\\u00eda\"},\"previousItem\":{\"@type\":\"ListItem\",\"@id\":\"https:\\\/\\\/www.eldigitaldeasturias.com\\\/noticias#listItem\",\"name\":\"Home\"}},{\"@type\":\"ListItem\",\"@id\":\"https:\\\/\\\/www.eldigitaldeasturias.com\\\/noticias\\\/cinco-anos-de-prision-por-abusar-de-la-nina-de-ocho-anos-con-la-que-convivia\\\/#listItem\",\"position\":3,\"name\":\"Cinco a\\u00f1os de prisi\\u00f3n por abusar de la ni\\u00f1a de ocho a\\u00f1os con la que conviv\\u00eda\",\"previousItem\":{\"@type\":\"ListItem\",\"@id\":\"https:\\\/\\\/www.eldigitaldeasturias.com\\\/noticias\\\/category\\\/actualidad\\\/#listItem\",\"name\":\"Actualidad\"}}]},{\"@type\":\"Organization\",\"@id\":\"https:\\\/\\\/www.eldigitaldeasturias.com\\\/noticias\\\/#organization\",\"name\":\"El Digital de Asturias\",\"description\":\"Hemeroteca\",\"url\":\"https:\\\/\\\/www.eldigitaldeasturias.com\\\/noticias\\\/\",\"email\":\"info@eldigitaldeasturias.com\",\"telephone\":\"+34652131393\",\"logo\":{\"@type\":\"ImageObject\",\"url\":\"https:\\\/\\\/www.eldigitaldeasturias.com\\\/noticias\\\/wp-content\\\/uploads\\\/2020\\\/12\\\/EDA.jpg\",\"@id\":\"https:\\\/\\\/www.eldigitaldeasturias.com\\\/noticias\\\/cinco-anos-de-prision-por-abusar-de-la-nina-de-ocho-anos-con-la-que-convivia\\\/#organizationLogo\"},\"image\":{\"@id\":\"https:\\\/\\\/www.eldigitaldeasturias.com\\\/noticias\\\/cinco-anos-de-prision-por-abusar-de-la-nina-de-ocho-anos-con-la-que-convivia\\\/#organizationLogo\"},\"sameAs\":[\"https:\\\/\\\/facebook.com\\\/eldigitaldeasturias\",\"https:\\\/\\\/www.youtube.com\\\/channel\\\/UCZP-2wLEB9Rv6erhFmqVnvg\"],\"address\":{\"@id\":\"https:\\\/\\\/www.eldigitaldeasturias.com\\\/noticias\\\/#postaladdress\",\"@type\":\"PostalAddress\",\"streetAddress\":\"san antonio 4\",\"postalCode\":\"33430\",\"addressLocality\":\"Cand\\u00e1s\",\"addressRegion\":\"Asturias\",\"addressCountry\":\"ES\"}},{\"@type\":\"Person\",\"@id\":\"https:\\\/\\\/www.eldigitaldeasturias.com\\\/noticias\\\/author\\\/admin\\\/#author\",\"url\":\"https:\\\/\\\/www.eldigitaldeasturias.com\\\/noticias\\\/author\\\/admin\\\/\",\"name\":\"El Digital de Asturias\",\"image\":{\"@type\":\"ImageObject\",\"@id\":\"https:\\\/\\\/www.eldigitaldeasturias.com\\\/noticias\\\/cinco-anos-de-prision-por-abusar-de-la-nina-de-ocho-anos-con-la-que-convivia\\\/#authorImage\",\"url\":\"https:\\\/\\\/secure.gravatar.com\\\/avatar\\\/df2aeffc32bcd13f8d26072ef8a91b623d677766deac7f97ca815868cd41bf5e?s=96&d=mm&r=g\",\"width\":96,\"height\":96,\"caption\":\"El Digital de Asturias\"}},{\"@type\":\"WebPage\",\"@id\":\"https:\\\/\\\/www.eldigitaldeasturias.com\\\/noticias\\\/cinco-anos-de-prision-por-abusar-de-la-nina-de-ocho-anos-con-la-que-convivia\\\/#webpage\",\"url\":\"https:\\\/\\\/www.eldigitaldeasturias.com\\\/noticias\\\/cinco-anos-de-prision-por-abusar-de-la-nina-de-ocho-anos-con-la-que-convivia\\\/\",\"name\":\"Cinco a\\u00f1os de prisi\\u00f3n por abusar de la ni\\u00f1a de ocho a\\u00f1os con la que conviv\\u00eda - El Digital de Asturias\",\"description\":\"La Secci\\u00f3n Sexta de la Audiencia Provincial de A Coru\\u00f1a, con sede en Santiago, ha condenado a cinco a\\u00f1os de prisi\\u00f3n a un hombre por un delito continuado de abuso sexual cometido sobre una ni\\u00f1a de ocho a\\u00f1os con la que conviv\\u00eda. La Sala considera probado por el relato de la v\\u00edctima, que el acusado\",\"inLanguage\":\"es-ES\",\"isPartOf\":{\"@id\":\"https:\\\/\\\/www.eldigitaldeasturias.com\\\/noticias\\\/#website\"},\"breadcrumb\":{\"@id\":\"https:\\\/\\\/www.eldigitaldeasturias.com\\\/noticias\\\/cinco-anos-de-prision-por-abusar-de-la-nina-de-ocho-anos-con-la-que-convivia\\\/#breadcrumblist\"},\"author\":{\"@id\":\"https:\\\/\\\/www.eldigitaldeasturias.com\\\/noticias\\\/author\\\/admin\\\/#author\"},\"creator\":{\"@id\":\"https:\\\/\\\/www.eldigitaldeasturias.com\\\/noticias\\\/author\\\/admin\\\/#author\"},\"image\":{\"@type\":\"ImageObject\",\"url\":921281,\"@id\":\"https:\\\/\\\/www.eldigitaldeasturias.com\\\/noticias\\\/cinco-anos-de-prision-por-abusar-de-la-nina-de-ocho-anos-con-la-que-convivia\\\/#mainImage\"},\"primaryImageOfPage\":{\"@id\":\"https:\\\/\\\/www.eldigitaldeasturias.com\\\/noticias\\\/cinco-anos-de-prision-por-abusar-de-la-nina-de-ocho-anos-con-la-que-convivia\\\/#mainImage\"},\"datePublished\":\"2017-11-25T21:23:42+01:00\",\"dateModified\":\"2017-11-25T21:23:42+01:00\"},{\"@type\":\"WebSite\",\"@id\":\"https:\\\/\\\/www.eldigitaldeasturias.com\\\/noticias\\\/#website\",\"url\":\"https:\\\/\\\/www.eldigitaldeasturias.com\\\/noticias\\\/\",\"name\":\"El Digital de Asturias - Diario de actualidad y noticias\",\"alternateName\":\"El Digital de Asturias - Diario de actualidad y noticias\",\"description\":\"Hemeroteca\",\"inLanguage\":\"es-ES\",\"publisher\":{\"@id\":\"https:\\\/\\\/www.eldigitaldeasturias.com\\\/noticias\\\/#organization\"}}]}\n\t\t<\/script>\n\t\t<!-- All in One SEO Pro -->\r\n\t\t<title>Cinco a\u00f1os de prisi\u00f3n por abusar de la ni\u00f1a de ocho a\u00f1os con la que conviv\u00eda - El Digital de Asturias<\/title>\n\n","aioseo_head_json":{"title":"Cinco a\u00f1os de prisi\u00f3n por abusar de la ni\u00f1a de ocho a\u00f1os con la que conviv\u00eda - El Digital de Asturias","description":"La Secci\u00f3n Sexta de la Audiencia Provincial de A Coru\u00f1a, con sede en Santiago, ha condenado a cinco a\u00f1os de prisi\u00f3n a un hombre por un delito continuado de abuso sexual cometido sobre una ni\u00f1a de ocho a\u00f1os con la que conviv\u00eda. La Sala considera probado por el relato de la v\u00edctima, que el acusado","canonical_url":"https:\/\/www.eldigitaldeasturias.com\/noticias\/cinco-anos-de-prision-por-abusar-de-la-nina-de-ocho-anos-con-la-que-convivia\/","robots":"max-image-preview:large","keywords":"actualidad","webmasterTools":{"google-site-verification":"UA-38556648-1","msvalidate.01":"7dfe9f3f1b24437ab69f4f2559babe99","miscellaneous":""},"schema":{"@context":"https:\/\/schema.org","@graph":[{"@type":"BlogPosting","@id":"https:\/\/www.eldigitaldeasturias.com\/noticias\/cinco-anos-de-prision-por-abusar-de-la-nina-de-ocho-anos-con-la-que-convivia\/#blogposting","name":"Cinco a\u00f1os de prisi\u00f3n por abusar de la ni\u00f1a de ocho a\u00f1os con la que conviv\u00eda - El Digital de Asturias","headline":"Cinco a\u00f1os de prisi\u00f3n por abusar de la ni\u00f1a de ocho a\u00f1os con la que conviv\u00eda","author":{"@id":"https:\/\/www.eldigitaldeasturias.com\/noticias\/author\/admin\/#author"},"publisher":{"@id":"https:\/\/www.eldigitaldeasturias.com\/noticias\/#organization"},"image":{"@type":"ImageObject","url":921281},"datePublished":"2017-11-25T21:23:42+01:00","dateModified":"2017-11-25T21:23:42+01:00","inLanguage":"es-ES","mainEntityOfPage":{"@id":"https:\/\/www.eldigitaldeasturias.com\/noticias\/cinco-anos-de-prision-por-abusar-de-la-nina-de-ocho-anos-con-la-que-convivia\/#webpage"},"isPartOf":{"@id":"https:\/\/www.eldigitaldeasturias.com\/noticias\/cinco-anos-de-prision-por-abusar-de-la-nina-de-ocho-anos-con-la-que-convivia\/#webpage"},"articleSection":"Actualidad"},{"@type":"BreadcrumbList","@id":"https:\/\/www.eldigitaldeasturias.com\/noticias\/cinco-anos-de-prision-por-abusar-de-la-nina-de-ocho-anos-con-la-que-convivia\/#breadcrumblist","itemListElement":[{"@type":"ListItem","@id":"https:\/\/www.eldigitaldeasturias.com\/noticias#listItem","position":1,"name":"Home","item":"https:\/\/www.eldigitaldeasturias.com\/noticias","nextItem":{"@type":"ListItem","@id":"https:\/\/www.eldigitaldeasturias.com\/noticias\/category\/actualidad\/#listItem","name":"Actualidad"}},{"@type":"ListItem","@id":"https:\/\/www.eldigitaldeasturias.com\/noticias\/category\/actualidad\/#listItem","position":2,"name":"Actualidad","item":"https:\/\/www.eldigitaldeasturias.com\/noticias\/category\/actualidad\/","nextItem":{"@type":"ListItem","@id":"https:\/\/www.eldigitaldeasturias.com\/noticias\/cinco-anos-de-prision-por-abusar-de-la-nina-de-ocho-anos-con-la-que-convivia\/#listItem","name":"Cinco a\u00f1os de prisi\u00f3n por abusar de la ni\u00f1a de ocho a\u00f1os con la que conviv\u00eda"},"previousItem":{"@type":"ListItem","@id":"https:\/\/www.eldigitaldeasturias.com\/noticias#listItem","name":"Home"}},{"@type":"ListItem","@id":"https:\/\/www.eldigitaldeasturias.com\/noticias\/cinco-anos-de-prision-por-abusar-de-la-nina-de-ocho-anos-con-la-que-convivia\/#listItem","position":3,"name":"Cinco a\u00f1os de prisi\u00f3n por abusar de la ni\u00f1a de ocho a\u00f1os con la que conviv\u00eda","previousItem":{"@type":"ListItem","@id":"https:\/\/www.eldigitaldeasturias.com\/noticias\/category\/actualidad\/#listItem","name":"Actualidad"}}]},{"@type":"Organization","@id":"https:\/\/www.eldigitaldeasturias.com\/noticias\/#organization","name":"El Digital de Asturias","description":"Hemeroteca","url":"https:\/\/www.eldigitaldeasturias.com\/noticias\/","email":"info@eldigitaldeasturias.com","telephone":"+34652131393","logo":{"@type":"ImageObject","url":"https:\/\/www.eldigitaldeasturias.com\/noticias\/wp-content\/uploads\/2020\/12\/EDA.jpg","@id":"https:\/\/www.eldigitaldeasturias.com\/noticias\/cinco-anos-de-prision-por-abusar-de-la-nina-de-ocho-anos-con-la-que-convivia\/#organizationLogo"},"image":{"@id":"https:\/\/www.eldigitaldeasturias.com\/noticias\/cinco-anos-de-prision-por-abusar-de-la-nina-de-ocho-anos-con-la-que-convivia\/#organizationLogo"},"sameAs":["https:\/\/facebook.com\/eldigitaldeasturias","https:\/\/www.youtube.com\/channel\/UCZP-2wLEB9Rv6erhFmqVnvg"],"address":{"@id":"https:\/\/www.eldigitaldeasturias.com\/noticias\/#postaladdress","@type":"PostalAddress","streetAddress":"san antonio 4","postalCode":"33430","addressLocality":"Cand\u00e1s","addressRegion":"Asturias","addressCountry":"ES"}},{"@type":"Person","@id":"https:\/\/www.eldigitaldeasturias.com\/noticias\/author\/admin\/#author","url":"https:\/\/www.eldigitaldeasturias.com\/noticias\/author\/admin\/","name":"El Digital de Asturias","image":{"@type":"ImageObject","@id":"https:\/\/www.eldigitaldeasturias.com\/noticias\/cinco-anos-de-prision-por-abusar-de-la-nina-de-ocho-anos-con-la-que-convivia\/#authorImage","url":"https:\/\/secure.gravatar.com\/avatar\/df2aeffc32bcd13f8d26072ef8a91b623d677766deac7f97ca815868cd41bf5e?s=96&d=mm&r=g","width":96,"height":96,"caption":"El Digital de Asturias"}},{"@type":"WebPage","@id":"https:\/\/www.eldigitaldeasturias.com\/noticias\/cinco-anos-de-prision-por-abusar-de-la-nina-de-ocho-anos-con-la-que-convivia\/#webpage","url":"https:\/\/www.eldigitaldeasturias.com\/noticias\/cinco-anos-de-prision-por-abusar-de-la-nina-de-ocho-anos-con-la-que-convivia\/","name":"Cinco a\u00f1os de prisi\u00f3n por abusar de la ni\u00f1a de ocho a\u00f1os con la que conviv\u00eda - El Digital de Asturias","description":"La Secci\u00f3n Sexta de la Audiencia Provincial de A Coru\u00f1a, con sede en Santiago, ha condenado a cinco a\u00f1os de prisi\u00f3n a un hombre por un delito continuado de abuso sexual cometido sobre una ni\u00f1a de ocho a\u00f1os con la que conviv\u00eda. La Sala considera probado por el relato de la v\u00edctima, que el acusado","inLanguage":"es-ES","isPartOf":{"@id":"https:\/\/www.eldigitaldeasturias.com\/noticias\/#website"},"breadcrumb":{"@id":"https:\/\/www.eldigitaldeasturias.com\/noticias\/cinco-anos-de-prision-por-abusar-de-la-nina-de-ocho-anos-con-la-que-convivia\/#breadcrumblist"},"author":{"@id":"https:\/\/www.eldigitaldeasturias.com\/noticias\/author\/admin\/#author"},"creator":{"@id":"https:\/\/www.eldigitaldeasturias.com\/noticias\/author\/admin\/#author"},"image":{"@type":"ImageObject","url":921281,"@id":"https:\/\/www.eldigitaldeasturias.com\/noticias\/cinco-anos-de-prision-por-abusar-de-la-nina-de-ocho-anos-con-la-que-convivia\/#mainImage"},"primaryImageOfPage":{"@id":"https:\/\/www.eldigitaldeasturias.com\/noticias\/cinco-anos-de-prision-por-abusar-de-la-nina-de-ocho-anos-con-la-que-convivia\/#mainImage"},"datePublished":"2017-11-25T21:23:42+01:00","dateModified":"2017-11-25T21:23:42+01:00"},{"@type":"WebSite","@id":"https:\/\/www.eldigitaldeasturias.com\/noticias\/#website","url":"https:\/\/www.eldigitaldeasturias.com\/noticias\/","name":"El Digital de Asturias - Diario de actualidad y noticias","alternateName":"El Digital de Asturias - Diario de actualidad y noticias","description":"Hemeroteca","inLanguage":"es-ES","publisher":{"@id":"https:\/\/www.eldigitaldeasturias.com\/noticias\/#organization"}}]},"og:locale":"es_ES","og:site_name":"El Digital de Asturias","og:type":"article","og:title":"Cinco a\u00f1os de prisi\u00f3n por abusar de la ni\u00f1a de ocho a\u00f1os con la que conviv\u00eda - El Digital de Asturias","og:description":"La Secci\u00f3n Sexta de la Audiencia Provincial de A Coru\u00f1a, con sede en Santiago, ha condenado a cinco a\u00f1os de prisi\u00f3n a un hombre por un delito continuado de abuso sexual cometido sobre una ni\u00f1a de ocho a\u00f1os con la que conviv\u00eda. La Sala considera probado por el relato de la v\u00edctima, que el acusado","og:url":"https:\/\/www.eldigitaldeasturias.com\/noticias\/cinco-anos-de-prision-por-abusar-de-la-nina-de-ocho-anos-con-la-que-convivia\/","article:tag":["actualidad"],"article:published_time":"2017-11-25T21:23:42+00:00","article:modified_time":"2017-11-25T21:23:42+00:00","article:publisher":"https:\/\/facebook.com\/eldigitaldeasturias","twitter:card":"summary_large_image","twitter:title":"Cinco a\u00f1os de prisi\u00f3n por abusar de la ni\u00f1a de ocho a\u00f1os con la que conviv\u00eda - El Digital de Asturias","twitter:description":"La Secci\u00f3n Sexta de la Audiencia Provincial de A Coru\u00f1a, con sede en Santiago, ha condenado a cinco a\u00f1os de prisi\u00f3n a un hombre por un delito continuado de abuso sexual cometido sobre una ni\u00f1a de ocho a\u00f1os con la que conviv\u00eda. La Sala considera probado por el relato de la v\u00edctima, que el acusado","twitter:image":"https:\/\/www.eldigitaldeasturias.com\/noticias\/wp-content\/uploads\/2020\/12\/EDA-1.jpg","twitter:label1":"Escrito por","twitter:data1":"El Digital de Asturias","twitter:label2":"Tiempo de lectura estimado","twitter:data2":"1 minuto"},"aioseo_meta_data":{"post_id":"961221","title":null,"description":null,"keywords":null,"keyphrases":null,"primary_term":null,"canonical_url":null,"og_title":null,"og_description":null,"og_object_type":"default","og_image_type":"default","og_image_url":null,"og_image_width":null,"og_image_height":null,"og_image_custom_url":null,"og_image_custom_fields":null,"og_video":null,"og_custom_url":null,"og_article_section":null,"og_article_tags":null,"twitter_use_og":false,"twitter_card":"default","twitter_image_type":"default","twitter_image_url":null,"twitter_image_custom_url":null,"twitter_image_custom_fields":null,"twitter_title":null,"twitter_description":null,"schema":{"blockGraphs":[],"customGraphs":[],"default":{"data":{"Article":[],"Course":[],"Dataset":[],"FAQPage":[],"Movie":[],"Person":[],"Product":[],"ProductReview":[],"Car":[],"Recipe":[],"Service":[],"SoftwareApplication":[],"WebPage":[]},"graphName":"","isEnabled":true},"graphs":[],"defaultGraph":"","defaultPostTypeGraph":""},"schema_type":null,"schema_type_options":null,"pillar_content":false,"robots_default":true,"robots_noindex":false,"robots_noarchive":false,"robots_nosnippet":false,"robots_nofollow":false,"robots_noimageindex":false,"robots_noodp":false,"robots_notranslate":false,"robots_max_snippet":null,"robots_max_videopreview":null,"robots_max_imagepreview":"large","priority":null,"frequency":null,"local_seo":null,"seo_analyzer_scan_date":"2025-12-07 08:11:17","breadcrumb_settings":null,"limit_modified_date":false,"open_ai":null,"ai":null,"created":"2020-12-21 12:49:37","updated":"2025-12-07 08:11:17","focus_keyword":null,"additional_keywords":null,"truseo_locale":null},"aioseo_breadcrumb":"<div class=\"aioseo-breadcrumbs\"><span class=\"aioseo-breadcrumb\">\n\t<a href=\"https:\/\/www.eldigitaldeasturias.com\/noticias\" title=\"Home\">Home<\/a>\n<\/span><span class=\"aioseo-breadcrumb-separator\">\u2013<\/span><span class=\"aioseo-breadcrumb\">\n\t<a href=\"https:\/\/www.eldigitaldeasturias.com\/noticias\/category\/actualidad\/\" title=\"Actualidad\">Actualidad<\/a>\n<\/span><span class=\"aioseo-breadcrumb-separator\">\u2013<\/span><span class=\"aioseo-breadcrumb\">\n\t<a href=\"https:\/\/www.eldigitaldeasturias.com\/noticias\/cinco-anos-de-prision-por-abusar-de-la-nina-de-ocho-anos-con-la-que-convivia\/\" title=\"Cinco a\u00f1os de prisi\u00f3n por abusar de la ni\u00f1a de ocho a\u00f1os con la que conviv\u00eda\">Cinco a\u00f1os de prisi\u00f3n por abusar de la ni\u00f1a de ocho a\u00f1os con la que conviv\u00eda<\/a>\n<\/span><\/div>","aioseo_breadcrumb_json":[{"label":"Home","link":"https:\/\/www.eldigitaldeasturias.com\/noticias"},{"label":"Actualidad","link":"https:\/\/www.eldigitaldeasturias.com\/noticias\/category\/actualidad\/"},{"label":"Cinco a\u00f1os de prisi\u00f3n por abusar de la ni\u00f1a de ocho a\u00f1os con la que conviv\u00eda","link":"https:\/\/www.eldigitaldeasturias.com\/noticias\/cinco-anos-de-prision-por-abusar-de-la-nina-de-ocho-anos-con-la-que-convivia\/"}],"_links":{"self":[{"href":"https:\/\/www.eldigitaldeasturias.com\/noticias\/wp-json\/wp\/v2\/posts\/961221","targetHints":{"allow":["GET"]}}],"collection":[{"href":"https:\/\/www.eldigitaldeasturias.com\/noticias\/wp-json\/wp\/v2\/posts"}],"about":[{"href":"https:\/\/www.eldigitaldeasturias.com\/noticias\/wp-json\/wp\/v2\/types\/post"}],"author":[{"embeddable":true,"href":"https:\/\/www.eldigitaldeasturias.com\/noticias\/wp-json\/wp\/v2\/users\/1"}],"replies":[{"embeddable":true,"href":"https:\/\/www.eldigitaldeasturias.com\/noticias\/wp-json\/wp\/v2\/comments?post=961221"}],"version-history":[{"count":0,"href":"https:\/\/www.eldigitaldeasturias.com\/noticias\/wp-json\/wp\/v2\/posts\/961221\/revisions"}],"wp:attachment":[{"href":"https:\/\/www.eldigitaldeasturias.com\/noticias\/wp-json\/wp\/v2\/media?parent=961221"}],"wp:term":[{"taxonomy":"category","embeddable":true,"href":"https:\/\/www.eldigitaldeasturias.com\/noticias\/wp-json\/wp\/v2\/categories?post=961221"},{"taxonomy":"post_tag","embeddable":true,"href":"https:\/\/www.eldigitaldeasturias.com\/noticias\/wp-json\/wp\/v2\/tags?post=961221"}],"curies":[{"name":"wp","href":"https:\/\/api.w.org\/{rel}","templated":true}]}}