{"id":961080,"date":"2017-11-24T21:12:46","date_gmt":"2017-11-24T21:12:46","guid":{"rendered":"http:\/\/www.eldigitaldeasturias.com\/noticias\/?p=961080"},"modified":"2017-11-24T21:12:46","modified_gmt":"2017-11-24T21:12:46","slug":"desciende-un-394-el-total-de-trabajadores-afectados-por-medidas-de-regulacion-de-empleo","status":"publish","type":"post","link":"https:\/\/www.eldigitaldeasturias.com\/noticias\/desciende-un-394-el-total-de-trabajadores-afectados-por-medidas-de-regulacion-de-empleo\/","title":{"rendered":"Desciende un 39,4% el total de trabajadores afectados por medidas de regulaci\u00f3n de empleo"},"content":{"rendered":"<p><img loading=\"lazy\" decoding=\"async\" class=\"alignleft size-medium wp-image-961081\" src=\"https:\/\/www.eldigitaldeasturias.com\/noticias\/wp-content\/uploads\/2017\/11\/040917Afiliados-SS-360x239.jpg\" alt=\"\" width=\"360\" height=\"239\" srcset=\"https:\/\/www.eldigitaldeasturias.com\/noticias\/wp-content\/uploads\/2017\/11\/040917Afiliados-SS-360x239.jpg 360w, https:\/\/www.eldigitaldeasturias.com\/noticias\/wp-content\/uploads\/2017\/11\/040917Afiliados-SS.jpg 496w\" sizes=\"auto, (max-width: 360px) 100vw, 360px\" \/>El total de empresas que adoptaron medidas de regulaci\u00f3n de empleo hasta septiembre de 2017 fue de 1.989, 1.185 menos que en el mismo periodo del a\u00f1o anterior, lo que supone un descenso del 37,3%.<\/p>\n<p>\u200bEl n\u00famero total de procedimientos fue de 2.571, que supone un descenso del 37,6% respecto a 2016. Los procedimientos finalizados con acuerdo representan el 89,4%, frente al 10,6% que lo hizo sin acuerdo.<\/p>\n<p>En cuanto al n\u00famero de trabajadores afectados por medidas de regulaci\u00f3n de empleo en los nueve primeros meses de 2017 es de 38.938, 25.297 menos que en el mismo periodo de 2016, lo que supone un descenso del 39,4%.<\/p>\n<p>Tal y como recoge la Estad\u00edstica de Regulaci\u00f3n de Empleo del Ministerio de Empleo y Seguridad Social, del total de trabajadores afectados por medidas de regulaci\u00f3n de empleo, los que vieron reducida su jornada fueron 4.687, 1.572 menos que en el mismo periodo de 2016, que representa una reducci\u00f3n del 25,1%.<\/p>\n<p>Los trabajadores afectados por suspensiones de contrato hasta septiembre de 2017 se situaron en 19.041, 19.992 menos en relaci\u00f3n con el mismo per\u00edodo del a\u00f1o anterior, lo que equivale a un descenso del 51,2%.<\/p>\n<p>El n\u00famero de afectados por despidos colectivos fue de 15.210 trabajadores, que supone un descenso de 3.733, un 19,7% menos respecto al mismo per\u00edodo de 2016.<\/p>\n<p>Por comunidades aut\u00f3nomas el n\u00famero de trabajadores afectados por despidos colectivos, suspensi\u00f3n de contrato y reducci\u00f3n de jornada ha bajado en 16 de ellas. Los mayores descensos en t\u00e9rminos relativos se han producido en Arag\u00f3n (-84,9%), La Rioja (-73,5%), Galicia (-56,7%), Extremadura (-53,8%) y Ceuta y Melilla (-53,5%). Por el contrario los aumentos corresponden a Canarias (45,4%) y Navarra (7,4%).<\/p>\n","protected":false},"excerpt":{"rendered":"<p>El total de empresas que adoptaron medidas de regulaci\u00f3n de empleo hasta septiembre de 2017 fue de 1.989, 1.185 menos que en el mismo periodo del a\u00f1o anterior, lo que supone un descenso del 37,3%. \u200bEl n\u00famero total de procedimientos fue de 2.571, que supone un descenso del 37,6% respecto a 2016. Los procedimientos finalizados [&hellip;]<\/p>\n","protected":false},"author":1,"featured_media":961081,"comment_status":"closed","ping_status":"closed","sticky":false,"template":"","format":"standard","meta":{"footnotes":""},"categories":[187],"tags":[],"class_list":["post-961080","post","type-post","status-publish","format-standard","has-post-thumbnail","hentry","category-economia"],"aioseo_notices":[],"aioseo_head":"\n\t\t<!-- All in One SEO Pro 4.9.6.2 - aioseo.com -->\n\t<meta name=\"description\" content=\"El total de empresas que adoptaron medidas de regulaci\u00f3n de empleo hasta septiembre de 2017 fue de 1.989, 1.185 menos que en el mismo periodo del a\u00f1o anterior, lo que supone un descenso del 37,3%. \u200bEl n\u00famero total de procedimientos fue de 2.571, que supone un descenso del 37,6% respecto a 2016. Los procedimientos finalizados\" \/>\n\t<meta name=\"robots\" content=\"max-image-preview:large\" \/>\n\t<meta name=\"author\" content=\"El Digital de Asturias\"\/>\n\t<meta name=\"google-site-verification\" content=\"UA-38556648-1\" \/>\n\t<meta name=\"msvalidate.01\" content=\"7dfe9f3f1b24437ab69f4f2559babe99\" \/>\n\t<meta name=\"keywords\" content=\"econom\u00eda\" \/>\n\t<link rel=\"canonical\" href=\"https:\/\/www.eldigitaldeasturias.com\/noticias\/desciende-un-394-el-total-de-trabajadores-afectados-por-medidas-de-regulacion-de-empleo\/\" \/>\n\t<meta name=\"generator\" content=\"All in One SEO Pro (AIOSEO) 4.9.6.2\" \/>\n\t\t<meta property=\"og:locale\" content=\"es_ES\" \/>\n\t\t<meta property=\"og:site_name\" content=\"El Digital de Asturias\" \/>\n\t\t<meta property=\"og:type\" content=\"article\" \/>\n\t\t<meta property=\"og:title\" content=\"Desciende un 39,4% el total de trabajadores afectados por medidas de regulaci\u00f3n de empleo - El Digital de Asturias\" \/>\n\t\t<meta property=\"og:description\" content=\"El total de empresas que adoptaron medidas de regulaci\u00f3n de empleo hasta septiembre de 2017 fue de 1.989, 1.185 menos que en el mismo periodo del a\u00f1o anterior, lo que supone un descenso del 37,3%. \u200bEl n\u00famero total de procedimientos fue de 2.571, que supone un descenso del 37,6% respecto a 2016. Los procedimientos finalizados\" \/>\n\t\t<meta property=\"og:url\" content=\"https:\/\/www.eldigitaldeasturias.com\/noticias\/desciende-un-394-el-total-de-trabajadores-afectados-por-medidas-de-regulacion-de-empleo\/\" \/>\n\t\t<meta property=\"og:image\" content=\"https:\/\/www.eldigitaldeasturias.com\/noticias\/wp-content\/uploads\/2017\/11\/040917Afiliados-SS.jpg\" \/>\n\t\t<meta property=\"og:image:secure_url\" content=\"https:\/\/www.eldigitaldeasturias.com\/noticias\/wp-content\/uploads\/2017\/11\/040917Afiliados-SS.jpg\" \/>\n\t\t<meta property=\"og:image:width\" content=\"496\" \/>\n\t\t<meta property=\"og:image:height\" content=\"329\" \/>\n\t\t<meta property=\"article:tag\" content=\"econom\u00eda\" \/>\n\t\t<meta property=\"article:published_time\" content=\"2017-11-24T21:12:46+00:00\" \/>\n\t\t<meta property=\"article:modified_time\" content=\"2017-11-24T21:12:46+00:00\" \/>\n\t\t<meta property=\"article:publisher\" content=\"https:\/\/facebook.com\/eldigitaldeasturias\" \/>\n\t\t<meta name=\"twitter:card\" content=\"summary_large_image\" \/>\n\t\t<meta name=\"twitter:title\" content=\"Desciende un 39,4% el total de trabajadores afectados por medidas de regulaci\u00f3n de empleo - El Digital de Asturias\" \/>\n\t\t<meta name=\"twitter:description\" content=\"El total de empresas que adoptaron medidas de regulaci\u00f3n de empleo hasta septiembre de 2017 fue de 1.989, 1.185 menos que en el mismo periodo del a\u00f1o anterior, lo que supone un descenso del 37,3%. \u200bEl n\u00famero total de procedimientos fue de 2.571, que supone un descenso del 37,6% respecto a 2016. Los procedimientos finalizados\" \/>\n\t\t<meta name=\"twitter:image\" content=\"https:\/\/www.eldigitaldeasturias.com\/noticias\/wp-content\/uploads\/2017\/11\/040917Afiliados-SS.jpg\" \/>\n\t\t<meta name=\"twitter:label1\" content=\"Escrito por\" \/>\n\t\t<meta name=\"twitter:data1\" content=\"El Digital de Asturias\" \/>\n\t\t<meta name=\"twitter:label2\" content=\"Tiempo de lectura estimado\" \/>\n\t\t<meta name=\"twitter:data2\" content=\"1 minuto\" \/>\n\t\t<script type=\"application\/ld+json\" class=\"aioseo-schema\">\n\t\t\t{\"@context\":\"https:\\\/\\\/schema.org\",\"@graph\":[{\"@type\":\"BlogPosting\",\"@id\":\"https:\\\/\\\/www.eldigitaldeasturias.com\\\/noticias\\\/desciende-un-394-el-total-de-trabajadores-afectados-por-medidas-de-regulacion-de-empleo\\\/#blogposting\",\"name\":\"Desciende un 39,4% el total de trabajadores afectados por medidas de regulaci\\u00f3n de empleo - El Digital de Asturias\",\"headline\":\"Desciende un 39,4% el total de trabajadores afectados por medidas de regulaci\\u00f3n de empleo\",\"author\":{\"@id\":\"https:\\\/\\\/www.eldigitaldeasturias.com\\\/noticias\\\/author\\\/admin\\\/#author\"},\"publisher\":{\"@id\":\"https:\\\/\\\/www.eldigitaldeasturias.com\\\/noticias\\\/#organization\"},\"image\":{\"@type\":\"ImageObject\",\"url\":\"https:\\\/\\\/www.eldigitaldeasturias.com\\\/noticias\\\/wp-content\\\/uploads\\\/2017\\\/11\\\/040917Afiliados-SS.jpg\",\"width\":496,\"height\":329},\"datePublished\":\"2017-11-24T21:12:46+01:00\",\"dateModified\":\"2017-11-24T21:12:46+01:00\",\"inLanguage\":\"es-ES\",\"mainEntityOfPage\":{\"@id\":\"https:\\\/\\\/www.eldigitaldeasturias.com\\\/noticias\\\/desciende-un-394-el-total-de-trabajadores-afectados-por-medidas-de-regulacion-de-empleo\\\/#webpage\"},\"isPartOf\":{\"@id\":\"https:\\\/\\\/www.eldigitaldeasturias.com\\\/noticias\\\/desciende-un-394-el-total-de-trabajadores-afectados-por-medidas-de-regulacion-de-empleo\\\/#webpage\"},\"articleSection\":\"Econom\\u00eda\"},{\"@type\":\"BreadcrumbList\",\"@id\":\"https:\\\/\\\/www.eldigitaldeasturias.com\\\/noticias\\\/desciende-un-394-el-total-de-trabajadores-afectados-por-medidas-de-regulacion-de-empleo\\\/#breadcrumblist\",\"itemListElement\":[{\"@type\":\"ListItem\",\"@id\":\"https:\\\/\\\/www.eldigitaldeasturias.com\\\/noticias#listItem\",\"position\":1,\"name\":\"Home\",\"item\":\"https:\\\/\\\/www.eldigitaldeasturias.com\\\/noticias\",\"nextItem\":{\"@type\":\"ListItem\",\"@id\":\"https:\\\/\\\/www.eldigitaldeasturias.com\\\/noticias\\\/category\\\/economia\\\/#listItem\",\"name\":\"Econom\\u00eda\"}},{\"@type\":\"ListItem\",\"@id\":\"https:\\\/\\\/www.eldigitaldeasturias.com\\\/noticias\\\/category\\\/economia\\\/#listItem\",\"position\":2,\"name\":\"Econom\\u00eda\",\"item\":\"https:\\\/\\\/www.eldigitaldeasturias.com\\\/noticias\\\/category\\\/economia\\\/\",\"nextItem\":{\"@type\":\"ListItem\",\"@id\":\"https:\\\/\\\/www.eldigitaldeasturias.com\\\/noticias\\\/desciende-un-394-el-total-de-trabajadores-afectados-por-medidas-de-regulacion-de-empleo\\\/#listItem\",\"name\":\"Desciende un 39,4% el total de trabajadores afectados por medidas de regulaci\\u00f3n de empleo\"},\"previousItem\":{\"@type\":\"ListItem\",\"@id\":\"https:\\\/\\\/www.eldigitaldeasturias.com\\\/noticias#listItem\",\"name\":\"Home\"}},{\"@type\":\"ListItem\",\"@id\":\"https:\\\/\\\/www.eldigitaldeasturias.com\\\/noticias\\\/desciende-un-394-el-total-de-trabajadores-afectados-por-medidas-de-regulacion-de-empleo\\\/#listItem\",\"position\":3,\"name\":\"Desciende un 39,4% el total de trabajadores afectados por medidas de regulaci\\u00f3n de empleo\",\"previousItem\":{\"@type\":\"ListItem\",\"@id\":\"https:\\\/\\\/www.eldigitaldeasturias.com\\\/noticias\\\/category\\\/economia\\\/#listItem\",\"name\":\"Econom\\u00eda\"}}]},{\"@type\":\"Organization\",\"@id\":\"https:\\\/\\\/www.eldigitaldeasturias.com\\\/noticias\\\/#organization\",\"name\":\"El Digital de Asturias\",\"description\":\"Hemeroteca\",\"url\":\"https:\\\/\\\/www.eldigitaldeasturias.com\\\/noticias\\\/\",\"email\":\"info@eldigitaldeasturias.com\",\"telephone\":\"+34652131393\",\"logo\":{\"@type\":\"ImageObject\",\"url\":\"https:\\\/\\\/www.eldigitaldeasturias.com\\\/noticias\\\/wp-content\\\/uploads\\\/2020\\\/12\\\/EDA.jpg\",\"@id\":\"https:\\\/\\\/www.eldigitaldeasturias.com\\\/noticias\\\/desciende-un-394-el-total-de-trabajadores-afectados-por-medidas-de-regulacion-de-empleo\\\/#organizationLogo\",\"width\":649,\"height\":297},\"image\":{\"@id\":\"https:\\\/\\\/www.eldigitaldeasturias.com\\\/noticias\\\/desciende-un-394-el-total-de-trabajadores-afectados-por-medidas-de-regulacion-de-empleo\\\/#organizationLogo\"},\"sameAs\":[\"https:\\\/\\\/facebook.com\\\/eldigitaldeasturias\",\"https:\\\/\\\/www.youtube.com\\\/channel\\\/UCZP-2wLEB9Rv6erhFmqVnvg\"],\"address\":{\"@id\":\"https:\\\/\\\/www.eldigitaldeasturias.com\\\/noticias\\\/#postaladdress\",\"@type\":\"PostalAddress\",\"streetAddress\":\"san antonio 4,\",\"postalCode\":\"33430\",\"addressLocality\":\"Cand\\u00e1s\",\"addressRegion\":\"Asturias\",\"addressCountry\":\"ES\"}},{\"@type\":\"Person\",\"@id\":\"https:\\\/\\\/www.eldigitaldeasturias.com\\\/noticias\\\/author\\\/admin\\\/#author\",\"url\":\"https:\\\/\\\/www.eldigitaldeasturias.com\\\/noticias\\\/author\\\/admin\\\/\",\"name\":\"El Digital de Asturias\",\"image\":{\"@type\":\"ImageObject\",\"@id\":\"https:\\\/\\\/www.eldigitaldeasturias.com\\\/noticias\\\/desciende-un-394-el-total-de-trabajadores-afectados-por-medidas-de-regulacion-de-empleo\\\/#authorImage\",\"url\":\"https:\\\/\\\/www.eldigitaldeasturias.com\\\/noticias\\\/wp-content\\\/litespeed\\\/avatar\\\/18677e78aa0546b92d9dbf31ec7d7668.jpg?ver=1776685526\",\"width\":96,\"height\":96,\"caption\":\"El Digital de Asturias\"}},{\"@type\":\"WebPage\",\"@id\":\"https:\\\/\\\/www.eldigitaldeasturias.com\\\/noticias\\\/desciende-un-394-el-total-de-trabajadores-afectados-por-medidas-de-regulacion-de-empleo\\\/#webpage\",\"url\":\"https:\\\/\\\/www.eldigitaldeasturias.com\\\/noticias\\\/desciende-un-394-el-total-de-trabajadores-afectados-por-medidas-de-regulacion-de-empleo\\\/\",\"name\":\"Desciende un 39,4% el total de trabajadores afectados por medidas de regulaci\\u00f3n de empleo - El Digital de Asturias\",\"description\":\"El total de empresas que adoptaron medidas de regulaci\\u00f3n de empleo hasta septiembre de 2017 fue de 1.989, 1.185 menos que en el mismo periodo del a\\u00f1o anterior, lo que supone un descenso del 37,3%. \\u200bEl n\\u00famero total de procedimientos fue de 2.571, que supone un descenso del 37,6% respecto a 2016. Los procedimientos finalizados\",\"inLanguage\":\"es-ES\",\"isPartOf\":{\"@id\":\"https:\\\/\\\/www.eldigitaldeasturias.com\\\/noticias\\\/#website\"},\"breadcrumb\":{\"@id\":\"https:\\\/\\\/www.eldigitaldeasturias.com\\\/noticias\\\/desciende-un-394-el-total-de-trabajadores-afectados-por-medidas-de-regulacion-de-empleo\\\/#breadcrumblist\"},\"author\":{\"@id\":\"https:\\\/\\\/www.eldigitaldeasturias.com\\\/noticias\\\/author\\\/admin\\\/#author\"},\"creator\":{\"@id\":\"https:\\\/\\\/www.eldigitaldeasturias.com\\\/noticias\\\/author\\\/admin\\\/#author\"},\"image\":{\"@type\":\"ImageObject\",\"url\":\"https:\\\/\\\/www.eldigitaldeasturias.com\\\/noticias\\\/wp-content\\\/uploads\\\/2017\\\/11\\\/040917Afiliados-SS.jpg\",\"@id\":\"https:\\\/\\\/www.eldigitaldeasturias.com\\\/noticias\\\/desciende-un-394-el-total-de-trabajadores-afectados-por-medidas-de-regulacion-de-empleo\\\/#mainImage\",\"width\":496,\"height\":329},\"primaryImageOfPage\":{\"@id\":\"https:\\\/\\\/www.eldigitaldeasturias.com\\\/noticias\\\/desciende-un-394-el-total-de-trabajadores-afectados-por-medidas-de-regulacion-de-empleo\\\/#mainImage\"},\"datePublished\":\"2017-11-24T21:12:46+01:00\",\"dateModified\":\"2017-11-24T21:12:46+01:00\"},{\"@type\":\"WebSite\",\"@id\":\"https:\\\/\\\/www.eldigitaldeasturias.com\\\/noticias\\\/#website\",\"url\":\"https:\\\/\\\/www.eldigitaldeasturias.com\\\/noticias\\\/\",\"name\":\"El Digital de Asturias - Diario de actualidad y noticias\",\"alternateName\":\"El Digital de Asturias - Diario de actualidad y noticias\",\"description\":\"Hemeroteca\",\"inLanguage\":\"es-ES\",\"publisher\":{\"@id\":\"https:\\\/\\\/www.eldigitaldeasturias.com\\\/noticias\\\/#organization\"}}]}\n\t\t<\/script>\n\t\t<!-- All in One SEO Pro -->\r\n\t\t<title>Desciende un 39,4% el total de trabajadores afectados por medidas de regulaci\u00f3n de empleo - El Digital de Asturias<\/title>\n\n","aioseo_head_json":{"title":"Desciende un 39,4% el total de trabajadores afectados por medidas de regulaci\u00f3n de empleo - El Digital de Asturias","description":"El total de empresas que adoptaron medidas de regulaci\u00f3n de empleo hasta septiembre de 2017 fue de 1.989, 1.185 menos que en el mismo periodo del a\u00f1o anterior, lo que supone un descenso del 37,3%. \u200bEl n\u00famero total de procedimientos fue de 2.571, que supone un descenso del 37,6% respecto a 2016. Los procedimientos finalizados","canonical_url":"https:\/\/www.eldigitaldeasturias.com\/noticias\/desciende-un-394-el-total-de-trabajadores-afectados-por-medidas-de-regulacion-de-empleo\/","robots":"max-image-preview:large","keywords":"econom\u00eda","webmasterTools":{"google-site-verification":"UA-38556648-1","msvalidate.01":"7dfe9f3f1b24437ab69f4f2559babe99","miscellaneous":""},"schema":{"@context":"https:\/\/schema.org","@graph":[{"@type":"BlogPosting","@id":"https:\/\/www.eldigitaldeasturias.com\/noticias\/desciende-un-394-el-total-de-trabajadores-afectados-por-medidas-de-regulacion-de-empleo\/#blogposting","name":"Desciende un 39,4% el total de trabajadores afectados por medidas de regulaci\u00f3n de empleo - El Digital de Asturias","headline":"Desciende un 39,4% el total de trabajadores afectados por medidas de regulaci\u00f3n de empleo","author":{"@id":"https:\/\/www.eldigitaldeasturias.com\/noticias\/author\/admin\/#author"},"publisher":{"@id":"https:\/\/www.eldigitaldeasturias.com\/noticias\/#organization"},"image":{"@type":"ImageObject","url":"https:\/\/www.eldigitaldeasturias.com\/noticias\/wp-content\/uploads\/2017\/11\/040917Afiliados-SS.jpg","width":496,"height":329},"datePublished":"2017-11-24T21:12:46+01:00","dateModified":"2017-11-24T21:12:46+01:00","inLanguage":"es-ES","mainEntityOfPage":{"@id":"https:\/\/www.eldigitaldeasturias.com\/noticias\/desciende-un-394-el-total-de-trabajadores-afectados-por-medidas-de-regulacion-de-empleo\/#webpage"},"isPartOf":{"@id":"https:\/\/www.eldigitaldeasturias.com\/noticias\/desciende-un-394-el-total-de-trabajadores-afectados-por-medidas-de-regulacion-de-empleo\/#webpage"},"articleSection":"Econom\u00eda"},{"@type":"BreadcrumbList","@id":"https:\/\/www.eldigitaldeasturias.com\/noticias\/desciende-un-394-el-total-de-trabajadores-afectados-por-medidas-de-regulacion-de-empleo\/#breadcrumblist","itemListElement":[{"@type":"ListItem","@id":"https:\/\/www.eldigitaldeasturias.com\/noticias#listItem","position":1,"name":"Home","item":"https:\/\/www.eldigitaldeasturias.com\/noticias","nextItem":{"@type":"ListItem","@id":"https:\/\/www.eldigitaldeasturias.com\/noticias\/category\/economia\/#listItem","name":"Econom\u00eda"}},{"@type":"ListItem","@id":"https:\/\/www.eldigitaldeasturias.com\/noticias\/category\/economia\/#listItem","position":2,"name":"Econom\u00eda","item":"https:\/\/www.eldigitaldeasturias.com\/noticias\/category\/economia\/","nextItem":{"@type":"ListItem","@id":"https:\/\/www.eldigitaldeasturias.com\/noticias\/desciende-un-394-el-total-de-trabajadores-afectados-por-medidas-de-regulacion-de-empleo\/#listItem","name":"Desciende un 39,4% el total de trabajadores afectados por medidas de regulaci\u00f3n de empleo"},"previousItem":{"@type":"ListItem","@id":"https:\/\/www.eldigitaldeasturias.com\/noticias#listItem","name":"Home"}},{"@type":"ListItem","@id":"https:\/\/www.eldigitaldeasturias.com\/noticias\/desciende-un-394-el-total-de-trabajadores-afectados-por-medidas-de-regulacion-de-empleo\/#listItem","position":3,"name":"Desciende un 39,4% el total de trabajadores afectados por medidas de regulaci\u00f3n de empleo","previousItem":{"@type":"ListItem","@id":"https:\/\/www.eldigitaldeasturias.com\/noticias\/category\/economia\/#listItem","name":"Econom\u00eda"}}]},{"@type":"Organization","@id":"https:\/\/www.eldigitaldeasturias.com\/noticias\/#organization","name":"El Digital de Asturias","description":"Hemeroteca","url":"https:\/\/www.eldigitaldeasturias.com\/noticias\/","email":"info@eldigitaldeasturias.com","telephone":"+34652131393","logo":{"@type":"ImageObject","url":"https:\/\/www.eldigitaldeasturias.com\/noticias\/wp-content\/uploads\/2020\/12\/EDA.jpg","@id":"https:\/\/www.eldigitaldeasturias.com\/noticias\/desciende-un-394-el-total-de-trabajadores-afectados-por-medidas-de-regulacion-de-empleo\/#organizationLogo","width":649,"height":297},"image":{"@id":"https:\/\/www.eldigitaldeasturias.com\/noticias\/desciende-un-394-el-total-de-trabajadores-afectados-por-medidas-de-regulacion-de-empleo\/#organizationLogo"},"sameAs":["https:\/\/facebook.com\/eldigitaldeasturias","https:\/\/www.youtube.com\/channel\/UCZP-2wLEB9Rv6erhFmqVnvg"],"address":{"@id":"https:\/\/www.eldigitaldeasturias.com\/noticias\/#postaladdress","@type":"PostalAddress","streetAddress":"san antonio 4,","postalCode":"33430","addressLocality":"Cand\u00e1s","addressRegion":"Asturias","addressCountry":"ES"}},{"@type":"Person","@id":"https:\/\/www.eldigitaldeasturias.com\/noticias\/author\/admin\/#author","url":"https:\/\/www.eldigitaldeasturias.com\/noticias\/author\/admin\/","name":"El Digital de Asturias","image":{"@type":"ImageObject","@id":"https:\/\/www.eldigitaldeasturias.com\/noticias\/desciende-un-394-el-total-de-trabajadores-afectados-por-medidas-de-regulacion-de-empleo\/#authorImage","url":"https:\/\/www.eldigitaldeasturias.com\/noticias\/wp-content\/litespeed\/avatar\/18677e78aa0546b92d9dbf31ec7d7668.jpg?ver=1776685526","width":96,"height":96,"caption":"El Digital de Asturias"}},{"@type":"WebPage","@id":"https:\/\/www.eldigitaldeasturias.com\/noticias\/desciende-un-394-el-total-de-trabajadores-afectados-por-medidas-de-regulacion-de-empleo\/#webpage","url":"https:\/\/www.eldigitaldeasturias.com\/noticias\/desciende-un-394-el-total-de-trabajadores-afectados-por-medidas-de-regulacion-de-empleo\/","name":"Desciende un 39,4% el total de trabajadores afectados por medidas de regulaci\u00f3n de empleo - El Digital de Asturias","description":"El total de empresas que adoptaron medidas de regulaci\u00f3n de empleo hasta septiembre de 2017 fue de 1.989, 1.185 menos que en el mismo periodo del a\u00f1o anterior, lo que supone un descenso del 37,3%. \u200bEl n\u00famero total de procedimientos fue de 2.571, que supone un descenso del 37,6% respecto a 2016. Los procedimientos finalizados","inLanguage":"es-ES","isPartOf":{"@id":"https:\/\/www.eldigitaldeasturias.com\/noticias\/#website"},"breadcrumb":{"@id":"https:\/\/www.eldigitaldeasturias.com\/noticias\/desciende-un-394-el-total-de-trabajadores-afectados-por-medidas-de-regulacion-de-empleo\/#breadcrumblist"},"author":{"@id":"https:\/\/www.eldigitaldeasturias.com\/noticias\/author\/admin\/#author"},"creator":{"@id":"https:\/\/www.eldigitaldeasturias.com\/noticias\/author\/admin\/#author"},"image":{"@type":"ImageObject","url":"https:\/\/www.eldigitaldeasturias.com\/noticias\/wp-content\/uploads\/2017\/11\/040917Afiliados-SS.jpg","@id":"https:\/\/www.eldigitaldeasturias.com\/noticias\/desciende-un-394-el-total-de-trabajadores-afectados-por-medidas-de-regulacion-de-empleo\/#mainImage","width":496,"height":329},"primaryImageOfPage":{"@id":"https:\/\/www.eldigitaldeasturias.com\/noticias\/desciende-un-394-el-total-de-trabajadores-afectados-por-medidas-de-regulacion-de-empleo\/#mainImage"},"datePublished":"2017-11-24T21:12:46+01:00","dateModified":"2017-11-24T21:12:46+01:00"},{"@type":"WebSite","@id":"https:\/\/www.eldigitaldeasturias.com\/noticias\/#website","url":"https:\/\/www.eldigitaldeasturias.com\/noticias\/","name":"El Digital de Asturias - Diario de actualidad y noticias","alternateName":"El Digital de Asturias - Diario de actualidad y noticias","description":"Hemeroteca","inLanguage":"es-ES","publisher":{"@id":"https:\/\/www.eldigitaldeasturias.com\/noticias\/#organization"}}]},"og:locale":"es_ES","og:site_name":"El Digital de Asturias","og:type":"article","og:title":"Desciende un 39,4% el total de trabajadores afectados por medidas de regulaci\u00f3n de empleo - El Digital de Asturias","og:description":"El total de empresas que adoptaron medidas de regulaci\u00f3n de empleo hasta septiembre de 2017 fue de 1.989, 1.185 menos que en el mismo periodo del a\u00f1o anterior, lo que supone un descenso del 37,3%. \u200bEl n\u00famero total de procedimientos fue de 2.571, que supone un descenso del 37,6% respecto a 2016. Los procedimientos finalizados","og:url":"https:\/\/www.eldigitaldeasturias.com\/noticias\/desciende-un-394-el-total-de-trabajadores-afectados-por-medidas-de-regulacion-de-empleo\/","og:image":"https:\/\/www.eldigitaldeasturias.com\/noticias\/wp-content\/uploads\/2017\/11\/040917Afiliados-SS.jpg","og:image:secure_url":"https:\/\/www.eldigitaldeasturias.com\/noticias\/wp-content\/uploads\/2017\/11\/040917Afiliados-SS.jpg","og:image:width":496,"og:image:height":329,"article:tag":["econom\u00eda"],"article:published_time":"2017-11-24T21:12:46+00:00","article:modified_time":"2017-11-24T21:12:46+00:00","article:publisher":"https:\/\/facebook.com\/eldigitaldeasturias","twitter:card":"summary_large_image","twitter:title":"Desciende un 39,4% el total de trabajadores afectados por medidas de regulaci\u00f3n de empleo - El Digital de Asturias","twitter:description":"El total de empresas que adoptaron medidas de regulaci\u00f3n de empleo hasta septiembre de 2017 fue de 1.989, 1.185 menos que en el mismo periodo del a\u00f1o anterior, lo que supone un descenso del 37,3%. \u200bEl n\u00famero total de procedimientos fue de 2.571, que supone un descenso del 37,6% respecto a 2016. Los procedimientos finalizados","twitter:image":"https:\/\/www.eldigitaldeasturias.com\/noticias\/wp-content\/uploads\/2017\/11\/040917Afiliados-SS.jpg","twitter:label1":"Escrito por","twitter:data1":"El Digital de Asturias","twitter:label2":"Tiempo de lectura estimado","twitter:data2":"1 minuto"},"aioseo_meta_data":{"post_id":"961080","title":null,"description":null,"keywords":null,"keyphrases":null,"primary_term":null,"canonical_url":null,"og_title":null,"og_description":null,"og_object_type":"default","og_image_type":"default","og_image_url":null,"og_image_width":null,"og_image_height":null,"og_image_custom_url":null,"og_image_custom_fields":null,"og_video":null,"og_custom_url":null,"og_article_section":null,"og_article_tags":null,"twitter_use_og":false,"twitter_card":"default","twitter_image_type":"default","twitter_image_url":null,"twitter_image_custom_url":null,"twitter_image_custom_fields":null,"twitter_title":null,"twitter_description":null,"schema":{"blockGraphs":[],"customGraphs":[],"default":{"data":{"Article":[],"Course":[],"Dataset":[],"FAQPage":[],"Movie":[],"Person":[],"Product":[],"ProductReview":[],"Car":[],"Recipe":[],"Service":[],"SoftwareApplication":[],"WebPage":[]},"graphName":"","isEnabled":true},"graphs":[]},"schema_type":null,"schema_type_options":null,"pillar_content":false,"robots_default":true,"robots_noindex":false,"robots_noarchive":false,"robots_nosnippet":false,"robots_nofollow":false,"robots_noimageindex":false,"robots_noodp":false,"robots_notranslate":false,"robots_max_snippet":null,"robots_max_videopreview":null,"robots_max_imagepreview":"large","priority":null,"frequency":null,"local_seo":null,"seo_analyzer_scan_date":"2025-12-07 07:38:10","breadcrumb_settings":null,"limit_modified_date":false,"open_ai":null,"ai":null,"created":"2020-12-21 12:50:39","updated":"2025-12-07 07:38:10"},"aioseo_breadcrumb":"<div class=\"aioseo-breadcrumbs\"><span class=\"aioseo-breadcrumb\">\n\t<a href=\"https:\/\/www.eldigitaldeasturias.com\/noticias\" title=\"Home\">Home<\/a>\n<\/span><span class=\"aioseo-breadcrumb-separator\">\u2013<\/span><span class=\"aioseo-breadcrumb\">\n\t<a href=\"https:\/\/www.eldigitaldeasturias.com\/noticias\/category\/economia\/\" title=\"Econom\u00eda\">Econom\u00eda<\/a>\n<\/span><span class=\"aioseo-breadcrumb-separator\">\u2013<\/span><span class=\"aioseo-breadcrumb\">\n\t<a href=\"https:\/\/www.eldigitaldeasturias.com\/noticias\/desciende-un-394-el-total-de-trabajadores-afectados-por-medidas-de-regulacion-de-empleo\/\" title=\"Desciende un 39,4% el total de trabajadores afectados por medidas de regulaci\u00f3n de empleo\">Desciende un 39,4% el total de trabajadores afectados por medidas de regulaci\u00f3n de empleo<\/a>\n<\/span><\/div>","aioseo_breadcrumb_json":[{"label":"Home","link":"https:\/\/www.eldigitaldeasturias.com\/noticias"},{"label":"Econom\u00eda","link":"https:\/\/www.eldigitaldeasturias.com\/noticias\/category\/economia\/"},{"label":"Desciende un 39,4% el total de trabajadores afectados por medidas de regulaci\u00f3n de empleo","link":"https:\/\/www.eldigitaldeasturias.com\/noticias\/desciende-un-394-el-total-de-trabajadores-afectados-por-medidas-de-regulacion-de-empleo\/"}],"_links":{"self":[{"href":"https:\/\/www.eldigitaldeasturias.com\/noticias\/wp-json\/wp\/v2\/posts\/961080","targetHints":{"allow":["GET"]}}],"collection":[{"href":"https:\/\/www.eldigitaldeasturias.com\/noticias\/wp-json\/wp\/v2\/posts"}],"about":[{"href":"https:\/\/www.eldigitaldeasturias.com\/noticias\/wp-json\/wp\/v2\/types\/post"}],"author":[{"embeddable":true,"href":"https:\/\/www.eldigitaldeasturias.com\/noticias\/wp-json\/wp\/v2\/users\/1"}],"replies":[{"embeddable":true,"href":"https:\/\/www.eldigitaldeasturias.com\/noticias\/wp-json\/wp\/v2\/comments?post=961080"}],"version-history":[{"count":0,"href":"https:\/\/www.eldigitaldeasturias.com\/noticias\/wp-json\/wp\/v2\/posts\/961080\/revisions"}],"wp:featuredmedia":[{"embeddable":true,"href":"https:\/\/www.eldigitaldeasturias.com\/noticias\/wp-json\/wp\/v2\/media\/961081"}],"wp:attachment":[{"href":"https:\/\/www.eldigitaldeasturias.com\/noticias\/wp-json\/wp\/v2\/media?parent=961080"}],"wp:term":[{"taxonomy":"category","embeddable":true,"href":"https:\/\/www.eldigitaldeasturias.com\/noticias\/wp-json\/wp\/v2\/categories?post=961080"},{"taxonomy":"post_tag","embeddable":true,"href":"https:\/\/www.eldigitaldeasturias.com\/noticias\/wp-json\/wp\/v2\/tags?post=961080"}],"curies":[{"name":"wp","href":"https:\/\/api.w.org\/{rel}","templated":true}]}}