{"id":960915,"date":"2017-11-22T20:16:01","date_gmt":"2017-11-22T20:16:01","guid":{"rendered":"http:\/\/www.eldigitaldeasturias.com\/noticias\/?p=960915"},"modified":"2017-11-22T20:16:01","modified_gmt":"2017-11-22T20:16:01","slug":"una-jornada-celebra-el-40o-aniversario-del-ingreso-de-espana-en-el-consejo-de-europa","status":"publish","type":"post","link":"https:\/\/www.eldigitaldeasturias.com\/noticias\/una-jornada-celebra-el-40o-aniversario-del-ingreso-de-espana-en-el-consejo-de-europa\/","title":{"rendered":"Una jornada celebra el 40\u00ba aniversario del ingreso de Espa\u00f1a en el Consejo de Europa"},"content":{"rendered":"<p><img loading=\"lazy\" decoding=\"async\" class=\"alignleft size-medium wp-image-960916\" src=\"https:\/\/www.eldigitaldeasturias.com\/noticias\/wp-content\/uploads\/2017\/11\/221117Aniversario_CEuropa-360x239.jpg\" alt=\"\" width=\"360\" height=\"239\" \/>El pr\u00f3ximo 24 de noviembre se cumplen 40 a\u00f1os del ingreso de Espa\u00f1a en el Consejo de Europa. Con tal motivo, el jueves 23 el Senado y el Congreso de los Diputados acoger\u00e1n una jornada organizada bajo el t\u00edtulo \u00ab40 a\u00f1os de Estado de Derecho\u00bb.<\/p>\n<p>El acto culmina un a\u00f1o de celebraciones que tuvo su momento cumbre el pasado mes de abril con la visita de S.M. El Rey a la sede del Consejo de Europa en Estrasburgo.<\/p>\n<p>El Consejo de Europa es una organizaci\u00f3n que tiene como objetivo principal la defensa y protecci\u00f3n de la Democracia, el Estado de Derecho y los Derechos Humanos. Compuesta por 47 Estados, se trata de la instituci\u00f3n paneuropea m\u00e1s antigua. Fue fundada en 1949 y su \u00f3rgano m\u00e1s visible es el Tribunal Europeo de Derechos Humanos.<\/p>\n<p>La jornada consistir\u00e1 en una serie de actos y coloquios donde se abordar\u00e1n temas de inter\u00e9s pol\u00edtico, jur\u00eddico e institucional. El acto es una oportunidad para reiterar la unidad inseparable entre el Estado de Derecho y la Democracia, y rememorar que el acervo europeo de Derechos Humanos inspir\u00f3 desde su inicio a la democracia espa\u00f1ola.<\/p>\n<p>Pol\u00edticos, acad\u00e9micos y juristas abordar\u00e1n las circunstancias pol\u00edticas e hist\u00f3ricas del ingreso de Espa\u00f1a en el Consejo de Europa, la protecci\u00f3n de los derechos humanos y la diversidad de la cultura jur\u00eddica europea, las amenazas y fortalezas de la democracia representativa en Europa y se discutir\u00e1 sobre la Europa del Estado de derecho.<\/p>\n<p>En el acto inaugural participar\u00e1n el ministro de Asuntos Exteriores y de Cooperaci\u00f3n, el presidente del Tribunal Constitucional y el secretario general del Consejo de Europa, Thorbjorn Jagland. Asimismo, en las sesiones participar\u00e1n destacadas personalidades como el presidente del Tribunal Supremo, el ministro de Justicia, o el presidente de la Comisi\u00f3n de Venecia, \u00f3rgano europeo dedicado a la promoci\u00f3n del respeto de la ley en las democracias.<\/p>\n<p>Espa\u00f1a goza, por su compromiso con los derechos humanos dentro y fuera de nuestro pa\u00eds, de una magn\u00edfica relaci\u00f3n de colaboraci\u00f3n con el Consejo de Europa. Lo demuestra el hecho de que es uno de los pa\u00edses con menos condenas por habitante del Tribunal de Derechos Humanos.<\/p>\n<p>Este acto servir\u00e1 para celebrar esa colaboraci\u00f3n y supone un nuevo espaldarazo europeo al Estado de Derecho en nuestro pa\u00eds.<\/p>\n","protected":false},"excerpt":{"rendered":"<p>El pr\u00f3ximo 24 de noviembre se cumplen 40 a\u00f1os del ingreso de Espa\u00f1a en el Consejo de Europa. Con tal motivo, el jueves 23 el Senado y el Congreso de los Diputados acoger\u00e1n una jornada organizada bajo el t\u00edtulo \u00ab40 a\u00f1os de Estado de Derecho\u00bb. El acto culmina un a\u00f1o de celebraciones que tuvo su [&hellip;]<\/p>\n","protected":false},"author":1,"featured_media":960916,"comment_status":"closed","ping_status":"closed","sticky":false,"template":"","format":"standard","meta":{"footnotes":""},"categories":[1],"tags":[],"class_list":["post-960915","post","type-post","status-publish","format-standard","has-post-thumbnail","hentry","category-actualidad"],"aioseo_notices":[],"aioseo_head":"\n\t\t<!-- All in One SEO Pro 5.0.1 - aioseo.com -->\n\t<meta name=\"description\" content=\"El pr\u00f3ximo 24 de noviembre se cumplen 40 a\u00f1os del ingreso de Espa\u00f1a en el Consejo de Europa. Con tal motivo, el jueves 23 el Senado y el Congreso de los Diputados acoger\u00e1n una jornada organizada bajo el t\u00edtulo &quot;40 a\u00f1os de Estado de Derecho&quot;. El acto culmina un a\u00f1o de celebraciones que tuvo su\" \/>\n\t<meta name=\"robots\" content=\"max-image-preview:large\" \/>\n\t<meta name=\"author\" content=\"El Digital de Asturias\"\/>\n\t<meta name=\"google-site-verification\" content=\"UA-38556648-1\" \/>\n\t<meta name=\"msvalidate.01\" content=\"7dfe9f3f1b24437ab69f4f2559babe99\" \/>\n\t<meta name=\"keywords\" content=\"actualidad\" \/>\n\t<link rel=\"canonical\" href=\"https:\/\/www.eldigitaldeasturias.com\/noticias\/una-jornada-celebra-el-40o-aniversario-del-ingreso-de-espana-en-el-consejo-de-europa\/\" \/>\n\t<meta name=\"generator\" content=\"All in One SEO Pro (AIOSEO) 5.0.1\" \/>\n\t\t<meta property=\"og:locale\" content=\"es_ES\" \/>\n\t\t<meta property=\"og:site_name\" content=\"El Digital de Asturias\" \/>\n\t\t<meta property=\"og:type\" content=\"article\" \/>\n\t\t<meta property=\"og:title\" content=\"Una jornada celebra el 40\u00ba aniversario del ingreso de Espa\u00f1a en el Consejo de Europa - El Digital de Asturias\" \/>\n\t\t<meta property=\"og:description\" content=\"El pr\u00f3ximo 24 de noviembre se cumplen 40 a\u00f1os del ingreso de Espa\u00f1a en el Consejo de Europa. Con tal motivo, el jueves 23 el Senado y el Congreso de los Diputados acoger\u00e1n una jornada organizada bajo el t\u00edtulo &quot;40 a\u00f1os de Estado de Derecho&quot;. El acto culmina un a\u00f1o de celebraciones que tuvo su\" \/>\n\t\t<meta property=\"og:url\" content=\"https:\/\/www.eldigitaldeasturias.com\/noticias\/una-jornada-celebra-el-40o-aniversario-del-ingreso-de-espana-en-el-consejo-de-europa\/\" \/>\n\t\t<meta property=\"article:tag\" content=\"actualidad\" \/>\n\t\t<meta property=\"article:published_time\" content=\"2017-11-22T20:16:01+00:00\" \/>\n\t\t<meta property=\"article:modified_time\" content=\"2017-11-22T20:16:01+00:00\" \/>\n\t\t<meta property=\"article:publisher\" content=\"https:\/\/facebook.com\/eldigitaldeasturias\" \/>\n\t\t<meta name=\"twitter:card\" content=\"summary_large_image\" \/>\n\t\t<meta name=\"twitter:title\" content=\"Una jornada celebra el 40\u00ba aniversario del ingreso de Espa\u00f1a en el Consejo de Europa - El Digital de Asturias\" \/>\n\t\t<meta name=\"twitter:description\" content=\"El pr\u00f3ximo 24 de noviembre se cumplen 40 a\u00f1os del ingreso de Espa\u00f1a en el Consejo de Europa. Con tal motivo, el jueves 23 el Senado y el Congreso de los Diputados acoger\u00e1n una jornada organizada bajo el t\u00edtulo &quot;40 a\u00f1os de Estado de Derecho&quot;. El acto culmina un a\u00f1o de celebraciones que tuvo su\" \/>\n\t\t<meta name=\"twitter:image\" content=\"https:\/\/www.eldigitaldeasturias.com\/noticias\/wp-content\/uploads\/2020\/12\/EDA-1.jpg\" \/>\n\t\t<meta name=\"twitter:label1\" content=\"Escrito por\" \/>\n\t\t<meta name=\"twitter:data1\" content=\"El Digital de Asturias\" \/>\n\t\t<meta name=\"twitter:label2\" content=\"Tiempo de lectura estimado\" \/>\n\t\t<meta name=\"twitter:data2\" content=\"2 minutos\" \/>\n\t\t<script type=\"application\/ld+json\" class=\"aioseo-schema\">\n\t\t\t{\"@context\":\"https:\\\/\\\/schema.org\",\"@graph\":[{\"@type\":\"BlogPosting\",\"@id\":\"https:\\\/\\\/www.eldigitaldeasturias.com\\\/noticias\\\/una-jornada-celebra-el-40o-aniversario-del-ingreso-de-espana-en-el-consejo-de-europa\\\/#blogposting\",\"name\":\"Una jornada celebra el 40\\u00ba aniversario del ingreso de Espa\\u00f1a en el Consejo de Europa - El Digital de Asturias\",\"headline\":\"Una jornada celebra el 40\\u00ba aniversario del ingreso de Espa\\u00f1a en el Consejo de Europa\",\"author\":{\"@id\":\"https:\\\/\\\/www.eldigitaldeasturias.com\\\/noticias\\\/author\\\/admin\\\/#author\"},\"publisher\":{\"@id\":\"https:\\\/\\\/www.eldigitaldeasturias.com\\\/noticias\\\/#organization\"},\"image\":{\"@type\":\"ImageObject\",\"url\":960916},\"datePublished\":\"2017-11-22T20:16:01+01:00\",\"dateModified\":\"2017-11-22T20:16:01+01:00\",\"inLanguage\":\"es-ES\",\"mainEntityOfPage\":{\"@id\":\"https:\\\/\\\/www.eldigitaldeasturias.com\\\/noticias\\\/una-jornada-celebra-el-40o-aniversario-del-ingreso-de-espana-en-el-consejo-de-europa\\\/#webpage\"},\"isPartOf\":{\"@id\":\"https:\\\/\\\/www.eldigitaldeasturias.com\\\/noticias\\\/una-jornada-celebra-el-40o-aniversario-del-ingreso-de-espana-en-el-consejo-de-europa\\\/#webpage\"},\"articleSection\":\"Actualidad\"},{\"@type\":\"BreadcrumbList\",\"@id\":\"https:\\\/\\\/www.eldigitaldeasturias.com\\\/noticias\\\/una-jornada-celebra-el-40o-aniversario-del-ingreso-de-espana-en-el-consejo-de-europa\\\/#breadcrumblist\",\"itemListElement\":[{\"@type\":\"ListItem\",\"@id\":\"https:\\\/\\\/www.eldigitaldeasturias.com\\\/noticias#listItem\",\"position\":1,\"name\":\"Home\",\"item\":\"https:\\\/\\\/www.eldigitaldeasturias.com\\\/noticias\",\"nextItem\":{\"@type\":\"ListItem\",\"@id\":\"https:\\\/\\\/www.eldigitaldeasturias.com\\\/noticias\\\/category\\\/actualidad\\\/#listItem\",\"name\":\"Actualidad\"}},{\"@type\":\"ListItem\",\"@id\":\"https:\\\/\\\/www.eldigitaldeasturias.com\\\/noticias\\\/category\\\/actualidad\\\/#listItem\",\"position\":2,\"name\":\"Actualidad\",\"item\":\"https:\\\/\\\/www.eldigitaldeasturias.com\\\/noticias\\\/category\\\/actualidad\\\/\",\"nextItem\":{\"@type\":\"ListItem\",\"@id\":\"https:\\\/\\\/www.eldigitaldeasturias.com\\\/noticias\\\/una-jornada-celebra-el-40o-aniversario-del-ingreso-de-espana-en-el-consejo-de-europa\\\/#listItem\",\"name\":\"Una jornada celebra el 40\\u00ba aniversario del ingreso de Espa\\u00f1a en el Consejo de Europa\"},\"previousItem\":{\"@type\":\"ListItem\",\"@id\":\"https:\\\/\\\/www.eldigitaldeasturias.com\\\/noticias#listItem\",\"name\":\"Home\"}},{\"@type\":\"ListItem\",\"@id\":\"https:\\\/\\\/www.eldigitaldeasturias.com\\\/noticias\\\/una-jornada-celebra-el-40o-aniversario-del-ingreso-de-espana-en-el-consejo-de-europa\\\/#listItem\",\"position\":3,\"name\":\"Una jornada celebra el 40\\u00ba aniversario del ingreso de Espa\\u00f1a en el Consejo de Europa\",\"previousItem\":{\"@type\":\"ListItem\",\"@id\":\"https:\\\/\\\/www.eldigitaldeasturias.com\\\/noticias\\\/category\\\/actualidad\\\/#listItem\",\"name\":\"Actualidad\"}}]},{\"@type\":\"Organization\",\"@id\":\"https:\\\/\\\/www.eldigitaldeasturias.com\\\/noticias\\\/#organization\",\"name\":\"El Digital de Asturias\",\"description\":\"Hemeroteca\",\"url\":\"https:\\\/\\\/www.eldigitaldeasturias.com\\\/noticias\\\/\",\"email\":\"info@eldigitaldeasturias.com\",\"telephone\":\"+34652131393\",\"logo\":{\"@type\":\"ImageObject\",\"url\":\"https:\\\/\\\/www.eldigitaldeasturias.com\\\/noticias\\\/wp-content\\\/uploads\\\/2020\\\/12\\\/EDA.jpg\",\"@id\":\"https:\\\/\\\/www.eldigitaldeasturias.com\\\/noticias\\\/una-jornada-celebra-el-40o-aniversario-del-ingreso-de-espana-en-el-consejo-de-europa\\\/#organizationLogo\"},\"image\":{\"@id\":\"https:\\\/\\\/www.eldigitaldeasturias.com\\\/noticias\\\/una-jornada-celebra-el-40o-aniversario-del-ingreso-de-espana-en-el-consejo-de-europa\\\/#organizationLogo\"},\"sameAs\":[\"https:\\\/\\\/facebook.com\\\/eldigitaldeasturias\",\"https:\\\/\\\/www.youtube.com\\\/channel\\\/UCZP-2wLEB9Rv6erhFmqVnvg\"],\"address\":{\"@id\":\"https:\\\/\\\/www.eldigitaldeasturias.com\\\/noticias\\\/#postaladdress\",\"@type\":\"PostalAddress\",\"streetAddress\":\"san antonio 4\",\"postalCode\":\"33430\",\"addressLocality\":\"Cand\\u00e1s\",\"addressRegion\":\"Asturias\",\"addressCountry\":\"ES\"}},{\"@type\":\"Person\",\"@id\":\"https:\\\/\\\/www.eldigitaldeasturias.com\\\/noticias\\\/author\\\/admin\\\/#author\",\"url\":\"https:\\\/\\\/www.eldigitaldeasturias.com\\\/noticias\\\/author\\\/admin\\\/\",\"name\":\"El Digital de Asturias\",\"image\":{\"@type\":\"ImageObject\",\"@id\":\"https:\\\/\\\/www.eldigitaldeasturias.com\\\/noticias\\\/una-jornada-celebra-el-40o-aniversario-del-ingreso-de-espana-en-el-consejo-de-europa\\\/#authorImage\",\"url\":\"https:\\\/\\\/secure.gravatar.com\\\/avatar\\\/df2aeffc32bcd13f8d26072ef8a91b623d677766deac7f97ca815868cd41bf5e?s=96&d=mm&r=g\",\"width\":96,\"height\":96,\"caption\":\"El Digital de Asturias\"}},{\"@type\":\"WebPage\",\"@id\":\"https:\\\/\\\/www.eldigitaldeasturias.com\\\/noticias\\\/una-jornada-celebra-el-40o-aniversario-del-ingreso-de-espana-en-el-consejo-de-europa\\\/#webpage\",\"url\":\"https:\\\/\\\/www.eldigitaldeasturias.com\\\/noticias\\\/una-jornada-celebra-el-40o-aniversario-del-ingreso-de-espana-en-el-consejo-de-europa\\\/\",\"name\":\"Una jornada celebra el 40\\u00ba aniversario del ingreso de Espa\\u00f1a en el Consejo de Europa - El Digital de Asturias\",\"description\":\"El pr\\u00f3ximo 24 de noviembre se cumplen 40 a\\u00f1os del ingreso de Espa\\u00f1a en el Consejo de Europa. Con tal motivo, el jueves 23 el Senado y el Congreso de los Diputados acoger\\u00e1n una jornada organizada bajo el t\\u00edtulo \\\"40 a\\u00f1os de Estado de Derecho\\\". El acto culmina un a\\u00f1o de celebraciones que tuvo su\",\"inLanguage\":\"es-ES\",\"isPartOf\":{\"@id\":\"https:\\\/\\\/www.eldigitaldeasturias.com\\\/noticias\\\/#website\"},\"breadcrumb\":{\"@id\":\"https:\\\/\\\/www.eldigitaldeasturias.com\\\/noticias\\\/una-jornada-celebra-el-40o-aniversario-del-ingreso-de-espana-en-el-consejo-de-europa\\\/#breadcrumblist\"},\"author\":{\"@id\":\"https:\\\/\\\/www.eldigitaldeasturias.com\\\/noticias\\\/author\\\/admin\\\/#author\"},\"creator\":{\"@id\":\"https:\\\/\\\/www.eldigitaldeasturias.com\\\/noticias\\\/author\\\/admin\\\/#author\"},\"image\":{\"@type\":\"ImageObject\",\"url\":960916,\"@id\":\"https:\\\/\\\/www.eldigitaldeasturias.com\\\/noticias\\\/una-jornada-celebra-el-40o-aniversario-del-ingreso-de-espana-en-el-consejo-de-europa\\\/#mainImage\"},\"primaryImageOfPage\":{\"@id\":\"https:\\\/\\\/www.eldigitaldeasturias.com\\\/noticias\\\/una-jornada-celebra-el-40o-aniversario-del-ingreso-de-espana-en-el-consejo-de-europa\\\/#mainImage\"},\"datePublished\":\"2017-11-22T20:16:01+01:00\",\"dateModified\":\"2017-11-22T20:16:01+01:00\"},{\"@type\":\"WebSite\",\"@id\":\"https:\\\/\\\/www.eldigitaldeasturias.com\\\/noticias\\\/#website\",\"url\":\"https:\\\/\\\/www.eldigitaldeasturias.com\\\/noticias\\\/\",\"name\":\"El Digital de Asturias - Diario de actualidad y noticias\",\"alternateName\":\"El Digital de Asturias - Diario de actualidad y noticias\",\"description\":\"Hemeroteca\",\"inLanguage\":\"es-ES\",\"publisher\":{\"@id\":\"https:\\\/\\\/www.eldigitaldeasturias.com\\\/noticias\\\/#organization\"}}]}\n\t\t<\/script>\n\t\t<!-- All in One SEO Pro -->\r\n\t\t<title>Una jornada celebra el 40\u00ba aniversario del ingreso de Espa\u00f1a en el Consejo de Europa - El Digital de Asturias<\/title>\n\n","aioseo_head_json":{"title":"Una jornada celebra el 40\u00ba aniversario del ingreso de Espa\u00f1a en el Consejo de Europa - El Digital de Asturias","description":"El pr\u00f3ximo 24 de noviembre se cumplen 40 a\u00f1os del ingreso de Espa\u00f1a en el Consejo de Europa. Con tal motivo, el jueves 23 el Senado y el Congreso de los Diputados acoger\u00e1n una jornada organizada bajo el t\u00edtulo \"40 a\u00f1os de Estado de Derecho\". El acto culmina un a\u00f1o de celebraciones que tuvo su","canonical_url":"https:\/\/www.eldigitaldeasturias.com\/noticias\/una-jornada-celebra-el-40o-aniversario-del-ingreso-de-espana-en-el-consejo-de-europa\/","robots":"max-image-preview:large","keywords":"actualidad","webmasterTools":{"google-site-verification":"UA-38556648-1","msvalidate.01":"7dfe9f3f1b24437ab69f4f2559babe99","miscellaneous":""},"schema":{"@context":"https:\/\/schema.org","@graph":[{"@type":"BlogPosting","@id":"https:\/\/www.eldigitaldeasturias.com\/noticias\/una-jornada-celebra-el-40o-aniversario-del-ingreso-de-espana-en-el-consejo-de-europa\/#blogposting","name":"Una jornada celebra el 40\u00ba aniversario del ingreso de Espa\u00f1a en el Consejo de Europa - El Digital de Asturias","headline":"Una jornada celebra el 40\u00ba aniversario del ingreso de Espa\u00f1a en el Consejo de Europa","author":{"@id":"https:\/\/www.eldigitaldeasturias.com\/noticias\/author\/admin\/#author"},"publisher":{"@id":"https:\/\/www.eldigitaldeasturias.com\/noticias\/#organization"},"image":{"@type":"ImageObject","url":960916},"datePublished":"2017-11-22T20:16:01+01:00","dateModified":"2017-11-22T20:16:01+01:00","inLanguage":"es-ES","mainEntityOfPage":{"@id":"https:\/\/www.eldigitaldeasturias.com\/noticias\/una-jornada-celebra-el-40o-aniversario-del-ingreso-de-espana-en-el-consejo-de-europa\/#webpage"},"isPartOf":{"@id":"https:\/\/www.eldigitaldeasturias.com\/noticias\/una-jornada-celebra-el-40o-aniversario-del-ingreso-de-espana-en-el-consejo-de-europa\/#webpage"},"articleSection":"Actualidad"},{"@type":"BreadcrumbList","@id":"https:\/\/www.eldigitaldeasturias.com\/noticias\/una-jornada-celebra-el-40o-aniversario-del-ingreso-de-espana-en-el-consejo-de-europa\/#breadcrumblist","itemListElement":[{"@type":"ListItem","@id":"https:\/\/www.eldigitaldeasturias.com\/noticias#listItem","position":1,"name":"Home","item":"https:\/\/www.eldigitaldeasturias.com\/noticias","nextItem":{"@type":"ListItem","@id":"https:\/\/www.eldigitaldeasturias.com\/noticias\/category\/actualidad\/#listItem","name":"Actualidad"}},{"@type":"ListItem","@id":"https:\/\/www.eldigitaldeasturias.com\/noticias\/category\/actualidad\/#listItem","position":2,"name":"Actualidad","item":"https:\/\/www.eldigitaldeasturias.com\/noticias\/category\/actualidad\/","nextItem":{"@type":"ListItem","@id":"https:\/\/www.eldigitaldeasturias.com\/noticias\/una-jornada-celebra-el-40o-aniversario-del-ingreso-de-espana-en-el-consejo-de-europa\/#listItem","name":"Una jornada celebra el 40\u00ba aniversario del ingreso de Espa\u00f1a en el Consejo de Europa"},"previousItem":{"@type":"ListItem","@id":"https:\/\/www.eldigitaldeasturias.com\/noticias#listItem","name":"Home"}},{"@type":"ListItem","@id":"https:\/\/www.eldigitaldeasturias.com\/noticias\/una-jornada-celebra-el-40o-aniversario-del-ingreso-de-espana-en-el-consejo-de-europa\/#listItem","position":3,"name":"Una jornada celebra el 40\u00ba aniversario del ingreso de Espa\u00f1a en el Consejo de Europa","previousItem":{"@type":"ListItem","@id":"https:\/\/www.eldigitaldeasturias.com\/noticias\/category\/actualidad\/#listItem","name":"Actualidad"}}]},{"@type":"Organization","@id":"https:\/\/www.eldigitaldeasturias.com\/noticias\/#organization","name":"El Digital de Asturias","description":"Hemeroteca","url":"https:\/\/www.eldigitaldeasturias.com\/noticias\/","email":"info@eldigitaldeasturias.com","telephone":"+34652131393","logo":{"@type":"ImageObject","url":"https:\/\/www.eldigitaldeasturias.com\/noticias\/wp-content\/uploads\/2020\/12\/EDA.jpg","@id":"https:\/\/www.eldigitaldeasturias.com\/noticias\/una-jornada-celebra-el-40o-aniversario-del-ingreso-de-espana-en-el-consejo-de-europa\/#organizationLogo"},"image":{"@id":"https:\/\/www.eldigitaldeasturias.com\/noticias\/una-jornada-celebra-el-40o-aniversario-del-ingreso-de-espana-en-el-consejo-de-europa\/#organizationLogo"},"sameAs":["https:\/\/facebook.com\/eldigitaldeasturias","https:\/\/www.youtube.com\/channel\/UCZP-2wLEB9Rv6erhFmqVnvg"],"address":{"@id":"https:\/\/www.eldigitaldeasturias.com\/noticias\/#postaladdress","@type":"PostalAddress","streetAddress":"san antonio 4","postalCode":"33430","addressLocality":"Cand\u00e1s","addressRegion":"Asturias","addressCountry":"ES"}},{"@type":"Person","@id":"https:\/\/www.eldigitaldeasturias.com\/noticias\/author\/admin\/#author","url":"https:\/\/www.eldigitaldeasturias.com\/noticias\/author\/admin\/","name":"El Digital de Asturias","image":{"@type":"ImageObject","@id":"https:\/\/www.eldigitaldeasturias.com\/noticias\/una-jornada-celebra-el-40o-aniversario-del-ingreso-de-espana-en-el-consejo-de-europa\/#authorImage","url":"https:\/\/secure.gravatar.com\/avatar\/df2aeffc32bcd13f8d26072ef8a91b623d677766deac7f97ca815868cd41bf5e?s=96&d=mm&r=g","width":96,"height":96,"caption":"El Digital de Asturias"}},{"@type":"WebPage","@id":"https:\/\/www.eldigitaldeasturias.com\/noticias\/una-jornada-celebra-el-40o-aniversario-del-ingreso-de-espana-en-el-consejo-de-europa\/#webpage","url":"https:\/\/www.eldigitaldeasturias.com\/noticias\/una-jornada-celebra-el-40o-aniversario-del-ingreso-de-espana-en-el-consejo-de-europa\/","name":"Una jornada celebra el 40\u00ba aniversario del ingreso de Espa\u00f1a en el Consejo de Europa - El Digital de Asturias","description":"El pr\u00f3ximo 24 de noviembre se cumplen 40 a\u00f1os del ingreso de Espa\u00f1a en el Consejo de Europa. Con tal motivo, el jueves 23 el Senado y el Congreso de los Diputados acoger\u00e1n una jornada organizada bajo el t\u00edtulo \"40 a\u00f1os de Estado de Derecho\". El acto culmina un a\u00f1o de celebraciones que tuvo su","inLanguage":"es-ES","isPartOf":{"@id":"https:\/\/www.eldigitaldeasturias.com\/noticias\/#website"},"breadcrumb":{"@id":"https:\/\/www.eldigitaldeasturias.com\/noticias\/una-jornada-celebra-el-40o-aniversario-del-ingreso-de-espana-en-el-consejo-de-europa\/#breadcrumblist"},"author":{"@id":"https:\/\/www.eldigitaldeasturias.com\/noticias\/author\/admin\/#author"},"creator":{"@id":"https:\/\/www.eldigitaldeasturias.com\/noticias\/author\/admin\/#author"},"image":{"@type":"ImageObject","url":960916,"@id":"https:\/\/www.eldigitaldeasturias.com\/noticias\/una-jornada-celebra-el-40o-aniversario-del-ingreso-de-espana-en-el-consejo-de-europa\/#mainImage"},"primaryImageOfPage":{"@id":"https:\/\/www.eldigitaldeasturias.com\/noticias\/una-jornada-celebra-el-40o-aniversario-del-ingreso-de-espana-en-el-consejo-de-europa\/#mainImage"},"datePublished":"2017-11-22T20:16:01+01:00","dateModified":"2017-11-22T20:16:01+01:00"},{"@type":"WebSite","@id":"https:\/\/www.eldigitaldeasturias.com\/noticias\/#website","url":"https:\/\/www.eldigitaldeasturias.com\/noticias\/","name":"El Digital de Asturias - Diario de actualidad y noticias","alternateName":"El Digital de Asturias - Diario de actualidad y noticias","description":"Hemeroteca","inLanguage":"es-ES","publisher":{"@id":"https:\/\/www.eldigitaldeasturias.com\/noticias\/#organization"}}]},"og:locale":"es_ES","og:site_name":"El Digital de Asturias","og:type":"article","og:title":"Una jornada celebra el 40\u00ba aniversario del ingreso de Espa\u00f1a en el Consejo de Europa - El Digital de Asturias","og:description":"El pr\u00f3ximo 24 de noviembre se cumplen 40 a\u00f1os del ingreso de Espa\u00f1a en el Consejo de Europa. Con tal motivo, el jueves 23 el Senado y el Congreso de los Diputados acoger\u00e1n una jornada organizada bajo el t\u00edtulo &quot;40 a\u00f1os de Estado de Derecho&quot;. El acto culmina un a\u00f1o de celebraciones que tuvo su","og:url":"https:\/\/www.eldigitaldeasturias.com\/noticias\/una-jornada-celebra-el-40o-aniversario-del-ingreso-de-espana-en-el-consejo-de-europa\/","article:tag":["actualidad"],"article:published_time":"2017-11-22T20:16:01+00:00","article:modified_time":"2017-11-22T20:16:01+00:00","article:publisher":"https:\/\/facebook.com\/eldigitaldeasturias","twitter:card":"summary_large_image","twitter:title":"Una jornada celebra el 40\u00ba aniversario del ingreso de Espa\u00f1a en el Consejo de Europa - El Digital de Asturias","twitter:description":"El pr\u00f3ximo 24 de noviembre se cumplen 40 a\u00f1os del ingreso de Espa\u00f1a en el Consejo de Europa. Con tal motivo, el jueves 23 el Senado y el Congreso de los Diputados acoger\u00e1n una jornada organizada bajo el t\u00edtulo &quot;40 a\u00f1os de Estado de Derecho&quot;. El acto culmina un a\u00f1o de celebraciones que tuvo su","twitter:image":"https:\/\/www.eldigitaldeasturias.com\/noticias\/wp-content\/uploads\/2020\/12\/EDA-1.jpg","twitter:label1":"Escrito por","twitter:data1":"El Digital de Asturias","twitter:label2":"Tiempo de lectura estimado","twitter:data2":"2 minutos"},"aioseo_meta_data":{"post_id":"960915","title":null,"description":null,"keywords":null,"keyphrases":null,"primary_term":null,"canonical_url":null,"og_title":null,"og_description":null,"og_object_type":"default","og_image_type":"default","og_image_url":null,"og_image_width":null,"og_image_height":null,"og_image_custom_url":null,"og_image_custom_fields":null,"og_video":null,"og_custom_url":null,"og_article_section":null,"og_article_tags":null,"twitter_use_og":false,"twitter_card":"default","twitter_image_type":"default","twitter_image_url":null,"twitter_image_custom_url":null,"twitter_image_custom_fields":null,"twitter_title":null,"twitter_description":null,"schema":{"blockGraphs":[],"customGraphs":[],"default":{"data":{"Article":[],"Course":[],"Dataset":[],"FAQPage":[],"Movie":[],"Person":[],"Product":[],"ProductReview":[],"Car":[],"Recipe":[],"Service":[],"SoftwareApplication":[],"WebPage":[]},"graphName":"","isEnabled":true},"graphs":[]},"schema_type":null,"schema_type_options":null,"pillar_content":false,"robots_default":true,"robots_noindex":false,"robots_noarchive":false,"robots_nosnippet":false,"robots_nofollow":false,"robots_noimageindex":false,"robots_noodp":false,"robots_notranslate":false,"robots_max_snippet":null,"robots_max_videopreview":null,"robots_max_imagepreview":"large","priority":null,"frequency":null,"local_seo":null,"seo_analyzer_scan_date":"2025-12-07 07:00:09","breadcrumb_settings":null,"limit_modified_date":false,"open_ai":null,"ai":null,"created":"2020-12-21 12:50:40","updated":"2025-12-07 07:00:09","focus_keyword":null,"additional_keywords":null,"truseo_locale":null},"aioseo_breadcrumb":"<div class=\"aioseo-breadcrumbs\"><span class=\"aioseo-breadcrumb\">\n\t<a href=\"https:\/\/www.eldigitaldeasturias.com\/noticias\" title=\"Home\">Home<\/a>\n<\/span><span class=\"aioseo-breadcrumb-separator\">\u2013<\/span><span class=\"aioseo-breadcrumb\">\n\t<a href=\"https:\/\/www.eldigitaldeasturias.com\/noticias\/category\/actualidad\/\" title=\"Actualidad\">Actualidad<\/a>\n<\/span><span class=\"aioseo-breadcrumb-separator\">\u2013<\/span><span class=\"aioseo-breadcrumb\">\n\t<a href=\"https:\/\/www.eldigitaldeasturias.com\/noticias\/una-jornada-celebra-el-40o-aniversario-del-ingreso-de-espana-en-el-consejo-de-europa\/\" title=\"Una jornada celebra el 40\u00ba aniversario del ingreso de Espa\u00f1a en el Consejo de Europa\">Una jornada celebra el 40\u00ba aniversario del ingreso de Espa\u00f1a en el Consejo de Europa<\/a>\n<\/span><\/div>","aioseo_breadcrumb_json":[{"label":"Home","link":"https:\/\/www.eldigitaldeasturias.com\/noticias"},{"label":"Actualidad","link":"https:\/\/www.eldigitaldeasturias.com\/noticias\/category\/actualidad\/"},{"label":"Una jornada celebra el 40\u00ba aniversario del ingreso de Espa\u00f1a en el Consejo de Europa","link":"https:\/\/www.eldigitaldeasturias.com\/noticias\/una-jornada-celebra-el-40o-aniversario-del-ingreso-de-espana-en-el-consejo-de-europa\/"}],"_links":{"self":[{"href":"https:\/\/www.eldigitaldeasturias.com\/noticias\/wp-json\/wp\/v2\/posts\/960915","targetHints":{"allow":["GET"]}}],"collection":[{"href":"https:\/\/www.eldigitaldeasturias.com\/noticias\/wp-json\/wp\/v2\/posts"}],"about":[{"href":"https:\/\/www.eldigitaldeasturias.com\/noticias\/wp-json\/wp\/v2\/types\/post"}],"author":[{"embeddable":true,"href":"https:\/\/www.eldigitaldeasturias.com\/noticias\/wp-json\/wp\/v2\/users\/1"}],"replies":[{"embeddable":true,"href":"https:\/\/www.eldigitaldeasturias.com\/noticias\/wp-json\/wp\/v2\/comments?post=960915"}],"version-history":[{"count":0,"href":"https:\/\/www.eldigitaldeasturias.com\/noticias\/wp-json\/wp\/v2\/posts\/960915\/revisions"}],"wp:attachment":[{"href":"https:\/\/www.eldigitaldeasturias.com\/noticias\/wp-json\/wp\/v2\/media?parent=960915"}],"wp:term":[{"taxonomy":"category","embeddable":true,"href":"https:\/\/www.eldigitaldeasturias.com\/noticias\/wp-json\/wp\/v2\/categories?post=960915"},{"taxonomy":"post_tag","embeddable":true,"href":"https:\/\/www.eldigitaldeasturias.com\/noticias\/wp-json\/wp\/v2\/tags?post=960915"}],"curies":[{"name":"wp","href":"https:\/\/api.w.org\/{rel}","templated":true}]}}