{"id":960909,"date":"2017-11-22T20:05:19","date_gmt":"2017-11-22T20:05:19","guid":{"rendered":"http:\/\/www.eldigitaldeasturias.com\/noticias\/?p=960909"},"modified":"2017-11-22T20:06:08","modified_gmt":"2017-11-22T20:06:08","slug":"el-periodo-medio-de-pago-de-las-ccaa-se-mantiene-por-decimo-mes-consecutivo-por-debajo-de-los-30-dias","status":"publish","type":"post","link":"https:\/\/www.eldigitaldeasturias.com\/noticias\/el-periodo-medio-de-pago-de-las-ccaa-se-mantiene-por-decimo-mes-consecutivo-por-debajo-de-los-30-dias\/","title":{"rendered":"El Periodo Medio de Pago de las CCAA se mantiene por d\u00e9cimo mes consecutivo por debajo de los 30 d\u00edas"},"content":{"rendered":"<p><img loading=\"lazy\" decoding=\"async\" class=\"alignleft size-medium wp-image-822740\" src=\"https:\/\/www.eldigitaldeasturias.com\/noticias\/wp-content\/uploads\/2015\/11\/euros-360x241.jpg\" alt=\"\" width=\"360\" height=\"241\" srcset=\"https:\/\/www.eldigitaldeasturias.com\/noticias\/wp-content\/uploads\/2015\/11\/euros-360x241.jpg 360w, https:\/\/www.eldigitaldeasturias.com\/noticias\/wp-content\/uploads\/2015\/11\/euros-696x466.jpg 696w, https:\/\/www.eldigitaldeasturias.com\/noticias\/wp-content\/uploads\/2015\/11\/euros-627x420.jpg 627w, https:\/\/www.eldigitaldeasturias.com\/noticias\/wp-content\/uploads\/2015\/11\/euros-768x515.jpg 768w, https:\/\/www.eldigitaldeasturias.com\/noticias\/wp-content\/uploads\/2015\/11\/euros-650x436.jpg 650w, https:\/\/www.eldigitaldeasturias.com\/noticias\/wp-content\/uploads\/2015\/11\/euros.jpg 800w\" sizes=\"auto, (max-width: 360px) 100vw, 360px\" \/>El Periodo Medio de Pago a Proveedores (PMP) del mes de septiembre se ha situado en 27,16 d\u00edas para el conjunto de las Comunidades Aut\u00f3nomas, lo que supone una reducci\u00f3n de 1,09 d\u00edas con respecto al mes anterior, un 3,86%.<\/p>\n<p>\u200bLa variaci\u00f3n del PMP se debe fundamentalmente al incremento en 5,86 d\u00edas en la ratio de operaciones pagadas, pasando de 19,02 a 24,88 d\u00edas; as\u00ed como a la disminuci\u00f3n en 5,09 d\u00edas en la ratio de operaciones pendientes de pago, variando de 34,24 a 29,15 d\u00edas.<\/p>\n<p>En relaci\u00f3n con el PMP global, por d\u00e9cimo mes consecutivo se sit\u00faa por debajo de los 30 d\u00edas, el plazo m\u00e1ximo legalmente previsto por la normativa de morosidad. Es decir, durante todo el ejercicio 2017, el conjunto de las comunidades aut\u00f3nomas han presentado un PMP inferior al plazo m\u00e1ximo de pago a proveedores establecido en la Ley Org\u00e1nica de Estabilidad Presupuestaria y Sostenibilidad Financiera (LOEPSF).<\/p>\n<p>De todas las comunidades aut\u00f3nomas, en esta ocasi\u00f3n incumplen el plazo de 30 d\u00edas la Comunidad Valenciana y la Regi\u00f3n de Murcia. Con respecto a los datos de agosto, destacan las disminuciones del indicador en esta \u00faltima comunidad (present\u00f3 un PMP superior a 60 d\u00edas) y en Cantabria, que ha presentado en el mes de septiembre un PMP inferior a 30 d\u00edas, pasando as\u00ed a cumplir el plazo m\u00e1ximo de pago a proveedores.<\/p>\n<p><strong>Deuda de las comunidades aut\u00f3nomas<\/strong><\/p>\n<p>La deuda comercial se ha reducido en 544,61 millones de euros, lo que supone una disminuci\u00f3n del 8,87% con respecto al mes anterior, situ\u00e1ndose en 5.597,62 millones de euros, equivalente al 0,48% del PIB nacional, lo que supone el dato m\u00e1s bajo desde el inicio de la publicaci\u00f3n de la serie (septiembre de 2014). En conjunto, desde 2012 hasta septiembre de 2017, las 14 comunidades aut\u00f3nomas que suscribieron un plan de ajuste (en t\u00e9rminos homog\u00e9neos) han reducido su deuda comercial un 80,94%.<\/p>\n<p>Respecto a la deuda no financiera, disminuye en 655,62 millones de euros (6,30% con respecto al mes anterior) y se sit\u00faa en 9.749,34 millones de euros, equivalente al 0,89% del PIB nacional. Al igual que en el caso de la deuda comercial, se trata del mejor dato publicado desde el inicio de la serie.<\/p>\n","protected":false},"excerpt":{"rendered":"<p>El Periodo Medio de Pago a Proveedores (PMP) del mes de septiembre se ha situado en 27,16 d\u00edas para el conjunto de las Comunidades Aut\u00f3nomas, lo que supone una reducci\u00f3n de 1,09 d\u00edas con respecto al mes anterior, un 3,86%. \u200bLa variaci\u00f3n del PMP se debe fundamentalmente al incremento en 5,86 d\u00edas en la ratio [&hellip;]<\/p>\n","protected":false},"author":1,"featured_media":822740,"comment_status":"closed","ping_status":"closed","sticky":false,"template":"","format":"standard","meta":{"footnotes":""},"categories":[187],"tags":[],"class_list":["post-960909","post","type-post","status-publish","format-standard","has-post-thumbnail","hentry","category-economia"],"aioseo_notices":[],"aioseo_head":"\n\t\t<!-- All in One SEO Pro 4.9.6.2 - aioseo.com -->\n\t<meta name=\"description\" content=\"El Periodo Medio de Pago a Proveedores (PMP) del mes de septiembre se ha situado en 27,16 d\u00edas para el conjunto de las Comunidades Aut\u00f3nomas, lo que supone una reducci\u00f3n de 1,09 d\u00edas con respecto al mes anterior, un 3,86%. \u200bLa variaci\u00f3n del PMP se debe fundamentalmente al incremento en 5,86 d\u00edas en la ratio\" \/>\n\t<meta name=\"robots\" content=\"max-image-preview:large\" \/>\n\t<meta name=\"author\" content=\"El Digital de Asturias\"\/>\n\t<meta name=\"google-site-verification\" content=\"UA-38556648-1\" \/>\n\t<meta name=\"msvalidate.01\" content=\"7dfe9f3f1b24437ab69f4f2559babe99\" \/>\n\t<meta name=\"keywords\" content=\"econom\u00eda\" \/>\n\t<link rel=\"canonical\" href=\"https:\/\/www.eldigitaldeasturias.com\/noticias\/el-periodo-medio-de-pago-de-las-ccaa-se-mantiene-por-decimo-mes-consecutivo-por-debajo-de-los-30-dias\/\" \/>\n\t<meta name=\"generator\" content=\"All in One SEO Pro (AIOSEO) 4.9.6.2\" \/>\n\t\t<meta property=\"og:locale\" content=\"es_ES\" \/>\n\t\t<meta property=\"og:site_name\" content=\"El Digital de Asturias\" \/>\n\t\t<meta property=\"og:type\" content=\"article\" \/>\n\t\t<meta property=\"og:title\" content=\"El Periodo Medio de Pago de las CCAA se mantiene por d\u00e9cimo mes consecutivo por debajo de los 30 d\u00edas - El Digital de Asturias\" \/>\n\t\t<meta property=\"og:description\" content=\"El Periodo Medio de Pago a Proveedores (PMP) del mes de septiembre se ha situado en 27,16 d\u00edas para el conjunto de las Comunidades Aut\u00f3nomas, lo que supone una reducci\u00f3n de 1,09 d\u00edas con respecto al mes anterior, un 3,86%. \u200bLa variaci\u00f3n del PMP se debe fundamentalmente al incremento en 5,86 d\u00edas en la ratio\" \/>\n\t\t<meta property=\"og:url\" content=\"https:\/\/www.eldigitaldeasturias.com\/noticias\/el-periodo-medio-de-pago-de-las-ccaa-se-mantiene-por-decimo-mes-consecutivo-por-debajo-de-los-30-dias\/\" \/>\n\t\t<meta property=\"og:image\" content=\"https:\/\/www.eldigitaldeasturias.com\/noticias\/wp-content\/uploads\/2015\/11\/euros.jpg\" \/>\n\t\t<meta property=\"og:image:secure_url\" content=\"https:\/\/www.eldigitaldeasturias.com\/noticias\/wp-content\/uploads\/2015\/11\/euros.jpg\" \/>\n\t\t<meta property=\"og:image:width\" content=\"800\" \/>\n\t\t<meta property=\"og:image:height\" content=\"536\" \/>\n\t\t<meta property=\"article:tag\" content=\"econom\u00eda\" \/>\n\t\t<meta property=\"article:published_time\" content=\"2017-11-22T20:05:19+00:00\" \/>\n\t\t<meta property=\"article:modified_time\" content=\"2017-11-22T20:06:08+00:00\" \/>\n\t\t<meta property=\"article:publisher\" content=\"https:\/\/facebook.com\/eldigitaldeasturias\" \/>\n\t\t<meta name=\"twitter:card\" content=\"summary_large_image\" \/>\n\t\t<meta name=\"twitter:title\" content=\"El Periodo Medio de Pago de las CCAA se mantiene por d\u00e9cimo mes consecutivo por debajo de los 30 d\u00edas - El Digital de Asturias\" \/>\n\t\t<meta name=\"twitter:description\" content=\"El Periodo Medio de Pago a Proveedores (PMP) del mes de septiembre se ha situado en 27,16 d\u00edas para el conjunto de las Comunidades Aut\u00f3nomas, lo que supone una reducci\u00f3n de 1,09 d\u00edas con respecto al mes anterior, un 3,86%. \u200bLa variaci\u00f3n del PMP se debe fundamentalmente al incremento en 5,86 d\u00edas en la ratio\" \/>\n\t\t<meta name=\"twitter:image\" content=\"https:\/\/www.eldigitaldeasturias.com\/noticias\/wp-content\/uploads\/2015\/11\/euros.jpg\" \/>\n\t\t<meta name=\"twitter:label1\" content=\"Escrito por\" \/>\n\t\t<meta name=\"twitter:data1\" content=\"El Digital de Asturias\" \/>\n\t\t<meta name=\"twitter:label2\" content=\"Tiempo de lectura estimado\" \/>\n\t\t<meta name=\"twitter:data2\" content=\"2 minutos\" \/>\n\t\t<script type=\"application\/ld+json\" class=\"aioseo-schema\">\n\t\t\t{\"@context\":\"https:\\\/\\\/schema.org\",\"@graph\":[{\"@type\":\"BlogPosting\",\"@id\":\"https:\\\/\\\/www.eldigitaldeasturias.com\\\/noticias\\\/el-periodo-medio-de-pago-de-las-ccaa-se-mantiene-por-decimo-mes-consecutivo-por-debajo-de-los-30-dias\\\/#blogposting\",\"name\":\"El Periodo Medio de Pago de las CCAA se mantiene por d\\u00e9cimo mes consecutivo por debajo de los 30 d\\u00edas - El Digital de Asturias\",\"headline\":\"El Periodo Medio de Pago de las CCAA se mantiene por d\\u00e9cimo mes consecutivo por debajo de los 30 d\\u00edas\",\"author\":{\"@id\":\"https:\\\/\\\/www.eldigitaldeasturias.com\\\/noticias\\\/author\\\/admin\\\/#author\"},\"publisher\":{\"@id\":\"https:\\\/\\\/www.eldigitaldeasturias.com\\\/noticias\\\/#organization\"},\"image\":{\"@type\":\"ImageObject\",\"url\":\"https:\\\/\\\/www.eldigitaldeasturias.com\\\/noticias\\\/wp-content\\\/uploads\\\/2015\\\/11\\\/euros.jpg\",\"width\":800,\"height\":536,\"caption\":\"euros\"},\"datePublished\":\"2017-11-22T20:05:19+01:00\",\"dateModified\":\"2017-11-22T20:06:08+01:00\",\"inLanguage\":\"es-ES\",\"mainEntityOfPage\":{\"@id\":\"https:\\\/\\\/www.eldigitaldeasturias.com\\\/noticias\\\/el-periodo-medio-de-pago-de-las-ccaa-se-mantiene-por-decimo-mes-consecutivo-por-debajo-de-los-30-dias\\\/#webpage\"},\"isPartOf\":{\"@id\":\"https:\\\/\\\/www.eldigitaldeasturias.com\\\/noticias\\\/el-periodo-medio-de-pago-de-las-ccaa-se-mantiene-por-decimo-mes-consecutivo-por-debajo-de-los-30-dias\\\/#webpage\"},\"articleSection\":\"Econom\\u00eda\"},{\"@type\":\"BreadcrumbList\",\"@id\":\"https:\\\/\\\/www.eldigitaldeasturias.com\\\/noticias\\\/el-periodo-medio-de-pago-de-las-ccaa-se-mantiene-por-decimo-mes-consecutivo-por-debajo-de-los-30-dias\\\/#breadcrumblist\",\"itemListElement\":[{\"@type\":\"ListItem\",\"@id\":\"https:\\\/\\\/www.eldigitaldeasturias.com\\\/noticias#listItem\",\"position\":1,\"name\":\"Home\",\"item\":\"https:\\\/\\\/www.eldigitaldeasturias.com\\\/noticias\",\"nextItem\":{\"@type\":\"ListItem\",\"@id\":\"https:\\\/\\\/www.eldigitaldeasturias.com\\\/noticias\\\/category\\\/economia\\\/#listItem\",\"name\":\"Econom\\u00eda\"}},{\"@type\":\"ListItem\",\"@id\":\"https:\\\/\\\/www.eldigitaldeasturias.com\\\/noticias\\\/category\\\/economia\\\/#listItem\",\"position\":2,\"name\":\"Econom\\u00eda\",\"item\":\"https:\\\/\\\/www.eldigitaldeasturias.com\\\/noticias\\\/category\\\/economia\\\/\",\"nextItem\":{\"@type\":\"ListItem\",\"@id\":\"https:\\\/\\\/www.eldigitaldeasturias.com\\\/noticias\\\/el-periodo-medio-de-pago-de-las-ccaa-se-mantiene-por-decimo-mes-consecutivo-por-debajo-de-los-30-dias\\\/#listItem\",\"name\":\"El Periodo Medio de Pago de las CCAA se mantiene por d\\u00e9cimo mes consecutivo por debajo de los 30 d\\u00edas\"},\"previousItem\":{\"@type\":\"ListItem\",\"@id\":\"https:\\\/\\\/www.eldigitaldeasturias.com\\\/noticias#listItem\",\"name\":\"Home\"}},{\"@type\":\"ListItem\",\"@id\":\"https:\\\/\\\/www.eldigitaldeasturias.com\\\/noticias\\\/el-periodo-medio-de-pago-de-las-ccaa-se-mantiene-por-decimo-mes-consecutivo-por-debajo-de-los-30-dias\\\/#listItem\",\"position\":3,\"name\":\"El Periodo Medio de Pago de las CCAA se mantiene por d\\u00e9cimo mes consecutivo por debajo de los 30 d\\u00edas\",\"previousItem\":{\"@type\":\"ListItem\",\"@id\":\"https:\\\/\\\/www.eldigitaldeasturias.com\\\/noticias\\\/category\\\/economia\\\/#listItem\",\"name\":\"Econom\\u00eda\"}}]},{\"@type\":\"Organization\",\"@id\":\"https:\\\/\\\/www.eldigitaldeasturias.com\\\/noticias\\\/#organization\",\"name\":\"El Digital de Asturias\",\"description\":\"Hemeroteca\",\"url\":\"https:\\\/\\\/www.eldigitaldeasturias.com\\\/noticias\\\/\",\"email\":\"info@eldigitaldeasturias.com\",\"telephone\":\"+34652131393\",\"logo\":{\"@type\":\"ImageObject\",\"url\":\"https:\\\/\\\/www.eldigitaldeasturias.com\\\/noticias\\\/wp-content\\\/uploads\\\/2020\\\/12\\\/EDA.jpg\",\"@id\":\"https:\\\/\\\/www.eldigitaldeasturias.com\\\/noticias\\\/el-periodo-medio-de-pago-de-las-ccaa-se-mantiene-por-decimo-mes-consecutivo-por-debajo-de-los-30-dias\\\/#organizationLogo\",\"width\":649,\"height\":297},\"image\":{\"@id\":\"https:\\\/\\\/www.eldigitaldeasturias.com\\\/noticias\\\/el-periodo-medio-de-pago-de-las-ccaa-se-mantiene-por-decimo-mes-consecutivo-por-debajo-de-los-30-dias\\\/#organizationLogo\"},\"sameAs\":[\"https:\\\/\\\/facebook.com\\\/eldigitaldeasturias\",\"https:\\\/\\\/www.youtube.com\\\/channel\\\/UCZP-2wLEB9Rv6erhFmqVnvg\"],\"address\":{\"@id\":\"https:\\\/\\\/www.eldigitaldeasturias.com\\\/noticias\\\/#postaladdress\",\"@type\":\"PostalAddress\",\"streetAddress\":\"san antonio 4,\",\"postalCode\":\"33430\",\"addressLocality\":\"Cand\\u00e1s\",\"addressRegion\":\"Asturias\",\"addressCountry\":\"ES\"}},{\"@type\":\"Person\",\"@id\":\"https:\\\/\\\/www.eldigitaldeasturias.com\\\/noticias\\\/author\\\/admin\\\/#author\",\"url\":\"https:\\\/\\\/www.eldigitaldeasturias.com\\\/noticias\\\/author\\\/admin\\\/\",\"name\":\"El Digital de Asturias\",\"image\":{\"@type\":\"ImageObject\",\"@id\":\"https:\\\/\\\/www.eldigitaldeasturias.com\\\/noticias\\\/el-periodo-medio-de-pago-de-las-ccaa-se-mantiene-por-decimo-mes-consecutivo-por-debajo-de-los-30-dias\\\/#authorImage\",\"url\":\"https:\\\/\\\/www.eldigitaldeasturias.com\\\/noticias\\\/wp-content\\\/litespeed\\\/avatar\\\/18677e78aa0546b92d9dbf31ec7d7668.jpg?ver=1776685526\",\"width\":96,\"height\":96,\"caption\":\"El Digital de Asturias\"}},{\"@type\":\"WebPage\",\"@id\":\"https:\\\/\\\/www.eldigitaldeasturias.com\\\/noticias\\\/el-periodo-medio-de-pago-de-las-ccaa-se-mantiene-por-decimo-mes-consecutivo-por-debajo-de-los-30-dias\\\/#webpage\",\"url\":\"https:\\\/\\\/www.eldigitaldeasturias.com\\\/noticias\\\/el-periodo-medio-de-pago-de-las-ccaa-se-mantiene-por-decimo-mes-consecutivo-por-debajo-de-los-30-dias\\\/\",\"name\":\"El Periodo Medio de Pago de las CCAA se mantiene por d\\u00e9cimo mes consecutivo por debajo de los 30 d\\u00edas - El Digital de Asturias\",\"description\":\"El Periodo Medio de Pago a Proveedores (PMP) del mes de septiembre se ha situado en 27,16 d\\u00edas para el conjunto de las Comunidades Aut\\u00f3nomas, lo que supone una reducci\\u00f3n de 1,09 d\\u00edas con respecto al mes anterior, un 3,86%. \\u200bLa variaci\\u00f3n del PMP se debe fundamentalmente al incremento en 5,86 d\\u00edas en la ratio\",\"inLanguage\":\"es-ES\",\"isPartOf\":{\"@id\":\"https:\\\/\\\/www.eldigitaldeasturias.com\\\/noticias\\\/#website\"},\"breadcrumb\":{\"@id\":\"https:\\\/\\\/www.eldigitaldeasturias.com\\\/noticias\\\/el-periodo-medio-de-pago-de-las-ccaa-se-mantiene-por-decimo-mes-consecutivo-por-debajo-de-los-30-dias\\\/#breadcrumblist\"},\"author\":{\"@id\":\"https:\\\/\\\/www.eldigitaldeasturias.com\\\/noticias\\\/author\\\/admin\\\/#author\"},\"creator\":{\"@id\":\"https:\\\/\\\/www.eldigitaldeasturias.com\\\/noticias\\\/author\\\/admin\\\/#author\"},\"image\":{\"@type\":\"ImageObject\",\"url\":\"https:\\\/\\\/www.eldigitaldeasturias.com\\\/noticias\\\/wp-content\\\/uploads\\\/2015\\\/11\\\/euros.jpg\",\"@id\":\"https:\\\/\\\/www.eldigitaldeasturias.com\\\/noticias\\\/el-periodo-medio-de-pago-de-las-ccaa-se-mantiene-por-decimo-mes-consecutivo-por-debajo-de-los-30-dias\\\/#mainImage\",\"width\":800,\"height\":536,\"caption\":\"euros\"},\"primaryImageOfPage\":{\"@id\":\"https:\\\/\\\/www.eldigitaldeasturias.com\\\/noticias\\\/el-periodo-medio-de-pago-de-las-ccaa-se-mantiene-por-decimo-mes-consecutivo-por-debajo-de-los-30-dias\\\/#mainImage\"},\"datePublished\":\"2017-11-22T20:05:19+01:00\",\"dateModified\":\"2017-11-22T20:06:08+01:00\"},{\"@type\":\"WebSite\",\"@id\":\"https:\\\/\\\/www.eldigitaldeasturias.com\\\/noticias\\\/#website\",\"url\":\"https:\\\/\\\/www.eldigitaldeasturias.com\\\/noticias\\\/\",\"name\":\"El Digital de Asturias - Diario de actualidad y noticias\",\"alternateName\":\"El Digital de Asturias - Diario de actualidad y noticias\",\"description\":\"Hemeroteca\",\"inLanguage\":\"es-ES\",\"publisher\":{\"@id\":\"https:\\\/\\\/www.eldigitaldeasturias.com\\\/noticias\\\/#organization\"}}]}\n\t\t<\/script>\n\t\t<!-- All in One SEO Pro -->\r\n\t\t<title>El Periodo Medio de Pago de las CCAA se mantiene por d\u00e9cimo mes consecutivo por debajo de los 30 d\u00edas - El Digital de Asturias<\/title>\n\n","aioseo_head_json":{"title":"El Periodo Medio de Pago de las CCAA se mantiene por d\u00e9cimo mes consecutivo por debajo de los 30 d\u00edas - El Digital de Asturias","description":"El Periodo Medio de Pago a Proveedores (PMP) del mes de septiembre se ha situado en 27,16 d\u00edas para el conjunto de las Comunidades Aut\u00f3nomas, lo que supone una reducci\u00f3n de 1,09 d\u00edas con respecto al mes anterior, un 3,86%. \u200bLa variaci\u00f3n del PMP se debe fundamentalmente al incremento en 5,86 d\u00edas en la ratio","canonical_url":"https:\/\/www.eldigitaldeasturias.com\/noticias\/el-periodo-medio-de-pago-de-las-ccaa-se-mantiene-por-decimo-mes-consecutivo-por-debajo-de-los-30-dias\/","robots":"max-image-preview:large","keywords":"econom\u00eda","webmasterTools":{"google-site-verification":"UA-38556648-1","msvalidate.01":"7dfe9f3f1b24437ab69f4f2559babe99","miscellaneous":""},"schema":{"@context":"https:\/\/schema.org","@graph":[{"@type":"BlogPosting","@id":"https:\/\/www.eldigitaldeasturias.com\/noticias\/el-periodo-medio-de-pago-de-las-ccaa-se-mantiene-por-decimo-mes-consecutivo-por-debajo-de-los-30-dias\/#blogposting","name":"El Periodo Medio de Pago de las CCAA se mantiene por d\u00e9cimo mes consecutivo por debajo de los 30 d\u00edas - El Digital de Asturias","headline":"El Periodo Medio de Pago de las CCAA se mantiene por d\u00e9cimo mes consecutivo por debajo de los 30 d\u00edas","author":{"@id":"https:\/\/www.eldigitaldeasturias.com\/noticias\/author\/admin\/#author"},"publisher":{"@id":"https:\/\/www.eldigitaldeasturias.com\/noticias\/#organization"},"image":{"@type":"ImageObject","url":"https:\/\/www.eldigitaldeasturias.com\/noticias\/wp-content\/uploads\/2015\/11\/euros.jpg","width":800,"height":536,"caption":"euros"},"datePublished":"2017-11-22T20:05:19+01:00","dateModified":"2017-11-22T20:06:08+01:00","inLanguage":"es-ES","mainEntityOfPage":{"@id":"https:\/\/www.eldigitaldeasturias.com\/noticias\/el-periodo-medio-de-pago-de-las-ccaa-se-mantiene-por-decimo-mes-consecutivo-por-debajo-de-los-30-dias\/#webpage"},"isPartOf":{"@id":"https:\/\/www.eldigitaldeasturias.com\/noticias\/el-periodo-medio-de-pago-de-las-ccaa-se-mantiene-por-decimo-mes-consecutivo-por-debajo-de-los-30-dias\/#webpage"},"articleSection":"Econom\u00eda"},{"@type":"BreadcrumbList","@id":"https:\/\/www.eldigitaldeasturias.com\/noticias\/el-periodo-medio-de-pago-de-las-ccaa-se-mantiene-por-decimo-mes-consecutivo-por-debajo-de-los-30-dias\/#breadcrumblist","itemListElement":[{"@type":"ListItem","@id":"https:\/\/www.eldigitaldeasturias.com\/noticias#listItem","position":1,"name":"Home","item":"https:\/\/www.eldigitaldeasturias.com\/noticias","nextItem":{"@type":"ListItem","@id":"https:\/\/www.eldigitaldeasturias.com\/noticias\/category\/economia\/#listItem","name":"Econom\u00eda"}},{"@type":"ListItem","@id":"https:\/\/www.eldigitaldeasturias.com\/noticias\/category\/economia\/#listItem","position":2,"name":"Econom\u00eda","item":"https:\/\/www.eldigitaldeasturias.com\/noticias\/category\/economia\/","nextItem":{"@type":"ListItem","@id":"https:\/\/www.eldigitaldeasturias.com\/noticias\/el-periodo-medio-de-pago-de-las-ccaa-se-mantiene-por-decimo-mes-consecutivo-por-debajo-de-los-30-dias\/#listItem","name":"El Periodo Medio de Pago de las CCAA se mantiene por d\u00e9cimo mes consecutivo por debajo de los 30 d\u00edas"},"previousItem":{"@type":"ListItem","@id":"https:\/\/www.eldigitaldeasturias.com\/noticias#listItem","name":"Home"}},{"@type":"ListItem","@id":"https:\/\/www.eldigitaldeasturias.com\/noticias\/el-periodo-medio-de-pago-de-las-ccaa-se-mantiene-por-decimo-mes-consecutivo-por-debajo-de-los-30-dias\/#listItem","position":3,"name":"El Periodo Medio de Pago de las CCAA se mantiene por d\u00e9cimo mes consecutivo por debajo de los 30 d\u00edas","previousItem":{"@type":"ListItem","@id":"https:\/\/www.eldigitaldeasturias.com\/noticias\/category\/economia\/#listItem","name":"Econom\u00eda"}}]},{"@type":"Organization","@id":"https:\/\/www.eldigitaldeasturias.com\/noticias\/#organization","name":"El Digital de Asturias","description":"Hemeroteca","url":"https:\/\/www.eldigitaldeasturias.com\/noticias\/","email":"info@eldigitaldeasturias.com","telephone":"+34652131393","logo":{"@type":"ImageObject","url":"https:\/\/www.eldigitaldeasturias.com\/noticias\/wp-content\/uploads\/2020\/12\/EDA.jpg","@id":"https:\/\/www.eldigitaldeasturias.com\/noticias\/el-periodo-medio-de-pago-de-las-ccaa-se-mantiene-por-decimo-mes-consecutivo-por-debajo-de-los-30-dias\/#organizationLogo","width":649,"height":297},"image":{"@id":"https:\/\/www.eldigitaldeasturias.com\/noticias\/el-periodo-medio-de-pago-de-las-ccaa-se-mantiene-por-decimo-mes-consecutivo-por-debajo-de-los-30-dias\/#organizationLogo"},"sameAs":["https:\/\/facebook.com\/eldigitaldeasturias","https:\/\/www.youtube.com\/channel\/UCZP-2wLEB9Rv6erhFmqVnvg"],"address":{"@id":"https:\/\/www.eldigitaldeasturias.com\/noticias\/#postaladdress","@type":"PostalAddress","streetAddress":"san antonio 4,","postalCode":"33430","addressLocality":"Cand\u00e1s","addressRegion":"Asturias","addressCountry":"ES"}},{"@type":"Person","@id":"https:\/\/www.eldigitaldeasturias.com\/noticias\/author\/admin\/#author","url":"https:\/\/www.eldigitaldeasturias.com\/noticias\/author\/admin\/","name":"El Digital de Asturias","image":{"@type":"ImageObject","@id":"https:\/\/www.eldigitaldeasturias.com\/noticias\/el-periodo-medio-de-pago-de-las-ccaa-se-mantiene-por-decimo-mes-consecutivo-por-debajo-de-los-30-dias\/#authorImage","url":"https:\/\/www.eldigitaldeasturias.com\/noticias\/wp-content\/litespeed\/avatar\/18677e78aa0546b92d9dbf31ec7d7668.jpg?ver=1776685526","width":96,"height":96,"caption":"El Digital de Asturias"}},{"@type":"WebPage","@id":"https:\/\/www.eldigitaldeasturias.com\/noticias\/el-periodo-medio-de-pago-de-las-ccaa-se-mantiene-por-decimo-mes-consecutivo-por-debajo-de-los-30-dias\/#webpage","url":"https:\/\/www.eldigitaldeasturias.com\/noticias\/el-periodo-medio-de-pago-de-las-ccaa-se-mantiene-por-decimo-mes-consecutivo-por-debajo-de-los-30-dias\/","name":"El Periodo Medio de Pago de las CCAA se mantiene por d\u00e9cimo mes consecutivo por debajo de los 30 d\u00edas - El Digital de Asturias","description":"El Periodo Medio de Pago a Proveedores (PMP) del mes de septiembre se ha situado en 27,16 d\u00edas para el conjunto de las Comunidades Aut\u00f3nomas, lo que supone una reducci\u00f3n de 1,09 d\u00edas con respecto al mes anterior, un 3,86%. \u200bLa variaci\u00f3n del PMP se debe fundamentalmente al incremento en 5,86 d\u00edas en la ratio","inLanguage":"es-ES","isPartOf":{"@id":"https:\/\/www.eldigitaldeasturias.com\/noticias\/#website"},"breadcrumb":{"@id":"https:\/\/www.eldigitaldeasturias.com\/noticias\/el-periodo-medio-de-pago-de-las-ccaa-se-mantiene-por-decimo-mes-consecutivo-por-debajo-de-los-30-dias\/#breadcrumblist"},"author":{"@id":"https:\/\/www.eldigitaldeasturias.com\/noticias\/author\/admin\/#author"},"creator":{"@id":"https:\/\/www.eldigitaldeasturias.com\/noticias\/author\/admin\/#author"},"image":{"@type":"ImageObject","url":"https:\/\/www.eldigitaldeasturias.com\/noticias\/wp-content\/uploads\/2015\/11\/euros.jpg","@id":"https:\/\/www.eldigitaldeasturias.com\/noticias\/el-periodo-medio-de-pago-de-las-ccaa-se-mantiene-por-decimo-mes-consecutivo-por-debajo-de-los-30-dias\/#mainImage","width":800,"height":536,"caption":"euros"},"primaryImageOfPage":{"@id":"https:\/\/www.eldigitaldeasturias.com\/noticias\/el-periodo-medio-de-pago-de-las-ccaa-se-mantiene-por-decimo-mes-consecutivo-por-debajo-de-los-30-dias\/#mainImage"},"datePublished":"2017-11-22T20:05:19+01:00","dateModified":"2017-11-22T20:06:08+01:00"},{"@type":"WebSite","@id":"https:\/\/www.eldigitaldeasturias.com\/noticias\/#website","url":"https:\/\/www.eldigitaldeasturias.com\/noticias\/","name":"El Digital de Asturias - Diario de actualidad y noticias","alternateName":"El Digital de Asturias - Diario de actualidad y noticias","description":"Hemeroteca","inLanguage":"es-ES","publisher":{"@id":"https:\/\/www.eldigitaldeasturias.com\/noticias\/#organization"}}]},"og:locale":"es_ES","og:site_name":"El Digital de Asturias","og:type":"article","og:title":"El Periodo Medio de Pago de las CCAA se mantiene por d\u00e9cimo mes consecutivo por debajo de los 30 d\u00edas - El Digital de Asturias","og:description":"El Periodo Medio de Pago a Proveedores (PMP) del mes de septiembre se ha situado en 27,16 d\u00edas para el conjunto de las Comunidades Aut\u00f3nomas, lo que supone una reducci\u00f3n de 1,09 d\u00edas con respecto al mes anterior, un 3,86%. \u200bLa variaci\u00f3n del PMP se debe fundamentalmente al incremento en 5,86 d\u00edas en la ratio","og:url":"https:\/\/www.eldigitaldeasturias.com\/noticias\/el-periodo-medio-de-pago-de-las-ccaa-se-mantiene-por-decimo-mes-consecutivo-por-debajo-de-los-30-dias\/","og:image":"https:\/\/www.eldigitaldeasturias.com\/noticias\/wp-content\/uploads\/2015\/11\/euros.jpg","og:image:secure_url":"https:\/\/www.eldigitaldeasturias.com\/noticias\/wp-content\/uploads\/2015\/11\/euros.jpg","og:image:width":800,"og:image:height":536,"article:tag":["econom\u00eda"],"article:published_time":"2017-11-22T20:05:19+00:00","article:modified_time":"2017-11-22T20:06:08+00:00","article:publisher":"https:\/\/facebook.com\/eldigitaldeasturias","twitter:card":"summary_large_image","twitter:title":"El Periodo Medio de Pago de las CCAA se mantiene por d\u00e9cimo mes consecutivo por debajo de los 30 d\u00edas - El Digital de Asturias","twitter:description":"El Periodo Medio de Pago a Proveedores (PMP) del mes de septiembre se ha situado en 27,16 d\u00edas para el conjunto de las Comunidades Aut\u00f3nomas, lo que supone una reducci\u00f3n de 1,09 d\u00edas con respecto al mes anterior, un 3,86%. \u200bLa variaci\u00f3n del PMP se debe fundamentalmente al incremento en 5,86 d\u00edas en la ratio","twitter:image":"https:\/\/www.eldigitaldeasturias.com\/noticias\/wp-content\/uploads\/2015\/11\/euros.jpg","twitter:label1":"Escrito por","twitter:data1":"El Digital de Asturias","twitter:label2":"Tiempo de lectura estimado","twitter:data2":"2 minutos"},"aioseo_meta_data":{"post_id":"960909","title":null,"description":null,"keywords":null,"keyphrases":null,"primary_term":null,"canonical_url":null,"og_title":null,"og_description":null,"og_object_type":"default","og_image_type":"default","og_image_url":null,"og_image_width":null,"og_image_height":null,"og_image_custom_url":null,"og_image_custom_fields":null,"og_video":null,"og_custom_url":null,"og_article_section":null,"og_article_tags":null,"twitter_use_og":false,"twitter_card":"default","twitter_image_type":"default","twitter_image_url":null,"twitter_image_custom_url":null,"twitter_image_custom_fields":null,"twitter_title":null,"twitter_description":null,"schema":{"blockGraphs":[],"customGraphs":[],"default":{"data":{"Article":[],"Course":[],"Dataset":[],"FAQPage":[],"Movie":[],"Person":[],"Product":[],"ProductReview":[],"Car":[],"Recipe":[],"Service":[],"SoftwareApplication":[],"WebPage":[]},"graphName":"","isEnabled":true},"graphs":[],"defaultGraph":"","defaultPostTypeGraph":""},"schema_type":null,"schema_type_options":null,"pillar_content":false,"robots_default":true,"robots_noindex":false,"robots_noarchive":false,"robots_nosnippet":false,"robots_nofollow":false,"robots_noimageindex":false,"robots_noodp":false,"robots_notranslate":false,"robots_max_snippet":null,"robots_max_videopreview":null,"robots_max_imagepreview":"large","priority":null,"frequency":null,"local_seo":null,"seo_analyzer_scan_date":"2025-12-07 06:57:50","breadcrumb_settings":null,"limit_modified_date":false,"open_ai":null,"ai":null,"created":"2020-12-21 12:50:40","updated":"2025-12-07 06:57:50"},"aioseo_breadcrumb":"<div class=\"aioseo-breadcrumbs\"><span class=\"aioseo-breadcrumb\">\n\t<a href=\"https:\/\/www.eldigitaldeasturias.com\/noticias\" title=\"Home\">Home<\/a>\n<\/span><span class=\"aioseo-breadcrumb-separator\">\u2013<\/span><span class=\"aioseo-breadcrumb\">\n\t<a href=\"https:\/\/www.eldigitaldeasturias.com\/noticias\/category\/economia\/\" title=\"Econom\u00eda\">Econom\u00eda<\/a>\n<\/span><span class=\"aioseo-breadcrumb-separator\">\u2013<\/span><span class=\"aioseo-breadcrumb\">\n\t<a href=\"https:\/\/www.eldigitaldeasturias.com\/noticias\/el-periodo-medio-de-pago-de-las-ccaa-se-mantiene-por-decimo-mes-consecutivo-por-debajo-de-los-30-dias\/\" title=\"El Periodo Medio de Pago de las CCAA se mantiene por d\u00e9cimo mes consecutivo por debajo de los 30 d\u00edas\">El Periodo Medio de Pago de las CCAA se mantiene por d\u00e9cimo mes consecutivo por debajo de los 30 d\u00edas<\/a>\n<\/span><\/div>","aioseo_breadcrumb_json":[{"label":"Home","link":"https:\/\/www.eldigitaldeasturias.com\/noticias"},{"label":"Econom\u00eda","link":"https:\/\/www.eldigitaldeasturias.com\/noticias\/category\/economia\/"},{"label":"El Periodo Medio de Pago de las CCAA se mantiene por d\u00e9cimo mes consecutivo por debajo de los 30 d\u00edas","link":"https:\/\/www.eldigitaldeasturias.com\/noticias\/el-periodo-medio-de-pago-de-las-ccaa-se-mantiene-por-decimo-mes-consecutivo-por-debajo-de-los-30-dias\/"}],"_links":{"self":[{"href":"https:\/\/www.eldigitaldeasturias.com\/noticias\/wp-json\/wp\/v2\/posts\/960909","targetHints":{"allow":["GET"]}}],"collection":[{"href":"https:\/\/www.eldigitaldeasturias.com\/noticias\/wp-json\/wp\/v2\/posts"}],"about":[{"href":"https:\/\/www.eldigitaldeasturias.com\/noticias\/wp-json\/wp\/v2\/types\/post"}],"author":[{"embeddable":true,"href":"https:\/\/www.eldigitaldeasturias.com\/noticias\/wp-json\/wp\/v2\/users\/1"}],"replies":[{"embeddable":true,"href":"https:\/\/www.eldigitaldeasturias.com\/noticias\/wp-json\/wp\/v2\/comments?post=960909"}],"version-history":[{"count":0,"href":"https:\/\/www.eldigitaldeasturias.com\/noticias\/wp-json\/wp\/v2\/posts\/960909\/revisions"}],"wp:featuredmedia":[{"embeddable":true,"href":"https:\/\/www.eldigitaldeasturias.com\/noticias\/wp-json\/wp\/v2\/media\/822740"}],"wp:attachment":[{"href":"https:\/\/www.eldigitaldeasturias.com\/noticias\/wp-json\/wp\/v2\/media?parent=960909"}],"wp:term":[{"taxonomy":"category","embeddable":true,"href":"https:\/\/www.eldigitaldeasturias.com\/noticias\/wp-json\/wp\/v2\/categories?post=960909"},{"taxonomy":"post_tag","embeddable":true,"href":"https:\/\/www.eldigitaldeasturias.com\/noticias\/wp-json\/wp\/v2\/tags?post=960909"}],"curies":[{"name":"wp","href":"https:\/\/api.w.org\/{rel}","templated":true}]}}