{"id":960903,"date":"2017-11-22T19:55:05","date_gmt":"2017-11-22T19:55:05","guid":{"rendered":"http:\/\/www.eldigitaldeasturias.com\/noticias\/?p=960903"},"modified":"2017-11-22T19:55:05","modified_gmt":"2017-11-22T19:55:05","slug":"cospedal-la-seguridad-es-fundamental-para-construir-la-europa-economica-social-y-politica","status":"publish","type":"post","link":"https:\/\/www.eldigitaldeasturias.com\/noticias\/cospedal-la-seguridad-es-fundamental-para-construir-la-europa-economica-social-y-politica\/","title":{"rendered":"Cospedal: \u00abLa seguridad es fundamental para construir la Europa econ\u00f3mica, social y pol\u00edtica\u00bb"},"content":{"rendered":"<p><img loading=\"lazy\" decoding=\"async\" class=\"alignleft size-medium wp-image-960904\" src=\"https:\/\/www.eldigitaldeasturias.com\/noticias\/wp-content\/uploads\/2017\/11\/221117C-congreso-360x239.jpg\" alt=\"\" width=\"360\" height=\"239\" \/>La ministra de Defensa, Mar\u00eda Dolores de Cospedal, ha asegurado que la puesta en marcha de la Cooperaci\u00f3n Estructurada Permanente (PESCO, en sus siglas en ingl\u00e9s) en la Uni\u00f3n Europea supone el paso definitivo \u00abpara construir, como pilar fundamental, la gran Europa de integraci\u00f3n econ\u00f3mica, social y pol\u00edtica\u00bb.<\/p>\n<p>En respuesta a una pregunta realizada en la sesi\u00f3n de control en el Congreso por el diputado del Grupo Popular Ricardo Tarno sobre la participaci\u00f3n de Espa\u00f1a en el lanzamiento de esta nueva pol\u00edtica comunitaria, la ministra ha indicado que \u00abEspa\u00f1a se mantiene a la vanguardia en la defensa de Europa, en la defensa de nuestros ciudadanos, de los espa\u00f1oles y de todos los europeos. Aumentamos nuestras capacidades y las podemos compartir con nuestros socios\u00bb.<\/p>\n<p>Espa\u00f1a firm\u00f3 el pasado 13 de noviembre en Bruselas, junto a otros 22 pa\u00edses de la UE, un nuevo mecanismo de seguridad com\u00fan. \u00abEs un logro colectivo, de todos, que tenemos que asumir como tal con la convicci\u00f3n de que una Europa de la Defensa era necesaria en este momento de integraci\u00f3n europea\u00bb, ha indicado hoy la ministra.<\/p>\n<p><strong>Papel protagonista de Espa\u00f1a<\/strong><\/p>\n<p>\u00abEspa\u00f1a ha tenido el honor, el privilegio y sobre todo la convicci\u00f3n de liderar, junto a Francia, Italia, y Alemania, el relanzamiento de la Europa de la Defensa en la Cooperaci\u00f3n Estructurada Permanente en los t\u00e9rminos definidos por los art\u00edculos 42 y 46 del Tratado de la Uni\u00f3n Europea\u00bb, ha explicado Mar\u00eda Dolores de Cospedal antes de recordar que, desde su integraci\u00f3n en el proyecto comunitario, \u00abEspa\u00f1a ha colaborado e impulsado declaraciones pol\u00edticas, ha liderado y participado en operaciones y misiones de la UE y ha colaborado de manera muy importante en el \u00e9xito de todas ellas\u00bb.<\/p>\n<p>La ministra de Defensa ha terminado su intervenci\u00f3n destacando que la firma de la PESCO llega en \u00abel momento oportuno\u00bb porque se afrontan nuevas amenazas. \u00abEstamos contribuyendo, despu\u00e9s de m\u00e1s de 60 a\u00f1os, a que los europeos seamos capaces de establecer un sistema de protecci\u00f3n entre nosotros y colaborar despu\u00e9s en un sistema de cooperaci\u00f3n m\u00e1s amplio al que muchos pertenecemos como es la Alianza Atl\u00e1ntica\u00bb, ha destacado.<\/p>\n","protected":false},"excerpt":{"rendered":"<p>La ministra de Defensa, Mar\u00eda Dolores de Cospedal, ha asegurado que la puesta en marcha de la Cooperaci\u00f3n Estructurada Permanente (PESCO, en sus siglas en ingl\u00e9s) en la Uni\u00f3n Europea supone el paso definitivo \u00abpara construir, como pilar fundamental, la gran Europa de integraci\u00f3n econ\u00f3mica, social y pol\u00edtica\u00bb. En respuesta a una pregunta realizada en [&hellip;]<\/p>\n","protected":false},"author":1,"featured_media":960904,"comment_status":"closed","ping_status":"closed","sticky":false,"template":"","format":"standard","meta":{"footnotes":""},"categories":[1],"tags":[],"class_list":["post-960903","post","type-post","status-publish","format-standard","has-post-thumbnail","hentry","category-actualidad"],"aioseo_notices":[],"aioseo_head":"\n\t\t<!-- All in One SEO Pro 5.0.1 - aioseo.com -->\n\t<meta name=\"description\" content=\"La ministra de Defensa, Mar\u00eda Dolores de Cospedal, ha asegurado que la puesta en marcha de la Cooperaci\u00f3n Estructurada Permanente (PESCO, en sus siglas en ingl\u00e9s) en la Uni\u00f3n Europea supone el paso definitivo &quot;para construir, como pilar fundamental, la gran Europa de integraci\u00f3n econ\u00f3mica, social y pol\u00edtica&quot;. En respuesta a una pregunta realizada en\" \/>\n\t<meta name=\"robots\" content=\"max-image-preview:large\" \/>\n\t<meta name=\"author\" content=\"El Digital de Asturias\"\/>\n\t<meta name=\"google-site-verification\" content=\"UA-38556648-1\" \/>\n\t<meta name=\"msvalidate.01\" content=\"7dfe9f3f1b24437ab69f4f2559babe99\" \/>\n\t<meta name=\"keywords\" content=\"actualidad\" \/>\n\t<link rel=\"canonical\" href=\"https:\/\/www.eldigitaldeasturias.com\/noticias\/cospedal-la-seguridad-es-fundamental-para-construir-la-europa-economica-social-y-politica\/\" \/>\n\t<meta name=\"generator\" content=\"All in One SEO Pro (AIOSEO) 5.0.1\" \/>\n\t\t<meta property=\"og:locale\" content=\"es_ES\" \/>\n\t\t<meta property=\"og:site_name\" content=\"El Digital de Asturias\" \/>\n\t\t<meta property=\"og:type\" content=\"article\" \/>\n\t\t<meta property=\"og:title\" content=\"Cospedal: \u00abLa seguridad es fundamental para construir la Europa econ\u00f3mica, social y pol\u00edtica\u00bb - El Digital de Asturias\" \/>\n\t\t<meta property=\"og:description\" content=\"La ministra de Defensa, Mar\u00eda Dolores de Cospedal, ha asegurado que la puesta en marcha de la Cooperaci\u00f3n Estructurada Permanente (PESCO, en sus siglas en ingl\u00e9s) en la Uni\u00f3n Europea supone el paso definitivo &quot;para construir, como pilar fundamental, la gran Europa de integraci\u00f3n econ\u00f3mica, social y pol\u00edtica&quot;. En respuesta a una pregunta realizada en\" \/>\n\t\t<meta property=\"og:url\" content=\"https:\/\/www.eldigitaldeasturias.com\/noticias\/cospedal-la-seguridad-es-fundamental-para-construir-la-europa-economica-social-y-politica\/\" \/>\n\t\t<meta property=\"article:tag\" content=\"actualidad\" \/>\n\t\t<meta property=\"article:published_time\" content=\"2017-11-22T19:55:05+00:00\" \/>\n\t\t<meta property=\"article:modified_time\" content=\"2017-11-22T19:55:05+00:00\" \/>\n\t\t<meta property=\"article:publisher\" content=\"https:\/\/facebook.com\/eldigitaldeasturias\" \/>\n\t\t<meta name=\"twitter:card\" content=\"summary_large_image\" \/>\n\t\t<meta name=\"twitter:title\" content=\"Cospedal: \u00abLa seguridad es fundamental para construir la Europa econ\u00f3mica, social y pol\u00edtica\u00bb - El Digital de Asturias\" \/>\n\t\t<meta name=\"twitter:description\" content=\"La ministra de Defensa, Mar\u00eda Dolores de Cospedal, ha asegurado que la puesta en marcha de la Cooperaci\u00f3n Estructurada Permanente (PESCO, en sus siglas en ingl\u00e9s) en la Uni\u00f3n Europea supone el paso definitivo &quot;para construir, como pilar fundamental, la gran Europa de integraci\u00f3n econ\u00f3mica, social y pol\u00edtica&quot;. En respuesta a una pregunta realizada en\" \/>\n\t\t<meta name=\"twitter:image\" content=\"https:\/\/www.eldigitaldeasturias.com\/noticias\/wp-content\/uploads\/2020\/12\/EDA-1.jpg\" \/>\n\t\t<meta name=\"twitter:label1\" content=\"Escrito por\" \/>\n\t\t<meta name=\"twitter:data1\" content=\"El Digital de Asturias\" \/>\n\t\t<meta name=\"twitter:label2\" content=\"Tiempo de lectura estimado\" \/>\n\t\t<meta name=\"twitter:data2\" content=\"2 minutos\" \/>\n\t\t<script type=\"application\/ld+json\" class=\"aioseo-schema\">\n\t\t\t{\"@context\":\"https:\\\/\\\/schema.org\",\"@graph\":[{\"@type\":\"BlogPosting\",\"@id\":\"https:\\\/\\\/www.eldigitaldeasturias.com\\\/noticias\\\/cospedal-la-seguridad-es-fundamental-para-construir-la-europa-economica-social-y-politica\\\/#blogposting\",\"name\":\"Cospedal: \\u00abLa seguridad es fundamental para construir la Europa econ\\u00f3mica, social y pol\\u00edtica\\u00bb - El Digital de Asturias\",\"headline\":\"Cospedal: \\u00abLa seguridad es fundamental para construir la Europa econ\\u00f3mica, social y pol\\u00edtica\\u00bb\",\"author\":{\"@id\":\"https:\\\/\\\/www.eldigitaldeasturias.com\\\/noticias\\\/author\\\/admin\\\/#author\"},\"publisher\":{\"@id\":\"https:\\\/\\\/www.eldigitaldeasturias.com\\\/noticias\\\/#organization\"},\"image\":{\"@type\":\"ImageObject\",\"url\":960904},\"datePublished\":\"2017-11-22T19:55:05+01:00\",\"dateModified\":\"2017-11-22T19:55:05+01:00\",\"inLanguage\":\"es-ES\",\"mainEntityOfPage\":{\"@id\":\"https:\\\/\\\/www.eldigitaldeasturias.com\\\/noticias\\\/cospedal-la-seguridad-es-fundamental-para-construir-la-europa-economica-social-y-politica\\\/#webpage\"},\"isPartOf\":{\"@id\":\"https:\\\/\\\/www.eldigitaldeasturias.com\\\/noticias\\\/cospedal-la-seguridad-es-fundamental-para-construir-la-europa-economica-social-y-politica\\\/#webpage\"},\"articleSection\":\"Actualidad\"},{\"@type\":\"BreadcrumbList\",\"@id\":\"https:\\\/\\\/www.eldigitaldeasturias.com\\\/noticias\\\/cospedal-la-seguridad-es-fundamental-para-construir-la-europa-economica-social-y-politica\\\/#breadcrumblist\",\"itemListElement\":[{\"@type\":\"ListItem\",\"@id\":\"https:\\\/\\\/www.eldigitaldeasturias.com\\\/noticias#listItem\",\"position\":1,\"name\":\"Home\",\"item\":\"https:\\\/\\\/www.eldigitaldeasturias.com\\\/noticias\",\"nextItem\":{\"@type\":\"ListItem\",\"@id\":\"https:\\\/\\\/www.eldigitaldeasturias.com\\\/noticias\\\/category\\\/actualidad\\\/#listItem\",\"name\":\"Actualidad\"}},{\"@type\":\"ListItem\",\"@id\":\"https:\\\/\\\/www.eldigitaldeasturias.com\\\/noticias\\\/category\\\/actualidad\\\/#listItem\",\"position\":2,\"name\":\"Actualidad\",\"item\":\"https:\\\/\\\/www.eldigitaldeasturias.com\\\/noticias\\\/category\\\/actualidad\\\/\",\"nextItem\":{\"@type\":\"ListItem\",\"@id\":\"https:\\\/\\\/www.eldigitaldeasturias.com\\\/noticias\\\/cospedal-la-seguridad-es-fundamental-para-construir-la-europa-economica-social-y-politica\\\/#listItem\",\"name\":\"Cospedal: \\u00abLa seguridad es fundamental para construir la Europa econ\\u00f3mica, social y pol\\u00edtica\\u00bb\"},\"previousItem\":{\"@type\":\"ListItem\",\"@id\":\"https:\\\/\\\/www.eldigitaldeasturias.com\\\/noticias#listItem\",\"name\":\"Home\"}},{\"@type\":\"ListItem\",\"@id\":\"https:\\\/\\\/www.eldigitaldeasturias.com\\\/noticias\\\/cospedal-la-seguridad-es-fundamental-para-construir-la-europa-economica-social-y-politica\\\/#listItem\",\"position\":3,\"name\":\"Cospedal: \\u00abLa seguridad es fundamental para construir la Europa econ\\u00f3mica, social y pol\\u00edtica\\u00bb\",\"previousItem\":{\"@type\":\"ListItem\",\"@id\":\"https:\\\/\\\/www.eldigitaldeasturias.com\\\/noticias\\\/category\\\/actualidad\\\/#listItem\",\"name\":\"Actualidad\"}}]},{\"@type\":\"Organization\",\"@id\":\"https:\\\/\\\/www.eldigitaldeasturias.com\\\/noticias\\\/#organization\",\"name\":\"El Digital de Asturias\",\"description\":\"Hemeroteca\",\"url\":\"https:\\\/\\\/www.eldigitaldeasturias.com\\\/noticias\\\/\",\"email\":\"info@eldigitaldeasturias.com\",\"telephone\":\"+34652131393\",\"logo\":{\"@type\":\"ImageObject\",\"url\":\"https:\\\/\\\/www.eldigitaldeasturias.com\\\/noticias\\\/wp-content\\\/uploads\\\/2020\\\/12\\\/EDA.jpg\",\"@id\":\"https:\\\/\\\/www.eldigitaldeasturias.com\\\/noticias\\\/cospedal-la-seguridad-es-fundamental-para-construir-la-europa-economica-social-y-politica\\\/#organizationLogo\"},\"image\":{\"@id\":\"https:\\\/\\\/www.eldigitaldeasturias.com\\\/noticias\\\/cospedal-la-seguridad-es-fundamental-para-construir-la-europa-economica-social-y-politica\\\/#organizationLogo\"},\"sameAs\":[\"https:\\\/\\\/facebook.com\\\/eldigitaldeasturias\",\"https:\\\/\\\/www.youtube.com\\\/channel\\\/UCZP-2wLEB9Rv6erhFmqVnvg\"],\"address\":{\"@id\":\"https:\\\/\\\/www.eldigitaldeasturias.com\\\/noticias\\\/#postaladdress\",\"@type\":\"PostalAddress\",\"streetAddress\":\"san antonio 4\",\"postalCode\":\"33430\",\"addressLocality\":\"Cand\\u00e1s\",\"addressRegion\":\"Asturias\",\"addressCountry\":\"ES\"}},{\"@type\":\"Person\",\"@id\":\"https:\\\/\\\/www.eldigitaldeasturias.com\\\/noticias\\\/author\\\/admin\\\/#author\",\"url\":\"https:\\\/\\\/www.eldigitaldeasturias.com\\\/noticias\\\/author\\\/admin\\\/\",\"name\":\"El Digital de Asturias\",\"image\":{\"@type\":\"ImageObject\",\"@id\":\"https:\\\/\\\/www.eldigitaldeasturias.com\\\/noticias\\\/cospedal-la-seguridad-es-fundamental-para-construir-la-europa-economica-social-y-politica\\\/#authorImage\",\"url\":\"https:\\\/\\\/secure.gravatar.com\\\/avatar\\\/df2aeffc32bcd13f8d26072ef8a91b623d677766deac7f97ca815868cd41bf5e?s=96&d=mm&r=g\",\"width\":96,\"height\":96,\"caption\":\"El Digital de Asturias\"}},{\"@type\":\"WebPage\",\"@id\":\"https:\\\/\\\/www.eldigitaldeasturias.com\\\/noticias\\\/cospedal-la-seguridad-es-fundamental-para-construir-la-europa-economica-social-y-politica\\\/#webpage\",\"url\":\"https:\\\/\\\/www.eldigitaldeasturias.com\\\/noticias\\\/cospedal-la-seguridad-es-fundamental-para-construir-la-europa-economica-social-y-politica\\\/\",\"name\":\"Cospedal: \\u00abLa seguridad es fundamental para construir la Europa econ\\u00f3mica, social y pol\\u00edtica\\u00bb - El Digital de Asturias\",\"description\":\"La ministra de Defensa, Mar\\u00eda Dolores de Cospedal, ha asegurado que la puesta en marcha de la Cooperaci\\u00f3n Estructurada Permanente (PESCO, en sus siglas en ingl\\u00e9s) en la Uni\\u00f3n Europea supone el paso definitivo \\\"para construir, como pilar fundamental, la gran Europa de integraci\\u00f3n econ\\u00f3mica, social y pol\\u00edtica\\\". En respuesta a una pregunta realizada en\",\"inLanguage\":\"es-ES\",\"isPartOf\":{\"@id\":\"https:\\\/\\\/www.eldigitaldeasturias.com\\\/noticias\\\/#website\"},\"breadcrumb\":{\"@id\":\"https:\\\/\\\/www.eldigitaldeasturias.com\\\/noticias\\\/cospedal-la-seguridad-es-fundamental-para-construir-la-europa-economica-social-y-politica\\\/#breadcrumblist\"},\"author\":{\"@id\":\"https:\\\/\\\/www.eldigitaldeasturias.com\\\/noticias\\\/author\\\/admin\\\/#author\"},\"creator\":{\"@id\":\"https:\\\/\\\/www.eldigitaldeasturias.com\\\/noticias\\\/author\\\/admin\\\/#author\"},\"image\":{\"@type\":\"ImageObject\",\"url\":960904,\"@id\":\"https:\\\/\\\/www.eldigitaldeasturias.com\\\/noticias\\\/cospedal-la-seguridad-es-fundamental-para-construir-la-europa-economica-social-y-politica\\\/#mainImage\"},\"primaryImageOfPage\":{\"@id\":\"https:\\\/\\\/www.eldigitaldeasturias.com\\\/noticias\\\/cospedal-la-seguridad-es-fundamental-para-construir-la-europa-economica-social-y-politica\\\/#mainImage\"},\"datePublished\":\"2017-11-22T19:55:05+01:00\",\"dateModified\":\"2017-11-22T19:55:05+01:00\"},{\"@type\":\"WebSite\",\"@id\":\"https:\\\/\\\/www.eldigitaldeasturias.com\\\/noticias\\\/#website\",\"url\":\"https:\\\/\\\/www.eldigitaldeasturias.com\\\/noticias\\\/\",\"name\":\"El Digital de Asturias - Diario de actualidad y noticias\",\"alternateName\":\"El Digital de Asturias - Diario de actualidad y noticias\",\"description\":\"Hemeroteca\",\"inLanguage\":\"es-ES\",\"publisher\":{\"@id\":\"https:\\\/\\\/www.eldigitaldeasturias.com\\\/noticias\\\/#organization\"}}]}\n\t\t<\/script>\n\t\t<!-- All in One SEO Pro -->\r\n\t\t<title>Cospedal: \u00abLa seguridad es fundamental para construir la Europa econ\u00f3mica, social y pol\u00edtica\u00bb - El Digital de Asturias<\/title>\n\n","aioseo_head_json":{"title":"Cospedal: \u00abLa seguridad es fundamental para construir la Europa econ\u00f3mica, social y pol\u00edtica\u00bb - El Digital de Asturias","description":"La ministra de Defensa, Mar\u00eda Dolores de Cospedal, ha asegurado que la puesta en marcha de la Cooperaci\u00f3n Estructurada Permanente (PESCO, en sus siglas en ingl\u00e9s) en la Uni\u00f3n Europea supone el paso definitivo \"para construir, como pilar fundamental, la gran Europa de integraci\u00f3n econ\u00f3mica, social y pol\u00edtica\". En respuesta a una pregunta realizada en","canonical_url":"https:\/\/www.eldigitaldeasturias.com\/noticias\/cospedal-la-seguridad-es-fundamental-para-construir-la-europa-economica-social-y-politica\/","robots":"max-image-preview:large","keywords":"actualidad","webmasterTools":{"google-site-verification":"UA-38556648-1","msvalidate.01":"7dfe9f3f1b24437ab69f4f2559babe99","miscellaneous":""},"schema":{"@context":"https:\/\/schema.org","@graph":[{"@type":"BlogPosting","@id":"https:\/\/www.eldigitaldeasturias.com\/noticias\/cospedal-la-seguridad-es-fundamental-para-construir-la-europa-economica-social-y-politica\/#blogposting","name":"Cospedal: \u00abLa seguridad es fundamental para construir la Europa econ\u00f3mica, social y pol\u00edtica\u00bb - El Digital de Asturias","headline":"Cospedal: \u00abLa seguridad es fundamental para construir la Europa econ\u00f3mica, social y pol\u00edtica\u00bb","author":{"@id":"https:\/\/www.eldigitaldeasturias.com\/noticias\/author\/admin\/#author"},"publisher":{"@id":"https:\/\/www.eldigitaldeasturias.com\/noticias\/#organization"},"image":{"@type":"ImageObject","url":960904},"datePublished":"2017-11-22T19:55:05+01:00","dateModified":"2017-11-22T19:55:05+01:00","inLanguage":"es-ES","mainEntityOfPage":{"@id":"https:\/\/www.eldigitaldeasturias.com\/noticias\/cospedal-la-seguridad-es-fundamental-para-construir-la-europa-economica-social-y-politica\/#webpage"},"isPartOf":{"@id":"https:\/\/www.eldigitaldeasturias.com\/noticias\/cospedal-la-seguridad-es-fundamental-para-construir-la-europa-economica-social-y-politica\/#webpage"},"articleSection":"Actualidad"},{"@type":"BreadcrumbList","@id":"https:\/\/www.eldigitaldeasturias.com\/noticias\/cospedal-la-seguridad-es-fundamental-para-construir-la-europa-economica-social-y-politica\/#breadcrumblist","itemListElement":[{"@type":"ListItem","@id":"https:\/\/www.eldigitaldeasturias.com\/noticias#listItem","position":1,"name":"Home","item":"https:\/\/www.eldigitaldeasturias.com\/noticias","nextItem":{"@type":"ListItem","@id":"https:\/\/www.eldigitaldeasturias.com\/noticias\/category\/actualidad\/#listItem","name":"Actualidad"}},{"@type":"ListItem","@id":"https:\/\/www.eldigitaldeasturias.com\/noticias\/category\/actualidad\/#listItem","position":2,"name":"Actualidad","item":"https:\/\/www.eldigitaldeasturias.com\/noticias\/category\/actualidad\/","nextItem":{"@type":"ListItem","@id":"https:\/\/www.eldigitaldeasturias.com\/noticias\/cospedal-la-seguridad-es-fundamental-para-construir-la-europa-economica-social-y-politica\/#listItem","name":"Cospedal: \u00abLa seguridad es fundamental para construir la Europa econ\u00f3mica, social y pol\u00edtica\u00bb"},"previousItem":{"@type":"ListItem","@id":"https:\/\/www.eldigitaldeasturias.com\/noticias#listItem","name":"Home"}},{"@type":"ListItem","@id":"https:\/\/www.eldigitaldeasturias.com\/noticias\/cospedal-la-seguridad-es-fundamental-para-construir-la-europa-economica-social-y-politica\/#listItem","position":3,"name":"Cospedal: \u00abLa seguridad es fundamental para construir la Europa econ\u00f3mica, social y pol\u00edtica\u00bb","previousItem":{"@type":"ListItem","@id":"https:\/\/www.eldigitaldeasturias.com\/noticias\/category\/actualidad\/#listItem","name":"Actualidad"}}]},{"@type":"Organization","@id":"https:\/\/www.eldigitaldeasturias.com\/noticias\/#organization","name":"El Digital de Asturias","description":"Hemeroteca","url":"https:\/\/www.eldigitaldeasturias.com\/noticias\/","email":"info@eldigitaldeasturias.com","telephone":"+34652131393","logo":{"@type":"ImageObject","url":"https:\/\/www.eldigitaldeasturias.com\/noticias\/wp-content\/uploads\/2020\/12\/EDA.jpg","@id":"https:\/\/www.eldigitaldeasturias.com\/noticias\/cospedal-la-seguridad-es-fundamental-para-construir-la-europa-economica-social-y-politica\/#organizationLogo"},"image":{"@id":"https:\/\/www.eldigitaldeasturias.com\/noticias\/cospedal-la-seguridad-es-fundamental-para-construir-la-europa-economica-social-y-politica\/#organizationLogo"},"sameAs":["https:\/\/facebook.com\/eldigitaldeasturias","https:\/\/www.youtube.com\/channel\/UCZP-2wLEB9Rv6erhFmqVnvg"],"address":{"@id":"https:\/\/www.eldigitaldeasturias.com\/noticias\/#postaladdress","@type":"PostalAddress","streetAddress":"san antonio 4","postalCode":"33430","addressLocality":"Cand\u00e1s","addressRegion":"Asturias","addressCountry":"ES"}},{"@type":"Person","@id":"https:\/\/www.eldigitaldeasturias.com\/noticias\/author\/admin\/#author","url":"https:\/\/www.eldigitaldeasturias.com\/noticias\/author\/admin\/","name":"El Digital de Asturias","image":{"@type":"ImageObject","@id":"https:\/\/www.eldigitaldeasturias.com\/noticias\/cospedal-la-seguridad-es-fundamental-para-construir-la-europa-economica-social-y-politica\/#authorImage","url":"https:\/\/secure.gravatar.com\/avatar\/df2aeffc32bcd13f8d26072ef8a91b623d677766deac7f97ca815868cd41bf5e?s=96&d=mm&r=g","width":96,"height":96,"caption":"El Digital de Asturias"}},{"@type":"WebPage","@id":"https:\/\/www.eldigitaldeasturias.com\/noticias\/cospedal-la-seguridad-es-fundamental-para-construir-la-europa-economica-social-y-politica\/#webpage","url":"https:\/\/www.eldigitaldeasturias.com\/noticias\/cospedal-la-seguridad-es-fundamental-para-construir-la-europa-economica-social-y-politica\/","name":"Cospedal: \u00abLa seguridad es fundamental para construir la Europa econ\u00f3mica, social y pol\u00edtica\u00bb - El Digital de Asturias","description":"La ministra de Defensa, Mar\u00eda Dolores de Cospedal, ha asegurado que la puesta en marcha de la Cooperaci\u00f3n Estructurada Permanente (PESCO, en sus siglas en ingl\u00e9s) en la Uni\u00f3n Europea supone el paso definitivo \"para construir, como pilar fundamental, la gran Europa de integraci\u00f3n econ\u00f3mica, social y pol\u00edtica\". En respuesta a una pregunta realizada en","inLanguage":"es-ES","isPartOf":{"@id":"https:\/\/www.eldigitaldeasturias.com\/noticias\/#website"},"breadcrumb":{"@id":"https:\/\/www.eldigitaldeasturias.com\/noticias\/cospedal-la-seguridad-es-fundamental-para-construir-la-europa-economica-social-y-politica\/#breadcrumblist"},"author":{"@id":"https:\/\/www.eldigitaldeasturias.com\/noticias\/author\/admin\/#author"},"creator":{"@id":"https:\/\/www.eldigitaldeasturias.com\/noticias\/author\/admin\/#author"},"image":{"@type":"ImageObject","url":960904,"@id":"https:\/\/www.eldigitaldeasturias.com\/noticias\/cospedal-la-seguridad-es-fundamental-para-construir-la-europa-economica-social-y-politica\/#mainImage"},"primaryImageOfPage":{"@id":"https:\/\/www.eldigitaldeasturias.com\/noticias\/cospedal-la-seguridad-es-fundamental-para-construir-la-europa-economica-social-y-politica\/#mainImage"},"datePublished":"2017-11-22T19:55:05+01:00","dateModified":"2017-11-22T19:55:05+01:00"},{"@type":"WebSite","@id":"https:\/\/www.eldigitaldeasturias.com\/noticias\/#website","url":"https:\/\/www.eldigitaldeasturias.com\/noticias\/","name":"El Digital de Asturias - Diario de actualidad y noticias","alternateName":"El Digital de Asturias - Diario de actualidad y noticias","description":"Hemeroteca","inLanguage":"es-ES","publisher":{"@id":"https:\/\/www.eldigitaldeasturias.com\/noticias\/#organization"}}]},"og:locale":"es_ES","og:site_name":"El Digital de Asturias","og:type":"article","og:title":"Cospedal: \u00abLa seguridad es fundamental para construir la Europa econ\u00f3mica, social y pol\u00edtica\u00bb - El Digital de Asturias","og:description":"La ministra de Defensa, Mar\u00eda Dolores de Cospedal, ha asegurado que la puesta en marcha de la Cooperaci\u00f3n Estructurada Permanente (PESCO, en sus siglas en ingl\u00e9s) en la Uni\u00f3n Europea supone el paso definitivo &quot;para construir, como pilar fundamental, la gran Europa de integraci\u00f3n econ\u00f3mica, social y pol\u00edtica&quot;. En respuesta a una pregunta realizada en","og:url":"https:\/\/www.eldigitaldeasturias.com\/noticias\/cospedal-la-seguridad-es-fundamental-para-construir-la-europa-economica-social-y-politica\/","article:tag":["actualidad"],"article:published_time":"2017-11-22T19:55:05+00:00","article:modified_time":"2017-11-22T19:55:05+00:00","article:publisher":"https:\/\/facebook.com\/eldigitaldeasturias","twitter:card":"summary_large_image","twitter:title":"Cospedal: \u00abLa seguridad es fundamental para construir la Europa econ\u00f3mica, social y pol\u00edtica\u00bb - El Digital de Asturias","twitter:description":"La ministra de Defensa, Mar\u00eda Dolores de Cospedal, ha asegurado que la puesta en marcha de la Cooperaci\u00f3n Estructurada Permanente (PESCO, en sus siglas en ingl\u00e9s) en la Uni\u00f3n Europea supone el paso definitivo &quot;para construir, como pilar fundamental, la gran Europa de integraci\u00f3n econ\u00f3mica, social y pol\u00edtica&quot;. En respuesta a una pregunta realizada en","twitter:image":"https:\/\/www.eldigitaldeasturias.com\/noticias\/wp-content\/uploads\/2020\/12\/EDA-1.jpg","twitter:label1":"Escrito por","twitter:data1":"El Digital de Asturias","twitter:label2":"Tiempo de lectura estimado","twitter:data2":"2 minutos"},"aioseo_meta_data":{"post_id":"960903","title":null,"description":null,"keywords":null,"keyphrases":null,"primary_term":null,"canonical_url":null,"og_title":null,"og_description":null,"og_object_type":"default","og_image_type":"default","og_image_url":null,"og_image_width":null,"og_image_height":null,"og_image_custom_url":null,"og_image_custom_fields":null,"og_video":null,"og_custom_url":null,"og_article_section":null,"og_article_tags":null,"twitter_use_og":false,"twitter_card":"default","twitter_image_type":"default","twitter_image_url":null,"twitter_image_custom_url":null,"twitter_image_custom_fields":null,"twitter_title":null,"twitter_description":null,"schema":{"blockGraphs":[],"customGraphs":[],"default":{"data":{"Article":[],"Course":[],"Dataset":[],"FAQPage":[],"Movie":[],"Person":[],"Product":[],"ProductReview":[],"Car":[],"Recipe":[],"Service":[],"SoftwareApplication":[],"WebPage":[]},"graphName":"","isEnabled":true},"graphs":[],"defaultGraph":"","defaultPostTypeGraph":""},"schema_type":null,"schema_type_options":null,"pillar_content":false,"robots_default":true,"robots_noindex":false,"robots_noarchive":false,"robots_nosnippet":false,"robots_nofollow":false,"robots_noimageindex":false,"robots_noodp":false,"robots_notranslate":false,"robots_max_snippet":null,"robots_max_videopreview":null,"robots_max_imagepreview":"large","priority":null,"frequency":null,"local_seo":null,"seo_analyzer_scan_date":"2025-12-07 06:57:48","breadcrumb_settings":null,"limit_modified_date":false,"open_ai":null,"ai":null,"created":"2020-12-21 12:50:40","updated":"2025-12-07 06:57:48","focus_keyword":null,"additional_keywords":null,"truseo_locale":null},"aioseo_breadcrumb":"<div class=\"aioseo-breadcrumbs\"><span class=\"aioseo-breadcrumb\">\n\t<a href=\"https:\/\/www.eldigitaldeasturias.com\/noticias\" title=\"Home\">Home<\/a>\n<\/span><span class=\"aioseo-breadcrumb-separator\">\u2013<\/span><span class=\"aioseo-breadcrumb\">\n\t<a href=\"https:\/\/www.eldigitaldeasturias.com\/noticias\/category\/actualidad\/\" title=\"Actualidad\">Actualidad<\/a>\n<\/span><span class=\"aioseo-breadcrumb-separator\">\u2013<\/span><span class=\"aioseo-breadcrumb\">\n\t<a href=\"https:\/\/www.eldigitaldeasturias.com\/noticias\/cospedal-la-seguridad-es-fundamental-para-construir-la-europa-economica-social-y-politica\/\" title=\"Cospedal: \u00abLa seguridad es fundamental para construir la Europa econ\u00f3mica, social y pol\u00edtica\u00bb\">Cospedal: \u00abLa seguridad es fundamental para construir la Europa econ\u00f3mica, social y pol\u00edtica\u00bb<\/a>\n<\/span><\/div>","aioseo_breadcrumb_json":[{"label":"Home","link":"https:\/\/www.eldigitaldeasturias.com\/noticias"},{"label":"Actualidad","link":"https:\/\/www.eldigitaldeasturias.com\/noticias\/category\/actualidad\/"},{"label":"Cospedal: \u00abLa seguridad es fundamental para construir la Europa econ\u00f3mica, social y pol\u00edtica\u00bb","link":"https:\/\/www.eldigitaldeasturias.com\/noticias\/cospedal-la-seguridad-es-fundamental-para-construir-la-europa-economica-social-y-politica\/"}],"_links":{"self":[{"href":"https:\/\/www.eldigitaldeasturias.com\/noticias\/wp-json\/wp\/v2\/posts\/960903","targetHints":{"allow":["GET"]}}],"collection":[{"href":"https:\/\/www.eldigitaldeasturias.com\/noticias\/wp-json\/wp\/v2\/posts"}],"about":[{"href":"https:\/\/www.eldigitaldeasturias.com\/noticias\/wp-json\/wp\/v2\/types\/post"}],"author":[{"embeddable":true,"href":"https:\/\/www.eldigitaldeasturias.com\/noticias\/wp-json\/wp\/v2\/users\/1"}],"replies":[{"embeddable":true,"href":"https:\/\/www.eldigitaldeasturias.com\/noticias\/wp-json\/wp\/v2\/comments?post=960903"}],"version-history":[{"count":0,"href":"https:\/\/www.eldigitaldeasturias.com\/noticias\/wp-json\/wp\/v2\/posts\/960903\/revisions"}],"wp:attachment":[{"href":"https:\/\/www.eldigitaldeasturias.com\/noticias\/wp-json\/wp\/v2\/media?parent=960903"}],"wp:term":[{"taxonomy":"category","embeddable":true,"href":"https:\/\/www.eldigitaldeasturias.com\/noticias\/wp-json\/wp\/v2\/categories?post=960903"},{"taxonomy":"post_tag","embeddable":true,"href":"https:\/\/www.eldigitaldeasturias.com\/noticias\/wp-json\/wp\/v2\/tags?post=960903"}],"curies":[{"name":"wp","href":"https:\/\/api.w.org\/{rel}","templated":true}]}}