{"id":960862,"date":"2017-11-22T14:46:51","date_gmt":"2017-11-22T14:46:51","guid":{"rendered":"http:\/\/www.eldigitaldeasturias.com\/noticias\/?p=960862"},"modified":"2017-11-22T14:46:51","modified_gmt":"2017-11-22T14:46:51","slug":"las-tecnologias-de-la-informacion-y-la-comunicacion-colonizan-la-orientacion-laboral","status":"publish","type":"post","link":"https:\/\/www.eldigitaldeasturias.com\/noticias\/las-tecnologias-de-la-informacion-y-la-comunicacion-colonizan-la-orientacion-laboral\/","title":{"rendered":"Las tecnolog\u00edas de la informaci\u00f3n y la comunicaci\u00f3n colonizan la orientaci\u00f3n laboral"},"content":{"rendered":"<p><img loading=\"lazy\" decoding=\"async\" class=\"alignleft size-medium wp-image-960863\" src=\"https:\/\/www.eldigitaldeasturias.com\/noticias\/wp-content\/uploads\/2017\/11\/1511345376_Master_Orientacion_Laboral_Online-360x210.jpg\" alt=\"\" width=\"360\" height=\"210\" srcset=\"https:\/\/www.eldigitaldeasturias.com\/noticias\/wp-content\/uploads\/2017\/11\/1511345376_Master_Orientacion_Laboral_Online-360x210.jpg 360w, https:\/\/www.eldigitaldeasturias.com\/noticias\/wp-content\/uploads\/2017\/11\/1511345376_Master_Orientacion_Laboral_Online-172x100.jpg 172w, https:\/\/www.eldigitaldeasturias.com\/noticias\/wp-content\/uploads\/2017\/11\/1511345376_Master_Orientacion_Laboral_Online.jpg 600w\" sizes=\"auto, (max-width: 360px) 100vw, 360px\" \/>Los avances tecnol\u00f3gicos han trasfigurado los esquemas sociales que hasta la fecha se ven\u00edan utilizando. Y esto porque la tecnolog\u00eda se ha convertido en el elemento central en torno al cual se organizan la mayor\u00eda de los sectores productivos. Como consecuencia, el mercado laboral demanda perfiles profesionales muy especializados capaces de desenvolverse en entornos digitales.<\/p>\n<p>Esta importancia adquirida por la tecnolog\u00eda puede situar a una persona, al menos, ante dos escenarios diferentes dentro del \u00e1mbito laboral. El primero de ellos se centra sobre aquellas personas que est\u00e1n es b\u00fasqueda activa de empleo y cuya gesti\u00f3n de las demandas del mercado laboral, determinar\u00e1 el resultado de la b\u00fasqueda. Y el segundo escenario se relaciona con aquellas personas que, si bien cuentan con un empleo, su desconocimiento en el uso de ciertas herramientas digitales, hace necesaria la renovaci\u00f3n de competencias.<\/p>\n<p>Una de las empresas de formaci\u00f3n online que m\u00e1s ha contemplado esta disyuntiva\u00a0ha sido\u00a0<strong>Euroinnova Business School.\u00a0<\/strong>El\u00a0<strong>Curso de Orientaci\u00f3n Labora<\/strong>l\u00a0se ha desarrollado junto con profesionales provenientes de distintas disciplinas, con la finalidad de abarcar las m\u00faltiples variables que act\u00faan en el proceso de b\u00fasqueda de empleo. De esta forma\u00a0se pretende formar al estudiante en el desarrollo de estrategias de intervenci\u00f3n personalizadas. Estas estrategias otorgan un papel relevante al aprendizaje de los conocimientos digitales.<\/p>\n<p>En este sentido, el\u00a0<strong>Curso T\u00e9cnico de Formaci\u00f3n<\/strong>\u00a0en la empresa, capacita al alumno para orientar a los trabajadores sobre la idoneidad de las herramientas a aprender en funci\u00f3n del an\u00e1lisis del puesto de trabajo (APT).<\/p>\n<p>Otra figura relevante en este contexto es el formador de formadores ya que, al insertarse su actividad en el \u00e1mbito docente, tiene la posibilidad de cercenar carencias profesionales de cara al futuro. El\u00a0<strong>Curso Formador de Formadores Online<\/strong>\u00a0utiliza las estrategias pedag\u00f3gicas para ajustar oferta y demanda laboral.<\/p>\n<p>No obstante,\u00a0<strong>Euroinnova<\/strong>\u00a0cuenta con\u00a0<strong>Docencia para la Formaci\u00f3n\u00a0profesional<\/strong> para el empleo, donde se establecen las bases para ejercer de docente en funci\u00f3n del segmento mayoritario de poblaci\u00f3n.<\/p>\n","protected":false},"excerpt":{"rendered":"<p>Los avances tecnol\u00f3gicos han trasfigurado los esquemas sociales que hasta la fecha se ven\u00edan utilizando. Y esto porque la tecnolog\u00eda se ha convertido en el elemento central en torno al cual se organizan la mayor\u00eda de los sectores productivos. Como consecuencia, el mercado laboral demanda perfiles profesionales muy especializados capaces de desenvolverse en entornos digitales. [&hellip;]<\/p>\n","protected":false},"author":1,"featured_media":960863,"comment_status":"closed","ping_status":"closed","sticky":false,"template":"","format":"standard","meta":{"footnotes":""},"categories":[187],"tags":[],"class_list":["post-960862","post","type-post","status-publish","format-standard","has-post-thumbnail","hentry","category-economia"],"aioseo_notices":[],"aioseo_head":"\n\t\t<!-- All in One SEO Pro 4.9.6.2 - aioseo.com -->\n\t<meta name=\"description\" content=\"Los avances tecnol\u00f3gicos han trasfigurado los esquemas sociales que hasta la fecha se ven\u00edan utilizando. Y esto porque la tecnolog\u00eda se ha convertido en el elemento central en torno al cual se organizan la mayor\u00eda de los sectores productivos. Como consecuencia, el mercado laboral demanda perfiles profesionales muy especializados capaces de desenvolverse en entornos digitales.\" \/>\n\t<meta name=\"robots\" content=\"max-image-preview:large\" \/>\n\t<meta name=\"author\" content=\"El Digital de Asturias\"\/>\n\t<meta name=\"google-site-verification\" content=\"UA-38556648-1\" \/>\n\t<meta name=\"msvalidate.01\" content=\"7dfe9f3f1b24437ab69f4f2559babe99\" \/>\n\t<meta name=\"keywords\" content=\"econom\u00eda\" \/>\n\t<link rel=\"canonical\" href=\"https:\/\/www.eldigitaldeasturias.com\/noticias\/las-tecnologias-de-la-informacion-y-la-comunicacion-colonizan-la-orientacion-laboral\/\" \/>\n\t<meta name=\"generator\" content=\"All in One SEO Pro (AIOSEO) 4.9.6.2\" \/>\n\t\t<meta property=\"og:locale\" content=\"es_ES\" \/>\n\t\t<meta property=\"og:site_name\" content=\"El Digital de Asturias\" \/>\n\t\t<meta property=\"og:type\" content=\"article\" \/>\n\t\t<meta property=\"og:title\" content=\"Las tecnolog\u00edas de la informaci\u00f3n y la comunicaci\u00f3n colonizan la orientaci\u00f3n laboral - El Digital de Asturias\" \/>\n\t\t<meta property=\"og:description\" content=\"Los avances tecnol\u00f3gicos han trasfigurado los esquemas sociales que hasta la fecha se ven\u00edan utilizando. Y esto porque la tecnolog\u00eda se ha convertido en el elemento central en torno al cual se organizan la mayor\u00eda de los sectores productivos. Como consecuencia, el mercado laboral demanda perfiles profesionales muy especializados capaces de desenvolverse en entornos digitales.\" \/>\n\t\t<meta property=\"og:url\" content=\"https:\/\/www.eldigitaldeasturias.com\/noticias\/las-tecnologias-de-la-informacion-y-la-comunicacion-colonizan-la-orientacion-laboral\/\" \/>\n\t\t<meta property=\"og:image\" content=\"https:\/\/www.eldigitaldeasturias.com\/noticias\/wp-content\/uploads\/2017\/11\/1511345376_Master_Orientacion_Laboral_Online.jpg\" \/>\n\t\t<meta property=\"og:image:secure_url\" content=\"https:\/\/www.eldigitaldeasturias.com\/noticias\/wp-content\/uploads\/2017\/11\/1511345376_Master_Orientacion_Laboral_Online.jpg\" \/>\n\t\t<meta property=\"og:image:width\" content=\"600\" \/>\n\t\t<meta property=\"og:image:height\" content=\"350\" \/>\n\t\t<meta property=\"article:tag\" content=\"econom\u00eda\" \/>\n\t\t<meta property=\"article:published_time\" content=\"2017-11-22T14:46:51+00:00\" \/>\n\t\t<meta property=\"article:modified_time\" content=\"2017-11-22T14:46:51+00:00\" \/>\n\t\t<meta property=\"article:publisher\" content=\"https:\/\/facebook.com\/eldigitaldeasturias\" \/>\n\t\t<meta name=\"twitter:card\" content=\"summary_large_image\" \/>\n\t\t<meta name=\"twitter:title\" content=\"Las tecnolog\u00edas de la informaci\u00f3n y la comunicaci\u00f3n colonizan la orientaci\u00f3n laboral - El Digital de Asturias\" \/>\n\t\t<meta name=\"twitter:description\" content=\"Los avances tecnol\u00f3gicos han trasfigurado los esquemas sociales que hasta la fecha se ven\u00edan utilizando. Y esto porque la tecnolog\u00eda se ha convertido en el elemento central en torno al cual se organizan la mayor\u00eda de los sectores productivos. Como consecuencia, el mercado laboral demanda perfiles profesionales muy especializados capaces de desenvolverse en entornos digitales.\" \/>\n\t\t<meta name=\"twitter:image\" content=\"https:\/\/www.eldigitaldeasturias.com\/noticias\/wp-content\/uploads\/2017\/11\/1511345376_Master_Orientacion_Laboral_Online.jpg\" \/>\n\t\t<meta name=\"twitter:label1\" content=\"Escrito por\" \/>\n\t\t<meta name=\"twitter:data1\" content=\"El Digital de Asturias\" \/>\n\t\t<meta name=\"twitter:label2\" content=\"Tiempo de lectura estimado\" \/>\n\t\t<meta name=\"twitter:data2\" content=\"2 minutos\" \/>\n\t\t<script type=\"application\/ld+json\" class=\"aioseo-schema\">\n\t\t\t{\"@context\":\"https:\\\/\\\/schema.org\",\"@graph\":[{\"@type\":\"BlogPosting\",\"@id\":\"https:\\\/\\\/www.eldigitaldeasturias.com\\\/noticias\\\/las-tecnologias-de-la-informacion-y-la-comunicacion-colonizan-la-orientacion-laboral\\\/#blogposting\",\"name\":\"Las tecnolog\\u00edas de la informaci\\u00f3n y la comunicaci\\u00f3n colonizan la orientaci\\u00f3n laboral - El Digital de Asturias\",\"headline\":\"Las tecnolog\\u00edas de la informaci\\u00f3n y la comunicaci\\u00f3n colonizan la orientaci\\u00f3n laboral\",\"author\":{\"@id\":\"https:\\\/\\\/www.eldigitaldeasturias.com\\\/noticias\\\/author\\\/admin\\\/#author\"},\"publisher\":{\"@id\":\"https:\\\/\\\/www.eldigitaldeasturias.com\\\/noticias\\\/#organization\"},\"image\":{\"@type\":\"ImageObject\",\"url\":\"https:\\\/\\\/www.eldigitaldeasturias.com\\\/noticias\\\/wp-content\\\/uploads\\\/2017\\\/11\\\/1511345376_Master_Orientacion_Laboral_Online.jpg\",\"width\":600,\"height\":350},\"datePublished\":\"2017-11-22T14:46:51+01:00\",\"dateModified\":\"2017-11-22T14:46:51+01:00\",\"inLanguage\":\"es-ES\",\"mainEntityOfPage\":{\"@id\":\"https:\\\/\\\/www.eldigitaldeasturias.com\\\/noticias\\\/las-tecnologias-de-la-informacion-y-la-comunicacion-colonizan-la-orientacion-laboral\\\/#webpage\"},\"isPartOf\":{\"@id\":\"https:\\\/\\\/www.eldigitaldeasturias.com\\\/noticias\\\/las-tecnologias-de-la-informacion-y-la-comunicacion-colonizan-la-orientacion-laboral\\\/#webpage\"},\"articleSection\":\"Econom\\u00eda\"},{\"@type\":\"BreadcrumbList\",\"@id\":\"https:\\\/\\\/www.eldigitaldeasturias.com\\\/noticias\\\/las-tecnologias-de-la-informacion-y-la-comunicacion-colonizan-la-orientacion-laboral\\\/#breadcrumblist\",\"itemListElement\":[{\"@type\":\"ListItem\",\"@id\":\"https:\\\/\\\/www.eldigitaldeasturias.com\\\/noticias#listItem\",\"position\":1,\"name\":\"Home\",\"item\":\"https:\\\/\\\/www.eldigitaldeasturias.com\\\/noticias\",\"nextItem\":{\"@type\":\"ListItem\",\"@id\":\"https:\\\/\\\/www.eldigitaldeasturias.com\\\/noticias\\\/category\\\/economia\\\/#listItem\",\"name\":\"Econom\\u00eda\"}},{\"@type\":\"ListItem\",\"@id\":\"https:\\\/\\\/www.eldigitaldeasturias.com\\\/noticias\\\/category\\\/economia\\\/#listItem\",\"position\":2,\"name\":\"Econom\\u00eda\",\"item\":\"https:\\\/\\\/www.eldigitaldeasturias.com\\\/noticias\\\/category\\\/economia\\\/\",\"nextItem\":{\"@type\":\"ListItem\",\"@id\":\"https:\\\/\\\/www.eldigitaldeasturias.com\\\/noticias\\\/las-tecnologias-de-la-informacion-y-la-comunicacion-colonizan-la-orientacion-laboral\\\/#listItem\",\"name\":\"Las tecnolog\\u00edas de la informaci\\u00f3n y la comunicaci\\u00f3n colonizan la orientaci\\u00f3n laboral\"},\"previousItem\":{\"@type\":\"ListItem\",\"@id\":\"https:\\\/\\\/www.eldigitaldeasturias.com\\\/noticias#listItem\",\"name\":\"Home\"}},{\"@type\":\"ListItem\",\"@id\":\"https:\\\/\\\/www.eldigitaldeasturias.com\\\/noticias\\\/las-tecnologias-de-la-informacion-y-la-comunicacion-colonizan-la-orientacion-laboral\\\/#listItem\",\"position\":3,\"name\":\"Las tecnolog\\u00edas de la informaci\\u00f3n y la comunicaci\\u00f3n colonizan la orientaci\\u00f3n laboral\",\"previousItem\":{\"@type\":\"ListItem\",\"@id\":\"https:\\\/\\\/www.eldigitaldeasturias.com\\\/noticias\\\/category\\\/economia\\\/#listItem\",\"name\":\"Econom\\u00eda\"}}]},{\"@type\":\"Organization\",\"@id\":\"https:\\\/\\\/www.eldigitaldeasturias.com\\\/noticias\\\/#organization\",\"name\":\"El Digital de Asturias\",\"description\":\"Hemeroteca\",\"url\":\"https:\\\/\\\/www.eldigitaldeasturias.com\\\/noticias\\\/\",\"email\":\"info@eldigitaldeasturias.com\",\"telephone\":\"+34652131393\",\"logo\":{\"@type\":\"ImageObject\",\"url\":\"https:\\\/\\\/www.eldigitaldeasturias.com\\\/noticias\\\/wp-content\\\/uploads\\\/2020\\\/12\\\/EDA.jpg\",\"@id\":\"https:\\\/\\\/www.eldigitaldeasturias.com\\\/noticias\\\/las-tecnologias-de-la-informacion-y-la-comunicacion-colonizan-la-orientacion-laboral\\\/#organizationLogo\",\"width\":649,\"height\":297},\"image\":{\"@id\":\"https:\\\/\\\/www.eldigitaldeasturias.com\\\/noticias\\\/las-tecnologias-de-la-informacion-y-la-comunicacion-colonizan-la-orientacion-laboral\\\/#organizationLogo\"},\"sameAs\":[\"https:\\\/\\\/facebook.com\\\/eldigitaldeasturias\",\"https:\\\/\\\/www.youtube.com\\\/channel\\\/UCZP-2wLEB9Rv6erhFmqVnvg\"],\"address\":{\"@id\":\"https:\\\/\\\/www.eldigitaldeasturias.com\\\/noticias\\\/#postaladdress\",\"@type\":\"PostalAddress\",\"streetAddress\":\"san antonio 4,\",\"postalCode\":\"33430\",\"addressLocality\":\"Cand\\u00e1s\",\"addressRegion\":\"Asturias\",\"addressCountry\":\"ES\"}},{\"@type\":\"Person\",\"@id\":\"https:\\\/\\\/www.eldigitaldeasturias.com\\\/noticias\\\/author\\\/admin\\\/#author\",\"url\":\"https:\\\/\\\/www.eldigitaldeasturias.com\\\/noticias\\\/author\\\/admin\\\/\",\"name\":\"El Digital de Asturias\",\"image\":{\"@type\":\"ImageObject\",\"@id\":\"https:\\\/\\\/www.eldigitaldeasturias.com\\\/noticias\\\/las-tecnologias-de-la-informacion-y-la-comunicacion-colonizan-la-orientacion-laboral\\\/#authorImage\",\"url\":\"https:\\\/\\\/www.eldigitaldeasturias.com\\\/noticias\\\/wp-content\\\/litespeed\\\/avatar\\\/18677e78aa0546b92d9dbf31ec7d7668.jpg?ver=1776685526\",\"width\":96,\"height\":96,\"caption\":\"El Digital de Asturias\"}},{\"@type\":\"WebPage\",\"@id\":\"https:\\\/\\\/www.eldigitaldeasturias.com\\\/noticias\\\/las-tecnologias-de-la-informacion-y-la-comunicacion-colonizan-la-orientacion-laboral\\\/#webpage\",\"url\":\"https:\\\/\\\/www.eldigitaldeasturias.com\\\/noticias\\\/las-tecnologias-de-la-informacion-y-la-comunicacion-colonizan-la-orientacion-laboral\\\/\",\"name\":\"Las tecnolog\\u00edas de la informaci\\u00f3n y la comunicaci\\u00f3n colonizan la orientaci\\u00f3n laboral - El Digital de Asturias\",\"description\":\"Los avances tecnol\\u00f3gicos han trasfigurado los esquemas sociales que hasta la fecha se ven\\u00edan utilizando. Y esto porque la tecnolog\\u00eda se ha convertido en el elemento central en torno al cual se organizan la mayor\\u00eda de los sectores productivos. Como consecuencia, el mercado laboral demanda perfiles profesionales muy especializados capaces de desenvolverse en entornos digitales.\",\"inLanguage\":\"es-ES\",\"isPartOf\":{\"@id\":\"https:\\\/\\\/www.eldigitaldeasturias.com\\\/noticias\\\/#website\"},\"breadcrumb\":{\"@id\":\"https:\\\/\\\/www.eldigitaldeasturias.com\\\/noticias\\\/las-tecnologias-de-la-informacion-y-la-comunicacion-colonizan-la-orientacion-laboral\\\/#breadcrumblist\"},\"author\":{\"@id\":\"https:\\\/\\\/www.eldigitaldeasturias.com\\\/noticias\\\/author\\\/admin\\\/#author\"},\"creator\":{\"@id\":\"https:\\\/\\\/www.eldigitaldeasturias.com\\\/noticias\\\/author\\\/admin\\\/#author\"},\"image\":{\"@type\":\"ImageObject\",\"url\":\"https:\\\/\\\/www.eldigitaldeasturias.com\\\/noticias\\\/wp-content\\\/uploads\\\/2017\\\/11\\\/1511345376_Master_Orientacion_Laboral_Online.jpg\",\"@id\":\"https:\\\/\\\/www.eldigitaldeasturias.com\\\/noticias\\\/las-tecnologias-de-la-informacion-y-la-comunicacion-colonizan-la-orientacion-laboral\\\/#mainImage\",\"width\":600,\"height\":350},\"primaryImageOfPage\":{\"@id\":\"https:\\\/\\\/www.eldigitaldeasturias.com\\\/noticias\\\/las-tecnologias-de-la-informacion-y-la-comunicacion-colonizan-la-orientacion-laboral\\\/#mainImage\"},\"datePublished\":\"2017-11-22T14:46:51+01:00\",\"dateModified\":\"2017-11-22T14:46:51+01:00\"},{\"@type\":\"WebSite\",\"@id\":\"https:\\\/\\\/www.eldigitaldeasturias.com\\\/noticias\\\/#website\",\"url\":\"https:\\\/\\\/www.eldigitaldeasturias.com\\\/noticias\\\/\",\"name\":\"El Digital de Asturias - Diario de actualidad y noticias\",\"alternateName\":\"El Digital de Asturias - Diario de actualidad y noticias\",\"description\":\"Hemeroteca\",\"inLanguage\":\"es-ES\",\"publisher\":{\"@id\":\"https:\\\/\\\/www.eldigitaldeasturias.com\\\/noticias\\\/#organization\"}}]}\n\t\t<\/script>\n\t\t<!-- All in One SEO Pro -->\r\n\t\t<title>Las tecnolog\u00edas de la informaci\u00f3n y la comunicaci\u00f3n colonizan la orientaci\u00f3n laboral - El Digital de Asturias<\/title>\n\n","aioseo_head_json":{"title":"Las tecnolog\u00edas de la informaci\u00f3n y la comunicaci\u00f3n colonizan la orientaci\u00f3n laboral - El Digital de Asturias","description":"Los avances tecnol\u00f3gicos han trasfigurado los esquemas sociales que hasta la fecha se ven\u00edan utilizando. Y esto porque la tecnolog\u00eda se ha convertido en el elemento central en torno al cual se organizan la mayor\u00eda de los sectores productivos. Como consecuencia, el mercado laboral demanda perfiles profesionales muy especializados capaces de desenvolverse en entornos digitales.","canonical_url":"https:\/\/www.eldigitaldeasturias.com\/noticias\/las-tecnologias-de-la-informacion-y-la-comunicacion-colonizan-la-orientacion-laboral\/","robots":"max-image-preview:large","keywords":"econom\u00eda","webmasterTools":{"google-site-verification":"UA-38556648-1","msvalidate.01":"7dfe9f3f1b24437ab69f4f2559babe99","miscellaneous":""},"schema":{"@context":"https:\/\/schema.org","@graph":[{"@type":"BlogPosting","@id":"https:\/\/www.eldigitaldeasturias.com\/noticias\/las-tecnologias-de-la-informacion-y-la-comunicacion-colonizan-la-orientacion-laboral\/#blogposting","name":"Las tecnolog\u00edas de la informaci\u00f3n y la comunicaci\u00f3n colonizan la orientaci\u00f3n laboral - El Digital de Asturias","headline":"Las tecnolog\u00edas de la informaci\u00f3n y la comunicaci\u00f3n colonizan la orientaci\u00f3n laboral","author":{"@id":"https:\/\/www.eldigitaldeasturias.com\/noticias\/author\/admin\/#author"},"publisher":{"@id":"https:\/\/www.eldigitaldeasturias.com\/noticias\/#organization"},"image":{"@type":"ImageObject","url":"https:\/\/www.eldigitaldeasturias.com\/noticias\/wp-content\/uploads\/2017\/11\/1511345376_Master_Orientacion_Laboral_Online.jpg","width":600,"height":350},"datePublished":"2017-11-22T14:46:51+01:00","dateModified":"2017-11-22T14:46:51+01:00","inLanguage":"es-ES","mainEntityOfPage":{"@id":"https:\/\/www.eldigitaldeasturias.com\/noticias\/las-tecnologias-de-la-informacion-y-la-comunicacion-colonizan-la-orientacion-laboral\/#webpage"},"isPartOf":{"@id":"https:\/\/www.eldigitaldeasturias.com\/noticias\/las-tecnologias-de-la-informacion-y-la-comunicacion-colonizan-la-orientacion-laboral\/#webpage"},"articleSection":"Econom\u00eda"},{"@type":"BreadcrumbList","@id":"https:\/\/www.eldigitaldeasturias.com\/noticias\/las-tecnologias-de-la-informacion-y-la-comunicacion-colonizan-la-orientacion-laboral\/#breadcrumblist","itemListElement":[{"@type":"ListItem","@id":"https:\/\/www.eldigitaldeasturias.com\/noticias#listItem","position":1,"name":"Home","item":"https:\/\/www.eldigitaldeasturias.com\/noticias","nextItem":{"@type":"ListItem","@id":"https:\/\/www.eldigitaldeasturias.com\/noticias\/category\/economia\/#listItem","name":"Econom\u00eda"}},{"@type":"ListItem","@id":"https:\/\/www.eldigitaldeasturias.com\/noticias\/category\/economia\/#listItem","position":2,"name":"Econom\u00eda","item":"https:\/\/www.eldigitaldeasturias.com\/noticias\/category\/economia\/","nextItem":{"@type":"ListItem","@id":"https:\/\/www.eldigitaldeasturias.com\/noticias\/las-tecnologias-de-la-informacion-y-la-comunicacion-colonizan-la-orientacion-laboral\/#listItem","name":"Las tecnolog\u00edas de la informaci\u00f3n y la comunicaci\u00f3n colonizan la orientaci\u00f3n laboral"},"previousItem":{"@type":"ListItem","@id":"https:\/\/www.eldigitaldeasturias.com\/noticias#listItem","name":"Home"}},{"@type":"ListItem","@id":"https:\/\/www.eldigitaldeasturias.com\/noticias\/las-tecnologias-de-la-informacion-y-la-comunicacion-colonizan-la-orientacion-laboral\/#listItem","position":3,"name":"Las tecnolog\u00edas de la informaci\u00f3n y la comunicaci\u00f3n colonizan la orientaci\u00f3n laboral","previousItem":{"@type":"ListItem","@id":"https:\/\/www.eldigitaldeasturias.com\/noticias\/category\/economia\/#listItem","name":"Econom\u00eda"}}]},{"@type":"Organization","@id":"https:\/\/www.eldigitaldeasturias.com\/noticias\/#organization","name":"El Digital de Asturias","description":"Hemeroteca","url":"https:\/\/www.eldigitaldeasturias.com\/noticias\/","email":"info@eldigitaldeasturias.com","telephone":"+34652131393","logo":{"@type":"ImageObject","url":"https:\/\/www.eldigitaldeasturias.com\/noticias\/wp-content\/uploads\/2020\/12\/EDA.jpg","@id":"https:\/\/www.eldigitaldeasturias.com\/noticias\/las-tecnologias-de-la-informacion-y-la-comunicacion-colonizan-la-orientacion-laboral\/#organizationLogo","width":649,"height":297},"image":{"@id":"https:\/\/www.eldigitaldeasturias.com\/noticias\/las-tecnologias-de-la-informacion-y-la-comunicacion-colonizan-la-orientacion-laboral\/#organizationLogo"},"sameAs":["https:\/\/facebook.com\/eldigitaldeasturias","https:\/\/www.youtube.com\/channel\/UCZP-2wLEB9Rv6erhFmqVnvg"],"address":{"@id":"https:\/\/www.eldigitaldeasturias.com\/noticias\/#postaladdress","@type":"PostalAddress","streetAddress":"san antonio 4,","postalCode":"33430","addressLocality":"Cand\u00e1s","addressRegion":"Asturias","addressCountry":"ES"}},{"@type":"Person","@id":"https:\/\/www.eldigitaldeasturias.com\/noticias\/author\/admin\/#author","url":"https:\/\/www.eldigitaldeasturias.com\/noticias\/author\/admin\/","name":"El Digital de Asturias","image":{"@type":"ImageObject","@id":"https:\/\/www.eldigitaldeasturias.com\/noticias\/las-tecnologias-de-la-informacion-y-la-comunicacion-colonizan-la-orientacion-laboral\/#authorImage","url":"https:\/\/www.eldigitaldeasturias.com\/noticias\/wp-content\/litespeed\/avatar\/18677e78aa0546b92d9dbf31ec7d7668.jpg?ver=1776685526","width":96,"height":96,"caption":"El Digital de Asturias"}},{"@type":"WebPage","@id":"https:\/\/www.eldigitaldeasturias.com\/noticias\/las-tecnologias-de-la-informacion-y-la-comunicacion-colonizan-la-orientacion-laboral\/#webpage","url":"https:\/\/www.eldigitaldeasturias.com\/noticias\/las-tecnologias-de-la-informacion-y-la-comunicacion-colonizan-la-orientacion-laboral\/","name":"Las tecnolog\u00edas de la informaci\u00f3n y la comunicaci\u00f3n colonizan la orientaci\u00f3n laboral - El Digital de Asturias","description":"Los avances tecnol\u00f3gicos han trasfigurado los esquemas sociales que hasta la fecha se ven\u00edan utilizando. Y esto porque la tecnolog\u00eda se ha convertido en el elemento central en torno al cual se organizan la mayor\u00eda de los sectores productivos. Como consecuencia, el mercado laboral demanda perfiles profesionales muy especializados capaces de desenvolverse en entornos digitales.","inLanguage":"es-ES","isPartOf":{"@id":"https:\/\/www.eldigitaldeasturias.com\/noticias\/#website"},"breadcrumb":{"@id":"https:\/\/www.eldigitaldeasturias.com\/noticias\/las-tecnologias-de-la-informacion-y-la-comunicacion-colonizan-la-orientacion-laboral\/#breadcrumblist"},"author":{"@id":"https:\/\/www.eldigitaldeasturias.com\/noticias\/author\/admin\/#author"},"creator":{"@id":"https:\/\/www.eldigitaldeasturias.com\/noticias\/author\/admin\/#author"},"image":{"@type":"ImageObject","url":"https:\/\/www.eldigitaldeasturias.com\/noticias\/wp-content\/uploads\/2017\/11\/1511345376_Master_Orientacion_Laboral_Online.jpg","@id":"https:\/\/www.eldigitaldeasturias.com\/noticias\/las-tecnologias-de-la-informacion-y-la-comunicacion-colonizan-la-orientacion-laboral\/#mainImage","width":600,"height":350},"primaryImageOfPage":{"@id":"https:\/\/www.eldigitaldeasturias.com\/noticias\/las-tecnologias-de-la-informacion-y-la-comunicacion-colonizan-la-orientacion-laboral\/#mainImage"},"datePublished":"2017-11-22T14:46:51+01:00","dateModified":"2017-11-22T14:46:51+01:00"},{"@type":"WebSite","@id":"https:\/\/www.eldigitaldeasturias.com\/noticias\/#website","url":"https:\/\/www.eldigitaldeasturias.com\/noticias\/","name":"El Digital de Asturias - Diario de actualidad y noticias","alternateName":"El Digital de Asturias - Diario de actualidad y noticias","description":"Hemeroteca","inLanguage":"es-ES","publisher":{"@id":"https:\/\/www.eldigitaldeasturias.com\/noticias\/#organization"}}]},"og:locale":"es_ES","og:site_name":"El Digital de Asturias","og:type":"article","og:title":"Las tecnolog\u00edas de la informaci\u00f3n y la comunicaci\u00f3n colonizan la orientaci\u00f3n laboral - El Digital de Asturias","og:description":"Los avances tecnol\u00f3gicos han trasfigurado los esquemas sociales que hasta la fecha se ven\u00edan utilizando. Y esto porque la tecnolog\u00eda se ha convertido en el elemento central en torno al cual se organizan la mayor\u00eda de los sectores productivos. Como consecuencia, el mercado laboral demanda perfiles profesionales muy especializados capaces de desenvolverse en entornos digitales.","og:url":"https:\/\/www.eldigitaldeasturias.com\/noticias\/las-tecnologias-de-la-informacion-y-la-comunicacion-colonizan-la-orientacion-laboral\/","og:image":"https:\/\/www.eldigitaldeasturias.com\/noticias\/wp-content\/uploads\/2017\/11\/1511345376_Master_Orientacion_Laboral_Online.jpg","og:image:secure_url":"https:\/\/www.eldigitaldeasturias.com\/noticias\/wp-content\/uploads\/2017\/11\/1511345376_Master_Orientacion_Laboral_Online.jpg","og:image:width":600,"og:image:height":350,"article:tag":["econom\u00eda"],"article:published_time":"2017-11-22T14:46:51+00:00","article:modified_time":"2017-11-22T14:46:51+00:00","article:publisher":"https:\/\/facebook.com\/eldigitaldeasturias","twitter:card":"summary_large_image","twitter:title":"Las tecnolog\u00edas de la informaci\u00f3n y la comunicaci\u00f3n colonizan la orientaci\u00f3n laboral - El Digital de Asturias","twitter:description":"Los avances tecnol\u00f3gicos han trasfigurado los esquemas sociales que hasta la fecha se ven\u00edan utilizando. Y esto porque la tecnolog\u00eda se ha convertido en el elemento central en torno al cual se organizan la mayor\u00eda de los sectores productivos. Como consecuencia, el mercado laboral demanda perfiles profesionales muy especializados capaces de desenvolverse en entornos digitales.","twitter:image":"https:\/\/www.eldigitaldeasturias.com\/noticias\/wp-content\/uploads\/2017\/11\/1511345376_Master_Orientacion_Laboral_Online.jpg","twitter:label1":"Escrito por","twitter:data1":"El Digital de Asturias","twitter:label2":"Tiempo de lectura estimado","twitter:data2":"2 minutos"},"aioseo_meta_data":{"post_id":"960862","title":null,"description":null,"keywords":null,"keyphrases":null,"primary_term":null,"canonical_url":null,"og_title":null,"og_description":null,"og_object_type":"default","og_image_type":"default","og_image_url":null,"og_image_width":null,"og_image_height":null,"og_image_custom_url":null,"og_image_custom_fields":null,"og_video":null,"og_custom_url":null,"og_article_section":null,"og_article_tags":null,"twitter_use_og":false,"twitter_card":"default","twitter_image_type":"default","twitter_image_url":null,"twitter_image_custom_url":null,"twitter_image_custom_fields":null,"twitter_title":null,"twitter_description":null,"schema":{"blockGraphs":[],"customGraphs":[],"default":{"data":{"Article":[],"Course":[],"Dataset":[],"FAQPage":[],"Movie":[],"Person":[],"Product":[],"ProductReview":[],"Car":[],"Recipe":[],"Service":[],"SoftwareApplication":[],"WebPage":[]},"graphName":"","isEnabled":true},"graphs":[],"defaultGraph":"","defaultPostTypeGraph":""},"schema_type":null,"schema_type_options":null,"pillar_content":false,"robots_default":true,"robots_noindex":false,"robots_noarchive":false,"robots_nosnippet":false,"robots_nofollow":false,"robots_noimageindex":false,"robots_noodp":false,"robots_notranslate":false,"robots_max_snippet":null,"robots_max_videopreview":null,"robots_max_imagepreview":"large","priority":null,"frequency":null,"local_seo":null,"seo_analyzer_scan_date":"2025-12-07 06:49:28","breadcrumb_settings":null,"limit_modified_date":false,"open_ai":null,"ai":null,"created":"2020-12-21 12:50:40","updated":"2025-12-07 06:49:28"},"aioseo_breadcrumb":"<div class=\"aioseo-breadcrumbs\"><span class=\"aioseo-breadcrumb\">\n\t<a href=\"https:\/\/www.eldigitaldeasturias.com\/noticias\" title=\"Home\">Home<\/a>\n<\/span><span class=\"aioseo-breadcrumb-separator\">\u2013<\/span><span class=\"aioseo-breadcrumb\">\n\t<a href=\"https:\/\/www.eldigitaldeasturias.com\/noticias\/category\/economia\/\" title=\"Econom\u00eda\">Econom\u00eda<\/a>\n<\/span><span class=\"aioseo-breadcrumb-separator\">\u2013<\/span><span class=\"aioseo-breadcrumb\">\n\t<a href=\"https:\/\/www.eldigitaldeasturias.com\/noticias\/las-tecnologias-de-la-informacion-y-la-comunicacion-colonizan-la-orientacion-laboral\/\" title=\"Las tecnolog\u00edas de la informaci\u00f3n y la comunicaci\u00f3n colonizan la orientaci\u00f3n laboral\">Las tecnolog\u00edas de la informaci\u00f3n y la comunicaci\u00f3n colonizan la orientaci\u00f3n laboral<\/a>\n<\/span><\/div>","aioseo_breadcrumb_json":[{"label":"Home","link":"https:\/\/www.eldigitaldeasturias.com\/noticias"},{"label":"Econom\u00eda","link":"https:\/\/www.eldigitaldeasturias.com\/noticias\/category\/economia\/"},{"label":"Las tecnolog\u00edas de la informaci\u00f3n y la comunicaci\u00f3n colonizan la orientaci\u00f3n laboral","link":"https:\/\/www.eldigitaldeasturias.com\/noticias\/las-tecnologias-de-la-informacion-y-la-comunicacion-colonizan-la-orientacion-laboral\/"}],"_links":{"self":[{"href":"https:\/\/www.eldigitaldeasturias.com\/noticias\/wp-json\/wp\/v2\/posts\/960862","targetHints":{"allow":["GET"]}}],"collection":[{"href":"https:\/\/www.eldigitaldeasturias.com\/noticias\/wp-json\/wp\/v2\/posts"}],"about":[{"href":"https:\/\/www.eldigitaldeasturias.com\/noticias\/wp-json\/wp\/v2\/types\/post"}],"author":[{"embeddable":true,"href":"https:\/\/www.eldigitaldeasturias.com\/noticias\/wp-json\/wp\/v2\/users\/1"}],"replies":[{"embeddable":true,"href":"https:\/\/www.eldigitaldeasturias.com\/noticias\/wp-json\/wp\/v2\/comments?post=960862"}],"version-history":[{"count":0,"href":"https:\/\/www.eldigitaldeasturias.com\/noticias\/wp-json\/wp\/v2\/posts\/960862\/revisions"}],"wp:featuredmedia":[{"embeddable":true,"href":"https:\/\/www.eldigitaldeasturias.com\/noticias\/wp-json\/wp\/v2\/media\/960863"}],"wp:attachment":[{"href":"https:\/\/www.eldigitaldeasturias.com\/noticias\/wp-json\/wp\/v2\/media?parent=960862"}],"wp:term":[{"taxonomy":"category","embeddable":true,"href":"https:\/\/www.eldigitaldeasturias.com\/noticias\/wp-json\/wp\/v2\/categories?post=960862"},{"taxonomy":"post_tag","embeddable":true,"href":"https:\/\/www.eldigitaldeasturias.com\/noticias\/wp-json\/wp\/v2\/tags?post=960862"}],"curies":[{"name":"wp","href":"https:\/\/api.w.org\/{rel}","templated":true}]}}