{"id":960834,"date":"2017-11-22T13:29:08","date_gmt":"2017-11-22T13:29:08","guid":{"rendered":"http:\/\/www.eldigitaldeasturias.com\/noticias\/?p=960834"},"modified":"2017-11-22T13:29:08","modified_gmt":"2017-11-22T13:29:08","slug":"en-marcha-el-dispositivo-de-vialidad-invernal-del-gobierno-de-aragon","status":"publish","type":"post","link":"https:\/\/www.eldigitaldeasturias.com\/noticias\/en-marcha-el-dispositivo-de-vialidad-invernal-del-gobierno-de-aragon\/","title":{"rendered":"En marcha el dispositivo de vialidad invernal del Gobierno de Arag\u00f3n"},"content":{"rendered":"<p class=\"fckJus\"><img loading=\"lazy\" decoding=\"async\" class=\"alignleft size-medium wp-image-960835\" src=\"https:\/\/www.eldigitaldeasturias.com\/noticias\/wp-content\/uploads\/2017\/11\/imagenes_636220671376023583-360x159.jpg\" alt=\"\" width=\"360\" height=\"159\" \/>El Gobierno de Arag\u00f3n cuenta con el dispositivo de vialidad invernal activo desde el pasado 15 de noviembre y hasta el 31 de marzo de 2018. Este a\u00f1o se han incorporado varios elementos como un silo nuevo en Muniesa, la adquisici\u00f3n de un dep\u00f3sito de salmuera y un nuevo cami\u00f3n quitanieves en Jaca.<\/p>\n<p class=\"fckJus\">En total, se destina 1,1 mill\u00f3n de euros a garantizar la seguridad en las carreteras auton\u00f3micas. Este dispositivo de vialidad invernal se coordina con el trabajo que lleva a cabo el Ministerio de Fomento y las Diputaciones Provinciales.<\/p>\n<p class=\"fckJus\">En total, en Arag\u00f3n, est\u00e1n operativos para este dispositivo: 122 personas, 47 camiones quitanieves, 4 m\u00e1quinas quitanieves turbo-fresa, 1 tractor equipado con cu\u00f1a quitanieves, 1 motoniveladora, 26 silos de 60Tn, 10 silos de 100 Tn, 12 dep\u00f3sitos cubiertos y 1 dep\u00f3sito de salmuera. Adem\u00e1s, al dispositivo de vialidad invernal se le suman los medios propios que operan en el AECT Espacio Portalet y los medios del T\u00fanel de Bielsa. En situaciones especiales y puntuales se contempla la posibilidad de contratar m\u00e1s medios t\u00e9cnicos y humanos.<\/p>\n<p class=\"fckJus\">El director general de Movilidad e Infraestructuras, Jos\u00e9 Gasc\u00f3n, ha explicado que este a\u00f1o se emplear\u00e1 de nuevo tambi\u00e9n \u201csalmuera\u201d una disoluci\u00f3n de sal menos lesiva para la calzada , \u201cque nos permite actuar en zonas de cotas intermedias con un material que ofrece un buen rendimiento y menor coste econ\u00f3mico\u201d.<\/p>\n<p class=\"fckJus\">Los trabajos de vialidad invernal se centran en tres labores fundamentales. Jos\u00e9 Gasc\u00f3n ha explicado que se realizan \u201clos trabajos preventivos de aplicaci\u00f3n de sal, este a\u00f1o tambi\u00e9n salmuera, en la calzada para evitar la formaci\u00f3n de hielo\u201d. Adem\u00e1s, \u201cse lleva a cabo la limpieza de la nieve sobre la calzada y eliminaci\u00f3n de hielo formado en la calzada como consecuencia de la congelaci\u00f3n de la humedad existente, congelaci\u00f3n de agua que cae sobre la calzada fr\u00eda, condensaci\u00f3n y enfriamiento de vapor de agua atmosf\u00e9rico, precipitaci\u00f3n de agua sobrefusi\u00f3n y nieve transformada en hielo\u201d ha explicado Jos\u00e9 Gasc\u00f3n. El Gobierno de Arag\u00f3n cuenta, para llevar a cabo estos trabajos, con medios propios y otros externos contratados.<\/p>\n<p class=\"fckJus\">Dentro del dispositivo se cuenta con tres procedimientos de actuaci\u00f3n en caso de riesgo de aludes en las carreteras A-2606 de acceso al Balneario de Panticosa, A-139 de acceso a Valle de Benasque y Los Llanos del Hospital y la A-138 en Bielsa. En este sentido, los equipos de niv\u00f3logos se encargan de determinar el riesgo de aludes, de establecer protocolos para su desencadenamiento controlado y de determinar si es preciso, por motivos de seguridad, el cierre de estas carreteras.<\/p>\n<p class=\"fckJus\">Las incidencias relacionadas con la nieve que se produzca en las carreteras de la red auton\u00f3mica se podr\u00e1n seguir a trav\u00e9s de la\u00a0<a href=\"http:\/\/www.carreterasdearagon.es\/\" target=\"_blank\" rel=\"noopener\"><strong><span style=\"color: #ff0000;\">web carreterasdearagon.es<\/span><\/strong><\/a>\u00a0 y a trav\u00e9s de las redes sociales del Gobierno de Arag\u00f3n. Adem\u00e1s, las incidencias m\u00e1s graves se informar\u00e1n tambi\u00e9n a trav\u00e9s del Telegram. Con estas medidas se espera contar con una informaci\u00f3n actualizada sobre el estado de las v\u00edas.<\/p>\n","protected":false},"excerpt":{"rendered":"<p>El Gobierno de Arag\u00f3n cuenta con el dispositivo de vialidad invernal activo desde el pasado 15 de noviembre y hasta el 31 de marzo de 2018. Este a\u00f1o se han incorporado varios elementos como un silo nuevo en Muniesa, la adquisici\u00f3n de un dep\u00f3sito de salmuera y un nuevo cami\u00f3n quitanieves en Jaca. En total, [&hellip;]<\/p>\n","protected":false},"author":1,"featured_media":960835,"comment_status":"closed","ping_status":"closed","sticky":false,"template":"","format":"standard","meta":{"footnotes":""},"categories":[1],"tags":[],"class_list":["post-960834","post","type-post","status-publish","format-standard","has-post-thumbnail","hentry","category-actualidad"],"aioseo_notices":[],"aioseo_head":"\n\t\t<!-- All in One SEO Pro 5.0.1 - aioseo.com -->\n\t<meta name=\"description\" content=\"El Gobierno de Arag\u00f3n cuenta con el dispositivo de vialidad invernal activo desde el pasado 15 de noviembre y hasta el 31 de marzo de 2018. Este a\u00f1o se han incorporado varios elementos como un silo nuevo en Muniesa, la adquisici\u00f3n de un dep\u00f3sito de salmuera y un nuevo cami\u00f3n quitanieves en Jaca. En total,\" \/>\n\t<meta name=\"robots\" content=\"max-image-preview:large\" \/>\n\t<meta name=\"author\" content=\"El Digital de Asturias\"\/>\n\t<meta name=\"google-site-verification\" content=\"UA-38556648-1\" \/>\n\t<meta name=\"msvalidate.01\" content=\"7dfe9f3f1b24437ab69f4f2559babe99\" \/>\n\t<meta name=\"keywords\" content=\"actualidad\" \/>\n\t<link rel=\"canonical\" href=\"https:\/\/www.eldigitaldeasturias.com\/noticias\/en-marcha-el-dispositivo-de-vialidad-invernal-del-gobierno-de-aragon\/\" \/>\n\t<meta name=\"generator\" content=\"All in One SEO Pro (AIOSEO) 5.0.1\" \/>\n\t\t<meta property=\"og:locale\" content=\"es_ES\" \/>\n\t\t<meta property=\"og:site_name\" content=\"El Digital de Asturias\" \/>\n\t\t<meta property=\"og:type\" content=\"article\" \/>\n\t\t<meta property=\"og:title\" content=\"En marcha el dispositivo de vialidad invernal del Gobierno de Arag\u00f3n - El Digital de Asturias\" \/>\n\t\t<meta property=\"og:description\" content=\"El Gobierno de Arag\u00f3n cuenta con el dispositivo de vialidad invernal activo desde el pasado 15 de noviembre y hasta el 31 de marzo de 2018. Este a\u00f1o se han incorporado varios elementos como un silo nuevo en Muniesa, la adquisici\u00f3n de un dep\u00f3sito de salmuera y un nuevo cami\u00f3n quitanieves en Jaca. En total,\" \/>\n\t\t<meta property=\"og:url\" content=\"https:\/\/www.eldigitaldeasturias.com\/noticias\/en-marcha-el-dispositivo-de-vialidad-invernal-del-gobierno-de-aragon\/\" \/>\n\t\t<meta property=\"article:tag\" content=\"actualidad\" \/>\n\t\t<meta property=\"article:published_time\" content=\"2017-11-22T13:29:08+00:00\" \/>\n\t\t<meta property=\"article:modified_time\" content=\"2017-11-22T13:29:08+00:00\" \/>\n\t\t<meta property=\"article:publisher\" content=\"https:\/\/facebook.com\/eldigitaldeasturias\" \/>\n\t\t<meta name=\"twitter:card\" content=\"summary_large_image\" \/>\n\t\t<meta name=\"twitter:title\" content=\"En marcha el dispositivo de vialidad invernal del Gobierno de Arag\u00f3n - El Digital de Asturias\" \/>\n\t\t<meta name=\"twitter:description\" content=\"El Gobierno de Arag\u00f3n cuenta con el dispositivo de vialidad invernal activo desde el pasado 15 de noviembre y hasta el 31 de marzo de 2018. Este a\u00f1o se han incorporado varios elementos como un silo nuevo en Muniesa, la adquisici\u00f3n de un dep\u00f3sito de salmuera y un nuevo cami\u00f3n quitanieves en Jaca. En total,\" \/>\n\t\t<meta name=\"twitter:image\" content=\"https:\/\/www.eldigitaldeasturias.com\/noticias\/wp-content\/uploads\/2020\/12\/EDA-1.jpg\" \/>\n\t\t<meta name=\"twitter:label1\" content=\"Escrito por\" \/>\n\t\t<meta name=\"twitter:data1\" content=\"El Digital de Asturias\" \/>\n\t\t<meta name=\"twitter:label2\" content=\"Tiempo de lectura estimado\" \/>\n\t\t<meta name=\"twitter:data2\" content=\"3 minutos\" \/>\n\t\t<script type=\"application\/ld+json\" class=\"aioseo-schema\">\n\t\t\t{\"@context\":\"https:\\\/\\\/schema.org\",\"@graph\":[{\"@type\":\"BlogPosting\",\"@id\":\"https:\\\/\\\/www.eldigitaldeasturias.com\\\/noticias\\\/en-marcha-el-dispositivo-de-vialidad-invernal-del-gobierno-de-aragon\\\/#blogposting\",\"name\":\"En marcha el dispositivo de vialidad invernal del Gobierno de Arag\\u00f3n - El Digital de Asturias\",\"headline\":\"En marcha el dispositivo de vialidad invernal del Gobierno de Arag\\u00f3n\",\"author\":{\"@id\":\"https:\\\/\\\/www.eldigitaldeasturias.com\\\/noticias\\\/author\\\/admin\\\/#author\"},\"publisher\":{\"@id\":\"https:\\\/\\\/www.eldigitaldeasturias.com\\\/noticias\\\/#organization\"},\"image\":{\"@type\":\"ImageObject\",\"url\":960835},\"datePublished\":\"2017-11-22T13:29:08+01:00\",\"dateModified\":\"2017-11-22T13:29:08+01:00\",\"inLanguage\":\"es-ES\",\"mainEntityOfPage\":{\"@id\":\"https:\\\/\\\/www.eldigitaldeasturias.com\\\/noticias\\\/en-marcha-el-dispositivo-de-vialidad-invernal-del-gobierno-de-aragon\\\/#webpage\"},\"isPartOf\":{\"@id\":\"https:\\\/\\\/www.eldigitaldeasturias.com\\\/noticias\\\/en-marcha-el-dispositivo-de-vialidad-invernal-del-gobierno-de-aragon\\\/#webpage\"},\"articleSection\":\"Actualidad\"},{\"@type\":\"BreadcrumbList\",\"@id\":\"https:\\\/\\\/www.eldigitaldeasturias.com\\\/noticias\\\/en-marcha-el-dispositivo-de-vialidad-invernal-del-gobierno-de-aragon\\\/#breadcrumblist\",\"itemListElement\":[{\"@type\":\"ListItem\",\"@id\":\"https:\\\/\\\/www.eldigitaldeasturias.com\\\/noticias#listItem\",\"position\":1,\"name\":\"Home\",\"item\":\"https:\\\/\\\/www.eldigitaldeasturias.com\\\/noticias\",\"nextItem\":{\"@type\":\"ListItem\",\"@id\":\"https:\\\/\\\/www.eldigitaldeasturias.com\\\/noticias\\\/category\\\/actualidad\\\/#listItem\",\"name\":\"Actualidad\"}},{\"@type\":\"ListItem\",\"@id\":\"https:\\\/\\\/www.eldigitaldeasturias.com\\\/noticias\\\/category\\\/actualidad\\\/#listItem\",\"position\":2,\"name\":\"Actualidad\",\"item\":\"https:\\\/\\\/www.eldigitaldeasturias.com\\\/noticias\\\/category\\\/actualidad\\\/\",\"nextItem\":{\"@type\":\"ListItem\",\"@id\":\"https:\\\/\\\/www.eldigitaldeasturias.com\\\/noticias\\\/en-marcha-el-dispositivo-de-vialidad-invernal-del-gobierno-de-aragon\\\/#listItem\",\"name\":\"En marcha el dispositivo de vialidad invernal del Gobierno de Arag\\u00f3n\"},\"previousItem\":{\"@type\":\"ListItem\",\"@id\":\"https:\\\/\\\/www.eldigitaldeasturias.com\\\/noticias#listItem\",\"name\":\"Home\"}},{\"@type\":\"ListItem\",\"@id\":\"https:\\\/\\\/www.eldigitaldeasturias.com\\\/noticias\\\/en-marcha-el-dispositivo-de-vialidad-invernal-del-gobierno-de-aragon\\\/#listItem\",\"position\":3,\"name\":\"En marcha el dispositivo de vialidad invernal del Gobierno de Arag\\u00f3n\",\"previousItem\":{\"@type\":\"ListItem\",\"@id\":\"https:\\\/\\\/www.eldigitaldeasturias.com\\\/noticias\\\/category\\\/actualidad\\\/#listItem\",\"name\":\"Actualidad\"}}]},{\"@type\":\"Organization\",\"@id\":\"https:\\\/\\\/www.eldigitaldeasturias.com\\\/noticias\\\/#organization\",\"name\":\"El Digital de Asturias\",\"description\":\"Hemeroteca\",\"url\":\"https:\\\/\\\/www.eldigitaldeasturias.com\\\/noticias\\\/\",\"email\":\"info@eldigitaldeasturias.com\",\"telephone\":\"+34652131393\",\"logo\":{\"@type\":\"ImageObject\",\"url\":\"https:\\\/\\\/www.eldigitaldeasturias.com\\\/noticias\\\/wp-content\\\/uploads\\\/2020\\\/12\\\/EDA.jpg\",\"@id\":\"https:\\\/\\\/www.eldigitaldeasturias.com\\\/noticias\\\/en-marcha-el-dispositivo-de-vialidad-invernal-del-gobierno-de-aragon\\\/#organizationLogo\"},\"image\":{\"@id\":\"https:\\\/\\\/www.eldigitaldeasturias.com\\\/noticias\\\/en-marcha-el-dispositivo-de-vialidad-invernal-del-gobierno-de-aragon\\\/#organizationLogo\"},\"sameAs\":[\"https:\\\/\\\/facebook.com\\\/eldigitaldeasturias\",\"https:\\\/\\\/www.youtube.com\\\/channel\\\/UCZP-2wLEB9Rv6erhFmqVnvg\"],\"address\":{\"@id\":\"https:\\\/\\\/www.eldigitaldeasturias.com\\\/noticias\\\/#postaladdress\",\"@type\":\"PostalAddress\",\"streetAddress\":\"san antonio 4\",\"postalCode\":\"33430\",\"addressLocality\":\"Cand\\u00e1s\",\"addressRegion\":\"Asturias\",\"addressCountry\":\"ES\"}},{\"@type\":\"Person\",\"@id\":\"https:\\\/\\\/www.eldigitaldeasturias.com\\\/noticias\\\/author\\\/admin\\\/#author\",\"url\":\"https:\\\/\\\/www.eldigitaldeasturias.com\\\/noticias\\\/author\\\/admin\\\/\",\"name\":\"El Digital de Asturias\",\"image\":{\"@type\":\"ImageObject\",\"@id\":\"https:\\\/\\\/www.eldigitaldeasturias.com\\\/noticias\\\/en-marcha-el-dispositivo-de-vialidad-invernal-del-gobierno-de-aragon\\\/#authorImage\",\"url\":\"https:\\\/\\\/secure.gravatar.com\\\/avatar\\\/df2aeffc32bcd13f8d26072ef8a91b623d677766deac7f97ca815868cd41bf5e?s=96&d=mm&r=g\",\"width\":96,\"height\":96,\"caption\":\"El Digital de Asturias\"}},{\"@type\":\"WebPage\",\"@id\":\"https:\\\/\\\/www.eldigitaldeasturias.com\\\/noticias\\\/en-marcha-el-dispositivo-de-vialidad-invernal-del-gobierno-de-aragon\\\/#webpage\",\"url\":\"https:\\\/\\\/www.eldigitaldeasturias.com\\\/noticias\\\/en-marcha-el-dispositivo-de-vialidad-invernal-del-gobierno-de-aragon\\\/\",\"name\":\"En marcha el dispositivo de vialidad invernal del Gobierno de Arag\\u00f3n - El Digital de Asturias\",\"description\":\"El Gobierno de Arag\\u00f3n cuenta con el dispositivo de vialidad invernal activo desde el pasado 15 de noviembre y hasta el 31 de marzo de 2018. Este a\\u00f1o se han incorporado varios elementos como un silo nuevo en Muniesa, la adquisici\\u00f3n de un dep\\u00f3sito de salmuera y un nuevo cami\\u00f3n quitanieves en Jaca. En total,\",\"inLanguage\":\"es-ES\",\"isPartOf\":{\"@id\":\"https:\\\/\\\/www.eldigitaldeasturias.com\\\/noticias\\\/#website\"},\"breadcrumb\":{\"@id\":\"https:\\\/\\\/www.eldigitaldeasturias.com\\\/noticias\\\/en-marcha-el-dispositivo-de-vialidad-invernal-del-gobierno-de-aragon\\\/#breadcrumblist\"},\"author\":{\"@id\":\"https:\\\/\\\/www.eldigitaldeasturias.com\\\/noticias\\\/author\\\/admin\\\/#author\"},\"creator\":{\"@id\":\"https:\\\/\\\/www.eldigitaldeasturias.com\\\/noticias\\\/author\\\/admin\\\/#author\"},\"image\":{\"@type\":\"ImageObject\",\"url\":960835,\"@id\":\"https:\\\/\\\/www.eldigitaldeasturias.com\\\/noticias\\\/en-marcha-el-dispositivo-de-vialidad-invernal-del-gobierno-de-aragon\\\/#mainImage\"},\"primaryImageOfPage\":{\"@id\":\"https:\\\/\\\/www.eldigitaldeasturias.com\\\/noticias\\\/en-marcha-el-dispositivo-de-vialidad-invernal-del-gobierno-de-aragon\\\/#mainImage\"},\"datePublished\":\"2017-11-22T13:29:08+01:00\",\"dateModified\":\"2017-11-22T13:29:08+01:00\"},{\"@type\":\"WebSite\",\"@id\":\"https:\\\/\\\/www.eldigitaldeasturias.com\\\/noticias\\\/#website\",\"url\":\"https:\\\/\\\/www.eldigitaldeasturias.com\\\/noticias\\\/\",\"name\":\"El Digital de Asturias - Diario de actualidad y noticias\",\"alternateName\":\"El Digital de Asturias - Diario de actualidad y noticias\",\"description\":\"Hemeroteca\",\"inLanguage\":\"es-ES\",\"publisher\":{\"@id\":\"https:\\\/\\\/www.eldigitaldeasturias.com\\\/noticias\\\/#organization\"}}]}\n\t\t<\/script>\n\t\t<!-- All in One SEO Pro -->\r\n\t\t<title>En marcha el dispositivo de vialidad invernal del Gobierno de Arag\u00f3n - El Digital de Asturias<\/title>\n\n","aioseo_head_json":{"title":"En marcha el dispositivo de vialidad invernal del Gobierno de Arag\u00f3n - El Digital de Asturias","description":"El Gobierno de Arag\u00f3n cuenta con el dispositivo de vialidad invernal activo desde el pasado 15 de noviembre y hasta el 31 de marzo de 2018. Este a\u00f1o se han incorporado varios elementos como un silo nuevo en Muniesa, la adquisici\u00f3n de un dep\u00f3sito de salmuera y un nuevo cami\u00f3n quitanieves en Jaca. En total,","canonical_url":"https:\/\/www.eldigitaldeasturias.com\/noticias\/en-marcha-el-dispositivo-de-vialidad-invernal-del-gobierno-de-aragon\/","robots":"max-image-preview:large","keywords":"actualidad","webmasterTools":{"google-site-verification":"UA-38556648-1","msvalidate.01":"7dfe9f3f1b24437ab69f4f2559babe99","miscellaneous":""},"schema":{"@context":"https:\/\/schema.org","@graph":[{"@type":"BlogPosting","@id":"https:\/\/www.eldigitaldeasturias.com\/noticias\/en-marcha-el-dispositivo-de-vialidad-invernal-del-gobierno-de-aragon\/#blogposting","name":"En marcha el dispositivo de vialidad invernal del Gobierno de Arag\u00f3n - El Digital de Asturias","headline":"En marcha el dispositivo de vialidad invernal del Gobierno de Arag\u00f3n","author":{"@id":"https:\/\/www.eldigitaldeasturias.com\/noticias\/author\/admin\/#author"},"publisher":{"@id":"https:\/\/www.eldigitaldeasturias.com\/noticias\/#organization"},"image":{"@type":"ImageObject","url":960835},"datePublished":"2017-11-22T13:29:08+01:00","dateModified":"2017-11-22T13:29:08+01:00","inLanguage":"es-ES","mainEntityOfPage":{"@id":"https:\/\/www.eldigitaldeasturias.com\/noticias\/en-marcha-el-dispositivo-de-vialidad-invernal-del-gobierno-de-aragon\/#webpage"},"isPartOf":{"@id":"https:\/\/www.eldigitaldeasturias.com\/noticias\/en-marcha-el-dispositivo-de-vialidad-invernal-del-gobierno-de-aragon\/#webpage"},"articleSection":"Actualidad"},{"@type":"BreadcrumbList","@id":"https:\/\/www.eldigitaldeasturias.com\/noticias\/en-marcha-el-dispositivo-de-vialidad-invernal-del-gobierno-de-aragon\/#breadcrumblist","itemListElement":[{"@type":"ListItem","@id":"https:\/\/www.eldigitaldeasturias.com\/noticias#listItem","position":1,"name":"Home","item":"https:\/\/www.eldigitaldeasturias.com\/noticias","nextItem":{"@type":"ListItem","@id":"https:\/\/www.eldigitaldeasturias.com\/noticias\/category\/actualidad\/#listItem","name":"Actualidad"}},{"@type":"ListItem","@id":"https:\/\/www.eldigitaldeasturias.com\/noticias\/category\/actualidad\/#listItem","position":2,"name":"Actualidad","item":"https:\/\/www.eldigitaldeasturias.com\/noticias\/category\/actualidad\/","nextItem":{"@type":"ListItem","@id":"https:\/\/www.eldigitaldeasturias.com\/noticias\/en-marcha-el-dispositivo-de-vialidad-invernal-del-gobierno-de-aragon\/#listItem","name":"En marcha el dispositivo de vialidad invernal del Gobierno de Arag\u00f3n"},"previousItem":{"@type":"ListItem","@id":"https:\/\/www.eldigitaldeasturias.com\/noticias#listItem","name":"Home"}},{"@type":"ListItem","@id":"https:\/\/www.eldigitaldeasturias.com\/noticias\/en-marcha-el-dispositivo-de-vialidad-invernal-del-gobierno-de-aragon\/#listItem","position":3,"name":"En marcha el dispositivo de vialidad invernal del Gobierno de Arag\u00f3n","previousItem":{"@type":"ListItem","@id":"https:\/\/www.eldigitaldeasturias.com\/noticias\/category\/actualidad\/#listItem","name":"Actualidad"}}]},{"@type":"Organization","@id":"https:\/\/www.eldigitaldeasturias.com\/noticias\/#organization","name":"El Digital de Asturias","description":"Hemeroteca","url":"https:\/\/www.eldigitaldeasturias.com\/noticias\/","email":"info@eldigitaldeasturias.com","telephone":"+34652131393","logo":{"@type":"ImageObject","url":"https:\/\/www.eldigitaldeasturias.com\/noticias\/wp-content\/uploads\/2020\/12\/EDA.jpg","@id":"https:\/\/www.eldigitaldeasturias.com\/noticias\/en-marcha-el-dispositivo-de-vialidad-invernal-del-gobierno-de-aragon\/#organizationLogo"},"image":{"@id":"https:\/\/www.eldigitaldeasturias.com\/noticias\/en-marcha-el-dispositivo-de-vialidad-invernal-del-gobierno-de-aragon\/#organizationLogo"},"sameAs":["https:\/\/facebook.com\/eldigitaldeasturias","https:\/\/www.youtube.com\/channel\/UCZP-2wLEB9Rv6erhFmqVnvg"],"address":{"@id":"https:\/\/www.eldigitaldeasturias.com\/noticias\/#postaladdress","@type":"PostalAddress","streetAddress":"san antonio 4","postalCode":"33430","addressLocality":"Cand\u00e1s","addressRegion":"Asturias","addressCountry":"ES"}},{"@type":"Person","@id":"https:\/\/www.eldigitaldeasturias.com\/noticias\/author\/admin\/#author","url":"https:\/\/www.eldigitaldeasturias.com\/noticias\/author\/admin\/","name":"El Digital de Asturias","image":{"@type":"ImageObject","@id":"https:\/\/www.eldigitaldeasturias.com\/noticias\/en-marcha-el-dispositivo-de-vialidad-invernal-del-gobierno-de-aragon\/#authorImage","url":"https:\/\/secure.gravatar.com\/avatar\/df2aeffc32bcd13f8d26072ef8a91b623d677766deac7f97ca815868cd41bf5e?s=96&d=mm&r=g","width":96,"height":96,"caption":"El Digital de Asturias"}},{"@type":"WebPage","@id":"https:\/\/www.eldigitaldeasturias.com\/noticias\/en-marcha-el-dispositivo-de-vialidad-invernal-del-gobierno-de-aragon\/#webpage","url":"https:\/\/www.eldigitaldeasturias.com\/noticias\/en-marcha-el-dispositivo-de-vialidad-invernal-del-gobierno-de-aragon\/","name":"En marcha el dispositivo de vialidad invernal del Gobierno de Arag\u00f3n - El Digital de Asturias","description":"El Gobierno de Arag\u00f3n cuenta con el dispositivo de vialidad invernal activo desde el pasado 15 de noviembre y hasta el 31 de marzo de 2018. Este a\u00f1o se han incorporado varios elementos como un silo nuevo en Muniesa, la adquisici\u00f3n de un dep\u00f3sito de salmuera y un nuevo cami\u00f3n quitanieves en Jaca. En total,","inLanguage":"es-ES","isPartOf":{"@id":"https:\/\/www.eldigitaldeasturias.com\/noticias\/#website"},"breadcrumb":{"@id":"https:\/\/www.eldigitaldeasturias.com\/noticias\/en-marcha-el-dispositivo-de-vialidad-invernal-del-gobierno-de-aragon\/#breadcrumblist"},"author":{"@id":"https:\/\/www.eldigitaldeasturias.com\/noticias\/author\/admin\/#author"},"creator":{"@id":"https:\/\/www.eldigitaldeasturias.com\/noticias\/author\/admin\/#author"},"image":{"@type":"ImageObject","url":960835,"@id":"https:\/\/www.eldigitaldeasturias.com\/noticias\/en-marcha-el-dispositivo-de-vialidad-invernal-del-gobierno-de-aragon\/#mainImage"},"primaryImageOfPage":{"@id":"https:\/\/www.eldigitaldeasturias.com\/noticias\/en-marcha-el-dispositivo-de-vialidad-invernal-del-gobierno-de-aragon\/#mainImage"},"datePublished":"2017-11-22T13:29:08+01:00","dateModified":"2017-11-22T13:29:08+01:00"},{"@type":"WebSite","@id":"https:\/\/www.eldigitaldeasturias.com\/noticias\/#website","url":"https:\/\/www.eldigitaldeasturias.com\/noticias\/","name":"El Digital de Asturias - Diario de actualidad y noticias","alternateName":"El Digital de Asturias - Diario de actualidad y noticias","description":"Hemeroteca","inLanguage":"es-ES","publisher":{"@id":"https:\/\/www.eldigitaldeasturias.com\/noticias\/#organization"}}]},"og:locale":"es_ES","og:site_name":"El Digital de Asturias","og:type":"article","og:title":"En marcha el dispositivo de vialidad invernal del Gobierno de Arag\u00f3n - El Digital de Asturias","og:description":"El Gobierno de Arag\u00f3n cuenta con el dispositivo de vialidad invernal activo desde el pasado 15 de noviembre y hasta el 31 de marzo de 2018. Este a\u00f1o se han incorporado varios elementos como un silo nuevo en Muniesa, la adquisici\u00f3n de un dep\u00f3sito de salmuera y un nuevo cami\u00f3n quitanieves en Jaca. En total,","og:url":"https:\/\/www.eldigitaldeasturias.com\/noticias\/en-marcha-el-dispositivo-de-vialidad-invernal-del-gobierno-de-aragon\/","article:tag":["actualidad"],"article:published_time":"2017-11-22T13:29:08+00:00","article:modified_time":"2017-11-22T13:29:08+00:00","article:publisher":"https:\/\/facebook.com\/eldigitaldeasturias","twitter:card":"summary_large_image","twitter:title":"En marcha el dispositivo de vialidad invernal del Gobierno de Arag\u00f3n - El Digital de Asturias","twitter:description":"El Gobierno de Arag\u00f3n cuenta con el dispositivo de vialidad invernal activo desde el pasado 15 de noviembre y hasta el 31 de marzo de 2018. Este a\u00f1o se han incorporado varios elementos como un silo nuevo en Muniesa, la adquisici\u00f3n de un dep\u00f3sito de salmuera y un nuevo cami\u00f3n quitanieves en Jaca. En total,","twitter:image":"https:\/\/www.eldigitaldeasturias.com\/noticias\/wp-content\/uploads\/2020\/12\/EDA-1.jpg","twitter:label1":"Escrito por","twitter:data1":"El Digital de Asturias","twitter:label2":"Tiempo de lectura estimado","twitter:data2":"3 minutos"},"aioseo_meta_data":{"post_id":"960834","title":null,"description":null,"keywords":null,"keyphrases":null,"primary_term":null,"canonical_url":null,"og_title":null,"og_description":null,"og_object_type":"default","og_image_type":"default","og_image_url":null,"og_image_width":null,"og_image_height":null,"og_image_custom_url":null,"og_image_custom_fields":null,"og_video":null,"og_custom_url":null,"og_article_section":null,"og_article_tags":null,"twitter_use_og":false,"twitter_card":"default","twitter_image_type":"default","twitter_image_url":null,"twitter_image_custom_url":null,"twitter_image_custom_fields":null,"twitter_title":null,"twitter_description":null,"schema":{"blockGraphs":[],"customGraphs":[],"default":{"data":{"Article":[],"Course":[],"Dataset":[],"FAQPage":[],"Movie":[],"Person":[],"Product":[],"ProductReview":[],"Car":[],"Recipe":[],"Service":[],"SoftwareApplication":[],"WebPage":[]},"graphName":"","isEnabled":true},"graphs":[],"defaultGraph":"","defaultPostTypeGraph":""},"schema_type":null,"schema_type_options":null,"pillar_content":false,"robots_default":true,"robots_noindex":false,"robots_noarchive":false,"robots_nosnippet":false,"robots_nofollow":false,"robots_noimageindex":false,"robots_noodp":false,"robots_notranslate":false,"robots_max_snippet":null,"robots_max_videopreview":null,"robots_max_imagepreview":"large","priority":null,"frequency":null,"local_seo":null,"seo_analyzer_scan_date":"2025-12-07 06:42:07","breadcrumb_settings":null,"limit_modified_date":false,"open_ai":null,"ai":null,"created":"2020-12-21 12:50:40","updated":"2025-12-07 06:42:07","focus_keyword":null,"additional_keywords":null,"truseo_locale":null},"aioseo_breadcrumb":"<div class=\"aioseo-breadcrumbs\"><span class=\"aioseo-breadcrumb\">\n\t<a href=\"https:\/\/www.eldigitaldeasturias.com\/noticias\" title=\"Home\">Home<\/a>\n<\/span><span class=\"aioseo-breadcrumb-separator\">\u2013<\/span><span class=\"aioseo-breadcrumb\">\n\t<a href=\"https:\/\/www.eldigitaldeasturias.com\/noticias\/category\/actualidad\/\" title=\"Actualidad\">Actualidad<\/a>\n<\/span><span class=\"aioseo-breadcrumb-separator\">\u2013<\/span><span class=\"aioseo-breadcrumb\">\n\t<a href=\"https:\/\/www.eldigitaldeasturias.com\/noticias\/en-marcha-el-dispositivo-de-vialidad-invernal-del-gobierno-de-aragon\/\" title=\"En marcha el dispositivo de vialidad invernal del Gobierno de Arag\u00f3n\">En marcha el dispositivo de vialidad invernal del Gobierno de Arag\u00f3n<\/a>\n<\/span><\/div>","aioseo_breadcrumb_json":[{"label":"Home","link":"https:\/\/www.eldigitaldeasturias.com\/noticias"},{"label":"Actualidad","link":"https:\/\/www.eldigitaldeasturias.com\/noticias\/category\/actualidad\/"},{"label":"En marcha el dispositivo de vialidad invernal del Gobierno de Arag\u00f3n","link":"https:\/\/www.eldigitaldeasturias.com\/noticias\/en-marcha-el-dispositivo-de-vialidad-invernal-del-gobierno-de-aragon\/"}],"_links":{"self":[{"href":"https:\/\/www.eldigitaldeasturias.com\/noticias\/wp-json\/wp\/v2\/posts\/960834","targetHints":{"allow":["GET"]}}],"collection":[{"href":"https:\/\/www.eldigitaldeasturias.com\/noticias\/wp-json\/wp\/v2\/posts"}],"about":[{"href":"https:\/\/www.eldigitaldeasturias.com\/noticias\/wp-json\/wp\/v2\/types\/post"}],"author":[{"embeddable":true,"href":"https:\/\/www.eldigitaldeasturias.com\/noticias\/wp-json\/wp\/v2\/users\/1"}],"replies":[{"embeddable":true,"href":"https:\/\/www.eldigitaldeasturias.com\/noticias\/wp-json\/wp\/v2\/comments?post=960834"}],"version-history":[{"count":0,"href":"https:\/\/www.eldigitaldeasturias.com\/noticias\/wp-json\/wp\/v2\/posts\/960834\/revisions"}],"wp:attachment":[{"href":"https:\/\/www.eldigitaldeasturias.com\/noticias\/wp-json\/wp\/v2\/media?parent=960834"}],"wp:term":[{"taxonomy":"category","embeddable":true,"href":"https:\/\/www.eldigitaldeasturias.com\/noticias\/wp-json\/wp\/v2\/categories?post=960834"},{"taxonomy":"post_tag","embeddable":true,"href":"https:\/\/www.eldigitaldeasturias.com\/noticias\/wp-json\/wp\/v2\/tags?post=960834"}],"curies":[{"name":"wp","href":"https:\/\/api.w.org\/{rel}","templated":true}]}}