{"id":960816,"date":"2017-11-22T13:04:41","date_gmt":"2017-11-22T13:04:41","guid":{"rendered":"http:\/\/www.eldigitaldeasturias.com\/noticias\/?p=960816"},"modified":"2017-11-22T13:04:41","modified_gmt":"2017-11-22T13:04:41","slug":"eurofrits-dara-sabor-a-unas-navidades-congeladas","status":"publish","type":"post","link":"https:\/\/www.eldigitaldeasturias.com\/noticias\/eurofrits-dara-sabor-a-unas-navidades-congeladas\/","title":{"rendered":"Eurofrits dar\u00e1 sabor a unas navidades \u2018congeladas\u2019"},"content":{"rendered":"<p><img loading=\"lazy\" decoding=\"async\" class=\"alignleft size-full wp-image-960817\" src=\"https:\/\/www.eldigitaldeasturias.com\/noticias\/wp-content\/uploads\/2017\/11\/1511289391_logo.png\" alt=\"\" width=\"212\" height=\"110\" \/>Navidad a todo sabor: la venta de productos congelados crecer\u00e1 el 25 de diciembre<\/p>\n<p>\u00bfNavidades blancas y&#8230; platos congelados? El\u00a0<strong>mercado de los alimentos sometidos a procesos de congelaci\u00f3n<\/strong>\u00a0ha ganado peso en los \u00faltimos a\u00f1os, hasta ejercer una influencia notable sobre los h\u00e1bitos sociales de los consumidores. Mientras algunas voces aseguran que el pr\u00f3ximo 25 de diciembre se reemplazar\u00e1 la tradicional cena en casa por la mesa del restaurante, la estad\u00edstica afirma que los platos congelados desempe\u00f1ar\u00e1n un rol esencial en el men\u00fa de las familias.<\/p>\n<p>A medida que se aproximan las fechas navide\u00f1as, aumentan los gastos extraordinarios de las familias, un \u2018derroche\u2019 del que no se libra la gastronom\u00eda. En 2016 los hogares espa\u00f1oles invirtieron un promedio de 212 euros en alimentos, seg\u00fan Deloitte, reafirmando una din\u00e1mica de crecimiento con respecto al ejercicio anterior, que en 2017 podr\u00eda rozar los 300 euros por familia.<\/p>\n<p>Considerando que la\u00a0<strong>demanda de productos congelados<\/strong>\u00a0se increment\u00f3 un 2,6% durante el primer trimestre del a\u00f1o, seg\u00fan la consultora Kantar Worldpanel, la Navidad supondr\u00e1 un nuevo impulso para las ventas de este segmento.<\/p>\n<p>Son muchas las razones que explican este auge. Desde\u00a0<strong>Eurofrits<\/strong>, marca l\u00edder en productos congelados con m\u00e1s de 30 a\u00f1os de experiencia en el mercado, han se\u00f1alado la mayor comodidad y econom\u00eda de estos alimentos est\u00e1n detr\u00e1s de su creciente popularidad. Asimismo, su valor nutritivo, seguridad e higiene hacen atractivos estos productos para el consumidor promedio.<\/p>\n<p><strong>Eurofrits dar\u00e1 sabor a unas navidades \u2018congeladas\u2019<\/strong><\/p>\n<p>De acuerdo a un reciente Informe de Nielsen 360, los congelados aumentaron sus ventas un 3,2% con respecto al anterior ejercicio. Sorprende que estos alimentos (pescados, carnes y mariscos en su mayor\u00eda) levanten 1.856 millones de euros al a\u00f1o. Aunque son muchas las empresas que se disputan este suculento mercado, s\u00f3lo\u00a0<strong>Eurofrits<\/strong>\u00a0ha sabido destacar visiblemente como uno de los principales proveedores de\u00a0<a href=\"http:\/\/www.eurofrits.com\/es\/\" target=\"_blank\" rel=\"noopener\"><strong><span style=\"color: #ff6600;\">productos <\/span><span style=\"color: #ff6600;\">congelados<\/span><\/strong><\/a>\u00a0para toda Espa\u00f1a y Europa. Buena parte de su cat\u00e1logo har\u00e1 compa\u00f1\u00eda al mu\u00e9rdago y otros adornos navide\u00f1os que invadir\u00e1n los hogares el pr\u00f3ximo 25 de diciembre.<\/p>\n<p>Sobresalen las especialidades de ave, pescado, marisco, patatas, vacuno y cerdo, sin olvidar las croquetas o la tradicional tortilla de patatas. Los consumidores que deseen abandonar el puritanismo propio de estas fechas dar\u00e1n la bienvenida a su gama Chef Burger de Hamburguesas Premium, donde destaca la Ternera Burger, 4 Quesos Burger y The XXL Burger. Por otra parte, las Typical Tapas invitan a disfrutar de la Navidad de una forma m\u00e1s relajada y desenfadada.<\/p>\n<p>Id\u00e9nticos a los platos \u2018hechos en casa\u2019 en todos los sentidos, los congelados \u00fanicamente pierden la batalla en una cosa: la ausencia de ajetreo en la cocina horas antes de la cena de Nochebuena, pues sus productos se preparan en cuesti\u00f3n de minutos. Para todo lo dem\u00e1s,\u00a0<strong><span style=\"color: #ff6600;\"><a style=\"color: #ff6600;\" href=\"http:\/\/www.eurofrits.com\/es\/empresa\/\" target=\"_blank\" rel=\"noopener\">E<\/a><a style=\"color: #ff6600;\" href=\"http:\/\/www.eurofrits.com\/es\/empresa\/\" target=\"_blank\" rel=\"noopener\"><span style=\"color: #ff6600;\">u<\/span>rofrits<\/a><\/span>\u00a0<\/strong>es un garante de buen sabor y mejor experiencia.<\/p>\n","protected":false},"excerpt":{"rendered":"<p>Navidad a todo sabor: la venta de productos congelados crecer\u00e1 el 25 de diciembre \u00bfNavidades blancas y&#8230; platos congelados? El\u00a0mercado de los alimentos sometidos a procesos de congelaci\u00f3n\u00a0ha ganado peso en los \u00faltimos a\u00f1os, hasta ejercer una influencia notable sobre los h\u00e1bitos sociales de los consumidores. Mientras algunas voces aseguran que el pr\u00f3ximo 25 de [&hellip;]<\/p>\n","protected":false},"author":1,"featured_media":960817,"comment_status":"closed","ping_status":"closed","sticky":false,"template":"","format":"standard","meta":{"footnotes":""},"categories":[187],"tags":[],"class_list":["post-960816","post","type-post","status-publish","format-standard","has-post-thumbnail","hentry","category-economia"],"aioseo_notices":[],"aioseo_head":"\n\t\t<!-- All in One SEO Pro 4.9.6.2 - aioseo.com -->\n\t<meta name=\"description\" content=\"Navidad a todo sabor: la venta de productos congelados crecer\u00e1 el 25 de diciembre \u00bfNavidades blancas y... platos congelados? El mercado de los alimentos sometidos a procesos de congelaci\u00f3n ha ganado peso en los \u00faltimos a\u00f1os, hasta ejercer una influencia notable sobre los h\u00e1bitos sociales de los consumidores. Mientras algunas voces aseguran que el pr\u00f3ximo 25 de\" \/>\n\t<meta name=\"robots\" content=\"max-image-preview:large\" \/>\n\t<meta name=\"author\" content=\"El Digital de Asturias\"\/>\n\t<meta name=\"google-site-verification\" content=\"UA-38556648-1\" \/>\n\t<meta name=\"msvalidate.01\" content=\"7dfe9f3f1b24437ab69f4f2559babe99\" \/>\n\t<meta name=\"keywords\" content=\"econom\u00eda\" \/>\n\t<link rel=\"canonical\" href=\"https:\/\/www.eldigitaldeasturias.com\/noticias\/eurofrits-dara-sabor-a-unas-navidades-congeladas\/\" \/>\n\t<meta name=\"generator\" content=\"All in One SEO Pro (AIOSEO) 4.9.6.2\" \/>\n\t\t<meta property=\"og:locale\" content=\"es_ES\" \/>\n\t\t<meta property=\"og:site_name\" content=\"El Digital de Asturias\" \/>\n\t\t<meta property=\"og:type\" content=\"article\" \/>\n\t\t<meta property=\"og:title\" content=\"Eurofrits dar\u00e1 sabor a unas navidades \u2018congeladas\u2019 - El Digital de Asturias\" \/>\n\t\t<meta property=\"og:description\" content=\"Navidad a todo sabor: la venta de productos congelados crecer\u00e1 el 25 de diciembre \u00bfNavidades blancas y... platos congelados? El mercado de los alimentos sometidos a procesos de congelaci\u00f3n ha ganado peso en los \u00faltimos a\u00f1os, hasta ejercer una influencia notable sobre los h\u00e1bitos sociales de los consumidores. Mientras algunas voces aseguran que el pr\u00f3ximo 25 de\" \/>\n\t\t<meta property=\"og:url\" content=\"https:\/\/www.eldigitaldeasturias.com\/noticias\/eurofrits-dara-sabor-a-unas-navidades-congeladas\/\" \/>\n\t\t<meta property=\"og:image\" content=\"https:\/\/www.eldigitaldeasturias.com\/noticias\/wp-content\/uploads\/2017\/11\/1511289391_logo.png\" \/>\n\t\t<meta property=\"og:image:secure_url\" content=\"https:\/\/www.eldigitaldeasturias.com\/noticias\/wp-content\/uploads\/2017\/11\/1511289391_logo.png\" \/>\n\t\t<meta property=\"og:image:width\" content=\"212\" \/>\n\t\t<meta property=\"og:image:height\" content=\"110\" \/>\n\t\t<meta property=\"article:tag\" content=\"econom\u00eda\" \/>\n\t\t<meta property=\"article:published_time\" content=\"2017-11-22T13:04:41+00:00\" \/>\n\t\t<meta property=\"article:modified_time\" content=\"2017-11-22T13:04:41+00:00\" \/>\n\t\t<meta property=\"article:publisher\" content=\"https:\/\/facebook.com\/eldigitaldeasturias\" \/>\n\t\t<meta name=\"twitter:card\" content=\"summary_large_image\" \/>\n\t\t<meta name=\"twitter:title\" content=\"Eurofrits dar\u00e1 sabor a unas navidades \u2018congeladas\u2019 - El Digital de Asturias\" \/>\n\t\t<meta name=\"twitter:description\" content=\"Navidad a todo sabor: la venta de productos congelados crecer\u00e1 el 25 de diciembre \u00bfNavidades blancas y... platos congelados? El mercado de los alimentos sometidos a procesos de congelaci\u00f3n ha ganado peso en los \u00faltimos a\u00f1os, hasta ejercer una influencia notable sobre los h\u00e1bitos sociales de los consumidores. Mientras algunas voces aseguran que el pr\u00f3ximo 25 de\" \/>\n\t\t<meta name=\"twitter:image\" content=\"https:\/\/www.eldigitaldeasturias.com\/noticias\/wp-content\/uploads\/2017\/11\/1511289391_logo.png\" \/>\n\t\t<meta name=\"twitter:label1\" content=\"Escrito por\" \/>\n\t\t<meta name=\"twitter:data1\" content=\"El Digital de Asturias\" \/>\n\t\t<meta name=\"twitter:label2\" content=\"Tiempo de lectura estimado\" \/>\n\t\t<meta name=\"twitter:data2\" content=\"2 minutos\" \/>\n\t\t<script type=\"application\/ld+json\" class=\"aioseo-schema\">\n\t\t\t{\"@context\":\"https:\\\/\\\/schema.org\",\"@graph\":[{\"@type\":\"BlogPosting\",\"@id\":\"https:\\\/\\\/www.eldigitaldeasturias.com\\\/noticias\\\/eurofrits-dara-sabor-a-unas-navidades-congeladas\\\/#blogposting\",\"name\":\"Eurofrits dar\\u00e1 sabor a unas navidades \\u2018congeladas\\u2019 - El Digital de Asturias\",\"headline\":\"Eurofrits dar\\u00e1 sabor a unas navidades \\u2018congeladas\\u2019\",\"author\":{\"@id\":\"https:\\\/\\\/www.eldigitaldeasturias.com\\\/noticias\\\/author\\\/admin\\\/#author\"},\"publisher\":{\"@id\":\"https:\\\/\\\/www.eldigitaldeasturias.com\\\/noticias\\\/#organization\"},\"image\":{\"@type\":\"ImageObject\",\"url\":\"https:\\\/\\\/www.eldigitaldeasturias.com\\\/noticias\\\/wp-content\\\/uploads\\\/2017\\\/11\\\/1511289391_logo.png\",\"width\":212,\"height\":110},\"datePublished\":\"2017-11-22T13:04:41+01:00\",\"dateModified\":\"2017-11-22T13:04:41+01:00\",\"inLanguage\":\"es-ES\",\"mainEntityOfPage\":{\"@id\":\"https:\\\/\\\/www.eldigitaldeasturias.com\\\/noticias\\\/eurofrits-dara-sabor-a-unas-navidades-congeladas\\\/#webpage\"},\"isPartOf\":{\"@id\":\"https:\\\/\\\/www.eldigitaldeasturias.com\\\/noticias\\\/eurofrits-dara-sabor-a-unas-navidades-congeladas\\\/#webpage\"},\"articleSection\":\"Econom\\u00eda\"},{\"@type\":\"BreadcrumbList\",\"@id\":\"https:\\\/\\\/www.eldigitaldeasturias.com\\\/noticias\\\/eurofrits-dara-sabor-a-unas-navidades-congeladas\\\/#breadcrumblist\",\"itemListElement\":[{\"@type\":\"ListItem\",\"@id\":\"https:\\\/\\\/www.eldigitaldeasturias.com\\\/noticias#listItem\",\"position\":1,\"name\":\"Home\",\"item\":\"https:\\\/\\\/www.eldigitaldeasturias.com\\\/noticias\",\"nextItem\":{\"@type\":\"ListItem\",\"@id\":\"https:\\\/\\\/www.eldigitaldeasturias.com\\\/noticias\\\/category\\\/economia\\\/#listItem\",\"name\":\"Econom\\u00eda\"}},{\"@type\":\"ListItem\",\"@id\":\"https:\\\/\\\/www.eldigitaldeasturias.com\\\/noticias\\\/category\\\/economia\\\/#listItem\",\"position\":2,\"name\":\"Econom\\u00eda\",\"item\":\"https:\\\/\\\/www.eldigitaldeasturias.com\\\/noticias\\\/category\\\/economia\\\/\",\"nextItem\":{\"@type\":\"ListItem\",\"@id\":\"https:\\\/\\\/www.eldigitaldeasturias.com\\\/noticias\\\/eurofrits-dara-sabor-a-unas-navidades-congeladas\\\/#listItem\",\"name\":\"Eurofrits dar\\u00e1 sabor a unas navidades \\u2018congeladas\\u2019\"},\"previousItem\":{\"@type\":\"ListItem\",\"@id\":\"https:\\\/\\\/www.eldigitaldeasturias.com\\\/noticias#listItem\",\"name\":\"Home\"}},{\"@type\":\"ListItem\",\"@id\":\"https:\\\/\\\/www.eldigitaldeasturias.com\\\/noticias\\\/eurofrits-dara-sabor-a-unas-navidades-congeladas\\\/#listItem\",\"position\":3,\"name\":\"Eurofrits dar\\u00e1 sabor a unas navidades \\u2018congeladas\\u2019\",\"previousItem\":{\"@type\":\"ListItem\",\"@id\":\"https:\\\/\\\/www.eldigitaldeasturias.com\\\/noticias\\\/category\\\/economia\\\/#listItem\",\"name\":\"Econom\\u00eda\"}}]},{\"@type\":\"Organization\",\"@id\":\"https:\\\/\\\/www.eldigitaldeasturias.com\\\/noticias\\\/#organization\",\"name\":\"El Digital de Asturias\",\"description\":\"Hemeroteca\",\"url\":\"https:\\\/\\\/www.eldigitaldeasturias.com\\\/noticias\\\/\",\"email\":\"info@eldigitaldeasturias.com\",\"telephone\":\"+34652131393\",\"logo\":{\"@type\":\"ImageObject\",\"url\":\"https:\\\/\\\/www.eldigitaldeasturias.com\\\/noticias\\\/wp-content\\\/uploads\\\/2020\\\/12\\\/EDA.jpg\",\"@id\":\"https:\\\/\\\/www.eldigitaldeasturias.com\\\/noticias\\\/eurofrits-dara-sabor-a-unas-navidades-congeladas\\\/#organizationLogo\",\"width\":649,\"height\":297},\"image\":{\"@id\":\"https:\\\/\\\/www.eldigitaldeasturias.com\\\/noticias\\\/eurofrits-dara-sabor-a-unas-navidades-congeladas\\\/#organizationLogo\"},\"sameAs\":[\"https:\\\/\\\/facebook.com\\\/eldigitaldeasturias\",\"https:\\\/\\\/www.youtube.com\\\/channel\\\/UCZP-2wLEB9Rv6erhFmqVnvg\"],\"address\":{\"@id\":\"https:\\\/\\\/www.eldigitaldeasturias.com\\\/noticias\\\/#postaladdress\",\"@type\":\"PostalAddress\",\"streetAddress\":\"san antonio 4,\",\"postalCode\":\"33430\",\"addressLocality\":\"Cand\\u00e1s\",\"addressRegion\":\"Asturias\",\"addressCountry\":\"ES\"}},{\"@type\":\"Person\",\"@id\":\"https:\\\/\\\/www.eldigitaldeasturias.com\\\/noticias\\\/author\\\/admin\\\/#author\",\"url\":\"https:\\\/\\\/www.eldigitaldeasturias.com\\\/noticias\\\/author\\\/admin\\\/\",\"name\":\"El Digital de Asturias\",\"image\":{\"@type\":\"ImageObject\",\"@id\":\"https:\\\/\\\/www.eldigitaldeasturias.com\\\/noticias\\\/eurofrits-dara-sabor-a-unas-navidades-congeladas\\\/#authorImage\",\"url\":\"https:\\\/\\\/www.eldigitaldeasturias.com\\\/noticias\\\/wp-content\\\/litespeed\\\/avatar\\\/18677e78aa0546b92d9dbf31ec7d7668.jpg?ver=1776685526\",\"width\":96,\"height\":96,\"caption\":\"El Digital de Asturias\"}},{\"@type\":\"WebPage\",\"@id\":\"https:\\\/\\\/www.eldigitaldeasturias.com\\\/noticias\\\/eurofrits-dara-sabor-a-unas-navidades-congeladas\\\/#webpage\",\"url\":\"https:\\\/\\\/www.eldigitaldeasturias.com\\\/noticias\\\/eurofrits-dara-sabor-a-unas-navidades-congeladas\\\/\",\"name\":\"Eurofrits dar\\u00e1 sabor a unas navidades \\u2018congeladas\\u2019 - El Digital de Asturias\",\"description\":\"Navidad a todo sabor: la venta de productos congelados crecer\\u00e1 el 25 de diciembre \\u00bfNavidades blancas y... platos congelados? El mercado de los alimentos sometidos a procesos de congelaci\\u00f3n ha ganado peso en los \\u00faltimos a\\u00f1os, hasta ejercer una influencia notable sobre los h\\u00e1bitos sociales de los consumidores. Mientras algunas voces aseguran que el pr\\u00f3ximo 25 de\",\"inLanguage\":\"es-ES\",\"isPartOf\":{\"@id\":\"https:\\\/\\\/www.eldigitaldeasturias.com\\\/noticias\\\/#website\"},\"breadcrumb\":{\"@id\":\"https:\\\/\\\/www.eldigitaldeasturias.com\\\/noticias\\\/eurofrits-dara-sabor-a-unas-navidades-congeladas\\\/#breadcrumblist\"},\"author\":{\"@id\":\"https:\\\/\\\/www.eldigitaldeasturias.com\\\/noticias\\\/author\\\/admin\\\/#author\"},\"creator\":{\"@id\":\"https:\\\/\\\/www.eldigitaldeasturias.com\\\/noticias\\\/author\\\/admin\\\/#author\"},\"image\":{\"@type\":\"ImageObject\",\"url\":\"https:\\\/\\\/www.eldigitaldeasturias.com\\\/noticias\\\/wp-content\\\/uploads\\\/2017\\\/11\\\/1511289391_logo.png\",\"@id\":\"https:\\\/\\\/www.eldigitaldeasturias.com\\\/noticias\\\/eurofrits-dara-sabor-a-unas-navidades-congeladas\\\/#mainImage\",\"width\":212,\"height\":110},\"primaryImageOfPage\":{\"@id\":\"https:\\\/\\\/www.eldigitaldeasturias.com\\\/noticias\\\/eurofrits-dara-sabor-a-unas-navidades-congeladas\\\/#mainImage\"},\"datePublished\":\"2017-11-22T13:04:41+01:00\",\"dateModified\":\"2017-11-22T13:04:41+01:00\"},{\"@type\":\"WebSite\",\"@id\":\"https:\\\/\\\/www.eldigitaldeasturias.com\\\/noticias\\\/#website\",\"url\":\"https:\\\/\\\/www.eldigitaldeasturias.com\\\/noticias\\\/\",\"name\":\"El Digital de Asturias - Diario de actualidad y noticias\",\"alternateName\":\"El Digital de Asturias - Diario de actualidad y noticias\",\"description\":\"Hemeroteca\",\"inLanguage\":\"es-ES\",\"publisher\":{\"@id\":\"https:\\\/\\\/www.eldigitaldeasturias.com\\\/noticias\\\/#organization\"}}]}\n\t\t<\/script>\n\t\t<!-- All in One SEO Pro -->\r\n\t\t<title>Eurofrits dar\u00e1 sabor a unas navidades \u2018congeladas\u2019 - El Digital de Asturias<\/title>\n\n","aioseo_head_json":{"title":"Eurofrits dar\u00e1 sabor a unas navidades \u2018congeladas\u2019 - El Digital de Asturias","description":"Navidad a todo sabor: la venta de productos congelados crecer\u00e1 el 25 de diciembre \u00bfNavidades blancas y... platos congelados? El mercado de los alimentos sometidos a procesos de congelaci\u00f3n ha ganado peso en los \u00faltimos a\u00f1os, hasta ejercer una influencia notable sobre los h\u00e1bitos sociales de los consumidores. Mientras algunas voces aseguran que el pr\u00f3ximo 25 de","canonical_url":"https:\/\/www.eldigitaldeasturias.com\/noticias\/eurofrits-dara-sabor-a-unas-navidades-congeladas\/","robots":"max-image-preview:large","keywords":"econom\u00eda","webmasterTools":{"google-site-verification":"UA-38556648-1","msvalidate.01":"7dfe9f3f1b24437ab69f4f2559babe99","miscellaneous":""},"schema":{"@context":"https:\/\/schema.org","@graph":[{"@type":"BlogPosting","@id":"https:\/\/www.eldigitaldeasturias.com\/noticias\/eurofrits-dara-sabor-a-unas-navidades-congeladas\/#blogposting","name":"Eurofrits dar\u00e1 sabor a unas navidades \u2018congeladas\u2019 - El Digital de Asturias","headline":"Eurofrits dar\u00e1 sabor a unas navidades \u2018congeladas\u2019","author":{"@id":"https:\/\/www.eldigitaldeasturias.com\/noticias\/author\/admin\/#author"},"publisher":{"@id":"https:\/\/www.eldigitaldeasturias.com\/noticias\/#organization"},"image":{"@type":"ImageObject","url":"https:\/\/www.eldigitaldeasturias.com\/noticias\/wp-content\/uploads\/2017\/11\/1511289391_logo.png","width":212,"height":110},"datePublished":"2017-11-22T13:04:41+01:00","dateModified":"2017-11-22T13:04:41+01:00","inLanguage":"es-ES","mainEntityOfPage":{"@id":"https:\/\/www.eldigitaldeasturias.com\/noticias\/eurofrits-dara-sabor-a-unas-navidades-congeladas\/#webpage"},"isPartOf":{"@id":"https:\/\/www.eldigitaldeasturias.com\/noticias\/eurofrits-dara-sabor-a-unas-navidades-congeladas\/#webpage"},"articleSection":"Econom\u00eda"},{"@type":"BreadcrumbList","@id":"https:\/\/www.eldigitaldeasturias.com\/noticias\/eurofrits-dara-sabor-a-unas-navidades-congeladas\/#breadcrumblist","itemListElement":[{"@type":"ListItem","@id":"https:\/\/www.eldigitaldeasturias.com\/noticias#listItem","position":1,"name":"Home","item":"https:\/\/www.eldigitaldeasturias.com\/noticias","nextItem":{"@type":"ListItem","@id":"https:\/\/www.eldigitaldeasturias.com\/noticias\/category\/economia\/#listItem","name":"Econom\u00eda"}},{"@type":"ListItem","@id":"https:\/\/www.eldigitaldeasturias.com\/noticias\/category\/economia\/#listItem","position":2,"name":"Econom\u00eda","item":"https:\/\/www.eldigitaldeasturias.com\/noticias\/category\/economia\/","nextItem":{"@type":"ListItem","@id":"https:\/\/www.eldigitaldeasturias.com\/noticias\/eurofrits-dara-sabor-a-unas-navidades-congeladas\/#listItem","name":"Eurofrits dar\u00e1 sabor a unas navidades \u2018congeladas\u2019"},"previousItem":{"@type":"ListItem","@id":"https:\/\/www.eldigitaldeasturias.com\/noticias#listItem","name":"Home"}},{"@type":"ListItem","@id":"https:\/\/www.eldigitaldeasturias.com\/noticias\/eurofrits-dara-sabor-a-unas-navidades-congeladas\/#listItem","position":3,"name":"Eurofrits dar\u00e1 sabor a unas navidades \u2018congeladas\u2019","previousItem":{"@type":"ListItem","@id":"https:\/\/www.eldigitaldeasturias.com\/noticias\/category\/economia\/#listItem","name":"Econom\u00eda"}}]},{"@type":"Organization","@id":"https:\/\/www.eldigitaldeasturias.com\/noticias\/#organization","name":"El Digital de Asturias","description":"Hemeroteca","url":"https:\/\/www.eldigitaldeasturias.com\/noticias\/","email":"info@eldigitaldeasturias.com","telephone":"+34652131393","logo":{"@type":"ImageObject","url":"https:\/\/www.eldigitaldeasturias.com\/noticias\/wp-content\/uploads\/2020\/12\/EDA.jpg","@id":"https:\/\/www.eldigitaldeasturias.com\/noticias\/eurofrits-dara-sabor-a-unas-navidades-congeladas\/#organizationLogo","width":649,"height":297},"image":{"@id":"https:\/\/www.eldigitaldeasturias.com\/noticias\/eurofrits-dara-sabor-a-unas-navidades-congeladas\/#organizationLogo"},"sameAs":["https:\/\/facebook.com\/eldigitaldeasturias","https:\/\/www.youtube.com\/channel\/UCZP-2wLEB9Rv6erhFmqVnvg"],"address":{"@id":"https:\/\/www.eldigitaldeasturias.com\/noticias\/#postaladdress","@type":"PostalAddress","streetAddress":"san antonio 4,","postalCode":"33430","addressLocality":"Cand\u00e1s","addressRegion":"Asturias","addressCountry":"ES"}},{"@type":"Person","@id":"https:\/\/www.eldigitaldeasturias.com\/noticias\/author\/admin\/#author","url":"https:\/\/www.eldigitaldeasturias.com\/noticias\/author\/admin\/","name":"El Digital de Asturias","image":{"@type":"ImageObject","@id":"https:\/\/www.eldigitaldeasturias.com\/noticias\/eurofrits-dara-sabor-a-unas-navidades-congeladas\/#authorImage","url":"https:\/\/www.eldigitaldeasturias.com\/noticias\/wp-content\/litespeed\/avatar\/18677e78aa0546b92d9dbf31ec7d7668.jpg?ver=1776685526","width":96,"height":96,"caption":"El Digital de Asturias"}},{"@type":"WebPage","@id":"https:\/\/www.eldigitaldeasturias.com\/noticias\/eurofrits-dara-sabor-a-unas-navidades-congeladas\/#webpage","url":"https:\/\/www.eldigitaldeasturias.com\/noticias\/eurofrits-dara-sabor-a-unas-navidades-congeladas\/","name":"Eurofrits dar\u00e1 sabor a unas navidades \u2018congeladas\u2019 - El Digital de Asturias","description":"Navidad a todo sabor: la venta de productos congelados crecer\u00e1 el 25 de diciembre \u00bfNavidades blancas y... platos congelados? El mercado de los alimentos sometidos a procesos de congelaci\u00f3n ha ganado peso en los \u00faltimos a\u00f1os, hasta ejercer una influencia notable sobre los h\u00e1bitos sociales de los consumidores. Mientras algunas voces aseguran que el pr\u00f3ximo 25 de","inLanguage":"es-ES","isPartOf":{"@id":"https:\/\/www.eldigitaldeasturias.com\/noticias\/#website"},"breadcrumb":{"@id":"https:\/\/www.eldigitaldeasturias.com\/noticias\/eurofrits-dara-sabor-a-unas-navidades-congeladas\/#breadcrumblist"},"author":{"@id":"https:\/\/www.eldigitaldeasturias.com\/noticias\/author\/admin\/#author"},"creator":{"@id":"https:\/\/www.eldigitaldeasturias.com\/noticias\/author\/admin\/#author"},"image":{"@type":"ImageObject","url":"https:\/\/www.eldigitaldeasturias.com\/noticias\/wp-content\/uploads\/2017\/11\/1511289391_logo.png","@id":"https:\/\/www.eldigitaldeasturias.com\/noticias\/eurofrits-dara-sabor-a-unas-navidades-congeladas\/#mainImage","width":212,"height":110},"primaryImageOfPage":{"@id":"https:\/\/www.eldigitaldeasturias.com\/noticias\/eurofrits-dara-sabor-a-unas-navidades-congeladas\/#mainImage"},"datePublished":"2017-11-22T13:04:41+01:00","dateModified":"2017-11-22T13:04:41+01:00"},{"@type":"WebSite","@id":"https:\/\/www.eldigitaldeasturias.com\/noticias\/#website","url":"https:\/\/www.eldigitaldeasturias.com\/noticias\/","name":"El Digital de Asturias - Diario de actualidad y noticias","alternateName":"El Digital de Asturias - Diario de actualidad y noticias","description":"Hemeroteca","inLanguage":"es-ES","publisher":{"@id":"https:\/\/www.eldigitaldeasturias.com\/noticias\/#organization"}}]},"og:locale":"es_ES","og:site_name":"El Digital de Asturias","og:type":"article","og:title":"Eurofrits dar\u00e1 sabor a unas navidades \u2018congeladas\u2019 - El Digital de Asturias","og:description":"Navidad a todo sabor: la venta de productos congelados crecer\u00e1 el 25 de diciembre \u00bfNavidades blancas y... platos congelados? El mercado de los alimentos sometidos a procesos de congelaci\u00f3n ha ganado peso en los \u00faltimos a\u00f1os, hasta ejercer una influencia notable sobre los h\u00e1bitos sociales de los consumidores. Mientras algunas voces aseguran que el pr\u00f3ximo 25 de","og:url":"https:\/\/www.eldigitaldeasturias.com\/noticias\/eurofrits-dara-sabor-a-unas-navidades-congeladas\/","og:image":"https:\/\/www.eldigitaldeasturias.com\/noticias\/wp-content\/uploads\/2017\/11\/1511289391_logo.png","og:image:secure_url":"https:\/\/www.eldigitaldeasturias.com\/noticias\/wp-content\/uploads\/2017\/11\/1511289391_logo.png","og:image:width":212,"og:image:height":110,"article:tag":["econom\u00eda"],"article:published_time":"2017-11-22T13:04:41+00:00","article:modified_time":"2017-11-22T13:04:41+00:00","article:publisher":"https:\/\/facebook.com\/eldigitaldeasturias","twitter:card":"summary_large_image","twitter:title":"Eurofrits dar\u00e1 sabor a unas navidades \u2018congeladas\u2019 - El Digital de Asturias","twitter:description":"Navidad a todo sabor: la venta de productos congelados crecer\u00e1 el 25 de diciembre \u00bfNavidades blancas y... platos congelados? El mercado de los alimentos sometidos a procesos de congelaci\u00f3n ha ganado peso en los \u00faltimos a\u00f1os, hasta ejercer una influencia notable sobre los h\u00e1bitos sociales de los consumidores. Mientras algunas voces aseguran que el pr\u00f3ximo 25 de","twitter:image":"https:\/\/www.eldigitaldeasturias.com\/noticias\/wp-content\/uploads\/2017\/11\/1511289391_logo.png","twitter:label1":"Escrito por","twitter:data1":"El Digital de Asturias","twitter:label2":"Tiempo de lectura estimado","twitter:data2":"2 minutos"},"aioseo_meta_data":{"post_id":"960816","title":null,"description":null,"keywords":null,"keyphrases":null,"primary_term":null,"canonical_url":null,"og_title":null,"og_description":null,"og_object_type":"default","og_image_type":"default","og_image_url":null,"og_image_width":null,"og_image_height":null,"og_image_custom_url":null,"og_image_custom_fields":null,"og_video":null,"og_custom_url":null,"og_article_section":null,"og_article_tags":null,"twitter_use_og":false,"twitter_card":"default","twitter_image_type":"default","twitter_image_url":null,"twitter_image_custom_url":null,"twitter_image_custom_fields":null,"twitter_title":null,"twitter_description":null,"schema":{"blockGraphs":[],"customGraphs":[],"default":{"data":{"Article":[],"Course":[],"Dataset":[],"FAQPage":[],"Movie":[],"Person":[],"Product":[],"ProductReview":[],"Car":[],"Recipe":[],"Service":[],"SoftwareApplication":[],"WebPage":[]},"graphName":"","isEnabled":true},"graphs":[],"defaultGraph":"","defaultPostTypeGraph":""},"schema_type":null,"schema_type_options":null,"pillar_content":false,"robots_default":true,"robots_noindex":false,"robots_noarchive":false,"robots_nosnippet":false,"robots_nofollow":false,"robots_noimageindex":false,"robots_noodp":false,"robots_notranslate":false,"robots_max_snippet":null,"robots_max_videopreview":null,"robots_max_imagepreview":"large","priority":null,"frequency":null,"local_seo":null,"seo_analyzer_scan_date":"2025-12-07 06:40:10","breadcrumb_settings":null,"limit_modified_date":false,"open_ai":null,"ai":null,"created":"2020-12-21 12:50:40","updated":"2025-12-07 06:40:10"},"aioseo_breadcrumb":"<div class=\"aioseo-breadcrumbs\"><span class=\"aioseo-breadcrumb\">\n\t<a href=\"https:\/\/www.eldigitaldeasturias.com\/noticias\" title=\"Home\">Home<\/a>\n<\/span><span class=\"aioseo-breadcrumb-separator\">\u2013<\/span><span class=\"aioseo-breadcrumb\">\n\t<a href=\"https:\/\/www.eldigitaldeasturias.com\/noticias\/category\/economia\/\" title=\"Econom\u00eda\">Econom\u00eda<\/a>\n<\/span><span class=\"aioseo-breadcrumb-separator\">\u2013<\/span><span class=\"aioseo-breadcrumb\">\n\t<a href=\"https:\/\/www.eldigitaldeasturias.com\/noticias\/eurofrits-dara-sabor-a-unas-navidades-congeladas\/\" title=\"Eurofrits dar\u00e1 sabor a unas navidades \u2018congeladas\u2019\">Eurofrits dar\u00e1 sabor a unas navidades \u2018congeladas\u2019<\/a>\n<\/span><\/div>","aioseo_breadcrumb_json":[{"label":"Home","link":"https:\/\/www.eldigitaldeasturias.com\/noticias"},{"label":"Econom\u00eda","link":"https:\/\/www.eldigitaldeasturias.com\/noticias\/category\/economia\/"},{"label":"Eurofrits dar\u00e1 sabor a unas navidades \u2018congeladas\u2019","link":"https:\/\/www.eldigitaldeasturias.com\/noticias\/eurofrits-dara-sabor-a-unas-navidades-congeladas\/"}],"_links":{"self":[{"href":"https:\/\/www.eldigitaldeasturias.com\/noticias\/wp-json\/wp\/v2\/posts\/960816","targetHints":{"allow":["GET"]}}],"collection":[{"href":"https:\/\/www.eldigitaldeasturias.com\/noticias\/wp-json\/wp\/v2\/posts"}],"about":[{"href":"https:\/\/www.eldigitaldeasturias.com\/noticias\/wp-json\/wp\/v2\/types\/post"}],"author":[{"embeddable":true,"href":"https:\/\/www.eldigitaldeasturias.com\/noticias\/wp-json\/wp\/v2\/users\/1"}],"replies":[{"embeddable":true,"href":"https:\/\/www.eldigitaldeasturias.com\/noticias\/wp-json\/wp\/v2\/comments?post=960816"}],"version-history":[{"count":0,"href":"https:\/\/www.eldigitaldeasturias.com\/noticias\/wp-json\/wp\/v2\/posts\/960816\/revisions"}],"wp:featuredmedia":[{"embeddable":true,"href":"https:\/\/www.eldigitaldeasturias.com\/noticias\/wp-json\/wp\/v2\/media\/960817"}],"wp:attachment":[{"href":"https:\/\/www.eldigitaldeasturias.com\/noticias\/wp-json\/wp\/v2\/media?parent=960816"}],"wp:term":[{"taxonomy":"category","embeddable":true,"href":"https:\/\/www.eldigitaldeasturias.com\/noticias\/wp-json\/wp\/v2\/categories?post=960816"},{"taxonomy":"post_tag","embeddable":true,"href":"https:\/\/www.eldigitaldeasturias.com\/noticias\/wp-json\/wp\/v2\/tags?post=960816"}],"curies":[{"name":"wp","href":"https:\/\/api.w.org\/{rel}","templated":true}]}}