{"id":960813,"date":"2017-11-22T13:02:41","date_gmt":"2017-11-22T13:02:41","guid":{"rendered":"http:\/\/www.eldigitaldeasturias.com\/noticias\/?p=960813"},"modified":"2017-11-22T13:02:41","modified_gmt":"2017-11-22T13:02:41","slug":"el-gobierno-de-aragon-impulsara-el-primer-protocolo-en-materia-de-violencia-sexual-en-aragon","status":"publish","type":"post","link":"https:\/\/www.eldigitaldeasturias.com\/noticias\/el-gobierno-de-aragon-impulsara-el-primer-protocolo-en-materia-de-violencia-sexual-en-aragon\/","title":{"rendered":"El Gobierno de Arag\u00f3n impulsar\u00e1 el primer protocolo en materia de violencia sexual en Arag\u00f3n"},"content":{"rendered":"<p><img loading=\"lazy\" decoding=\"async\" class=\"alignleft size-medium wp-image-960814\" src=\"https:\/\/www.eldigitaldeasturias.com\/noticias\/wp-content\/uploads\/2017\/11\/imagenes_foto2rp_acd15afa-360x159.jpg\" alt=\"\" width=\"360\" height=\"159\" \/>El Gobierno de Arag\u00f3n va a impulsar, a partir de enero, la elaboraci\u00f3n del primer protocolo en materia de violencia sexual en Arag\u00f3n y, en colaboraci\u00f3n con la Federaci\u00f3n Aragonesa de Municipios, Comarcas y Provincias (FAMCP), crear\u00e1 la Red Aragonesa de Entidades Locales Libres de Agresiones Sexuales en Arag\u00f3n (RAELLAS).<\/p>\n<p>As\u00ed lo ha anunciado hoy la directora del Instituto Aragon\u00e9s de la Mujer, Natalia Salvo, en la rueda de prensa de presentaci\u00f3n de los \u201cDatos B\u00e1sicos sobre Violencia contra las Mujeres en Arag\u00f3n 2017\u201d, acto que precede a la conmemoraci\u00f3n, el 25 de noviembre, del D\u00eda Internacional para la Eliminaci\u00f3n de la Violencia contra las Mujeres. Salvo ha estado acompa\u00f1ada en la rueda de prensa por la presidenta de la FAMCP, Carmen S\u00e1nchez.<\/p>\n<p>El protocolo que se va a impulsar desde el IAM es el primero de estas caracter\u00edsticas en Arag\u00f3n y se elaborar\u00e1 en una mesa interinstitucional a la que se convocar\u00e1 a todas las instituciones con competencias en este \u00e1mbito: justicia, sanidad, educaci\u00f3n, Fuerzas y Cuerpos de Seguridad del Estado y entidades sociales implicadas.<\/p>\n<p>El objetivo es que en el mismo se establezcan pautas de prevenci\u00f3n, sensibilizaci\u00f3n y formaci\u00f3n de la violencia sexuales contra las mujeres y las ni\u00f1as. Asimismo, se establecer\u00e1 un itinerario de coordinaci\u00f3n ante una agresi\u00f3n sexual y se establecer\u00e1n recursos de asistencia jur\u00eddica, social y psicol\u00f3gica.<\/p>\n<p>Natalia Salvo ha se\u00f1alado que \u201cel Gobierno de Arag\u00f3n ha manifestado y demostrado un compromiso firme para la prevenci\u00f3n erradicaci\u00f3n de la violencia de g\u00e9nero; hemos destinado recursos humanos presupuestarios y nos comprometemos a seguir trabajando por un Arag\u00f3n m\u00e1s igualitario y libre de violencia contra las mujeres\u201d.<\/p>\n<p>Tambi\u00e9n ha anunciado que se abrir\u00e1 una l\u00ednea de trabajo permanente, en colaboraci\u00f3n con las entidades locales aragonesas, gracias a la RAELLAS. En ella se priorizar\u00e1 la prevenci\u00f3n y la sensibilizaci\u00f3n y la coordinaci\u00f3n institucional.<\/p>\n<p>La presidenta de la FAMCP, Carmen S\u00e1nchez, ha manifestado que esta red tiene \u201cun objetivo claro\u201d que es, ha a\u00f1adido, \u201cunir al mayor n\u00famero posible de entidades aragonesas en la lucha contra las agresiones sexuales\u201d. A trav\u00e9s de esta red se llevar\u00e1n a cabo campa\u00f1as de sensibilizaci\u00f3n, talleres, promoci\u00f3n de los recursos existentes\u2026.<\/p>\n<p><strong>Datos<\/strong><\/p>\n<p>Natalia Salvo ha presentado, adem\u00e1s, los Datos B\u00e1sicos de Violencia contra las Mujeres en Arag\u00f3n 2017 (se recogen datos de enero a septiembre). Seg\u00fan estos datos, el IAM registr\u00f3 en su tel\u00e9fono 24 horas de atenci\u00f3n a mujeres v\u00edctimas de violencia en Arag\u00f3n (900-504-405) el mismo que activa todos los protocolos en materia de violencia por g\u00e9nero en nuestra Comunidad, 3096 llamadas, frente a las 2952 que se recibieron el a\u00f1o pasado en el mismo per\u00edodo.<\/p>\n<p>Seg\u00fan los datos aportados por el Ministerio del Interior al IAM, en el primer semestre de 2017, se efectuaron en Arag\u00f3n 1.901 denuncias y se dictaminaron 393 \u00f3rdenes de protecci\u00f3n por violencia de g\u00e9nero. En el mismo per\u00edodo, en 2016, se hab\u00edan efectuado 1.433 denuncias y dictaminado 406 \u00f3rdenes de protecci\u00f3n.<\/p>\n<p>Con relaci\u00f3n a la red de recursos de atenci\u00f3n integral del IAM, en la asesor\u00eda social se ha atendido durante el presente a\u00f1o a 892 mujeres; en la psicol\u00f3gica, a 800; en la jur\u00eddica a 236, y en la laboral a 106 mujeres que han sufrido violencia.<\/p>\n<p>El Instituto Aragon\u00e9s de la Mujer dispone tambi\u00e9n de una red de alojamientos alternativos (CEM, Casas de Emergencias y pisos tutelados), por los que han pasado durante este 2017, 214 mujeres y 192 menores. Actualmente, en Arag\u00f3n, hay 204 mujeres con dispositivos de alarma.<\/p>\n<p>Salvo ha insistido en que el Gobierno de Arag\u00f3n sigue reivindicando que la violencia por g\u00e9nero es uno de los problemas m\u00e1s graves que tiene la sociedad y que su erradicaci\u00f3n requiere de un compromiso firme y del impulso de pol\u00edticas y recursos bien dotados presupuestariamente.<\/p>\n<p>Por ello, ha asegurado que durante los dos a\u00f1os de la presente legislatura, se ha incrementado un 98% el presupuesto destinado a la prevenci\u00f3n y atenci\u00f3n integral de la violencia contra las mujeres, y se han impulsado nuevos recursos, como la educadora familiar, que trabaj\u00f3 en el \u00faltimo a\u00f1o con 58 mujeres y 56 menores, o el de inserci\u00f3n laboral de v\u00edctimas de violencia por g\u00e9nero, que se impuls\u00f3 a finales del pasado a\u00f1o y que ya ha insertado laboralmente a 20 mujeres.<\/p>\n<p>Las l\u00edneas de trabajo del IAM se han centrado en la actualizaci\u00f3n e impulso de los protocolos de actuaci\u00f3n ante la violencia de g\u00e9nero, la mutilaci\u00f3n genital femenina y la trata y explotaci\u00f3n sexual de mujeres, y el incremento de acciones en materia de formaci\u00f3n y sensibilizaci\u00f3n. Asimismo, se han reforzado los recursos en el territorio, incrementando presupuestariamente un 79% los convenios con las comarcas.<\/p>\n<p><strong>Programa de actos<\/strong><\/p>\n<p>Natalia Salvo ha presentado tambi\u00e9n el programa de actos que, con motivo del 25 N, se ha organizado desde el IAM. Entre ellos destaca el I Congreso sobre Violencia contra las Mujeres en Arag\u00f3n, que se celebrar\u00e1 ma\u00f1ana y el 24 de noviembre y que girar\u00e1 en torno al d\u00e9cimo aniversario de la Ley de Prevenci\u00f3n y Protecci\u00f3n Integral a las Mujeres V\u00edctimas de Violencia en Arag\u00f3n.<\/p>\n","protected":false},"excerpt":{"rendered":"<p>El Gobierno de Arag\u00f3n va a impulsar, a partir de enero, la elaboraci\u00f3n del primer protocolo en materia de violencia sexual en Arag\u00f3n y, en colaboraci\u00f3n con la Federaci\u00f3n Aragonesa de Municipios, Comarcas y Provincias (FAMCP), crear\u00e1 la Red Aragonesa de Entidades Locales Libres de Agresiones Sexuales en Arag\u00f3n (RAELLAS). As\u00ed lo ha anunciado hoy [&hellip;]<\/p>\n","protected":false},"author":1,"featured_media":960814,"comment_status":"closed","ping_status":"closed","sticky":false,"template":"","format":"standard","meta":{"footnotes":""},"categories":[1],"tags":[],"class_list":["post-960813","post","type-post","status-publish","format-standard","has-post-thumbnail","hentry","category-actualidad"],"aioseo_notices":[],"aioseo_head":"\n\t\t<!-- All in One SEO Pro 5.0.1 - aioseo.com -->\n\t<meta name=\"description\" content=\"El Gobierno de Arag\u00f3n va a impulsar, a partir de enero, la elaboraci\u00f3n del primer protocolo en materia de violencia sexual en Arag\u00f3n y, en colaboraci\u00f3n con la Federaci\u00f3n Aragonesa de Municipios, Comarcas y Provincias (FAMCP), crear\u00e1 la Red Aragonesa de Entidades Locales Libres de Agresiones Sexuales en Arag\u00f3n (RAELLAS). As\u00ed lo ha anunciado hoy\" \/>\n\t<meta name=\"robots\" content=\"max-image-preview:large\" \/>\n\t<meta name=\"author\" content=\"El Digital de Asturias\"\/>\n\t<meta name=\"google-site-verification\" content=\"UA-38556648-1\" \/>\n\t<meta name=\"msvalidate.01\" content=\"7dfe9f3f1b24437ab69f4f2559babe99\" \/>\n\t<meta name=\"keywords\" content=\"actualidad\" \/>\n\t<link rel=\"canonical\" href=\"https:\/\/www.eldigitaldeasturias.com\/noticias\/el-gobierno-de-aragon-impulsara-el-primer-protocolo-en-materia-de-violencia-sexual-en-aragon\/\" \/>\n\t<meta name=\"generator\" content=\"All in One SEO Pro (AIOSEO) 5.0.1\" \/>\n\t\t<meta property=\"og:locale\" content=\"es_ES\" \/>\n\t\t<meta property=\"og:site_name\" content=\"El Digital de Asturias\" \/>\n\t\t<meta property=\"og:type\" content=\"article\" \/>\n\t\t<meta property=\"og:title\" content=\"El Gobierno de Arag\u00f3n impulsar\u00e1 el primer protocolo en materia de violencia sexual en Arag\u00f3n - El Digital de Asturias\" \/>\n\t\t<meta property=\"og:description\" content=\"El Gobierno de Arag\u00f3n va a impulsar, a partir de enero, la elaboraci\u00f3n del primer protocolo en materia de violencia sexual en Arag\u00f3n y, en colaboraci\u00f3n con la Federaci\u00f3n Aragonesa de Municipios, Comarcas y Provincias (FAMCP), crear\u00e1 la Red Aragonesa de Entidades Locales Libres de Agresiones Sexuales en Arag\u00f3n (RAELLAS). As\u00ed lo ha anunciado hoy\" \/>\n\t\t<meta property=\"og:url\" content=\"https:\/\/www.eldigitaldeasturias.com\/noticias\/el-gobierno-de-aragon-impulsara-el-primer-protocolo-en-materia-de-violencia-sexual-en-aragon\/\" \/>\n\t\t<meta property=\"article:tag\" content=\"actualidad\" \/>\n\t\t<meta property=\"article:published_time\" content=\"2017-11-22T13:02:41+00:00\" \/>\n\t\t<meta property=\"article:modified_time\" content=\"2017-11-22T13:02:41+00:00\" \/>\n\t\t<meta property=\"article:publisher\" content=\"https:\/\/facebook.com\/eldigitaldeasturias\" \/>\n\t\t<meta name=\"twitter:card\" content=\"summary_large_image\" \/>\n\t\t<meta name=\"twitter:title\" content=\"El Gobierno de Arag\u00f3n impulsar\u00e1 el primer protocolo en materia de violencia sexual en Arag\u00f3n - El Digital de Asturias\" \/>\n\t\t<meta name=\"twitter:description\" content=\"El Gobierno de Arag\u00f3n va a impulsar, a partir de enero, la elaboraci\u00f3n del primer protocolo en materia de violencia sexual en Arag\u00f3n y, en colaboraci\u00f3n con la Federaci\u00f3n Aragonesa de Municipios, Comarcas y Provincias (FAMCP), crear\u00e1 la Red Aragonesa de Entidades Locales Libres de Agresiones Sexuales en Arag\u00f3n (RAELLAS). As\u00ed lo ha anunciado hoy\" \/>\n\t\t<meta name=\"twitter:image\" content=\"https:\/\/www.eldigitaldeasturias.com\/noticias\/wp-content\/uploads\/2020\/12\/EDA-1.jpg\" \/>\n\t\t<meta name=\"twitter:label1\" content=\"Escrito por\" \/>\n\t\t<meta name=\"twitter:data1\" content=\"El Digital de Asturias\" \/>\n\t\t<meta name=\"twitter:label2\" content=\"Tiempo de lectura estimado\" \/>\n\t\t<meta name=\"twitter:data2\" content=\"5 minutos\" \/>\n\t\t<script type=\"application\/ld+json\" class=\"aioseo-schema\">\n\t\t\t{\"@context\":\"https:\\\/\\\/schema.org\",\"@graph\":[{\"@type\":\"BlogPosting\",\"@id\":\"https:\\\/\\\/www.eldigitaldeasturias.com\\\/noticias\\\/el-gobierno-de-aragon-impulsara-el-primer-protocolo-en-materia-de-violencia-sexual-en-aragon\\\/#blogposting\",\"name\":\"El Gobierno de Arag\\u00f3n impulsar\\u00e1 el primer protocolo en materia de violencia sexual en Arag\\u00f3n - El Digital de Asturias\",\"headline\":\"El Gobierno de Arag\\u00f3n impulsar\\u00e1 el primer protocolo en materia de violencia sexual en Arag\\u00f3n\",\"author\":{\"@id\":\"https:\\\/\\\/www.eldigitaldeasturias.com\\\/noticias\\\/author\\\/admin\\\/#author\"},\"publisher\":{\"@id\":\"https:\\\/\\\/www.eldigitaldeasturias.com\\\/noticias\\\/#organization\"},\"image\":{\"@type\":\"ImageObject\",\"url\":960814},\"datePublished\":\"2017-11-22T13:02:41+01:00\",\"dateModified\":\"2017-11-22T13:02:41+01:00\",\"inLanguage\":\"es-ES\",\"mainEntityOfPage\":{\"@id\":\"https:\\\/\\\/www.eldigitaldeasturias.com\\\/noticias\\\/el-gobierno-de-aragon-impulsara-el-primer-protocolo-en-materia-de-violencia-sexual-en-aragon\\\/#webpage\"},\"isPartOf\":{\"@id\":\"https:\\\/\\\/www.eldigitaldeasturias.com\\\/noticias\\\/el-gobierno-de-aragon-impulsara-el-primer-protocolo-en-materia-de-violencia-sexual-en-aragon\\\/#webpage\"},\"articleSection\":\"Actualidad\"},{\"@type\":\"BreadcrumbList\",\"@id\":\"https:\\\/\\\/www.eldigitaldeasturias.com\\\/noticias\\\/el-gobierno-de-aragon-impulsara-el-primer-protocolo-en-materia-de-violencia-sexual-en-aragon\\\/#breadcrumblist\",\"itemListElement\":[{\"@type\":\"ListItem\",\"@id\":\"https:\\\/\\\/www.eldigitaldeasturias.com\\\/noticias#listItem\",\"position\":1,\"name\":\"Home\",\"item\":\"https:\\\/\\\/www.eldigitaldeasturias.com\\\/noticias\",\"nextItem\":{\"@type\":\"ListItem\",\"@id\":\"https:\\\/\\\/www.eldigitaldeasturias.com\\\/noticias\\\/category\\\/actualidad\\\/#listItem\",\"name\":\"Actualidad\"}},{\"@type\":\"ListItem\",\"@id\":\"https:\\\/\\\/www.eldigitaldeasturias.com\\\/noticias\\\/category\\\/actualidad\\\/#listItem\",\"position\":2,\"name\":\"Actualidad\",\"item\":\"https:\\\/\\\/www.eldigitaldeasturias.com\\\/noticias\\\/category\\\/actualidad\\\/\",\"nextItem\":{\"@type\":\"ListItem\",\"@id\":\"https:\\\/\\\/www.eldigitaldeasturias.com\\\/noticias\\\/el-gobierno-de-aragon-impulsara-el-primer-protocolo-en-materia-de-violencia-sexual-en-aragon\\\/#listItem\",\"name\":\"El Gobierno de Arag\\u00f3n impulsar\\u00e1 el primer protocolo en materia de violencia sexual en Arag\\u00f3n\"},\"previousItem\":{\"@type\":\"ListItem\",\"@id\":\"https:\\\/\\\/www.eldigitaldeasturias.com\\\/noticias#listItem\",\"name\":\"Home\"}},{\"@type\":\"ListItem\",\"@id\":\"https:\\\/\\\/www.eldigitaldeasturias.com\\\/noticias\\\/el-gobierno-de-aragon-impulsara-el-primer-protocolo-en-materia-de-violencia-sexual-en-aragon\\\/#listItem\",\"position\":3,\"name\":\"El Gobierno de Arag\\u00f3n impulsar\\u00e1 el primer protocolo en materia de violencia sexual en Arag\\u00f3n\",\"previousItem\":{\"@type\":\"ListItem\",\"@id\":\"https:\\\/\\\/www.eldigitaldeasturias.com\\\/noticias\\\/category\\\/actualidad\\\/#listItem\",\"name\":\"Actualidad\"}}]},{\"@type\":\"Organization\",\"@id\":\"https:\\\/\\\/www.eldigitaldeasturias.com\\\/noticias\\\/#organization\",\"name\":\"El Digital de Asturias\",\"description\":\"Hemeroteca\",\"url\":\"https:\\\/\\\/www.eldigitaldeasturias.com\\\/noticias\\\/\",\"email\":\"info@eldigitaldeasturias.com\",\"telephone\":\"+34652131393\",\"logo\":{\"@type\":\"ImageObject\",\"url\":\"https:\\\/\\\/www.eldigitaldeasturias.com\\\/noticias\\\/wp-content\\\/uploads\\\/2020\\\/12\\\/EDA.jpg\",\"@id\":\"https:\\\/\\\/www.eldigitaldeasturias.com\\\/noticias\\\/el-gobierno-de-aragon-impulsara-el-primer-protocolo-en-materia-de-violencia-sexual-en-aragon\\\/#organizationLogo\"},\"image\":{\"@id\":\"https:\\\/\\\/www.eldigitaldeasturias.com\\\/noticias\\\/el-gobierno-de-aragon-impulsara-el-primer-protocolo-en-materia-de-violencia-sexual-en-aragon\\\/#organizationLogo\"},\"sameAs\":[\"https:\\\/\\\/facebook.com\\\/eldigitaldeasturias\",\"https:\\\/\\\/www.youtube.com\\\/channel\\\/UCZP-2wLEB9Rv6erhFmqVnvg\"],\"address\":{\"@id\":\"https:\\\/\\\/www.eldigitaldeasturias.com\\\/noticias\\\/#postaladdress\",\"@type\":\"PostalAddress\",\"streetAddress\":\"san antonio 4\",\"postalCode\":\"33430\",\"addressLocality\":\"Cand\\u00e1s\",\"addressRegion\":\"Asturias\",\"addressCountry\":\"ES\"}},{\"@type\":\"Person\",\"@id\":\"https:\\\/\\\/www.eldigitaldeasturias.com\\\/noticias\\\/author\\\/admin\\\/#author\",\"url\":\"https:\\\/\\\/www.eldigitaldeasturias.com\\\/noticias\\\/author\\\/admin\\\/\",\"name\":\"El Digital de Asturias\",\"image\":{\"@type\":\"ImageObject\",\"@id\":\"https:\\\/\\\/www.eldigitaldeasturias.com\\\/noticias\\\/el-gobierno-de-aragon-impulsara-el-primer-protocolo-en-materia-de-violencia-sexual-en-aragon\\\/#authorImage\",\"url\":\"https:\\\/\\\/secure.gravatar.com\\\/avatar\\\/df2aeffc32bcd13f8d26072ef8a91b623d677766deac7f97ca815868cd41bf5e?s=96&d=mm&r=g\",\"width\":96,\"height\":96,\"caption\":\"El Digital de Asturias\"}},{\"@type\":\"WebPage\",\"@id\":\"https:\\\/\\\/www.eldigitaldeasturias.com\\\/noticias\\\/el-gobierno-de-aragon-impulsara-el-primer-protocolo-en-materia-de-violencia-sexual-en-aragon\\\/#webpage\",\"url\":\"https:\\\/\\\/www.eldigitaldeasturias.com\\\/noticias\\\/el-gobierno-de-aragon-impulsara-el-primer-protocolo-en-materia-de-violencia-sexual-en-aragon\\\/\",\"name\":\"El Gobierno de Arag\\u00f3n impulsar\\u00e1 el primer protocolo en materia de violencia sexual en Arag\\u00f3n - El Digital de Asturias\",\"description\":\"El Gobierno de Arag\\u00f3n va a impulsar, a partir de enero, la elaboraci\\u00f3n del primer protocolo en materia de violencia sexual en Arag\\u00f3n y, en colaboraci\\u00f3n con la Federaci\\u00f3n Aragonesa de Municipios, Comarcas y Provincias (FAMCP), crear\\u00e1 la Red Aragonesa de Entidades Locales Libres de Agresiones Sexuales en Arag\\u00f3n (RAELLAS). As\\u00ed lo ha anunciado hoy\",\"inLanguage\":\"es-ES\",\"isPartOf\":{\"@id\":\"https:\\\/\\\/www.eldigitaldeasturias.com\\\/noticias\\\/#website\"},\"breadcrumb\":{\"@id\":\"https:\\\/\\\/www.eldigitaldeasturias.com\\\/noticias\\\/el-gobierno-de-aragon-impulsara-el-primer-protocolo-en-materia-de-violencia-sexual-en-aragon\\\/#breadcrumblist\"},\"author\":{\"@id\":\"https:\\\/\\\/www.eldigitaldeasturias.com\\\/noticias\\\/author\\\/admin\\\/#author\"},\"creator\":{\"@id\":\"https:\\\/\\\/www.eldigitaldeasturias.com\\\/noticias\\\/author\\\/admin\\\/#author\"},\"image\":{\"@type\":\"ImageObject\",\"url\":960814,\"@id\":\"https:\\\/\\\/www.eldigitaldeasturias.com\\\/noticias\\\/el-gobierno-de-aragon-impulsara-el-primer-protocolo-en-materia-de-violencia-sexual-en-aragon\\\/#mainImage\"},\"primaryImageOfPage\":{\"@id\":\"https:\\\/\\\/www.eldigitaldeasturias.com\\\/noticias\\\/el-gobierno-de-aragon-impulsara-el-primer-protocolo-en-materia-de-violencia-sexual-en-aragon\\\/#mainImage\"},\"datePublished\":\"2017-11-22T13:02:41+01:00\",\"dateModified\":\"2017-11-22T13:02:41+01:00\"},{\"@type\":\"WebSite\",\"@id\":\"https:\\\/\\\/www.eldigitaldeasturias.com\\\/noticias\\\/#website\",\"url\":\"https:\\\/\\\/www.eldigitaldeasturias.com\\\/noticias\\\/\",\"name\":\"El Digital de Asturias - Diario de actualidad y noticias\",\"alternateName\":\"El Digital de Asturias - Diario de actualidad y noticias\",\"description\":\"Hemeroteca\",\"inLanguage\":\"es-ES\",\"publisher\":{\"@id\":\"https:\\\/\\\/www.eldigitaldeasturias.com\\\/noticias\\\/#organization\"}}]}\n\t\t<\/script>\n\t\t<!-- All in One SEO Pro -->\r\n\t\t<title>El Gobierno de Arag\u00f3n impulsar\u00e1 el primer protocolo en materia de violencia sexual en Arag\u00f3n - El Digital de Asturias<\/title>\n\n","aioseo_head_json":{"title":"El Gobierno de Arag\u00f3n impulsar\u00e1 el primer protocolo en materia de violencia sexual en Arag\u00f3n - El Digital de Asturias","description":"El Gobierno de Arag\u00f3n va a impulsar, a partir de enero, la elaboraci\u00f3n del primer protocolo en materia de violencia sexual en Arag\u00f3n y, en colaboraci\u00f3n con la Federaci\u00f3n Aragonesa de Municipios, Comarcas y Provincias (FAMCP), crear\u00e1 la Red Aragonesa de Entidades Locales Libres de Agresiones Sexuales en Arag\u00f3n (RAELLAS). As\u00ed lo ha anunciado hoy","canonical_url":"https:\/\/www.eldigitaldeasturias.com\/noticias\/el-gobierno-de-aragon-impulsara-el-primer-protocolo-en-materia-de-violencia-sexual-en-aragon\/","robots":"max-image-preview:large","keywords":"actualidad","webmasterTools":{"google-site-verification":"UA-38556648-1","msvalidate.01":"7dfe9f3f1b24437ab69f4f2559babe99","miscellaneous":""},"schema":{"@context":"https:\/\/schema.org","@graph":[{"@type":"BlogPosting","@id":"https:\/\/www.eldigitaldeasturias.com\/noticias\/el-gobierno-de-aragon-impulsara-el-primer-protocolo-en-materia-de-violencia-sexual-en-aragon\/#blogposting","name":"El Gobierno de Arag\u00f3n impulsar\u00e1 el primer protocolo en materia de violencia sexual en Arag\u00f3n - El Digital de Asturias","headline":"El Gobierno de Arag\u00f3n impulsar\u00e1 el primer protocolo en materia de violencia sexual en Arag\u00f3n","author":{"@id":"https:\/\/www.eldigitaldeasturias.com\/noticias\/author\/admin\/#author"},"publisher":{"@id":"https:\/\/www.eldigitaldeasturias.com\/noticias\/#organization"},"image":{"@type":"ImageObject","url":960814},"datePublished":"2017-11-22T13:02:41+01:00","dateModified":"2017-11-22T13:02:41+01:00","inLanguage":"es-ES","mainEntityOfPage":{"@id":"https:\/\/www.eldigitaldeasturias.com\/noticias\/el-gobierno-de-aragon-impulsara-el-primer-protocolo-en-materia-de-violencia-sexual-en-aragon\/#webpage"},"isPartOf":{"@id":"https:\/\/www.eldigitaldeasturias.com\/noticias\/el-gobierno-de-aragon-impulsara-el-primer-protocolo-en-materia-de-violencia-sexual-en-aragon\/#webpage"},"articleSection":"Actualidad"},{"@type":"BreadcrumbList","@id":"https:\/\/www.eldigitaldeasturias.com\/noticias\/el-gobierno-de-aragon-impulsara-el-primer-protocolo-en-materia-de-violencia-sexual-en-aragon\/#breadcrumblist","itemListElement":[{"@type":"ListItem","@id":"https:\/\/www.eldigitaldeasturias.com\/noticias#listItem","position":1,"name":"Home","item":"https:\/\/www.eldigitaldeasturias.com\/noticias","nextItem":{"@type":"ListItem","@id":"https:\/\/www.eldigitaldeasturias.com\/noticias\/category\/actualidad\/#listItem","name":"Actualidad"}},{"@type":"ListItem","@id":"https:\/\/www.eldigitaldeasturias.com\/noticias\/category\/actualidad\/#listItem","position":2,"name":"Actualidad","item":"https:\/\/www.eldigitaldeasturias.com\/noticias\/category\/actualidad\/","nextItem":{"@type":"ListItem","@id":"https:\/\/www.eldigitaldeasturias.com\/noticias\/el-gobierno-de-aragon-impulsara-el-primer-protocolo-en-materia-de-violencia-sexual-en-aragon\/#listItem","name":"El Gobierno de Arag\u00f3n impulsar\u00e1 el primer protocolo en materia de violencia sexual en Arag\u00f3n"},"previousItem":{"@type":"ListItem","@id":"https:\/\/www.eldigitaldeasturias.com\/noticias#listItem","name":"Home"}},{"@type":"ListItem","@id":"https:\/\/www.eldigitaldeasturias.com\/noticias\/el-gobierno-de-aragon-impulsara-el-primer-protocolo-en-materia-de-violencia-sexual-en-aragon\/#listItem","position":3,"name":"El Gobierno de Arag\u00f3n impulsar\u00e1 el primer protocolo en materia de violencia sexual en Arag\u00f3n","previousItem":{"@type":"ListItem","@id":"https:\/\/www.eldigitaldeasturias.com\/noticias\/category\/actualidad\/#listItem","name":"Actualidad"}}]},{"@type":"Organization","@id":"https:\/\/www.eldigitaldeasturias.com\/noticias\/#organization","name":"El Digital de Asturias","description":"Hemeroteca","url":"https:\/\/www.eldigitaldeasturias.com\/noticias\/","email":"info@eldigitaldeasturias.com","telephone":"+34652131393","logo":{"@type":"ImageObject","url":"https:\/\/www.eldigitaldeasturias.com\/noticias\/wp-content\/uploads\/2020\/12\/EDA.jpg","@id":"https:\/\/www.eldigitaldeasturias.com\/noticias\/el-gobierno-de-aragon-impulsara-el-primer-protocolo-en-materia-de-violencia-sexual-en-aragon\/#organizationLogo"},"image":{"@id":"https:\/\/www.eldigitaldeasturias.com\/noticias\/el-gobierno-de-aragon-impulsara-el-primer-protocolo-en-materia-de-violencia-sexual-en-aragon\/#organizationLogo"},"sameAs":["https:\/\/facebook.com\/eldigitaldeasturias","https:\/\/www.youtube.com\/channel\/UCZP-2wLEB9Rv6erhFmqVnvg"],"address":{"@id":"https:\/\/www.eldigitaldeasturias.com\/noticias\/#postaladdress","@type":"PostalAddress","streetAddress":"san antonio 4","postalCode":"33430","addressLocality":"Cand\u00e1s","addressRegion":"Asturias","addressCountry":"ES"}},{"@type":"Person","@id":"https:\/\/www.eldigitaldeasturias.com\/noticias\/author\/admin\/#author","url":"https:\/\/www.eldigitaldeasturias.com\/noticias\/author\/admin\/","name":"El Digital de Asturias","image":{"@type":"ImageObject","@id":"https:\/\/www.eldigitaldeasturias.com\/noticias\/el-gobierno-de-aragon-impulsara-el-primer-protocolo-en-materia-de-violencia-sexual-en-aragon\/#authorImage","url":"https:\/\/secure.gravatar.com\/avatar\/df2aeffc32bcd13f8d26072ef8a91b623d677766deac7f97ca815868cd41bf5e?s=96&d=mm&r=g","width":96,"height":96,"caption":"El Digital de Asturias"}},{"@type":"WebPage","@id":"https:\/\/www.eldigitaldeasturias.com\/noticias\/el-gobierno-de-aragon-impulsara-el-primer-protocolo-en-materia-de-violencia-sexual-en-aragon\/#webpage","url":"https:\/\/www.eldigitaldeasturias.com\/noticias\/el-gobierno-de-aragon-impulsara-el-primer-protocolo-en-materia-de-violencia-sexual-en-aragon\/","name":"El Gobierno de Arag\u00f3n impulsar\u00e1 el primer protocolo en materia de violencia sexual en Arag\u00f3n - El Digital de Asturias","description":"El Gobierno de Arag\u00f3n va a impulsar, a partir de enero, la elaboraci\u00f3n del primer protocolo en materia de violencia sexual en Arag\u00f3n y, en colaboraci\u00f3n con la Federaci\u00f3n Aragonesa de Municipios, Comarcas y Provincias (FAMCP), crear\u00e1 la Red Aragonesa de Entidades Locales Libres de Agresiones Sexuales en Arag\u00f3n (RAELLAS). As\u00ed lo ha anunciado hoy","inLanguage":"es-ES","isPartOf":{"@id":"https:\/\/www.eldigitaldeasturias.com\/noticias\/#website"},"breadcrumb":{"@id":"https:\/\/www.eldigitaldeasturias.com\/noticias\/el-gobierno-de-aragon-impulsara-el-primer-protocolo-en-materia-de-violencia-sexual-en-aragon\/#breadcrumblist"},"author":{"@id":"https:\/\/www.eldigitaldeasturias.com\/noticias\/author\/admin\/#author"},"creator":{"@id":"https:\/\/www.eldigitaldeasturias.com\/noticias\/author\/admin\/#author"},"image":{"@type":"ImageObject","url":960814,"@id":"https:\/\/www.eldigitaldeasturias.com\/noticias\/el-gobierno-de-aragon-impulsara-el-primer-protocolo-en-materia-de-violencia-sexual-en-aragon\/#mainImage"},"primaryImageOfPage":{"@id":"https:\/\/www.eldigitaldeasturias.com\/noticias\/el-gobierno-de-aragon-impulsara-el-primer-protocolo-en-materia-de-violencia-sexual-en-aragon\/#mainImage"},"datePublished":"2017-11-22T13:02:41+01:00","dateModified":"2017-11-22T13:02:41+01:00"},{"@type":"WebSite","@id":"https:\/\/www.eldigitaldeasturias.com\/noticias\/#website","url":"https:\/\/www.eldigitaldeasturias.com\/noticias\/","name":"El Digital de Asturias - Diario de actualidad y noticias","alternateName":"El Digital de Asturias - Diario de actualidad y noticias","description":"Hemeroteca","inLanguage":"es-ES","publisher":{"@id":"https:\/\/www.eldigitaldeasturias.com\/noticias\/#organization"}}]},"og:locale":"es_ES","og:site_name":"El Digital de Asturias","og:type":"article","og:title":"El Gobierno de Arag\u00f3n impulsar\u00e1 el primer protocolo en materia de violencia sexual en Arag\u00f3n - El Digital de Asturias","og:description":"El Gobierno de Arag\u00f3n va a impulsar, a partir de enero, la elaboraci\u00f3n del primer protocolo en materia de violencia sexual en Arag\u00f3n y, en colaboraci\u00f3n con la Federaci\u00f3n Aragonesa de Municipios, Comarcas y Provincias (FAMCP), crear\u00e1 la Red Aragonesa de Entidades Locales Libres de Agresiones Sexuales en Arag\u00f3n (RAELLAS). As\u00ed lo ha anunciado hoy","og:url":"https:\/\/www.eldigitaldeasturias.com\/noticias\/el-gobierno-de-aragon-impulsara-el-primer-protocolo-en-materia-de-violencia-sexual-en-aragon\/","article:tag":["actualidad"],"article:published_time":"2017-11-22T13:02:41+00:00","article:modified_time":"2017-11-22T13:02:41+00:00","article:publisher":"https:\/\/facebook.com\/eldigitaldeasturias","twitter:card":"summary_large_image","twitter:title":"El Gobierno de Arag\u00f3n impulsar\u00e1 el primer protocolo en materia de violencia sexual en Arag\u00f3n - El Digital de Asturias","twitter:description":"El Gobierno de Arag\u00f3n va a impulsar, a partir de enero, la elaboraci\u00f3n del primer protocolo en materia de violencia sexual en Arag\u00f3n y, en colaboraci\u00f3n con la Federaci\u00f3n Aragonesa de Municipios, Comarcas y Provincias (FAMCP), crear\u00e1 la Red Aragonesa de Entidades Locales Libres de Agresiones Sexuales en Arag\u00f3n (RAELLAS). As\u00ed lo ha anunciado hoy","twitter:image":"https:\/\/www.eldigitaldeasturias.com\/noticias\/wp-content\/uploads\/2020\/12\/EDA-1.jpg","twitter:label1":"Escrito por","twitter:data1":"El Digital de Asturias","twitter:label2":"Tiempo de lectura estimado","twitter:data2":"5 minutos"},"aioseo_meta_data":{"post_id":"960813","title":null,"description":null,"keywords":null,"keyphrases":null,"primary_term":null,"canonical_url":null,"og_title":null,"og_description":null,"og_object_type":"default","og_image_type":"default","og_image_url":null,"og_image_width":null,"og_image_height":null,"og_image_custom_url":null,"og_image_custom_fields":null,"og_video":null,"og_custom_url":null,"og_article_section":null,"og_article_tags":null,"twitter_use_og":false,"twitter_card":"default","twitter_image_type":"default","twitter_image_url":null,"twitter_image_custom_url":null,"twitter_image_custom_fields":null,"twitter_title":null,"twitter_description":null,"schema":{"blockGraphs":[],"customGraphs":[],"default":{"data":{"Article":[],"Course":[],"Dataset":[],"FAQPage":[],"Movie":[],"Person":[],"Product":[],"ProductReview":[],"Car":[],"Recipe":[],"Service":[],"SoftwareApplication":[],"WebPage":[]},"graphName":"","isEnabled":true},"graphs":[],"defaultGraph":"","defaultPostTypeGraph":""},"schema_type":null,"schema_type_options":null,"pillar_content":false,"robots_default":true,"robots_noindex":false,"robots_noarchive":false,"robots_nosnippet":false,"robots_nofollow":false,"robots_noimageindex":false,"robots_noodp":false,"robots_notranslate":false,"robots_max_snippet":null,"robots_max_videopreview":null,"robots_max_imagepreview":"large","priority":null,"frequency":null,"local_seo":null,"seo_analyzer_scan_date":"2025-12-07 06:40:10","breadcrumb_settings":null,"limit_modified_date":false,"open_ai":null,"ai":null,"created":"2020-12-21 12:50:40","updated":"2025-12-07 06:40:10","focus_keyword":null,"additional_keywords":null,"truseo_locale":null},"aioseo_breadcrumb":"<div class=\"aioseo-breadcrumbs\"><span class=\"aioseo-breadcrumb\">\n\t<a href=\"https:\/\/www.eldigitaldeasturias.com\/noticias\" title=\"Home\">Home<\/a>\n<\/span><span class=\"aioseo-breadcrumb-separator\">\u2013<\/span><span class=\"aioseo-breadcrumb\">\n\t<a href=\"https:\/\/www.eldigitaldeasturias.com\/noticias\/category\/actualidad\/\" title=\"Actualidad\">Actualidad<\/a>\n<\/span><span class=\"aioseo-breadcrumb-separator\">\u2013<\/span><span class=\"aioseo-breadcrumb\">\n\t<a href=\"https:\/\/www.eldigitaldeasturias.com\/noticias\/el-gobierno-de-aragon-impulsara-el-primer-protocolo-en-materia-de-violencia-sexual-en-aragon\/\" title=\"El Gobierno de Arag\u00f3n impulsar\u00e1 el primer protocolo en materia de violencia sexual en Arag\u00f3n\">El Gobierno de Arag\u00f3n impulsar\u00e1 el primer protocolo en materia de violencia sexual en Arag\u00f3n<\/a>\n<\/span><\/div>","aioseo_breadcrumb_json":[{"label":"Home","link":"https:\/\/www.eldigitaldeasturias.com\/noticias"},{"label":"Actualidad","link":"https:\/\/www.eldigitaldeasturias.com\/noticias\/category\/actualidad\/"},{"label":"El Gobierno de Arag\u00f3n impulsar\u00e1 el primer protocolo en materia de violencia sexual en Arag\u00f3n","link":"https:\/\/www.eldigitaldeasturias.com\/noticias\/el-gobierno-de-aragon-impulsara-el-primer-protocolo-en-materia-de-violencia-sexual-en-aragon\/"}],"_links":{"self":[{"href":"https:\/\/www.eldigitaldeasturias.com\/noticias\/wp-json\/wp\/v2\/posts\/960813","targetHints":{"allow":["GET"]}}],"collection":[{"href":"https:\/\/www.eldigitaldeasturias.com\/noticias\/wp-json\/wp\/v2\/posts"}],"about":[{"href":"https:\/\/www.eldigitaldeasturias.com\/noticias\/wp-json\/wp\/v2\/types\/post"}],"author":[{"embeddable":true,"href":"https:\/\/www.eldigitaldeasturias.com\/noticias\/wp-json\/wp\/v2\/users\/1"}],"replies":[{"embeddable":true,"href":"https:\/\/www.eldigitaldeasturias.com\/noticias\/wp-json\/wp\/v2\/comments?post=960813"}],"version-history":[{"count":0,"href":"https:\/\/www.eldigitaldeasturias.com\/noticias\/wp-json\/wp\/v2\/posts\/960813\/revisions"}],"wp:attachment":[{"href":"https:\/\/www.eldigitaldeasturias.com\/noticias\/wp-json\/wp\/v2\/media?parent=960813"}],"wp:term":[{"taxonomy":"category","embeddable":true,"href":"https:\/\/www.eldigitaldeasturias.com\/noticias\/wp-json\/wp\/v2\/categories?post=960813"},{"taxonomy":"post_tag","embeddable":true,"href":"https:\/\/www.eldigitaldeasturias.com\/noticias\/wp-json\/wp\/v2\/tags?post=960813"}],"curies":[{"name":"wp","href":"https:\/\/api.w.org\/{rel}","templated":true}]}}