{"id":960797,"date":"2017-11-22T12:53:10","date_gmt":"2017-11-22T12:53:10","guid":{"rendered":"http:\/\/www.eldigitaldeasturias.com\/noticias\/?p=960797"},"modified":"2017-11-22T12:53:10","modified_gmt":"2017-11-22T12:53:10","slug":"la-arquitecta-ester-bellon-trae-el-lujo-a-banium","status":"publish","type":"post","link":"https:\/\/www.eldigitaldeasturias.com\/noticias\/la-arquitecta-ester-bellon-trae-el-lujo-a-banium\/","title":{"rendered":"La arquitecta Ester Bell\u00f3n trae el lujo a Banium"},"content":{"rendered":"<p><strong><img loading=\"lazy\" decoding=\"async\" class=\"alignleft size-medium wp-image-960798\" src=\"https:\/\/www.eldigitaldeasturias.com\/noticias\/wp-content\/uploads\/2017\/11\/1511295119_Ester_Bell_n-193x320.jpg\" alt=\"\" width=\"193\" height=\"320\" srcset=\"https:\/\/www.eldigitaldeasturias.com\/noticias\/wp-content\/uploads\/2017\/11\/1511295119_Ester_Bell_n-193x320.jpg 193w, https:\/\/www.eldigitaldeasturias.com\/noticias\/wp-content\/uploads\/2017\/11\/1511295119_Ester_Bell_n-289x480.jpg 289w, https:\/\/www.eldigitaldeasturias.com\/noticias\/wp-content\/uploads\/2017\/11\/1511295119_Ester_Bell_n.jpg 512w\" sizes=\"auto, (max-width: 193px) 100vw, 193px\" \/>Banium ha presentado una nueva colecci\u00f3n con productos de lujo para el cuarto de ba\u00f1o.\u00a0<\/strong>Bajo el nombre &#8216;Siente la distinci\u00f3n del lujo&#8217; el nuevo escaparate de Banium cuenta con productos destacados de firmas como Sanycces, Grohe, Bathco y Grohe. Todos estos productos est\u00e1n disponibles sin IVA y con financiaci\u00f3n sin intereses solo por tiempo limitado.<\/p>\n<p>Con motivo de la inauguraci\u00f3n de este nuevo escaparate, la\u00a0<a href=\"https:\/\/www.banium.com\/\" target=\"_blank\" rel=\"nofollow noopener\"><span style=\"color: #ff6600;\"><strong>plataforma online<\/strong> <strong>Banium<\/strong><\/span><\/a>\u00a0ha contado con la arquitecta e influencer Ester Bell\u00f3n, creadora del blog Mi Armario en Ruinas como imagen de marca. Ella misma ha podido disfrutar de las ventajas de uno de los grifos Essence que Grohe tiene disponibles en el escaparate.<\/p>\n<p>Ba\u00f1eras exentas de Solid Surface son uno de los productos estrella de este escaparate. Con diferentes formas, grifer\u00edas y acabados antideslizantes, estas ba\u00f1eras son piezas para darse ba\u00f1os relajantes en el cuarto de ba\u00f1o. A su vez, tambi\u00e9n cuenta con lavabos de la misma firma con un dise\u00f1o exquisitamente cuidado.<\/p>\n<p>Por otro lado, la firma Bathco tambi\u00e9n est\u00e1 presente en este escaparate con dos lavabos de dise\u00f1o con pedestal. Se trata de dos piezas inimitables que saben marcar la diferencia en el cuarto de ba\u00f1o.<\/p>\n<p>Grohe tambi\u00e9n tiene presencia en este escaparate con cuatro piezas de grifer\u00eda, entre ellas, dos grifos de la reconocida serie Essence.<\/p>\n<p>Por \u00faltimo, la otra firma que cierra este escaparate es Roca. La reconocida empresa cuenta con el inodoro In-Wash, un inodoro bidet inteligente digno de los mejores cuartos de ba\u00f1o. Adem\u00e1s, tambi\u00e9n est\u00e1 disponible la ba\u00f1era acr\u00edlica oval Georgia, perfecta para ba\u00f1os revitalizantes.<\/p>\n<p><strong>V\u00eddeo promocional <a href=\"https:\/\/www.youtube.com\/watch?v=IcyC_9Z0-XM\" target=\"_blank\" rel=\"noopener\"><span style=\"color: #ff6600;\">aqu\u00ed<\/span><\/a><\/strong><\/p>\n<p><strong>Sobre Banium<\/strong><\/p>\n<p>Banium es la plataforma online l\u00edder en reformas y dise\u00f1os de cuartos de ba\u00f1os. Banium ofrece todas las posibilidades para conseguir el cuarto de ba\u00f1o de ideal. Dispone de un modelador 3D para poder dise\u00f1ar el ba\u00f1o, un presupuestador online autom\u00e1tico para reformas del cuarto de ba\u00f1o y una tienda online con m\u00e1s de 13.000 referencias de los principales fabricantes del sector.<\/p>\n","protected":false},"excerpt":{"rendered":"<p>Banium ha presentado una nueva colecci\u00f3n con productos de lujo para el cuarto de ba\u00f1o.\u00a0Bajo el nombre &#8216;Siente la distinci\u00f3n del lujo&#8217; el nuevo escaparate de Banium cuenta con productos destacados de firmas como Sanycces, Grohe, Bathco y Grohe. Todos estos productos est\u00e1n disponibles sin IVA y con financiaci\u00f3n sin intereses solo por tiempo limitado. [&hellip;]<\/p>\n","protected":false},"author":1,"featured_media":960798,"comment_status":"closed","ping_status":"closed","sticky":false,"template":"","format":"standard","meta":{"footnotes":""},"categories":[187],"tags":[],"class_list":["post-960797","post","type-post","status-publish","format-standard","has-post-thumbnail","hentry","category-economia"],"aioseo_notices":[],"aioseo_head":"\n\t\t<!-- All in One SEO Pro 4.9.6.2 - aioseo.com -->\n\t<meta name=\"description\" content=\"Banium ha presentado una nueva colecci\u00f3n con productos de lujo para el cuarto de ba\u00f1o. Bajo el nombre &#039;Siente la distinci\u00f3n del lujo&#039; el nuevo escaparate de Banium cuenta con productos destacados de firmas como Sanycces, Grohe, Bathco y Grohe. Todos estos productos est\u00e1n disponibles sin IVA y con financiaci\u00f3n sin intereses solo por tiempo limitado.\" \/>\n\t<meta name=\"robots\" content=\"max-image-preview:large\" \/>\n\t<meta name=\"author\" content=\"El Digital de Asturias\"\/>\n\t<meta name=\"google-site-verification\" content=\"UA-38556648-1\" \/>\n\t<meta name=\"msvalidate.01\" content=\"7dfe9f3f1b24437ab69f4f2559babe99\" \/>\n\t<meta name=\"keywords\" content=\"econom\u00eda\" \/>\n\t<link rel=\"canonical\" href=\"https:\/\/www.eldigitaldeasturias.com\/noticias\/la-arquitecta-ester-bellon-trae-el-lujo-a-banium\/\" \/>\n\t<meta name=\"generator\" content=\"All in One SEO Pro (AIOSEO) 4.9.6.2\" \/>\n\t\t<meta property=\"og:locale\" content=\"es_ES\" \/>\n\t\t<meta property=\"og:site_name\" content=\"El Digital de Asturias\" \/>\n\t\t<meta property=\"og:type\" content=\"article\" \/>\n\t\t<meta property=\"og:title\" content=\"La arquitecta Ester Bell\u00f3n trae el lujo a Banium - El Digital de Asturias\" \/>\n\t\t<meta property=\"og:description\" content=\"Banium ha presentado una nueva colecci\u00f3n con productos de lujo para el cuarto de ba\u00f1o. Bajo el nombre &#039;Siente la distinci\u00f3n del lujo&#039; el nuevo escaparate de Banium cuenta con productos destacados de firmas como Sanycces, Grohe, Bathco y Grohe. Todos estos productos est\u00e1n disponibles sin IVA y con financiaci\u00f3n sin intereses solo por tiempo limitado.\" \/>\n\t\t<meta property=\"og:url\" content=\"https:\/\/www.eldigitaldeasturias.com\/noticias\/la-arquitecta-ester-bellon-trae-el-lujo-a-banium\/\" \/>\n\t\t<meta property=\"og:image\" content=\"https:\/\/www.eldigitaldeasturias.com\/noticias\/wp-content\/uploads\/2017\/11\/1511295119_Ester_Bell_n.jpg\" \/>\n\t\t<meta property=\"og:image:secure_url\" content=\"https:\/\/www.eldigitaldeasturias.com\/noticias\/wp-content\/uploads\/2017\/11\/1511295119_Ester_Bell_n.jpg\" \/>\n\t\t<meta property=\"og:image:width\" content=\"512\" \/>\n\t\t<meta property=\"og:image:height\" content=\"851\" \/>\n\t\t<meta property=\"article:tag\" content=\"econom\u00eda\" \/>\n\t\t<meta property=\"article:published_time\" content=\"2017-11-22T12:53:10+00:00\" \/>\n\t\t<meta property=\"article:modified_time\" content=\"2017-11-22T12:53:10+00:00\" \/>\n\t\t<meta property=\"article:publisher\" content=\"https:\/\/facebook.com\/eldigitaldeasturias\" \/>\n\t\t<meta name=\"twitter:card\" content=\"summary_large_image\" \/>\n\t\t<meta name=\"twitter:title\" content=\"La arquitecta Ester Bell\u00f3n trae el lujo a Banium - El Digital de Asturias\" \/>\n\t\t<meta name=\"twitter:description\" content=\"Banium ha presentado una nueva colecci\u00f3n con productos de lujo para el cuarto de ba\u00f1o. Bajo el nombre &#039;Siente la distinci\u00f3n del lujo&#039; el nuevo escaparate de Banium cuenta con productos destacados de firmas como Sanycces, Grohe, Bathco y Grohe. Todos estos productos est\u00e1n disponibles sin IVA y con financiaci\u00f3n sin intereses solo por tiempo limitado.\" \/>\n\t\t<meta name=\"twitter:image\" content=\"https:\/\/www.eldigitaldeasturias.com\/noticias\/wp-content\/uploads\/2017\/11\/1511295119_Ester_Bell_n.jpg\" \/>\n\t\t<meta name=\"twitter:label1\" content=\"Escrito por\" \/>\n\t\t<meta name=\"twitter:data1\" content=\"El Digital de Asturias\" \/>\n\t\t<meta name=\"twitter:label2\" content=\"Tiempo de lectura estimado\" \/>\n\t\t<meta name=\"twitter:data2\" content=\"2 minutos\" \/>\n\t\t<script type=\"application\/ld+json\" class=\"aioseo-schema\">\n\t\t\t{\"@context\":\"https:\\\/\\\/schema.org\",\"@graph\":[{\"@type\":\"BlogPosting\",\"@id\":\"https:\\\/\\\/www.eldigitaldeasturias.com\\\/noticias\\\/la-arquitecta-ester-bellon-trae-el-lujo-a-banium\\\/#blogposting\",\"name\":\"La arquitecta Ester Bell\\u00f3n trae el lujo a Banium - El Digital de Asturias\",\"headline\":\"La arquitecta Ester Bell\\u00f3n trae el lujo a Banium\",\"author\":{\"@id\":\"https:\\\/\\\/www.eldigitaldeasturias.com\\\/noticias\\\/author\\\/admin\\\/#author\"},\"publisher\":{\"@id\":\"https:\\\/\\\/www.eldigitaldeasturias.com\\\/noticias\\\/#organization\"},\"image\":{\"@type\":\"ImageObject\",\"url\":\"https:\\\/\\\/www.eldigitaldeasturias.com\\\/noticias\\\/wp-content\\\/uploads\\\/2017\\\/11\\\/1511295119_Ester_Bell_n.jpg\",\"width\":512,\"height\":851},\"datePublished\":\"2017-11-22T12:53:10+01:00\",\"dateModified\":\"2017-11-22T12:53:10+01:00\",\"inLanguage\":\"es-ES\",\"mainEntityOfPage\":{\"@id\":\"https:\\\/\\\/www.eldigitaldeasturias.com\\\/noticias\\\/la-arquitecta-ester-bellon-trae-el-lujo-a-banium\\\/#webpage\"},\"isPartOf\":{\"@id\":\"https:\\\/\\\/www.eldigitaldeasturias.com\\\/noticias\\\/la-arquitecta-ester-bellon-trae-el-lujo-a-banium\\\/#webpage\"},\"articleSection\":\"Econom\\u00eda\"},{\"@type\":\"BreadcrumbList\",\"@id\":\"https:\\\/\\\/www.eldigitaldeasturias.com\\\/noticias\\\/la-arquitecta-ester-bellon-trae-el-lujo-a-banium\\\/#breadcrumblist\",\"itemListElement\":[{\"@type\":\"ListItem\",\"@id\":\"https:\\\/\\\/www.eldigitaldeasturias.com\\\/noticias#listItem\",\"position\":1,\"name\":\"Home\",\"item\":\"https:\\\/\\\/www.eldigitaldeasturias.com\\\/noticias\",\"nextItem\":{\"@type\":\"ListItem\",\"@id\":\"https:\\\/\\\/www.eldigitaldeasturias.com\\\/noticias\\\/category\\\/economia\\\/#listItem\",\"name\":\"Econom\\u00eda\"}},{\"@type\":\"ListItem\",\"@id\":\"https:\\\/\\\/www.eldigitaldeasturias.com\\\/noticias\\\/category\\\/economia\\\/#listItem\",\"position\":2,\"name\":\"Econom\\u00eda\",\"item\":\"https:\\\/\\\/www.eldigitaldeasturias.com\\\/noticias\\\/category\\\/economia\\\/\",\"nextItem\":{\"@type\":\"ListItem\",\"@id\":\"https:\\\/\\\/www.eldigitaldeasturias.com\\\/noticias\\\/la-arquitecta-ester-bellon-trae-el-lujo-a-banium\\\/#listItem\",\"name\":\"La arquitecta Ester Bell\\u00f3n trae el lujo a Banium\"},\"previousItem\":{\"@type\":\"ListItem\",\"@id\":\"https:\\\/\\\/www.eldigitaldeasturias.com\\\/noticias#listItem\",\"name\":\"Home\"}},{\"@type\":\"ListItem\",\"@id\":\"https:\\\/\\\/www.eldigitaldeasturias.com\\\/noticias\\\/la-arquitecta-ester-bellon-trae-el-lujo-a-banium\\\/#listItem\",\"position\":3,\"name\":\"La arquitecta Ester Bell\\u00f3n trae el lujo a Banium\",\"previousItem\":{\"@type\":\"ListItem\",\"@id\":\"https:\\\/\\\/www.eldigitaldeasturias.com\\\/noticias\\\/category\\\/economia\\\/#listItem\",\"name\":\"Econom\\u00eda\"}}]},{\"@type\":\"Organization\",\"@id\":\"https:\\\/\\\/www.eldigitaldeasturias.com\\\/noticias\\\/#organization\",\"name\":\"El Digital de Asturias\",\"description\":\"Hemeroteca\",\"url\":\"https:\\\/\\\/www.eldigitaldeasturias.com\\\/noticias\\\/\",\"email\":\"info@eldigitaldeasturias.com\",\"telephone\":\"+34652131393\",\"logo\":{\"@type\":\"ImageObject\",\"url\":\"https:\\\/\\\/www.eldigitaldeasturias.com\\\/noticias\\\/wp-content\\\/uploads\\\/2020\\\/12\\\/EDA.jpg\",\"@id\":\"https:\\\/\\\/www.eldigitaldeasturias.com\\\/noticias\\\/la-arquitecta-ester-bellon-trae-el-lujo-a-banium\\\/#organizationLogo\",\"width\":649,\"height\":297},\"image\":{\"@id\":\"https:\\\/\\\/www.eldigitaldeasturias.com\\\/noticias\\\/la-arquitecta-ester-bellon-trae-el-lujo-a-banium\\\/#organizationLogo\"},\"sameAs\":[\"https:\\\/\\\/facebook.com\\\/eldigitaldeasturias\",\"https:\\\/\\\/www.youtube.com\\\/channel\\\/UCZP-2wLEB9Rv6erhFmqVnvg\"],\"address\":{\"@id\":\"https:\\\/\\\/www.eldigitaldeasturias.com\\\/noticias\\\/#postaladdress\",\"@type\":\"PostalAddress\",\"streetAddress\":\"san antonio 4,\",\"postalCode\":\"33430\",\"addressLocality\":\"Cand\\u00e1s\",\"addressRegion\":\"Asturias\",\"addressCountry\":\"ES\"}},{\"@type\":\"Person\",\"@id\":\"https:\\\/\\\/www.eldigitaldeasturias.com\\\/noticias\\\/author\\\/admin\\\/#author\",\"url\":\"https:\\\/\\\/www.eldigitaldeasturias.com\\\/noticias\\\/author\\\/admin\\\/\",\"name\":\"El Digital de Asturias\",\"image\":{\"@type\":\"ImageObject\",\"@id\":\"https:\\\/\\\/www.eldigitaldeasturias.com\\\/noticias\\\/la-arquitecta-ester-bellon-trae-el-lujo-a-banium\\\/#authorImage\",\"url\":\"https:\\\/\\\/www.eldigitaldeasturias.com\\\/noticias\\\/wp-content\\\/litespeed\\\/avatar\\\/18677e78aa0546b92d9dbf31ec7d7668.jpg?ver=1776685526\",\"width\":96,\"height\":96,\"caption\":\"El Digital de Asturias\"}},{\"@type\":\"WebPage\",\"@id\":\"https:\\\/\\\/www.eldigitaldeasturias.com\\\/noticias\\\/la-arquitecta-ester-bellon-trae-el-lujo-a-banium\\\/#webpage\",\"url\":\"https:\\\/\\\/www.eldigitaldeasturias.com\\\/noticias\\\/la-arquitecta-ester-bellon-trae-el-lujo-a-banium\\\/\",\"name\":\"La arquitecta Ester Bell\\u00f3n trae el lujo a Banium - El Digital de Asturias\",\"description\":\"Banium ha presentado una nueva colecci\\u00f3n con productos de lujo para el cuarto de ba\\u00f1o. Bajo el nombre 'Siente la distinci\\u00f3n del lujo' el nuevo escaparate de Banium cuenta con productos destacados de firmas como Sanycces, Grohe, Bathco y Grohe. Todos estos productos est\\u00e1n disponibles sin IVA y con financiaci\\u00f3n sin intereses solo por tiempo limitado.\",\"inLanguage\":\"es-ES\",\"isPartOf\":{\"@id\":\"https:\\\/\\\/www.eldigitaldeasturias.com\\\/noticias\\\/#website\"},\"breadcrumb\":{\"@id\":\"https:\\\/\\\/www.eldigitaldeasturias.com\\\/noticias\\\/la-arquitecta-ester-bellon-trae-el-lujo-a-banium\\\/#breadcrumblist\"},\"author\":{\"@id\":\"https:\\\/\\\/www.eldigitaldeasturias.com\\\/noticias\\\/author\\\/admin\\\/#author\"},\"creator\":{\"@id\":\"https:\\\/\\\/www.eldigitaldeasturias.com\\\/noticias\\\/author\\\/admin\\\/#author\"},\"image\":{\"@type\":\"ImageObject\",\"url\":\"https:\\\/\\\/www.eldigitaldeasturias.com\\\/noticias\\\/wp-content\\\/uploads\\\/2017\\\/11\\\/1511295119_Ester_Bell_n.jpg\",\"@id\":\"https:\\\/\\\/www.eldigitaldeasturias.com\\\/noticias\\\/la-arquitecta-ester-bellon-trae-el-lujo-a-banium\\\/#mainImage\",\"width\":512,\"height\":851},\"primaryImageOfPage\":{\"@id\":\"https:\\\/\\\/www.eldigitaldeasturias.com\\\/noticias\\\/la-arquitecta-ester-bellon-trae-el-lujo-a-banium\\\/#mainImage\"},\"datePublished\":\"2017-11-22T12:53:10+01:00\",\"dateModified\":\"2017-11-22T12:53:10+01:00\"},{\"@type\":\"WebSite\",\"@id\":\"https:\\\/\\\/www.eldigitaldeasturias.com\\\/noticias\\\/#website\",\"url\":\"https:\\\/\\\/www.eldigitaldeasturias.com\\\/noticias\\\/\",\"name\":\"El Digital de Asturias - Diario de actualidad y noticias\",\"alternateName\":\"El Digital de Asturias - Diario de actualidad y noticias\",\"description\":\"Hemeroteca\",\"inLanguage\":\"es-ES\",\"publisher\":{\"@id\":\"https:\\\/\\\/www.eldigitaldeasturias.com\\\/noticias\\\/#organization\"}}]}\n\t\t<\/script>\n\t\t<!-- All in One SEO Pro -->\r\n\t\t<title>La arquitecta Ester Bell\u00f3n trae el lujo a Banium - El Digital de Asturias<\/title>\n\n","aioseo_head_json":{"title":"La arquitecta Ester Bell\u00f3n trae el lujo a Banium - El Digital de Asturias","description":"Banium ha presentado una nueva colecci\u00f3n con productos de lujo para el cuarto de ba\u00f1o. Bajo el nombre 'Siente la distinci\u00f3n del lujo' el nuevo escaparate de Banium cuenta con productos destacados de firmas como Sanycces, Grohe, Bathco y Grohe. Todos estos productos est\u00e1n disponibles sin IVA y con financiaci\u00f3n sin intereses solo por tiempo limitado.","canonical_url":"https:\/\/www.eldigitaldeasturias.com\/noticias\/la-arquitecta-ester-bellon-trae-el-lujo-a-banium\/","robots":"max-image-preview:large","keywords":"econom\u00eda","webmasterTools":{"google-site-verification":"UA-38556648-1","msvalidate.01":"7dfe9f3f1b24437ab69f4f2559babe99","miscellaneous":""},"schema":{"@context":"https:\/\/schema.org","@graph":[{"@type":"BlogPosting","@id":"https:\/\/www.eldigitaldeasturias.com\/noticias\/la-arquitecta-ester-bellon-trae-el-lujo-a-banium\/#blogposting","name":"La arquitecta Ester Bell\u00f3n trae el lujo a Banium - El Digital de Asturias","headline":"La arquitecta Ester Bell\u00f3n trae el lujo a Banium","author":{"@id":"https:\/\/www.eldigitaldeasturias.com\/noticias\/author\/admin\/#author"},"publisher":{"@id":"https:\/\/www.eldigitaldeasturias.com\/noticias\/#organization"},"image":{"@type":"ImageObject","url":"https:\/\/www.eldigitaldeasturias.com\/noticias\/wp-content\/uploads\/2017\/11\/1511295119_Ester_Bell_n.jpg","width":512,"height":851},"datePublished":"2017-11-22T12:53:10+01:00","dateModified":"2017-11-22T12:53:10+01:00","inLanguage":"es-ES","mainEntityOfPage":{"@id":"https:\/\/www.eldigitaldeasturias.com\/noticias\/la-arquitecta-ester-bellon-trae-el-lujo-a-banium\/#webpage"},"isPartOf":{"@id":"https:\/\/www.eldigitaldeasturias.com\/noticias\/la-arquitecta-ester-bellon-trae-el-lujo-a-banium\/#webpage"},"articleSection":"Econom\u00eda"},{"@type":"BreadcrumbList","@id":"https:\/\/www.eldigitaldeasturias.com\/noticias\/la-arquitecta-ester-bellon-trae-el-lujo-a-banium\/#breadcrumblist","itemListElement":[{"@type":"ListItem","@id":"https:\/\/www.eldigitaldeasturias.com\/noticias#listItem","position":1,"name":"Home","item":"https:\/\/www.eldigitaldeasturias.com\/noticias","nextItem":{"@type":"ListItem","@id":"https:\/\/www.eldigitaldeasturias.com\/noticias\/category\/economia\/#listItem","name":"Econom\u00eda"}},{"@type":"ListItem","@id":"https:\/\/www.eldigitaldeasturias.com\/noticias\/category\/economia\/#listItem","position":2,"name":"Econom\u00eda","item":"https:\/\/www.eldigitaldeasturias.com\/noticias\/category\/economia\/","nextItem":{"@type":"ListItem","@id":"https:\/\/www.eldigitaldeasturias.com\/noticias\/la-arquitecta-ester-bellon-trae-el-lujo-a-banium\/#listItem","name":"La arquitecta Ester Bell\u00f3n trae el lujo a Banium"},"previousItem":{"@type":"ListItem","@id":"https:\/\/www.eldigitaldeasturias.com\/noticias#listItem","name":"Home"}},{"@type":"ListItem","@id":"https:\/\/www.eldigitaldeasturias.com\/noticias\/la-arquitecta-ester-bellon-trae-el-lujo-a-banium\/#listItem","position":3,"name":"La arquitecta Ester Bell\u00f3n trae el lujo a Banium","previousItem":{"@type":"ListItem","@id":"https:\/\/www.eldigitaldeasturias.com\/noticias\/category\/economia\/#listItem","name":"Econom\u00eda"}}]},{"@type":"Organization","@id":"https:\/\/www.eldigitaldeasturias.com\/noticias\/#organization","name":"El Digital de Asturias","description":"Hemeroteca","url":"https:\/\/www.eldigitaldeasturias.com\/noticias\/","email":"info@eldigitaldeasturias.com","telephone":"+34652131393","logo":{"@type":"ImageObject","url":"https:\/\/www.eldigitaldeasturias.com\/noticias\/wp-content\/uploads\/2020\/12\/EDA.jpg","@id":"https:\/\/www.eldigitaldeasturias.com\/noticias\/la-arquitecta-ester-bellon-trae-el-lujo-a-banium\/#organizationLogo","width":649,"height":297},"image":{"@id":"https:\/\/www.eldigitaldeasturias.com\/noticias\/la-arquitecta-ester-bellon-trae-el-lujo-a-banium\/#organizationLogo"},"sameAs":["https:\/\/facebook.com\/eldigitaldeasturias","https:\/\/www.youtube.com\/channel\/UCZP-2wLEB9Rv6erhFmqVnvg"],"address":{"@id":"https:\/\/www.eldigitaldeasturias.com\/noticias\/#postaladdress","@type":"PostalAddress","streetAddress":"san antonio 4,","postalCode":"33430","addressLocality":"Cand\u00e1s","addressRegion":"Asturias","addressCountry":"ES"}},{"@type":"Person","@id":"https:\/\/www.eldigitaldeasturias.com\/noticias\/author\/admin\/#author","url":"https:\/\/www.eldigitaldeasturias.com\/noticias\/author\/admin\/","name":"El Digital de Asturias","image":{"@type":"ImageObject","@id":"https:\/\/www.eldigitaldeasturias.com\/noticias\/la-arquitecta-ester-bellon-trae-el-lujo-a-banium\/#authorImage","url":"https:\/\/www.eldigitaldeasturias.com\/noticias\/wp-content\/litespeed\/avatar\/18677e78aa0546b92d9dbf31ec7d7668.jpg?ver=1776685526","width":96,"height":96,"caption":"El Digital de Asturias"}},{"@type":"WebPage","@id":"https:\/\/www.eldigitaldeasturias.com\/noticias\/la-arquitecta-ester-bellon-trae-el-lujo-a-banium\/#webpage","url":"https:\/\/www.eldigitaldeasturias.com\/noticias\/la-arquitecta-ester-bellon-trae-el-lujo-a-banium\/","name":"La arquitecta Ester Bell\u00f3n trae el lujo a Banium - El Digital de Asturias","description":"Banium ha presentado una nueva colecci\u00f3n con productos de lujo para el cuarto de ba\u00f1o. Bajo el nombre 'Siente la distinci\u00f3n del lujo' el nuevo escaparate de Banium cuenta con productos destacados de firmas como Sanycces, Grohe, Bathco y Grohe. Todos estos productos est\u00e1n disponibles sin IVA y con financiaci\u00f3n sin intereses solo por tiempo limitado.","inLanguage":"es-ES","isPartOf":{"@id":"https:\/\/www.eldigitaldeasturias.com\/noticias\/#website"},"breadcrumb":{"@id":"https:\/\/www.eldigitaldeasturias.com\/noticias\/la-arquitecta-ester-bellon-trae-el-lujo-a-banium\/#breadcrumblist"},"author":{"@id":"https:\/\/www.eldigitaldeasturias.com\/noticias\/author\/admin\/#author"},"creator":{"@id":"https:\/\/www.eldigitaldeasturias.com\/noticias\/author\/admin\/#author"},"image":{"@type":"ImageObject","url":"https:\/\/www.eldigitaldeasturias.com\/noticias\/wp-content\/uploads\/2017\/11\/1511295119_Ester_Bell_n.jpg","@id":"https:\/\/www.eldigitaldeasturias.com\/noticias\/la-arquitecta-ester-bellon-trae-el-lujo-a-banium\/#mainImage","width":512,"height":851},"primaryImageOfPage":{"@id":"https:\/\/www.eldigitaldeasturias.com\/noticias\/la-arquitecta-ester-bellon-trae-el-lujo-a-banium\/#mainImage"},"datePublished":"2017-11-22T12:53:10+01:00","dateModified":"2017-11-22T12:53:10+01:00"},{"@type":"WebSite","@id":"https:\/\/www.eldigitaldeasturias.com\/noticias\/#website","url":"https:\/\/www.eldigitaldeasturias.com\/noticias\/","name":"El Digital de Asturias - Diario de actualidad y noticias","alternateName":"El Digital de Asturias - Diario de actualidad y noticias","description":"Hemeroteca","inLanguage":"es-ES","publisher":{"@id":"https:\/\/www.eldigitaldeasturias.com\/noticias\/#organization"}}]},"og:locale":"es_ES","og:site_name":"El Digital de Asturias","og:type":"article","og:title":"La arquitecta Ester Bell\u00f3n trae el lujo a Banium - El Digital de Asturias","og:description":"Banium ha presentado una nueva colecci\u00f3n con productos de lujo para el cuarto de ba\u00f1o. Bajo el nombre 'Siente la distinci\u00f3n del lujo' el nuevo escaparate de Banium cuenta con productos destacados de firmas como Sanycces, Grohe, Bathco y Grohe. Todos estos productos est\u00e1n disponibles sin IVA y con financiaci\u00f3n sin intereses solo por tiempo limitado.","og:url":"https:\/\/www.eldigitaldeasturias.com\/noticias\/la-arquitecta-ester-bellon-trae-el-lujo-a-banium\/","og:image":"https:\/\/www.eldigitaldeasturias.com\/noticias\/wp-content\/uploads\/2017\/11\/1511295119_Ester_Bell_n.jpg","og:image:secure_url":"https:\/\/www.eldigitaldeasturias.com\/noticias\/wp-content\/uploads\/2017\/11\/1511295119_Ester_Bell_n.jpg","og:image:width":512,"og:image:height":851,"article:tag":["econom\u00eda"],"article:published_time":"2017-11-22T12:53:10+00:00","article:modified_time":"2017-11-22T12:53:10+00:00","article:publisher":"https:\/\/facebook.com\/eldigitaldeasturias","twitter:card":"summary_large_image","twitter:title":"La arquitecta Ester Bell\u00f3n trae el lujo a Banium - El Digital de Asturias","twitter:description":"Banium ha presentado una nueva colecci\u00f3n con productos de lujo para el cuarto de ba\u00f1o. Bajo el nombre 'Siente la distinci\u00f3n del lujo' el nuevo escaparate de Banium cuenta con productos destacados de firmas como Sanycces, Grohe, Bathco y Grohe. Todos estos productos est\u00e1n disponibles sin IVA y con financiaci\u00f3n sin intereses solo por tiempo limitado.","twitter:image":"https:\/\/www.eldigitaldeasturias.com\/noticias\/wp-content\/uploads\/2017\/11\/1511295119_Ester_Bell_n.jpg","twitter:label1":"Escrito por","twitter:data1":"El Digital de Asturias","twitter:label2":"Tiempo de lectura estimado","twitter:data2":"2 minutos"},"aioseo_meta_data":{"post_id":"960797","title":null,"description":null,"keywords":null,"keyphrases":null,"primary_term":null,"canonical_url":null,"og_title":null,"og_description":null,"og_object_type":"default","og_image_type":"default","og_image_url":null,"og_image_width":null,"og_image_height":null,"og_image_custom_url":null,"og_image_custom_fields":null,"og_video":null,"og_custom_url":null,"og_article_section":null,"og_article_tags":null,"twitter_use_og":false,"twitter_card":"default","twitter_image_type":"default","twitter_image_url":null,"twitter_image_custom_url":null,"twitter_image_custom_fields":null,"twitter_title":null,"twitter_description":null,"schema":{"blockGraphs":[],"customGraphs":[],"default":{"data":{"Article":[],"Course":[],"Dataset":[],"FAQPage":[],"Movie":[],"Person":[],"Product":[],"ProductReview":[],"Car":[],"Recipe":[],"Service":[],"SoftwareApplication":[],"WebPage":[]},"graphName":"","isEnabled":true},"graphs":[],"defaultGraph":"","defaultPostTypeGraph":""},"schema_type":null,"schema_type_options":null,"pillar_content":false,"robots_default":true,"robots_noindex":false,"robots_noarchive":false,"robots_nosnippet":false,"robots_nofollow":false,"robots_noimageindex":false,"robots_noodp":false,"robots_notranslate":false,"robots_max_snippet":null,"robots_max_videopreview":null,"robots_max_imagepreview":"large","priority":null,"frequency":null,"local_seo":null,"seo_analyzer_scan_date":"2025-12-07 06:36:09","breadcrumb_settings":null,"limit_modified_date":false,"open_ai":null,"ai":null,"created":"2020-12-21 12:50:40","updated":"2025-12-07 06:36:09"},"aioseo_breadcrumb":"<div class=\"aioseo-breadcrumbs\"><span class=\"aioseo-breadcrumb\">\n\t<a href=\"https:\/\/www.eldigitaldeasturias.com\/noticias\" title=\"Home\">Home<\/a>\n<\/span><span class=\"aioseo-breadcrumb-separator\">\u2013<\/span><span class=\"aioseo-breadcrumb\">\n\t<a href=\"https:\/\/www.eldigitaldeasturias.com\/noticias\/category\/economia\/\" title=\"Econom\u00eda\">Econom\u00eda<\/a>\n<\/span><span class=\"aioseo-breadcrumb-separator\">\u2013<\/span><span class=\"aioseo-breadcrumb\">\n\t<a href=\"https:\/\/www.eldigitaldeasturias.com\/noticias\/la-arquitecta-ester-bellon-trae-el-lujo-a-banium\/\" title=\"La arquitecta Ester Bell\u00f3n trae el lujo a Banium\">La arquitecta Ester Bell\u00f3n trae el lujo a Banium<\/a>\n<\/span><\/div>","aioseo_breadcrumb_json":[{"label":"Home","link":"https:\/\/www.eldigitaldeasturias.com\/noticias"},{"label":"Econom\u00eda","link":"https:\/\/www.eldigitaldeasturias.com\/noticias\/category\/economia\/"},{"label":"La arquitecta Ester Bell\u00f3n trae el lujo a Banium","link":"https:\/\/www.eldigitaldeasturias.com\/noticias\/la-arquitecta-ester-bellon-trae-el-lujo-a-banium\/"}],"_links":{"self":[{"href":"https:\/\/www.eldigitaldeasturias.com\/noticias\/wp-json\/wp\/v2\/posts\/960797","targetHints":{"allow":["GET"]}}],"collection":[{"href":"https:\/\/www.eldigitaldeasturias.com\/noticias\/wp-json\/wp\/v2\/posts"}],"about":[{"href":"https:\/\/www.eldigitaldeasturias.com\/noticias\/wp-json\/wp\/v2\/types\/post"}],"author":[{"embeddable":true,"href":"https:\/\/www.eldigitaldeasturias.com\/noticias\/wp-json\/wp\/v2\/users\/1"}],"replies":[{"embeddable":true,"href":"https:\/\/www.eldigitaldeasturias.com\/noticias\/wp-json\/wp\/v2\/comments?post=960797"}],"version-history":[{"count":0,"href":"https:\/\/www.eldigitaldeasturias.com\/noticias\/wp-json\/wp\/v2\/posts\/960797\/revisions"}],"wp:featuredmedia":[{"embeddable":true,"href":"https:\/\/www.eldigitaldeasturias.com\/noticias\/wp-json\/wp\/v2\/media\/960798"}],"wp:attachment":[{"href":"https:\/\/www.eldigitaldeasturias.com\/noticias\/wp-json\/wp\/v2\/media?parent=960797"}],"wp:term":[{"taxonomy":"category","embeddable":true,"href":"https:\/\/www.eldigitaldeasturias.com\/noticias\/wp-json\/wp\/v2\/categories?post=960797"},{"taxonomy":"post_tag","embeddable":true,"href":"https:\/\/www.eldigitaldeasturias.com\/noticias\/wp-json\/wp\/v2\/tags?post=960797"}],"curies":[{"name":"wp","href":"https:\/\/api.w.org\/{rel}","templated":true}]}}