{"id":960773,"date":"2017-11-22T12:36:01","date_gmt":"2017-11-22T12:36:01","guid":{"rendered":"http:\/\/www.eldigitaldeasturias.com\/noticias\/?p=960773"},"modified":"2017-11-22T12:36:01","modified_gmt":"2017-11-22T12:36:01","slug":"aspy-prevencion-participara-manana-en-una-jornada-sobre-prl-en-la-construccion","status":"publish","type":"post","link":"https:\/\/www.eldigitaldeasturias.com\/noticias\/aspy-prevencion-participara-manana-en-una-jornada-sobre-prl-en-la-construccion\/","title":{"rendered":"ASPY Prevenci\u00f3n participar\u00e1 ma\u00f1ana en una Jornada sobre PRL en la construcci\u00f3n"},"content":{"rendered":"<p><img loading=\"lazy\" decoding=\"async\" class=\"alignleft size-medium wp-image-960774\" src=\"https:\/\/www.eldigitaldeasturias.com\/noticias\/wp-content\/uploads\/2017\/11\/1511340042-360x257.jpg\" alt=\"\" width=\"360\" height=\"257\" srcset=\"https:\/\/www.eldigitaldeasturias.com\/noticias\/wp-content\/uploads\/2017\/11\/1511340042-360x257.jpg 360w, https:\/\/www.eldigitaldeasturias.com\/noticias\/wp-content\/uploads\/2017\/11\/1511340042-650x464.jpg 650w, https:\/\/www.eldigitaldeasturias.com\/noticias\/wp-content\/uploads\/2017\/11\/1511340042.jpg 721w\" sizes=\"auto, (max-width: 360px) 100vw, 360px\" \/>ASPY Prevenci\u00f3n participar\u00e1 ma\u00f1ana 23 noviembre en una\u00a0<a href=\"http:\/\/apcebcn.cat\/web2015\/wp-content\/uploads\/2017\/10\/sp_actuacio_empreses_promotores-constructores_ambit_laboral_prevencio_23-11-17.pdf\" target=\"_blank\" rel=\"nofollow noopener\"><span style=\"color: #ff6600;\"><strong>Jornada<\/strong><\/span><\/a>\u00a0en Barcelona sobre PRL en el sector de la construcci\u00f3n. Ser\u00e1 en la sede de APCE, la Asociaci\u00f3n de Promotores y Constructores de Edificios de Catalunya y est\u00e1 organizada por esta asociaci\u00f3n con la colaboraci\u00f3n de ASPY Prevenci\u00f3n.<\/p>\n<p>Durante la sesi\u00f3n se discutir\u00e1 sobre la l\u00ednea que separa al promotor del promotor-constructor y de la incidencia en las responsabilidades derivadas de cada una de estas dos posiciones. Se har\u00e1 especial hincapi\u00e9 en la responsabilidad penal y se debatir\u00e1 sobre el desconocimiento de algunos Juzgados sobre documentaci\u00f3n y figuras preventivas espec\u00edficas del sector de la construcci\u00f3n, como son el Estudio de Seguridad y Salud, el Plan de Seguridad y Salud, el promotor, contratista\/subcontratista, Direcci\u00f3n facultativa y Coordinador de Seguridad y Salud.<\/p>\n<p>Asimismo, ASPY Prevenci\u00f3n ha participado en dos jornadas, celebradas los d\u00edas 16 y 17 de noviembre en Barcelona y Zaragoza respectivamente, en las que expertos en prevenci\u00f3n y salud laboral han debatido sobre diversos temas de actualidad en el sector PRL como las responsabilidades y la repercusi\u00f3n laboral de la prevenci\u00f3n de riesgos o el car\u00e1cter obligatorio de los ex\u00e1menes de salud en el \u00e1mbito laboral y las pautas necesarias para una correcta reincorporaci\u00f3n al trabajo.<\/p>\n<p><strong>Alta m\u00e9dica y calificaci\u00f3n de aptitud<\/strong><\/p>\n<p>La\u00a0<a href=\"http:\/\/webs.academia.cat\/societats\/laboral\/?p=page\/html\/detallactivitat\/13810\/085\/S\" target=\"_blank\" rel=\"nofollow noopener\"><span style=\"color: #ff6600;\"><strong>XXVII<\/strong><\/span> <strong><span style=\"color: #ff6600;\">Diada de la Sociedad Catalana de Salud Laboral<\/span><\/strong><\/a>, el pasado 16 de noviembre, analiz\u00f3 durante una mesa redonda la reincorporaci\u00f3n al trabajo tras una baja laboral prolongada incidi\u00e9ndose en aspectos como la relaci\u00f3n entre las calificaciones de aptitud, las altas m\u00e9dicas y el reconocimiento o revisi\u00f3n de incapacidades. \u201cHay que tener en cuenta la diferencia de criterios entre los Organismos de Evaluaciones M\u00e9dicas y las calificaciones de aptitud. Un alta m\u00e9dica no equivale a aptitud ya que no se refiere al puesto de trabajo espec\u00edfico sino a un concepto m\u00e1s amplio y abstracto del ejercicio de la profesi\u00f3n habitual\u201d, asegur\u00f3 Andreu S\u00e1nchez, responsable de la asesor\u00eda jur\u00eddica de ASPY Prevenci\u00f3n quien realiz\u00f3 una ponencia espec\u00edfica sobre las consideraciones jur\u00eddicas del retorno al trabajo.<\/p>\n<p>Durante la jornada, qued\u00f3 manifiesto que la regulaci\u00f3n es \u201cmuy parca e imprecisa\u201d y \u201ces conveniente que las empresas dispongan de programas de reincorporaci\u00f3n que permitan garantizar que la vuelta al trabajo se realiza en las debidas condiciones, no solo en referencia a la salud del trabajador, sino tambi\u00e9n a las condiciones del puesto de trabajo\u201d, afirm\u00f3 S\u00e1nchez.<\/p>\n<p><strong>Ineptitud sobrevenida y obligatoriedad del examen<\/strong><\/p>\n<p>ASPY Prevenci\u00f3n tambi\u00e9n particip\u00f3 en las\u00a0<a href=\"http:\/\/graduadoszar.com\/wp-content\/uploads\/Triptico-Jornadas-y-Actos-Instituc.-2017.pdf\" target=\"_blank\" rel=\"nofollow noopener\"><span style=\"color: #ff6600;\"><strong>Jornadas<\/strong> <strong>de Justicia Social<\/strong><\/span><\/a>\u00a0celebradas el pasado 17 de noviembre en Zaragoza organizadas por el Colegio de Graduados Sociales de Arag\u00f3n. Durante las mismas, se desarrollaron varias ponencias con tres temas como protagonistas: medidas urgentes en la Ley del Trabajo Aut\u00f3nomo, la influencia de las nuevas tecnolog\u00edas en el \u00e1mbito laboral y la PRL.<\/p>\n<p>Este \u00faltimo tema fue el desarrollado por S\u00e1nchez quien destac\u00f3 el gran impacto que puede tener la prevenci\u00f3n de riesgos en las relaciones laborales. \u201cDebemos fomentar que la PRL sea una finalidad por s\u00ed misma y no un mero instrumento para empresarios y trabajadores para conseguir otro tipo de objetivos, como abaratar el coste de un despido, perseguir una incapacidad, o forzar una salida indemnizada o un cambio de turno o tareas\u201d, explic\u00f3.<\/p>\n<p>Por el inter\u00e9s de la tem\u00e1tica abordada, adem\u00e1s de Graduados Sociales, asistieron tambi\u00e9n varios jueces del Juzgado de lo Social de Zaragoza y un magistrado de la Sala de lo Social del Tribunal Superior de Justicia de Arag\u00f3n.<\/p>\n<p>Uno de los temas m\u00e1s debatidos fue el car\u00e1cter voluntario u obligatorio del reconocimiento m\u00e9dico, analiz\u00e1ndose diversas sentencias entre las que destacaron la del TSJ de Valencia de 2013 que dictamin\u00f3 el car\u00e1cter voluntario para conductores de autobuses metropolitanos en Valencia, y sin embargo, la del Tribunal Supremo de 2015 que estableci\u00f3 la obligatoriedad para 700 brigadas forestales de la Comunidad de Valencia.<\/p>\n<p><strong>Sobre ASPY Prevenci\u00f3n<\/strong><\/p>\n<p>ASPY Prevenci\u00f3n presta servicios de prevenci\u00f3n ajenos a m\u00e1s de 41.000 empresas desde su constituci\u00f3n en 2006. Con un concepto de servicio preventivo integral y exclusivo ofrece a sus empresas clientes cobertura desde las cuatro especialidades preventivas: Medicina del Trabajo, Seguridad, Higiene Industrial y Ergonom\u00eda y Psicosociolog\u00eda Aplicada. Su equipo de 1200 profesionales, y sus 220 puntos de servicio en todas las provincias espa\u00f1olas garantizan a empresas y trabajadores una adecuada actuaci\u00f3n preventiva y un completo asesoramiento t\u00e9cnico y sanitario.\u00a0<span style=\"color: #ff6600;\"><strong>www.aspyprevencion.com<\/strong><\/span><\/p>\n","protected":false},"excerpt":{"rendered":"<p>ASPY Prevenci\u00f3n participar\u00e1 ma\u00f1ana 23 noviembre en una\u00a0Jornada\u00a0en Barcelona sobre PRL en el sector de la construcci\u00f3n. Ser\u00e1 en la sede de APCE, la Asociaci\u00f3n de Promotores y Constructores de Edificios de Catalunya y est\u00e1 organizada por esta asociaci\u00f3n con la colaboraci\u00f3n de ASPY Prevenci\u00f3n. Durante la sesi\u00f3n se discutir\u00e1 sobre la l\u00ednea que separa [&hellip;]<\/p>\n","protected":false},"author":1,"featured_media":960774,"comment_status":"closed","ping_status":"closed","sticky":false,"template":"","format":"standard","meta":{"footnotes":""},"categories":[187],"tags":[],"class_list":["post-960773","post","type-post","status-publish","format-standard","has-post-thumbnail","hentry","category-economia"],"aioseo_notices":[],"aioseo_head":"\n\t\t<!-- All in One SEO Pro 4.9.6.2 - aioseo.com -->\n\t<meta name=\"description\" content=\"ASPY Prevenci\u00f3n participar\u00e1 ma\u00f1ana 23 noviembre en una Jornada en Barcelona sobre PRL en el sector de la construcci\u00f3n. Ser\u00e1 en la sede de APCE, la Asociaci\u00f3n de Promotores y Constructores de Edificios de Catalunya y est\u00e1 organizada por esta asociaci\u00f3n con la colaboraci\u00f3n de ASPY Prevenci\u00f3n. Durante la sesi\u00f3n se discutir\u00e1 sobre la l\u00ednea que separa\" \/>\n\t<meta name=\"robots\" content=\"max-image-preview:large\" \/>\n\t<meta name=\"author\" content=\"El Digital de Asturias\"\/>\n\t<meta name=\"google-site-verification\" content=\"UA-38556648-1\" \/>\n\t<meta name=\"msvalidate.01\" content=\"7dfe9f3f1b24437ab69f4f2559babe99\" \/>\n\t<meta name=\"keywords\" content=\"econom\u00eda\" \/>\n\t<link rel=\"canonical\" href=\"https:\/\/www.eldigitaldeasturias.com\/noticias\/aspy-prevencion-participara-manana-en-una-jornada-sobre-prl-en-la-construccion\/\" \/>\n\t<meta name=\"generator\" content=\"All in One SEO Pro (AIOSEO) 4.9.6.2\" \/>\n\t\t<meta property=\"og:locale\" content=\"es_ES\" \/>\n\t\t<meta property=\"og:site_name\" content=\"El Digital de Asturias\" \/>\n\t\t<meta property=\"og:type\" content=\"article\" \/>\n\t\t<meta property=\"og:title\" content=\"ASPY Prevenci\u00f3n participar\u00e1 ma\u00f1ana en una Jornada sobre PRL en la construcci\u00f3n - El Digital de Asturias\" \/>\n\t\t<meta property=\"og:description\" content=\"ASPY Prevenci\u00f3n participar\u00e1 ma\u00f1ana 23 noviembre en una Jornada en Barcelona sobre PRL en el sector de la construcci\u00f3n. Ser\u00e1 en la sede de APCE, la Asociaci\u00f3n de Promotores y Constructores de Edificios de Catalunya y est\u00e1 organizada por esta asociaci\u00f3n con la colaboraci\u00f3n de ASPY Prevenci\u00f3n. Durante la sesi\u00f3n se discutir\u00e1 sobre la l\u00ednea que separa\" \/>\n\t\t<meta property=\"og:url\" content=\"https:\/\/www.eldigitaldeasturias.com\/noticias\/aspy-prevencion-participara-manana-en-una-jornada-sobre-prl-en-la-construccion\/\" \/>\n\t\t<meta property=\"og:image\" content=\"https:\/\/www.eldigitaldeasturias.com\/noticias\/wp-content\/uploads\/2017\/11\/1511340042.jpg\" \/>\n\t\t<meta property=\"og:image:secure_url\" content=\"https:\/\/www.eldigitaldeasturias.com\/noticias\/wp-content\/uploads\/2017\/11\/1511340042.jpg\" \/>\n\t\t<meta property=\"og:image:width\" content=\"721\" \/>\n\t\t<meta property=\"og:image:height\" content=\"515\" \/>\n\t\t<meta property=\"article:tag\" content=\"econom\u00eda\" \/>\n\t\t<meta property=\"article:published_time\" content=\"2017-11-22T12:36:01+00:00\" \/>\n\t\t<meta property=\"article:modified_time\" content=\"2017-11-22T12:36:01+00:00\" \/>\n\t\t<meta property=\"article:publisher\" content=\"https:\/\/facebook.com\/eldigitaldeasturias\" \/>\n\t\t<meta name=\"twitter:card\" content=\"summary_large_image\" \/>\n\t\t<meta name=\"twitter:title\" content=\"ASPY Prevenci\u00f3n participar\u00e1 ma\u00f1ana en una Jornada sobre PRL en la construcci\u00f3n - El Digital de Asturias\" \/>\n\t\t<meta name=\"twitter:description\" content=\"ASPY Prevenci\u00f3n participar\u00e1 ma\u00f1ana 23 noviembre en una Jornada en Barcelona sobre PRL en el sector de la construcci\u00f3n. Ser\u00e1 en la sede de APCE, la Asociaci\u00f3n de Promotores y Constructores de Edificios de Catalunya y est\u00e1 organizada por esta asociaci\u00f3n con la colaboraci\u00f3n de ASPY Prevenci\u00f3n. Durante la sesi\u00f3n se discutir\u00e1 sobre la l\u00ednea que separa\" \/>\n\t\t<meta name=\"twitter:image\" content=\"https:\/\/www.eldigitaldeasturias.com\/noticias\/wp-content\/uploads\/2017\/11\/1511340042.jpg\" \/>\n\t\t<meta name=\"twitter:label1\" content=\"Escrito por\" \/>\n\t\t<meta name=\"twitter:data1\" content=\"El Digital de Asturias\" \/>\n\t\t<meta name=\"twitter:label2\" content=\"Tiempo de lectura estimado\" \/>\n\t\t<meta name=\"twitter:data2\" content=\"4 minutos\" \/>\n\t\t<script type=\"application\/ld+json\" class=\"aioseo-schema\">\n\t\t\t{\"@context\":\"https:\\\/\\\/schema.org\",\"@graph\":[{\"@type\":\"BlogPosting\",\"@id\":\"https:\\\/\\\/www.eldigitaldeasturias.com\\\/noticias\\\/aspy-prevencion-participara-manana-en-una-jornada-sobre-prl-en-la-construccion\\\/#blogposting\",\"name\":\"ASPY Prevenci\\u00f3n participar\\u00e1 ma\\u00f1ana en una Jornada sobre PRL en la construcci\\u00f3n - El Digital de Asturias\",\"headline\":\"ASPY Prevenci\\u00f3n participar\\u00e1 ma\\u00f1ana en una Jornada sobre PRL en la construcci\\u00f3n\",\"author\":{\"@id\":\"https:\\\/\\\/www.eldigitaldeasturias.com\\\/noticias\\\/author\\\/admin\\\/#author\"},\"publisher\":{\"@id\":\"https:\\\/\\\/www.eldigitaldeasturias.com\\\/noticias\\\/#organization\"},\"image\":{\"@type\":\"ImageObject\",\"url\":\"https:\\\/\\\/www.eldigitaldeasturias.com\\\/noticias\\\/wp-content\\\/uploads\\\/2017\\\/11\\\/1511340042.jpg\",\"width\":721,\"height\":515},\"datePublished\":\"2017-11-22T12:36:01+01:00\",\"dateModified\":\"2017-11-22T12:36:01+01:00\",\"inLanguage\":\"es-ES\",\"mainEntityOfPage\":{\"@id\":\"https:\\\/\\\/www.eldigitaldeasturias.com\\\/noticias\\\/aspy-prevencion-participara-manana-en-una-jornada-sobre-prl-en-la-construccion\\\/#webpage\"},\"isPartOf\":{\"@id\":\"https:\\\/\\\/www.eldigitaldeasturias.com\\\/noticias\\\/aspy-prevencion-participara-manana-en-una-jornada-sobre-prl-en-la-construccion\\\/#webpage\"},\"articleSection\":\"Econom\\u00eda\"},{\"@type\":\"BreadcrumbList\",\"@id\":\"https:\\\/\\\/www.eldigitaldeasturias.com\\\/noticias\\\/aspy-prevencion-participara-manana-en-una-jornada-sobre-prl-en-la-construccion\\\/#breadcrumblist\",\"itemListElement\":[{\"@type\":\"ListItem\",\"@id\":\"https:\\\/\\\/www.eldigitaldeasturias.com\\\/noticias#listItem\",\"position\":1,\"name\":\"Home\",\"item\":\"https:\\\/\\\/www.eldigitaldeasturias.com\\\/noticias\",\"nextItem\":{\"@type\":\"ListItem\",\"@id\":\"https:\\\/\\\/www.eldigitaldeasturias.com\\\/noticias\\\/category\\\/economia\\\/#listItem\",\"name\":\"Econom\\u00eda\"}},{\"@type\":\"ListItem\",\"@id\":\"https:\\\/\\\/www.eldigitaldeasturias.com\\\/noticias\\\/category\\\/economia\\\/#listItem\",\"position\":2,\"name\":\"Econom\\u00eda\",\"item\":\"https:\\\/\\\/www.eldigitaldeasturias.com\\\/noticias\\\/category\\\/economia\\\/\",\"nextItem\":{\"@type\":\"ListItem\",\"@id\":\"https:\\\/\\\/www.eldigitaldeasturias.com\\\/noticias\\\/aspy-prevencion-participara-manana-en-una-jornada-sobre-prl-en-la-construccion\\\/#listItem\",\"name\":\"ASPY Prevenci\\u00f3n participar\\u00e1 ma\\u00f1ana en una Jornada sobre PRL en la construcci\\u00f3n\"},\"previousItem\":{\"@type\":\"ListItem\",\"@id\":\"https:\\\/\\\/www.eldigitaldeasturias.com\\\/noticias#listItem\",\"name\":\"Home\"}},{\"@type\":\"ListItem\",\"@id\":\"https:\\\/\\\/www.eldigitaldeasturias.com\\\/noticias\\\/aspy-prevencion-participara-manana-en-una-jornada-sobre-prl-en-la-construccion\\\/#listItem\",\"position\":3,\"name\":\"ASPY Prevenci\\u00f3n participar\\u00e1 ma\\u00f1ana en una Jornada sobre PRL en la construcci\\u00f3n\",\"previousItem\":{\"@type\":\"ListItem\",\"@id\":\"https:\\\/\\\/www.eldigitaldeasturias.com\\\/noticias\\\/category\\\/economia\\\/#listItem\",\"name\":\"Econom\\u00eda\"}}]},{\"@type\":\"Organization\",\"@id\":\"https:\\\/\\\/www.eldigitaldeasturias.com\\\/noticias\\\/#organization\",\"name\":\"El Digital de Asturias\",\"description\":\"Hemeroteca\",\"url\":\"https:\\\/\\\/www.eldigitaldeasturias.com\\\/noticias\\\/\",\"email\":\"info@eldigitaldeasturias.com\",\"telephone\":\"+34652131393\",\"logo\":{\"@type\":\"ImageObject\",\"url\":\"https:\\\/\\\/www.eldigitaldeasturias.com\\\/noticias\\\/wp-content\\\/uploads\\\/2020\\\/12\\\/EDA.jpg\",\"@id\":\"https:\\\/\\\/www.eldigitaldeasturias.com\\\/noticias\\\/aspy-prevencion-participara-manana-en-una-jornada-sobre-prl-en-la-construccion\\\/#organizationLogo\",\"width\":649,\"height\":297},\"image\":{\"@id\":\"https:\\\/\\\/www.eldigitaldeasturias.com\\\/noticias\\\/aspy-prevencion-participara-manana-en-una-jornada-sobre-prl-en-la-construccion\\\/#organizationLogo\"},\"sameAs\":[\"https:\\\/\\\/facebook.com\\\/eldigitaldeasturias\",\"https:\\\/\\\/www.youtube.com\\\/channel\\\/UCZP-2wLEB9Rv6erhFmqVnvg\"],\"address\":{\"@id\":\"https:\\\/\\\/www.eldigitaldeasturias.com\\\/noticias\\\/#postaladdress\",\"@type\":\"PostalAddress\",\"streetAddress\":\"san antonio 4,\",\"postalCode\":\"33430\",\"addressLocality\":\"Cand\\u00e1s\",\"addressRegion\":\"Asturias\",\"addressCountry\":\"ES\"}},{\"@type\":\"Person\",\"@id\":\"https:\\\/\\\/www.eldigitaldeasturias.com\\\/noticias\\\/author\\\/admin\\\/#author\",\"url\":\"https:\\\/\\\/www.eldigitaldeasturias.com\\\/noticias\\\/author\\\/admin\\\/\",\"name\":\"El Digital de Asturias\",\"image\":{\"@type\":\"ImageObject\",\"@id\":\"https:\\\/\\\/www.eldigitaldeasturias.com\\\/noticias\\\/aspy-prevencion-participara-manana-en-una-jornada-sobre-prl-en-la-construccion\\\/#authorImage\",\"url\":\"https:\\\/\\\/www.eldigitaldeasturias.com\\\/noticias\\\/wp-content\\\/litespeed\\\/avatar\\\/18677e78aa0546b92d9dbf31ec7d7668.jpg?ver=1776685526\",\"width\":96,\"height\":96,\"caption\":\"El Digital de Asturias\"}},{\"@type\":\"WebPage\",\"@id\":\"https:\\\/\\\/www.eldigitaldeasturias.com\\\/noticias\\\/aspy-prevencion-participara-manana-en-una-jornada-sobre-prl-en-la-construccion\\\/#webpage\",\"url\":\"https:\\\/\\\/www.eldigitaldeasturias.com\\\/noticias\\\/aspy-prevencion-participara-manana-en-una-jornada-sobre-prl-en-la-construccion\\\/\",\"name\":\"ASPY Prevenci\\u00f3n participar\\u00e1 ma\\u00f1ana en una Jornada sobre PRL en la construcci\\u00f3n - El Digital de Asturias\",\"description\":\"ASPY Prevenci\\u00f3n participar\\u00e1 ma\\u00f1ana 23 noviembre en una Jornada en Barcelona sobre PRL en el sector de la construcci\\u00f3n. Ser\\u00e1 en la sede de APCE, la Asociaci\\u00f3n de Promotores y Constructores de Edificios de Catalunya y est\\u00e1 organizada por esta asociaci\\u00f3n con la colaboraci\\u00f3n de ASPY Prevenci\\u00f3n. Durante la sesi\\u00f3n se discutir\\u00e1 sobre la l\\u00ednea que separa\",\"inLanguage\":\"es-ES\",\"isPartOf\":{\"@id\":\"https:\\\/\\\/www.eldigitaldeasturias.com\\\/noticias\\\/#website\"},\"breadcrumb\":{\"@id\":\"https:\\\/\\\/www.eldigitaldeasturias.com\\\/noticias\\\/aspy-prevencion-participara-manana-en-una-jornada-sobre-prl-en-la-construccion\\\/#breadcrumblist\"},\"author\":{\"@id\":\"https:\\\/\\\/www.eldigitaldeasturias.com\\\/noticias\\\/author\\\/admin\\\/#author\"},\"creator\":{\"@id\":\"https:\\\/\\\/www.eldigitaldeasturias.com\\\/noticias\\\/author\\\/admin\\\/#author\"},\"image\":{\"@type\":\"ImageObject\",\"url\":\"https:\\\/\\\/www.eldigitaldeasturias.com\\\/noticias\\\/wp-content\\\/uploads\\\/2017\\\/11\\\/1511340042.jpg\",\"@id\":\"https:\\\/\\\/www.eldigitaldeasturias.com\\\/noticias\\\/aspy-prevencion-participara-manana-en-una-jornada-sobre-prl-en-la-construccion\\\/#mainImage\",\"width\":721,\"height\":515},\"primaryImageOfPage\":{\"@id\":\"https:\\\/\\\/www.eldigitaldeasturias.com\\\/noticias\\\/aspy-prevencion-participara-manana-en-una-jornada-sobre-prl-en-la-construccion\\\/#mainImage\"},\"datePublished\":\"2017-11-22T12:36:01+01:00\",\"dateModified\":\"2017-11-22T12:36:01+01:00\"},{\"@type\":\"WebSite\",\"@id\":\"https:\\\/\\\/www.eldigitaldeasturias.com\\\/noticias\\\/#website\",\"url\":\"https:\\\/\\\/www.eldigitaldeasturias.com\\\/noticias\\\/\",\"name\":\"El Digital de Asturias - Diario de actualidad y noticias\",\"alternateName\":\"El Digital de Asturias - Diario de actualidad y noticias\",\"description\":\"Hemeroteca\",\"inLanguage\":\"es-ES\",\"publisher\":{\"@id\":\"https:\\\/\\\/www.eldigitaldeasturias.com\\\/noticias\\\/#organization\"}}]}\n\t\t<\/script>\n\t\t<!-- All in One SEO Pro -->\r\n\t\t<title>ASPY Prevenci\u00f3n participar\u00e1 ma\u00f1ana en una Jornada sobre PRL en la construcci\u00f3n - El Digital de Asturias<\/title>\n\n","aioseo_head_json":{"title":"ASPY Prevenci\u00f3n participar\u00e1 ma\u00f1ana en una Jornada sobre PRL en la construcci\u00f3n - El Digital de Asturias","description":"ASPY Prevenci\u00f3n participar\u00e1 ma\u00f1ana 23 noviembre en una Jornada en Barcelona sobre PRL en el sector de la construcci\u00f3n. Ser\u00e1 en la sede de APCE, la Asociaci\u00f3n de Promotores y Constructores de Edificios de Catalunya y est\u00e1 organizada por esta asociaci\u00f3n con la colaboraci\u00f3n de ASPY Prevenci\u00f3n. Durante la sesi\u00f3n se discutir\u00e1 sobre la l\u00ednea que separa","canonical_url":"https:\/\/www.eldigitaldeasturias.com\/noticias\/aspy-prevencion-participara-manana-en-una-jornada-sobre-prl-en-la-construccion\/","robots":"max-image-preview:large","keywords":"econom\u00eda","webmasterTools":{"google-site-verification":"UA-38556648-1","msvalidate.01":"7dfe9f3f1b24437ab69f4f2559babe99","miscellaneous":""},"schema":{"@context":"https:\/\/schema.org","@graph":[{"@type":"BlogPosting","@id":"https:\/\/www.eldigitaldeasturias.com\/noticias\/aspy-prevencion-participara-manana-en-una-jornada-sobre-prl-en-la-construccion\/#blogposting","name":"ASPY Prevenci\u00f3n participar\u00e1 ma\u00f1ana en una Jornada sobre PRL en la construcci\u00f3n - El Digital de Asturias","headline":"ASPY Prevenci\u00f3n participar\u00e1 ma\u00f1ana en una Jornada sobre PRL en la construcci\u00f3n","author":{"@id":"https:\/\/www.eldigitaldeasturias.com\/noticias\/author\/admin\/#author"},"publisher":{"@id":"https:\/\/www.eldigitaldeasturias.com\/noticias\/#organization"},"image":{"@type":"ImageObject","url":"https:\/\/www.eldigitaldeasturias.com\/noticias\/wp-content\/uploads\/2017\/11\/1511340042.jpg","width":721,"height":515},"datePublished":"2017-11-22T12:36:01+01:00","dateModified":"2017-11-22T12:36:01+01:00","inLanguage":"es-ES","mainEntityOfPage":{"@id":"https:\/\/www.eldigitaldeasturias.com\/noticias\/aspy-prevencion-participara-manana-en-una-jornada-sobre-prl-en-la-construccion\/#webpage"},"isPartOf":{"@id":"https:\/\/www.eldigitaldeasturias.com\/noticias\/aspy-prevencion-participara-manana-en-una-jornada-sobre-prl-en-la-construccion\/#webpage"},"articleSection":"Econom\u00eda"},{"@type":"BreadcrumbList","@id":"https:\/\/www.eldigitaldeasturias.com\/noticias\/aspy-prevencion-participara-manana-en-una-jornada-sobre-prl-en-la-construccion\/#breadcrumblist","itemListElement":[{"@type":"ListItem","@id":"https:\/\/www.eldigitaldeasturias.com\/noticias#listItem","position":1,"name":"Home","item":"https:\/\/www.eldigitaldeasturias.com\/noticias","nextItem":{"@type":"ListItem","@id":"https:\/\/www.eldigitaldeasturias.com\/noticias\/category\/economia\/#listItem","name":"Econom\u00eda"}},{"@type":"ListItem","@id":"https:\/\/www.eldigitaldeasturias.com\/noticias\/category\/economia\/#listItem","position":2,"name":"Econom\u00eda","item":"https:\/\/www.eldigitaldeasturias.com\/noticias\/category\/economia\/","nextItem":{"@type":"ListItem","@id":"https:\/\/www.eldigitaldeasturias.com\/noticias\/aspy-prevencion-participara-manana-en-una-jornada-sobre-prl-en-la-construccion\/#listItem","name":"ASPY Prevenci\u00f3n participar\u00e1 ma\u00f1ana en una Jornada sobre PRL en la construcci\u00f3n"},"previousItem":{"@type":"ListItem","@id":"https:\/\/www.eldigitaldeasturias.com\/noticias#listItem","name":"Home"}},{"@type":"ListItem","@id":"https:\/\/www.eldigitaldeasturias.com\/noticias\/aspy-prevencion-participara-manana-en-una-jornada-sobre-prl-en-la-construccion\/#listItem","position":3,"name":"ASPY Prevenci\u00f3n participar\u00e1 ma\u00f1ana en una Jornada sobre PRL en la construcci\u00f3n","previousItem":{"@type":"ListItem","@id":"https:\/\/www.eldigitaldeasturias.com\/noticias\/category\/economia\/#listItem","name":"Econom\u00eda"}}]},{"@type":"Organization","@id":"https:\/\/www.eldigitaldeasturias.com\/noticias\/#organization","name":"El Digital de Asturias","description":"Hemeroteca","url":"https:\/\/www.eldigitaldeasturias.com\/noticias\/","email":"info@eldigitaldeasturias.com","telephone":"+34652131393","logo":{"@type":"ImageObject","url":"https:\/\/www.eldigitaldeasturias.com\/noticias\/wp-content\/uploads\/2020\/12\/EDA.jpg","@id":"https:\/\/www.eldigitaldeasturias.com\/noticias\/aspy-prevencion-participara-manana-en-una-jornada-sobre-prl-en-la-construccion\/#organizationLogo","width":649,"height":297},"image":{"@id":"https:\/\/www.eldigitaldeasturias.com\/noticias\/aspy-prevencion-participara-manana-en-una-jornada-sobre-prl-en-la-construccion\/#organizationLogo"},"sameAs":["https:\/\/facebook.com\/eldigitaldeasturias","https:\/\/www.youtube.com\/channel\/UCZP-2wLEB9Rv6erhFmqVnvg"],"address":{"@id":"https:\/\/www.eldigitaldeasturias.com\/noticias\/#postaladdress","@type":"PostalAddress","streetAddress":"san antonio 4,","postalCode":"33430","addressLocality":"Cand\u00e1s","addressRegion":"Asturias","addressCountry":"ES"}},{"@type":"Person","@id":"https:\/\/www.eldigitaldeasturias.com\/noticias\/author\/admin\/#author","url":"https:\/\/www.eldigitaldeasturias.com\/noticias\/author\/admin\/","name":"El Digital de Asturias","image":{"@type":"ImageObject","@id":"https:\/\/www.eldigitaldeasturias.com\/noticias\/aspy-prevencion-participara-manana-en-una-jornada-sobre-prl-en-la-construccion\/#authorImage","url":"https:\/\/www.eldigitaldeasturias.com\/noticias\/wp-content\/litespeed\/avatar\/18677e78aa0546b92d9dbf31ec7d7668.jpg?ver=1776685526","width":96,"height":96,"caption":"El Digital de Asturias"}},{"@type":"WebPage","@id":"https:\/\/www.eldigitaldeasturias.com\/noticias\/aspy-prevencion-participara-manana-en-una-jornada-sobre-prl-en-la-construccion\/#webpage","url":"https:\/\/www.eldigitaldeasturias.com\/noticias\/aspy-prevencion-participara-manana-en-una-jornada-sobre-prl-en-la-construccion\/","name":"ASPY Prevenci\u00f3n participar\u00e1 ma\u00f1ana en una Jornada sobre PRL en la construcci\u00f3n - El Digital de Asturias","description":"ASPY Prevenci\u00f3n participar\u00e1 ma\u00f1ana 23 noviembre en una Jornada en Barcelona sobre PRL en el sector de la construcci\u00f3n. Ser\u00e1 en la sede de APCE, la Asociaci\u00f3n de Promotores y Constructores de Edificios de Catalunya y est\u00e1 organizada por esta asociaci\u00f3n con la colaboraci\u00f3n de ASPY Prevenci\u00f3n. Durante la sesi\u00f3n se discutir\u00e1 sobre la l\u00ednea que separa","inLanguage":"es-ES","isPartOf":{"@id":"https:\/\/www.eldigitaldeasturias.com\/noticias\/#website"},"breadcrumb":{"@id":"https:\/\/www.eldigitaldeasturias.com\/noticias\/aspy-prevencion-participara-manana-en-una-jornada-sobre-prl-en-la-construccion\/#breadcrumblist"},"author":{"@id":"https:\/\/www.eldigitaldeasturias.com\/noticias\/author\/admin\/#author"},"creator":{"@id":"https:\/\/www.eldigitaldeasturias.com\/noticias\/author\/admin\/#author"},"image":{"@type":"ImageObject","url":"https:\/\/www.eldigitaldeasturias.com\/noticias\/wp-content\/uploads\/2017\/11\/1511340042.jpg","@id":"https:\/\/www.eldigitaldeasturias.com\/noticias\/aspy-prevencion-participara-manana-en-una-jornada-sobre-prl-en-la-construccion\/#mainImage","width":721,"height":515},"primaryImageOfPage":{"@id":"https:\/\/www.eldigitaldeasturias.com\/noticias\/aspy-prevencion-participara-manana-en-una-jornada-sobre-prl-en-la-construccion\/#mainImage"},"datePublished":"2017-11-22T12:36:01+01:00","dateModified":"2017-11-22T12:36:01+01:00"},{"@type":"WebSite","@id":"https:\/\/www.eldigitaldeasturias.com\/noticias\/#website","url":"https:\/\/www.eldigitaldeasturias.com\/noticias\/","name":"El Digital de Asturias - Diario de actualidad y noticias","alternateName":"El Digital de Asturias - Diario de actualidad y noticias","description":"Hemeroteca","inLanguage":"es-ES","publisher":{"@id":"https:\/\/www.eldigitaldeasturias.com\/noticias\/#organization"}}]},"og:locale":"es_ES","og:site_name":"El Digital de Asturias","og:type":"article","og:title":"ASPY Prevenci\u00f3n participar\u00e1 ma\u00f1ana en una Jornada sobre PRL en la construcci\u00f3n - El Digital de Asturias","og:description":"ASPY Prevenci\u00f3n participar\u00e1 ma\u00f1ana 23 noviembre en una Jornada en Barcelona sobre PRL en el sector de la construcci\u00f3n. Ser\u00e1 en la sede de APCE, la Asociaci\u00f3n de Promotores y Constructores de Edificios de Catalunya y est\u00e1 organizada por esta asociaci\u00f3n con la colaboraci\u00f3n de ASPY Prevenci\u00f3n. Durante la sesi\u00f3n se discutir\u00e1 sobre la l\u00ednea que separa","og:url":"https:\/\/www.eldigitaldeasturias.com\/noticias\/aspy-prevencion-participara-manana-en-una-jornada-sobre-prl-en-la-construccion\/","og:image":"https:\/\/www.eldigitaldeasturias.com\/noticias\/wp-content\/uploads\/2017\/11\/1511340042.jpg","og:image:secure_url":"https:\/\/www.eldigitaldeasturias.com\/noticias\/wp-content\/uploads\/2017\/11\/1511340042.jpg","og:image:width":721,"og:image:height":515,"article:tag":["econom\u00eda"],"article:published_time":"2017-11-22T12:36:01+00:00","article:modified_time":"2017-11-22T12:36:01+00:00","article:publisher":"https:\/\/facebook.com\/eldigitaldeasturias","twitter:card":"summary_large_image","twitter:title":"ASPY Prevenci\u00f3n participar\u00e1 ma\u00f1ana en una Jornada sobre PRL en la construcci\u00f3n - El Digital de Asturias","twitter:description":"ASPY Prevenci\u00f3n participar\u00e1 ma\u00f1ana 23 noviembre en una Jornada en Barcelona sobre PRL en el sector de la construcci\u00f3n. Ser\u00e1 en la sede de APCE, la Asociaci\u00f3n de Promotores y Constructores de Edificios de Catalunya y est\u00e1 organizada por esta asociaci\u00f3n con la colaboraci\u00f3n de ASPY Prevenci\u00f3n. Durante la sesi\u00f3n se discutir\u00e1 sobre la l\u00ednea que separa","twitter:image":"https:\/\/www.eldigitaldeasturias.com\/noticias\/wp-content\/uploads\/2017\/11\/1511340042.jpg","twitter:label1":"Escrito por","twitter:data1":"El Digital de Asturias","twitter:label2":"Tiempo de lectura estimado","twitter:data2":"4 minutos"},"aioseo_meta_data":{"post_id":"960773","title":null,"description":null,"keywords":null,"keyphrases":null,"primary_term":null,"canonical_url":null,"og_title":null,"og_description":null,"og_object_type":"default","og_image_type":"default","og_image_url":null,"og_image_width":null,"og_image_height":null,"og_image_custom_url":null,"og_image_custom_fields":null,"og_video":null,"og_custom_url":null,"og_article_section":null,"og_article_tags":null,"twitter_use_og":false,"twitter_card":"default","twitter_image_type":"default","twitter_image_url":null,"twitter_image_custom_url":null,"twitter_image_custom_fields":null,"twitter_title":null,"twitter_description":null,"schema":{"blockGraphs":[],"customGraphs":[],"default":{"data":{"Article":[],"Course":[],"Dataset":[],"FAQPage":[],"Movie":[],"Person":[],"Product":[],"ProductReview":[],"Car":[],"Recipe":[],"Service":[],"SoftwareApplication":[],"WebPage":[]},"graphName":"","isEnabled":true},"graphs":[],"defaultGraph":"","defaultPostTypeGraph":""},"schema_type":null,"schema_type_options":null,"pillar_content":false,"robots_default":true,"robots_noindex":false,"robots_noarchive":false,"robots_nosnippet":false,"robots_nofollow":false,"robots_noimageindex":false,"robots_noodp":false,"robots_notranslate":false,"robots_max_snippet":null,"robots_max_videopreview":null,"robots_max_imagepreview":"large","priority":null,"frequency":null,"local_seo":null,"seo_analyzer_scan_date":"2025-12-07 06:30:15","breadcrumb_settings":null,"limit_modified_date":false,"open_ai":null,"ai":null,"created":"2020-12-21 12:50:41","updated":"2025-12-07 06:30:15"},"aioseo_breadcrumb":"<div class=\"aioseo-breadcrumbs\"><span class=\"aioseo-breadcrumb\">\n\t<a href=\"https:\/\/www.eldigitaldeasturias.com\/noticias\" title=\"Home\">Home<\/a>\n<\/span><span class=\"aioseo-breadcrumb-separator\">\u2013<\/span><span class=\"aioseo-breadcrumb\">\n\t<a href=\"https:\/\/www.eldigitaldeasturias.com\/noticias\/category\/economia\/\" title=\"Econom\u00eda\">Econom\u00eda<\/a>\n<\/span><span class=\"aioseo-breadcrumb-separator\">\u2013<\/span><span class=\"aioseo-breadcrumb\">\n\t<a href=\"https:\/\/www.eldigitaldeasturias.com\/noticias\/aspy-prevencion-participara-manana-en-una-jornada-sobre-prl-en-la-construccion\/\" title=\"ASPY Prevenci\u00f3n participar\u00e1 ma\u00f1ana en una Jornada sobre PRL en la construcci\u00f3n\">ASPY Prevenci\u00f3n participar\u00e1 ma\u00f1ana en una Jornada sobre PRL en la construcci\u00f3n<\/a>\n<\/span><\/div>","aioseo_breadcrumb_json":[{"label":"Home","link":"https:\/\/www.eldigitaldeasturias.com\/noticias"},{"label":"Econom\u00eda","link":"https:\/\/www.eldigitaldeasturias.com\/noticias\/category\/economia\/"},{"label":"ASPY Prevenci\u00f3n participar\u00e1 ma\u00f1ana en una Jornada sobre PRL en la construcci\u00f3n","link":"https:\/\/www.eldigitaldeasturias.com\/noticias\/aspy-prevencion-participara-manana-en-una-jornada-sobre-prl-en-la-construccion\/"}],"_links":{"self":[{"href":"https:\/\/www.eldigitaldeasturias.com\/noticias\/wp-json\/wp\/v2\/posts\/960773","targetHints":{"allow":["GET"]}}],"collection":[{"href":"https:\/\/www.eldigitaldeasturias.com\/noticias\/wp-json\/wp\/v2\/posts"}],"about":[{"href":"https:\/\/www.eldigitaldeasturias.com\/noticias\/wp-json\/wp\/v2\/types\/post"}],"author":[{"embeddable":true,"href":"https:\/\/www.eldigitaldeasturias.com\/noticias\/wp-json\/wp\/v2\/users\/1"}],"replies":[{"embeddable":true,"href":"https:\/\/www.eldigitaldeasturias.com\/noticias\/wp-json\/wp\/v2\/comments?post=960773"}],"version-history":[{"count":0,"href":"https:\/\/www.eldigitaldeasturias.com\/noticias\/wp-json\/wp\/v2\/posts\/960773\/revisions"}],"wp:featuredmedia":[{"embeddable":true,"href":"https:\/\/www.eldigitaldeasturias.com\/noticias\/wp-json\/wp\/v2\/media\/960774"}],"wp:attachment":[{"href":"https:\/\/www.eldigitaldeasturias.com\/noticias\/wp-json\/wp\/v2\/media?parent=960773"}],"wp:term":[{"taxonomy":"category","embeddable":true,"href":"https:\/\/www.eldigitaldeasturias.com\/noticias\/wp-json\/wp\/v2\/categories?post=960773"},{"taxonomy":"post_tag","embeddable":true,"href":"https:\/\/www.eldigitaldeasturias.com\/noticias\/wp-json\/wp\/v2\/tags?post=960773"}],"curies":[{"name":"wp","href":"https:\/\/api.w.org\/{rel}","templated":true}]}}