{"id":960769,"date":"2017-11-22T12:19:28","date_gmt":"2017-11-22T12:19:28","guid":{"rendered":"http:\/\/www.eldigitaldeasturias.com\/noticias\/?p=960769"},"modified":"2017-11-22T12:19:28","modified_gmt":"2017-11-22T12:19:28","slug":"donurmy-celebra-el-black-friday-con-dos-dias-sin-iva","status":"publish","type":"post","link":"https:\/\/www.eldigitaldeasturias.com\/noticias\/donurmy-celebra-el-black-friday-con-dos-dias-sin-iva\/","title":{"rendered":"Donurmy celebra el Black Friday con dos d\u00edas sin IVA"},"content":{"rendered":"<div id=\"texto\" class=\"flex mb15\">\n<p><img loading=\"lazy\" decoding=\"async\" class=\"alignleft size-medium wp-image-960770\" src=\"https:\/\/www.eldigitaldeasturias.com\/noticias\/wp-content\/uploads\/2017\/11\/1511259455_-360x240.jpg\" alt=\"\" width=\"360\" height=\"240\" srcset=\"https:\/\/www.eldigitaldeasturias.com\/noticias\/wp-content\/uploads\/2017\/11\/1511259455_-360x240.jpg 360w, https:\/\/www.eldigitaldeasturias.com\/noticias\/wp-content\/uploads\/2017\/11\/1511259455_-768x512.jpg 768w, https:\/\/www.eldigitaldeasturias.com\/noticias\/wp-content\/uploads\/2017\/11\/1511259455_-650x433.jpg 650w, https:\/\/www.eldigitaldeasturias.com\/noticias\/wp-content\/uploads\/2017\/11\/1511259455_.jpg 1984w\" sizes=\"auto, (max-width: 360px) 100vw, 360px\" \/>El pr\u00f3ximo viernes 24 y s\u00e1bado 25 de noviembre la tienda especializada en textil hogar, puericultura, menaje de cocina y decoraci\u00f3n,\u00a0<a href=\"http:\/\/www.donurmy.es\/\" target=\"_blank\" rel=\"nofollow noopener\"><strong><span style=\"color: #ff6600;\">Donurmy<\/span><\/strong><\/a>, celebra el Black Friday con dos d\u00edas sin IVA en el 98% de su cat\u00e1logo con m\u00e1s de 10.000 productos, tanto en su tienda online como en la tienda f\u00edsica.<\/p>\n<p>Adem\u00e1s, la tienda f\u00edsica de\u00a0<strong>Donurmy<\/strong>, ubicada en la Avenida 9 d&#8217;Octubre, 8, 03450 Banyeres de Mariola, Alicante, abrir\u00e1 en horario especial dando servicio de forma exclusiva el s\u00e1bado por la tarde de 17:00 a 20:30 horas.<\/p>\n<p>Seg\u00fan datos de 2016, los ecommerce aumentaron su facturaci\u00f3n en Espa\u00f1a cerca de un 23%, rozando los 22.000 millones de euros. Es un dato normal, si tenemos en cuenta que un 70% de personas se han acostumbrado a las nuevas tecnolog\u00edas y realizan sus compras online, esto sit\u00faa a Espa\u00f1a en el cuarto pa\u00eds de la Uni\u00f3n Europea en el ranking de ventas online, por detr\u00e1s de potencias como Reino Unido, Alemania y Francia.<\/p>\n<p>En 2016, gracias al Black Friday, los ecommerce espa\u00f1oles llegaron a aumentar un 30% las ventas, donde los art\u00edculos relacionados con la tecnolog\u00eda, el deporte, la moda y los complementos son los m\u00e1s vendidos.<\/p>\n<p>Donurmy super\u00f3 con creces este porcentaje en 2016, situando su aumento de ventas en esta fecha alrededor del 600%. Por esta raz\u00f3n,\u00a0<strong><a href=\"http:\/\/www.donurmy.es\/\" target=\"_blank\" rel=\"nofollow noopener\"><span style=\"color: #ff6600;\">Donurmy<\/span><\/a>\u00a0<\/strong>decide extender el Black Friday durante dos d\u00eda, dando a sus m\u00e1s de 70.000 clientes las posibilidad de adquirir productos a precios \u00fanicos en el mercado.<\/p>\n<p>Sin ir m\u00e1s lejos, Google ha estimado que este a\u00f1o el Black Friday generar\u00e1 1,3 billones de euros, lo que supone un aumento del 15% respecto al a\u00f1o anterior.<\/p>\n<p>En este\u00a0<strong>\u201cBlack Friday, 2 d\u00edas sin IVA de Donurmy\u201d\u00a0<\/strong>los clientes podr\u00e1n adquirir desde productos dirigidos a la puericultura, que les ayudar\u00e1n a cubrir las necesidades de su beb\u00e9 con las mejores marcas del mercado. Pasando por art\u00edculos de decoraci\u00f3n como alfombras hasta velas arom\u00e1ticas y decorativas. Tambi\u00e9n, encontrar\u00e1n m\u00e1s de 2.500 productos dentro de la secci\u00f3n de ropa de cama para vestir el dormitorio con las \u00faltimas tendencia del mercado.<\/p>\n<\/div>\n<div id=\"datos_extra\" class=\"clearblock\">\n<div id=\"datos_contacto\" class=\"g6 flex\"><\/div>\n<\/div>\n","protected":false},"excerpt":{"rendered":"<p>El pr\u00f3ximo viernes 24 y s\u00e1bado 25 de noviembre la tienda especializada en textil hogar, puericultura, menaje de cocina y decoraci\u00f3n,\u00a0Donurmy, celebra el Black Friday con dos d\u00edas sin IVA en el 98% de su cat\u00e1logo con m\u00e1s de 10.000 productos, tanto en su tienda online como en la tienda f\u00edsica. Adem\u00e1s, la tienda f\u00edsica [&hellip;]<\/p>\n","protected":false},"author":1,"featured_media":960770,"comment_status":"closed","ping_status":"closed","sticky":false,"template":"","format":"standard","meta":{"footnotes":""},"categories":[187],"tags":[],"class_list":["post-960769","post","type-post","status-publish","format-standard","has-post-thumbnail","hentry","category-economia"],"aioseo_notices":[],"aioseo_head":"\n\t\t<!-- All in One SEO Pro 4.9.6.2 - aioseo.com -->\n\t<meta name=\"description\" content=\"El pr\u00f3ximo viernes 24 y s\u00e1bado 25 de noviembre la tienda especializada en textil hogar, puericultura, menaje de cocina y decoraci\u00f3n, Donurmy, celebra el Black Friday con dos d\u00edas sin IVA en el 98% de su cat\u00e1logo con m\u00e1s de 10.000 productos, tanto en su tienda online como en la tienda f\u00edsica. Adem\u00e1s, la tienda f\u00edsica\" \/>\n\t<meta name=\"robots\" content=\"max-image-preview:large\" \/>\n\t<meta name=\"author\" content=\"El Digital de Asturias\"\/>\n\t<meta name=\"google-site-verification\" content=\"UA-38556648-1\" \/>\n\t<meta name=\"msvalidate.01\" content=\"7dfe9f3f1b24437ab69f4f2559babe99\" \/>\n\t<meta name=\"keywords\" content=\"econom\u00eda\" \/>\n\t<link rel=\"canonical\" href=\"https:\/\/www.eldigitaldeasturias.com\/noticias\/donurmy-celebra-el-black-friday-con-dos-dias-sin-iva\/\" \/>\n\t<meta name=\"generator\" content=\"All in One SEO Pro (AIOSEO) 4.9.6.2\" \/>\n\t\t<meta property=\"og:locale\" content=\"es_ES\" \/>\n\t\t<meta property=\"og:site_name\" content=\"El Digital de Asturias\" \/>\n\t\t<meta property=\"og:type\" content=\"article\" \/>\n\t\t<meta property=\"og:title\" content=\"Donurmy celebra el Black Friday con dos d\u00edas sin IVA - El Digital de Asturias\" \/>\n\t\t<meta property=\"og:description\" content=\"El pr\u00f3ximo viernes 24 y s\u00e1bado 25 de noviembre la tienda especializada en textil hogar, puericultura, menaje de cocina y decoraci\u00f3n, Donurmy, celebra el Black Friday con dos d\u00edas sin IVA en el 98% de su cat\u00e1logo con m\u00e1s de 10.000 productos, tanto en su tienda online como en la tienda f\u00edsica. Adem\u00e1s, la tienda f\u00edsica\" \/>\n\t\t<meta property=\"og:url\" content=\"https:\/\/www.eldigitaldeasturias.com\/noticias\/donurmy-celebra-el-black-friday-con-dos-dias-sin-iva\/\" \/>\n\t\t<meta property=\"og:image\" content=\"https:\/\/www.eldigitaldeasturias.com\/noticias\/wp-content\/uploads\/2017\/11\/1511259455_.jpg\" \/>\n\t\t<meta property=\"og:image:secure_url\" content=\"https:\/\/www.eldigitaldeasturias.com\/noticias\/wp-content\/uploads\/2017\/11\/1511259455_.jpg\" \/>\n\t\t<meta property=\"og:image:width\" content=\"1984\" \/>\n\t\t<meta property=\"og:image:height\" content=\"1323\" \/>\n\t\t<meta property=\"article:tag\" content=\"econom\u00eda\" \/>\n\t\t<meta property=\"article:published_time\" content=\"2017-11-22T12:19:28+00:00\" \/>\n\t\t<meta property=\"article:modified_time\" content=\"2017-11-22T12:19:28+00:00\" \/>\n\t\t<meta property=\"article:publisher\" content=\"https:\/\/facebook.com\/eldigitaldeasturias\" \/>\n\t\t<meta name=\"twitter:card\" content=\"summary_large_image\" \/>\n\t\t<meta name=\"twitter:title\" content=\"Donurmy celebra el Black Friday con dos d\u00edas sin IVA - El Digital de Asturias\" \/>\n\t\t<meta name=\"twitter:description\" content=\"El pr\u00f3ximo viernes 24 y s\u00e1bado 25 de noviembre la tienda especializada en textil hogar, puericultura, menaje de cocina y decoraci\u00f3n, Donurmy, celebra el Black Friday con dos d\u00edas sin IVA en el 98% de su cat\u00e1logo con m\u00e1s de 10.000 productos, tanto en su tienda online como en la tienda f\u00edsica. Adem\u00e1s, la tienda f\u00edsica\" \/>\n\t\t<meta name=\"twitter:image\" content=\"https:\/\/www.eldigitaldeasturias.com\/noticias\/wp-content\/uploads\/2017\/11\/1511259455_.jpg\" \/>\n\t\t<meta name=\"twitter:label1\" content=\"Escrito por\" \/>\n\t\t<meta name=\"twitter:data1\" content=\"El Digital de Asturias\" \/>\n\t\t<meta name=\"twitter:label2\" content=\"Tiempo de lectura estimado\" \/>\n\t\t<meta name=\"twitter:data2\" content=\"2 minutos\" \/>\n\t\t<script type=\"application\/ld+json\" class=\"aioseo-schema\">\n\t\t\t{\"@context\":\"https:\\\/\\\/schema.org\",\"@graph\":[{\"@type\":\"BlogPosting\",\"@id\":\"https:\\\/\\\/www.eldigitaldeasturias.com\\\/noticias\\\/donurmy-celebra-el-black-friday-con-dos-dias-sin-iva\\\/#blogposting\",\"name\":\"Donurmy celebra el Black Friday con dos d\\u00edas sin IVA - El Digital de Asturias\",\"headline\":\"Donurmy celebra el Black Friday con dos d\\u00edas sin IVA\",\"author\":{\"@id\":\"https:\\\/\\\/www.eldigitaldeasturias.com\\\/noticias\\\/author\\\/admin\\\/#author\"},\"publisher\":{\"@id\":\"https:\\\/\\\/www.eldigitaldeasturias.com\\\/noticias\\\/#organization\"},\"image\":{\"@type\":\"ImageObject\",\"url\":\"https:\\\/\\\/www.eldigitaldeasturias.com\\\/noticias\\\/wp-content\\\/uploads\\\/2017\\\/11\\\/1511259455_.jpg\",\"width\":1984,\"height\":1323},\"datePublished\":\"2017-11-22T12:19:28+01:00\",\"dateModified\":\"2017-11-22T12:19:28+01:00\",\"inLanguage\":\"es-ES\",\"mainEntityOfPage\":{\"@id\":\"https:\\\/\\\/www.eldigitaldeasturias.com\\\/noticias\\\/donurmy-celebra-el-black-friday-con-dos-dias-sin-iva\\\/#webpage\"},\"isPartOf\":{\"@id\":\"https:\\\/\\\/www.eldigitaldeasturias.com\\\/noticias\\\/donurmy-celebra-el-black-friday-con-dos-dias-sin-iva\\\/#webpage\"},\"articleSection\":\"Econom\\u00eda\"},{\"@type\":\"BreadcrumbList\",\"@id\":\"https:\\\/\\\/www.eldigitaldeasturias.com\\\/noticias\\\/donurmy-celebra-el-black-friday-con-dos-dias-sin-iva\\\/#breadcrumblist\",\"itemListElement\":[{\"@type\":\"ListItem\",\"@id\":\"https:\\\/\\\/www.eldigitaldeasturias.com\\\/noticias#listItem\",\"position\":1,\"name\":\"Home\",\"item\":\"https:\\\/\\\/www.eldigitaldeasturias.com\\\/noticias\",\"nextItem\":{\"@type\":\"ListItem\",\"@id\":\"https:\\\/\\\/www.eldigitaldeasturias.com\\\/noticias\\\/category\\\/economia\\\/#listItem\",\"name\":\"Econom\\u00eda\"}},{\"@type\":\"ListItem\",\"@id\":\"https:\\\/\\\/www.eldigitaldeasturias.com\\\/noticias\\\/category\\\/economia\\\/#listItem\",\"position\":2,\"name\":\"Econom\\u00eda\",\"item\":\"https:\\\/\\\/www.eldigitaldeasturias.com\\\/noticias\\\/category\\\/economia\\\/\",\"nextItem\":{\"@type\":\"ListItem\",\"@id\":\"https:\\\/\\\/www.eldigitaldeasturias.com\\\/noticias\\\/donurmy-celebra-el-black-friday-con-dos-dias-sin-iva\\\/#listItem\",\"name\":\"Donurmy celebra el Black Friday con dos d\\u00edas sin IVA\"},\"previousItem\":{\"@type\":\"ListItem\",\"@id\":\"https:\\\/\\\/www.eldigitaldeasturias.com\\\/noticias#listItem\",\"name\":\"Home\"}},{\"@type\":\"ListItem\",\"@id\":\"https:\\\/\\\/www.eldigitaldeasturias.com\\\/noticias\\\/donurmy-celebra-el-black-friday-con-dos-dias-sin-iva\\\/#listItem\",\"position\":3,\"name\":\"Donurmy celebra el Black Friday con dos d\\u00edas sin IVA\",\"previousItem\":{\"@type\":\"ListItem\",\"@id\":\"https:\\\/\\\/www.eldigitaldeasturias.com\\\/noticias\\\/category\\\/economia\\\/#listItem\",\"name\":\"Econom\\u00eda\"}}]},{\"@type\":\"Organization\",\"@id\":\"https:\\\/\\\/www.eldigitaldeasturias.com\\\/noticias\\\/#organization\",\"name\":\"El Digital de Asturias\",\"description\":\"Hemeroteca\",\"url\":\"https:\\\/\\\/www.eldigitaldeasturias.com\\\/noticias\\\/\",\"email\":\"info@eldigitaldeasturias.com\",\"telephone\":\"+34652131393\",\"logo\":{\"@type\":\"ImageObject\",\"url\":\"https:\\\/\\\/www.eldigitaldeasturias.com\\\/noticias\\\/wp-content\\\/uploads\\\/2020\\\/12\\\/EDA.jpg\",\"@id\":\"https:\\\/\\\/www.eldigitaldeasturias.com\\\/noticias\\\/donurmy-celebra-el-black-friday-con-dos-dias-sin-iva\\\/#organizationLogo\",\"width\":649,\"height\":297},\"image\":{\"@id\":\"https:\\\/\\\/www.eldigitaldeasturias.com\\\/noticias\\\/donurmy-celebra-el-black-friday-con-dos-dias-sin-iva\\\/#organizationLogo\"},\"sameAs\":[\"https:\\\/\\\/facebook.com\\\/eldigitaldeasturias\",\"https:\\\/\\\/www.youtube.com\\\/channel\\\/UCZP-2wLEB9Rv6erhFmqVnvg\"],\"address\":{\"@id\":\"https:\\\/\\\/www.eldigitaldeasturias.com\\\/noticias\\\/#postaladdress\",\"@type\":\"PostalAddress\",\"streetAddress\":\"san antonio 4,\",\"postalCode\":\"33430\",\"addressLocality\":\"Cand\\u00e1s\",\"addressRegion\":\"Asturias\",\"addressCountry\":\"ES\"}},{\"@type\":\"Person\",\"@id\":\"https:\\\/\\\/www.eldigitaldeasturias.com\\\/noticias\\\/author\\\/admin\\\/#author\",\"url\":\"https:\\\/\\\/www.eldigitaldeasturias.com\\\/noticias\\\/author\\\/admin\\\/\",\"name\":\"El Digital de Asturias\",\"image\":{\"@type\":\"ImageObject\",\"@id\":\"https:\\\/\\\/www.eldigitaldeasturias.com\\\/noticias\\\/donurmy-celebra-el-black-friday-con-dos-dias-sin-iva\\\/#authorImage\",\"url\":\"https:\\\/\\\/www.eldigitaldeasturias.com\\\/noticias\\\/wp-content\\\/litespeed\\\/avatar\\\/18677e78aa0546b92d9dbf31ec7d7668.jpg?ver=1776685526\",\"width\":96,\"height\":96,\"caption\":\"El Digital de Asturias\"}},{\"@type\":\"WebPage\",\"@id\":\"https:\\\/\\\/www.eldigitaldeasturias.com\\\/noticias\\\/donurmy-celebra-el-black-friday-con-dos-dias-sin-iva\\\/#webpage\",\"url\":\"https:\\\/\\\/www.eldigitaldeasturias.com\\\/noticias\\\/donurmy-celebra-el-black-friday-con-dos-dias-sin-iva\\\/\",\"name\":\"Donurmy celebra el Black Friday con dos d\\u00edas sin IVA - El Digital de Asturias\",\"description\":\"El pr\\u00f3ximo viernes 24 y s\\u00e1bado 25 de noviembre la tienda especializada en textil hogar, puericultura, menaje de cocina y decoraci\\u00f3n, Donurmy, celebra el Black Friday con dos d\\u00edas sin IVA en el 98% de su cat\\u00e1logo con m\\u00e1s de 10.000 productos, tanto en su tienda online como en la tienda f\\u00edsica. Adem\\u00e1s, la tienda f\\u00edsica\",\"inLanguage\":\"es-ES\",\"isPartOf\":{\"@id\":\"https:\\\/\\\/www.eldigitaldeasturias.com\\\/noticias\\\/#website\"},\"breadcrumb\":{\"@id\":\"https:\\\/\\\/www.eldigitaldeasturias.com\\\/noticias\\\/donurmy-celebra-el-black-friday-con-dos-dias-sin-iva\\\/#breadcrumblist\"},\"author\":{\"@id\":\"https:\\\/\\\/www.eldigitaldeasturias.com\\\/noticias\\\/author\\\/admin\\\/#author\"},\"creator\":{\"@id\":\"https:\\\/\\\/www.eldigitaldeasturias.com\\\/noticias\\\/author\\\/admin\\\/#author\"},\"image\":{\"@type\":\"ImageObject\",\"url\":\"https:\\\/\\\/www.eldigitaldeasturias.com\\\/noticias\\\/wp-content\\\/uploads\\\/2017\\\/11\\\/1511259455_.jpg\",\"@id\":\"https:\\\/\\\/www.eldigitaldeasturias.com\\\/noticias\\\/donurmy-celebra-el-black-friday-con-dos-dias-sin-iva\\\/#mainImage\",\"width\":1984,\"height\":1323},\"primaryImageOfPage\":{\"@id\":\"https:\\\/\\\/www.eldigitaldeasturias.com\\\/noticias\\\/donurmy-celebra-el-black-friday-con-dos-dias-sin-iva\\\/#mainImage\"},\"datePublished\":\"2017-11-22T12:19:28+01:00\",\"dateModified\":\"2017-11-22T12:19:28+01:00\"},{\"@type\":\"WebSite\",\"@id\":\"https:\\\/\\\/www.eldigitaldeasturias.com\\\/noticias\\\/#website\",\"url\":\"https:\\\/\\\/www.eldigitaldeasturias.com\\\/noticias\\\/\",\"name\":\"El Digital de Asturias - Diario de actualidad y noticias\",\"alternateName\":\"El Digital de Asturias - Diario de actualidad y noticias\",\"description\":\"Hemeroteca\",\"inLanguage\":\"es-ES\",\"publisher\":{\"@id\":\"https:\\\/\\\/www.eldigitaldeasturias.com\\\/noticias\\\/#organization\"}}]}\n\t\t<\/script>\n\t\t<!-- All in One SEO Pro -->\r\n\t\t<title>Donurmy celebra el Black Friday con dos d\u00edas sin IVA - El Digital de Asturias<\/title>\n\n","aioseo_head_json":{"title":"Donurmy celebra el Black Friday con dos d\u00edas sin IVA - El Digital de Asturias","description":"El pr\u00f3ximo viernes 24 y s\u00e1bado 25 de noviembre la tienda especializada en textil hogar, puericultura, menaje de cocina y decoraci\u00f3n, Donurmy, celebra el Black Friday con dos d\u00edas sin IVA en el 98% de su cat\u00e1logo con m\u00e1s de 10.000 productos, tanto en su tienda online como en la tienda f\u00edsica. Adem\u00e1s, la tienda f\u00edsica","canonical_url":"https:\/\/www.eldigitaldeasturias.com\/noticias\/donurmy-celebra-el-black-friday-con-dos-dias-sin-iva\/","robots":"max-image-preview:large","keywords":"econom\u00eda","webmasterTools":{"google-site-verification":"UA-38556648-1","msvalidate.01":"7dfe9f3f1b24437ab69f4f2559babe99","miscellaneous":""},"schema":{"@context":"https:\/\/schema.org","@graph":[{"@type":"BlogPosting","@id":"https:\/\/www.eldigitaldeasturias.com\/noticias\/donurmy-celebra-el-black-friday-con-dos-dias-sin-iva\/#blogposting","name":"Donurmy celebra el Black Friday con dos d\u00edas sin IVA - El Digital de Asturias","headline":"Donurmy celebra el Black Friday con dos d\u00edas sin IVA","author":{"@id":"https:\/\/www.eldigitaldeasturias.com\/noticias\/author\/admin\/#author"},"publisher":{"@id":"https:\/\/www.eldigitaldeasturias.com\/noticias\/#organization"},"image":{"@type":"ImageObject","url":"https:\/\/www.eldigitaldeasturias.com\/noticias\/wp-content\/uploads\/2017\/11\/1511259455_.jpg","width":1984,"height":1323},"datePublished":"2017-11-22T12:19:28+01:00","dateModified":"2017-11-22T12:19:28+01:00","inLanguage":"es-ES","mainEntityOfPage":{"@id":"https:\/\/www.eldigitaldeasturias.com\/noticias\/donurmy-celebra-el-black-friday-con-dos-dias-sin-iva\/#webpage"},"isPartOf":{"@id":"https:\/\/www.eldigitaldeasturias.com\/noticias\/donurmy-celebra-el-black-friday-con-dos-dias-sin-iva\/#webpage"},"articleSection":"Econom\u00eda"},{"@type":"BreadcrumbList","@id":"https:\/\/www.eldigitaldeasturias.com\/noticias\/donurmy-celebra-el-black-friday-con-dos-dias-sin-iva\/#breadcrumblist","itemListElement":[{"@type":"ListItem","@id":"https:\/\/www.eldigitaldeasturias.com\/noticias#listItem","position":1,"name":"Home","item":"https:\/\/www.eldigitaldeasturias.com\/noticias","nextItem":{"@type":"ListItem","@id":"https:\/\/www.eldigitaldeasturias.com\/noticias\/category\/economia\/#listItem","name":"Econom\u00eda"}},{"@type":"ListItem","@id":"https:\/\/www.eldigitaldeasturias.com\/noticias\/category\/economia\/#listItem","position":2,"name":"Econom\u00eda","item":"https:\/\/www.eldigitaldeasturias.com\/noticias\/category\/economia\/","nextItem":{"@type":"ListItem","@id":"https:\/\/www.eldigitaldeasturias.com\/noticias\/donurmy-celebra-el-black-friday-con-dos-dias-sin-iva\/#listItem","name":"Donurmy celebra el Black Friday con dos d\u00edas sin IVA"},"previousItem":{"@type":"ListItem","@id":"https:\/\/www.eldigitaldeasturias.com\/noticias#listItem","name":"Home"}},{"@type":"ListItem","@id":"https:\/\/www.eldigitaldeasturias.com\/noticias\/donurmy-celebra-el-black-friday-con-dos-dias-sin-iva\/#listItem","position":3,"name":"Donurmy celebra el Black Friday con dos d\u00edas sin IVA","previousItem":{"@type":"ListItem","@id":"https:\/\/www.eldigitaldeasturias.com\/noticias\/category\/economia\/#listItem","name":"Econom\u00eda"}}]},{"@type":"Organization","@id":"https:\/\/www.eldigitaldeasturias.com\/noticias\/#organization","name":"El Digital de Asturias","description":"Hemeroteca","url":"https:\/\/www.eldigitaldeasturias.com\/noticias\/","email":"info@eldigitaldeasturias.com","telephone":"+34652131393","logo":{"@type":"ImageObject","url":"https:\/\/www.eldigitaldeasturias.com\/noticias\/wp-content\/uploads\/2020\/12\/EDA.jpg","@id":"https:\/\/www.eldigitaldeasturias.com\/noticias\/donurmy-celebra-el-black-friday-con-dos-dias-sin-iva\/#organizationLogo","width":649,"height":297},"image":{"@id":"https:\/\/www.eldigitaldeasturias.com\/noticias\/donurmy-celebra-el-black-friday-con-dos-dias-sin-iva\/#organizationLogo"},"sameAs":["https:\/\/facebook.com\/eldigitaldeasturias","https:\/\/www.youtube.com\/channel\/UCZP-2wLEB9Rv6erhFmqVnvg"],"address":{"@id":"https:\/\/www.eldigitaldeasturias.com\/noticias\/#postaladdress","@type":"PostalAddress","streetAddress":"san antonio 4,","postalCode":"33430","addressLocality":"Cand\u00e1s","addressRegion":"Asturias","addressCountry":"ES"}},{"@type":"Person","@id":"https:\/\/www.eldigitaldeasturias.com\/noticias\/author\/admin\/#author","url":"https:\/\/www.eldigitaldeasturias.com\/noticias\/author\/admin\/","name":"El Digital de Asturias","image":{"@type":"ImageObject","@id":"https:\/\/www.eldigitaldeasturias.com\/noticias\/donurmy-celebra-el-black-friday-con-dos-dias-sin-iva\/#authorImage","url":"https:\/\/www.eldigitaldeasturias.com\/noticias\/wp-content\/litespeed\/avatar\/18677e78aa0546b92d9dbf31ec7d7668.jpg?ver=1776685526","width":96,"height":96,"caption":"El Digital de Asturias"}},{"@type":"WebPage","@id":"https:\/\/www.eldigitaldeasturias.com\/noticias\/donurmy-celebra-el-black-friday-con-dos-dias-sin-iva\/#webpage","url":"https:\/\/www.eldigitaldeasturias.com\/noticias\/donurmy-celebra-el-black-friday-con-dos-dias-sin-iva\/","name":"Donurmy celebra el Black Friday con dos d\u00edas sin IVA - El Digital de Asturias","description":"El pr\u00f3ximo viernes 24 y s\u00e1bado 25 de noviembre la tienda especializada en textil hogar, puericultura, menaje de cocina y decoraci\u00f3n, Donurmy, celebra el Black Friday con dos d\u00edas sin IVA en el 98% de su cat\u00e1logo con m\u00e1s de 10.000 productos, tanto en su tienda online como en la tienda f\u00edsica. Adem\u00e1s, la tienda f\u00edsica","inLanguage":"es-ES","isPartOf":{"@id":"https:\/\/www.eldigitaldeasturias.com\/noticias\/#website"},"breadcrumb":{"@id":"https:\/\/www.eldigitaldeasturias.com\/noticias\/donurmy-celebra-el-black-friday-con-dos-dias-sin-iva\/#breadcrumblist"},"author":{"@id":"https:\/\/www.eldigitaldeasturias.com\/noticias\/author\/admin\/#author"},"creator":{"@id":"https:\/\/www.eldigitaldeasturias.com\/noticias\/author\/admin\/#author"},"image":{"@type":"ImageObject","url":"https:\/\/www.eldigitaldeasturias.com\/noticias\/wp-content\/uploads\/2017\/11\/1511259455_.jpg","@id":"https:\/\/www.eldigitaldeasturias.com\/noticias\/donurmy-celebra-el-black-friday-con-dos-dias-sin-iva\/#mainImage","width":1984,"height":1323},"primaryImageOfPage":{"@id":"https:\/\/www.eldigitaldeasturias.com\/noticias\/donurmy-celebra-el-black-friday-con-dos-dias-sin-iva\/#mainImage"},"datePublished":"2017-11-22T12:19:28+01:00","dateModified":"2017-11-22T12:19:28+01:00"},{"@type":"WebSite","@id":"https:\/\/www.eldigitaldeasturias.com\/noticias\/#website","url":"https:\/\/www.eldigitaldeasturias.com\/noticias\/","name":"El Digital de Asturias - Diario de actualidad y noticias","alternateName":"El Digital de Asturias - Diario de actualidad y noticias","description":"Hemeroteca","inLanguage":"es-ES","publisher":{"@id":"https:\/\/www.eldigitaldeasturias.com\/noticias\/#organization"}}]},"og:locale":"es_ES","og:site_name":"El Digital de Asturias","og:type":"article","og:title":"Donurmy celebra el Black Friday con dos d\u00edas sin IVA - El Digital de Asturias","og:description":"El pr\u00f3ximo viernes 24 y s\u00e1bado 25 de noviembre la tienda especializada en textil hogar, puericultura, menaje de cocina y decoraci\u00f3n, Donurmy, celebra el Black Friday con dos d\u00edas sin IVA en el 98% de su cat\u00e1logo con m\u00e1s de 10.000 productos, tanto en su tienda online como en la tienda f\u00edsica. Adem\u00e1s, la tienda f\u00edsica","og:url":"https:\/\/www.eldigitaldeasturias.com\/noticias\/donurmy-celebra-el-black-friday-con-dos-dias-sin-iva\/","og:image":"https:\/\/www.eldigitaldeasturias.com\/noticias\/wp-content\/uploads\/2017\/11\/1511259455_.jpg","og:image:secure_url":"https:\/\/www.eldigitaldeasturias.com\/noticias\/wp-content\/uploads\/2017\/11\/1511259455_.jpg","og:image:width":1984,"og:image:height":1323,"article:tag":["econom\u00eda"],"article:published_time":"2017-11-22T12:19:28+00:00","article:modified_time":"2017-11-22T12:19:28+00:00","article:publisher":"https:\/\/facebook.com\/eldigitaldeasturias","twitter:card":"summary_large_image","twitter:title":"Donurmy celebra el Black Friday con dos d\u00edas sin IVA - El Digital de Asturias","twitter:description":"El pr\u00f3ximo viernes 24 y s\u00e1bado 25 de noviembre la tienda especializada en textil hogar, puericultura, menaje de cocina y decoraci\u00f3n, Donurmy, celebra el Black Friday con dos d\u00edas sin IVA en el 98% de su cat\u00e1logo con m\u00e1s de 10.000 productos, tanto en su tienda online como en la tienda f\u00edsica. Adem\u00e1s, la tienda f\u00edsica","twitter:image":"https:\/\/www.eldigitaldeasturias.com\/noticias\/wp-content\/uploads\/2017\/11\/1511259455_.jpg","twitter:label1":"Escrito por","twitter:data1":"El Digital de Asturias","twitter:label2":"Tiempo de lectura estimado","twitter:data2":"2 minutos"},"aioseo_meta_data":{"post_id":"960769","title":null,"description":null,"keywords":null,"keyphrases":null,"primary_term":null,"canonical_url":null,"og_title":null,"og_description":null,"og_object_type":"default","og_image_type":"default","og_image_url":null,"og_image_width":null,"og_image_height":null,"og_image_custom_url":null,"og_image_custom_fields":null,"og_video":null,"og_custom_url":null,"og_article_section":null,"og_article_tags":null,"twitter_use_og":false,"twitter_card":"default","twitter_image_type":"default","twitter_image_url":null,"twitter_image_custom_url":null,"twitter_image_custom_fields":null,"twitter_title":null,"twitter_description":null,"schema":{"blockGraphs":[],"customGraphs":[],"default":{"data":{"Article":[],"Course":[],"Dataset":[],"FAQPage":[],"Movie":[],"Person":[],"Product":[],"ProductReview":[],"Car":[],"Recipe":[],"Service":[],"SoftwareApplication":[],"WebPage":[]},"graphName":"","isEnabled":true},"graphs":[],"defaultGraph":"","defaultPostTypeGraph":""},"schema_type":null,"schema_type_options":null,"pillar_content":false,"robots_default":true,"robots_noindex":false,"robots_noarchive":false,"robots_nosnippet":false,"robots_nofollow":false,"robots_noimageindex":false,"robots_noodp":false,"robots_notranslate":false,"robots_max_snippet":null,"robots_max_videopreview":null,"robots_max_imagepreview":"large","priority":null,"frequency":null,"local_seo":null,"seo_analyzer_scan_date":"2025-12-07 06:30:14","breadcrumb_settings":null,"limit_modified_date":false,"open_ai":null,"ai":null,"created":"2020-12-21 12:51:38","updated":"2025-12-07 06:30:14"},"aioseo_breadcrumb":"<div class=\"aioseo-breadcrumbs\"><span class=\"aioseo-breadcrumb\">\n\t<a href=\"https:\/\/www.eldigitaldeasturias.com\/noticias\" title=\"Home\">Home<\/a>\n<\/span><span class=\"aioseo-breadcrumb-separator\">\u2013<\/span><span class=\"aioseo-breadcrumb\">\n\t<a href=\"https:\/\/www.eldigitaldeasturias.com\/noticias\/category\/economia\/\" title=\"Econom\u00eda\">Econom\u00eda<\/a>\n<\/span><span class=\"aioseo-breadcrumb-separator\">\u2013<\/span><span class=\"aioseo-breadcrumb\">\n\t<a href=\"https:\/\/www.eldigitaldeasturias.com\/noticias\/donurmy-celebra-el-black-friday-con-dos-dias-sin-iva\/\" title=\"Donurmy celebra el Black Friday con dos d\u00edas sin IVA\">Donurmy celebra el Black Friday con dos d\u00edas sin IVA<\/a>\n<\/span><\/div>","aioseo_breadcrumb_json":[{"label":"Home","link":"https:\/\/www.eldigitaldeasturias.com\/noticias"},{"label":"Econom\u00eda","link":"https:\/\/www.eldigitaldeasturias.com\/noticias\/category\/economia\/"},{"label":"Donurmy celebra el Black Friday con dos d\u00edas sin IVA","link":"https:\/\/www.eldigitaldeasturias.com\/noticias\/donurmy-celebra-el-black-friday-con-dos-dias-sin-iva\/"}],"_links":{"self":[{"href":"https:\/\/www.eldigitaldeasturias.com\/noticias\/wp-json\/wp\/v2\/posts\/960769","targetHints":{"allow":["GET"]}}],"collection":[{"href":"https:\/\/www.eldigitaldeasturias.com\/noticias\/wp-json\/wp\/v2\/posts"}],"about":[{"href":"https:\/\/www.eldigitaldeasturias.com\/noticias\/wp-json\/wp\/v2\/types\/post"}],"author":[{"embeddable":true,"href":"https:\/\/www.eldigitaldeasturias.com\/noticias\/wp-json\/wp\/v2\/users\/1"}],"replies":[{"embeddable":true,"href":"https:\/\/www.eldigitaldeasturias.com\/noticias\/wp-json\/wp\/v2\/comments?post=960769"}],"version-history":[{"count":0,"href":"https:\/\/www.eldigitaldeasturias.com\/noticias\/wp-json\/wp\/v2\/posts\/960769\/revisions"}],"wp:featuredmedia":[{"embeddable":true,"href":"https:\/\/www.eldigitaldeasturias.com\/noticias\/wp-json\/wp\/v2\/media\/960770"}],"wp:attachment":[{"href":"https:\/\/www.eldigitaldeasturias.com\/noticias\/wp-json\/wp\/v2\/media?parent=960769"}],"wp:term":[{"taxonomy":"category","embeddable":true,"href":"https:\/\/www.eldigitaldeasturias.com\/noticias\/wp-json\/wp\/v2\/categories?post=960769"},{"taxonomy":"post_tag","embeddable":true,"href":"https:\/\/www.eldigitaldeasturias.com\/noticias\/wp-json\/wp\/v2\/tags?post=960769"}],"curies":[{"name":"wp","href":"https:\/\/api.w.org\/{rel}","templated":true}]}}