{"id":960709,"date":"2017-11-22T06:40:32","date_gmt":"2017-11-22T06:40:32","guid":{"rendered":"http:\/\/www.eldigitaldeasturias.com\/noticias\/?p=960709"},"modified":"2017-11-22T06:40:32","modified_gmt":"2017-11-22T06:40:32","slug":"de-la-serna-visita-las-obras-de-la-linea-2-del-metro-de-lima","status":"publish","type":"post","link":"https:\/\/www.eldigitaldeasturias.com\/noticias\/de-la-serna-visita-las-obras-de-la-linea-2-del-metro-de-lima\/","title":{"rendered":"De la Serna visita las obras de la l\u00ednea 2 del metro de Lima"},"content":{"rendered":"<p><img loading=\"lazy\" decoding=\"async\" class=\"alignleft size-medium wp-image-960710\" src=\"https:\/\/www.eldigitaldeasturias.com\/noticias\/wp-content\/uploads\/2017\/11\/21112017_FomentoPeru-360x239.jpg\" alt=\"\" width=\"360\" height=\"239\" srcset=\"https:\/\/www.eldigitaldeasturias.com\/noticias\/wp-content\/uploads\/2017\/11\/21112017_FomentoPeru-360x239.jpg 360w, https:\/\/www.eldigitaldeasturias.com\/noticias\/wp-content\/uploads\/2017\/11\/21112017_FomentoPeru.jpg 496w\" sizes=\"auto, (max-width: 360px) 100vw, 360px\" \/>El ministro de Fomento, \u00cd\u00f1igo de la Serna, ha visitado las obras de la l\u00ednea 2 del metro de Lima, que est\u00e1 construyendo un consorcio liderado por dos empresas espa\u00f1olas.<br \/>\nEsta visita se enmarca dentro del viaje de De la Serna a Per\u00fa para apoyar la participaci\u00f3n de las empresas espa\u00f1olas en los grandes proyectos de infraestructuras y transportes de este pa\u00eds.<\/p>\n<p>El contrato de estas obras incluye el dise\u00f1o, construcci\u00f3n, financiaci\u00f3n, operaci\u00f3n y mantenimiento de la l\u00ednea 2 del metro de Lima y un ramal de la l\u00ednea 4 que llegar\u00e1 hasta el aeropuerto, supone una inversi\u00f3n de m\u00e1s de 3.900 millones de euros. En total, se construir\u00e1n 35 estaciones de metro subterr\u00e1neas unidas a lo largo de 35 kil\u00f3metros de t\u00faneles que cubrir\u00e1 el eje Este-Oeste de Lima desde Ate hasta Callao.<\/p>\n<p>Se trata de una de las mayores obras de infraestructuras conseguidas por empresas espa\u00f1olas en el exterior, junto con el Canal de Panam\u00e1, el AVE a La Meca y el metro de Riad, y uno de los proyectos de infraestructuras de transporte m\u00e1s importantes de la historia de Per\u00fa.<\/p>\n<p><strong>Caracter\u00edsticas del proyecto<\/strong><\/p>\n<p>La l\u00ednea 2 comprende un corredor ferroviario subterr\u00e1neo de este-oeste de 26,87 kil\u00f3metros con 27 estaciones que se recorrer\u00e1n en un tiempo estimado de 45 minutos entre el Puerto del Callao y la Municipalidad de Ate (actualmente se hace en 2 horas y 30 minutos en transporte p\u00fablico). En un principio se espera transportar 660.000 pasajeros al d\u00eda, con una proyecci\u00f3n de incrementar a 1,2 millones de viajes por d\u00eda.<\/p>\n<p>Esta l\u00ednea de metro supondr\u00e1 una verdadera transformaci\u00f3n urbana de la capital peruana, ya que muchos terrenos en superficie por donde transcurrir\u00e1 el nuevo metro se convertir\u00e1n en zonas verdes. Adem\u00e1s, este medio de transporte es sostenible, con un 0% de gases contaminantes debido a que el suministro se hace a trav\u00e9s de la energ\u00eda el\u00e9ctrica.<\/p>\n<p>El modelo utilizado para este proyecto fue el de Asociaci\u00f3n P\u00fablico Privada (APP).<\/p>\n<p><strong>Otros proyectos de infraestructuras del Gobierno de Per\u00fa<\/strong><\/p>\n<p>Dentro de la infraestructura del metro lime\u00f1o tambi\u00e9n est\u00e1 previsto que en breve se pueda adjudicar la concesi\u00f3n del dise\u00f1o, financiaci\u00f3n, construcci\u00f3n, provisi\u00f3n de mantenimiento electromec\u00e1nico, adquisici\u00f3n de material rodante, operaci\u00f3n y mantenimiento de la l\u00ednea 3, as\u00ed como la concesi\u00f3n de la l\u00ednea 4.<\/p>\n<p>Otros proyectos del Gobierno peruano en infraestructuras ferroviarias, son el t\u00fanel trasandino del centro de Per\u00fa y el tren bioce\u00e1nico, una l\u00ednea que discurrir\u00e1 por otros cuatro pa\u00edses (Brasil, Bolivia, Paraguay y Uruguay).<\/p>\n<p>Asimismo, el Gobierno est\u00e1 implicado en proyectos de mejora de la infraestructura y construcci\u00f3n aeroportuaria.<\/p>\n","protected":false},"excerpt":{"rendered":"<p>El ministro de Fomento, \u00cd\u00f1igo de la Serna, ha visitado las obras de la l\u00ednea 2 del metro de Lima, que est\u00e1 construyendo un consorcio liderado por dos empresas espa\u00f1olas. Esta visita se enmarca dentro del viaje de De la Serna a Per\u00fa para apoyar la participaci\u00f3n de las empresas espa\u00f1olas en los grandes proyectos [&hellip;]<\/p>\n","protected":false},"author":1,"featured_media":960710,"comment_status":"closed","ping_status":"closed","sticky":false,"template":"","format":"standard","meta":{"footnotes":""},"categories":[187],"tags":[],"class_list":["post-960709","post","type-post","status-publish","format-standard","has-post-thumbnail","hentry","category-economia"],"aioseo_notices":[],"aioseo_head":"\n\t\t<!-- All in One SEO Pro 4.9.6.2 - aioseo.com -->\n\t<meta name=\"description\" content=\"El ministro de Fomento, \u00cd\u00f1igo de la Serna, ha visitado las obras de la l\u00ednea 2 del metro de Lima, que est\u00e1 construyendo un consorcio liderado por dos empresas espa\u00f1olas. Esta visita se enmarca dentro del viaje de De la Serna a Per\u00fa para apoyar la participaci\u00f3n de las empresas espa\u00f1olas en los grandes proyectos\" \/>\n\t<meta name=\"robots\" content=\"max-image-preview:large\" \/>\n\t<meta name=\"author\" content=\"El Digital de Asturias\"\/>\n\t<meta name=\"google-site-verification\" content=\"UA-38556648-1\" \/>\n\t<meta name=\"msvalidate.01\" content=\"7dfe9f3f1b24437ab69f4f2559babe99\" \/>\n\t<meta name=\"keywords\" content=\"econom\u00eda\" \/>\n\t<link rel=\"canonical\" href=\"https:\/\/www.eldigitaldeasturias.com\/noticias\/de-la-serna-visita-las-obras-de-la-linea-2-del-metro-de-lima\/\" \/>\n\t<meta name=\"generator\" content=\"All in One SEO Pro (AIOSEO) 4.9.6.2\" \/>\n\t\t<meta property=\"og:locale\" content=\"es_ES\" \/>\n\t\t<meta property=\"og:site_name\" content=\"El Digital de Asturias\" \/>\n\t\t<meta property=\"og:type\" content=\"article\" \/>\n\t\t<meta property=\"og:title\" content=\"De la Serna visita las obras de la l\u00ednea 2 del metro de Lima - El Digital de Asturias\" \/>\n\t\t<meta property=\"og:description\" content=\"El ministro de Fomento, \u00cd\u00f1igo de la Serna, ha visitado las obras de la l\u00ednea 2 del metro de Lima, que est\u00e1 construyendo un consorcio liderado por dos empresas espa\u00f1olas. Esta visita se enmarca dentro del viaje de De la Serna a Per\u00fa para apoyar la participaci\u00f3n de las empresas espa\u00f1olas en los grandes proyectos\" \/>\n\t\t<meta property=\"og:url\" content=\"https:\/\/www.eldigitaldeasturias.com\/noticias\/de-la-serna-visita-las-obras-de-la-linea-2-del-metro-de-lima\/\" \/>\n\t\t<meta property=\"og:image\" content=\"https:\/\/www.eldigitaldeasturias.com\/noticias\/wp-content\/uploads\/2017\/11\/21112017_FomentoPeru.jpg\" \/>\n\t\t<meta property=\"og:image:secure_url\" content=\"https:\/\/www.eldigitaldeasturias.com\/noticias\/wp-content\/uploads\/2017\/11\/21112017_FomentoPeru.jpg\" \/>\n\t\t<meta property=\"og:image:width\" content=\"496\" \/>\n\t\t<meta property=\"og:image:height\" content=\"329\" \/>\n\t\t<meta property=\"article:tag\" content=\"econom\u00eda\" \/>\n\t\t<meta property=\"article:published_time\" content=\"2017-11-22T06:40:32+00:00\" \/>\n\t\t<meta property=\"article:modified_time\" content=\"2017-11-22T06:40:32+00:00\" \/>\n\t\t<meta property=\"article:publisher\" content=\"https:\/\/facebook.com\/eldigitaldeasturias\" \/>\n\t\t<meta name=\"twitter:card\" content=\"summary_large_image\" \/>\n\t\t<meta name=\"twitter:title\" content=\"De la Serna visita las obras de la l\u00ednea 2 del metro de Lima - El Digital de Asturias\" \/>\n\t\t<meta name=\"twitter:description\" content=\"El ministro de Fomento, \u00cd\u00f1igo de la Serna, ha visitado las obras de la l\u00ednea 2 del metro de Lima, que est\u00e1 construyendo un consorcio liderado por dos empresas espa\u00f1olas. Esta visita se enmarca dentro del viaje de De la Serna a Per\u00fa para apoyar la participaci\u00f3n de las empresas espa\u00f1olas en los grandes proyectos\" \/>\n\t\t<meta name=\"twitter:image\" content=\"https:\/\/www.eldigitaldeasturias.com\/noticias\/wp-content\/uploads\/2017\/11\/21112017_FomentoPeru.jpg\" \/>\n\t\t<meta name=\"twitter:label1\" content=\"Escrito por\" \/>\n\t\t<meta name=\"twitter:data1\" content=\"El Digital de Asturias\" \/>\n\t\t<meta name=\"twitter:label2\" content=\"Tiempo de lectura estimado\" \/>\n\t\t<meta name=\"twitter:data2\" content=\"2 minutos\" \/>\n\t\t<script type=\"application\/ld+json\" class=\"aioseo-schema\">\n\t\t\t{\"@context\":\"https:\\\/\\\/schema.org\",\"@graph\":[{\"@type\":\"BlogPosting\",\"@id\":\"https:\\\/\\\/www.eldigitaldeasturias.com\\\/noticias\\\/de-la-serna-visita-las-obras-de-la-linea-2-del-metro-de-lima\\\/#blogposting\",\"name\":\"De la Serna visita las obras de la l\\u00ednea 2 del metro de Lima - El Digital de Asturias\",\"headline\":\"De la Serna visita las obras de la l\\u00ednea 2 del metro de Lima\",\"author\":{\"@id\":\"https:\\\/\\\/www.eldigitaldeasturias.com\\\/noticias\\\/author\\\/admin\\\/#author\"},\"publisher\":{\"@id\":\"https:\\\/\\\/www.eldigitaldeasturias.com\\\/noticias\\\/#organization\"},\"image\":{\"@type\":\"ImageObject\",\"url\":\"https:\\\/\\\/www.eldigitaldeasturias.com\\\/noticias\\\/wp-content\\\/uploads\\\/2017\\\/11\\\/21112017_FomentoPeru.jpg\",\"width\":496,\"height\":329},\"datePublished\":\"2017-11-22T06:40:32+01:00\",\"dateModified\":\"2017-11-22T06:40:32+01:00\",\"inLanguage\":\"es-ES\",\"mainEntityOfPage\":{\"@id\":\"https:\\\/\\\/www.eldigitaldeasturias.com\\\/noticias\\\/de-la-serna-visita-las-obras-de-la-linea-2-del-metro-de-lima\\\/#webpage\"},\"isPartOf\":{\"@id\":\"https:\\\/\\\/www.eldigitaldeasturias.com\\\/noticias\\\/de-la-serna-visita-las-obras-de-la-linea-2-del-metro-de-lima\\\/#webpage\"},\"articleSection\":\"Econom\\u00eda\"},{\"@type\":\"BreadcrumbList\",\"@id\":\"https:\\\/\\\/www.eldigitaldeasturias.com\\\/noticias\\\/de-la-serna-visita-las-obras-de-la-linea-2-del-metro-de-lima\\\/#breadcrumblist\",\"itemListElement\":[{\"@type\":\"ListItem\",\"@id\":\"https:\\\/\\\/www.eldigitaldeasturias.com\\\/noticias#listItem\",\"position\":1,\"name\":\"Home\",\"item\":\"https:\\\/\\\/www.eldigitaldeasturias.com\\\/noticias\",\"nextItem\":{\"@type\":\"ListItem\",\"@id\":\"https:\\\/\\\/www.eldigitaldeasturias.com\\\/noticias\\\/category\\\/economia\\\/#listItem\",\"name\":\"Econom\\u00eda\"}},{\"@type\":\"ListItem\",\"@id\":\"https:\\\/\\\/www.eldigitaldeasturias.com\\\/noticias\\\/category\\\/economia\\\/#listItem\",\"position\":2,\"name\":\"Econom\\u00eda\",\"item\":\"https:\\\/\\\/www.eldigitaldeasturias.com\\\/noticias\\\/category\\\/economia\\\/\",\"nextItem\":{\"@type\":\"ListItem\",\"@id\":\"https:\\\/\\\/www.eldigitaldeasturias.com\\\/noticias\\\/de-la-serna-visita-las-obras-de-la-linea-2-del-metro-de-lima\\\/#listItem\",\"name\":\"De la Serna visita las obras de la l\\u00ednea 2 del metro de Lima\"},\"previousItem\":{\"@type\":\"ListItem\",\"@id\":\"https:\\\/\\\/www.eldigitaldeasturias.com\\\/noticias#listItem\",\"name\":\"Home\"}},{\"@type\":\"ListItem\",\"@id\":\"https:\\\/\\\/www.eldigitaldeasturias.com\\\/noticias\\\/de-la-serna-visita-las-obras-de-la-linea-2-del-metro-de-lima\\\/#listItem\",\"position\":3,\"name\":\"De la Serna visita las obras de la l\\u00ednea 2 del metro de Lima\",\"previousItem\":{\"@type\":\"ListItem\",\"@id\":\"https:\\\/\\\/www.eldigitaldeasturias.com\\\/noticias\\\/category\\\/economia\\\/#listItem\",\"name\":\"Econom\\u00eda\"}}]},{\"@type\":\"Organization\",\"@id\":\"https:\\\/\\\/www.eldigitaldeasturias.com\\\/noticias\\\/#organization\",\"name\":\"El Digital de Asturias\",\"description\":\"Hemeroteca\",\"url\":\"https:\\\/\\\/www.eldigitaldeasturias.com\\\/noticias\\\/\",\"email\":\"info@eldigitaldeasturias.com\",\"telephone\":\"+34652131393\",\"logo\":{\"@type\":\"ImageObject\",\"url\":\"https:\\\/\\\/www.eldigitaldeasturias.com\\\/noticias\\\/wp-content\\\/uploads\\\/2020\\\/12\\\/EDA.jpg\",\"@id\":\"https:\\\/\\\/www.eldigitaldeasturias.com\\\/noticias\\\/de-la-serna-visita-las-obras-de-la-linea-2-del-metro-de-lima\\\/#organizationLogo\",\"width\":649,\"height\":297},\"image\":{\"@id\":\"https:\\\/\\\/www.eldigitaldeasturias.com\\\/noticias\\\/de-la-serna-visita-las-obras-de-la-linea-2-del-metro-de-lima\\\/#organizationLogo\"},\"sameAs\":[\"https:\\\/\\\/facebook.com\\\/eldigitaldeasturias\",\"https:\\\/\\\/www.youtube.com\\\/channel\\\/UCZP-2wLEB9Rv6erhFmqVnvg\"],\"address\":{\"@id\":\"https:\\\/\\\/www.eldigitaldeasturias.com\\\/noticias\\\/#postaladdress\",\"@type\":\"PostalAddress\",\"streetAddress\":\"san antonio 4,\",\"postalCode\":\"33430\",\"addressLocality\":\"Cand\\u00e1s\",\"addressRegion\":\"Asturias\",\"addressCountry\":\"ES\"}},{\"@type\":\"Person\",\"@id\":\"https:\\\/\\\/www.eldigitaldeasturias.com\\\/noticias\\\/author\\\/admin\\\/#author\",\"url\":\"https:\\\/\\\/www.eldigitaldeasturias.com\\\/noticias\\\/author\\\/admin\\\/\",\"name\":\"El Digital de Asturias\",\"image\":{\"@type\":\"ImageObject\",\"@id\":\"https:\\\/\\\/www.eldigitaldeasturias.com\\\/noticias\\\/de-la-serna-visita-las-obras-de-la-linea-2-del-metro-de-lima\\\/#authorImage\",\"url\":\"https:\\\/\\\/www.eldigitaldeasturias.com\\\/noticias\\\/wp-content\\\/litespeed\\\/avatar\\\/18677e78aa0546b92d9dbf31ec7d7668.jpg?ver=1776685526\",\"width\":96,\"height\":96,\"caption\":\"El Digital de Asturias\"}},{\"@type\":\"WebPage\",\"@id\":\"https:\\\/\\\/www.eldigitaldeasturias.com\\\/noticias\\\/de-la-serna-visita-las-obras-de-la-linea-2-del-metro-de-lima\\\/#webpage\",\"url\":\"https:\\\/\\\/www.eldigitaldeasturias.com\\\/noticias\\\/de-la-serna-visita-las-obras-de-la-linea-2-del-metro-de-lima\\\/\",\"name\":\"De la Serna visita las obras de la l\\u00ednea 2 del metro de Lima - El Digital de Asturias\",\"description\":\"El ministro de Fomento, \\u00cd\\u00f1igo de la Serna, ha visitado las obras de la l\\u00ednea 2 del metro de Lima, que est\\u00e1 construyendo un consorcio liderado por dos empresas espa\\u00f1olas. Esta visita se enmarca dentro del viaje de De la Serna a Per\\u00fa para apoyar la participaci\\u00f3n de las empresas espa\\u00f1olas en los grandes proyectos\",\"inLanguage\":\"es-ES\",\"isPartOf\":{\"@id\":\"https:\\\/\\\/www.eldigitaldeasturias.com\\\/noticias\\\/#website\"},\"breadcrumb\":{\"@id\":\"https:\\\/\\\/www.eldigitaldeasturias.com\\\/noticias\\\/de-la-serna-visita-las-obras-de-la-linea-2-del-metro-de-lima\\\/#breadcrumblist\"},\"author\":{\"@id\":\"https:\\\/\\\/www.eldigitaldeasturias.com\\\/noticias\\\/author\\\/admin\\\/#author\"},\"creator\":{\"@id\":\"https:\\\/\\\/www.eldigitaldeasturias.com\\\/noticias\\\/author\\\/admin\\\/#author\"},\"image\":{\"@type\":\"ImageObject\",\"url\":\"https:\\\/\\\/www.eldigitaldeasturias.com\\\/noticias\\\/wp-content\\\/uploads\\\/2017\\\/11\\\/21112017_FomentoPeru.jpg\",\"@id\":\"https:\\\/\\\/www.eldigitaldeasturias.com\\\/noticias\\\/de-la-serna-visita-las-obras-de-la-linea-2-del-metro-de-lima\\\/#mainImage\",\"width\":496,\"height\":329},\"primaryImageOfPage\":{\"@id\":\"https:\\\/\\\/www.eldigitaldeasturias.com\\\/noticias\\\/de-la-serna-visita-las-obras-de-la-linea-2-del-metro-de-lima\\\/#mainImage\"},\"datePublished\":\"2017-11-22T06:40:32+01:00\",\"dateModified\":\"2017-11-22T06:40:32+01:00\"},{\"@type\":\"WebSite\",\"@id\":\"https:\\\/\\\/www.eldigitaldeasturias.com\\\/noticias\\\/#website\",\"url\":\"https:\\\/\\\/www.eldigitaldeasturias.com\\\/noticias\\\/\",\"name\":\"El Digital de Asturias - Diario de actualidad y noticias\",\"alternateName\":\"El Digital de Asturias - Diario de actualidad y noticias\",\"description\":\"Hemeroteca\",\"inLanguage\":\"es-ES\",\"publisher\":{\"@id\":\"https:\\\/\\\/www.eldigitaldeasturias.com\\\/noticias\\\/#organization\"}}]}\n\t\t<\/script>\n\t\t<!-- All in One SEO Pro -->\r\n\t\t<title>De la Serna visita las obras de la l\u00ednea 2 del metro de Lima - El Digital de Asturias<\/title>\n\n","aioseo_head_json":{"title":"De la Serna visita las obras de la l\u00ednea 2 del metro de Lima - El Digital de Asturias","description":"El ministro de Fomento, \u00cd\u00f1igo de la Serna, ha visitado las obras de la l\u00ednea 2 del metro de Lima, que est\u00e1 construyendo un consorcio liderado por dos empresas espa\u00f1olas. Esta visita se enmarca dentro del viaje de De la Serna a Per\u00fa para apoyar la participaci\u00f3n de las empresas espa\u00f1olas en los grandes proyectos","canonical_url":"https:\/\/www.eldigitaldeasturias.com\/noticias\/de-la-serna-visita-las-obras-de-la-linea-2-del-metro-de-lima\/","robots":"max-image-preview:large","keywords":"econom\u00eda","webmasterTools":{"google-site-verification":"UA-38556648-1","msvalidate.01":"7dfe9f3f1b24437ab69f4f2559babe99","miscellaneous":""},"schema":{"@context":"https:\/\/schema.org","@graph":[{"@type":"BlogPosting","@id":"https:\/\/www.eldigitaldeasturias.com\/noticias\/de-la-serna-visita-las-obras-de-la-linea-2-del-metro-de-lima\/#blogposting","name":"De la Serna visita las obras de la l\u00ednea 2 del metro de Lima - El Digital de Asturias","headline":"De la Serna visita las obras de la l\u00ednea 2 del metro de Lima","author":{"@id":"https:\/\/www.eldigitaldeasturias.com\/noticias\/author\/admin\/#author"},"publisher":{"@id":"https:\/\/www.eldigitaldeasturias.com\/noticias\/#organization"},"image":{"@type":"ImageObject","url":"https:\/\/www.eldigitaldeasturias.com\/noticias\/wp-content\/uploads\/2017\/11\/21112017_FomentoPeru.jpg","width":496,"height":329},"datePublished":"2017-11-22T06:40:32+01:00","dateModified":"2017-11-22T06:40:32+01:00","inLanguage":"es-ES","mainEntityOfPage":{"@id":"https:\/\/www.eldigitaldeasturias.com\/noticias\/de-la-serna-visita-las-obras-de-la-linea-2-del-metro-de-lima\/#webpage"},"isPartOf":{"@id":"https:\/\/www.eldigitaldeasturias.com\/noticias\/de-la-serna-visita-las-obras-de-la-linea-2-del-metro-de-lima\/#webpage"},"articleSection":"Econom\u00eda"},{"@type":"BreadcrumbList","@id":"https:\/\/www.eldigitaldeasturias.com\/noticias\/de-la-serna-visita-las-obras-de-la-linea-2-del-metro-de-lima\/#breadcrumblist","itemListElement":[{"@type":"ListItem","@id":"https:\/\/www.eldigitaldeasturias.com\/noticias#listItem","position":1,"name":"Home","item":"https:\/\/www.eldigitaldeasturias.com\/noticias","nextItem":{"@type":"ListItem","@id":"https:\/\/www.eldigitaldeasturias.com\/noticias\/category\/economia\/#listItem","name":"Econom\u00eda"}},{"@type":"ListItem","@id":"https:\/\/www.eldigitaldeasturias.com\/noticias\/category\/economia\/#listItem","position":2,"name":"Econom\u00eda","item":"https:\/\/www.eldigitaldeasturias.com\/noticias\/category\/economia\/","nextItem":{"@type":"ListItem","@id":"https:\/\/www.eldigitaldeasturias.com\/noticias\/de-la-serna-visita-las-obras-de-la-linea-2-del-metro-de-lima\/#listItem","name":"De la Serna visita las obras de la l\u00ednea 2 del metro de Lima"},"previousItem":{"@type":"ListItem","@id":"https:\/\/www.eldigitaldeasturias.com\/noticias#listItem","name":"Home"}},{"@type":"ListItem","@id":"https:\/\/www.eldigitaldeasturias.com\/noticias\/de-la-serna-visita-las-obras-de-la-linea-2-del-metro-de-lima\/#listItem","position":3,"name":"De la Serna visita las obras de la l\u00ednea 2 del metro de Lima","previousItem":{"@type":"ListItem","@id":"https:\/\/www.eldigitaldeasturias.com\/noticias\/category\/economia\/#listItem","name":"Econom\u00eda"}}]},{"@type":"Organization","@id":"https:\/\/www.eldigitaldeasturias.com\/noticias\/#organization","name":"El Digital de Asturias","description":"Hemeroteca","url":"https:\/\/www.eldigitaldeasturias.com\/noticias\/","email":"info@eldigitaldeasturias.com","telephone":"+34652131393","logo":{"@type":"ImageObject","url":"https:\/\/www.eldigitaldeasturias.com\/noticias\/wp-content\/uploads\/2020\/12\/EDA.jpg","@id":"https:\/\/www.eldigitaldeasturias.com\/noticias\/de-la-serna-visita-las-obras-de-la-linea-2-del-metro-de-lima\/#organizationLogo","width":649,"height":297},"image":{"@id":"https:\/\/www.eldigitaldeasturias.com\/noticias\/de-la-serna-visita-las-obras-de-la-linea-2-del-metro-de-lima\/#organizationLogo"},"sameAs":["https:\/\/facebook.com\/eldigitaldeasturias","https:\/\/www.youtube.com\/channel\/UCZP-2wLEB9Rv6erhFmqVnvg"],"address":{"@id":"https:\/\/www.eldigitaldeasturias.com\/noticias\/#postaladdress","@type":"PostalAddress","streetAddress":"san antonio 4,","postalCode":"33430","addressLocality":"Cand\u00e1s","addressRegion":"Asturias","addressCountry":"ES"}},{"@type":"Person","@id":"https:\/\/www.eldigitaldeasturias.com\/noticias\/author\/admin\/#author","url":"https:\/\/www.eldigitaldeasturias.com\/noticias\/author\/admin\/","name":"El Digital de Asturias","image":{"@type":"ImageObject","@id":"https:\/\/www.eldigitaldeasturias.com\/noticias\/de-la-serna-visita-las-obras-de-la-linea-2-del-metro-de-lima\/#authorImage","url":"https:\/\/www.eldigitaldeasturias.com\/noticias\/wp-content\/litespeed\/avatar\/18677e78aa0546b92d9dbf31ec7d7668.jpg?ver=1776685526","width":96,"height":96,"caption":"El Digital de Asturias"}},{"@type":"WebPage","@id":"https:\/\/www.eldigitaldeasturias.com\/noticias\/de-la-serna-visita-las-obras-de-la-linea-2-del-metro-de-lima\/#webpage","url":"https:\/\/www.eldigitaldeasturias.com\/noticias\/de-la-serna-visita-las-obras-de-la-linea-2-del-metro-de-lima\/","name":"De la Serna visita las obras de la l\u00ednea 2 del metro de Lima - El Digital de Asturias","description":"El ministro de Fomento, \u00cd\u00f1igo de la Serna, ha visitado las obras de la l\u00ednea 2 del metro de Lima, que est\u00e1 construyendo un consorcio liderado por dos empresas espa\u00f1olas. Esta visita se enmarca dentro del viaje de De la Serna a Per\u00fa para apoyar la participaci\u00f3n de las empresas espa\u00f1olas en los grandes proyectos","inLanguage":"es-ES","isPartOf":{"@id":"https:\/\/www.eldigitaldeasturias.com\/noticias\/#website"},"breadcrumb":{"@id":"https:\/\/www.eldigitaldeasturias.com\/noticias\/de-la-serna-visita-las-obras-de-la-linea-2-del-metro-de-lima\/#breadcrumblist"},"author":{"@id":"https:\/\/www.eldigitaldeasturias.com\/noticias\/author\/admin\/#author"},"creator":{"@id":"https:\/\/www.eldigitaldeasturias.com\/noticias\/author\/admin\/#author"},"image":{"@type":"ImageObject","url":"https:\/\/www.eldigitaldeasturias.com\/noticias\/wp-content\/uploads\/2017\/11\/21112017_FomentoPeru.jpg","@id":"https:\/\/www.eldigitaldeasturias.com\/noticias\/de-la-serna-visita-las-obras-de-la-linea-2-del-metro-de-lima\/#mainImage","width":496,"height":329},"primaryImageOfPage":{"@id":"https:\/\/www.eldigitaldeasturias.com\/noticias\/de-la-serna-visita-las-obras-de-la-linea-2-del-metro-de-lima\/#mainImage"},"datePublished":"2017-11-22T06:40:32+01:00","dateModified":"2017-11-22T06:40:32+01:00"},{"@type":"WebSite","@id":"https:\/\/www.eldigitaldeasturias.com\/noticias\/#website","url":"https:\/\/www.eldigitaldeasturias.com\/noticias\/","name":"El Digital de Asturias - Diario de actualidad y noticias","alternateName":"El Digital de Asturias - Diario de actualidad y noticias","description":"Hemeroteca","inLanguage":"es-ES","publisher":{"@id":"https:\/\/www.eldigitaldeasturias.com\/noticias\/#organization"}}]},"og:locale":"es_ES","og:site_name":"El Digital de Asturias","og:type":"article","og:title":"De la Serna visita las obras de la l\u00ednea 2 del metro de Lima - El Digital de Asturias","og:description":"El ministro de Fomento, \u00cd\u00f1igo de la Serna, ha visitado las obras de la l\u00ednea 2 del metro de Lima, que est\u00e1 construyendo un consorcio liderado por dos empresas espa\u00f1olas. Esta visita se enmarca dentro del viaje de De la Serna a Per\u00fa para apoyar la participaci\u00f3n de las empresas espa\u00f1olas en los grandes proyectos","og:url":"https:\/\/www.eldigitaldeasturias.com\/noticias\/de-la-serna-visita-las-obras-de-la-linea-2-del-metro-de-lima\/","og:image":"https:\/\/www.eldigitaldeasturias.com\/noticias\/wp-content\/uploads\/2017\/11\/21112017_FomentoPeru.jpg","og:image:secure_url":"https:\/\/www.eldigitaldeasturias.com\/noticias\/wp-content\/uploads\/2017\/11\/21112017_FomentoPeru.jpg","og:image:width":496,"og:image:height":329,"article:tag":["econom\u00eda"],"article:published_time":"2017-11-22T06:40:32+00:00","article:modified_time":"2017-11-22T06:40:32+00:00","article:publisher":"https:\/\/facebook.com\/eldigitaldeasturias","twitter:card":"summary_large_image","twitter:title":"De la Serna visita las obras de la l\u00ednea 2 del metro de Lima - El Digital de Asturias","twitter:description":"El ministro de Fomento, \u00cd\u00f1igo de la Serna, ha visitado las obras de la l\u00ednea 2 del metro de Lima, que est\u00e1 construyendo un consorcio liderado por dos empresas espa\u00f1olas. Esta visita se enmarca dentro del viaje de De la Serna a Per\u00fa para apoyar la participaci\u00f3n de las empresas espa\u00f1olas en los grandes proyectos","twitter:image":"https:\/\/www.eldigitaldeasturias.com\/noticias\/wp-content\/uploads\/2017\/11\/21112017_FomentoPeru.jpg","twitter:label1":"Escrito por","twitter:data1":"El Digital de Asturias","twitter:label2":"Tiempo de lectura estimado","twitter:data2":"2 minutos"},"aioseo_meta_data":{"post_id":"960709","title":null,"description":null,"keywords":null,"keyphrases":null,"primary_term":null,"canonical_url":null,"og_title":null,"og_description":null,"og_object_type":"default","og_image_type":"default","og_image_url":null,"og_image_width":null,"og_image_height":null,"og_image_custom_url":null,"og_image_custom_fields":null,"og_video":null,"og_custom_url":null,"og_article_section":null,"og_article_tags":null,"twitter_use_og":false,"twitter_card":"default","twitter_image_type":"default","twitter_image_url":null,"twitter_image_custom_url":null,"twitter_image_custom_fields":null,"twitter_title":null,"twitter_description":null,"schema":{"blockGraphs":[],"customGraphs":[],"default":{"data":{"Article":[],"Course":[],"Dataset":[],"FAQPage":[],"Movie":[],"Person":[],"Product":[],"ProductReview":[],"Car":[],"Recipe":[],"Service":[],"SoftwareApplication":[],"WebPage":[]},"graphName":"","isEnabled":true},"graphs":[]},"schema_type":null,"schema_type_options":null,"pillar_content":false,"robots_default":true,"robots_noindex":false,"robots_noarchive":false,"robots_nosnippet":false,"robots_nofollow":false,"robots_noimageindex":false,"robots_noodp":false,"robots_notranslate":false,"robots_max_snippet":null,"robots_max_videopreview":null,"robots_max_imagepreview":"large","priority":null,"frequency":null,"local_seo":null,"seo_analyzer_scan_date":"2025-12-07 06:20:08","breadcrumb_settings":null,"limit_modified_date":false,"open_ai":null,"ai":null,"created":"2020-12-21 12:51:38","updated":"2025-12-07 06:20:08"},"aioseo_breadcrumb":"<div class=\"aioseo-breadcrumbs\"><span class=\"aioseo-breadcrumb\">\n\t<a href=\"https:\/\/www.eldigitaldeasturias.com\/noticias\" title=\"Home\">Home<\/a>\n<\/span><span class=\"aioseo-breadcrumb-separator\">\u2013<\/span><span class=\"aioseo-breadcrumb\">\n\t<a href=\"https:\/\/www.eldigitaldeasturias.com\/noticias\/category\/economia\/\" title=\"Econom\u00eda\">Econom\u00eda<\/a>\n<\/span><span class=\"aioseo-breadcrumb-separator\">\u2013<\/span><span class=\"aioseo-breadcrumb\">\n\t<a href=\"https:\/\/www.eldigitaldeasturias.com\/noticias\/de-la-serna-visita-las-obras-de-la-linea-2-del-metro-de-lima\/\" title=\"De la Serna visita las obras de la l\u00ednea 2 del metro de Lima\">De la Serna visita las obras de la l\u00ednea 2 del metro de Lima<\/a>\n<\/span><\/div>","aioseo_breadcrumb_json":[{"label":"Home","link":"https:\/\/www.eldigitaldeasturias.com\/noticias"},{"label":"Econom\u00eda","link":"https:\/\/www.eldigitaldeasturias.com\/noticias\/category\/economia\/"},{"label":"De la Serna visita las obras de la l\u00ednea 2 del metro de Lima","link":"https:\/\/www.eldigitaldeasturias.com\/noticias\/de-la-serna-visita-las-obras-de-la-linea-2-del-metro-de-lima\/"}],"_links":{"self":[{"href":"https:\/\/www.eldigitaldeasturias.com\/noticias\/wp-json\/wp\/v2\/posts\/960709","targetHints":{"allow":["GET"]}}],"collection":[{"href":"https:\/\/www.eldigitaldeasturias.com\/noticias\/wp-json\/wp\/v2\/posts"}],"about":[{"href":"https:\/\/www.eldigitaldeasturias.com\/noticias\/wp-json\/wp\/v2\/types\/post"}],"author":[{"embeddable":true,"href":"https:\/\/www.eldigitaldeasturias.com\/noticias\/wp-json\/wp\/v2\/users\/1"}],"replies":[{"embeddable":true,"href":"https:\/\/www.eldigitaldeasturias.com\/noticias\/wp-json\/wp\/v2\/comments?post=960709"}],"version-history":[{"count":0,"href":"https:\/\/www.eldigitaldeasturias.com\/noticias\/wp-json\/wp\/v2\/posts\/960709\/revisions"}],"wp:featuredmedia":[{"embeddable":true,"href":"https:\/\/www.eldigitaldeasturias.com\/noticias\/wp-json\/wp\/v2\/media\/960710"}],"wp:attachment":[{"href":"https:\/\/www.eldigitaldeasturias.com\/noticias\/wp-json\/wp\/v2\/media?parent=960709"}],"wp:term":[{"taxonomy":"category","embeddable":true,"href":"https:\/\/www.eldigitaldeasturias.com\/noticias\/wp-json\/wp\/v2\/categories?post=960709"},{"taxonomy":"post_tag","embeddable":true,"href":"https:\/\/www.eldigitaldeasturias.com\/noticias\/wp-json\/wp\/v2\/tags?post=960709"}],"curies":[{"name":"wp","href":"https:\/\/api.w.org\/{rel}","templated":true}]}}