{"id":960704,"date":"2017-11-22T06:37:21","date_gmt":"2017-11-22T06:37:21","guid":{"rendered":"http:\/\/www.eldigitaldeasturias.com\/noticias\/?p=960704"},"modified":"2017-11-22T06:37:21","modified_gmt":"2017-11-22T06:37:21","slug":"isabel-garcia-tejerina-subraya-el-creciente-liderazgo-de-las-mujeres-en-el-sector-pesquero","status":"publish","type":"post","link":"https:\/\/www.eldigitaldeasturias.com\/noticias\/isabel-garcia-tejerina-subraya-el-creciente-liderazgo-de-las-mujeres-en-el-sector-pesquero\/","title":{"rendered":"Isabel Garc\u00eda Tejerina subraya el creciente liderazgo de las mujeres en el sector pesquero"},"content":{"rendered":"<p><img loading=\"lazy\" decoding=\"async\" class=\"alignleft size-medium wp-image-960705\" src=\"https:\/\/www.eldigitaldeasturias.com\/noticias\/wp-content\/uploads\/2017\/11\/211117-Tejerina-360x239.jpg\" alt=\"\" width=\"360\" height=\"239\" srcset=\"https:\/\/www.eldigitaldeasturias.com\/noticias\/wp-content\/uploads\/2017\/11\/211117-Tejerina-360x239.jpg 360w, https:\/\/www.eldigitaldeasturias.com\/noticias\/wp-content\/uploads\/2017\/11\/211117-Tejerina.jpg 496w\" sizes=\"auto, (max-width: 360px) 100vw, 360px\" \/>La ministra de Agricultura y Pesca, Alimentaci\u00f3n y Medio Ambiente, Isabel Garc\u00eda Tejerina, ha inaugurado en Valencia el 5\u00ba Congreso de la Red Espa\u00f1ola de Mujeres en el Sector Pesquero, donde ha subrayado el creciente liderazgo de las mujeres en este sector, que se pone de manifiesto en el incremento de su participaci\u00f3n en los \u00f3rganos de decisi\u00f3n y de gobierno.<\/p>\n<p>En su intervenci\u00f3n, Garc\u00eda Tejerina ha felicitado a las mujeres que han merecido el reconocimiento como \u00abJ\u00f3venes mujeres de la pesca\u00bb, cuyo trabajo es \u00abuna garant\u00eda de futuro para el sector\u00bb. Tambi\u00e9n ha subrayado su protagonismo en el desarrollo del sector en los \u00faltimos a\u00f1os, \u00abuna transformaci\u00f3n que se evidencia en una mayor igualdad y un incremento del movimiento asociativo\u00bb, lo que se traduce en una creciente visibilidad de las mujeres del mar.<\/p>\n<p>Seg\u00fan ha apuntado la ministra, las mujeres representan en torno al 33% del empleo en el sector pesquero y acu\u00edcola, con un total de 45.000 trabajadoras en las diferentes actividades de la pesca extractiva y el marisqueo, la acuicultura, la industria auxiliar y el resto de subsectores. De ellas, casi 10.000 est\u00e1n afiliadas al R\u00e9gimen Especial del Mar, lo que supone el 16% del total de trabajadores del mar.<\/p>\n<p>En este contexto, Garc\u00eda Tejerina ha se\u00f1alado que el compromiso del Gobierno es impulsar todas aquellas medidas que conviertan la igualdad legal entre mujeres y hombres en igualdad real, fomentando el empleo, el emprendimiento, y una mayor corresponsabilidad y conciliaci\u00f3n laboral.<\/p>\n<p>Entre las medidas que impulsa el Gobierno, la ministra ha destacado el Pacto de Estado en materia de Violencia de G\u00e9nero para fomentar la igualdad, que cuenta con el apoyo mayoritario del Congreso de los Diputados y que actualmente se encuentra en la recta final para su aprobaci\u00f3n.<\/p>\n<p>En este \u00e1mbito, Garc\u00eda Tejerina ha recalcado que el sector pesquero se encuentra a la cabeza en iniciativas a favor de la igualdad. En concreto, el Gobierno modific\u00f3 en 2014 la Ley de Pesca Mar\u00edtima del Estado, entre otras cosas, para reconocer la igualdad y la visibilidad de la mujer en el sector pesquero.<\/p>\n<p>En materia de emprendimiento y empleo, la ministra se ha referido al Plan para la Igualdad de G\u00e9nero en el Sector Pesquero y Acu\u00edcola 2015-2020, de \u00e1mbito nacional, que contempla soluciones para avanzar hacia la plena integraci\u00f3n de la mujer<\/p>\n<p>Asimismo, Garc\u00eda Tejerina se ha mostrado convencida de que el liderazgo femenino es un factor clave para el desarrollo econ\u00f3mico y la cohesi\u00f3n social. Para contribuir a su desarrollo, el Ministerio tiene previsto impulsar un conjunto de actuaciones en aplicaci\u00f3n del Plan para la Igualdad de G\u00e9nero en el sector pesquero, a trav\u00e9s de la Red Espa\u00f1ola de Mujeres en el Sector Pesquero.<\/p>\n<p>De manera especial, este liderazgo se va a promover a trav\u00e9s del asociacionismo, ya que \u00abjuntas conseguir\u00e9is mayor representatividad, m\u00e1s voz y m\u00e1s poder de decisi\u00f3n\u00bb, tanto en el \u00e1mbito nacional como en el internacional. De esta forma, en la Conferencia Internacional de Mujeres de la Pesca, que se celebrar\u00e1 en 2018, Espa\u00f1a promover\u00e1 la creaci\u00f3n de una Red Internacional de Mujeres de la Pesca, que favorezca la cooperaci\u00f3n entre las principales redes y organismos internacionales.<\/p>\n<p>Por otra parte, Garc\u00eda Tejerina ha puesto en valor que este Congreso se celebre en el Mediterr\u00e1neo, donde \u00abla pesca es muy importante y especial\u00bb y muchas mujeres trabajan en este sector.<\/p>\n<p><strong>Medidas contra la sequ\u00eda<\/strong><\/p>\n<p>En relaci\u00f3n con la sequ\u00eda, la ministra ha recalcado que llevamos cuatro campa\u00f1as de sequ\u00eda y la acci\u00f3n del Gobierno ha permitido que no faltara agua a los regantes. Para ello, se han movilizado m\u00e1s de 350 hect\u00f3metros c\u00fabicos y se han invertido m\u00e1s de 83 millones solamente en obras de emergencia en las cuencas del J\u00facar y el Segura.<\/p>\n<p>En este sentido, Garc\u00eda Tejerina ha comentado que este Gobierno dio vida al ATS (Acuerdo Tajo Segura) \u00abque, como todo el mundo sabe, en su momento se permiti\u00f3 que muriera\u00bb, y que ha sido determinante cuando ha habido agua para trasvasar. La ministra ha asegurado que se seguir\u00e1n impulsando todas las medidas que f\u00edsica y legalmente sean posibles.<\/p>\n<p>De igual forma, Garc\u00eda Tejerina ha subrayado el compromiso de seguir aumentando la capacidad de desalaci\u00f3n. As\u00ed, se espera duplicar en breve la capacidad de la desaladora de Torrevieja, de 40 a 80 hect\u00f3metros c\u00fabicos, y ya se trabaja en modificaciones para que esos 80 Hm3 pasen a ser 120 Hm3.<\/p>\n<p>Adem\u00e1s, la ministra ha valorado la importante inversi\u00f3n que el MAPAMA hace en la Comunidad Valenciana en materia de modernizaci\u00f3n de regad\u00edos. As\u00ed, desde la Direcci\u00f3n General de Desarrollo Rural se han invertido m\u00e1s de 50 millones de euros, entre lo que est\u00e1 en ejecuci\u00f3n y lo que est\u00e1 planificado. Y desde la Direcci\u00f3n General del Agua, dentro del Plan de actuaciones prioritarias, que se firm\u00f3 dentro del Memorando sobre el Acuerdo Tajo Segura, hay otros 50 millones que van a afectar a un entorno de 20.000 hect\u00e1reas modernizadas, lo que supone un ahorro de 50 Hm3.<\/p>\n<p>Adem\u00e1s, a los regantes se les ha condonado las cuotas que deben dar a las Confederaciones Hidrogr\u00e1ficas para la amortizaci\u00f3n de las infraestructuras que utilizan, de tal manera que a los regantes del trasvase Tajo-Segura tendr\u00e1n un ahorro de m\u00e1s de 35 millones de euros.<\/p>\n","protected":false},"excerpt":{"rendered":"<p>La ministra de Agricultura y Pesca, Alimentaci\u00f3n y Medio Ambiente, Isabel Garc\u00eda Tejerina, ha inaugurado en Valencia el 5\u00ba Congreso de la Red Espa\u00f1ola de Mujeres en el Sector Pesquero, donde ha subrayado el creciente liderazgo de las mujeres en este sector, que se pone de manifiesto en el incremento de su participaci\u00f3n en los [&hellip;]<\/p>\n","protected":false},"author":1,"featured_media":960705,"comment_status":"closed","ping_status":"closed","sticky":false,"template":"","format":"standard","meta":{"footnotes":""},"categories":[187],"tags":[],"class_list":["post-960704","post","type-post","status-publish","format-standard","has-post-thumbnail","hentry","category-economia"],"aioseo_notices":[],"aioseo_head":"\n\t\t<!-- All in One SEO Pro 4.9.6.2 - aioseo.com -->\n\t<meta name=\"description\" content=\"La ministra de Agricultura y Pesca, Alimentaci\u00f3n y Medio Ambiente, Isabel Garc\u00eda Tejerina, ha inaugurado en Valencia el 5\u00ba Congreso de la Red Espa\u00f1ola de Mujeres en el Sector Pesquero, donde ha subrayado el creciente liderazgo de las mujeres en este sector, que se pone de manifiesto en el incremento de su participaci\u00f3n en los\" \/>\n\t<meta name=\"robots\" content=\"max-image-preview:large\" \/>\n\t<meta name=\"author\" content=\"El Digital de Asturias\"\/>\n\t<meta name=\"google-site-verification\" content=\"UA-38556648-1\" \/>\n\t<meta name=\"msvalidate.01\" content=\"7dfe9f3f1b24437ab69f4f2559babe99\" \/>\n\t<meta name=\"keywords\" content=\"econom\u00eda\" \/>\n\t<link rel=\"canonical\" href=\"https:\/\/www.eldigitaldeasturias.com\/noticias\/isabel-garcia-tejerina-subraya-el-creciente-liderazgo-de-las-mujeres-en-el-sector-pesquero\/\" \/>\n\t<meta name=\"generator\" content=\"All in One SEO Pro (AIOSEO) 4.9.6.2\" \/>\n\t\t<meta property=\"og:locale\" content=\"es_ES\" \/>\n\t\t<meta property=\"og:site_name\" content=\"El Digital de Asturias\" \/>\n\t\t<meta property=\"og:type\" content=\"article\" \/>\n\t\t<meta property=\"og:title\" content=\"Isabel Garc\u00eda Tejerina subraya el creciente liderazgo de las mujeres en el sector pesquero - El Digital de Asturias\" \/>\n\t\t<meta property=\"og:description\" content=\"La ministra de Agricultura y Pesca, Alimentaci\u00f3n y Medio Ambiente, Isabel Garc\u00eda Tejerina, ha inaugurado en Valencia el 5\u00ba Congreso de la Red Espa\u00f1ola de Mujeres en el Sector Pesquero, donde ha subrayado el creciente liderazgo de las mujeres en este sector, que se pone de manifiesto en el incremento de su participaci\u00f3n en los\" \/>\n\t\t<meta property=\"og:url\" content=\"https:\/\/www.eldigitaldeasturias.com\/noticias\/isabel-garcia-tejerina-subraya-el-creciente-liderazgo-de-las-mujeres-en-el-sector-pesquero\/\" \/>\n\t\t<meta property=\"og:image\" content=\"https:\/\/www.eldigitaldeasturias.com\/noticias\/wp-content\/uploads\/2017\/11\/211117-Tejerina.jpg\" \/>\n\t\t<meta property=\"og:image:secure_url\" content=\"https:\/\/www.eldigitaldeasturias.com\/noticias\/wp-content\/uploads\/2017\/11\/211117-Tejerina.jpg\" \/>\n\t\t<meta property=\"og:image:width\" content=\"496\" \/>\n\t\t<meta property=\"og:image:height\" content=\"329\" \/>\n\t\t<meta property=\"article:tag\" content=\"econom\u00eda\" \/>\n\t\t<meta property=\"article:published_time\" content=\"2017-11-22T06:37:21+00:00\" \/>\n\t\t<meta property=\"article:modified_time\" content=\"2017-11-22T06:37:21+00:00\" \/>\n\t\t<meta property=\"article:publisher\" content=\"https:\/\/facebook.com\/eldigitaldeasturias\" \/>\n\t\t<meta name=\"twitter:card\" content=\"summary_large_image\" \/>\n\t\t<meta name=\"twitter:title\" content=\"Isabel Garc\u00eda Tejerina subraya el creciente liderazgo de las mujeres en el sector pesquero - El Digital de Asturias\" \/>\n\t\t<meta name=\"twitter:description\" content=\"La ministra de Agricultura y Pesca, Alimentaci\u00f3n y Medio Ambiente, Isabel Garc\u00eda Tejerina, ha inaugurado en Valencia el 5\u00ba Congreso de la Red Espa\u00f1ola de Mujeres en el Sector Pesquero, donde ha subrayado el creciente liderazgo de las mujeres en este sector, que se pone de manifiesto en el incremento de su participaci\u00f3n en los\" \/>\n\t\t<meta name=\"twitter:image\" content=\"https:\/\/www.eldigitaldeasturias.com\/noticias\/wp-content\/uploads\/2017\/11\/211117-Tejerina.jpg\" \/>\n\t\t<meta name=\"twitter:label1\" content=\"Escrito por\" \/>\n\t\t<meta name=\"twitter:data1\" content=\"El Digital de Asturias\" \/>\n\t\t<meta name=\"twitter:label2\" content=\"Tiempo de lectura estimado\" \/>\n\t\t<meta name=\"twitter:data2\" content=\"5 minutos\" \/>\n\t\t<script type=\"application\/ld+json\" class=\"aioseo-schema\">\n\t\t\t{\"@context\":\"https:\\\/\\\/schema.org\",\"@graph\":[{\"@type\":\"BlogPosting\",\"@id\":\"https:\\\/\\\/www.eldigitaldeasturias.com\\\/noticias\\\/isabel-garcia-tejerina-subraya-el-creciente-liderazgo-de-las-mujeres-en-el-sector-pesquero\\\/#blogposting\",\"name\":\"Isabel Garc\\u00eda Tejerina subraya el creciente liderazgo de las mujeres en el sector pesquero - El Digital de Asturias\",\"headline\":\"Isabel Garc\\u00eda Tejerina subraya el creciente liderazgo de las mujeres en el sector pesquero\",\"author\":{\"@id\":\"https:\\\/\\\/www.eldigitaldeasturias.com\\\/noticias\\\/author\\\/admin\\\/#author\"},\"publisher\":{\"@id\":\"https:\\\/\\\/www.eldigitaldeasturias.com\\\/noticias\\\/#organization\"},\"image\":{\"@type\":\"ImageObject\",\"url\":\"https:\\\/\\\/www.eldigitaldeasturias.com\\\/noticias\\\/wp-content\\\/uploads\\\/2017\\\/11\\\/211117-Tejerina.jpg\",\"width\":496,\"height\":329},\"datePublished\":\"2017-11-22T06:37:21+01:00\",\"dateModified\":\"2017-11-22T06:37:21+01:00\",\"inLanguage\":\"es-ES\",\"mainEntityOfPage\":{\"@id\":\"https:\\\/\\\/www.eldigitaldeasturias.com\\\/noticias\\\/isabel-garcia-tejerina-subraya-el-creciente-liderazgo-de-las-mujeres-en-el-sector-pesquero\\\/#webpage\"},\"isPartOf\":{\"@id\":\"https:\\\/\\\/www.eldigitaldeasturias.com\\\/noticias\\\/isabel-garcia-tejerina-subraya-el-creciente-liderazgo-de-las-mujeres-en-el-sector-pesquero\\\/#webpage\"},\"articleSection\":\"Econom\\u00eda\"},{\"@type\":\"BreadcrumbList\",\"@id\":\"https:\\\/\\\/www.eldigitaldeasturias.com\\\/noticias\\\/isabel-garcia-tejerina-subraya-el-creciente-liderazgo-de-las-mujeres-en-el-sector-pesquero\\\/#breadcrumblist\",\"itemListElement\":[{\"@type\":\"ListItem\",\"@id\":\"https:\\\/\\\/www.eldigitaldeasturias.com\\\/noticias#listItem\",\"position\":1,\"name\":\"Home\",\"item\":\"https:\\\/\\\/www.eldigitaldeasturias.com\\\/noticias\",\"nextItem\":{\"@type\":\"ListItem\",\"@id\":\"https:\\\/\\\/www.eldigitaldeasturias.com\\\/noticias\\\/category\\\/economia\\\/#listItem\",\"name\":\"Econom\\u00eda\"}},{\"@type\":\"ListItem\",\"@id\":\"https:\\\/\\\/www.eldigitaldeasturias.com\\\/noticias\\\/category\\\/economia\\\/#listItem\",\"position\":2,\"name\":\"Econom\\u00eda\",\"item\":\"https:\\\/\\\/www.eldigitaldeasturias.com\\\/noticias\\\/category\\\/economia\\\/\",\"nextItem\":{\"@type\":\"ListItem\",\"@id\":\"https:\\\/\\\/www.eldigitaldeasturias.com\\\/noticias\\\/isabel-garcia-tejerina-subraya-el-creciente-liderazgo-de-las-mujeres-en-el-sector-pesquero\\\/#listItem\",\"name\":\"Isabel Garc\\u00eda Tejerina subraya el creciente liderazgo de las mujeres en el sector pesquero\"},\"previousItem\":{\"@type\":\"ListItem\",\"@id\":\"https:\\\/\\\/www.eldigitaldeasturias.com\\\/noticias#listItem\",\"name\":\"Home\"}},{\"@type\":\"ListItem\",\"@id\":\"https:\\\/\\\/www.eldigitaldeasturias.com\\\/noticias\\\/isabel-garcia-tejerina-subraya-el-creciente-liderazgo-de-las-mujeres-en-el-sector-pesquero\\\/#listItem\",\"position\":3,\"name\":\"Isabel Garc\\u00eda Tejerina subraya el creciente liderazgo de las mujeres en el sector pesquero\",\"previousItem\":{\"@type\":\"ListItem\",\"@id\":\"https:\\\/\\\/www.eldigitaldeasturias.com\\\/noticias\\\/category\\\/economia\\\/#listItem\",\"name\":\"Econom\\u00eda\"}}]},{\"@type\":\"Organization\",\"@id\":\"https:\\\/\\\/www.eldigitaldeasturias.com\\\/noticias\\\/#organization\",\"name\":\"El Digital de Asturias\",\"description\":\"Hemeroteca\",\"url\":\"https:\\\/\\\/www.eldigitaldeasturias.com\\\/noticias\\\/\",\"email\":\"info@eldigitaldeasturias.com\",\"telephone\":\"+34652131393\",\"logo\":{\"@type\":\"ImageObject\",\"url\":\"https:\\\/\\\/www.eldigitaldeasturias.com\\\/noticias\\\/wp-content\\\/uploads\\\/2020\\\/12\\\/EDA.jpg\",\"@id\":\"https:\\\/\\\/www.eldigitaldeasturias.com\\\/noticias\\\/isabel-garcia-tejerina-subraya-el-creciente-liderazgo-de-las-mujeres-en-el-sector-pesquero\\\/#organizationLogo\",\"width\":649,\"height\":297},\"image\":{\"@id\":\"https:\\\/\\\/www.eldigitaldeasturias.com\\\/noticias\\\/isabel-garcia-tejerina-subraya-el-creciente-liderazgo-de-las-mujeres-en-el-sector-pesquero\\\/#organizationLogo\"},\"sameAs\":[\"https:\\\/\\\/facebook.com\\\/eldigitaldeasturias\",\"https:\\\/\\\/www.youtube.com\\\/channel\\\/UCZP-2wLEB9Rv6erhFmqVnvg\"],\"address\":{\"@id\":\"https:\\\/\\\/www.eldigitaldeasturias.com\\\/noticias\\\/#postaladdress\",\"@type\":\"PostalAddress\",\"streetAddress\":\"san antonio 4,\",\"postalCode\":\"33430\",\"addressLocality\":\"Cand\\u00e1s\",\"addressRegion\":\"Asturias\",\"addressCountry\":\"ES\"}},{\"@type\":\"Person\",\"@id\":\"https:\\\/\\\/www.eldigitaldeasturias.com\\\/noticias\\\/author\\\/admin\\\/#author\",\"url\":\"https:\\\/\\\/www.eldigitaldeasturias.com\\\/noticias\\\/author\\\/admin\\\/\",\"name\":\"El Digital de Asturias\",\"image\":{\"@type\":\"ImageObject\",\"@id\":\"https:\\\/\\\/www.eldigitaldeasturias.com\\\/noticias\\\/isabel-garcia-tejerina-subraya-el-creciente-liderazgo-de-las-mujeres-en-el-sector-pesquero\\\/#authorImage\",\"url\":\"https:\\\/\\\/www.eldigitaldeasturias.com\\\/noticias\\\/wp-content\\\/litespeed\\\/avatar\\\/18677e78aa0546b92d9dbf31ec7d7668.jpg?ver=1776685526\",\"width\":96,\"height\":96,\"caption\":\"El Digital de Asturias\"}},{\"@type\":\"WebPage\",\"@id\":\"https:\\\/\\\/www.eldigitaldeasturias.com\\\/noticias\\\/isabel-garcia-tejerina-subraya-el-creciente-liderazgo-de-las-mujeres-en-el-sector-pesquero\\\/#webpage\",\"url\":\"https:\\\/\\\/www.eldigitaldeasturias.com\\\/noticias\\\/isabel-garcia-tejerina-subraya-el-creciente-liderazgo-de-las-mujeres-en-el-sector-pesquero\\\/\",\"name\":\"Isabel Garc\\u00eda Tejerina subraya el creciente liderazgo de las mujeres en el sector pesquero - El Digital de Asturias\",\"description\":\"La ministra de Agricultura y Pesca, Alimentaci\\u00f3n y Medio Ambiente, Isabel Garc\\u00eda Tejerina, ha inaugurado en Valencia el 5\\u00ba Congreso de la Red Espa\\u00f1ola de Mujeres en el Sector Pesquero, donde ha subrayado el creciente liderazgo de las mujeres en este sector, que se pone de manifiesto en el incremento de su participaci\\u00f3n en los\",\"inLanguage\":\"es-ES\",\"isPartOf\":{\"@id\":\"https:\\\/\\\/www.eldigitaldeasturias.com\\\/noticias\\\/#website\"},\"breadcrumb\":{\"@id\":\"https:\\\/\\\/www.eldigitaldeasturias.com\\\/noticias\\\/isabel-garcia-tejerina-subraya-el-creciente-liderazgo-de-las-mujeres-en-el-sector-pesquero\\\/#breadcrumblist\"},\"author\":{\"@id\":\"https:\\\/\\\/www.eldigitaldeasturias.com\\\/noticias\\\/author\\\/admin\\\/#author\"},\"creator\":{\"@id\":\"https:\\\/\\\/www.eldigitaldeasturias.com\\\/noticias\\\/author\\\/admin\\\/#author\"},\"image\":{\"@type\":\"ImageObject\",\"url\":\"https:\\\/\\\/www.eldigitaldeasturias.com\\\/noticias\\\/wp-content\\\/uploads\\\/2017\\\/11\\\/211117-Tejerina.jpg\",\"@id\":\"https:\\\/\\\/www.eldigitaldeasturias.com\\\/noticias\\\/isabel-garcia-tejerina-subraya-el-creciente-liderazgo-de-las-mujeres-en-el-sector-pesquero\\\/#mainImage\",\"width\":496,\"height\":329},\"primaryImageOfPage\":{\"@id\":\"https:\\\/\\\/www.eldigitaldeasturias.com\\\/noticias\\\/isabel-garcia-tejerina-subraya-el-creciente-liderazgo-de-las-mujeres-en-el-sector-pesquero\\\/#mainImage\"},\"datePublished\":\"2017-11-22T06:37:21+01:00\",\"dateModified\":\"2017-11-22T06:37:21+01:00\"},{\"@type\":\"WebSite\",\"@id\":\"https:\\\/\\\/www.eldigitaldeasturias.com\\\/noticias\\\/#website\",\"url\":\"https:\\\/\\\/www.eldigitaldeasturias.com\\\/noticias\\\/\",\"name\":\"El Digital de Asturias - Diario de actualidad y noticias\",\"alternateName\":\"El Digital de Asturias - Diario de actualidad y noticias\",\"description\":\"Hemeroteca\",\"inLanguage\":\"es-ES\",\"publisher\":{\"@id\":\"https:\\\/\\\/www.eldigitaldeasturias.com\\\/noticias\\\/#organization\"}}]}\n\t\t<\/script>\n\t\t<!-- All in One SEO Pro -->\r\n\t\t<title>Isabel Garc\u00eda Tejerina subraya el creciente liderazgo de las mujeres en el sector pesquero - El Digital de Asturias<\/title>\n\n","aioseo_head_json":{"title":"Isabel Garc\u00eda Tejerina subraya el creciente liderazgo de las mujeres en el sector pesquero - El Digital de Asturias","description":"La ministra de Agricultura y Pesca, Alimentaci\u00f3n y Medio Ambiente, Isabel Garc\u00eda Tejerina, ha inaugurado en Valencia el 5\u00ba Congreso de la Red Espa\u00f1ola de Mujeres en el Sector Pesquero, donde ha subrayado el creciente liderazgo de las mujeres en este sector, que se pone de manifiesto en el incremento de su participaci\u00f3n en los","canonical_url":"https:\/\/www.eldigitaldeasturias.com\/noticias\/isabel-garcia-tejerina-subraya-el-creciente-liderazgo-de-las-mujeres-en-el-sector-pesquero\/","robots":"max-image-preview:large","keywords":"econom\u00eda","webmasterTools":{"google-site-verification":"UA-38556648-1","msvalidate.01":"7dfe9f3f1b24437ab69f4f2559babe99","miscellaneous":""},"schema":{"@context":"https:\/\/schema.org","@graph":[{"@type":"BlogPosting","@id":"https:\/\/www.eldigitaldeasturias.com\/noticias\/isabel-garcia-tejerina-subraya-el-creciente-liderazgo-de-las-mujeres-en-el-sector-pesquero\/#blogposting","name":"Isabel Garc\u00eda Tejerina subraya el creciente liderazgo de las mujeres en el sector pesquero - El Digital de Asturias","headline":"Isabel Garc\u00eda Tejerina subraya el creciente liderazgo de las mujeres en el sector pesquero","author":{"@id":"https:\/\/www.eldigitaldeasturias.com\/noticias\/author\/admin\/#author"},"publisher":{"@id":"https:\/\/www.eldigitaldeasturias.com\/noticias\/#organization"},"image":{"@type":"ImageObject","url":"https:\/\/www.eldigitaldeasturias.com\/noticias\/wp-content\/uploads\/2017\/11\/211117-Tejerina.jpg","width":496,"height":329},"datePublished":"2017-11-22T06:37:21+01:00","dateModified":"2017-11-22T06:37:21+01:00","inLanguage":"es-ES","mainEntityOfPage":{"@id":"https:\/\/www.eldigitaldeasturias.com\/noticias\/isabel-garcia-tejerina-subraya-el-creciente-liderazgo-de-las-mujeres-en-el-sector-pesquero\/#webpage"},"isPartOf":{"@id":"https:\/\/www.eldigitaldeasturias.com\/noticias\/isabel-garcia-tejerina-subraya-el-creciente-liderazgo-de-las-mujeres-en-el-sector-pesquero\/#webpage"},"articleSection":"Econom\u00eda"},{"@type":"BreadcrumbList","@id":"https:\/\/www.eldigitaldeasturias.com\/noticias\/isabel-garcia-tejerina-subraya-el-creciente-liderazgo-de-las-mujeres-en-el-sector-pesquero\/#breadcrumblist","itemListElement":[{"@type":"ListItem","@id":"https:\/\/www.eldigitaldeasturias.com\/noticias#listItem","position":1,"name":"Home","item":"https:\/\/www.eldigitaldeasturias.com\/noticias","nextItem":{"@type":"ListItem","@id":"https:\/\/www.eldigitaldeasturias.com\/noticias\/category\/economia\/#listItem","name":"Econom\u00eda"}},{"@type":"ListItem","@id":"https:\/\/www.eldigitaldeasturias.com\/noticias\/category\/economia\/#listItem","position":2,"name":"Econom\u00eda","item":"https:\/\/www.eldigitaldeasturias.com\/noticias\/category\/economia\/","nextItem":{"@type":"ListItem","@id":"https:\/\/www.eldigitaldeasturias.com\/noticias\/isabel-garcia-tejerina-subraya-el-creciente-liderazgo-de-las-mujeres-en-el-sector-pesquero\/#listItem","name":"Isabel Garc\u00eda Tejerina subraya el creciente liderazgo de las mujeres en el sector pesquero"},"previousItem":{"@type":"ListItem","@id":"https:\/\/www.eldigitaldeasturias.com\/noticias#listItem","name":"Home"}},{"@type":"ListItem","@id":"https:\/\/www.eldigitaldeasturias.com\/noticias\/isabel-garcia-tejerina-subraya-el-creciente-liderazgo-de-las-mujeres-en-el-sector-pesquero\/#listItem","position":3,"name":"Isabel Garc\u00eda Tejerina subraya el creciente liderazgo de las mujeres en el sector pesquero","previousItem":{"@type":"ListItem","@id":"https:\/\/www.eldigitaldeasturias.com\/noticias\/category\/economia\/#listItem","name":"Econom\u00eda"}}]},{"@type":"Organization","@id":"https:\/\/www.eldigitaldeasturias.com\/noticias\/#organization","name":"El Digital de Asturias","description":"Hemeroteca","url":"https:\/\/www.eldigitaldeasturias.com\/noticias\/","email":"info@eldigitaldeasturias.com","telephone":"+34652131393","logo":{"@type":"ImageObject","url":"https:\/\/www.eldigitaldeasturias.com\/noticias\/wp-content\/uploads\/2020\/12\/EDA.jpg","@id":"https:\/\/www.eldigitaldeasturias.com\/noticias\/isabel-garcia-tejerina-subraya-el-creciente-liderazgo-de-las-mujeres-en-el-sector-pesquero\/#organizationLogo","width":649,"height":297},"image":{"@id":"https:\/\/www.eldigitaldeasturias.com\/noticias\/isabel-garcia-tejerina-subraya-el-creciente-liderazgo-de-las-mujeres-en-el-sector-pesquero\/#organizationLogo"},"sameAs":["https:\/\/facebook.com\/eldigitaldeasturias","https:\/\/www.youtube.com\/channel\/UCZP-2wLEB9Rv6erhFmqVnvg"],"address":{"@id":"https:\/\/www.eldigitaldeasturias.com\/noticias\/#postaladdress","@type":"PostalAddress","streetAddress":"san antonio 4,","postalCode":"33430","addressLocality":"Cand\u00e1s","addressRegion":"Asturias","addressCountry":"ES"}},{"@type":"Person","@id":"https:\/\/www.eldigitaldeasturias.com\/noticias\/author\/admin\/#author","url":"https:\/\/www.eldigitaldeasturias.com\/noticias\/author\/admin\/","name":"El Digital de Asturias","image":{"@type":"ImageObject","@id":"https:\/\/www.eldigitaldeasturias.com\/noticias\/isabel-garcia-tejerina-subraya-el-creciente-liderazgo-de-las-mujeres-en-el-sector-pesquero\/#authorImage","url":"https:\/\/www.eldigitaldeasturias.com\/noticias\/wp-content\/litespeed\/avatar\/18677e78aa0546b92d9dbf31ec7d7668.jpg?ver=1776685526","width":96,"height":96,"caption":"El Digital de Asturias"}},{"@type":"WebPage","@id":"https:\/\/www.eldigitaldeasturias.com\/noticias\/isabel-garcia-tejerina-subraya-el-creciente-liderazgo-de-las-mujeres-en-el-sector-pesquero\/#webpage","url":"https:\/\/www.eldigitaldeasturias.com\/noticias\/isabel-garcia-tejerina-subraya-el-creciente-liderazgo-de-las-mujeres-en-el-sector-pesquero\/","name":"Isabel Garc\u00eda Tejerina subraya el creciente liderazgo de las mujeres en el sector pesquero - El Digital de Asturias","description":"La ministra de Agricultura y Pesca, Alimentaci\u00f3n y Medio Ambiente, Isabel Garc\u00eda Tejerina, ha inaugurado en Valencia el 5\u00ba Congreso de la Red Espa\u00f1ola de Mujeres en el Sector Pesquero, donde ha subrayado el creciente liderazgo de las mujeres en este sector, que se pone de manifiesto en el incremento de su participaci\u00f3n en los","inLanguage":"es-ES","isPartOf":{"@id":"https:\/\/www.eldigitaldeasturias.com\/noticias\/#website"},"breadcrumb":{"@id":"https:\/\/www.eldigitaldeasturias.com\/noticias\/isabel-garcia-tejerina-subraya-el-creciente-liderazgo-de-las-mujeres-en-el-sector-pesquero\/#breadcrumblist"},"author":{"@id":"https:\/\/www.eldigitaldeasturias.com\/noticias\/author\/admin\/#author"},"creator":{"@id":"https:\/\/www.eldigitaldeasturias.com\/noticias\/author\/admin\/#author"},"image":{"@type":"ImageObject","url":"https:\/\/www.eldigitaldeasturias.com\/noticias\/wp-content\/uploads\/2017\/11\/211117-Tejerina.jpg","@id":"https:\/\/www.eldigitaldeasturias.com\/noticias\/isabel-garcia-tejerina-subraya-el-creciente-liderazgo-de-las-mujeres-en-el-sector-pesquero\/#mainImage","width":496,"height":329},"primaryImageOfPage":{"@id":"https:\/\/www.eldigitaldeasturias.com\/noticias\/isabel-garcia-tejerina-subraya-el-creciente-liderazgo-de-las-mujeres-en-el-sector-pesquero\/#mainImage"},"datePublished":"2017-11-22T06:37:21+01:00","dateModified":"2017-11-22T06:37:21+01:00"},{"@type":"WebSite","@id":"https:\/\/www.eldigitaldeasturias.com\/noticias\/#website","url":"https:\/\/www.eldigitaldeasturias.com\/noticias\/","name":"El Digital de Asturias - Diario de actualidad y noticias","alternateName":"El Digital de Asturias - Diario de actualidad y noticias","description":"Hemeroteca","inLanguage":"es-ES","publisher":{"@id":"https:\/\/www.eldigitaldeasturias.com\/noticias\/#organization"}}]},"og:locale":"es_ES","og:site_name":"El Digital de Asturias","og:type":"article","og:title":"Isabel Garc\u00eda Tejerina subraya el creciente liderazgo de las mujeres en el sector pesquero - El Digital de Asturias","og:description":"La ministra de Agricultura y Pesca, Alimentaci\u00f3n y Medio Ambiente, Isabel Garc\u00eda Tejerina, ha inaugurado en Valencia el 5\u00ba Congreso de la Red Espa\u00f1ola de Mujeres en el Sector Pesquero, donde ha subrayado el creciente liderazgo de las mujeres en este sector, que se pone de manifiesto en el incremento de su participaci\u00f3n en los","og:url":"https:\/\/www.eldigitaldeasturias.com\/noticias\/isabel-garcia-tejerina-subraya-el-creciente-liderazgo-de-las-mujeres-en-el-sector-pesquero\/","og:image":"https:\/\/www.eldigitaldeasturias.com\/noticias\/wp-content\/uploads\/2017\/11\/211117-Tejerina.jpg","og:image:secure_url":"https:\/\/www.eldigitaldeasturias.com\/noticias\/wp-content\/uploads\/2017\/11\/211117-Tejerina.jpg","og:image:width":496,"og:image:height":329,"article:tag":["econom\u00eda"],"article:published_time":"2017-11-22T06:37:21+00:00","article:modified_time":"2017-11-22T06:37:21+00:00","article:publisher":"https:\/\/facebook.com\/eldigitaldeasturias","twitter:card":"summary_large_image","twitter:title":"Isabel Garc\u00eda Tejerina subraya el creciente liderazgo de las mujeres en el sector pesquero - El Digital de Asturias","twitter:description":"La ministra de Agricultura y Pesca, Alimentaci\u00f3n y Medio Ambiente, Isabel Garc\u00eda Tejerina, ha inaugurado en Valencia el 5\u00ba Congreso de la Red Espa\u00f1ola de Mujeres en el Sector Pesquero, donde ha subrayado el creciente liderazgo de las mujeres en este sector, que se pone de manifiesto en el incremento de su participaci\u00f3n en los","twitter:image":"https:\/\/www.eldigitaldeasturias.com\/noticias\/wp-content\/uploads\/2017\/11\/211117-Tejerina.jpg","twitter:label1":"Escrito por","twitter:data1":"El Digital de Asturias","twitter:label2":"Tiempo de lectura estimado","twitter:data2":"5 minutos"},"aioseo_meta_data":{"post_id":"960704","title":null,"description":null,"keywords":null,"keyphrases":null,"primary_term":null,"canonical_url":null,"og_title":null,"og_description":null,"og_object_type":"default","og_image_type":"default","og_image_url":null,"og_image_width":null,"og_image_height":null,"og_image_custom_url":null,"og_image_custom_fields":null,"og_video":null,"og_custom_url":null,"og_article_section":null,"og_article_tags":null,"twitter_use_og":false,"twitter_card":"default","twitter_image_type":"default","twitter_image_url":null,"twitter_image_custom_url":null,"twitter_image_custom_fields":null,"twitter_title":null,"twitter_description":null,"schema":{"blockGraphs":[],"customGraphs":[],"default":{"data":{"Article":[],"Course":[],"Dataset":[],"FAQPage":[],"Movie":[],"Person":[],"Product":[],"ProductReview":[],"Car":[],"Recipe":[],"Service":[],"SoftwareApplication":[],"WebPage":[]},"graphName":"","isEnabled":true},"graphs":[],"defaultGraph":"","defaultPostTypeGraph":""},"schema_type":null,"schema_type_options":null,"pillar_content":false,"robots_default":true,"robots_noindex":false,"robots_noarchive":false,"robots_nosnippet":false,"robots_nofollow":false,"robots_noimageindex":false,"robots_noodp":false,"robots_notranslate":false,"robots_max_snippet":null,"robots_max_videopreview":null,"robots_max_imagepreview":"large","priority":null,"frequency":null,"local_seo":null,"seo_analyzer_scan_date":"2025-12-07 06:18:09","breadcrumb_settings":null,"limit_modified_date":false,"open_ai":null,"ai":null,"created":"2020-12-21 12:51:38","updated":"2025-12-07 06:18:09"},"aioseo_breadcrumb":"<div class=\"aioseo-breadcrumbs\"><span class=\"aioseo-breadcrumb\">\n\t<a href=\"https:\/\/www.eldigitaldeasturias.com\/noticias\" title=\"Home\">Home<\/a>\n<\/span><span class=\"aioseo-breadcrumb-separator\">\u2013<\/span><span class=\"aioseo-breadcrumb\">\n\t<a href=\"https:\/\/www.eldigitaldeasturias.com\/noticias\/category\/economia\/\" title=\"Econom\u00eda\">Econom\u00eda<\/a>\n<\/span><span class=\"aioseo-breadcrumb-separator\">\u2013<\/span><span class=\"aioseo-breadcrumb\">\n\t<a href=\"https:\/\/www.eldigitaldeasturias.com\/noticias\/isabel-garcia-tejerina-subraya-el-creciente-liderazgo-de-las-mujeres-en-el-sector-pesquero\/\" title=\"Isabel Garc\u00eda Tejerina subraya el creciente liderazgo de las mujeres en el sector pesquero\">Isabel Garc\u00eda Tejerina subraya el creciente liderazgo de las mujeres en el sector pesquero<\/a>\n<\/span><\/div>","aioseo_breadcrumb_json":[{"label":"Home","link":"https:\/\/www.eldigitaldeasturias.com\/noticias"},{"label":"Econom\u00eda","link":"https:\/\/www.eldigitaldeasturias.com\/noticias\/category\/economia\/"},{"label":"Isabel Garc\u00eda Tejerina subraya el creciente liderazgo de las mujeres en el sector pesquero","link":"https:\/\/www.eldigitaldeasturias.com\/noticias\/isabel-garcia-tejerina-subraya-el-creciente-liderazgo-de-las-mujeres-en-el-sector-pesquero\/"}],"_links":{"self":[{"href":"https:\/\/www.eldigitaldeasturias.com\/noticias\/wp-json\/wp\/v2\/posts\/960704","targetHints":{"allow":["GET"]}}],"collection":[{"href":"https:\/\/www.eldigitaldeasturias.com\/noticias\/wp-json\/wp\/v2\/posts"}],"about":[{"href":"https:\/\/www.eldigitaldeasturias.com\/noticias\/wp-json\/wp\/v2\/types\/post"}],"author":[{"embeddable":true,"href":"https:\/\/www.eldigitaldeasturias.com\/noticias\/wp-json\/wp\/v2\/users\/1"}],"replies":[{"embeddable":true,"href":"https:\/\/www.eldigitaldeasturias.com\/noticias\/wp-json\/wp\/v2\/comments?post=960704"}],"version-history":[{"count":0,"href":"https:\/\/www.eldigitaldeasturias.com\/noticias\/wp-json\/wp\/v2\/posts\/960704\/revisions"}],"wp:featuredmedia":[{"embeddable":true,"href":"https:\/\/www.eldigitaldeasturias.com\/noticias\/wp-json\/wp\/v2\/media\/960705"}],"wp:attachment":[{"href":"https:\/\/www.eldigitaldeasturias.com\/noticias\/wp-json\/wp\/v2\/media?parent=960704"}],"wp:term":[{"taxonomy":"category","embeddable":true,"href":"https:\/\/www.eldigitaldeasturias.com\/noticias\/wp-json\/wp\/v2\/categories?post=960704"},{"taxonomy":"post_tag","embeddable":true,"href":"https:\/\/www.eldigitaldeasturias.com\/noticias\/wp-json\/wp\/v2\/tags?post=960704"}],"curies":[{"name":"wp","href":"https:\/\/api.w.org\/{rel}","templated":true}]}}