{"id":960699,"date":"2017-11-22T06:34:41","date_gmt":"2017-11-22T06:34:41","guid":{"rendered":"http:\/\/www.eldigitaldeasturias.com\/noticias\/?p=960699"},"modified":"2017-11-22T06:34:41","modified_gmt":"2017-11-22T06:34:41","slug":"fomento-empleo-e-interior-firman-un-acuerdo-con-sindicatos-y-empresarios-sobre-la-contratacion-de-servicios-de-seguridad-privada","status":"publish","type":"post","link":"https:\/\/www.eldigitaldeasturias.com\/noticias\/fomento-empleo-e-interior-firman-un-acuerdo-con-sindicatos-y-empresarios-sobre-la-contratacion-de-servicios-de-seguridad-privada\/","title":{"rendered":"Fomento, Empleo e Interior firman un acuerdo con sindicatos y empresarios sobre la contrataci\u00f3n de servicios de seguridad privada"},"content":{"rendered":"<p><img loading=\"lazy\" decoding=\"async\" class=\"alignleft size-medium wp-image-960700\" src=\"https:\/\/www.eldigitaldeasturias.com\/noticias\/wp-content\/uploads\/2017\/11\/211117-firma-360x239.jpg\" alt=\"\" width=\"360\" height=\"239\" srcset=\"https:\/\/www.eldigitaldeasturias.com\/noticias\/wp-content\/uploads\/2017\/11\/211117-firma-360x239.jpg 360w, https:\/\/www.eldigitaldeasturias.com\/noticias\/wp-content\/uploads\/2017\/11\/211117-firma.jpg 496w\" sizes=\"auto, (max-width: 360px) 100vw, 360px\" \/>El secretario de Estado de Infraestructuras, Transportes y Vivienda, Julio G\u00f3mez-Pomar, ha presidido la segunda reuni\u00f3n del Grupo de Trabajo de Seguridad Privada, en el que participan, adem\u00e1s del Ministerio de Fomento, representantes de los Ministerios de Empleo y Seguridad Social y de Interior, as\u00ed como de los representantes de los trabajadores y de las empresas.<\/p>\n<p>\u200bEl grupo de trabajo, cuya creaci\u00f3n fue anunciada por el ministro de Fomento, \u00cd\u00f1igo de la Serna, durante la rueda de prensa posterior al Consejo de Ministros del pasado 16 de agosto, tiene entre sus funciones abordar, en el \u00e1mbito de la seguridad privada de las infraestructuras de transporte de competencia estatal, aspectos como la formaci\u00f3n, la calidad del servicio, las condiciones del trabajo, de la productividad y las condiciones laborales y salariales.<\/p>\n<p>Durante la reuni\u00f3n celebrada hoy se ha firmado un acuerdo centrado en los aspectos relativos a la contrataci\u00f3n de este tipo de servicios por las empresas y entidades del Grupo Fomento que contratan servicios de seguridad privada para las infraestructuras de transporte de competencia estatal.<\/p>\n<p>El acuerdo reconoce el papel esencial de los servicios de seguridad privada en el \u00e1mbito de las infraestructuras de transporte de competencia estatal, tanto por el papel complementario de sus funciones respecto a las de las Fuerzas y Cuerpos de Seguridad del Estado, como por el impacto de su trabajo en el adecuado funcionamiento de aeropuertos y de infraestructuras ferroviarias.<\/p>\n<p>Por ello, destaca la importancia que debe otorgarse a la calidad y el cumplimiento de unas condiciones adecuadas para los trabajadores en la contrataci\u00f3n de este tipo de servicios y, en esta l\u00ednea, se asumen una serie de compromisos como son el exigir a las empresas que se presentan a la licitaci\u00f3n unas condiciones de solvencia adecuadas, el respeto de las obligaciones aplicables en materia social o laboral, el no adjudicar con un \u00fanico criterio de adjudicaci\u00f3n y otros derivados del cumplimiento de lo establecido en la Ley de Contratos del Sector P\u00fablico, entre otras cuestiones.<\/p>\n<p>Por otro lado, como parte de los trabajos previos a esta firma se acord\u00f3 la apertura de un proceso espec\u00edfico de negociaci\u00f3n con objeto de abordar determinadas condiciones espec\u00edficas de la contrataci\u00f3n de la seguridad privada en el \u00e1mbito aeroportuario.<\/p>\n<p>En este sentido, las partes tambi\u00e9n han alcanzado un acuerdo espec\u00edfico aplicable al sector, que se incluye como anexo del acuerdo general y en el que se reconocen, para los nuevos contratos que licite Aena, nuevos pluses para los vigilantes de los aeropuertos, que ser\u00e1n tenidos en cuenta en la estimaci\u00f3n del precio de licitaci\u00f3n y que ser\u00e1n obligatorios para las empresas de seguridad. Concretamente, se incluye un plus vinculado al desarrollo de su actividad efectiva en los aeropuertos proporcional a la jornada en ese centro, un plus para operadores de rayos X en filtros y un plus de rotaci\u00f3n.<\/p>\n<p>Por su parte, Aena licitar\u00e1 en breve los nuevos concursos del servicio de seguridad privada en aeropuertos a fin de contemplar las nuevas condiciones.<\/p>\n","protected":false},"excerpt":{"rendered":"<p>El secretario de Estado de Infraestructuras, Transportes y Vivienda, Julio G\u00f3mez-Pomar, ha presidido la segunda reuni\u00f3n del Grupo de Trabajo de Seguridad Privada, en el que participan, adem\u00e1s del Ministerio de Fomento, representantes de los Ministerios de Empleo y Seguridad Social y de Interior, as\u00ed como de los representantes de los trabajadores y de las [&hellip;]<\/p>\n","protected":false},"author":1,"featured_media":960700,"comment_status":"closed","ping_status":"closed","sticky":false,"template":"","format":"standard","meta":{"footnotes":""},"categories":[187],"tags":[],"class_list":["post-960699","post","type-post","status-publish","format-standard","has-post-thumbnail","hentry","category-economia"],"aioseo_notices":[],"aioseo_head":"\n\t\t<!-- All in One SEO Pro 4.9.6.2 - aioseo.com -->\n\t<meta name=\"description\" content=\"El secretario de Estado de Infraestructuras, Transportes y Vivienda, Julio G\u00f3mez-Pomar, ha presidido la segunda reuni\u00f3n del Grupo de Trabajo de Seguridad Privada, en el que participan, adem\u00e1s del Ministerio de Fomento, representantes de los Ministerios de Empleo y Seguridad Social y de Interior, as\u00ed como de los representantes de los trabajadores y de las\" \/>\n\t<meta name=\"robots\" content=\"max-image-preview:large\" \/>\n\t<meta name=\"author\" content=\"El Digital de Asturias\"\/>\n\t<meta name=\"google-site-verification\" content=\"UA-38556648-1\" \/>\n\t<meta name=\"msvalidate.01\" content=\"7dfe9f3f1b24437ab69f4f2559babe99\" \/>\n\t<meta name=\"keywords\" content=\"econom\u00eda\" \/>\n\t<link rel=\"canonical\" href=\"https:\/\/www.eldigitaldeasturias.com\/noticias\/fomento-empleo-e-interior-firman-un-acuerdo-con-sindicatos-y-empresarios-sobre-la-contratacion-de-servicios-de-seguridad-privada\/\" \/>\n\t<meta name=\"generator\" content=\"All in One SEO Pro (AIOSEO) 4.9.6.2\" \/>\n\t\t<meta property=\"og:locale\" content=\"es_ES\" \/>\n\t\t<meta property=\"og:site_name\" content=\"El Digital de Asturias\" \/>\n\t\t<meta property=\"og:type\" content=\"article\" \/>\n\t\t<meta property=\"og:title\" content=\"Fomento, Empleo e Interior firman un acuerdo con sindicatos y empresarios sobre la contrataci\u00f3n de servicios de seguridad privada - El Digital de Asturias\" \/>\n\t\t<meta property=\"og:description\" content=\"El secretario de Estado de Infraestructuras, Transportes y Vivienda, Julio G\u00f3mez-Pomar, ha presidido la segunda reuni\u00f3n del Grupo de Trabajo de Seguridad Privada, en el que participan, adem\u00e1s del Ministerio de Fomento, representantes de los Ministerios de Empleo y Seguridad Social y de Interior, as\u00ed como de los representantes de los trabajadores y de las\" \/>\n\t\t<meta property=\"og:url\" content=\"https:\/\/www.eldigitaldeasturias.com\/noticias\/fomento-empleo-e-interior-firman-un-acuerdo-con-sindicatos-y-empresarios-sobre-la-contratacion-de-servicios-de-seguridad-privada\/\" \/>\n\t\t<meta property=\"og:image\" content=\"https:\/\/www.eldigitaldeasturias.com\/noticias\/wp-content\/uploads\/2017\/11\/211117-firma.jpg\" \/>\n\t\t<meta property=\"og:image:secure_url\" content=\"https:\/\/www.eldigitaldeasturias.com\/noticias\/wp-content\/uploads\/2017\/11\/211117-firma.jpg\" \/>\n\t\t<meta property=\"og:image:width\" content=\"496\" \/>\n\t\t<meta property=\"og:image:height\" content=\"329\" \/>\n\t\t<meta property=\"article:tag\" content=\"econom\u00eda\" \/>\n\t\t<meta property=\"article:published_time\" content=\"2017-11-22T06:34:41+00:00\" \/>\n\t\t<meta property=\"article:modified_time\" content=\"2017-11-22T06:34:41+00:00\" \/>\n\t\t<meta property=\"article:publisher\" content=\"https:\/\/facebook.com\/eldigitaldeasturias\" \/>\n\t\t<meta name=\"twitter:card\" content=\"summary_large_image\" \/>\n\t\t<meta name=\"twitter:title\" content=\"Fomento, Empleo e Interior firman un acuerdo con sindicatos y empresarios sobre la contrataci\u00f3n de servicios de seguridad privada - El Digital de Asturias\" \/>\n\t\t<meta name=\"twitter:description\" content=\"El secretario de Estado de Infraestructuras, Transportes y Vivienda, Julio G\u00f3mez-Pomar, ha presidido la segunda reuni\u00f3n del Grupo de Trabajo de Seguridad Privada, en el que participan, adem\u00e1s del Ministerio de Fomento, representantes de los Ministerios de Empleo y Seguridad Social y de Interior, as\u00ed como de los representantes de los trabajadores y de las\" \/>\n\t\t<meta name=\"twitter:image\" content=\"https:\/\/www.eldigitaldeasturias.com\/noticias\/wp-content\/uploads\/2017\/11\/211117-firma.jpg\" \/>\n\t\t<meta name=\"twitter:label1\" content=\"Escrito por\" \/>\n\t\t<meta name=\"twitter:data1\" content=\"El Digital de Asturias\" \/>\n\t\t<meta name=\"twitter:label2\" content=\"Tiempo de lectura estimado\" \/>\n\t\t<meta name=\"twitter:data2\" content=\"3 minutos\" \/>\n\t\t<script type=\"application\/ld+json\" class=\"aioseo-schema\">\n\t\t\t{\"@context\":\"https:\\\/\\\/schema.org\",\"@graph\":[{\"@type\":\"BlogPosting\",\"@id\":\"https:\\\/\\\/www.eldigitaldeasturias.com\\\/noticias\\\/fomento-empleo-e-interior-firman-un-acuerdo-con-sindicatos-y-empresarios-sobre-la-contratacion-de-servicios-de-seguridad-privada\\\/#blogposting\",\"name\":\"Fomento, Empleo e Interior firman un acuerdo con sindicatos y empresarios sobre la contrataci\\u00f3n de servicios de seguridad privada - El Digital de Asturias\",\"headline\":\"Fomento, Empleo e Interior firman un acuerdo con sindicatos y empresarios sobre la contrataci\\u00f3n de servicios de seguridad privada\",\"author\":{\"@id\":\"https:\\\/\\\/www.eldigitaldeasturias.com\\\/noticias\\\/author\\\/admin\\\/#author\"},\"publisher\":{\"@id\":\"https:\\\/\\\/www.eldigitaldeasturias.com\\\/noticias\\\/#organization\"},\"image\":{\"@type\":\"ImageObject\",\"url\":\"https:\\\/\\\/www.eldigitaldeasturias.com\\\/noticias\\\/wp-content\\\/uploads\\\/2017\\\/11\\\/211117-firma.jpg\",\"width\":496,\"height\":329},\"datePublished\":\"2017-11-22T06:34:41+01:00\",\"dateModified\":\"2017-11-22T06:34:41+01:00\",\"inLanguage\":\"es-ES\",\"mainEntityOfPage\":{\"@id\":\"https:\\\/\\\/www.eldigitaldeasturias.com\\\/noticias\\\/fomento-empleo-e-interior-firman-un-acuerdo-con-sindicatos-y-empresarios-sobre-la-contratacion-de-servicios-de-seguridad-privada\\\/#webpage\"},\"isPartOf\":{\"@id\":\"https:\\\/\\\/www.eldigitaldeasturias.com\\\/noticias\\\/fomento-empleo-e-interior-firman-un-acuerdo-con-sindicatos-y-empresarios-sobre-la-contratacion-de-servicios-de-seguridad-privada\\\/#webpage\"},\"articleSection\":\"Econom\\u00eda\"},{\"@type\":\"BreadcrumbList\",\"@id\":\"https:\\\/\\\/www.eldigitaldeasturias.com\\\/noticias\\\/fomento-empleo-e-interior-firman-un-acuerdo-con-sindicatos-y-empresarios-sobre-la-contratacion-de-servicios-de-seguridad-privada\\\/#breadcrumblist\",\"itemListElement\":[{\"@type\":\"ListItem\",\"@id\":\"https:\\\/\\\/www.eldigitaldeasturias.com\\\/noticias#listItem\",\"position\":1,\"name\":\"Home\",\"item\":\"https:\\\/\\\/www.eldigitaldeasturias.com\\\/noticias\",\"nextItem\":{\"@type\":\"ListItem\",\"@id\":\"https:\\\/\\\/www.eldigitaldeasturias.com\\\/noticias\\\/category\\\/economia\\\/#listItem\",\"name\":\"Econom\\u00eda\"}},{\"@type\":\"ListItem\",\"@id\":\"https:\\\/\\\/www.eldigitaldeasturias.com\\\/noticias\\\/category\\\/economia\\\/#listItem\",\"position\":2,\"name\":\"Econom\\u00eda\",\"item\":\"https:\\\/\\\/www.eldigitaldeasturias.com\\\/noticias\\\/category\\\/economia\\\/\",\"nextItem\":{\"@type\":\"ListItem\",\"@id\":\"https:\\\/\\\/www.eldigitaldeasturias.com\\\/noticias\\\/fomento-empleo-e-interior-firman-un-acuerdo-con-sindicatos-y-empresarios-sobre-la-contratacion-de-servicios-de-seguridad-privada\\\/#listItem\",\"name\":\"Fomento, Empleo e Interior firman un acuerdo con sindicatos y empresarios sobre la contrataci\\u00f3n de servicios de seguridad privada\"},\"previousItem\":{\"@type\":\"ListItem\",\"@id\":\"https:\\\/\\\/www.eldigitaldeasturias.com\\\/noticias#listItem\",\"name\":\"Home\"}},{\"@type\":\"ListItem\",\"@id\":\"https:\\\/\\\/www.eldigitaldeasturias.com\\\/noticias\\\/fomento-empleo-e-interior-firman-un-acuerdo-con-sindicatos-y-empresarios-sobre-la-contratacion-de-servicios-de-seguridad-privada\\\/#listItem\",\"position\":3,\"name\":\"Fomento, Empleo e Interior firman un acuerdo con sindicatos y empresarios sobre la contrataci\\u00f3n de servicios de seguridad privada\",\"previousItem\":{\"@type\":\"ListItem\",\"@id\":\"https:\\\/\\\/www.eldigitaldeasturias.com\\\/noticias\\\/category\\\/economia\\\/#listItem\",\"name\":\"Econom\\u00eda\"}}]},{\"@type\":\"Organization\",\"@id\":\"https:\\\/\\\/www.eldigitaldeasturias.com\\\/noticias\\\/#organization\",\"name\":\"El Digital de Asturias\",\"description\":\"Hemeroteca\",\"url\":\"https:\\\/\\\/www.eldigitaldeasturias.com\\\/noticias\\\/\",\"email\":\"info@eldigitaldeasturias.com\",\"telephone\":\"+34652131393\",\"logo\":{\"@type\":\"ImageObject\",\"url\":\"https:\\\/\\\/www.eldigitaldeasturias.com\\\/noticias\\\/wp-content\\\/uploads\\\/2020\\\/12\\\/EDA.jpg\",\"@id\":\"https:\\\/\\\/www.eldigitaldeasturias.com\\\/noticias\\\/fomento-empleo-e-interior-firman-un-acuerdo-con-sindicatos-y-empresarios-sobre-la-contratacion-de-servicios-de-seguridad-privada\\\/#organizationLogo\",\"width\":649,\"height\":297},\"image\":{\"@id\":\"https:\\\/\\\/www.eldigitaldeasturias.com\\\/noticias\\\/fomento-empleo-e-interior-firman-un-acuerdo-con-sindicatos-y-empresarios-sobre-la-contratacion-de-servicios-de-seguridad-privada\\\/#organizationLogo\"},\"sameAs\":[\"https:\\\/\\\/facebook.com\\\/eldigitaldeasturias\",\"https:\\\/\\\/www.youtube.com\\\/channel\\\/UCZP-2wLEB9Rv6erhFmqVnvg\"],\"address\":{\"@id\":\"https:\\\/\\\/www.eldigitaldeasturias.com\\\/noticias\\\/#postaladdress\",\"@type\":\"PostalAddress\",\"streetAddress\":\"san antonio 4,\",\"postalCode\":\"33430\",\"addressLocality\":\"Cand\\u00e1s\",\"addressRegion\":\"Asturias\",\"addressCountry\":\"ES\"}},{\"@type\":\"Person\",\"@id\":\"https:\\\/\\\/www.eldigitaldeasturias.com\\\/noticias\\\/author\\\/admin\\\/#author\",\"url\":\"https:\\\/\\\/www.eldigitaldeasturias.com\\\/noticias\\\/author\\\/admin\\\/\",\"name\":\"El Digital de Asturias\",\"image\":{\"@type\":\"ImageObject\",\"@id\":\"https:\\\/\\\/www.eldigitaldeasturias.com\\\/noticias\\\/fomento-empleo-e-interior-firman-un-acuerdo-con-sindicatos-y-empresarios-sobre-la-contratacion-de-servicios-de-seguridad-privada\\\/#authorImage\",\"url\":\"https:\\\/\\\/www.eldigitaldeasturias.com\\\/noticias\\\/wp-content\\\/litespeed\\\/avatar\\\/18677e78aa0546b92d9dbf31ec7d7668.jpg?ver=1776685526\",\"width\":96,\"height\":96,\"caption\":\"El Digital de Asturias\"}},{\"@type\":\"WebPage\",\"@id\":\"https:\\\/\\\/www.eldigitaldeasturias.com\\\/noticias\\\/fomento-empleo-e-interior-firman-un-acuerdo-con-sindicatos-y-empresarios-sobre-la-contratacion-de-servicios-de-seguridad-privada\\\/#webpage\",\"url\":\"https:\\\/\\\/www.eldigitaldeasturias.com\\\/noticias\\\/fomento-empleo-e-interior-firman-un-acuerdo-con-sindicatos-y-empresarios-sobre-la-contratacion-de-servicios-de-seguridad-privada\\\/\",\"name\":\"Fomento, Empleo e Interior firman un acuerdo con sindicatos y empresarios sobre la contrataci\\u00f3n de servicios de seguridad privada - El Digital de Asturias\",\"description\":\"El secretario de Estado de Infraestructuras, Transportes y Vivienda, Julio G\\u00f3mez-Pomar, ha presidido la segunda reuni\\u00f3n del Grupo de Trabajo de Seguridad Privada, en el que participan, adem\\u00e1s del Ministerio de Fomento, representantes de los Ministerios de Empleo y Seguridad Social y de Interior, as\\u00ed como de los representantes de los trabajadores y de las\",\"inLanguage\":\"es-ES\",\"isPartOf\":{\"@id\":\"https:\\\/\\\/www.eldigitaldeasturias.com\\\/noticias\\\/#website\"},\"breadcrumb\":{\"@id\":\"https:\\\/\\\/www.eldigitaldeasturias.com\\\/noticias\\\/fomento-empleo-e-interior-firman-un-acuerdo-con-sindicatos-y-empresarios-sobre-la-contratacion-de-servicios-de-seguridad-privada\\\/#breadcrumblist\"},\"author\":{\"@id\":\"https:\\\/\\\/www.eldigitaldeasturias.com\\\/noticias\\\/author\\\/admin\\\/#author\"},\"creator\":{\"@id\":\"https:\\\/\\\/www.eldigitaldeasturias.com\\\/noticias\\\/author\\\/admin\\\/#author\"},\"image\":{\"@type\":\"ImageObject\",\"url\":\"https:\\\/\\\/www.eldigitaldeasturias.com\\\/noticias\\\/wp-content\\\/uploads\\\/2017\\\/11\\\/211117-firma.jpg\",\"@id\":\"https:\\\/\\\/www.eldigitaldeasturias.com\\\/noticias\\\/fomento-empleo-e-interior-firman-un-acuerdo-con-sindicatos-y-empresarios-sobre-la-contratacion-de-servicios-de-seguridad-privada\\\/#mainImage\",\"width\":496,\"height\":329},\"primaryImageOfPage\":{\"@id\":\"https:\\\/\\\/www.eldigitaldeasturias.com\\\/noticias\\\/fomento-empleo-e-interior-firman-un-acuerdo-con-sindicatos-y-empresarios-sobre-la-contratacion-de-servicios-de-seguridad-privada\\\/#mainImage\"},\"datePublished\":\"2017-11-22T06:34:41+01:00\",\"dateModified\":\"2017-11-22T06:34:41+01:00\"},{\"@type\":\"WebSite\",\"@id\":\"https:\\\/\\\/www.eldigitaldeasturias.com\\\/noticias\\\/#website\",\"url\":\"https:\\\/\\\/www.eldigitaldeasturias.com\\\/noticias\\\/\",\"name\":\"El Digital de Asturias - Diario de actualidad y noticias\",\"alternateName\":\"El Digital de Asturias - Diario de actualidad y noticias\",\"description\":\"Hemeroteca\",\"inLanguage\":\"es-ES\",\"publisher\":{\"@id\":\"https:\\\/\\\/www.eldigitaldeasturias.com\\\/noticias\\\/#organization\"}}]}\n\t\t<\/script>\n\t\t<!-- All in One SEO Pro -->\r\n\t\t<title>Fomento, Empleo e Interior firman un acuerdo con sindicatos y empresarios sobre la contrataci\u00f3n de servicios de seguridad privada - El Digital de Asturias<\/title>\n\n","aioseo_head_json":{"title":"Fomento, Empleo e Interior firman un acuerdo con sindicatos y empresarios sobre la contrataci\u00f3n de servicios de seguridad privada - El Digital de Asturias","description":"El secretario de Estado de Infraestructuras, Transportes y Vivienda, Julio G\u00f3mez-Pomar, ha presidido la segunda reuni\u00f3n del Grupo de Trabajo de Seguridad Privada, en el que participan, adem\u00e1s del Ministerio de Fomento, representantes de los Ministerios de Empleo y Seguridad Social y de Interior, as\u00ed como de los representantes de los trabajadores y de las","canonical_url":"https:\/\/www.eldigitaldeasturias.com\/noticias\/fomento-empleo-e-interior-firman-un-acuerdo-con-sindicatos-y-empresarios-sobre-la-contratacion-de-servicios-de-seguridad-privada\/","robots":"max-image-preview:large","keywords":"econom\u00eda","webmasterTools":{"google-site-verification":"UA-38556648-1","msvalidate.01":"7dfe9f3f1b24437ab69f4f2559babe99","miscellaneous":""},"schema":{"@context":"https:\/\/schema.org","@graph":[{"@type":"BlogPosting","@id":"https:\/\/www.eldigitaldeasturias.com\/noticias\/fomento-empleo-e-interior-firman-un-acuerdo-con-sindicatos-y-empresarios-sobre-la-contratacion-de-servicios-de-seguridad-privada\/#blogposting","name":"Fomento, Empleo e Interior firman un acuerdo con sindicatos y empresarios sobre la contrataci\u00f3n de servicios de seguridad privada - El Digital de Asturias","headline":"Fomento, Empleo e Interior firman un acuerdo con sindicatos y empresarios sobre la contrataci\u00f3n de servicios de seguridad privada","author":{"@id":"https:\/\/www.eldigitaldeasturias.com\/noticias\/author\/admin\/#author"},"publisher":{"@id":"https:\/\/www.eldigitaldeasturias.com\/noticias\/#organization"},"image":{"@type":"ImageObject","url":"https:\/\/www.eldigitaldeasturias.com\/noticias\/wp-content\/uploads\/2017\/11\/211117-firma.jpg","width":496,"height":329},"datePublished":"2017-11-22T06:34:41+01:00","dateModified":"2017-11-22T06:34:41+01:00","inLanguage":"es-ES","mainEntityOfPage":{"@id":"https:\/\/www.eldigitaldeasturias.com\/noticias\/fomento-empleo-e-interior-firman-un-acuerdo-con-sindicatos-y-empresarios-sobre-la-contratacion-de-servicios-de-seguridad-privada\/#webpage"},"isPartOf":{"@id":"https:\/\/www.eldigitaldeasturias.com\/noticias\/fomento-empleo-e-interior-firman-un-acuerdo-con-sindicatos-y-empresarios-sobre-la-contratacion-de-servicios-de-seguridad-privada\/#webpage"},"articleSection":"Econom\u00eda"},{"@type":"BreadcrumbList","@id":"https:\/\/www.eldigitaldeasturias.com\/noticias\/fomento-empleo-e-interior-firman-un-acuerdo-con-sindicatos-y-empresarios-sobre-la-contratacion-de-servicios-de-seguridad-privada\/#breadcrumblist","itemListElement":[{"@type":"ListItem","@id":"https:\/\/www.eldigitaldeasturias.com\/noticias#listItem","position":1,"name":"Home","item":"https:\/\/www.eldigitaldeasturias.com\/noticias","nextItem":{"@type":"ListItem","@id":"https:\/\/www.eldigitaldeasturias.com\/noticias\/category\/economia\/#listItem","name":"Econom\u00eda"}},{"@type":"ListItem","@id":"https:\/\/www.eldigitaldeasturias.com\/noticias\/category\/economia\/#listItem","position":2,"name":"Econom\u00eda","item":"https:\/\/www.eldigitaldeasturias.com\/noticias\/category\/economia\/","nextItem":{"@type":"ListItem","@id":"https:\/\/www.eldigitaldeasturias.com\/noticias\/fomento-empleo-e-interior-firman-un-acuerdo-con-sindicatos-y-empresarios-sobre-la-contratacion-de-servicios-de-seguridad-privada\/#listItem","name":"Fomento, Empleo e Interior firman un acuerdo con sindicatos y empresarios sobre la contrataci\u00f3n de servicios de seguridad privada"},"previousItem":{"@type":"ListItem","@id":"https:\/\/www.eldigitaldeasturias.com\/noticias#listItem","name":"Home"}},{"@type":"ListItem","@id":"https:\/\/www.eldigitaldeasturias.com\/noticias\/fomento-empleo-e-interior-firman-un-acuerdo-con-sindicatos-y-empresarios-sobre-la-contratacion-de-servicios-de-seguridad-privada\/#listItem","position":3,"name":"Fomento, Empleo e Interior firman un acuerdo con sindicatos y empresarios sobre la contrataci\u00f3n de servicios de seguridad privada","previousItem":{"@type":"ListItem","@id":"https:\/\/www.eldigitaldeasturias.com\/noticias\/category\/economia\/#listItem","name":"Econom\u00eda"}}]},{"@type":"Organization","@id":"https:\/\/www.eldigitaldeasturias.com\/noticias\/#organization","name":"El Digital de Asturias","description":"Hemeroteca","url":"https:\/\/www.eldigitaldeasturias.com\/noticias\/","email":"info@eldigitaldeasturias.com","telephone":"+34652131393","logo":{"@type":"ImageObject","url":"https:\/\/www.eldigitaldeasturias.com\/noticias\/wp-content\/uploads\/2020\/12\/EDA.jpg","@id":"https:\/\/www.eldigitaldeasturias.com\/noticias\/fomento-empleo-e-interior-firman-un-acuerdo-con-sindicatos-y-empresarios-sobre-la-contratacion-de-servicios-de-seguridad-privada\/#organizationLogo","width":649,"height":297},"image":{"@id":"https:\/\/www.eldigitaldeasturias.com\/noticias\/fomento-empleo-e-interior-firman-un-acuerdo-con-sindicatos-y-empresarios-sobre-la-contratacion-de-servicios-de-seguridad-privada\/#organizationLogo"},"sameAs":["https:\/\/facebook.com\/eldigitaldeasturias","https:\/\/www.youtube.com\/channel\/UCZP-2wLEB9Rv6erhFmqVnvg"],"address":{"@id":"https:\/\/www.eldigitaldeasturias.com\/noticias\/#postaladdress","@type":"PostalAddress","streetAddress":"san antonio 4,","postalCode":"33430","addressLocality":"Cand\u00e1s","addressRegion":"Asturias","addressCountry":"ES"}},{"@type":"Person","@id":"https:\/\/www.eldigitaldeasturias.com\/noticias\/author\/admin\/#author","url":"https:\/\/www.eldigitaldeasturias.com\/noticias\/author\/admin\/","name":"El Digital de Asturias","image":{"@type":"ImageObject","@id":"https:\/\/www.eldigitaldeasturias.com\/noticias\/fomento-empleo-e-interior-firman-un-acuerdo-con-sindicatos-y-empresarios-sobre-la-contratacion-de-servicios-de-seguridad-privada\/#authorImage","url":"https:\/\/www.eldigitaldeasturias.com\/noticias\/wp-content\/litespeed\/avatar\/18677e78aa0546b92d9dbf31ec7d7668.jpg?ver=1776685526","width":96,"height":96,"caption":"El Digital de Asturias"}},{"@type":"WebPage","@id":"https:\/\/www.eldigitaldeasturias.com\/noticias\/fomento-empleo-e-interior-firman-un-acuerdo-con-sindicatos-y-empresarios-sobre-la-contratacion-de-servicios-de-seguridad-privada\/#webpage","url":"https:\/\/www.eldigitaldeasturias.com\/noticias\/fomento-empleo-e-interior-firman-un-acuerdo-con-sindicatos-y-empresarios-sobre-la-contratacion-de-servicios-de-seguridad-privada\/","name":"Fomento, Empleo e Interior firman un acuerdo con sindicatos y empresarios sobre la contrataci\u00f3n de servicios de seguridad privada - El Digital de Asturias","description":"El secretario de Estado de Infraestructuras, Transportes y Vivienda, Julio G\u00f3mez-Pomar, ha presidido la segunda reuni\u00f3n del Grupo de Trabajo de Seguridad Privada, en el que participan, adem\u00e1s del Ministerio de Fomento, representantes de los Ministerios de Empleo y Seguridad Social y de Interior, as\u00ed como de los representantes de los trabajadores y de las","inLanguage":"es-ES","isPartOf":{"@id":"https:\/\/www.eldigitaldeasturias.com\/noticias\/#website"},"breadcrumb":{"@id":"https:\/\/www.eldigitaldeasturias.com\/noticias\/fomento-empleo-e-interior-firman-un-acuerdo-con-sindicatos-y-empresarios-sobre-la-contratacion-de-servicios-de-seguridad-privada\/#breadcrumblist"},"author":{"@id":"https:\/\/www.eldigitaldeasturias.com\/noticias\/author\/admin\/#author"},"creator":{"@id":"https:\/\/www.eldigitaldeasturias.com\/noticias\/author\/admin\/#author"},"image":{"@type":"ImageObject","url":"https:\/\/www.eldigitaldeasturias.com\/noticias\/wp-content\/uploads\/2017\/11\/211117-firma.jpg","@id":"https:\/\/www.eldigitaldeasturias.com\/noticias\/fomento-empleo-e-interior-firman-un-acuerdo-con-sindicatos-y-empresarios-sobre-la-contratacion-de-servicios-de-seguridad-privada\/#mainImage","width":496,"height":329},"primaryImageOfPage":{"@id":"https:\/\/www.eldigitaldeasturias.com\/noticias\/fomento-empleo-e-interior-firman-un-acuerdo-con-sindicatos-y-empresarios-sobre-la-contratacion-de-servicios-de-seguridad-privada\/#mainImage"},"datePublished":"2017-11-22T06:34:41+01:00","dateModified":"2017-11-22T06:34:41+01:00"},{"@type":"WebSite","@id":"https:\/\/www.eldigitaldeasturias.com\/noticias\/#website","url":"https:\/\/www.eldigitaldeasturias.com\/noticias\/","name":"El Digital de Asturias - Diario de actualidad y noticias","alternateName":"El Digital de Asturias - Diario de actualidad y noticias","description":"Hemeroteca","inLanguage":"es-ES","publisher":{"@id":"https:\/\/www.eldigitaldeasturias.com\/noticias\/#organization"}}]},"og:locale":"es_ES","og:site_name":"El Digital de Asturias","og:type":"article","og:title":"Fomento, Empleo e Interior firman un acuerdo con sindicatos y empresarios sobre la contrataci\u00f3n de servicios de seguridad privada - El Digital de Asturias","og:description":"El secretario de Estado de Infraestructuras, Transportes y Vivienda, Julio G\u00f3mez-Pomar, ha presidido la segunda reuni\u00f3n del Grupo de Trabajo de Seguridad Privada, en el que participan, adem\u00e1s del Ministerio de Fomento, representantes de los Ministerios de Empleo y Seguridad Social y de Interior, as\u00ed como de los representantes de los trabajadores y de las","og:url":"https:\/\/www.eldigitaldeasturias.com\/noticias\/fomento-empleo-e-interior-firman-un-acuerdo-con-sindicatos-y-empresarios-sobre-la-contratacion-de-servicios-de-seguridad-privada\/","og:image":"https:\/\/www.eldigitaldeasturias.com\/noticias\/wp-content\/uploads\/2017\/11\/211117-firma.jpg","og:image:secure_url":"https:\/\/www.eldigitaldeasturias.com\/noticias\/wp-content\/uploads\/2017\/11\/211117-firma.jpg","og:image:width":496,"og:image:height":329,"article:tag":["econom\u00eda"],"article:published_time":"2017-11-22T06:34:41+00:00","article:modified_time":"2017-11-22T06:34:41+00:00","article:publisher":"https:\/\/facebook.com\/eldigitaldeasturias","twitter:card":"summary_large_image","twitter:title":"Fomento, Empleo e Interior firman un acuerdo con sindicatos y empresarios sobre la contrataci\u00f3n de servicios de seguridad privada - El Digital de Asturias","twitter:description":"El secretario de Estado de Infraestructuras, Transportes y Vivienda, Julio G\u00f3mez-Pomar, ha presidido la segunda reuni\u00f3n del Grupo de Trabajo de Seguridad Privada, en el que participan, adem\u00e1s del Ministerio de Fomento, representantes de los Ministerios de Empleo y Seguridad Social y de Interior, as\u00ed como de los representantes de los trabajadores y de las","twitter:image":"https:\/\/www.eldigitaldeasturias.com\/noticias\/wp-content\/uploads\/2017\/11\/211117-firma.jpg","twitter:label1":"Escrito por","twitter:data1":"El Digital de Asturias","twitter:label2":"Tiempo de lectura estimado","twitter:data2":"3 minutos"},"aioseo_meta_data":{"post_id":"960699","title":null,"description":null,"keywords":null,"keyphrases":null,"primary_term":null,"canonical_url":null,"og_title":null,"og_description":null,"og_object_type":"default","og_image_type":"default","og_image_url":null,"og_image_width":null,"og_image_height":null,"og_image_custom_url":null,"og_image_custom_fields":null,"og_video":null,"og_custom_url":null,"og_article_section":null,"og_article_tags":null,"twitter_use_og":false,"twitter_card":"default","twitter_image_type":"default","twitter_image_url":null,"twitter_image_custom_url":null,"twitter_image_custom_fields":null,"twitter_title":null,"twitter_description":null,"schema":{"blockGraphs":[],"customGraphs":[],"default":{"data":{"Article":[],"Course":[],"Dataset":[],"FAQPage":[],"Movie":[],"Person":[],"Product":[],"ProductReview":[],"Car":[],"Recipe":[],"Service":[],"SoftwareApplication":[],"WebPage":[]},"graphName":"","isEnabled":true},"graphs":[]},"schema_type":null,"schema_type_options":null,"pillar_content":false,"robots_default":true,"robots_noindex":false,"robots_noarchive":false,"robots_nosnippet":false,"robots_nofollow":false,"robots_noimageindex":false,"robots_noodp":false,"robots_notranslate":false,"robots_max_snippet":null,"robots_max_videopreview":null,"robots_max_imagepreview":"large","priority":null,"frequency":null,"local_seo":null,"seo_analyzer_scan_date":"2025-12-07 06:18:09","breadcrumb_settings":null,"limit_modified_date":false,"open_ai":null,"ai":null,"created":"2020-12-21 12:51:38","updated":"2025-12-07 06:18:09"},"aioseo_breadcrumb":"<div class=\"aioseo-breadcrumbs\"><span class=\"aioseo-breadcrumb\">\n\t<a href=\"https:\/\/www.eldigitaldeasturias.com\/noticias\" title=\"Home\">Home<\/a>\n<\/span><span class=\"aioseo-breadcrumb-separator\">\u2013<\/span><span class=\"aioseo-breadcrumb\">\n\t<a href=\"https:\/\/www.eldigitaldeasturias.com\/noticias\/category\/economia\/\" title=\"Econom\u00eda\">Econom\u00eda<\/a>\n<\/span><span class=\"aioseo-breadcrumb-separator\">\u2013<\/span><span class=\"aioseo-breadcrumb\">\n\t<a href=\"https:\/\/www.eldigitaldeasturias.com\/noticias\/fomento-empleo-e-interior-firman-un-acuerdo-con-sindicatos-y-empresarios-sobre-la-contratacion-de-servicios-de-seguridad-privada\/\" title=\"Fomento, Empleo e Interior firman un acuerdo con sindicatos y empresarios sobre la contrataci\u00f3n de servicios de seguridad privada\">Fomento, Empleo e Interior firman un acuerdo con sindicatos y empresarios sobre la contrataci\u00f3n de servicios de seguridad privada<\/a>\n<\/span><\/div>","aioseo_breadcrumb_json":[{"label":"Home","link":"https:\/\/www.eldigitaldeasturias.com\/noticias"},{"label":"Econom\u00eda","link":"https:\/\/www.eldigitaldeasturias.com\/noticias\/category\/economia\/"},{"label":"Fomento, Empleo e Interior firman un acuerdo con sindicatos y empresarios sobre la contrataci\u00f3n de servicios de seguridad privada","link":"https:\/\/www.eldigitaldeasturias.com\/noticias\/fomento-empleo-e-interior-firman-un-acuerdo-con-sindicatos-y-empresarios-sobre-la-contratacion-de-servicios-de-seguridad-privada\/"}],"_links":{"self":[{"href":"https:\/\/www.eldigitaldeasturias.com\/noticias\/wp-json\/wp\/v2\/posts\/960699","targetHints":{"allow":["GET"]}}],"collection":[{"href":"https:\/\/www.eldigitaldeasturias.com\/noticias\/wp-json\/wp\/v2\/posts"}],"about":[{"href":"https:\/\/www.eldigitaldeasturias.com\/noticias\/wp-json\/wp\/v2\/types\/post"}],"author":[{"embeddable":true,"href":"https:\/\/www.eldigitaldeasturias.com\/noticias\/wp-json\/wp\/v2\/users\/1"}],"replies":[{"embeddable":true,"href":"https:\/\/www.eldigitaldeasturias.com\/noticias\/wp-json\/wp\/v2\/comments?post=960699"}],"version-history":[{"count":0,"href":"https:\/\/www.eldigitaldeasturias.com\/noticias\/wp-json\/wp\/v2\/posts\/960699\/revisions"}],"wp:featuredmedia":[{"embeddable":true,"href":"https:\/\/www.eldigitaldeasturias.com\/noticias\/wp-json\/wp\/v2\/media\/960700"}],"wp:attachment":[{"href":"https:\/\/www.eldigitaldeasturias.com\/noticias\/wp-json\/wp\/v2\/media?parent=960699"}],"wp:term":[{"taxonomy":"category","embeddable":true,"href":"https:\/\/www.eldigitaldeasturias.com\/noticias\/wp-json\/wp\/v2\/categories?post=960699"},{"taxonomy":"post_tag","embeddable":true,"href":"https:\/\/www.eldigitaldeasturias.com\/noticias\/wp-json\/wp\/v2\/tags?post=960699"}],"curies":[{"name":"wp","href":"https:\/\/api.w.org\/{rel}","templated":true}]}}