{"id":960696,"date":"2017-11-22T06:33:38","date_gmt":"2017-11-22T06:33:38","guid":{"rendered":"http:\/\/www.eldigitaldeasturias.com\/noticias\/?p=960696"},"modified":"2017-11-22T06:33:38","modified_gmt":"2017-11-22T06:33:38","slug":"zoido-espana-y-francia-comparten-una-agenda-de-seguridad-comun","status":"publish","type":"post","link":"https:\/\/www.eldigitaldeasturias.com\/noticias\/zoido-espana-y-francia-comparten-una-agenda-de-seguridad-comun\/","title":{"rendered":"Zoido: \u00abEspa\u00f1a y Francia comparten una agenda de seguridad com\u00fan\u00bb"},"content":{"rendered":"<p><img loading=\"lazy\" decoding=\"async\" class=\"alignleft size-medium wp-image-960697\" src=\"https:\/\/www.eldigitaldeasturias.com\/noticias\/wp-content\/uploads\/2017\/11\/09032017_MinistroInterior-360x239.jpg\" alt=\"\" width=\"360\" height=\"239\" \/>El ministro del Interior, Juan Ignacio Zoido, ha asistido al acto de entrega de condecoraciones a 54 miembros de la Guardia Civil y de la Polic\u00eda Nacional en la Embajada de Francia en Espa\u00f1a. Unas condecoraciones que, seg\u00fan Zoido, \u00absirven para poner de manifiesto de nuevo la excelente colaboraci\u00f3n que mantiene Francia y Espa\u00f1a en el \u00e1mbito de la actuaci\u00f3n policial, ya que compartimos una agenda de seguridad com\u00fan y una estructura muy similar en nuestros Cuerpos de Seguridad\u00bb.<\/p>\n<p>Juan Ignacio Zoido ha felicitado a los condecorados \u00abcon el orgullo a\u00f1adido de que vuestra dedicaci\u00f3n, profesionalidad y compromiso no s\u00f3lo sean reconocidos en vuestro pa\u00eds, sino tambi\u00e9n fuera del mismo. Y es que en este mundo cada vez m\u00e1s globalizado -ha afirmado- nuestra seguridad empieza a conseguirse fuera de las propias fronteras\u00bb.<\/p>\n<p>Durante su intervenci\u00f3n, el ministro del Interior ha destacado que \u00abson muchos los a\u00f1os de m\u00e1xima cooperaci\u00f3n y entendimiento en materia de seguridad entre Espa\u00f1a y Francia y que, sin duda, el mejor ejemplo de esta leal colaboraci\u00f3n ha sido la derrota policial del terrorismo de ETA, gracias -ha afirmado- al desarrollo de una estrategia antiterrorista compartida\u00bb. Asimismo, ha recordado la firma de un acuerdo entre ambos pa\u00edses para la entrega de toda la documentaci\u00f3n de ETA que posee Francia, \u00abun mecanismo de cooperaci\u00f3n judicial sin precedentes que servir\u00e1 para la investigaci\u00f3n y esclarecimiento de cr\u00edmenes terroristas a\u00fan pendientes de resolver\u00bb, ha afirmado.<\/p>\n<p>Juan Ignacio Zoido ha subrayado que \u00abahora mantenemos la misma colaboraci\u00f3n, apoyo y solidaridad contra el terrorismo yihadista y, del mismo modo que juntos derrotamos a ETA, juntos acabaremos con la amenaza yihadista. Porque juntos somos m\u00e1s fuertes contra el terrorismo, el tr\u00e1fico de drogas y la lucha contra las mafias que se benefician de la inmigraci\u00f3n irregular\u00bb.<\/p>\n","protected":false},"excerpt":{"rendered":"<p>El ministro del Interior, Juan Ignacio Zoido, ha asistido al acto de entrega de condecoraciones a 54 miembros de la Guardia Civil y de la Polic\u00eda Nacional en la Embajada de Francia en Espa\u00f1a. Unas condecoraciones que, seg\u00fan Zoido, \u00absirven para poner de manifiesto de nuevo la excelente colaboraci\u00f3n que mantiene Francia y Espa\u00f1a en [&hellip;]<\/p>\n","protected":false},"author":1,"featured_media":960697,"comment_status":"closed","ping_status":"closed","sticky":false,"template":"","format":"standard","meta":{"footnotes":""},"categories":[1],"tags":[],"class_list":["post-960696","post","type-post","status-publish","format-standard","has-post-thumbnail","hentry","category-actualidad"],"aioseo_notices":[],"aioseo_head":"\n\t\t<!-- All in One SEO Pro 5.0.1 - aioseo.com -->\n\t<meta name=\"description\" content=\"El ministro del Interior, Juan Ignacio Zoido, ha asistido al acto de entrega de condecoraciones a 54 miembros de la Guardia Civil y de la Polic\u00eda Nacional en la Embajada de Francia en Espa\u00f1a. Unas condecoraciones que, seg\u00fan Zoido, &quot;sirven para poner de manifiesto de nuevo la excelente colaboraci\u00f3n que mantiene Francia y Espa\u00f1a en\" \/>\n\t<meta name=\"robots\" content=\"max-image-preview:large\" \/>\n\t<meta name=\"author\" content=\"El Digital de Asturias\"\/>\n\t<meta name=\"google-site-verification\" content=\"UA-38556648-1\" \/>\n\t<meta name=\"msvalidate.01\" content=\"7dfe9f3f1b24437ab69f4f2559babe99\" \/>\n\t<meta name=\"keywords\" content=\"actualidad\" \/>\n\t<link rel=\"canonical\" href=\"https:\/\/www.eldigitaldeasturias.com\/noticias\/zoido-espana-y-francia-comparten-una-agenda-de-seguridad-comun\/\" \/>\n\t<meta name=\"generator\" content=\"All in One SEO Pro (AIOSEO) 5.0.1\" \/>\n\t\t<meta property=\"og:locale\" content=\"es_ES\" \/>\n\t\t<meta property=\"og:site_name\" content=\"El Digital de Asturias\" \/>\n\t\t<meta property=\"og:type\" content=\"article\" \/>\n\t\t<meta property=\"og:title\" content=\"Zoido: \u00abEspa\u00f1a y Francia comparten una agenda de seguridad com\u00fan\u00bb - El Digital de Asturias\" \/>\n\t\t<meta property=\"og:description\" content=\"El ministro del Interior, Juan Ignacio Zoido, ha asistido al acto de entrega de condecoraciones a 54 miembros de la Guardia Civil y de la Polic\u00eda Nacional en la Embajada de Francia en Espa\u00f1a. Unas condecoraciones que, seg\u00fan Zoido, &quot;sirven para poner de manifiesto de nuevo la excelente colaboraci\u00f3n que mantiene Francia y Espa\u00f1a en\" \/>\n\t\t<meta property=\"og:url\" content=\"https:\/\/www.eldigitaldeasturias.com\/noticias\/zoido-espana-y-francia-comparten-una-agenda-de-seguridad-comun\/\" \/>\n\t\t<meta property=\"article:tag\" content=\"actualidad\" \/>\n\t\t<meta property=\"article:published_time\" content=\"2017-11-22T06:33:38+00:00\" \/>\n\t\t<meta property=\"article:modified_time\" content=\"2017-11-22T06:33:38+00:00\" \/>\n\t\t<meta property=\"article:publisher\" content=\"https:\/\/facebook.com\/eldigitaldeasturias\" \/>\n\t\t<meta name=\"twitter:card\" content=\"summary_large_image\" \/>\n\t\t<meta name=\"twitter:title\" content=\"Zoido: \u00abEspa\u00f1a y Francia comparten una agenda de seguridad com\u00fan\u00bb - El Digital de Asturias\" \/>\n\t\t<meta name=\"twitter:description\" content=\"El ministro del Interior, Juan Ignacio Zoido, ha asistido al acto de entrega de condecoraciones a 54 miembros de la Guardia Civil y de la Polic\u00eda Nacional en la Embajada de Francia en Espa\u00f1a. Unas condecoraciones que, seg\u00fan Zoido, &quot;sirven para poner de manifiesto de nuevo la excelente colaboraci\u00f3n que mantiene Francia y Espa\u00f1a en\" \/>\n\t\t<meta name=\"twitter:image\" content=\"https:\/\/www.eldigitaldeasturias.com\/noticias\/wp-content\/uploads\/2020\/12\/EDA-1.jpg\" \/>\n\t\t<meta name=\"twitter:label1\" content=\"Escrito por\" \/>\n\t\t<meta name=\"twitter:data1\" content=\"El Digital de Asturias\" \/>\n\t\t<meta name=\"twitter:label2\" content=\"Tiempo de lectura estimado\" \/>\n\t\t<meta name=\"twitter:data2\" content=\"2 minutos\" \/>\n\t\t<script type=\"application\/ld+json\" class=\"aioseo-schema\">\n\t\t\t{\"@context\":\"https:\\\/\\\/schema.org\",\"@graph\":[{\"@type\":\"BlogPosting\",\"@id\":\"https:\\\/\\\/www.eldigitaldeasturias.com\\\/noticias\\\/zoido-espana-y-francia-comparten-una-agenda-de-seguridad-comun\\\/#blogposting\",\"name\":\"Zoido: \\u00abEspa\\u00f1a y Francia comparten una agenda de seguridad com\\u00fan\\u00bb - El Digital de Asturias\",\"headline\":\"Zoido: \\u00abEspa\\u00f1a y Francia comparten una agenda de seguridad com\\u00fan\\u00bb\",\"author\":{\"@id\":\"https:\\\/\\\/www.eldigitaldeasturias.com\\\/noticias\\\/author\\\/admin\\\/#author\"},\"publisher\":{\"@id\":\"https:\\\/\\\/www.eldigitaldeasturias.com\\\/noticias\\\/#organization\"},\"image\":{\"@type\":\"ImageObject\",\"url\":960697},\"datePublished\":\"2017-11-22T06:33:38+01:00\",\"dateModified\":\"2017-11-22T06:33:38+01:00\",\"inLanguage\":\"es-ES\",\"mainEntityOfPage\":{\"@id\":\"https:\\\/\\\/www.eldigitaldeasturias.com\\\/noticias\\\/zoido-espana-y-francia-comparten-una-agenda-de-seguridad-comun\\\/#webpage\"},\"isPartOf\":{\"@id\":\"https:\\\/\\\/www.eldigitaldeasturias.com\\\/noticias\\\/zoido-espana-y-francia-comparten-una-agenda-de-seguridad-comun\\\/#webpage\"},\"articleSection\":\"Actualidad\"},{\"@type\":\"BreadcrumbList\",\"@id\":\"https:\\\/\\\/www.eldigitaldeasturias.com\\\/noticias\\\/zoido-espana-y-francia-comparten-una-agenda-de-seguridad-comun\\\/#breadcrumblist\",\"itemListElement\":[{\"@type\":\"ListItem\",\"@id\":\"https:\\\/\\\/www.eldigitaldeasturias.com\\\/noticias#listItem\",\"position\":1,\"name\":\"Home\",\"item\":\"https:\\\/\\\/www.eldigitaldeasturias.com\\\/noticias\",\"nextItem\":{\"@type\":\"ListItem\",\"@id\":\"https:\\\/\\\/www.eldigitaldeasturias.com\\\/noticias\\\/category\\\/actualidad\\\/#listItem\",\"name\":\"Actualidad\"}},{\"@type\":\"ListItem\",\"@id\":\"https:\\\/\\\/www.eldigitaldeasturias.com\\\/noticias\\\/category\\\/actualidad\\\/#listItem\",\"position\":2,\"name\":\"Actualidad\",\"item\":\"https:\\\/\\\/www.eldigitaldeasturias.com\\\/noticias\\\/category\\\/actualidad\\\/\",\"nextItem\":{\"@type\":\"ListItem\",\"@id\":\"https:\\\/\\\/www.eldigitaldeasturias.com\\\/noticias\\\/zoido-espana-y-francia-comparten-una-agenda-de-seguridad-comun\\\/#listItem\",\"name\":\"Zoido: \\u00abEspa\\u00f1a y Francia comparten una agenda de seguridad com\\u00fan\\u00bb\"},\"previousItem\":{\"@type\":\"ListItem\",\"@id\":\"https:\\\/\\\/www.eldigitaldeasturias.com\\\/noticias#listItem\",\"name\":\"Home\"}},{\"@type\":\"ListItem\",\"@id\":\"https:\\\/\\\/www.eldigitaldeasturias.com\\\/noticias\\\/zoido-espana-y-francia-comparten-una-agenda-de-seguridad-comun\\\/#listItem\",\"position\":3,\"name\":\"Zoido: \\u00abEspa\\u00f1a y Francia comparten una agenda de seguridad com\\u00fan\\u00bb\",\"previousItem\":{\"@type\":\"ListItem\",\"@id\":\"https:\\\/\\\/www.eldigitaldeasturias.com\\\/noticias\\\/category\\\/actualidad\\\/#listItem\",\"name\":\"Actualidad\"}}]},{\"@type\":\"Organization\",\"@id\":\"https:\\\/\\\/www.eldigitaldeasturias.com\\\/noticias\\\/#organization\",\"name\":\"El Digital de Asturias\",\"description\":\"Hemeroteca\",\"url\":\"https:\\\/\\\/www.eldigitaldeasturias.com\\\/noticias\\\/\",\"email\":\"info@eldigitaldeasturias.com\",\"telephone\":\"+34652131393\",\"logo\":{\"@type\":\"ImageObject\",\"url\":\"https:\\\/\\\/www.eldigitaldeasturias.com\\\/noticias\\\/wp-content\\\/uploads\\\/2020\\\/12\\\/EDA.jpg\",\"@id\":\"https:\\\/\\\/www.eldigitaldeasturias.com\\\/noticias\\\/zoido-espana-y-francia-comparten-una-agenda-de-seguridad-comun\\\/#organizationLogo\"},\"image\":{\"@id\":\"https:\\\/\\\/www.eldigitaldeasturias.com\\\/noticias\\\/zoido-espana-y-francia-comparten-una-agenda-de-seguridad-comun\\\/#organizationLogo\"},\"sameAs\":[\"https:\\\/\\\/facebook.com\\\/eldigitaldeasturias\",\"https:\\\/\\\/www.youtube.com\\\/channel\\\/UCZP-2wLEB9Rv6erhFmqVnvg\"],\"address\":{\"@id\":\"https:\\\/\\\/www.eldigitaldeasturias.com\\\/noticias\\\/#postaladdress\",\"@type\":\"PostalAddress\",\"streetAddress\":\"san antonio 4\",\"postalCode\":\"33430\",\"addressLocality\":\"Cand\\u00e1s\",\"addressRegion\":\"Asturias\",\"addressCountry\":\"ES\"}},{\"@type\":\"Person\",\"@id\":\"https:\\\/\\\/www.eldigitaldeasturias.com\\\/noticias\\\/author\\\/admin\\\/#author\",\"url\":\"https:\\\/\\\/www.eldigitaldeasturias.com\\\/noticias\\\/author\\\/admin\\\/\",\"name\":\"El Digital de Asturias\",\"image\":{\"@type\":\"ImageObject\",\"@id\":\"https:\\\/\\\/www.eldigitaldeasturias.com\\\/noticias\\\/zoido-espana-y-francia-comparten-una-agenda-de-seguridad-comun\\\/#authorImage\",\"url\":\"https:\\\/\\\/secure.gravatar.com\\\/avatar\\\/df2aeffc32bcd13f8d26072ef8a91b623d677766deac7f97ca815868cd41bf5e?s=96&d=mm&r=g\",\"width\":96,\"height\":96,\"caption\":\"El Digital de Asturias\"}},{\"@type\":\"WebPage\",\"@id\":\"https:\\\/\\\/www.eldigitaldeasturias.com\\\/noticias\\\/zoido-espana-y-francia-comparten-una-agenda-de-seguridad-comun\\\/#webpage\",\"url\":\"https:\\\/\\\/www.eldigitaldeasturias.com\\\/noticias\\\/zoido-espana-y-francia-comparten-una-agenda-de-seguridad-comun\\\/\",\"name\":\"Zoido: \\u00abEspa\\u00f1a y Francia comparten una agenda de seguridad com\\u00fan\\u00bb - El Digital de Asturias\",\"description\":\"El ministro del Interior, Juan Ignacio Zoido, ha asistido al acto de entrega de condecoraciones a 54 miembros de la Guardia Civil y de la Polic\\u00eda Nacional en la Embajada de Francia en Espa\\u00f1a. Unas condecoraciones que, seg\\u00fan Zoido, \\\"sirven para poner de manifiesto de nuevo la excelente colaboraci\\u00f3n que mantiene Francia y Espa\\u00f1a en\",\"inLanguage\":\"es-ES\",\"isPartOf\":{\"@id\":\"https:\\\/\\\/www.eldigitaldeasturias.com\\\/noticias\\\/#website\"},\"breadcrumb\":{\"@id\":\"https:\\\/\\\/www.eldigitaldeasturias.com\\\/noticias\\\/zoido-espana-y-francia-comparten-una-agenda-de-seguridad-comun\\\/#breadcrumblist\"},\"author\":{\"@id\":\"https:\\\/\\\/www.eldigitaldeasturias.com\\\/noticias\\\/author\\\/admin\\\/#author\"},\"creator\":{\"@id\":\"https:\\\/\\\/www.eldigitaldeasturias.com\\\/noticias\\\/author\\\/admin\\\/#author\"},\"image\":{\"@type\":\"ImageObject\",\"url\":960697,\"@id\":\"https:\\\/\\\/www.eldigitaldeasturias.com\\\/noticias\\\/zoido-espana-y-francia-comparten-una-agenda-de-seguridad-comun\\\/#mainImage\"},\"primaryImageOfPage\":{\"@id\":\"https:\\\/\\\/www.eldigitaldeasturias.com\\\/noticias\\\/zoido-espana-y-francia-comparten-una-agenda-de-seguridad-comun\\\/#mainImage\"},\"datePublished\":\"2017-11-22T06:33:38+01:00\",\"dateModified\":\"2017-11-22T06:33:38+01:00\"},{\"@type\":\"WebSite\",\"@id\":\"https:\\\/\\\/www.eldigitaldeasturias.com\\\/noticias\\\/#website\",\"url\":\"https:\\\/\\\/www.eldigitaldeasturias.com\\\/noticias\\\/\",\"name\":\"El Digital de Asturias - Diario de actualidad y noticias\",\"alternateName\":\"El Digital de Asturias - Diario de actualidad y noticias\",\"description\":\"Hemeroteca\",\"inLanguage\":\"es-ES\",\"publisher\":{\"@id\":\"https:\\\/\\\/www.eldigitaldeasturias.com\\\/noticias\\\/#organization\"}}]}\n\t\t<\/script>\n\t\t<!-- All in One SEO Pro -->\r\n\t\t<title>Zoido: \u00abEspa\u00f1a y Francia comparten una agenda de seguridad com\u00fan\u00bb - El Digital de Asturias<\/title>\n\n","aioseo_head_json":{"title":"Zoido: \u00abEspa\u00f1a y Francia comparten una agenda de seguridad com\u00fan\u00bb - El Digital de Asturias","description":"El ministro del Interior, Juan Ignacio Zoido, ha asistido al acto de entrega de condecoraciones a 54 miembros de la Guardia Civil y de la Polic\u00eda Nacional en la Embajada de Francia en Espa\u00f1a. Unas condecoraciones que, seg\u00fan Zoido, \"sirven para poner de manifiesto de nuevo la excelente colaboraci\u00f3n que mantiene Francia y Espa\u00f1a en","canonical_url":"https:\/\/www.eldigitaldeasturias.com\/noticias\/zoido-espana-y-francia-comparten-una-agenda-de-seguridad-comun\/","robots":"max-image-preview:large","keywords":"actualidad","webmasterTools":{"google-site-verification":"UA-38556648-1","msvalidate.01":"7dfe9f3f1b24437ab69f4f2559babe99","miscellaneous":""},"schema":{"@context":"https:\/\/schema.org","@graph":[{"@type":"BlogPosting","@id":"https:\/\/www.eldigitaldeasturias.com\/noticias\/zoido-espana-y-francia-comparten-una-agenda-de-seguridad-comun\/#blogposting","name":"Zoido: \u00abEspa\u00f1a y Francia comparten una agenda de seguridad com\u00fan\u00bb - El Digital de Asturias","headline":"Zoido: \u00abEspa\u00f1a y Francia comparten una agenda de seguridad com\u00fan\u00bb","author":{"@id":"https:\/\/www.eldigitaldeasturias.com\/noticias\/author\/admin\/#author"},"publisher":{"@id":"https:\/\/www.eldigitaldeasturias.com\/noticias\/#organization"},"image":{"@type":"ImageObject","url":960697},"datePublished":"2017-11-22T06:33:38+01:00","dateModified":"2017-11-22T06:33:38+01:00","inLanguage":"es-ES","mainEntityOfPage":{"@id":"https:\/\/www.eldigitaldeasturias.com\/noticias\/zoido-espana-y-francia-comparten-una-agenda-de-seguridad-comun\/#webpage"},"isPartOf":{"@id":"https:\/\/www.eldigitaldeasturias.com\/noticias\/zoido-espana-y-francia-comparten-una-agenda-de-seguridad-comun\/#webpage"},"articleSection":"Actualidad"},{"@type":"BreadcrumbList","@id":"https:\/\/www.eldigitaldeasturias.com\/noticias\/zoido-espana-y-francia-comparten-una-agenda-de-seguridad-comun\/#breadcrumblist","itemListElement":[{"@type":"ListItem","@id":"https:\/\/www.eldigitaldeasturias.com\/noticias#listItem","position":1,"name":"Home","item":"https:\/\/www.eldigitaldeasturias.com\/noticias","nextItem":{"@type":"ListItem","@id":"https:\/\/www.eldigitaldeasturias.com\/noticias\/category\/actualidad\/#listItem","name":"Actualidad"}},{"@type":"ListItem","@id":"https:\/\/www.eldigitaldeasturias.com\/noticias\/category\/actualidad\/#listItem","position":2,"name":"Actualidad","item":"https:\/\/www.eldigitaldeasturias.com\/noticias\/category\/actualidad\/","nextItem":{"@type":"ListItem","@id":"https:\/\/www.eldigitaldeasturias.com\/noticias\/zoido-espana-y-francia-comparten-una-agenda-de-seguridad-comun\/#listItem","name":"Zoido: \u00abEspa\u00f1a y Francia comparten una agenda de seguridad com\u00fan\u00bb"},"previousItem":{"@type":"ListItem","@id":"https:\/\/www.eldigitaldeasturias.com\/noticias#listItem","name":"Home"}},{"@type":"ListItem","@id":"https:\/\/www.eldigitaldeasturias.com\/noticias\/zoido-espana-y-francia-comparten-una-agenda-de-seguridad-comun\/#listItem","position":3,"name":"Zoido: \u00abEspa\u00f1a y Francia comparten una agenda de seguridad com\u00fan\u00bb","previousItem":{"@type":"ListItem","@id":"https:\/\/www.eldigitaldeasturias.com\/noticias\/category\/actualidad\/#listItem","name":"Actualidad"}}]},{"@type":"Organization","@id":"https:\/\/www.eldigitaldeasturias.com\/noticias\/#organization","name":"El Digital de Asturias","description":"Hemeroteca","url":"https:\/\/www.eldigitaldeasturias.com\/noticias\/","email":"info@eldigitaldeasturias.com","telephone":"+34652131393","logo":{"@type":"ImageObject","url":"https:\/\/www.eldigitaldeasturias.com\/noticias\/wp-content\/uploads\/2020\/12\/EDA.jpg","@id":"https:\/\/www.eldigitaldeasturias.com\/noticias\/zoido-espana-y-francia-comparten-una-agenda-de-seguridad-comun\/#organizationLogo"},"image":{"@id":"https:\/\/www.eldigitaldeasturias.com\/noticias\/zoido-espana-y-francia-comparten-una-agenda-de-seguridad-comun\/#organizationLogo"},"sameAs":["https:\/\/facebook.com\/eldigitaldeasturias","https:\/\/www.youtube.com\/channel\/UCZP-2wLEB9Rv6erhFmqVnvg"],"address":{"@id":"https:\/\/www.eldigitaldeasturias.com\/noticias\/#postaladdress","@type":"PostalAddress","streetAddress":"san antonio 4","postalCode":"33430","addressLocality":"Cand\u00e1s","addressRegion":"Asturias","addressCountry":"ES"}},{"@type":"Person","@id":"https:\/\/www.eldigitaldeasturias.com\/noticias\/author\/admin\/#author","url":"https:\/\/www.eldigitaldeasturias.com\/noticias\/author\/admin\/","name":"El Digital de Asturias","image":{"@type":"ImageObject","@id":"https:\/\/www.eldigitaldeasturias.com\/noticias\/zoido-espana-y-francia-comparten-una-agenda-de-seguridad-comun\/#authorImage","url":"https:\/\/secure.gravatar.com\/avatar\/df2aeffc32bcd13f8d26072ef8a91b623d677766deac7f97ca815868cd41bf5e?s=96&d=mm&r=g","width":96,"height":96,"caption":"El Digital de Asturias"}},{"@type":"WebPage","@id":"https:\/\/www.eldigitaldeasturias.com\/noticias\/zoido-espana-y-francia-comparten-una-agenda-de-seguridad-comun\/#webpage","url":"https:\/\/www.eldigitaldeasturias.com\/noticias\/zoido-espana-y-francia-comparten-una-agenda-de-seguridad-comun\/","name":"Zoido: \u00abEspa\u00f1a y Francia comparten una agenda de seguridad com\u00fan\u00bb - El Digital de Asturias","description":"El ministro del Interior, Juan Ignacio Zoido, ha asistido al acto de entrega de condecoraciones a 54 miembros de la Guardia Civil y de la Polic\u00eda Nacional en la Embajada de Francia en Espa\u00f1a. Unas condecoraciones que, seg\u00fan Zoido, \"sirven para poner de manifiesto de nuevo la excelente colaboraci\u00f3n que mantiene Francia y Espa\u00f1a en","inLanguage":"es-ES","isPartOf":{"@id":"https:\/\/www.eldigitaldeasturias.com\/noticias\/#website"},"breadcrumb":{"@id":"https:\/\/www.eldigitaldeasturias.com\/noticias\/zoido-espana-y-francia-comparten-una-agenda-de-seguridad-comun\/#breadcrumblist"},"author":{"@id":"https:\/\/www.eldigitaldeasturias.com\/noticias\/author\/admin\/#author"},"creator":{"@id":"https:\/\/www.eldigitaldeasturias.com\/noticias\/author\/admin\/#author"},"image":{"@type":"ImageObject","url":960697,"@id":"https:\/\/www.eldigitaldeasturias.com\/noticias\/zoido-espana-y-francia-comparten-una-agenda-de-seguridad-comun\/#mainImage"},"primaryImageOfPage":{"@id":"https:\/\/www.eldigitaldeasturias.com\/noticias\/zoido-espana-y-francia-comparten-una-agenda-de-seguridad-comun\/#mainImage"},"datePublished":"2017-11-22T06:33:38+01:00","dateModified":"2017-11-22T06:33:38+01:00"},{"@type":"WebSite","@id":"https:\/\/www.eldigitaldeasturias.com\/noticias\/#website","url":"https:\/\/www.eldigitaldeasturias.com\/noticias\/","name":"El Digital de Asturias - Diario de actualidad y noticias","alternateName":"El Digital de Asturias - Diario de actualidad y noticias","description":"Hemeroteca","inLanguage":"es-ES","publisher":{"@id":"https:\/\/www.eldigitaldeasturias.com\/noticias\/#organization"}}]},"og:locale":"es_ES","og:site_name":"El Digital de Asturias","og:type":"article","og:title":"Zoido: \u00abEspa\u00f1a y Francia comparten una agenda de seguridad com\u00fan\u00bb - El Digital de Asturias","og:description":"El ministro del Interior, Juan Ignacio Zoido, ha asistido al acto de entrega de condecoraciones a 54 miembros de la Guardia Civil y de la Polic\u00eda Nacional en la Embajada de Francia en Espa\u00f1a. Unas condecoraciones que, seg\u00fan Zoido, &quot;sirven para poner de manifiesto de nuevo la excelente colaboraci\u00f3n que mantiene Francia y Espa\u00f1a en","og:url":"https:\/\/www.eldigitaldeasturias.com\/noticias\/zoido-espana-y-francia-comparten-una-agenda-de-seguridad-comun\/","article:tag":["actualidad"],"article:published_time":"2017-11-22T06:33:38+00:00","article:modified_time":"2017-11-22T06:33:38+00:00","article:publisher":"https:\/\/facebook.com\/eldigitaldeasturias","twitter:card":"summary_large_image","twitter:title":"Zoido: \u00abEspa\u00f1a y Francia comparten una agenda de seguridad com\u00fan\u00bb - El Digital de Asturias","twitter:description":"El ministro del Interior, Juan Ignacio Zoido, ha asistido al acto de entrega de condecoraciones a 54 miembros de la Guardia Civil y de la Polic\u00eda Nacional en la Embajada de Francia en Espa\u00f1a. Unas condecoraciones que, seg\u00fan Zoido, &quot;sirven para poner de manifiesto de nuevo la excelente colaboraci\u00f3n que mantiene Francia y Espa\u00f1a en","twitter:image":"https:\/\/www.eldigitaldeasturias.com\/noticias\/wp-content\/uploads\/2020\/12\/EDA-1.jpg","twitter:label1":"Escrito por","twitter:data1":"El Digital de Asturias","twitter:label2":"Tiempo de lectura estimado","twitter:data2":"2 minutos"},"aioseo_meta_data":{"post_id":"960696","title":null,"description":null,"keywords":null,"keyphrases":null,"primary_term":null,"canonical_url":null,"og_title":null,"og_description":null,"og_object_type":"default","og_image_type":"default","og_image_url":null,"og_image_width":null,"og_image_height":null,"og_image_custom_url":null,"og_image_custom_fields":null,"og_video":null,"og_custom_url":null,"og_article_section":null,"og_article_tags":null,"twitter_use_og":false,"twitter_card":"default","twitter_image_type":"default","twitter_image_url":null,"twitter_image_custom_url":null,"twitter_image_custom_fields":null,"twitter_title":null,"twitter_description":null,"schema":{"blockGraphs":[],"customGraphs":[],"default":{"data":{"Article":[],"Course":[],"Dataset":[],"FAQPage":[],"Movie":[],"Person":[],"Product":[],"ProductReview":[],"Car":[],"Recipe":[],"Service":[],"SoftwareApplication":[],"WebPage":[]},"graphName":"","isEnabled":true},"graphs":[],"defaultGraph":"","defaultPostTypeGraph":""},"schema_type":null,"schema_type_options":null,"pillar_content":false,"robots_default":true,"robots_noindex":false,"robots_noarchive":false,"robots_nosnippet":false,"robots_nofollow":false,"robots_noimageindex":false,"robots_noodp":false,"robots_notranslate":false,"robots_max_snippet":null,"robots_max_videopreview":null,"robots_max_imagepreview":"large","priority":null,"frequency":null,"local_seo":null,"seo_analyzer_scan_date":"2025-12-07 06:18:08","breadcrumb_settings":null,"limit_modified_date":false,"open_ai":null,"ai":null,"created":"2020-12-21 12:51:38","updated":"2025-12-07 06:18:08","focus_keyword":null,"additional_keywords":null,"truseo_locale":null},"aioseo_breadcrumb":"<div class=\"aioseo-breadcrumbs\"><span class=\"aioseo-breadcrumb\">\n\t<a href=\"https:\/\/www.eldigitaldeasturias.com\/noticias\" title=\"Home\">Home<\/a>\n<\/span><span class=\"aioseo-breadcrumb-separator\">\u2013<\/span><span class=\"aioseo-breadcrumb\">\n\t<a href=\"https:\/\/www.eldigitaldeasturias.com\/noticias\/category\/actualidad\/\" title=\"Actualidad\">Actualidad<\/a>\n<\/span><span class=\"aioseo-breadcrumb-separator\">\u2013<\/span><span class=\"aioseo-breadcrumb\">\n\t<a href=\"https:\/\/www.eldigitaldeasturias.com\/noticias\/zoido-espana-y-francia-comparten-una-agenda-de-seguridad-comun\/\" title=\"Zoido: \u00abEspa\u00f1a y Francia comparten una agenda de seguridad com\u00fan\u00bb\">Zoido: \u00abEspa\u00f1a y Francia comparten una agenda de seguridad com\u00fan\u00bb<\/a>\n<\/span><\/div>","aioseo_breadcrumb_json":[{"label":"Home","link":"https:\/\/www.eldigitaldeasturias.com\/noticias"},{"label":"Actualidad","link":"https:\/\/www.eldigitaldeasturias.com\/noticias\/category\/actualidad\/"},{"label":"Zoido: \u00abEspa\u00f1a y Francia comparten una agenda de seguridad com\u00fan\u00bb","link":"https:\/\/www.eldigitaldeasturias.com\/noticias\/zoido-espana-y-francia-comparten-una-agenda-de-seguridad-comun\/"}],"_links":{"self":[{"href":"https:\/\/www.eldigitaldeasturias.com\/noticias\/wp-json\/wp\/v2\/posts\/960696","targetHints":{"allow":["GET"]}}],"collection":[{"href":"https:\/\/www.eldigitaldeasturias.com\/noticias\/wp-json\/wp\/v2\/posts"}],"about":[{"href":"https:\/\/www.eldigitaldeasturias.com\/noticias\/wp-json\/wp\/v2\/types\/post"}],"author":[{"embeddable":true,"href":"https:\/\/www.eldigitaldeasturias.com\/noticias\/wp-json\/wp\/v2\/users\/1"}],"replies":[{"embeddable":true,"href":"https:\/\/www.eldigitaldeasturias.com\/noticias\/wp-json\/wp\/v2\/comments?post=960696"}],"version-history":[{"count":0,"href":"https:\/\/www.eldigitaldeasturias.com\/noticias\/wp-json\/wp\/v2\/posts\/960696\/revisions"}],"wp:attachment":[{"href":"https:\/\/www.eldigitaldeasturias.com\/noticias\/wp-json\/wp\/v2\/media?parent=960696"}],"wp:term":[{"taxonomy":"category","embeddable":true,"href":"https:\/\/www.eldigitaldeasturias.com\/noticias\/wp-json\/wp\/v2\/categories?post=960696"},{"taxonomy":"post_tag","embeddable":true,"href":"https:\/\/www.eldigitaldeasturias.com\/noticias\/wp-json\/wp\/v2\/tags?post=960696"}],"curies":[{"name":"wp","href":"https:\/\/api.w.org\/{rel}","templated":true}]}}