{"id":960693,"date":"2017-11-22T06:31:57","date_gmt":"2017-11-22T06:31:57","guid":{"rendered":"http:\/\/www.eldigitaldeasturias.com\/noticias\/?p=960693"},"modified":"2017-11-22T06:31:57","modified_gmt":"2017-11-22T06:31:57","slug":"espana-apoya-la-propuesta-de-crear-un-erasmus-de-la-cultura","status":"publish","type":"post","link":"https:\/\/www.eldigitaldeasturias.com\/noticias\/espana-apoya-la-propuesta-de-crear-un-erasmus-de-la-cultura\/","title":{"rendered":"Espa\u00f1a apoya la propuesta de crear un &#8216;Erasmus de la Cultura&#8217;"},"content":{"rendered":"<p><img loading=\"lazy\" decoding=\"async\" class=\"alignleft size-medium wp-image-960694\" src=\"https:\/\/www.eldigitaldeasturias.com\/noticias\/wp-content\/uploads\/2017\/11\/14012016_materialescolar-360x239.jpg\" alt=\"\" width=\"360\" height=\"239\" \/>El ministro de Educaci\u00f3n, Cultura y Deporte, \u00cd\u00f1igo M\u00e9ndez de Vigo, ha propuesto incluir en la educaci\u00f3n y formaci\u00f3n de nuestros alumnos los valores fundamentales, asentados en la democracia, en los que se sustenta la Uni\u00f3n Europea y nos unen a los Estados miembros.<\/p>\n<p>M\u00e9ndez de Vigo, que ha participado en el Consejo de ministros de Educaci\u00f3n y Cultura de la Uni\u00f3n Europea, celebrado en Bruselas, ha indicado que estos mismos valores, como los incluidos en la Constituci\u00f3n, son los que tambi\u00e9n deben formar parte del Pacto de Estado Social y Pol\u00edtico por la Educaci\u00f3n, para el que desea \u00abuna resoluci\u00f3n final caracterizada por el di\u00e1logo y el consenso\u00bb.<\/p>\n<p>De esta forma, se ha referido a la importancia que concede el Gobierno espa\u00f1ol al consenso y a los pactos en todos aquellos aspectos que sean fundamentales para la mejora de nuestra convivencia, tanto en su dimensi\u00f3n espa\u00f1ola como europea, y uno de ellos es la educaci\u00f3n.<\/p>\n<p>M\u00e9ndez de Vigo ha mencionado los tres graves desaf\u00edos que est\u00e1n afrontando nuestras naciones: el terrorismo, el populismo y el nacionalismo, \u00abque pueden romper Europa si no invertimos en educaci\u00f3n y en los valores fundamentales de la convivencia y de democracia\u00bb, ha advertido.<\/p>\n<p>Tal y como ha reflejado en rueda de prensa, el ministro ha apoyado la labor del comisario Navracsics, para aprobar una Recomendaci\u00f3n del Consejo sobre educaci\u00f3n inclusiva y promoci\u00f3n de los valores comunes a trav\u00e9s de la educaci\u00f3n, culminando la propuesta planteada por \u00e9l mismo a la Comisi\u00f3n Europea, tras los atentados terroristas de 2015 y 2016.<\/p>\n<p><strong>Agenda Europea de Educaci\u00f3n y Cultura<\/strong><\/p>\n<p>Adem\u00e1s, el ministro ha apuntado que la Agenda Europea de la Educaci\u00f3n y la Cultura va a adquirir una mayor importancia a ra\u00edz de la Cumbre de Gotemburgo (Suecia), celebrada por los jefes de Estado y de Gobierno de la Uni\u00f3n Europea a finales de la pasada semana.<\/p>\n<p>Por ello, ha incidido en una serie de aspectos que ser\u00e1n una realidad a partir del establecimiento en 2025 de un Espacio Europeo de Educaci\u00f3n, que conllevar\u00e1 \u00abm\u00e1s Educaci\u00f3n y mejor Cultura\u00bb.<\/p>\n<p>Entre estos aspectos, ha resaltado la movilidad, el reconocimiento de diplomas, m\u00e1s cooperaci\u00f3n en el desarrollo de los planes de estudio, mejorar el aprendizaje de lenguas y el aprendizaje permanente, hacer hincapi\u00e9 en el apoyo a los profesores, crear una red de centros universitarios europeos e invertir en educaci\u00f3n aprovechando los fondos estructurales.<\/p>\n<p>La Formaci\u00f3n Profesional en el Pacto de Estado Social y Pol\u00edtico por la Educaci\u00f3n<br \/>\nM\u00e9ndez de Vigo ha destacado la importancia de la Formaci\u00f3n Profesional \u00abpara conseguir un capital humano con alta cualificaci\u00f3n, capaz de enfrentarse con \u00e9xito los cambios tecnol\u00f3gicos y organizativos\u00bb, para lo que es necesario hacer una FP \u00abinnovadora, atractiva, especialmente en la sociedad digital, y valorada socialmente\u00bb.<\/p>\n<p>Ha defendido la organizaci\u00f3n del sistema en niveles educativos, \u00abpues las competencias b\u00e1sicas y el desarrollo cultural son la base para poder desarrollar las competencias profesionales en todos los niveles del Sistema Educativo\u00bb.<\/p>\n<p>En su intervenci\u00f3n, ha reiterado la pertinencia de ubicar en los sistemas educativos la FP en todos los niveles y atraer a sus itinerarios a todos aquellos que, estando fuera del sistema educativo, quieran continuar su formaci\u00f3n o recualificarse para su adaptaci\u00f3n al mercado laboral.<\/p>\n<p><strong>Protocolo de colaboraci\u00f3n: Espa\u00f1a y Francia refuerzan la cooperaci\u00f3n bilateral en materia cultural<\/strong><\/p>\n<p>Hoy, como ministro de Cultura de Espa\u00f1a, M\u00e9ndez de Vigo ha firmado un protocolo de colaboraci\u00f3n con la ministra de Cultura de Francia, Fran\u00e7oise Nyssen, para reforzar la cooperaci\u00f3n bilateral en materia cultural.<\/p>\n<p>A trav\u00e9s de este protocolo se impulsar\u00e1n programas y acciones conjuntas en el \u00e1mbito de los museos, archivos, bibliotecas y del patrimonio cultural. Algunas de las actividades a realizar ser\u00e1n: la organizaci\u00f3n conjunta de exposiciones temporales; la circulaci\u00f3n de exposiciones y pr\u00e9stamos de obras de arte; el desarrollo de programas de formaci\u00f3n y especializaci\u00f3n; el intercambio y cooperaci\u00f3n de profesionales, artistas, expertos y cr\u00edticos de arte; as\u00ed como la puesta en com\u00fan de buenas pr\u00e1cticas, entre otros.<\/p>\n<p><strong>Espa\u00f1a y Francia, diez a\u00f1os de Bachibac<\/strong><\/p>\n<p>En el marco de la reuni\u00f3n del Consejo de ministros de Educaci\u00f3n, el ministro se ha reunido con su hom\u00f3logo franc\u00e9s, Jean-Michel Blanquer, con quien ha abordado diferentes asuntos de inter\u00e9s com\u00fan, entre ellos la celebraci\u00f3n en Espa\u00f1a en 2018 del d\u00e9cimo aniversario del prestigioso programa bilateral Bachibac que permite la expedici\u00f3n simult\u00e1nea de las titulaciones de Bachiller y Baccalaur\u00e9at a alumnos franceses y espa\u00f1oles en ambos pa\u00edses.<\/p>\n<p>Asimismo, han abordado situaci\u00f3n de la lengua francesa en el sistema educativo espa\u00f1ol y del espa\u00f1ol en el sistema educativo franc\u00e9s, adem\u00e1s de la propuesta del presidente Macron de iniciar el llamado \u00abproceso de Sorbona\u00bb destinado a la armonizaci\u00f3n y reconocimiento mutuo de t\u00edtulos de educaci\u00f3n secundaria.<\/p>\n<p><strong>Espa\u00f1a apoya la propuesta de crear un &#8216;Erasmus de la Cultura&#8217;<\/strong><\/p>\n<p>En este mismo sentido, y en el \u00e1rea de Cultura, Espa\u00f1a ha destacado el importante papel que juega una cultura accesible e integradora que promueva los valores comunes europeos en la construcci\u00f3n de sociedades cohesionadas en Europa. As\u00ed, se ha hecho hincapi\u00e9 en la naturaleza creativa, econ\u00f3mica y social de la cultura, que se configura como un elemento estrat\u00e9gico de las pol\u00edticas p\u00fablicas para promover la cohesi\u00f3n e integraci\u00f3n de nuestras sociedades.<\/p>\n<p>En el debate, Espa\u00f1a se ha posicionado a favor de la propuesta francesa para recuperar Europa a trav\u00e9s de la cultura, en especial en lo relativo a la apuesta por un &#8216;Erasmus de la Cultura&#8217; destinado a promover la movilidad de los sectores culturales, y a la defensa de los derechos de autor en la era de desarrollo digital.<\/p>\n<p>Adem\u00e1s, en el an\u00e1lisis de las conclusiones del Consejo sobre la promoci\u00f3n del acceso a la cultura a trav\u00e9s de medios digitales, Espa\u00f1a ha apoyado el texto sobre la identificaci\u00f3n de medidas para fomentar el acceso de los ciudadanos a la cultura a trav\u00e9s de las nuevas tecnolog\u00edas y medios digitales y el impacto de las audiencias en el desarrollo de contenidos culturales.<\/p>\n","protected":false},"excerpt":{"rendered":"<p>El ministro de Educaci\u00f3n, Cultura y Deporte, \u00cd\u00f1igo M\u00e9ndez de Vigo, ha propuesto incluir en la educaci\u00f3n y formaci\u00f3n de nuestros alumnos los valores fundamentales, asentados en la democracia, en los que se sustenta la Uni\u00f3n Europea y nos unen a los Estados miembros. M\u00e9ndez de Vigo, que ha participado en el Consejo de ministros [&hellip;]<\/p>\n","protected":false},"author":1,"featured_media":960694,"comment_status":"closed","ping_status":"closed","sticky":false,"template":"","format":"standard","meta":{"footnotes":""},"categories":[1],"tags":[],"class_list":["post-960693","post","type-post","status-publish","format-standard","has-post-thumbnail","hentry","category-actualidad"],"aioseo_notices":[],"aioseo_head":"\n\t\t<!-- All in One SEO Pro 5.0.1 - aioseo.com -->\n\t<meta name=\"description\" content=\"El ministro de Educaci\u00f3n, Cultura y Deporte, \u00cd\u00f1igo M\u00e9ndez de Vigo, ha propuesto incluir en la educaci\u00f3n y formaci\u00f3n de nuestros alumnos los valores fundamentales, asentados en la democracia, en los que se sustenta la Uni\u00f3n Europea y nos unen a los Estados miembros. M\u00e9ndez de Vigo, que ha participado en el Consejo de ministros\" \/>\n\t<meta name=\"robots\" content=\"max-image-preview:large\" \/>\n\t<meta name=\"author\" content=\"El Digital de Asturias\"\/>\n\t<meta name=\"google-site-verification\" content=\"UA-38556648-1\" \/>\n\t<meta name=\"msvalidate.01\" content=\"7dfe9f3f1b24437ab69f4f2559babe99\" \/>\n\t<meta name=\"keywords\" content=\"actualidad\" \/>\n\t<link rel=\"canonical\" href=\"https:\/\/www.eldigitaldeasturias.com\/noticias\/espana-apoya-la-propuesta-de-crear-un-erasmus-de-la-cultura\/\" \/>\n\t<meta name=\"generator\" content=\"All in One SEO Pro (AIOSEO) 5.0.1\" \/>\n\t\t<meta property=\"og:locale\" content=\"es_ES\" \/>\n\t\t<meta property=\"og:site_name\" content=\"El Digital de Asturias\" \/>\n\t\t<meta property=\"og:type\" content=\"article\" \/>\n\t\t<meta property=\"og:title\" content=\"Espa\u00f1a apoya la propuesta de crear un \u2018Erasmus de la Cultura\u2019 - El Digital de Asturias\" \/>\n\t\t<meta property=\"og:description\" content=\"El ministro de Educaci\u00f3n, Cultura y Deporte, \u00cd\u00f1igo M\u00e9ndez de Vigo, ha propuesto incluir en la educaci\u00f3n y formaci\u00f3n de nuestros alumnos los valores fundamentales, asentados en la democracia, en los que se sustenta la Uni\u00f3n Europea y nos unen a los Estados miembros. M\u00e9ndez de Vigo, que ha participado en el Consejo de ministros\" \/>\n\t\t<meta property=\"og:url\" content=\"https:\/\/www.eldigitaldeasturias.com\/noticias\/espana-apoya-la-propuesta-de-crear-un-erasmus-de-la-cultura\/\" \/>\n\t\t<meta property=\"article:tag\" content=\"actualidad\" \/>\n\t\t<meta property=\"article:published_time\" content=\"2017-11-22T06:31:57+00:00\" \/>\n\t\t<meta property=\"article:modified_time\" content=\"2017-11-22T06:31:57+00:00\" \/>\n\t\t<meta property=\"article:publisher\" content=\"https:\/\/facebook.com\/eldigitaldeasturias\" \/>\n\t\t<meta name=\"twitter:card\" content=\"summary_large_image\" \/>\n\t\t<meta name=\"twitter:title\" content=\"Espa\u00f1a apoya la propuesta de crear un \u2018Erasmus de la Cultura\u2019 - El Digital de Asturias\" \/>\n\t\t<meta name=\"twitter:description\" content=\"El ministro de Educaci\u00f3n, Cultura y Deporte, \u00cd\u00f1igo M\u00e9ndez de Vigo, ha propuesto incluir en la educaci\u00f3n y formaci\u00f3n de nuestros alumnos los valores fundamentales, asentados en la democracia, en los que se sustenta la Uni\u00f3n Europea y nos unen a los Estados miembros. M\u00e9ndez de Vigo, que ha participado en el Consejo de ministros\" \/>\n\t\t<meta name=\"twitter:image\" content=\"https:\/\/www.eldigitaldeasturias.com\/noticias\/wp-content\/uploads\/2020\/12\/EDA-1.jpg\" \/>\n\t\t<meta name=\"twitter:label1\" content=\"Escrito por\" \/>\n\t\t<meta name=\"twitter:data1\" content=\"El Digital de Asturias\" \/>\n\t\t<meta name=\"twitter:label2\" content=\"Tiempo de lectura estimado\" \/>\n\t\t<meta name=\"twitter:data2\" content=\"5 minutos\" \/>\n\t\t<script type=\"application\/ld+json\" class=\"aioseo-schema\">\n\t\t\t{\"@context\":\"https:\\\/\\\/schema.org\",\"@graph\":[{\"@type\":\"BlogPosting\",\"@id\":\"https:\\\/\\\/www.eldigitaldeasturias.com\\\/noticias\\\/espana-apoya-la-propuesta-de-crear-un-erasmus-de-la-cultura\\\/#blogposting\",\"name\":\"Espa\\u00f1a apoya la propuesta de crear un \\u2018Erasmus de la Cultura\\u2019 - El Digital de Asturias\",\"headline\":\"Espa\\u00f1a apoya la propuesta de crear un &#8216;Erasmus de la Cultura&#8217;\",\"author\":{\"@id\":\"https:\\\/\\\/www.eldigitaldeasturias.com\\\/noticias\\\/author\\\/admin\\\/#author\"},\"publisher\":{\"@id\":\"https:\\\/\\\/www.eldigitaldeasturias.com\\\/noticias\\\/#organization\"},\"image\":{\"@type\":\"ImageObject\",\"url\":960694},\"datePublished\":\"2017-11-22T06:31:57+01:00\",\"dateModified\":\"2017-11-22T06:31:57+01:00\",\"inLanguage\":\"es-ES\",\"mainEntityOfPage\":{\"@id\":\"https:\\\/\\\/www.eldigitaldeasturias.com\\\/noticias\\\/espana-apoya-la-propuesta-de-crear-un-erasmus-de-la-cultura\\\/#webpage\"},\"isPartOf\":{\"@id\":\"https:\\\/\\\/www.eldigitaldeasturias.com\\\/noticias\\\/espana-apoya-la-propuesta-de-crear-un-erasmus-de-la-cultura\\\/#webpage\"},\"articleSection\":\"Actualidad\"},{\"@type\":\"BreadcrumbList\",\"@id\":\"https:\\\/\\\/www.eldigitaldeasturias.com\\\/noticias\\\/espana-apoya-la-propuesta-de-crear-un-erasmus-de-la-cultura\\\/#breadcrumblist\",\"itemListElement\":[{\"@type\":\"ListItem\",\"@id\":\"https:\\\/\\\/www.eldigitaldeasturias.com\\\/noticias#listItem\",\"position\":1,\"name\":\"Home\",\"item\":\"https:\\\/\\\/www.eldigitaldeasturias.com\\\/noticias\",\"nextItem\":{\"@type\":\"ListItem\",\"@id\":\"https:\\\/\\\/www.eldigitaldeasturias.com\\\/noticias\\\/category\\\/actualidad\\\/#listItem\",\"name\":\"Actualidad\"}},{\"@type\":\"ListItem\",\"@id\":\"https:\\\/\\\/www.eldigitaldeasturias.com\\\/noticias\\\/category\\\/actualidad\\\/#listItem\",\"position\":2,\"name\":\"Actualidad\",\"item\":\"https:\\\/\\\/www.eldigitaldeasturias.com\\\/noticias\\\/category\\\/actualidad\\\/\",\"nextItem\":{\"@type\":\"ListItem\",\"@id\":\"https:\\\/\\\/www.eldigitaldeasturias.com\\\/noticias\\\/espana-apoya-la-propuesta-de-crear-un-erasmus-de-la-cultura\\\/#listItem\",\"name\":\"Espa\\u00f1a apoya la propuesta de crear un &#8216;Erasmus de la Cultura&#8217;\"},\"previousItem\":{\"@type\":\"ListItem\",\"@id\":\"https:\\\/\\\/www.eldigitaldeasturias.com\\\/noticias#listItem\",\"name\":\"Home\"}},{\"@type\":\"ListItem\",\"@id\":\"https:\\\/\\\/www.eldigitaldeasturias.com\\\/noticias\\\/espana-apoya-la-propuesta-de-crear-un-erasmus-de-la-cultura\\\/#listItem\",\"position\":3,\"name\":\"Espa\\u00f1a apoya la propuesta de crear un &#8216;Erasmus de la Cultura&#8217;\",\"previousItem\":{\"@type\":\"ListItem\",\"@id\":\"https:\\\/\\\/www.eldigitaldeasturias.com\\\/noticias\\\/category\\\/actualidad\\\/#listItem\",\"name\":\"Actualidad\"}}]},{\"@type\":\"Organization\",\"@id\":\"https:\\\/\\\/www.eldigitaldeasturias.com\\\/noticias\\\/#organization\",\"name\":\"El Digital de Asturias\",\"description\":\"Hemeroteca\",\"url\":\"https:\\\/\\\/www.eldigitaldeasturias.com\\\/noticias\\\/\",\"email\":\"info@eldigitaldeasturias.com\",\"telephone\":\"+34652131393\",\"logo\":{\"@type\":\"ImageObject\",\"url\":\"https:\\\/\\\/www.eldigitaldeasturias.com\\\/noticias\\\/wp-content\\\/uploads\\\/2020\\\/12\\\/EDA.jpg\",\"@id\":\"https:\\\/\\\/www.eldigitaldeasturias.com\\\/noticias\\\/espana-apoya-la-propuesta-de-crear-un-erasmus-de-la-cultura\\\/#organizationLogo\"},\"image\":{\"@id\":\"https:\\\/\\\/www.eldigitaldeasturias.com\\\/noticias\\\/espana-apoya-la-propuesta-de-crear-un-erasmus-de-la-cultura\\\/#organizationLogo\"},\"sameAs\":[\"https:\\\/\\\/facebook.com\\\/eldigitaldeasturias\",\"https:\\\/\\\/www.youtube.com\\\/channel\\\/UCZP-2wLEB9Rv6erhFmqVnvg\"],\"address\":{\"@id\":\"https:\\\/\\\/www.eldigitaldeasturias.com\\\/noticias\\\/#postaladdress\",\"@type\":\"PostalAddress\",\"streetAddress\":\"san antonio 4\",\"postalCode\":\"33430\",\"addressLocality\":\"Cand\\u00e1s\",\"addressRegion\":\"Asturias\",\"addressCountry\":\"ES\"}},{\"@type\":\"Person\",\"@id\":\"https:\\\/\\\/www.eldigitaldeasturias.com\\\/noticias\\\/author\\\/admin\\\/#author\",\"url\":\"https:\\\/\\\/www.eldigitaldeasturias.com\\\/noticias\\\/author\\\/admin\\\/\",\"name\":\"El Digital de Asturias\",\"image\":{\"@type\":\"ImageObject\",\"@id\":\"https:\\\/\\\/www.eldigitaldeasturias.com\\\/noticias\\\/espana-apoya-la-propuesta-de-crear-un-erasmus-de-la-cultura\\\/#authorImage\",\"url\":\"https:\\\/\\\/secure.gravatar.com\\\/avatar\\\/df2aeffc32bcd13f8d26072ef8a91b623d677766deac7f97ca815868cd41bf5e?s=96&d=mm&r=g\",\"width\":96,\"height\":96,\"caption\":\"El Digital de Asturias\"}},{\"@type\":\"WebPage\",\"@id\":\"https:\\\/\\\/www.eldigitaldeasturias.com\\\/noticias\\\/espana-apoya-la-propuesta-de-crear-un-erasmus-de-la-cultura\\\/#webpage\",\"url\":\"https:\\\/\\\/www.eldigitaldeasturias.com\\\/noticias\\\/espana-apoya-la-propuesta-de-crear-un-erasmus-de-la-cultura\\\/\",\"name\":\"Espa\\u00f1a apoya la propuesta de crear un \\u2018Erasmus de la Cultura\\u2019 - El Digital de Asturias\",\"description\":\"El ministro de Educaci\\u00f3n, Cultura y Deporte, \\u00cd\\u00f1igo M\\u00e9ndez de Vigo, ha propuesto incluir en la educaci\\u00f3n y formaci\\u00f3n de nuestros alumnos los valores fundamentales, asentados en la democracia, en los que se sustenta la Uni\\u00f3n Europea y nos unen a los Estados miembros. M\\u00e9ndez de Vigo, que ha participado en el Consejo de ministros\",\"inLanguage\":\"es-ES\",\"isPartOf\":{\"@id\":\"https:\\\/\\\/www.eldigitaldeasturias.com\\\/noticias\\\/#website\"},\"breadcrumb\":{\"@id\":\"https:\\\/\\\/www.eldigitaldeasturias.com\\\/noticias\\\/espana-apoya-la-propuesta-de-crear-un-erasmus-de-la-cultura\\\/#breadcrumblist\"},\"author\":{\"@id\":\"https:\\\/\\\/www.eldigitaldeasturias.com\\\/noticias\\\/author\\\/admin\\\/#author\"},\"creator\":{\"@id\":\"https:\\\/\\\/www.eldigitaldeasturias.com\\\/noticias\\\/author\\\/admin\\\/#author\"},\"image\":{\"@type\":\"ImageObject\",\"url\":960694,\"@id\":\"https:\\\/\\\/www.eldigitaldeasturias.com\\\/noticias\\\/espana-apoya-la-propuesta-de-crear-un-erasmus-de-la-cultura\\\/#mainImage\"},\"primaryImageOfPage\":{\"@id\":\"https:\\\/\\\/www.eldigitaldeasturias.com\\\/noticias\\\/espana-apoya-la-propuesta-de-crear-un-erasmus-de-la-cultura\\\/#mainImage\"},\"datePublished\":\"2017-11-22T06:31:57+01:00\",\"dateModified\":\"2017-11-22T06:31:57+01:00\"},{\"@type\":\"WebSite\",\"@id\":\"https:\\\/\\\/www.eldigitaldeasturias.com\\\/noticias\\\/#website\",\"url\":\"https:\\\/\\\/www.eldigitaldeasturias.com\\\/noticias\\\/\",\"name\":\"El Digital de Asturias - Diario de actualidad y noticias\",\"alternateName\":\"El Digital de Asturias - Diario de actualidad y noticias\",\"description\":\"Hemeroteca\",\"inLanguage\":\"es-ES\",\"publisher\":{\"@id\":\"https:\\\/\\\/www.eldigitaldeasturias.com\\\/noticias\\\/#organization\"}}]}\n\t\t<\/script>\n\t\t<!-- All in One SEO Pro -->\r\n\t\t<title>Espa\u00f1a apoya la propuesta de crear un \u2018Erasmus de la Cultura\u2019 - El Digital de Asturias<\/title>\n\n","aioseo_head_json":{"title":"Espa\u00f1a apoya la propuesta de crear un \u2018Erasmus de la Cultura\u2019 - El Digital de Asturias","description":"El ministro de Educaci\u00f3n, Cultura y Deporte, \u00cd\u00f1igo M\u00e9ndez de Vigo, ha propuesto incluir en la educaci\u00f3n y formaci\u00f3n de nuestros alumnos los valores fundamentales, asentados en la democracia, en los que se sustenta la Uni\u00f3n Europea y nos unen a los Estados miembros. M\u00e9ndez de Vigo, que ha participado en el Consejo de ministros","canonical_url":"https:\/\/www.eldigitaldeasturias.com\/noticias\/espana-apoya-la-propuesta-de-crear-un-erasmus-de-la-cultura\/","robots":"max-image-preview:large","keywords":"actualidad","webmasterTools":{"google-site-verification":"UA-38556648-1","msvalidate.01":"7dfe9f3f1b24437ab69f4f2559babe99","miscellaneous":""},"schema":{"@context":"https:\/\/schema.org","@graph":[{"@type":"BlogPosting","@id":"https:\/\/www.eldigitaldeasturias.com\/noticias\/espana-apoya-la-propuesta-de-crear-un-erasmus-de-la-cultura\/#blogposting","name":"Espa\u00f1a apoya la propuesta de crear un \u2018Erasmus de la Cultura\u2019 - El Digital de Asturias","headline":"Espa\u00f1a apoya la propuesta de crear un &#8216;Erasmus de la Cultura&#8217;","author":{"@id":"https:\/\/www.eldigitaldeasturias.com\/noticias\/author\/admin\/#author"},"publisher":{"@id":"https:\/\/www.eldigitaldeasturias.com\/noticias\/#organization"},"image":{"@type":"ImageObject","url":960694},"datePublished":"2017-11-22T06:31:57+01:00","dateModified":"2017-11-22T06:31:57+01:00","inLanguage":"es-ES","mainEntityOfPage":{"@id":"https:\/\/www.eldigitaldeasturias.com\/noticias\/espana-apoya-la-propuesta-de-crear-un-erasmus-de-la-cultura\/#webpage"},"isPartOf":{"@id":"https:\/\/www.eldigitaldeasturias.com\/noticias\/espana-apoya-la-propuesta-de-crear-un-erasmus-de-la-cultura\/#webpage"},"articleSection":"Actualidad"},{"@type":"BreadcrumbList","@id":"https:\/\/www.eldigitaldeasturias.com\/noticias\/espana-apoya-la-propuesta-de-crear-un-erasmus-de-la-cultura\/#breadcrumblist","itemListElement":[{"@type":"ListItem","@id":"https:\/\/www.eldigitaldeasturias.com\/noticias#listItem","position":1,"name":"Home","item":"https:\/\/www.eldigitaldeasturias.com\/noticias","nextItem":{"@type":"ListItem","@id":"https:\/\/www.eldigitaldeasturias.com\/noticias\/category\/actualidad\/#listItem","name":"Actualidad"}},{"@type":"ListItem","@id":"https:\/\/www.eldigitaldeasturias.com\/noticias\/category\/actualidad\/#listItem","position":2,"name":"Actualidad","item":"https:\/\/www.eldigitaldeasturias.com\/noticias\/category\/actualidad\/","nextItem":{"@type":"ListItem","@id":"https:\/\/www.eldigitaldeasturias.com\/noticias\/espana-apoya-la-propuesta-de-crear-un-erasmus-de-la-cultura\/#listItem","name":"Espa\u00f1a apoya la propuesta de crear un &#8216;Erasmus de la Cultura&#8217;"},"previousItem":{"@type":"ListItem","@id":"https:\/\/www.eldigitaldeasturias.com\/noticias#listItem","name":"Home"}},{"@type":"ListItem","@id":"https:\/\/www.eldigitaldeasturias.com\/noticias\/espana-apoya-la-propuesta-de-crear-un-erasmus-de-la-cultura\/#listItem","position":3,"name":"Espa\u00f1a apoya la propuesta de crear un &#8216;Erasmus de la Cultura&#8217;","previousItem":{"@type":"ListItem","@id":"https:\/\/www.eldigitaldeasturias.com\/noticias\/category\/actualidad\/#listItem","name":"Actualidad"}}]},{"@type":"Organization","@id":"https:\/\/www.eldigitaldeasturias.com\/noticias\/#organization","name":"El Digital de Asturias","description":"Hemeroteca","url":"https:\/\/www.eldigitaldeasturias.com\/noticias\/","email":"info@eldigitaldeasturias.com","telephone":"+34652131393","logo":{"@type":"ImageObject","url":"https:\/\/www.eldigitaldeasturias.com\/noticias\/wp-content\/uploads\/2020\/12\/EDA.jpg","@id":"https:\/\/www.eldigitaldeasturias.com\/noticias\/espana-apoya-la-propuesta-de-crear-un-erasmus-de-la-cultura\/#organizationLogo"},"image":{"@id":"https:\/\/www.eldigitaldeasturias.com\/noticias\/espana-apoya-la-propuesta-de-crear-un-erasmus-de-la-cultura\/#organizationLogo"},"sameAs":["https:\/\/facebook.com\/eldigitaldeasturias","https:\/\/www.youtube.com\/channel\/UCZP-2wLEB9Rv6erhFmqVnvg"],"address":{"@id":"https:\/\/www.eldigitaldeasturias.com\/noticias\/#postaladdress","@type":"PostalAddress","streetAddress":"san antonio 4","postalCode":"33430","addressLocality":"Cand\u00e1s","addressRegion":"Asturias","addressCountry":"ES"}},{"@type":"Person","@id":"https:\/\/www.eldigitaldeasturias.com\/noticias\/author\/admin\/#author","url":"https:\/\/www.eldigitaldeasturias.com\/noticias\/author\/admin\/","name":"El Digital de Asturias","image":{"@type":"ImageObject","@id":"https:\/\/www.eldigitaldeasturias.com\/noticias\/espana-apoya-la-propuesta-de-crear-un-erasmus-de-la-cultura\/#authorImage","url":"https:\/\/secure.gravatar.com\/avatar\/df2aeffc32bcd13f8d26072ef8a91b623d677766deac7f97ca815868cd41bf5e?s=96&d=mm&r=g","width":96,"height":96,"caption":"El Digital de Asturias"}},{"@type":"WebPage","@id":"https:\/\/www.eldigitaldeasturias.com\/noticias\/espana-apoya-la-propuesta-de-crear-un-erasmus-de-la-cultura\/#webpage","url":"https:\/\/www.eldigitaldeasturias.com\/noticias\/espana-apoya-la-propuesta-de-crear-un-erasmus-de-la-cultura\/","name":"Espa\u00f1a apoya la propuesta de crear un \u2018Erasmus de la Cultura\u2019 - El Digital de Asturias","description":"El ministro de Educaci\u00f3n, Cultura y Deporte, \u00cd\u00f1igo M\u00e9ndez de Vigo, ha propuesto incluir en la educaci\u00f3n y formaci\u00f3n de nuestros alumnos los valores fundamentales, asentados en la democracia, en los que se sustenta la Uni\u00f3n Europea y nos unen a los Estados miembros. M\u00e9ndez de Vigo, que ha participado en el Consejo de ministros","inLanguage":"es-ES","isPartOf":{"@id":"https:\/\/www.eldigitaldeasturias.com\/noticias\/#website"},"breadcrumb":{"@id":"https:\/\/www.eldigitaldeasturias.com\/noticias\/espana-apoya-la-propuesta-de-crear-un-erasmus-de-la-cultura\/#breadcrumblist"},"author":{"@id":"https:\/\/www.eldigitaldeasturias.com\/noticias\/author\/admin\/#author"},"creator":{"@id":"https:\/\/www.eldigitaldeasturias.com\/noticias\/author\/admin\/#author"},"image":{"@type":"ImageObject","url":960694,"@id":"https:\/\/www.eldigitaldeasturias.com\/noticias\/espana-apoya-la-propuesta-de-crear-un-erasmus-de-la-cultura\/#mainImage"},"primaryImageOfPage":{"@id":"https:\/\/www.eldigitaldeasturias.com\/noticias\/espana-apoya-la-propuesta-de-crear-un-erasmus-de-la-cultura\/#mainImage"},"datePublished":"2017-11-22T06:31:57+01:00","dateModified":"2017-11-22T06:31:57+01:00"},{"@type":"WebSite","@id":"https:\/\/www.eldigitaldeasturias.com\/noticias\/#website","url":"https:\/\/www.eldigitaldeasturias.com\/noticias\/","name":"El Digital de Asturias - Diario de actualidad y noticias","alternateName":"El Digital de Asturias - Diario de actualidad y noticias","description":"Hemeroteca","inLanguage":"es-ES","publisher":{"@id":"https:\/\/www.eldigitaldeasturias.com\/noticias\/#organization"}}]},"og:locale":"es_ES","og:site_name":"El Digital de Asturias","og:type":"article","og:title":"Espa\u00f1a apoya la propuesta de crear un \u2018Erasmus de la Cultura\u2019 - El Digital de Asturias","og:description":"El ministro de Educaci\u00f3n, Cultura y Deporte, \u00cd\u00f1igo M\u00e9ndez de Vigo, ha propuesto incluir en la educaci\u00f3n y formaci\u00f3n de nuestros alumnos los valores fundamentales, asentados en la democracia, en los que se sustenta la Uni\u00f3n Europea y nos unen a los Estados miembros. M\u00e9ndez de Vigo, que ha participado en el Consejo de ministros","og:url":"https:\/\/www.eldigitaldeasturias.com\/noticias\/espana-apoya-la-propuesta-de-crear-un-erasmus-de-la-cultura\/","article:tag":["actualidad"],"article:published_time":"2017-11-22T06:31:57+00:00","article:modified_time":"2017-11-22T06:31:57+00:00","article:publisher":"https:\/\/facebook.com\/eldigitaldeasturias","twitter:card":"summary_large_image","twitter:title":"Espa\u00f1a apoya la propuesta de crear un \u2018Erasmus de la Cultura\u2019 - El Digital de Asturias","twitter:description":"El ministro de Educaci\u00f3n, Cultura y Deporte, \u00cd\u00f1igo M\u00e9ndez de Vigo, ha propuesto incluir en la educaci\u00f3n y formaci\u00f3n de nuestros alumnos los valores fundamentales, asentados en la democracia, en los que se sustenta la Uni\u00f3n Europea y nos unen a los Estados miembros. M\u00e9ndez de Vigo, que ha participado en el Consejo de ministros","twitter:image":"https:\/\/www.eldigitaldeasturias.com\/noticias\/wp-content\/uploads\/2020\/12\/EDA-1.jpg","twitter:label1":"Escrito por","twitter:data1":"El Digital de Asturias","twitter:label2":"Tiempo de lectura estimado","twitter:data2":"5 minutos"},"aioseo_meta_data":{"post_id":"960693","title":null,"description":null,"keywords":null,"keyphrases":null,"primary_term":null,"canonical_url":null,"og_title":null,"og_description":null,"og_object_type":"default","og_image_type":"default","og_image_url":null,"og_image_width":null,"og_image_height":null,"og_image_custom_url":null,"og_image_custom_fields":null,"og_video":null,"og_custom_url":null,"og_article_section":null,"og_article_tags":null,"twitter_use_og":false,"twitter_card":"default","twitter_image_type":"default","twitter_image_url":null,"twitter_image_custom_url":null,"twitter_image_custom_fields":null,"twitter_title":null,"twitter_description":null,"schema":{"blockGraphs":[],"customGraphs":[],"default":{"data":{"Article":[],"Course":[],"Dataset":[],"FAQPage":[],"Movie":[],"Person":[],"Product":[],"ProductReview":[],"Car":[],"Recipe":[],"Service":[],"SoftwareApplication":[],"WebPage":[]},"graphName":"","isEnabled":true},"graphs":[],"defaultGraph":"","defaultPostTypeGraph":""},"schema_type":null,"schema_type_options":null,"pillar_content":false,"robots_default":true,"robots_noindex":false,"robots_noarchive":false,"robots_nosnippet":false,"robots_nofollow":false,"robots_noimageindex":false,"robots_noodp":false,"robots_notranslate":false,"robots_max_snippet":null,"robots_max_videopreview":null,"robots_max_imagepreview":"large","priority":null,"frequency":null,"local_seo":null,"seo_analyzer_scan_date":"2025-12-07 06:15:53","breadcrumb_settings":null,"limit_modified_date":false,"open_ai":null,"ai":null,"created":"2020-12-21 12:51:38","updated":"2025-12-07 06:15:53","focus_keyword":null,"additional_keywords":null,"truseo_locale":null},"aioseo_breadcrumb":"<div class=\"aioseo-breadcrumbs\"><span class=\"aioseo-breadcrumb\">\n\t<a href=\"https:\/\/www.eldigitaldeasturias.com\/noticias\" title=\"Home\">Home<\/a>\n<\/span><span class=\"aioseo-breadcrumb-separator\">\u2013<\/span><span class=\"aioseo-breadcrumb\">\n\t<a href=\"https:\/\/www.eldigitaldeasturias.com\/noticias\/category\/actualidad\/\" title=\"Actualidad\">Actualidad<\/a>\n<\/span><span class=\"aioseo-breadcrumb-separator\">\u2013<\/span><span class=\"aioseo-breadcrumb\">\n\t<a href=\"https:\/\/www.eldigitaldeasturias.com\/noticias\/espana-apoya-la-propuesta-de-crear-un-erasmus-de-la-cultura\/\" title=\"Espa\u00f1a apoya la propuesta de crear un \u2018Erasmus de la Cultura\u2019\">Espa\u00f1a apoya la propuesta de crear un \u2018Erasmus de la Cultura\u2019<\/a>\n<\/span><\/div>","aioseo_breadcrumb_json":[{"label":"Home","link":"https:\/\/www.eldigitaldeasturias.com\/noticias"},{"label":"Actualidad","link":"https:\/\/www.eldigitaldeasturias.com\/noticias\/category\/actualidad\/"},{"label":"Espa\u00f1a apoya la propuesta de crear un &#8216;Erasmus de la Cultura&#8217;","link":"https:\/\/www.eldigitaldeasturias.com\/noticias\/espana-apoya-la-propuesta-de-crear-un-erasmus-de-la-cultura\/"}],"_links":{"self":[{"href":"https:\/\/www.eldigitaldeasturias.com\/noticias\/wp-json\/wp\/v2\/posts\/960693","targetHints":{"allow":["GET"]}}],"collection":[{"href":"https:\/\/www.eldigitaldeasturias.com\/noticias\/wp-json\/wp\/v2\/posts"}],"about":[{"href":"https:\/\/www.eldigitaldeasturias.com\/noticias\/wp-json\/wp\/v2\/types\/post"}],"author":[{"embeddable":true,"href":"https:\/\/www.eldigitaldeasturias.com\/noticias\/wp-json\/wp\/v2\/users\/1"}],"replies":[{"embeddable":true,"href":"https:\/\/www.eldigitaldeasturias.com\/noticias\/wp-json\/wp\/v2\/comments?post=960693"}],"version-history":[{"count":0,"href":"https:\/\/www.eldigitaldeasturias.com\/noticias\/wp-json\/wp\/v2\/posts\/960693\/revisions"}],"wp:attachment":[{"href":"https:\/\/www.eldigitaldeasturias.com\/noticias\/wp-json\/wp\/v2\/media?parent=960693"}],"wp:term":[{"taxonomy":"category","embeddable":true,"href":"https:\/\/www.eldigitaldeasturias.com\/noticias\/wp-json\/wp\/v2\/categories?post=960693"},{"taxonomy":"post_tag","embeddable":true,"href":"https:\/\/www.eldigitaldeasturias.com\/noticias\/wp-json\/wp\/v2\/tags?post=960693"}],"curies":[{"name":"wp","href":"https:\/\/api.w.org\/{rel}","templated":true}]}}