{"id":960638,"date":"2017-11-21T03:54:23","date_gmt":"2017-11-21T03:54:23","guid":{"rendered":"http:\/\/www.eldigitaldeasturias.com\/noticias\/?p=960638"},"modified":"2017-11-21T03:54:23","modified_gmt":"2017-11-21T03:54:23","slug":"el-ministro-del-interior-se-reune-con-la-embajadora-argelina-en-espana","status":"publish","type":"post","link":"https:\/\/www.eldigitaldeasturias.com\/noticias\/el-ministro-del-interior-se-reune-con-la-embajadora-argelina-en-espana\/","title":{"rendered":"El ministro del Interior se re\u00fane con la embajadora argelina en Espa\u00f1a"},"content":{"rendered":"<p><img loading=\"lazy\" decoding=\"async\" class=\"alignleft size-medium wp-image-960639\" src=\"https:\/\/www.eldigitaldeasturias.com\/noticias\/wp-content\/uploads\/2017\/11\/201117-Argelia-360x239.jpg\" alt=\"\" width=\"360\" height=\"239\" \/>El ministro del Interior, Juan Ignacio Zoido, se ha reunido en la sede del Ministerio del Interior, en Madrid, con la embajadora de Argelia en Espa\u00f1a, Taous Feroukhi, para reforzar el clima de confianza mutuo y la excelente cooperaci\u00f3n operativa bilateral entre Espa\u00f1a y Argelia.<\/p>\n<p>Durante este encuentro, Juan Ignacio Zoido ha agradecido a la embajadora argelina en Espa\u00f1a la r\u00e1pida reacci\u00f3n de las autoridades argelinas en materia de prevenci\u00f3n para detener de inmediato la salida masiva de inmigrantes irregulares desde Argelia que evit\u00f3, este \u00faltimo fin de semana, que salieran un mayor n\u00famero de embarcaciones con destino a Espa\u00f1a. Al menos 382 inmigrantes dispuestos a salir han sido interceptados en Argelia en las \u00faltimas horas.<\/p>\n<p>Adem\u00e1s, Zoido ha reconocido el esfuerzo no solo coyuntural sino estructural de la labor que est\u00e1n realizando las autoridades argelinas para luchar contra la inmigraci\u00f3n irregular. Una labor que ambos han coincidido que es un trabajo conjunto a largo plazo. Por ello, Juan Ignacio Zoido le ha ofrecido todo el apoyo y la m\u00e1xima colaboraci\u00f3n de Espa\u00f1a para seguir con la labor de prevenci\u00f3n y de lucha contra las redes que trafican con seres humanos en las rutas de la inmigraci\u00f3n irregular desde \u00c1frica hacia Europa.<\/p>\n<p>Durante esta reuni\u00f3n, ambos han coincidido en la importancia de conocer y abordar las causas que est\u00e1n en el origen de esta inmigraci\u00f3n irregular, as\u00ed como de luchar contra el denominado \u00abefecto llamada\u00bb.<\/p>\n<p>Finalmente, Zoido ha sugerido viajar pr\u00f3ximamente a Argel (Argelia) para reunirse con su hom\u00f3logo argelino con el objeto de analizar juntos la lucha contra la inmigraci\u00f3n irregular y la colaboraci\u00f3n entre ambos pa\u00edses, colaboraci\u00f3n que escede el \u00e1mbito migratorio.<\/p>\n","protected":false},"excerpt":{"rendered":"<p>El ministro del Interior, Juan Ignacio Zoido, se ha reunido en la sede del Ministerio del Interior, en Madrid, con la embajadora de Argelia en Espa\u00f1a, Taous Feroukhi, para reforzar el clima de confianza mutuo y la excelente cooperaci\u00f3n operativa bilateral entre Espa\u00f1a y Argelia. Durante este encuentro, Juan Ignacio Zoido ha agradecido a la [&hellip;]<\/p>\n","protected":false},"author":1,"featured_media":960639,"comment_status":"closed","ping_status":"closed","sticky":false,"template":"","format":"standard","meta":{"footnotes":""},"categories":[1],"tags":[],"class_list":["post-960638","post","type-post","status-publish","format-standard","has-post-thumbnail","hentry","category-actualidad"],"aioseo_notices":[],"aioseo_head":"\n\t\t<!-- All in One SEO Pro 5.0.1 - aioseo.com -->\n\t<meta name=\"description\" content=\"El ministro del Interior, Juan Ignacio Zoido, se ha reunido en la sede del Ministerio del Interior, en Madrid, con la embajadora de Argelia en Espa\u00f1a, Taous Feroukhi, para reforzar el clima de confianza mutuo y la excelente cooperaci\u00f3n operativa bilateral entre Espa\u00f1a y Argelia. Durante este encuentro, Juan Ignacio Zoido ha agradecido a la\" \/>\n\t<meta name=\"robots\" content=\"max-image-preview:large\" \/>\n\t<meta name=\"author\" content=\"El Digital de Asturias\"\/>\n\t<meta name=\"google-site-verification\" content=\"UA-38556648-1\" \/>\n\t<meta name=\"msvalidate.01\" content=\"7dfe9f3f1b24437ab69f4f2559babe99\" \/>\n\t<meta name=\"keywords\" content=\"actualidad\" \/>\n\t<link rel=\"canonical\" href=\"https:\/\/www.eldigitaldeasturias.com\/noticias\/el-ministro-del-interior-se-reune-con-la-embajadora-argelina-en-espana\/\" \/>\n\t<meta name=\"generator\" content=\"All in One SEO Pro (AIOSEO) 5.0.1\" \/>\n\t\t<meta property=\"og:locale\" content=\"es_ES\" \/>\n\t\t<meta property=\"og:site_name\" content=\"El Digital de Asturias\" \/>\n\t\t<meta property=\"og:type\" content=\"article\" \/>\n\t\t<meta property=\"og:title\" content=\"El ministro del Interior se re\u00fane con la embajadora argelina en Espa\u00f1a - El Digital de Asturias\" \/>\n\t\t<meta property=\"og:description\" content=\"El ministro del Interior, Juan Ignacio Zoido, se ha reunido en la sede del Ministerio del Interior, en Madrid, con la embajadora de Argelia en Espa\u00f1a, Taous Feroukhi, para reforzar el clima de confianza mutuo y la excelente cooperaci\u00f3n operativa bilateral entre Espa\u00f1a y Argelia. Durante este encuentro, Juan Ignacio Zoido ha agradecido a la\" \/>\n\t\t<meta property=\"og:url\" content=\"https:\/\/www.eldigitaldeasturias.com\/noticias\/el-ministro-del-interior-se-reune-con-la-embajadora-argelina-en-espana\/\" \/>\n\t\t<meta property=\"article:tag\" content=\"actualidad\" \/>\n\t\t<meta property=\"article:published_time\" content=\"2017-11-21T03:54:23+00:00\" \/>\n\t\t<meta property=\"article:modified_time\" content=\"2017-11-21T03:54:23+00:00\" \/>\n\t\t<meta property=\"article:publisher\" content=\"https:\/\/facebook.com\/eldigitaldeasturias\" \/>\n\t\t<meta name=\"twitter:card\" content=\"summary_large_image\" \/>\n\t\t<meta name=\"twitter:title\" content=\"El ministro del Interior se re\u00fane con la embajadora argelina en Espa\u00f1a - El Digital de Asturias\" \/>\n\t\t<meta name=\"twitter:description\" content=\"El ministro del Interior, Juan Ignacio Zoido, se ha reunido en la sede del Ministerio del Interior, en Madrid, con la embajadora de Argelia en Espa\u00f1a, Taous Feroukhi, para reforzar el clima de confianza mutuo y la excelente cooperaci\u00f3n operativa bilateral entre Espa\u00f1a y Argelia. Durante este encuentro, Juan Ignacio Zoido ha agradecido a la\" \/>\n\t\t<meta name=\"twitter:image\" content=\"https:\/\/www.eldigitaldeasturias.com\/noticias\/wp-content\/uploads\/2020\/12\/EDA-1.jpg\" \/>\n\t\t<meta name=\"twitter:label1\" content=\"Escrito por\" \/>\n\t\t<meta name=\"twitter:data1\" content=\"El Digital de Asturias\" \/>\n\t\t<meta name=\"twitter:label2\" content=\"Tiempo de lectura estimado\" \/>\n\t\t<meta name=\"twitter:data2\" content=\"1 minuto\" \/>\n\t\t<script type=\"application\/ld+json\" class=\"aioseo-schema\">\n\t\t\t{\"@context\":\"https:\\\/\\\/schema.org\",\"@graph\":[{\"@type\":\"BlogPosting\",\"@id\":\"https:\\\/\\\/www.eldigitaldeasturias.com\\\/noticias\\\/el-ministro-del-interior-se-reune-con-la-embajadora-argelina-en-espana\\\/#blogposting\",\"name\":\"El ministro del Interior se re\\u00fane con la embajadora argelina en Espa\\u00f1a - El Digital de Asturias\",\"headline\":\"El ministro del Interior se re\\u00fane con la embajadora argelina en Espa\\u00f1a\",\"author\":{\"@id\":\"https:\\\/\\\/www.eldigitaldeasturias.com\\\/noticias\\\/author\\\/admin\\\/#author\"},\"publisher\":{\"@id\":\"https:\\\/\\\/www.eldigitaldeasturias.com\\\/noticias\\\/#organization\"},\"image\":{\"@type\":\"ImageObject\",\"url\":960639},\"datePublished\":\"2017-11-21T03:54:23+01:00\",\"dateModified\":\"2017-11-21T03:54:23+01:00\",\"inLanguage\":\"es-ES\",\"mainEntityOfPage\":{\"@id\":\"https:\\\/\\\/www.eldigitaldeasturias.com\\\/noticias\\\/el-ministro-del-interior-se-reune-con-la-embajadora-argelina-en-espana\\\/#webpage\"},\"isPartOf\":{\"@id\":\"https:\\\/\\\/www.eldigitaldeasturias.com\\\/noticias\\\/el-ministro-del-interior-se-reune-con-la-embajadora-argelina-en-espana\\\/#webpage\"},\"articleSection\":\"Actualidad\"},{\"@type\":\"BreadcrumbList\",\"@id\":\"https:\\\/\\\/www.eldigitaldeasturias.com\\\/noticias\\\/el-ministro-del-interior-se-reune-con-la-embajadora-argelina-en-espana\\\/#breadcrumblist\",\"itemListElement\":[{\"@type\":\"ListItem\",\"@id\":\"https:\\\/\\\/www.eldigitaldeasturias.com\\\/noticias#listItem\",\"position\":1,\"name\":\"Home\",\"item\":\"https:\\\/\\\/www.eldigitaldeasturias.com\\\/noticias\",\"nextItem\":{\"@type\":\"ListItem\",\"@id\":\"https:\\\/\\\/www.eldigitaldeasturias.com\\\/noticias\\\/category\\\/actualidad\\\/#listItem\",\"name\":\"Actualidad\"}},{\"@type\":\"ListItem\",\"@id\":\"https:\\\/\\\/www.eldigitaldeasturias.com\\\/noticias\\\/category\\\/actualidad\\\/#listItem\",\"position\":2,\"name\":\"Actualidad\",\"item\":\"https:\\\/\\\/www.eldigitaldeasturias.com\\\/noticias\\\/category\\\/actualidad\\\/\",\"nextItem\":{\"@type\":\"ListItem\",\"@id\":\"https:\\\/\\\/www.eldigitaldeasturias.com\\\/noticias\\\/el-ministro-del-interior-se-reune-con-la-embajadora-argelina-en-espana\\\/#listItem\",\"name\":\"El ministro del Interior se re\\u00fane con la embajadora argelina en Espa\\u00f1a\"},\"previousItem\":{\"@type\":\"ListItem\",\"@id\":\"https:\\\/\\\/www.eldigitaldeasturias.com\\\/noticias#listItem\",\"name\":\"Home\"}},{\"@type\":\"ListItem\",\"@id\":\"https:\\\/\\\/www.eldigitaldeasturias.com\\\/noticias\\\/el-ministro-del-interior-se-reune-con-la-embajadora-argelina-en-espana\\\/#listItem\",\"position\":3,\"name\":\"El ministro del Interior se re\\u00fane con la embajadora argelina en Espa\\u00f1a\",\"previousItem\":{\"@type\":\"ListItem\",\"@id\":\"https:\\\/\\\/www.eldigitaldeasturias.com\\\/noticias\\\/category\\\/actualidad\\\/#listItem\",\"name\":\"Actualidad\"}}]},{\"@type\":\"Organization\",\"@id\":\"https:\\\/\\\/www.eldigitaldeasturias.com\\\/noticias\\\/#organization\",\"name\":\"El Digital de Asturias\",\"description\":\"Hemeroteca\",\"url\":\"https:\\\/\\\/www.eldigitaldeasturias.com\\\/noticias\\\/\",\"email\":\"info@eldigitaldeasturias.com\",\"telephone\":\"+34652131393\",\"logo\":{\"@type\":\"ImageObject\",\"url\":\"https:\\\/\\\/www.eldigitaldeasturias.com\\\/noticias\\\/wp-content\\\/uploads\\\/2020\\\/12\\\/EDA.jpg\",\"@id\":\"https:\\\/\\\/www.eldigitaldeasturias.com\\\/noticias\\\/el-ministro-del-interior-se-reune-con-la-embajadora-argelina-en-espana\\\/#organizationLogo\"},\"image\":{\"@id\":\"https:\\\/\\\/www.eldigitaldeasturias.com\\\/noticias\\\/el-ministro-del-interior-se-reune-con-la-embajadora-argelina-en-espana\\\/#organizationLogo\"},\"sameAs\":[\"https:\\\/\\\/facebook.com\\\/eldigitaldeasturias\",\"https:\\\/\\\/www.youtube.com\\\/channel\\\/UCZP-2wLEB9Rv6erhFmqVnvg\"],\"address\":{\"@id\":\"https:\\\/\\\/www.eldigitaldeasturias.com\\\/noticias\\\/#postaladdress\",\"@type\":\"PostalAddress\",\"streetAddress\":\"san antonio 4\",\"postalCode\":\"33430\",\"addressLocality\":\"Cand\\u00e1s\",\"addressRegion\":\"Asturias\",\"addressCountry\":\"ES\"}},{\"@type\":\"Person\",\"@id\":\"https:\\\/\\\/www.eldigitaldeasturias.com\\\/noticias\\\/author\\\/admin\\\/#author\",\"url\":\"https:\\\/\\\/www.eldigitaldeasturias.com\\\/noticias\\\/author\\\/admin\\\/\",\"name\":\"El Digital de Asturias\",\"image\":{\"@type\":\"ImageObject\",\"@id\":\"https:\\\/\\\/www.eldigitaldeasturias.com\\\/noticias\\\/el-ministro-del-interior-se-reune-con-la-embajadora-argelina-en-espana\\\/#authorImage\",\"url\":\"https:\\\/\\\/secure.gravatar.com\\\/avatar\\\/df2aeffc32bcd13f8d26072ef8a91b623d677766deac7f97ca815868cd41bf5e?s=96&d=mm&r=g\",\"width\":96,\"height\":96,\"caption\":\"El Digital de Asturias\"}},{\"@type\":\"WebPage\",\"@id\":\"https:\\\/\\\/www.eldigitaldeasturias.com\\\/noticias\\\/el-ministro-del-interior-se-reune-con-la-embajadora-argelina-en-espana\\\/#webpage\",\"url\":\"https:\\\/\\\/www.eldigitaldeasturias.com\\\/noticias\\\/el-ministro-del-interior-se-reune-con-la-embajadora-argelina-en-espana\\\/\",\"name\":\"El ministro del Interior se re\\u00fane con la embajadora argelina en Espa\\u00f1a - El Digital de Asturias\",\"description\":\"El ministro del Interior, Juan Ignacio Zoido, se ha reunido en la sede del Ministerio del Interior, en Madrid, con la embajadora de Argelia en Espa\\u00f1a, Taous Feroukhi, para reforzar el clima de confianza mutuo y la excelente cooperaci\\u00f3n operativa bilateral entre Espa\\u00f1a y Argelia. Durante este encuentro, Juan Ignacio Zoido ha agradecido a la\",\"inLanguage\":\"es-ES\",\"isPartOf\":{\"@id\":\"https:\\\/\\\/www.eldigitaldeasturias.com\\\/noticias\\\/#website\"},\"breadcrumb\":{\"@id\":\"https:\\\/\\\/www.eldigitaldeasturias.com\\\/noticias\\\/el-ministro-del-interior-se-reune-con-la-embajadora-argelina-en-espana\\\/#breadcrumblist\"},\"author\":{\"@id\":\"https:\\\/\\\/www.eldigitaldeasturias.com\\\/noticias\\\/author\\\/admin\\\/#author\"},\"creator\":{\"@id\":\"https:\\\/\\\/www.eldigitaldeasturias.com\\\/noticias\\\/author\\\/admin\\\/#author\"},\"image\":{\"@type\":\"ImageObject\",\"url\":960639,\"@id\":\"https:\\\/\\\/www.eldigitaldeasturias.com\\\/noticias\\\/el-ministro-del-interior-se-reune-con-la-embajadora-argelina-en-espana\\\/#mainImage\"},\"primaryImageOfPage\":{\"@id\":\"https:\\\/\\\/www.eldigitaldeasturias.com\\\/noticias\\\/el-ministro-del-interior-se-reune-con-la-embajadora-argelina-en-espana\\\/#mainImage\"},\"datePublished\":\"2017-11-21T03:54:23+01:00\",\"dateModified\":\"2017-11-21T03:54:23+01:00\"},{\"@type\":\"WebSite\",\"@id\":\"https:\\\/\\\/www.eldigitaldeasturias.com\\\/noticias\\\/#website\",\"url\":\"https:\\\/\\\/www.eldigitaldeasturias.com\\\/noticias\\\/\",\"name\":\"El Digital de Asturias - Diario de actualidad y noticias\",\"alternateName\":\"El Digital de Asturias - Diario de actualidad y noticias\",\"description\":\"Hemeroteca\",\"inLanguage\":\"es-ES\",\"publisher\":{\"@id\":\"https:\\\/\\\/www.eldigitaldeasturias.com\\\/noticias\\\/#organization\"}}]}\n\t\t<\/script>\n\t\t<!-- All in One SEO Pro -->\r\n\t\t<title>El ministro del Interior se re\u00fane con la embajadora argelina en Espa\u00f1a - El Digital de Asturias<\/title>\n\n","aioseo_head_json":{"title":"El ministro del Interior se re\u00fane con la embajadora argelina en Espa\u00f1a - El Digital de Asturias","description":"El ministro del Interior, Juan Ignacio Zoido, se ha reunido en la sede del Ministerio del Interior, en Madrid, con la embajadora de Argelia en Espa\u00f1a, Taous Feroukhi, para reforzar el clima de confianza mutuo y la excelente cooperaci\u00f3n operativa bilateral entre Espa\u00f1a y Argelia. Durante este encuentro, Juan Ignacio Zoido ha agradecido a la","canonical_url":"https:\/\/www.eldigitaldeasturias.com\/noticias\/el-ministro-del-interior-se-reune-con-la-embajadora-argelina-en-espana\/","robots":"max-image-preview:large","keywords":"actualidad","webmasterTools":{"google-site-verification":"UA-38556648-1","msvalidate.01":"7dfe9f3f1b24437ab69f4f2559babe99","miscellaneous":""},"schema":{"@context":"https:\/\/schema.org","@graph":[{"@type":"BlogPosting","@id":"https:\/\/www.eldigitaldeasturias.com\/noticias\/el-ministro-del-interior-se-reune-con-la-embajadora-argelina-en-espana\/#blogposting","name":"El ministro del Interior se re\u00fane con la embajadora argelina en Espa\u00f1a - El Digital de Asturias","headline":"El ministro del Interior se re\u00fane con la embajadora argelina en Espa\u00f1a","author":{"@id":"https:\/\/www.eldigitaldeasturias.com\/noticias\/author\/admin\/#author"},"publisher":{"@id":"https:\/\/www.eldigitaldeasturias.com\/noticias\/#organization"},"image":{"@type":"ImageObject","url":960639},"datePublished":"2017-11-21T03:54:23+01:00","dateModified":"2017-11-21T03:54:23+01:00","inLanguage":"es-ES","mainEntityOfPage":{"@id":"https:\/\/www.eldigitaldeasturias.com\/noticias\/el-ministro-del-interior-se-reune-con-la-embajadora-argelina-en-espana\/#webpage"},"isPartOf":{"@id":"https:\/\/www.eldigitaldeasturias.com\/noticias\/el-ministro-del-interior-se-reune-con-la-embajadora-argelina-en-espana\/#webpage"},"articleSection":"Actualidad"},{"@type":"BreadcrumbList","@id":"https:\/\/www.eldigitaldeasturias.com\/noticias\/el-ministro-del-interior-se-reune-con-la-embajadora-argelina-en-espana\/#breadcrumblist","itemListElement":[{"@type":"ListItem","@id":"https:\/\/www.eldigitaldeasturias.com\/noticias#listItem","position":1,"name":"Home","item":"https:\/\/www.eldigitaldeasturias.com\/noticias","nextItem":{"@type":"ListItem","@id":"https:\/\/www.eldigitaldeasturias.com\/noticias\/category\/actualidad\/#listItem","name":"Actualidad"}},{"@type":"ListItem","@id":"https:\/\/www.eldigitaldeasturias.com\/noticias\/category\/actualidad\/#listItem","position":2,"name":"Actualidad","item":"https:\/\/www.eldigitaldeasturias.com\/noticias\/category\/actualidad\/","nextItem":{"@type":"ListItem","@id":"https:\/\/www.eldigitaldeasturias.com\/noticias\/el-ministro-del-interior-se-reune-con-la-embajadora-argelina-en-espana\/#listItem","name":"El ministro del Interior se re\u00fane con la embajadora argelina en Espa\u00f1a"},"previousItem":{"@type":"ListItem","@id":"https:\/\/www.eldigitaldeasturias.com\/noticias#listItem","name":"Home"}},{"@type":"ListItem","@id":"https:\/\/www.eldigitaldeasturias.com\/noticias\/el-ministro-del-interior-se-reune-con-la-embajadora-argelina-en-espana\/#listItem","position":3,"name":"El ministro del Interior se re\u00fane con la embajadora argelina en Espa\u00f1a","previousItem":{"@type":"ListItem","@id":"https:\/\/www.eldigitaldeasturias.com\/noticias\/category\/actualidad\/#listItem","name":"Actualidad"}}]},{"@type":"Organization","@id":"https:\/\/www.eldigitaldeasturias.com\/noticias\/#organization","name":"El Digital de Asturias","description":"Hemeroteca","url":"https:\/\/www.eldigitaldeasturias.com\/noticias\/","email":"info@eldigitaldeasturias.com","telephone":"+34652131393","logo":{"@type":"ImageObject","url":"https:\/\/www.eldigitaldeasturias.com\/noticias\/wp-content\/uploads\/2020\/12\/EDA.jpg","@id":"https:\/\/www.eldigitaldeasturias.com\/noticias\/el-ministro-del-interior-se-reune-con-la-embajadora-argelina-en-espana\/#organizationLogo"},"image":{"@id":"https:\/\/www.eldigitaldeasturias.com\/noticias\/el-ministro-del-interior-se-reune-con-la-embajadora-argelina-en-espana\/#organizationLogo"},"sameAs":["https:\/\/facebook.com\/eldigitaldeasturias","https:\/\/www.youtube.com\/channel\/UCZP-2wLEB9Rv6erhFmqVnvg"],"address":{"@id":"https:\/\/www.eldigitaldeasturias.com\/noticias\/#postaladdress","@type":"PostalAddress","streetAddress":"san antonio 4","postalCode":"33430","addressLocality":"Cand\u00e1s","addressRegion":"Asturias","addressCountry":"ES"}},{"@type":"Person","@id":"https:\/\/www.eldigitaldeasturias.com\/noticias\/author\/admin\/#author","url":"https:\/\/www.eldigitaldeasturias.com\/noticias\/author\/admin\/","name":"El Digital de Asturias","image":{"@type":"ImageObject","@id":"https:\/\/www.eldigitaldeasturias.com\/noticias\/el-ministro-del-interior-se-reune-con-la-embajadora-argelina-en-espana\/#authorImage","url":"https:\/\/secure.gravatar.com\/avatar\/df2aeffc32bcd13f8d26072ef8a91b623d677766deac7f97ca815868cd41bf5e?s=96&d=mm&r=g","width":96,"height":96,"caption":"El Digital de Asturias"}},{"@type":"WebPage","@id":"https:\/\/www.eldigitaldeasturias.com\/noticias\/el-ministro-del-interior-se-reune-con-la-embajadora-argelina-en-espana\/#webpage","url":"https:\/\/www.eldigitaldeasturias.com\/noticias\/el-ministro-del-interior-se-reune-con-la-embajadora-argelina-en-espana\/","name":"El ministro del Interior se re\u00fane con la embajadora argelina en Espa\u00f1a - El Digital de Asturias","description":"El ministro del Interior, Juan Ignacio Zoido, se ha reunido en la sede del Ministerio del Interior, en Madrid, con la embajadora de Argelia en Espa\u00f1a, Taous Feroukhi, para reforzar el clima de confianza mutuo y la excelente cooperaci\u00f3n operativa bilateral entre Espa\u00f1a y Argelia. Durante este encuentro, Juan Ignacio Zoido ha agradecido a la","inLanguage":"es-ES","isPartOf":{"@id":"https:\/\/www.eldigitaldeasturias.com\/noticias\/#website"},"breadcrumb":{"@id":"https:\/\/www.eldigitaldeasturias.com\/noticias\/el-ministro-del-interior-se-reune-con-la-embajadora-argelina-en-espana\/#breadcrumblist"},"author":{"@id":"https:\/\/www.eldigitaldeasturias.com\/noticias\/author\/admin\/#author"},"creator":{"@id":"https:\/\/www.eldigitaldeasturias.com\/noticias\/author\/admin\/#author"},"image":{"@type":"ImageObject","url":960639,"@id":"https:\/\/www.eldigitaldeasturias.com\/noticias\/el-ministro-del-interior-se-reune-con-la-embajadora-argelina-en-espana\/#mainImage"},"primaryImageOfPage":{"@id":"https:\/\/www.eldigitaldeasturias.com\/noticias\/el-ministro-del-interior-se-reune-con-la-embajadora-argelina-en-espana\/#mainImage"},"datePublished":"2017-11-21T03:54:23+01:00","dateModified":"2017-11-21T03:54:23+01:00"},{"@type":"WebSite","@id":"https:\/\/www.eldigitaldeasturias.com\/noticias\/#website","url":"https:\/\/www.eldigitaldeasturias.com\/noticias\/","name":"El Digital de Asturias - Diario de actualidad y noticias","alternateName":"El Digital de Asturias - Diario de actualidad y noticias","description":"Hemeroteca","inLanguage":"es-ES","publisher":{"@id":"https:\/\/www.eldigitaldeasturias.com\/noticias\/#organization"}}]},"og:locale":"es_ES","og:site_name":"El Digital de Asturias","og:type":"article","og:title":"El ministro del Interior se re\u00fane con la embajadora argelina en Espa\u00f1a - El Digital de Asturias","og:description":"El ministro del Interior, Juan Ignacio Zoido, se ha reunido en la sede del Ministerio del Interior, en Madrid, con la embajadora de Argelia en Espa\u00f1a, Taous Feroukhi, para reforzar el clima de confianza mutuo y la excelente cooperaci\u00f3n operativa bilateral entre Espa\u00f1a y Argelia. Durante este encuentro, Juan Ignacio Zoido ha agradecido a la","og:url":"https:\/\/www.eldigitaldeasturias.com\/noticias\/el-ministro-del-interior-se-reune-con-la-embajadora-argelina-en-espana\/","article:tag":["actualidad"],"article:published_time":"2017-11-21T03:54:23+00:00","article:modified_time":"2017-11-21T03:54:23+00:00","article:publisher":"https:\/\/facebook.com\/eldigitaldeasturias","twitter:card":"summary_large_image","twitter:title":"El ministro del Interior se re\u00fane con la embajadora argelina en Espa\u00f1a - El Digital de Asturias","twitter:description":"El ministro del Interior, Juan Ignacio Zoido, se ha reunido en la sede del Ministerio del Interior, en Madrid, con la embajadora de Argelia en Espa\u00f1a, Taous Feroukhi, para reforzar el clima de confianza mutuo y la excelente cooperaci\u00f3n operativa bilateral entre Espa\u00f1a y Argelia. Durante este encuentro, Juan Ignacio Zoido ha agradecido a la","twitter:image":"https:\/\/www.eldigitaldeasturias.com\/noticias\/wp-content\/uploads\/2020\/12\/EDA-1.jpg","twitter:label1":"Escrito por","twitter:data1":"El Digital de Asturias","twitter:label2":"Tiempo de lectura estimado","twitter:data2":"1 minuto"},"aioseo_meta_data":{"post_id":"960638","title":null,"description":null,"keywords":null,"keyphrases":null,"primary_term":null,"canonical_url":null,"og_title":null,"og_description":null,"og_object_type":"default","og_image_type":"default","og_image_url":null,"og_image_width":null,"og_image_height":null,"og_image_custom_url":null,"og_image_custom_fields":null,"og_video":null,"og_custom_url":null,"og_article_section":null,"og_article_tags":null,"twitter_use_og":false,"twitter_card":"default","twitter_image_type":"default","twitter_image_url":null,"twitter_image_custom_url":null,"twitter_image_custom_fields":null,"twitter_title":null,"twitter_description":null,"schema":{"blockGraphs":[],"customGraphs":[],"default":{"data":{"Article":[],"Course":[],"Dataset":[],"FAQPage":[],"Movie":[],"Person":[],"Product":[],"ProductReview":[],"Car":[],"Recipe":[],"Service":[],"SoftwareApplication":[],"WebPage":[]},"graphName":"","isEnabled":true},"graphs":[],"defaultGraph":"","defaultPostTypeGraph":""},"schema_type":null,"schema_type_options":null,"pillar_content":false,"robots_default":true,"robots_noindex":false,"robots_noarchive":false,"robots_nosnippet":false,"robots_nofollow":false,"robots_noimageindex":false,"robots_noodp":false,"robots_notranslate":false,"robots_max_snippet":null,"robots_max_videopreview":null,"robots_max_imagepreview":"large","priority":null,"frequency":null,"local_seo":null,"seo_analyzer_scan_date":"2025-12-07 06:01:15","breadcrumb_settings":null,"limit_modified_date":false,"open_ai":null,"ai":null,"created":"2020-12-21 12:51:38","updated":"2025-12-07 06:01:15","focus_keyword":null,"additional_keywords":null,"truseo_locale":null},"aioseo_breadcrumb":"<div class=\"aioseo-breadcrumbs\"><span class=\"aioseo-breadcrumb\">\n\t<a href=\"https:\/\/www.eldigitaldeasturias.com\/noticias\" title=\"Home\">Home<\/a>\n<\/span><span class=\"aioseo-breadcrumb-separator\">\u2013<\/span><span class=\"aioseo-breadcrumb\">\n\t<a href=\"https:\/\/www.eldigitaldeasturias.com\/noticias\/category\/actualidad\/\" title=\"Actualidad\">Actualidad<\/a>\n<\/span><span class=\"aioseo-breadcrumb-separator\">\u2013<\/span><span class=\"aioseo-breadcrumb\">\n\t<a href=\"https:\/\/www.eldigitaldeasturias.com\/noticias\/el-ministro-del-interior-se-reune-con-la-embajadora-argelina-en-espana\/\" title=\"El ministro del Interior se re\u00fane con la embajadora argelina en Espa\u00f1a\">El ministro del Interior se re\u00fane con la embajadora argelina en Espa\u00f1a<\/a>\n<\/span><\/div>","aioseo_breadcrumb_json":[{"label":"Home","link":"https:\/\/www.eldigitaldeasturias.com\/noticias"},{"label":"Actualidad","link":"https:\/\/www.eldigitaldeasturias.com\/noticias\/category\/actualidad\/"},{"label":"El ministro del Interior se re\u00fane con la embajadora argelina en Espa\u00f1a","link":"https:\/\/www.eldigitaldeasturias.com\/noticias\/el-ministro-del-interior-se-reune-con-la-embajadora-argelina-en-espana\/"}],"_links":{"self":[{"href":"https:\/\/www.eldigitaldeasturias.com\/noticias\/wp-json\/wp\/v2\/posts\/960638","targetHints":{"allow":["GET"]}}],"collection":[{"href":"https:\/\/www.eldigitaldeasturias.com\/noticias\/wp-json\/wp\/v2\/posts"}],"about":[{"href":"https:\/\/www.eldigitaldeasturias.com\/noticias\/wp-json\/wp\/v2\/types\/post"}],"author":[{"embeddable":true,"href":"https:\/\/www.eldigitaldeasturias.com\/noticias\/wp-json\/wp\/v2\/users\/1"}],"replies":[{"embeddable":true,"href":"https:\/\/www.eldigitaldeasturias.com\/noticias\/wp-json\/wp\/v2\/comments?post=960638"}],"version-history":[{"count":0,"href":"https:\/\/www.eldigitaldeasturias.com\/noticias\/wp-json\/wp\/v2\/posts\/960638\/revisions"}],"wp:attachment":[{"href":"https:\/\/www.eldigitaldeasturias.com\/noticias\/wp-json\/wp\/v2\/media?parent=960638"}],"wp:term":[{"taxonomy":"category","embeddable":true,"href":"https:\/\/www.eldigitaldeasturias.com\/noticias\/wp-json\/wp\/v2\/categories?post=960638"},{"taxonomy":"post_tag","embeddable":true,"href":"https:\/\/www.eldigitaldeasturias.com\/noticias\/wp-json\/wp\/v2\/tags?post=960638"}],"curies":[{"name":"wp","href":"https:\/\/api.w.org\/{rel}","templated":true}]}}