{"id":960635,"date":"2017-11-21T03:53:04","date_gmt":"2017-11-21T03:53:04","guid":{"rendered":"http:\/\/www.eldigitaldeasturias.com\/noticias\/?p=960635"},"modified":"2017-11-21T03:53:04","modified_gmt":"2017-11-21T03:53:04","slug":"aumenta-el-numero-pasajeros-y-vehiculos-en-la-ope","status":"publish","type":"post","link":"https:\/\/www.eldigitaldeasturias.com\/noticias\/aumenta-el-numero-pasajeros-y-vehiculos-en-la-ope\/","title":{"rendered":"Aumenta el n\u00famero pasajeros y veh\u00edculos en la OPE"},"content":{"rendered":"<p><img loading=\"lazy\" decoding=\"async\" class=\"alignleft size-medium wp-image-960636\" src=\"https:\/\/www.eldigitaldeasturias.com\/noticias\/wp-content\/uploads\/2017\/11\/201117-estrecho-360x239.jpg\" alt=\"\" width=\"360\" height=\"239\" \/>El subsecretario del Ministerio del Interior, Luis Aguilera, ha presidido la reuni\u00f3n del Comit\u00e9 Estatal de Coordinaci\u00f3n de la Operaci\u00f3n Paso del Estrecho (OPE) para evaluar el desarrollo de la Operaci\u00f3n durante el a\u00f1o en el que se cumple el 30\u00ba aniversario desde su puesta en marcha como Plan Especial de Protecci\u00f3n Civil.<\/p>\n<p>Como principal conclusi\u00f3n, el subsecretario ha destacado que esta edici\u00f3n ha finalizado \u00absin incidentes, con total normalidad y fluidez\u00bb, lo que sin duda es fruto de la experiencia acumulada a lo largo de tres d\u00e9cadas en las que se ha ido consolidando una Operaci\u00f3n que sirve de ejemplo a nivel internacional y que supone el mayor movimiento de personas en tan corto espacio de tiempo.<\/p>\n<p>Concretamente, durante 2017 ha continuado la tendencia alcista de los \u00faltimos a\u00f1os y se ha observado un ligero incremento respecto a 2016, lo que ha hecho que se superaran los tres millones de pasajeros. Entre el 15 de junio y el 15 de septiembre de este a\u00f1o, han pasado por los puertos incluidos en la OPE un total de 3.000.082 pasajeros y 695.604 veh\u00edculos, lo que supone un incremento del 4,7% de pasajeros y 6,1%, en veh\u00edculos.<\/p>\n<p><strong>Eficacia en la planificaci\u00f3n y coordinaci\u00f3n de medios<\/strong><\/p>\n<p>Los miembros del Comit\u00e9 Estatal han resaltado la eficacia de una planificaci\u00f3n que ha definido las medidas adecuadas a las necesidades de la Operaci\u00f3n y la cooperaci\u00f3n entre todas las instituciones involucradas, sin olvidar tampoco la estrecha colaboraci\u00f3n con las autoridades marroqu\u00edes, con las que se han mantenido un contacto directo en todo momento.<\/p>\n<p>Ha contribuido al \u00e9xito de la Operaci\u00f3n la previsi\u00f3n de un plan de flota eficaz, que ha demostrado su capacidad de evacuaci\u00f3n, especialmente, en los d\u00edas cr\u00edticos, y unas infraestructuras y servicios portuarios suficientes para garantizar los embarques fluidos de pasajeros y veh\u00edculos. De hecho, las \u00c1reas de los Barrios y Tarifa han estado preparadas y operativas, pero no ha sido necesaria su utilizaci\u00f3n.<\/p>\n<p>Hay que destacar tambi\u00e9n el dispositivo en materia social y sanitaria, as\u00ed como el refuerzo en el despliegue de las Fuerzas y Cuerpos de Seguridad del Estado que ha permitido cumplir con las exigencias del nivel 4 de alerta antiterrorista. As\u00ed mismo, la Direcci\u00f3n General de Tr\u00e1fico ha realizado un eficaz control en carreteras y en las \u00e1reas de descanso e informaci\u00f3n y ha constatado un descenso en el n\u00famero de accidentes.<\/p>\n<p>El director general de Protecci\u00f3n Civil y Emergencias, Juan D\u00edaz Cruz, ha agradecido su trabajo a los miembros del Comit\u00e9 y a las m\u00e1s de 10.000 personas que han participado, ya que su dedicaci\u00f3n ha resultado fundamental para el buen funcionamiento del dispositivo, al igual que la respuesta satisfactoria de ciudadanos y medios de comunicaci\u00f3n a las recomendaciones difundidas.<\/p>\n<p>Por otro lado, la reuni\u00f3n ha servido para extraer conclusiones y lecciones aprendidas de cara a la planificaci\u00f3n de la OPE 2018 con el objetivo de mantener el \u00e9xito de esta Operaci\u00f3n, que acumula ya 30 a\u00f1os de experiencia.<\/p>\n<p><strong>Organismos participantes<\/strong><\/p>\n<p>En la reuni\u00f3n del Comit\u00e9 Estatal han participado, junto al subsecretario del Ministerio del Interior, Luis Aguilera, el director general de Protecci\u00f3n Civil y Emergencias, Juan D\u00edaz Cruz, y representantes de la Secretar\u00eda de Estado de Seguridad y de las Direcciones Generales de Polic\u00eda, Guardia Civil y Tr\u00e1fico del Ministerio de Interior; del Departamento de Seguridad Nacional de Presidencia del Gobierno; y de las Direcciones Generales de Pol\u00edtica de Defensa, del Ministerio de Defensa; de la Marina Mercante, del Ministerio de Fomento; de Salud P\u00fablica, Calidad e Innovaci\u00f3n, del Ministerio de Sanidad, Servicios Sociales e Igualdad; as\u00ed como de Espa\u00f1oles en el Exterior y Asuntos Consulares y Migratorios del Ministerio de Asuntos Exteriores y de Cooperaci\u00f3n. Tambi\u00e9n ha asistido un representante de la Agencia Estatal de Meteorolog\u00eda (AEMET) del Ministerio de Agricultura y Pesca, Alimentaci\u00f3n y Medio Ambiente.<\/p>\n<p>Adem\u00e1s, han participado el delegado del Gobierno en Ceuta, Nicol\u00e1s Fern\u00e1ndez Cucurull, y los subdelegados en C\u00e1diz y Valencia, junto al presidente de Puertos del Estado, Jos\u00e9 Llorca, y las Autoridades Portuarias de Algeciras, M\u00e1laga, Alicante y Melilla.<\/p>\n","protected":false},"excerpt":{"rendered":"<p>El subsecretario del Ministerio del Interior, Luis Aguilera, ha presidido la reuni\u00f3n del Comit\u00e9 Estatal de Coordinaci\u00f3n de la Operaci\u00f3n Paso del Estrecho (OPE) para evaluar el desarrollo de la Operaci\u00f3n durante el a\u00f1o en el que se cumple el 30\u00ba aniversario desde su puesta en marcha como Plan Especial de Protecci\u00f3n Civil. Como principal [&hellip;]<\/p>\n","protected":false},"author":1,"featured_media":960636,"comment_status":"closed","ping_status":"closed","sticky":false,"template":"","format":"standard","meta":{"footnotes":""},"categories":[1],"tags":[],"class_list":["post-960635","post","type-post","status-publish","format-standard","has-post-thumbnail","hentry","category-actualidad"],"aioseo_notices":[],"aioseo_head":"\n\t\t<!-- All in One SEO Pro 5.0.1 - aioseo.com -->\n\t<meta name=\"description\" content=\"El subsecretario del Ministerio del Interior, Luis Aguilera, ha presidido la reuni\u00f3n del Comit\u00e9 Estatal de Coordinaci\u00f3n de la Operaci\u00f3n Paso del Estrecho (OPE) para evaluar el desarrollo de la Operaci\u00f3n durante el a\u00f1o en el que se cumple el 30\u00ba aniversario desde su puesta en marcha como Plan Especial de Protecci\u00f3n Civil. Como principal\" \/>\n\t<meta name=\"robots\" content=\"max-image-preview:large\" \/>\n\t<meta name=\"author\" content=\"El Digital de Asturias\"\/>\n\t<meta name=\"google-site-verification\" content=\"UA-38556648-1\" \/>\n\t<meta name=\"msvalidate.01\" content=\"7dfe9f3f1b24437ab69f4f2559babe99\" \/>\n\t<meta name=\"keywords\" content=\"actualidad\" \/>\n\t<link rel=\"canonical\" href=\"https:\/\/www.eldigitaldeasturias.com\/noticias\/aumenta-el-numero-pasajeros-y-vehiculos-en-la-ope\/\" \/>\n\t<meta name=\"generator\" content=\"All in One SEO Pro (AIOSEO) 5.0.1\" \/>\n\t\t<meta property=\"og:locale\" content=\"es_ES\" \/>\n\t\t<meta property=\"og:site_name\" content=\"El Digital de Asturias\" \/>\n\t\t<meta property=\"og:type\" content=\"article\" \/>\n\t\t<meta property=\"og:title\" content=\"Aumenta el n\u00famero pasajeros y veh\u00edculos en la OPE - El Digital de Asturias\" \/>\n\t\t<meta property=\"og:description\" content=\"El subsecretario del Ministerio del Interior, Luis Aguilera, ha presidido la reuni\u00f3n del Comit\u00e9 Estatal de Coordinaci\u00f3n de la Operaci\u00f3n Paso del Estrecho (OPE) para evaluar el desarrollo de la Operaci\u00f3n durante el a\u00f1o en el que se cumple el 30\u00ba aniversario desde su puesta en marcha como Plan Especial de Protecci\u00f3n Civil. Como principal\" \/>\n\t\t<meta property=\"og:url\" content=\"https:\/\/www.eldigitaldeasturias.com\/noticias\/aumenta-el-numero-pasajeros-y-vehiculos-en-la-ope\/\" \/>\n\t\t<meta property=\"article:tag\" content=\"actualidad\" \/>\n\t\t<meta property=\"article:published_time\" content=\"2017-11-21T03:53:04+00:00\" \/>\n\t\t<meta property=\"article:modified_time\" content=\"2017-11-21T03:53:04+00:00\" \/>\n\t\t<meta property=\"article:publisher\" content=\"https:\/\/facebook.com\/eldigitaldeasturias\" \/>\n\t\t<meta name=\"twitter:card\" content=\"summary_large_image\" \/>\n\t\t<meta name=\"twitter:title\" content=\"Aumenta el n\u00famero pasajeros y veh\u00edculos en la OPE - El Digital de Asturias\" \/>\n\t\t<meta name=\"twitter:description\" content=\"El subsecretario del Ministerio del Interior, Luis Aguilera, ha presidido la reuni\u00f3n del Comit\u00e9 Estatal de Coordinaci\u00f3n de la Operaci\u00f3n Paso del Estrecho (OPE) para evaluar el desarrollo de la Operaci\u00f3n durante el a\u00f1o en el que se cumple el 30\u00ba aniversario desde su puesta en marcha como Plan Especial de Protecci\u00f3n Civil. Como principal\" \/>\n\t\t<meta name=\"twitter:image\" content=\"https:\/\/www.eldigitaldeasturias.com\/noticias\/wp-content\/uploads\/2020\/12\/EDA-1.jpg\" \/>\n\t\t<meta name=\"twitter:label1\" content=\"Escrito por\" \/>\n\t\t<meta name=\"twitter:data1\" content=\"El Digital de Asturias\" \/>\n\t\t<meta name=\"twitter:label2\" content=\"Tiempo de lectura estimado\" \/>\n\t\t<meta name=\"twitter:data2\" content=\"4 minutos\" \/>\n\t\t<script type=\"application\/ld+json\" class=\"aioseo-schema\">\n\t\t\t{\"@context\":\"https:\\\/\\\/schema.org\",\"@graph\":[{\"@type\":\"BlogPosting\",\"@id\":\"https:\\\/\\\/www.eldigitaldeasturias.com\\\/noticias\\\/aumenta-el-numero-pasajeros-y-vehiculos-en-la-ope\\\/#blogposting\",\"name\":\"Aumenta el n\\u00famero pasajeros y veh\\u00edculos en la OPE - El Digital de Asturias\",\"headline\":\"Aumenta el n\\u00famero pasajeros y veh\\u00edculos en la OPE\",\"author\":{\"@id\":\"https:\\\/\\\/www.eldigitaldeasturias.com\\\/noticias\\\/author\\\/admin\\\/#author\"},\"publisher\":{\"@id\":\"https:\\\/\\\/www.eldigitaldeasturias.com\\\/noticias\\\/#organization\"},\"image\":{\"@type\":\"ImageObject\",\"url\":960636},\"datePublished\":\"2017-11-21T03:53:04+01:00\",\"dateModified\":\"2017-11-21T03:53:04+01:00\",\"inLanguage\":\"es-ES\",\"mainEntityOfPage\":{\"@id\":\"https:\\\/\\\/www.eldigitaldeasturias.com\\\/noticias\\\/aumenta-el-numero-pasajeros-y-vehiculos-en-la-ope\\\/#webpage\"},\"isPartOf\":{\"@id\":\"https:\\\/\\\/www.eldigitaldeasturias.com\\\/noticias\\\/aumenta-el-numero-pasajeros-y-vehiculos-en-la-ope\\\/#webpage\"},\"articleSection\":\"Actualidad\"},{\"@type\":\"BreadcrumbList\",\"@id\":\"https:\\\/\\\/www.eldigitaldeasturias.com\\\/noticias\\\/aumenta-el-numero-pasajeros-y-vehiculos-en-la-ope\\\/#breadcrumblist\",\"itemListElement\":[{\"@type\":\"ListItem\",\"@id\":\"https:\\\/\\\/www.eldigitaldeasturias.com\\\/noticias#listItem\",\"position\":1,\"name\":\"Home\",\"item\":\"https:\\\/\\\/www.eldigitaldeasturias.com\\\/noticias\",\"nextItem\":{\"@type\":\"ListItem\",\"@id\":\"https:\\\/\\\/www.eldigitaldeasturias.com\\\/noticias\\\/category\\\/actualidad\\\/#listItem\",\"name\":\"Actualidad\"}},{\"@type\":\"ListItem\",\"@id\":\"https:\\\/\\\/www.eldigitaldeasturias.com\\\/noticias\\\/category\\\/actualidad\\\/#listItem\",\"position\":2,\"name\":\"Actualidad\",\"item\":\"https:\\\/\\\/www.eldigitaldeasturias.com\\\/noticias\\\/category\\\/actualidad\\\/\",\"nextItem\":{\"@type\":\"ListItem\",\"@id\":\"https:\\\/\\\/www.eldigitaldeasturias.com\\\/noticias\\\/aumenta-el-numero-pasajeros-y-vehiculos-en-la-ope\\\/#listItem\",\"name\":\"Aumenta el n\\u00famero pasajeros y veh\\u00edculos en la OPE\"},\"previousItem\":{\"@type\":\"ListItem\",\"@id\":\"https:\\\/\\\/www.eldigitaldeasturias.com\\\/noticias#listItem\",\"name\":\"Home\"}},{\"@type\":\"ListItem\",\"@id\":\"https:\\\/\\\/www.eldigitaldeasturias.com\\\/noticias\\\/aumenta-el-numero-pasajeros-y-vehiculos-en-la-ope\\\/#listItem\",\"position\":3,\"name\":\"Aumenta el n\\u00famero pasajeros y veh\\u00edculos en la OPE\",\"previousItem\":{\"@type\":\"ListItem\",\"@id\":\"https:\\\/\\\/www.eldigitaldeasturias.com\\\/noticias\\\/category\\\/actualidad\\\/#listItem\",\"name\":\"Actualidad\"}}]},{\"@type\":\"Organization\",\"@id\":\"https:\\\/\\\/www.eldigitaldeasturias.com\\\/noticias\\\/#organization\",\"name\":\"El Digital de Asturias\",\"description\":\"Hemeroteca\",\"url\":\"https:\\\/\\\/www.eldigitaldeasturias.com\\\/noticias\\\/\",\"email\":\"info@eldigitaldeasturias.com\",\"telephone\":\"+34652131393\",\"logo\":{\"@type\":\"ImageObject\",\"url\":\"https:\\\/\\\/www.eldigitaldeasturias.com\\\/noticias\\\/wp-content\\\/uploads\\\/2020\\\/12\\\/EDA.jpg\",\"@id\":\"https:\\\/\\\/www.eldigitaldeasturias.com\\\/noticias\\\/aumenta-el-numero-pasajeros-y-vehiculos-en-la-ope\\\/#organizationLogo\"},\"image\":{\"@id\":\"https:\\\/\\\/www.eldigitaldeasturias.com\\\/noticias\\\/aumenta-el-numero-pasajeros-y-vehiculos-en-la-ope\\\/#organizationLogo\"},\"sameAs\":[\"https:\\\/\\\/facebook.com\\\/eldigitaldeasturias\",\"https:\\\/\\\/www.youtube.com\\\/channel\\\/UCZP-2wLEB9Rv6erhFmqVnvg\"],\"address\":{\"@id\":\"https:\\\/\\\/www.eldigitaldeasturias.com\\\/noticias\\\/#postaladdress\",\"@type\":\"PostalAddress\",\"streetAddress\":\"san antonio 4\",\"postalCode\":\"33430\",\"addressLocality\":\"Cand\\u00e1s\",\"addressRegion\":\"Asturias\",\"addressCountry\":\"ES\"}},{\"@type\":\"Person\",\"@id\":\"https:\\\/\\\/www.eldigitaldeasturias.com\\\/noticias\\\/author\\\/admin\\\/#author\",\"url\":\"https:\\\/\\\/www.eldigitaldeasturias.com\\\/noticias\\\/author\\\/admin\\\/\",\"name\":\"El Digital de Asturias\",\"image\":{\"@type\":\"ImageObject\",\"@id\":\"https:\\\/\\\/www.eldigitaldeasturias.com\\\/noticias\\\/aumenta-el-numero-pasajeros-y-vehiculos-en-la-ope\\\/#authorImage\",\"url\":\"https:\\\/\\\/secure.gravatar.com\\\/avatar\\\/df2aeffc32bcd13f8d26072ef8a91b623d677766deac7f97ca815868cd41bf5e?s=96&d=mm&r=g\",\"width\":96,\"height\":96,\"caption\":\"El Digital de Asturias\"}},{\"@type\":\"WebPage\",\"@id\":\"https:\\\/\\\/www.eldigitaldeasturias.com\\\/noticias\\\/aumenta-el-numero-pasajeros-y-vehiculos-en-la-ope\\\/#webpage\",\"url\":\"https:\\\/\\\/www.eldigitaldeasturias.com\\\/noticias\\\/aumenta-el-numero-pasajeros-y-vehiculos-en-la-ope\\\/\",\"name\":\"Aumenta el n\\u00famero pasajeros y veh\\u00edculos en la OPE - El Digital de Asturias\",\"description\":\"El subsecretario del Ministerio del Interior, Luis Aguilera, ha presidido la reuni\\u00f3n del Comit\\u00e9 Estatal de Coordinaci\\u00f3n de la Operaci\\u00f3n Paso del Estrecho (OPE) para evaluar el desarrollo de la Operaci\\u00f3n durante el a\\u00f1o en el que se cumple el 30\\u00ba aniversario desde su puesta en marcha como Plan Especial de Protecci\\u00f3n Civil. Como principal\",\"inLanguage\":\"es-ES\",\"isPartOf\":{\"@id\":\"https:\\\/\\\/www.eldigitaldeasturias.com\\\/noticias\\\/#website\"},\"breadcrumb\":{\"@id\":\"https:\\\/\\\/www.eldigitaldeasturias.com\\\/noticias\\\/aumenta-el-numero-pasajeros-y-vehiculos-en-la-ope\\\/#breadcrumblist\"},\"author\":{\"@id\":\"https:\\\/\\\/www.eldigitaldeasturias.com\\\/noticias\\\/author\\\/admin\\\/#author\"},\"creator\":{\"@id\":\"https:\\\/\\\/www.eldigitaldeasturias.com\\\/noticias\\\/author\\\/admin\\\/#author\"},\"image\":{\"@type\":\"ImageObject\",\"url\":960636,\"@id\":\"https:\\\/\\\/www.eldigitaldeasturias.com\\\/noticias\\\/aumenta-el-numero-pasajeros-y-vehiculos-en-la-ope\\\/#mainImage\"},\"primaryImageOfPage\":{\"@id\":\"https:\\\/\\\/www.eldigitaldeasturias.com\\\/noticias\\\/aumenta-el-numero-pasajeros-y-vehiculos-en-la-ope\\\/#mainImage\"},\"datePublished\":\"2017-11-21T03:53:04+01:00\",\"dateModified\":\"2017-11-21T03:53:04+01:00\"},{\"@type\":\"WebSite\",\"@id\":\"https:\\\/\\\/www.eldigitaldeasturias.com\\\/noticias\\\/#website\",\"url\":\"https:\\\/\\\/www.eldigitaldeasturias.com\\\/noticias\\\/\",\"name\":\"El Digital de Asturias - Diario de actualidad y noticias\",\"alternateName\":\"El Digital de Asturias - Diario de actualidad y noticias\",\"description\":\"Hemeroteca\",\"inLanguage\":\"es-ES\",\"publisher\":{\"@id\":\"https:\\\/\\\/www.eldigitaldeasturias.com\\\/noticias\\\/#organization\"}}]}\n\t\t<\/script>\n\t\t<!-- All in One SEO Pro -->\r\n\t\t<title>Aumenta el n\u00famero pasajeros y veh\u00edculos en la OPE - El Digital de Asturias<\/title>\n\n","aioseo_head_json":{"title":"Aumenta el n\u00famero pasajeros y veh\u00edculos en la OPE - El Digital de Asturias","description":"El subsecretario del Ministerio del Interior, Luis Aguilera, ha presidido la reuni\u00f3n del Comit\u00e9 Estatal de Coordinaci\u00f3n de la Operaci\u00f3n Paso del Estrecho (OPE) para evaluar el desarrollo de la Operaci\u00f3n durante el a\u00f1o en el que se cumple el 30\u00ba aniversario desde su puesta en marcha como Plan Especial de Protecci\u00f3n Civil. Como principal","canonical_url":"https:\/\/www.eldigitaldeasturias.com\/noticias\/aumenta-el-numero-pasajeros-y-vehiculos-en-la-ope\/","robots":"max-image-preview:large","keywords":"actualidad","webmasterTools":{"google-site-verification":"UA-38556648-1","msvalidate.01":"7dfe9f3f1b24437ab69f4f2559babe99","miscellaneous":""},"schema":{"@context":"https:\/\/schema.org","@graph":[{"@type":"BlogPosting","@id":"https:\/\/www.eldigitaldeasturias.com\/noticias\/aumenta-el-numero-pasajeros-y-vehiculos-en-la-ope\/#blogposting","name":"Aumenta el n\u00famero pasajeros y veh\u00edculos en la OPE - El Digital de Asturias","headline":"Aumenta el n\u00famero pasajeros y veh\u00edculos en la OPE","author":{"@id":"https:\/\/www.eldigitaldeasturias.com\/noticias\/author\/admin\/#author"},"publisher":{"@id":"https:\/\/www.eldigitaldeasturias.com\/noticias\/#organization"},"image":{"@type":"ImageObject","url":960636},"datePublished":"2017-11-21T03:53:04+01:00","dateModified":"2017-11-21T03:53:04+01:00","inLanguage":"es-ES","mainEntityOfPage":{"@id":"https:\/\/www.eldigitaldeasturias.com\/noticias\/aumenta-el-numero-pasajeros-y-vehiculos-en-la-ope\/#webpage"},"isPartOf":{"@id":"https:\/\/www.eldigitaldeasturias.com\/noticias\/aumenta-el-numero-pasajeros-y-vehiculos-en-la-ope\/#webpage"},"articleSection":"Actualidad"},{"@type":"BreadcrumbList","@id":"https:\/\/www.eldigitaldeasturias.com\/noticias\/aumenta-el-numero-pasajeros-y-vehiculos-en-la-ope\/#breadcrumblist","itemListElement":[{"@type":"ListItem","@id":"https:\/\/www.eldigitaldeasturias.com\/noticias#listItem","position":1,"name":"Home","item":"https:\/\/www.eldigitaldeasturias.com\/noticias","nextItem":{"@type":"ListItem","@id":"https:\/\/www.eldigitaldeasturias.com\/noticias\/category\/actualidad\/#listItem","name":"Actualidad"}},{"@type":"ListItem","@id":"https:\/\/www.eldigitaldeasturias.com\/noticias\/category\/actualidad\/#listItem","position":2,"name":"Actualidad","item":"https:\/\/www.eldigitaldeasturias.com\/noticias\/category\/actualidad\/","nextItem":{"@type":"ListItem","@id":"https:\/\/www.eldigitaldeasturias.com\/noticias\/aumenta-el-numero-pasajeros-y-vehiculos-en-la-ope\/#listItem","name":"Aumenta el n\u00famero pasajeros y veh\u00edculos en la OPE"},"previousItem":{"@type":"ListItem","@id":"https:\/\/www.eldigitaldeasturias.com\/noticias#listItem","name":"Home"}},{"@type":"ListItem","@id":"https:\/\/www.eldigitaldeasturias.com\/noticias\/aumenta-el-numero-pasajeros-y-vehiculos-en-la-ope\/#listItem","position":3,"name":"Aumenta el n\u00famero pasajeros y veh\u00edculos en la OPE","previousItem":{"@type":"ListItem","@id":"https:\/\/www.eldigitaldeasturias.com\/noticias\/category\/actualidad\/#listItem","name":"Actualidad"}}]},{"@type":"Organization","@id":"https:\/\/www.eldigitaldeasturias.com\/noticias\/#organization","name":"El Digital de Asturias","description":"Hemeroteca","url":"https:\/\/www.eldigitaldeasturias.com\/noticias\/","email":"info@eldigitaldeasturias.com","telephone":"+34652131393","logo":{"@type":"ImageObject","url":"https:\/\/www.eldigitaldeasturias.com\/noticias\/wp-content\/uploads\/2020\/12\/EDA.jpg","@id":"https:\/\/www.eldigitaldeasturias.com\/noticias\/aumenta-el-numero-pasajeros-y-vehiculos-en-la-ope\/#organizationLogo"},"image":{"@id":"https:\/\/www.eldigitaldeasturias.com\/noticias\/aumenta-el-numero-pasajeros-y-vehiculos-en-la-ope\/#organizationLogo"},"sameAs":["https:\/\/facebook.com\/eldigitaldeasturias","https:\/\/www.youtube.com\/channel\/UCZP-2wLEB9Rv6erhFmqVnvg"],"address":{"@id":"https:\/\/www.eldigitaldeasturias.com\/noticias\/#postaladdress","@type":"PostalAddress","streetAddress":"san antonio 4","postalCode":"33430","addressLocality":"Cand\u00e1s","addressRegion":"Asturias","addressCountry":"ES"}},{"@type":"Person","@id":"https:\/\/www.eldigitaldeasturias.com\/noticias\/author\/admin\/#author","url":"https:\/\/www.eldigitaldeasturias.com\/noticias\/author\/admin\/","name":"El Digital de Asturias","image":{"@type":"ImageObject","@id":"https:\/\/www.eldigitaldeasturias.com\/noticias\/aumenta-el-numero-pasajeros-y-vehiculos-en-la-ope\/#authorImage","url":"https:\/\/secure.gravatar.com\/avatar\/df2aeffc32bcd13f8d26072ef8a91b623d677766deac7f97ca815868cd41bf5e?s=96&d=mm&r=g","width":96,"height":96,"caption":"El Digital de Asturias"}},{"@type":"WebPage","@id":"https:\/\/www.eldigitaldeasturias.com\/noticias\/aumenta-el-numero-pasajeros-y-vehiculos-en-la-ope\/#webpage","url":"https:\/\/www.eldigitaldeasturias.com\/noticias\/aumenta-el-numero-pasajeros-y-vehiculos-en-la-ope\/","name":"Aumenta el n\u00famero pasajeros y veh\u00edculos en la OPE - El Digital de Asturias","description":"El subsecretario del Ministerio del Interior, Luis Aguilera, ha presidido la reuni\u00f3n del Comit\u00e9 Estatal de Coordinaci\u00f3n de la Operaci\u00f3n Paso del Estrecho (OPE) para evaluar el desarrollo de la Operaci\u00f3n durante el a\u00f1o en el que se cumple el 30\u00ba aniversario desde su puesta en marcha como Plan Especial de Protecci\u00f3n Civil. Como principal","inLanguage":"es-ES","isPartOf":{"@id":"https:\/\/www.eldigitaldeasturias.com\/noticias\/#website"},"breadcrumb":{"@id":"https:\/\/www.eldigitaldeasturias.com\/noticias\/aumenta-el-numero-pasajeros-y-vehiculos-en-la-ope\/#breadcrumblist"},"author":{"@id":"https:\/\/www.eldigitaldeasturias.com\/noticias\/author\/admin\/#author"},"creator":{"@id":"https:\/\/www.eldigitaldeasturias.com\/noticias\/author\/admin\/#author"},"image":{"@type":"ImageObject","url":960636,"@id":"https:\/\/www.eldigitaldeasturias.com\/noticias\/aumenta-el-numero-pasajeros-y-vehiculos-en-la-ope\/#mainImage"},"primaryImageOfPage":{"@id":"https:\/\/www.eldigitaldeasturias.com\/noticias\/aumenta-el-numero-pasajeros-y-vehiculos-en-la-ope\/#mainImage"},"datePublished":"2017-11-21T03:53:04+01:00","dateModified":"2017-11-21T03:53:04+01:00"},{"@type":"WebSite","@id":"https:\/\/www.eldigitaldeasturias.com\/noticias\/#website","url":"https:\/\/www.eldigitaldeasturias.com\/noticias\/","name":"El Digital de Asturias - Diario de actualidad y noticias","alternateName":"El Digital de Asturias - Diario de actualidad y noticias","description":"Hemeroteca","inLanguage":"es-ES","publisher":{"@id":"https:\/\/www.eldigitaldeasturias.com\/noticias\/#organization"}}]},"og:locale":"es_ES","og:site_name":"El Digital de Asturias","og:type":"article","og:title":"Aumenta el n\u00famero pasajeros y veh\u00edculos en la OPE - El Digital de Asturias","og:description":"El subsecretario del Ministerio del Interior, Luis Aguilera, ha presidido la reuni\u00f3n del Comit\u00e9 Estatal de Coordinaci\u00f3n de la Operaci\u00f3n Paso del Estrecho (OPE) para evaluar el desarrollo de la Operaci\u00f3n durante el a\u00f1o en el que se cumple el 30\u00ba aniversario desde su puesta en marcha como Plan Especial de Protecci\u00f3n Civil. Como principal","og:url":"https:\/\/www.eldigitaldeasturias.com\/noticias\/aumenta-el-numero-pasajeros-y-vehiculos-en-la-ope\/","article:tag":["actualidad"],"article:published_time":"2017-11-21T03:53:04+00:00","article:modified_time":"2017-11-21T03:53:04+00:00","article:publisher":"https:\/\/facebook.com\/eldigitaldeasturias","twitter:card":"summary_large_image","twitter:title":"Aumenta el n\u00famero pasajeros y veh\u00edculos en la OPE - El Digital de Asturias","twitter:description":"El subsecretario del Ministerio del Interior, Luis Aguilera, ha presidido la reuni\u00f3n del Comit\u00e9 Estatal de Coordinaci\u00f3n de la Operaci\u00f3n Paso del Estrecho (OPE) para evaluar el desarrollo de la Operaci\u00f3n durante el a\u00f1o en el que se cumple el 30\u00ba aniversario desde su puesta en marcha como Plan Especial de Protecci\u00f3n Civil. Como principal","twitter:image":"https:\/\/www.eldigitaldeasturias.com\/noticias\/wp-content\/uploads\/2020\/12\/EDA-1.jpg","twitter:label1":"Escrito por","twitter:data1":"El Digital de Asturias","twitter:label2":"Tiempo de lectura estimado","twitter:data2":"4 minutos"},"aioseo_meta_data":{"post_id":"960635","title":null,"description":null,"keywords":null,"keyphrases":null,"primary_term":null,"canonical_url":null,"og_title":null,"og_description":null,"og_object_type":"default","og_image_type":"default","og_image_url":null,"og_image_width":null,"og_image_height":null,"og_image_custom_url":null,"og_image_custom_fields":null,"og_video":null,"og_custom_url":null,"og_article_section":null,"og_article_tags":null,"twitter_use_og":false,"twitter_card":"default","twitter_image_type":"default","twitter_image_url":null,"twitter_image_custom_url":null,"twitter_image_custom_fields":null,"twitter_title":null,"twitter_description":null,"schema":{"blockGraphs":[],"customGraphs":[],"default":{"data":{"Article":[],"Course":[],"Dataset":[],"FAQPage":[],"Movie":[],"Person":[],"Product":[],"ProductReview":[],"Car":[],"Recipe":[],"Service":[],"SoftwareApplication":[],"WebPage":[]},"graphName":"","isEnabled":true},"graphs":[],"defaultGraph":"","defaultPostTypeGraph":""},"schema_type":null,"schema_type_options":null,"pillar_content":false,"robots_default":true,"robots_noindex":false,"robots_noarchive":false,"robots_nosnippet":false,"robots_nofollow":false,"robots_noimageindex":false,"robots_noodp":false,"robots_notranslate":false,"robots_max_snippet":null,"robots_max_videopreview":null,"robots_max_imagepreview":"large","priority":null,"frequency":null,"local_seo":null,"seo_analyzer_scan_date":"2025-12-07 06:01:15","breadcrumb_settings":null,"limit_modified_date":false,"open_ai":null,"ai":null,"created":"2020-12-21 12:51:38","updated":"2025-12-07 06:01:15","focus_keyword":null,"additional_keywords":null,"truseo_locale":null},"aioseo_breadcrumb":"<div class=\"aioseo-breadcrumbs\"><span class=\"aioseo-breadcrumb\">\n\t<a href=\"https:\/\/www.eldigitaldeasturias.com\/noticias\" title=\"Home\">Home<\/a>\n<\/span><span class=\"aioseo-breadcrumb-separator\">\u2013<\/span><span class=\"aioseo-breadcrumb\">\n\t<a href=\"https:\/\/www.eldigitaldeasturias.com\/noticias\/category\/actualidad\/\" title=\"Actualidad\">Actualidad<\/a>\n<\/span><span class=\"aioseo-breadcrumb-separator\">\u2013<\/span><span class=\"aioseo-breadcrumb\">\n\t<a href=\"https:\/\/www.eldigitaldeasturias.com\/noticias\/aumenta-el-numero-pasajeros-y-vehiculos-en-la-ope\/\" title=\"Aumenta el n\u00famero pasajeros y veh\u00edculos en la OPE\">Aumenta el n\u00famero pasajeros y veh\u00edculos en la OPE<\/a>\n<\/span><\/div>","aioseo_breadcrumb_json":[{"label":"Home","link":"https:\/\/www.eldigitaldeasturias.com\/noticias"},{"label":"Actualidad","link":"https:\/\/www.eldigitaldeasturias.com\/noticias\/category\/actualidad\/"},{"label":"Aumenta el n\u00famero pasajeros y veh\u00edculos en la OPE","link":"https:\/\/www.eldigitaldeasturias.com\/noticias\/aumenta-el-numero-pasajeros-y-vehiculos-en-la-ope\/"}],"_links":{"self":[{"href":"https:\/\/www.eldigitaldeasturias.com\/noticias\/wp-json\/wp\/v2\/posts\/960635","targetHints":{"allow":["GET"]}}],"collection":[{"href":"https:\/\/www.eldigitaldeasturias.com\/noticias\/wp-json\/wp\/v2\/posts"}],"about":[{"href":"https:\/\/www.eldigitaldeasturias.com\/noticias\/wp-json\/wp\/v2\/types\/post"}],"author":[{"embeddable":true,"href":"https:\/\/www.eldigitaldeasturias.com\/noticias\/wp-json\/wp\/v2\/users\/1"}],"replies":[{"embeddable":true,"href":"https:\/\/www.eldigitaldeasturias.com\/noticias\/wp-json\/wp\/v2\/comments?post=960635"}],"version-history":[{"count":0,"href":"https:\/\/www.eldigitaldeasturias.com\/noticias\/wp-json\/wp\/v2\/posts\/960635\/revisions"}],"wp:attachment":[{"href":"https:\/\/www.eldigitaldeasturias.com\/noticias\/wp-json\/wp\/v2\/media?parent=960635"}],"wp:term":[{"taxonomy":"category","embeddable":true,"href":"https:\/\/www.eldigitaldeasturias.com\/noticias\/wp-json\/wp\/v2\/categories?post=960635"},{"taxonomy":"post_tag","embeddable":true,"href":"https:\/\/www.eldigitaldeasturias.com\/noticias\/wp-json\/wp\/v2\/tags?post=960635"}],"curies":[{"name":"wp","href":"https:\/\/api.w.org\/{rel}","templated":true}]}}