{"id":960632,"date":"2017-11-21T03:50:18","date_gmt":"2017-11-21T03:50:18","guid":{"rendered":"http:\/\/www.eldigitaldeasturias.com\/noticias\/?p=960632"},"modified":"2017-11-21T03:50:18","modified_gmt":"2017-11-21T03:50:18","slug":"garcia-tejerina-ha-visitado-donana","status":"publish","type":"post","link":"https:\/\/www.eldigitaldeasturias.com\/noticias\/garcia-tejerina-ha-visitado-donana\/","title":{"rendered":"Garc\u00eda Tejerina ha visitado Do\u00f1ana"},"content":{"rendered":"<p><img loading=\"lazy\" decoding=\"async\" class=\"alignleft size-medium wp-image-960633\" src=\"https:\/\/www.eldigitaldeasturias.com\/noticias\/wp-content\/uploads\/2017\/11\/20117-Tejerina-360x239.jpg\" alt=\"\" width=\"360\" height=\"239\" \/>La ministra de Agricultura y Pesca, Alimentaci\u00f3n y Medio Ambiente, Isabel Garc\u00eda Tejerina, ha visitado los trabajos de restauraci\u00f3n forestal que el Ministerio est\u00e1 realizando en el Espacio Natural Protegido de Do\u00f1ana tras el incendio declarado el pasado 24 de junio y que tambi\u00e9n afect\u00f3 a zonas lim\u00edtrofes como el Paraje Natural Laguna de Palos y Las Madres y la Zona Especial de Conservaci\u00f3n Estero de Domingo Rubio y Montes de Moguer.<\/p>\n<p>Acompa\u00f1ada por la ministra de Empleo y Seguridad Social, F\u00e1tima B\u00e1\u00f1ez; el consejero de Medio Ambiente y Ordenaci\u00f3n del Territorio de la Junta de Andaluc\u00eda, Jos\u00e9 Fiscal, y los alcaldes de Moguer, Almonte, Lucena del Puerto y Palos de la Frontera, entre otras personalidades, Garc\u00eda Tejerina ha podido comprobar sobre el terreno las actuaciones de emergencia que se est\u00e1n desarrollando en la zona conocida como Dunas del Asperillo, de gran valor paisaj\u00edstico, importante patrimonio bot\u00e1nico y que cuenta con la presencia de numerosas especies amenazadas.<\/p>\n<p>En Huelva, Garc\u00eda Tejerina ha insistido durante su visita en la colaboraci\u00f3n plena del Ministerio desde la extinci\u00f3n hasta la restauraci\u00f3n forestal de Do\u00f1ana para paliar los graves da\u00f1os medioambientales ocasionados por el fuego. Record\u00f3 que durante las dos jornadas de lucha contra el fuego, el MAPAMA desplaz\u00f3 12 medios a\u00e9reos de gran capacidad para apoyar a la Comunidad Aut\u00f3noma, con un total de 115 horas voladas y 526 descargas.<\/p>\n<p>La ministra aprovech\u00f3 la visita para agradecer el trabajo de todas las personas involucradas en las labores de extinci\u00f3n de incendio, que \u00abaunque se extingui\u00f3 en 36 horas, avanz\u00f3 muy r\u00e1pido debido a las condiciones climatol\u00f3gicas\u00bb. Garc\u00eda Tejerina destac\u00f3 el trabajo del servicio de extinci\u00f3n de incendios de la Junta de Andaluc\u00eda, MAPAMA, Unidad Militar de Emergencia, Guardia Civil, agricultores, regantes y voluntarios.<\/p>\n<p><strong>Trabajos de restauraci\u00f3n<\/strong><\/p>\n<p>El total de los trabajos de recuperaci\u00f3n en el gran edificio dunal, ejecutados por TRAGSA durante los pr\u00f3ximos seis meses, suponen una inversi\u00f3n de un mill\u00f3n de euros. Se utilizar\u00e1n para la eliminaci\u00f3n de los \u00e1rboles quemados y la construcci\u00f3n de cordones con el material talado, con el objetivo de sujetar el terreno y as\u00ed evitar que la acci\u00f3n del viento favorezca la erosi\u00f3n y el transporte de arena hacia el interior.<\/p>\n<p>Tambi\u00e9n incluyen medidas que permitir\u00e1n el control de plagas, la adecuaci\u00f3n de infraestructuras, control de aguas y adecuaci\u00f3n de cauces, tratamientos silv\u00edcolas y de residuos forestales, repoblaci\u00f3n y se\u00f1alizaci\u00f3n.<\/p>\n<p><strong>Otras actuaciones en Andaluc\u00eda<\/strong><\/p>\n<p>Adem\u00e1s, la Ministra ha recordado que pese a que la restauraci\u00f3n de zonas afectadas por incendios compete a las Comunidades Aut\u00f3nomas, cuando el fuego acarrea un grave impacto medioambiental, el Gobierno Central puede declarar como emergencia -a petici\u00f3n de las comunidades- la recuperaci\u00f3n de espacios afectados.<\/p>\n<p>En Andaluc\u00eda, anteriormente al incendio de Do\u00f1ana, ya se tramit\u00f3 dicha declaraci\u00f3n de emergencia en 2012 tras el incendio de Co\u00edn (M\u00e1laga) y en 2015 en Quesada (Ja\u00e9n). En 2017, adem\u00e1s, se ha aprobado una actuaci\u00f3n de emergencia en Segura de la Sierra (Ja\u00e9n). El total de la inversi\u00f3n realizada por el Ministerio tras estos cuatro grandes incendios alcanza los 3 millones de euros.<\/p>\n","protected":false},"excerpt":{"rendered":"<p>La ministra de Agricultura y Pesca, Alimentaci\u00f3n y Medio Ambiente, Isabel Garc\u00eda Tejerina, ha visitado los trabajos de restauraci\u00f3n forestal que el Ministerio est\u00e1 realizando en el Espacio Natural Protegido de Do\u00f1ana tras el incendio declarado el pasado 24 de junio y que tambi\u00e9n afect\u00f3 a zonas lim\u00edtrofes como el Paraje Natural Laguna de Palos [&hellip;]<\/p>\n","protected":false},"author":1,"featured_media":960633,"comment_status":"closed","ping_status":"closed","sticky":false,"template":"","format":"standard","meta":{"footnotes":""},"categories":[1],"tags":[],"class_list":["post-960632","post","type-post","status-publish","format-standard","has-post-thumbnail","hentry","category-actualidad"],"aioseo_notices":[],"aioseo_head":"\n\t\t<!-- All in One SEO Pro 5.0.1 - aioseo.com -->\n\t<meta name=\"description\" content=\"La ministra de Agricultura y Pesca, Alimentaci\u00f3n y Medio Ambiente, Isabel Garc\u00eda Tejerina, ha visitado los trabajos de restauraci\u00f3n forestal que el Ministerio est\u00e1 realizando en el Espacio Natural Protegido de Do\u00f1ana tras el incendio declarado el pasado 24 de junio y que tambi\u00e9n afect\u00f3 a zonas lim\u00edtrofes como el Paraje Natural Laguna de Palos\" \/>\n\t<meta name=\"robots\" content=\"max-image-preview:large\" \/>\n\t<meta name=\"author\" content=\"El Digital de Asturias\"\/>\n\t<meta name=\"google-site-verification\" content=\"UA-38556648-1\" \/>\n\t<meta name=\"msvalidate.01\" content=\"7dfe9f3f1b24437ab69f4f2559babe99\" \/>\n\t<meta name=\"keywords\" content=\"actualidad\" \/>\n\t<link rel=\"canonical\" href=\"https:\/\/www.eldigitaldeasturias.com\/noticias\/garcia-tejerina-ha-visitado-donana\/\" \/>\n\t<meta name=\"generator\" content=\"All in One SEO Pro (AIOSEO) 5.0.1\" \/>\n\t\t<meta property=\"og:locale\" content=\"es_ES\" \/>\n\t\t<meta property=\"og:site_name\" content=\"El Digital de Asturias\" \/>\n\t\t<meta property=\"og:type\" content=\"article\" \/>\n\t\t<meta property=\"og:title\" content=\"Garc\u00eda Tejerina ha visitado Do\u00f1ana - El Digital de Asturias\" \/>\n\t\t<meta property=\"og:description\" content=\"La ministra de Agricultura y Pesca, Alimentaci\u00f3n y Medio Ambiente, Isabel Garc\u00eda Tejerina, ha visitado los trabajos de restauraci\u00f3n forestal que el Ministerio est\u00e1 realizando en el Espacio Natural Protegido de Do\u00f1ana tras el incendio declarado el pasado 24 de junio y que tambi\u00e9n afect\u00f3 a zonas lim\u00edtrofes como el Paraje Natural Laguna de Palos\" \/>\n\t\t<meta property=\"og:url\" content=\"https:\/\/www.eldigitaldeasturias.com\/noticias\/garcia-tejerina-ha-visitado-donana\/\" \/>\n\t\t<meta property=\"article:tag\" content=\"actualidad\" \/>\n\t\t<meta property=\"article:published_time\" content=\"2017-11-21T03:50:18+00:00\" \/>\n\t\t<meta property=\"article:modified_time\" content=\"2017-11-21T03:50:18+00:00\" \/>\n\t\t<meta property=\"article:publisher\" content=\"https:\/\/facebook.com\/eldigitaldeasturias\" \/>\n\t\t<meta name=\"twitter:card\" content=\"summary_large_image\" \/>\n\t\t<meta name=\"twitter:title\" content=\"Garc\u00eda Tejerina ha visitado Do\u00f1ana - El Digital de Asturias\" \/>\n\t\t<meta name=\"twitter:description\" content=\"La ministra de Agricultura y Pesca, Alimentaci\u00f3n y Medio Ambiente, Isabel Garc\u00eda Tejerina, ha visitado los trabajos de restauraci\u00f3n forestal que el Ministerio est\u00e1 realizando en el Espacio Natural Protegido de Do\u00f1ana tras el incendio declarado el pasado 24 de junio y que tambi\u00e9n afect\u00f3 a zonas lim\u00edtrofes como el Paraje Natural Laguna de Palos\" \/>\n\t\t<meta name=\"twitter:image\" content=\"https:\/\/www.eldigitaldeasturias.com\/noticias\/wp-content\/uploads\/2020\/12\/EDA-1.jpg\" \/>\n\t\t<meta name=\"twitter:label1\" content=\"Escrito por\" \/>\n\t\t<meta name=\"twitter:data1\" content=\"El Digital de Asturias\" \/>\n\t\t<meta name=\"twitter:label2\" content=\"Tiempo de lectura estimado\" \/>\n\t\t<meta name=\"twitter:data2\" content=\"3 minutos\" \/>\n\t\t<script type=\"application\/ld+json\" class=\"aioseo-schema\">\n\t\t\t{\"@context\":\"https:\\\/\\\/schema.org\",\"@graph\":[{\"@type\":\"BlogPosting\",\"@id\":\"https:\\\/\\\/www.eldigitaldeasturias.com\\\/noticias\\\/garcia-tejerina-ha-visitado-donana\\\/#blogposting\",\"name\":\"Garc\\u00eda Tejerina ha visitado Do\\u00f1ana - El Digital de Asturias\",\"headline\":\"Garc\\u00eda Tejerina ha visitado Do\\u00f1ana\",\"author\":{\"@id\":\"https:\\\/\\\/www.eldigitaldeasturias.com\\\/noticias\\\/author\\\/admin\\\/#author\"},\"publisher\":{\"@id\":\"https:\\\/\\\/www.eldigitaldeasturias.com\\\/noticias\\\/#organization\"},\"image\":{\"@type\":\"ImageObject\",\"url\":960633},\"datePublished\":\"2017-11-21T03:50:18+01:00\",\"dateModified\":\"2017-11-21T03:50:18+01:00\",\"inLanguage\":\"es-ES\",\"mainEntityOfPage\":{\"@id\":\"https:\\\/\\\/www.eldigitaldeasturias.com\\\/noticias\\\/garcia-tejerina-ha-visitado-donana\\\/#webpage\"},\"isPartOf\":{\"@id\":\"https:\\\/\\\/www.eldigitaldeasturias.com\\\/noticias\\\/garcia-tejerina-ha-visitado-donana\\\/#webpage\"},\"articleSection\":\"Actualidad\"},{\"@type\":\"BreadcrumbList\",\"@id\":\"https:\\\/\\\/www.eldigitaldeasturias.com\\\/noticias\\\/garcia-tejerina-ha-visitado-donana\\\/#breadcrumblist\",\"itemListElement\":[{\"@type\":\"ListItem\",\"@id\":\"https:\\\/\\\/www.eldigitaldeasturias.com\\\/noticias#listItem\",\"position\":1,\"name\":\"Home\",\"item\":\"https:\\\/\\\/www.eldigitaldeasturias.com\\\/noticias\",\"nextItem\":{\"@type\":\"ListItem\",\"@id\":\"https:\\\/\\\/www.eldigitaldeasturias.com\\\/noticias\\\/category\\\/actualidad\\\/#listItem\",\"name\":\"Actualidad\"}},{\"@type\":\"ListItem\",\"@id\":\"https:\\\/\\\/www.eldigitaldeasturias.com\\\/noticias\\\/category\\\/actualidad\\\/#listItem\",\"position\":2,\"name\":\"Actualidad\",\"item\":\"https:\\\/\\\/www.eldigitaldeasturias.com\\\/noticias\\\/category\\\/actualidad\\\/\",\"nextItem\":{\"@type\":\"ListItem\",\"@id\":\"https:\\\/\\\/www.eldigitaldeasturias.com\\\/noticias\\\/garcia-tejerina-ha-visitado-donana\\\/#listItem\",\"name\":\"Garc\\u00eda Tejerina ha visitado Do\\u00f1ana\"},\"previousItem\":{\"@type\":\"ListItem\",\"@id\":\"https:\\\/\\\/www.eldigitaldeasturias.com\\\/noticias#listItem\",\"name\":\"Home\"}},{\"@type\":\"ListItem\",\"@id\":\"https:\\\/\\\/www.eldigitaldeasturias.com\\\/noticias\\\/garcia-tejerina-ha-visitado-donana\\\/#listItem\",\"position\":3,\"name\":\"Garc\\u00eda Tejerina ha visitado Do\\u00f1ana\",\"previousItem\":{\"@type\":\"ListItem\",\"@id\":\"https:\\\/\\\/www.eldigitaldeasturias.com\\\/noticias\\\/category\\\/actualidad\\\/#listItem\",\"name\":\"Actualidad\"}}]},{\"@type\":\"Organization\",\"@id\":\"https:\\\/\\\/www.eldigitaldeasturias.com\\\/noticias\\\/#organization\",\"name\":\"El Digital de Asturias\",\"description\":\"Hemeroteca\",\"url\":\"https:\\\/\\\/www.eldigitaldeasturias.com\\\/noticias\\\/\",\"email\":\"info@eldigitaldeasturias.com\",\"telephone\":\"+34652131393\",\"logo\":{\"@type\":\"ImageObject\",\"url\":\"https:\\\/\\\/www.eldigitaldeasturias.com\\\/noticias\\\/wp-content\\\/uploads\\\/2020\\\/12\\\/EDA.jpg\",\"@id\":\"https:\\\/\\\/www.eldigitaldeasturias.com\\\/noticias\\\/garcia-tejerina-ha-visitado-donana\\\/#organizationLogo\"},\"image\":{\"@id\":\"https:\\\/\\\/www.eldigitaldeasturias.com\\\/noticias\\\/garcia-tejerina-ha-visitado-donana\\\/#organizationLogo\"},\"sameAs\":[\"https:\\\/\\\/facebook.com\\\/eldigitaldeasturias\",\"https:\\\/\\\/www.youtube.com\\\/channel\\\/UCZP-2wLEB9Rv6erhFmqVnvg\"],\"address\":{\"@id\":\"https:\\\/\\\/www.eldigitaldeasturias.com\\\/noticias\\\/#postaladdress\",\"@type\":\"PostalAddress\",\"streetAddress\":\"san antonio 4\",\"postalCode\":\"33430\",\"addressLocality\":\"Cand\\u00e1s\",\"addressRegion\":\"Asturias\",\"addressCountry\":\"ES\"}},{\"@type\":\"Person\",\"@id\":\"https:\\\/\\\/www.eldigitaldeasturias.com\\\/noticias\\\/author\\\/admin\\\/#author\",\"url\":\"https:\\\/\\\/www.eldigitaldeasturias.com\\\/noticias\\\/author\\\/admin\\\/\",\"name\":\"El Digital de Asturias\",\"image\":{\"@type\":\"ImageObject\",\"@id\":\"https:\\\/\\\/www.eldigitaldeasturias.com\\\/noticias\\\/garcia-tejerina-ha-visitado-donana\\\/#authorImage\",\"url\":\"https:\\\/\\\/secure.gravatar.com\\\/avatar\\\/df2aeffc32bcd13f8d26072ef8a91b623d677766deac7f97ca815868cd41bf5e?s=96&d=mm&r=g\",\"width\":96,\"height\":96,\"caption\":\"El Digital de Asturias\"}},{\"@type\":\"WebPage\",\"@id\":\"https:\\\/\\\/www.eldigitaldeasturias.com\\\/noticias\\\/garcia-tejerina-ha-visitado-donana\\\/#webpage\",\"url\":\"https:\\\/\\\/www.eldigitaldeasturias.com\\\/noticias\\\/garcia-tejerina-ha-visitado-donana\\\/\",\"name\":\"Garc\\u00eda Tejerina ha visitado Do\\u00f1ana - El Digital de Asturias\",\"description\":\"La ministra de Agricultura y Pesca, Alimentaci\\u00f3n y Medio Ambiente, Isabel Garc\\u00eda Tejerina, ha visitado los trabajos de restauraci\\u00f3n forestal que el Ministerio est\\u00e1 realizando en el Espacio Natural Protegido de Do\\u00f1ana tras el incendio declarado el pasado 24 de junio y que tambi\\u00e9n afect\\u00f3 a zonas lim\\u00edtrofes como el Paraje Natural Laguna de Palos\",\"inLanguage\":\"es-ES\",\"isPartOf\":{\"@id\":\"https:\\\/\\\/www.eldigitaldeasturias.com\\\/noticias\\\/#website\"},\"breadcrumb\":{\"@id\":\"https:\\\/\\\/www.eldigitaldeasturias.com\\\/noticias\\\/garcia-tejerina-ha-visitado-donana\\\/#breadcrumblist\"},\"author\":{\"@id\":\"https:\\\/\\\/www.eldigitaldeasturias.com\\\/noticias\\\/author\\\/admin\\\/#author\"},\"creator\":{\"@id\":\"https:\\\/\\\/www.eldigitaldeasturias.com\\\/noticias\\\/author\\\/admin\\\/#author\"},\"image\":{\"@type\":\"ImageObject\",\"url\":960633,\"@id\":\"https:\\\/\\\/www.eldigitaldeasturias.com\\\/noticias\\\/garcia-tejerina-ha-visitado-donana\\\/#mainImage\"},\"primaryImageOfPage\":{\"@id\":\"https:\\\/\\\/www.eldigitaldeasturias.com\\\/noticias\\\/garcia-tejerina-ha-visitado-donana\\\/#mainImage\"},\"datePublished\":\"2017-11-21T03:50:18+01:00\",\"dateModified\":\"2017-11-21T03:50:18+01:00\"},{\"@type\":\"WebSite\",\"@id\":\"https:\\\/\\\/www.eldigitaldeasturias.com\\\/noticias\\\/#website\",\"url\":\"https:\\\/\\\/www.eldigitaldeasturias.com\\\/noticias\\\/\",\"name\":\"El Digital de Asturias - Diario de actualidad y noticias\",\"alternateName\":\"El Digital de Asturias - Diario de actualidad y noticias\",\"description\":\"Hemeroteca\",\"inLanguage\":\"es-ES\",\"publisher\":{\"@id\":\"https:\\\/\\\/www.eldigitaldeasturias.com\\\/noticias\\\/#organization\"}}]}\n\t\t<\/script>\n\t\t<!-- All in One SEO Pro -->\r\n\t\t<title>Garc\u00eda Tejerina ha visitado Do\u00f1ana - El Digital de Asturias<\/title>\n\n","aioseo_head_json":{"title":"Garc\u00eda Tejerina ha visitado Do\u00f1ana - El Digital de Asturias","description":"La ministra de Agricultura y Pesca, Alimentaci\u00f3n y Medio Ambiente, Isabel Garc\u00eda Tejerina, ha visitado los trabajos de restauraci\u00f3n forestal que el Ministerio est\u00e1 realizando en el Espacio Natural Protegido de Do\u00f1ana tras el incendio declarado el pasado 24 de junio y que tambi\u00e9n afect\u00f3 a zonas lim\u00edtrofes como el Paraje Natural Laguna de Palos","canonical_url":"https:\/\/www.eldigitaldeasturias.com\/noticias\/garcia-tejerina-ha-visitado-donana\/","robots":"max-image-preview:large","keywords":"actualidad","webmasterTools":{"google-site-verification":"UA-38556648-1","msvalidate.01":"7dfe9f3f1b24437ab69f4f2559babe99","miscellaneous":""},"schema":{"@context":"https:\/\/schema.org","@graph":[{"@type":"BlogPosting","@id":"https:\/\/www.eldigitaldeasturias.com\/noticias\/garcia-tejerina-ha-visitado-donana\/#blogposting","name":"Garc\u00eda Tejerina ha visitado Do\u00f1ana - El Digital de Asturias","headline":"Garc\u00eda Tejerina ha visitado Do\u00f1ana","author":{"@id":"https:\/\/www.eldigitaldeasturias.com\/noticias\/author\/admin\/#author"},"publisher":{"@id":"https:\/\/www.eldigitaldeasturias.com\/noticias\/#organization"},"image":{"@type":"ImageObject","url":960633},"datePublished":"2017-11-21T03:50:18+01:00","dateModified":"2017-11-21T03:50:18+01:00","inLanguage":"es-ES","mainEntityOfPage":{"@id":"https:\/\/www.eldigitaldeasturias.com\/noticias\/garcia-tejerina-ha-visitado-donana\/#webpage"},"isPartOf":{"@id":"https:\/\/www.eldigitaldeasturias.com\/noticias\/garcia-tejerina-ha-visitado-donana\/#webpage"},"articleSection":"Actualidad"},{"@type":"BreadcrumbList","@id":"https:\/\/www.eldigitaldeasturias.com\/noticias\/garcia-tejerina-ha-visitado-donana\/#breadcrumblist","itemListElement":[{"@type":"ListItem","@id":"https:\/\/www.eldigitaldeasturias.com\/noticias#listItem","position":1,"name":"Home","item":"https:\/\/www.eldigitaldeasturias.com\/noticias","nextItem":{"@type":"ListItem","@id":"https:\/\/www.eldigitaldeasturias.com\/noticias\/category\/actualidad\/#listItem","name":"Actualidad"}},{"@type":"ListItem","@id":"https:\/\/www.eldigitaldeasturias.com\/noticias\/category\/actualidad\/#listItem","position":2,"name":"Actualidad","item":"https:\/\/www.eldigitaldeasturias.com\/noticias\/category\/actualidad\/","nextItem":{"@type":"ListItem","@id":"https:\/\/www.eldigitaldeasturias.com\/noticias\/garcia-tejerina-ha-visitado-donana\/#listItem","name":"Garc\u00eda Tejerina ha visitado Do\u00f1ana"},"previousItem":{"@type":"ListItem","@id":"https:\/\/www.eldigitaldeasturias.com\/noticias#listItem","name":"Home"}},{"@type":"ListItem","@id":"https:\/\/www.eldigitaldeasturias.com\/noticias\/garcia-tejerina-ha-visitado-donana\/#listItem","position":3,"name":"Garc\u00eda Tejerina ha visitado Do\u00f1ana","previousItem":{"@type":"ListItem","@id":"https:\/\/www.eldigitaldeasturias.com\/noticias\/category\/actualidad\/#listItem","name":"Actualidad"}}]},{"@type":"Organization","@id":"https:\/\/www.eldigitaldeasturias.com\/noticias\/#organization","name":"El Digital de Asturias","description":"Hemeroteca","url":"https:\/\/www.eldigitaldeasturias.com\/noticias\/","email":"info@eldigitaldeasturias.com","telephone":"+34652131393","logo":{"@type":"ImageObject","url":"https:\/\/www.eldigitaldeasturias.com\/noticias\/wp-content\/uploads\/2020\/12\/EDA.jpg","@id":"https:\/\/www.eldigitaldeasturias.com\/noticias\/garcia-tejerina-ha-visitado-donana\/#organizationLogo"},"image":{"@id":"https:\/\/www.eldigitaldeasturias.com\/noticias\/garcia-tejerina-ha-visitado-donana\/#organizationLogo"},"sameAs":["https:\/\/facebook.com\/eldigitaldeasturias","https:\/\/www.youtube.com\/channel\/UCZP-2wLEB9Rv6erhFmqVnvg"],"address":{"@id":"https:\/\/www.eldigitaldeasturias.com\/noticias\/#postaladdress","@type":"PostalAddress","streetAddress":"san antonio 4","postalCode":"33430","addressLocality":"Cand\u00e1s","addressRegion":"Asturias","addressCountry":"ES"}},{"@type":"Person","@id":"https:\/\/www.eldigitaldeasturias.com\/noticias\/author\/admin\/#author","url":"https:\/\/www.eldigitaldeasturias.com\/noticias\/author\/admin\/","name":"El Digital de Asturias","image":{"@type":"ImageObject","@id":"https:\/\/www.eldigitaldeasturias.com\/noticias\/garcia-tejerina-ha-visitado-donana\/#authorImage","url":"https:\/\/secure.gravatar.com\/avatar\/df2aeffc32bcd13f8d26072ef8a91b623d677766deac7f97ca815868cd41bf5e?s=96&d=mm&r=g","width":96,"height":96,"caption":"El Digital de Asturias"}},{"@type":"WebPage","@id":"https:\/\/www.eldigitaldeasturias.com\/noticias\/garcia-tejerina-ha-visitado-donana\/#webpage","url":"https:\/\/www.eldigitaldeasturias.com\/noticias\/garcia-tejerina-ha-visitado-donana\/","name":"Garc\u00eda Tejerina ha visitado Do\u00f1ana - El Digital de Asturias","description":"La ministra de Agricultura y Pesca, Alimentaci\u00f3n y Medio Ambiente, Isabel Garc\u00eda Tejerina, ha visitado los trabajos de restauraci\u00f3n forestal que el Ministerio est\u00e1 realizando en el Espacio Natural Protegido de Do\u00f1ana tras el incendio declarado el pasado 24 de junio y que tambi\u00e9n afect\u00f3 a zonas lim\u00edtrofes como el Paraje Natural Laguna de Palos","inLanguage":"es-ES","isPartOf":{"@id":"https:\/\/www.eldigitaldeasturias.com\/noticias\/#website"},"breadcrumb":{"@id":"https:\/\/www.eldigitaldeasturias.com\/noticias\/garcia-tejerina-ha-visitado-donana\/#breadcrumblist"},"author":{"@id":"https:\/\/www.eldigitaldeasturias.com\/noticias\/author\/admin\/#author"},"creator":{"@id":"https:\/\/www.eldigitaldeasturias.com\/noticias\/author\/admin\/#author"},"image":{"@type":"ImageObject","url":960633,"@id":"https:\/\/www.eldigitaldeasturias.com\/noticias\/garcia-tejerina-ha-visitado-donana\/#mainImage"},"primaryImageOfPage":{"@id":"https:\/\/www.eldigitaldeasturias.com\/noticias\/garcia-tejerina-ha-visitado-donana\/#mainImage"},"datePublished":"2017-11-21T03:50:18+01:00","dateModified":"2017-11-21T03:50:18+01:00"},{"@type":"WebSite","@id":"https:\/\/www.eldigitaldeasturias.com\/noticias\/#website","url":"https:\/\/www.eldigitaldeasturias.com\/noticias\/","name":"El Digital de Asturias - Diario de actualidad y noticias","alternateName":"El Digital de Asturias - Diario de actualidad y noticias","description":"Hemeroteca","inLanguage":"es-ES","publisher":{"@id":"https:\/\/www.eldigitaldeasturias.com\/noticias\/#organization"}}]},"og:locale":"es_ES","og:site_name":"El Digital de Asturias","og:type":"article","og:title":"Garc\u00eda Tejerina ha visitado Do\u00f1ana - El Digital de Asturias","og:description":"La ministra de Agricultura y Pesca, Alimentaci\u00f3n y Medio Ambiente, Isabel Garc\u00eda Tejerina, ha visitado los trabajos de restauraci\u00f3n forestal que el Ministerio est\u00e1 realizando en el Espacio Natural Protegido de Do\u00f1ana tras el incendio declarado el pasado 24 de junio y que tambi\u00e9n afect\u00f3 a zonas lim\u00edtrofes como el Paraje Natural Laguna de Palos","og:url":"https:\/\/www.eldigitaldeasturias.com\/noticias\/garcia-tejerina-ha-visitado-donana\/","article:tag":["actualidad"],"article:published_time":"2017-11-21T03:50:18+00:00","article:modified_time":"2017-11-21T03:50:18+00:00","article:publisher":"https:\/\/facebook.com\/eldigitaldeasturias","twitter:card":"summary_large_image","twitter:title":"Garc\u00eda Tejerina ha visitado Do\u00f1ana - El Digital de Asturias","twitter:description":"La ministra de Agricultura y Pesca, Alimentaci\u00f3n y Medio Ambiente, Isabel Garc\u00eda Tejerina, ha visitado los trabajos de restauraci\u00f3n forestal que el Ministerio est\u00e1 realizando en el Espacio Natural Protegido de Do\u00f1ana tras el incendio declarado el pasado 24 de junio y que tambi\u00e9n afect\u00f3 a zonas lim\u00edtrofes como el Paraje Natural Laguna de Palos","twitter:image":"https:\/\/www.eldigitaldeasturias.com\/noticias\/wp-content\/uploads\/2020\/12\/EDA-1.jpg","twitter:label1":"Escrito por","twitter:data1":"El Digital de Asturias","twitter:label2":"Tiempo de lectura estimado","twitter:data2":"3 minutos"},"aioseo_meta_data":{"post_id":"960632","title":null,"description":null,"keywords":null,"keyphrases":null,"primary_term":null,"canonical_url":null,"og_title":null,"og_description":null,"og_object_type":"default","og_image_type":"default","og_image_url":null,"og_image_width":null,"og_image_height":null,"og_image_custom_url":null,"og_image_custom_fields":null,"og_video":null,"og_custom_url":null,"og_article_section":null,"og_article_tags":null,"twitter_use_og":false,"twitter_card":"default","twitter_image_type":"default","twitter_image_url":null,"twitter_image_custom_url":null,"twitter_image_custom_fields":null,"twitter_title":null,"twitter_description":null,"schema":{"blockGraphs":[],"customGraphs":[],"default":{"data":{"Article":[],"Course":[],"Dataset":[],"FAQPage":[],"Movie":[],"Person":[],"Product":[],"ProductReview":[],"Car":[],"Recipe":[],"Service":[],"SoftwareApplication":[],"WebPage":[]},"graphName":"","isEnabled":true},"graphs":[],"defaultGraph":"","defaultPostTypeGraph":""},"schema_type":null,"schema_type_options":null,"pillar_content":false,"robots_default":true,"robots_noindex":false,"robots_noarchive":false,"robots_nosnippet":false,"robots_nofollow":false,"robots_noimageindex":false,"robots_noodp":false,"robots_notranslate":false,"robots_max_snippet":null,"robots_max_videopreview":null,"robots_max_imagepreview":"large","priority":null,"frequency":null,"local_seo":null,"seo_analyzer_scan_date":"2025-12-07 06:01:14","breadcrumb_settings":null,"limit_modified_date":false,"open_ai":null,"ai":null,"created":"2020-12-21 12:51:38","updated":"2025-12-07 06:01:14","focus_keyword":null,"additional_keywords":null,"truseo_locale":null},"aioseo_breadcrumb":"<div class=\"aioseo-breadcrumbs\"><span class=\"aioseo-breadcrumb\">\n\t<a href=\"https:\/\/www.eldigitaldeasturias.com\/noticias\" title=\"Home\">Home<\/a>\n<\/span><span class=\"aioseo-breadcrumb-separator\">\u2013<\/span><span class=\"aioseo-breadcrumb\">\n\t<a href=\"https:\/\/www.eldigitaldeasturias.com\/noticias\/category\/actualidad\/\" title=\"Actualidad\">Actualidad<\/a>\n<\/span><span class=\"aioseo-breadcrumb-separator\">\u2013<\/span><span class=\"aioseo-breadcrumb\">\n\t<a href=\"https:\/\/www.eldigitaldeasturias.com\/noticias\/garcia-tejerina-ha-visitado-donana\/\" title=\"Garc\u00eda Tejerina ha visitado Do\u00f1ana\">Garc\u00eda Tejerina ha visitado Do\u00f1ana<\/a>\n<\/span><\/div>","aioseo_breadcrumb_json":[{"label":"Home","link":"https:\/\/www.eldigitaldeasturias.com\/noticias"},{"label":"Actualidad","link":"https:\/\/www.eldigitaldeasturias.com\/noticias\/category\/actualidad\/"},{"label":"Garc\u00eda Tejerina ha visitado Do\u00f1ana","link":"https:\/\/www.eldigitaldeasturias.com\/noticias\/garcia-tejerina-ha-visitado-donana\/"}],"_links":{"self":[{"href":"https:\/\/www.eldigitaldeasturias.com\/noticias\/wp-json\/wp\/v2\/posts\/960632","targetHints":{"allow":["GET"]}}],"collection":[{"href":"https:\/\/www.eldigitaldeasturias.com\/noticias\/wp-json\/wp\/v2\/posts"}],"about":[{"href":"https:\/\/www.eldigitaldeasturias.com\/noticias\/wp-json\/wp\/v2\/types\/post"}],"author":[{"embeddable":true,"href":"https:\/\/www.eldigitaldeasturias.com\/noticias\/wp-json\/wp\/v2\/users\/1"}],"replies":[{"embeddable":true,"href":"https:\/\/www.eldigitaldeasturias.com\/noticias\/wp-json\/wp\/v2\/comments?post=960632"}],"version-history":[{"count":0,"href":"https:\/\/www.eldigitaldeasturias.com\/noticias\/wp-json\/wp\/v2\/posts\/960632\/revisions"}],"wp:attachment":[{"href":"https:\/\/www.eldigitaldeasturias.com\/noticias\/wp-json\/wp\/v2\/media?parent=960632"}],"wp:term":[{"taxonomy":"category","embeddable":true,"href":"https:\/\/www.eldigitaldeasturias.com\/noticias\/wp-json\/wp\/v2\/categories?post=960632"},{"taxonomy":"post_tag","embeddable":true,"href":"https:\/\/www.eldigitaldeasturias.com\/noticias\/wp-json\/wp\/v2\/tags?post=960632"}],"curies":[{"name":"wp","href":"https:\/\/api.w.org\/{rel}","templated":true}]}}