{"id":960630,"date":"2017-11-21T03:47:59","date_gmt":"2017-11-21T03:47:59","guid":{"rendered":"http:\/\/www.eldigitaldeasturias.com\/noticias\/?p=960630"},"modified":"2017-11-21T03:47:59","modified_gmt":"2017-11-21T03:47:59","slug":"gomez-pomar-se-ha-reunido-con-fedetaxi","status":"publish","type":"post","link":"https:\/\/www.eldigitaldeasturias.com\/noticias\/gomez-pomar-se-ha-reunido-con-fedetaxi\/","title":{"rendered":"G\u00f3mez-Pomar se ha reunido con Fedetaxi"},"content":{"rendered":"<p><img loading=\"lazy\" decoding=\"async\" class=\"alignleft size-medium wp-image-803408\" src=\"https:\/\/www.eldigitaldeasturias.com\/noticias\/wp-content\/uploads\/2015\/08\/taxi-360x228.jpg\" alt=\"\" width=\"360\" height=\"228\" srcset=\"https:\/\/www.eldigitaldeasturias.com\/noticias\/wp-content\/uploads\/2015\/08\/taxi-360x228.jpg 360w, https:\/\/www.eldigitaldeasturias.com\/noticias\/wp-content\/uploads\/2015\/08\/taxi-768x487.jpg 768w, https:\/\/www.eldigitaldeasturias.com\/noticias\/wp-content\/uploads\/2015\/08\/taxi-650x412.jpg 650w, https:\/\/www.eldigitaldeasturias.com\/noticias\/wp-content\/uploads\/2015\/08\/taxi-269x170.jpg 269w, https:\/\/www.eldigitaldeasturias.com\/noticias\/wp-content\/uploads\/2015\/08\/taxi.jpg 800w\" sizes=\"auto, (max-width: 360px) 100vw, 360px\" \/>El secretario de Estado de Infraestructuras, Transportes y Vivienda, Julio G\u00f3mez-Pomar, se ha reunido con Fedetaxi, asociaci\u00f3n mayoritaria del sector. En la reuni\u00f3n se ha analizado el desarrollo de las medidas previstas para mejorar la situaci\u00f3n en el sector y asegurar su convivencia ordenada con el del alquiler de veh\u00edculos con conductor (VTC), as\u00ed como el impacto de las recientes sentencias judiciales que est\u00e1n otorgando nuevas autorizaciones VTC aunque se est\u00e9 superando el ratio del 1\/30.<\/p>\n<p>Aun siendo conscientes ambas partes de que las recientes sentencias son consecuencia del vac\u00edo legal que se produjo tras la aprobaci\u00f3n en 2009 por parte del Gobierno de la Ley \u00d3mnibus, con objeto de frenar su impacto en el sector se ha acordado un nuevo impulso a las medidas de mejora del sector del taxi y de control del cumplimiento normativo de las VTC.<\/p>\n<p>As\u00ed, se elevar\u00e1 pr\u00f3ximamente a Consejo de Ministros el proyecto de Real Decreto, que en estos momentos se encuentra pendiente del dictamen del Consejo de Estado, que impedir\u00e1 las pr\u00e1cticas especulativas de aquellos que han solicitado licencias de VTC con objeto de lucrarse con su inmediata reventa.<\/p>\n<p>Dicho Real Decreto tambi\u00e9n incluir\u00e1 la creaci\u00f3n de un registro \u00fanico a nivel estatal, cuesti\u00f3n que ha sido introducida tras la fase de audiencia p\u00fablica, al que deber\u00e1n comunicarse los servicios de VTC con car\u00e1cter previo a su realizaci\u00f3n, de forma que se facilite el control del cumplimiento del requisito de la contrataci\u00f3n previa del servicio y la prohibici\u00f3n de captar viajeros circulando por las v\u00edas p\u00fablicas, as\u00ed como controlar de manera m\u00e1s eficaz la obligaci\u00f3n de realizar de manera habitual (en un 80%) los servicios de VTC en el territorio de la comunidad aut\u00f3noma que otorg\u00f3 la autorizaci\u00f3n.<\/p>\n<p>Por otro lado, G\u00f3mez-Pomar ha confirmado que la inspecci\u00f3n y control continuar\u00e1 siendo un objetivo principal del Plan Nacional de Inspecci\u00f3n del Transporte por Carretera de los pr\u00f3ximos a\u00f1os, acordado con las comunidades aut\u00f3nomas, que ser\u00e1 reforzado para luchar contra el fraude e intrusismo en la prestaci\u00f3n de este tipo de servicios, impulsando el control del cumplimiento de los requisitos para ejercer la actividad en los nuevos operadores que obtengan las autorizaciones por la v\u00eda de la sentencia judicial.<\/p>\n<p>Tambi\u00e9n se ha recordado que la Administraci\u00f3n General del Estado se ha personado en los procedimientos judiciales activos relativos al vac\u00edo legal creado por la Ley \u00d3mnibus con el objetivo de evitar la concesi\u00f3n de nuevas licencias VTC por esta v\u00eda, y que defender\u00e1 el actual marco normativo ante el contencioso abierto por la CNMC, con objeto de mantener la prohibici\u00f3n de concesi\u00f3n de nuevas autorizaciones de VTC por estar superado el l\u00edmite del 1\/30.<\/p>\n<p>Asimismo, se ha acordado continuar con la l\u00ednea de comunicaci\u00f3n y colaboraci\u00f3n que se viene manteniendo entre el Ministerio de Fomento y Fedetaxi, a los que une el objetivo de lograr una mejora continua del sector del taxi, esencial para la movilidad de las ciudades y que desempe\u00f1a un papel fundamental.<\/p>\n","protected":false},"excerpt":{"rendered":"<p>El secretario de Estado de Infraestructuras, Transportes y Vivienda, Julio G\u00f3mez-Pomar, se ha reunido con Fedetaxi, asociaci\u00f3n mayoritaria del sector. En la reuni\u00f3n se ha analizado el desarrollo de las medidas previstas para mejorar la situaci\u00f3n en el sector y asegurar su convivencia ordenada con el del alquiler de veh\u00edculos con conductor (VTC), as\u00ed como [&hellip;]<\/p>\n","protected":false},"author":1,"featured_media":803408,"comment_status":"closed","ping_status":"closed","sticky":false,"template":"","format":"standard","meta":{"footnotes":""},"categories":[187],"tags":[],"class_list":["post-960630","post","type-post","status-publish","format-standard","has-post-thumbnail","hentry","category-economia"],"aioseo_notices":[],"aioseo_head":"\n\t\t<!-- All in One SEO Pro 4.9.6.2 - aioseo.com -->\n\t<meta name=\"description\" content=\"El secretario de Estado de Infraestructuras, Transportes y Vivienda, Julio G\u00f3mez-Pomar, se ha reunido con Fedetaxi, asociaci\u00f3n mayoritaria del sector. En la reuni\u00f3n se ha analizado el desarrollo de las medidas previstas para mejorar la situaci\u00f3n en el sector y asegurar su convivencia ordenada con el del alquiler de veh\u00edculos con conductor (VTC), as\u00ed como\" \/>\n\t<meta name=\"robots\" content=\"max-image-preview:large\" \/>\n\t<meta name=\"author\" content=\"El Digital de Asturias\"\/>\n\t<meta name=\"google-site-verification\" content=\"UA-38556648-1\" \/>\n\t<meta name=\"msvalidate.01\" content=\"7dfe9f3f1b24437ab69f4f2559babe99\" \/>\n\t<meta name=\"keywords\" content=\"econom\u00eda\" \/>\n\t<link rel=\"canonical\" href=\"https:\/\/www.eldigitaldeasturias.com\/noticias\/gomez-pomar-se-ha-reunido-con-fedetaxi\/\" \/>\n\t<meta name=\"generator\" content=\"All in One SEO Pro (AIOSEO) 4.9.6.2\" \/>\n\t\t<meta property=\"og:locale\" content=\"es_ES\" \/>\n\t\t<meta property=\"og:site_name\" content=\"El Digital de Asturias\" \/>\n\t\t<meta property=\"og:type\" content=\"article\" \/>\n\t\t<meta property=\"og:title\" content=\"G\u00f3mez-Pomar se ha reunido con Fedetaxi - El Digital de Asturias\" \/>\n\t\t<meta property=\"og:description\" content=\"El secretario de Estado de Infraestructuras, Transportes y Vivienda, Julio G\u00f3mez-Pomar, se ha reunido con Fedetaxi, asociaci\u00f3n mayoritaria del sector. En la reuni\u00f3n se ha analizado el desarrollo de las medidas previstas para mejorar la situaci\u00f3n en el sector y asegurar su convivencia ordenada con el del alquiler de veh\u00edculos con conductor (VTC), as\u00ed como\" \/>\n\t\t<meta property=\"og:url\" content=\"https:\/\/www.eldigitaldeasturias.com\/noticias\/gomez-pomar-se-ha-reunido-con-fedetaxi\/\" \/>\n\t\t<meta property=\"og:image\" content=\"https:\/\/www.eldigitaldeasturias.com\/noticias\/wp-content\/uploads\/2015\/08\/taxi.jpg\" \/>\n\t\t<meta property=\"og:image:secure_url\" content=\"https:\/\/www.eldigitaldeasturias.com\/noticias\/wp-content\/uploads\/2015\/08\/taxi.jpg\" \/>\n\t\t<meta property=\"og:image:width\" content=\"800\" \/>\n\t\t<meta property=\"og:image:height\" content=\"507\" \/>\n\t\t<meta property=\"article:tag\" content=\"econom\u00eda\" \/>\n\t\t<meta property=\"article:published_time\" content=\"2017-11-21T03:47:59+00:00\" \/>\n\t\t<meta property=\"article:modified_time\" content=\"2017-11-21T03:47:59+00:00\" \/>\n\t\t<meta property=\"article:publisher\" content=\"https:\/\/facebook.com\/eldigitaldeasturias\" \/>\n\t\t<meta name=\"twitter:card\" content=\"summary_large_image\" \/>\n\t\t<meta name=\"twitter:title\" content=\"G\u00f3mez-Pomar se ha reunido con Fedetaxi - El Digital de Asturias\" \/>\n\t\t<meta name=\"twitter:description\" content=\"El secretario de Estado de Infraestructuras, Transportes y Vivienda, Julio G\u00f3mez-Pomar, se ha reunido con Fedetaxi, asociaci\u00f3n mayoritaria del sector. En la reuni\u00f3n se ha analizado el desarrollo de las medidas previstas para mejorar la situaci\u00f3n en el sector y asegurar su convivencia ordenada con el del alquiler de veh\u00edculos con conductor (VTC), as\u00ed como\" \/>\n\t\t<meta name=\"twitter:image\" content=\"https:\/\/www.eldigitaldeasturias.com\/noticias\/wp-content\/uploads\/2015\/08\/taxi.jpg\" \/>\n\t\t<meta name=\"twitter:label1\" content=\"Escrito por\" \/>\n\t\t<meta name=\"twitter:data1\" content=\"El Digital de Asturias\" \/>\n\t\t<meta name=\"twitter:label2\" content=\"Tiempo de lectura estimado\" \/>\n\t\t<meta name=\"twitter:data2\" content=\"3 minutos\" \/>\n\t\t<script type=\"application\/ld+json\" class=\"aioseo-schema\">\n\t\t\t{\"@context\":\"https:\\\/\\\/schema.org\",\"@graph\":[{\"@type\":\"BlogPosting\",\"@id\":\"https:\\\/\\\/www.eldigitaldeasturias.com\\\/noticias\\\/gomez-pomar-se-ha-reunido-con-fedetaxi\\\/#blogposting\",\"name\":\"G\\u00f3mez-Pomar se ha reunido con Fedetaxi - El Digital de Asturias\",\"headline\":\"G\\u00f3mez-Pomar se ha reunido con Fedetaxi\",\"author\":{\"@id\":\"https:\\\/\\\/www.eldigitaldeasturias.com\\\/noticias\\\/author\\\/admin\\\/#author\"},\"publisher\":{\"@id\":\"https:\\\/\\\/www.eldigitaldeasturias.com\\\/noticias\\\/#organization\"},\"image\":{\"@type\":\"ImageObject\",\"url\":\"https:\\\/\\\/www.eldigitaldeasturias.com\\\/noticias\\\/wp-content\\\/uploads\\\/2015\\\/08\\\/taxi.jpg\",\"width\":800,\"height\":507},\"datePublished\":\"2017-11-21T03:47:59+01:00\",\"dateModified\":\"2017-11-21T03:47:59+01:00\",\"inLanguage\":\"es-ES\",\"mainEntityOfPage\":{\"@id\":\"https:\\\/\\\/www.eldigitaldeasturias.com\\\/noticias\\\/gomez-pomar-se-ha-reunido-con-fedetaxi\\\/#webpage\"},\"isPartOf\":{\"@id\":\"https:\\\/\\\/www.eldigitaldeasturias.com\\\/noticias\\\/gomez-pomar-se-ha-reunido-con-fedetaxi\\\/#webpage\"},\"articleSection\":\"Econom\\u00eda\"},{\"@type\":\"BreadcrumbList\",\"@id\":\"https:\\\/\\\/www.eldigitaldeasturias.com\\\/noticias\\\/gomez-pomar-se-ha-reunido-con-fedetaxi\\\/#breadcrumblist\",\"itemListElement\":[{\"@type\":\"ListItem\",\"@id\":\"https:\\\/\\\/www.eldigitaldeasturias.com\\\/noticias#listItem\",\"position\":1,\"name\":\"Home\",\"item\":\"https:\\\/\\\/www.eldigitaldeasturias.com\\\/noticias\",\"nextItem\":{\"@type\":\"ListItem\",\"@id\":\"https:\\\/\\\/www.eldigitaldeasturias.com\\\/noticias\\\/category\\\/economia\\\/#listItem\",\"name\":\"Econom\\u00eda\"}},{\"@type\":\"ListItem\",\"@id\":\"https:\\\/\\\/www.eldigitaldeasturias.com\\\/noticias\\\/category\\\/economia\\\/#listItem\",\"position\":2,\"name\":\"Econom\\u00eda\",\"item\":\"https:\\\/\\\/www.eldigitaldeasturias.com\\\/noticias\\\/category\\\/economia\\\/\",\"nextItem\":{\"@type\":\"ListItem\",\"@id\":\"https:\\\/\\\/www.eldigitaldeasturias.com\\\/noticias\\\/gomez-pomar-se-ha-reunido-con-fedetaxi\\\/#listItem\",\"name\":\"G\\u00f3mez-Pomar se ha reunido con Fedetaxi\"},\"previousItem\":{\"@type\":\"ListItem\",\"@id\":\"https:\\\/\\\/www.eldigitaldeasturias.com\\\/noticias#listItem\",\"name\":\"Home\"}},{\"@type\":\"ListItem\",\"@id\":\"https:\\\/\\\/www.eldigitaldeasturias.com\\\/noticias\\\/gomez-pomar-se-ha-reunido-con-fedetaxi\\\/#listItem\",\"position\":3,\"name\":\"G\\u00f3mez-Pomar se ha reunido con Fedetaxi\",\"previousItem\":{\"@type\":\"ListItem\",\"@id\":\"https:\\\/\\\/www.eldigitaldeasturias.com\\\/noticias\\\/category\\\/economia\\\/#listItem\",\"name\":\"Econom\\u00eda\"}}]},{\"@type\":\"Organization\",\"@id\":\"https:\\\/\\\/www.eldigitaldeasturias.com\\\/noticias\\\/#organization\",\"name\":\"El Digital de Asturias\",\"description\":\"Hemeroteca\",\"url\":\"https:\\\/\\\/www.eldigitaldeasturias.com\\\/noticias\\\/\",\"email\":\"info@eldigitaldeasturias.com\",\"telephone\":\"+34652131393\",\"logo\":{\"@type\":\"ImageObject\",\"url\":\"https:\\\/\\\/www.eldigitaldeasturias.com\\\/noticias\\\/wp-content\\\/uploads\\\/2020\\\/12\\\/EDA.jpg\",\"@id\":\"https:\\\/\\\/www.eldigitaldeasturias.com\\\/noticias\\\/gomez-pomar-se-ha-reunido-con-fedetaxi\\\/#organizationLogo\",\"width\":649,\"height\":297},\"image\":{\"@id\":\"https:\\\/\\\/www.eldigitaldeasturias.com\\\/noticias\\\/gomez-pomar-se-ha-reunido-con-fedetaxi\\\/#organizationLogo\"},\"sameAs\":[\"https:\\\/\\\/facebook.com\\\/eldigitaldeasturias\",\"https:\\\/\\\/www.youtube.com\\\/channel\\\/UCZP-2wLEB9Rv6erhFmqVnvg\"],\"address\":{\"@id\":\"https:\\\/\\\/www.eldigitaldeasturias.com\\\/noticias\\\/#postaladdress\",\"@type\":\"PostalAddress\",\"streetAddress\":\"san antonio 4,\",\"postalCode\":\"33430\",\"addressLocality\":\"Cand\\u00e1s\",\"addressRegion\":\"Asturias\",\"addressCountry\":\"ES\"}},{\"@type\":\"Person\",\"@id\":\"https:\\\/\\\/www.eldigitaldeasturias.com\\\/noticias\\\/author\\\/admin\\\/#author\",\"url\":\"https:\\\/\\\/www.eldigitaldeasturias.com\\\/noticias\\\/author\\\/admin\\\/\",\"name\":\"El Digital de Asturias\",\"image\":{\"@type\":\"ImageObject\",\"@id\":\"https:\\\/\\\/www.eldigitaldeasturias.com\\\/noticias\\\/gomez-pomar-se-ha-reunido-con-fedetaxi\\\/#authorImage\",\"url\":\"https:\\\/\\\/www.eldigitaldeasturias.com\\\/noticias\\\/wp-content\\\/litespeed\\\/avatar\\\/18677e78aa0546b92d9dbf31ec7d7668.jpg?ver=1776685526\",\"width\":96,\"height\":96,\"caption\":\"El Digital de Asturias\"}},{\"@type\":\"WebPage\",\"@id\":\"https:\\\/\\\/www.eldigitaldeasturias.com\\\/noticias\\\/gomez-pomar-se-ha-reunido-con-fedetaxi\\\/#webpage\",\"url\":\"https:\\\/\\\/www.eldigitaldeasturias.com\\\/noticias\\\/gomez-pomar-se-ha-reunido-con-fedetaxi\\\/\",\"name\":\"G\\u00f3mez-Pomar se ha reunido con Fedetaxi - El Digital de Asturias\",\"description\":\"El secretario de Estado de Infraestructuras, Transportes y Vivienda, Julio G\\u00f3mez-Pomar, se ha reunido con Fedetaxi, asociaci\\u00f3n mayoritaria del sector. En la reuni\\u00f3n se ha analizado el desarrollo de las medidas previstas para mejorar la situaci\\u00f3n en el sector y asegurar su convivencia ordenada con el del alquiler de veh\\u00edculos con conductor (VTC), as\\u00ed como\",\"inLanguage\":\"es-ES\",\"isPartOf\":{\"@id\":\"https:\\\/\\\/www.eldigitaldeasturias.com\\\/noticias\\\/#website\"},\"breadcrumb\":{\"@id\":\"https:\\\/\\\/www.eldigitaldeasturias.com\\\/noticias\\\/gomez-pomar-se-ha-reunido-con-fedetaxi\\\/#breadcrumblist\"},\"author\":{\"@id\":\"https:\\\/\\\/www.eldigitaldeasturias.com\\\/noticias\\\/author\\\/admin\\\/#author\"},\"creator\":{\"@id\":\"https:\\\/\\\/www.eldigitaldeasturias.com\\\/noticias\\\/author\\\/admin\\\/#author\"},\"image\":{\"@type\":\"ImageObject\",\"url\":\"https:\\\/\\\/www.eldigitaldeasturias.com\\\/noticias\\\/wp-content\\\/uploads\\\/2015\\\/08\\\/taxi.jpg\",\"@id\":\"https:\\\/\\\/www.eldigitaldeasturias.com\\\/noticias\\\/gomez-pomar-se-ha-reunido-con-fedetaxi\\\/#mainImage\",\"width\":800,\"height\":507},\"primaryImageOfPage\":{\"@id\":\"https:\\\/\\\/www.eldigitaldeasturias.com\\\/noticias\\\/gomez-pomar-se-ha-reunido-con-fedetaxi\\\/#mainImage\"},\"datePublished\":\"2017-11-21T03:47:59+01:00\",\"dateModified\":\"2017-11-21T03:47:59+01:00\"},{\"@type\":\"WebSite\",\"@id\":\"https:\\\/\\\/www.eldigitaldeasturias.com\\\/noticias\\\/#website\",\"url\":\"https:\\\/\\\/www.eldigitaldeasturias.com\\\/noticias\\\/\",\"name\":\"El Digital de Asturias - Diario de actualidad y noticias\",\"alternateName\":\"El Digital de Asturias - Diario de actualidad y noticias\",\"description\":\"Hemeroteca\",\"inLanguage\":\"es-ES\",\"publisher\":{\"@id\":\"https:\\\/\\\/www.eldigitaldeasturias.com\\\/noticias\\\/#organization\"}}]}\n\t\t<\/script>\n\t\t<!-- All in One SEO Pro -->\r\n\t\t<title>G\u00f3mez-Pomar se ha reunido con Fedetaxi - El Digital de Asturias<\/title>\n\n","aioseo_head_json":{"title":"G\u00f3mez-Pomar se ha reunido con Fedetaxi - El Digital de Asturias","description":"El secretario de Estado de Infraestructuras, Transportes y Vivienda, Julio G\u00f3mez-Pomar, se ha reunido con Fedetaxi, asociaci\u00f3n mayoritaria del sector. En la reuni\u00f3n se ha analizado el desarrollo de las medidas previstas para mejorar la situaci\u00f3n en el sector y asegurar su convivencia ordenada con el del alquiler de veh\u00edculos con conductor (VTC), as\u00ed como","canonical_url":"https:\/\/www.eldigitaldeasturias.com\/noticias\/gomez-pomar-se-ha-reunido-con-fedetaxi\/","robots":"max-image-preview:large","keywords":"econom\u00eda","webmasterTools":{"google-site-verification":"UA-38556648-1","msvalidate.01":"7dfe9f3f1b24437ab69f4f2559babe99","miscellaneous":""},"schema":{"@context":"https:\/\/schema.org","@graph":[{"@type":"BlogPosting","@id":"https:\/\/www.eldigitaldeasturias.com\/noticias\/gomez-pomar-se-ha-reunido-con-fedetaxi\/#blogposting","name":"G\u00f3mez-Pomar se ha reunido con Fedetaxi - El Digital de Asturias","headline":"G\u00f3mez-Pomar se ha reunido con Fedetaxi","author":{"@id":"https:\/\/www.eldigitaldeasturias.com\/noticias\/author\/admin\/#author"},"publisher":{"@id":"https:\/\/www.eldigitaldeasturias.com\/noticias\/#organization"},"image":{"@type":"ImageObject","url":"https:\/\/www.eldigitaldeasturias.com\/noticias\/wp-content\/uploads\/2015\/08\/taxi.jpg","width":800,"height":507},"datePublished":"2017-11-21T03:47:59+01:00","dateModified":"2017-11-21T03:47:59+01:00","inLanguage":"es-ES","mainEntityOfPage":{"@id":"https:\/\/www.eldigitaldeasturias.com\/noticias\/gomez-pomar-se-ha-reunido-con-fedetaxi\/#webpage"},"isPartOf":{"@id":"https:\/\/www.eldigitaldeasturias.com\/noticias\/gomez-pomar-se-ha-reunido-con-fedetaxi\/#webpage"},"articleSection":"Econom\u00eda"},{"@type":"BreadcrumbList","@id":"https:\/\/www.eldigitaldeasturias.com\/noticias\/gomez-pomar-se-ha-reunido-con-fedetaxi\/#breadcrumblist","itemListElement":[{"@type":"ListItem","@id":"https:\/\/www.eldigitaldeasturias.com\/noticias#listItem","position":1,"name":"Home","item":"https:\/\/www.eldigitaldeasturias.com\/noticias","nextItem":{"@type":"ListItem","@id":"https:\/\/www.eldigitaldeasturias.com\/noticias\/category\/economia\/#listItem","name":"Econom\u00eda"}},{"@type":"ListItem","@id":"https:\/\/www.eldigitaldeasturias.com\/noticias\/category\/economia\/#listItem","position":2,"name":"Econom\u00eda","item":"https:\/\/www.eldigitaldeasturias.com\/noticias\/category\/economia\/","nextItem":{"@type":"ListItem","@id":"https:\/\/www.eldigitaldeasturias.com\/noticias\/gomez-pomar-se-ha-reunido-con-fedetaxi\/#listItem","name":"G\u00f3mez-Pomar se ha reunido con Fedetaxi"},"previousItem":{"@type":"ListItem","@id":"https:\/\/www.eldigitaldeasturias.com\/noticias#listItem","name":"Home"}},{"@type":"ListItem","@id":"https:\/\/www.eldigitaldeasturias.com\/noticias\/gomez-pomar-se-ha-reunido-con-fedetaxi\/#listItem","position":3,"name":"G\u00f3mez-Pomar se ha reunido con Fedetaxi","previousItem":{"@type":"ListItem","@id":"https:\/\/www.eldigitaldeasturias.com\/noticias\/category\/economia\/#listItem","name":"Econom\u00eda"}}]},{"@type":"Organization","@id":"https:\/\/www.eldigitaldeasturias.com\/noticias\/#organization","name":"El Digital de Asturias","description":"Hemeroteca","url":"https:\/\/www.eldigitaldeasturias.com\/noticias\/","email":"info@eldigitaldeasturias.com","telephone":"+34652131393","logo":{"@type":"ImageObject","url":"https:\/\/www.eldigitaldeasturias.com\/noticias\/wp-content\/uploads\/2020\/12\/EDA.jpg","@id":"https:\/\/www.eldigitaldeasturias.com\/noticias\/gomez-pomar-se-ha-reunido-con-fedetaxi\/#organizationLogo","width":649,"height":297},"image":{"@id":"https:\/\/www.eldigitaldeasturias.com\/noticias\/gomez-pomar-se-ha-reunido-con-fedetaxi\/#organizationLogo"},"sameAs":["https:\/\/facebook.com\/eldigitaldeasturias","https:\/\/www.youtube.com\/channel\/UCZP-2wLEB9Rv6erhFmqVnvg"],"address":{"@id":"https:\/\/www.eldigitaldeasturias.com\/noticias\/#postaladdress","@type":"PostalAddress","streetAddress":"san antonio 4,","postalCode":"33430","addressLocality":"Cand\u00e1s","addressRegion":"Asturias","addressCountry":"ES"}},{"@type":"Person","@id":"https:\/\/www.eldigitaldeasturias.com\/noticias\/author\/admin\/#author","url":"https:\/\/www.eldigitaldeasturias.com\/noticias\/author\/admin\/","name":"El Digital de Asturias","image":{"@type":"ImageObject","@id":"https:\/\/www.eldigitaldeasturias.com\/noticias\/gomez-pomar-se-ha-reunido-con-fedetaxi\/#authorImage","url":"https:\/\/www.eldigitaldeasturias.com\/noticias\/wp-content\/litespeed\/avatar\/18677e78aa0546b92d9dbf31ec7d7668.jpg?ver=1776685526","width":96,"height":96,"caption":"El Digital de Asturias"}},{"@type":"WebPage","@id":"https:\/\/www.eldigitaldeasturias.com\/noticias\/gomez-pomar-se-ha-reunido-con-fedetaxi\/#webpage","url":"https:\/\/www.eldigitaldeasturias.com\/noticias\/gomez-pomar-se-ha-reunido-con-fedetaxi\/","name":"G\u00f3mez-Pomar se ha reunido con Fedetaxi - El Digital de Asturias","description":"El secretario de Estado de Infraestructuras, Transportes y Vivienda, Julio G\u00f3mez-Pomar, se ha reunido con Fedetaxi, asociaci\u00f3n mayoritaria del sector. En la reuni\u00f3n se ha analizado el desarrollo de las medidas previstas para mejorar la situaci\u00f3n en el sector y asegurar su convivencia ordenada con el del alquiler de veh\u00edculos con conductor (VTC), as\u00ed como","inLanguage":"es-ES","isPartOf":{"@id":"https:\/\/www.eldigitaldeasturias.com\/noticias\/#website"},"breadcrumb":{"@id":"https:\/\/www.eldigitaldeasturias.com\/noticias\/gomez-pomar-se-ha-reunido-con-fedetaxi\/#breadcrumblist"},"author":{"@id":"https:\/\/www.eldigitaldeasturias.com\/noticias\/author\/admin\/#author"},"creator":{"@id":"https:\/\/www.eldigitaldeasturias.com\/noticias\/author\/admin\/#author"},"image":{"@type":"ImageObject","url":"https:\/\/www.eldigitaldeasturias.com\/noticias\/wp-content\/uploads\/2015\/08\/taxi.jpg","@id":"https:\/\/www.eldigitaldeasturias.com\/noticias\/gomez-pomar-se-ha-reunido-con-fedetaxi\/#mainImage","width":800,"height":507},"primaryImageOfPage":{"@id":"https:\/\/www.eldigitaldeasturias.com\/noticias\/gomez-pomar-se-ha-reunido-con-fedetaxi\/#mainImage"},"datePublished":"2017-11-21T03:47:59+01:00","dateModified":"2017-11-21T03:47:59+01:00"},{"@type":"WebSite","@id":"https:\/\/www.eldigitaldeasturias.com\/noticias\/#website","url":"https:\/\/www.eldigitaldeasturias.com\/noticias\/","name":"El Digital de Asturias - Diario de actualidad y noticias","alternateName":"El Digital de Asturias - Diario de actualidad y noticias","description":"Hemeroteca","inLanguage":"es-ES","publisher":{"@id":"https:\/\/www.eldigitaldeasturias.com\/noticias\/#organization"}}]},"og:locale":"es_ES","og:site_name":"El Digital de Asturias","og:type":"article","og:title":"G\u00f3mez-Pomar se ha reunido con Fedetaxi - El Digital de Asturias","og:description":"El secretario de Estado de Infraestructuras, Transportes y Vivienda, Julio G\u00f3mez-Pomar, se ha reunido con Fedetaxi, asociaci\u00f3n mayoritaria del sector. En la reuni\u00f3n se ha analizado el desarrollo de las medidas previstas para mejorar la situaci\u00f3n en el sector y asegurar su convivencia ordenada con el del alquiler de veh\u00edculos con conductor (VTC), as\u00ed como","og:url":"https:\/\/www.eldigitaldeasturias.com\/noticias\/gomez-pomar-se-ha-reunido-con-fedetaxi\/","og:image":"https:\/\/www.eldigitaldeasturias.com\/noticias\/wp-content\/uploads\/2015\/08\/taxi.jpg","og:image:secure_url":"https:\/\/www.eldigitaldeasturias.com\/noticias\/wp-content\/uploads\/2015\/08\/taxi.jpg","og:image:width":800,"og:image:height":507,"article:tag":["econom\u00eda"],"article:published_time":"2017-11-21T03:47:59+00:00","article:modified_time":"2017-11-21T03:47:59+00:00","article:publisher":"https:\/\/facebook.com\/eldigitaldeasturias","twitter:card":"summary_large_image","twitter:title":"G\u00f3mez-Pomar se ha reunido con Fedetaxi - El Digital de Asturias","twitter:description":"El secretario de Estado de Infraestructuras, Transportes y Vivienda, Julio G\u00f3mez-Pomar, se ha reunido con Fedetaxi, asociaci\u00f3n mayoritaria del sector. En la reuni\u00f3n se ha analizado el desarrollo de las medidas previstas para mejorar la situaci\u00f3n en el sector y asegurar su convivencia ordenada con el del alquiler de veh\u00edculos con conductor (VTC), as\u00ed como","twitter:image":"https:\/\/www.eldigitaldeasturias.com\/noticias\/wp-content\/uploads\/2015\/08\/taxi.jpg","twitter:label1":"Escrito por","twitter:data1":"El Digital de Asturias","twitter:label2":"Tiempo de lectura estimado","twitter:data2":"3 minutos"},"aioseo_meta_data":{"post_id":"960630","title":null,"description":null,"keywords":null,"keyphrases":null,"primary_term":null,"canonical_url":null,"og_title":null,"og_description":null,"og_object_type":"default","og_image_type":"default","og_image_url":null,"og_image_width":null,"og_image_height":null,"og_image_custom_url":null,"og_image_custom_fields":null,"og_video":null,"og_custom_url":null,"og_article_section":null,"og_article_tags":null,"twitter_use_og":false,"twitter_card":"default","twitter_image_type":"default","twitter_image_url":null,"twitter_image_custom_url":null,"twitter_image_custom_fields":null,"twitter_title":null,"twitter_description":null,"schema":{"blockGraphs":[],"customGraphs":[],"default":{"data":{"Article":[],"Course":[],"Dataset":[],"FAQPage":[],"Movie":[],"Person":[],"Product":[],"ProductReview":[],"Car":[],"Recipe":[],"Service":[],"SoftwareApplication":[],"WebPage":[]},"graphName":"","isEnabled":true},"graphs":[],"defaultGraph":"","defaultPostTypeGraph":""},"schema_type":null,"schema_type_options":null,"pillar_content":false,"robots_default":true,"robots_noindex":false,"robots_noarchive":false,"robots_nosnippet":false,"robots_nofollow":false,"robots_noimageindex":false,"robots_noodp":false,"robots_notranslate":false,"robots_max_snippet":null,"robots_max_videopreview":null,"robots_max_imagepreview":"large","priority":null,"frequency":null,"local_seo":null,"seo_analyzer_scan_date":"2025-12-07 06:01:13","breadcrumb_settings":null,"limit_modified_date":false,"open_ai":null,"ai":null,"created":"2020-12-21 12:51:38","updated":"2025-12-07 06:01:13"},"aioseo_breadcrumb":"<div class=\"aioseo-breadcrumbs\"><span class=\"aioseo-breadcrumb\">\n\t<a href=\"https:\/\/www.eldigitaldeasturias.com\/noticias\" title=\"Home\">Home<\/a>\n<\/span><span class=\"aioseo-breadcrumb-separator\">\u2013<\/span><span class=\"aioseo-breadcrumb\">\n\t<a href=\"https:\/\/www.eldigitaldeasturias.com\/noticias\/category\/economia\/\" title=\"Econom\u00eda\">Econom\u00eda<\/a>\n<\/span><span class=\"aioseo-breadcrumb-separator\">\u2013<\/span><span class=\"aioseo-breadcrumb\">\n\t<a href=\"https:\/\/www.eldigitaldeasturias.com\/noticias\/gomez-pomar-se-ha-reunido-con-fedetaxi\/\" title=\"G\u00f3mez-Pomar se ha reunido con Fedetaxi\">G\u00f3mez-Pomar se ha reunido con Fedetaxi<\/a>\n<\/span><\/div>","aioseo_breadcrumb_json":[{"label":"Home","link":"https:\/\/www.eldigitaldeasturias.com\/noticias"},{"label":"Econom\u00eda","link":"https:\/\/www.eldigitaldeasturias.com\/noticias\/category\/economia\/"},{"label":"G\u00f3mez-Pomar se ha reunido con Fedetaxi","link":"https:\/\/www.eldigitaldeasturias.com\/noticias\/gomez-pomar-se-ha-reunido-con-fedetaxi\/"}],"_links":{"self":[{"href":"https:\/\/www.eldigitaldeasturias.com\/noticias\/wp-json\/wp\/v2\/posts\/960630","targetHints":{"allow":["GET"]}}],"collection":[{"href":"https:\/\/www.eldigitaldeasturias.com\/noticias\/wp-json\/wp\/v2\/posts"}],"about":[{"href":"https:\/\/www.eldigitaldeasturias.com\/noticias\/wp-json\/wp\/v2\/types\/post"}],"author":[{"embeddable":true,"href":"https:\/\/www.eldigitaldeasturias.com\/noticias\/wp-json\/wp\/v2\/users\/1"}],"replies":[{"embeddable":true,"href":"https:\/\/www.eldigitaldeasturias.com\/noticias\/wp-json\/wp\/v2\/comments?post=960630"}],"version-history":[{"count":0,"href":"https:\/\/www.eldigitaldeasturias.com\/noticias\/wp-json\/wp\/v2\/posts\/960630\/revisions"}],"wp:featuredmedia":[{"embeddable":true,"href":"https:\/\/www.eldigitaldeasturias.com\/noticias\/wp-json\/wp\/v2\/media\/803408"}],"wp:attachment":[{"href":"https:\/\/www.eldigitaldeasturias.com\/noticias\/wp-json\/wp\/v2\/media?parent=960630"}],"wp:term":[{"taxonomy":"category","embeddable":true,"href":"https:\/\/www.eldigitaldeasturias.com\/noticias\/wp-json\/wp\/v2\/categories?post=960630"},{"taxonomy":"post_tag","embeddable":true,"href":"https:\/\/www.eldigitaldeasturias.com\/noticias\/wp-json\/wp\/v2\/tags?post=960630"}],"curies":[{"name":"wp","href":"https:\/\/api.w.org\/{rel}","templated":true}]}}