{"id":960320,"date":"2017-11-18T07:45:25","date_gmt":"2017-11-18T07:45:25","guid":{"rendered":"http:\/\/www.eldigitaldeasturias.com\/noticias\/?p=960320"},"modified":"2017-11-18T07:45:48","modified_gmt":"2017-11-18T07:45:48","slug":"la-familia-de-henrique-capriles-obtiene-la-nacionalidad-espanola","status":"publish","type":"post","link":"https:\/\/www.eldigitaldeasturias.com\/noticias\/la-familia-de-henrique-capriles-obtiene-la-nacionalidad-espanola\/","title":{"rendered":"La familia de Henrique Capriles obtiene la nacionalidad espa\u00f1ola"},"content":{"rendered":"<p><img loading=\"lazy\" decoding=\"async\" class=\"alignleft size-medium wp-image-960321\" src=\"https:\/\/www.eldigitaldeasturias.com\/noticias\/wp-content\/uploads\/2017\/11\/17112017_Consejo02-360x239.jpg\" alt=\"\" width=\"360\" height=\"239\" \/>El Consejo de Ministros ha aprobado un Real Decreto por el que se concede la nacionalidad espa\u00f1ola por carta de naturaleza a los venezolanos Henrique Capriles Garc\u00eda y M\u00f3nica Cristina Radonski, padres del pol\u00edtico venezolano Henrique Capriles Radonski.<\/p>\n<p>Este \u00faltimo es uno de los l\u00edderes m\u00e1s destacados de la oposici\u00f3n venezolana y ha ocupado el cargo de gobernador del Estado de Miranda. Como miembro de uno de los partidos m\u00e1s influyentes en ese pa\u00eds, se ha presentado como candidato a las elecciones presidenciales en 2012 y 2013.<\/p>\n<p>El actual Gobierno de Venezuela le ha retirado el pasaporte, impidiendo, as\u00ed, su libre circulaci\u00f3n y existen temores fundados de que esta situaci\u00f3n pudiera extenderse a sus padres. Su protecci\u00f3n, a petici\u00f3n expresa del propio pol\u00edtico venezolano, constituye la raz\u00f3n excepcional que justifica esta concesi\u00f3n de nacionalidad por carta de naturaleza.<\/p>\n<p><strong>NACIONALIDAD ESPA\u00d1OLA A UN ATLETA CUBANO Y A UNA REGATISTA UCRANIANA<\/strong><\/p>\n<p>Adem\u00e1s, el Consejo de Ministros, ha aprobado dos Reales Decretos por los que se concede la nacionalidad espa\u00f1ola por carta de naturaleza al atleta cubano Yunier P\u00e9rez Romero y a la regatista de vela ucraniana Olha Maslivets, por su condici\u00f3n de deportistas de alto nivel y con gran potencial.<\/p>\n<p>En el caso de Yunier P\u00e9rez Romero, natural de La Habana, su integraci\u00f3n en nuestro pa\u00eds es absoluta, por cuanto reside en Espa\u00f1a desde hace varios a\u00f1os. Se trata de un corredor de pruebas de velocidad que ha alcanzado marcas de nivel internacional y se ha situado en quinto puesto en la clasificaci\u00f3n mundial de pista cubierta en la distancia de 60 metros lisos. La posibilidad de contar con P\u00e9rez Romero en la categor\u00eda absoluta de la selecci\u00f3n nacional de atletismo dentro de las pruebas de 60, 100 y 200 metros lisos, as\u00ed como en el relevo de los 4&#215;100 metros, supondr\u00eda una notable mejora para las posibilidades deportivas del equipo espa\u00f1ol.<\/p>\n<p>Por su parte, la ucraniana OlhaMaslivets es una regatista de gran experiencia que ya ha participado en cuatro Juegos Ol\u00edmpicos y ha alcanzado el cuarto puesto en la clase RS:X en Londres 2012. Dotada de gran fortaleza f\u00edsica y amplios conocimientos t\u00e1cticos, Maslivets es considerada por la Federaci\u00f3n Espa\u00f1ola de Vela como la tripulante ideal de uno de los mejores deportistas ol\u00edmpicos espa\u00f1oles en este deporte, Iker Mart\u00ednez. Su concurso conjunto en la clase Nacra 17, destinada a tripulaciones de car\u00e1cter mixto, otorgar\u00eda al equipo espa\u00f1ol grandes posibilidades para la clasificaci\u00f3n en los Juegos Ol\u00edmpicos de Tokio 2020.<\/p>\n<p><strong>Carta de naturaleza<\/strong><\/p>\n<p>La nacionalidad espa\u00f1ola se adquiere por carta de naturaleza, otorgada de forma discrecional mediante Real Decreto, cuando se estima que concurren en el interesado circunstancias excepcionales y despu\u00e9s de tramitar un expediente para cada caso particular, como ha ocurrido en estas resoluciones adoptadas hoy por el Gobierno.<\/p>\n<p>Posteriormente, el solicitante debe jurar o prometer fidelidad al Rey y obediencia a la Constituci\u00f3n y a las leyes y renunciar a su anterior nacionalidad, salvo los naturales de pa\u00edses iberoamericanos, Andorra, Filipinas, Guinea Ecuatorial, Portugal o los sefard\u00edes.<\/p>\n","protected":false},"excerpt":{"rendered":"<p>El Consejo de Ministros ha aprobado un Real Decreto por el que se concede la nacionalidad espa\u00f1ola por carta de naturaleza a los venezolanos Henrique Capriles Garc\u00eda y M\u00f3nica Cristina Radonski, padres del pol\u00edtico venezolano Henrique Capriles Radonski. Este \u00faltimo es uno de los l\u00edderes m\u00e1s destacados de la oposici\u00f3n venezolana y ha ocupado el [&hellip;]<\/p>\n","protected":false},"author":1,"featured_media":960321,"comment_status":"closed","ping_status":"closed","sticky":false,"template":"","format":"standard","meta":{"footnotes":""},"categories":[1],"tags":[],"class_list":["post-960320","post","type-post","status-publish","format-standard","has-post-thumbnail","hentry","category-actualidad"],"aioseo_notices":[],"aioseo_head":"\n\t\t<!-- All in One SEO Pro 5.0.1 - aioseo.com -->\n\t<meta name=\"description\" content=\"El Consejo de Ministros ha aprobado un Real Decreto por el que se concede la nacionalidad espa\u00f1ola por carta de naturaleza a los venezolanos Henrique Capriles Garc\u00eda y M\u00f3nica Cristina Radonski, padres del pol\u00edtico venezolano Henrique Capriles Radonski. Este \u00faltimo es uno de los l\u00edderes m\u00e1s destacados de la oposici\u00f3n venezolana y ha ocupado el\" \/>\n\t<meta name=\"robots\" content=\"max-image-preview:large\" \/>\n\t<meta name=\"author\" content=\"El Digital de Asturias\"\/>\n\t<meta name=\"google-site-verification\" content=\"UA-38556648-1\" \/>\n\t<meta name=\"msvalidate.01\" content=\"7dfe9f3f1b24437ab69f4f2559babe99\" \/>\n\t<meta name=\"keywords\" content=\"actualidad\" \/>\n\t<link rel=\"canonical\" href=\"https:\/\/www.eldigitaldeasturias.com\/noticias\/la-familia-de-henrique-capriles-obtiene-la-nacionalidad-espanola\/\" \/>\n\t<meta name=\"generator\" content=\"All in One SEO Pro (AIOSEO) 5.0.1\" \/>\n\t\t<meta property=\"og:locale\" content=\"es_ES\" \/>\n\t\t<meta property=\"og:site_name\" content=\"El Digital de Asturias\" \/>\n\t\t<meta property=\"og:type\" content=\"article\" \/>\n\t\t<meta property=\"og:title\" content=\"La familia de Henrique Capriles obtiene la nacionalidad espa\u00f1ola - El Digital de Asturias\" \/>\n\t\t<meta property=\"og:description\" content=\"El Consejo de Ministros ha aprobado un Real Decreto por el que se concede la nacionalidad espa\u00f1ola por carta de naturaleza a los venezolanos Henrique Capriles Garc\u00eda y M\u00f3nica Cristina Radonski, padres del pol\u00edtico venezolano Henrique Capriles Radonski. Este \u00faltimo es uno de los l\u00edderes m\u00e1s destacados de la oposici\u00f3n venezolana y ha ocupado el\" \/>\n\t\t<meta property=\"og:url\" content=\"https:\/\/www.eldigitaldeasturias.com\/noticias\/la-familia-de-henrique-capriles-obtiene-la-nacionalidad-espanola\/\" \/>\n\t\t<meta property=\"article:tag\" content=\"actualidad\" \/>\n\t\t<meta property=\"article:published_time\" content=\"2017-11-18T07:45:25+00:00\" \/>\n\t\t<meta property=\"article:modified_time\" content=\"2017-11-18T07:45:48+00:00\" \/>\n\t\t<meta property=\"article:publisher\" content=\"https:\/\/facebook.com\/eldigitaldeasturias\" \/>\n\t\t<meta name=\"twitter:card\" content=\"summary_large_image\" \/>\n\t\t<meta name=\"twitter:title\" content=\"La familia de Henrique Capriles obtiene la nacionalidad espa\u00f1ola - El Digital de Asturias\" \/>\n\t\t<meta name=\"twitter:description\" content=\"El Consejo de Ministros ha aprobado un Real Decreto por el que se concede la nacionalidad espa\u00f1ola por carta de naturaleza a los venezolanos Henrique Capriles Garc\u00eda y M\u00f3nica Cristina Radonski, padres del pol\u00edtico venezolano Henrique Capriles Radonski. Este \u00faltimo es uno de los l\u00edderes m\u00e1s destacados de la oposici\u00f3n venezolana y ha ocupado el\" \/>\n\t\t<meta name=\"twitter:image\" content=\"https:\/\/www.eldigitaldeasturias.com\/noticias\/wp-content\/uploads\/2020\/12\/EDA-1.jpg\" \/>\n\t\t<meta name=\"twitter:label1\" content=\"Escrito por\" \/>\n\t\t<meta name=\"twitter:data1\" content=\"El Digital de Asturias\" \/>\n\t\t<meta name=\"twitter:label2\" content=\"Tiempo de lectura estimado\" \/>\n\t\t<meta name=\"twitter:data2\" content=\"3 minutos\" \/>\n\t\t<script type=\"application\/ld+json\" class=\"aioseo-schema\">\n\t\t\t{\"@context\":\"https:\\\/\\\/schema.org\",\"@graph\":[{\"@type\":\"BlogPosting\",\"@id\":\"https:\\\/\\\/www.eldigitaldeasturias.com\\\/noticias\\\/la-familia-de-henrique-capriles-obtiene-la-nacionalidad-espanola\\\/#blogposting\",\"name\":\"La familia de Henrique Capriles obtiene la nacionalidad espa\\u00f1ola - El Digital de Asturias\",\"headline\":\"La familia de Henrique Capriles obtiene la nacionalidad espa\\u00f1ola\",\"author\":{\"@id\":\"https:\\\/\\\/www.eldigitaldeasturias.com\\\/noticias\\\/author\\\/admin\\\/#author\"},\"publisher\":{\"@id\":\"https:\\\/\\\/www.eldigitaldeasturias.com\\\/noticias\\\/#organization\"},\"image\":{\"@type\":\"ImageObject\",\"url\":960321},\"datePublished\":\"2017-11-18T07:45:25+01:00\",\"dateModified\":\"2017-11-18T07:45:48+01:00\",\"inLanguage\":\"es-ES\",\"mainEntityOfPage\":{\"@id\":\"https:\\\/\\\/www.eldigitaldeasturias.com\\\/noticias\\\/la-familia-de-henrique-capriles-obtiene-la-nacionalidad-espanola\\\/#webpage\"},\"isPartOf\":{\"@id\":\"https:\\\/\\\/www.eldigitaldeasturias.com\\\/noticias\\\/la-familia-de-henrique-capriles-obtiene-la-nacionalidad-espanola\\\/#webpage\"},\"articleSection\":\"Actualidad\"},{\"@type\":\"BreadcrumbList\",\"@id\":\"https:\\\/\\\/www.eldigitaldeasturias.com\\\/noticias\\\/la-familia-de-henrique-capriles-obtiene-la-nacionalidad-espanola\\\/#breadcrumblist\",\"itemListElement\":[{\"@type\":\"ListItem\",\"@id\":\"https:\\\/\\\/www.eldigitaldeasturias.com\\\/noticias#listItem\",\"position\":1,\"name\":\"Home\",\"item\":\"https:\\\/\\\/www.eldigitaldeasturias.com\\\/noticias\",\"nextItem\":{\"@type\":\"ListItem\",\"@id\":\"https:\\\/\\\/www.eldigitaldeasturias.com\\\/noticias\\\/category\\\/actualidad\\\/#listItem\",\"name\":\"Actualidad\"}},{\"@type\":\"ListItem\",\"@id\":\"https:\\\/\\\/www.eldigitaldeasturias.com\\\/noticias\\\/category\\\/actualidad\\\/#listItem\",\"position\":2,\"name\":\"Actualidad\",\"item\":\"https:\\\/\\\/www.eldigitaldeasturias.com\\\/noticias\\\/category\\\/actualidad\\\/\",\"nextItem\":{\"@type\":\"ListItem\",\"@id\":\"https:\\\/\\\/www.eldigitaldeasturias.com\\\/noticias\\\/la-familia-de-henrique-capriles-obtiene-la-nacionalidad-espanola\\\/#listItem\",\"name\":\"La familia de Henrique Capriles obtiene la nacionalidad espa\\u00f1ola\"},\"previousItem\":{\"@type\":\"ListItem\",\"@id\":\"https:\\\/\\\/www.eldigitaldeasturias.com\\\/noticias#listItem\",\"name\":\"Home\"}},{\"@type\":\"ListItem\",\"@id\":\"https:\\\/\\\/www.eldigitaldeasturias.com\\\/noticias\\\/la-familia-de-henrique-capriles-obtiene-la-nacionalidad-espanola\\\/#listItem\",\"position\":3,\"name\":\"La familia de Henrique Capriles obtiene la nacionalidad espa\\u00f1ola\",\"previousItem\":{\"@type\":\"ListItem\",\"@id\":\"https:\\\/\\\/www.eldigitaldeasturias.com\\\/noticias\\\/category\\\/actualidad\\\/#listItem\",\"name\":\"Actualidad\"}}]},{\"@type\":\"Organization\",\"@id\":\"https:\\\/\\\/www.eldigitaldeasturias.com\\\/noticias\\\/#organization\",\"name\":\"El Digital de Asturias\",\"description\":\"Hemeroteca\",\"url\":\"https:\\\/\\\/www.eldigitaldeasturias.com\\\/noticias\\\/\",\"email\":\"info@eldigitaldeasturias.com\",\"telephone\":\"+34652131393\",\"logo\":{\"@type\":\"ImageObject\",\"url\":\"https:\\\/\\\/www.eldigitaldeasturias.com\\\/noticias\\\/wp-content\\\/uploads\\\/2020\\\/12\\\/EDA.jpg\",\"@id\":\"https:\\\/\\\/www.eldigitaldeasturias.com\\\/noticias\\\/la-familia-de-henrique-capriles-obtiene-la-nacionalidad-espanola\\\/#organizationLogo\"},\"image\":{\"@id\":\"https:\\\/\\\/www.eldigitaldeasturias.com\\\/noticias\\\/la-familia-de-henrique-capriles-obtiene-la-nacionalidad-espanola\\\/#organizationLogo\"},\"sameAs\":[\"https:\\\/\\\/facebook.com\\\/eldigitaldeasturias\",\"https:\\\/\\\/www.youtube.com\\\/channel\\\/UCZP-2wLEB9Rv6erhFmqVnvg\"],\"address\":{\"@id\":\"https:\\\/\\\/www.eldigitaldeasturias.com\\\/noticias\\\/#postaladdress\",\"@type\":\"PostalAddress\",\"streetAddress\":\"san antonio 4\",\"postalCode\":\"33430\",\"addressLocality\":\"Cand\\u00e1s\",\"addressRegion\":\"Asturias\",\"addressCountry\":\"ES\"}},{\"@type\":\"Person\",\"@id\":\"https:\\\/\\\/www.eldigitaldeasturias.com\\\/noticias\\\/author\\\/admin\\\/#author\",\"url\":\"https:\\\/\\\/www.eldigitaldeasturias.com\\\/noticias\\\/author\\\/admin\\\/\",\"name\":\"El Digital de Asturias\",\"image\":{\"@type\":\"ImageObject\",\"@id\":\"https:\\\/\\\/www.eldigitaldeasturias.com\\\/noticias\\\/la-familia-de-henrique-capriles-obtiene-la-nacionalidad-espanola\\\/#authorImage\",\"url\":\"https:\\\/\\\/secure.gravatar.com\\\/avatar\\\/df2aeffc32bcd13f8d26072ef8a91b623d677766deac7f97ca815868cd41bf5e?s=96&d=mm&r=g\",\"width\":96,\"height\":96,\"caption\":\"El Digital de Asturias\"}},{\"@type\":\"WebPage\",\"@id\":\"https:\\\/\\\/www.eldigitaldeasturias.com\\\/noticias\\\/la-familia-de-henrique-capriles-obtiene-la-nacionalidad-espanola\\\/#webpage\",\"url\":\"https:\\\/\\\/www.eldigitaldeasturias.com\\\/noticias\\\/la-familia-de-henrique-capriles-obtiene-la-nacionalidad-espanola\\\/\",\"name\":\"La familia de Henrique Capriles obtiene la nacionalidad espa\\u00f1ola - El Digital de Asturias\",\"description\":\"El Consejo de Ministros ha aprobado un Real Decreto por el que se concede la nacionalidad espa\\u00f1ola por carta de naturaleza a los venezolanos Henrique Capriles Garc\\u00eda y M\\u00f3nica Cristina Radonski, padres del pol\\u00edtico venezolano Henrique Capriles Radonski. Este \\u00faltimo es uno de los l\\u00edderes m\\u00e1s destacados de la oposici\\u00f3n venezolana y ha ocupado el\",\"inLanguage\":\"es-ES\",\"isPartOf\":{\"@id\":\"https:\\\/\\\/www.eldigitaldeasturias.com\\\/noticias\\\/#website\"},\"breadcrumb\":{\"@id\":\"https:\\\/\\\/www.eldigitaldeasturias.com\\\/noticias\\\/la-familia-de-henrique-capriles-obtiene-la-nacionalidad-espanola\\\/#breadcrumblist\"},\"author\":{\"@id\":\"https:\\\/\\\/www.eldigitaldeasturias.com\\\/noticias\\\/author\\\/admin\\\/#author\"},\"creator\":{\"@id\":\"https:\\\/\\\/www.eldigitaldeasturias.com\\\/noticias\\\/author\\\/admin\\\/#author\"},\"image\":{\"@type\":\"ImageObject\",\"url\":960321,\"@id\":\"https:\\\/\\\/www.eldigitaldeasturias.com\\\/noticias\\\/la-familia-de-henrique-capriles-obtiene-la-nacionalidad-espanola\\\/#mainImage\"},\"primaryImageOfPage\":{\"@id\":\"https:\\\/\\\/www.eldigitaldeasturias.com\\\/noticias\\\/la-familia-de-henrique-capriles-obtiene-la-nacionalidad-espanola\\\/#mainImage\"},\"datePublished\":\"2017-11-18T07:45:25+01:00\",\"dateModified\":\"2017-11-18T07:45:48+01:00\"},{\"@type\":\"WebSite\",\"@id\":\"https:\\\/\\\/www.eldigitaldeasturias.com\\\/noticias\\\/#website\",\"url\":\"https:\\\/\\\/www.eldigitaldeasturias.com\\\/noticias\\\/\",\"name\":\"El Digital de Asturias - Diario de actualidad y noticias\",\"alternateName\":\"El Digital de Asturias - Diario de actualidad y noticias\",\"description\":\"Hemeroteca\",\"inLanguage\":\"es-ES\",\"publisher\":{\"@id\":\"https:\\\/\\\/www.eldigitaldeasturias.com\\\/noticias\\\/#organization\"}}]}\n\t\t<\/script>\n\t\t<!-- All in One SEO Pro -->\r\n\t\t<title>La familia de Henrique Capriles obtiene la nacionalidad espa\u00f1ola - El Digital de Asturias<\/title>\n\n","aioseo_head_json":{"title":"La familia de Henrique Capriles obtiene la nacionalidad espa\u00f1ola - El Digital de Asturias","description":"El Consejo de Ministros ha aprobado un Real Decreto por el que se concede la nacionalidad espa\u00f1ola por carta de naturaleza a los venezolanos Henrique Capriles Garc\u00eda y M\u00f3nica Cristina Radonski, padres del pol\u00edtico venezolano Henrique Capriles Radonski. Este \u00faltimo es uno de los l\u00edderes m\u00e1s destacados de la oposici\u00f3n venezolana y ha ocupado el","canonical_url":"https:\/\/www.eldigitaldeasturias.com\/noticias\/la-familia-de-henrique-capriles-obtiene-la-nacionalidad-espanola\/","robots":"max-image-preview:large","keywords":"actualidad","webmasterTools":{"google-site-verification":"UA-38556648-1","msvalidate.01":"7dfe9f3f1b24437ab69f4f2559babe99","miscellaneous":""},"schema":{"@context":"https:\/\/schema.org","@graph":[{"@type":"BlogPosting","@id":"https:\/\/www.eldigitaldeasturias.com\/noticias\/la-familia-de-henrique-capriles-obtiene-la-nacionalidad-espanola\/#blogposting","name":"La familia de Henrique Capriles obtiene la nacionalidad espa\u00f1ola - El Digital de Asturias","headline":"La familia de Henrique Capriles obtiene la nacionalidad espa\u00f1ola","author":{"@id":"https:\/\/www.eldigitaldeasturias.com\/noticias\/author\/admin\/#author"},"publisher":{"@id":"https:\/\/www.eldigitaldeasturias.com\/noticias\/#organization"},"image":{"@type":"ImageObject","url":960321},"datePublished":"2017-11-18T07:45:25+01:00","dateModified":"2017-11-18T07:45:48+01:00","inLanguage":"es-ES","mainEntityOfPage":{"@id":"https:\/\/www.eldigitaldeasturias.com\/noticias\/la-familia-de-henrique-capriles-obtiene-la-nacionalidad-espanola\/#webpage"},"isPartOf":{"@id":"https:\/\/www.eldigitaldeasturias.com\/noticias\/la-familia-de-henrique-capriles-obtiene-la-nacionalidad-espanola\/#webpage"},"articleSection":"Actualidad"},{"@type":"BreadcrumbList","@id":"https:\/\/www.eldigitaldeasturias.com\/noticias\/la-familia-de-henrique-capriles-obtiene-la-nacionalidad-espanola\/#breadcrumblist","itemListElement":[{"@type":"ListItem","@id":"https:\/\/www.eldigitaldeasturias.com\/noticias#listItem","position":1,"name":"Home","item":"https:\/\/www.eldigitaldeasturias.com\/noticias","nextItem":{"@type":"ListItem","@id":"https:\/\/www.eldigitaldeasturias.com\/noticias\/category\/actualidad\/#listItem","name":"Actualidad"}},{"@type":"ListItem","@id":"https:\/\/www.eldigitaldeasturias.com\/noticias\/category\/actualidad\/#listItem","position":2,"name":"Actualidad","item":"https:\/\/www.eldigitaldeasturias.com\/noticias\/category\/actualidad\/","nextItem":{"@type":"ListItem","@id":"https:\/\/www.eldigitaldeasturias.com\/noticias\/la-familia-de-henrique-capriles-obtiene-la-nacionalidad-espanola\/#listItem","name":"La familia de Henrique Capriles obtiene la nacionalidad espa\u00f1ola"},"previousItem":{"@type":"ListItem","@id":"https:\/\/www.eldigitaldeasturias.com\/noticias#listItem","name":"Home"}},{"@type":"ListItem","@id":"https:\/\/www.eldigitaldeasturias.com\/noticias\/la-familia-de-henrique-capriles-obtiene-la-nacionalidad-espanola\/#listItem","position":3,"name":"La familia de Henrique Capriles obtiene la nacionalidad espa\u00f1ola","previousItem":{"@type":"ListItem","@id":"https:\/\/www.eldigitaldeasturias.com\/noticias\/category\/actualidad\/#listItem","name":"Actualidad"}}]},{"@type":"Organization","@id":"https:\/\/www.eldigitaldeasturias.com\/noticias\/#organization","name":"El Digital de Asturias","description":"Hemeroteca","url":"https:\/\/www.eldigitaldeasturias.com\/noticias\/","email":"info@eldigitaldeasturias.com","telephone":"+34652131393","logo":{"@type":"ImageObject","url":"https:\/\/www.eldigitaldeasturias.com\/noticias\/wp-content\/uploads\/2020\/12\/EDA.jpg","@id":"https:\/\/www.eldigitaldeasturias.com\/noticias\/la-familia-de-henrique-capriles-obtiene-la-nacionalidad-espanola\/#organizationLogo"},"image":{"@id":"https:\/\/www.eldigitaldeasturias.com\/noticias\/la-familia-de-henrique-capriles-obtiene-la-nacionalidad-espanola\/#organizationLogo"},"sameAs":["https:\/\/facebook.com\/eldigitaldeasturias","https:\/\/www.youtube.com\/channel\/UCZP-2wLEB9Rv6erhFmqVnvg"],"address":{"@id":"https:\/\/www.eldigitaldeasturias.com\/noticias\/#postaladdress","@type":"PostalAddress","streetAddress":"san antonio 4","postalCode":"33430","addressLocality":"Cand\u00e1s","addressRegion":"Asturias","addressCountry":"ES"}},{"@type":"Person","@id":"https:\/\/www.eldigitaldeasturias.com\/noticias\/author\/admin\/#author","url":"https:\/\/www.eldigitaldeasturias.com\/noticias\/author\/admin\/","name":"El Digital de Asturias","image":{"@type":"ImageObject","@id":"https:\/\/www.eldigitaldeasturias.com\/noticias\/la-familia-de-henrique-capriles-obtiene-la-nacionalidad-espanola\/#authorImage","url":"https:\/\/secure.gravatar.com\/avatar\/df2aeffc32bcd13f8d26072ef8a91b623d677766deac7f97ca815868cd41bf5e?s=96&d=mm&r=g","width":96,"height":96,"caption":"El Digital de Asturias"}},{"@type":"WebPage","@id":"https:\/\/www.eldigitaldeasturias.com\/noticias\/la-familia-de-henrique-capriles-obtiene-la-nacionalidad-espanola\/#webpage","url":"https:\/\/www.eldigitaldeasturias.com\/noticias\/la-familia-de-henrique-capriles-obtiene-la-nacionalidad-espanola\/","name":"La familia de Henrique Capriles obtiene la nacionalidad espa\u00f1ola - El Digital de Asturias","description":"El Consejo de Ministros ha aprobado un Real Decreto por el que se concede la nacionalidad espa\u00f1ola por carta de naturaleza a los venezolanos Henrique Capriles Garc\u00eda y M\u00f3nica Cristina Radonski, padres del pol\u00edtico venezolano Henrique Capriles Radonski. Este \u00faltimo es uno de los l\u00edderes m\u00e1s destacados de la oposici\u00f3n venezolana y ha ocupado el","inLanguage":"es-ES","isPartOf":{"@id":"https:\/\/www.eldigitaldeasturias.com\/noticias\/#website"},"breadcrumb":{"@id":"https:\/\/www.eldigitaldeasturias.com\/noticias\/la-familia-de-henrique-capriles-obtiene-la-nacionalidad-espanola\/#breadcrumblist"},"author":{"@id":"https:\/\/www.eldigitaldeasturias.com\/noticias\/author\/admin\/#author"},"creator":{"@id":"https:\/\/www.eldigitaldeasturias.com\/noticias\/author\/admin\/#author"},"image":{"@type":"ImageObject","url":960321,"@id":"https:\/\/www.eldigitaldeasturias.com\/noticias\/la-familia-de-henrique-capriles-obtiene-la-nacionalidad-espanola\/#mainImage"},"primaryImageOfPage":{"@id":"https:\/\/www.eldigitaldeasturias.com\/noticias\/la-familia-de-henrique-capriles-obtiene-la-nacionalidad-espanola\/#mainImage"},"datePublished":"2017-11-18T07:45:25+01:00","dateModified":"2017-11-18T07:45:48+01:00"},{"@type":"WebSite","@id":"https:\/\/www.eldigitaldeasturias.com\/noticias\/#website","url":"https:\/\/www.eldigitaldeasturias.com\/noticias\/","name":"El Digital de Asturias - Diario de actualidad y noticias","alternateName":"El Digital de Asturias - Diario de actualidad y noticias","description":"Hemeroteca","inLanguage":"es-ES","publisher":{"@id":"https:\/\/www.eldigitaldeasturias.com\/noticias\/#organization"}}]},"og:locale":"es_ES","og:site_name":"El Digital de Asturias","og:type":"article","og:title":"La familia de Henrique Capriles obtiene la nacionalidad espa\u00f1ola - El Digital de Asturias","og:description":"El Consejo de Ministros ha aprobado un Real Decreto por el que se concede la nacionalidad espa\u00f1ola por carta de naturaleza a los venezolanos Henrique Capriles Garc\u00eda y M\u00f3nica Cristina Radonski, padres del pol\u00edtico venezolano Henrique Capriles Radonski. Este \u00faltimo es uno de los l\u00edderes m\u00e1s destacados de la oposici\u00f3n venezolana y ha ocupado el","og:url":"https:\/\/www.eldigitaldeasturias.com\/noticias\/la-familia-de-henrique-capriles-obtiene-la-nacionalidad-espanola\/","article:tag":["actualidad"],"article:published_time":"2017-11-18T07:45:25+00:00","article:modified_time":"2017-11-18T07:45:48+00:00","article:publisher":"https:\/\/facebook.com\/eldigitaldeasturias","twitter:card":"summary_large_image","twitter:title":"La familia de Henrique Capriles obtiene la nacionalidad espa\u00f1ola - El Digital de Asturias","twitter:description":"El Consejo de Ministros ha aprobado un Real Decreto por el que se concede la nacionalidad espa\u00f1ola por carta de naturaleza a los venezolanos Henrique Capriles Garc\u00eda y M\u00f3nica Cristina Radonski, padres del pol\u00edtico venezolano Henrique Capriles Radonski. Este \u00faltimo es uno de los l\u00edderes m\u00e1s destacados de la oposici\u00f3n venezolana y ha ocupado el","twitter:image":"https:\/\/www.eldigitaldeasturias.com\/noticias\/wp-content\/uploads\/2020\/12\/EDA-1.jpg","twitter:label1":"Escrito por","twitter:data1":"El Digital de Asturias","twitter:label2":"Tiempo de lectura estimado","twitter:data2":"3 minutos"},"aioseo_meta_data":{"post_id":"960320","title":null,"description":null,"keywords":null,"keyphrases":null,"primary_term":null,"canonical_url":null,"og_title":null,"og_description":null,"og_object_type":"default","og_image_type":"default","og_image_url":null,"og_image_width":null,"og_image_height":null,"og_image_custom_url":null,"og_image_custom_fields":null,"og_video":null,"og_custom_url":null,"og_article_section":null,"og_article_tags":null,"twitter_use_og":false,"twitter_card":"default","twitter_image_type":"default","twitter_image_url":null,"twitter_image_custom_url":null,"twitter_image_custom_fields":null,"twitter_title":null,"twitter_description":null,"schema":{"blockGraphs":[],"customGraphs":[],"default":{"data":{"Article":[],"Course":[],"Dataset":[],"FAQPage":[],"Movie":[],"Person":[],"Product":[],"ProductReview":[],"Car":[],"Recipe":[],"Service":[],"SoftwareApplication":[],"WebPage":[]},"graphName":"","isEnabled":true},"graphs":[]},"schema_type":null,"schema_type_options":null,"pillar_content":false,"robots_default":true,"robots_noindex":false,"robots_noarchive":false,"robots_nosnippet":false,"robots_nofollow":false,"robots_noimageindex":false,"robots_noodp":false,"robots_notranslate":false,"robots_max_snippet":null,"robots_max_videopreview":null,"robots_max_imagepreview":"large","priority":null,"frequency":null,"local_seo":null,"seo_analyzer_scan_date":"2025-12-07 04:52:30","breadcrumb_settings":null,"limit_modified_date":false,"open_ai":null,"ai":null,"created":"2020-12-21 12:53:06","updated":"2025-12-07 04:52:30","focus_keyword":null,"additional_keywords":null,"truseo_locale":null},"aioseo_breadcrumb":"<div class=\"aioseo-breadcrumbs\"><span class=\"aioseo-breadcrumb\">\n\t<a href=\"https:\/\/www.eldigitaldeasturias.com\/noticias\" title=\"Home\">Home<\/a>\n<\/span><span class=\"aioseo-breadcrumb-separator\">\u2013<\/span><span class=\"aioseo-breadcrumb\">\n\t<a href=\"https:\/\/www.eldigitaldeasturias.com\/noticias\/category\/actualidad\/\" title=\"Actualidad\">Actualidad<\/a>\n<\/span><span class=\"aioseo-breadcrumb-separator\">\u2013<\/span><span class=\"aioseo-breadcrumb\">\n\t<a href=\"https:\/\/www.eldigitaldeasturias.com\/noticias\/la-familia-de-henrique-capriles-obtiene-la-nacionalidad-espanola\/\" title=\"La familia de Henrique Capriles obtiene la nacionalidad espa\u00f1ola\">La familia de Henrique Capriles obtiene la nacionalidad espa\u00f1ola<\/a>\n<\/span><\/div>","aioseo_breadcrumb_json":[{"label":"Home","link":"https:\/\/www.eldigitaldeasturias.com\/noticias"},{"label":"Actualidad","link":"https:\/\/www.eldigitaldeasturias.com\/noticias\/category\/actualidad\/"},{"label":"La familia de Henrique Capriles obtiene la nacionalidad espa\u00f1ola","link":"https:\/\/www.eldigitaldeasturias.com\/noticias\/la-familia-de-henrique-capriles-obtiene-la-nacionalidad-espanola\/"}],"_links":{"self":[{"href":"https:\/\/www.eldigitaldeasturias.com\/noticias\/wp-json\/wp\/v2\/posts\/960320","targetHints":{"allow":["GET"]}}],"collection":[{"href":"https:\/\/www.eldigitaldeasturias.com\/noticias\/wp-json\/wp\/v2\/posts"}],"about":[{"href":"https:\/\/www.eldigitaldeasturias.com\/noticias\/wp-json\/wp\/v2\/types\/post"}],"author":[{"embeddable":true,"href":"https:\/\/www.eldigitaldeasturias.com\/noticias\/wp-json\/wp\/v2\/users\/1"}],"replies":[{"embeddable":true,"href":"https:\/\/www.eldigitaldeasturias.com\/noticias\/wp-json\/wp\/v2\/comments?post=960320"}],"version-history":[{"count":0,"href":"https:\/\/www.eldigitaldeasturias.com\/noticias\/wp-json\/wp\/v2\/posts\/960320\/revisions"}],"wp:attachment":[{"href":"https:\/\/www.eldigitaldeasturias.com\/noticias\/wp-json\/wp\/v2\/media?parent=960320"}],"wp:term":[{"taxonomy":"category","embeddable":true,"href":"https:\/\/www.eldigitaldeasturias.com\/noticias\/wp-json\/wp\/v2\/categories?post=960320"},{"taxonomy":"post_tag","embeddable":true,"href":"https:\/\/www.eldigitaldeasturias.com\/noticias\/wp-json\/wp\/v2\/tags?post=960320"}],"curies":[{"name":"wp","href":"https:\/\/api.w.org\/{rel}","templated":true}]}}