{"id":960316,"date":"2017-11-18T07:33:58","date_gmt":"2017-11-18T07:33:58","guid":{"rendered":"http:\/\/www.eldigitaldeasturias.com\/noticias\/?p=960316"},"modified":"2017-11-18T07:33:58","modified_gmt":"2017-11-18T07:33:58","slug":"aprobadas-ayudas-para-las-zonas-afectadas-por-el-cierre-de-las-explotaciones-mineras","status":"publish","type":"post","link":"https:\/\/www.eldigitaldeasturias.com\/noticias\/aprobadas-ayudas-para-las-zonas-afectadas-por-el-cierre-de-las-explotaciones-mineras\/","title":{"rendered":"Aprobadas ayudas para las zonas afectadas por el cierre de las explotaciones mineras"},"content":{"rendered":"<p><img loading=\"lazy\" decoding=\"async\" class=\"alignleft size-medium wp-image-959030\" src=\"https:\/\/www.eldigitaldeasturias.com\/noticias\/wp-content\/uploads\/2017\/11\/carbon-360x198-360x198.jpg\" alt=\"\" width=\"360\" height=\"198\" \/>El Consejo de Ministros ha autorizado al Instituto para la Reestructuraci\u00f3n de la Miner\u00eda del Carb\u00f3n y Desarrollo Alternativo de las Comarcas Mineras la convocatoria correspondiente a 2017 de las ayudas destinadas a cubrir costes excepcionales derivados de la clausura de instalaciones y la restauraci\u00f3n del espacio natural a causa del cierre de minas de carb\u00f3n, por un importe m\u00e1ximo de veinticinco millones de euros.<\/p>\n<p>Se consideran costes excepcionales las obras adicionales de seguridad en el interior de la mina, los da\u00f1os provocados por la actividad minera, la rehabilitaci\u00f3n de las antiguas zonas de extracci\u00f3n de carb\u00f3n y los costes de nueva puesta en cultivo de la superficie.<\/p>\n<p>Podr\u00e1n beneficiarse de estas ayudas las empresas que figuran en el Plan de Cierre del Reino de Espa\u00f1a para la miner\u00eda del carb\u00f3n no competitiva que hayan cerrado o est\u00e9n cerrando unidades de producci\u00f3n. Se exige haber obtenido la autorizaci\u00f3n por parte de la autoridad minera competente del proyecto de abandono definitivo de las labores mineras y el proyecto definitivo de cierre y clausura de las instalaciones de residuos mineros.<\/p>\n<p>Estas subvenciones permiten sufragar parte de los costes excepcionales para restauraci\u00f3n medioambiental derivados del cierre de las explotaciones mineras de carb\u00f3n.<\/p>\n","protected":false},"excerpt":{"rendered":"<p>El Consejo de Ministros ha autorizado al Instituto para la Reestructuraci\u00f3n de la Miner\u00eda del Carb\u00f3n y Desarrollo Alternativo de las Comarcas Mineras la convocatoria correspondiente a 2017 de las ayudas destinadas a cubrir costes excepcionales derivados de la clausura de instalaciones y la restauraci\u00f3n del espacio natural a causa del cierre de minas de [&hellip;]<\/p>\n","protected":false},"author":1,"featured_media":959030,"comment_status":"closed","ping_status":"closed","sticky":false,"template":"","format":"standard","meta":{"footnotes":""},"categories":[1],"tags":[],"class_list":["post-960316","post","type-post","status-publish","format-standard","has-post-thumbnail","hentry","category-actualidad"],"aioseo_notices":[],"aioseo_head":"\n\t\t<!-- All in One SEO Pro 5.0.1 - aioseo.com -->\n\t<meta name=\"description\" content=\"El Consejo de Ministros ha autorizado al Instituto para la Reestructuraci\u00f3n de la Miner\u00eda del Carb\u00f3n y Desarrollo Alternativo de las Comarcas Mineras la convocatoria correspondiente a 2017 de las ayudas destinadas a cubrir costes excepcionales derivados de la clausura de instalaciones y la restauraci\u00f3n del espacio natural a causa del cierre de minas de\" \/>\n\t<meta name=\"robots\" content=\"max-image-preview:large\" \/>\n\t<meta name=\"author\" content=\"El Digital de Asturias\"\/>\n\t<meta name=\"google-site-verification\" content=\"UA-38556648-1\" \/>\n\t<meta name=\"msvalidate.01\" content=\"7dfe9f3f1b24437ab69f4f2559babe99\" \/>\n\t<meta name=\"keywords\" content=\"actualidad\" \/>\n\t<link rel=\"canonical\" href=\"https:\/\/www.eldigitaldeasturias.com\/noticias\/aprobadas-ayudas-para-las-zonas-afectadas-por-el-cierre-de-las-explotaciones-mineras\/\" \/>\n\t<meta name=\"generator\" content=\"All in One SEO Pro (AIOSEO) 5.0.1\" \/>\n\t\t<meta property=\"og:locale\" content=\"es_ES\" \/>\n\t\t<meta property=\"og:site_name\" content=\"El Digital de Asturias\" \/>\n\t\t<meta property=\"og:type\" content=\"article\" \/>\n\t\t<meta property=\"og:title\" content=\"Aprobadas ayudas para las zonas afectadas por el cierre de las explotaciones mineras - El Digital de Asturias\" \/>\n\t\t<meta property=\"og:description\" content=\"El Consejo de Ministros ha autorizado al Instituto para la Reestructuraci\u00f3n de la Miner\u00eda del Carb\u00f3n y Desarrollo Alternativo de las Comarcas Mineras la convocatoria correspondiente a 2017 de las ayudas destinadas a cubrir costes excepcionales derivados de la clausura de instalaciones y la restauraci\u00f3n del espacio natural a causa del cierre de minas de\" \/>\n\t\t<meta property=\"og:url\" content=\"https:\/\/www.eldigitaldeasturias.com\/noticias\/aprobadas-ayudas-para-las-zonas-afectadas-por-el-cierre-de-las-explotaciones-mineras\/\" \/>\n\t\t<meta property=\"article:tag\" content=\"actualidad\" \/>\n\t\t<meta property=\"article:published_time\" content=\"2017-11-18T07:33:58+00:00\" \/>\n\t\t<meta property=\"article:modified_time\" content=\"2017-11-18T07:33:58+00:00\" \/>\n\t\t<meta property=\"article:publisher\" content=\"https:\/\/facebook.com\/eldigitaldeasturias\" \/>\n\t\t<meta name=\"twitter:card\" content=\"summary_large_image\" \/>\n\t\t<meta name=\"twitter:title\" content=\"Aprobadas ayudas para las zonas afectadas por el cierre de las explotaciones mineras - El Digital de Asturias\" \/>\n\t\t<meta name=\"twitter:description\" content=\"El Consejo de Ministros ha autorizado al Instituto para la Reestructuraci\u00f3n de la Miner\u00eda del Carb\u00f3n y Desarrollo Alternativo de las Comarcas Mineras la convocatoria correspondiente a 2017 de las ayudas destinadas a cubrir costes excepcionales derivados de la clausura de instalaciones y la restauraci\u00f3n del espacio natural a causa del cierre de minas de\" \/>\n\t\t<meta name=\"twitter:image\" content=\"https:\/\/www.eldigitaldeasturias.com\/noticias\/wp-content\/uploads\/2020\/12\/EDA-1.jpg\" \/>\n\t\t<meta name=\"twitter:label1\" content=\"Escrito por\" \/>\n\t\t<meta name=\"twitter:data1\" content=\"El Digital de Asturias\" \/>\n\t\t<meta name=\"twitter:label2\" content=\"Tiempo de lectura estimado\" \/>\n\t\t<meta name=\"twitter:data2\" content=\"1 minuto\" \/>\n\t\t<script type=\"application\/ld+json\" class=\"aioseo-schema\">\n\t\t\t{\"@context\":\"https:\\\/\\\/schema.org\",\"@graph\":[{\"@type\":\"BlogPosting\",\"@id\":\"https:\\\/\\\/www.eldigitaldeasturias.com\\\/noticias\\\/aprobadas-ayudas-para-las-zonas-afectadas-por-el-cierre-de-las-explotaciones-mineras\\\/#blogposting\",\"name\":\"Aprobadas ayudas para las zonas afectadas por el cierre de las explotaciones mineras - El Digital de Asturias\",\"headline\":\"Aprobadas ayudas para las zonas afectadas por el cierre de las explotaciones mineras\",\"author\":{\"@id\":\"https:\\\/\\\/www.eldigitaldeasturias.com\\\/noticias\\\/author\\\/admin\\\/#author\"},\"publisher\":{\"@id\":\"https:\\\/\\\/www.eldigitaldeasturias.com\\\/noticias\\\/#organization\"},\"image\":{\"@type\":\"ImageObject\",\"url\":959030},\"datePublished\":\"2017-11-18T07:33:58+01:00\",\"dateModified\":\"2017-11-18T07:33:58+01:00\",\"inLanguage\":\"es-ES\",\"mainEntityOfPage\":{\"@id\":\"https:\\\/\\\/www.eldigitaldeasturias.com\\\/noticias\\\/aprobadas-ayudas-para-las-zonas-afectadas-por-el-cierre-de-las-explotaciones-mineras\\\/#webpage\"},\"isPartOf\":{\"@id\":\"https:\\\/\\\/www.eldigitaldeasturias.com\\\/noticias\\\/aprobadas-ayudas-para-las-zonas-afectadas-por-el-cierre-de-las-explotaciones-mineras\\\/#webpage\"},\"articleSection\":\"Actualidad\"},{\"@type\":\"BreadcrumbList\",\"@id\":\"https:\\\/\\\/www.eldigitaldeasturias.com\\\/noticias\\\/aprobadas-ayudas-para-las-zonas-afectadas-por-el-cierre-de-las-explotaciones-mineras\\\/#breadcrumblist\",\"itemListElement\":[{\"@type\":\"ListItem\",\"@id\":\"https:\\\/\\\/www.eldigitaldeasturias.com\\\/noticias#listItem\",\"position\":1,\"name\":\"Home\",\"item\":\"https:\\\/\\\/www.eldigitaldeasturias.com\\\/noticias\",\"nextItem\":{\"@type\":\"ListItem\",\"@id\":\"https:\\\/\\\/www.eldigitaldeasturias.com\\\/noticias\\\/category\\\/actualidad\\\/#listItem\",\"name\":\"Actualidad\"}},{\"@type\":\"ListItem\",\"@id\":\"https:\\\/\\\/www.eldigitaldeasturias.com\\\/noticias\\\/category\\\/actualidad\\\/#listItem\",\"position\":2,\"name\":\"Actualidad\",\"item\":\"https:\\\/\\\/www.eldigitaldeasturias.com\\\/noticias\\\/category\\\/actualidad\\\/\",\"nextItem\":{\"@type\":\"ListItem\",\"@id\":\"https:\\\/\\\/www.eldigitaldeasturias.com\\\/noticias\\\/aprobadas-ayudas-para-las-zonas-afectadas-por-el-cierre-de-las-explotaciones-mineras\\\/#listItem\",\"name\":\"Aprobadas ayudas para las zonas afectadas por el cierre de las explotaciones mineras\"},\"previousItem\":{\"@type\":\"ListItem\",\"@id\":\"https:\\\/\\\/www.eldigitaldeasturias.com\\\/noticias#listItem\",\"name\":\"Home\"}},{\"@type\":\"ListItem\",\"@id\":\"https:\\\/\\\/www.eldigitaldeasturias.com\\\/noticias\\\/aprobadas-ayudas-para-las-zonas-afectadas-por-el-cierre-de-las-explotaciones-mineras\\\/#listItem\",\"position\":3,\"name\":\"Aprobadas ayudas para las zonas afectadas por el cierre de las explotaciones mineras\",\"previousItem\":{\"@type\":\"ListItem\",\"@id\":\"https:\\\/\\\/www.eldigitaldeasturias.com\\\/noticias\\\/category\\\/actualidad\\\/#listItem\",\"name\":\"Actualidad\"}}]},{\"@type\":\"Organization\",\"@id\":\"https:\\\/\\\/www.eldigitaldeasturias.com\\\/noticias\\\/#organization\",\"name\":\"El Digital de Asturias\",\"description\":\"Hemeroteca\",\"url\":\"https:\\\/\\\/www.eldigitaldeasturias.com\\\/noticias\\\/\",\"email\":\"info@eldigitaldeasturias.com\",\"telephone\":\"+34652131393\",\"logo\":{\"@type\":\"ImageObject\",\"url\":\"https:\\\/\\\/www.eldigitaldeasturias.com\\\/noticias\\\/wp-content\\\/uploads\\\/2020\\\/12\\\/EDA.jpg\",\"@id\":\"https:\\\/\\\/www.eldigitaldeasturias.com\\\/noticias\\\/aprobadas-ayudas-para-las-zonas-afectadas-por-el-cierre-de-las-explotaciones-mineras\\\/#organizationLogo\"},\"image\":{\"@id\":\"https:\\\/\\\/www.eldigitaldeasturias.com\\\/noticias\\\/aprobadas-ayudas-para-las-zonas-afectadas-por-el-cierre-de-las-explotaciones-mineras\\\/#organizationLogo\"},\"sameAs\":[\"https:\\\/\\\/facebook.com\\\/eldigitaldeasturias\",\"https:\\\/\\\/www.youtube.com\\\/channel\\\/UCZP-2wLEB9Rv6erhFmqVnvg\"],\"address\":{\"@id\":\"https:\\\/\\\/www.eldigitaldeasturias.com\\\/noticias\\\/#postaladdress\",\"@type\":\"PostalAddress\",\"streetAddress\":\"san antonio 4\",\"postalCode\":\"33430\",\"addressLocality\":\"Cand\\u00e1s\",\"addressRegion\":\"Asturias\",\"addressCountry\":\"ES\"}},{\"@type\":\"Person\",\"@id\":\"https:\\\/\\\/www.eldigitaldeasturias.com\\\/noticias\\\/author\\\/admin\\\/#author\",\"url\":\"https:\\\/\\\/www.eldigitaldeasturias.com\\\/noticias\\\/author\\\/admin\\\/\",\"name\":\"El Digital de Asturias\",\"image\":{\"@type\":\"ImageObject\",\"@id\":\"https:\\\/\\\/www.eldigitaldeasturias.com\\\/noticias\\\/aprobadas-ayudas-para-las-zonas-afectadas-por-el-cierre-de-las-explotaciones-mineras\\\/#authorImage\",\"url\":\"https:\\\/\\\/secure.gravatar.com\\\/avatar\\\/df2aeffc32bcd13f8d26072ef8a91b623d677766deac7f97ca815868cd41bf5e?s=96&d=mm&r=g\",\"width\":96,\"height\":96,\"caption\":\"El Digital de Asturias\"}},{\"@type\":\"WebPage\",\"@id\":\"https:\\\/\\\/www.eldigitaldeasturias.com\\\/noticias\\\/aprobadas-ayudas-para-las-zonas-afectadas-por-el-cierre-de-las-explotaciones-mineras\\\/#webpage\",\"url\":\"https:\\\/\\\/www.eldigitaldeasturias.com\\\/noticias\\\/aprobadas-ayudas-para-las-zonas-afectadas-por-el-cierre-de-las-explotaciones-mineras\\\/\",\"name\":\"Aprobadas ayudas para las zonas afectadas por el cierre de las explotaciones mineras - El Digital de Asturias\",\"description\":\"El Consejo de Ministros ha autorizado al Instituto para la Reestructuraci\\u00f3n de la Miner\\u00eda del Carb\\u00f3n y Desarrollo Alternativo de las Comarcas Mineras la convocatoria correspondiente a 2017 de las ayudas destinadas a cubrir costes excepcionales derivados de la clausura de instalaciones y la restauraci\\u00f3n del espacio natural a causa del cierre de minas de\",\"inLanguage\":\"es-ES\",\"isPartOf\":{\"@id\":\"https:\\\/\\\/www.eldigitaldeasturias.com\\\/noticias\\\/#website\"},\"breadcrumb\":{\"@id\":\"https:\\\/\\\/www.eldigitaldeasturias.com\\\/noticias\\\/aprobadas-ayudas-para-las-zonas-afectadas-por-el-cierre-de-las-explotaciones-mineras\\\/#breadcrumblist\"},\"author\":{\"@id\":\"https:\\\/\\\/www.eldigitaldeasturias.com\\\/noticias\\\/author\\\/admin\\\/#author\"},\"creator\":{\"@id\":\"https:\\\/\\\/www.eldigitaldeasturias.com\\\/noticias\\\/author\\\/admin\\\/#author\"},\"image\":{\"@type\":\"ImageObject\",\"url\":959030,\"@id\":\"https:\\\/\\\/www.eldigitaldeasturias.com\\\/noticias\\\/aprobadas-ayudas-para-las-zonas-afectadas-por-el-cierre-de-las-explotaciones-mineras\\\/#mainImage\"},\"primaryImageOfPage\":{\"@id\":\"https:\\\/\\\/www.eldigitaldeasturias.com\\\/noticias\\\/aprobadas-ayudas-para-las-zonas-afectadas-por-el-cierre-de-las-explotaciones-mineras\\\/#mainImage\"},\"datePublished\":\"2017-11-18T07:33:58+01:00\",\"dateModified\":\"2017-11-18T07:33:58+01:00\"},{\"@type\":\"WebSite\",\"@id\":\"https:\\\/\\\/www.eldigitaldeasturias.com\\\/noticias\\\/#website\",\"url\":\"https:\\\/\\\/www.eldigitaldeasturias.com\\\/noticias\\\/\",\"name\":\"El Digital de Asturias - Diario de actualidad y noticias\",\"alternateName\":\"El Digital de Asturias - Diario de actualidad y noticias\",\"description\":\"Hemeroteca\",\"inLanguage\":\"es-ES\",\"publisher\":{\"@id\":\"https:\\\/\\\/www.eldigitaldeasturias.com\\\/noticias\\\/#organization\"}}]}\n\t\t<\/script>\n\t\t<!-- All in One SEO Pro -->\r\n\t\t<title>Aprobadas ayudas para las zonas afectadas por el cierre de las explotaciones mineras - El Digital de Asturias<\/title>\n\n","aioseo_head_json":{"title":"Aprobadas ayudas para las zonas afectadas por el cierre de las explotaciones mineras - El Digital de Asturias","description":"El Consejo de Ministros ha autorizado al Instituto para la Reestructuraci\u00f3n de la Miner\u00eda del Carb\u00f3n y Desarrollo Alternativo de las Comarcas Mineras la convocatoria correspondiente a 2017 de las ayudas destinadas a cubrir costes excepcionales derivados de la clausura de instalaciones y la restauraci\u00f3n del espacio natural a causa del cierre de minas de","canonical_url":"https:\/\/www.eldigitaldeasturias.com\/noticias\/aprobadas-ayudas-para-las-zonas-afectadas-por-el-cierre-de-las-explotaciones-mineras\/","robots":"max-image-preview:large","keywords":"actualidad","webmasterTools":{"google-site-verification":"UA-38556648-1","msvalidate.01":"7dfe9f3f1b24437ab69f4f2559babe99","miscellaneous":""},"schema":{"@context":"https:\/\/schema.org","@graph":[{"@type":"BlogPosting","@id":"https:\/\/www.eldigitaldeasturias.com\/noticias\/aprobadas-ayudas-para-las-zonas-afectadas-por-el-cierre-de-las-explotaciones-mineras\/#blogposting","name":"Aprobadas ayudas para las zonas afectadas por el cierre de las explotaciones mineras - El Digital de Asturias","headline":"Aprobadas ayudas para las zonas afectadas por el cierre de las explotaciones mineras","author":{"@id":"https:\/\/www.eldigitaldeasturias.com\/noticias\/author\/admin\/#author"},"publisher":{"@id":"https:\/\/www.eldigitaldeasturias.com\/noticias\/#organization"},"image":{"@type":"ImageObject","url":959030},"datePublished":"2017-11-18T07:33:58+01:00","dateModified":"2017-11-18T07:33:58+01:00","inLanguage":"es-ES","mainEntityOfPage":{"@id":"https:\/\/www.eldigitaldeasturias.com\/noticias\/aprobadas-ayudas-para-las-zonas-afectadas-por-el-cierre-de-las-explotaciones-mineras\/#webpage"},"isPartOf":{"@id":"https:\/\/www.eldigitaldeasturias.com\/noticias\/aprobadas-ayudas-para-las-zonas-afectadas-por-el-cierre-de-las-explotaciones-mineras\/#webpage"},"articleSection":"Actualidad"},{"@type":"BreadcrumbList","@id":"https:\/\/www.eldigitaldeasturias.com\/noticias\/aprobadas-ayudas-para-las-zonas-afectadas-por-el-cierre-de-las-explotaciones-mineras\/#breadcrumblist","itemListElement":[{"@type":"ListItem","@id":"https:\/\/www.eldigitaldeasturias.com\/noticias#listItem","position":1,"name":"Home","item":"https:\/\/www.eldigitaldeasturias.com\/noticias","nextItem":{"@type":"ListItem","@id":"https:\/\/www.eldigitaldeasturias.com\/noticias\/category\/actualidad\/#listItem","name":"Actualidad"}},{"@type":"ListItem","@id":"https:\/\/www.eldigitaldeasturias.com\/noticias\/category\/actualidad\/#listItem","position":2,"name":"Actualidad","item":"https:\/\/www.eldigitaldeasturias.com\/noticias\/category\/actualidad\/","nextItem":{"@type":"ListItem","@id":"https:\/\/www.eldigitaldeasturias.com\/noticias\/aprobadas-ayudas-para-las-zonas-afectadas-por-el-cierre-de-las-explotaciones-mineras\/#listItem","name":"Aprobadas ayudas para las zonas afectadas por el cierre de las explotaciones mineras"},"previousItem":{"@type":"ListItem","@id":"https:\/\/www.eldigitaldeasturias.com\/noticias#listItem","name":"Home"}},{"@type":"ListItem","@id":"https:\/\/www.eldigitaldeasturias.com\/noticias\/aprobadas-ayudas-para-las-zonas-afectadas-por-el-cierre-de-las-explotaciones-mineras\/#listItem","position":3,"name":"Aprobadas ayudas para las zonas afectadas por el cierre de las explotaciones mineras","previousItem":{"@type":"ListItem","@id":"https:\/\/www.eldigitaldeasturias.com\/noticias\/category\/actualidad\/#listItem","name":"Actualidad"}}]},{"@type":"Organization","@id":"https:\/\/www.eldigitaldeasturias.com\/noticias\/#organization","name":"El Digital de Asturias","description":"Hemeroteca","url":"https:\/\/www.eldigitaldeasturias.com\/noticias\/","email":"info@eldigitaldeasturias.com","telephone":"+34652131393","logo":{"@type":"ImageObject","url":"https:\/\/www.eldigitaldeasturias.com\/noticias\/wp-content\/uploads\/2020\/12\/EDA.jpg","@id":"https:\/\/www.eldigitaldeasturias.com\/noticias\/aprobadas-ayudas-para-las-zonas-afectadas-por-el-cierre-de-las-explotaciones-mineras\/#organizationLogo"},"image":{"@id":"https:\/\/www.eldigitaldeasturias.com\/noticias\/aprobadas-ayudas-para-las-zonas-afectadas-por-el-cierre-de-las-explotaciones-mineras\/#organizationLogo"},"sameAs":["https:\/\/facebook.com\/eldigitaldeasturias","https:\/\/www.youtube.com\/channel\/UCZP-2wLEB9Rv6erhFmqVnvg"],"address":{"@id":"https:\/\/www.eldigitaldeasturias.com\/noticias\/#postaladdress","@type":"PostalAddress","streetAddress":"san antonio 4","postalCode":"33430","addressLocality":"Cand\u00e1s","addressRegion":"Asturias","addressCountry":"ES"}},{"@type":"Person","@id":"https:\/\/www.eldigitaldeasturias.com\/noticias\/author\/admin\/#author","url":"https:\/\/www.eldigitaldeasturias.com\/noticias\/author\/admin\/","name":"El Digital de Asturias","image":{"@type":"ImageObject","@id":"https:\/\/www.eldigitaldeasturias.com\/noticias\/aprobadas-ayudas-para-las-zonas-afectadas-por-el-cierre-de-las-explotaciones-mineras\/#authorImage","url":"https:\/\/secure.gravatar.com\/avatar\/df2aeffc32bcd13f8d26072ef8a91b623d677766deac7f97ca815868cd41bf5e?s=96&d=mm&r=g","width":96,"height":96,"caption":"El Digital de Asturias"}},{"@type":"WebPage","@id":"https:\/\/www.eldigitaldeasturias.com\/noticias\/aprobadas-ayudas-para-las-zonas-afectadas-por-el-cierre-de-las-explotaciones-mineras\/#webpage","url":"https:\/\/www.eldigitaldeasturias.com\/noticias\/aprobadas-ayudas-para-las-zonas-afectadas-por-el-cierre-de-las-explotaciones-mineras\/","name":"Aprobadas ayudas para las zonas afectadas por el cierre de las explotaciones mineras - El Digital de Asturias","description":"El Consejo de Ministros ha autorizado al Instituto para la Reestructuraci\u00f3n de la Miner\u00eda del Carb\u00f3n y Desarrollo Alternativo de las Comarcas Mineras la convocatoria correspondiente a 2017 de las ayudas destinadas a cubrir costes excepcionales derivados de la clausura de instalaciones y la restauraci\u00f3n del espacio natural a causa del cierre de minas de","inLanguage":"es-ES","isPartOf":{"@id":"https:\/\/www.eldigitaldeasturias.com\/noticias\/#website"},"breadcrumb":{"@id":"https:\/\/www.eldigitaldeasturias.com\/noticias\/aprobadas-ayudas-para-las-zonas-afectadas-por-el-cierre-de-las-explotaciones-mineras\/#breadcrumblist"},"author":{"@id":"https:\/\/www.eldigitaldeasturias.com\/noticias\/author\/admin\/#author"},"creator":{"@id":"https:\/\/www.eldigitaldeasturias.com\/noticias\/author\/admin\/#author"},"image":{"@type":"ImageObject","url":959030,"@id":"https:\/\/www.eldigitaldeasturias.com\/noticias\/aprobadas-ayudas-para-las-zonas-afectadas-por-el-cierre-de-las-explotaciones-mineras\/#mainImage"},"primaryImageOfPage":{"@id":"https:\/\/www.eldigitaldeasturias.com\/noticias\/aprobadas-ayudas-para-las-zonas-afectadas-por-el-cierre-de-las-explotaciones-mineras\/#mainImage"},"datePublished":"2017-11-18T07:33:58+01:00","dateModified":"2017-11-18T07:33:58+01:00"},{"@type":"WebSite","@id":"https:\/\/www.eldigitaldeasturias.com\/noticias\/#website","url":"https:\/\/www.eldigitaldeasturias.com\/noticias\/","name":"El Digital de Asturias - Diario de actualidad y noticias","alternateName":"El Digital de Asturias - Diario de actualidad y noticias","description":"Hemeroteca","inLanguage":"es-ES","publisher":{"@id":"https:\/\/www.eldigitaldeasturias.com\/noticias\/#organization"}}]},"og:locale":"es_ES","og:site_name":"El Digital de Asturias","og:type":"article","og:title":"Aprobadas ayudas para las zonas afectadas por el cierre de las explotaciones mineras - El Digital de Asturias","og:description":"El Consejo de Ministros ha autorizado al Instituto para la Reestructuraci\u00f3n de la Miner\u00eda del Carb\u00f3n y Desarrollo Alternativo de las Comarcas Mineras la convocatoria correspondiente a 2017 de las ayudas destinadas a cubrir costes excepcionales derivados de la clausura de instalaciones y la restauraci\u00f3n del espacio natural a causa del cierre de minas de","og:url":"https:\/\/www.eldigitaldeasturias.com\/noticias\/aprobadas-ayudas-para-las-zonas-afectadas-por-el-cierre-de-las-explotaciones-mineras\/","article:tag":["actualidad"],"article:published_time":"2017-11-18T07:33:58+00:00","article:modified_time":"2017-11-18T07:33:58+00:00","article:publisher":"https:\/\/facebook.com\/eldigitaldeasturias","twitter:card":"summary_large_image","twitter:title":"Aprobadas ayudas para las zonas afectadas por el cierre de las explotaciones mineras - El Digital de Asturias","twitter:description":"El Consejo de Ministros ha autorizado al Instituto para la Reestructuraci\u00f3n de la Miner\u00eda del Carb\u00f3n y Desarrollo Alternativo de las Comarcas Mineras la convocatoria correspondiente a 2017 de las ayudas destinadas a cubrir costes excepcionales derivados de la clausura de instalaciones y la restauraci\u00f3n del espacio natural a causa del cierre de minas de","twitter:image":"https:\/\/www.eldigitaldeasturias.com\/noticias\/wp-content\/uploads\/2020\/12\/EDA-1.jpg","twitter:label1":"Escrito por","twitter:data1":"El Digital de Asturias","twitter:label2":"Tiempo de lectura estimado","twitter:data2":"1 minuto"},"aioseo_meta_data":{"post_id":"960316","title":null,"description":null,"keywords":null,"keyphrases":null,"primary_term":null,"canonical_url":null,"og_title":null,"og_description":null,"og_object_type":"default","og_image_type":"default","og_image_url":null,"og_image_width":null,"og_image_height":null,"og_image_custom_url":null,"og_image_custom_fields":null,"og_video":null,"og_custom_url":null,"og_article_section":null,"og_article_tags":null,"twitter_use_og":false,"twitter_card":"default","twitter_image_type":"default","twitter_image_url":null,"twitter_image_custom_url":null,"twitter_image_custom_fields":null,"twitter_title":null,"twitter_description":null,"schema":{"blockGraphs":[],"customGraphs":[],"default":{"data":{"Article":[],"Course":[],"Dataset":[],"FAQPage":[],"Movie":[],"Person":[],"Product":[],"ProductReview":[],"Car":[],"Recipe":[],"Service":[],"SoftwareApplication":[],"WebPage":[]},"graphName":"","isEnabled":true},"graphs":[],"defaultGraph":"","defaultPostTypeGraph":""},"schema_type":null,"schema_type_options":null,"pillar_content":false,"robots_default":true,"robots_noindex":false,"robots_noarchive":false,"robots_nosnippet":false,"robots_nofollow":false,"robots_noimageindex":false,"robots_noodp":false,"robots_notranslate":false,"robots_max_snippet":null,"robots_max_videopreview":null,"robots_max_imagepreview":"large","priority":null,"frequency":null,"local_seo":null,"seo_analyzer_scan_date":"2025-12-07 04:52:28","breadcrumb_settings":null,"limit_modified_date":false,"open_ai":null,"ai":null,"created":"2020-12-21 12:53:06","updated":"2025-12-07 04:52:28","focus_keyword":null,"additional_keywords":null,"truseo_locale":null},"aioseo_breadcrumb":"<div class=\"aioseo-breadcrumbs\"><span class=\"aioseo-breadcrumb\">\n\t<a href=\"https:\/\/www.eldigitaldeasturias.com\/noticias\" title=\"Home\">Home<\/a>\n<\/span><span class=\"aioseo-breadcrumb-separator\">\u2013<\/span><span class=\"aioseo-breadcrumb\">\n\t<a href=\"https:\/\/www.eldigitaldeasturias.com\/noticias\/category\/actualidad\/\" title=\"Actualidad\">Actualidad<\/a>\n<\/span><span class=\"aioseo-breadcrumb-separator\">\u2013<\/span><span class=\"aioseo-breadcrumb\">\n\t<a href=\"https:\/\/www.eldigitaldeasturias.com\/noticias\/aprobadas-ayudas-para-las-zonas-afectadas-por-el-cierre-de-las-explotaciones-mineras\/\" title=\"Aprobadas ayudas para las zonas afectadas por el cierre de las explotaciones mineras\">Aprobadas ayudas para las zonas afectadas por el cierre de las explotaciones mineras<\/a>\n<\/span><\/div>","aioseo_breadcrumb_json":[{"label":"Home","link":"https:\/\/www.eldigitaldeasturias.com\/noticias"},{"label":"Actualidad","link":"https:\/\/www.eldigitaldeasturias.com\/noticias\/category\/actualidad\/"},{"label":"Aprobadas ayudas para las zonas afectadas por el cierre de las explotaciones mineras","link":"https:\/\/www.eldigitaldeasturias.com\/noticias\/aprobadas-ayudas-para-las-zonas-afectadas-por-el-cierre-de-las-explotaciones-mineras\/"}],"_links":{"self":[{"href":"https:\/\/www.eldigitaldeasturias.com\/noticias\/wp-json\/wp\/v2\/posts\/960316","targetHints":{"allow":["GET"]}}],"collection":[{"href":"https:\/\/www.eldigitaldeasturias.com\/noticias\/wp-json\/wp\/v2\/posts"}],"about":[{"href":"https:\/\/www.eldigitaldeasturias.com\/noticias\/wp-json\/wp\/v2\/types\/post"}],"author":[{"embeddable":true,"href":"https:\/\/www.eldigitaldeasturias.com\/noticias\/wp-json\/wp\/v2\/users\/1"}],"replies":[{"embeddable":true,"href":"https:\/\/www.eldigitaldeasturias.com\/noticias\/wp-json\/wp\/v2\/comments?post=960316"}],"version-history":[{"count":0,"href":"https:\/\/www.eldigitaldeasturias.com\/noticias\/wp-json\/wp\/v2\/posts\/960316\/revisions"}],"wp:attachment":[{"href":"https:\/\/www.eldigitaldeasturias.com\/noticias\/wp-json\/wp\/v2\/media?parent=960316"}],"wp:term":[{"taxonomy":"category","embeddable":true,"href":"https:\/\/www.eldigitaldeasturias.com\/noticias\/wp-json\/wp\/v2\/categories?post=960316"},{"taxonomy":"post_tag","embeddable":true,"href":"https:\/\/www.eldigitaldeasturias.com\/noticias\/wp-json\/wp\/v2\/tags?post=960316"}],"curies":[{"name":"wp","href":"https:\/\/api.w.org\/{rel}","templated":true}]}}