{"id":960309,"date":"2017-11-18T07:25:41","date_gmt":"2017-11-18T07:25:41","guid":{"rendered":"http:\/\/www.eldigitaldeasturias.com\/noticias\/?p=960309"},"modified":"2017-11-18T07:27:47","modified_gmt":"2017-11-18T07:27:47","slug":"el-consejo-de-ministros-ha-autorizado-la-convocatoria-de-ayudas-para-la-formacion-de-profesorado-universitario","status":"publish","type":"post","link":"https:\/\/www.eldigitaldeasturias.com\/noticias\/el-consejo-de-ministros-ha-autorizado-la-convocatoria-de-ayudas-para-la-formacion-de-profesorado-universitario\/","title":{"rendered":"El Consejo de Ministros ha autorizado la convocatoria de ayudas para la formaci\u00f3n de profesorado universitario"},"content":{"rendered":"<p class=\"justificado\"><img loading=\"lazy\" decoding=\"async\" class=\"alignleft size-medium wp-image-960310\" src=\"https:\/\/www.eldigitaldeasturias.com\/noticias\/wp-content\/uploads\/2017\/11\/1711201717_Consejo05-360x239.jpg\" alt=\"\" width=\"360\" height=\"239\" \/>El Consejo de Ministros ha autorizado la convocatoria de ayudas para la formaci\u00f3n de profesorado universitario integrado en el Subprograma de Formaci\u00f3n y Movilidad del Programa Estatal de Promoci\u00f3n del Talento y su Empleabilidad, en el marco del Plan Estatal de Investigaci\u00f3n Cient\u00edfica y T\u00e9cnica y de Innovaci\u00f3n 2013-2016, por importe de 71.391.269 euros.<\/p>\n<p class=\"justificado\"><strong>Plan Estatal de Investigaci\u00f3n Cient\u00edfica y T\u00e9cnica y de Innovaci\u00f3n<\/strong><\/p>\n<p class=\"justificado\">El Plan Estatal de Investigaci\u00f3n Cient\u00edfica y T\u00e9cnica y de Innovaci\u00f3n para el per\u00edodo 2013-2016, aprobado por un Acuerdo del Consejo de Ministros del 1 de febrero de 2013, es el instrumento destinado a desarrollar y financiar las actuaciones de la Administraci\u00f3n General del Estado en materia de I+D+i en el marco Estrategia Espa\u00f1ola de Ciencia y Tecnolog\u00eda y de Innovaci\u00f3n, aprobada por un Acuerdo de Consejo de Ministros en la misma reuni\u00f3n.<\/p>\n<p class=\"justificado\">El Plan Estatal fue prorrogado por un Acuerdo del Consejo de Ministros del 30 de diciembre de 2016, hasta que se apruebe el futuro Plan Estatal correspondiente al per\u00edodo 2017-2020.<\/p>\n<p class=\"justificado\">El Plan Estatal se desglosa en cuatro Programas Estatales, entre los que se incluye el Programa Estatal de Promoci\u00f3n del Talento y su Empleabilidad en I+D+i, cuyo objetivo es financiar e incentivar, mediante convocatorias en concurrencia competitiva, la formaci\u00f3n y especializaci\u00f3n de los recursos humanos en I+D+i e impulsar su inserci\u00f3n laboral y su movilidad nacional e internacional.<\/p>\n<p class=\"justificado\"><strong>Convocatoria anual<\/strong><\/p>\n<p class=\"justificado\">En este marco, el Ministerio de Educaci\u00f3n, Cultura y Deporte convoca cada a\u00f1o ayudas para la suscripci\u00f3n de contratos predoctorales para realizar doctorados universitarios en centros de investigaci\u00f3n. El objetivo de la convocatoria es asegurar la disponibilidad futura de doctores en las diferentes disciplinas acad\u00e9micas, que permitan a los centros de investigaci\u00f3n y a las universidades disponer de candidatos bien formados para su posible incorporaci\u00f3n dentro de su personal docente e investigador.<\/p>\n<p class=\"justificado\">Con esta convocatoria, se cumple la doble finalidad de:<\/p>\n<ul class=\"ListaUL\">\n<li>Atraer y facilitar que los mejores candidatos puedan formarse al m\u00e1s alto nivel en programas de doctorado.<\/li>\n<li>Orientar el futuro de los estudiantes hacia la investigaci\u00f3n y la docencia universitaria.<\/li>\n<\/ul>\n<p>&nbsp;<\/p>\n<p class=\"justificado\"><strong>Caracter\u00edsticas de las ayudas<\/strong><\/p>\n<ul class=\"ListaUL\">\n<li>Se trata de 850 ayudas, de las que 17 se reservan a estudiantes con una discapacidad igual o superior al 33 por cien.<\/li>\n<li>Fecha de incorporaci\u00f3n prevista: 1 de septiembre de 2018.<\/li>\n<li>Plazo de ejecuci\u00f3n: 48 meses (m\u00e1s 24 meses adicionales para las personas con discapacidad), entre los a\u00f1os 2017 a 2023.<\/li>\n<\/ul>\n<p>&nbsp;<\/p>\n<p class=\"justificado\"><strong>Dotaci\u00f3n de las ayudas<\/strong><\/p>\n<ul class=\"ListaUL\">\n<li>1.173 euros mensuales (doce mensualidades y dos pagas extraordinarias).<\/li>\n<li>El coste de la cuota empresarial a la Seguridad Social ser\u00e1 tambi\u00e9n financiado por el Ministerio de Educaci\u00f3n, Cultura y Deporte.<\/li>\n<li>El coste mensual prorrateando la paga extraordinaria es de 1.368,50 euros.<\/li>\n<li>Adem\u00e1s, las ayudas podr\u00e1n ser complementadas con financiaci\u00f3n adicional con cargo a los presupuestos de los centros de adscripci\u00f3n contratantes.<\/li>\n<\/ul>\n<p>&nbsp;<\/p>\n<p class=\"justificado\">Estas ayudas ser\u00e1n completadas con las Ayudas Beatriz Galindo, con la intenci\u00f3n de atraer y recuperar talento investigador a nuestras universidades.<\/p>\n","protected":false},"excerpt":{"rendered":"<p>El Consejo de Ministros ha autorizado la convocatoria de ayudas para la formaci\u00f3n de profesorado universitario integrado en el Subprograma de Formaci\u00f3n y Movilidad del Programa Estatal de Promoci\u00f3n del Talento y su Empleabilidad, en el marco del Plan Estatal de Investigaci\u00f3n Cient\u00edfica y T\u00e9cnica y de Innovaci\u00f3n 2013-2016, por importe de 71.391.269 euros. Plan [&hellip;]<\/p>\n","protected":false},"author":1,"featured_media":960310,"comment_status":"closed","ping_status":"closed","sticky":false,"template":"","format":"standard","meta":{"footnotes":""},"categories":[1],"tags":[],"class_list":["post-960309","post","type-post","status-publish","format-standard","has-post-thumbnail","hentry","category-actualidad"],"aioseo_notices":[],"aioseo_head":"\n\t\t<!-- All in One SEO Pro 5.0.1 - aioseo.com -->\n\t<meta name=\"description\" content=\"El Consejo de Ministros ha autorizado la convocatoria de ayudas para la formaci\u00f3n de profesorado universitario integrado en el Subprograma de Formaci\u00f3n y Movilidad del Programa Estatal de Promoci\u00f3n del Talento y su Empleabilidad, en el marco del Plan Estatal de Investigaci\u00f3n Cient\u00edfica y T\u00e9cnica y de Innovaci\u00f3n 2013-2016, por importe de 71.391.269 euros. Plan\" \/>\n\t<meta name=\"robots\" content=\"max-image-preview:large\" \/>\n\t<meta name=\"author\" content=\"El Digital de Asturias\"\/>\n\t<meta name=\"google-site-verification\" content=\"UA-38556648-1\" \/>\n\t<meta name=\"msvalidate.01\" content=\"7dfe9f3f1b24437ab69f4f2559babe99\" \/>\n\t<meta name=\"keywords\" content=\"actualidad\" \/>\n\t<link rel=\"canonical\" href=\"https:\/\/www.eldigitaldeasturias.com\/noticias\/el-consejo-de-ministros-ha-autorizado-la-convocatoria-de-ayudas-para-la-formacion-de-profesorado-universitario\/\" \/>\n\t<meta name=\"generator\" content=\"All in One SEO Pro (AIOSEO) 5.0.1\" \/>\n\t\t<meta property=\"og:locale\" content=\"es_ES\" \/>\n\t\t<meta property=\"og:site_name\" content=\"El Digital de Asturias\" \/>\n\t\t<meta property=\"og:type\" content=\"article\" \/>\n\t\t<meta property=\"og:title\" content=\"El Consejo de Ministros ha autorizado la convocatoria de ayudas para la formaci\u00f3n de profesorado universitario - El Digital de Asturias\" \/>\n\t\t<meta property=\"og:description\" content=\"El Consejo de Ministros ha autorizado la convocatoria de ayudas para la formaci\u00f3n de profesorado universitario integrado en el Subprograma de Formaci\u00f3n y Movilidad del Programa Estatal de Promoci\u00f3n del Talento y su Empleabilidad, en el marco del Plan Estatal de Investigaci\u00f3n Cient\u00edfica y T\u00e9cnica y de Innovaci\u00f3n 2013-2016, por importe de 71.391.269 euros. Plan\" \/>\n\t\t<meta property=\"og:url\" content=\"https:\/\/www.eldigitaldeasturias.com\/noticias\/el-consejo-de-ministros-ha-autorizado-la-convocatoria-de-ayudas-para-la-formacion-de-profesorado-universitario\/\" \/>\n\t\t<meta property=\"article:tag\" content=\"actualidad\" \/>\n\t\t<meta property=\"article:published_time\" content=\"2017-11-18T07:25:41+00:00\" \/>\n\t\t<meta property=\"article:modified_time\" content=\"2017-11-18T07:27:47+00:00\" \/>\n\t\t<meta property=\"article:publisher\" content=\"https:\/\/facebook.com\/eldigitaldeasturias\" \/>\n\t\t<meta name=\"twitter:card\" content=\"summary_large_image\" \/>\n\t\t<meta name=\"twitter:title\" content=\"El Consejo de Ministros ha autorizado la convocatoria de ayudas para la formaci\u00f3n de profesorado universitario - El Digital de Asturias\" \/>\n\t\t<meta name=\"twitter:description\" content=\"El Consejo de Ministros ha autorizado la convocatoria de ayudas para la formaci\u00f3n de profesorado universitario integrado en el Subprograma de Formaci\u00f3n y Movilidad del Programa Estatal de Promoci\u00f3n del Talento y su Empleabilidad, en el marco del Plan Estatal de Investigaci\u00f3n Cient\u00edfica y T\u00e9cnica y de Innovaci\u00f3n 2013-2016, por importe de 71.391.269 euros. Plan\" \/>\n\t\t<meta name=\"twitter:image\" content=\"https:\/\/www.eldigitaldeasturias.com\/noticias\/wp-content\/uploads\/2020\/12\/EDA-1.jpg\" \/>\n\t\t<meta name=\"twitter:label1\" content=\"Escrito por\" \/>\n\t\t<meta name=\"twitter:data1\" content=\"El Digital de Asturias\" \/>\n\t\t<meta name=\"twitter:label2\" content=\"Tiempo de lectura estimado\" \/>\n\t\t<meta name=\"twitter:data2\" content=\"3 minutos\" \/>\n\t\t<script type=\"application\/ld+json\" class=\"aioseo-schema\">\n\t\t\t{\"@context\":\"https:\\\/\\\/schema.org\",\"@graph\":[{\"@type\":\"BlogPosting\",\"@id\":\"https:\\\/\\\/www.eldigitaldeasturias.com\\\/noticias\\\/el-consejo-de-ministros-ha-autorizado-la-convocatoria-de-ayudas-para-la-formacion-de-profesorado-universitario\\\/#blogposting\",\"name\":\"El Consejo de Ministros ha autorizado la convocatoria de ayudas para la formaci\\u00f3n de profesorado universitario - El Digital de Asturias\",\"headline\":\"El Consejo de Ministros ha autorizado la convocatoria de ayudas para la formaci\\u00f3n de profesorado universitario\",\"author\":{\"@id\":\"https:\\\/\\\/www.eldigitaldeasturias.com\\\/noticias\\\/author\\\/admin\\\/#author\"},\"publisher\":{\"@id\":\"https:\\\/\\\/www.eldigitaldeasturias.com\\\/noticias\\\/#organization\"},\"image\":{\"@type\":\"ImageObject\",\"url\":960310},\"datePublished\":\"2017-11-18T07:25:41+01:00\",\"dateModified\":\"2017-11-18T07:27:47+01:00\",\"inLanguage\":\"es-ES\",\"mainEntityOfPage\":{\"@id\":\"https:\\\/\\\/www.eldigitaldeasturias.com\\\/noticias\\\/el-consejo-de-ministros-ha-autorizado-la-convocatoria-de-ayudas-para-la-formacion-de-profesorado-universitario\\\/#webpage\"},\"isPartOf\":{\"@id\":\"https:\\\/\\\/www.eldigitaldeasturias.com\\\/noticias\\\/el-consejo-de-ministros-ha-autorizado-la-convocatoria-de-ayudas-para-la-formacion-de-profesorado-universitario\\\/#webpage\"},\"articleSection\":\"Actualidad\"},{\"@type\":\"BreadcrumbList\",\"@id\":\"https:\\\/\\\/www.eldigitaldeasturias.com\\\/noticias\\\/el-consejo-de-ministros-ha-autorizado-la-convocatoria-de-ayudas-para-la-formacion-de-profesorado-universitario\\\/#breadcrumblist\",\"itemListElement\":[{\"@type\":\"ListItem\",\"@id\":\"https:\\\/\\\/www.eldigitaldeasturias.com\\\/noticias#listItem\",\"position\":1,\"name\":\"Home\",\"item\":\"https:\\\/\\\/www.eldigitaldeasturias.com\\\/noticias\",\"nextItem\":{\"@type\":\"ListItem\",\"@id\":\"https:\\\/\\\/www.eldigitaldeasturias.com\\\/noticias\\\/category\\\/actualidad\\\/#listItem\",\"name\":\"Actualidad\"}},{\"@type\":\"ListItem\",\"@id\":\"https:\\\/\\\/www.eldigitaldeasturias.com\\\/noticias\\\/category\\\/actualidad\\\/#listItem\",\"position\":2,\"name\":\"Actualidad\",\"item\":\"https:\\\/\\\/www.eldigitaldeasturias.com\\\/noticias\\\/category\\\/actualidad\\\/\",\"nextItem\":{\"@type\":\"ListItem\",\"@id\":\"https:\\\/\\\/www.eldigitaldeasturias.com\\\/noticias\\\/el-consejo-de-ministros-ha-autorizado-la-convocatoria-de-ayudas-para-la-formacion-de-profesorado-universitario\\\/#listItem\",\"name\":\"El Consejo de Ministros ha autorizado la convocatoria de ayudas para la formaci\\u00f3n de profesorado universitario\"},\"previousItem\":{\"@type\":\"ListItem\",\"@id\":\"https:\\\/\\\/www.eldigitaldeasturias.com\\\/noticias#listItem\",\"name\":\"Home\"}},{\"@type\":\"ListItem\",\"@id\":\"https:\\\/\\\/www.eldigitaldeasturias.com\\\/noticias\\\/el-consejo-de-ministros-ha-autorizado-la-convocatoria-de-ayudas-para-la-formacion-de-profesorado-universitario\\\/#listItem\",\"position\":3,\"name\":\"El Consejo de Ministros ha autorizado la convocatoria de ayudas para la formaci\\u00f3n de profesorado universitario\",\"previousItem\":{\"@type\":\"ListItem\",\"@id\":\"https:\\\/\\\/www.eldigitaldeasturias.com\\\/noticias\\\/category\\\/actualidad\\\/#listItem\",\"name\":\"Actualidad\"}}]},{\"@type\":\"Organization\",\"@id\":\"https:\\\/\\\/www.eldigitaldeasturias.com\\\/noticias\\\/#organization\",\"name\":\"El Digital de Asturias\",\"description\":\"Hemeroteca\",\"url\":\"https:\\\/\\\/www.eldigitaldeasturias.com\\\/noticias\\\/\",\"email\":\"info@eldigitaldeasturias.com\",\"telephone\":\"+34652131393\",\"logo\":{\"@type\":\"ImageObject\",\"url\":\"https:\\\/\\\/www.eldigitaldeasturias.com\\\/noticias\\\/wp-content\\\/uploads\\\/2020\\\/12\\\/EDA.jpg\",\"@id\":\"https:\\\/\\\/www.eldigitaldeasturias.com\\\/noticias\\\/el-consejo-de-ministros-ha-autorizado-la-convocatoria-de-ayudas-para-la-formacion-de-profesorado-universitario\\\/#organizationLogo\"},\"image\":{\"@id\":\"https:\\\/\\\/www.eldigitaldeasturias.com\\\/noticias\\\/el-consejo-de-ministros-ha-autorizado-la-convocatoria-de-ayudas-para-la-formacion-de-profesorado-universitario\\\/#organizationLogo\"},\"sameAs\":[\"https:\\\/\\\/facebook.com\\\/eldigitaldeasturias\",\"https:\\\/\\\/www.youtube.com\\\/channel\\\/UCZP-2wLEB9Rv6erhFmqVnvg\"],\"address\":{\"@id\":\"https:\\\/\\\/www.eldigitaldeasturias.com\\\/noticias\\\/#postaladdress\",\"@type\":\"PostalAddress\",\"streetAddress\":\"san antonio 4\",\"postalCode\":\"33430\",\"addressLocality\":\"Cand\\u00e1s\",\"addressRegion\":\"Asturias\",\"addressCountry\":\"ES\"}},{\"@type\":\"Person\",\"@id\":\"https:\\\/\\\/www.eldigitaldeasturias.com\\\/noticias\\\/author\\\/admin\\\/#author\",\"url\":\"https:\\\/\\\/www.eldigitaldeasturias.com\\\/noticias\\\/author\\\/admin\\\/\",\"name\":\"El Digital de Asturias\",\"image\":{\"@type\":\"ImageObject\",\"@id\":\"https:\\\/\\\/www.eldigitaldeasturias.com\\\/noticias\\\/el-consejo-de-ministros-ha-autorizado-la-convocatoria-de-ayudas-para-la-formacion-de-profesorado-universitario\\\/#authorImage\",\"url\":\"https:\\\/\\\/secure.gravatar.com\\\/avatar\\\/df2aeffc32bcd13f8d26072ef8a91b623d677766deac7f97ca815868cd41bf5e?s=96&d=mm&r=g\",\"width\":96,\"height\":96,\"caption\":\"El Digital de Asturias\"}},{\"@type\":\"WebPage\",\"@id\":\"https:\\\/\\\/www.eldigitaldeasturias.com\\\/noticias\\\/el-consejo-de-ministros-ha-autorizado-la-convocatoria-de-ayudas-para-la-formacion-de-profesorado-universitario\\\/#webpage\",\"url\":\"https:\\\/\\\/www.eldigitaldeasturias.com\\\/noticias\\\/el-consejo-de-ministros-ha-autorizado-la-convocatoria-de-ayudas-para-la-formacion-de-profesorado-universitario\\\/\",\"name\":\"El Consejo de Ministros ha autorizado la convocatoria de ayudas para la formaci\\u00f3n de profesorado universitario - El Digital de Asturias\",\"description\":\"El Consejo de Ministros ha autorizado la convocatoria de ayudas para la formaci\\u00f3n de profesorado universitario integrado en el Subprograma de Formaci\\u00f3n y Movilidad del Programa Estatal de Promoci\\u00f3n del Talento y su Empleabilidad, en el marco del Plan Estatal de Investigaci\\u00f3n Cient\\u00edfica y T\\u00e9cnica y de Innovaci\\u00f3n 2013-2016, por importe de 71.391.269 euros. Plan\",\"inLanguage\":\"es-ES\",\"isPartOf\":{\"@id\":\"https:\\\/\\\/www.eldigitaldeasturias.com\\\/noticias\\\/#website\"},\"breadcrumb\":{\"@id\":\"https:\\\/\\\/www.eldigitaldeasturias.com\\\/noticias\\\/el-consejo-de-ministros-ha-autorizado-la-convocatoria-de-ayudas-para-la-formacion-de-profesorado-universitario\\\/#breadcrumblist\"},\"author\":{\"@id\":\"https:\\\/\\\/www.eldigitaldeasturias.com\\\/noticias\\\/author\\\/admin\\\/#author\"},\"creator\":{\"@id\":\"https:\\\/\\\/www.eldigitaldeasturias.com\\\/noticias\\\/author\\\/admin\\\/#author\"},\"image\":{\"@type\":\"ImageObject\",\"url\":960310,\"@id\":\"https:\\\/\\\/www.eldigitaldeasturias.com\\\/noticias\\\/el-consejo-de-ministros-ha-autorizado-la-convocatoria-de-ayudas-para-la-formacion-de-profesorado-universitario\\\/#mainImage\"},\"primaryImageOfPage\":{\"@id\":\"https:\\\/\\\/www.eldigitaldeasturias.com\\\/noticias\\\/el-consejo-de-ministros-ha-autorizado-la-convocatoria-de-ayudas-para-la-formacion-de-profesorado-universitario\\\/#mainImage\"},\"datePublished\":\"2017-11-18T07:25:41+01:00\",\"dateModified\":\"2017-11-18T07:27:47+01:00\"},{\"@type\":\"WebSite\",\"@id\":\"https:\\\/\\\/www.eldigitaldeasturias.com\\\/noticias\\\/#website\",\"url\":\"https:\\\/\\\/www.eldigitaldeasturias.com\\\/noticias\\\/\",\"name\":\"El Digital de Asturias - Diario de actualidad y noticias\",\"alternateName\":\"El Digital de Asturias - Diario de actualidad y noticias\",\"description\":\"Hemeroteca\",\"inLanguage\":\"es-ES\",\"publisher\":{\"@id\":\"https:\\\/\\\/www.eldigitaldeasturias.com\\\/noticias\\\/#organization\"}}]}\n\t\t<\/script>\n\t\t<!-- All in One SEO Pro -->\r\n\t\t<title>El Consejo de Ministros ha autorizado la convocatoria de ayudas para la formaci\u00f3n de profesorado universitario - El Digital de Asturias<\/title>\n\n","aioseo_head_json":{"title":"El Consejo de Ministros ha autorizado la convocatoria de ayudas para la formaci\u00f3n de profesorado universitario - El Digital de Asturias","description":"El Consejo de Ministros ha autorizado la convocatoria de ayudas para la formaci\u00f3n de profesorado universitario integrado en el Subprograma de Formaci\u00f3n y Movilidad del Programa Estatal de Promoci\u00f3n del Talento y su Empleabilidad, en el marco del Plan Estatal de Investigaci\u00f3n Cient\u00edfica y T\u00e9cnica y de Innovaci\u00f3n 2013-2016, por importe de 71.391.269 euros. Plan","canonical_url":"https:\/\/www.eldigitaldeasturias.com\/noticias\/el-consejo-de-ministros-ha-autorizado-la-convocatoria-de-ayudas-para-la-formacion-de-profesorado-universitario\/","robots":"max-image-preview:large","keywords":"actualidad","webmasterTools":{"google-site-verification":"UA-38556648-1","msvalidate.01":"7dfe9f3f1b24437ab69f4f2559babe99","miscellaneous":""},"schema":{"@context":"https:\/\/schema.org","@graph":[{"@type":"BlogPosting","@id":"https:\/\/www.eldigitaldeasturias.com\/noticias\/el-consejo-de-ministros-ha-autorizado-la-convocatoria-de-ayudas-para-la-formacion-de-profesorado-universitario\/#blogposting","name":"El Consejo de Ministros ha autorizado la convocatoria de ayudas para la formaci\u00f3n de profesorado universitario - El Digital de Asturias","headline":"El Consejo de Ministros ha autorizado la convocatoria de ayudas para la formaci\u00f3n de profesorado universitario","author":{"@id":"https:\/\/www.eldigitaldeasturias.com\/noticias\/author\/admin\/#author"},"publisher":{"@id":"https:\/\/www.eldigitaldeasturias.com\/noticias\/#organization"},"image":{"@type":"ImageObject","url":960310},"datePublished":"2017-11-18T07:25:41+01:00","dateModified":"2017-11-18T07:27:47+01:00","inLanguage":"es-ES","mainEntityOfPage":{"@id":"https:\/\/www.eldigitaldeasturias.com\/noticias\/el-consejo-de-ministros-ha-autorizado-la-convocatoria-de-ayudas-para-la-formacion-de-profesorado-universitario\/#webpage"},"isPartOf":{"@id":"https:\/\/www.eldigitaldeasturias.com\/noticias\/el-consejo-de-ministros-ha-autorizado-la-convocatoria-de-ayudas-para-la-formacion-de-profesorado-universitario\/#webpage"},"articleSection":"Actualidad"},{"@type":"BreadcrumbList","@id":"https:\/\/www.eldigitaldeasturias.com\/noticias\/el-consejo-de-ministros-ha-autorizado-la-convocatoria-de-ayudas-para-la-formacion-de-profesorado-universitario\/#breadcrumblist","itemListElement":[{"@type":"ListItem","@id":"https:\/\/www.eldigitaldeasturias.com\/noticias#listItem","position":1,"name":"Home","item":"https:\/\/www.eldigitaldeasturias.com\/noticias","nextItem":{"@type":"ListItem","@id":"https:\/\/www.eldigitaldeasturias.com\/noticias\/category\/actualidad\/#listItem","name":"Actualidad"}},{"@type":"ListItem","@id":"https:\/\/www.eldigitaldeasturias.com\/noticias\/category\/actualidad\/#listItem","position":2,"name":"Actualidad","item":"https:\/\/www.eldigitaldeasturias.com\/noticias\/category\/actualidad\/","nextItem":{"@type":"ListItem","@id":"https:\/\/www.eldigitaldeasturias.com\/noticias\/el-consejo-de-ministros-ha-autorizado-la-convocatoria-de-ayudas-para-la-formacion-de-profesorado-universitario\/#listItem","name":"El Consejo de Ministros ha autorizado la convocatoria de ayudas para la formaci\u00f3n de profesorado universitario"},"previousItem":{"@type":"ListItem","@id":"https:\/\/www.eldigitaldeasturias.com\/noticias#listItem","name":"Home"}},{"@type":"ListItem","@id":"https:\/\/www.eldigitaldeasturias.com\/noticias\/el-consejo-de-ministros-ha-autorizado-la-convocatoria-de-ayudas-para-la-formacion-de-profesorado-universitario\/#listItem","position":3,"name":"El Consejo de Ministros ha autorizado la convocatoria de ayudas para la formaci\u00f3n de profesorado universitario","previousItem":{"@type":"ListItem","@id":"https:\/\/www.eldigitaldeasturias.com\/noticias\/category\/actualidad\/#listItem","name":"Actualidad"}}]},{"@type":"Organization","@id":"https:\/\/www.eldigitaldeasturias.com\/noticias\/#organization","name":"El Digital de Asturias","description":"Hemeroteca","url":"https:\/\/www.eldigitaldeasturias.com\/noticias\/","email":"info@eldigitaldeasturias.com","telephone":"+34652131393","logo":{"@type":"ImageObject","url":"https:\/\/www.eldigitaldeasturias.com\/noticias\/wp-content\/uploads\/2020\/12\/EDA.jpg","@id":"https:\/\/www.eldigitaldeasturias.com\/noticias\/el-consejo-de-ministros-ha-autorizado-la-convocatoria-de-ayudas-para-la-formacion-de-profesorado-universitario\/#organizationLogo"},"image":{"@id":"https:\/\/www.eldigitaldeasturias.com\/noticias\/el-consejo-de-ministros-ha-autorizado-la-convocatoria-de-ayudas-para-la-formacion-de-profesorado-universitario\/#organizationLogo"},"sameAs":["https:\/\/facebook.com\/eldigitaldeasturias","https:\/\/www.youtube.com\/channel\/UCZP-2wLEB9Rv6erhFmqVnvg"],"address":{"@id":"https:\/\/www.eldigitaldeasturias.com\/noticias\/#postaladdress","@type":"PostalAddress","streetAddress":"san antonio 4","postalCode":"33430","addressLocality":"Cand\u00e1s","addressRegion":"Asturias","addressCountry":"ES"}},{"@type":"Person","@id":"https:\/\/www.eldigitaldeasturias.com\/noticias\/author\/admin\/#author","url":"https:\/\/www.eldigitaldeasturias.com\/noticias\/author\/admin\/","name":"El Digital de Asturias","image":{"@type":"ImageObject","@id":"https:\/\/www.eldigitaldeasturias.com\/noticias\/el-consejo-de-ministros-ha-autorizado-la-convocatoria-de-ayudas-para-la-formacion-de-profesorado-universitario\/#authorImage","url":"https:\/\/secure.gravatar.com\/avatar\/df2aeffc32bcd13f8d26072ef8a91b623d677766deac7f97ca815868cd41bf5e?s=96&d=mm&r=g","width":96,"height":96,"caption":"El Digital de Asturias"}},{"@type":"WebPage","@id":"https:\/\/www.eldigitaldeasturias.com\/noticias\/el-consejo-de-ministros-ha-autorizado-la-convocatoria-de-ayudas-para-la-formacion-de-profesorado-universitario\/#webpage","url":"https:\/\/www.eldigitaldeasturias.com\/noticias\/el-consejo-de-ministros-ha-autorizado-la-convocatoria-de-ayudas-para-la-formacion-de-profesorado-universitario\/","name":"El Consejo de Ministros ha autorizado la convocatoria de ayudas para la formaci\u00f3n de profesorado universitario - El Digital de Asturias","description":"El Consejo de Ministros ha autorizado la convocatoria de ayudas para la formaci\u00f3n de profesorado universitario integrado en el Subprograma de Formaci\u00f3n y Movilidad del Programa Estatal de Promoci\u00f3n del Talento y su Empleabilidad, en el marco del Plan Estatal de Investigaci\u00f3n Cient\u00edfica y T\u00e9cnica y de Innovaci\u00f3n 2013-2016, por importe de 71.391.269 euros. Plan","inLanguage":"es-ES","isPartOf":{"@id":"https:\/\/www.eldigitaldeasturias.com\/noticias\/#website"},"breadcrumb":{"@id":"https:\/\/www.eldigitaldeasturias.com\/noticias\/el-consejo-de-ministros-ha-autorizado-la-convocatoria-de-ayudas-para-la-formacion-de-profesorado-universitario\/#breadcrumblist"},"author":{"@id":"https:\/\/www.eldigitaldeasturias.com\/noticias\/author\/admin\/#author"},"creator":{"@id":"https:\/\/www.eldigitaldeasturias.com\/noticias\/author\/admin\/#author"},"image":{"@type":"ImageObject","url":960310,"@id":"https:\/\/www.eldigitaldeasturias.com\/noticias\/el-consejo-de-ministros-ha-autorizado-la-convocatoria-de-ayudas-para-la-formacion-de-profesorado-universitario\/#mainImage"},"primaryImageOfPage":{"@id":"https:\/\/www.eldigitaldeasturias.com\/noticias\/el-consejo-de-ministros-ha-autorizado-la-convocatoria-de-ayudas-para-la-formacion-de-profesorado-universitario\/#mainImage"},"datePublished":"2017-11-18T07:25:41+01:00","dateModified":"2017-11-18T07:27:47+01:00"},{"@type":"WebSite","@id":"https:\/\/www.eldigitaldeasturias.com\/noticias\/#website","url":"https:\/\/www.eldigitaldeasturias.com\/noticias\/","name":"El Digital de Asturias - Diario de actualidad y noticias","alternateName":"El Digital de Asturias - Diario de actualidad y noticias","description":"Hemeroteca","inLanguage":"es-ES","publisher":{"@id":"https:\/\/www.eldigitaldeasturias.com\/noticias\/#organization"}}]},"og:locale":"es_ES","og:site_name":"El Digital de Asturias","og:type":"article","og:title":"El Consejo de Ministros ha autorizado la convocatoria de ayudas para la formaci\u00f3n de profesorado universitario - El Digital de Asturias","og:description":"El Consejo de Ministros ha autorizado la convocatoria de ayudas para la formaci\u00f3n de profesorado universitario integrado en el Subprograma de Formaci\u00f3n y Movilidad del Programa Estatal de Promoci\u00f3n del Talento y su Empleabilidad, en el marco del Plan Estatal de Investigaci\u00f3n Cient\u00edfica y T\u00e9cnica y de Innovaci\u00f3n 2013-2016, por importe de 71.391.269 euros. Plan","og:url":"https:\/\/www.eldigitaldeasturias.com\/noticias\/el-consejo-de-ministros-ha-autorizado-la-convocatoria-de-ayudas-para-la-formacion-de-profesorado-universitario\/","article:tag":["actualidad"],"article:published_time":"2017-11-18T07:25:41+00:00","article:modified_time":"2017-11-18T07:27:47+00:00","article:publisher":"https:\/\/facebook.com\/eldigitaldeasturias","twitter:card":"summary_large_image","twitter:title":"El Consejo de Ministros ha autorizado la convocatoria de ayudas para la formaci\u00f3n de profesorado universitario - El Digital de Asturias","twitter:description":"El Consejo de Ministros ha autorizado la convocatoria de ayudas para la formaci\u00f3n de profesorado universitario integrado en el Subprograma de Formaci\u00f3n y Movilidad del Programa Estatal de Promoci\u00f3n del Talento y su Empleabilidad, en el marco del Plan Estatal de Investigaci\u00f3n Cient\u00edfica y T\u00e9cnica y de Innovaci\u00f3n 2013-2016, por importe de 71.391.269 euros. Plan","twitter:image":"https:\/\/www.eldigitaldeasturias.com\/noticias\/wp-content\/uploads\/2020\/12\/EDA-1.jpg","twitter:label1":"Escrito por","twitter:data1":"El Digital de Asturias","twitter:label2":"Tiempo de lectura estimado","twitter:data2":"3 minutos"},"aioseo_meta_data":{"post_id":"960309","title":null,"description":null,"keywords":null,"keyphrases":null,"primary_term":null,"canonical_url":null,"og_title":null,"og_description":null,"og_object_type":"default","og_image_type":"default","og_image_url":null,"og_image_width":null,"og_image_height":null,"og_image_custom_url":null,"og_image_custom_fields":null,"og_video":null,"og_custom_url":null,"og_article_section":null,"og_article_tags":null,"twitter_use_og":false,"twitter_card":"default","twitter_image_type":"default","twitter_image_url":null,"twitter_image_custom_url":null,"twitter_image_custom_fields":null,"twitter_title":null,"twitter_description":null,"schema":{"blockGraphs":[],"customGraphs":[],"default":{"data":{"Article":[],"Course":[],"Dataset":[],"FAQPage":[],"Movie":[],"Person":[],"Product":[],"ProductReview":[],"Car":[],"Recipe":[],"Service":[],"SoftwareApplication":[],"WebPage":[]},"graphName":"","isEnabled":true},"graphs":[],"defaultGraph":"","defaultPostTypeGraph":""},"schema_type":null,"schema_type_options":null,"pillar_content":false,"robots_default":true,"robots_noindex":false,"robots_noarchive":false,"robots_nosnippet":false,"robots_nofollow":false,"robots_noimageindex":false,"robots_noodp":false,"robots_notranslate":false,"robots_max_snippet":null,"robots_max_videopreview":null,"robots_max_imagepreview":"large","priority":null,"frequency":null,"local_seo":null,"seo_analyzer_scan_date":"2025-12-07 04:50:40","breadcrumb_settings":null,"limit_modified_date":false,"open_ai":null,"ai":null,"created":"2020-12-21 12:53:06","updated":"2025-12-07 04:50:40","focus_keyword":null,"additional_keywords":null,"truseo_locale":null},"aioseo_breadcrumb":"<div class=\"aioseo-breadcrumbs\"><span class=\"aioseo-breadcrumb\">\n\t<a href=\"https:\/\/www.eldigitaldeasturias.com\/noticias\" title=\"Home\">Home<\/a>\n<\/span><span class=\"aioseo-breadcrumb-separator\">\u2013<\/span><span class=\"aioseo-breadcrumb\">\n\t<a href=\"https:\/\/www.eldigitaldeasturias.com\/noticias\/category\/actualidad\/\" title=\"Actualidad\">Actualidad<\/a>\n<\/span><span class=\"aioseo-breadcrumb-separator\">\u2013<\/span><span class=\"aioseo-breadcrumb\">\n\t<a href=\"https:\/\/www.eldigitaldeasturias.com\/noticias\/el-consejo-de-ministros-ha-autorizado-la-convocatoria-de-ayudas-para-la-formacion-de-profesorado-universitario\/\" title=\"El Consejo de Ministros ha autorizado la convocatoria de ayudas para la formaci\u00f3n de profesorado universitario\">El Consejo de Ministros ha autorizado la convocatoria de ayudas para la formaci\u00f3n de profesorado universitario<\/a>\n<\/span><\/div>","aioseo_breadcrumb_json":[{"label":"Home","link":"https:\/\/www.eldigitaldeasturias.com\/noticias"},{"label":"Actualidad","link":"https:\/\/www.eldigitaldeasturias.com\/noticias\/category\/actualidad\/"},{"label":"El Consejo de Ministros ha autorizado la convocatoria de ayudas para la formaci\u00f3n de profesorado universitario","link":"https:\/\/www.eldigitaldeasturias.com\/noticias\/el-consejo-de-ministros-ha-autorizado-la-convocatoria-de-ayudas-para-la-formacion-de-profesorado-universitario\/"}],"_links":{"self":[{"href":"https:\/\/www.eldigitaldeasturias.com\/noticias\/wp-json\/wp\/v2\/posts\/960309","targetHints":{"allow":["GET"]}}],"collection":[{"href":"https:\/\/www.eldigitaldeasturias.com\/noticias\/wp-json\/wp\/v2\/posts"}],"about":[{"href":"https:\/\/www.eldigitaldeasturias.com\/noticias\/wp-json\/wp\/v2\/types\/post"}],"author":[{"embeddable":true,"href":"https:\/\/www.eldigitaldeasturias.com\/noticias\/wp-json\/wp\/v2\/users\/1"}],"replies":[{"embeddable":true,"href":"https:\/\/www.eldigitaldeasturias.com\/noticias\/wp-json\/wp\/v2\/comments?post=960309"}],"version-history":[{"count":0,"href":"https:\/\/www.eldigitaldeasturias.com\/noticias\/wp-json\/wp\/v2\/posts\/960309\/revisions"}],"wp:attachment":[{"href":"https:\/\/www.eldigitaldeasturias.com\/noticias\/wp-json\/wp\/v2\/media?parent=960309"}],"wp:term":[{"taxonomy":"category","embeddable":true,"href":"https:\/\/www.eldigitaldeasturias.com\/noticias\/wp-json\/wp\/v2\/categories?post=960309"},{"taxonomy":"post_tag","embeddable":true,"href":"https:\/\/www.eldigitaldeasturias.com\/noticias\/wp-json\/wp\/v2\/tags?post=960309"}],"curies":[{"name":"wp","href":"https:\/\/api.w.org\/{rel}","templated":true}]}}