{"id":960304,"date":"2017-11-18T07:17:22","date_gmt":"2017-11-18T07:17:22","guid":{"rendered":"http:\/\/www.eldigitaldeasturias.com\/noticias\/?p=960304"},"modified":"2017-11-18T07:17:22","modified_gmt":"2017-11-18T07:17:22","slug":"el-gobierno-modifica-la-ley-de-medidas-sanitarias-frente-al-tabaquismo","status":"publish","type":"post","link":"https:\/\/www.eldigitaldeasturias.com\/noticias\/el-gobierno-modifica-la-ley-de-medidas-sanitarias-frente-al-tabaquismo\/","title":{"rendered":"El Gobierno modifica la Ley de medidas sanitarias frente al tabaquismo"},"content":{"rendered":"<p><img loading=\"lazy\" decoding=\"async\" class=\"alignleft size-medium wp-image-826242\" src=\"https:\/\/www.eldigitaldeasturias.com\/noticias\/wp-content\/uploads\/2015\/11\/tabaco-360x270.jpg\" alt=\"\" width=\"360\" height=\"270\" \/>El Consejo de Ministros ha aprobado un Real Decreto Ley por el que se modifica la Ley de <strong>medidas sanitarias frente al tabaquismo<\/strong> y reguladora de la venta, el suministro, el consumo y la publicidad de los productos del tabaco, del 26 de diciembre de 2005, con el fin de transponer una Directiva Comunitaria del 3 de abril de 2014.<\/p>\n<p>Este Real Decreto Ley es un paso m\u00e1s hacia la culminaci\u00f3n de la trasposici\u00f3n de la normativa europea de tabaco, la citada Directiva, con el objetivo de avanzar en la protecci\u00f3n de la salud de los fumadores de tabaco y productos relacionados e, indirectamente, de los fumadores pasivos.<\/p>\n<p><strong>Novedades<\/strong><\/p>\n<p>Las principales novedades que introduce este Real Decreto Ley son las limitaciones a la venta a distancia de los dispositivos susceptibles de liberar nicotina, como son los cigarros electr\u00f3nicos, y envases de recarga. Adem\u00e1s, se equiparan la publicidad, la promoci\u00f3n y el patrocinio de estos dispositivos a las de los productos del tabaco.<\/p>\n<p>Se recuerda que la Ley proh\u00edbe la venta a distancia transfronteriza para productos de tabaco y ahora con este Real Decreto Ley se incluye la prohibici\u00f3n de la venta a distancia transfronteriza tambi\u00e9n para dispositivos susceptibles de liberaci\u00f3n de nicotina (cigarrillos electr\u00f3nicos y envases de recarga). Ello supone aplicar criterios similares en la comercializaci\u00f3n de productos de tabaco y de dispositivos susceptivos de liberaci\u00f3n de nicotina, por la especial atenci\u00f3n a la protecci\u00f3n de la salud a determinados grupos de poblaci\u00f3n, principalmente j\u00f3venes.<\/p>\n<p><strong>Infracciones<\/strong><\/p>\n<p>Asimismo, se recoge el r\u00e9gimen de infracciones con el fin de contemplar los incumplimientos a las nuevas obligaciones que se introducen con este Real Decreto Ley y con el Real Decreto por el que se regulan determinados aspectos relativos a la fabricaci\u00f3n, presentaci\u00f3n y comercializaci\u00f3n de los productos del tabaco y los productos relacionados, que fue aprobado en junio y en el que incorpor\u00f3 en su mayor parte (al 95 por cien) la trasposici\u00f3n de la normativa europea al ordenamiento jur\u00eddico espa\u00f1ol.<\/p>\n<p>&nbsp;<\/p>\n","protected":false},"excerpt":{"rendered":"<p>El Consejo de Ministros ha aprobado un Real Decreto Ley por el que se modifica la Ley de medidas sanitarias frente al tabaquismo y reguladora de la venta, el suministro, el consumo y la publicidad de los productos del tabaco, del 26 de diciembre de 2005, con el fin de transponer una Directiva Comunitaria del [&hellip;]<\/p>\n","protected":false},"author":1,"featured_media":826242,"comment_status":"closed","ping_status":"closed","sticky":false,"template":"","format":"standard","meta":{"footnotes":""},"categories":[1],"tags":[],"class_list":["post-960304","post","type-post","status-publish","format-standard","has-post-thumbnail","hentry","category-actualidad"],"aioseo_notices":[],"aioseo_head":"\n\t\t<!-- All in One SEO Pro 5.0.1 - aioseo.com -->\n\t<meta name=\"description\" content=\"El Consejo de Ministros ha aprobado un Real Decreto Ley por el que se modifica la Ley de medidas sanitarias frente al tabaquismo y reguladora de la venta, el suministro, el consumo y la publicidad de los productos del tabaco, del 26 de diciembre de 2005, con el fin de transponer una Directiva Comunitaria del\" \/>\n\t<meta name=\"robots\" content=\"max-image-preview:large\" \/>\n\t<meta name=\"author\" content=\"El Digital de Asturias\"\/>\n\t<meta name=\"google-site-verification\" content=\"UA-38556648-1\" \/>\n\t<meta name=\"msvalidate.01\" content=\"7dfe9f3f1b24437ab69f4f2559babe99\" \/>\n\t<meta name=\"keywords\" content=\"actualidad\" \/>\n\t<link rel=\"canonical\" href=\"https:\/\/www.eldigitaldeasturias.com\/noticias\/el-gobierno-modifica-la-ley-de-medidas-sanitarias-frente-al-tabaquismo\/\" \/>\n\t<meta name=\"generator\" content=\"All in One SEO Pro (AIOSEO) 5.0.1\" \/>\n\t\t<meta property=\"og:locale\" content=\"es_ES\" \/>\n\t\t<meta property=\"og:site_name\" content=\"El Digital de Asturias\" \/>\n\t\t<meta property=\"og:type\" content=\"article\" \/>\n\t\t<meta property=\"og:title\" content=\"El Gobierno modifica la Ley de medidas sanitarias frente al tabaquismo - El Digital de Asturias\" \/>\n\t\t<meta property=\"og:description\" content=\"El Consejo de Ministros ha aprobado un Real Decreto Ley por el que se modifica la Ley de medidas sanitarias frente al tabaquismo y reguladora de la venta, el suministro, el consumo y la publicidad de los productos del tabaco, del 26 de diciembre de 2005, con el fin de transponer una Directiva Comunitaria del\" \/>\n\t\t<meta property=\"og:url\" content=\"https:\/\/www.eldigitaldeasturias.com\/noticias\/el-gobierno-modifica-la-ley-de-medidas-sanitarias-frente-al-tabaquismo\/\" \/>\n\t\t<meta property=\"article:tag\" content=\"actualidad\" \/>\n\t\t<meta property=\"article:published_time\" content=\"2017-11-18T07:17:22+00:00\" \/>\n\t\t<meta property=\"article:modified_time\" content=\"2017-11-18T07:17:22+00:00\" \/>\n\t\t<meta property=\"article:publisher\" content=\"https:\/\/facebook.com\/eldigitaldeasturias\" \/>\n\t\t<meta name=\"twitter:card\" content=\"summary_large_image\" \/>\n\t\t<meta name=\"twitter:title\" content=\"El Gobierno modifica la Ley de medidas sanitarias frente al tabaquismo - El Digital de Asturias\" \/>\n\t\t<meta name=\"twitter:description\" content=\"El Consejo de Ministros ha aprobado un Real Decreto Ley por el que se modifica la Ley de medidas sanitarias frente al tabaquismo y reguladora de la venta, el suministro, el consumo y la publicidad de los productos del tabaco, del 26 de diciembre de 2005, con el fin de transponer una Directiva Comunitaria del\" \/>\n\t\t<meta name=\"twitter:image\" content=\"https:\/\/www.eldigitaldeasturias.com\/noticias\/wp-content\/uploads\/2020\/12\/EDA-1.jpg\" \/>\n\t\t<meta name=\"twitter:label1\" content=\"Escrito por\" \/>\n\t\t<meta name=\"twitter:data1\" content=\"El Digital de Asturias\" \/>\n\t\t<meta name=\"twitter:label2\" content=\"Tiempo de lectura estimado\" \/>\n\t\t<meta name=\"twitter:data2\" content=\"2 minutos\" \/>\n\t\t<script type=\"application\/ld+json\" class=\"aioseo-schema\">\n\t\t\t{\"@context\":\"https:\\\/\\\/schema.org\",\"@graph\":[{\"@type\":\"BlogPosting\",\"@id\":\"https:\\\/\\\/www.eldigitaldeasturias.com\\\/noticias\\\/el-gobierno-modifica-la-ley-de-medidas-sanitarias-frente-al-tabaquismo\\\/#blogposting\",\"name\":\"El Gobierno modifica la Ley de medidas sanitarias frente al tabaquismo - El Digital de Asturias\",\"headline\":\"El Gobierno modifica la Ley de medidas sanitarias frente al tabaquismo\",\"author\":{\"@id\":\"https:\\\/\\\/www.eldigitaldeasturias.com\\\/noticias\\\/author\\\/admin\\\/#author\"},\"publisher\":{\"@id\":\"https:\\\/\\\/www.eldigitaldeasturias.com\\\/noticias\\\/#organization\"},\"image\":{\"@type\":\"ImageObject\",\"url\":826242},\"datePublished\":\"2017-11-18T07:17:22+01:00\",\"dateModified\":\"2017-11-18T07:17:22+01:00\",\"inLanguage\":\"es-ES\",\"mainEntityOfPage\":{\"@id\":\"https:\\\/\\\/www.eldigitaldeasturias.com\\\/noticias\\\/el-gobierno-modifica-la-ley-de-medidas-sanitarias-frente-al-tabaquismo\\\/#webpage\"},\"isPartOf\":{\"@id\":\"https:\\\/\\\/www.eldigitaldeasturias.com\\\/noticias\\\/el-gobierno-modifica-la-ley-de-medidas-sanitarias-frente-al-tabaquismo\\\/#webpage\"},\"articleSection\":\"Actualidad\"},{\"@type\":\"BreadcrumbList\",\"@id\":\"https:\\\/\\\/www.eldigitaldeasturias.com\\\/noticias\\\/el-gobierno-modifica-la-ley-de-medidas-sanitarias-frente-al-tabaquismo\\\/#breadcrumblist\",\"itemListElement\":[{\"@type\":\"ListItem\",\"@id\":\"https:\\\/\\\/www.eldigitaldeasturias.com\\\/noticias#listItem\",\"position\":1,\"name\":\"Home\",\"item\":\"https:\\\/\\\/www.eldigitaldeasturias.com\\\/noticias\",\"nextItem\":{\"@type\":\"ListItem\",\"@id\":\"https:\\\/\\\/www.eldigitaldeasturias.com\\\/noticias\\\/category\\\/actualidad\\\/#listItem\",\"name\":\"Actualidad\"}},{\"@type\":\"ListItem\",\"@id\":\"https:\\\/\\\/www.eldigitaldeasturias.com\\\/noticias\\\/category\\\/actualidad\\\/#listItem\",\"position\":2,\"name\":\"Actualidad\",\"item\":\"https:\\\/\\\/www.eldigitaldeasturias.com\\\/noticias\\\/category\\\/actualidad\\\/\",\"nextItem\":{\"@type\":\"ListItem\",\"@id\":\"https:\\\/\\\/www.eldigitaldeasturias.com\\\/noticias\\\/el-gobierno-modifica-la-ley-de-medidas-sanitarias-frente-al-tabaquismo\\\/#listItem\",\"name\":\"El Gobierno modifica la Ley de medidas sanitarias frente al tabaquismo\"},\"previousItem\":{\"@type\":\"ListItem\",\"@id\":\"https:\\\/\\\/www.eldigitaldeasturias.com\\\/noticias#listItem\",\"name\":\"Home\"}},{\"@type\":\"ListItem\",\"@id\":\"https:\\\/\\\/www.eldigitaldeasturias.com\\\/noticias\\\/el-gobierno-modifica-la-ley-de-medidas-sanitarias-frente-al-tabaquismo\\\/#listItem\",\"position\":3,\"name\":\"El Gobierno modifica la Ley de medidas sanitarias frente al tabaquismo\",\"previousItem\":{\"@type\":\"ListItem\",\"@id\":\"https:\\\/\\\/www.eldigitaldeasturias.com\\\/noticias\\\/category\\\/actualidad\\\/#listItem\",\"name\":\"Actualidad\"}}]},{\"@type\":\"Organization\",\"@id\":\"https:\\\/\\\/www.eldigitaldeasturias.com\\\/noticias\\\/#organization\",\"name\":\"El Digital de Asturias\",\"description\":\"Hemeroteca\",\"url\":\"https:\\\/\\\/www.eldigitaldeasturias.com\\\/noticias\\\/\",\"email\":\"info@eldigitaldeasturias.com\",\"telephone\":\"+34652131393\",\"logo\":{\"@type\":\"ImageObject\",\"url\":\"https:\\\/\\\/www.eldigitaldeasturias.com\\\/noticias\\\/wp-content\\\/uploads\\\/2020\\\/12\\\/EDA.jpg\",\"@id\":\"https:\\\/\\\/www.eldigitaldeasturias.com\\\/noticias\\\/el-gobierno-modifica-la-ley-de-medidas-sanitarias-frente-al-tabaquismo\\\/#organizationLogo\"},\"image\":{\"@id\":\"https:\\\/\\\/www.eldigitaldeasturias.com\\\/noticias\\\/el-gobierno-modifica-la-ley-de-medidas-sanitarias-frente-al-tabaquismo\\\/#organizationLogo\"},\"sameAs\":[\"https:\\\/\\\/facebook.com\\\/eldigitaldeasturias\",\"https:\\\/\\\/www.youtube.com\\\/channel\\\/UCZP-2wLEB9Rv6erhFmqVnvg\"],\"address\":{\"@id\":\"https:\\\/\\\/www.eldigitaldeasturias.com\\\/noticias\\\/#postaladdress\",\"@type\":\"PostalAddress\",\"streetAddress\":\"san antonio 4\",\"postalCode\":\"33430\",\"addressLocality\":\"Cand\\u00e1s\",\"addressRegion\":\"Asturias\",\"addressCountry\":\"ES\"}},{\"@type\":\"Person\",\"@id\":\"https:\\\/\\\/www.eldigitaldeasturias.com\\\/noticias\\\/author\\\/admin\\\/#author\",\"url\":\"https:\\\/\\\/www.eldigitaldeasturias.com\\\/noticias\\\/author\\\/admin\\\/\",\"name\":\"El Digital de Asturias\",\"image\":{\"@type\":\"ImageObject\",\"@id\":\"https:\\\/\\\/www.eldigitaldeasturias.com\\\/noticias\\\/el-gobierno-modifica-la-ley-de-medidas-sanitarias-frente-al-tabaquismo\\\/#authorImage\",\"url\":\"https:\\\/\\\/secure.gravatar.com\\\/avatar\\\/df2aeffc32bcd13f8d26072ef8a91b623d677766deac7f97ca815868cd41bf5e?s=96&d=mm&r=g\",\"width\":96,\"height\":96,\"caption\":\"El Digital de Asturias\"}},{\"@type\":\"WebPage\",\"@id\":\"https:\\\/\\\/www.eldigitaldeasturias.com\\\/noticias\\\/el-gobierno-modifica-la-ley-de-medidas-sanitarias-frente-al-tabaquismo\\\/#webpage\",\"url\":\"https:\\\/\\\/www.eldigitaldeasturias.com\\\/noticias\\\/el-gobierno-modifica-la-ley-de-medidas-sanitarias-frente-al-tabaquismo\\\/\",\"name\":\"El Gobierno modifica la Ley de medidas sanitarias frente al tabaquismo - El Digital de Asturias\",\"description\":\"El Consejo de Ministros ha aprobado un Real Decreto Ley por el que se modifica la Ley de medidas sanitarias frente al tabaquismo y reguladora de la venta, el suministro, el consumo y la publicidad de los productos del tabaco, del 26 de diciembre de 2005, con el fin de transponer una Directiva Comunitaria del\",\"inLanguage\":\"es-ES\",\"isPartOf\":{\"@id\":\"https:\\\/\\\/www.eldigitaldeasturias.com\\\/noticias\\\/#website\"},\"breadcrumb\":{\"@id\":\"https:\\\/\\\/www.eldigitaldeasturias.com\\\/noticias\\\/el-gobierno-modifica-la-ley-de-medidas-sanitarias-frente-al-tabaquismo\\\/#breadcrumblist\"},\"author\":{\"@id\":\"https:\\\/\\\/www.eldigitaldeasturias.com\\\/noticias\\\/author\\\/admin\\\/#author\"},\"creator\":{\"@id\":\"https:\\\/\\\/www.eldigitaldeasturias.com\\\/noticias\\\/author\\\/admin\\\/#author\"},\"image\":{\"@type\":\"ImageObject\",\"url\":826242,\"@id\":\"https:\\\/\\\/www.eldigitaldeasturias.com\\\/noticias\\\/el-gobierno-modifica-la-ley-de-medidas-sanitarias-frente-al-tabaquismo\\\/#mainImage\"},\"primaryImageOfPage\":{\"@id\":\"https:\\\/\\\/www.eldigitaldeasturias.com\\\/noticias\\\/el-gobierno-modifica-la-ley-de-medidas-sanitarias-frente-al-tabaquismo\\\/#mainImage\"},\"datePublished\":\"2017-11-18T07:17:22+01:00\",\"dateModified\":\"2017-11-18T07:17:22+01:00\"},{\"@type\":\"WebSite\",\"@id\":\"https:\\\/\\\/www.eldigitaldeasturias.com\\\/noticias\\\/#website\",\"url\":\"https:\\\/\\\/www.eldigitaldeasturias.com\\\/noticias\\\/\",\"name\":\"El Digital de Asturias - Diario de actualidad y noticias\",\"alternateName\":\"El Digital de Asturias - Diario de actualidad y noticias\",\"description\":\"Hemeroteca\",\"inLanguage\":\"es-ES\",\"publisher\":{\"@id\":\"https:\\\/\\\/www.eldigitaldeasturias.com\\\/noticias\\\/#organization\"}}]}\n\t\t<\/script>\n\t\t<!-- All in One SEO Pro -->\r\n\t\t<title>El Gobierno modifica la Ley de medidas sanitarias frente al tabaquismo - El Digital de Asturias<\/title>\n\n","aioseo_head_json":{"title":"El Gobierno modifica la Ley de medidas sanitarias frente al tabaquismo - El Digital de Asturias","description":"El Consejo de Ministros ha aprobado un Real Decreto Ley por el que se modifica la Ley de medidas sanitarias frente al tabaquismo y reguladora de la venta, el suministro, el consumo y la publicidad de los productos del tabaco, del 26 de diciembre de 2005, con el fin de transponer una Directiva Comunitaria del","canonical_url":"https:\/\/www.eldigitaldeasturias.com\/noticias\/el-gobierno-modifica-la-ley-de-medidas-sanitarias-frente-al-tabaquismo\/","robots":"max-image-preview:large","keywords":"actualidad","webmasterTools":{"google-site-verification":"UA-38556648-1","msvalidate.01":"7dfe9f3f1b24437ab69f4f2559babe99","miscellaneous":""},"schema":{"@context":"https:\/\/schema.org","@graph":[{"@type":"BlogPosting","@id":"https:\/\/www.eldigitaldeasturias.com\/noticias\/el-gobierno-modifica-la-ley-de-medidas-sanitarias-frente-al-tabaquismo\/#blogposting","name":"El Gobierno modifica la Ley de medidas sanitarias frente al tabaquismo - El Digital de Asturias","headline":"El Gobierno modifica la Ley de medidas sanitarias frente al tabaquismo","author":{"@id":"https:\/\/www.eldigitaldeasturias.com\/noticias\/author\/admin\/#author"},"publisher":{"@id":"https:\/\/www.eldigitaldeasturias.com\/noticias\/#organization"},"image":{"@type":"ImageObject","url":826242},"datePublished":"2017-11-18T07:17:22+01:00","dateModified":"2017-11-18T07:17:22+01:00","inLanguage":"es-ES","mainEntityOfPage":{"@id":"https:\/\/www.eldigitaldeasturias.com\/noticias\/el-gobierno-modifica-la-ley-de-medidas-sanitarias-frente-al-tabaquismo\/#webpage"},"isPartOf":{"@id":"https:\/\/www.eldigitaldeasturias.com\/noticias\/el-gobierno-modifica-la-ley-de-medidas-sanitarias-frente-al-tabaquismo\/#webpage"},"articleSection":"Actualidad"},{"@type":"BreadcrumbList","@id":"https:\/\/www.eldigitaldeasturias.com\/noticias\/el-gobierno-modifica-la-ley-de-medidas-sanitarias-frente-al-tabaquismo\/#breadcrumblist","itemListElement":[{"@type":"ListItem","@id":"https:\/\/www.eldigitaldeasturias.com\/noticias#listItem","position":1,"name":"Home","item":"https:\/\/www.eldigitaldeasturias.com\/noticias","nextItem":{"@type":"ListItem","@id":"https:\/\/www.eldigitaldeasturias.com\/noticias\/category\/actualidad\/#listItem","name":"Actualidad"}},{"@type":"ListItem","@id":"https:\/\/www.eldigitaldeasturias.com\/noticias\/category\/actualidad\/#listItem","position":2,"name":"Actualidad","item":"https:\/\/www.eldigitaldeasturias.com\/noticias\/category\/actualidad\/","nextItem":{"@type":"ListItem","@id":"https:\/\/www.eldigitaldeasturias.com\/noticias\/el-gobierno-modifica-la-ley-de-medidas-sanitarias-frente-al-tabaquismo\/#listItem","name":"El Gobierno modifica la Ley de medidas sanitarias frente al tabaquismo"},"previousItem":{"@type":"ListItem","@id":"https:\/\/www.eldigitaldeasturias.com\/noticias#listItem","name":"Home"}},{"@type":"ListItem","@id":"https:\/\/www.eldigitaldeasturias.com\/noticias\/el-gobierno-modifica-la-ley-de-medidas-sanitarias-frente-al-tabaquismo\/#listItem","position":3,"name":"El Gobierno modifica la Ley de medidas sanitarias frente al tabaquismo","previousItem":{"@type":"ListItem","@id":"https:\/\/www.eldigitaldeasturias.com\/noticias\/category\/actualidad\/#listItem","name":"Actualidad"}}]},{"@type":"Organization","@id":"https:\/\/www.eldigitaldeasturias.com\/noticias\/#organization","name":"El Digital de Asturias","description":"Hemeroteca","url":"https:\/\/www.eldigitaldeasturias.com\/noticias\/","email":"info@eldigitaldeasturias.com","telephone":"+34652131393","logo":{"@type":"ImageObject","url":"https:\/\/www.eldigitaldeasturias.com\/noticias\/wp-content\/uploads\/2020\/12\/EDA.jpg","@id":"https:\/\/www.eldigitaldeasturias.com\/noticias\/el-gobierno-modifica-la-ley-de-medidas-sanitarias-frente-al-tabaquismo\/#organizationLogo"},"image":{"@id":"https:\/\/www.eldigitaldeasturias.com\/noticias\/el-gobierno-modifica-la-ley-de-medidas-sanitarias-frente-al-tabaquismo\/#organizationLogo"},"sameAs":["https:\/\/facebook.com\/eldigitaldeasturias","https:\/\/www.youtube.com\/channel\/UCZP-2wLEB9Rv6erhFmqVnvg"],"address":{"@id":"https:\/\/www.eldigitaldeasturias.com\/noticias\/#postaladdress","@type":"PostalAddress","streetAddress":"san antonio 4","postalCode":"33430","addressLocality":"Cand\u00e1s","addressRegion":"Asturias","addressCountry":"ES"}},{"@type":"Person","@id":"https:\/\/www.eldigitaldeasturias.com\/noticias\/author\/admin\/#author","url":"https:\/\/www.eldigitaldeasturias.com\/noticias\/author\/admin\/","name":"El Digital de Asturias","image":{"@type":"ImageObject","@id":"https:\/\/www.eldigitaldeasturias.com\/noticias\/el-gobierno-modifica-la-ley-de-medidas-sanitarias-frente-al-tabaquismo\/#authorImage","url":"https:\/\/secure.gravatar.com\/avatar\/df2aeffc32bcd13f8d26072ef8a91b623d677766deac7f97ca815868cd41bf5e?s=96&d=mm&r=g","width":96,"height":96,"caption":"El Digital de Asturias"}},{"@type":"WebPage","@id":"https:\/\/www.eldigitaldeasturias.com\/noticias\/el-gobierno-modifica-la-ley-de-medidas-sanitarias-frente-al-tabaquismo\/#webpage","url":"https:\/\/www.eldigitaldeasturias.com\/noticias\/el-gobierno-modifica-la-ley-de-medidas-sanitarias-frente-al-tabaquismo\/","name":"El Gobierno modifica la Ley de medidas sanitarias frente al tabaquismo - El Digital de Asturias","description":"El Consejo de Ministros ha aprobado un Real Decreto Ley por el que se modifica la Ley de medidas sanitarias frente al tabaquismo y reguladora de la venta, el suministro, el consumo y la publicidad de los productos del tabaco, del 26 de diciembre de 2005, con el fin de transponer una Directiva Comunitaria del","inLanguage":"es-ES","isPartOf":{"@id":"https:\/\/www.eldigitaldeasturias.com\/noticias\/#website"},"breadcrumb":{"@id":"https:\/\/www.eldigitaldeasturias.com\/noticias\/el-gobierno-modifica-la-ley-de-medidas-sanitarias-frente-al-tabaquismo\/#breadcrumblist"},"author":{"@id":"https:\/\/www.eldigitaldeasturias.com\/noticias\/author\/admin\/#author"},"creator":{"@id":"https:\/\/www.eldigitaldeasturias.com\/noticias\/author\/admin\/#author"},"image":{"@type":"ImageObject","url":826242,"@id":"https:\/\/www.eldigitaldeasturias.com\/noticias\/el-gobierno-modifica-la-ley-de-medidas-sanitarias-frente-al-tabaquismo\/#mainImage"},"primaryImageOfPage":{"@id":"https:\/\/www.eldigitaldeasturias.com\/noticias\/el-gobierno-modifica-la-ley-de-medidas-sanitarias-frente-al-tabaquismo\/#mainImage"},"datePublished":"2017-11-18T07:17:22+01:00","dateModified":"2017-11-18T07:17:22+01:00"},{"@type":"WebSite","@id":"https:\/\/www.eldigitaldeasturias.com\/noticias\/#website","url":"https:\/\/www.eldigitaldeasturias.com\/noticias\/","name":"El Digital de Asturias - Diario de actualidad y noticias","alternateName":"El Digital de Asturias - Diario de actualidad y noticias","description":"Hemeroteca","inLanguage":"es-ES","publisher":{"@id":"https:\/\/www.eldigitaldeasturias.com\/noticias\/#organization"}}]},"og:locale":"es_ES","og:site_name":"El Digital de Asturias","og:type":"article","og:title":"El Gobierno modifica la Ley de medidas sanitarias frente al tabaquismo - El Digital de Asturias","og:description":"El Consejo de Ministros ha aprobado un Real Decreto Ley por el que se modifica la Ley de medidas sanitarias frente al tabaquismo y reguladora de la venta, el suministro, el consumo y la publicidad de los productos del tabaco, del 26 de diciembre de 2005, con el fin de transponer una Directiva Comunitaria del","og:url":"https:\/\/www.eldigitaldeasturias.com\/noticias\/el-gobierno-modifica-la-ley-de-medidas-sanitarias-frente-al-tabaquismo\/","article:tag":["actualidad"],"article:published_time":"2017-11-18T07:17:22+00:00","article:modified_time":"2017-11-18T07:17:22+00:00","article:publisher":"https:\/\/facebook.com\/eldigitaldeasturias","twitter:card":"summary_large_image","twitter:title":"El Gobierno modifica la Ley de medidas sanitarias frente al tabaquismo - El Digital de Asturias","twitter:description":"El Consejo de Ministros ha aprobado un Real Decreto Ley por el que se modifica la Ley de medidas sanitarias frente al tabaquismo y reguladora de la venta, el suministro, el consumo y la publicidad de los productos del tabaco, del 26 de diciembre de 2005, con el fin de transponer una Directiva Comunitaria del","twitter:image":"https:\/\/www.eldigitaldeasturias.com\/noticias\/wp-content\/uploads\/2020\/12\/EDA-1.jpg","twitter:label1":"Escrito por","twitter:data1":"El Digital de Asturias","twitter:label2":"Tiempo de lectura estimado","twitter:data2":"2 minutos"},"aioseo_meta_data":{"post_id":"960304","title":null,"description":null,"keywords":null,"keyphrases":null,"primary_term":null,"canonical_url":null,"og_title":null,"og_description":null,"og_object_type":"default","og_image_type":"default","og_image_url":null,"og_image_width":null,"og_image_height":null,"og_image_custom_url":null,"og_image_custom_fields":null,"og_video":null,"og_custom_url":null,"og_article_section":null,"og_article_tags":null,"twitter_use_og":false,"twitter_card":"default","twitter_image_type":"default","twitter_image_url":null,"twitter_image_custom_url":null,"twitter_image_custom_fields":null,"twitter_title":null,"twitter_description":null,"schema":{"blockGraphs":[],"customGraphs":[],"default":{"data":{"Article":[],"Course":[],"Dataset":[],"FAQPage":[],"Movie":[],"Person":[],"Product":[],"ProductReview":[],"Car":[],"Recipe":[],"Service":[],"SoftwareApplication":[],"WebPage":[]},"graphName":"","isEnabled":true},"graphs":[],"defaultGraph":"","defaultPostTypeGraph":""},"schema_type":null,"schema_type_options":null,"pillar_content":false,"robots_default":true,"robots_noindex":false,"robots_noarchive":false,"robots_nosnippet":false,"robots_nofollow":false,"robots_noimageindex":false,"robots_noodp":false,"robots_notranslate":false,"robots_max_snippet":null,"robots_max_videopreview":null,"robots_max_imagepreview":"large","priority":null,"frequency":null,"local_seo":null,"seo_analyzer_scan_date":"2025-12-07 04:50:39","breadcrumb_settings":null,"limit_modified_date":false,"open_ai":null,"ai":null,"created":"2020-12-21 12:53:06","updated":"2025-12-07 04:50:39","focus_keyword":null,"additional_keywords":null,"truseo_locale":null},"aioseo_breadcrumb":"<div class=\"aioseo-breadcrumbs\"><span class=\"aioseo-breadcrumb\">\n\t<a href=\"https:\/\/www.eldigitaldeasturias.com\/noticias\" title=\"Home\">Home<\/a>\n<\/span><span class=\"aioseo-breadcrumb-separator\">\u2013<\/span><span class=\"aioseo-breadcrumb\">\n\t<a href=\"https:\/\/www.eldigitaldeasturias.com\/noticias\/category\/actualidad\/\" title=\"Actualidad\">Actualidad<\/a>\n<\/span><span class=\"aioseo-breadcrumb-separator\">\u2013<\/span><span class=\"aioseo-breadcrumb\">\n\t<a href=\"https:\/\/www.eldigitaldeasturias.com\/noticias\/el-gobierno-modifica-la-ley-de-medidas-sanitarias-frente-al-tabaquismo\/\" title=\"El Gobierno modifica la Ley de medidas sanitarias frente al tabaquismo\">El Gobierno modifica la Ley de medidas sanitarias frente al tabaquismo<\/a>\n<\/span><\/div>","aioseo_breadcrumb_json":[{"label":"Home","link":"https:\/\/www.eldigitaldeasturias.com\/noticias"},{"label":"Actualidad","link":"https:\/\/www.eldigitaldeasturias.com\/noticias\/category\/actualidad\/"},{"label":"El Gobierno modifica la Ley de medidas sanitarias frente al tabaquismo","link":"https:\/\/www.eldigitaldeasturias.com\/noticias\/el-gobierno-modifica-la-ley-de-medidas-sanitarias-frente-al-tabaquismo\/"}],"_links":{"self":[{"href":"https:\/\/www.eldigitaldeasturias.com\/noticias\/wp-json\/wp\/v2\/posts\/960304","targetHints":{"allow":["GET"]}}],"collection":[{"href":"https:\/\/www.eldigitaldeasturias.com\/noticias\/wp-json\/wp\/v2\/posts"}],"about":[{"href":"https:\/\/www.eldigitaldeasturias.com\/noticias\/wp-json\/wp\/v2\/types\/post"}],"author":[{"embeddable":true,"href":"https:\/\/www.eldigitaldeasturias.com\/noticias\/wp-json\/wp\/v2\/users\/1"}],"replies":[{"embeddable":true,"href":"https:\/\/www.eldigitaldeasturias.com\/noticias\/wp-json\/wp\/v2\/comments?post=960304"}],"version-history":[{"count":0,"href":"https:\/\/www.eldigitaldeasturias.com\/noticias\/wp-json\/wp\/v2\/posts\/960304\/revisions"}],"wp:attachment":[{"href":"https:\/\/www.eldigitaldeasturias.com\/noticias\/wp-json\/wp\/v2\/media?parent=960304"}],"wp:term":[{"taxonomy":"category","embeddable":true,"href":"https:\/\/www.eldigitaldeasturias.com\/noticias\/wp-json\/wp\/v2\/categories?post=960304"},{"taxonomy":"post_tag","embeddable":true,"href":"https:\/\/www.eldigitaldeasturias.com\/noticias\/wp-json\/wp\/v2\/tags?post=960304"}],"curies":[{"name":"wp","href":"https:\/\/api.w.org\/{rel}","templated":true}]}}