{"id":960302,"date":"2017-11-18T07:11:43","date_gmt":"2017-11-18T07:11:43","guid":{"rendered":"http:\/\/www.eldigitaldeasturias.com\/noticias\/?p=960302"},"modified":"2017-11-18T07:11:43","modified_gmt":"2017-11-18T07:11:43","slug":"susana-diaz-andalucia-es-profundamente-europeista","status":"publish","type":"post","link":"https:\/\/www.eldigitaldeasturias.com\/noticias\/susana-diaz-andalucia-es-profundamente-europeista\/","title":{"rendered":"Susana D\u00edaz: \u00abAndaluc\u00eda es profundamente europe\u00edsta\u00bb"},"content":{"rendered":"<p><img loading=\"lazy\" decoding=\"async\" class=\"alignleft size-medium wp-image-952192\" src=\"https:\/\/www.eldigitaldeasturias.com\/noticias\/wp-content\/uploads\/2017\/09\/Susana-360x221.jpg\" alt=\"\" width=\"360\" height=\"221\" \/>La presidenta de la Junta, Susana D\u00edaz, ha abogado por que las instituciones de la Uni\u00f3n Europea \u00abreconduzcan el rumbo hacia las personas, poni\u00e9ndolas en el centro de la acci\u00f3n pol\u00edtica\u00bb. Durante un encuentro con embajadores de la Uni\u00f3n Europea (UE) en Espa\u00f1a, ha insistido en la necesidad de \u00abfortalecer los lazos que nos unen y lo que nos hace una Europa atractiva para los ciudadanos. \u00c9se tiene que ser el camino que recorramos juntos\u00bb, a\u00f1adi\u00f3, para \u00abreconducir el desapego de los ciudadanos\u00bb.<\/p>\n<p>Susana D\u00edaz remarc\u00f3 que \u00abEspa\u00f1a, en un momento dif\u00edcil y complicado como el que vive, es un Estado de ciudadanos libres e iguales, y Europa tiene que caminar hacia un proyecto com\u00fan de ciudadanos libres e iguales\u00bb. La presidenta ha destacado que \u00abAndaluc\u00eda es profundamente europe\u00edsta, y cree en la capacidad para avanzar en esa Europa de las personas, de la que nos sentimos orgullosos\u00bb. En este sentido, \u00aben un territorio donde viven nueve millones de personas, vamos a poner todo lo que est\u00e9 de nuestra parte para reforzar esa identidad com\u00fan, hacia un proyecto europeo que tiene presente, pero tambi\u00e9n futuro\u00bb.<\/p>\n<p>Durante su intervenci\u00f3n comparti\u00f3 con los responsables europeos la necesidad de una econom\u00eda m\u00e1s competitiva, productiva, pero que a la vez cuide de las personas, especialmente de los j\u00f3venes; de un desarrollo sostenible que garantice que nuestros recursos humanos y naturales sean preservados por parte de la UE; de una Europa inclusiva, con la defensa de una sanidad y una educaci\u00f3n p\u00fablica y una atenci\u00f3n a las personas que m\u00e1s lo necesiten, acorde con el Estado del Bienestar que defendemos. En definitiva, una UE que camine hacia la uni\u00f3n de las personas.<\/p>\n<p>Asimismo, D\u00edaz agradeci\u00f3 al embajador de Estonia, que ocupa la presidencia, la elecci\u00f3n de Andaluc\u00eda, y concretamente de Sevilla, para celebrar este encuentro anual de embajadores de la UE.<\/p>\n<p>Por su parte, el embajador de Estonia, Rasmus Lumi, se\u00f1al\u00f3 la elecci\u00f3n de Andaluc\u00eda por el peso pol\u00edtico y por su potencial econ\u00f3mico. Es una oportunidad para \u00abaprender, crear nuevos lazos, y escuchar la visi\u00f3n que tienen tanto de Europa como de Espa\u00f1a\u00bb.<\/p>\n","protected":false},"excerpt":{"rendered":"<p>La presidenta de la Junta, Susana D\u00edaz, ha abogado por que las instituciones de la Uni\u00f3n Europea \u00abreconduzcan el rumbo hacia las personas, poni\u00e9ndolas en el centro de la acci\u00f3n pol\u00edtica\u00bb. Durante un encuentro con embajadores de la Uni\u00f3n Europea (UE) en Espa\u00f1a, ha insistido en la necesidad de \u00abfortalecer los lazos que nos unen [&hellip;]<\/p>\n","protected":false},"author":1,"featured_media":952192,"comment_status":"closed","ping_status":"closed","sticky":false,"template":"","format":"standard","meta":{"footnotes":""},"categories":[1],"tags":[],"class_list":["post-960302","post","type-post","status-publish","format-standard","has-post-thumbnail","hentry","category-actualidad"],"aioseo_notices":[],"aioseo_head":"\n\t\t<!-- All in One SEO Pro 5.0.1 - aioseo.com -->\n\t<meta name=\"description\" content=\"La presidenta de la Junta, Susana D\u00edaz, ha abogado por que las instituciones de la Uni\u00f3n Europea &quot;reconduzcan el rumbo hacia las personas, poni\u00e9ndolas en el centro de la acci\u00f3n pol\u00edtica&quot;. Durante un encuentro con embajadores de la Uni\u00f3n Europea (UE) en Espa\u00f1a, ha insistido en la necesidad de &quot;fortalecer los lazos que nos unen\" \/>\n\t<meta name=\"robots\" content=\"max-image-preview:large\" \/>\n\t<meta name=\"author\" content=\"El Digital de Asturias\"\/>\n\t<meta name=\"google-site-verification\" content=\"UA-38556648-1\" \/>\n\t<meta name=\"msvalidate.01\" content=\"7dfe9f3f1b24437ab69f4f2559babe99\" \/>\n\t<meta name=\"keywords\" content=\"actualidad\" \/>\n\t<link rel=\"canonical\" href=\"https:\/\/www.eldigitaldeasturias.com\/noticias\/susana-diaz-andalucia-es-profundamente-europeista\/\" \/>\n\t<meta name=\"generator\" content=\"All in One SEO Pro (AIOSEO) 5.0.1\" \/>\n\t\t<meta property=\"og:locale\" content=\"es_ES\" \/>\n\t\t<meta property=\"og:site_name\" content=\"El Digital de Asturias\" \/>\n\t\t<meta property=\"og:type\" content=\"article\" \/>\n\t\t<meta property=\"og:title\" content=\"Susana D\u00edaz: \u00abAndaluc\u00eda es profundamente europe\u00edsta\u00bb - El Digital de Asturias\" \/>\n\t\t<meta property=\"og:description\" content=\"La presidenta de la Junta, Susana D\u00edaz, ha abogado por que las instituciones de la Uni\u00f3n Europea &quot;reconduzcan el rumbo hacia las personas, poni\u00e9ndolas en el centro de la acci\u00f3n pol\u00edtica&quot;. Durante un encuentro con embajadores de la Uni\u00f3n Europea (UE) en Espa\u00f1a, ha insistido en la necesidad de &quot;fortalecer los lazos que nos unen\" \/>\n\t\t<meta property=\"og:url\" content=\"https:\/\/www.eldigitaldeasturias.com\/noticias\/susana-diaz-andalucia-es-profundamente-europeista\/\" \/>\n\t\t<meta property=\"article:tag\" content=\"actualidad\" \/>\n\t\t<meta property=\"article:published_time\" content=\"2017-11-18T07:11:43+00:00\" \/>\n\t\t<meta property=\"article:modified_time\" content=\"2017-11-18T07:11:43+00:00\" \/>\n\t\t<meta property=\"article:publisher\" content=\"https:\/\/facebook.com\/eldigitaldeasturias\" \/>\n\t\t<meta name=\"twitter:card\" content=\"summary_large_image\" \/>\n\t\t<meta name=\"twitter:title\" content=\"Susana D\u00edaz: \u00abAndaluc\u00eda es profundamente europe\u00edsta\u00bb - El Digital de Asturias\" \/>\n\t\t<meta name=\"twitter:description\" content=\"La presidenta de la Junta, Susana D\u00edaz, ha abogado por que las instituciones de la Uni\u00f3n Europea &quot;reconduzcan el rumbo hacia las personas, poni\u00e9ndolas en el centro de la acci\u00f3n pol\u00edtica&quot;. Durante un encuentro con embajadores de la Uni\u00f3n Europea (UE) en Espa\u00f1a, ha insistido en la necesidad de &quot;fortalecer los lazos que nos unen\" \/>\n\t\t<meta name=\"twitter:image\" content=\"https:\/\/www.eldigitaldeasturias.com\/noticias\/wp-content\/uploads\/2020\/12\/EDA-1.jpg\" \/>\n\t\t<meta name=\"twitter:label1\" content=\"Escrito por\" \/>\n\t\t<meta name=\"twitter:data1\" content=\"El Digital de Asturias\" \/>\n\t\t<meta name=\"twitter:label2\" content=\"Tiempo de lectura estimado\" \/>\n\t\t<meta name=\"twitter:data2\" content=\"2 minutos\" \/>\n\t\t<script type=\"application\/ld+json\" class=\"aioseo-schema\">\n\t\t\t{\"@context\":\"https:\\\/\\\/schema.org\",\"@graph\":[{\"@type\":\"BlogPosting\",\"@id\":\"https:\\\/\\\/www.eldigitaldeasturias.com\\\/noticias\\\/susana-diaz-andalucia-es-profundamente-europeista\\\/#blogposting\",\"name\":\"Susana D\\u00edaz: \\u00abAndaluc\\u00eda es profundamente europe\\u00edsta\\u00bb - El Digital de Asturias\",\"headline\":\"Susana D\\u00edaz: \\u00abAndaluc\\u00eda es profundamente europe\\u00edsta\\u00bb\",\"author\":{\"@id\":\"https:\\\/\\\/www.eldigitaldeasturias.com\\\/noticias\\\/author\\\/admin\\\/#author\"},\"publisher\":{\"@id\":\"https:\\\/\\\/www.eldigitaldeasturias.com\\\/noticias\\\/#organization\"},\"image\":{\"@type\":\"ImageObject\",\"url\":952192},\"datePublished\":\"2017-11-18T07:11:43+01:00\",\"dateModified\":\"2017-11-18T07:11:43+01:00\",\"inLanguage\":\"es-ES\",\"mainEntityOfPage\":{\"@id\":\"https:\\\/\\\/www.eldigitaldeasturias.com\\\/noticias\\\/susana-diaz-andalucia-es-profundamente-europeista\\\/#webpage\"},\"isPartOf\":{\"@id\":\"https:\\\/\\\/www.eldigitaldeasturias.com\\\/noticias\\\/susana-diaz-andalucia-es-profundamente-europeista\\\/#webpage\"},\"articleSection\":\"Actualidad\"},{\"@type\":\"BreadcrumbList\",\"@id\":\"https:\\\/\\\/www.eldigitaldeasturias.com\\\/noticias\\\/susana-diaz-andalucia-es-profundamente-europeista\\\/#breadcrumblist\",\"itemListElement\":[{\"@type\":\"ListItem\",\"@id\":\"https:\\\/\\\/www.eldigitaldeasturias.com\\\/noticias#listItem\",\"position\":1,\"name\":\"Home\",\"item\":\"https:\\\/\\\/www.eldigitaldeasturias.com\\\/noticias\",\"nextItem\":{\"@type\":\"ListItem\",\"@id\":\"https:\\\/\\\/www.eldigitaldeasturias.com\\\/noticias\\\/category\\\/actualidad\\\/#listItem\",\"name\":\"Actualidad\"}},{\"@type\":\"ListItem\",\"@id\":\"https:\\\/\\\/www.eldigitaldeasturias.com\\\/noticias\\\/category\\\/actualidad\\\/#listItem\",\"position\":2,\"name\":\"Actualidad\",\"item\":\"https:\\\/\\\/www.eldigitaldeasturias.com\\\/noticias\\\/category\\\/actualidad\\\/\",\"nextItem\":{\"@type\":\"ListItem\",\"@id\":\"https:\\\/\\\/www.eldigitaldeasturias.com\\\/noticias\\\/susana-diaz-andalucia-es-profundamente-europeista\\\/#listItem\",\"name\":\"Susana D\\u00edaz: \\u00abAndaluc\\u00eda es profundamente europe\\u00edsta\\u00bb\"},\"previousItem\":{\"@type\":\"ListItem\",\"@id\":\"https:\\\/\\\/www.eldigitaldeasturias.com\\\/noticias#listItem\",\"name\":\"Home\"}},{\"@type\":\"ListItem\",\"@id\":\"https:\\\/\\\/www.eldigitaldeasturias.com\\\/noticias\\\/susana-diaz-andalucia-es-profundamente-europeista\\\/#listItem\",\"position\":3,\"name\":\"Susana D\\u00edaz: \\u00abAndaluc\\u00eda es profundamente europe\\u00edsta\\u00bb\",\"previousItem\":{\"@type\":\"ListItem\",\"@id\":\"https:\\\/\\\/www.eldigitaldeasturias.com\\\/noticias\\\/category\\\/actualidad\\\/#listItem\",\"name\":\"Actualidad\"}}]},{\"@type\":\"Organization\",\"@id\":\"https:\\\/\\\/www.eldigitaldeasturias.com\\\/noticias\\\/#organization\",\"name\":\"El Digital de Asturias\",\"description\":\"Hemeroteca\",\"url\":\"https:\\\/\\\/www.eldigitaldeasturias.com\\\/noticias\\\/\",\"email\":\"info@eldigitaldeasturias.com\",\"telephone\":\"+34652131393\",\"logo\":{\"@type\":\"ImageObject\",\"url\":\"https:\\\/\\\/www.eldigitaldeasturias.com\\\/noticias\\\/wp-content\\\/uploads\\\/2020\\\/12\\\/EDA.jpg\",\"@id\":\"https:\\\/\\\/www.eldigitaldeasturias.com\\\/noticias\\\/susana-diaz-andalucia-es-profundamente-europeista\\\/#organizationLogo\"},\"image\":{\"@id\":\"https:\\\/\\\/www.eldigitaldeasturias.com\\\/noticias\\\/susana-diaz-andalucia-es-profundamente-europeista\\\/#organizationLogo\"},\"sameAs\":[\"https:\\\/\\\/facebook.com\\\/eldigitaldeasturias\",\"https:\\\/\\\/www.youtube.com\\\/channel\\\/UCZP-2wLEB9Rv6erhFmqVnvg\"],\"address\":{\"@id\":\"https:\\\/\\\/www.eldigitaldeasturias.com\\\/noticias\\\/#postaladdress\",\"@type\":\"PostalAddress\",\"streetAddress\":\"san antonio 4\",\"postalCode\":\"33430\",\"addressLocality\":\"Cand\\u00e1s\",\"addressRegion\":\"Asturias\",\"addressCountry\":\"ES\"}},{\"@type\":\"Person\",\"@id\":\"https:\\\/\\\/www.eldigitaldeasturias.com\\\/noticias\\\/author\\\/admin\\\/#author\",\"url\":\"https:\\\/\\\/www.eldigitaldeasturias.com\\\/noticias\\\/author\\\/admin\\\/\",\"name\":\"El Digital de Asturias\",\"image\":{\"@type\":\"ImageObject\",\"@id\":\"https:\\\/\\\/www.eldigitaldeasturias.com\\\/noticias\\\/susana-diaz-andalucia-es-profundamente-europeista\\\/#authorImage\",\"url\":\"https:\\\/\\\/secure.gravatar.com\\\/avatar\\\/df2aeffc32bcd13f8d26072ef8a91b623d677766deac7f97ca815868cd41bf5e?s=96&d=mm&r=g\",\"width\":96,\"height\":96,\"caption\":\"El Digital de Asturias\"}},{\"@type\":\"WebPage\",\"@id\":\"https:\\\/\\\/www.eldigitaldeasturias.com\\\/noticias\\\/susana-diaz-andalucia-es-profundamente-europeista\\\/#webpage\",\"url\":\"https:\\\/\\\/www.eldigitaldeasturias.com\\\/noticias\\\/susana-diaz-andalucia-es-profundamente-europeista\\\/\",\"name\":\"Susana D\\u00edaz: \\u00abAndaluc\\u00eda es profundamente europe\\u00edsta\\u00bb - El Digital de Asturias\",\"description\":\"La presidenta de la Junta, Susana D\\u00edaz, ha abogado por que las instituciones de la Uni\\u00f3n Europea \\\"reconduzcan el rumbo hacia las personas, poni\\u00e9ndolas en el centro de la acci\\u00f3n pol\\u00edtica\\\". Durante un encuentro con embajadores de la Uni\\u00f3n Europea (UE) en Espa\\u00f1a, ha insistido en la necesidad de \\\"fortalecer los lazos que nos unen\",\"inLanguage\":\"es-ES\",\"isPartOf\":{\"@id\":\"https:\\\/\\\/www.eldigitaldeasturias.com\\\/noticias\\\/#website\"},\"breadcrumb\":{\"@id\":\"https:\\\/\\\/www.eldigitaldeasturias.com\\\/noticias\\\/susana-diaz-andalucia-es-profundamente-europeista\\\/#breadcrumblist\"},\"author\":{\"@id\":\"https:\\\/\\\/www.eldigitaldeasturias.com\\\/noticias\\\/author\\\/admin\\\/#author\"},\"creator\":{\"@id\":\"https:\\\/\\\/www.eldigitaldeasturias.com\\\/noticias\\\/author\\\/admin\\\/#author\"},\"image\":{\"@type\":\"ImageObject\",\"url\":952192,\"@id\":\"https:\\\/\\\/www.eldigitaldeasturias.com\\\/noticias\\\/susana-diaz-andalucia-es-profundamente-europeista\\\/#mainImage\"},\"primaryImageOfPage\":{\"@id\":\"https:\\\/\\\/www.eldigitaldeasturias.com\\\/noticias\\\/susana-diaz-andalucia-es-profundamente-europeista\\\/#mainImage\"},\"datePublished\":\"2017-11-18T07:11:43+01:00\",\"dateModified\":\"2017-11-18T07:11:43+01:00\"},{\"@type\":\"WebSite\",\"@id\":\"https:\\\/\\\/www.eldigitaldeasturias.com\\\/noticias\\\/#website\",\"url\":\"https:\\\/\\\/www.eldigitaldeasturias.com\\\/noticias\\\/\",\"name\":\"El Digital de Asturias - Diario de actualidad y noticias\",\"alternateName\":\"El Digital de Asturias - Diario de actualidad y noticias\",\"description\":\"Hemeroteca\",\"inLanguage\":\"es-ES\",\"publisher\":{\"@id\":\"https:\\\/\\\/www.eldigitaldeasturias.com\\\/noticias\\\/#organization\"}}]}\n\t\t<\/script>\n\t\t<!-- All in One SEO Pro -->\r\n\t\t<title>Susana D\u00edaz: \u00abAndaluc\u00eda es profundamente europe\u00edsta\u00bb - El Digital de Asturias<\/title>\n\n","aioseo_head_json":{"title":"Susana D\u00edaz: \u00abAndaluc\u00eda es profundamente europe\u00edsta\u00bb - El Digital de Asturias","description":"La presidenta de la Junta, Susana D\u00edaz, ha abogado por que las instituciones de la Uni\u00f3n Europea \"reconduzcan el rumbo hacia las personas, poni\u00e9ndolas en el centro de la acci\u00f3n pol\u00edtica\". Durante un encuentro con embajadores de la Uni\u00f3n Europea (UE) en Espa\u00f1a, ha insistido en la necesidad de \"fortalecer los lazos que nos unen","canonical_url":"https:\/\/www.eldigitaldeasturias.com\/noticias\/susana-diaz-andalucia-es-profundamente-europeista\/","robots":"max-image-preview:large","keywords":"actualidad","webmasterTools":{"google-site-verification":"UA-38556648-1","msvalidate.01":"7dfe9f3f1b24437ab69f4f2559babe99","miscellaneous":""},"schema":{"@context":"https:\/\/schema.org","@graph":[{"@type":"BlogPosting","@id":"https:\/\/www.eldigitaldeasturias.com\/noticias\/susana-diaz-andalucia-es-profundamente-europeista\/#blogposting","name":"Susana D\u00edaz: \u00abAndaluc\u00eda es profundamente europe\u00edsta\u00bb - El Digital de Asturias","headline":"Susana D\u00edaz: \u00abAndaluc\u00eda es profundamente europe\u00edsta\u00bb","author":{"@id":"https:\/\/www.eldigitaldeasturias.com\/noticias\/author\/admin\/#author"},"publisher":{"@id":"https:\/\/www.eldigitaldeasturias.com\/noticias\/#organization"},"image":{"@type":"ImageObject","url":952192},"datePublished":"2017-11-18T07:11:43+01:00","dateModified":"2017-11-18T07:11:43+01:00","inLanguage":"es-ES","mainEntityOfPage":{"@id":"https:\/\/www.eldigitaldeasturias.com\/noticias\/susana-diaz-andalucia-es-profundamente-europeista\/#webpage"},"isPartOf":{"@id":"https:\/\/www.eldigitaldeasturias.com\/noticias\/susana-diaz-andalucia-es-profundamente-europeista\/#webpage"},"articleSection":"Actualidad"},{"@type":"BreadcrumbList","@id":"https:\/\/www.eldigitaldeasturias.com\/noticias\/susana-diaz-andalucia-es-profundamente-europeista\/#breadcrumblist","itemListElement":[{"@type":"ListItem","@id":"https:\/\/www.eldigitaldeasturias.com\/noticias#listItem","position":1,"name":"Home","item":"https:\/\/www.eldigitaldeasturias.com\/noticias","nextItem":{"@type":"ListItem","@id":"https:\/\/www.eldigitaldeasturias.com\/noticias\/category\/actualidad\/#listItem","name":"Actualidad"}},{"@type":"ListItem","@id":"https:\/\/www.eldigitaldeasturias.com\/noticias\/category\/actualidad\/#listItem","position":2,"name":"Actualidad","item":"https:\/\/www.eldigitaldeasturias.com\/noticias\/category\/actualidad\/","nextItem":{"@type":"ListItem","@id":"https:\/\/www.eldigitaldeasturias.com\/noticias\/susana-diaz-andalucia-es-profundamente-europeista\/#listItem","name":"Susana D\u00edaz: \u00abAndaluc\u00eda es profundamente europe\u00edsta\u00bb"},"previousItem":{"@type":"ListItem","@id":"https:\/\/www.eldigitaldeasturias.com\/noticias#listItem","name":"Home"}},{"@type":"ListItem","@id":"https:\/\/www.eldigitaldeasturias.com\/noticias\/susana-diaz-andalucia-es-profundamente-europeista\/#listItem","position":3,"name":"Susana D\u00edaz: \u00abAndaluc\u00eda es profundamente europe\u00edsta\u00bb","previousItem":{"@type":"ListItem","@id":"https:\/\/www.eldigitaldeasturias.com\/noticias\/category\/actualidad\/#listItem","name":"Actualidad"}}]},{"@type":"Organization","@id":"https:\/\/www.eldigitaldeasturias.com\/noticias\/#organization","name":"El Digital de Asturias","description":"Hemeroteca","url":"https:\/\/www.eldigitaldeasturias.com\/noticias\/","email":"info@eldigitaldeasturias.com","telephone":"+34652131393","logo":{"@type":"ImageObject","url":"https:\/\/www.eldigitaldeasturias.com\/noticias\/wp-content\/uploads\/2020\/12\/EDA.jpg","@id":"https:\/\/www.eldigitaldeasturias.com\/noticias\/susana-diaz-andalucia-es-profundamente-europeista\/#organizationLogo"},"image":{"@id":"https:\/\/www.eldigitaldeasturias.com\/noticias\/susana-diaz-andalucia-es-profundamente-europeista\/#organizationLogo"},"sameAs":["https:\/\/facebook.com\/eldigitaldeasturias","https:\/\/www.youtube.com\/channel\/UCZP-2wLEB9Rv6erhFmqVnvg"],"address":{"@id":"https:\/\/www.eldigitaldeasturias.com\/noticias\/#postaladdress","@type":"PostalAddress","streetAddress":"san antonio 4","postalCode":"33430","addressLocality":"Cand\u00e1s","addressRegion":"Asturias","addressCountry":"ES"}},{"@type":"Person","@id":"https:\/\/www.eldigitaldeasturias.com\/noticias\/author\/admin\/#author","url":"https:\/\/www.eldigitaldeasturias.com\/noticias\/author\/admin\/","name":"El Digital de Asturias","image":{"@type":"ImageObject","@id":"https:\/\/www.eldigitaldeasturias.com\/noticias\/susana-diaz-andalucia-es-profundamente-europeista\/#authorImage","url":"https:\/\/secure.gravatar.com\/avatar\/df2aeffc32bcd13f8d26072ef8a91b623d677766deac7f97ca815868cd41bf5e?s=96&d=mm&r=g","width":96,"height":96,"caption":"El Digital de Asturias"}},{"@type":"WebPage","@id":"https:\/\/www.eldigitaldeasturias.com\/noticias\/susana-diaz-andalucia-es-profundamente-europeista\/#webpage","url":"https:\/\/www.eldigitaldeasturias.com\/noticias\/susana-diaz-andalucia-es-profundamente-europeista\/","name":"Susana D\u00edaz: \u00abAndaluc\u00eda es profundamente europe\u00edsta\u00bb - El Digital de Asturias","description":"La presidenta de la Junta, Susana D\u00edaz, ha abogado por que las instituciones de la Uni\u00f3n Europea \"reconduzcan el rumbo hacia las personas, poni\u00e9ndolas en el centro de la acci\u00f3n pol\u00edtica\". Durante un encuentro con embajadores de la Uni\u00f3n Europea (UE) en Espa\u00f1a, ha insistido en la necesidad de \"fortalecer los lazos que nos unen","inLanguage":"es-ES","isPartOf":{"@id":"https:\/\/www.eldigitaldeasturias.com\/noticias\/#website"},"breadcrumb":{"@id":"https:\/\/www.eldigitaldeasturias.com\/noticias\/susana-diaz-andalucia-es-profundamente-europeista\/#breadcrumblist"},"author":{"@id":"https:\/\/www.eldigitaldeasturias.com\/noticias\/author\/admin\/#author"},"creator":{"@id":"https:\/\/www.eldigitaldeasturias.com\/noticias\/author\/admin\/#author"},"image":{"@type":"ImageObject","url":952192,"@id":"https:\/\/www.eldigitaldeasturias.com\/noticias\/susana-diaz-andalucia-es-profundamente-europeista\/#mainImage"},"primaryImageOfPage":{"@id":"https:\/\/www.eldigitaldeasturias.com\/noticias\/susana-diaz-andalucia-es-profundamente-europeista\/#mainImage"},"datePublished":"2017-11-18T07:11:43+01:00","dateModified":"2017-11-18T07:11:43+01:00"},{"@type":"WebSite","@id":"https:\/\/www.eldigitaldeasturias.com\/noticias\/#website","url":"https:\/\/www.eldigitaldeasturias.com\/noticias\/","name":"El Digital de Asturias - Diario de actualidad y noticias","alternateName":"El Digital de Asturias - Diario de actualidad y noticias","description":"Hemeroteca","inLanguage":"es-ES","publisher":{"@id":"https:\/\/www.eldigitaldeasturias.com\/noticias\/#organization"}}]},"og:locale":"es_ES","og:site_name":"El Digital de Asturias","og:type":"article","og:title":"Susana D\u00edaz: \u00abAndaluc\u00eda es profundamente europe\u00edsta\u00bb - El Digital de Asturias","og:description":"La presidenta de la Junta, Susana D\u00edaz, ha abogado por que las instituciones de la Uni\u00f3n Europea &quot;reconduzcan el rumbo hacia las personas, poni\u00e9ndolas en el centro de la acci\u00f3n pol\u00edtica&quot;. Durante un encuentro con embajadores de la Uni\u00f3n Europea (UE) en Espa\u00f1a, ha insistido en la necesidad de &quot;fortalecer los lazos que nos unen","og:url":"https:\/\/www.eldigitaldeasturias.com\/noticias\/susana-diaz-andalucia-es-profundamente-europeista\/","article:tag":["actualidad"],"article:published_time":"2017-11-18T07:11:43+00:00","article:modified_time":"2017-11-18T07:11:43+00:00","article:publisher":"https:\/\/facebook.com\/eldigitaldeasturias","twitter:card":"summary_large_image","twitter:title":"Susana D\u00edaz: \u00abAndaluc\u00eda es profundamente europe\u00edsta\u00bb - El Digital de Asturias","twitter:description":"La presidenta de la Junta, Susana D\u00edaz, ha abogado por que las instituciones de la Uni\u00f3n Europea &quot;reconduzcan el rumbo hacia las personas, poni\u00e9ndolas en el centro de la acci\u00f3n pol\u00edtica&quot;. Durante un encuentro con embajadores de la Uni\u00f3n Europea (UE) en Espa\u00f1a, ha insistido en la necesidad de &quot;fortalecer los lazos que nos unen","twitter:image":"https:\/\/www.eldigitaldeasturias.com\/noticias\/wp-content\/uploads\/2020\/12\/EDA-1.jpg","twitter:label1":"Escrito por","twitter:data1":"El Digital de Asturias","twitter:label2":"Tiempo de lectura estimado","twitter:data2":"2 minutos"},"aioseo_meta_data":{"post_id":"960302","title":null,"description":null,"keywords":null,"keyphrases":null,"primary_term":null,"canonical_url":null,"og_title":null,"og_description":null,"og_object_type":"default","og_image_type":"default","og_image_url":null,"og_image_width":null,"og_image_height":null,"og_image_custom_url":null,"og_image_custom_fields":null,"og_video":null,"og_custom_url":null,"og_article_section":null,"og_article_tags":null,"twitter_use_og":false,"twitter_card":"default","twitter_image_type":"default","twitter_image_url":null,"twitter_image_custom_url":null,"twitter_image_custom_fields":null,"twitter_title":null,"twitter_description":null,"schema":{"blockGraphs":[],"customGraphs":[],"default":{"data":{"Article":[],"Course":[],"Dataset":[],"FAQPage":[],"Movie":[],"Person":[],"Product":[],"ProductReview":[],"Car":[],"Recipe":[],"Service":[],"SoftwareApplication":[],"WebPage":[]},"graphName":"","isEnabled":true},"graphs":[],"defaultGraph":"","defaultPostTypeGraph":""},"schema_type":null,"schema_type_options":null,"pillar_content":false,"robots_default":true,"robots_noindex":false,"robots_noarchive":false,"robots_nosnippet":false,"robots_nofollow":false,"robots_noimageindex":false,"robots_noodp":false,"robots_notranslate":false,"robots_max_snippet":null,"robots_max_videopreview":null,"robots_max_imagepreview":"large","priority":null,"frequency":null,"local_seo":null,"seo_analyzer_scan_date":"2025-12-07 04:50:38","breadcrumb_settings":null,"limit_modified_date":false,"open_ai":null,"ai":null,"created":"2020-12-21 12:53:06","updated":"2025-12-07 04:50:38","focus_keyword":null,"additional_keywords":null,"truseo_locale":null},"aioseo_breadcrumb":"<div class=\"aioseo-breadcrumbs\"><span class=\"aioseo-breadcrumb\">\n\t<a href=\"https:\/\/www.eldigitaldeasturias.com\/noticias\" title=\"Home\">Home<\/a>\n<\/span><span class=\"aioseo-breadcrumb-separator\">\u2013<\/span><span class=\"aioseo-breadcrumb\">\n\t<a href=\"https:\/\/www.eldigitaldeasturias.com\/noticias\/category\/actualidad\/\" title=\"Actualidad\">Actualidad<\/a>\n<\/span><span class=\"aioseo-breadcrumb-separator\">\u2013<\/span><span class=\"aioseo-breadcrumb\">\n\t<a href=\"https:\/\/www.eldigitaldeasturias.com\/noticias\/susana-diaz-andalucia-es-profundamente-europeista\/\" title=\"Susana D\u00edaz: \u00abAndaluc\u00eda es profundamente europe\u00edsta\u00bb\">Susana D\u00edaz: \u00abAndaluc\u00eda es profundamente europe\u00edsta\u00bb<\/a>\n<\/span><\/div>","aioseo_breadcrumb_json":[{"label":"Home","link":"https:\/\/www.eldigitaldeasturias.com\/noticias"},{"label":"Actualidad","link":"https:\/\/www.eldigitaldeasturias.com\/noticias\/category\/actualidad\/"},{"label":"Susana D\u00edaz: \u00abAndaluc\u00eda es profundamente europe\u00edsta\u00bb","link":"https:\/\/www.eldigitaldeasturias.com\/noticias\/susana-diaz-andalucia-es-profundamente-europeista\/"}],"_links":{"self":[{"href":"https:\/\/www.eldigitaldeasturias.com\/noticias\/wp-json\/wp\/v2\/posts\/960302","targetHints":{"allow":["GET"]}}],"collection":[{"href":"https:\/\/www.eldigitaldeasturias.com\/noticias\/wp-json\/wp\/v2\/posts"}],"about":[{"href":"https:\/\/www.eldigitaldeasturias.com\/noticias\/wp-json\/wp\/v2\/types\/post"}],"author":[{"embeddable":true,"href":"https:\/\/www.eldigitaldeasturias.com\/noticias\/wp-json\/wp\/v2\/users\/1"}],"replies":[{"embeddable":true,"href":"https:\/\/www.eldigitaldeasturias.com\/noticias\/wp-json\/wp\/v2\/comments?post=960302"}],"version-history":[{"count":0,"href":"https:\/\/www.eldigitaldeasturias.com\/noticias\/wp-json\/wp\/v2\/posts\/960302\/revisions"}],"wp:attachment":[{"href":"https:\/\/www.eldigitaldeasturias.com\/noticias\/wp-json\/wp\/v2\/media?parent=960302"}],"wp:term":[{"taxonomy":"category","embeddable":true,"href":"https:\/\/www.eldigitaldeasturias.com\/noticias\/wp-json\/wp\/v2\/categories?post=960302"},{"taxonomy":"post_tag","embeddable":true,"href":"https:\/\/www.eldigitaldeasturias.com\/noticias\/wp-json\/wp\/v2\/tags?post=960302"}],"curies":[{"name":"wp","href":"https:\/\/api.w.org\/{rel}","templated":true}]}}