{"id":960292,"date":"2017-11-18T07:03:04","date_gmt":"2017-11-18T07:03:04","guid":{"rendered":"http:\/\/www.eldigitaldeasturias.com\/noticias\/?p=960292"},"modified":"2017-11-18T07:03:04","modified_gmt":"2017-11-18T07:03:04","slug":"andalucia-participara-en-el-programa-prima","status":"publish","type":"post","link":"https:\/\/www.eldigitaldeasturias.com\/noticias\/andalucia-participara-en-el-programa-prima\/","title":{"rendered":"Andaluc\u00eda participar\u00e1 en el programa Prima"},"content":{"rendered":"<p><img loading=\"lazy\" decoding=\"async\" class=\"alignleft size-full wp-image-960293\" src=\"https:\/\/www.eldigitaldeasturias.com\/noticias\/wp-content\/uploads\/2017\/11\/1510919954506ArellanoP2dn.jpg\" alt=\"\" width=\"312\" height=\"190\" \/>El consejero de Econom\u00eda y Conocimiento, Antonio Ram\u00edrez de Arellano, ha asegurado que Andaluc\u00eda participar\u00e1 en el programa Prima, que movilizar\u00e1 500 millones de euros en I+D+i a partir de 2018 y durante una d\u00e9cada. Ram\u00edrez de Arellano ha asegurado que se trata de una oportunidad para encontrar soluciones innovadoras que pal\u00eden los efectos del cambio clim\u00e1tico y la escasez h\u00eddrica que afecta a la comunidad andaluza y al conjunto de los pa\u00edses del Mediterr\u00e1neo, incidiendo en aspectos como el manejo del agua, la tecnolog\u00eda y la investigaci\u00f3n en cultivos m\u00e1s resistentes y adaptados.<\/p>\n<p>Ram\u00edrez de Arellano ha inaugurado el seminario sobre el programa Prima y la cooperaci\u00f3n euromediterr\u00e1nea en I+D+i en seguridad alimentaria y suministro de agua organizado por la Alianza europea de Socialistas y Dem\u00f3cratas, que ha reunido en Sevilla a representantes de los 19 pa\u00edses del arco mediterr\u00e1neo que lo integran, as\u00ed como empresas, universidades andaluzas y a expertos en la materia. El objetivo es generar conexiones entre instituciones de cara a que en 2018 salgan las primeras convocatorias de incentivos a la investigaci\u00f3n.<\/p>\n<p>El titular de Econom\u00eda y Conocimiento ha recalcado que el cambio clim\u00e1tico est\u00e1 \u00abalterando de forma sustancial la din\u00e1mica en el mundo agr\u00edcola, tanto la de producci\u00f3n de alimentos como en la gesti\u00f3n del agua\u00bb, recordando que en la actualidad en el arco mediterr\u00e1neo se estima que hay 180 millones de personas \u00abpobres en agua\u00bb. Se trata de un \u00abreto importante\u00bb que ata\u00f1e a Andaluc\u00eda de lleno y que \u00abse debe abordar desde la I+D+i\u00bb que provea de mejoras tecnol\u00f3gicas y avances en la producci\u00f3n agr\u00edcola, los cultivos, que permitan hacer una gesti\u00f3n m\u00e1s eficiente de los recursos.<\/p>\n<p>\u00abAndaluc\u00eda tiene un sector agroalimentario muy potente, exportador, que queremos que siga siendo sostenible, y estamos en una zona de estr\u00e9s h\u00eddrico importante, por lo que hemos de considerar esta cuesti\u00f3n como prioritaria\u00bb, ha aseverado.<\/p>\n<p>La reutilizaci\u00f3n de aguas, la investigaci\u00f3n en cultivos m\u00e1s resistentes a la salinidad, la sequ\u00eda y las plagas, el desarrollo de tecnolog\u00eda para la mejora en la producci\u00f3n de cultivos agr\u00edcolas son algunas de las tem\u00e1ticas que se abordar\u00e1n en las primeras convocatorias de I+D+i del programa, que movilizar\u00e1n 50 millones de euros en 2018. Los proyectos de investigaci\u00f3n tendr\u00e1n que contar al menos con un socio comunitario y otro no comunitario, ha explicado el director de la Fundaci\u00f3n Prima, Octavi Quintana.<\/p>\n<p><strong>Reservado un papel importante a Andaluc\u00eda<\/strong><\/p>\n<p>Ram\u00edrez de Arellano se ha mostrado convencido de que Andaluc\u00eda, por su trayectoria, puede jugar un importante papel en el desarrollo de Prima, que conecta ciencia, tecnolog\u00eda y empresa de pa\u00edses de ambos lados del Mediterr\u00e1neo. En este sentido, ha puesto como ejemplo de los avances adoptados en la comunidad aut\u00f3noma el olivar, una ense\u00f1a econ\u00f3mica por la generaci\u00f3n de aceite y donde en la actualidad se aplican tecnolog\u00edas avanzadas como los drones para vigilar la evoluci\u00f3n de los frutos o el uso de software para controlar los nutrientes que se le facilitan a los \u00e1rboles.<\/p>\n<p>Asimismo, ha subrayado la capacidad investigadora de las entidades de la comunidad aut\u00f3noma, que en la actualidad lideran uno de cada tres proyectos de las convocatorias de los fondos europeos Horizonte 2020 que cuentan con socios de la regi\u00f3n mediterr\u00e1nea. En concreto, ha recordado que siete de las nueve universidades andaluzas se sit\u00faan en el 3% mejor del mundo en el \u00e1rea de ciencias agroalimentarias, y concretamente la de C\u00f3rdoba se ha colocado en el \u00faltimo a\u00f1o entre las 100 primeras.<\/p>\n<p>A ellas se unen centros p\u00fablicos de referencia en investigaci\u00f3n como el IFAPA o la Agencia de Medioambiente y Agua de Andaluc\u00eda, cuyos profesionales se sit\u00faan a la vanguardia en sus \u00e1mbitos de actuaci\u00f3n; as\u00ed como institutos punteros del CSIC como el de la Grasa, la Estaci\u00f3n Biol\u00f3gica de Do\u00f1ana, la Estaci\u00f3n de Zonas \u00c1ridas de Almer\u00eda o el Instituto Hortofrut\u00edcola de C\u00e1diz. Por \u00faltimo, ha subrayado la importancia de centros tecnol\u00f3gicos por su trabajo de transferencia del conocimiento a empresas.<\/p>\n<p>El consejero ha animado al tejido empresarial a involucrarse en este proyecto, recordando que las compa\u00f1\u00edas del sector agroalimentario realizan desde hace a\u00f1os \u00abuna decidida apuesta por la innovaci\u00f3n\u00bb.<\/p>\n","protected":false},"excerpt":{"rendered":"<p>El consejero de Econom\u00eda y Conocimiento, Antonio Ram\u00edrez de Arellano, ha asegurado que Andaluc\u00eda participar\u00e1 en el programa Prima, que movilizar\u00e1 500 millones de euros en I+D+i a partir de 2018 y durante una d\u00e9cada. Ram\u00edrez de Arellano ha asegurado que se trata de una oportunidad para encontrar soluciones innovadoras que pal\u00eden los efectos del [&hellip;]<\/p>\n","protected":false},"author":1,"featured_media":960293,"comment_status":"closed","ping_status":"closed","sticky":false,"template":"","format":"standard","meta":{"footnotes":""},"categories":[1],"tags":[],"class_list":["post-960292","post","type-post","status-publish","format-standard","has-post-thumbnail","hentry","category-actualidad"],"aioseo_notices":[],"aioseo_head":"\n\t\t<!-- All in One SEO Pro 5.0.1 - aioseo.com -->\n\t<meta name=\"description\" content=\"El consejero de Econom\u00eda y Conocimiento, Antonio Ram\u00edrez de Arellano, ha asegurado que Andaluc\u00eda participar\u00e1 en el programa Prima, que movilizar\u00e1 500 millones de euros en I+D+i a partir de 2018 y durante una d\u00e9cada. Ram\u00edrez de Arellano ha asegurado que se trata de una oportunidad para encontrar soluciones innovadoras que pal\u00eden los efectos del\" \/>\n\t<meta name=\"robots\" content=\"max-image-preview:large\" \/>\n\t<meta name=\"author\" content=\"El Digital de Asturias\"\/>\n\t<meta name=\"google-site-verification\" content=\"UA-38556648-1\" \/>\n\t<meta name=\"msvalidate.01\" content=\"7dfe9f3f1b24437ab69f4f2559babe99\" \/>\n\t<meta name=\"keywords\" content=\"actualidad\" \/>\n\t<link rel=\"canonical\" href=\"https:\/\/www.eldigitaldeasturias.com\/noticias\/andalucia-participara-en-el-programa-prima\/\" \/>\n\t<meta name=\"generator\" content=\"All in One SEO Pro (AIOSEO) 5.0.1\" \/>\n\t\t<meta property=\"og:locale\" content=\"es_ES\" \/>\n\t\t<meta property=\"og:site_name\" content=\"El Digital de Asturias\" \/>\n\t\t<meta property=\"og:type\" content=\"article\" \/>\n\t\t<meta property=\"og:title\" content=\"Andaluc\u00eda participar\u00e1 en el programa Prima - El Digital de Asturias\" \/>\n\t\t<meta property=\"og:description\" content=\"El consejero de Econom\u00eda y Conocimiento, Antonio Ram\u00edrez de Arellano, ha asegurado que Andaluc\u00eda participar\u00e1 en el programa Prima, que movilizar\u00e1 500 millones de euros en I+D+i a partir de 2018 y durante una d\u00e9cada. Ram\u00edrez de Arellano ha asegurado que se trata de una oportunidad para encontrar soluciones innovadoras que pal\u00eden los efectos del\" \/>\n\t\t<meta property=\"og:url\" content=\"https:\/\/www.eldigitaldeasturias.com\/noticias\/andalucia-participara-en-el-programa-prima\/\" \/>\n\t\t<meta property=\"article:tag\" content=\"actualidad\" \/>\n\t\t<meta property=\"article:published_time\" content=\"2017-11-18T07:03:04+00:00\" \/>\n\t\t<meta property=\"article:modified_time\" content=\"2017-11-18T07:03:04+00:00\" \/>\n\t\t<meta property=\"article:publisher\" content=\"https:\/\/facebook.com\/eldigitaldeasturias\" \/>\n\t\t<meta name=\"twitter:card\" content=\"summary_large_image\" \/>\n\t\t<meta name=\"twitter:title\" content=\"Andaluc\u00eda participar\u00e1 en el programa Prima - El Digital de Asturias\" \/>\n\t\t<meta name=\"twitter:description\" content=\"El consejero de Econom\u00eda y Conocimiento, Antonio Ram\u00edrez de Arellano, ha asegurado que Andaluc\u00eda participar\u00e1 en el programa Prima, que movilizar\u00e1 500 millones de euros en I+D+i a partir de 2018 y durante una d\u00e9cada. Ram\u00edrez de Arellano ha asegurado que se trata de una oportunidad para encontrar soluciones innovadoras que pal\u00eden los efectos del\" \/>\n\t\t<meta name=\"twitter:image\" content=\"https:\/\/www.eldigitaldeasturias.com\/noticias\/wp-content\/uploads\/2020\/12\/EDA-1.jpg\" \/>\n\t\t<meta name=\"twitter:label1\" content=\"Escrito por\" \/>\n\t\t<meta name=\"twitter:data1\" content=\"El Digital de Asturias\" \/>\n\t\t<meta name=\"twitter:label2\" content=\"Tiempo de lectura estimado\" \/>\n\t\t<meta name=\"twitter:data2\" content=\"4 minutos\" \/>\n\t\t<script type=\"application\/ld+json\" class=\"aioseo-schema\">\n\t\t\t{\"@context\":\"https:\\\/\\\/schema.org\",\"@graph\":[{\"@type\":\"BlogPosting\",\"@id\":\"https:\\\/\\\/www.eldigitaldeasturias.com\\\/noticias\\\/andalucia-participara-en-el-programa-prima\\\/#blogposting\",\"name\":\"Andaluc\\u00eda participar\\u00e1 en el programa Prima - El Digital de Asturias\",\"headline\":\"Andaluc\\u00eda participar\\u00e1 en el programa Prima\",\"author\":{\"@id\":\"https:\\\/\\\/www.eldigitaldeasturias.com\\\/noticias\\\/author\\\/admin\\\/#author\"},\"publisher\":{\"@id\":\"https:\\\/\\\/www.eldigitaldeasturias.com\\\/noticias\\\/#organization\"},\"image\":{\"@type\":\"ImageObject\",\"url\":960293},\"datePublished\":\"2017-11-18T07:03:04+01:00\",\"dateModified\":\"2017-11-18T07:03:04+01:00\",\"inLanguage\":\"es-ES\",\"mainEntityOfPage\":{\"@id\":\"https:\\\/\\\/www.eldigitaldeasturias.com\\\/noticias\\\/andalucia-participara-en-el-programa-prima\\\/#webpage\"},\"isPartOf\":{\"@id\":\"https:\\\/\\\/www.eldigitaldeasturias.com\\\/noticias\\\/andalucia-participara-en-el-programa-prima\\\/#webpage\"},\"articleSection\":\"Actualidad\"},{\"@type\":\"BreadcrumbList\",\"@id\":\"https:\\\/\\\/www.eldigitaldeasturias.com\\\/noticias\\\/andalucia-participara-en-el-programa-prima\\\/#breadcrumblist\",\"itemListElement\":[{\"@type\":\"ListItem\",\"@id\":\"https:\\\/\\\/www.eldigitaldeasturias.com\\\/noticias#listItem\",\"position\":1,\"name\":\"Home\",\"item\":\"https:\\\/\\\/www.eldigitaldeasturias.com\\\/noticias\",\"nextItem\":{\"@type\":\"ListItem\",\"@id\":\"https:\\\/\\\/www.eldigitaldeasturias.com\\\/noticias\\\/category\\\/actualidad\\\/#listItem\",\"name\":\"Actualidad\"}},{\"@type\":\"ListItem\",\"@id\":\"https:\\\/\\\/www.eldigitaldeasturias.com\\\/noticias\\\/category\\\/actualidad\\\/#listItem\",\"position\":2,\"name\":\"Actualidad\",\"item\":\"https:\\\/\\\/www.eldigitaldeasturias.com\\\/noticias\\\/category\\\/actualidad\\\/\",\"nextItem\":{\"@type\":\"ListItem\",\"@id\":\"https:\\\/\\\/www.eldigitaldeasturias.com\\\/noticias\\\/andalucia-participara-en-el-programa-prima\\\/#listItem\",\"name\":\"Andaluc\\u00eda participar\\u00e1 en el programa Prima\"},\"previousItem\":{\"@type\":\"ListItem\",\"@id\":\"https:\\\/\\\/www.eldigitaldeasturias.com\\\/noticias#listItem\",\"name\":\"Home\"}},{\"@type\":\"ListItem\",\"@id\":\"https:\\\/\\\/www.eldigitaldeasturias.com\\\/noticias\\\/andalucia-participara-en-el-programa-prima\\\/#listItem\",\"position\":3,\"name\":\"Andaluc\\u00eda participar\\u00e1 en el programa Prima\",\"previousItem\":{\"@type\":\"ListItem\",\"@id\":\"https:\\\/\\\/www.eldigitaldeasturias.com\\\/noticias\\\/category\\\/actualidad\\\/#listItem\",\"name\":\"Actualidad\"}}]},{\"@type\":\"Organization\",\"@id\":\"https:\\\/\\\/www.eldigitaldeasturias.com\\\/noticias\\\/#organization\",\"name\":\"El Digital de Asturias\",\"description\":\"Hemeroteca\",\"url\":\"https:\\\/\\\/www.eldigitaldeasturias.com\\\/noticias\\\/\",\"email\":\"info@eldigitaldeasturias.com\",\"telephone\":\"+34652131393\",\"logo\":{\"@type\":\"ImageObject\",\"url\":\"https:\\\/\\\/www.eldigitaldeasturias.com\\\/noticias\\\/wp-content\\\/uploads\\\/2020\\\/12\\\/EDA.jpg\",\"@id\":\"https:\\\/\\\/www.eldigitaldeasturias.com\\\/noticias\\\/andalucia-participara-en-el-programa-prima\\\/#organizationLogo\"},\"image\":{\"@id\":\"https:\\\/\\\/www.eldigitaldeasturias.com\\\/noticias\\\/andalucia-participara-en-el-programa-prima\\\/#organizationLogo\"},\"sameAs\":[\"https:\\\/\\\/facebook.com\\\/eldigitaldeasturias\",\"https:\\\/\\\/www.youtube.com\\\/channel\\\/UCZP-2wLEB9Rv6erhFmqVnvg\"],\"address\":{\"@id\":\"https:\\\/\\\/www.eldigitaldeasturias.com\\\/noticias\\\/#postaladdress\",\"@type\":\"PostalAddress\",\"streetAddress\":\"san antonio 4\",\"postalCode\":\"33430\",\"addressLocality\":\"Cand\\u00e1s\",\"addressRegion\":\"Asturias\",\"addressCountry\":\"ES\"}},{\"@type\":\"Person\",\"@id\":\"https:\\\/\\\/www.eldigitaldeasturias.com\\\/noticias\\\/author\\\/admin\\\/#author\",\"url\":\"https:\\\/\\\/www.eldigitaldeasturias.com\\\/noticias\\\/author\\\/admin\\\/\",\"name\":\"El Digital de Asturias\",\"image\":{\"@type\":\"ImageObject\",\"@id\":\"https:\\\/\\\/www.eldigitaldeasturias.com\\\/noticias\\\/andalucia-participara-en-el-programa-prima\\\/#authorImage\",\"url\":\"https:\\\/\\\/secure.gravatar.com\\\/avatar\\\/df2aeffc32bcd13f8d26072ef8a91b623d677766deac7f97ca815868cd41bf5e?s=96&d=mm&r=g\",\"width\":96,\"height\":96,\"caption\":\"El Digital de Asturias\"}},{\"@type\":\"WebPage\",\"@id\":\"https:\\\/\\\/www.eldigitaldeasturias.com\\\/noticias\\\/andalucia-participara-en-el-programa-prima\\\/#webpage\",\"url\":\"https:\\\/\\\/www.eldigitaldeasturias.com\\\/noticias\\\/andalucia-participara-en-el-programa-prima\\\/\",\"name\":\"Andaluc\\u00eda participar\\u00e1 en el programa Prima - El Digital de Asturias\",\"description\":\"El consejero de Econom\\u00eda y Conocimiento, Antonio Ram\\u00edrez de Arellano, ha asegurado que Andaluc\\u00eda participar\\u00e1 en el programa Prima, que movilizar\\u00e1 500 millones de euros en I+D+i a partir de 2018 y durante una d\\u00e9cada. Ram\\u00edrez de Arellano ha asegurado que se trata de una oportunidad para encontrar soluciones innovadoras que pal\\u00eden los efectos del\",\"inLanguage\":\"es-ES\",\"isPartOf\":{\"@id\":\"https:\\\/\\\/www.eldigitaldeasturias.com\\\/noticias\\\/#website\"},\"breadcrumb\":{\"@id\":\"https:\\\/\\\/www.eldigitaldeasturias.com\\\/noticias\\\/andalucia-participara-en-el-programa-prima\\\/#breadcrumblist\"},\"author\":{\"@id\":\"https:\\\/\\\/www.eldigitaldeasturias.com\\\/noticias\\\/author\\\/admin\\\/#author\"},\"creator\":{\"@id\":\"https:\\\/\\\/www.eldigitaldeasturias.com\\\/noticias\\\/author\\\/admin\\\/#author\"},\"image\":{\"@type\":\"ImageObject\",\"url\":960293,\"@id\":\"https:\\\/\\\/www.eldigitaldeasturias.com\\\/noticias\\\/andalucia-participara-en-el-programa-prima\\\/#mainImage\"},\"primaryImageOfPage\":{\"@id\":\"https:\\\/\\\/www.eldigitaldeasturias.com\\\/noticias\\\/andalucia-participara-en-el-programa-prima\\\/#mainImage\"},\"datePublished\":\"2017-11-18T07:03:04+01:00\",\"dateModified\":\"2017-11-18T07:03:04+01:00\"},{\"@type\":\"WebSite\",\"@id\":\"https:\\\/\\\/www.eldigitaldeasturias.com\\\/noticias\\\/#website\",\"url\":\"https:\\\/\\\/www.eldigitaldeasturias.com\\\/noticias\\\/\",\"name\":\"El Digital de Asturias - Diario de actualidad y noticias\",\"alternateName\":\"El Digital de Asturias - Diario de actualidad y noticias\",\"description\":\"Hemeroteca\",\"inLanguage\":\"es-ES\",\"publisher\":{\"@id\":\"https:\\\/\\\/www.eldigitaldeasturias.com\\\/noticias\\\/#organization\"}}]}\n\t\t<\/script>\n\t\t<!-- All in One SEO Pro -->\r\n\t\t<title>Andaluc\u00eda participar\u00e1 en el programa Prima - El Digital de Asturias<\/title>\n\n","aioseo_head_json":{"title":"Andaluc\u00eda participar\u00e1 en el programa Prima - El Digital de Asturias","description":"El consejero de Econom\u00eda y Conocimiento, Antonio Ram\u00edrez de Arellano, ha asegurado que Andaluc\u00eda participar\u00e1 en el programa Prima, que movilizar\u00e1 500 millones de euros en I+D+i a partir de 2018 y durante una d\u00e9cada. Ram\u00edrez de Arellano ha asegurado que se trata de una oportunidad para encontrar soluciones innovadoras que pal\u00eden los efectos del","canonical_url":"https:\/\/www.eldigitaldeasturias.com\/noticias\/andalucia-participara-en-el-programa-prima\/","robots":"max-image-preview:large","keywords":"actualidad","webmasterTools":{"google-site-verification":"UA-38556648-1","msvalidate.01":"7dfe9f3f1b24437ab69f4f2559babe99","miscellaneous":""},"schema":{"@context":"https:\/\/schema.org","@graph":[{"@type":"BlogPosting","@id":"https:\/\/www.eldigitaldeasturias.com\/noticias\/andalucia-participara-en-el-programa-prima\/#blogposting","name":"Andaluc\u00eda participar\u00e1 en el programa Prima - El Digital de Asturias","headline":"Andaluc\u00eda participar\u00e1 en el programa Prima","author":{"@id":"https:\/\/www.eldigitaldeasturias.com\/noticias\/author\/admin\/#author"},"publisher":{"@id":"https:\/\/www.eldigitaldeasturias.com\/noticias\/#organization"},"image":{"@type":"ImageObject","url":960293},"datePublished":"2017-11-18T07:03:04+01:00","dateModified":"2017-11-18T07:03:04+01:00","inLanguage":"es-ES","mainEntityOfPage":{"@id":"https:\/\/www.eldigitaldeasturias.com\/noticias\/andalucia-participara-en-el-programa-prima\/#webpage"},"isPartOf":{"@id":"https:\/\/www.eldigitaldeasturias.com\/noticias\/andalucia-participara-en-el-programa-prima\/#webpage"},"articleSection":"Actualidad"},{"@type":"BreadcrumbList","@id":"https:\/\/www.eldigitaldeasturias.com\/noticias\/andalucia-participara-en-el-programa-prima\/#breadcrumblist","itemListElement":[{"@type":"ListItem","@id":"https:\/\/www.eldigitaldeasturias.com\/noticias#listItem","position":1,"name":"Home","item":"https:\/\/www.eldigitaldeasturias.com\/noticias","nextItem":{"@type":"ListItem","@id":"https:\/\/www.eldigitaldeasturias.com\/noticias\/category\/actualidad\/#listItem","name":"Actualidad"}},{"@type":"ListItem","@id":"https:\/\/www.eldigitaldeasturias.com\/noticias\/category\/actualidad\/#listItem","position":2,"name":"Actualidad","item":"https:\/\/www.eldigitaldeasturias.com\/noticias\/category\/actualidad\/","nextItem":{"@type":"ListItem","@id":"https:\/\/www.eldigitaldeasturias.com\/noticias\/andalucia-participara-en-el-programa-prima\/#listItem","name":"Andaluc\u00eda participar\u00e1 en el programa Prima"},"previousItem":{"@type":"ListItem","@id":"https:\/\/www.eldigitaldeasturias.com\/noticias#listItem","name":"Home"}},{"@type":"ListItem","@id":"https:\/\/www.eldigitaldeasturias.com\/noticias\/andalucia-participara-en-el-programa-prima\/#listItem","position":3,"name":"Andaluc\u00eda participar\u00e1 en el programa Prima","previousItem":{"@type":"ListItem","@id":"https:\/\/www.eldigitaldeasturias.com\/noticias\/category\/actualidad\/#listItem","name":"Actualidad"}}]},{"@type":"Organization","@id":"https:\/\/www.eldigitaldeasturias.com\/noticias\/#organization","name":"El Digital de Asturias","description":"Hemeroteca","url":"https:\/\/www.eldigitaldeasturias.com\/noticias\/","email":"info@eldigitaldeasturias.com","telephone":"+34652131393","logo":{"@type":"ImageObject","url":"https:\/\/www.eldigitaldeasturias.com\/noticias\/wp-content\/uploads\/2020\/12\/EDA.jpg","@id":"https:\/\/www.eldigitaldeasturias.com\/noticias\/andalucia-participara-en-el-programa-prima\/#organizationLogo"},"image":{"@id":"https:\/\/www.eldigitaldeasturias.com\/noticias\/andalucia-participara-en-el-programa-prima\/#organizationLogo"},"sameAs":["https:\/\/facebook.com\/eldigitaldeasturias","https:\/\/www.youtube.com\/channel\/UCZP-2wLEB9Rv6erhFmqVnvg"],"address":{"@id":"https:\/\/www.eldigitaldeasturias.com\/noticias\/#postaladdress","@type":"PostalAddress","streetAddress":"san antonio 4","postalCode":"33430","addressLocality":"Cand\u00e1s","addressRegion":"Asturias","addressCountry":"ES"}},{"@type":"Person","@id":"https:\/\/www.eldigitaldeasturias.com\/noticias\/author\/admin\/#author","url":"https:\/\/www.eldigitaldeasturias.com\/noticias\/author\/admin\/","name":"El Digital de Asturias","image":{"@type":"ImageObject","@id":"https:\/\/www.eldigitaldeasturias.com\/noticias\/andalucia-participara-en-el-programa-prima\/#authorImage","url":"https:\/\/secure.gravatar.com\/avatar\/df2aeffc32bcd13f8d26072ef8a91b623d677766deac7f97ca815868cd41bf5e?s=96&d=mm&r=g","width":96,"height":96,"caption":"El Digital de Asturias"}},{"@type":"WebPage","@id":"https:\/\/www.eldigitaldeasturias.com\/noticias\/andalucia-participara-en-el-programa-prima\/#webpage","url":"https:\/\/www.eldigitaldeasturias.com\/noticias\/andalucia-participara-en-el-programa-prima\/","name":"Andaluc\u00eda participar\u00e1 en el programa Prima - El Digital de Asturias","description":"El consejero de Econom\u00eda y Conocimiento, Antonio Ram\u00edrez de Arellano, ha asegurado que Andaluc\u00eda participar\u00e1 en el programa Prima, que movilizar\u00e1 500 millones de euros en I+D+i a partir de 2018 y durante una d\u00e9cada. Ram\u00edrez de Arellano ha asegurado que se trata de una oportunidad para encontrar soluciones innovadoras que pal\u00eden los efectos del","inLanguage":"es-ES","isPartOf":{"@id":"https:\/\/www.eldigitaldeasturias.com\/noticias\/#website"},"breadcrumb":{"@id":"https:\/\/www.eldigitaldeasturias.com\/noticias\/andalucia-participara-en-el-programa-prima\/#breadcrumblist"},"author":{"@id":"https:\/\/www.eldigitaldeasturias.com\/noticias\/author\/admin\/#author"},"creator":{"@id":"https:\/\/www.eldigitaldeasturias.com\/noticias\/author\/admin\/#author"},"image":{"@type":"ImageObject","url":960293,"@id":"https:\/\/www.eldigitaldeasturias.com\/noticias\/andalucia-participara-en-el-programa-prima\/#mainImage"},"primaryImageOfPage":{"@id":"https:\/\/www.eldigitaldeasturias.com\/noticias\/andalucia-participara-en-el-programa-prima\/#mainImage"},"datePublished":"2017-11-18T07:03:04+01:00","dateModified":"2017-11-18T07:03:04+01:00"},{"@type":"WebSite","@id":"https:\/\/www.eldigitaldeasturias.com\/noticias\/#website","url":"https:\/\/www.eldigitaldeasturias.com\/noticias\/","name":"El Digital de Asturias - Diario de actualidad y noticias","alternateName":"El Digital de Asturias - Diario de actualidad y noticias","description":"Hemeroteca","inLanguage":"es-ES","publisher":{"@id":"https:\/\/www.eldigitaldeasturias.com\/noticias\/#organization"}}]},"og:locale":"es_ES","og:site_name":"El Digital de Asturias","og:type":"article","og:title":"Andaluc\u00eda participar\u00e1 en el programa Prima - El Digital de Asturias","og:description":"El consejero de Econom\u00eda y Conocimiento, Antonio Ram\u00edrez de Arellano, ha asegurado que Andaluc\u00eda participar\u00e1 en el programa Prima, que movilizar\u00e1 500 millones de euros en I+D+i a partir de 2018 y durante una d\u00e9cada. Ram\u00edrez de Arellano ha asegurado que se trata de una oportunidad para encontrar soluciones innovadoras que pal\u00eden los efectos del","og:url":"https:\/\/www.eldigitaldeasturias.com\/noticias\/andalucia-participara-en-el-programa-prima\/","article:tag":["actualidad"],"article:published_time":"2017-11-18T07:03:04+00:00","article:modified_time":"2017-11-18T07:03:04+00:00","article:publisher":"https:\/\/facebook.com\/eldigitaldeasturias","twitter:card":"summary_large_image","twitter:title":"Andaluc\u00eda participar\u00e1 en el programa Prima - El Digital de Asturias","twitter:description":"El consejero de Econom\u00eda y Conocimiento, Antonio Ram\u00edrez de Arellano, ha asegurado que Andaluc\u00eda participar\u00e1 en el programa Prima, que movilizar\u00e1 500 millones de euros en I+D+i a partir de 2018 y durante una d\u00e9cada. Ram\u00edrez de Arellano ha asegurado que se trata de una oportunidad para encontrar soluciones innovadoras que pal\u00eden los efectos del","twitter:image":"https:\/\/www.eldigitaldeasturias.com\/noticias\/wp-content\/uploads\/2020\/12\/EDA-1.jpg","twitter:label1":"Escrito por","twitter:data1":"El Digital de Asturias","twitter:label2":"Tiempo de lectura estimado","twitter:data2":"4 minutos"},"aioseo_meta_data":{"post_id":"960292","title":null,"description":null,"keywords":null,"keyphrases":null,"primary_term":null,"canonical_url":null,"og_title":null,"og_description":null,"og_object_type":"default","og_image_type":"default","og_image_url":null,"og_image_width":null,"og_image_height":null,"og_image_custom_url":null,"og_image_custom_fields":null,"og_video":null,"og_custom_url":null,"og_article_section":null,"og_article_tags":null,"twitter_use_og":false,"twitter_card":"default","twitter_image_type":"default","twitter_image_url":null,"twitter_image_custom_url":null,"twitter_image_custom_fields":null,"twitter_title":null,"twitter_description":null,"schema":{"blockGraphs":[],"customGraphs":[],"default":{"data":{"Article":[],"Course":[],"Dataset":[],"FAQPage":[],"Movie":[],"Person":[],"Product":[],"ProductReview":[],"Car":[],"Recipe":[],"Service":[],"SoftwareApplication":[],"WebPage":[]},"graphName":"","isEnabled":true},"graphs":[],"defaultGraph":"","defaultPostTypeGraph":""},"schema_type":null,"schema_type_options":null,"pillar_content":false,"robots_default":true,"robots_noindex":false,"robots_noarchive":false,"robots_nosnippet":false,"robots_nofollow":false,"robots_noimageindex":false,"robots_noodp":false,"robots_notranslate":false,"robots_max_snippet":null,"robots_max_videopreview":null,"robots_max_imagepreview":"large","priority":null,"frequency":null,"local_seo":null,"seo_analyzer_scan_date":"2025-12-07 04:47:16","breadcrumb_settings":null,"limit_modified_date":false,"open_ai":null,"ai":null,"created":"2020-12-21 12:53:06","updated":"2025-12-07 04:47:16","focus_keyword":null,"additional_keywords":null,"truseo_locale":null},"aioseo_breadcrumb":"<div class=\"aioseo-breadcrumbs\"><span class=\"aioseo-breadcrumb\">\n\t<a href=\"https:\/\/www.eldigitaldeasturias.com\/noticias\" title=\"Home\">Home<\/a>\n<\/span><span class=\"aioseo-breadcrumb-separator\">\u2013<\/span><span class=\"aioseo-breadcrumb\">\n\t<a href=\"https:\/\/www.eldigitaldeasturias.com\/noticias\/category\/actualidad\/\" title=\"Actualidad\">Actualidad<\/a>\n<\/span><span class=\"aioseo-breadcrumb-separator\">\u2013<\/span><span class=\"aioseo-breadcrumb\">\n\t<a href=\"https:\/\/www.eldigitaldeasturias.com\/noticias\/andalucia-participara-en-el-programa-prima\/\" title=\"Andaluc\u00eda participar\u00e1 en el programa Prima\">Andaluc\u00eda participar\u00e1 en el programa Prima<\/a>\n<\/span><\/div>","aioseo_breadcrumb_json":[{"label":"Home","link":"https:\/\/www.eldigitaldeasturias.com\/noticias"},{"label":"Actualidad","link":"https:\/\/www.eldigitaldeasturias.com\/noticias\/category\/actualidad\/"},{"label":"Andaluc\u00eda participar\u00e1 en el programa Prima","link":"https:\/\/www.eldigitaldeasturias.com\/noticias\/andalucia-participara-en-el-programa-prima\/"}],"_links":{"self":[{"href":"https:\/\/www.eldigitaldeasturias.com\/noticias\/wp-json\/wp\/v2\/posts\/960292","targetHints":{"allow":["GET"]}}],"collection":[{"href":"https:\/\/www.eldigitaldeasturias.com\/noticias\/wp-json\/wp\/v2\/posts"}],"about":[{"href":"https:\/\/www.eldigitaldeasturias.com\/noticias\/wp-json\/wp\/v2\/types\/post"}],"author":[{"embeddable":true,"href":"https:\/\/www.eldigitaldeasturias.com\/noticias\/wp-json\/wp\/v2\/users\/1"}],"replies":[{"embeddable":true,"href":"https:\/\/www.eldigitaldeasturias.com\/noticias\/wp-json\/wp\/v2\/comments?post=960292"}],"version-history":[{"count":0,"href":"https:\/\/www.eldigitaldeasturias.com\/noticias\/wp-json\/wp\/v2\/posts\/960292\/revisions"}],"wp:attachment":[{"href":"https:\/\/www.eldigitaldeasturias.com\/noticias\/wp-json\/wp\/v2\/media?parent=960292"}],"wp:term":[{"taxonomy":"category","embeddable":true,"href":"https:\/\/www.eldigitaldeasturias.com\/noticias\/wp-json\/wp\/v2\/categories?post=960292"},{"taxonomy":"post_tag","embeddable":true,"href":"https:\/\/www.eldigitaldeasturias.com\/noticias\/wp-json\/wp\/v2\/tags?post=960292"}],"curies":[{"name":"wp","href":"https:\/\/api.w.org\/{rel}","templated":true}]}}