{"id":960289,"date":"2017-11-18T07:00:24","date_gmt":"2017-11-18T07:00:24","guid":{"rendered":"http:\/\/www.eldigitaldeasturias.com\/noticias\/?p=960289"},"modified":"2017-11-18T07:00:24","modified_gmt":"2017-11-18T07:00:24","slug":"mas-del-70-de-las-empresas-aceleradas-en-la-farola-de-malaga-siguen-activas","status":"publish","type":"post","link":"https:\/\/www.eldigitaldeasturias.com\/noticias\/mas-del-70-de-las-empresas-aceleradas-en-la-farola-de-malaga-siguen-activas\/","title":{"rendered":"M\u00e1s del 70% de las empresas aceleradas en La Farola de M\u00e1laga siguen activas"},"content":{"rendered":"<p><img loading=\"lazy\" decoding=\"async\" class=\"alignleft size-full wp-image-960290\" src=\"https:\/\/www.eldigitaldeasturias.com\/noticias\/wp-content\/uploads\/2017\/11\/1510923315220farolaNP2dn.jpg\" alt=\"\" width=\"312\" height=\"190\" \/>El consejero de Empleo, Empresa y Comercio, Javier Carnero, el alcalde de M\u00e1laga, Francisco de la Torre, y la directora de Territorio Sur de Telef\u00f3nica, Mar\u00eda Jes\u00fas Almazor, han visitado el espacio de crowdworking del programa Andaluc\u00eda Open Future en M\u00e1laga, con motivo del segundo aniversario de su puesta en marcha. Durante la visita a La Farola, han saludado a las 13 empresas que se encuentran alojadas y han conocido los proyectos de las empresas que recientemente han logrado atraer una inversi\u00f3n cercana a los 700.000 euros. El consejero Javier Carnero ha destacado adem\u00e1s la eficacia de la f\u00f3rmula de asesoramiento a las empresas que se imparte, y ha subrayado que m\u00e1s del 70% de los emprendedores contin\u00faa con su proyecto vivo una vez finalizado el periodo de alojamiento.<\/p>\n<p>Este espacio, el segundo que la iniciativa abri\u00f3 en Andaluc\u00eda, arranc\u00f3 su actividad el 20 de noviembre de 2015 con la incorporaci\u00f3n de ocho startups. Desde entonces, se han articulado cinco convocatorias en las que han participado m\u00e1s de 130 emprendedores de 44 empresas seleccionadas.<\/p>\n<p>En el centro, en el que se han celebrado m\u00e1s de 1.000 horas de mentorizaci\u00f3n, las empresas han sido preparadas durante estos dos a\u00f1os en \u00e1reas como M\u00e9tricas y Estrategia de Negocio, Posicionamiento SEO, Comunicaci\u00f3n, Marketing digital, Estrategia de venta, \u00c1rea Legal, y tambi\u00e9n para afrontar rondas de inversi\u00f3n y negociaciones con inversores.<\/p>\n<p>Entre los casos de \u00e9xito que han presentado sus negocios, encontramos a Happy Box, compa\u00f1\u00eda de env\u00edos instant\u00e1neos a domicilio que entr\u00f3 en La Farola prestando servicio en M\u00e1laga a peque\u00f1os clientes, y que cerrar\u00e1 2017 con una facturaci\u00f3n de m\u00e1s de 50.000 euros mensuales, y habiendo cerrado recientemente una ronda de financiaci\u00f3n de 230.000 mil euros.<\/p>\n<p>El equipo de Padel Manager, plataforma online que ofrece servicios de gesti\u00f3n deportiva a clubes de p\u00e1del, jugadores y usuarios, ha contado c\u00f3mo ha logrado conseguir hitos tan importantes como ser nombrada como mejor startup andaluza en EBAN de M\u00e1laga 2017, cerrar una ronda de financiaci\u00f3n de 300.000 mil euros, o ser normbrada app oficial de la Federaci\u00f3n Espa\u00f1ola de Padel.<\/p>\n<p>Iurban, la empresa afianzada en el sector de las Smart Cities gracias a la reutilizaci\u00f3n de las cabinas urbanas de Telef\u00f3nica, est\u00e1 cerrando una ronda de financiaci\u00f3n de 150.000 euros, con el 50% de coinversi\u00f3n p\u00fablica y privada. Tal como han explicado, su soluci\u00f3n es ya un servicio que utilizan 5.000 usuarios al d\u00eda en diez ciudades diferentes.<\/p>\n<p>Hasta la fecha, el 73% de las empresas que han accedido a La Farola han finalizado el programa y un buen n\u00famero de ellas se encuentran en un buen ritmo de crecimiento y est\u00e1n teniendo eco en medios de comunicaci\u00f3n.<\/p>\n<p>Prueba de ello pueden ser los casos de Fiixit y Eneso, por la innovaci\u00f3n de sus soluciones; Fiixit la sustituci\u00f3n de escayolas por f\u00e9rulas de impresi\u00f3n en 3D, o el caso de Eneso por sus soluciones de Hardware y Software para discapacitados, lo que le ha llevado a su CEO a ser premiada por el MIT (Instituto Tecnol\u00f3gico de Massachusetts) que reconoce la labor de j\u00f3venes emprendedores en el desarrollo de proyectos con capacidad de mejorar el mundo.<\/p>\n<p>Adem\u00e1s, una de las empresas, CloudToWay, compuesta por un equipo de siete personas, acaba de firmar su entrada a Wayra Madrid con una estimaci\u00f3n de venta del producto en grandes cuentas de aseguradoras, industria o retail, y con unas previsiones de crecimiento de personal y facturaci\u00f3n de millones de euros para los pr\u00f3ximos a\u00f1os.<\/p>\n<p><strong>Andaluc\u00eda Open Future<\/strong><\/p>\n<p>Andaluc\u00eda Open Future es una iniciativa de apoyo al emprendimiento basado en la innovaci\u00f3n impulsada por Junta de Andaluc\u00eda y Telef\u00f3nica en virtud del convenio suscrito en 2014 entre la presidenta del Gobierno andaluz, y el presidente de Telef\u00f3nica.<\/p>\n<p>El objetivo es que este programa se convierta en una oportunidad de acelerar de manera significativa la creaci\u00f3n de empleo y el desarrollo econ\u00f3mico en la comunidad, fomentando la creaci\u00f3n de un mejor entorno para que las empresas de base innovadora puedan nacer, crecer y desarrollarse en condiciones \u00f3ptimas.<\/p>\n<p>Para ello, la iniciativa cuenta con tres centros de crowdworking ubicados en Sevilla (El Cubo), M\u00e1laga (La Farola) y Almer\u00eda (El Cable). Para la apertura y dinamizaci\u00f3n de los centros de M\u00e1laga y Almer\u00eda, Junta de Andaluc\u00eda y Telef\u00f3nica cuentan con la colaboraci\u00f3n del Ayuntamiento de M\u00e1laga y el Ayuntamiento de Almer\u00eda.<\/p>\n<p>Actualmente, la iniciativa mantiene abierto el plazo del \u00abRetoAOF\u00bb para seleccionar hasta 19 nuevas empresas para formar parte de su programa de emprendimiento de base innovadora.<\/p>\n","protected":false},"excerpt":{"rendered":"<p>El consejero de Empleo, Empresa y Comercio, Javier Carnero, el alcalde de M\u00e1laga, Francisco de la Torre, y la directora de Territorio Sur de Telef\u00f3nica, Mar\u00eda Jes\u00fas Almazor, han visitado el espacio de crowdworking del programa Andaluc\u00eda Open Future en M\u00e1laga, con motivo del segundo aniversario de su puesta en marcha. Durante la visita a [&hellip;]<\/p>\n","protected":false},"author":1,"featured_media":960290,"comment_status":"closed","ping_status":"closed","sticky":false,"template":"","format":"standard","meta":{"footnotes":""},"categories":[1],"tags":[],"class_list":["post-960289","post","type-post","status-publish","format-standard","has-post-thumbnail","hentry","category-actualidad"],"aioseo_notices":[],"aioseo_head":"\n\t\t<!-- All in One SEO Pro 5.0.1 - aioseo.com -->\n\t<meta name=\"description\" content=\"El consejero de Empleo, Empresa y Comercio, Javier Carnero, el alcalde de M\u00e1laga, Francisco de la Torre, y la directora de Territorio Sur de Telef\u00f3nica, Mar\u00eda Jes\u00fas Almazor, han visitado el espacio de crowdworking del programa Andaluc\u00eda Open Future en M\u00e1laga, con motivo del segundo aniversario de su puesta en marcha. Durante la visita a\" \/>\n\t<meta name=\"robots\" content=\"max-image-preview:large\" \/>\n\t<meta name=\"author\" content=\"El Digital de Asturias\"\/>\n\t<meta name=\"google-site-verification\" content=\"UA-38556648-1\" \/>\n\t<meta name=\"msvalidate.01\" content=\"7dfe9f3f1b24437ab69f4f2559babe99\" \/>\n\t<meta name=\"keywords\" content=\"actualidad\" \/>\n\t<link rel=\"canonical\" href=\"https:\/\/www.eldigitaldeasturias.com\/noticias\/mas-del-70-de-las-empresas-aceleradas-en-la-farola-de-malaga-siguen-activas\/\" \/>\n\t<meta name=\"generator\" content=\"All in One SEO Pro (AIOSEO) 5.0.1\" \/>\n\t\t<meta property=\"og:locale\" content=\"es_ES\" \/>\n\t\t<meta property=\"og:site_name\" content=\"El Digital de Asturias\" \/>\n\t\t<meta property=\"og:type\" content=\"article\" \/>\n\t\t<meta property=\"og:title\" content=\"M\u00e1s del 70% de las empresas aceleradas en La Farola de M\u00e1laga siguen activas - El Digital de Asturias\" \/>\n\t\t<meta property=\"og:description\" content=\"El consejero de Empleo, Empresa y Comercio, Javier Carnero, el alcalde de M\u00e1laga, Francisco de la Torre, y la directora de Territorio Sur de Telef\u00f3nica, Mar\u00eda Jes\u00fas Almazor, han visitado el espacio de crowdworking del programa Andaluc\u00eda Open Future en M\u00e1laga, con motivo del segundo aniversario de su puesta en marcha. Durante la visita a\" \/>\n\t\t<meta property=\"og:url\" content=\"https:\/\/www.eldigitaldeasturias.com\/noticias\/mas-del-70-de-las-empresas-aceleradas-en-la-farola-de-malaga-siguen-activas\/\" \/>\n\t\t<meta property=\"article:tag\" content=\"actualidad\" \/>\n\t\t<meta property=\"article:published_time\" content=\"2017-11-18T07:00:24+00:00\" \/>\n\t\t<meta property=\"article:modified_time\" content=\"2017-11-18T07:00:24+00:00\" \/>\n\t\t<meta property=\"article:publisher\" content=\"https:\/\/facebook.com\/eldigitaldeasturias\" \/>\n\t\t<meta name=\"twitter:card\" content=\"summary_large_image\" \/>\n\t\t<meta name=\"twitter:title\" content=\"M\u00e1s del 70% de las empresas aceleradas en La Farola de M\u00e1laga siguen activas - El Digital de Asturias\" \/>\n\t\t<meta name=\"twitter:description\" content=\"El consejero de Empleo, Empresa y Comercio, Javier Carnero, el alcalde de M\u00e1laga, Francisco de la Torre, y la directora de Territorio Sur de Telef\u00f3nica, Mar\u00eda Jes\u00fas Almazor, han visitado el espacio de crowdworking del programa Andaluc\u00eda Open Future en M\u00e1laga, con motivo del segundo aniversario de su puesta en marcha. Durante la visita a\" \/>\n\t\t<meta name=\"twitter:image\" content=\"https:\/\/www.eldigitaldeasturias.com\/noticias\/wp-content\/uploads\/2020\/12\/EDA-1.jpg\" \/>\n\t\t<meta name=\"twitter:label1\" content=\"Escrito por\" \/>\n\t\t<meta name=\"twitter:data1\" content=\"El Digital de Asturias\" \/>\n\t\t<meta name=\"twitter:label2\" content=\"Tiempo de lectura estimado\" \/>\n\t\t<meta name=\"twitter:data2\" content=\"4 minutos\" \/>\n\t\t<script type=\"application\/ld+json\" class=\"aioseo-schema\">\n\t\t\t{\"@context\":\"https:\\\/\\\/schema.org\",\"@graph\":[{\"@type\":\"BlogPosting\",\"@id\":\"https:\\\/\\\/www.eldigitaldeasturias.com\\\/noticias\\\/mas-del-70-de-las-empresas-aceleradas-en-la-farola-de-malaga-siguen-activas\\\/#blogposting\",\"name\":\"M\\u00e1s del 70% de las empresas aceleradas en La Farola de M\\u00e1laga siguen activas - El Digital de Asturias\",\"headline\":\"M\\u00e1s del 70% de las empresas aceleradas en La Farola de M\\u00e1laga siguen activas\",\"author\":{\"@id\":\"https:\\\/\\\/www.eldigitaldeasturias.com\\\/noticias\\\/author\\\/admin\\\/#author\"},\"publisher\":{\"@id\":\"https:\\\/\\\/www.eldigitaldeasturias.com\\\/noticias\\\/#organization\"},\"image\":{\"@type\":\"ImageObject\",\"url\":960290},\"datePublished\":\"2017-11-18T07:00:24+01:00\",\"dateModified\":\"2017-11-18T07:00:24+01:00\",\"inLanguage\":\"es-ES\",\"mainEntityOfPage\":{\"@id\":\"https:\\\/\\\/www.eldigitaldeasturias.com\\\/noticias\\\/mas-del-70-de-las-empresas-aceleradas-en-la-farola-de-malaga-siguen-activas\\\/#webpage\"},\"isPartOf\":{\"@id\":\"https:\\\/\\\/www.eldigitaldeasturias.com\\\/noticias\\\/mas-del-70-de-las-empresas-aceleradas-en-la-farola-de-malaga-siguen-activas\\\/#webpage\"},\"articleSection\":\"Actualidad\"},{\"@type\":\"BreadcrumbList\",\"@id\":\"https:\\\/\\\/www.eldigitaldeasturias.com\\\/noticias\\\/mas-del-70-de-las-empresas-aceleradas-en-la-farola-de-malaga-siguen-activas\\\/#breadcrumblist\",\"itemListElement\":[{\"@type\":\"ListItem\",\"@id\":\"https:\\\/\\\/www.eldigitaldeasturias.com\\\/noticias#listItem\",\"position\":1,\"name\":\"Home\",\"item\":\"https:\\\/\\\/www.eldigitaldeasturias.com\\\/noticias\",\"nextItem\":{\"@type\":\"ListItem\",\"@id\":\"https:\\\/\\\/www.eldigitaldeasturias.com\\\/noticias\\\/category\\\/actualidad\\\/#listItem\",\"name\":\"Actualidad\"}},{\"@type\":\"ListItem\",\"@id\":\"https:\\\/\\\/www.eldigitaldeasturias.com\\\/noticias\\\/category\\\/actualidad\\\/#listItem\",\"position\":2,\"name\":\"Actualidad\",\"item\":\"https:\\\/\\\/www.eldigitaldeasturias.com\\\/noticias\\\/category\\\/actualidad\\\/\",\"nextItem\":{\"@type\":\"ListItem\",\"@id\":\"https:\\\/\\\/www.eldigitaldeasturias.com\\\/noticias\\\/mas-del-70-de-las-empresas-aceleradas-en-la-farola-de-malaga-siguen-activas\\\/#listItem\",\"name\":\"M\\u00e1s del 70% de las empresas aceleradas en La Farola de M\\u00e1laga siguen activas\"},\"previousItem\":{\"@type\":\"ListItem\",\"@id\":\"https:\\\/\\\/www.eldigitaldeasturias.com\\\/noticias#listItem\",\"name\":\"Home\"}},{\"@type\":\"ListItem\",\"@id\":\"https:\\\/\\\/www.eldigitaldeasturias.com\\\/noticias\\\/mas-del-70-de-las-empresas-aceleradas-en-la-farola-de-malaga-siguen-activas\\\/#listItem\",\"position\":3,\"name\":\"M\\u00e1s del 70% de las empresas aceleradas en La Farola de M\\u00e1laga siguen activas\",\"previousItem\":{\"@type\":\"ListItem\",\"@id\":\"https:\\\/\\\/www.eldigitaldeasturias.com\\\/noticias\\\/category\\\/actualidad\\\/#listItem\",\"name\":\"Actualidad\"}}]},{\"@type\":\"Organization\",\"@id\":\"https:\\\/\\\/www.eldigitaldeasturias.com\\\/noticias\\\/#organization\",\"name\":\"El Digital de Asturias\",\"description\":\"Hemeroteca\",\"url\":\"https:\\\/\\\/www.eldigitaldeasturias.com\\\/noticias\\\/\",\"email\":\"info@eldigitaldeasturias.com\",\"telephone\":\"+34652131393\",\"logo\":{\"@type\":\"ImageObject\",\"url\":\"https:\\\/\\\/www.eldigitaldeasturias.com\\\/noticias\\\/wp-content\\\/uploads\\\/2020\\\/12\\\/EDA.jpg\",\"@id\":\"https:\\\/\\\/www.eldigitaldeasturias.com\\\/noticias\\\/mas-del-70-de-las-empresas-aceleradas-en-la-farola-de-malaga-siguen-activas\\\/#organizationLogo\"},\"image\":{\"@id\":\"https:\\\/\\\/www.eldigitaldeasturias.com\\\/noticias\\\/mas-del-70-de-las-empresas-aceleradas-en-la-farola-de-malaga-siguen-activas\\\/#organizationLogo\"},\"sameAs\":[\"https:\\\/\\\/facebook.com\\\/eldigitaldeasturias\",\"https:\\\/\\\/www.youtube.com\\\/channel\\\/UCZP-2wLEB9Rv6erhFmqVnvg\"],\"address\":{\"@id\":\"https:\\\/\\\/www.eldigitaldeasturias.com\\\/noticias\\\/#postaladdress\",\"@type\":\"PostalAddress\",\"streetAddress\":\"san antonio 4\",\"postalCode\":\"33430\",\"addressLocality\":\"Cand\\u00e1s\",\"addressRegion\":\"Asturias\",\"addressCountry\":\"ES\"}},{\"@type\":\"Person\",\"@id\":\"https:\\\/\\\/www.eldigitaldeasturias.com\\\/noticias\\\/author\\\/admin\\\/#author\",\"url\":\"https:\\\/\\\/www.eldigitaldeasturias.com\\\/noticias\\\/author\\\/admin\\\/\",\"name\":\"El Digital de Asturias\",\"image\":{\"@type\":\"ImageObject\",\"@id\":\"https:\\\/\\\/www.eldigitaldeasturias.com\\\/noticias\\\/mas-del-70-de-las-empresas-aceleradas-en-la-farola-de-malaga-siguen-activas\\\/#authorImage\",\"url\":\"https:\\\/\\\/secure.gravatar.com\\\/avatar\\\/df2aeffc32bcd13f8d26072ef8a91b623d677766deac7f97ca815868cd41bf5e?s=96&d=mm&r=g\",\"width\":96,\"height\":96,\"caption\":\"El Digital de Asturias\"}},{\"@type\":\"WebPage\",\"@id\":\"https:\\\/\\\/www.eldigitaldeasturias.com\\\/noticias\\\/mas-del-70-de-las-empresas-aceleradas-en-la-farola-de-malaga-siguen-activas\\\/#webpage\",\"url\":\"https:\\\/\\\/www.eldigitaldeasturias.com\\\/noticias\\\/mas-del-70-de-las-empresas-aceleradas-en-la-farola-de-malaga-siguen-activas\\\/\",\"name\":\"M\\u00e1s del 70% de las empresas aceleradas en La Farola de M\\u00e1laga siguen activas - El Digital de Asturias\",\"description\":\"El consejero de Empleo, Empresa y Comercio, Javier Carnero, el alcalde de M\\u00e1laga, Francisco de la Torre, y la directora de Territorio Sur de Telef\\u00f3nica, Mar\\u00eda Jes\\u00fas Almazor, han visitado el espacio de crowdworking del programa Andaluc\\u00eda Open Future en M\\u00e1laga, con motivo del segundo aniversario de su puesta en marcha. Durante la visita a\",\"inLanguage\":\"es-ES\",\"isPartOf\":{\"@id\":\"https:\\\/\\\/www.eldigitaldeasturias.com\\\/noticias\\\/#website\"},\"breadcrumb\":{\"@id\":\"https:\\\/\\\/www.eldigitaldeasturias.com\\\/noticias\\\/mas-del-70-de-las-empresas-aceleradas-en-la-farola-de-malaga-siguen-activas\\\/#breadcrumblist\"},\"author\":{\"@id\":\"https:\\\/\\\/www.eldigitaldeasturias.com\\\/noticias\\\/author\\\/admin\\\/#author\"},\"creator\":{\"@id\":\"https:\\\/\\\/www.eldigitaldeasturias.com\\\/noticias\\\/author\\\/admin\\\/#author\"},\"image\":{\"@type\":\"ImageObject\",\"url\":960290,\"@id\":\"https:\\\/\\\/www.eldigitaldeasturias.com\\\/noticias\\\/mas-del-70-de-las-empresas-aceleradas-en-la-farola-de-malaga-siguen-activas\\\/#mainImage\"},\"primaryImageOfPage\":{\"@id\":\"https:\\\/\\\/www.eldigitaldeasturias.com\\\/noticias\\\/mas-del-70-de-las-empresas-aceleradas-en-la-farola-de-malaga-siguen-activas\\\/#mainImage\"},\"datePublished\":\"2017-11-18T07:00:24+01:00\",\"dateModified\":\"2017-11-18T07:00:24+01:00\"},{\"@type\":\"WebSite\",\"@id\":\"https:\\\/\\\/www.eldigitaldeasturias.com\\\/noticias\\\/#website\",\"url\":\"https:\\\/\\\/www.eldigitaldeasturias.com\\\/noticias\\\/\",\"name\":\"El Digital de Asturias - Diario de actualidad y noticias\",\"alternateName\":\"El Digital de Asturias - Diario de actualidad y noticias\",\"description\":\"Hemeroteca\",\"inLanguage\":\"es-ES\",\"publisher\":{\"@id\":\"https:\\\/\\\/www.eldigitaldeasturias.com\\\/noticias\\\/#organization\"}}]}\n\t\t<\/script>\n\t\t<!-- All in One SEO Pro -->\r\n\t\t<title>M\u00e1s del 70% de las empresas aceleradas en La Farola de M\u00e1laga siguen activas - El Digital de Asturias<\/title>\n\n","aioseo_head_json":{"title":"M\u00e1s del 70% de las empresas aceleradas en La Farola de M\u00e1laga siguen activas - El Digital de Asturias","description":"El consejero de Empleo, Empresa y Comercio, Javier Carnero, el alcalde de M\u00e1laga, Francisco de la Torre, y la directora de Territorio Sur de Telef\u00f3nica, Mar\u00eda Jes\u00fas Almazor, han visitado el espacio de crowdworking del programa Andaluc\u00eda Open Future en M\u00e1laga, con motivo del segundo aniversario de su puesta en marcha. Durante la visita a","canonical_url":"https:\/\/www.eldigitaldeasturias.com\/noticias\/mas-del-70-de-las-empresas-aceleradas-en-la-farola-de-malaga-siguen-activas\/","robots":"max-image-preview:large","keywords":"actualidad","webmasterTools":{"google-site-verification":"UA-38556648-1","msvalidate.01":"7dfe9f3f1b24437ab69f4f2559babe99","miscellaneous":""},"schema":{"@context":"https:\/\/schema.org","@graph":[{"@type":"BlogPosting","@id":"https:\/\/www.eldigitaldeasturias.com\/noticias\/mas-del-70-de-las-empresas-aceleradas-en-la-farola-de-malaga-siguen-activas\/#blogposting","name":"M\u00e1s del 70% de las empresas aceleradas en La Farola de M\u00e1laga siguen activas - El Digital de Asturias","headline":"M\u00e1s del 70% de las empresas aceleradas en La Farola de M\u00e1laga siguen activas","author":{"@id":"https:\/\/www.eldigitaldeasturias.com\/noticias\/author\/admin\/#author"},"publisher":{"@id":"https:\/\/www.eldigitaldeasturias.com\/noticias\/#organization"},"image":{"@type":"ImageObject","url":960290},"datePublished":"2017-11-18T07:00:24+01:00","dateModified":"2017-11-18T07:00:24+01:00","inLanguage":"es-ES","mainEntityOfPage":{"@id":"https:\/\/www.eldigitaldeasturias.com\/noticias\/mas-del-70-de-las-empresas-aceleradas-en-la-farola-de-malaga-siguen-activas\/#webpage"},"isPartOf":{"@id":"https:\/\/www.eldigitaldeasturias.com\/noticias\/mas-del-70-de-las-empresas-aceleradas-en-la-farola-de-malaga-siguen-activas\/#webpage"},"articleSection":"Actualidad"},{"@type":"BreadcrumbList","@id":"https:\/\/www.eldigitaldeasturias.com\/noticias\/mas-del-70-de-las-empresas-aceleradas-en-la-farola-de-malaga-siguen-activas\/#breadcrumblist","itemListElement":[{"@type":"ListItem","@id":"https:\/\/www.eldigitaldeasturias.com\/noticias#listItem","position":1,"name":"Home","item":"https:\/\/www.eldigitaldeasturias.com\/noticias","nextItem":{"@type":"ListItem","@id":"https:\/\/www.eldigitaldeasturias.com\/noticias\/category\/actualidad\/#listItem","name":"Actualidad"}},{"@type":"ListItem","@id":"https:\/\/www.eldigitaldeasturias.com\/noticias\/category\/actualidad\/#listItem","position":2,"name":"Actualidad","item":"https:\/\/www.eldigitaldeasturias.com\/noticias\/category\/actualidad\/","nextItem":{"@type":"ListItem","@id":"https:\/\/www.eldigitaldeasturias.com\/noticias\/mas-del-70-de-las-empresas-aceleradas-en-la-farola-de-malaga-siguen-activas\/#listItem","name":"M\u00e1s del 70% de las empresas aceleradas en La Farola de M\u00e1laga siguen activas"},"previousItem":{"@type":"ListItem","@id":"https:\/\/www.eldigitaldeasturias.com\/noticias#listItem","name":"Home"}},{"@type":"ListItem","@id":"https:\/\/www.eldigitaldeasturias.com\/noticias\/mas-del-70-de-las-empresas-aceleradas-en-la-farola-de-malaga-siguen-activas\/#listItem","position":3,"name":"M\u00e1s del 70% de las empresas aceleradas en La Farola de M\u00e1laga siguen activas","previousItem":{"@type":"ListItem","@id":"https:\/\/www.eldigitaldeasturias.com\/noticias\/category\/actualidad\/#listItem","name":"Actualidad"}}]},{"@type":"Organization","@id":"https:\/\/www.eldigitaldeasturias.com\/noticias\/#organization","name":"El Digital de Asturias","description":"Hemeroteca","url":"https:\/\/www.eldigitaldeasturias.com\/noticias\/","email":"info@eldigitaldeasturias.com","telephone":"+34652131393","logo":{"@type":"ImageObject","url":"https:\/\/www.eldigitaldeasturias.com\/noticias\/wp-content\/uploads\/2020\/12\/EDA.jpg","@id":"https:\/\/www.eldigitaldeasturias.com\/noticias\/mas-del-70-de-las-empresas-aceleradas-en-la-farola-de-malaga-siguen-activas\/#organizationLogo"},"image":{"@id":"https:\/\/www.eldigitaldeasturias.com\/noticias\/mas-del-70-de-las-empresas-aceleradas-en-la-farola-de-malaga-siguen-activas\/#organizationLogo"},"sameAs":["https:\/\/facebook.com\/eldigitaldeasturias","https:\/\/www.youtube.com\/channel\/UCZP-2wLEB9Rv6erhFmqVnvg"],"address":{"@id":"https:\/\/www.eldigitaldeasturias.com\/noticias\/#postaladdress","@type":"PostalAddress","streetAddress":"san antonio 4","postalCode":"33430","addressLocality":"Cand\u00e1s","addressRegion":"Asturias","addressCountry":"ES"}},{"@type":"Person","@id":"https:\/\/www.eldigitaldeasturias.com\/noticias\/author\/admin\/#author","url":"https:\/\/www.eldigitaldeasturias.com\/noticias\/author\/admin\/","name":"El Digital de Asturias","image":{"@type":"ImageObject","@id":"https:\/\/www.eldigitaldeasturias.com\/noticias\/mas-del-70-de-las-empresas-aceleradas-en-la-farola-de-malaga-siguen-activas\/#authorImage","url":"https:\/\/secure.gravatar.com\/avatar\/df2aeffc32bcd13f8d26072ef8a91b623d677766deac7f97ca815868cd41bf5e?s=96&d=mm&r=g","width":96,"height":96,"caption":"El Digital de Asturias"}},{"@type":"WebPage","@id":"https:\/\/www.eldigitaldeasturias.com\/noticias\/mas-del-70-de-las-empresas-aceleradas-en-la-farola-de-malaga-siguen-activas\/#webpage","url":"https:\/\/www.eldigitaldeasturias.com\/noticias\/mas-del-70-de-las-empresas-aceleradas-en-la-farola-de-malaga-siguen-activas\/","name":"M\u00e1s del 70% de las empresas aceleradas en La Farola de M\u00e1laga siguen activas - El Digital de Asturias","description":"El consejero de Empleo, Empresa y Comercio, Javier Carnero, el alcalde de M\u00e1laga, Francisco de la Torre, y la directora de Territorio Sur de Telef\u00f3nica, Mar\u00eda Jes\u00fas Almazor, han visitado el espacio de crowdworking del programa Andaluc\u00eda Open Future en M\u00e1laga, con motivo del segundo aniversario de su puesta en marcha. Durante la visita a","inLanguage":"es-ES","isPartOf":{"@id":"https:\/\/www.eldigitaldeasturias.com\/noticias\/#website"},"breadcrumb":{"@id":"https:\/\/www.eldigitaldeasturias.com\/noticias\/mas-del-70-de-las-empresas-aceleradas-en-la-farola-de-malaga-siguen-activas\/#breadcrumblist"},"author":{"@id":"https:\/\/www.eldigitaldeasturias.com\/noticias\/author\/admin\/#author"},"creator":{"@id":"https:\/\/www.eldigitaldeasturias.com\/noticias\/author\/admin\/#author"},"image":{"@type":"ImageObject","url":960290,"@id":"https:\/\/www.eldigitaldeasturias.com\/noticias\/mas-del-70-de-las-empresas-aceleradas-en-la-farola-de-malaga-siguen-activas\/#mainImage"},"primaryImageOfPage":{"@id":"https:\/\/www.eldigitaldeasturias.com\/noticias\/mas-del-70-de-las-empresas-aceleradas-en-la-farola-de-malaga-siguen-activas\/#mainImage"},"datePublished":"2017-11-18T07:00:24+01:00","dateModified":"2017-11-18T07:00:24+01:00"},{"@type":"WebSite","@id":"https:\/\/www.eldigitaldeasturias.com\/noticias\/#website","url":"https:\/\/www.eldigitaldeasturias.com\/noticias\/","name":"El Digital de Asturias - Diario de actualidad y noticias","alternateName":"El Digital de Asturias - Diario de actualidad y noticias","description":"Hemeroteca","inLanguage":"es-ES","publisher":{"@id":"https:\/\/www.eldigitaldeasturias.com\/noticias\/#organization"}}]},"og:locale":"es_ES","og:site_name":"El Digital de Asturias","og:type":"article","og:title":"M\u00e1s del 70% de las empresas aceleradas en La Farola de M\u00e1laga siguen activas - El Digital de Asturias","og:description":"El consejero de Empleo, Empresa y Comercio, Javier Carnero, el alcalde de M\u00e1laga, Francisco de la Torre, y la directora de Territorio Sur de Telef\u00f3nica, Mar\u00eda Jes\u00fas Almazor, han visitado el espacio de crowdworking del programa Andaluc\u00eda Open Future en M\u00e1laga, con motivo del segundo aniversario de su puesta en marcha. Durante la visita a","og:url":"https:\/\/www.eldigitaldeasturias.com\/noticias\/mas-del-70-de-las-empresas-aceleradas-en-la-farola-de-malaga-siguen-activas\/","article:tag":["actualidad"],"article:published_time":"2017-11-18T07:00:24+00:00","article:modified_time":"2017-11-18T07:00:24+00:00","article:publisher":"https:\/\/facebook.com\/eldigitaldeasturias","twitter:card":"summary_large_image","twitter:title":"M\u00e1s del 70% de las empresas aceleradas en La Farola de M\u00e1laga siguen activas - El Digital de Asturias","twitter:description":"El consejero de Empleo, Empresa y Comercio, Javier Carnero, el alcalde de M\u00e1laga, Francisco de la Torre, y la directora de Territorio Sur de Telef\u00f3nica, Mar\u00eda Jes\u00fas Almazor, han visitado el espacio de crowdworking del programa Andaluc\u00eda Open Future en M\u00e1laga, con motivo del segundo aniversario de su puesta en marcha. Durante la visita a","twitter:image":"https:\/\/www.eldigitaldeasturias.com\/noticias\/wp-content\/uploads\/2020\/12\/EDA-1.jpg","twitter:label1":"Escrito por","twitter:data1":"El Digital de Asturias","twitter:label2":"Tiempo de lectura estimado","twitter:data2":"4 minutos"},"aioseo_meta_data":{"post_id":"960289","title":null,"description":null,"keywords":null,"keyphrases":null,"primary_term":null,"canonical_url":null,"og_title":null,"og_description":null,"og_object_type":"default","og_image_type":"default","og_image_url":null,"og_image_width":null,"og_image_height":null,"og_image_custom_url":null,"og_image_custom_fields":null,"og_video":null,"og_custom_url":null,"og_article_section":null,"og_article_tags":null,"twitter_use_og":false,"twitter_card":"default","twitter_image_type":"default","twitter_image_url":null,"twitter_image_custom_url":null,"twitter_image_custom_fields":null,"twitter_title":null,"twitter_description":null,"schema":{"blockGraphs":[],"customGraphs":[],"default":{"data":{"Article":[],"Course":[],"Dataset":[],"FAQPage":[],"Movie":[],"Person":[],"Product":[],"ProductReview":[],"Car":[],"Recipe":[],"Service":[],"SoftwareApplication":[],"WebPage":[]},"graphName":"","isEnabled":true},"graphs":[],"defaultGraph":"","defaultPostTypeGraph":""},"schema_type":null,"schema_type_options":null,"pillar_content":false,"robots_default":true,"robots_noindex":false,"robots_noarchive":false,"robots_nosnippet":false,"robots_nofollow":false,"robots_noimageindex":false,"robots_noodp":false,"robots_notranslate":false,"robots_max_snippet":null,"robots_max_videopreview":null,"robots_max_imagepreview":"large","priority":null,"frequency":null,"local_seo":null,"seo_analyzer_scan_date":"2025-12-07 04:44:57","breadcrumb_settings":null,"limit_modified_date":false,"open_ai":null,"ai":null,"created":"2020-12-21 12:53:06","updated":"2025-12-07 04:44:57","focus_keyword":null,"additional_keywords":null,"truseo_locale":null},"aioseo_breadcrumb":"<div class=\"aioseo-breadcrumbs\"><span class=\"aioseo-breadcrumb\">\n\t<a href=\"https:\/\/www.eldigitaldeasturias.com\/noticias\" title=\"Home\">Home<\/a>\n<\/span><span class=\"aioseo-breadcrumb-separator\">\u2013<\/span><span class=\"aioseo-breadcrumb\">\n\t<a href=\"https:\/\/www.eldigitaldeasturias.com\/noticias\/category\/actualidad\/\" title=\"Actualidad\">Actualidad<\/a>\n<\/span><span class=\"aioseo-breadcrumb-separator\">\u2013<\/span><span class=\"aioseo-breadcrumb\">\n\t<a href=\"https:\/\/www.eldigitaldeasturias.com\/noticias\/mas-del-70-de-las-empresas-aceleradas-en-la-farola-de-malaga-siguen-activas\/\" title=\"M\u00e1s del 70% de las empresas aceleradas en La Farola de M\u00e1laga siguen activas\">M\u00e1s del 70% de las empresas aceleradas en La Farola de M\u00e1laga siguen activas<\/a>\n<\/span><\/div>","aioseo_breadcrumb_json":[{"label":"Home","link":"https:\/\/www.eldigitaldeasturias.com\/noticias"},{"label":"Actualidad","link":"https:\/\/www.eldigitaldeasturias.com\/noticias\/category\/actualidad\/"},{"label":"M\u00e1s del 70% de las empresas aceleradas en La Farola de M\u00e1laga siguen activas","link":"https:\/\/www.eldigitaldeasturias.com\/noticias\/mas-del-70-de-las-empresas-aceleradas-en-la-farola-de-malaga-siguen-activas\/"}],"_links":{"self":[{"href":"https:\/\/www.eldigitaldeasturias.com\/noticias\/wp-json\/wp\/v2\/posts\/960289","targetHints":{"allow":["GET"]}}],"collection":[{"href":"https:\/\/www.eldigitaldeasturias.com\/noticias\/wp-json\/wp\/v2\/posts"}],"about":[{"href":"https:\/\/www.eldigitaldeasturias.com\/noticias\/wp-json\/wp\/v2\/types\/post"}],"author":[{"embeddable":true,"href":"https:\/\/www.eldigitaldeasturias.com\/noticias\/wp-json\/wp\/v2\/users\/1"}],"replies":[{"embeddable":true,"href":"https:\/\/www.eldigitaldeasturias.com\/noticias\/wp-json\/wp\/v2\/comments?post=960289"}],"version-history":[{"count":0,"href":"https:\/\/www.eldigitaldeasturias.com\/noticias\/wp-json\/wp\/v2\/posts\/960289\/revisions"}],"wp:attachment":[{"href":"https:\/\/www.eldigitaldeasturias.com\/noticias\/wp-json\/wp\/v2\/media?parent=960289"}],"wp:term":[{"taxonomy":"category","embeddable":true,"href":"https:\/\/www.eldigitaldeasturias.com\/noticias\/wp-json\/wp\/v2\/categories?post=960289"},{"taxonomy":"post_tag","embeddable":true,"href":"https:\/\/www.eldigitaldeasturias.com\/noticias\/wp-json\/wp\/v2\/tags?post=960289"}],"curies":[{"name":"wp","href":"https:\/\/api.w.org\/{rel}","templated":true}]}}