{"id":960283,"date":"2017-11-18T06:54:29","date_gmt":"2017-11-18T06:54:29","guid":{"rendered":"http:\/\/www.eldigitaldeasturias.com\/noticias\/?p=960283"},"modified":"2017-11-18T06:54:29","modified_gmt":"2017-11-18T06:54:29","slug":"el-gobierno-de-espana-pone-en-marcha-la-aplicacion-informatica-del-bono-social","status":"publish","type":"post","link":"https:\/\/www.eldigitaldeasturias.com\/noticias\/el-gobierno-de-espana-pone-en-marcha-la-aplicacion-informatica-del-bono-social\/","title":{"rendered":"El Gobierno de Espa\u00f1a pone en marcha la aplicaci\u00f3n inform\u00e1tica del bono social"},"content":{"rendered":"<p><img loading=\"lazy\" decoding=\"async\" class=\"alignleft size-medium wp-image-960284\" src=\"https:\/\/www.eldigitaldeasturias.com\/noticias\/wp-content\/uploads\/2017\/11\/AltaTensi\u00f3n-I-360x239.jpg\" alt=\"\" width=\"360\" height=\"239\" \/>Con este sistema, las comercializadoras el\u00e9ctricas comprobar\u00e1n a trav\u00e9s del Ministerio si el solicitante del bono social el\u00e9ctrico cumple los requisitos para ser considerado consumidor vulnerable, evitando solicitar los datos fiscales directamente.<\/p>\n<p>El Bolet\u00edn Oficial del Estado (BOE) publica hoy la resoluci\u00f3n del Ministerio de Energ\u00eda, Turismo y Agenda Digital que pone en marcha la aplicaci\u00f3n inform\u00e1tica que permite a las comercializadoras el\u00e9ctricas comprobar que el solicitante del bono social el\u00e9ctrico cumple los requisitos para ser considerado consumidor vulnerable. De esta manera, se agilizan los tr\u00e1mites para los solicitantes del bono social y los consumidores no tendr\u00e1n que presentar su Declaraci\u00f3n de la Renta.<\/p>\n<p>El reglamento establece tambi\u00e9n que el solicitante podr\u00e1 seguir acreditando sus ingresos de renta mediante la presentaci\u00f3n a su comercializadora de referencia de la declaraci\u00f3n del IRPF de cada miembro de la unidad familiar, si as\u00ed lo desea.<\/p>\n<p>La aplicaci\u00f3n inform\u00e1tica ser\u00e1 de aplicaci\u00f3n en todo el territorio estatal, salvo en el Pa\u00eds Vasco y Navarra.<\/p>\n<p>El bono social es un descuento en la factura el\u00e9ctrica al que pueden acogerse los consumidores dom\u00e9sticos seg\u00fan su nivel de renta y determinadas circunstancias personales.<\/p>\n<p>Los consumidores podr\u00e1n presentar su solicitud para acogerse al bono social y la documentaci\u00f3n acreditativa por diversos medios: por tel\u00e9fono, en la web de la empresa comercializadora; en las oficinas de la empresa; por fax, por correo postal o por email a la direcci\u00f3n que se\u00f1ale el comercializador.<\/p>\n<p>Aquellos consumidores que actualmente ya disponen del bono social lo podr\u00e1n mantener hasta abril de 2018 sin necesidad de renovaci\u00f3n, disfrutando as\u00ed de un descuento en su factura durante todo el per\u00edodo invernal.<\/p>\n","protected":false},"excerpt":{"rendered":"<p>Con este sistema, las comercializadoras el\u00e9ctricas comprobar\u00e1n a trav\u00e9s del Ministerio si el solicitante del bono social el\u00e9ctrico cumple los requisitos para ser considerado consumidor vulnerable, evitando solicitar los datos fiscales directamente. El Bolet\u00edn Oficial del Estado (BOE) publica hoy la resoluci\u00f3n del Ministerio de Energ\u00eda, Turismo y Agenda Digital que pone en marcha la [&hellip;]<\/p>\n","protected":false},"author":1,"featured_media":960284,"comment_status":"closed","ping_status":"closed","sticky":false,"template":"","format":"standard","meta":{"footnotes":""},"categories":[1],"tags":[],"class_list":["post-960283","post","type-post","status-publish","format-standard","has-post-thumbnail","hentry","category-actualidad"],"aioseo_notices":[],"aioseo_head":"\n\t\t<!-- All in One SEO Pro 5.0.1 - aioseo.com -->\n\t<meta name=\"description\" content=\"Con este sistema, las comercializadoras el\u00e9ctricas comprobar\u00e1n a trav\u00e9s del Ministerio si el solicitante del bono social el\u00e9ctrico cumple los requisitos para ser considerado consumidor vulnerable, evitando solicitar los datos fiscales directamente. El Bolet\u00edn Oficial del Estado (BOE) publica hoy la resoluci\u00f3n del Ministerio de Energ\u00eda, Turismo y Agenda Digital que pone en marcha la\" \/>\n\t<meta name=\"robots\" content=\"max-image-preview:large\" \/>\n\t<meta name=\"author\" content=\"El Digital de Asturias\"\/>\n\t<meta name=\"google-site-verification\" content=\"UA-38556648-1\" \/>\n\t<meta name=\"msvalidate.01\" content=\"7dfe9f3f1b24437ab69f4f2559babe99\" \/>\n\t<meta name=\"keywords\" content=\"actualidad\" \/>\n\t<link rel=\"canonical\" href=\"https:\/\/www.eldigitaldeasturias.com\/noticias\/el-gobierno-de-espana-pone-en-marcha-la-aplicacion-informatica-del-bono-social\/\" \/>\n\t<meta name=\"generator\" content=\"All in One SEO Pro (AIOSEO) 5.0.1\" \/>\n\t\t<meta property=\"og:locale\" content=\"es_ES\" \/>\n\t\t<meta property=\"og:site_name\" content=\"El Digital de Asturias\" \/>\n\t\t<meta property=\"og:type\" content=\"article\" \/>\n\t\t<meta property=\"og:title\" content=\"El Gobierno de Espa\u00f1a pone en marcha la aplicaci\u00f3n inform\u00e1tica del bono social - El Digital de Asturias\" \/>\n\t\t<meta property=\"og:description\" content=\"Con este sistema, las comercializadoras el\u00e9ctricas comprobar\u00e1n a trav\u00e9s del Ministerio si el solicitante del bono social el\u00e9ctrico cumple los requisitos para ser considerado consumidor vulnerable, evitando solicitar los datos fiscales directamente. El Bolet\u00edn Oficial del Estado (BOE) publica hoy la resoluci\u00f3n del Ministerio de Energ\u00eda, Turismo y Agenda Digital que pone en marcha la\" \/>\n\t\t<meta property=\"og:url\" content=\"https:\/\/www.eldigitaldeasturias.com\/noticias\/el-gobierno-de-espana-pone-en-marcha-la-aplicacion-informatica-del-bono-social\/\" \/>\n\t\t<meta property=\"article:tag\" content=\"actualidad\" \/>\n\t\t<meta property=\"article:published_time\" content=\"2017-11-18T06:54:29+00:00\" \/>\n\t\t<meta property=\"article:modified_time\" content=\"2017-11-18T06:54:29+00:00\" \/>\n\t\t<meta property=\"article:publisher\" content=\"https:\/\/facebook.com\/eldigitaldeasturias\" \/>\n\t\t<meta name=\"twitter:card\" content=\"summary_large_image\" \/>\n\t\t<meta name=\"twitter:title\" content=\"El Gobierno de Espa\u00f1a pone en marcha la aplicaci\u00f3n inform\u00e1tica del bono social - El Digital de Asturias\" \/>\n\t\t<meta name=\"twitter:description\" content=\"Con este sistema, las comercializadoras el\u00e9ctricas comprobar\u00e1n a trav\u00e9s del Ministerio si el solicitante del bono social el\u00e9ctrico cumple los requisitos para ser considerado consumidor vulnerable, evitando solicitar los datos fiscales directamente. El Bolet\u00edn Oficial del Estado (BOE) publica hoy la resoluci\u00f3n del Ministerio de Energ\u00eda, Turismo y Agenda Digital que pone en marcha la\" \/>\n\t\t<meta name=\"twitter:image\" content=\"https:\/\/www.eldigitaldeasturias.com\/noticias\/wp-content\/uploads\/2020\/12\/EDA-1.jpg\" \/>\n\t\t<meta name=\"twitter:label1\" content=\"Escrito por\" \/>\n\t\t<meta name=\"twitter:data1\" content=\"El Digital de Asturias\" \/>\n\t\t<meta name=\"twitter:label2\" content=\"Tiempo de lectura estimado\" \/>\n\t\t<meta name=\"twitter:data2\" content=\"1 minuto\" \/>\n\t\t<script type=\"application\/ld+json\" class=\"aioseo-schema\">\n\t\t\t{\"@context\":\"https:\\\/\\\/schema.org\",\"@graph\":[{\"@type\":\"BlogPosting\",\"@id\":\"https:\\\/\\\/www.eldigitaldeasturias.com\\\/noticias\\\/el-gobierno-de-espana-pone-en-marcha-la-aplicacion-informatica-del-bono-social\\\/#blogposting\",\"name\":\"El Gobierno de Espa\\u00f1a pone en marcha la aplicaci\\u00f3n inform\\u00e1tica del bono social - El Digital de Asturias\",\"headline\":\"El Gobierno de Espa\\u00f1a pone en marcha la aplicaci\\u00f3n inform\\u00e1tica del bono social\",\"author\":{\"@id\":\"https:\\\/\\\/www.eldigitaldeasturias.com\\\/noticias\\\/author\\\/admin\\\/#author\"},\"publisher\":{\"@id\":\"https:\\\/\\\/www.eldigitaldeasturias.com\\\/noticias\\\/#organization\"},\"image\":{\"@type\":\"ImageObject\",\"url\":960284},\"datePublished\":\"2017-11-18T06:54:29+01:00\",\"dateModified\":\"2017-11-18T06:54:29+01:00\",\"inLanguage\":\"es-ES\",\"mainEntityOfPage\":{\"@id\":\"https:\\\/\\\/www.eldigitaldeasturias.com\\\/noticias\\\/el-gobierno-de-espana-pone-en-marcha-la-aplicacion-informatica-del-bono-social\\\/#webpage\"},\"isPartOf\":{\"@id\":\"https:\\\/\\\/www.eldigitaldeasturias.com\\\/noticias\\\/el-gobierno-de-espana-pone-en-marcha-la-aplicacion-informatica-del-bono-social\\\/#webpage\"},\"articleSection\":\"Actualidad\"},{\"@type\":\"BreadcrumbList\",\"@id\":\"https:\\\/\\\/www.eldigitaldeasturias.com\\\/noticias\\\/el-gobierno-de-espana-pone-en-marcha-la-aplicacion-informatica-del-bono-social\\\/#breadcrumblist\",\"itemListElement\":[{\"@type\":\"ListItem\",\"@id\":\"https:\\\/\\\/www.eldigitaldeasturias.com\\\/noticias#listItem\",\"position\":1,\"name\":\"Home\",\"item\":\"https:\\\/\\\/www.eldigitaldeasturias.com\\\/noticias\",\"nextItem\":{\"@type\":\"ListItem\",\"@id\":\"https:\\\/\\\/www.eldigitaldeasturias.com\\\/noticias\\\/category\\\/actualidad\\\/#listItem\",\"name\":\"Actualidad\"}},{\"@type\":\"ListItem\",\"@id\":\"https:\\\/\\\/www.eldigitaldeasturias.com\\\/noticias\\\/category\\\/actualidad\\\/#listItem\",\"position\":2,\"name\":\"Actualidad\",\"item\":\"https:\\\/\\\/www.eldigitaldeasturias.com\\\/noticias\\\/category\\\/actualidad\\\/\",\"nextItem\":{\"@type\":\"ListItem\",\"@id\":\"https:\\\/\\\/www.eldigitaldeasturias.com\\\/noticias\\\/el-gobierno-de-espana-pone-en-marcha-la-aplicacion-informatica-del-bono-social\\\/#listItem\",\"name\":\"El Gobierno de Espa\\u00f1a pone en marcha la aplicaci\\u00f3n inform\\u00e1tica del bono social\"},\"previousItem\":{\"@type\":\"ListItem\",\"@id\":\"https:\\\/\\\/www.eldigitaldeasturias.com\\\/noticias#listItem\",\"name\":\"Home\"}},{\"@type\":\"ListItem\",\"@id\":\"https:\\\/\\\/www.eldigitaldeasturias.com\\\/noticias\\\/el-gobierno-de-espana-pone-en-marcha-la-aplicacion-informatica-del-bono-social\\\/#listItem\",\"position\":3,\"name\":\"El Gobierno de Espa\\u00f1a pone en marcha la aplicaci\\u00f3n inform\\u00e1tica del bono social\",\"previousItem\":{\"@type\":\"ListItem\",\"@id\":\"https:\\\/\\\/www.eldigitaldeasturias.com\\\/noticias\\\/category\\\/actualidad\\\/#listItem\",\"name\":\"Actualidad\"}}]},{\"@type\":\"Organization\",\"@id\":\"https:\\\/\\\/www.eldigitaldeasturias.com\\\/noticias\\\/#organization\",\"name\":\"El Digital de Asturias\",\"description\":\"Hemeroteca\",\"url\":\"https:\\\/\\\/www.eldigitaldeasturias.com\\\/noticias\\\/\",\"email\":\"info@eldigitaldeasturias.com\",\"telephone\":\"+34652131393\",\"logo\":{\"@type\":\"ImageObject\",\"url\":\"https:\\\/\\\/www.eldigitaldeasturias.com\\\/noticias\\\/wp-content\\\/uploads\\\/2020\\\/12\\\/EDA.jpg\",\"@id\":\"https:\\\/\\\/www.eldigitaldeasturias.com\\\/noticias\\\/el-gobierno-de-espana-pone-en-marcha-la-aplicacion-informatica-del-bono-social\\\/#organizationLogo\"},\"image\":{\"@id\":\"https:\\\/\\\/www.eldigitaldeasturias.com\\\/noticias\\\/el-gobierno-de-espana-pone-en-marcha-la-aplicacion-informatica-del-bono-social\\\/#organizationLogo\"},\"sameAs\":[\"https:\\\/\\\/facebook.com\\\/eldigitaldeasturias\",\"https:\\\/\\\/www.youtube.com\\\/channel\\\/UCZP-2wLEB9Rv6erhFmqVnvg\"],\"address\":{\"@id\":\"https:\\\/\\\/www.eldigitaldeasturias.com\\\/noticias\\\/#postaladdress\",\"@type\":\"PostalAddress\",\"streetAddress\":\"san antonio 4\",\"postalCode\":\"33430\",\"addressLocality\":\"Cand\\u00e1s\",\"addressRegion\":\"Asturias\",\"addressCountry\":\"ES\"}},{\"@type\":\"Person\",\"@id\":\"https:\\\/\\\/www.eldigitaldeasturias.com\\\/noticias\\\/author\\\/admin\\\/#author\",\"url\":\"https:\\\/\\\/www.eldigitaldeasturias.com\\\/noticias\\\/author\\\/admin\\\/\",\"name\":\"El Digital de Asturias\",\"image\":{\"@type\":\"ImageObject\",\"@id\":\"https:\\\/\\\/www.eldigitaldeasturias.com\\\/noticias\\\/el-gobierno-de-espana-pone-en-marcha-la-aplicacion-informatica-del-bono-social\\\/#authorImage\",\"url\":\"https:\\\/\\\/secure.gravatar.com\\\/avatar\\\/df2aeffc32bcd13f8d26072ef8a91b623d677766deac7f97ca815868cd41bf5e?s=96&d=mm&r=g\",\"width\":96,\"height\":96,\"caption\":\"El Digital de Asturias\"}},{\"@type\":\"WebPage\",\"@id\":\"https:\\\/\\\/www.eldigitaldeasturias.com\\\/noticias\\\/el-gobierno-de-espana-pone-en-marcha-la-aplicacion-informatica-del-bono-social\\\/#webpage\",\"url\":\"https:\\\/\\\/www.eldigitaldeasturias.com\\\/noticias\\\/el-gobierno-de-espana-pone-en-marcha-la-aplicacion-informatica-del-bono-social\\\/\",\"name\":\"El Gobierno de Espa\\u00f1a pone en marcha la aplicaci\\u00f3n inform\\u00e1tica del bono social - El Digital de Asturias\",\"description\":\"Con este sistema, las comercializadoras el\\u00e9ctricas comprobar\\u00e1n a trav\\u00e9s del Ministerio si el solicitante del bono social el\\u00e9ctrico cumple los requisitos para ser considerado consumidor vulnerable, evitando solicitar los datos fiscales directamente. El Bolet\\u00edn Oficial del Estado (BOE) publica hoy la resoluci\\u00f3n del Ministerio de Energ\\u00eda, Turismo y Agenda Digital que pone en marcha la\",\"inLanguage\":\"es-ES\",\"isPartOf\":{\"@id\":\"https:\\\/\\\/www.eldigitaldeasturias.com\\\/noticias\\\/#website\"},\"breadcrumb\":{\"@id\":\"https:\\\/\\\/www.eldigitaldeasturias.com\\\/noticias\\\/el-gobierno-de-espana-pone-en-marcha-la-aplicacion-informatica-del-bono-social\\\/#breadcrumblist\"},\"author\":{\"@id\":\"https:\\\/\\\/www.eldigitaldeasturias.com\\\/noticias\\\/author\\\/admin\\\/#author\"},\"creator\":{\"@id\":\"https:\\\/\\\/www.eldigitaldeasturias.com\\\/noticias\\\/author\\\/admin\\\/#author\"},\"image\":{\"@type\":\"ImageObject\",\"url\":960284,\"@id\":\"https:\\\/\\\/www.eldigitaldeasturias.com\\\/noticias\\\/el-gobierno-de-espana-pone-en-marcha-la-aplicacion-informatica-del-bono-social\\\/#mainImage\"},\"primaryImageOfPage\":{\"@id\":\"https:\\\/\\\/www.eldigitaldeasturias.com\\\/noticias\\\/el-gobierno-de-espana-pone-en-marcha-la-aplicacion-informatica-del-bono-social\\\/#mainImage\"},\"datePublished\":\"2017-11-18T06:54:29+01:00\",\"dateModified\":\"2017-11-18T06:54:29+01:00\"},{\"@type\":\"WebSite\",\"@id\":\"https:\\\/\\\/www.eldigitaldeasturias.com\\\/noticias\\\/#website\",\"url\":\"https:\\\/\\\/www.eldigitaldeasturias.com\\\/noticias\\\/\",\"name\":\"El Digital de Asturias - Diario de actualidad y noticias\",\"alternateName\":\"El Digital de Asturias - Diario de actualidad y noticias\",\"description\":\"Hemeroteca\",\"inLanguage\":\"es-ES\",\"publisher\":{\"@id\":\"https:\\\/\\\/www.eldigitaldeasturias.com\\\/noticias\\\/#organization\"}}]}\n\t\t<\/script>\n\t\t<!-- All in One SEO Pro -->\r\n\t\t<title>El Gobierno de Espa\u00f1a pone en marcha la aplicaci\u00f3n inform\u00e1tica del bono social - El Digital de Asturias<\/title>\n\n","aioseo_head_json":{"title":"El Gobierno de Espa\u00f1a pone en marcha la aplicaci\u00f3n inform\u00e1tica del bono social - El Digital de Asturias","description":"Con este sistema, las comercializadoras el\u00e9ctricas comprobar\u00e1n a trav\u00e9s del Ministerio si el solicitante del bono social el\u00e9ctrico cumple los requisitos para ser considerado consumidor vulnerable, evitando solicitar los datos fiscales directamente. El Bolet\u00edn Oficial del Estado (BOE) publica hoy la resoluci\u00f3n del Ministerio de Energ\u00eda, Turismo y Agenda Digital que pone en marcha la","canonical_url":"https:\/\/www.eldigitaldeasturias.com\/noticias\/el-gobierno-de-espana-pone-en-marcha-la-aplicacion-informatica-del-bono-social\/","robots":"max-image-preview:large","keywords":"actualidad","webmasterTools":{"google-site-verification":"UA-38556648-1","msvalidate.01":"7dfe9f3f1b24437ab69f4f2559babe99","miscellaneous":""},"schema":{"@context":"https:\/\/schema.org","@graph":[{"@type":"BlogPosting","@id":"https:\/\/www.eldigitaldeasturias.com\/noticias\/el-gobierno-de-espana-pone-en-marcha-la-aplicacion-informatica-del-bono-social\/#blogposting","name":"El Gobierno de Espa\u00f1a pone en marcha la aplicaci\u00f3n inform\u00e1tica del bono social - El Digital de Asturias","headline":"El Gobierno de Espa\u00f1a pone en marcha la aplicaci\u00f3n inform\u00e1tica del bono social","author":{"@id":"https:\/\/www.eldigitaldeasturias.com\/noticias\/author\/admin\/#author"},"publisher":{"@id":"https:\/\/www.eldigitaldeasturias.com\/noticias\/#organization"},"image":{"@type":"ImageObject","url":960284},"datePublished":"2017-11-18T06:54:29+01:00","dateModified":"2017-11-18T06:54:29+01:00","inLanguage":"es-ES","mainEntityOfPage":{"@id":"https:\/\/www.eldigitaldeasturias.com\/noticias\/el-gobierno-de-espana-pone-en-marcha-la-aplicacion-informatica-del-bono-social\/#webpage"},"isPartOf":{"@id":"https:\/\/www.eldigitaldeasturias.com\/noticias\/el-gobierno-de-espana-pone-en-marcha-la-aplicacion-informatica-del-bono-social\/#webpage"},"articleSection":"Actualidad"},{"@type":"BreadcrumbList","@id":"https:\/\/www.eldigitaldeasturias.com\/noticias\/el-gobierno-de-espana-pone-en-marcha-la-aplicacion-informatica-del-bono-social\/#breadcrumblist","itemListElement":[{"@type":"ListItem","@id":"https:\/\/www.eldigitaldeasturias.com\/noticias#listItem","position":1,"name":"Home","item":"https:\/\/www.eldigitaldeasturias.com\/noticias","nextItem":{"@type":"ListItem","@id":"https:\/\/www.eldigitaldeasturias.com\/noticias\/category\/actualidad\/#listItem","name":"Actualidad"}},{"@type":"ListItem","@id":"https:\/\/www.eldigitaldeasturias.com\/noticias\/category\/actualidad\/#listItem","position":2,"name":"Actualidad","item":"https:\/\/www.eldigitaldeasturias.com\/noticias\/category\/actualidad\/","nextItem":{"@type":"ListItem","@id":"https:\/\/www.eldigitaldeasturias.com\/noticias\/el-gobierno-de-espana-pone-en-marcha-la-aplicacion-informatica-del-bono-social\/#listItem","name":"El Gobierno de Espa\u00f1a pone en marcha la aplicaci\u00f3n inform\u00e1tica del bono social"},"previousItem":{"@type":"ListItem","@id":"https:\/\/www.eldigitaldeasturias.com\/noticias#listItem","name":"Home"}},{"@type":"ListItem","@id":"https:\/\/www.eldigitaldeasturias.com\/noticias\/el-gobierno-de-espana-pone-en-marcha-la-aplicacion-informatica-del-bono-social\/#listItem","position":3,"name":"El Gobierno de Espa\u00f1a pone en marcha la aplicaci\u00f3n inform\u00e1tica del bono social","previousItem":{"@type":"ListItem","@id":"https:\/\/www.eldigitaldeasturias.com\/noticias\/category\/actualidad\/#listItem","name":"Actualidad"}}]},{"@type":"Organization","@id":"https:\/\/www.eldigitaldeasturias.com\/noticias\/#organization","name":"El Digital de Asturias","description":"Hemeroteca","url":"https:\/\/www.eldigitaldeasturias.com\/noticias\/","email":"info@eldigitaldeasturias.com","telephone":"+34652131393","logo":{"@type":"ImageObject","url":"https:\/\/www.eldigitaldeasturias.com\/noticias\/wp-content\/uploads\/2020\/12\/EDA.jpg","@id":"https:\/\/www.eldigitaldeasturias.com\/noticias\/el-gobierno-de-espana-pone-en-marcha-la-aplicacion-informatica-del-bono-social\/#organizationLogo"},"image":{"@id":"https:\/\/www.eldigitaldeasturias.com\/noticias\/el-gobierno-de-espana-pone-en-marcha-la-aplicacion-informatica-del-bono-social\/#organizationLogo"},"sameAs":["https:\/\/facebook.com\/eldigitaldeasturias","https:\/\/www.youtube.com\/channel\/UCZP-2wLEB9Rv6erhFmqVnvg"],"address":{"@id":"https:\/\/www.eldigitaldeasturias.com\/noticias\/#postaladdress","@type":"PostalAddress","streetAddress":"san antonio 4","postalCode":"33430","addressLocality":"Cand\u00e1s","addressRegion":"Asturias","addressCountry":"ES"}},{"@type":"Person","@id":"https:\/\/www.eldigitaldeasturias.com\/noticias\/author\/admin\/#author","url":"https:\/\/www.eldigitaldeasturias.com\/noticias\/author\/admin\/","name":"El Digital de Asturias","image":{"@type":"ImageObject","@id":"https:\/\/www.eldigitaldeasturias.com\/noticias\/el-gobierno-de-espana-pone-en-marcha-la-aplicacion-informatica-del-bono-social\/#authorImage","url":"https:\/\/secure.gravatar.com\/avatar\/df2aeffc32bcd13f8d26072ef8a91b623d677766deac7f97ca815868cd41bf5e?s=96&d=mm&r=g","width":96,"height":96,"caption":"El Digital de Asturias"}},{"@type":"WebPage","@id":"https:\/\/www.eldigitaldeasturias.com\/noticias\/el-gobierno-de-espana-pone-en-marcha-la-aplicacion-informatica-del-bono-social\/#webpage","url":"https:\/\/www.eldigitaldeasturias.com\/noticias\/el-gobierno-de-espana-pone-en-marcha-la-aplicacion-informatica-del-bono-social\/","name":"El Gobierno de Espa\u00f1a pone en marcha la aplicaci\u00f3n inform\u00e1tica del bono social - El Digital de Asturias","description":"Con este sistema, las comercializadoras el\u00e9ctricas comprobar\u00e1n a trav\u00e9s del Ministerio si el solicitante del bono social el\u00e9ctrico cumple los requisitos para ser considerado consumidor vulnerable, evitando solicitar los datos fiscales directamente. El Bolet\u00edn Oficial del Estado (BOE) publica hoy la resoluci\u00f3n del Ministerio de Energ\u00eda, Turismo y Agenda Digital que pone en marcha la","inLanguage":"es-ES","isPartOf":{"@id":"https:\/\/www.eldigitaldeasturias.com\/noticias\/#website"},"breadcrumb":{"@id":"https:\/\/www.eldigitaldeasturias.com\/noticias\/el-gobierno-de-espana-pone-en-marcha-la-aplicacion-informatica-del-bono-social\/#breadcrumblist"},"author":{"@id":"https:\/\/www.eldigitaldeasturias.com\/noticias\/author\/admin\/#author"},"creator":{"@id":"https:\/\/www.eldigitaldeasturias.com\/noticias\/author\/admin\/#author"},"image":{"@type":"ImageObject","url":960284,"@id":"https:\/\/www.eldigitaldeasturias.com\/noticias\/el-gobierno-de-espana-pone-en-marcha-la-aplicacion-informatica-del-bono-social\/#mainImage"},"primaryImageOfPage":{"@id":"https:\/\/www.eldigitaldeasturias.com\/noticias\/el-gobierno-de-espana-pone-en-marcha-la-aplicacion-informatica-del-bono-social\/#mainImage"},"datePublished":"2017-11-18T06:54:29+01:00","dateModified":"2017-11-18T06:54:29+01:00"},{"@type":"WebSite","@id":"https:\/\/www.eldigitaldeasturias.com\/noticias\/#website","url":"https:\/\/www.eldigitaldeasturias.com\/noticias\/","name":"El Digital de Asturias - Diario de actualidad y noticias","alternateName":"El Digital de Asturias - Diario de actualidad y noticias","description":"Hemeroteca","inLanguage":"es-ES","publisher":{"@id":"https:\/\/www.eldigitaldeasturias.com\/noticias\/#organization"}}]},"og:locale":"es_ES","og:site_name":"El Digital de Asturias","og:type":"article","og:title":"El Gobierno de Espa\u00f1a pone en marcha la aplicaci\u00f3n inform\u00e1tica del bono social - El Digital de Asturias","og:description":"Con este sistema, las comercializadoras el\u00e9ctricas comprobar\u00e1n a trav\u00e9s del Ministerio si el solicitante del bono social el\u00e9ctrico cumple los requisitos para ser considerado consumidor vulnerable, evitando solicitar los datos fiscales directamente. El Bolet\u00edn Oficial del Estado (BOE) publica hoy la resoluci\u00f3n del Ministerio de Energ\u00eda, Turismo y Agenda Digital que pone en marcha la","og:url":"https:\/\/www.eldigitaldeasturias.com\/noticias\/el-gobierno-de-espana-pone-en-marcha-la-aplicacion-informatica-del-bono-social\/","article:tag":["actualidad"],"article:published_time":"2017-11-18T06:54:29+00:00","article:modified_time":"2017-11-18T06:54:29+00:00","article:publisher":"https:\/\/facebook.com\/eldigitaldeasturias","twitter:card":"summary_large_image","twitter:title":"El Gobierno de Espa\u00f1a pone en marcha la aplicaci\u00f3n inform\u00e1tica del bono social - El Digital de Asturias","twitter:description":"Con este sistema, las comercializadoras el\u00e9ctricas comprobar\u00e1n a trav\u00e9s del Ministerio si el solicitante del bono social el\u00e9ctrico cumple los requisitos para ser considerado consumidor vulnerable, evitando solicitar los datos fiscales directamente. El Bolet\u00edn Oficial del Estado (BOE) publica hoy la resoluci\u00f3n del Ministerio de Energ\u00eda, Turismo y Agenda Digital que pone en marcha la","twitter:image":"https:\/\/www.eldigitaldeasturias.com\/noticias\/wp-content\/uploads\/2020\/12\/EDA-1.jpg","twitter:label1":"Escrito por","twitter:data1":"El Digital de Asturias","twitter:label2":"Tiempo de lectura estimado","twitter:data2":"1 minuto"},"aioseo_meta_data":{"post_id":"960283","title":null,"description":null,"keywords":null,"keyphrases":null,"primary_term":null,"canonical_url":null,"og_title":null,"og_description":null,"og_object_type":"default","og_image_type":"default","og_image_url":null,"og_image_width":null,"og_image_height":null,"og_image_custom_url":null,"og_image_custom_fields":null,"og_video":null,"og_custom_url":null,"og_article_section":null,"og_article_tags":null,"twitter_use_og":false,"twitter_card":"default","twitter_image_type":"default","twitter_image_url":null,"twitter_image_custom_url":null,"twitter_image_custom_fields":null,"twitter_title":null,"twitter_description":null,"schema":{"blockGraphs":[],"customGraphs":[],"default":{"data":{"Article":[],"Course":[],"Dataset":[],"FAQPage":[],"Movie":[],"Person":[],"Product":[],"ProductReview":[],"Car":[],"Recipe":[],"Service":[],"SoftwareApplication":[],"WebPage":[]},"graphName":"","isEnabled":true},"graphs":[],"defaultGraph":"","defaultPostTypeGraph":""},"schema_type":null,"schema_type_options":null,"pillar_content":false,"robots_default":true,"robots_noindex":false,"robots_noarchive":false,"robots_nosnippet":false,"robots_nofollow":false,"robots_noimageindex":false,"robots_noodp":false,"robots_notranslate":false,"robots_max_snippet":null,"robots_max_videopreview":null,"robots_max_imagepreview":"large","priority":null,"frequency":null,"local_seo":null,"seo_analyzer_scan_date":"2025-12-07 04:44:55","breadcrumb_settings":null,"limit_modified_date":false,"open_ai":null,"ai":null,"created":"2020-12-21 12:53:06","updated":"2025-12-07 04:44:55","focus_keyword":null,"additional_keywords":null,"truseo_locale":null},"aioseo_breadcrumb":"<div class=\"aioseo-breadcrumbs\"><span class=\"aioseo-breadcrumb\">\n\t<a href=\"https:\/\/www.eldigitaldeasturias.com\/noticias\" title=\"Home\">Home<\/a>\n<\/span><span class=\"aioseo-breadcrumb-separator\">\u2013<\/span><span class=\"aioseo-breadcrumb\">\n\t<a href=\"https:\/\/www.eldigitaldeasturias.com\/noticias\/category\/actualidad\/\" title=\"Actualidad\">Actualidad<\/a>\n<\/span><span class=\"aioseo-breadcrumb-separator\">\u2013<\/span><span class=\"aioseo-breadcrumb\">\n\t<a href=\"https:\/\/www.eldigitaldeasturias.com\/noticias\/el-gobierno-de-espana-pone-en-marcha-la-aplicacion-informatica-del-bono-social\/\" title=\"El Gobierno de Espa\u00f1a pone en marcha la aplicaci\u00f3n inform\u00e1tica del bono social\">El Gobierno de Espa\u00f1a pone en marcha la aplicaci\u00f3n inform\u00e1tica del bono social<\/a>\n<\/span><\/div>","aioseo_breadcrumb_json":[{"label":"Home","link":"https:\/\/www.eldigitaldeasturias.com\/noticias"},{"label":"Actualidad","link":"https:\/\/www.eldigitaldeasturias.com\/noticias\/category\/actualidad\/"},{"label":"El Gobierno de Espa\u00f1a pone en marcha la aplicaci\u00f3n inform\u00e1tica del bono social","link":"https:\/\/www.eldigitaldeasturias.com\/noticias\/el-gobierno-de-espana-pone-en-marcha-la-aplicacion-informatica-del-bono-social\/"}],"_links":{"self":[{"href":"https:\/\/www.eldigitaldeasturias.com\/noticias\/wp-json\/wp\/v2\/posts\/960283","targetHints":{"allow":["GET"]}}],"collection":[{"href":"https:\/\/www.eldigitaldeasturias.com\/noticias\/wp-json\/wp\/v2\/posts"}],"about":[{"href":"https:\/\/www.eldigitaldeasturias.com\/noticias\/wp-json\/wp\/v2\/types\/post"}],"author":[{"embeddable":true,"href":"https:\/\/www.eldigitaldeasturias.com\/noticias\/wp-json\/wp\/v2\/users\/1"}],"replies":[{"embeddable":true,"href":"https:\/\/www.eldigitaldeasturias.com\/noticias\/wp-json\/wp\/v2\/comments?post=960283"}],"version-history":[{"count":0,"href":"https:\/\/www.eldigitaldeasturias.com\/noticias\/wp-json\/wp\/v2\/posts\/960283\/revisions"}],"wp:attachment":[{"href":"https:\/\/www.eldigitaldeasturias.com\/noticias\/wp-json\/wp\/v2\/media?parent=960283"}],"wp:term":[{"taxonomy":"category","embeddable":true,"href":"https:\/\/www.eldigitaldeasturias.com\/noticias\/wp-json\/wp\/v2\/categories?post=960283"},{"taxonomy":"post_tag","embeddable":true,"href":"https:\/\/www.eldigitaldeasturias.com\/noticias\/wp-json\/wp\/v2\/tags?post=960283"}],"curies":[{"name":"wp","href":"https:\/\/api.w.org\/{rel}","templated":true}]}}