{"id":960280,"date":"2017-11-18T06:53:15","date_gmt":"2017-11-18T06:53:15","guid":{"rendered":"http:\/\/www.eldigitaldeasturias.com\/noticias\/?p=960280"},"modified":"2017-11-18T06:53:15","modified_gmt":"2017-11-18T06:53:15","slug":"encuentro-del-ministro-dastis-con-su-homologo-saudi","status":"publish","type":"post","link":"https:\/\/www.eldigitaldeasturias.com\/noticias\/encuentro-del-ministro-dastis-con-su-homologo-saudi\/","title":{"rendered":"Encuentro del ministro Dastis con su hom\u00f3logo saud\u00ed"},"content":{"rendered":"<p><img loading=\"lazy\" decoding=\"async\" class=\"alignleft size-medium wp-image-960281\" src=\"https:\/\/www.eldigitaldeasturias.com\/noticias\/wp-content\/uploads\/2017\/11\/09032017_SedeMinisterio-360x239.jpg\" alt=\"\" width=\"360\" height=\"239\" \/>El ministro de Asuntos Exteriores y de Cooperaci\u00f3n, Alfonso Dastis, ha mantenido hoy un encuentro con el ministro de Relaciones Exteriores de Arabia Saud\u00ed, Adel bin Ahmed al Jubeir.<\/p>\n<p>\u200bLa visita del ministro Al Jubeir a Espa\u00f1a tiene lugar en el marco de las relaciones tradicionales y de amistad con Arabia Saud\u00ed que se proyectan sobre muchos \u00e1mbitos de inter\u00e9s compartido, y da continuidad a la visita de SM el Rey a Arabia Saud\u00ed, en enero de 2017.<\/p>\n<p>En el encuentro, ambos ministros han acordado reforzar el di\u00e1logo pol\u00edtico y las relaciones econ\u00f3micas y comerciales. Arabia Saud\u00ed es el primer socio comercial de Espa\u00f1a en Oriente Pr\u00f3ximo, el segundo inversor \u00e1rabe en Espa\u00f1a y el segundo destino de las inversiones espa\u00f1olas en el mundo \u00e1rabe. Ambos Ministros acordaron seguir explorando la potencial contribuci\u00f3n de las empresas espa\u00f1olas a la diversificaci\u00f3n de la econom\u00eda saud\u00ed a la luz del programa de reformas econ\u00f3micas saud\u00ed, Visi\u00f3n 2030.<\/p>\n<p>Se han tratado, asimismo, cuestiones que afectan a la paz y la seguridad regionales as\u00ed como el refuerzo internacional de la lucha contra el terrorismo.<\/p>\n<p>Puede suscribirse a la recepci\u00f3n autom\u00e1tica de comunicados, notas de prensa, convocatorias, y noticias en su cuenta de correo en la p\u00e1gina web del MAEC, a trav\u00e9s de este acceso directo.<\/p>\n<p>Para m\u00e1s informaci\u00f3n sobre las actividades del Ministerio, s\u00edganos en Twitter y Facebook.<\/p>\n","protected":false},"excerpt":{"rendered":"<p>El ministro de Asuntos Exteriores y de Cooperaci\u00f3n, Alfonso Dastis, ha mantenido hoy un encuentro con el ministro de Relaciones Exteriores de Arabia Saud\u00ed, Adel bin Ahmed al Jubeir. \u200bLa visita del ministro Al Jubeir a Espa\u00f1a tiene lugar en el marco de las relaciones tradicionales y de amistad con Arabia Saud\u00ed que se proyectan [&hellip;]<\/p>\n","protected":false},"author":1,"featured_media":960281,"comment_status":"closed","ping_status":"closed","sticky":false,"template":"","format":"standard","meta":{"footnotes":""},"categories":[1],"tags":[],"class_list":["post-960280","post","type-post","status-publish","format-standard","has-post-thumbnail","hentry","category-actualidad"],"aioseo_notices":[],"aioseo_head":"\n\t\t<!-- All in One SEO Pro 5.0.1 - aioseo.com -->\n\t<meta name=\"description\" content=\"El ministro de Asuntos Exteriores y de Cooperaci\u00f3n, Alfonso Dastis, ha mantenido hoy un encuentro con el ministro de Relaciones Exteriores de Arabia Saud\u00ed, Adel bin Ahmed al Jubeir. \u200bLa visita del ministro Al Jubeir a Espa\u00f1a tiene lugar en el marco de las relaciones tradicionales y de amistad con Arabia Saud\u00ed que se proyectan\" \/>\n\t<meta name=\"robots\" content=\"max-image-preview:large\" \/>\n\t<meta name=\"author\" content=\"El Digital de Asturias\"\/>\n\t<meta name=\"google-site-verification\" content=\"UA-38556648-1\" \/>\n\t<meta name=\"msvalidate.01\" content=\"7dfe9f3f1b24437ab69f4f2559babe99\" \/>\n\t<meta name=\"keywords\" content=\"actualidad\" \/>\n\t<link rel=\"canonical\" href=\"https:\/\/www.eldigitaldeasturias.com\/noticias\/encuentro-del-ministro-dastis-con-su-homologo-saudi\/\" \/>\n\t<meta name=\"generator\" content=\"All in One SEO Pro (AIOSEO) 5.0.1\" \/>\n\t\t<meta property=\"og:locale\" content=\"es_ES\" \/>\n\t\t<meta property=\"og:site_name\" content=\"El Digital de Asturias\" \/>\n\t\t<meta property=\"og:type\" content=\"article\" \/>\n\t\t<meta property=\"og:title\" content=\"Encuentro del ministro Dastis con su hom\u00f3logo saud\u00ed - El Digital de Asturias\" \/>\n\t\t<meta property=\"og:description\" content=\"El ministro de Asuntos Exteriores y de Cooperaci\u00f3n, Alfonso Dastis, ha mantenido hoy un encuentro con el ministro de Relaciones Exteriores de Arabia Saud\u00ed, Adel bin Ahmed al Jubeir. \u200bLa visita del ministro Al Jubeir a Espa\u00f1a tiene lugar en el marco de las relaciones tradicionales y de amistad con Arabia Saud\u00ed que se proyectan\" \/>\n\t\t<meta property=\"og:url\" content=\"https:\/\/www.eldigitaldeasturias.com\/noticias\/encuentro-del-ministro-dastis-con-su-homologo-saudi\/\" \/>\n\t\t<meta property=\"article:tag\" content=\"actualidad\" \/>\n\t\t<meta property=\"article:published_time\" content=\"2017-11-18T06:53:15+00:00\" \/>\n\t\t<meta property=\"article:modified_time\" content=\"2017-11-18T06:53:15+00:00\" \/>\n\t\t<meta property=\"article:publisher\" content=\"https:\/\/facebook.com\/eldigitaldeasturias\" \/>\n\t\t<meta name=\"twitter:card\" content=\"summary_large_image\" \/>\n\t\t<meta name=\"twitter:title\" content=\"Encuentro del ministro Dastis con su hom\u00f3logo saud\u00ed - El Digital de Asturias\" \/>\n\t\t<meta name=\"twitter:description\" content=\"El ministro de Asuntos Exteriores y de Cooperaci\u00f3n, Alfonso Dastis, ha mantenido hoy un encuentro con el ministro de Relaciones Exteriores de Arabia Saud\u00ed, Adel bin Ahmed al Jubeir. \u200bLa visita del ministro Al Jubeir a Espa\u00f1a tiene lugar en el marco de las relaciones tradicionales y de amistad con Arabia Saud\u00ed que se proyectan\" \/>\n\t\t<meta name=\"twitter:image\" content=\"https:\/\/www.eldigitaldeasturias.com\/noticias\/wp-content\/uploads\/2020\/12\/EDA-1.jpg\" \/>\n\t\t<meta name=\"twitter:label1\" content=\"Escrito por\" \/>\n\t\t<meta name=\"twitter:data1\" content=\"El Digital de Asturias\" \/>\n\t\t<meta name=\"twitter:label2\" content=\"Tiempo de lectura estimado\" \/>\n\t\t<meta name=\"twitter:data2\" content=\"1 minuto\" \/>\n\t\t<script type=\"application\/ld+json\" class=\"aioseo-schema\">\n\t\t\t{\"@context\":\"https:\\\/\\\/schema.org\",\"@graph\":[{\"@type\":\"BlogPosting\",\"@id\":\"https:\\\/\\\/www.eldigitaldeasturias.com\\\/noticias\\\/encuentro-del-ministro-dastis-con-su-homologo-saudi\\\/#blogposting\",\"name\":\"Encuentro del ministro Dastis con su hom\\u00f3logo saud\\u00ed - El Digital de Asturias\",\"headline\":\"Encuentro del ministro Dastis con su hom\\u00f3logo saud\\u00ed\",\"author\":{\"@id\":\"https:\\\/\\\/www.eldigitaldeasturias.com\\\/noticias\\\/author\\\/admin\\\/#author\"},\"publisher\":{\"@id\":\"https:\\\/\\\/www.eldigitaldeasturias.com\\\/noticias\\\/#organization\"},\"image\":{\"@type\":\"ImageObject\",\"url\":960281},\"datePublished\":\"2017-11-18T06:53:15+01:00\",\"dateModified\":\"2017-11-18T06:53:15+01:00\",\"inLanguage\":\"es-ES\",\"mainEntityOfPage\":{\"@id\":\"https:\\\/\\\/www.eldigitaldeasturias.com\\\/noticias\\\/encuentro-del-ministro-dastis-con-su-homologo-saudi\\\/#webpage\"},\"isPartOf\":{\"@id\":\"https:\\\/\\\/www.eldigitaldeasturias.com\\\/noticias\\\/encuentro-del-ministro-dastis-con-su-homologo-saudi\\\/#webpage\"},\"articleSection\":\"Actualidad\"},{\"@type\":\"BreadcrumbList\",\"@id\":\"https:\\\/\\\/www.eldigitaldeasturias.com\\\/noticias\\\/encuentro-del-ministro-dastis-con-su-homologo-saudi\\\/#breadcrumblist\",\"itemListElement\":[{\"@type\":\"ListItem\",\"@id\":\"https:\\\/\\\/www.eldigitaldeasturias.com\\\/noticias#listItem\",\"position\":1,\"name\":\"Home\",\"item\":\"https:\\\/\\\/www.eldigitaldeasturias.com\\\/noticias\",\"nextItem\":{\"@type\":\"ListItem\",\"@id\":\"https:\\\/\\\/www.eldigitaldeasturias.com\\\/noticias\\\/category\\\/actualidad\\\/#listItem\",\"name\":\"Actualidad\"}},{\"@type\":\"ListItem\",\"@id\":\"https:\\\/\\\/www.eldigitaldeasturias.com\\\/noticias\\\/category\\\/actualidad\\\/#listItem\",\"position\":2,\"name\":\"Actualidad\",\"item\":\"https:\\\/\\\/www.eldigitaldeasturias.com\\\/noticias\\\/category\\\/actualidad\\\/\",\"nextItem\":{\"@type\":\"ListItem\",\"@id\":\"https:\\\/\\\/www.eldigitaldeasturias.com\\\/noticias\\\/encuentro-del-ministro-dastis-con-su-homologo-saudi\\\/#listItem\",\"name\":\"Encuentro del ministro Dastis con su hom\\u00f3logo saud\\u00ed\"},\"previousItem\":{\"@type\":\"ListItem\",\"@id\":\"https:\\\/\\\/www.eldigitaldeasturias.com\\\/noticias#listItem\",\"name\":\"Home\"}},{\"@type\":\"ListItem\",\"@id\":\"https:\\\/\\\/www.eldigitaldeasturias.com\\\/noticias\\\/encuentro-del-ministro-dastis-con-su-homologo-saudi\\\/#listItem\",\"position\":3,\"name\":\"Encuentro del ministro Dastis con su hom\\u00f3logo saud\\u00ed\",\"previousItem\":{\"@type\":\"ListItem\",\"@id\":\"https:\\\/\\\/www.eldigitaldeasturias.com\\\/noticias\\\/category\\\/actualidad\\\/#listItem\",\"name\":\"Actualidad\"}}]},{\"@type\":\"Organization\",\"@id\":\"https:\\\/\\\/www.eldigitaldeasturias.com\\\/noticias\\\/#organization\",\"name\":\"El Digital de Asturias\",\"description\":\"Hemeroteca\",\"url\":\"https:\\\/\\\/www.eldigitaldeasturias.com\\\/noticias\\\/\",\"email\":\"info@eldigitaldeasturias.com\",\"telephone\":\"+34652131393\",\"logo\":{\"@type\":\"ImageObject\",\"url\":\"https:\\\/\\\/www.eldigitaldeasturias.com\\\/noticias\\\/wp-content\\\/uploads\\\/2020\\\/12\\\/EDA.jpg\",\"@id\":\"https:\\\/\\\/www.eldigitaldeasturias.com\\\/noticias\\\/encuentro-del-ministro-dastis-con-su-homologo-saudi\\\/#organizationLogo\"},\"image\":{\"@id\":\"https:\\\/\\\/www.eldigitaldeasturias.com\\\/noticias\\\/encuentro-del-ministro-dastis-con-su-homologo-saudi\\\/#organizationLogo\"},\"sameAs\":[\"https:\\\/\\\/facebook.com\\\/eldigitaldeasturias\",\"https:\\\/\\\/www.youtube.com\\\/channel\\\/UCZP-2wLEB9Rv6erhFmqVnvg\"],\"address\":{\"@id\":\"https:\\\/\\\/www.eldigitaldeasturias.com\\\/noticias\\\/#postaladdress\",\"@type\":\"PostalAddress\",\"streetAddress\":\"san antonio 4\",\"postalCode\":\"33430\",\"addressLocality\":\"Cand\\u00e1s\",\"addressRegion\":\"Asturias\",\"addressCountry\":\"ES\"}},{\"@type\":\"Person\",\"@id\":\"https:\\\/\\\/www.eldigitaldeasturias.com\\\/noticias\\\/author\\\/admin\\\/#author\",\"url\":\"https:\\\/\\\/www.eldigitaldeasturias.com\\\/noticias\\\/author\\\/admin\\\/\",\"name\":\"El Digital de Asturias\",\"image\":{\"@type\":\"ImageObject\",\"@id\":\"https:\\\/\\\/www.eldigitaldeasturias.com\\\/noticias\\\/encuentro-del-ministro-dastis-con-su-homologo-saudi\\\/#authorImage\",\"url\":\"https:\\\/\\\/secure.gravatar.com\\\/avatar\\\/df2aeffc32bcd13f8d26072ef8a91b623d677766deac7f97ca815868cd41bf5e?s=96&d=mm&r=g\",\"width\":96,\"height\":96,\"caption\":\"El Digital de Asturias\"}},{\"@type\":\"WebPage\",\"@id\":\"https:\\\/\\\/www.eldigitaldeasturias.com\\\/noticias\\\/encuentro-del-ministro-dastis-con-su-homologo-saudi\\\/#webpage\",\"url\":\"https:\\\/\\\/www.eldigitaldeasturias.com\\\/noticias\\\/encuentro-del-ministro-dastis-con-su-homologo-saudi\\\/\",\"name\":\"Encuentro del ministro Dastis con su hom\\u00f3logo saud\\u00ed - El Digital de Asturias\",\"description\":\"El ministro de Asuntos Exteriores y de Cooperaci\\u00f3n, Alfonso Dastis, ha mantenido hoy un encuentro con el ministro de Relaciones Exteriores de Arabia Saud\\u00ed, Adel bin Ahmed al Jubeir. \\u200bLa visita del ministro Al Jubeir a Espa\\u00f1a tiene lugar en el marco de las relaciones tradicionales y de amistad con Arabia Saud\\u00ed que se proyectan\",\"inLanguage\":\"es-ES\",\"isPartOf\":{\"@id\":\"https:\\\/\\\/www.eldigitaldeasturias.com\\\/noticias\\\/#website\"},\"breadcrumb\":{\"@id\":\"https:\\\/\\\/www.eldigitaldeasturias.com\\\/noticias\\\/encuentro-del-ministro-dastis-con-su-homologo-saudi\\\/#breadcrumblist\"},\"author\":{\"@id\":\"https:\\\/\\\/www.eldigitaldeasturias.com\\\/noticias\\\/author\\\/admin\\\/#author\"},\"creator\":{\"@id\":\"https:\\\/\\\/www.eldigitaldeasturias.com\\\/noticias\\\/author\\\/admin\\\/#author\"},\"image\":{\"@type\":\"ImageObject\",\"url\":960281,\"@id\":\"https:\\\/\\\/www.eldigitaldeasturias.com\\\/noticias\\\/encuentro-del-ministro-dastis-con-su-homologo-saudi\\\/#mainImage\"},\"primaryImageOfPage\":{\"@id\":\"https:\\\/\\\/www.eldigitaldeasturias.com\\\/noticias\\\/encuentro-del-ministro-dastis-con-su-homologo-saudi\\\/#mainImage\"},\"datePublished\":\"2017-11-18T06:53:15+01:00\",\"dateModified\":\"2017-11-18T06:53:15+01:00\"},{\"@type\":\"WebSite\",\"@id\":\"https:\\\/\\\/www.eldigitaldeasturias.com\\\/noticias\\\/#website\",\"url\":\"https:\\\/\\\/www.eldigitaldeasturias.com\\\/noticias\\\/\",\"name\":\"El Digital de Asturias - Diario de actualidad y noticias\",\"alternateName\":\"El Digital de Asturias - Diario de actualidad y noticias\",\"description\":\"Hemeroteca\",\"inLanguage\":\"es-ES\",\"publisher\":{\"@id\":\"https:\\\/\\\/www.eldigitaldeasturias.com\\\/noticias\\\/#organization\"}}]}\n\t\t<\/script>\n\t\t<!-- All in One SEO Pro -->\r\n\t\t<title>Encuentro del ministro Dastis con su hom\u00f3logo saud\u00ed - El Digital de Asturias<\/title>\n\n","aioseo_head_json":{"title":"Encuentro del ministro Dastis con su hom\u00f3logo saud\u00ed - El Digital de Asturias","description":"El ministro de Asuntos Exteriores y de Cooperaci\u00f3n, Alfonso Dastis, ha mantenido hoy un encuentro con el ministro de Relaciones Exteriores de Arabia Saud\u00ed, Adel bin Ahmed al Jubeir. \u200bLa visita del ministro Al Jubeir a Espa\u00f1a tiene lugar en el marco de las relaciones tradicionales y de amistad con Arabia Saud\u00ed que se proyectan","canonical_url":"https:\/\/www.eldigitaldeasturias.com\/noticias\/encuentro-del-ministro-dastis-con-su-homologo-saudi\/","robots":"max-image-preview:large","keywords":"actualidad","webmasterTools":{"google-site-verification":"UA-38556648-1","msvalidate.01":"7dfe9f3f1b24437ab69f4f2559babe99","miscellaneous":""},"schema":{"@context":"https:\/\/schema.org","@graph":[{"@type":"BlogPosting","@id":"https:\/\/www.eldigitaldeasturias.com\/noticias\/encuentro-del-ministro-dastis-con-su-homologo-saudi\/#blogposting","name":"Encuentro del ministro Dastis con su hom\u00f3logo saud\u00ed - El Digital de Asturias","headline":"Encuentro del ministro Dastis con su hom\u00f3logo saud\u00ed","author":{"@id":"https:\/\/www.eldigitaldeasturias.com\/noticias\/author\/admin\/#author"},"publisher":{"@id":"https:\/\/www.eldigitaldeasturias.com\/noticias\/#organization"},"image":{"@type":"ImageObject","url":960281},"datePublished":"2017-11-18T06:53:15+01:00","dateModified":"2017-11-18T06:53:15+01:00","inLanguage":"es-ES","mainEntityOfPage":{"@id":"https:\/\/www.eldigitaldeasturias.com\/noticias\/encuentro-del-ministro-dastis-con-su-homologo-saudi\/#webpage"},"isPartOf":{"@id":"https:\/\/www.eldigitaldeasturias.com\/noticias\/encuentro-del-ministro-dastis-con-su-homologo-saudi\/#webpage"},"articleSection":"Actualidad"},{"@type":"BreadcrumbList","@id":"https:\/\/www.eldigitaldeasturias.com\/noticias\/encuentro-del-ministro-dastis-con-su-homologo-saudi\/#breadcrumblist","itemListElement":[{"@type":"ListItem","@id":"https:\/\/www.eldigitaldeasturias.com\/noticias#listItem","position":1,"name":"Home","item":"https:\/\/www.eldigitaldeasturias.com\/noticias","nextItem":{"@type":"ListItem","@id":"https:\/\/www.eldigitaldeasturias.com\/noticias\/category\/actualidad\/#listItem","name":"Actualidad"}},{"@type":"ListItem","@id":"https:\/\/www.eldigitaldeasturias.com\/noticias\/category\/actualidad\/#listItem","position":2,"name":"Actualidad","item":"https:\/\/www.eldigitaldeasturias.com\/noticias\/category\/actualidad\/","nextItem":{"@type":"ListItem","@id":"https:\/\/www.eldigitaldeasturias.com\/noticias\/encuentro-del-ministro-dastis-con-su-homologo-saudi\/#listItem","name":"Encuentro del ministro Dastis con su hom\u00f3logo saud\u00ed"},"previousItem":{"@type":"ListItem","@id":"https:\/\/www.eldigitaldeasturias.com\/noticias#listItem","name":"Home"}},{"@type":"ListItem","@id":"https:\/\/www.eldigitaldeasturias.com\/noticias\/encuentro-del-ministro-dastis-con-su-homologo-saudi\/#listItem","position":3,"name":"Encuentro del ministro Dastis con su hom\u00f3logo saud\u00ed","previousItem":{"@type":"ListItem","@id":"https:\/\/www.eldigitaldeasturias.com\/noticias\/category\/actualidad\/#listItem","name":"Actualidad"}}]},{"@type":"Organization","@id":"https:\/\/www.eldigitaldeasturias.com\/noticias\/#organization","name":"El Digital de Asturias","description":"Hemeroteca","url":"https:\/\/www.eldigitaldeasturias.com\/noticias\/","email":"info@eldigitaldeasturias.com","telephone":"+34652131393","logo":{"@type":"ImageObject","url":"https:\/\/www.eldigitaldeasturias.com\/noticias\/wp-content\/uploads\/2020\/12\/EDA.jpg","@id":"https:\/\/www.eldigitaldeasturias.com\/noticias\/encuentro-del-ministro-dastis-con-su-homologo-saudi\/#organizationLogo"},"image":{"@id":"https:\/\/www.eldigitaldeasturias.com\/noticias\/encuentro-del-ministro-dastis-con-su-homologo-saudi\/#organizationLogo"},"sameAs":["https:\/\/facebook.com\/eldigitaldeasturias","https:\/\/www.youtube.com\/channel\/UCZP-2wLEB9Rv6erhFmqVnvg"],"address":{"@id":"https:\/\/www.eldigitaldeasturias.com\/noticias\/#postaladdress","@type":"PostalAddress","streetAddress":"san antonio 4","postalCode":"33430","addressLocality":"Cand\u00e1s","addressRegion":"Asturias","addressCountry":"ES"}},{"@type":"Person","@id":"https:\/\/www.eldigitaldeasturias.com\/noticias\/author\/admin\/#author","url":"https:\/\/www.eldigitaldeasturias.com\/noticias\/author\/admin\/","name":"El Digital de Asturias","image":{"@type":"ImageObject","@id":"https:\/\/www.eldigitaldeasturias.com\/noticias\/encuentro-del-ministro-dastis-con-su-homologo-saudi\/#authorImage","url":"https:\/\/secure.gravatar.com\/avatar\/df2aeffc32bcd13f8d26072ef8a91b623d677766deac7f97ca815868cd41bf5e?s=96&d=mm&r=g","width":96,"height":96,"caption":"El Digital de Asturias"}},{"@type":"WebPage","@id":"https:\/\/www.eldigitaldeasturias.com\/noticias\/encuentro-del-ministro-dastis-con-su-homologo-saudi\/#webpage","url":"https:\/\/www.eldigitaldeasturias.com\/noticias\/encuentro-del-ministro-dastis-con-su-homologo-saudi\/","name":"Encuentro del ministro Dastis con su hom\u00f3logo saud\u00ed - El Digital de Asturias","description":"El ministro de Asuntos Exteriores y de Cooperaci\u00f3n, Alfonso Dastis, ha mantenido hoy un encuentro con el ministro de Relaciones Exteriores de Arabia Saud\u00ed, Adel bin Ahmed al Jubeir. \u200bLa visita del ministro Al Jubeir a Espa\u00f1a tiene lugar en el marco de las relaciones tradicionales y de amistad con Arabia Saud\u00ed que se proyectan","inLanguage":"es-ES","isPartOf":{"@id":"https:\/\/www.eldigitaldeasturias.com\/noticias\/#website"},"breadcrumb":{"@id":"https:\/\/www.eldigitaldeasturias.com\/noticias\/encuentro-del-ministro-dastis-con-su-homologo-saudi\/#breadcrumblist"},"author":{"@id":"https:\/\/www.eldigitaldeasturias.com\/noticias\/author\/admin\/#author"},"creator":{"@id":"https:\/\/www.eldigitaldeasturias.com\/noticias\/author\/admin\/#author"},"image":{"@type":"ImageObject","url":960281,"@id":"https:\/\/www.eldigitaldeasturias.com\/noticias\/encuentro-del-ministro-dastis-con-su-homologo-saudi\/#mainImage"},"primaryImageOfPage":{"@id":"https:\/\/www.eldigitaldeasturias.com\/noticias\/encuentro-del-ministro-dastis-con-su-homologo-saudi\/#mainImage"},"datePublished":"2017-11-18T06:53:15+01:00","dateModified":"2017-11-18T06:53:15+01:00"},{"@type":"WebSite","@id":"https:\/\/www.eldigitaldeasturias.com\/noticias\/#website","url":"https:\/\/www.eldigitaldeasturias.com\/noticias\/","name":"El Digital de Asturias - Diario de actualidad y noticias","alternateName":"El Digital de Asturias - Diario de actualidad y noticias","description":"Hemeroteca","inLanguage":"es-ES","publisher":{"@id":"https:\/\/www.eldigitaldeasturias.com\/noticias\/#organization"}}]},"og:locale":"es_ES","og:site_name":"El Digital de Asturias","og:type":"article","og:title":"Encuentro del ministro Dastis con su hom\u00f3logo saud\u00ed - El Digital de Asturias","og:description":"El ministro de Asuntos Exteriores y de Cooperaci\u00f3n, Alfonso Dastis, ha mantenido hoy un encuentro con el ministro de Relaciones Exteriores de Arabia Saud\u00ed, Adel bin Ahmed al Jubeir. \u200bLa visita del ministro Al Jubeir a Espa\u00f1a tiene lugar en el marco de las relaciones tradicionales y de amistad con Arabia Saud\u00ed que se proyectan","og:url":"https:\/\/www.eldigitaldeasturias.com\/noticias\/encuentro-del-ministro-dastis-con-su-homologo-saudi\/","article:tag":["actualidad"],"article:published_time":"2017-11-18T06:53:15+00:00","article:modified_time":"2017-11-18T06:53:15+00:00","article:publisher":"https:\/\/facebook.com\/eldigitaldeasturias","twitter:card":"summary_large_image","twitter:title":"Encuentro del ministro Dastis con su hom\u00f3logo saud\u00ed - El Digital de Asturias","twitter:description":"El ministro de Asuntos Exteriores y de Cooperaci\u00f3n, Alfonso Dastis, ha mantenido hoy un encuentro con el ministro de Relaciones Exteriores de Arabia Saud\u00ed, Adel bin Ahmed al Jubeir. \u200bLa visita del ministro Al Jubeir a Espa\u00f1a tiene lugar en el marco de las relaciones tradicionales y de amistad con Arabia Saud\u00ed que se proyectan","twitter:image":"https:\/\/www.eldigitaldeasturias.com\/noticias\/wp-content\/uploads\/2020\/12\/EDA-1.jpg","twitter:label1":"Escrito por","twitter:data1":"El Digital de Asturias","twitter:label2":"Tiempo de lectura estimado","twitter:data2":"1 minuto"},"aioseo_meta_data":{"post_id":"960280","title":null,"description":null,"keywords":null,"keyphrases":null,"primary_term":null,"canonical_url":null,"og_title":null,"og_description":null,"og_object_type":"default","og_image_type":"default","og_image_url":null,"og_image_width":null,"og_image_height":null,"og_image_custom_url":null,"og_image_custom_fields":null,"og_video":null,"og_custom_url":null,"og_article_section":null,"og_article_tags":null,"twitter_use_og":false,"twitter_card":"default","twitter_image_type":"default","twitter_image_url":null,"twitter_image_custom_url":null,"twitter_image_custom_fields":null,"twitter_title":null,"twitter_description":null,"schema":{"blockGraphs":[],"customGraphs":[],"default":{"data":{"Article":[],"Course":[],"Dataset":[],"FAQPage":[],"Movie":[],"Person":[],"Product":[],"ProductReview":[],"Car":[],"Recipe":[],"Service":[],"SoftwareApplication":[],"WebPage":[]},"graphName":"","isEnabled":true},"graphs":[],"defaultGraph":"","defaultPostTypeGraph":""},"schema_type":null,"schema_type_options":null,"pillar_content":false,"robots_default":true,"robots_noindex":false,"robots_noarchive":false,"robots_nosnippet":false,"robots_nofollow":false,"robots_noimageindex":false,"robots_noodp":false,"robots_notranslate":false,"robots_max_snippet":null,"robots_max_videopreview":null,"robots_max_imagepreview":"large","priority":null,"frequency":null,"local_seo":null,"seo_analyzer_scan_date":"2025-12-07 04:44:55","breadcrumb_settings":null,"limit_modified_date":false,"open_ai":null,"ai":null,"created":"2020-12-21 12:53:06","updated":"2025-12-07 04:44:55","focus_keyword":null,"additional_keywords":null,"truseo_locale":null},"aioseo_breadcrumb":"<div class=\"aioseo-breadcrumbs\"><span class=\"aioseo-breadcrumb\">\n\t<a href=\"https:\/\/www.eldigitaldeasturias.com\/noticias\" title=\"Home\">Home<\/a>\n<\/span><span class=\"aioseo-breadcrumb-separator\">\u2013<\/span><span class=\"aioseo-breadcrumb\">\n\t<a href=\"https:\/\/www.eldigitaldeasturias.com\/noticias\/category\/actualidad\/\" title=\"Actualidad\">Actualidad<\/a>\n<\/span><span class=\"aioseo-breadcrumb-separator\">\u2013<\/span><span class=\"aioseo-breadcrumb\">\n\t<a href=\"https:\/\/www.eldigitaldeasturias.com\/noticias\/encuentro-del-ministro-dastis-con-su-homologo-saudi\/\" title=\"Encuentro del ministro Dastis con su hom\u00f3logo saud\u00ed\">Encuentro del ministro Dastis con su hom\u00f3logo saud\u00ed<\/a>\n<\/span><\/div>","aioseo_breadcrumb_json":[{"label":"Home","link":"https:\/\/www.eldigitaldeasturias.com\/noticias"},{"label":"Actualidad","link":"https:\/\/www.eldigitaldeasturias.com\/noticias\/category\/actualidad\/"},{"label":"Encuentro del ministro Dastis con su hom\u00f3logo saud\u00ed","link":"https:\/\/www.eldigitaldeasturias.com\/noticias\/encuentro-del-ministro-dastis-con-su-homologo-saudi\/"}],"_links":{"self":[{"href":"https:\/\/www.eldigitaldeasturias.com\/noticias\/wp-json\/wp\/v2\/posts\/960280","targetHints":{"allow":["GET"]}}],"collection":[{"href":"https:\/\/www.eldigitaldeasturias.com\/noticias\/wp-json\/wp\/v2\/posts"}],"about":[{"href":"https:\/\/www.eldigitaldeasturias.com\/noticias\/wp-json\/wp\/v2\/types\/post"}],"author":[{"embeddable":true,"href":"https:\/\/www.eldigitaldeasturias.com\/noticias\/wp-json\/wp\/v2\/users\/1"}],"replies":[{"embeddable":true,"href":"https:\/\/www.eldigitaldeasturias.com\/noticias\/wp-json\/wp\/v2\/comments?post=960280"}],"version-history":[{"count":0,"href":"https:\/\/www.eldigitaldeasturias.com\/noticias\/wp-json\/wp\/v2\/posts\/960280\/revisions"}],"wp:attachment":[{"href":"https:\/\/www.eldigitaldeasturias.com\/noticias\/wp-json\/wp\/v2\/media?parent=960280"}],"wp:term":[{"taxonomy":"category","embeddable":true,"href":"https:\/\/www.eldigitaldeasturias.com\/noticias\/wp-json\/wp\/v2\/categories?post=960280"},{"taxonomy":"post_tag","embeddable":true,"href":"https:\/\/www.eldigitaldeasturias.com\/noticias\/wp-json\/wp\/v2\/tags?post=960280"}],"curies":[{"name":"wp","href":"https:\/\/api.w.org\/{rel}","templated":true}]}}