{"id":960275,"date":"2017-11-18T06:48:11","date_gmt":"2017-11-18T06:48:11","guid":{"rendered":"http:\/\/www.eldigitaldeasturias.com\/noticias\/?p=960275"},"modified":"2017-11-18T06:48:11","modified_gmt":"2017-11-18T06:48:11","slug":"la-guardia-civil-elabora-una-guia-de-lenguaje-no-sexista","status":"publish","type":"post","link":"https:\/\/www.eldigitaldeasturias.com\/noticias\/la-guardia-civil-elabora-una-guia-de-lenguaje-no-sexista\/","title":{"rendered":"La Guardia Civil elabora una Gu\u00eda de lenguaje no sexista"},"content":{"rendered":"<p><img loading=\"lazy\" decoding=\"async\" class=\"alignleft size-medium wp-image-708186\" src=\"https:\/\/www.eldigitaldeasturias.com\/noticias\/wp-content\/uploads\/2014\/12\/7764927w-360x195.jpg\" alt=\"\" width=\"360\" height=\"195\" \/>El Director General de la Guardia Civil Jos\u00e9 Manuel Holgado, ha presidido por primera vez la reuni\u00f3n anual del Comit\u00e9 para la Igualdad efectiva de mujeres y hombres en la Guardia Civil, integrada por personal de la Administraci\u00f3n y de las diferentes Asociaciones Profesionales representativas.<\/p>\n<p>Durante esta reuni\u00f3n se ha presentado la Guia-resumen para el uso de un lenguaje no sexista, que recoge, a modo de orientaciones, unas recomendaciones sobre el lenguaje actual con el objetivo de reforzar el papel que tiene \u00e9ste en fomentar el principio de igualdad entre la mujer y el hombre. La finalidad que se persigue es que el personal de la Guardia Civil disponga de un documento propio y sencillo que unifique criterios y sirva de referencia en la forma de expresi\u00f3n de los documentos que constituyen la producci\u00f3n normativa del Cuerpo.<\/p>\n<p><strong>Actividades de la Comisi\u00f3n T\u00e9cnica<\/strong><\/p>\n<p>Desde la anterior sesi\u00f3n del Comit\u00e9, la Comisi\u00f3n T\u00e9cnica de este \u00f3rgano ha llevado a cabo dos reuniones, en las que se han analizado un total de 49 comunicaciones, entre las que destacan las propuestas referidas a dotar de un mayor rango normativo a la protecci\u00f3n del embarazo, parto reciente y lactancia; a contar con una asesor\u00eda externa en materia de igualdad; a la creaci\u00f3n de guarder\u00edas infantiles en centros docentes de formaci\u00f3n o a la creaci\u00f3n de la gu\u00eda de referencia del lenguaje no sexista. Tambi\u00e9n se han tratado las consultas relacionadas con la flexibilidad horaria, la reducci\u00f3n de jornada y las desigualdades en cuanto a los requisitos de acceso al Cuerpo.<\/p>\n<p>Otro de los puntos del d\u00eda que se han abordado durante esta reuni\u00f3n ha sido el repaso a las actividades formativas que se han desarrollado dentro del marco del Convenio existente entre la Guardia Civil y el Instituto de la Mujer, entre las que destacan:<\/p>\n<p>El Curso de Formaci\u00f3n en Igualdad de Oportunidades: aplicaci\u00f3n pr\u00e1ctica en el \u00e1mbito de las Fuerzas y Cuerpos de Seguridad con una duraci\u00f3n de 40 horas en modalidad virtual, que dar\u00e1 comienzo a finales de noviembre, y estar\u00e1 disponible hasta junio de 2018.<\/p>\n<p>La Jornada de Igualdad, que se celebr\u00f3 en el mes de marzo de 2017.<\/p>\n<p>La incorporaci\u00f3n a los Planes de Estudio de los cursos de complemento de formaci\u00f3n de un M\u00f3dulo de Igualdad y Conciliaci\u00f3n, del que se han desarrollado tres ediciones.<\/p>\n<p>El Programa bianual de actividades formativas, del que se han celebrado Jornadas, de al menos dos horas de duraci\u00f3n, en cada uno de los centros de formaci\u00f3n a lo largo de este a\u00f1o.<\/p>\n<p>El Curso de Formador de formadores, que pretende proporcionar una m\u00ednima formaci\u00f3n b\u00e1sica en materia de Igualdad, dirigido a todas la Unidades Cuerpo, incluyendo tambi\u00e9n a la Agrupaci\u00f3n de Tr\u00e1fico y a las distintas Jefaturas y Servicios que conforman la Guardia Civil, que a lo largo del segundo semestre del a\u00f1o est\u00e1 dando lugar a jornadas en la unidades, de un m\u00ednimo de 1 hora de duraci\u00f3n, incluidas en las acciones de formaci\u00f3n continua de las que se benefician todos los componentes de la Guardia Civil.<\/p>\n<p>El Curso de Liderazgo Femenino, cuya realizaci\u00f3n est\u00e1 prevista durante el \u00faltimo trimestre de 2017.<\/p>\n<p>El Curso de Lenguaje inclusivo, dirigido a personal predirectivo-directivo relacionado con producci\u00f3n normativa en la Guardia Civil, cuya realizaci\u00f3n tambi\u00e9n est\u00e1 prevista para el \u00fatimo trimestre de 2017.<\/p>\n<p>Tambi\u00e9n se han facilitado algunas cifras relacionadas con el absentismo de la mujer como adelanto a una versi\u00f3n final, que en un plazo no muy extenso estar\u00e1 definitivamente configurada, sobre el diagn\u00f3stico de situaci\u00f3n de la mujer en la Guardia Civil.<\/p>\n<p>El Director General ha manifestado en su intervenci\u00f3n su total predisposici\u00f3n a reflexionar positivamente, con sentido com\u00fan y especial sensibilidad, sobre todos y cada uno de los temas tratados y los que eventualmente se traten en el seno del Comit\u00e9 para la Igualdad.<\/p>\n","protected":false},"excerpt":{"rendered":"<p>El Director General de la Guardia Civil Jos\u00e9 Manuel Holgado, ha presidido por primera vez la reuni\u00f3n anual del Comit\u00e9 para la Igualdad efectiva de mujeres y hombres en la Guardia Civil, integrada por personal de la Administraci\u00f3n y de las diferentes Asociaciones Profesionales representativas. Durante esta reuni\u00f3n se ha presentado la Guia-resumen para el [&hellip;]<\/p>\n","protected":false},"author":1,"featured_media":708186,"comment_status":"closed","ping_status":"closed","sticky":false,"template":"","format":"standard","meta":{"footnotes":""},"categories":[1],"tags":[],"class_list":["post-960275","post","type-post","status-publish","format-standard","has-post-thumbnail","hentry","category-actualidad"],"aioseo_notices":[],"aioseo_head":"\n\t\t<!-- All in One SEO Pro 5.0.1 - aioseo.com -->\n\t<meta name=\"description\" content=\"El Director General de la Guardia Civil Jos\u00e9 Manuel Holgado, ha presidido por primera vez la reuni\u00f3n anual del Comit\u00e9 para la Igualdad efectiva de mujeres y hombres en la Guardia Civil, integrada por personal de la Administraci\u00f3n y de las diferentes Asociaciones Profesionales representativas. Durante esta reuni\u00f3n se ha presentado la Guia-resumen para el\" \/>\n\t<meta name=\"robots\" content=\"max-image-preview:large\" \/>\n\t<meta name=\"author\" content=\"El Digital de Asturias\"\/>\n\t<meta name=\"google-site-verification\" content=\"UA-38556648-1\" \/>\n\t<meta name=\"msvalidate.01\" content=\"7dfe9f3f1b24437ab69f4f2559babe99\" \/>\n\t<meta name=\"keywords\" content=\"actualidad\" \/>\n\t<link rel=\"canonical\" href=\"https:\/\/www.eldigitaldeasturias.com\/noticias\/la-guardia-civil-elabora-una-guia-de-lenguaje-no-sexista\/\" \/>\n\t<meta name=\"generator\" content=\"All in One SEO Pro (AIOSEO) 5.0.1\" \/>\n\t\t<meta property=\"og:locale\" content=\"es_ES\" \/>\n\t\t<meta property=\"og:site_name\" content=\"El Digital de Asturias\" \/>\n\t\t<meta property=\"og:type\" content=\"article\" \/>\n\t\t<meta property=\"og:title\" content=\"La Guardia Civil elabora una Gu\u00eda de lenguaje no sexista - El Digital de Asturias\" \/>\n\t\t<meta property=\"og:description\" content=\"El Director General de la Guardia Civil Jos\u00e9 Manuel Holgado, ha presidido por primera vez la reuni\u00f3n anual del Comit\u00e9 para la Igualdad efectiva de mujeres y hombres en la Guardia Civil, integrada por personal de la Administraci\u00f3n y de las diferentes Asociaciones Profesionales representativas. Durante esta reuni\u00f3n se ha presentado la Guia-resumen para el\" \/>\n\t\t<meta property=\"og:url\" content=\"https:\/\/www.eldigitaldeasturias.com\/noticias\/la-guardia-civil-elabora-una-guia-de-lenguaje-no-sexista\/\" \/>\n\t\t<meta property=\"article:tag\" content=\"actualidad\" \/>\n\t\t<meta property=\"article:published_time\" content=\"2017-11-18T06:48:11+00:00\" \/>\n\t\t<meta property=\"article:modified_time\" content=\"2017-11-18T06:48:11+00:00\" \/>\n\t\t<meta property=\"article:publisher\" content=\"https:\/\/facebook.com\/eldigitaldeasturias\" \/>\n\t\t<meta name=\"twitter:card\" content=\"summary_large_image\" \/>\n\t\t<meta name=\"twitter:title\" content=\"La Guardia Civil elabora una Gu\u00eda de lenguaje no sexista - El Digital de Asturias\" \/>\n\t\t<meta name=\"twitter:description\" content=\"El Director General de la Guardia Civil Jos\u00e9 Manuel Holgado, ha presidido por primera vez la reuni\u00f3n anual del Comit\u00e9 para la Igualdad efectiva de mujeres y hombres en la Guardia Civil, integrada por personal de la Administraci\u00f3n y de las diferentes Asociaciones Profesionales representativas. Durante esta reuni\u00f3n se ha presentado la Guia-resumen para el\" \/>\n\t\t<meta name=\"twitter:image\" content=\"https:\/\/www.eldigitaldeasturias.com\/noticias\/wp-content\/uploads\/2020\/12\/EDA-1.jpg\" \/>\n\t\t<meta name=\"twitter:label1\" content=\"Escrito por\" \/>\n\t\t<meta name=\"twitter:data1\" content=\"El Digital de Asturias\" \/>\n\t\t<meta name=\"twitter:label2\" content=\"Tiempo de lectura estimado\" \/>\n\t\t<meta name=\"twitter:data2\" content=\"3 minutos\" \/>\n\t\t<script type=\"application\/ld+json\" class=\"aioseo-schema\">\n\t\t\t{\"@context\":\"https:\\\/\\\/schema.org\",\"@graph\":[{\"@type\":\"BlogPosting\",\"@id\":\"https:\\\/\\\/www.eldigitaldeasturias.com\\\/noticias\\\/la-guardia-civil-elabora-una-guia-de-lenguaje-no-sexista\\\/#blogposting\",\"name\":\"La Guardia Civil elabora una Gu\\u00eda de lenguaje no sexista - El Digital de Asturias\",\"headline\":\"La Guardia Civil elabora una Gu\\u00eda de lenguaje no sexista\",\"author\":{\"@id\":\"https:\\\/\\\/www.eldigitaldeasturias.com\\\/noticias\\\/author\\\/admin\\\/#author\"},\"publisher\":{\"@id\":\"https:\\\/\\\/www.eldigitaldeasturias.com\\\/noticias\\\/#organization\"},\"image\":{\"@type\":\"ImageObject\",\"url\":708186},\"datePublished\":\"2017-11-18T06:48:11+01:00\",\"dateModified\":\"2017-11-18T06:48:11+01:00\",\"inLanguage\":\"es-ES\",\"mainEntityOfPage\":{\"@id\":\"https:\\\/\\\/www.eldigitaldeasturias.com\\\/noticias\\\/la-guardia-civil-elabora-una-guia-de-lenguaje-no-sexista\\\/#webpage\"},\"isPartOf\":{\"@id\":\"https:\\\/\\\/www.eldigitaldeasturias.com\\\/noticias\\\/la-guardia-civil-elabora-una-guia-de-lenguaje-no-sexista\\\/#webpage\"},\"articleSection\":\"Actualidad\"},{\"@type\":\"BreadcrumbList\",\"@id\":\"https:\\\/\\\/www.eldigitaldeasturias.com\\\/noticias\\\/la-guardia-civil-elabora-una-guia-de-lenguaje-no-sexista\\\/#breadcrumblist\",\"itemListElement\":[{\"@type\":\"ListItem\",\"@id\":\"https:\\\/\\\/www.eldigitaldeasturias.com\\\/noticias#listItem\",\"position\":1,\"name\":\"Home\",\"item\":\"https:\\\/\\\/www.eldigitaldeasturias.com\\\/noticias\",\"nextItem\":{\"@type\":\"ListItem\",\"@id\":\"https:\\\/\\\/www.eldigitaldeasturias.com\\\/noticias\\\/category\\\/actualidad\\\/#listItem\",\"name\":\"Actualidad\"}},{\"@type\":\"ListItem\",\"@id\":\"https:\\\/\\\/www.eldigitaldeasturias.com\\\/noticias\\\/category\\\/actualidad\\\/#listItem\",\"position\":2,\"name\":\"Actualidad\",\"item\":\"https:\\\/\\\/www.eldigitaldeasturias.com\\\/noticias\\\/category\\\/actualidad\\\/\",\"nextItem\":{\"@type\":\"ListItem\",\"@id\":\"https:\\\/\\\/www.eldigitaldeasturias.com\\\/noticias\\\/la-guardia-civil-elabora-una-guia-de-lenguaje-no-sexista\\\/#listItem\",\"name\":\"La Guardia Civil elabora una Gu\\u00eda de lenguaje no sexista\"},\"previousItem\":{\"@type\":\"ListItem\",\"@id\":\"https:\\\/\\\/www.eldigitaldeasturias.com\\\/noticias#listItem\",\"name\":\"Home\"}},{\"@type\":\"ListItem\",\"@id\":\"https:\\\/\\\/www.eldigitaldeasturias.com\\\/noticias\\\/la-guardia-civil-elabora-una-guia-de-lenguaje-no-sexista\\\/#listItem\",\"position\":3,\"name\":\"La Guardia Civil elabora una Gu\\u00eda de lenguaje no sexista\",\"previousItem\":{\"@type\":\"ListItem\",\"@id\":\"https:\\\/\\\/www.eldigitaldeasturias.com\\\/noticias\\\/category\\\/actualidad\\\/#listItem\",\"name\":\"Actualidad\"}}]},{\"@type\":\"Organization\",\"@id\":\"https:\\\/\\\/www.eldigitaldeasturias.com\\\/noticias\\\/#organization\",\"name\":\"El Digital de Asturias\",\"description\":\"Hemeroteca\",\"url\":\"https:\\\/\\\/www.eldigitaldeasturias.com\\\/noticias\\\/\",\"email\":\"info@eldigitaldeasturias.com\",\"telephone\":\"+34652131393\",\"logo\":{\"@type\":\"ImageObject\",\"url\":\"https:\\\/\\\/www.eldigitaldeasturias.com\\\/noticias\\\/wp-content\\\/uploads\\\/2020\\\/12\\\/EDA.jpg\",\"@id\":\"https:\\\/\\\/www.eldigitaldeasturias.com\\\/noticias\\\/la-guardia-civil-elabora-una-guia-de-lenguaje-no-sexista\\\/#organizationLogo\"},\"image\":{\"@id\":\"https:\\\/\\\/www.eldigitaldeasturias.com\\\/noticias\\\/la-guardia-civil-elabora-una-guia-de-lenguaje-no-sexista\\\/#organizationLogo\"},\"sameAs\":[\"https:\\\/\\\/facebook.com\\\/eldigitaldeasturias\",\"https:\\\/\\\/www.youtube.com\\\/channel\\\/UCZP-2wLEB9Rv6erhFmqVnvg\"],\"address\":{\"@id\":\"https:\\\/\\\/www.eldigitaldeasturias.com\\\/noticias\\\/#postaladdress\",\"@type\":\"PostalAddress\",\"streetAddress\":\"san antonio 4\",\"postalCode\":\"33430\",\"addressLocality\":\"Cand\\u00e1s\",\"addressRegion\":\"Asturias\",\"addressCountry\":\"ES\"}},{\"@type\":\"Person\",\"@id\":\"https:\\\/\\\/www.eldigitaldeasturias.com\\\/noticias\\\/author\\\/admin\\\/#author\",\"url\":\"https:\\\/\\\/www.eldigitaldeasturias.com\\\/noticias\\\/author\\\/admin\\\/\",\"name\":\"El Digital de Asturias\",\"image\":{\"@type\":\"ImageObject\",\"@id\":\"https:\\\/\\\/www.eldigitaldeasturias.com\\\/noticias\\\/la-guardia-civil-elabora-una-guia-de-lenguaje-no-sexista\\\/#authorImage\",\"url\":\"https:\\\/\\\/secure.gravatar.com\\\/avatar\\\/df2aeffc32bcd13f8d26072ef8a91b623d677766deac7f97ca815868cd41bf5e?s=96&d=mm&r=g\",\"width\":96,\"height\":96,\"caption\":\"El Digital de Asturias\"}},{\"@type\":\"WebPage\",\"@id\":\"https:\\\/\\\/www.eldigitaldeasturias.com\\\/noticias\\\/la-guardia-civil-elabora-una-guia-de-lenguaje-no-sexista\\\/#webpage\",\"url\":\"https:\\\/\\\/www.eldigitaldeasturias.com\\\/noticias\\\/la-guardia-civil-elabora-una-guia-de-lenguaje-no-sexista\\\/\",\"name\":\"La Guardia Civil elabora una Gu\\u00eda de lenguaje no sexista - El Digital de Asturias\",\"description\":\"El Director General de la Guardia Civil Jos\\u00e9 Manuel Holgado, ha presidido por primera vez la reuni\\u00f3n anual del Comit\\u00e9 para la Igualdad efectiva de mujeres y hombres en la Guardia Civil, integrada por personal de la Administraci\\u00f3n y de las diferentes Asociaciones Profesionales representativas. Durante esta reuni\\u00f3n se ha presentado la Guia-resumen para el\",\"inLanguage\":\"es-ES\",\"isPartOf\":{\"@id\":\"https:\\\/\\\/www.eldigitaldeasturias.com\\\/noticias\\\/#website\"},\"breadcrumb\":{\"@id\":\"https:\\\/\\\/www.eldigitaldeasturias.com\\\/noticias\\\/la-guardia-civil-elabora-una-guia-de-lenguaje-no-sexista\\\/#breadcrumblist\"},\"author\":{\"@id\":\"https:\\\/\\\/www.eldigitaldeasturias.com\\\/noticias\\\/author\\\/admin\\\/#author\"},\"creator\":{\"@id\":\"https:\\\/\\\/www.eldigitaldeasturias.com\\\/noticias\\\/author\\\/admin\\\/#author\"},\"image\":{\"@type\":\"ImageObject\",\"url\":708186,\"@id\":\"https:\\\/\\\/www.eldigitaldeasturias.com\\\/noticias\\\/la-guardia-civil-elabora-una-guia-de-lenguaje-no-sexista\\\/#mainImage\"},\"primaryImageOfPage\":{\"@id\":\"https:\\\/\\\/www.eldigitaldeasturias.com\\\/noticias\\\/la-guardia-civil-elabora-una-guia-de-lenguaje-no-sexista\\\/#mainImage\"},\"datePublished\":\"2017-11-18T06:48:11+01:00\",\"dateModified\":\"2017-11-18T06:48:11+01:00\"},{\"@type\":\"WebSite\",\"@id\":\"https:\\\/\\\/www.eldigitaldeasturias.com\\\/noticias\\\/#website\",\"url\":\"https:\\\/\\\/www.eldigitaldeasturias.com\\\/noticias\\\/\",\"name\":\"El Digital de Asturias - Diario de actualidad y noticias\",\"alternateName\":\"El Digital de Asturias - Diario de actualidad y noticias\",\"description\":\"Hemeroteca\",\"inLanguage\":\"es-ES\",\"publisher\":{\"@id\":\"https:\\\/\\\/www.eldigitaldeasturias.com\\\/noticias\\\/#organization\"}}]}\n\t\t<\/script>\n\t\t<!-- All in One SEO Pro -->\r\n\t\t<title>La Guardia Civil elabora una Gu\u00eda de lenguaje no sexista - El Digital de Asturias<\/title>\n\n","aioseo_head_json":{"title":"La Guardia Civil elabora una Gu\u00eda de lenguaje no sexista - El Digital de Asturias","description":"El Director General de la Guardia Civil Jos\u00e9 Manuel Holgado, ha presidido por primera vez la reuni\u00f3n anual del Comit\u00e9 para la Igualdad efectiva de mujeres y hombres en la Guardia Civil, integrada por personal de la Administraci\u00f3n y de las diferentes Asociaciones Profesionales representativas. Durante esta reuni\u00f3n se ha presentado la Guia-resumen para el","canonical_url":"https:\/\/www.eldigitaldeasturias.com\/noticias\/la-guardia-civil-elabora-una-guia-de-lenguaje-no-sexista\/","robots":"max-image-preview:large","keywords":"actualidad","webmasterTools":{"google-site-verification":"UA-38556648-1","msvalidate.01":"7dfe9f3f1b24437ab69f4f2559babe99","miscellaneous":""},"schema":{"@context":"https:\/\/schema.org","@graph":[{"@type":"BlogPosting","@id":"https:\/\/www.eldigitaldeasturias.com\/noticias\/la-guardia-civil-elabora-una-guia-de-lenguaje-no-sexista\/#blogposting","name":"La Guardia Civil elabora una Gu\u00eda de lenguaje no sexista - El Digital de Asturias","headline":"La Guardia Civil elabora una Gu\u00eda de lenguaje no sexista","author":{"@id":"https:\/\/www.eldigitaldeasturias.com\/noticias\/author\/admin\/#author"},"publisher":{"@id":"https:\/\/www.eldigitaldeasturias.com\/noticias\/#organization"},"image":{"@type":"ImageObject","url":708186},"datePublished":"2017-11-18T06:48:11+01:00","dateModified":"2017-11-18T06:48:11+01:00","inLanguage":"es-ES","mainEntityOfPage":{"@id":"https:\/\/www.eldigitaldeasturias.com\/noticias\/la-guardia-civil-elabora-una-guia-de-lenguaje-no-sexista\/#webpage"},"isPartOf":{"@id":"https:\/\/www.eldigitaldeasturias.com\/noticias\/la-guardia-civil-elabora-una-guia-de-lenguaje-no-sexista\/#webpage"},"articleSection":"Actualidad"},{"@type":"BreadcrumbList","@id":"https:\/\/www.eldigitaldeasturias.com\/noticias\/la-guardia-civil-elabora-una-guia-de-lenguaje-no-sexista\/#breadcrumblist","itemListElement":[{"@type":"ListItem","@id":"https:\/\/www.eldigitaldeasturias.com\/noticias#listItem","position":1,"name":"Home","item":"https:\/\/www.eldigitaldeasturias.com\/noticias","nextItem":{"@type":"ListItem","@id":"https:\/\/www.eldigitaldeasturias.com\/noticias\/category\/actualidad\/#listItem","name":"Actualidad"}},{"@type":"ListItem","@id":"https:\/\/www.eldigitaldeasturias.com\/noticias\/category\/actualidad\/#listItem","position":2,"name":"Actualidad","item":"https:\/\/www.eldigitaldeasturias.com\/noticias\/category\/actualidad\/","nextItem":{"@type":"ListItem","@id":"https:\/\/www.eldigitaldeasturias.com\/noticias\/la-guardia-civil-elabora-una-guia-de-lenguaje-no-sexista\/#listItem","name":"La Guardia Civil elabora una Gu\u00eda de lenguaje no sexista"},"previousItem":{"@type":"ListItem","@id":"https:\/\/www.eldigitaldeasturias.com\/noticias#listItem","name":"Home"}},{"@type":"ListItem","@id":"https:\/\/www.eldigitaldeasturias.com\/noticias\/la-guardia-civil-elabora-una-guia-de-lenguaje-no-sexista\/#listItem","position":3,"name":"La Guardia Civil elabora una Gu\u00eda de lenguaje no sexista","previousItem":{"@type":"ListItem","@id":"https:\/\/www.eldigitaldeasturias.com\/noticias\/category\/actualidad\/#listItem","name":"Actualidad"}}]},{"@type":"Organization","@id":"https:\/\/www.eldigitaldeasturias.com\/noticias\/#organization","name":"El Digital de Asturias","description":"Hemeroteca","url":"https:\/\/www.eldigitaldeasturias.com\/noticias\/","email":"info@eldigitaldeasturias.com","telephone":"+34652131393","logo":{"@type":"ImageObject","url":"https:\/\/www.eldigitaldeasturias.com\/noticias\/wp-content\/uploads\/2020\/12\/EDA.jpg","@id":"https:\/\/www.eldigitaldeasturias.com\/noticias\/la-guardia-civil-elabora-una-guia-de-lenguaje-no-sexista\/#organizationLogo"},"image":{"@id":"https:\/\/www.eldigitaldeasturias.com\/noticias\/la-guardia-civil-elabora-una-guia-de-lenguaje-no-sexista\/#organizationLogo"},"sameAs":["https:\/\/facebook.com\/eldigitaldeasturias","https:\/\/www.youtube.com\/channel\/UCZP-2wLEB9Rv6erhFmqVnvg"],"address":{"@id":"https:\/\/www.eldigitaldeasturias.com\/noticias\/#postaladdress","@type":"PostalAddress","streetAddress":"san antonio 4","postalCode":"33430","addressLocality":"Cand\u00e1s","addressRegion":"Asturias","addressCountry":"ES"}},{"@type":"Person","@id":"https:\/\/www.eldigitaldeasturias.com\/noticias\/author\/admin\/#author","url":"https:\/\/www.eldigitaldeasturias.com\/noticias\/author\/admin\/","name":"El Digital de Asturias","image":{"@type":"ImageObject","@id":"https:\/\/www.eldigitaldeasturias.com\/noticias\/la-guardia-civil-elabora-una-guia-de-lenguaje-no-sexista\/#authorImage","url":"https:\/\/secure.gravatar.com\/avatar\/df2aeffc32bcd13f8d26072ef8a91b623d677766deac7f97ca815868cd41bf5e?s=96&d=mm&r=g","width":96,"height":96,"caption":"El Digital de Asturias"}},{"@type":"WebPage","@id":"https:\/\/www.eldigitaldeasturias.com\/noticias\/la-guardia-civil-elabora-una-guia-de-lenguaje-no-sexista\/#webpage","url":"https:\/\/www.eldigitaldeasturias.com\/noticias\/la-guardia-civil-elabora-una-guia-de-lenguaje-no-sexista\/","name":"La Guardia Civil elabora una Gu\u00eda de lenguaje no sexista - El Digital de Asturias","description":"El Director General de la Guardia Civil Jos\u00e9 Manuel Holgado, ha presidido por primera vez la reuni\u00f3n anual del Comit\u00e9 para la Igualdad efectiva de mujeres y hombres en la Guardia Civil, integrada por personal de la Administraci\u00f3n y de las diferentes Asociaciones Profesionales representativas. Durante esta reuni\u00f3n se ha presentado la Guia-resumen para el","inLanguage":"es-ES","isPartOf":{"@id":"https:\/\/www.eldigitaldeasturias.com\/noticias\/#website"},"breadcrumb":{"@id":"https:\/\/www.eldigitaldeasturias.com\/noticias\/la-guardia-civil-elabora-una-guia-de-lenguaje-no-sexista\/#breadcrumblist"},"author":{"@id":"https:\/\/www.eldigitaldeasturias.com\/noticias\/author\/admin\/#author"},"creator":{"@id":"https:\/\/www.eldigitaldeasturias.com\/noticias\/author\/admin\/#author"},"image":{"@type":"ImageObject","url":708186,"@id":"https:\/\/www.eldigitaldeasturias.com\/noticias\/la-guardia-civil-elabora-una-guia-de-lenguaje-no-sexista\/#mainImage"},"primaryImageOfPage":{"@id":"https:\/\/www.eldigitaldeasturias.com\/noticias\/la-guardia-civil-elabora-una-guia-de-lenguaje-no-sexista\/#mainImage"},"datePublished":"2017-11-18T06:48:11+01:00","dateModified":"2017-11-18T06:48:11+01:00"},{"@type":"WebSite","@id":"https:\/\/www.eldigitaldeasturias.com\/noticias\/#website","url":"https:\/\/www.eldigitaldeasturias.com\/noticias\/","name":"El Digital de Asturias - Diario de actualidad y noticias","alternateName":"El Digital de Asturias - Diario de actualidad y noticias","description":"Hemeroteca","inLanguage":"es-ES","publisher":{"@id":"https:\/\/www.eldigitaldeasturias.com\/noticias\/#organization"}}]},"og:locale":"es_ES","og:site_name":"El Digital de Asturias","og:type":"article","og:title":"La Guardia Civil elabora una Gu\u00eda de lenguaje no sexista - El Digital de Asturias","og:description":"El Director General de la Guardia Civil Jos\u00e9 Manuel Holgado, ha presidido por primera vez la reuni\u00f3n anual del Comit\u00e9 para la Igualdad efectiva de mujeres y hombres en la Guardia Civil, integrada por personal de la Administraci\u00f3n y de las diferentes Asociaciones Profesionales representativas. Durante esta reuni\u00f3n se ha presentado la Guia-resumen para el","og:url":"https:\/\/www.eldigitaldeasturias.com\/noticias\/la-guardia-civil-elabora-una-guia-de-lenguaje-no-sexista\/","article:tag":["actualidad"],"article:published_time":"2017-11-18T06:48:11+00:00","article:modified_time":"2017-11-18T06:48:11+00:00","article:publisher":"https:\/\/facebook.com\/eldigitaldeasturias","twitter:card":"summary_large_image","twitter:title":"La Guardia Civil elabora una Gu\u00eda de lenguaje no sexista - El Digital de Asturias","twitter:description":"El Director General de la Guardia Civil Jos\u00e9 Manuel Holgado, ha presidido por primera vez la reuni\u00f3n anual del Comit\u00e9 para la Igualdad efectiva de mujeres y hombres en la Guardia Civil, integrada por personal de la Administraci\u00f3n y de las diferentes Asociaciones Profesionales representativas. Durante esta reuni\u00f3n se ha presentado la Guia-resumen para el","twitter:image":"https:\/\/www.eldigitaldeasturias.com\/noticias\/wp-content\/uploads\/2020\/12\/EDA-1.jpg","twitter:label1":"Escrito por","twitter:data1":"El Digital de Asturias","twitter:label2":"Tiempo de lectura estimado","twitter:data2":"3 minutos"},"aioseo_meta_data":{"post_id":"960275","title":null,"description":null,"keywords":null,"keyphrases":null,"primary_term":null,"canonical_url":null,"og_title":null,"og_description":null,"og_object_type":"default","og_image_type":"default","og_image_url":null,"og_image_width":null,"og_image_height":null,"og_image_custom_url":null,"og_image_custom_fields":null,"og_video":null,"og_custom_url":null,"og_article_section":null,"og_article_tags":null,"twitter_use_og":false,"twitter_card":"default","twitter_image_type":"default","twitter_image_url":null,"twitter_image_custom_url":null,"twitter_image_custom_fields":null,"twitter_title":null,"twitter_description":null,"schema":{"blockGraphs":[],"customGraphs":[],"default":{"data":{"Article":[],"Course":[],"Dataset":[],"FAQPage":[],"Movie":[],"Person":[],"Product":[],"ProductReview":[],"Car":[],"Recipe":[],"Service":[],"SoftwareApplication":[],"WebPage":[]},"graphName":"","isEnabled":true},"graphs":[],"defaultGraph":"","defaultPostTypeGraph":""},"schema_type":null,"schema_type_options":null,"pillar_content":false,"robots_default":true,"robots_noindex":false,"robots_noarchive":false,"robots_nosnippet":false,"robots_nofollow":false,"robots_noimageindex":false,"robots_noodp":false,"robots_notranslate":false,"robots_max_snippet":null,"robots_max_videopreview":null,"robots_max_imagepreview":"large","priority":null,"frequency":null,"local_seo":null,"seo_analyzer_scan_date":"2025-12-07 04:42:32","breadcrumb_settings":null,"limit_modified_date":false,"open_ai":null,"ai":null,"created":"2020-12-21 12:53:06","updated":"2025-12-07 04:42:32","focus_keyword":null,"additional_keywords":null,"truseo_locale":null},"aioseo_breadcrumb":"<div class=\"aioseo-breadcrumbs\"><span class=\"aioseo-breadcrumb\">\n\t<a href=\"https:\/\/www.eldigitaldeasturias.com\/noticias\" title=\"Home\">Home<\/a>\n<\/span><span class=\"aioseo-breadcrumb-separator\">\u2013<\/span><span class=\"aioseo-breadcrumb\">\n\t<a href=\"https:\/\/www.eldigitaldeasturias.com\/noticias\/category\/actualidad\/\" title=\"Actualidad\">Actualidad<\/a>\n<\/span><span class=\"aioseo-breadcrumb-separator\">\u2013<\/span><span class=\"aioseo-breadcrumb\">\n\t<a href=\"https:\/\/www.eldigitaldeasturias.com\/noticias\/la-guardia-civil-elabora-una-guia-de-lenguaje-no-sexista\/\" title=\"La Guardia Civil elabora una Gu\u00eda de lenguaje no sexista\">La Guardia Civil elabora una Gu\u00eda de lenguaje no sexista<\/a>\n<\/span><\/div>","aioseo_breadcrumb_json":[{"label":"Home","link":"https:\/\/www.eldigitaldeasturias.com\/noticias"},{"label":"Actualidad","link":"https:\/\/www.eldigitaldeasturias.com\/noticias\/category\/actualidad\/"},{"label":"La Guardia Civil elabora una Gu\u00eda de lenguaje no sexista","link":"https:\/\/www.eldigitaldeasturias.com\/noticias\/la-guardia-civil-elabora-una-guia-de-lenguaje-no-sexista\/"}],"_links":{"self":[{"href":"https:\/\/www.eldigitaldeasturias.com\/noticias\/wp-json\/wp\/v2\/posts\/960275","targetHints":{"allow":["GET"]}}],"collection":[{"href":"https:\/\/www.eldigitaldeasturias.com\/noticias\/wp-json\/wp\/v2\/posts"}],"about":[{"href":"https:\/\/www.eldigitaldeasturias.com\/noticias\/wp-json\/wp\/v2\/types\/post"}],"author":[{"embeddable":true,"href":"https:\/\/www.eldigitaldeasturias.com\/noticias\/wp-json\/wp\/v2\/users\/1"}],"replies":[{"embeddable":true,"href":"https:\/\/www.eldigitaldeasturias.com\/noticias\/wp-json\/wp\/v2\/comments?post=960275"}],"version-history":[{"count":0,"href":"https:\/\/www.eldigitaldeasturias.com\/noticias\/wp-json\/wp\/v2\/posts\/960275\/revisions"}],"wp:attachment":[{"href":"https:\/\/www.eldigitaldeasturias.com\/noticias\/wp-json\/wp\/v2\/media?parent=960275"}],"wp:term":[{"taxonomy":"category","embeddable":true,"href":"https:\/\/www.eldigitaldeasturias.com\/noticias\/wp-json\/wp\/v2\/categories?post=960275"},{"taxonomy":"post_tag","embeddable":true,"href":"https:\/\/www.eldigitaldeasturias.com\/noticias\/wp-json\/wp\/v2\/tags?post=960275"}],"curies":[{"name":"wp","href":"https:\/\/api.w.org\/{rel}","templated":true}]}}