{"id":960167,"date":"2017-11-18T02:34:33","date_gmt":"2017-11-18T02:34:33","guid":{"rendered":"http:\/\/www.eldigitaldeasturias.com\/noticias\/?p=960167"},"modified":"2017-11-18T02:34:33","modified_gmt":"2017-11-18T02:34:33","slug":"gaston-renueva-sus-compromisos-con-el-tejido-empresarial-del-bajo-cinca","status":"publish","type":"post","link":"https:\/\/www.eldigitaldeasturias.com\/noticias\/gaston-renueva-sus-compromisos-con-el-tejido-empresarial-del-bajo-cinca\/","title":{"rendered":"Gast\u00f3n renueva sus compromisos con el tejido empresarial del Bajo Cinca"},"content":{"rendered":"<p><img loading=\"lazy\" decoding=\"async\" class=\"alignleft size-medium wp-image-960168\" src=\"https:\/\/www.eldigitaldeasturias.com\/noticias\/wp-content\/uploads\/2017\/11\/economia-360x159.jpg\" alt=\"\" width=\"360\" height=\"159\" \/>La consejera de Econom\u00eda, Industria y Empleo, Marta Gast\u00f3n, ha presidido esta tarde por tercer a\u00f1o consecutivo el Encuentro Empresarial del Bajo\/Baix Cinca en Fraga, que se ha consolidado, ha dicho, como \u201cuna cita ineludible en el calendario empresarial de Arag\u00f3n\u201d, y donde ha renovado sus compromisos con el din\u00e1mico tejido empresarial de esta comarca emprendedora con el objetivo de seguir impulsando la creaci\u00f3n de riqueza y de empleo estable y de calidad.<\/p>\n<p>Organizado por la Asociaci\u00f3n Empresarial Intersectorial del Bajo\/Baix Cinca, el encuentro ha alcanzado este a\u00f1o su decimocuarta edici\u00f3n, y ha contado como invitado con el economista Jos\u00e9 Mar\u00eda Gay de Li\u00e9bana, quien ha pronunciado la conferencia \u00abEntender c\u00f3mo est\u00e1 el mundo para invertir en ideas de \u00e9xito\u00bb. Gast\u00f3n -acompa\u00f1ada por el director general de Econom\u00eda, Luis Lanaspa- ha sido recibida por Miguel Luis Lape\u00f1a, alcalde de Fraga, y Gonzalo Portol\u00e9s, miembro de la Junta Rectora de la Asociaci\u00f3n.<\/p>\n<p>En el transcurso del acto, la consejera ha entregado el Premio al Impulso Empresarial a Eric Hindson y Carlos Puyal, director general y director de la planta de Fraga, respectivamente, de Alternative Swine Nutrition (ASN), una industria brit\u00e1nica instalada en la Plataforma Log\u00edstica de Fraga (PLAFRAGA) y dedicada a la elaboraci\u00f3n de piensos para alimentaci\u00f3n animal.<\/p>\n<p>ASN fue adem\u00e1s ponente del primer encuentro del Foro Pilot, referente internacional de la competitividad empresarial, organizado por el Instituto Aragon\u00e9s de Fomento (IAF) en Fraga en mayo del a\u00f1o pasado, que se centr\u00f3 en las oportunidades que suponen las aplicaciones tecnol\u00f3gicas en el desarrollo y mejora de la gesti\u00f3n de la cadena de suministro, con una versi\u00f3n 4.0 de la competitividad log\u00edstica.<\/p>\n<p>Gast\u00f3n ha agradecido a Eric Hindson y los responsables de la compa\u00f1\u00eda la confianza depositada en Fraga y en la Plataforma Log\u00edstica, contribuyendo decisivamente a su dimensi\u00f3n internacional y a su consolidaci\u00f3n como referente en la distribuci\u00f3n de mercanc\u00edas integrada en la apuesta global del Gobierno aragon\u00e9s por la gesti\u00f3n integrada del sector a trav\u00e9s de la sociedad p\u00fablica Arag\u00f3n Plataforma Log\u00edstica (APL).<\/p>\n<p>Ante el nutrido p\u00fablico congregado por la Intersectorial del Bajo\/Baix Cinca, que agrupa a 240 empresas, la consejera se ha comprometido durante la clausura a organizar de nuevo junto a esta asociaci\u00f3n y el Ayuntamiento de Fraga una nueva edici\u00f3n del Foro Pilot en la localidad, que ser\u00e1 la tercera ya, para mayo de 2018, y que permitir\u00e1 seguir difundiendo las ventajas competitivas que ofrece la Plataforma Log\u00edstica.<\/p>\n<p>Asimismo, ha reiterado su compromiso con la formaci\u00f3n para la gesti\u00f3n empresarial y la cualificaci\u00f3n profesional y laboral, patente con los diplomas que ha entregado durante el encuentro junto al alcalde de Fraga y una representante de la Junta Rectora de la Asociaci\u00f3n a los alumnos de la octava promoci\u00f3n del Executive Master, Programa Avanzado de Gesti\u00f3n de Empresas, que supone \u2013ha dicho- una apuesta continuada por el Bajo Cinca.<\/p>\n<p>Gast\u00f3n ha animado a seguir con el legado recibido, en coordinaci\u00f3n con la Intersectorial, a los nuevos diplomados; profesionales de empresa, trabajadores y empresarios que durante 12 fines de semana se han formado en las \u00faltimas tendencias de competitividad empresarial. Y ha avanzado ya que, conjuntamente con la Asociaci\u00f3n Intersectorial, se va a poner en marcha la 9\u00aa edici\u00f3n de este Master, lo que supondr\u00e1 \u2013ha a\u00f1adido- que casi 200 profesionales de empresas se hayan formado en las m\u00e1s avanzadas tendencias de gesti\u00f3n.<\/p>\n<p>La consejera ha subrayado la importancia de la colaboraci\u00f3n y la cooperaci\u00f3n con agentes sociales y organizaciones empresariales que impulsan el desarrollo de su territorio con el respaldo del programa Arag\u00f3n Empresa del IAF y ha felicitado a la Asociaci\u00f3n Empresarial Intersectorial por su impulso permanente al desarrollo econ\u00f3mico de una zona de Arag\u00f3n tan din\u00e1mica como el Bajo Cinca.<\/p>\n<p>En el transcurso del acto, se ha hecho un emotivo reconocimiento a Joaqu\u00edn Tejera, que ha recibido la distinci\u00f3n de honor por su dedicaci\u00f3n desinteresada durante los diez a\u00f1os que ha ejercido como presidente de la Intersectorial. \u201cTodo un ejemplo de l\u00edder, de vocaci\u00f3n de servicio y de dinamizador de la asociaci\u00f3n de empresarios\u201d, ha resaltado despu\u00e9s la consejera.<\/p>\n<p>Asimismo, ha reiterado su compromiso de seguir trabajando conjuntamente con todas las instituciones y muy especialmente con el Ayuntamiento de Fraga, a cuyo alcalde ha agradecido su incansable labor para que la Plataforma Log\u00edstica siga atrayendo nuevas empresas, consolidando el empleo existente y creando nuevos puestos de trabajo.<\/p>\n<p>Finalmente, Gast\u00f3n ha animado al tejido empresarial de la comarca a seguir dando ejemplo y siendo referentes para demostrar c\u00f3mo con ambici\u00f3n, esfuerzo, conocimiento e ilusi\u00f3n se puede lograr que Fraga, el Bajo Cinca y Arag\u00f3n en conjunto se cada vez una Comunidad m\u00e1s pr\u00f3spera.<\/p>\n","protected":false},"excerpt":{"rendered":"<p>La consejera de Econom\u00eda, Industria y Empleo, Marta Gast\u00f3n, ha presidido esta tarde por tercer a\u00f1o consecutivo el Encuentro Empresarial del Bajo\/Baix Cinca en Fraga, que se ha consolidado, ha dicho, como \u201cuna cita ineludible en el calendario empresarial de Arag\u00f3n\u201d, y donde ha renovado sus compromisos con el din\u00e1mico tejido empresarial de esta comarca [&hellip;]<\/p>\n","protected":false},"author":1,"featured_media":960168,"comment_status":"closed","ping_status":"closed","sticky":false,"template":"","format":"standard","meta":{"footnotes":""},"categories":[1],"tags":[],"class_list":["post-960167","post","type-post","status-publish","format-standard","has-post-thumbnail","hentry","category-actualidad"],"aioseo_notices":[],"aioseo_head":"\n\t\t<!-- All in One SEO Pro 5.0.1 - aioseo.com -->\n\t<meta name=\"description\" content=\"La consejera de Econom\u00eda, Industria y Empleo, Marta Gast\u00f3n, ha presidido esta tarde por tercer a\u00f1o consecutivo el Encuentro Empresarial del Bajo\/Baix Cinca en Fraga, que se ha consolidado, ha dicho, como \u201cuna cita ineludible en el calendario empresarial de Arag\u00f3n\u201d, y donde ha renovado sus compromisos con el din\u00e1mico tejido empresarial de esta comarca\" \/>\n\t<meta name=\"robots\" content=\"max-image-preview:large\" \/>\n\t<meta name=\"author\" content=\"El Digital de Asturias\"\/>\n\t<meta name=\"google-site-verification\" content=\"UA-38556648-1\" \/>\n\t<meta name=\"msvalidate.01\" content=\"7dfe9f3f1b24437ab69f4f2559babe99\" \/>\n\t<meta name=\"keywords\" content=\"actualidad\" \/>\n\t<link rel=\"canonical\" href=\"https:\/\/www.eldigitaldeasturias.com\/noticias\/gaston-renueva-sus-compromisos-con-el-tejido-empresarial-del-bajo-cinca\/\" \/>\n\t<meta name=\"generator\" content=\"All in One SEO Pro (AIOSEO) 5.0.1\" \/>\n\t\t<meta property=\"og:locale\" content=\"es_ES\" \/>\n\t\t<meta property=\"og:site_name\" content=\"El Digital de Asturias\" \/>\n\t\t<meta property=\"og:type\" content=\"article\" \/>\n\t\t<meta property=\"og:title\" content=\"Gast\u00f3n renueva sus compromisos con el tejido empresarial del Bajo Cinca - El Digital de Asturias\" \/>\n\t\t<meta property=\"og:description\" content=\"La consejera de Econom\u00eda, Industria y Empleo, Marta Gast\u00f3n, ha presidido esta tarde por tercer a\u00f1o consecutivo el Encuentro Empresarial del Bajo\/Baix Cinca en Fraga, que se ha consolidado, ha dicho, como \u201cuna cita ineludible en el calendario empresarial de Arag\u00f3n\u201d, y donde ha renovado sus compromisos con el din\u00e1mico tejido empresarial de esta comarca\" \/>\n\t\t<meta property=\"og:url\" content=\"https:\/\/www.eldigitaldeasturias.com\/noticias\/gaston-renueva-sus-compromisos-con-el-tejido-empresarial-del-bajo-cinca\/\" \/>\n\t\t<meta property=\"article:tag\" content=\"actualidad\" \/>\n\t\t<meta property=\"article:published_time\" content=\"2017-11-18T02:34:33+00:00\" \/>\n\t\t<meta property=\"article:modified_time\" content=\"2017-11-18T02:34:33+00:00\" \/>\n\t\t<meta property=\"article:publisher\" content=\"https:\/\/facebook.com\/eldigitaldeasturias\" \/>\n\t\t<meta name=\"twitter:card\" content=\"summary_large_image\" \/>\n\t\t<meta name=\"twitter:title\" content=\"Gast\u00f3n renueva sus compromisos con el tejido empresarial del Bajo Cinca - El Digital de Asturias\" \/>\n\t\t<meta name=\"twitter:description\" content=\"La consejera de Econom\u00eda, Industria y Empleo, Marta Gast\u00f3n, ha presidido esta tarde por tercer a\u00f1o consecutivo el Encuentro Empresarial del Bajo\/Baix Cinca en Fraga, que se ha consolidado, ha dicho, como \u201cuna cita ineludible en el calendario empresarial de Arag\u00f3n\u201d, y donde ha renovado sus compromisos con el din\u00e1mico tejido empresarial de esta comarca\" \/>\n\t\t<meta name=\"twitter:image\" content=\"https:\/\/www.eldigitaldeasturias.com\/noticias\/wp-content\/uploads\/2020\/12\/EDA-1.jpg\" \/>\n\t\t<meta name=\"twitter:label1\" content=\"Escrito por\" \/>\n\t\t<meta name=\"twitter:data1\" content=\"El Digital de Asturias\" \/>\n\t\t<meta name=\"twitter:label2\" content=\"Tiempo de lectura estimado\" \/>\n\t\t<meta name=\"twitter:data2\" content=\"4 minutos\" \/>\n\t\t<script type=\"application\/ld+json\" class=\"aioseo-schema\">\n\t\t\t{\"@context\":\"https:\\\/\\\/schema.org\",\"@graph\":[{\"@type\":\"BlogPosting\",\"@id\":\"https:\\\/\\\/www.eldigitaldeasturias.com\\\/noticias\\\/gaston-renueva-sus-compromisos-con-el-tejido-empresarial-del-bajo-cinca\\\/#blogposting\",\"name\":\"Gast\\u00f3n renueva sus compromisos con el tejido empresarial del Bajo Cinca - El Digital de Asturias\",\"headline\":\"Gast\\u00f3n renueva sus compromisos con el tejido empresarial del Bajo Cinca\",\"author\":{\"@id\":\"https:\\\/\\\/www.eldigitaldeasturias.com\\\/noticias\\\/author\\\/admin\\\/#author\"},\"publisher\":{\"@id\":\"https:\\\/\\\/www.eldigitaldeasturias.com\\\/noticias\\\/#organization\"},\"image\":{\"@type\":\"ImageObject\",\"url\":960168},\"datePublished\":\"2017-11-18T02:34:33+01:00\",\"dateModified\":\"2017-11-18T02:34:33+01:00\",\"inLanguage\":\"es-ES\",\"mainEntityOfPage\":{\"@id\":\"https:\\\/\\\/www.eldigitaldeasturias.com\\\/noticias\\\/gaston-renueva-sus-compromisos-con-el-tejido-empresarial-del-bajo-cinca\\\/#webpage\"},\"isPartOf\":{\"@id\":\"https:\\\/\\\/www.eldigitaldeasturias.com\\\/noticias\\\/gaston-renueva-sus-compromisos-con-el-tejido-empresarial-del-bajo-cinca\\\/#webpage\"},\"articleSection\":\"Actualidad\"},{\"@type\":\"BreadcrumbList\",\"@id\":\"https:\\\/\\\/www.eldigitaldeasturias.com\\\/noticias\\\/gaston-renueva-sus-compromisos-con-el-tejido-empresarial-del-bajo-cinca\\\/#breadcrumblist\",\"itemListElement\":[{\"@type\":\"ListItem\",\"@id\":\"https:\\\/\\\/www.eldigitaldeasturias.com\\\/noticias#listItem\",\"position\":1,\"name\":\"Home\",\"item\":\"https:\\\/\\\/www.eldigitaldeasturias.com\\\/noticias\",\"nextItem\":{\"@type\":\"ListItem\",\"@id\":\"https:\\\/\\\/www.eldigitaldeasturias.com\\\/noticias\\\/category\\\/actualidad\\\/#listItem\",\"name\":\"Actualidad\"}},{\"@type\":\"ListItem\",\"@id\":\"https:\\\/\\\/www.eldigitaldeasturias.com\\\/noticias\\\/category\\\/actualidad\\\/#listItem\",\"position\":2,\"name\":\"Actualidad\",\"item\":\"https:\\\/\\\/www.eldigitaldeasturias.com\\\/noticias\\\/category\\\/actualidad\\\/\",\"nextItem\":{\"@type\":\"ListItem\",\"@id\":\"https:\\\/\\\/www.eldigitaldeasturias.com\\\/noticias\\\/gaston-renueva-sus-compromisos-con-el-tejido-empresarial-del-bajo-cinca\\\/#listItem\",\"name\":\"Gast\\u00f3n renueva sus compromisos con el tejido empresarial del Bajo Cinca\"},\"previousItem\":{\"@type\":\"ListItem\",\"@id\":\"https:\\\/\\\/www.eldigitaldeasturias.com\\\/noticias#listItem\",\"name\":\"Home\"}},{\"@type\":\"ListItem\",\"@id\":\"https:\\\/\\\/www.eldigitaldeasturias.com\\\/noticias\\\/gaston-renueva-sus-compromisos-con-el-tejido-empresarial-del-bajo-cinca\\\/#listItem\",\"position\":3,\"name\":\"Gast\\u00f3n renueva sus compromisos con el tejido empresarial del Bajo Cinca\",\"previousItem\":{\"@type\":\"ListItem\",\"@id\":\"https:\\\/\\\/www.eldigitaldeasturias.com\\\/noticias\\\/category\\\/actualidad\\\/#listItem\",\"name\":\"Actualidad\"}}]},{\"@type\":\"Organization\",\"@id\":\"https:\\\/\\\/www.eldigitaldeasturias.com\\\/noticias\\\/#organization\",\"name\":\"El Digital de Asturias\",\"description\":\"Hemeroteca\",\"url\":\"https:\\\/\\\/www.eldigitaldeasturias.com\\\/noticias\\\/\",\"email\":\"info@eldigitaldeasturias.com\",\"telephone\":\"+34652131393\",\"logo\":{\"@type\":\"ImageObject\",\"url\":\"https:\\\/\\\/www.eldigitaldeasturias.com\\\/noticias\\\/wp-content\\\/uploads\\\/2020\\\/12\\\/EDA.jpg\",\"@id\":\"https:\\\/\\\/www.eldigitaldeasturias.com\\\/noticias\\\/gaston-renueva-sus-compromisos-con-el-tejido-empresarial-del-bajo-cinca\\\/#organizationLogo\"},\"image\":{\"@id\":\"https:\\\/\\\/www.eldigitaldeasturias.com\\\/noticias\\\/gaston-renueva-sus-compromisos-con-el-tejido-empresarial-del-bajo-cinca\\\/#organizationLogo\"},\"sameAs\":[\"https:\\\/\\\/facebook.com\\\/eldigitaldeasturias\",\"https:\\\/\\\/www.youtube.com\\\/channel\\\/UCZP-2wLEB9Rv6erhFmqVnvg\"],\"address\":{\"@id\":\"https:\\\/\\\/www.eldigitaldeasturias.com\\\/noticias\\\/#postaladdress\",\"@type\":\"PostalAddress\",\"streetAddress\":\"san antonio 4\",\"postalCode\":\"33430\",\"addressLocality\":\"Cand\\u00e1s\",\"addressRegion\":\"Asturias\",\"addressCountry\":\"ES\"}},{\"@type\":\"Person\",\"@id\":\"https:\\\/\\\/www.eldigitaldeasturias.com\\\/noticias\\\/author\\\/admin\\\/#author\",\"url\":\"https:\\\/\\\/www.eldigitaldeasturias.com\\\/noticias\\\/author\\\/admin\\\/\",\"name\":\"El Digital de Asturias\",\"image\":{\"@type\":\"ImageObject\",\"@id\":\"https:\\\/\\\/www.eldigitaldeasturias.com\\\/noticias\\\/gaston-renueva-sus-compromisos-con-el-tejido-empresarial-del-bajo-cinca\\\/#authorImage\",\"url\":\"https:\\\/\\\/secure.gravatar.com\\\/avatar\\\/df2aeffc32bcd13f8d26072ef8a91b623d677766deac7f97ca815868cd41bf5e?s=96&d=mm&r=g\",\"width\":96,\"height\":96,\"caption\":\"El Digital de Asturias\"}},{\"@type\":\"WebPage\",\"@id\":\"https:\\\/\\\/www.eldigitaldeasturias.com\\\/noticias\\\/gaston-renueva-sus-compromisos-con-el-tejido-empresarial-del-bajo-cinca\\\/#webpage\",\"url\":\"https:\\\/\\\/www.eldigitaldeasturias.com\\\/noticias\\\/gaston-renueva-sus-compromisos-con-el-tejido-empresarial-del-bajo-cinca\\\/\",\"name\":\"Gast\\u00f3n renueva sus compromisos con el tejido empresarial del Bajo Cinca - El Digital de Asturias\",\"description\":\"La consejera de Econom\\u00eda, Industria y Empleo, Marta Gast\\u00f3n, ha presidido esta tarde por tercer a\\u00f1o consecutivo el Encuentro Empresarial del Bajo\\\/Baix Cinca en Fraga, que se ha consolidado, ha dicho, como \\u201cuna cita ineludible en el calendario empresarial de Arag\\u00f3n\\u201d, y donde ha renovado sus compromisos con el din\\u00e1mico tejido empresarial de esta comarca\",\"inLanguage\":\"es-ES\",\"isPartOf\":{\"@id\":\"https:\\\/\\\/www.eldigitaldeasturias.com\\\/noticias\\\/#website\"},\"breadcrumb\":{\"@id\":\"https:\\\/\\\/www.eldigitaldeasturias.com\\\/noticias\\\/gaston-renueva-sus-compromisos-con-el-tejido-empresarial-del-bajo-cinca\\\/#breadcrumblist\"},\"author\":{\"@id\":\"https:\\\/\\\/www.eldigitaldeasturias.com\\\/noticias\\\/author\\\/admin\\\/#author\"},\"creator\":{\"@id\":\"https:\\\/\\\/www.eldigitaldeasturias.com\\\/noticias\\\/author\\\/admin\\\/#author\"},\"image\":{\"@type\":\"ImageObject\",\"url\":960168,\"@id\":\"https:\\\/\\\/www.eldigitaldeasturias.com\\\/noticias\\\/gaston-renueva-sus-compromisos-con-el-tejido-empresarial-del-bajo-cinca\\\/#mainImage\"},\"primaryImageOfPage\":{\"@id\":\"https:\\\/\\\/www.eldigitaldeasturias.com\\\/noticias\\\/gaston-renueva-sus-compromisos-con-el-tejido-empresarial-del-bajo-cinca\\\/#mainImage\"},\"datePublished\":\"2017-11-18T02:34:33+01:00\",\"dateModified\":\"2017-11-18T02:34:33+01:00\"},{\"@type\":\"WebSite\",\"@id\":\"https:\\\/\\\/www.eldigitaldeasturias.com\\\/noticias\\\/#website\",\"url\":\"https:\\\/\\\/www.eldigitaldeasturias.com\\\/noticias\\\/\",\"name\":\"El Digital de Asturias - Diario de actualidad y noticias\",\"alternateName\":\"El Digital de Asturias - Diario de actualidad y noticias\",\"description\":\"Hemeroteca\",\"inLanguage\":\"es-ES\",\"publisher\":{\"@id\":\"https:\\\/\\\/www.eldigitaldeasturias.com\\\/noticias\\\/#organization\"}}]}\n\t\t<\/script>\n\t\t<!-- All in One SEO Pro -->\r\n\t\t<title>Gast\u00f3n renueva sus compromisos con el tejido empresarial del Bajo Cinca - El Digital de Asturias<\/title>\n\n","aioseo_head_json":{"title":"Gast\u00f3n renueva sus compromisos con el tejido empresarial del Bajo Cinca - El Digital de Asturias","description":"La consejera de Econom\u00eda, Industria y Empleo, Marta Gast\u00f3n, ha presidido esta tarde por tercer a\u00f1o consecutivo el Encuentro Empresarial del Bajo\/Baix Cinca en Fraga, que se ha consolidado, ha dicho, como \u201cuna cita ineludible en el calendario empresarial de Arag\u00f3n\u201d, y donde ha renovado sus compromisos con el din\u00e1mico tejido empresarial de esta comarca","canonical_url":"https:\/\/www.eldigitaldeasturias.com\/noticias\/gaston-renueva-sus-compromisos-con-el-tejido-empresarial-del-bajo-cinca\/","robots":"max-image-preview:large","keywords":"actualidad","webmasterTools":{"google-site-verification":"UA-38556648-1","msvalidate.01":"7dfe9f3f1b24437ab69f4f2559babe99","miscellaneous":""},"schema":{"@context":"https:\/\/schema.org","@graph":[{"@type":"BlogPosting","@id":"https:\/\/www.eldigitaldeasturias.com\/noticias\/gaston-renueva-sus-compromisos-con-el-tejido-empresarial-del-bajo-cinca\/#blogposting","name":"Gast\u00f3n renueva sus compromisos con el tejido empresarial del Bajo Cinca - El Digital de Asturias","headline":"Gast\u00f3n renueva sus compromisos con el tejido empresarial del Bajo Cinca","author":{"@id":"https:\/\/www.eldigitaldeasturias.com\/noticias\/author\/admin\/#author"},"publisher":{"@id":"https:\/\/www.eldigitaldeasturias.com\/noticias\/#organization"},"image":{"@type":"ImageObject","url":960168},"datePublished":"2017-11-18T02:34:33+01:00","dateModified":"2017-11-18T02:34:33+01:00","inLanguage":"es-ES","mainEntityOfPage":{"@id":"https:\/\/www.eldigitaldeasturias.com\/noticias\/gaston-renueva-sus-compromisos-con-el-tejido-empresarial-del-bajo-cinca\/#webpage"},"isPartOf":{"@id":"https:\/\/www.eldigitaldeasturias.com\/noticias\/gaston-renueva-sus-compromisos-con-el-tejido-empresarial-del-bajo-cinca\/#webpage"},"articleSection":"Actualidad"},{"@type":"BreadcrumbList","@id":"https:\/\/www.eldigitaldeasturias.com\/noticias\/gaston-renueva-sus-compromisos-con-el-tejido-empresarial-del-bajo-cinca\/#breadcrumblist","itemListElement":[{"@type":"ListItem","@id":"https:\/\/www.eldigitaldeasturias.com\/noticias#listItem","position":1,"name":"Home","item":"https:\/\/www.eldigitaldeasturias.com\/noticias","nextItem":{"@type":"ListItem","@id":"https:\/\/www.eldigitaldeasturias.com\/noticias\/category\/actualidad\/#listItem","name":"Actualidad"}},{"@type":"ListItem","@id":"https:\/\/www.eldigitaldeasturias.com\/noticias\/category\/actualidad\/#listItem","position":2,"name":"Actualidad","item":"https:\/\/www.eldigitaldeasturias.com\/noticias\/category\/actualidad\/","nextItem":{"@type":"ListItem","@id":"https:\/\/www.eldigitaldeasturias.com\/noticias\/gaston-renueva-sus-compromisos-con-el-tejido-empresarial-del-bajo-cinca\/#listItem","name":"Gast\u00f3n renueva sus compromisos con el tejido empresarial del Bajo Cinca"},"previousItem":{"@type":"ListItem","@id":"https:\/\/www.eldigitaldeasturias.com\/noticias#listItem","name":"Home"}},{"@type":"ListItem","@id":"https:\/\/www.eldigitaldeasturias.com\/noticias\/gaston-renueva-sus-compromisos-con-el-tejido-empresarial-del-bajo-cinca\/#listItem","position":3,"name":"Gast\u00f3n renueva sus compromisos con el tejido empresarial del Bajo Cinca","previousItem":{"@type":"ListItem","@id":"https:\/\/www.eldigitaldeasturias.com\/noticias\/category\/actualidad\/#listItem","name":"Actualidad"}}]},{"@type":"Organization","@id":"https:\/\/www.eldigitaldeasturias.com\/noticias\/#organization","name":"El Digital de Asturias","description":"Hemeroteca","url":"https:\/\/www.eldigitaldeasturias.com\/noticias\/","email":"info@eldigitaldeasturias.com","telephone":"+34652131393","logo":{"@type":"ImageObject","url":"https:\/\/www.eldigitaldeasturias.com\/noticias\/wp-content\/uploads\/2020\/12\/EDA.jpg","@id":"https:\/\/www.eldigitaldeasturias.com\/noticias\/gaston-renueva-sus-compromisos-con-el-tejido-empresarial-del-bajo-cinca\/#organizationLogo"},"image":{"@id":"https:\/\/www.eldigitaldeasturias.com\/noticias\/gaston-renueva-sus-compromisos-con-el-tejido-empresarial-del-bajo-cinca\/#organizationLogo"},"sameAs":["https:\/\/facebook.com\/eldigitaldeasturias","https:\/\/www.youtube.com\/channel\/UCZP-2wLEB9Rv6erhFmqVnvg"],"address":{"@id":"https:\/\/www.eldigitaldeasturias.com\/noticias\/#postaladdress","@type":"PostalAddress","streetAddress":"san antonio 4","postalCode":"33430","addressLocality":"Cand\u00e1s","addressRegion":"Asturias","addressCountry":"ES"}},{"@type":"Person","@id":"https:\/\/www.eldigitaldeasturias.com\/noticias\/author\/admin\/#author","url":"https:\/\/www.eldigitaldeasturias.com\/noticias\/author\/admin\/","name":"El Digital de Asturias","image":{"@type":"ImageObject","@id":"https:\/\/www.eldigitaldeasturias.com\/noticias\/gaston-renueva-sus-compromisos-con-el-tejido-empresarial-del-bajo-cinca\/#authorImage","url":"https:\/\/secure.gravatar.com\/avatar\/df2aeffc32bcd13f8d26072ef8a91b623d677766deac7f97ca815868cd41bf5e?s=96&d=mm&r=g","width":96,"height":96,"caption":"El Digital de Asturias"}},{"@type":"WebPage","@id":"https:\/\/www.eldigitaldeasturias.com\/noticias\/gaston-renueva-sus-compromisos-con-el-tejido-empresarial-del-bajo-cinca\/#webpage","url":"https:\/\/www.eldigitaldeasturias.com\/noticias\/gaston-renueva-sus-compromisos-con-el-tejido-empresarial-del-bajo-cinca\/","name":"Gast\u00f3n renueva sus compromisos con el tejido empresarial del Bajo Cinca - El Digital de Asturias","description":"La consejera de Econom\u00eda, Industria y Empleo, Marta Gast\u00f3n, ha presidido esta tarde por tercer a\u00f1o consecutivo el Encuentro Empresarial del Bajo\/Baix Cinca en Fraga, que se ha consolidado, ha dicho, como \u201cuna cita ineludible en el calendario empresarial de Arag\u00f3n\u201d, y donde ha renovado sus compromisos con el din\u00e1mico tejido empresarial de esta comarca","inLanguage":"es-ES","isPartOf":{"@id":"https:\/\/www.eldigitaldeasturias.com\/noticias\/#website"},"breadcrumb":{"@id":"https:\/\/www.eldigitaldeasturias.com\/noticias\/gaston-renueva-sus-compromisos-con-el-tejido-empresarial-del-bajo-cinca\/#breadcrumblist"},"author":{"@id":"https:\/\/www.eldigitaldeasturias.com\/noticias\/author\/admin\/#author"},"creator":{"@id":"https:\/\/www.eldigitaldeasturias.com\/noticias\/author\/admin\/#author"},"image":{"@type":"ImageObject","url":960168,"@id":"https:\/\/www.eldigitaldeasturias.com\/noticias\/gaston-renueva-sus-compromisos-con-el-tejido-empresarial-del-bajo-cinca\/#mainImage"},"primaryImageOfPage":{"@id":"https:\/\/www.eldigitaldeasturias.com\/noticias\/gaston-renueva-sus-compromisos-con-el-tejido-empresarial-del-bajo-cinca\/#mainImage"},"datePublished":"2017-11-18T02:34:33+01:00","dateModified":"2017-11-18T02:34:33+01:00"},{"@type":"WebSite","@id":"https:\/\/www.eldigitaldeasturias.com\/noticias\/#website","url":"https:\/\/www.eldigitaldeasturias.com\/noticias\/","name":"El Digital de Asturias - Diario de actualidad y noticias","alternateName":"El Digital de Asturias - Diario de actualidad y noticias","description":"Hemeroteca","inLanguage":"es-ES","publisher":{"@id":"https:\/\/www.eldigitaldeasturias.com\/noticias\/#organization"}}]},"og:locale":"es_ES","og:site_name":"El Digital de Asturias","og:type":"article","og:title":"Gast\u00f3n renueva sus compromisos con el tejido empresarial del Bajo Cinca - El Digital de Asturias","og:description":"La consejera de Econom\u00eda, Industria y Empleo, Marta Gast\u00f3n, ha presidido esta tarde por tercer a\u00f1o consecutivo el Encuentro Empresarial del Bajo\/Baix Cinca en Fraga, que se ha consolidado, ha dicho, como \u201cuna cita ineludible en el calendario empresarial de Arag\u00f3n\u201d, y donde ha renovado sus compromisos con el din\u00e1mico tejido empresarial de esta comarca","og:url":"https:\/\/www.eldigitaldeasturias.com\/noticias\/gaston-renueva-sus-compromisos-con-el-tejido-empresarial-del-bajo-cinca\/","article:tag":["actualidad"],"article:published_time":"2017-11-18T02:34:33+00:00","article:modified_time":"2017-11-18T02:34:33+00:00","article:publisher":"https:\/\/facebook.com\/eldigitaldeasturias","twitter:card":"summary_large_image","twitter:title":"Gast\u00f3n renueva sus compromisos con el tejido empresarial del Bajo Cinca - El Digital de Asturias","twitter:description":"La consejera de Econom\u00eda, Industria y Empleo, Marta Gast\u00f3n, ha presidido esta tarde por tercer a\u00f1o consecutivo el Encuentro Empresarial del Bajo\/Baix Cinca en Fraga, que se ha consolidado, ha dicho, como \u201cuna cita ineludible en el calendario empresarial de Arag\u00f3n\u201d, y donde ha renovado sus compromisos con el din\u00e1mico tejido empresarial de esta comarca","twitter:image":"https:\/\/www.eldigitaldeasturias.com\/noticias\/wp-content\/uploads\/2020\/12\/EDA-1.jpg","twitter:label1":"Escrito por","twitter:data1":"El Digital de Asturias","twitter:label2":"Tiempo de lectura estimado","twitter:data2":"4 minutos"},"aioseo_meta_data":{"post_id":"960167","title":null,"description":null,"keywords":null,"keyphrases":null,"primary_term":null,"canonical_url":null,"og_title":null,"og_description":null,"og_object_type":"default","og_image_type":"default","og_image_url":null,"og_image_width":null,"og_image_height":null,"og_image_custom_url":null,"og_image_custom_fields":null,"og_video":null,"og_custom_url":null,"og_article_section":null,"og_article_tags":null,"twitter_use_og":false,"twitter_card":"default","twitter_image_type":"default","twitter_image_url":null,"twitter_image_custom_url":null,"twitter_image_custom_fields":null,"twitter_title":null,"twitter_description":null,"schema":{"blockGraphs":[],"customGraphs":[],"default":{"data":{"Article":[],"Course":[],"Dataset":[],"FAQPage":[],"Movie":[],"Person":[],"Product":[],"ProductReview":[],"Car":[],"Recipe":[],"Service":[],"SoftwareApplication":[],"WebPage":[]},"graphName":"","isEnabled":true},"graphs":[],"defaultGraph":"","defaultPostTypeGraph":""},"schema_type":null,"schema_type_options":null,"pillar_content":false,"robots_default":true,"robots_noindex":false,"robots_noarchive":false,"robots_nosnippet":false,"robots_nofollow":false,"robots_noimageindex":false,"robots_noodp":false,"robots_notranslate":false,"robots_max_snippet":null,"robots_max_videopreview":null,"robots_max_imagepreview":"large","priority":null,"frequency":null,"local_seo":null,"seo_analyzer_scan_date":"2025-12-07 04:18:27","breadcrumb_settings":null,"limit_modified_date":false,"open_ai":null,"ai":null,"created":"2020-12-21 12:53:08","updated":"2025-12-07 04:18:27","focus_keyword":null,"additional_keywords":null,"truseo_locale":null},"aioseo_breadcrumb":"<div class=\"aioseo-breadcrumbs\"><span class=\"aioseo-breadcrumb\">\n\t<a href=\"https:\/\/www.eldigitaldeasturias.com\/noticias\" title=\"Home\">Home<\/a>\n<\/span><span class=\"aioseo-breadcrumb-separator\">\u2013<\/span><span class=\"aioseo-breadcrumb\">\n\t<a href=\"https:\/\/www.eldigitaldeasturias.com\/noticias\/category\/actualidad\/\" title=\"Actualidad\">Actualidad<\/a>\n<\/span><span class=\"aioseo-breadcrumb-separator\">\u2013<\/span><span class=\"aioseo-breadcrumb\">\n\t<a href=\"https:\/\/www.eldigitaldeasturias.com\/noticias\/gaston-renueva-sus-compromisos-con-el-tejido-empresarial-del-bajo-cinca\/\" title=\"Gast\u00f3n renueva sus compromisos con el tejido empresarial del Bajo Cinca\">Gast\u00f3n renueva sus compromisos con el tejido empresarial del Bajo Cinca<\/a>\n<\/span><\/div>","aioseo_breadcrumb_json":[{"label":"Home","link":"https:\/\/www.eldigitaldeasturias.com\/noticias"},{"label":"Actualidad","link":"https:\/\/www.eldigitaldeasturias.com\/noticias\/category\/actualidad\/"},{"label":"Gast\u00f3n renueva sus compromisos con el tejido empresarial del Bajo Cinca","link":"https:\/\/www.eldigitaldeasturias.com\/noticias\/gaston-renueva-sus-compromisos-con-el-tejido-empresarial-del-bajo-cinca\/"}],"_links":{"self":[{"href":"https:\/\/www.eldigitaldeasturias.com\/noticias\/wp-json\/wp\/v2\/posts\/960167","targetHints":{"allow":["GET"]}}],"collection":[{"href":"https:\/\/www.eldigitaldeasturias.com\/noticias\/wp-json\/wp\/v2\/posts"}],"about":[{"href":"https:\/\/www.eldigitaldeasturias.com\/noticias\/wp-json\/wp\/v2\/types\/post"}],"author":[{"embeddable":true,"href":"https:\/\/www.eldigitaldeasturias.com\/noticias\/wp-json\/wp\/v2\/users\/1"}],"replies":[{"embeddable":true,"href":"https:\/\/www.eldigitaldeasturias.com\/noticias\/wp-json\/wp\/v2\/comments?post=960167"}],"version-history":[{"count":0,"href":"https:\/\/www.eldigitaldeasturias.com\/noticias\/wp-json\/wp\/v2\/posts\/960167\/revisions"}],"wp:attachment":[{"href":"https:\/\/www.eldigitaldeasturias.com\/noticias\/wp-json\/wp\/v2\/media?parent=960167"}],"wp:term":[{"taxonomy":"category","embeddable":true,"href":"https:\/\/www.eldigitaldeasturias.com\/noticias\/wp-json\/wp\/v2\/categories?post=960167"},{"taxonomy":"post_tag","embeddable":true,"href":"https:\/\/www.eldigitaldeasturias.com\/noticias\/wp-json\/wp\/v2\/tags?post=960167"}],"curies":[{"name":"wp","href":"https:\/\/api.w.org\/{rel}","templated":true}]}}