{"id":960164,"date":"2017-11-18T02:31:29","date_gmt":"2017-11-18T02:31:29","guid":{"rendered":"http:\/\/www.eldigitaldeasturias.com\/noticias\/?p=960164"},"modified":"2017-11-18T02:31:29","modified_gmt":"2017-11-18T02:31:29","slug":"recortes-cero-grupo-verde-presenta-a-nuria-suarez-como-candidata-a-la-generalitat","status":"publish","type":"post","link":"https:\/\/www.eldigitaldeasturias.com\/noticias\/recortes-cero-grupo-verde-presenta-a-nuria-suarez-como-candidata-a-la-generalitat\/","title":{"rendered":"Recortes Cero &#8211; Grupo Verde presenta a Nuria Su\u00e1rez como candidata a la Generalitat"},"content":{"rendered":"<p><img loading=\"lazy\" decoding=\"async\" class=\"alignleft size-medium wp-image-960165\" src=\"https:\/\/www.eldigitaldeasturias.com\/noticias\/wp-content\/uploads\/2017\/11\/Candidatas-Catalu\u00f1a-360x270.jpg\" alt=\"\" width=\"360\" height=\"270\" \/>Recortes Cero &#8211; Grupo Verde ha presentado su candidatura al Parlament de\u00a0Catalunya en las elecciones del 21-D. Y Nuria Su\u00e1rez es la candidata a\u00a0la Generalitat. Nuria Su\u00e1rez encabeza al grupo de mujeres y hombres de\u00a0la candidatura de Recortes Cero \u2013 Grupo Verde que ha denunciado la\u00a0estafa del I-O y la imposici\u00f3n antidemocr\u00e1tica de la declaraci\u00f3n\u00a0unilateral de independencia.<\/p>\n<p>Encabeza a la izquierda que dice No a la independencia y S\u00ed a la unidad\u00a0del pueblo trabajador. Y que ha luchado y lucha desde su nacimiento en\u00a0marzo de 2014 contra los recortes desde la defensa de la redistribuci\u00f3n\u00a0de la riqueza.<\/p>\n<p>Puigdemont y su casta han provocado la divisi\u00f3n y el enfrentamiento. La\u00a0respuesta del gobierno de Rajoy ha enconado la fractura social. Pero\u00a0debajo de las banderas, ambos, han buscado ocultar su corrupci\u00f3n, los\u00a0recortes, el paro, y la precarizaci\u00f3n del empleo que la mayor\u00eda sufrimos\u00a0por igual en Catalu\u00f1a y en el resto de Espa\u00f1a. Necesitamos una\u00a0alternativa de izquierdas que ponga fin a este desvar\u00edo y se ocupe de\u00a0nuestros intereses, sin hipotecas ni componendas con las derechas de uno\u00a0y otro bando.<\/p>\n<p>Recortes Cero \u2013 Grupo Verde, con Nuria Su\u00e1rez a la cabeza, ha defendido\u00a0y va a defender esta alternativa de izquierdas.<\/p>\n<p>Ha denunciado la estafa de Puigdemont, impulsando la publicaci\u00f3n de\u00a0manifiestos que han hecho emerger a sectores de la izquierda catalana\u00a0contrarios a la independencia y las imposiciones del Govern. Gan\u00e1ndose\u00a0el respaldo de muchos de esos intelectuales, profesionales y activistas\u00a0de izquierdas.<\/p>\n<p>Organizando concentraciones frente al Parlament cuando se atacaba la\u00a0democracia y se conspiraba para cambiar las leyes e imponer a la mayor\u00eda\u00a0social la independencia unilateral y la ruptura con el resto de Espa\u00f1a.\u00a0Provocando una profunda fractura social.<\/p>\n<p>Nuria Su\u00e1rez encabezando a Recortes Cero \u2013 Grupo Verde ha luchado, desde\u00a0su nacimiento en marzo de 2014, contra los recortes y las pol\u00edticas de\u00a0Rajoy, apoyando en la calle las principales reivindicaciones sociales.<\/p>\n<p>Y ha se\u00f1alado que en Catalu\u00f1a existe una enorme riqueza, el problema es\u00a0c\u00f3mo est\u00e1 distribuida y que el camino para acabar con los recortes y el\u00a0aumento de las desigualdades es la redistribuci\u00f3n de la riqueza.<\/p>\n<p>Nuria Su\u00e1rez encabeza a Recortes Cero \u2013 Grupo Verde para llevar al\u00a0Parlament la lucha contra los recortes que condicionan nuestra vida,\u00a0nuestra libertad y nuestra democracia; elevar salarios y pensiones y\u00a0defender las condiciones de vida de las clases populares, la sanidad y\u00a0la educaci\u00f3n p\u00fablicas, el papel de la ecolog\u00eda, la ciencia y la cultura;\u00a0para defender la reindustrializaci\u00f3n; para poner en primer plano la\u00a0lucha contra la corrupci\u00f3n y la violencia de g\u00e9nero; y un modelo\u00a0productivo ecol\u00f3gicamente sostenible.<\/p>\n<p>Yo conf\u00edo en Nuria para fortalecer la unidad del pueblo trabajador y\u00a0superar la fractura social, porque representa a una izquierda capaz de\u00a0poner en valor los lazos hist\u00f3ricos y culturales, econ\u00f3micos y afectivos\u00a0que unen Catalu\u00f1a y el resto de Espa\u00f1a.<\/p>\n","protected":false},"excerpt":{"rendered":"<p>Recortes Cero &#8211; Grupo Verde ha presentado su candidatura al Parlament de\u00a0Catalunya en las elecciones del 21-D. Y Nuria Su\u00e1rez es la candidata a\u00a0la Generalitat. Nuria Su\u00e1rez encabeza al grupo de mujeres y hombres de\u00a0la candidatura de Recortes Cero \u2013 Grupo Verde que ha denunciado la\u00a0estafa del I-O y la imposici\u00f3n antidemocr\u00e1tica de la declaraci\u00f3n\u00a0unilateral [&hellip;]<\/p>\n","protected":false},"author":1,"featured_media":960165,"comment_status":"closed","ping_status":"closed","sticky":false,"template":"","format":"standard","meta":{"footnotes":""},"categories":[1],"tags":[],"class_list":["post-960164","post","type-post","status-publish","format-standard","has-post-thumbnail","hentry","category-actualidad"],"aioseo_notices":[],"aioseo_head":"\n\t\t<!-- All in One SEO Pro 5.0.1 - aioseo.com -->\n\t<meta name=\"description\" content=\"Recortes Cero - Grupo Verde ha presentado su candidatura al Parlament de Catalunya en las elecciones del 21-D. Y Nuria Su\u00e1rez es la candidata a la Generalitat. Nuria Su\u00e1rez encabeza al grupo de mujeres y hombres de la candidatura de Recortes Cero \u2013 Grupo Verde que ha denunciado la estafa del I-O y la imposici\u00f3n antidemocr\u00e1tica de la declaraci\u00f3n unilateral\" \/>\n\t<meta name=\"robots\" content=\"max-image-preview:large\" \/>\n\t<meta name=\"author\" content=\"El Digital de Asturias\"\/>\n\t<meta name=\"google-site-verification\" content=\"UA-38556648-1\" \/>\n\t<meta name=\"msvalidate.01\" content=\"7dfe9f3f1b24437ab69f4f2559babe99\" \/>\n\t<meta name=\"keywords\" content=\"actualidad\" \/>\n\t<link rel=\"canonical\" href=\"https:\/\/www.eldigitaldeasturias.com\/noticias\/recortes-cero-grupo-verde-presenta-a-nuria-suarez-como-candidata-a-la-generalitat\/\" \/>\n\t<meta name=\"generator\" content=\"All in One SEO Pro (AIOSEO) 5.0.1\" \/>\n\t\t<meta property=\"og:locale\" content=\"es_ES\" \/>\n\t\t<meta property=\"og:site_name\" content=\"El Digital de Asturias\" \/>\n\t\t<meta property=\"og:type\" content=\"article\" \/>\n\t\t<meta property=\"og:title\" content=\"Recortes Cero \u2013 Grupo Verde presenta a Nuria Su\u00e1rez como candidata a la Generalitat - El Digital de Asturias\" \/>\n\t\t<meta property=\"og:description\" content=\"Recortes Cero - Grupo Verde ha presentado su candidatura al Parlament de Catalunya en las elecciones del 21-D. Y Nuria Su\u00e1rez es la candidata a la Generalitat. Nuria Su\u00e1rez encabeza al grupo de mujeres y hombres de la candidatura de Recortes Cero \u2013 Grupo Verde que ha denunciado la estafa del I-O y la imposici\u00f3n antidemocr\u00e1tica de la declaraci\u00f3n unilateral\" \/>\n\t\t<meta property=\"og:url\" content=\"https:\/\/www.eldigitaldeasturias.com\/noticias\/recortes-cero-grupo-verde-presenta-a-nuria-suarez-como-candidata-a-la-generalitat\/\" \/>\n\t\t<meta property=\"article:tag\" content=\"actualidad\" \/>\n\t\t<meta property=\"article:published_time\" content=\"2017-11-18T02:31:29+00:00\" \/>\n\t\t<meta property=\"article:modified_time\" content=\"2017-11-18T02:31:29+00:00\" \/>\n\t\t<meta property=\"article:publisher\" content=\"https:\/\/facebook.com\/eldigitaldeasturias\" \/>\n\t\t<meta name=\"twitter:card\" content=\"summary_large_image\" \/>\n\t\t<meta name=\"twitter:title\" content=\"Recortes Cero \u2013 Grupo Verde presenta a Nuria Su\u00e1rez como candidata a la Generalitat - El Digital de Asturias\" \/>\n\t\t<meta name=\"twitter:description\" content=\"Recortes Cero - Grupo Verde ha presentado su candidatura al Parlament de Catalunya en las elecciones del 21-D. Y Nuria Su\u00e1rez es la candidata a la Generalitat. Nuria Su\u00e1rez encabeza al grupo de mujeres y hombres de la candidatura de Recortes Cero \u2013 Grupo Verde que ha denunciado la estafa del I-O y la imposici\u00f3n antidemocr\u00e1tica de la declaraci\u00f3n unilateral\" \/>\n\t\t<meta name=\"twitter:image\" content=\"https:\/\/www.eldigitaldeasturias.com\/noticias\/wp-content\/uploads\/2020\/12\/EDA-1.jpg\" \/>\n\t\t<meta name=\"twitter:label1\" content=\"Escrito por\" \/>\n\t\t<meta name=\"twitter:data1\" content=\"El Digital de Asturias\" \/>\n\t\t<meta name=\"twitter:label2\" content=\"Tiempo de lectura estimado\" \/>\n\t\t<meta name=\"twitter:data2\" content=\"3 minutos\" \/>\n\t\t<script type=\"application\/ld+json\" class=\"aioseo-schema\">\n\t\t\t{\"@context\":\"https:\\\/\\\/schema.org\",\"@graph\":[{\"@type\":\"BlogPosting\",\"@id\":\"https:\\\/\\\/www.eldigitaldeasturias.com\\\/noticias\\\/recortes-cero-grupo-verde-presenta-a-nuria-suarez-como-candidata-a-la-generalitat\\\/#blogposting\",\"name\":\"Recortes Cero \\u2013 Grupo Verde presenta a Nuria Su\\u00e1rez como candidata a la Generalitat - El Digital de Asturias\",\"headline\":\"Recortes Cero &#8211; Grupo Verde presenta a Nuria Su\\u00e1rez como candidata a la Generalitat\",\"author\":{\"@id\":\"https:\\\/\\\/www.eldigitaldeasturias.com\\\/noticias\\\/author\\\/admin\\\/#author\"},\"publisher\":{\"@id\":\"https:\\\/\\\/www.eldigitaldeasturias.com\\\/noticias\\\/#organization\"},\"image\":{\"@type\":\"ImageObject\",\"url\":960165},\"datePublished\":\"2017-11-18T02:31:29+01:00\",\"dateModified\":\"2017-11-18T02:31:29+01:00\",\"inLanguage\":\"es-ES\",\"mainEntityOfPage\":{\"@id\":\"https:\\\/\\\/www.eldigitaldeasturias.com\\\/noticias\\\/recortes-cero-grupo-verde-presenta-a-nuria-suarez-como-candidata-a-la-generalitat\\\/#webpage\"},\"isPartOf\":{\"@id\":\"https:\\\/\\\/www.eldigitaldeasturias.com\\\/noticias\\\/recortes-cero-grupo-verde-presenta-a-nuria-suarez-como-candidata-a-la-generalitat\\\/#webpage\"},\"articleSection\":\"Actualidad\"},{\"@type\":\"BreadcrumbList\",\"@id\":\"https:\\\/\\\/www.eldigitaldeasturias.com\\\/noticias\\\/recortes-cero-grupo-verde-presenta-a-nuria-suarez-como-candidata-a-la-generalitat\\\/#breadcrumblist\",\"itemListElement\":[{\"@type\":\"ListItem\",\"@id\":\"https:\\\/\\\/www.eldigitaldeasturias.com\\\/noticias#listItem\",\"position\":1,\"name\":\"Home\",\"item\":\"https:\\\/\\\/www.eldigitaldeasturias.com\\\/noticias\",\"nextItem\":{\"@type\":\"ListItem\",\"@id\":\"https:\\\/\\\/www.eldigitaldeasturias.com\\\/noticias\\\/category\\\/actualidad\\\/#listItem\",\"name\":\"Actualidad\"}},{\"@type\":\"ListItem\",\"@id\":\"https:\\\/\\\/www.eldigitaldeasturias.com\\\/noticias\\\/category\\\/actualidad\\\/#listItem\",\"position\":2,\"name\":\"Actualidad\",\"item\":\"https:\\\/\\\/www.eldigitaldeasturias.com\\\/noticias\\\/category\\\/actualidad\\\/\",\"nextItem\":{\"@type\":\"ListItem\",\"@id\":\"https:\\\/\\\/www.eldigitaldeasturias.com\\\/noticias\\\/recortes-cero-grupo-verde-presenta-a-nuria-suarez-como-candidata-a-la-generalitat\\\/#listItem\",\"name\":\"Recortes Cero &#8211; Grupo Verde presenta a Nuria Su\\u00e1rez como candidata a la Generalitat\"},\"previousItem\":{\"@type\":\"ListItem\",\"@id\":\"https:\\\/\\\/www.eldigitaldeasturias.com\\\/noticias#listItem\",\"name\":\"Home\"}},{\"@type\":\"ListItem\",\"@id\":\"https:\\\/\\\/www.eldigitaldeasturias.com\\\/noticias\\\/recortes-cero-grupo-verde-presenta-a-nuria-suarez-como-candidata-a-la-generalitat\\\/#listItem\",\"position\":3,\"name\":\"Recortes Cero &#8211; Grupo Verde presenta a Nuria Su\\u00e1rez como candidata a la Generalitat\",\"previousItem\":{\"@type\":\"ListItem\",\"@id\":\"https:\\\/\\\/www.eldigitaldeasturias.com\\\/noticias\\\/category\\\/actualidad\\\/#listItem\",\"name\":\"Actualidad\"}}]},{\"@type\":\"Organization\",\"@id\":\"https:\\\/\\\/www.eldigitaldeasturias.com\\\/noticias\\\/#organization\",\"name\":\"El Digital de Asturias\",\"description\":\"Hemeroteca\",\"url\":\"https:\\\/\\\/www.eldigitaldeasturias.com\\\/noticias\\\/\",\"email\":\"info@eldigitaldeasturias.com\",\"telephone\":\"+34652131393\",\"logo\":{\"@type\":\"ImageObject\",\"url\":\"https:\\\/\\\/www.eldigitaldeasturias.com\\\/noticias\\\/wp-content\\\/uploads\\\/2020\\\/12\\\/EDA.jpg\",\"@id\":\"https:\\\/\\\/www.eldigitaldeasturias.com\\\/noticias\\\/recortes-cero-grupo-verde-presenta-a-nuria-suarez-como-candidata-a-la-generalitat\\\/#organizationLogo\"},\"image\":{\"@id\":\"https:\\\/\\\/www.eldigitaldeasturias.com\\\/noticias\\\/recortes-cero-grupo-verde-presenta-a-nuria-suarez-como-candidata-a-la-generalitat\\\/#organizationLogo\"},\"sameAs\":[\"https:\\\/\\\/facebook.com\\\/eldigitaldeasturias\",\"https:\\\/\\\/www.youtube.com\\\/channel\\\/UCZP-2wLEB9Rv6erhFmqVnvg\"],\"address\":{\"@id\":\"https:\\\/\\\/www.eldigitaldeasturias.com\\\/noticias\\\/#postaladdress\",\"@type\":\"PostalAddress\",\"streetAddress\":\"san antonio 4\",\"postalCode\":\"33430\",\"addressLocality\":\"Cand\\u00e1s\",\"addressRegion\":\"Asturias\",\"addressCountry\":\"ES\"}},{\"@type\":\"Person\",\"@id\":\"https:\\\/\\\/www.eldigitaldeasturias.com\\\/noticias\\\/author\\\/admin\\\/#author\",\"url\":\"https:\\\/\\\/www.eldigitaldeasturias.com\\\/noticias\\\/author\\\/admin\\\/\",\"name\":\"El Digital de Asturias\",\"image\":{\"@type\":\"ImageObject\",\"@id\":\"https:\\\/\\\/www.eldigitaldeasturias.com\\\/noticias\\\/recortes-cero-grupo-verde-presenta-a-nuria-suarez-como-candidata-a-la-generalitat\\\/#authorImage\",\"url\":\"https:\\\/\\\/secure.gravatar.com\\\/avatar\\\/df2aeffc32bcd13f8d26072ef8a91b623d677766deac7f97ca815868cd41bf5e?s=96&d=mm&r=g\",\"width\":96,\"height\":96,\"caption\":\"El Digital de Asturias\"}},{\"@type\":\"WebPage\",\"@id\":\"https:\\\/\\\/www.eldigitaldeasturias.com\\\/noticias\\\/recortes-cero-grupo-verde-presenta-a-nuria-suarez-como-candidata-a-la-generalitat\\\/#webpage\",\"url\":\"https:\\\/\\\/www.eldigitaldeasturias.com\\\/noticias\\\/recortes-cero-grupo-verde-presenta-a-nuria-suarez-como-candidata-a-la-generalitat\\\/\",\"name\":\"Recortes Cero \\u2013 Grupo Verde presenta a Nuria Su\\u00e1rez como candidata a la Generalitat - El Digital de Asturias\",\"description\":\"Recortes Cero - Grupo Verde ha presentado su candidatura al Parlament de Catalunya en las elecciones del 21-D. Y Nuria Su\\u00e1rez es la candidata a la Generalitat. Nuria Su\\u00e1rez encabeza al grupo de mujeres y hombres de la candidatura de Recortes Cero \\u2013 Grupo Verde que ha denunciado la estafa del I-O y la imposici\\u00f3n antidemocr\\u00e1tica de la declaraci\\u00f3n unilateral\",\"inLanguage\":\"es-ES\",\"isPartOf\":{\"@id\":\"https:\\\/\\\/www.eldigitaldeasturias.com\\\/noticias\\\/#website\"},\"breadcrumb\":{\"@id\":\"https:\\\/\\\/www.eldigitaldeasturias.com\\\/noticias\\\/recortes-cero-grupo-verde-presenta-a-nuria-suarez-como-candidata-a-la-generalitat\\\/#breadcrumblist\"},\"author\":{\"@id\":\"https:\\\/\\\/www.eldigitaldeasturias.com\\\/noticias\\\/author\\\/admin\\\/#author\"},\"creator\":{\"@id\":\"https:\\\/\\\/www.eldigitaldeasturias.com\\\/noticias\\\/author\\\/admin\\\/#author\"},\"image\":{\"@type\":\"ImageObject\",\"url\":960165,\"@id\":\"https:\\\/\\\/www.eldigitaldeasturias.com\\\/noticias\\\/recortes-cero-grupo-verde-presenta-a-nuria-suarez-como-candidata-a-la-generalitat\\\/#mainImage\"},\"primaryImageOfPage\":{\"@id\":\"https:\\\/\\\/www.eldigitaldeasturias.com\\\/noticias\\\/recortes-cero-grupo-verde-presenta-a-nuria-suarez-como-candidata-a-la-generalitat\\\/#mainImage\"},\"datePublished\":\"2017-11-18T02:31:29+01:00\",\"dateModified\":\"2017-11-18T02:31:29+01:00\"},{\"@type\":\"WebSite\",\"@id\":\"https:\\\/\\\/www.eldigitaldeasturias.com\\\/noticias\\\/#website\",\"url\":\"https:\\\/\\\/www.eldigitaldeasturias.com\\\/noticias\\\/\",\"name\":\"El Digital de Asturias - Diario de actualidad y noticias\",\"alternateName\":\"El Digital de Asturias - Diario de actualidad y noticias\",\"description\":\"Hemeroteca\",\"inLanguage\":\"es-ES\",\"publisher\":{\"@id\":\"https:\\\/\\\/www.eldigitaldeasturias.com\\\/noticias\\\/#organization\"}}]}\n\t\t<\/script>\n\t\t<!-- All in One SEO Pro -->\r\n\t\t<title>Recortes Cero \u2013 Grupo Verde presenta a Nuria Su\u00e1rez como candidata a la Generalitat - El Digital de Asturias<\/title>\n\n","aioseo_head_json":{"title":"Recortes Cero \u2013 Grupo Verde presenta a Nuria Su\u00e1rez como candidata a la Generalitat - El Digital de Asturias","description":"Recortes Cero - Grupo Verde ha presentado su candidatura al Parlament de Catalunya en las elecciones del 21-D. Y Nuria Su\u00e1rez es la candidata a la Generalitat. Nuria Su\u00e1rez encabeza al grupo de mujeres y hombres de la candidatura de Recortes Cero \u2013 Grupo Verde que ha denunciado la estafa del I-O y la imposici\u00f3n antidemocr\u00e1tica de la declaraci\u00f3n unilateral","canonical_url":"https:\/\/www.eldigitaldeasturias.com\/noticias\/recortes-cero-grupo-verde-presenta-a-nuria-suarez-como-candidata-a-la-generalitat\/","robots":"max-image-preview:large","keywords":"actualidad","webmasterTools":{"google-site-verification":"UA-38556648-1","msvalidate.01":"7dfe9f3f1b24437ab69f4f2559babe99","miscellaneous":""},"schema":{"@context":"https:\/\/schema.org","@graph":[{"@type":"BlogPosting","@id":"https:\/\/www.eldigitaldeasturias.com\/noticias\/recortes-cero-grupo-verde-presenta-a-nuria-suarez-como-candidata-a-la-generalitat\/#blogposting","name":"Recortes Cero \u2013 Grupo Verde presenta a Nuria Su\u00e1rez como candidata a la Generalitat - El Digital de Asturias","headline":"Recortes Cero &#8211; Grupo Verde presenta a Nuria Su\u00e1rez como candidata a la Generalitat","author":{"@id":"https:\/\/www.eldigitaldeasturias.com\/noticias\/author\/admin\/#author"},"publisher":{"@id":"https:\/\/www.eldigitaldeasturias.com\/noticias\/#organization"},"image":{"@type":"ImageObject","url":960165},"datePublished":"2017-11-18T02:31:29+01:00","dateModified":"2017-11-18T02:31:29+01:00","inLanguage":"es-ES","mainEntityOfPage":{"@id":"https:\/\/www.eldigitaldeasturias.com\/noticias\/recortes-cero-grupo-verde-presenta-a-nuria-suarez-como-candidata-a-la-generalitat\/#webpage"},"isPartOf":{"@id":"https:\/\/www.eldigitaldeasturias.com\/noticias\/recortes-cero-grupo-verde-presenta-a-nuria-suarez-como-candidata-a-la-generalitat\/#webpage"},"articleSection":"Actualidad"},{"@type":"BreadcrumbList","@id":"https:\/\/www.eldigitaldeasturias.com\/noticias\/recortes-cero-grupo-verde-presenta-a-nuria-suarez-como-candidata-a-la-generalitat\/#breadcrumblist","itemListElement":[{"@type":"ListItem","@id":"https:\/\/www.eldigitaldeasturias.com\/noticias#listItem","position":1,"name":"Home","item":"https:\/\/www.eldigitaldeasturias.com\/noticias","nextItem":{"@type":"ListItem","@id":"https:\/\/www.eldigitaldeasturias.com\/noticias\/category\/actualidad\/#listItem","name":"Actualidad"}},{"@type":"ListItem","@id":"https:\/\/www.eldigitaldeasturias.com\/noticias\/category\/actualidad\/#listItem","position":2,"name":"Actualidad","item":"https:\/\/www.eldigitaldeasturias.com\/noticias\/category\/actualidad\/","nextItem":{"@type":"ListItem","@id":"https:\/\/www.eldigitaldeasturias.com\/noticias\/recortes-cero-grupo-verde-presenta-a-nuria-suarez-como-candidata-a-la-generalitat\/#listItem","name":"Recortes Cero &#8211; Grupo Verde presenta a Nuria Su\u00e1rez como candidata a la Generalitat"},"previousItem":{"@type":"ListItem","@id":"https:\/\/www.eldigitaldeasturias.com\/noticias#listItem","name":"Home"}},{"@type":"ListItem","@id":"https:\/\/www.eldigitaldeasturias.com\/noticias\/recortes-cero-grupo-verde-presenta-a-nuria-suarez-como-candidata-a-la-generalitat\/#listItem","position":3,"name":"Recortes Cero &#8211; Grupo Verde presenta a Nuria Su\u00e1rez como candidata a la Generalitat","previousItem":{"@type":"ListItem","@id":"https:\/\/www.eldigitaldeasturias.com\/noticias\/category\/actualidad\/#listItem","name":"Actualidad"}}]},{"@type":"Organization","@id":"https:\/\/www.eldigitaldeasturias.com\/noticias\/#organization","name":"El Digital de Asturias","description":"Hemeroteca","url":"https:\/\/www.eldigitaldeasturias.com\/noticias\/","email":"info@eldigitaldeasturias.com","telephone":"+34652131393","logo":{"@type":"ImageObject","url":"https:\/\/www.eldigitaldeasturias.com\/noticias\/wp-content\/uploads\/2020\/12\/EDA.jpg","@id":"https:\/\/www.eldigitaldeasturias.com\/noticias\/recortes-cero-grupo-verde-presenta-a-nuria-suarez-como-candidata-a-la-generalitat\/#organizationLogo"},"image":{"@id":"https:\/\/www.eldigitaldeasturias.com\/noticias\/recortes-cero-grupo-verde-presenta-a-nuria-suarez-como-candidata-a-la-generalitat\/#organizationLogo"},"sameAs":["https:\/\/facebook.com\/eldigitaldeasturias","https:\/\/www.youtube.com\/channel\/UCZP-2wLEB9Rv6erhFmqVnvg"],"address":{"@id":"https:\/\/www.eldigitaldeasturias.com\/noticias\/#postaladdress","@type":"PostalAddress","streetAddress":"san antonio 4","postalCode":"33430","addressLocality":"Cand\u00e1s","addressRegion":"Asturias","addressCountry":"ES"}},{"@type":"Person","@id":"https:\/\/www.eldigitaldeasturias.com\/noticias\/author\/admin\/#author","url":"https:\/\/www.eldigitaldeasturias.com\/noticias\/author\/admin\/","name":"El Digital de Asturias","image":{"@type":"ImageObject","@id":"https:\/\/www.eldigitaldeasturias.com\/noticias\/recortes-cero-grupo-verde-presenta-a-nuria-suarez-como-candidata-a-la-generalitat\/#authorImage","url":"https:\/\/secure.gravatar.com\/avatar\/df2aeffc32bcd13f8d26072ef8a91b623d677766deac7f97ca815868cd41bf5e?s=96&d=mm&r=g","width":96,"height":96,"caption":"El Digital de Asturias"}},{"@type":"WebPage","@id":"https:\/\/www.eldigitaldeasturias.com\/noticias\/recortes-cero-grupo-verde-presenta-a-nuria-suarez-como-candidata-a-la-generalitat\/#webpage","url":"https:\/\/www.eldigitaldeasturias.com\/noticias\/recortes-cero-grupo-verde-presenta-a-nuria-suarez-como-candidata-a-la-generalitat\/","name":"Recortes Cero \u2013 Grupo Verde presenta a Nuria Su\u00e1rez como candidata a la Generalitat - El Digital de Asturias","description":"Recortes Cero - Grupo Verde ha presentado su candidatura al Parlament de Catalunya en las elecciones del 21-D. Y Nuria Su\u00e1rez es la candidata a la Generalitat. Nuria Su\u00e1rez encabeza al grupo de mujeres y hombres de la candidatura de Recortes Cero \u2013 Grupo Verde que ha denunciado la estafa del I-O y la imposici\u00f3n antidemocr\u00e1tica de la declaraci\u00f3n unilateral","inLanguage":"es-ES","isPartOf":{"@id":"https:\/\/www.eldigitaldeasturias.com\/noticias\/#website"},"breadcrumb":{"@id":"https:\/\/www.eldigitaldeasturias.com\/noticias\/recortes-cero-grupo-verde-presenta-a-nuria-suarez-como-candidata-a-la-generalitat\/#breadcrumblist"},"author":{"@id":"https:\/\/www.eldigitaldeasturias.com\/noticias\/author\/admin\/#author"},"creator":{"@id":"https:\/\/www.eldigitaldeasturias.com\/noticias\/author\/admin\/#author"},"image":{"@type":"ImageObject","url":960165,"@id":"https:\/\/www.eldigitaldeasturias.com\/noticias\/recortes-cero-grupo-verde-presenta-a-nuria-suarez-como-candidata-a-la-generalitat\/#mainImage"},"primaryImageOfPage":{"@id":"https:\/\/www.eldigitaldeasturias.com\/noticias\/recortes-cero-grupo-verde-presenta-a-nuria-suarez-como-candidata-a-la-generalitat\/#mainImage"},"datePublished":"2017-11-18T02:31:29+01:00","dateModified":"2017-11-18T02:31:29+01:00"},{"@type":"WebSite","@id":"https:\/\/www.eldigitaldeasturias.com\/noticias\/#website","url":"https:\/\/www.eldigitaldeasturias.com\/noticias\/","name":"El Digital de Asturias - Diario de actualidad y noticias","alternateName":"El Digital de Asturias - Diario de actualidad y noticias","description":"Hemeroteca","inLanguage":"es-ES","publisher":{"@id":"https:\/\/www.eldigitaldeasturias.com\/noticias\/#organization"}}]},"og:locale":"es_ES","og:site_name":"El Digital de Asturias","og:type":"article","og:title":"Recortes Cero \u2013 Grupo Verde presenta a Nuria Su\u00e1rez como candidata a la Generalitat - El Digital de Asturias","og:description":"Recortes Cero - Grupo Verde ha presentado su candidatura al Parlament de Catalunya en las elecciones del 21-D. Y Nuria Su\u00e1rez es la candidata a la Generalitat. Nuria Su\u00e1rez encabeza al grupo de mujeres y hombres de la candidatura de Recortes Cero \u2013 Grupo Verde que ha denunciado la estafa del I-O y la imposici\u00f3n antidemocr\u00e1tica de la declaraci\u00f3n unilateral","og:url":"https:\/\/www.eldigitaldeasturias.com\/noticias\/recortes-cero-grupo-verde-presenta-a-nuria-suarez-como-candidata-a-la-generalitat\/","article:tag":["actualidad"],"article:published_time":"2017-11-18T02:31:29+00:00","article:modified_time":"2017-11-18T02:31:29+00:00","article:publisher":"https:\/\/facebook.com\/eldigitaldeasturias","twitter:card":"summary_large_image","twitter:title":"Recortes Cero \u2013 Grupo Verde presenta a Nuria Su\u00e1rez como candidata a la Generalitat - El Digital de Asturias","twitter:description":"Recortes Cero - Grupo Verde ha presentado su candidatura al Parlament de Catalunya en las elecciones del 21-D. Y Nuria Su\u00e1rez es la candidata a la Generalitat. Nuria Su\u00e1rez encabeza al grupo de mujeres y hombres de la candidatura de Recortes Cero \u2013 Grupo Verde que ha denunciado la estafa del I-O y la imposici\u00f3n antidemocr\u00e1tica de la declaraci\u00f3n unilateral","twitter:image":"https:\/\/www.eldigitaldeasturias.com\/noticias\/wp-content\/uploads\/2020\/12\/EDA-1.jpg","twitter:label1":"Escrito por","twitter:data1":"El Digital de Asturias","twitter:label2":"Tiempo de lectura estimado","twitter:data2":"3 minutos"},"aioseo_meta_data":{"post_id":"960164","title":null,"description":null,"keywords":null,"keyphrases":null,"primary_term":null,"canonical_url":null,"og_title":null,"og_description":null,"og_object_type":"default","og_image_type":"default","og_image_url":null,"og_image_width":null,"og_image_height":null,"og_image_custom_url":null,"og_image_custom_fields":null,"og_video":null,"og_custom_url":null,"og_article_section":null,"og_article_tags":null,"twitter_use_og":false,"twitter_card":"default","twitter_image_type":"default","twitter_image_url":null,"twitter_image_custom_url":null,"twitter_image_custom_fields":null,"twitter_title":null,"twitter_description":null,"schema":{"blockGraphs":[],"customGraphs":[],"default":{"data":{"Article":[],"Course":[],"Dataset":[],"FAQPage":[],"Movie":[],"Person":[],"Product":[],"ProductReview":[],"Car":[],"Recipe":[],"Service":[],"SoftwareApplication":[],"WebPage":[]},"graphName":"","isEnabled":true},"graphs":[],"defaultGraph":"","defaultPostTypeGraph":""},"schema_type":null,"schema_type_options":null,"pillar_content":false,"robots_default":true,"robots_noindex":false,"robots_noarchive":false,"robots_nosnippet":false,"robots_nofollow":false,"robots_noimageindex":false,"robots_noodp":false,"robots_notranslate":false,"robots_max_snippet":null,"robots_max_videopreview":null,"robots_max_imagepreview":"large","priority":null,"frequency":null,"local_seo":null,"seo_analyzer_scan_date":"2025-12-07 04:18:26","breadcrumb_settings":null,"limit_modified_date":false,"open_ai":null,"ai":null,"created":"2020-12-21 12:53:08","updated":"2025-12-07 04:18:26","focus_keyword":null,"additional_keywords":null,"truseo_locale":null},"aioseo_breadcrumb":"<div class=\"aioseo-breadcrumbs\"><span class=\"aioseo-breadcrumb\">\n\t<a href=\"https:\/\/www.eldigitaldeasturias.com\/noticias\" title=\"Home\">Home<\/a>\n<\/span><span class=\"aioseo-breadcrumb-separator\">\u2013<\/span><span class=\"aioseo-breadcrumb\">\n\t<a href=\"https:\/\/www.eldigitaldeasturias.com\/noticias\/category\/actualidad\/\" title=\"Actualidad\">Actualidad<\/a>\n<\/span><span class=\"aioseo-breadcrumb-separator\">\u2013<\/span><span class=\"aioseo-breadcrumb\">\n\t<a href=\"https:\/\/www.eldigitaldeasturias.com\/noticias\/recortes-cero-grupo-verde-presenta-a-nuria-suarez-como-candidata-a-la-generalitat\/\" title=\"Recortes Cero \u2013 Grupo Verde presenta a Nuria Su\u00e1rez como candidata a la Generalitat\">Recortes Cero \u2013 Grupo Verde presenta a Nuria Su\u00e1rez como candidata a la Generalitat<\/a>\n<\/span><\/div>","aioseo_breadcrumb_json":[{"label":"Home","link":"https:\/\/www.eldigitaldeasturias.com\/noticias"},{"label":"Actualidad","link":"https:\/\/www.eldigitaldeasturias.com\/noticias\/category\/actualidad\/"},{"label":"Recortes Cero &#8211; Grupo Verde presenta a Nuria Su\u00e1rez como candidata a la Generalitat","link":"https:\/\/www.eldigitaldeasturias.com\/noticias\/recortes-cero-grupo-verde-presenta-a-nuria-suarez-como-candidata-a-la-generalitat\/"}],"_links":{"self":[{"href":"https:\/\/www.eldigitaldeasturias.com\/noticias\/wp-json\/wp\/v2\/posts\/960164","targetHints":{"allow":["GET"]}}],"collection":[{"href":"https:\/\/www.eldigitaldeasturias.com\/noticias\/wp-json\/wp\/v2\/posts"}],"about":[{"href":"https:\/\/www.eldigitaldeasturias.com\/noticias\/wp-json\/wp\/v2\/types\/post"}],"author":[{"embeddable":true,"href":"https:\/\/www.eldigitaldeasturias.com\/noticias\/wp-json\/wp\/v2\/users\/1"}],"replies":[{"embeddable":true,"href":"https:\/\/www.eldigitaldeasturias.com\/noticias\/wp-json\/wp\/v2\/comments?post=960164"}],"version-history":[{"count":0,"href":"https:\/\/www.eldigitaldeasturias.com\/noticias\/wp-json\/wp\/v2\/posts\/960164\/revisions"}],"wp:attachment":[{"href":"https:\/\/www.eldigitaldeasturias.com\/noticias\/wp-json\/wp\/v2\/media?parent=960164"}],"wp:term":[{"taxonomy":"category","embeddable":true,"href":"https:\/\/www.eldigitaldeasturias.com\/noticias\/wp-json\/wp\/v2\/categories?post=960164"},{"taxonomy":"post_tag","embeddable":true,"href":"https:\/\/www.eldigitaldeasturias.com\/noticias\/wp-json\/wp\/v2\/tags?post=960164"}],"curies":[{"name":"wp","href":"https:\/\/api.w.org\/{rel}","templated":true}]}}